{"id":162428,"date":"2020-06-15T14:31:25","date_gmt":"2020-06-15T14:31:25","guid":{"rendered":"https:\/\/www.one.org\/fr\/comment-eviter-que-la-pandemie-de-covid-19-ne-se-transforme-en-une-epidemie-de-famine\/"},"modified":"2023-09-11T22:11:51","modified_gmt":"2023-09-11T22:11:51","slug":"famine-pendant-covid19","status":"publish","type":"post","link":"https:\/\/www.one.org\/fr\/actualites\/famine-pendant-covid19\/","title":{"rendered":"Comment \u00e9viter que la pand\u00e9mie de COVID-19 ne se transforme en une \u00e9pid\u00e9mie de famine"},"content":{"rendered":"<p>Avant m&ecirc;me la crise de COVID-19, pour 135 millions de personnes, la faim &eacute;tait telle qu&rsquo;elle mena&ccedil;ait leur vie et leurs moyens de subsistance. Avec le COVID-19, ce nombre pourrait doubler d&rsquo;ici la fin de l&rsquo;ann&eacute;e 2020.<\/p>\n<p>Les pand&eacute;mies et les crises alimentaires vont de pair. La crise du COVID-19 n&rsquo;est pas diff&eacute;rente. L&rsquo;impact &eacute;conomique de la pand&eacute;mie se traduit par une augmentation de la pauvret&eacute;, car les sources de revenus de millions de personnes diminuent en raison des pertes d&rsquo;emploi. Les transferts d&rsquo;argent vers les pays &agrave; revenu faible et interm&eacute;diaire devraient baisser de 20 % en 2020, ce qui repr&eacute;sente plus du double de l&rsquo;aide internationale allou&eacute;e &agrave; l&rsquo;Afrique.<\/p>\n<p>La combinaison de ces facteurs pourrait provoquer le basculement de 419 millions de personnes suppl&eacute;mentaires dans la pauvret&eacute;, vivant sous le seuil de 1,90 dollar par jour. Il suffit d&rsquo;un simple calcul pour conclure que le prix des denr&eacute;es alimentaires augmentera consid&eacute;rablement pour les familles les plus pauvres.<\/p>\n<p>Paradoxalement, ce ne sont pas les stocks de denr&eacute;es alimentaires qui manquent : en Europe et aux Etats-Unis, des stocks de lait et d&rsquo;&oelig;ufs ont &eacute;t&eacute; gaspill&eacute;s au fur et &agrave; mesure que les restaurants se sont vid&eacute;s.<\/p>\n<p>Cependant, c&rsquo;est l&rsquo;acc&egrave;s &agrave; ces stocks qui peut poser probl&egrave;me. La plupart des personnes se procurent de la nourriture sur les march&eacute;s locaux, mais les agriculteurs &eacute;prouvent de plus en plus de difficult&eacute;s &agrave; cultiver et &agrave; vendre leurs r&eacute;coltes en raison des mesures de distanciation sociale et du confinement. &Agrave; l&rsquo;&eacute;chelle mondiale, des mesures protectionnistes malavis&eacute;es font augmenter le prix des denr&eacute;es alimentaires, ce qui est aggrav&eacute; par la volatilit&eacute; des taux de change pour de nombreux pays africains. En cons&eacute;quence, les importations de denr&eacute;es alimentaires pourraient chuter d&rsquo;un quart en Afrique subsaharienne cette ann&eacute;e.<\/p>\n<p>Pour les populations les plus vuln&eacute;rables, la diminution de l&rsquo;acc&egrave;s &agrave; la nourriture aura des cons&eacute;quences d&eacute;vastatrices. En Afrique subsaharienne, 1 personne sur 5 est sous-aliment&eacute;e. En &Eacute;thiopie et au Nig&eacute;ria, pr&egrave;s de 60 % des d&eacute;penses de consommation sont consacr&eacute;es &agrave; l&rsquo;alimentation. Plus de 85 % des S&eacute;n&eacute;galais ont d&eacute;j&agrave; d&eacute;clar&eacute; une perte de revenus et plus d&rsquo;un tiers sont contraints de manger moins que d&rsquo;habitude.<\/p>\n<h3><strong>Comment &eacute;viter une &eacute;pid&eacute;mie de famine<\/strong><\/h3>\n<p>Il n&rsquo;est pas trop tard pour agir. Si les gouvernements et les entreprises prennent les mesures suivantes d&egrave;s maintenant, ils sont encore en mesure d&rsquo;emp&ecirc;cher la pand&eacute;mie de COVID-19 de se transformer en &eacute;pid&eacute;mie de famine :<\/p>\n<ul>\n<li style=\"list-style-type: none\">\n<ul>\n<li>&Eacute;tendre et am&eacute;liorer les programmes d&rsquo;assistance alimentaire et de protection sociale pour prot&eacute;ger les populations plus vuln&eacute;rables.<\/li>\n<li>R&eacute;duire le co&ucirc;t des transferts de fonds internationaux.<\/li>\n<li>Adopter un moratoire sur les dettes priv&eacute;es, bilat&eacute;rales et multilat&eacute;rales pour 2020 et 2021.<\/li>\n<li>Cr&eacute;er des &laquo; couloirs c&eacute;r&eacute;aliers &raquo; pour permettre la libre circulation des approvisionnements alimentaires.<\/li>\n<li>Veiller &agrave; ce que les gouvernements s&rsquo;efforcent activement de cr&eacute;er des r&eacute;serves alimentaires suffisantes.<\/li>\n<li>R&eacute;sister aux mesures protectionnistes extr&ecirc;mes d&rsquo;exportation et d&rsquo;importation des denr&eacute;es alimentaires.<\/li>\n<li>Financer int&eacute;gralement le Plan mondial de r&eacute;ponse humanitaire de l&rsquo;ONU (6,7 milliards de dollars), con&ccedil;u pour aider les 64 pays les plus vuln&eacute;rables du monde &agrave; lutter contre le COVID-19.<\/li>\n<li>Surveiller les prix des denr&eacute;es alimentaires et les stabiliser si besoin.<\/li>\n<\/ul>\n<\/li>\n<\/ul>\n<div class=\"buffer\"><\/div>","protected":false},"excerpt":{"rendered":"<p>Avant m&ecirc;me la crise de COVID-19, pour 135 millions de personnes, la faim &eacute;tait telle qu&rsquo;elle mena&ccedil;ait leur vie et leurs moyens de subsistance. Avec le COVID-19, ce nombre pourrait doubler d&rsquo;ici la fin de l&rsquo;ann&eacute;e 2020. Les pand&eacute;mies et les crises alimentaires vont de pair. La crise du COVID-19 n&rsquo;est pas diff&eacute;rente. L&rsquo;impact &eacute;conomique [&hellip;]<\/p>\n","protected":false},"author":24,"featured_media":163217,"comment_status":"open","ping_status":"open","sticky":false,"template":"","format":"standard","meta":{"_acf_changed":false,"_relevanssi_hide_post":"","_relevanssi_hide_content":"","_relevanssi_pin_for_all":"","_relevanssi_pin_keywords":"","_relevanssi_unpin_keywords":"","_relevanssi_related_keywords":"","_relevanssi_related_include_ids":"","_relevanssi_related_exclude_ids":"","_relevanssi_related_no_append":"","_relevanssi_related_not_related":"","_relevanssi_related_posts":"","_relevanssi_noindex_reason":"","footnotes":""},"categories":[34],"tags":[],"topic":[42,58],"contributor":[43],"one_content_audience":[],"one_content_type":[],"one_content_tone":[],"class_list":["post-162428","post","type-post","status-publish","format-standard","has-post-thumbnail","hentry","category-one","topic-covid-19","topic-nutrition","contributor-dana-khalil"],"acf":[],"yoast_head":"<!-- This site is optimized with the Yoast SEO Premium plugin v27.1 (Yoast SEO v27.1.1) - https:\/\/yoast.com\/product\/yoast-seo-premium-wordpress\/ -->\n<title>Comment \u00e9viter que la pand\u00e9mie de COVID-19 ne se transforme en une \u00e9pid\u00e9mie de famine - ONE.org France<\/title>\n<meta name=\"description\" content=\"La pand\u00e9mie de COVID-19 pourrait doubler le nombre de personnes souffrant de faim aigu\u00eb d\u2019ici fin 2020. D\u00e9couvrez comment nous pouvons \u00e9viter cela.\" \/>\n<meta name=\"robots\" content=\"index, follow, max-snippet:-1, max-image-preview:large, max-video-preview:-1\" \/>\n<link rel=\"canonical\" href=\"https:\/\/www.one.org\/fr\/actualites\/famine-pendant-covid19\/\" \/>\n<meta property=\"og:locale\" content=\"fr_FR\" \/>\n<meta property=\"og:type\" content=\"article\" \/>\n<meta property=\"og:title\" content=\"Comment \u00e9viter que la pand\u00e9mie de COVID-19 ne se transforme en une \u00e9pid\u00e9mie de famine\" \/>\n<meta property=\"og:description\" content=\"La pand\u00e9mie de COVID-19 pourrait doubler le nombre de personnes souffrant de faim aigu\u00eb d\u2019ici fin 2020. D\u00e9couvrez comment nous pouvons \u00e9viter cela.\" \/>\n<meta property=\"og:url\" content=\"https:\/\/www.one.org\/fr\/actualites\/famine-pendant-covid19\/\" \/>\n<meta property=\"og:site_name\" content=\"ONE.org France\" \/>\n<meta property=\"article:publisher\" content=\"https:\/\/www.facebook.com\/ONE.Fr\" \/>\n<meta property=\"article:published_time\" content=\"2020-06-15T14:31:25+00:00\" \/>\n<meta property=\"article:modified_time\" content=\"2023-09-11T22:11:51+00:00\" \/>\n<meta property=\"og:image\" content=\"https:\/\/cdn.one.org\/fr\/wp-content\/uploads\/2020\/06\/15141034\/OWhunger_2020_social_1100x628_fr.png\" \/>\n<meta name=\"author\" content=\"Dana Khalil\" \/>\n<meta name=\"twitter:card\" content=\"summary_large_image\" \/>\n<meta name=\"twitter:title\" content=\"Comment \u00e9viter que la pand\u00e9mie de COVID-19 ne se transforme en une \u00e9pid\u00e9mie de famine\" \/>\n<meta name=\"twitter:creator\" content=\"@one_fr\" \/>\n<meta name=\"twitter:site\" content=\"@one_fr\" \/>\n<meta name=\"twitter:label1\" content=\"Written by\" \/>\n\t<meta name=\"twitter:data1\" content=\"Dana Khalil\" \/>\n\t<meta name=\"twitter:label2\" content=\"Est. reading time\" \/>\n\t<meta name=\"twitter:data2\" content=\"4 minutes\" \/>\n<script type=\"application\/ld+json\" class=\"yoast-schema-graph\">{\"@context\":\"https:\/\/schema.org\",\"@graph\":[{\"@type\":\"Article\",\"@id\":\"https:\/\/www.one.org\/fr\/actualites\/famine-pendant-covid19\/#article\",\"isPartOf\":{\"@id\":\"https:\/\/www.one.org\/fr\/actualites\/famine-pendant-covid19\/\"},\"author\":{\"name\":\"Dana Khalil\",\"@id\":\"https:\/\/www.one.org\/fr\/#\/schema\/person\/cf1f30f9800f0592ec3d61940be82003\"},\"headline\":\"Comment \u00e9viter que la pand\u00e9mie de COVID-19 ne se transforme en une \u00e9pid\u00e9mie de famine\",\"datePublished\":\"2020-06-15T14:31:25+00:00\",\"dateModified\":\"2023-09-11T22:11:51+00:00\",\"mainEntityOfPage\":{\"@id\":\"https:\/\/www.one.org\/fr\/actualites\/famine-pendant-covid19\/\"},\"wordCount\":718,\"commentCount\":0,\"image\":{\"@id\":\"https:\/\/www.one.org\/fr\/actualites\/famine-pendant-covid19\/#primaryimage\"},\"thumbnailUrl\":\"https:\/\/www.one.org\/fr\/wp-content\/uploads\/sites\/4\/2020\/06\/OWhunger_2020_featured_1200x1200.png\",\"articleSection\":[\"ONE\"],\"inLanguage\":\"fr-FR\",\"potentialAction\":[{\"@type\":\"CommentAction\",\"name\":\"Comment\",\"target\":[\"https:\/\/www.one.org\/fr\/actualites\/famine-pendant-covid19\/#respond\"]}]},{\"@type\":\"WebPage\",\"@id\":\"https:\/\/www.one.org\/fr\/actualites\/famine-pendant-covid19\/\",\"url\":\"https:\/\/www.one.org\/fr\/actualites\/famine-pendant-covid19\/\",\"name\":\"Comment \u00e9viter que la pand\u00e9mie de COVID-19 ne se transforme en une \u00e9pid\u00e9mie de famine - ONE.org France\",\"isPartOf\":{\"@id\":\"https:\/\/www.one.org\/fr\/#website\"},\"primaryImageOfPage\":{\"@id\":\"https:\/\/www.one.org\/fr\/actualites\/famine-pendant-covid19\/#primaryimage\"},\"image\":{\"@id\":\"https:\/\/www.one.org\/fr\/actualites\/famine-pendant-covid19\/#primaryimage\"},\"thumbnailUrl\":\"https:\/\/www.one.org\/fr\/wp-content\/uploads\/sites\/4\/2020\/06\/OWhunger_2020_featured_1200x1200.png\",\"datePublished\":\"2020-06-15T14:31:25+00:00\",\"dateModified\":\"2023-09-11T22:11:51+00:00\",\"author\":{\"@id\":\"https:\/\/www.one.org\/fr\/#\/schema\/person\/cf1f30f9800f0592ec3d61940be82003\"},\"description\":\"La pand\u00e9mie de COVID-19 pourrait doubler le nombre de personnes souffrant de faim aigu\u00eb d\u2019ici fin 2020. D\u00e9couvrez comment nous pouvons \u00e9viter cela.\",\"breadcrumb\":{\"@id\":\"https:\/\/www.one.org\/fr\/actualites\/famine-pendant-covid19\/#breadcrumb\"},\"inLanguage\":\"fr-FR\",\"potentialAction\":[{\"@type\":\"ReadAction\",\"target\":[\"https:\/\/www.one.org\/fr\/actualites\/famine-pendant-covid19\/\"]}]},{\"@type\":\"ImageObject\",\"inLanguage\":\"fr-FR\",\"@id\":\"https:\/\/www.one.org\/fr\/actualites\/famine-pendant-covid19\/#primaryimage\",\"url\":\"https:\/\/www.one.org\/fr\/wp-content\/uploads\/sites\/4\/2020\/06\/OWhunger_2020_featured_1200x1200.png\",\"contentUrl\":\"https:\/\/www.one.org\/fr\/wp-content\/uploads\/sites\/4\/2020\/06\/OWhunger_2020_featured_1200x1200.png\",\"width\":1200,\"height\":1200},{\"@type\":\"BreadcrumbList\",\"@id\":\"https:\/\/www.one.org\/fr\/actualites\/famine-pendant-covid19\/#breadcrumb\",\"itemListElement\":[{\"@type\":\"ListItem\",\"position\":1,\"name\":\"Home\",\"item\":\"https:\/\/www.one.org\/fr\/\"},{\"@type\":\"ListItem\",\"position\":2,\"name\":\"Comment \u00e9viter que la pand\u00e9mie de COVID-19 ne se transforme en une \u00e9pid\u00e9mie de famine\"}]},{\"@type\":\"WebSite\",\"@id\":\"https:\/\/www.one.org\/fr\/#website\",\"url\":\"https:\/\/www.one.org\/fr\/\",\"name\":\"ONE.org\",\"description\":\"Cr\u00e9er des opportunit\u00e9s \u00e9conomiques et am\u00e9liorer la sant\u00e9 en Afrique\",\"potentialAction\":[{\"@type\":\"SearchAction\",\"target\":{\"@type\":\"EntryPoint\",\"urlTemplate\":\"https:\/\/www.one.org\/fr\/?s={search_term_string}\"},\"query-input\":{\"@type\":\"PropertyValueSpecification\",\"valueRequired\":true,\"valueName\":\"search_term_string\"}}],\"inLanguage\":\"fr-FR\"},{\"@type\":\"Person\",\"@id\":\"https:\/\/www.one.org\/fr\/#\/schema\/person\/cf1f30f9800f0592ec3d61940be82003\",\"name\":\"Dana Khalil\",\"image\":{\"@type\":\"ImageObject\",\"inLanguage\":\"fr-FR\",\"@id\":\"https:\/\/www.one.org\/fr\/#\/schema\/person\/image\/\",\"url\":\"https:\/\/secure.gravatar.com\/avatar\/b0da536f00ccefadcc7aae4e64855977a5249adb1ac04162a69474e53a8d4c40?s=96&d=mm&r=g\",\"contentUrl\":\"https:\/\/secure.gravatar.com\/avatar\/b0da536f00ccefadcc7aae4e64855977a5249adb1ac04162a69474e53a8d4c40?s=96&d=mm&r=g\",\"caption\":\"Dana Khalil\"},\"url\":\"https:\/\/www.one.org\/fr\/actualites\/author\/danakhalil\/\"}]}<\/script>\n<!-- \/ Yoast SEO Premium plugin. -->","yoast_head_json":{"title":"Comment \u00e9viter que la pand\u00e9mie de COVID-19 ne se transforme en une \u00e9pid\u00e9mie de famine - ONE.org France","description":"La pand\u00e9mie de COVID-19 pourrait doubler le nombre de personnes souffrant de faim aigu\u00eb d\u2019ici fin 2020. D\u00e9couvrez comment nous pouvons \u00e9viter cela.","robots":{"index":"index","follow":"follow","max-snippet":"max-snippet:-1","max-image-preview":"max-image-preview:large","max-video-preview":"max-video-preview:-1"},"canonical":"https:\/\/www.one.org\/fr\/actualites\/famine-pendant-covid19\/","og_locale":"fr_FR","og_type":"article","og_title":"Comment \u00e9viter que la pand\u00e9mie de COVID-19 ne se transforme en une \u00e9pid\u00e9mie de famine","og_description":"La pand\u00e9mie de COVID-19 pourrait doubler le nombre de personnes souffrant de faim aigu\u00eb d\u2019ici fin 2020. D\u00e9couvrez comment nous pouvons \u00e9viter cela.","og_url":"https:\/\/www.one.org\/fr\/actualites\/famine-pendant-covid19\/","og_site_name":"ONE.org France","article_publisher":"https:\/\/www.facebook.com\/ONE.Fr","article_published_time":"2020-06-15T14:31:25+00:00","article_modified_time":"2023-09-11T22:11:51+00:00","og_image":[{"url":"https:\/\/cdn.one.org\/fr\/wp-content\/uploads\/2020\/06\/15141034\/OWhunger_2020_social_1100x628_fr.png","type":"","width":"","height":""}],"author":"Dana Khalil","twitter_card":"summary_large_image","twitter_title":"Comment \u00e9viter que la pand\u00e9mie de COVID-19 ne se transforme en une \u00e9pid\u00e9mie de famine","twitter_creator":"@one_fr","twitter_site":"@one_fr","twitter_misc":{"Written by":"Dana Khalil","Est. reading time":"4 minutes"},"schema":{"@context":"https:\/\/schema.org","@graph":[{"@type":"Article","@id":"https:\/\/www.one.org\/fr\/actualites\/famine-pendant-covid19\/#article","isPartOf":{"@id":"https:\/\/www.one.org\/fr\/actualites\/famine-pendant-covid19\/"},"author":{"name":"Dana Khalil","@id":"https:\/\/www.one.org\/fr\/#\/schema\/person\/cf1f30f9800f0592ec3d61940be82003"},"headline":"Comment \u00e9viter que la pand\u00e9mie de COVID-19 ne se transforme en une \u00e9pid\u00e9mie de famine","datePublished":"2020-06-15T14:31:25+00:00","dateModified":"2023-09-11T22:11:51+00:00","mainEntityOfPage":{"@id":"https:\/\/www.one.org\/fr\/actualites\/famine-pendant-covid19\/"},"wordCount":718,"commentCount":0,"image":{"@id":"https:\/\/www.one.org\/fr\/actualites\/famine-pendant-covid19\/#primaryimage"},"thumbnailUrl":"https:\/\/www.one.org\/fr\/wp-content\/uploads\/sites\/4\/2020\/06\/OWhunger_2020_featured_1200x1200.png","articleSection":["ONE"],"inLanguage":"fr-FR","potentialAction":[{"@type":"CommentAction","name":"Comment","target":["https:\/\/www.one.org\/fr\/actualites\/famine-pendant-covid19\/#respond"]}]},{"@type":"WebPage","@id":"https:\/\/www.one.org\/fr\/actualites\/famine-pendant-covid19\/","url":"https:\/\/www.one.org\/fr\/actualites\/famine-pendant-covid19\/","name":"Comment \u00e9viter que la pand\u00e9mie de COVID-19 ne se transforme en une \u00e9pid\u00e9mie de famine - ONE.org France","isPartOf":{"@id":"https:\/\/www.one.org\/fr\/#website"},"primaryImageOfPage":{"@id":"https:\/\/www.one.org\/fr\/actualites\/famine-pendant-covid19\/#primaryimage"},"image":{"@id":"https:\/\/www.one.org\/fr\/actualites\/famine-pendant-covid19\/#primaryimage"},"thumbnailUrl":"https:\/\/www.one.org\/fr\/wp-content\/uploads\/sites\/4\/2020\/06\/OWhunger_2020_featured_1200x1200.png","datePublished":"2020-06-15T14:31:25+00:00","dateModified":"2023-09-11T22:11:51+00:00","author":{"@id":"https:\/\/www.one.org\/fr\/#\/schema\/person\/cf1f30f9800f0592ec3d61940be82003"},"description":"La pand\u00e9mie de COVID-19 pourrait doubler le nombre de personnes souffrant de faim aigu\u00eb d\u2019ici fin 2020. D\u00e9couvrez comment nous pouvons \u00e9viter cela.","breadcrumb":{"@id":"https:\/\/www.one.org\/fr\/actualites\/famine-pendant-covid19\/#breadcrumb"},"inLanguage":"fr-FR","potentialAction":[{"@type":"ReadAction","target":["https:\/\/www.one.org\/fr\/actualites\/famine-pendant-covid19\/"]}]},{"@type":"ImageObject","inLanguage":"fr-FR","@id":"https:\/\/www.one.org\/fr\/actualites\/famine-pendant-covid19\/#primaryimage","url":"https:\/\/www.one.org\/fr\/wp-content\/uploads\/sites\/4\/2020\/06\/OWhunger_2020_featured_1200x1200.png","contentUrl":"https:\/\/www.one.org\/fr\/wp-content\/uploads\/sites\/4\/2020\/06\/OWhunger_2020_featured_1200x1200.png","width":1200,"height":1200},{"@type":"BreadcrumbList","@id":"https:\/\/www.one.org\/fr\/actualites\/famine-pendant-covid19\/#breadcrumb","itemListElement":[{"@type":"ListItem","position":1,"name":"Home","item":"https:\/\/www.one.org\/fr\/"},{"@type":"ListItem","position":2,"name":"Comment \u00e9viter que la pand\u00e9mie de COVID-19 ne se transforme en une \u00e9pid\u00e9mie de famine"}]},{"@type":"WebSite","@id":"https:\/\/www.one.org\/fr\/#website","url":"https:\/\/www.one.org\/fr\/","name":"ONE.org","description":"Cr\u00e9er des opportunit\u00e9s \u00e9conomiques et am\u00e9liorer la sant\u00e9 en Afrique","potentialAction":[{"@type":"SearchAction","target":{"@type":"EntryPoint","urlTemplate":"https:\/\/www.one.org\/fr\/?s={search_term_string}"},"query-input":{"@type":"PropertyValueSpecification","valueRequired":true,"valueName":"search_term_string"}}],"inLanguage":"fr-FR"},{"@type":"Person","@id":"https:\/\/www.one.org\/fr\/#\/schema\/person\/cf1f30f9800f0592ec3d61940be82003","name":"Dana Khalil","image":{"@type":"ImageObject","inLanguage":"fr-FR","@id":"https:\/\/www.one.org\/fr\/#\/schema\/person\/image\/","url":"https:\/\/secure.gravatar.com\/avatar\/b0da536f00ccefadcc7aae4e64855977a5249adb1ac04162a69474e53a8d4c40?s=96&d=mm&r=g","contentUrl":"https:\/\/secure.gravatar.com\/avatar\/b0da536f00ccefadcc7aae4e64855977a5249adb1ac04162a69474e53a8d4c40?s=96&d=mm&r=g","caption":"Dana Khalil"},"url":"https:\/\/www.one.org\/fr\/actualites\/author\/danakhalil\/"}]}},"distributor_meta":false,"distributor_terms":false,"distributor_media":false,"distributor_original_site_name":"ONE.org France","distributor_original_site_url":"https:\/\/www.one.org\/fr","push-errors":false,"_links":{"self":[{"href":"https:\/\/www.one.org\/fr\/wp-json\/wp\/v2\/posts\/162428","targetHints":{"allow":["GET"]}}],"collection":[{"href":"https:\/\/www.one.org\/fr\/wp-json\/wp\/v2\/posts"}],"about":[{"href":"https:\/\/www.one.org\/fr\/wp-json\/wp\/v2\/types\/post"}],"author":[{"embeddable":true,"href":"https:\/\/www.one.org\/fr\/wp-json\/wp\/v2\/users\/24"}],"replies":[{"embeddable":true,"href":"https:\/\/www.one.org\/fr\/wp-json\/wp\/v2\/comments?post=162428"}],"version-history":[{"count":0,"href":"https:\/\/www.one.org\/fr\/wp-json\/wp\/v2\/posts\/162428\/revisions"}],"wp:featuredmedia":[{"embeddable":true,"href":"https:\/\/www.one.org\/fr\/wp-json\/wp\/v2\/media\/163217"}],"wp:attachment":[{"href":"https:\/\/www.one.org\/fr\/wp-json\/wp\/v2\/media?parent=162428"}],"wp:term":[{"taxonomy":"category","embeddable":true,"href":"https:\/\/www.one.org\/fr\/wp-json\/wp\/v2\/categories?post=162428"},{"taxonomy":"post_tag","embeddable":true,"href":"https:\/\/www.one.org\/fr\/wp-json\/wp\/v2\/tags?post=162428"},{"taxonomy":"topic","embeddable":true,"href":"https:\/\/www.one.org\/fr\/wp-json\/wp\/v2\/topic?post=162428"},{"taxonomy":"contributor","embeddable":true,"href":"https:\/\/www.one.org\/fr\/wp-json\/wp\/v2\/contributor?post=162428"},{"taxonomy":"one_content_audience","embeddable":true,"href":"https:\/\/www.one.org\/fr\/wp-json\/wp\/v2\/one_content_audience?post=162428"},{"taxonomy":"one_content_type","embeddable":true,"href":"https:\/\/www.one.org\/fr\/wp-json\/wp\/v2\/one_content_type?post=162428"},{"taxonomy":"one_content_tone","embeddable":true,"href":"https:\/\/www.one.org\/fr\/wp-json\/wp\/v2\/one_content_tone?post=162428"}],"curies":[{"name":"wp","href":"https:\/\/api.w.org\/{rel}","templated":true}]}}