{"id":162422,"date":"2020-05-29T10:28:56","date_gmt":"2020-05-29T10:28:56","guid":{"rendered":"https:\/\/www.one.org\/fr\/tribune-les-acteur%c2%b7ice%c2%b7s-de-la-sante-demandent-a-la-france-dinvestir-dans-la-vaccination-des-enfants\/"},"modified":"2023-09-11T22:12:33","modified_gmt":"2023-09-11T22:12:33","slug":"tribune-acteurs-sante-vaccination-enfants","status":"publish","type":"post","link":"https:\/\/www.one.org\/fr\/actualites\/tribune-acteurs-sante-vaccination-enfants\/","title":{"rendered":"Tribune &#8211; Les acteur\u00b7ice\u00b7s de la sant\u00e9 demandent \u00e0 la France d\u2019investir dans la vaccination des enfants"},"content":{"rendered":"<p>Dans de nombreux pays, le &laquo;&nbsp;monde d&rsquo;apr&egrave;s&nbsp;&raquo; la crise du Covid-19 se dessine, se d&eacute;bat, se conteste. Alors que cette pand&eacute;mie a remis en cause de nombreuses convictions, et &eacute;branl&eacute; la croyance de nombreux pays &ndash; y compris la France &ndash; en leur capacit&eacute; &agrave; absorber les chocs, il est une certitude qui doit &ecirc;tre r&eacute;affirm&eacute;e : la vaccination est l&rsquo;un des moyens les plus efficaces pour pr&eacute;venir les maladies infectieuses.<\/p>\n<p>Il aura fallu cette crise pour rappeler l&rsquo;importance de renforcer les syst&egrave;mes de sant&eacute; et le besoin d&rsquo;une coop&eacute;ration mondiale en mati&egrave;re de recherche et d&eacute;veloppement. Malgr&eacute; cette prise de conscience, il reste un danger plus insidieux, celui d&rsquo;ignorer qu&rsquo;il existe d&rsquo;autres maladies tout aussi dangereuses, voire mortelles, telles que la rougeole, la dipht&eacute;rie ou la poliomy&eacute;lite, qui requi&egrave;rent &eacute;galement toute notre attention.<\/p>\n<p>Nous, acteur&middot;ice&middot;s et expert&middot;e&middot;s de la sant&eacute; infantile, issu&middot;e&middot;s du monde associatif, de la communaut&eacute; scientifique, p&eacute;diatrique ou encore des communaut&eacute;s touch&eacute;es, nous alarmons face au danger que la crise actuelle fait peser sur l&rsquo;acc&egrave;s aux services de vaccination vitaux, exposant ainsi les enfants &agrave; ces maladies &eacute;vitables. Nous observons d&rsquo;importants retards voire une suspension des services de vaccination, notamment &agrave; cause des mesures sanitaires et de confinement mises en place par les pays, &agrave; cause de difficult&eacute;s d&rsquo;approvisionnement en vaccins, ou encore parce que les ressources financi&egrave;res et humaines sont souvent enti&egrave;rement mobilis&eacute;es dans la lutte contre le Covid-19.<\/p>\n<p>Aujourd&rsquo;hui ce sont 117 millions d&rsquo;enfants qui risquent de ne pas &ecirc;tre vaccin&eacute;s contre la rougeole du fait de l&rsquo;arr&ecirc;t des vaccinations de routine. Dix millions d&rsquo;enfants &acirc;g&eacute;s de moins de cinq ans risquent de ne pas &ecirc;tre vaccin&eacute;s contre la polio. Au rythme actuel, plusieurs pays feront donc face &agrave; une double peine avec le risque que d&rsquo;autres flamb&eacute;es &eacute;pid&eacute;miques fassent suite &agrave; celle du Covid-19. Les retards observ&eacute;s aujourd&rsquo;hui seront impossibles &agrave; rattraper demain sans assurer la continuit&eacute; des services de sant&eacute; vitaux &ndash; autant de retards qui impacteront les enfants et nos g&eacute;n&eacute;rations futures.<\/p>\n<p>Aujourd&rsquo;hui, il est donc crucial d&rsquo;assurer le maintien des programmes de vaccination en cours mais &eacute;galement de mieux construire le monde de demain, et celui d&rsquo;apr&egrave;s-demain.<\/p>\n<p>Le futur vaccin contre le Covid-19 fait partie int&eacute;grante de la solution &agrave; cette crise sanitaire. Jamais encore nous n&rsquo;avions &eacute;t&eacute; t&eacute;moins d&rsquo;une telle mobilisation politique doubl&eacute;e d&rsquo;une telle &eacute;mulation scientifique au service d&rsquo;une d&eacute;couverte collective. Mais pour faire face de mani&egrave;re efficace &agrave; cette pand&eacute;mie, le futur vaccin devra &ecirc;tre accessible &agrave; tou&middot;te&middot;s notamment pour les populations les plus vuln&eacute;rables et les pays les plus pauvres. Il devra donc &ecirc;tre d&eacute;ploy&eacute; partout de mani&egrave;re &eacute;quitable et jusque dans les centres de sant&eacute; les plus recul&eacute;s pour b&eacute;n&eacute;ficier &agrave; toutes les populations. Le Pr&eacute;sident Emmanuel Macron a d&rsquo;ailleurs rappel&eacute;, lors de la 73e Assembl&eacute;e mondiale de la sant&eacute;, sa volont&eacute; de voir le futur vaccin contre la Covid-19 devenir un &laquo; bien public mondial &raquo;.<\/p>\n<p>Gavi, l&rsquo;Alliance du Vaccin, joue un r&ocirc;le crucial aujourd&rsquo;hui pour lutter contre la r&eacute;surgence d&rsquo;autres maladies infectieuses et sera central pour favoriser une distribution &eacute;quitable du futur vaccin dans les pays les plus pauvres et son d&eacute;ploiement aupr&egrave;s des populations les plus vuln&eacute;rables. Elle joue &eacute;galement un r&ocirc;le fondamental pour renforcer les syst&egrave;mes de sant&eacute; afin qu&rsquo;ils puissent absorber des chocs de l&rsquo;ampleur de la crise actuelle tout en assurant le maintien des services de sant&eacute; essentiels dont la vaccination de routine.<\/p>\n<p>Le 4 juin prochain, Gavi tient sa conf&eacute;rence de financement afin de mobiliser 7,4 milliards de dollars pour assurer son travail vital jusqu&rsquo;en 2025. Pourtant, &agrave; cinq jours de cette &eacute;ch&eacute;ance, la France n&rsquo;a toujours pas annonc&eacute; sa contribution &agrave; l&rsquo;Alliance pour participer &agrave; sauver 7 millions de vies dans les cinq prochaines ann&eacute;es.<\/p>\n<p>En tant que leader historique dans le domaine de la sant&eacute; mondiale, la France se doit d&rsquo;&ecirc;tre au rendez-vous et de montrer l&rsquo;exemple. Nous, communaut&eacute; de la sant&eacute; infantile, bas&eacute;s dans 20 pays du Nord et du Sud, appelons la France et le Pr&eacute;sident Emmanuel Macron &agrave; s&rsquo;engager le plus t&ocirc;t possible &agrave; consacrer au moins 250 millions d&rsquo;euros pour Gavi. Certains probl&egrave;mes sont d&eacute;j&agrave; dot&eacute;s de solutions, &agrave; condition de s&rsquo;en donner les moyens. Dans le monde d&rsquo;apr&egrave;s, nous ne pouvons plus permettre que des enfants n&rsquo;aient pas le m&ecirc;me acc&egrave;s au vaccin en fonction du pays o&ugrave; ils sont n&eacute;s, nous ne pouvons plus permettre des morts &eacute;vitables.<\/p>\n<h3 style=\"text-align: center\"><strong>Liste des signataires de la tribune<\/strong><\/h3>\n<p><strong>M&eacute;decins, p&eacute;diatres, chercheurs<\/strong><\/p>\n<ul>\n<li>Dr et pr&eacute;sident No&euml;l Tordo, au nom de la<strong> Soci&eacute;t&eacute; Fran&ccedil;aise de Virologie<\/strong>, r&eacute;seau de plus de 1000 virologistes des laboratoires fran&ccedil;ais, France<\/li>\n<li>Dr Acina Emma, P&eacute;diatre,<strong> Association Solidarit&eacute; F&eacute;minine de Djibouti,<\/strong> Djibouti<\/li>\n<li>Dr Ephrem MENSAH,<strong> Espoir Vie-Togo, <\/strong>Togo<\/li>\n<li>Dr Errol Alden, Pr&eacute;sident, <strong>International Pediatric Association<\/strong>, Etats-Unis<\/li>\n<li>Dr Naveen Thacker, Directeur ex&eacute;cutif, <strong>International Pediatric Association<\/strong>, Etats-Unis<\/li>\n<li>Dr Uzodinma Adirieje, CEO\/National Coordinator, <strong>Afrihealth Optonet Association<\/strong>, Nig&eacute;ria<\/li>\n<\/ul>\n<p><strong>Associations<\/strong><\/p>\n<ul>\n<li>Shahzado Malik, Directeur ex&eacute;cutif,<strong> Advocacy,<\/strong> <strong>Research, Training and Services Foundation<\/strong>, Pakistan<\/li>\n<li>Katie Husselby, Coordinatrice, <strong>Action for Global Health Network UK, <\/strong>Royaume-Uni<\/li>\n<li>Patrick Bertrand, Directeur ex&eacute;cutif, <strong>Action Sant&eacute; Mondiale, <\/strong>France<\/li>\n<li>Najat Vallaud-Belkacem, Directrice ex&eacute;cutive, <strong>ONE France, <\/strong>France<\/li>\n<li>Friederike R&ouml;der, Directrice Europe de <strong>Global Citizen<\/strong>, France<\/li>\n<li>S&eacute;bastien Lyon, Directeur g&eacute;n&eacute;ral, <strong>UNICEF France<\/strong>, France<strong>&nbsp;<\/strong><\/li>\n<li>Sylvie Chantereau, Directrice g&eacute;n&eacute;rale, <strong>Amis du Fonds mondial Europe, <\/strong>France<\/li>\n<li>Catherine Dimitroulias, Pr&eacute;sidente, <strong>Association des Femmes de l&rsquo;Europe M&eacute;ridionale<\/strong>, France<strong>&nbsp;<\/strong><\/li>\n<li>Alain Wilfrid PANDI, Vice-pr&eacute;sident, <strong>Association Serment Universel, <\/strong>R&eacute;publique du Congo<\/li>\n<li>Naseer Ahmed Channa, Directeur ex&eacute;cutif, <strong>Bright Star Development Society Balochistan<\/strong><strong>, <\/strong>Pakistan<\/li>\n<li>TOURE Penda Diagola, Directrice ex&eacute;cutive, <strong>Centre Solidarit&eacute; Action Sociale, <\/strong>C&ocirc;te d&rsquo;Ivoire<\/li>\n<li>Charles Herman Ashie, Pr&eacute;sident directeur g&eacute;n&eacute;ral, <strong>Christ Soldiers Foundation, <\/strong>Ghana<\/li>\n<li>Huma Khawar, Coordinateur OSC, <strong>Civil Society Human and Institutional Development Programme, <\/strong>Pakistan<\/li>\n<li>Robin Montgomery, Directrice g&eacute;n&eacute;rale,<strong> Coalition interagence sida et d&eacute;veloppement<\/strong>, Canada<\/li>\n<li>Lisa M. Hilmi, Directrice ex&eacute;cutive, <strong>CORE GROUP, <\/strong>Etats-Unis<\/li>\n<li>Daouda Diouf, Directeur ex&eacute;cutif, <strong>Enda Sant&eacute;,<\/strong> S&eacute;n&eacute;gal<\/li>\n<li>Solange Kone, Coordinatrice,<strong> FENOSCI, <\/strong>C&ocirc;te d&rsquo;Ivoire<\/li>\n<li>Abega Akongo Urbain, Coordinateur Ex&eacute;cutif, <strong>FESADE, <\/strong>Cameroun<\/li>\n<li>Mohammad Bailor Jalloh, Pr&eacute;sident Directeur g&eacute;n&eacute;ral et pr&eacute;sident de la plateforme OSC, <strong>FOCUS 1000, <\/strong>Sierra Leone<\/li>\n<li>Francesca Belli, Directrice, <strong>Focus Equality, <\/strong>Italie<\/li>\n<li>Allan Ragi, Directeur ex&eacute;cutif, <strong>KANCO, <\/strong>Kenya<\/li>\n<li>Bertrand Kampoer, Pr&eacute;sident du Conseil d&rsquo;Administration, <strong>Organisation d&rsquo;Afrique francophone pour le renforcement des syst&egrave;mes de sant&eacute; et de la vaccination, <\/strong>S&eacute;n&eacute;gal<\/li>\n<li>Lazare Komandegal, Pr&eacute;sident du Conseil d&rsquo;Administration, <strong>Plateforme des organisations de la soci&eacute;t&eacute; civile pour la vaccination et l&rsquo;immunisation au Tchad, <\/strong>Tchad<\/li>\n<li>Kola Manzama-Esso, Coordinateur du Secr&eacute;tariat Technique, <strong>Plateforme des organisations de la soci&eacute;t&eacute; civile pour la vaccination et l&rsquo;immunisation au Togo, <\/strong>Togo<\/li>\n<li>Louis Da Gama, Directeur, <strong>Princess of Africa Foundation<\/strong>, Afrique du Sud<\/li>\n<li>Christina Dendys, Directrice ex&eacute;cutive, <strong>RESULTS Canada, <\/strong>Canada<\/li>\n<li>Aaron Oxley, Directeur ex&eacute;cutif,<strong> RESULTS UK, <\/strong>Royaume-Uni<\/li>\n<li>Harry Rogers, Responsable de plaidoyer parlementaire, Sant&eacute; infantile, <strong>RESULTS UK, <\/strong>Royaume-Uni<\/li>\n<li>Neil Raw, Responsable de plaidoyer politique, Sant&eacute; infantile, <strong>RESULTS UK, <\/strong>Royaume-Uni<\/li>\n<li>Kirsten Mathieson, Chef politique et plaidoyer, Sant&eacute; et nutrition,<strong> Save the Children, <\/strong>Royaume-Uni<\/li>\n<li>Florence Thune, Directrice g&eacute;n&eacute;rale, <strong>Sidaction, <\/strong>France<\/li>\n<li>Hauwa Abbas, Agent en chef surveillance, <strong>Silver Lining for the needy initiative, <\/strong>Nig&eacute;ria<\/li>\n<li>Anna Wszelaczy&#324;ska, Pr&eacute;sident, <strong>Soroptimist International d&rsquo;Europe, <\/strong>Gen&egrave;ve<\/li>\n<li>B&eacute;atrice Masson, Directrice de programmes, <strong>Soroptimist International Union fran&ccedil;aise, <\/strong>France<\/li>\n<li>Fara Ndiaye, Directeur ex&eacute;cutif adjoint, <strong>Speak Up Africa, <\/strong>S&eacute;n&eacute;gal<strong>&nbsp;<\/strong><\/li>\n<li>Olivier Defawe, Directeur, Syst&egrave;mes de sant&eacute;,<strong> VillageReach, <\/strong>Etats-Unis<\/li>\n<li>Hameedullah Kakar, Directeur ex&eacute;cutif, <strong>Youth Organization<\/strong>, Pakistan<\/li>\n<\/ul>\n<div class=\"buffer\"><\/div>","protected":false},"excerpt":{"rendered":"<p>Dans de nombreux pays, le &laquo;&nbsp;monde d&rsquo;apr&egrave;s&nbsp;&raquo; la crise du Covid-19 se dessine, se d&eacute;bat, se conteste. Alors que cette pand&eacute;mie a remis en cause de nombreuses convictions, et &eacute;branl&eacute; la croyance de nombreux pays &ndash; y compris la France &ndash; en leur capacit&eacute; &agrave; absorber les chocs, il est une certitude qui doit &ecirc;tre [&hellip;]<\/p>\n","protected":false},"author":24,"featured_media":163227,"comment_status":"open","ping_status":"open","sticky":false,"template":"","format":"standard","meta":{"_acf_changed":false,"_relevanssi_hide_post":"","_relevanssi_hide_content":"","_relevanssi_pin_for_all":"","_relevanssi_pin_keywords":"","_relevanssi_unpin_keywords":"","_relevanssi_related_keywords":"","_relevanssi_related_include_ids":"","_relevanssi_related_exclude_ids":"","_relevanssi_related_no_append":"","_relevanssi_related_not_related":"","_relevanssi_related_posts":"","_relevanssi_noindex_reason":"","footnotes":""},"categories":[34],"tags":[],"topic":[38],"contributor":[55],"one_content_audience":[],"one_content_type":[],"one_content_tone":[],"class_list":["post-162422","post","type-post","status-publish","format-standard","has-post-thumbnail","hentry","category-one","topic-sante","contributor-acteurs-et-actrices-de-la-sante"],"acf":[],"yoast_head":"<!-- This site is optimized with the Yoast SEO Premium plugin v27.1 (Yoast SEO v27.1.1) - https:\/\/yoast.com\/product\/yoast-seo-premium-wordpress\/ -->\n<title>Tribune - Les acteur\u00b7ice\u00b7s de la sant\u00e9 demandent \u00e0 la France d\u2019investir dans la vaccination des enfants - ONE.org France<\/title>\n<meta name=\"description\" content=\"Lisez notre tribune, co-sign\u00e9e par plus de 40 acteurs et actrices de la sant\u00e9, appelant la France \u00e0 investir dans la vaccination des enfants.\" \/>\n<meta name=\"robots\" content=\"index, follow, max-snippet:-1, max-image-preview:large, max-video-preview:-1\" \/>\n<link rel=\"canonical\" href=\"https:\/\/www.one.org\/fr\/actualites\/tribune-acteurs-sante-vaccination-enfants\/\" \/>\n<meta property=\"og:locale\" content=\"fr_FR\" \/>\n<meta property=\"og:type\" content=\"article\" \/>\n<meta property=\"og:title\" content=\"Tribune - Les acteur\u00b7ice\u00b7s de la sant\u00e9 demandent \u00e0 la France d\u2019investir dans la vaccination des enfants\" \/>\n<meta property=\"og:description\" content=\"Lisez notre tribune, co-sign\u00e9e par plus de 40 acteurs et actrices de la sant\u00e9, appelant la France \u00e0 investir dans la vaccination des enfants.\" \/>\n<meta property=\"og:url\" content=\"https:\/\/www.one.org\/fr\/actualites\/tribune-acteurs-sante-vaccination-enfants\/\" \/>\n<meta property=\"og:site_name\" content=\"ONE.org France\" \/>\n<meta property=\"article:publisher\" content=\"https:\/\/www.facebook.com\/ONE.Fr\" \/>\n<meta property=\"article:published_time\" content=\"2020-05-29T10:28:56+00:00\" \/>\n<meta property=\"article:modified_time\" content=\"2023-09-11T22:12:33+00:00\" \/>\n<meta property=\"og:image\" content=\"https:\/\/cdn.one.org\/fr\/wp-content\/uploads\/2020\/05\/29102001\/webimage-259D5B9C-873A-4C60-A09A28BAE13A6AB9.jpg\" \/>\n<meta name=\"author\" content=\"Dana Khalil\" \/>\n<meta name=\"twitter:card\" content=\"summary_large_image\" \/>\n<meta name=\"twitter:title\" content=\"Tribune - Les acteur\u00b7ice\u00b7s de la sant\u00e9 demandent \u00e0 la France d\u2019investir dans la vaccination des enfants\" \/>\n<meta name=\"twitter:creator\" content=\"@one_fr\" \/>\n<meta name=\"twitter:site\" content=\"@one_fr\" \/>\n<meta name=\"twitter:label1\" content=\"Written by\" \/>\n\t<meta name=\"twitter:data1\" content=\"Dana Khalil\" \/>\n\t<meta name=\"twitter:label2\" content=\"Est. reading time\" \/>\n\t<meta name=\"twitter:data2\" content=\"8 minutes\" \/>\n<script type=\"application\/ld+json\" class=\"yoast-schema-graph\">{\"@context\":\"https:\/\/schema.org\",\"@graph\":[{\"@type\":\"Article\",\"@id\":\"https:\/\/www.one.org\/fr\/actualites\/tribune-acteurs-sante-vaccination-enfants\/#article\",\"isPartOf\":{\"@id\":\"https:\/\/www.one.org\/fr\/actualites\/tribune-acteurs-sante-vaccination-enfants\/\"},\"author\":{\"name\":\"Dana Khalil\",\"@id\":\"https:\/\/www.one.org\/fr\/#\/schema\/person\/cf1f30f9800f0592ec3d61940be82003\"},\"headline\":\"Tribune &#8211; Les acteur\u00b7ice\u00b7s de la sant\u00e9 demandent \u00e0 la France d\u2019investir dans la vaccination des enfants\",\"datePublished\":\"2020-05-29T10:28:56+00:00\",\"dateModified\":\"2023-09-11T22:12:33+00:00\",\"mainEntityOfPage\":{\"@id\":\"https:\/\/www.one.org\/fr\/actualites\/tribune-acteurs-sante-vaccination-enfants\/\"},\"wordCount\":1626,\"commentCount\":0,\"image\":{\"@id\":\"https:\/\/www.one.org\/fr\/actualites\/tribune-acteurs-sante-vaccination-enfants\/#primaryimage\"},\"thumbnailUrl\":\"https:\/\/www.one.org\/fr\/wp-content\/uploads\/sites\/4\/2020\/05\/feature-259D5B9C-873A-4C60-A09A28BAE13A6AB9.jpg\",\"articleSection\":[\"ONE\"],\"inLanguage\":\"fr-FR\",\"potentialAction\":[{\"@type\":\"CommentAction\",\"name\":\"Comment\",\"target\":[\"https:\/\/www.one.org\/fr\/actualites\/tribune-acteurs-sante-vaccination-enfants\/#respond\"]}]},{\"@type\":\"WebPage\",\"@id\":\"https:\/\/www.one.org\/fr\/actualites\/tribune-acteurs-sante-vaccination-enfants\/\",\"url\":\"https:\/\/www.one.org\/fr\/actualites\/tribune-acteurs-sante-vaccination-enfants\/\",\"name\":\"Tribune - Les acteur\u00b7ice\u00b7s de la sant\u00e9 demandent \u00e0 la France d\u2019investir dans la vaccination des enfants - ONE.org France\",\"isPartOf\":{\"@id\":\"https:\/\/www.one.org\/fr\/#website\"},\"primaryImageOfPage\":{\"@id\":\"https:\/\/www.one.org\/fr\/actualites\/tribune-acteurs-sante-vaccination-enfants\/#primaryimage\"},\"image\":{\"@id\":\"https:\/\/www.one.org\/fr\/actualites\/tribune-acteurs-sante-vaccination-enfants\/#primaryimage\"},\"thumbnailUrl\":\"https:\/\/www.one.org\/fr\/wp-content\/uploads\/sites\/4\/2020\/05\/feature-259D5B9C-873A-4C60-A09A28BAE13A6AB9.jpg\",\"datePublished\":\"2020-05-29T10:28:56+00:00\",\"dateModified\":\"2023-09-11T22:12:33+00:00\",\"author\":{\"@id\":\"https:\/\/www.one.org\/fr\/#\/schema\/person\/cf1f30f9800f0592ec3d61940be82003\"},\"description\":\"Lisez notre tribune, co-sign\u00e9e par plus de 40 acteurs et actrices de la sant\u00e9, appelant la France \u00e0 investir dans la vaccination des enfants.\",\"breadcrumb\":{\"@id\":\"https:\/\/www.one.org\/fr\/actualites\/tribune-acteurs-sante-vaccination-enfants\/#breadcrumb\"},\"inLanguage\":\"fr-FR\",\"potentialAction\":[{\"@type\":\"ReadAction\",\"target\":[\"https:\/\/www.one.org\/fr\/actualites\/tribune-acteurs-sante-vaccination-enfants\/\"]}]},{\"@type\":\"ImageObject\",\"inLanguage\":\"fr-FR\",\"@id\":\"https:\/\/www.one.org\/fr\/actualites\/tribune-acteurs-sante-vaccination-enfants\/#primaryimage\",\"url\":\"https:\/\/www.one.org\/fr\/wp-content\/uploads\/sites\/4\/2020\/05\/feature-259D5B9C-873A-4C60-A09A28BAE13A6AB9.jpg\",\"contentUrl\":\"https:\/\/www.one.org\/fr\/wp-content\/uploads\/sites\/4\/2020\/05\/feature-259D5B9C-873A-4C60-A09A28BAE13A6AB9.jpg\",\"width\":533,\"height\":532},{\"@type\":\"BreadcrumbList\",\"@id\":\"https:\/\/www.one.org\/fr\/actualites\/tribune-acteurs-sante-vaccination-enfants\/#breadcrumb\",\"itemListElement\":[{\"@type\":\"ListItem\",\"position\":1,\"name\":\"Home\",\"item\":\"https:\/\/www.one.org\/fr\/\"},{\"@type\":\"ListItem\",\"position\":2,\"name\":\"Tribune &#8211; Les acteur\u00b7ice\u00b7s de la sant\u00e9 demandent \u00e0 la France d\u2019investir dans la vaccination des enfants\"}]},{\"@type\":\"WebSite\",\"@id\":\"https:\/\/www.one.org\/fr\/#website\",\"url\":\"https:\/\/www.one.org\/fr\/\",\"name\":\"ONE.org\",\"description\":\"Cr\u00e9er des opportunit\u00e9s \u00e9conomiques et am\u00e9liorer la sant\u00e9 en Afrique\",\"potentialAction\":[{\"@type\":\"SearchAction\",\"target\":{\"@type\":\"EntryPoint\",\"urlTemplate\":\"https:\/\/www.one.org\/fr\/?s={search_term_string}\"},\"query-input\":{\"@type\":\"PropertyValueSpecification\",\"valueRequired\":true,\"valueName\":\"search_term_string\"}}],\"inLanguage\":\"fr-FR\"},{\"@type\":\"Person\",\"@id\":\"https:\/\/www.one.org\/fr\/#\/schema\/person\/cf1f30f9800f0592ec3d61940be82003\",\"name\":\"Dana Khalil\",\"image\":{\"@type\":\"ImageObject\",\"inLanguage\":\"fr-FR\",\"@id\":\"https:\/\/www.one.org\/fr\/#\/schema\/person\/image\/\",\"url\":\"https:\/\/secure.gravatar.com\/avatar\/b0da536f00ccefadcc7aae4e64855977a5249adb1ac04162a69474e53a8d4c40?s=96&d=mm&r=g\",\"contentUrl\":\"https:\/\/secure.gravatar.com\/avatar\/b0da536f00ccefadcc7aae4e64855977a5249adb1ac04162a69474e53a8d4c40?s=96&d=mm&r=g\",\"caption\":\"Dana Khalil\"},\"url\":\"https:\/\/www.one.org\/fr\/actualites\/author\/danakhalil\/\"}]}<\/script>\n<!-- \/ Yoast SEO Premium plugin. -->","yoast_head_json":{"title":"Tribune - Les acteur\u00b7ice\u00b7s de la sant\u00e9 demandent \u00e0 la France d\u2019investir dans la vaccination des enfants - ONE.org France","description":"Lisez notre tribune, co-sign\u00e9e par plus de 40 acteurs et actrices de la sant\u00e9, appelant la France \u00e0 investir dans la vaccination des enfants.","robots":{"index":"index","follow":"follow","max-snippet":"max-snippet:-1","max-image-preview":"max-image-preview:large","max-video-preview":"max-video-preview:-1"},"canonical":"https:\/\/www.one.org\/fr\/actualites\/tribune-acteurs-sante-vaccination-enfants\/","og_locale":"fr_FR","og_type":"article","og_title":"Tribune - Les acteur\u00b7ice\u00b7s de la sant\u00e9 demandent \u00e0 la France d\u2019investir dans la vaccination des enfants","og_description":"Lisez notre tribune, co-sign\u00e9e par plus de 40 acteurs et actrices de la sant\u00e9, appelant la France \u00e0 investir dans la vaccination des enfants.","og_url":"https:\/\/www.one.org\/fr\/actualites\/tribune-acteurs-sante-vaccination-enfants\/","og_site_name":"ONE.org France","article_publisher":"https:\/\/www.facebook.com\/ONE.Fr","article_published_time":"2020-05-29T10:28:56+00:00","article_modified_time":"2023-09-11T22:12:33+00:00","og_image":[{"url":"https:\/\/cdn.one.org\/fr\/wp-content\/uploads\/2020\/05\/29102001\/webimage-259D5B9C-873A-4C60-A09A28BAE13A6AB9.jpg","type":"","width":"","height":""}],"author":"Dana Khalil","twitter_card":"summary_large_image","twitter_title":"Tribune - Les acteur\u00b7ice\u00b7s de la sant\u00e9 demandent \u00e0 la France d\u2019investir dans la vaccination des enfants","twitter_creator":"@one_fr","twitter_site":"@one_fr","twitter_misc":{"Written by":"Dana Khalil","Est. reading time":"8 minutes"},"schema":{"@context":"https:\/\/schema.org","@graph":[{"@type":"Article","@id":"https:\/\/www.one.org\/fr\/actualites\/tribune-acteurs-sante-vaccination-enfants\/#article","isPartOf":{"@id":"https:\/\/www.one.org\/fr\/actualites\/tribune-acteurs-sante-vaccination-enfants\/"},"author":{"name":"Dana Khalil","@id":"https:\/\/www.one.org\/fr\/#\/schema\/person\/cf1f30f9800f0592ec3d61940be82003"},"headline":"Tribune &#8211; Les acteur\u00b7ice\u00b7s de la sant\u00e9 demandent \u00e0 la France d\u2019investir dans la vaccination des enfants","datePublished":"2020-05-29T10:28:56+00:00","dateModified":"2023-09-11T22:12:33+00:00","mainEntityOfPage":{"@id":"https:\/\/www.one.org\/fr\/actualites\/tribune-acteurs-sante-vaccination-enfants\/"},"wordCount":1626,"commentCount":0,"image":{"@id":"https:\/\/www.one.org\/fr\/actualites\/tribune-acteurs-sante-vaccination-enfants\/#primaryimage"},"thumbnailUrl":"https:\/\/www.one.org\/fr\/wp-content\/uploads\/sites\/4\/2020\/05\/feature-259D5B9C-873A-4C60-A09A28BAE13A6AB9.jpg","articleSection":["ONE"],"inLanguage":"fr-FR","potentialAction":[{"@type":"CommentAction","name":"Comment","target":["https:\/\/www.one.org\/fr\/actualites\/tribune-acteurs-sante-vaccination-enfants\/#respond"]}]},{"@type":"WebPage","@id":"https:\/\/www.one.org\/fr\/actualites\/tribune-acteurs-sante-vaccination-enfants\/","url":"https:\/\/www.one.org\/fr\/actualites\/tribune-acteurs-sante-vaccination-enfants\/","name":"Tribune - Les acteur\u00b7ice\u00b7s de la sant\u00e9 demandent \u00e0 la France d\u2019investir dans la vaccination des enfants - ONE.org France","isPartOf":{"@id":"https:\/\/www.one.org\/fr\/#website"},"primaryImageOfPage":{"@id":"https:\/\/www.one.org\/fr\/actualites\/tribune-acteurs-sante-vaccination-enfants\/#primaryimage"},"image":{"@id":"https:\/\/www.one.org\/fr\/actualites\/tribune-acteurs-sante-vaccination-enfants\/#primaryimage"},"thumbnailUrl":"https:\/\/www.one.org\/fr\/wp-content\/uploads\/sites\/4\/2020\/05\/feature-259D5B9C-873A-4C60-A09A28BAE13A6AB9.jpg","datePublished":"2020-05-29T10:28:56+00:00","dateModified":"2023-09-11T22:12:33+00:00","author":{"@id":"https:\/\/www.one.org\/fr\/#\/schema\/person\/cf1f30f9800f0592ec3d61940be82003"},"description":"Lisez notre tribune, co-sign\u00e9e par plus de 40 acteurs et actrices de la sant\u00e9, appelant la France \u00e0 investir dans la vaccination des enfants.","breadcrumb":{"@id":"https:\/\/www.one.org\/fr\/actualites\/tribune-acteurs-sante-vaccination-enfants\/#breadcrumb"},"inLanguage":"fr-FR","potentialAction":[{"@type":"ReadAction","target":["https:\/\/www.one.org\/fr\/actualites\/tribune-acteurs-sante-vaccination-enfants\/"]}]},{"@type":"ImageObject","inLanguage":"fr-FR","@id":"https:\/\/www.one.org\/fr\/actualites\/tribune-acteurs-sante-vaccination-enfants\/#primaryimage","url":"https:\/\/www.one.org\/fr\/wp-content\/uploads\/sites\/4\/2020\/05\/feature-259D5B9C-873A-4C60-A09A28BAE13A6AB9.jpg","contentUrl":"https:\/\/www.one.org\/fr\/wp-content\/uploads\/sites\/4\/2020\/05\/feature-259D5B9C-873A-4C60-A09A28BAE13A6AB9.jpg","width":533,"height":532},{"@type":"BreadcrumbList","@id":"https:\/\/www.one.org\/fr\/actualites\/tribune-acteurs-sante-vaccination-enfants\/#breadcrumb","itemListElement":[{"@type":"ListItem","position":1,"name":"Home","item":"https:\/\/www.one.org\/fr\/"},{"@type":"ListItem","position":2,"name":"Tribune &#8211; Les acteur\u00b7ice\u00b7s de la sant\u00e9 demandent \u00e0 la France d\u2019investir dans la vaccination des enfants"}]},{"@type":"WebSite","@id":"https:\/\/www.one.org\/fr\/#website","url":"https:\/\/www.one.org\/fr\/","name":"ONE.org","description":"Cr\u00e9er des opportunit\u00e9s \u00e9conomiques et am\u00e9liorer la sant\u00e9 en Afrique","potentialAction":[{"@type":"SearchAction","target":{"@type":"EntryPoint","urlTemplate":"https:\/\/www.one.org\/fr\/?s={search_term_string}"},"query-input":{"@type":"PropertyValueSpecification","valueRequired":true,"valueName":"search_term_string"}}],"inLanguage":"fr-FR"},{"@type":"Person","@id":"https:\/\/www.one.org\/fr\/#\/schema\/person\/cf1f30f9800f0592ec3d61940be82003","name":"Dana Khalil","image":{"@type":"ImageObject","inLanguage":"fr-FR","@id":"https:\/\/www.one.org\/fr\/#\/schema\/person\/image\/","url":"https:\/\/secure.gravatar.com\/avatar\/b0da536f00ccefadcc7aae4e64855977a5249adb1ac04162a69474e53a8d4c40?s=96&d=mm&r=g","contentUrl":"https:\/\/secure.gravatar.com\/avatar\/b0da536f00ccefadcc7aae4e64855977a5249adb1ac04162a69474e53a8d4c40?s=96&d=mm&r=g","caption":"Dana Khalil"},"url":"https:\/\/www.one.org\/fr\/actualites\/author\/danakhalil\/"}]}},"distributor_meta":false,"distributor_terms":false,"distributor_media":false,"distributor_original_site_name":"ONE.org France","distributor_original_site_url":"https:\/\/www.one.org\/fr","push-errors":false,"_links":{"self":[{"href":"https:\/\/www.one.org\/fr\/wp-json\/wp\/v2\/posts\/162422","targetHints":{"allow":["GET"]}}],"collection":[{"href":"https:\/\/www.one.org\/fr\/wp-json\/wp\/v2\/posts"}],"about":[{"href":"https:\/\/www.one.org\/fr\/wp-json\/wp\/v2\/types\/post"}],"author":[{"embeddable":true,"href":"https:\/\/www.one.org\/fr\/wp-json\/wp\/v2\/users\/24"}],"replies":[{"embeddable":true,"href":"https:\/\/www.one.org\/fr\/wp-json\/wp\/v2\/comments?post=162422"}],"version-history":[{"count":0,"href":"https:\/\/www.one.org\/fr\/wp-json\/wp\/v2\/posts\/162422\/revisions"}],"wp:featuredmedia":[{"embeddable":true,"href":"https:\/\/www.one.org\/fr\/wp-json\/wp\/v2\/media\/163227"}],"wp:attachment":[{"href":"https:\/\/www.one.org\/fr\/wp-json\/wp\/v2\/media?parent=162422"}],"wp:term":[{"taxonomy":"category","embeddable":true,"href":"https:\/\/www.one.org\/fr\/wp-json\/wp\/v2\/categories?post=162422"},{"taxonomy":"post_tag","embeddable":true,"href":"https:\/\/www.one.org\/fr\/wp-json\/wp\/v2\/tags?post=162422"},{"taxonomy":"topic","embeddable":true,"href":"https:\/\/www.one.org\/fr\/wp-json\/wp\/v2\/topic?post=162422"},{"taxonomy":"contributor","embeddable":true,"href":"https:\/\/www.one.org\/fr\/wp-json\/wp\/v2\/contributor?post=162422"},{"taxonomy":"one_content_audience","embeddable":true,"href":"https:\/\/www.one.org\/fr\/wp-json\/wp\/v2\/one_content_audience?post=162422"},{"taxonomy":"one_content_type","embeddable":true,"href":"https:\/\/www.one.org\/fr\/wp-json\/wp\/v2\/one_content_type?post=162422"},{"taxonomy":"one_content_tone","embeddable":true,"href":"https:\/\/www.one.org\/fr\/wp-json\/wp\/v2\/one_content_tone?post=162422"}],"curies":[{"name":"wp","href":"https:\/\/api.w.org\/{rel}","templated":true}]}}