{"id":162419,"date":"2020-05-20T12:29:08","date_gmt":"2020-05-20T12:29:08","guid":{"rendered":"https:\/\/www.one.org\/fr\/le-monde-dapres-vu-par-nos-jeunes-ambassadeur-rice-s\/"},"modified":"2023-09-11T22:23:45","modified_gmt":"2023-09-11T22:23:45","slug":"le-monde-dapres-jeunes-ambassadeurs","status":"publish","type":"post","link":"https:\/\/www.one.org\/fr\/actualites\/le-monde-dapres-jeunes-ambassadeurs\/","title":{"rendered":"Le monde d&#8217;apr\u00e8s vu par nos jeunes Ambassadeur.rice.s"},"content":{"rendered":"<h2><b>Le monde d&rsquo;apr&egrave;s : quand une id&eacute;e devient une priorit&eacute; politique, alors tout devient possible.<\/b><\/h2>\n<p><span style=\"font-weight: 400\">Notre g&eacute;n&eacute;ration vit actuellement une c&eacute;sure in&eacute;dite de son quotidien. Si la communaut&eacute; internationale fait face depuis un certain temps &agrave; des d&eacute;fis &agrave; l&rsquo;&eacute;chelle globale comme la crise financi&egrave;re de 2008\/2009 ou les crises environnementales, telles que le changement climatique ou la perte de biodiversit&eacute;, aucune de ces crises n&rsquo;avait marqu&eacute; un coup d&rsquo;arr&ecirc;t aussi brutal &agrave; notre train de vie.&nbsp;<\/span><\/p>\n<p><span style=\"font-weight: 400\">C&rsquo;est dans cette situation in&eacute;dite et face &agrave; l&rsquo;ampleur des d&eacute;g&acirc;ts que se pose la question du monde d&rsquo;apr&egrave;s : Comment &eacute;viter qu&rsquo;une telle situation se reproduise ? Comment la communaut&eacute; internationale peut-elle mieux se pr&eacute;parer et r&eacute;agir &agrave; une telle crise ? Quel est le monde d&rsquo;apr&egrave;s que nous souhaitons voir &eacute;merger ?<\/span><\/p>\n<p><span style=\"font-weight: 400\">En tant que jeunes Ambassadeurs et Ambassadrices de ONE, nous souhaitons attirer l&rsquo;attention des dirigeants politiques sur un sujet peu pr&eacute;sent dans l&rsquo;actualit&eacute; : la situation des pays en voie de d&eacute;veloppement ainsi que le r&ocirc;le de la solidarit&eacute; internationale et l&rsquo;aide publique au d&eacute;veloppement (APD). Ces derniers paraissent aujourd&rsquo;hui primordiaux et vitaux afin d&rsquo;&eacute;viter un d&eacute;sastre humanitaire majeur et la perte des progr&egrave;s durement acquis en mati&egrave;re de d&eacute;veloppement.<\/span><\/p>\n<p><span style=\"font-weight: 400\">Dans cette tribune, nous revenons sur les impacts de cette crise au niveau mondial et plus pr&eacute;cis&eacute;ment au niveau des pays en voie de d&eacute;veloppement. Nous pr&eacute;sentons ensuite nos demandes en mati&egrave;re de solidarit&eacute; internationale face &agrave; la crise du COVID-19 et notre vision du &ldquo;monde d&rsquo;apr&egrave;s&rdquo;.<\/span><\/p>\n<h3><b>La pand&eacute;mie du COVID-19, une c&eacute;sure historique au niveau mondial<\/b><\/h3>\n<p><span style=\"font-weight: 400\">Les impacts du COVID-19 sont majeurs et multiples, que ce soit au niveau sanitaire, &eacute;conomique ou soci&eacute;tal. L&rsquo;Organisation mondiale de la sant&eacute; (OMS) a d&eacute;clar&eacute; l&rsquo;&eacute;pid&eacute;mie du COVID-19 &ldquo;Urgence de sant&eacute; publique de port&eacute;e internationale&rdquo; le 30 janvier 2020. Au moment o&ugrave; nous &eacute;crivons ces mots, l&rsquo;OMS fait &eacute;tat de plus de 4,5 millions de cas confirm&eacute;s et plus de 300 000 morts attribu&eacute;es au COVID-19 dans le monde, chiffres pourtant sous-estim&eacute;s en raison des capacit&eacute;s de test limit&eacute;es et du nombre important de cas asymptomatiques ou b&eacute;nins.&nbsp;<\/span><\/p>\n<p><span style=\"font-weight: 400\">Dans le monde entier, la prise en charge de ces patients a mis sous pression les syst&egrave;mes de sant&eacute; en g&eacute;n&eacute;ral et les services d&rsquo;hospitalisation en particulier. Ils font face &agrave; une surcharge de travail ainsi qu&rsquo;&agrave; des difficult&eacute;s d&rsquo;approvisionnement en mat&eacute;riel de protection (masques, blouses, gants, etc.), en m&eacute;dicaments ou dispositifs m&eacute;dicaux (m&eacute;dicaments et &eacute;quipement de r&eacute;animation) et en capacit&eacute;s de diagnostic. Cependant, les impacts de la crise ne se r&eacute;sument gu&egrave;re aux seules cons&eacute;quences sanitaires. Au vu de la situation sanitaire inqui&eacute;tante, de nombreux gouvernements ont d&eacute;cr&eacute;t&eacute; des mesures visant &agrave; r&eacute;duire le nombre de contacts entre citoyens. Ainsi, pr&egrave;s de la moiti&eacute; de la population mondiale est aujourd&rsquo;hui confin&eacute;e, une grande partie de l&rsquo;&eacute;conomie est &agrave; l&rsquo;arr&ecirc;t et m&ecirc;me les calendriers politiques sont perturb&eacute;s.&nbsp;<\/span><\/p>\n<p><span style=\"font-weight: 400\">Dans une situation o&ugrave; m&ecirc;me les pays occidentaux, disposant de ressources financi&egrave;res et syst&egrave;mes sanitaires performants, ont d&ucirc; mal &agrave; faire face &agrave; l&rsquo;ampleur des d&eacute;g&acirc;ts, il para&icirc;t indispensable de penser aux pays plus vuln&eacute;rables.<\/span><\/p>\n<h3><b>Les cons&eacute;quences de la pand&eacute;mie sur les pays en voie de d&eacute;veloppement<\/b><\/h3>\n<p><span style=\"font-weight: 400\">Si le bilan humain de la pand&eacute;mie du COVID-19 est pour le moment moins lourd qu&rsquo;en Europe, il ne faut pas sous-estimer les effets n&eacute;fastes qu&rsquo;elle pourrait avoir en Afrique ou d&rsquo;autres r&eacute;gions moins d&eacute;velopp&eacute;es.<\/span><\/p>\n<p><span style=\"font-weight: 400\">En effet, les syst&egrave;mes sanitaires moins d&eacute;velopp&eacute;s et moins &eacute;quip&eacute;s ne sauraient faire face &agrave; une flamb&eacute;e &eacute;pid&eacute;mique. En guise d&rsquo;illustration, la capacit&eacute; en termes de lits de soins intensifs dans les pays africains correspond &agrave; un milli&egrave;me de celle en Europe, ce qui n&rsquo;a pas emp&ecirc;ch&eacute; le COVID-19 de submerger les syst&egrave;mes hospitaliers de pays tels que l&rsquo;Italie. Les probl&egrave;mes en mati&egrave;re d&rsquo;approvisionnement en mat&eacute;riel m&eacute;dical et m&eacute;dicament &eacute;voqu&eacute;s au niveau global y seraient d&rsquo;autant plus difficiles &agrave; r&eacute;soudre. Il ne faut pas oublier, par ailleurs, que ces pays sont d&eacute;j&agrave; fortement touch&eacute;s par des maladies comme, entre autres, le VIH, la tuberculose, la malaria et que l&rsquo;acc&egrave;s aux soins y est d&eacute;j&agrave; compliqu&eacute; en temps normal. Le contr&ocirc;le de la propagation para&icirc;t d&rsquo;autant plus compliqu&eacute; que les conditions de vie de la population peuvent rendre le confinement et la distanciation sociale difficile, voire impossible. L&rsquo;effet de la pand&eacute;mie au sein de bidonvilles ou camps humanitaires serait d&eacute;sastreux.<\/span><\/p>\n<p><span style=\"font-weight: 400\">Pour faire face &agrave; la pand&eacute;mie et limiter la propagation du virus, les pays en voie de d&eacute;veloppement doivent prendre des mesures fortes pour renforcer les capacit&eacute;s et l&rsquo;approvisionnement de leur syst&egrave;me sanitaire et aider leur population &agrave; pouvoir respecter les mesures de confinement, ce qui est presque impossible pour les personnes vivant en pauvret&eacute; absolue et n&eacute;cessitant leurs revenus pour subsister. La capacit&eacute; des pays en voie de d&eacute;veloppement est cependant fort restreinte par leurs ressources limit&eacute;es, le niveau d&rsquo;endettement et se voit, de surcro&icirc;t, fortement r&eacute;duite par les impacts globaux &eacute;voqu&eacute;s ci-dessus qui sont renforc&eacute;s dans ces r&eacute;gions vuln&eacute;rables : la fuite des capitaux ampute leur capacit&eacute; &agrave; emprunter, l&rsquo;effondrement des cours des mati&egrave;res premi&egrave;res et l&rsquo;arr&ecirc;t du tourisme r&eacute;duisent fortement leurs recettes, le ralentissement du commerce international affecte grandement leurs &eacute;conomies. Ainsi, le COVID-19, &agrave; travers ses impacts sanitaires et &eacute;conomiques pourrait an&eacute;antir le progr&egrave;s en mati&egrave;re de d&eacute;veloppement et &eacute;ventuellement conduire &agrave; plus d&rsquo;ins&eacute;curit&eacute;, de conflits, de migrations.&nbsp;<\/span><\/p>\n<p><span style=\"font-weight: 400\">Pour limiter les impacts d&eacute;crits ci-dessus et contr&ocirc;ler la pand&eacute;mie au niveau international, nous demandons aux pays d&eacute;velopp&eacute;s de prendre leurs responsabilit&eacute;s et soutenir les efforts des pays en voie de d&eacute;veloppement dans cette crise. Nous pr&eacute;senterons ensuite notre vision d&rsquo;un <\/span><i><span style=\"font-weight: 400\">monde d&rsquo;apr&egrave;s <\/span><\/i><span style=\"font-weight: 400\">b&acirc;ti sur la solidarit&eacute; internationale.<\/span><\/p>\n<h3><b>Aider les pays en voie de d&eacute;veloppement &agrave; surmonter la crise du COVID-19<\/b><\/h3>\n<p><span style=\"font-weight: 400\">Le Directeur g&eacute;n&eacute;ral de l&rsquo;OMS, Dr Tedros Adhanom Ghebreyesus, estime que&nbsp; &laquo; <\/span><i><span style=\"font-weight: 400\">la meilleure d&eacute;fense contre une flamb&eacute;e &eacute;pid&eacute;mique est un syst&egrave;me de sant&eacute; solide (&hellip;). Le COVID-19 r&eacute;v&egrave;le combien sont fragiles nombre de syst&egrave;mes (&hellip;) de sant&eacute; dans le monde, et les pays sont oblig&eacute;s de faire des choix difficiles (&hellip;)<\/span><\/i><span style=\"font-weight: 400\">. &raquo;<\/span><\/p>\n<p><span style=\"font-weight: 400\">Afin d&rsquo;aider les pays en voie de d&eacute;veloppement &agrave; faire face &agrave; ces difficult&eacute;s, l&rsquo;OMS a &eacute;mis une s&eacute;rie de recommandations leur permettant &agrave; la fois de r&eacute;sister &agrave; la pand&eacute;mie et de r&eacute;duire les risques d&rsquo;effondrement du syst&egrave;me. Ces recommandations incluent, entre autres, le maintien de services essentiels, tels que la vaccination de routine, les services de sant&eacute; reproductive, la prise en charge des maladies non transmissibles et des maladies infectieuses comme le VIH, le paludisme ou la tuberculose, les traitements hospitaliers vitaux ainsi que la prise en charge des urgences m&eacute;dicales.<\/span><\/p>\n<p><span style=\"font-weight: 400\">Comme &eacute;voqu&eacute; pr&eacute;c&eacute;demment, la solidarit&eacute; internationale est requise pour permettre aux pays en voie de d&eacute;veloppement de suivre ces directives. Nous, en tant que jeunes Ambassadeurs et Ambassadrices de ONE, formulons les demandes suivantes :<\/span><\/p>\n<ul>\n<li style=\"font-weight: 400\"><span style=\"font-weight: 400\">All&eacute;ger la dette des pays en voie de d&eacute;veloppement et contribuer financi&egrave;rement aux efforts de lutte contre la pand&eacute;mie&nbsp;<\/span><\/li>\n<li style=\"font-weight: 400\"><span style=\"font-weight: 400\">Soutenir les syst&egrave;mes sanitaires des pays en voie de d&eacute;veloppement (fournitures de m&eacute;dicaments, d&rsquo;&eacute;quipement sanitaire (masque, blouses, gants) et de mat&eacute;riel m&eacute;dical)<\/span><\/li>\n<li style=\"font-weight: 400\"><span style=\"font-weight: 400\">Garantir l&rsquo;acc&egrave;s &eacute;quitable aux vaccins et traitements efficaces contre le COVID-19<\/span><\/li>\n<\/ul>\n<h3><b>Construire un monde d&rsquo;apr&egrave;s bas&eacute; sur la solidarit&eacute; internationale<\/b><\/h3>\n<p><span style=\"font-weight: 400\">En tant que jeunes Ambassadeurs et Ambassadrices de ONE, nous appelons &agrave; une remise en question plus g&eacute;n&eacute;rale du monde dans lequel nous vieillirons. Nous avons grandi berc&eacute;s par des actualit&eacute;s alarmantes : de l&rsquo;acc&eacute;l&eacute;ration du changement climatique &agrave; l&rsquo;accroissement des in&eacute;galit&eacute;s, en passant par la mont&eacute;e des populismes. Ce monde restait encadr&eacute; par des r&egrave;gles anciennes, qui n&rsquo;&eacute;taient pas &agrave; m&ecirc;me de r&eacute;guler une &eacute;conomie mondialis&eacute;e et de plus en plus digitalis&eacute;e. Elles ne r&eacute;pondaient plus aux d&eacute;fis auxquels l&rsquo;humanit&eacute; est aujourd&rsquo;hui confront&eacute;e : par exemple, alors que la date du Jour du d&eacute;passement arrive chaque ann&eacute;e de plus en plus t&ocirc;t, il semble &eacute;vident que la croissance &eacute;conomique ne peut plus constituer &agrave; elle seule l&rsquo;indicateur de r&eacute;f&eacute;rence.<\/span><\/p>\n<p><span style=\"font-weight: 400\">Alors que la catastrophe sanitaire actuelle nous affecte toutes et tous, nous devons &ecirc;tre capables de saisir cette occasion pour changer de paradigme, au niveau tant individuel que collectif. Le COVID-19 nous rappelle que la soci&eacute;t&eacute; dans laquelle nous vivions encore il y a quelques semaines reposait avant tout sur des constructions soci&eacute;tales partag&eacute;es. Qui aurait imagin&eacute;, il y a deux mois, que des centaines de milliards de dollars pouvaient &ecirc;tre inject&eacute;s dans l&rsquo;&eacute;conomie mondiale, que la pollution de l&rsquo;air mondiale pouvait chuter aussi brutalement, ou encore que le trafic a&eacute;rien serait r&eacute;duit de plus de 90% ? Bien s&ucirc;r, ces exemples se r&eacute;f&egrave;rent &agrave; la p&eacute;riode extr&ecirc;me que nous vivons actuellement, et qui ne constitue qu&rsquo;une parenth&egrave;se. <\/span><b>Cependant, ils t&eacute;moignent bien d&rsquo;une chose : quand une id&eacute;e devient une priorit&eacute; politique, alors tout devient possible.<\/b><\/p>\n<p><span style=\"font-weight: 400\">Demain, la vie reprendra. Peut-&ecirc;tre avec de nouvelles r&egrave;gles de distanciation sociale, peut &ecirc;tre avec de r&eacute;elles s&eacute;quelles li&eacute;es &agrave; la p&eacute;riode de crise que nous aurons tous travers&eacute;e &agrave; notre mani&egrave;re. Mais nous esp&eacute;rons que ce n&rsquo;est pas la vie d&rsquo;avant qui reprendra. Au contraire, nous esp&eacute;rons que cette crise nous aura permis de constater :<\/span><\/p>\n<ul>\n<li style=\"font-weight: 400\"><span style=\"font-weight: 400\">que le changement climatique et d&rsquo;autres crises &eacute;cologiques sont d&eacute;j&agrave; bien &agrave; l&rsquo;oeuvre. Si le COVID-19 a pu &eacute;merger tel qu&rsquo;il l&rsquo;a fait, puis se transmettre &agrave; l&rsquo;&ecirc;tre humain, c&rsquo;est bien en raison de la destruction de la biodiversit&eacute; organis&eacute;e m&eacute;thodiquement par l&rsquo;Homme sur sa plan&egrave;te depuis des d&eacute;cennies.<\/span><\/li>\n<li style=\"font-weight: 400\"><span style=\"font-weight: 400\">que face aux forces de la nature, nous sommes toutes et tous vuln&eacute;rables : riche, pauvre, femme ou homme. Mais que les plus fragiles, tels que les r&eacute;fugi&eacute;s ou les sans-abris, restent bien souvent les plus affect&eacute;s par les crises parce qu&rsquo;ils ne disposent pas d&rsquo;un acc&egrave;s aux soins dont ils ont besoin, ou parce qu&rsquo;ils n&rsquo;ont pas les ressources pour faire face &agrave; une perte de revenus &agrave; court-moyen terme. Ce constat appelle &agrave; une r&eacute;duction des in&eacute;galit&eacute;s sociales et des in&eacute;galit&eacute;s de genre, qui persistent et m&ecirc;me s&rsquo;accroissent dans de nombreuses r&eacute;gions du monde, et &agrave; tout faire pour que le vaccin du COVID-19, entre autres, soit d&eacute;velopp&eacute; comme un bien public mondial accessible &agrave; tous et toutes.&nbsp;<\/span><\/li>\n<li style=\"font-weight: 400\"><span style=\"font-weight: 400\">que nous avons besoin de biens et de services publics fonctionnels, qui constituent la richesse de tous. La situation actuelle nous rappelle l&rsquo;importance de nos services publics, et en premier lieu de l&rsquo;h&ocirc;pital et de la sant&eacute; publique, deux secteurs qui subissent d&rsquo;importantes coupes budg&eacute;taires dans de nombreux pays depuis des ann&eacute;es. Nous avons tous &eacute;t&eacute; inquiets d&rsquo;entendre parler de &ldquo;service de r&eacute;animation satur&eacute;s&rdquo;, de &ldquo;risque de p&eacute;nurie de m&eacute;dicaments&rdquo;. Nous refusons de revivre ce type d&rsquo;angoisse, et appelons donc au financement des biens et services publics, tant en France, qu&rsquo;&agrave; l&rsquo;&eacute;chelle internationale, gr&acirc;ce aux syst&egrave;mes de solidarit&eacute;.&nbsp;<\/span><\/li>\n<\/ul>\n<p><span style=\"font-weight: 400\">Dans une soci&eacute;t&eacute; bas&eacute;e sur la solidarit&eacute;, tout le monde doit contribuer financi&egrave;rement au bien-&ecirc;tre collectif. Cela veut dire que nous ne laissons plus certaines multinationales &eacute;laborer des syst&egrave;mes opaques qui leur permettent de payer moins d&rsquo;imp&ocirc;ts et de maximiser leurs profits et que nous mettons un terme &agrave; la corruption et l&rsquo;&eacute;vasion fiscale. Cela veut aussi dire que nous taxons les acteurs financiers et leurs transactions pour abreuver nos budgets de lutte contre la pauvret&eacute; et les in&eacute;galit&eacute;s dans le monde.&nbsp;<\/span><\/p>\n<p><span style=\"font-weight: 400\">Nous, jeunes Ambassadeurs et Ambassadrices de ONE, faisons partie de la g&eacute;n&eacute;ration qui s&rsquo;engage pour un monde meilleur. Ces derni&egrave;res semaines, nous avons pu prendre du recul et contempler les d&eacute;bris de ce monde d&eacute;pass&eacute; depuis nos fen&ecirc;tres. En applaudissant nos soignants et les autres h&eacute;ros de premi&egrave;re ligne, nous avons alors pris la r&eacute;solution suivante :<\/span><b> nous refusons de vivre dans un monde marqu&eacute; par les pand&eacute;mies, la peur et le repli sur soi.<\/b><span style=\"font-weight: 400\"> Nous refusons de revenir au monde d&rsquo;avant qui idol&acirc;tre la croissance, l&rsquo;efficacit&eacute; et la comp&eacute;tition et pr&ocirc;ne des imp&eacute;ratifs politiques et &eacute;conomiques &ldquo;sans alternative&rdquo;. Nous savons qu&rsquo;un autre monde, solidaire, fait de compassion, d&rsquo;humanit&eacute; et d&rsquo;espoir, est possible. Nous nous battrons pour que ce soit le monde de demain.<\/span><\/p>\n<p><i><span style=\"font-weight: 400\">&ldquo;Ne doutez jamais qu&rsquo;un petit groupe de citoyens r&eacute;fl&eacute;chis et engag&eacute;s peut changer le monde ; en fait, c&rsquo;est toujours ainsi que le monde a chang&eacute;.&rdquo; &ndash; Margaret Mead<\/span><\/i><\/p>\n<p><span style=\"font-weight: 400\">Ninon Beillard, Priscille Bouabr&eacute;, Mathias Charles, Mario Jendrossek, Louise Thomas Leibengut<\/span><\/p>\n<div class=\"buffer\"><\/div>","protected":false},"excerpt":{"rendered":"<p>Le monde d&rsquo;apr&egrave;s : quand une id&eacute;e devient une priorit&eacute; politique, alors tout devient possible. Notre g&eacute;n&eacute;ration vit actuellement une c&eacute;sure in&eacute;dite de son quotidien. Si la communaut&eacute; internationale fait face depuis un certain temps &agrave; des d&eacute;fis &agrave; l&rsquo;&eacute;chelle globale comme la crise financi&egrave;re de 2008\/2009 ou les crises environnementales, telles que le changement [&hellip;]<\/p>\n","protected":false},"author":24,"featured_media":163233,"comment_status":"open","ping_status":"open","sticky":false,"template":"","format":"standard","meta":{"_acf_changed":false,"_relevanssi_hide_post":"","_relevanssi_hide_content":"","_relevanssi_pin_for_all":"","_relevanssi_pin_keywords":"","_relevanssi_unpin_keywords":"","_relevanssi_related_keywords":"","_relevanssi_related_include_ids":"","_relevanssi_related_exclude_ids":"","_relevanssi_related_no_append":"","_relevanssi_related_not_related":"","_relevanssi_related_posts":"","_relevanssi_noindex_reason":"","footnotes":""},"categories":[34],"tags":[],"topic":[48,47],"contributor":[49],"one_content_audience":[],"one_content_type":[],"one_content_tone":[],"class_list":["post-162419","post","type-post","status-publish","format-standard","has-post-thumbnail","hentry","category-one","topic-jeunes-ambassadeurrices-de-one","topic-que-font-nos-membres","contributor-jeunes-ambassadeur-rice-s-de-one"],"acf":[],"yoast_head":"<!-- This site is optimized with the Yoast SEO Premium plugin v27.1 (Yoast SEO v27.1.1) - https:\/\/yoast.com\/product\/yoast-seo-premium-wordpress\/ -->\n<title>Le monde d&#039;apr\u00e8s vu par nos jeunes Ambassadeur.rice.s - ONE.org France<\/title>\n<meta name=\"description\" content=\"Quels enseignements devons-nous tirer de la crise mondiale du COVID-19 ? D\u00e9couvrez le monde d&#039;apr\u00e8s vu par les jeunes Ambassadeurs et Ambassadrices de ONE.\" \/>\n<meta name=\"robots\" content=\"index, follow, max-snippet:-1, max-image-preview:large, max-video-preview:-1\" \/>\n<link rel=\"canonical\" href=\"https:\/\/www.one.org\/fr\/actualites\/le-monde-dapres-jeunes-ambassadeurs\/\" \/>\n<meta property=\"og:locale\" content=\"fr_FR\" \/>\n<meta property=\"og:type\" content=\"article\" \/>\n<meta property=\"og:title\" content=\"Le monde d&#039;apr\u00e8s vu par nos jeunes Ambassadeurs et Ambassadrices\" \/>\n<meta property=\"og:description\" content=\"Quels enseignements devons-nous tirer de la crise mondiale du COVID-19 ? D\u00e9couvrez le monde d&#039;apr\u00e8s vu par les jeunes Ambassadeurs et Ambassadrices de ONE.\" \/>\n<meta property=\"og:url\" content=\"https:\/\/www.one.org\/fr\/actualites\/le-monde-dapres-jeunes-ambassadeurs\/\" \/>\n<meta property=\"og:site_name\" content=\"ONE.org France\" \/>\n<meta property=\"article:publisher\" content=\"https:\/\/www.facebook.com\/ONE.Fr\" \/>\n<meta property=\"article:published_time\" content=\"2020-05-20T12:29:08+00:00\" \/>\n<meta property=\"article:modified_time\" content=\"2023-09-11T22:23:45+00:00\" \/>\n<meta property=\"og:image\" content=\"https:\/\/cdn.one.org\/fr\/wp-content\/uploads\/2020\/04\/01160052\/featured_OW_2020_whatyoucando_social_1200x628.png\" \/>\n<meta name=\"author\" content=\"Dana Khalil\" \/>\n<meta name=\"twitter:card\" content=\"summary_large_image\" \/>\n<meta name=\"twitter:title\" content=\"Le monde d&#039;apr\u00e8s vu par nos jeunes Ambassadeur.rice.s\" \/>\n<meta name=\"twitter:creator\" content=\"@one_fr\" \/>\n<meta name=\"twitter:site\" content=\"@one_fr\" \/>\n<meta name=\"twitter:label1\" content=\"Written by\" \/>\n\t<meta name=\"twitter:data1\" content=\"Dana Khalil\" \/>\n\t<meta name=\"twitter:label2\" content=\"Est. reading time\" \/>\n\t<meta name=\"twitter:data2\" content=\"14 minutes\" \/>\n<script type=\"application\/ld+json\" class=\"yoast-schema-graph\">{\"@context\":\"https:\/\/schema.org\",\"@graph\":[{\"@type\":\"Article\",\"@id\":\"https:\/\/www.one.org\/fr\/actualites\/le-monde-dapres-jeunes-ambassadeurs\/#article\",\"isPartOf\":{\"@id\":\"https:\/\/www.one.org\/fr\/actualites\/le-monde-dapres-jeunes-ambassadeurs\/\"},\"author\":{\"name\":\"Dana Khalil\",\"@id\":\"https:\/\/www.one.org\/fr\/#\/schema\/person\/cf1f30f9800f0592ec3d61940be82003\"},\"headline\":\"Le monde d&#8217;apr\u00e8s vu par nos jeunes Ambassadeur.rice.s\",\"datePublished\":\"2020-05-20T12:29:08+00:00\",\"dateModified\":\"2023-09-11T22:23:45+00:00\",\"mainEntityOfPage\":{\"@id\":\"https:\/\/www.one.org\/fr\/actualites\/le-monde-dapres-jeunes-ambassadeurs\/\"},\"wordCount\":2822,\"commentCount\":0,\"image\":{\"@id\":\"https:\/\/www.one.org\/fr\/actualites\/le-monde-dapres-jeunes-ambassadeurs\/#primaryimage\"},\"thumbnailUrl\":\"https:\/\/www.one.org\/fr\/wp-content\/uploads\/sites\/4\/2020\/05\/OW_2020_whatyoucando_featured_1200x1200-3.png\",\"articleSection\":[\"ONE\"],\"inLanguage\":\"fr-FR\",\"potentialAction\":[{\"@type\":\"CommentAction\",\"name\":\"Comment\",\"target\":[\"https:\/\/www.one.org\/fr\/actualites\/le-monde-dapres-jeunes-ambassadeurs\/#respond\"]}]},{\"@type\":\"WebPage\",\"@id\":\"https:\/\/www.one.org\/fr\/actualites\/le-monde-dapres-jeunes-ambassadeurs\/\",\"url\":\"https:\/\/www.one.org\/fr\/actualites\/le-monde-dapres-jeunes-ambassadeurs\/\",\"name\":\"Le monde d'apr\u00e8s vu par nos jeunes Ambassadeur.rice.s - ONE.org France\",\"isPartOf\":{\"@id\":\"https:\/\/www.one.org\/fr\/#website\"},\"primaryImageOfPage\":{\"@id\":\"https:\/\/www.one.org\/fr\/actualites\/le-monde-dapres-jeunes-ambassadeurs\/#primaryimage\"},\"image\":{\"@id\":\"https:\/\/www.one.org\/fr\/actualites\/le-monde-dapres-jeunes-ambassadeurs\/#primaryimage\"},\"thumbnailUrl\":\"https:\/\/www.one.org\/fr\/wp-content\/uploads\/sites\/4\/2020\/05\/OW_2020_whatyoucando_featured_1200x1200-3.png\",\"datePublished\":\"2020-05-20T12:29:08+00:00\",\"dateModified\":\"2023-09-11T22:23:45+00:00\",\"author\":{\"@id\":\"https:\/\/www.one.org\/fr\/#\/schema\/person\/cf1f30f9800f0592ec3d61940be82003\"},\"description\":\"Quels enseignements devons-nous tirer de la crise mondiale du COVID-19 ? D\u00e9couvrez le monde d'apr\u00e8s vu par les jeunes Ambassadeurs et Ambassadrices de ONE.\",\"breadcrumb\":{\"@id\":\"https:\/\/www.one.org\/fr\/actualites\/le-monde-dapres-jeunes-ambassadeurs\/#breadcrumb\"},\"inLanguage\":\"fr-FR\",\"potentialAction\":[{\"@type\":\"ReadAction\",\"target\":[\"https:\/\/www.one.org\/fr\/actualites\/le-monde-dapres-jeunes-ambassadeurs\/\"]}]},{\"@type\":\"ImageObject\",\"inLanguage\":\"fr-FR\",\"@id\":\"https:\/\/www.one.org\/fr\/actualites\/le-monde-dapres-jeunes-ambassadeurs\/#primaryimage\",\"url\":\"https:\/\/www.one.org\/fr\/wp-content\/uploads\/sites\/4\/2020\/05\/OW_2020_whatyoucando_featured_1200x1200-3.png\",\"contentUrl\":\"https:\/\/www.one.org\/fr\/wp-content\/uploads\/sites\/4\/2020\/05\/OW_2020_whatyoucando_featured_1200x1200-3.png\",\"width\":1200,\"height\":1200},{\"@type\":\"BreadcrumbList\",\"@id\":\"https:\/\/www.one.org\/fr\/actualites\/le-monde-dapres-jeunes-ambassadeurs\/#breadcrumb\",\"itemListElement\":[{\"@type\":\"ListItem\",\"position\":1,\"name\":\"Home\",\"item\":\"https:\/\/www.one.org\/fr\/\"},{\"@type\":\"ListItem\",\"position\":2,\"name\":\"Le monde d&#8217;apr\u00e8s vu par nos jeunes Ambassadeur.rice.s\"}]},{\"@type\":\"WebSite\",\"@id\":\"https:\/\/www.one.org\/fr\/#website\",\"url\":\"https:\/\/www.one.org\/fr\/\",\"name\":\"ONE.org\",\"description\":\"Cr\u00e9er des opportunit\u00e9s \u00e9conomiques et am\u00e9liorer la sant\u00e9 en Afrique\",\"potentialAction\":[{\"@type\":\"SearchAction\",\"target\":{\"@type\":\"EntryPoint\",\"urlTemplate\":\"https:\/\/www.one.org\/fr\/?s={search_term_string}\"},\"query-input\":{\"@type\":\"PropertyValueSpecification\",\"valueRequired\":true,\"valueName\":\"search_term_string\"}}],\"inLanguage\":\"fr-FR\"},{\"@type\":\"Person\",\"@id\":\"https:\/\/www.one.org\/fr\/#\/schema\/person\/cf1f30f9800f0592ec3d61940be82003\",\"name\":\"Dana Khalil\",\"image\":{\"@type\":\"ImageObject\",\"inLanguage\":\"fr-FR\",\"@id\":\"https:\/\/www.one.org\/fr\/#\/schema\/person\/image\/\",\"url\":\"https:\/\/secure.gravatar.com\/avatar\/b0da536f00ccefadcc7aae4e64855977a5249adb1ac04162a69474e53a8d4c40?s=96&d=mm&r=g\",\"contentUrl\":\"https:\/\/secure.gravatar.com\/avatar\/b0da536f00ccefadcc7aae4e64855977a5249adb1ac04162a69474e53a8d4c40?s=96&d=mm&r=g\",\"caption\":\"Dana Khalil\"},\"url\":\"https:\/\/www.one.org\/fr\/actualites\/author\/danakhalil\/\"}]}<\/script>\n<!-- \/ Yoast SEO Premium plugin. -->","yoast_head_json":{"title":"Le monde d'apr\u00e8s vu par nos jeunes Ambassadeur.rice.s - ONE.org France","description":"Quels enseignements devons-nous tirer de la crise mondiale du COVID-19 ? D\u00e9couvrez le monde d'apr\u00e8s vu par les jeunes Ambassadeurs et Ambassadrices de ONE.","robots":{"index":"index","follow":"follow","max-snippet":"max-snippet:-1","max-image-preview":"max-image-preview:large","max-video-preview":"max-video-preview:-1"},"canonical":"https:\/\/www.one.org\/fr\/actualites\/le-monde-dapres-jeunes-ambassadeurs\/","og_locale":"fr_FR","og_type":"article","og_title":"Le monde d&#039;apr\u00e8s vu par nos jeunes Ambassadeurs et Ambassadrices","og_description":"Quels enseignements devons-nous tirer de la crise mondiale du COVID-19 ? D\u00e9couvrez le monde d&#039;apr\u00e8s vu par les jeunes Ambassadeurs et Ambassadrices de ONE.","og_url":"https:\/\/www.one.org\/fr\/actualites\/le-monde-dapres-jeunes-ambassadeurs\/","og_site_name":"ONE.org France","article_publisher":"https:\/\/www.facebook.com\/ONE.Fr","article_published_time":"2020-05-20T12:29:08+00:00","article_modified_time":"2023-09-11T22:23:45+00:00","og_image":[{"url":"https:\/\/cdn.one.org\/fr\/wp-content\/uploads\/2020\/04\/01160052\/featured_OW_2020_whatyoucando_social_1200x628.png","type":"","width":"","height":""}],"author":"Dana Khalil","twitter_card":"summary_large_image","twitter_title":"Le monde d'apr\u00e8s vu par nos jeunes Ambassadeur.rice.s","twitter_creator":"@one_fr","twitter_site":"@one_fr","twitter_misc":{"Written by":"Dana Khalil","Est. reading time":"14 minutes"},"schema":{"@context":"https:\/\/schema.org","@graph":[{"@type":"Article","@id":"https:\/\/www.one.org\/fr\/actualites\/le-monde-dapres-jeunes-ambassadeurs\/#article","isPartOf":{"@id":"https:\/\/www.one.org\/fr\/actualites\/le-monde-dapres-jeunes-ambassadeurs\/"},"author":{"name":"Dana Khalil","@id":"https:\/\/www.one.org\/fr\/#\/schema\/person\/cf1f30f9800f0592ec3d61940be82003"},"headline":"Le monde d&#8217;apr\u00e8s vu par nos jeunes Ambassadeur.rice.s","datePublished":"2020-05-20T12:29:08+00:00","dateModified":"2023-09-11T22:23:45+00:00","mainEntityOfPage":{"@id":"https:\/\/www.one.org\/fr\/actualites\/le-monde-dapres-jeunes-ambassadeurs\/"},"wordCount":2822,"commentCount":0,"image":{"@id":"https:\/\/www.one.org\/fr\/actualites\/le-monde-dapres-jeunes-ambassadeurs\/#primaryimage"},"thumbnailUrl":"https:\/\/www.one.org\/fr\/wp-content\/uploads\/sites\/4\/2020\/05\/OW_2020_whatyoucando_featured_1200x1200-3.png","articleSection":["ONE"],"inLanguage":"fr-FR","potentialAction":[{"@type":"CommentAction","name":"Comment","target":["https:\/\/www.one.org\/fr\/actualites\/le-monde-dapres-jeunes-ambassadeurs\/#respond"]}]},{"@type":"WebPage","@id":"https:\/\/www.one.org\/fr\/actualites\/le-monde-dapres-jeunes-ambassadeurs\/","url":"https:\/\/www.one.org\/fr\/actualites\/le-monde-dapres-jeunes-ambassadeurs\/","name":"Le monde d'apr\u00e8s vu par nos jeunes Ambassadeur.rice.s - ONE.org France","isPartOf":{"@id":"https:\/\/www.one.org\/fr\/#website"},"primaryImageOfPage":{"@id":"https:\/\/www.one.org\/fr\/actualites\/le-monde-dapres-jeunes-ambassadeurs\/#primaryimage"},"image":{"@id":"https:\/\/www.one.org\/fr\/actualites\/le-monde-dapres-jeunes-ambassadeurs\/#primaryimage"},"thumbnailUrl":"https:\/\/www.one.org\/fr\/wp-content\/uploads\/sites\/4\/2020\/05\/OW_2020_whatyoucando_featured_1200x1200-3.png","datePublished":"2020-05-20T12:29:08+00:00","dateModified":"2023-09-11T22:23:45+00:00","author":{"@id":"https:\/\/www.one.org\/fr\/#\/schema\/person\/cf1f30f9800f0592ec3d61940be82003"},"description":"Quels enseignements devons-nous tirer de la crise mondiale du COVID-19 ? D\u00e9couvrez le monde d'apr\u00e8s vu par les jeunes Ambassadeurs et Ambassadrices de ONE.","breadcrumb":{"@id":"https:\/\/www.one.org\/fr\/actualites\/le-monde-dapres-jeunes-ambassadeurs\/#breadcrumb"},"inLanguage":"fr-FR","potentialAction":[{"@type":"ReadAction","target":["https:\/\/www.one.org\/fr\/actualites\/le-monde-dapres-jeunes-ambassadeurs\/"]}]},{"@type":"ImageObject","inLanguage":"fr-FR","@id":"https:\/\/www.one.org\/fr\/actualites\/le-monde-dapres-jeunes-ambassadeurs\/#primaryimage","url":"https:\/\/www.one.org\/fr\/wp-content\/uploads\/sites\/4\/2020\/05\/OW_2020_whatyoucando_featured_1200x1200-3.png","contentUrl":"https:\/\/www.one.org\/fr\/wp-content\/uploads\/sites\/4\/2020\/05\/OW_2020_whatyoucando_featured_1200x1200-3.png","width":1200,"height":1200},{"@type":"BreadcrumbList","@id":"https:\/\/www.one.org\/fr\/actualites\/le-monde-dapres-jeunes-ambassadeurs\/#breadcrumb","itemListElement":[{"@type":"ListItem","position":1,"name":"Home","item":"https:\/\/www.one.org\/fr\/"},{"@type":"ListItem","position":2,"name":"Le monde d&#8217;apr\u00e8s vu par nos jeunes Ambassadeur.rice.s"}]},{"@type":"WebSite","@id":"https:\/\/www.one.org\/fr\/#website","url":"https:\/\/www.one.org\/fr\/","name":"ONE.org","description":"Cr\u00e9er des opportunit\u00e9s \u00e9conomiques et am\u00e9liorer la sant\u00e9 en Afrique","potentialAction":[{"@type":"SearchAction","target":{"@type":"EntryPoint","urlTemplate":"https:\/\/www.one.org\/fr\/?s={search_term_string}"},"query-input":{"@type":"PropertyValueSpecification","valueRequired":true,"valueName":"search_term_string"}}],"inLanguage":"fr-FR"},{"@type":"Person","@id":"https:\/\/www.one.org\/fr\/#\/schema\/person\/cf1f30f9800f0592ec3d61940be82003","name":"Dana Khalil","image":{"@type":"ImageObject","inLanguage":"fr-FR","@id":"https:\/\/www.one.org\/fr\/#\/schema\/person\/image\/","url":"https:\/\/secure.gravatar.com\/avatar\/b0da536f00ccefadcc7aae4e64855977a5249adb1ac04162a69474e53a8d4c40?s=96&d=mm&r=g","contentUrl":"https:\/\/secure.gravatar.com\/avatar\/b0da536f00ccefadcc7aae4e64855977a5249adb1ac04162a69474e53a8d4c40?s=96&d=mm&r=g","caption":"Dana Khalil"},"url":"https:\/\/www.one.org\/fr\/actualites\/author\/danakhalil\/"}]}},"distributor_meta":false,"distributor_terms":false,"distributor_media":false,"distributor_original_site_name":"ONE.org France","distributor_original_site_url":"https:\/\/www.one.org\/fr","push-errors":false,"_links":{"self":[{"href":"https:\/\/www.one.org\/fr\/wp-json\/wp\/v2\/posts\/162419","targetHints":{"allow":["GET"]}}],"collection":[{"href":"https:\/\/www.one.org\/fr\/wp-json\/wp\/v2\/posts"}],"about":[{"href":"https:\/\/www.one.org\/fr\/wp-json\/wp\/v2\/types\/post"}],"author":[{"embeddable":true,"href":"https:\/\/www.one.org\/fr\/wp-json\/wp\/v2\/users\/24"}],"replies":[{"embeddable":true,"href":"https:\/\/www.one.org\/fr\/wp-json\/wp\/v2\/comments?post=162419"}],"version-history":[{"count":0,"href":"https:\/\/www.one.org\/fr\/wp-json\/wp\/v2\/posts\/162419\/revisions"}],"wp:featuredmedia":[{"embeddable":true,"href":"https:\/\/www.one.org\/fr\/wp-json\/wp\/v2\/media\/163233"}],"wp:attachment":[{"href":"https:\/\/www.one.org\/fr\/wp-json\/wp\/v2\/media?parent=162419"}],"wp:term":[{"taxonomy":"category","embeddable":true,"href":"https:\/\/www.one.org\/fr\/wp-json\/wp\/v2\/categories?post=162419"},{"taxonomy":"post_tag","embeddable":true,"href":"https:\/\/www.one.org\/fr\/wp-json\/wp\/v2\/tags?post=162419"},{"taxonomy":"topic","embeddable":true,"href":"https:\/\/www.one.org\/fr\/wp-json\/wp\/v2\/topic?post=162419"},{"taxonomy":"contributor","embeddable":true,"href":"https:\/\/www.one.org\/fr\/wp-json\/wp\/v2\/contributor?post=162419"},{"taxonomy":"one_content_audience","embeddable":true,"href":"https:\/\/www.one.org\/fr\/wp-json\/wp\/v2\/one_content_audience?post=162419"},{"taxonomy":"one_content_type","embeddable":true,"href":"https:\/\/www.one.org\/fr\/wp-json\/wp\/v2\/one_content_type?post=162419"},{"taxonomy":"one_content_tone","embeddable":true,"href":"https:\/\/www.one.org\/fr\/wp-json\/wp\/v2\/one_content_tone?post=162419"}],"curies":[{"name":"wp","href":"https:\/\/api.w.org\/{rel}","templated":true}]}}