{"id":162414,"date":"2020-04-27T10:06:50","date_gmt":"2020-04-27T10:06:50","guid":{"rendered":"https:\/\/www.one.org\/fr\/pourquoi-les-idees-recues-associees-aux-vaccins-sont-elles-mortelles\/"},"modified":"2023-09-11T22:24:04","modified_gmt":"2023-09-11T22:24:04","slug":"idees-recues-vaccins-mortelles","status":"publish","type":"post","link":"https:\/\/www.one.org\/fr\/actualites\/idees-recues-vaccins-mortelles\/","title":{"rendered":"Pourquoi les id\u00e9es re\u00e7ues associ\u00e9es aux vaccins sont-elles mortelles ?"},"content":{"rendered":"<p>Nous vivons actuellement une crise sanitaire plan&eacute;taire. En effet, si le COVID-19 a d&eacute;marr&eacute; en Chine, force est de constater qu&rsquo;il n&rsquo;&eacute;pargne plus aucun pays. Le virus gagne progressivement l&rsquo;un des continents regroupant les pays les plus pauvres de la plan&egrave;te, &agrave; savoir l&rsquo;Afrique. Si les pays africains ont tir&eacute; des le&ccedil;ons de la crise Ebola, survenue il y a quelques ann&eacute;es, gardons toutefois &agrave; l&rsquo;esprit que nous ne sommes pas tous &eacute;gaux face &agrave; cette pand&eacute;mie. Les pays les plus vuln&eacute;rables seront ceux qui en p&acirc;tiront le plus, notamment par manque de structures sanitaires efficientes pour contrer le virus. Cette situation dramatique dans laquelle nous nous trouvons nous rappelle que les virus ne connaissent pas de fronti&egrave;res.<\/p>\n<p>C&rsquo;est pourquoi nous ne pouvons pas c&eacute;der au repli national et laisser de c&ocirc;t&eacute; les pays les plus pauvres. En ces temps difficiles, nous nous devons, d&rsquo;une part, de faire preuve d&rsquo;une solidarit&eacute; infaillible, mais aussi de mettre l&rsquo;accent sur les gestes qui sauvent, comme la vaccination. Les experts et expertes m&eacute;dicaux et scientifiques travaillent actuellement &agrave; la mise en place d&rsquo;un vaccin capable de gu&eacute;rir le COVID-19. La Chine a d&rsquo;ailleurs commenc&eacute; &agrave; tester un vaccin sur une centaine de volontaires depuis le 17 mars. Si, au sein des pays d&eacute;velopp&eacute;s, ce traitement est impatiemment attendu et per&ccedil;u comme une solution miracle qui mettrait fin &agrave; cette crise sanitaire, rappelons que les vaccins ne sont pas accept&eacute;s dans toutes les r&eacute;gions du monde.<\/p>\n<h3><strong>Pour la petite histoire<\/strong><\/h3>\n<p>Nombreux sont ceux qui attribuent la d&eacute;couverte du vaccin &agrave; Louis Pasteur. Cependant, <strong><a href=\"https:\/\/www.herodote.net\/14_mai_1796-evenement-17960514.php\">Edward Jenner est en r&eacute;alit&eacute; consid&eacute;r&eacute; comme le p&egrave;re de l&rsquo;immunologie<\/a><\/strong>. En effet, en 1796, ce scientifique britannique est le premier &agrave; constater que les fermiers en contact avec des vaches atteintes de &laquo; vaccine &raquo; ne contractaient pas le virus de la &laquo; variole &raquo;. &Agrave; la suite de cette observation, et pour confirmer son hypoth&egrave;se, il inocule &agrave; James Phipps, &acirc;g&eacute; de 8 ans et atteint de variole, le pus de la vaccine. Trois mois plus tard, il lui injecte le virus de la variole, mais l&rsquo;enfant ne d&eacute;veloppe pas la maladie. C&rsquo;est ainsi qu&rsquo;Edward Jenner prouve que la vaccine immunise les patients atteints de variole par formation d&rsquo;anticorps propres &agrave; lutter contre l&rsquo;infection.<\/p>\n<p>Malgr&eacute; cette d&eacute;couverte scientifique majeure, qui sera plus tard approfondie par Pasteur, beaucoup de personnes sont encore r&eacute;ticentes &agrave; la vaccination.<\/p>\n<h3>Quelques pr&eacute;jug&eacute;s r&eacute;currents<\/h3>\n<ul>\n<li><em><strong>Un poison cr&eacute;&eacute; par &laquo; l&rsquo;homme blanc &raquo;, h&eacute;ritier du pass&eacute; colonial&hellip;<\/strong><\/em><\/li>\n<\/ul>\n<p>Les populations issues d&rsquo;Afrique subsaharienne auraient tendance &agrave; croire que les vaccins, import&eacute;s d&rsquo;Occident, les rendraient plus malades qu&rsquo;ils ne le sont d&eacute;j&agrave;. Selon l&rsquo;&eacute;tudiant en 5&egrave;me ann&eacute;e de m&eacute;decine et stagiaire au sein des h&ocirc;pitaux de Guin&eacute;e, Aboubacar Sidiki Sangar&eacute;, cela est li&eacute;, d&rsquo;une part, aux cons&eacute;quences de la colonisation, et d&rsquo;autre part, il affirme que, m&ecirc;me si la situation est meilleure dans certaines r&eacute;gions, les gens restent majoritairement mal inform&eacute;s, d&rsquo;o&ugrave; leur m&eacute;fiance vis-&agrave;-vis des vaccins.<\/p>\n<ul>\n<li><em><strong>&hellip;qui permettrait d&rsquo;exercer son contr&ocirc;le sur la d&eacute;mographie africaine<\/strong><\/em><\/li>\n<\/ul>\n<p>Les vaccins seraient aussi &agrave; l&rsquo;origine de la st&eacute;rilisation des femmes. En effet, une croyance populaire selon laquelle les Occidentaux auraient pour objectif de diminuer les taux de natalit&eacute; afin de contr&ocirc;ler la d&eacute;mographie africaine circulerait dans certains pays d&rsquo;Afrique subsaharienne, comme la Guin&eacute;e Conakry. C&rsquo;est pourquoi les m&egrave;res, principalement en charge de l&rsquo;&eacute;ducation de leurs enfants, ont tendance &agrave; faire vacciner leurs gar&ccedil;ons plut&ocirc;t que leurs filles, explique M. Sangar&eacute;.<\/p>\n<ul>\n<li><em><strong>La m&eacute;decine traditionnelle, un rem&egrave;de privil&eacute;gi&eacute;<\/strong><\/em><\/li>\n<\/ul>\n<p>&laquo; Dans notre culture, on ne conna&icirc;t pas la vaccination : tout ce qui est exog&egrave;ne &agrave; notre tradition est n&eacute;faste &agrave; notre survie &raquo;. Selon l&rsquo;&eacute;tudiant, certaines communaut&eacute;s, telles que les Soussous, favorisent l&rsquo;indig&eacute;nat&nbsp;: ils pr&eacute;f&egrave;rent se rendre au village pour trouver des plantes m&eacute;dicinales qui leur permettraient de gu&eacute;rir leur pathologie. Cependant, explique M. Sangar&eacute;, la plupart de ces personnes finissent par envisager l&rsquo;h&ocirc;pital comme dernier recours lorsque leur &eacute;tat s&rsquo;aggrave.<\/p>\n<h3>D&rsquo;o&ugrave; viennent ces pr&eacute;jug&eacute;s et cette r&eacute;ticence &agrave; la vaccination ?<\/h3>\n<blockquote>\n<p><em>&laquo; La rencontre singuli&egrave;re entre les agents de sant&eacute; et les membres de la communaut&eacute; est le point de d&eacute;part de la construction de la confiance que d&eacute;veloppent les utilisateurs des services de sant&eacute; en leur syst&egrave;me de sant&eacute; &raquo; <\/em><\/p>\n<p><em>&ndash; Drissa Sia, chercheur postdoctoral en sant&eacute; publique au sein de l&rsquo;Institute for Health and Social Policy de l&rsquo;universit&eacute; McGill &agrave; Montr&eacute;al.<\/em><\/p>\n<\/blockquote>\n<p>Le chercheur Drissa Sia explique dans <em>30 id&eacute;es re&ccedil;ues en sant&eacute; mondiale<\/em> que, au sein des pays &agrave; faible revenu, l&rsquo;analphab&eacute;tisme touche une grande partie de la population. Selon les professionnels de sant&eacute; de ces pays, cela pourrait participer &agrave; un mauvais &eacute;tat de sant&eacute;. <em>&laquo; Les populations analphab&egrave;tes ignorent l&rsquo;importance des vaccins pour leurs enfants, si bien qu&rsquo;elles refusent de les faire vacciner &raquo;<\/em>. Construire une relation de confiance entre les soignants et les patients serait donc la condition <em>sine qua non <\/em>qui permettrait d&rsquo;&eacute;radiquer le scepticisme existant &agrave; l&rsquo;encontre de la vaccination. Des solutions sont d&eacute;j&agrave; mises en place dans plusieurs pays : certains agents de sant&eacute; s&rsquo;organisent pour pouvoir se d&eacute;placer dans les zones g&eacute;ographiques les plus recul&eacute;es afin d&rsquo;acc&eacute;der aux populations les plus enclav&eacute;es.<\/p>\n<p>De plus, la multiplication des programmes de sensibilisation &agrave; destination des populations vivant en zone rurale pourrait cr&eacute;er un lien de confiance entre ces derniers et leur syst&egrave;me de sant&eacute;. Cependant, le chercheur Drissa Sia met en garde les centres de sant&eacute; contre l&rsquo;infantilisation de leurs patients, au risque que ces derniers soient plus r&eacute;ticents aux recommandations m&eacute;dicales et refusent les traitements pr&eacute;conis&eacute;s.<\/p>\n<h3>Cons&eacute;quences de la non-vaccination<\/h3>\n<p>Nous ne sommes pas tous &eacute;gaux face &agrave; la non-vaccination. En France, si les parents qui refusent de faire vacciner leurs enfants encourent, entre autres, le risque de ne pas pouvoir inscrire ces derniers en collectivit&eacute;, il faut savoir que, dans les pays les plus pauvres, le risque encouru est mortel. En effet, en 2019, l&rsquo;OMS a d&eacute;clar&eacute; que <strong><a href=\"https:\/\/www.who.int\/news-room\/feature-stories\/ten-threats-to-global-health-in-2019\">le scepticisme &agrave; l&rsquo;&eacute;gard de la vaccination &eacute;tait l&rsquo;une des 10 menaces les plus importantes &agrave; la sant&eacute; mondiale<\/a><\/strong>. L&rsquo;h&eacute;sitation &agrave; l&rsquo;&eacute;gard des vaccins pourrait mettre en p&eacute;ril tous les efforts r&eacute;alis&eacute;s envers l&rsquo;&eacute;radication de certaines maladies. Face au scepticisme concernant la vaccination, certaines maladies mortelles ont refait surface ces derni&egrave;res ann&eacute;es. Par exemple, les cas de rougeole dans le monde ont augment&eacute; de 30%.<\/p>\n<p>De plus, rappelons que l&rsquo;importance et l&rsquo;efficacit&eacute; des vaccins se sont av&eacute;r&eacute;es &agrave; plusieurs reprises. En effet, lors de la crise Ebola, <strong><a href=\"https:\/\/www.gavi.org\/fr\">Gavi, l&rsquo;Alliance du vaccin<\/a><\/strong><u>,<\/u> a engag&eacute; un montant de 5 millions de dollars pour financer l&rsquo;achat d&rsquo;un vaccin exp&eacute;rimental valid&eacute; et recommand&eacute; par l&rsquo;OMS pour lutter contre la maladie. Ces vaccins ont ensuite &eacute;t&eacute; mis &agrave; la disposition des populations en RDC durant l&rsquo;&eacute;pid&eacute;mie de 2019 et sont reconnus pour avoir contribu&eacute; &agrave; emp&ecirc;cher la propagation du virus.<\/p>\n<p>Bien qu&rsquo;il n&rsquo;existe pas encore de vaccin pour le COVID-19, Gavi pourrait jouer un r&ocirc;le essentiel en veillant &agrave; ce qu&rsquo;un futur vaccin soit mis &agrave; la disposition des populations pauvres et vuln&eacute;rables.<\/p>\n<p>C&rsquo;est pourquoi il est important que les mentalit&eacute;s &eacute;voluent sur les pr&eacute;jug&eacute;s car, si on se vaccine d&rsquo;abord pour soi, on se vaccine aussi pour prot&eacute;ger les autres.<\/p>\n<div class=\"buffer\"><\/div>","protected":false},"excerpt":{"rendered":"<p>Nous vivons actuellement une crise sanitaire plan&eacute;taire. En effet, si le COVID-19 a d&eacute;marr&eacute; en Chine, force est de constater qu&rsquo;il n&rsquo;&eacute;pargne plus aucun pays. Le virus gagne progressivement l&rsquo;un des continents regroupant les pays les plus pauvres de la plan&egrave;te, &agrave; savoir l&rsquo;Afrique. Si les pays africains ont tir&eacute; des le&ccedil;ons de la crise [&hellip;]<\/p>\n","protected":false},"author":24,"featured_media":163241,"comment_status":"open","ping_status":"open","sticky":false,"template":"","format":"standard","meta":{"_acf_changed":false,"_relevanssi_hide_post":"","_relevanssi_hide_content":"","_relevanssi_pin_for_all":"","_relevanssi_pin_keywords":"","_relevanssi_unpin_keywords":"","_relevanssi_related_keywords":"","_relevanssi_related_include_ids":"","_relevanssi_related_exclude_ids":"","_relevanssi_related_no_append":"","_relevanssi_related_not_related":"","_relevanssi_related_posts":"","_relevanssi_noindex_reason":"","footnotes":""},"categories":[34],"tags":[],"topic":[38],"contributor":[50],"one_content_audience":[],"one_content_type":[],"one_content_tone":[],"class_list":["post-162414","post","type-post","status-publish","format-standard","has-post-thumbnail","hentry","category-one","topic-sante","contributor-djene-diane"],"acf":[],"yoast_head":"<!-- This site is optimized with the Yoast SEO Premium plugin v27.1 (Yoast SEO v27.1.1) - https:\/\/yoast.com\/product\/yoast-seo-premium-wordpress\/ -->\n<title>Pourquoi les id\u00e9es re\u00e7ues associ\u00e9es aux vaccins sont-elles mortelles ? - ONE.org France<\/title>\n<meta name=\"description\" content=\"D\u00e9couvrez d&#039;o\u00f9 viennent les id\u00e9es re\u00e7ues associ\u00e9es aux vaccins et pourquoi il est crucial d&#039;en venir \u00e0 bout, notamment dans les pays les plus pauvres.\" \/>\n<meta name=\"robots\" content=\"index, follow, max-snippet:-1, max-image-preview:large, max-video-preview:-1\" \/>\n<link rel=\"canonical\" href=\"https:\/\/www.one.org\/fr\/actualites\/idees-recues-vaccins-mortelles\/\" \/>\n<meta property=\"og:locale\" content=\"fr_FR\" \/>\n<meta property=\"og:type\" content=\"article\" \/>\n<meta property=\"og:title\" content=\"Pourquoi les id\u00e9es re\u00e7ues associ\u00e9es aux vaccins sont-elles mortelles ?\" \/>\n<meta property=\"og:description\" content=\"D\u00e9couvrez d&#039;o\u00f9 viennent les id\u00e9es re\u00e7ues associ\u00e9es aux vaccins et pourquoi il est crucial d&#039;en venir \u00e0 bout, notamment dans les pays les plus pauvres.\" \/>\n<meta property=\"og:url\" content=\"https:\/\/www.one.org\/fr\/actualites\/idees-recues-vaccins-mortelles\/\" \/>\n<meta property=\"og:site_name\" content=\"ONE.org France\" \/>\n<meta property=\"article:publisher\" content=\"https:\/\/www.facebook.com\/ONE.Fr\" \/>\n<meta property=\"article:published_time\" content=\"2020-04-27T10:06:50+00:00\" \/>\n<meta property=\"article:modified_time\" content=\"2023-09-11T22:24:04+00:00\" \/>\n<meta property=\"og:image\" content=\"https:\/\/cdn.one.org\/fr\/wp-content\/uploads\/2020\/04\/24101528\/national-cancer-institute-fi3zHLxWrYw-unsplash-640x512-1.jpg\" \/>\n<meta name=\"author\" content=\"Dana Khalil\" \/>\n<meta name=\"twitter:card\" content=\"summary_large_image\" \/>\n<meta name=\"twitter:title\" content=\"Pourquoi les id\u00e9es re\u00e7ues associ\u00e9es aux vaccins sont-elles mortelles ?\" \/>\n<meta name=\"twitter:creator\" content=\"@one_fr\" \/>\n<meta name=\"twitter:site\" content=\"@one_fr\" \/>\n<meta name=\"twitter:label1\" content=\"Written by\" \/>\n\t<meta name=\"twitter:data1\" content=\"Dana Khalil\" \/>\n\t<meta name=\"twitter:label2\" content=\"Est. reading time\" \/>\n\t<meta name=\"twitter:data2\" content=\"8 minutes\" \/>\n<script type=\"application\/ld+json\" class=\"yoast-schema-graph\">{\"@context\":\"https:\/\/schema.org\",\"@graph\":[{\"@type\":\"Article\",\"@id\":\"https:\/\/www.one.org\/fr\/actualites\/idees-recues-vaccins-mortelles\/#article\",\"isPartOf\":{\"@id\":\"https:\/\/www.one.org\/fr\/actualites\/idees-recues-vaccins-mortelles\/\"},\"author\":{\"name\":\"Dana Khalil\",\"@id\":\"https:\/\/www.one.org\/fr\/#\/schema\/person\/cf1f30f9800f0592ec3d61940be82003\"},\"headline\":\"Pourquoi les id\u00e9es re\u00e7ues associ\u00e9es aux vaccins sont-elles mortelles ?\",\"datePublished\":\"2020-04-27T10:06:50+00:00\",\"dateModified\":\"2023-09-11T22:24:04+00:00\",\"mainEntityOfPage\":{\"@id\":\"https:\/\/www.one.org\/fr\/actualites\/idees-recues-vaccins-mortelles\/\"},\"wordCount\":1586,\"commentCount\":0,\"image\":{\"@id\":\"https:\/\/www.one.org\/fr\/actualites\/idees-recues-vaccins-mortelles\/#primaryimage\"},\"thumbnailUrl\":\"https:\/\/www.one.org\/fr\/wp-content\/uploads\/sites\/4\/2020\/04\/national-cancer-institute-fi3zHLxWrYw-unsplash-640x512-1.jpg\",\"articleSection\":[\"ONE\"],\"inLanguage\":\"fr-FR\",\"potentialAction\":[{\"@type\":\"CommentAction\",\"name\":\"Comment\",\"target\":[\"https:\/\/www.one.org\/fr\/actualites\/idees-recues-vaccins-mortelles\/#respond\"]}]},{\"@type\":\"WebPage\",\"@id\":\"https:\/\/www.one.org\/fr\/actualites\/idees-recues-vaccins-mortelles\/\",\"url\":\"https:\/\/www.one.org\/fr\/actualites\/idees-recues-vaccins-mortelles\/\",\"name\":\"Pourquoi les id\u00e9es re\u00e7ues associ\u00e9es aux vaccins sont-elles mortelles ? - ONE.org France\",\"isPartOf\":{\"@id\":\"https:\/\/www.one.org\/fr\/#website\"},\"primaryImageOfPage\":{\"@id\":\"https:\/\/www.one.org\/fr\/actualites\/idees-recues-vaccins-mortelles\/#primaryimage\"},\"image\":{\"@id\":\"https:\/\/www.one.org\/fr\/actualites\/idees-recues-vaccins-mortelles\/#primaryimage\"},\"thumbnailUrl\":\"https:\/\/www.one.org\/fr\/wp-content\/uploads\/sites\/4\/2020\/04\/national-cancer-institute-fi3zHLxWrYw-unsplash-640x512-1.jpg\",\"datePublished\":\"2020-04-27T10:06:50+00:00\",\"dateModified\":\"2023-09-11T22:24:04+00:00\",\"author\":{\"@id\":\"https:\/\/www.one.org\/fr\/#\/schema\/person\/cf1f30f9800f0592ec3d61940be82003\"},\"description\":\"D\u00e9couvrez d'o\u00f9 viennent les id\u00e9es re\u00e7ues associ\u00e9es aux vaccins et pourquoi il est crucial d'en venir \u00e0 bout, notamment dans les pays les plus pauvres.\",\"breadcrumb\":{\"@id\":\"https:\/\/www.one.org\/fr\/actualites\/idees-recues-vaccins-mortelles\/#breadcrumb\"},\"inLanguage\":\"fr-FR\",\"potentialAction\":[{\"@type\":\"ReadAction\",\"target\":[\"https:\/\/www.one.org\/fr\/actualites\/idees-recues-vaccins-mortelles\/\"]}]},{\"@type\":\"ImageObject\",\"inLanguage\":\"fr-FR\",\"@id\":\"https:\/\/www.one.org\/fr\/actualites\/idees-recues-vaccins-mortelles\/#primaryimage\",\"url\":\"https:\/\/www.one.org\/fr\/wp-content\/uploads\/sites\/4\/2020\/04\/national-cancer-institute-fi3zHLxWrYw-unsplash-640x512-1.jpg\",\"contentUrl\":\"https:\/\/www.one.org\/fr\/wp-content\/uploads\/sites\/4\/2020\/04\/national-cancer-institute-fi3zHLxWrYw-unsplash-640x512-1.jpg\",\"width\":640,\"height\":512},{\"@type\":\"BreadcrumbList\",\"@id\":\"https:\/\/www.one.org\/fr\/actualites\/idees-recues-vaccins-mortelles\/#breadcrumb\",\"itemListElement\":[{\"@type\":\"ListItem\",\"position\":1,\"name\":\"Home\",\"item\":\"https:\/\/www.one.org\/fr\/\"},{\"@type\":\"ListItem\",\"position\":2,\"name\":\"Pourquoi les id\u00e9es re\u00e7ues associ\u00e9es aux vaccins sont-elles mortelles ?\"}]},{\"@type\":\"WebSite\",\"@id\":\"https:\/\/www.one.org\/fr\/#website\",\"url\":\"https:\/\/www.one.org\/fr\/\",\"name\":\"ONE.org\",\"description\":\"Cr\u00e9er des opportunit\u00e9s \u00e9conomiques et am\u00e9liorer la sant\u00e9 en Afrique\",\"potentialAction\":[{\"@type\":\"SearchAction\",\"target\":{\"@type\":\"EntryPoint\",\"urlTemplate\":\"https:\/\/www.one.org\/fr\/?s={search_term_string}\"},\"query-input\":{\"@type\":\"PropertyValueSpecification\",\"valueRequired\":true,\"valueName\":\"search_term_string\"}}],\"inLanguage\":\"fr-FR\"},{\"@type\":\"Person\",\"@id\":\"https:\/\/www.one.org\/fr\/#\/schema\/person\/cf1f30f9800f0592ec3d61940be82003\",\"name\":\"Dana Khalil\",\"image\":{\"@type\":\"ImageObject\",\"inLanguage\":\"fr-FR\",\"@id\":\"https:\/\/www.one.org\/fr\/#\/schema\/person\/image\/\",\"url\":\"https:\/\/secure.gravatar.com\/avatar\/b0da536f00ccefadcc7aae4e64855977a5249adb1ac04162a69474e53a8d4c40?s=96&d=mm&r=g\",\"contentUrl\":\"https:\/\/secure.gravatar.com\/avatar\/b0da536f00ccefadcc7aae4e64855977a5249adb1ac04162a69474e53a8d4c40?s=96&d=mm&r=g\",\"caption\":\"Dana Khalil\"},\"url\":\"https:\/\/www.one.org\/fr\/actualites\/author\/danakhalil\/\"}]}<\/script>\n<!-- \/ Yoast SEO Premium plugin. -->","yoast_head_json":{"title":"Pourquoi les id\u00e9es re\u00e7ues associ\u00e9es aux vaccins sont-elles mortelles ? - ONE.org France","description":"D\u00e9couvrez d'o\u00f9 viennent les id\u00e9es re\u00e7ues associ\u00e9es aux vaccins et pourquoi il est crucial d'en venir \u00e0 bout, notamment dans les pays les plus pauvres.","robots":{"index":"index","follow":"follow","max-snippet":"max-snippet:-1","max-image-preview":"max-image-preview:large","max-video-preview":"max-video-preview:-1"},"canonical":"https:\/\/www.one.org\/fr\/actualites\/idees-recues-vaccins-mortelles\/","og_locale":"fr_FR","og_type":"article","og_title":"Pourquoi les id\u00e9es re\u00e7ues associ\u00e9es aux vaccins sont-elles mortelles ?","og_description":"D\u00e9couvrez d&#039;o\u00f9 viennent les id\u00e9es re\u00e7ues associ\u00e9es aux vaccins et pourquoi il est crucial d&#039;en venir \u00e0 bout, notamment dans les pays les plus pauvres.","og_url":"https:\/\/www.one.org\/fr\/actualites\/idees-recues-vaccins-mortelles\/","og_site_name":"ONE.org France","article_publisher":"https:\/\/www.facebook.com\/ONE.Fr","article_published_time":"2020-04-27T10:06:50+00:00","article_modified_time":"2023-09-11T22:24:04+00:00","og_image":[{"url":"https:\/\/cdn.one.org\/fr\/wp-content\/uploads\/2020\/04\/24101528\/national-cancer-institute-fi3zHLxWrYw-unsplash-640x512-1.jpg","type":"","width":"","height":""}],"author":"Dana Khalil","twitter_card":"summary_large_image","twitter_title":"Pourquoi les id\u00e9es re\u00e7ues associ\u00e9es aux vaccins sont-elles mortelles ?","twitter_creator":"@one_fr","twitter_site":"@one_fr","twitter_misc":{"Written by":"Dana Khalil","Est. reading time":"8 minutes"},"schema":{"@context":"https:\/\/schema.org","@graph":[{"@type":"Article","@id":"https:\/\/www.one.org\/fr\/actualites\/idees-recues-vaccins-mortelles\/#article","isPartOf":{"@id":"https:\/\/www.one.org\/fr\/actualites\/idees-recues-vaccins-mortelles\/"},"author":{"name":"Dana Khalil","@id":"https:\/\/www.one.org\/fr\/#\/schema\/person\/cf1f30f9800f0592ec3d61940be82003"},"headline":"Pourquoi les id\u00e9es re\u00e7ues associ\u00e9es aux vaccins sont-elles mortelles ?","datePublished":"2020-04-27T10:06:50+00:00","dateModified":"2023-09-11T22:24:04+00:00","mainEntityOfPage":{"@id":"https:\/\/www.one.org\/fr\/actualites\/idees-recues-vaccins-mortelles\/"},"wordCount":1586,"commentCount":0,"image":{"@id":"https:\/\/www.one.org\/fr\/actualites\/idees-recues-vaccins-mortelles\/#primaryimage"},"thumbnailUrl":"https:\/\/www.one.org\/fr\/wp-content\/uploads\/sites\/4\/2020\/04\/national-cancer-institute-fi3zHLxWrYw-unsplash-640x512-1.jpg","articleSection":["ONE"],"inLanguage":"fr-FR","potentialAction":[{"@type":"CommentAction","name":"Comment","target":["https:\/\/www.one.org\/fr\/actualites\/idees-recues-vaccins-mortelles\/#respond"]}]},{"@type":"WebPage","@id":"https:\/\/www.one.org\/fr\/actualites\/idees-recues-vaccins-mortelles\/","url":"https:\/\/www.one.org\/fr\/actualites\/idees-recues-vaccins-mortelles\/","name":"Pourquoi les id\u00e9es re\u00e7ues associ\u00e9es aux vaccins sont-elles mortelles ? - ONE.org France","isPartOf":{"@id":"https:\/\/www.one.org\/fr\/#website"},"primaryImageOfPage":{"@id":"https:\/\/www.one.org\/fr\/actualites\/idees-recues-vaccins-mortelles\/#primaryimage"},"image":{"@id":"https:\/\/www.one.org\/fr\/actualites\/idees-recues-vaccins-mortelles\/#primaryimage"},"thumbnailUrl":"https:\/\/www.one.org\/fr\/wp-content\/uploads\/sites\/4\/2020\/04\/national-cancer-institute-fi3zHLxWrYw-unsplash-640x512-1.jpg","datePublished":"2020-04-27T10:06:50+00:00","dateModified":"2023-09-11T22:24:04+00:00","author":{"@id":"https:\/\/www.one.org\/fr\/#\/schema\/person\/cf1f30f9800f0592ec3d61940be82003"},"description":"D\u00e9couvrez d'o\u00f9 viennent les id\u00e9es re\u00e7ues associ\u00e9es aux vaccins et pourquoi il est crucial d'en venir \u00e0 bout, notamment dans les pays les plus pauvres.","breadcrumb":{"@id":"https:\/\/www.one.org\/fr\/actualites\/idees-recues-vaccins-mortelles\/#breadcrumb"},"inLanguage":"fr-FR","potentialAction":[{"@type":"ReadAction","target":["https:\/\/www.one.org\/fr\/actualites\/idees-recues-vaccins-mortelles\/"]}]},{"@type":"ImageObject","inLanguage":"fr-FR","@id":"https:\/\/www.one.org\/fr\/actualites\/idees-recues-vaccins-mortelles\/#primaryimage","url":"https:\/\/www.one.org\/fr\/wp-content\/uploads\/sites\/4\/2020\/04\/national-cancer-institute-fi3zHLxWrYw-unsplash-640x512-1.jpg","contentUrl":"https:\/\/www.one.org\/fr\/wp-content\/uploads\/sites\/4\/2020\/04\/national-cancer-institute-fi3zHLxWrYw-unsplash-640x512-1.jpg","width":640,"height":512},{"@type":"BreadcrumbList","@id":"https:\/\/www.one.org\/fr\/actualites\/idees-recues-vaccins-mortelles\/#breadcrumb","itemListElement":[{"@type":"ListItem","position":1,"name":"Home","item":"https:\/\/www.one.org\/fr\/"},{"@type":"ListItem","position":2,"name":"Pourquoi les id\u00e9es re\u00e7ues associ\u00e9es aux vaccins sont-elles mortelles ?"}]},{"@type":"WebSite","@id":"https:\/\/www.one.org\/fr\/#website","url":"https:\/\/www.one.org\/fr\/","name":"ONE.org","description":"Cr\u00e9er des opportunit\u00e9s \u00e9conomiques et am\u00e9liorer la sant\u00e9 en Afrique","potentialAction":[{"@type":"SearchAction","target":{"@type":"EntryPoint","urlTemplate":"https:\/\/www.one.org\/fr\/?s={search_term_string}"},"query-input":{"@type":"PropertyValueSpecification","valueRequired":true,"valueName":"search_term_string"}}],"inLanguage":"fr-FR"},{"@type":"Person","@id":"https:\/\/www.one.org\/fr\/#\/schema\/person\/cf1f30f9800f0592ec3d61940be82003","name":"Dana Khalil","image":{"@type":"ImageObject","inLanguage":"fr-FR","@id":"https:\/\/www.one.org\/fr\/#\/schema\/person\/image\/","url":"https:\/\/secure.gravatar.com\/avatar\/b0da536f00ccefadcc7aae4e64855977a5249adb1ac04162a69474e53a8d4c40?s=96&d=mm&r=g","contentUrl":"https:\/\/secure.gravatar.com\/avatar\/b0da536f00ccefadcc7aae4e64855977a5249adb1ac04162a69474e53a8d4c40?s=96&d=mm&r=g","caption":"Dana Khalil"},"url":"https:\/\/www.one.org\/fr\/actualites\/author\/danakhalil\/"}]}},"distributor_meta":false,"distributor_terms":false,"distributor_media":false,"distributor_original_site_name":"ONE.org France","distributor_original_site_url":"https:\/\/www.one.org\/fr","push-errors":false,"_links":{"self":[{"href":"https:\/\/www.one.org\/fr\/wp-json\/wp\/v2\/posts\/162414","targetHints":{"allow":["GET"]}}],"collection":[{"href":"https:\/\/www.one.org\/fr\/wp-json\/wp\/v2\/posts"}],"about":[{"href":"https:\/\/www.one.org\/fr\/wp-json\/wp\/v2\/types\/post"}],"author":[{"embeddable":true,"href":"https:\/\/www.one.org\/fr\/wp-json\/wp\/v2\/users\/24"}],"replies":[{"embeddable":true,"href":"https:\/\/www.one.org\/fr\/wp-json\/wp\/v2\/comments?post=162414"}],"version-history":[{"count":0,"href":"https:\/\/www.one.org\/fr\/wp-json\/wp\/v2\/posts\/162414\/revisions"}],"wp:featuredmedia":[{"embeddable":true,"href":"https:\/\/www.one.org\/fr\/wp-json\/wp\/v2\/media\/163241"}],"wp:attachment":[{"href":"https:\/\/www.one.org\/fr\/wp-json\/wp\/v2\/media?parent=162414"}],"wp:term":[{"taxonomy":"category","embeddable":true,"href":"https:\/\/www.one.org\/fr\/wp-json\/wp\/v2\/categories?post=162414"},{"taxonomy":"post_tag","embeddable":true,"href":"https:\/\/www.one.org\/fr\/wp-json\/wp\/v2\/tags?post=162414"},{"taxonomy":"topic","embeddable":true,"href":"https:\/\/www.one.org\/fr\/wp-json\/wp\/v2\/topic?post=162414"},{"taxonomy":"contributor","embeddable":true,"href":"https:\/\/www.one.org\/fr\/wp-json\/wp\/v2\/contributor?post=162414"},{"taxonomy":"one_content_audience","embeddable":true,"href":"https:\/\/www.one.org\/fr\/wp-json\/wp\/v2\/one_content_audience?post=162414"},{"taxonomy":"one_content_type","embeddable":true,"href":"https:\/\/www.one.org\/fr\/wp-json\/wp\/v2\/one_content_type?post=162414"},{"taxonomy":"one_content_tone","embeddable":true,"href":"https:\/\/www.one.org\/fr\/wp-json\/wp\/v2\/one_content_tone?post=162414"}],"curies":[{"name":"wp","href":"https:\/\/api.w.org\/{rel}","templated":true}]}}