{"id":162412,"date":"2020-04-15T14:16:44","date_gmt":"2020-04-15T14:16:44","guid":{"rendered":"https:\/\/www.one.org\/fr\/etre-un-e-activiste-a-distance-le-guide-des-jeunes-ambassadeur-rice-s-de-one\/"},"modified":"2023-12-08T14:01:05","modified_gmt":"2023-12-08T14:01:05","slug":"guide-activiste-a-distance","status":"publish","type":"post","link":"https:\/\/www.one.org\/fr\/actualites\/guide-activiste-a-distance\/","title":{"rendered":"\u00catre un.e activiste \u00e0 distance : le guide des jeunes Ambassadeur.rice.s de ONE"},"content":{"rendered":"<p><span style=\"font-weight: 400\">Vous restez chez vous pendant la pand&eacute;mie du COVID-19 et vous cherchez un moyen de poursuivre votre activisme m&ecirc;me &agrave; distance ? Nos Jeunes Ambassadeurs et Ambassadrices partagent leurs conseils pour vous aider &agrave; poursuivre votre engagement, approfondir vos connaissances et tirer le meilleur parti du confinement.<\/span><\/p>\n<h3><b>Voici quelques conseils de la part de nos jeunes Ambassadeurs et Ambassadrices :<\/b><\/h3>\n<p><b>Francesca Memmi, Royaume-Uni, jeune Ambassadrice 2020<\/b><\/p>\n<p><img decoding=\"async\" loading=\"lazy\" class=\"wp-image-152258 alignleft\" src=\"https:\/\/cdn.one.org\/fr\/wp-content\/uploads\/2020\/04\/15134346\/UK.png\" alt=\"\" width=\"312\" height=\"311\"><\/p>\n<blockquote>\n<p><i><span style=\"font-weight: 400\">Profitons de cette occasion pour faire entendre notre voix en faveur des plus vuln&eacute;rables et trouver une solution aux probl&egrave;mes mondiaux qui nous tiennent &agrave; c&oelig;ur. <\/span><\/i><\/p>\n<\/blockquote>\n<p>Comme de nombreuses personnes dans le monde, je suis actuellement confin&eacute;e chez moi. Il y a tout juste un mois, &agrave; l&rsquo;occasion d&rsquo;un &eacute;v&eacute;nement organis&eacute; pour la Journ&eacute;e internationale des droits des femmes, j&rsquo;ai rencontr&eacute; les Jeunes Ambassadeurs et Ambassadrices de ONE au Royaume-Uni, ainsi que d&rsquo;autres militant.e.s. Nous avons discut&eacute; de sujets importants et r&eacute;fl&eacute;chi &agrave; la mani&egrave;re de parvenir enfin &agrave; l&rsquo;&eacute;galit&eacute; des sexes dans le monde, en explorant des solutions cr&eacute;atives et des id&eacute;es inspirantes.<\/p>\n<p><span style=\"font-weight: 400\">En ce moment, nous devons tou.te.s innover pour continuer notre combat. Car ces questions ne peuvent plus attendre. En y r&eacute;fl&eacute;chissant bien, c&rsquo;est le moment id&eacute;al pour faire avancer les choses.&nbsp;<\/span><\/p>\n<p><span style=\"font-weight: 400\">Vous avez d&eacute;sormais le temps qui vous manquait tant auparavant pour vous engager. Vous pouvez vous tenir inform&eacute;.e, partager des p&eacute;titions et des messages importants sur vos r&eacute;seaux sociaux, et ce m&ecirc;me depuis votre canap&eacute;. C&rsquo;est la beaut&eacute; d&rsquo;Internet !<\/span><\/p>\n<p><span style=\"font-weight: 400\">Vous pouvez voir le monde r&eacute;agir et changer rien que de votre fen&ecirc;tre. Le message &ldquo;restez chez vous&rdquo; a eu une telle r&eacute;percussion sur les r&eacute;seaux sociaux que, m&ecirc;me avant le d&eacute;but du confinement, mon quartier s&rsquo;est rassembl&eacute; et s&rsquo;est adapt&eacute;. Nous avons un pouvoir incroyable. Profitons de cette occasion pour faire entendre notre voix en faveur des plus vuln&eacute;rables et trouver une solution aux probl&egrave;mes mondiaux qui nous tiennent &agrave; c&oelig;ur. Il n&rsquo;y a pas de temps &agrave; perdre !<\/span><\/p>\n<p><b>Anne-Kathrin Born, Allemagne, jeune Ambassadrice 2020<\/b><\/p>\n<p><img decoding=\"async\" loading=\"lazy\" class=\"wp-image-152259 alignright\" src=\"https:\/\/cdn.one.org\/fr\/wp-content\/uploads\/2020\/04\/15134527\/Allemagne.png\" alt=\"\" width=\"182\" height=\"244\"><\/p>\n<p><span style=\"font-weight: 400\">En ces temps de crise, nous devons penser et agir par del&agrave; les fronti&egrave;res : parce que la pand&eacute;mie est mondiale, nous devons trouver des r&eacute;ponses mondiales &agrave; cette crise. Le savoir, c&lsquo;est le pouvoir. Chaque jour, sur les r&eacute;seaux sociaux, je partage les actualit&eacute;s relatives au COVID-19 et son impact en Afrique.<\/span><\/p>\n<blockquote>\n<p><i><span style=\"font-weight: 400\">Nous pouvons &ecirc;tre acteur.rice du changement en &eacute;duquant les autres aux questions de justice sociale <\/span><\/i><i><span style=\"font-weight: 400\"><br \/> <\/span><\/i><i><span style=\"font-weight: 400\">et en les sensibilisant &agrave; l&rsquo;importance d&rsquo;un syst&egrave;me de sant&eacute; globalis&eacute;.&nbsp;<\/span><\/i><\/p>\n<\/blockquote>\n<p><span style=\"font-weight: 400\">En conversant avec mes ami.e.s sur une application en ligne, nous avons &eacute;chang&eacute; sur un partenariat entre l&rsquo;Europe et l&rsquo;Afrique qui pourrait aider &agrave; renforcer les d&eacute;fenses contre le virus.&nbsp; Nous pouvons &ecirc;tre acteur.rice du changement en &eacute;duquant les autres aux questions de justice sociale et en les sensibilisant &agrave; l&rsquo;importance d&rsquo;un syst&egrave;me de sant&eacute; globalis&eacute;.<\/span><\/p>\n<p><b>Stevan, Pays-Bas, jeune Ambassadeur 2020<\/b><\/p>\n<p><img decoding=\"async\" loading=\"lazy\" class=\"wp-image-152260 alignleft\" src=\"https:\/\/cdn.one.org\/fr\/wp-content\/uploads\/2020\/04\/15134800\/P-B-2.png\" alt=\"\" width=\"187\" height=\"252\"><\/p>\n<p><span style=\"font-weight: 400\">En cette p&eacute;riode de crise, je suis convaincu que les gens doivent continuer &agrave; se mobiliser, ne serait-ce que pour &eacute;viter de s&rsquo;ennuyer. Pour ma part, je r&eacute;dige des articles de blogs, je signe des p&eacute;titions, je contacte les m&eacute;dias et suis actif sur les r&eacute;seaux sociaux, notamment sur Twitter, plateforme sur laquelle j&rsquo;interpelle les d&eacute;cideurs.euses politiques. Il y a tellement de choses &agrave; faire et, en tant qu&rsquo;activistes, nous devons absolument poursuivre notre engagement. <\/span><span style=\"font-weight: 400\"><br \/> <\/span><span style=\"font-weight: 400\"><br \/> <\/span><span style=\"font-weight: 400\">Continuez &agrave; repousser vos limites. Et si vous n&rsquo;&ecirc;tes pas tr&egrave;s dou&eacute;.e pour l&rsquo;&eacute;criture, entra&icirc;nez-vous ! C&rsquo;est en pratiquant qu&rsquo;on devient meilleur.e et chaque petit geste compte.<\/span><span style=\"font-weight: 400\"><br \/> <\/span><\/p>\n<p><span style=\"font-weight: 400\">L&rsquo;important, c&rsquo;est de rester actif.ve afin de ne pas penser constamment au COVID-19 et se rappeler que l&rsquo;on peut tou.te.s contribuer &agrave; un monde meilleur et &ecirc;tre acteur.rice du changement.<\/span><\/p>\n<p><b>Oyinkansola, Belgique, jeune Ambassadrice 2020<\/b><\/p>\n<p><img decoding=\"async\" loading=\"lazy\" class=\"wp-image-152261 alignright\" src=\"https:\/\/cdn.one.org\/fr\/wp-content\/uploads\/2020\/04\/15134930\/Belgique.png\" alt=\"\" width=\"190\" height=\"340\"><\/p>\n<p><span style=\"font-weight: 400\">Nous vivons des temps difficiles et, pour la premi&egrave;re fois depuis de nombreuses ann&eacute;es, l&rsquo;ordre social est profond&eacute;ment remis en question, ce qui nous offre de nouvelles perspectives. <\/span><span style=\"font-weight: 400\">A ce titre, le COVID-19 transcende la couleur, la race ou le statut socio-&eacute;conomique, et nous d&eacute;montre que nous sommes tou.te.s dans le m&ecirc;me bateau.<\/span><\/p>\n<blockquote>\n<p><i><span style=\"font-weight: 400\">Le COVID-19 transcende la couleur, la race ou le statut socio-&eacute;conomique, et nous d&eacute;montre que nous sommes tou.te.s dans le m&ecirc;me bateau.<\/span><\/i><\/p>\n<\/blockquote>\n<p><span style=\"font-weight: 400\">Les r&eacute;seaux sociaux ont &eacute;t&eacute; un outil puissant pour moi, le hashtag que j&rsquo;ai le plus souvent utilis&eacute; &eacute;tant #StaySafe. J&rsquo;ai sensibilis&eacute; les gens via Instagram et ai &eacute;galement pris la parole sur la question de l&rsquo;autonomisation des femmes.<\/span><\/p>\n<p><span style=\"font-weight: 400\">J&rsquo;ai &eacute;galement pris l&rsquo;initiative d&rsquo;enregistrer des messages vocaux sur l&rsquo;application WhatsApp dans un langage simple et accessible afin d&rsquo;&eacute;tablir un lien avec les communaut&eacute;s nig&eacute;rianes, qui pensent toujours que COVID-19 est une propagande du gouvernement nig&eacute;rian visant &agrave; influencer les gens en vue des prochaines &eacute;lections. Pour ce faire, je me suis beaucoup document&eacute;e et l&rsquo;&eacute;l&eacute;ment le plus instructif reste pour moi un document relatant la victoire du Nigeria sur Ebola.<\/span><\/p>\n<p><span style=\"font-weight: 400\">J&rsquo;ai &eacute;galement sensibilis&eacute; mes communaut&eacute;s en relayant une campagne intitul&eacute;e&nbsp; #1For1With5k, campagne qui vise &agrave; aider les femmes indig&egrave;nes impact&eacute;es par le confinement au sein de trois communaut&eacute;s de Lagos, au Nigeria. Enfin, j&rsquo;ai &eacute;galement encourag&eacute; mes abonn&eacute;s &agrave; faire des dons via ma page Instagram.<\/span><\/p>\n<p><b>David Reviriego, France, jeune Ambassadeur 2020<\/b><\/p>\n<p><img decoding=\"async\" loading=\"lazy\" class=\"wp-image-152262 alignleft\" src=\"https:\/\/cdn.one.org\/fr\/wp-content\/uploads\/2020\/04\/15135100\/France.png\" alt=\"\" width=\"219\" height=\"288\"><\/p>\n<p><span style=\"font-weight: 400\">M&ecirc;me pendant cette p&eacute;riode de crise, notre combat ne s&rsquo;arr&ecirc;te pas. 1,5 million de personnes meurent chaque ann&eacute;e de maladies &eacute;vitables gr&acirc;ce &agrave; la vaccination. L&rsquo;extr&ecirc;me pauvret&eacute; existe toujours, et dans le contexte actuel, les pays les plus pauvres seront les plus durement affect&eacute;s par la pand&eacute;mie du COVID-19. <\/span><span style=\"font-weight: 400\"><br \/> <\/span><span style=\"font-weight: 400\"><br \/> <\/span><span style=\"font-weight: 400\">C&rsquo;est pour ces raisons que mon engagement et mon activisme continuent. J&rsquo;utilise mon temps libre pour sensibiliser mes colocataires et mes ami.e.s &agrave; l&rsquo;importance de Gavi, l&rsquo;Alliance pour le vaccin. J&rsquo;invite &eacute;galement les gens &agrave; signer notre p&eacute;tition en ligne.&nbsp;<\/span><\/p>\n<blockquote>\n<p><i><span style=\"font-weight: 400\">&Ecirc;tre activiste durant la pand&eacute;mie signifie, plus que jamais, apporter son soutien &agrave; ses voisin.e.s et ses ami.e.s.<\/span><\/i><\/p>\n<\/blockquote>\n<p><span style=\"font-weight: 400\">De mani&egrave;re g&eacute;n&eacute;rale, &ecirc;tre activiste durant la pand&eacute;mie signifie, plus que jamais, apporter son soutien &agrave; ses voisin.e.s et ses ami.e.s. Je prends r&eacute;guli&egrave;rement des nouvelles de mes voisins, je fais leurs courses, je les appelle et prends le temps de discuter avec eux pour qu&rsquo;ils ne se sentent pas trop seuls.<\/span><\/p>\n<p><b>Alexis Ahern, Irlande, jeune Ambassadrice 2020<\/b><\/p>\n<p><img decoding=\"async\" loading=\"lazy\" class=\"wp-image-152263 alignright\" src=\"https:\/\/cdn.one.org\/fr\/wp-content\/uploads\/2020\/04\/15135549\/Irlande.png\" alt=\"\" width=\"254\" height=\"317\"><\/p>\n<p><span style=\"font-weight: 400\">Nous avons beaucoup de chance de vivre dans une &eacute;poque o&ugrave;, m&ecirc;me confin&eacute;.e.s, nous pouvons continuer de nous exprimer. Il existe une multitude de fa&ccedil;ons de rester impliqu&eacute;.e et d&rsquo;agir, m&ecirc;me depuis son canap&eacute;.<\/span><\/p>\n<p><span style=\"font-weight: 400\">J&rsquo;ai particip&eacute; &agrave; des r&eacute;unions en ligne, des conf&eacute;rences et sign&eacute; des p&eacute;titions. J&rsquo;ai contribu&eacute; &agrave; des campagnes en ligne en m&rsquo;impliquant b&eacute;n&eacute;volement aupr&egrave;s d&rsquo;une ONG. C&rsquo;est tellement simple de s&rsquo;impliquer &agrave; distance aujourd&rsquo;hui.&nbsp;<\/span><\/p>\n<p><span style=\"font-weight: 400\">N&eacute;anmoins, je pense aussi que cette p&eacute;riode est une formidable occasion pour r&eacute;fl&eacute;chir et recharger nos batteries. S&rsquo;engager en tant que jeune ambassadeur.rice et activiste peut &ecirc;tre &eacute;motionnellement, mentalement et physiquement &eacute;puisant. Se pr&eacute;occuper de sa propre sant&eacute; mentale, particuli&egrave;rement en p&eacute;riode de pand&eacute;mie mondiale o&ugrave; les anxi&eacute;t&eacute;s et les angoisses sont renforc&eacute;es, c&rsquo;est aussi une forme d&rsquo;activisme. Parce que si vous n&rsquo;&ecirc;tes pas au meilleur de votre forme, vous ne pourrez pas donner le meilleur de vous-m&ecirc;me. Alors, s&rsquo;il vous pla&icirc;t, prenez soin de vous et de vos proches, et prenez le temps de faire ce que vous aimez et ce qui vous fait du bien. <\/span><\/p>\n<p><b>Anna Frattaruolo, Italie, jeune Ambassadrice 2020<\/b><\/p>\n<p><span style=\"font-weight: 400\">Pour ma part, je consacre beaucoup de temps &agrave; la lecture : de l&rsquo;autobiographie du Prix Nobel de la Paix, Nadia Murad, en passant par la fiction <\/span><i><span style=\"font-weight: 400\">La Servante &eacute;carlate<\/span><\/i><span style=\"font-weight: 400\">, chacun de ces livres contiennent une le&ccedil;on sur l&rsquo;importance de l&rsquo;activisme dans nos soci&eacute;t&eacute;s. Vous pouvez ouvrir un blog sur les sujets qui vous touchent, ou bien encore signer les p&eacute;titions de ONE.&nbsp;<\/span><\/p>\n<p><span style=\"font-weight: 400\">Vous pouvez aussi vous rendre disponible pour votre communaut&eacute; locale. Par exemple, en Italie, la Croix-Rouge vient de lancer une campagne pour mobiliser des b&eacute;n&eacute;voles afin de soutenir la distribution de m&eacute;dicaments et de denr&eacute;es alimentaires pour les personnes dans le besoin.&nbsp;<\/span><\/p>\n<p><span style=\"font-weight: 400\">Plus simplement, vous pouvez aussi contacter vos ami.e.s, vos voisin.e.s ou vos grands-parents d&egrave;s qu&rsquo;ils se sentent seul.e.s ou d&egrave;s que, vous, vous sentez seul.e. La distanciation sociale est importante, mais la sant&eacute; mentale aussi !<\/span><\/p>\n<p><img decoding=\"async\" loading=\"lazy\" class=\"aligncenter wp-image-152264\" src=\"https:\/\/cdn.one.org\/fr\/wp-content\/uploads\/2020\/04\/15135740\/YA-distancing-social-768x384-1-640x320.jpeg\" alt=\"\" width=\"468\" height=\"234\"><\/p>\n<div class=\"buffer\"><\/div>\n<div class=\"buffer\"><\/div>","protected":false},"excerpt":{"rendered":"<p>Vous restez chez vous pendant la pand&eacute;mie du COVID-19 et vous cherchez un moyen de poursuivre votre activisme m&ecirc;me &agrave; distance ? Nos Jeunes Ambassadeurs et Ambassadrices partagent leurs conseils pour vous aider &agrave; poursuivre votre engagement, approfondir vos connaissances et tirer le meilleur parti du confinement. Voici quelques conseils de la part de nos [&hellip;]<\/p>\n","protected":false},"author":24,"featured_media":163245,"comment_status":"open","ping_status":"open","sticky":false,"template":"","format":"standard","meta":{"_acf_changed":false,"_relevanssi_hide_post":"","_relevanssi_hide_content":"","_relevanssi_pin_for_all":"","_relevanssi_pin_keywords":"","_relevanssi_unpin_keywords":"","_relevanssi_related_keywords":"","_relevanssi_related_include_ids":"","_relevanssi_related_exclude_ids":"","_relevanssi_related_no_append":"","_relevanssi_related_not_related":"","_relevanssi_related_posts":"","_relevanssi_noindex_reason":"","footnotes":""},"categories":[34],"tags":[],"topic":[48,47],"contributor":[49],"one_content_audience":[],"one_content_type":[],"one_content_tone":[],"class_list":["post-162412","post","type-post","status-publish","format-standard","has-post-thumbnail","hentry","category-one","topic-jeunes-ambassadeurrices-de-one","topic-que-font-nos-membres","contributor-jeunes-ambassadeur-rice-s-de-one"],"acf":[],"yoast_head":"<!-- This site is optimized with the Yoast SEO Premium plugin v27.1 (Yoast SEO v27.1.1) - https:\/\/yoast.com\/product\/yoast-seo-premium-wordpress\/ -->\n<title>\u00catre un.e activiste \u00e0 distance : le guide des jeunes Ambassadeur.rice.s de ONE - ONE.org France<\/title>\n<meta name=\"description\" content=\"D\u00e9couvrez le guide de nos Jeunes Ambassadeurs et Ambassadrices pour vous aider \u00e0 poursuivre votre activisme m\u00eame en p\u00e9riode de confinement.\" \/>\n<meta name=\"robots\" content=\"index, follow, max-snippet:-1, max-image-preview:large, max-video-preview:-1\" \/>\n<link rel=\"canonical\" href=\"https:\/\/www.one.org\/fr\/actualites\/guide-activiste-a-distance\/\" \/>\n<meta property=\"og:locale\" content=\"fr_FR\" \/>\n<meta property=\"og:type\" content=\"article\" \/>\n<meta property=\"og:title\" content=\"\u00catre un.e activiste \u00e0 distance : le guide des jeunes Ambassadeur.rice.s de ONE\" \/>\n<meta property=\"og:description\" content=\"D\u00e9couvrez le guide de nos Jeunes Ambassadeurs et Ambassadrices pour vous aider \u00e0 poursuivre votre activisme m\u00eame en p\u00e9riode de confinement.\" \/>\n<meta property=\"og:url\" content=\"https:\/\/www.one.org\/fr\/actualites\/guide-activiste-a-distance\/\" \/>\n<meta property=\"og:site_name\" content=\"ONE.org France\" \/>\n<meta property=\"article:publisher\" content=\"https:\/\/www.facebook.com\/ONE.Fr\" \/>\n<meta property=\"article:published_time\" content=\"2020-04-15T14:16:44+00:00\" \/>\n<meta property=\"article:modified_time\" content=\"2023-12-08T14:01:05+00:00\" \/>\n<meta property=\"og:image\" content=\"https:\/\/cdn.one.org\/fr\/wp-content\/uploads\/2020\/04\/15135740\/YA-distancing-social-768x384-1.jpeg\" \/>\n<meta name=\"author\" content=\"Dana Khalil\" \/>\n<meta name=\"twitter:card\" content=\"summary_large_image\" \/>\n<meta name=\"twitter:title\" content=\"\u00catre un.e activiste \u00e0 distance : le guide des jeunes Ambassadeur.rice.s de ONE\" \/>\n<meta name=\"twitter:creator\" content=\"@one_fr\" \/>\n<meta name=\"twitter:site\" content=\"@one_fr\" \/>\n<meta name=\"twitter:label1\" content=\"Written by\" \/>\n\t<meta name=\"twitter:data1\" content=\"Dana Khalil\" \/>\n\t<meta name=\"twitter:label2\" content=\"Est. reading time\" \/>\n\t<meta name=\"twitter:data2\" content=\"9 minutes\" \/>\n<script type=\"application\/ld+json\" class=\"yoast-schema-graph\">{\"@context\":\"https:\/\/schema.org\",\"@graph\":[{\"@type\":\"Article\",\"@id\":\"https:\/\/www.one.org\/fr\/actualites\/guide-activiste-a-distance\/#article\",\"isPartOf\":{\"@id\":\"https:\/\/www.one.org\/fr\/actualites\/guide-activiste-a-distance\/\"},\"author\":{\"name\":\"Dana Khalil\",\"@id\":\"https:\/\/www.one.org\/fr\/#\/schema\/person\/cf1f30f9800f0592ec3d61940be82003\"},\"headline\":\"\u00catre un.e activiste \u00e0 distance : le guide des jeunes Ambassadeur.rice.s de ONE\",\"datePublished\":\"2020-04-15T14:16:44+00:00\",\"dateModified\":\"2023-12-08T14:01:05+00:00\",\"mainEntityOfPage\":{\"@id\":\"https:\/\/www.one.org\/fr\/actualites\/guide-activiste-a-distance\/\"},\"wordCount\":1801,\"commentCount\":0,\"image\":{\"@id\":\"https:\/\/www.one.org\/fr\/actualites\/guide-activiste-a-distance\/#primaryimage\"},\"thumbnailUrl\":\"https:\/\/www.one.org\/fr\/wp-content\/uploads\/sites\/4\/2020\/04\/YA-distancing-featured-640x640-1.jpeg\",\"articleSection\":[\"ONE\"],\"inLanguage\":\"fr-FR\",\"potentialAction\":[{\"@type\":\"CommentAction\",\"name\":\"Comment\",\"target\":[\"https:\/\/www.one.org\/fr\/actualites\/guide-activiste-a-distance\/#respond\"]}]},{\"@type\":\"WebPage\",\"@id\":\"https:\/\/www.one.org\/fr\/actualites\/guide-activiste-a-distance\/\",\"url\":\"https:\/\/www.one.org\/fr\/actualites\/guide-activiste-a-distance\/\",\"name\":\"\u00catre un.e activiste \u00e0 distance : le guide des jeunes Ambassadeur.rice.s de ONE - ONE.org France\",\"isPartOf\":{\"@id\":\"https:\/\/www.one.org\/fr\/#website\"},\"primaryImageOfPage\":{\"@id\":\"https:\/\/www.one.org\/fr\/actualites\/guide-activiste-a-distance\/#primaryimage\"},\"image\":{\"@id\":\"https:\/\/www.one.org\/fr\/actualites\/guide-activiste-a-distance\/#primaryimage\"},\"thumbnailUrl\":\"https:\/\/www.one.org\/fr\/wp-content\/uploads\/sites\/4\/2020\/04\/YA-distancing-featured-640x640-1.jpeg\",\"datePublished\":\"2020-04-15T14:16:44+00:00\",\"dateModified\":\"2023-12-08T14:01:05+00:00\",\"author\":{\"@id\":\"https:\/\/www.one.org\/fr\/#\/schema\/person\/cf1f30f9800f0592ec3d61940be82003\"},\"description\":\"D\u00e9couvrez le guide de nos Jeunes Ambassadeurs et Ambassadrices pour vous aider \u00e0 poursuivre votre activisme m\u00eame en p\u00e9riode de confinement.\",\"breadcrumb\":{\"@id\":\"https:\/\/www.one.org\/fr\/actualites\/guide-activiste-a-distance\/#breadcrumb\"},\"inLanguage\":\"fr-FR\",\"potentialAction\":[{\"@type\":\"ReadAction\",\"target\":[\"https:\/\/www.one.org\/fr\/actualites\/guide-activiste-a-distance\/\"]}]},{\"@type\":\"ImageObject\",\"inLanguage\":\"fr-FR\",\"@id\":\"https:\/\/www.one.org\/fr\/actualites\/guide-activiste-a-distance\/#primaryimage\",\"url\":\"https:\/\/www.one.org\/fr\/wp-content\/uploads\/sites\/4\/2020\/04\/YA-distancing-featured-640x640-1.jpeg\",\"contentUrl\":\"https:\/\/www.one.org\/fr\/wp-content\/uploads\/sites\/4\/2020\/04\/YA-distancing-featured-640x640-1.jpeg\",\"width\":640,\"height\":640},{\"@type\":\"BreadcrumbList\",\"@id\":\"https:\/\/www.one.org\/fr\/actualites\/guide-activiste-a-distance\/#breadcrumb\",\"itemListElement\":[{\"@type\":\"ListItem\",\"position\":1,\"name\":\"Home\",\"item\":\"https:\/\/www.one.org\/fr\/\"},{\"@type\":\"ListItem\",\"position\":2,\"name\":\"\u00catre un.e activiste \u00e0 distance : le guide des jeunes Ambassadeur.rice.s de ONE\"}]},{\"@type\":\"WebSite\",\"@id\":\"https:\/\/www.one.org\/fr\/#website\",\"url\":\"https:\/\/www.one.org\/fr\/\",\"name\":\"ONE.org\",\"description\":\"Cr\u00e9er des opportunit\u00e9s \u00e9conomiques et am\u00e9liorer la sant\u00e9 en Afrique\",\"potentialAction\":[{\"@type\":\"SearchAction\",\"target\":{\"@type\":\"EntryPoint\",\"urlTemplate\":\"https:\/\/www.one.org\/fr\/?s={search_term_string}\"},\"query-input\":{\"@type\":\"PropertyValueSpecification\",\"valueRequired\":true,\"valueName\":\"search_term_string\"}}],\"inLanguage\":\"fr-FR\"},{\"@type\":\"Person\",\"@id\":\"https:\/\/www.one.org\/fr\/#\/schema\/person\/cf1f30f9800f0592ec3d61940be82003\",\"name\":\"Dana Khalil\",\"image\":{\"@type\":\"ImageObject\",\"inLanguage\":\"fr-FR\",\"@id\":\"https:\/\/www.one.org\/fr\/#\/schema\/person\/image\/\",\"url\":\"https:\/\/secure.gravatar.com\/avatar\/b0da536f00ccefadcc7aae4e64855977a5249adb1ac04162a69474e53a8d4c40?s=96&d=mm&r=g\",\"contentUrl\":\"https:\/\/secure.gravatar.com\/avatar\/b0da536f00ccefadcc7aae4e64855977a5249adb1ac04162a69474e53a8d4c40?s=96&d=mm&r=g\",\"caption\":\"Dana Khalil\"},\"url\":\"https:\/\/www.one.org\/fr\/actualites\/author\/danakhalil\/\"}]}<\/script>\n<!-- \/ Yoast SEO Premium plugin. -->","yoast_head_json":{"title":"\u00catre un.e activiste \u00e0 distance : le guide des jeunes Ambassadeur.rice.s de ONE - ONE.org France","description":"D\u00e9couvrez le guide de nos Jeunes Ambassadeurs et Ambassadrices pour vous aider \u00e0 poursuivre votre activisme m\u00eame en p\u00e9riode de confinement.","robots":{"index":"index","follow":"follow","max-snippet":"max-snippet:-1","max-image-preview":"max-image-preview:large","max-video-preview":"max-video-preview:-1"},"canonical":"https:\/\/www.one.org\/fr\/actualites\/guide-activiste-a-distance\/","og_locale":"fr_FR","og_type":"article","og_title":"\u00catre un.e activiste \u00e0 distance : le guide des jeunes Ambassadeur.rice.s de ONE","og_description":"D\u00e9couvrez le guide de nos Jeunes Ambassadeurs et Ambassadrices pour vous aider \u00e0 poursuivre votre activisme m\u00eame en p\u00e9riode de confinement.","og_url":"https:\/\/www.one.org\/fr\/actualites\/guide-activiste-a-distance\/","og_site_name":"ONE.org France","article_publisher":"https:\/\/www.facebook.com\/ONE.Fr","article_published_time":"2020-04-15T14:16:44+00:00","article_modified_time":"2023-12-08T14:01:05+00:00","og_image":[{"url":"https:\/\/cdn.one.org\/fr\/wp-content\/uploads\/2020\/04\/15135740\/YA-distancing-social-768x384-1.jpeg","type":"","width":"","height":""}],"author":"Dana Khalil","twitter_card":"summary_large_image","twitter_title":"\u00catre un.e activiste \u00e0 distance : le guide des jeunes Ambassadeur.rice.s de ONE","twitter_creator":"@one_fr","twitter_site":"@one_fr","twitter_misc":{"Written by":"Dana Khalil","Est. reading time":"9 minutes"},"schema":{"@context":"https:\/\/schema.org","@graph":[{"@type":"Article","@id":"https:\/\/www.one.org\/fr\/actualites\/guide-activiste-a-distance\/#article","isPartOf":{"@id":"https:\/\/www.one.org\/fr\/actualites\/guide-activiste-a-distance\/"},"author":{"name":"Dana Khalil","@id":"https:\/\/www.one.org\/fr\/#\/schema\/person\/cf1f30f9800f0592ec3d61940be82003"},"headline":"\u00catre un.e activiste \u00e0 distance : le guide des jeunes Ambassadeur.rice.s de ONE","datePublished":"2020-04-15T14:16:44+00:00","dateModified":"2023-12-08T14:01:05+00:00","mainEntityOfPage":{"@id":"https:\/\/www.one.org\/fr\/actualites\/guide-activiste-a-distance\/"},"wordCount":1801,"commentCount":0,"image":{"@id":"https:\/\/www.one.org\/fr\/actualites\/guide-activiste-a-distance\/#primaryimage"},"thumbnailUrl":"https:\/\/www.one.org\/fr\/wp-content\/uploads\/sites\/4\/2020\/04\/YA-distancing-featured-640x640-1.jpeg","articleSection":["ONE"],"inLanguage":"fr-FR","potentialAction":[{"@type":"CommentAction","name":"Comment","target":["https:\/\/www.one.org\/fr\/actualites\/guide-activiste-a-distance\/#respond"]}]},{"@type":"WebPage","@id":"https:\/\/www.one.org\/fr\/actualites\/guide-activiste-a-distance\/","url":"https:\/\/www.one.org\/fr\/actualites\/guide-activiste-a-distance\/","name":"\u00catre un.e activiste \u00e0 distance : le guide des jeunes Ambassadeur.rice.s de ONE - ONE.org France","isPartOf":{"@id":"https:\/\/www.one.org\/fr\/#website"},"primaryImageOfPage":{"@id":"https:\/\/www.one.org\/fr\/actualites\/guide-activiste-a-distance\/#primaryimage"},"image":{"@id":"https:\/\/www.one.org\/fr\/actualites\/guide-activiste-a-distance\/#primaryimage"},"thumbnailUrl":"https:\/\/www.one.org\/fr\/wp-content\/uploads\/sites\/4\/2020\/04\/YA-distancing-featured-640x640-1.jpeg","datePublished":"2020-04-15T14:16:44+00:00","dateModified":"2023-12-08T14:01:05+00:00","author":{"@id":"https:\/\/www.one.org\/fr\/#\/schema\/person\/cf1f30f9800f0592ec3d61940be82003"},"description":"D\u00e9couvrez le guide de nos Jeunes Ambassadeurs et Ambassadrices pour vous aider \u00e0 poursuivre votre activisme m\u00eame en p\u00e9riode de confinement.","breadcrumb":{"@id":"https:\/\/www.one.org\/fr\/actualites\/guide-activiste-a-distance\/#breadcrumb"},"inLanguage":"fr-FR","potentialAction":[{"@type":"ReadAction","target":["https:\/\/www.one.org\/fr\/actualites\/guide-activiste-a-distance\/"]}]},{"@type":"ImageObject","inLanguage":"fr-FR","@id":"https:\/\/www.one.org\/fr\/actualites\/guide-activiste-a-distance\/#primaryimage","url":"https:\/\/www.one.org\/fr\/wp-content\/uploads\/sites\/4\/2020\/04\/YA-distancing-featured-640x640-1.jpeg","contentUrl":"https:\/\/www.one.org\/fr\/wp-content\/uploads\/sites\/4\/2020\/04\/YA-distancing-featured-640x640-1.jpeg","width":640,"height":640},{"@type":"BreadcrumbList","@id":"https:\/\/www.one.org\/fr\/actualites\/guide-activiste-a-distance\/#breadcrumb","itemListElement":[{"@type":"ListItem","position":1,"name":"Home","item":"https:\/\/www.one.org\/fr\/"},{"@type":"ListItem","position":2,"name":"\u00catre un.e activiste \u00e0 distance : le guide des jeunes Ambassadeur.rice.s de ONE"}]},{"@type":"WebSite","@id":"https:\/\/www.one.org\/fr\/#website","url":"https:\/\/www.one.org\/fr\/","name":"ONE.org","description":"Cr\u00e9er des opportunit\u00e9s \u00e9conomiques et am\u00e9liorer la sant\u00e9 en Afrique","potentialAction":[{"@type":"SearchAction","target":{"@type":"EntryPoint","urlTemplate":"https:\/\/www.one.org\/fr\/?s={search_term_string}"},"query-input":{"@type":"PropertyValueSpecification","valueRequired":true,"valueName":"search_term_string"}}],"inLanguage":"fr-FR"},{"@type":"Person","@id":"https:\/\/www.one.org\/fr\/#\/schema\/person\/cf1f30f9800f0592ec3d61940be82003","name":"Dana Khalil","image":{"@type":"ImageObject","inLanguage":"fr-FR","@id":"https:\/\/www.one.org\/fr\/#\/schema\/person\/image\/","url":"https:\/\/secure.gravatar.com\/avatar\/b0da536f00ccefadcc7aae4e64855977a5249adb1ac04162a69474e53a8d4c40?s=96&d=mm&r=g","contentUrl":"https:\/\/secure.gravatar.com\/avatar\/b0da536f00ccefadcc7aae4e64855977a5249adb1ac04162a69474e53a8d4c40?s=96&d=mm&r=g","caption":"Dana Khalil"},"url":"https:\/\/www.one.org\/fr\/actualites\/author\/danakhalil\/"}]}},"distributor_meta":false,"distributor_terms":false,"distributor_media":false,"distributor_original_site_name":"ONE.org France","distributor_original_site_url":"https:\/\/www.one.org\/fr","push-errors":false,"_links":{"self":[{"href":"https:\/\/www.one.org\/fr\/wp-json\/wp\/v2\/posts\/162412","targetHints":{"allow":["GET"]}}],"collection":[{"href":"https:\/\/www.one.org\/fr\/wp-json\/wp\/v2\/posts"}],"about":[{"href":"https:\/\/www.one.org\/fr\/wp-json\/wp\/v2\/types\/post"}],"author":[{"embeddable":true,"href":"https:\/\/www.one.org\/fr\/wp-json\/wp\/v2\/users\/24"}],"replies":[{"embeddable":true,"href":"https:\/\/www.one.org\/fr\/wp-json\/wp\/v2\/comments?post=162412"}],"version-history":[{"count":0,"href":"https:\/\/www.one.org\/fr\/wp-json\/wp\/v2\/posts\/162412\/revisions"}],"wp:featuredmedia":[{"embeddable":true,"href":"https:\/\/www.one.org\/fr\/wp-json\/wp\/v2\/media\/163245"}],"wp:attachment":[{"href":"https:\/\/www.one.org\/fr\/wp-json\/wp\/v2\/media?parent=162412"}],"wp:term":[{"taxonomy":"category","embeddable":true,"href":"https:\/\/www.one.org\/fr\/wp-json\/wp\/v2\/categories?post=162412"},{"taxonomy":"post_tag","embeddable":true,"href":"https:\/\/www.one.org\/fr\/wp-json\/wp\/v2\/tags?post=162412"},{"taxonomy":"topic","embeddable":true,"href":"https:\/\/www.one.org\/fr\/wp-json\/wp\/v2\/topic?post=162412"},{"taxonomy":"contributor","embeddable":true,"href":"https:\/\/www.one.org\/fr\/wp-json\/wp\/v2\/contributor?post=162412"},{"taxonomy":"one_content_audience","embeddable":true,"href":"https:\/\/www.one.org\/fr\/wp-json\/wp\/v2\/one_content_audience?post=162412"},{"taxonomy":"one_content_type","embeddable":true,"href":"https:\/\/www.one.org\/fr\/wp-json\/wp\/v2\/one_content_type?post=162412"},{"taxonomy":"one_content_tone","embeddable":true,"href":"https:\/\/www.one.org\/fr\/wp-json\/wp\/v2\/one_content_tone?post=162412"}],"curies":[{"name":"wp","href":"https:\/\/api.w.org\/{rel}","templated":true}]}}