{"id":162408,"date":"2020-04-06T19:59:18","date_gmt":"2020-04-06T19:59:18","guid":{"rendered":"https:\/\/www.one.org\/fr\/covid-19-pourquoi-le-monde-a-t-il-besoin-dun-plan-mondial-dintervention\/"},"modified":"2023-12-08T14:01:10","modified_gmt":"2023-12-08T14:01:10","slug":"covid-19-pourquoi-le-monde-a-t-il-besoin-dun-plan-dintervention-international","status":"publish","type":"post","link":"https:\/\/www.one.org\/fr\/actualites\/covid-19-pourquoi-le-monde-a-t-il-besoin-dun-plan-dintervention-international\/","title":{"rendered":"COVID-19 : Pourquoi le monde a-t-il besoin d\u2019un plan mondial d&#8217;intervention ?"},"content":{"rendered":"<p>Nos vies, nos &eacute;conomies et nos soci&eacute;t&eacute;s sont gravement impact&eacute;es par la crise li&eacute;e au COVID-19. Si ce virus nous affecte tous, ce sont surtout les communaut&eacute;s et les pays les plus fragiles qui seront les plus durement touch&eacute;s. Aujourd&rsquo;hui plus que jamais, nous devons nous mobiliser en faveur des plus vuln&eacute;rables, qu&rsquo;ils vivent de l&rsquo;autre c&ocirc;t&eacute; de la rue ou &agrave; l&rsquo;autre bout de la plan&egrave;te.<\/p>\n<p><b data-stringify-type=\"bold\">Les virus ne connaissent pas de fronti&egrave;res. La solidarit&eacute; ne devrait pas en avoir non plus.<\/b><\/p>\n<p>M&ecirc;me les meilleurs syst&egrave;mes de sant&eacute; du monde ont du mal &agrave; r&eacute;pondre &agrave; l&rsquo;&eacute;pid&eacute;mie. Le choc risque d&rsquo;&ecirc;tre pire en Afrique, o&ugrave; le COVID-19 pourrait submerger les pays dont les syst&egrave;mes de sant&eacute; sont moins solides, avoir de graves r&eacute;percussions sur les &eacute;conomies et accro&icirc;tre encore les in&eacute;galit&eacute;s.<\/p>\n<p>Faire cause commune et prot&eacute;ger la sant&eacute; de tous, ce n&rsquo;est pas seulement un imp&eacute;ratif moral, c&rsquo;est aussi la seule r&eacute;ponse qui ait jamais fait ses preuves. Une r&eacute;ponse qui laisserait de c&ocirc;t&eacute; les personnes les plus pauvres, les r&eacute;fugi&eacute;s ou les personnes vuln&eacute;rables, o&ugrave; qu&rsquo;elles se trouvent, permettrait au virus de rester une menace pour tous les autres.<\/p>\n<p><strong>C&rsquo;est pourquoi ONE appelle les gouvernements &agrave; soutenir un plan mondial d&rsquo;intervention pour lutter contre la pand&eacute;mie. Ce plan doit :<\/strong><\/p>\n<p><img decoding=\"async\" loading=\"lazy\" class=\"aligncenter size-large wp-image-152145\" src=\"https:\/\/cdn.one.org\/fr\/wp-content\/uploads\/2020\/04\/06193048\/plan-mondial-pande%CC%81mie-3-1024x667.png\" alt=\"\" width=\"593\" height=\"386\"><\/p>\n<p><img decoding=\"async\" loading=\"lazy\" class=\"aligncenter wp-image-152145\" src=\"https:\/\/cdn.one.org\/fr\/wp-content\/uploads\/2020\/04\/06193048\/plan-mondial-pande%CC%81mie-3-1024x667.png\" alt=\"\" width=\"1021\" height=\"665\"><\/p>\n<p>1. Mobiliser toutes les ressources n&eacute;cessaires pour soutenir une r&eacute;ponse humanitaire d&rsquo;une envergure in&eacute;dite, comme on n&rsquo;en a plus vu depuis des d&eacute;cennies. <strong>Nous devons nous assurer que les nouveaux m&eacute;dicaments et vaccins, une fois disponibles, seront distribu&eacute;s &eacute;quitablement.<\/strong> Si le virus persiste, m&ecirc;me dans le coin le plus recul&eacute; du monde, il reste une menace pour le monde entier.<\/p>\n<p>2. <strong>Soutenir les pays et les personnes qui seront le plus durement affect&eacute;es financi&egrave;rement, <\/strong>en finan&ccedil;ant les &eacute;conomies des pays africains et en suspendant la dette des pays africains au moins jusqu&rsquo;&agrave; 2021. Nous voyons d&eacute;j&agrave; l&rsquo;impact &eacute;conomique &eacute;crasant de la pand&eacute;mie aux Etats-Unis, en Europe et dans d&rsquo;autres pays du G20 &ndash; cela fait les gros titres des m&eacute;dias. L&rsquo;impact pourrait &ecirc;tre encore plus important en Afrique, o&ugrave; des ressources sont n&eacute;cessaires de toute urgence pour faire face aux cons&eacute;quences du COVID-19.<\/p>\n<p>3. <strong>Renforcer les syst&egrave;mes de sant&eacute; <\/strong>et nous pr&eacute;parer pour l&rsquo;avenir. Nous devons vaincre le coronavirus, mais aussi les futures menaces pour la sant&eacute; mondiale. Cela signifie qu&rsquo;il faut renforcer la capacit&eacute; de tous les pays &agrave; pr&eacute;venir, d&eacute;tecter et r&eacute;pondre aux menaces sanitaires mondiales.<\/p>\n<p>4. <strong>Repenser les r&egrave;gles internationales pour cr&eacute;er un monde plus juste et plus &eacute;galitaire. <\/strong>Les r&egrave;gles de la mondialisation doivent changer. Nous devons les r&eacute;&eacute;crire pour qu&rsquo;elles permettent de faire face aux futures pand&eacute;mies, mais aussi aux autres grands d&eacute;fis de notre si&egrave;cles qui ne connaissent, eux non plus, aucune fronti&egrave;re, comme le changement climatique, les in&eacute;galit&eacute;s de genre et les in&eacute;galit&eacute;s &eacute;conomiques.<\/p>\n<p><strong>Les demandes de ONE pour un plan mondial d&rsquo;intervention contre la pand&eacute;mie sont d&eacute;taill&eacute;es dans <a href=\"https:\/\/www.one.org\/wp-content\/uploads\/2020\/04\/ONE-Plan-mondial-dintervention-COVID-19-final.pdf\">ce rapport<\/a><\/strong>.<\/p>\n<div class=\"buffer\"><\/div>\n<div class=\"buffer\"><\/div>","protected":false},"excerpt":{"rendered":"<p>Nos vies, nos &eacute;conomies et nos soci&eacute;t&eacute;s sont gravement impact&eacute;es par la crise li&eacute;e au COVID-19. Si ce virus nous affecte tous, ce sont surtout les communaut&eacute;s et les pays les plus fragiles qui seront les plus durement touch&eacute;s. Aujourd&rsquo;hui plus que jamais, nous devons nous mobiliser en faveur des plus vuln&eacute;rables, qu&rsquo;ils vivent de [&hellip;]<\/p>\n","protected":false},"author":23,"featured_media":163253,"comment_status":"open","ping_status":"open","sticky":false,"template":"","format":"standard","meta":{"_acf_changed":false,"_relevanssi_hide_post":"","_relevanssi_hide_content":"","_relevanssi_pin_for_all":"","_relevanssi_pin_keywords":"","_relevanssi_unpin_keywords":"","_relevanssi_related_keywords":"","_relevanssi_related_include_ids":"","_relevanssi_related_exclude_ids":"","_relevanssi_related_no_append":"","_relevanssi_related_not_related":"","_relevanssi_related_posts":"","_relevanssi_noindex_reason":"","footnotes":""},"categories":[34],"tags":[],"topic":[42],"contributor":[44],"one_content_audience":[],"one_content_type":[],"one_content_tone":[],"class_list":["post-162408","post","type-post","status-publish","format-standard","has-post-thumbnail","hentry","category-one","topic-covid-19","contributor-one"],"acf":[],"yoast_head":"<!-- This site is optimized with the Yoast SEO Premium plugin v27.1 (Yoast SEO v27.1.1) - https:\/\/yoast.com\/product\/yoast-seo-premium-wordpress\/ -->\n<title>COVID-19 : Pourquoi le monde a-t-il besoin d\u2019un plan mondial d&#039;intervention ? - ONE.org France<\/title>\n<meta name=\"robots\" content=\"index, follow, max-snippet:-1, max-image-preview:large, max-video-preview:-1\" \/>\n<link rel=\"canonical\" href=\"https:\/\/www.one.org\/fr\/actualites\/covid-19-pourquoi-le-monde-a-t-il-besoin-dun-plan-dintervention-international\/\" \/>\n<meta property=\"og:locale\" content=\"fr_FR\" \/>\n<meta property=\"og:type\" content=\"article\" \/>\n<meta property=\"og:title\" content=\"COVID-19: Pourquoi le monde a-t-il besoin d\u2019un Plan d&#039;intervention international ?\" \/>\n<meta property=\"og:description\" content=\"M\u00eame les meilleurs syst\u00e8mes de sant\u00e9 du monde ont du mal \u00e0 r\u00e9pondre \u00e0 l&#039;\u00e9pid\u00e9mie. Le choc pourrait \u00eatre pire en Afrique, o\u00f9 le COVID-19 pourrait submerger les pays dont les syst\u00e8mes de sant\u00e9 sont moins solides, avoir de graves r\u00e9percussions sur les \u00e9conomies et accro\u00eetre encore les in\u00e9galit\u00e9s.\" \/>\n<meta property=\"og:url\" content=\"https:\/\/www.one.org\/fr\/actualites\/covid-19-pourquoi-le-monde-a-t-il-besoin-dun-plan-dintervention-international\/\" \/>\n<meta property=\"og:site_name\" content=\"ONE.org France\" \/>\n<meta property=\"article:publisher\" content=\"https:\/\/www.facebook.com\/ONE.Fr\" \/>\n<meta property=\"article:published_time\" content=\"2020-04-06T19:59:18+00:00\" \/>\n<meta property=\"article:modified_time\" content=\"2023-12-08T14:01:10+00:00\" \/>\n<meta property=\"og:image\" content=\"https:\/\/cdn.one.org\/fr\/wp-content\/uploads\/2020\/04\/06144313\/COVID19_2020_featured3_1200x1200_en.png\" \/>\n<meta name=\"author\" content=\"Charlotte Grignard\" \/>\n<meta name=\"twitter:card\" content=\"summary_large_image\" \/>\n<meta name=\"twitter:title\" content=\"COVID-19 : Pourquoi le monde a-t-il besoin d\u2019un plan mondial d&#039;intervention ?\" \/>\n<meta name=\"twitter:creator\" content=\"@one_fr\" \/>\n<meta name=\"twitter:site\" content=\"@one_fr\" \/>\n<meta name=\"twitter:label1\" content=\"Written by\" \/>\n\t<meta name=\"twitter:data1\" content=\"Charlotte Grignard\" \/>\n\t<meta name=\"twitter:label2\" content=\"Est. reading time\" \/>\n\t<meta name=\"twitter:data2\" content=\"3 minutes\" \/>\n<script type=\"application\/ld+json\" class=\"yoast-schema-graph\">{\"@context\":\"https:\/\/schema.org\",\"@graph\":[{\"@type\":\"Article\",\"@id\":\"https:\/\/www.one.org\/fr\/actualites\/covid-19-pourquoi-le-monde-a-t-il-besoin-dun-plan-dintervention-international\/#article\",\"isPartOf\":{\"@id\":\"https:\/\/www.one.org\/fr\/actualites\/covid-19-pourquoi-le-monde-a-t-il-besoin-dun-plan-dintervention-international\/\"},\"author\":{\"name\":\"Charlotte Grignard\",\"@id\":\"https:\/\/www.one.org\/fr\/#\/schema\/person\/80f9015287f26deb0186c1a1506c5b45\"},\"headline\":\"COVID-19 : Pourquoi le monde a-t-il besoin d\u2019un plan mondial d&#8217;intervention ?\",\"datePublished\":\"2020-04-06T19:59:18+00:00\",\"dateModified\":\"2023-12-08T14:01:10+00:00\",\"mainEntityOfPage\":{\"@id\":\"https:\/\/www.one.org\/fr\/actualites\/covid-19-pourquoi-le-monde-a-t-il-besoin-dun-plan-dintervention-international\/\"},\"wordCount\":680,\"commentCount\":0,\"image\":{\"@id\":\"https:\/\/www.one.org\/fr\/actualites\/covid-19-pourquoi-le-monde-a-t-il-besoin-dun-plan-dintervention-international\/#primaryimage\"},\"thumbnailUrl\":\"https:\/\/www.one.org\/fr\/wp-content\/uploads\/sites\/4\/2020\/04\/COVID19_2020_featured3_1200x1200_en-1.png\",\"articleSection\":[\"ONE\"],\"inLanguage\":\"fr-FR\",\"potentialAction\":[{\"@type\":\"CommentAction\",\"name\":\"Comment\",\"target\":[\"https:\/\/www.one.org\/fr\/actualites\/covid-19-pourquoi-le-monde-a-t-il-besoin-dun-plan-dintervention-international\/#respond\"]}]},{\"@type\":\"WebPage\",\"@id\":\"https:\/\/www.one.org\/fr\/actualites\/covid-19-pourquoi-le-monde-a-t-il-besoin-dun-plan-dintervention-international\/\",\"url\":\"https:\/\/www.one.org\/fr\/actualites\/covid-19-pourquoi-le-monde-a-t-il-besoin-dun-plan-dintervention-international\/\",\"name\":\"COVID-19 : Pourquoi le monde a-t-il besoin d\u2019un plan mondial d'intervention ? - ONE.org France\",\"isPartOf\":{\"@id\":\"https:\/\/www.one.org\/fr\/#website\"},\"primaryImageOfPage\":{\"@id\":\"https:\/\/www.one.org\/fr\/actualites\/covid-19-pourquoi-le-monde-a-t-il-besoin-dun-plan-dintervention-international\/#primaryimage\"},\"image\":{\"@id\":\"https:\/\/www.one.org\/fr\/actualites\/covid-19-pourquoi-le-monde-a-t-il-besoin-dun-plan-dintervention-international\/#primaryimage\"},\"thumbnailUrl\":\"https:\/\/www.one.org\/fr\/wp-content\/uploads\/sites\/4\/2020\/04\/COVID19_2020_featured3_1200x1200_en-1.png\",\"datePublished\":\"2020-04-06T19:59:18+00:00\",\"dateModified\":\"2023-12-08T14:01:10+00:00\",\"author\":{\"@id\":\"https:\/\/www.one.org\/fr\/#\/schema\/person\/80f9015287f26deb0186c1a1506c5b45\"},\"breadcrumb\":{\"@id\":\"https:\/\/www.one.org\/fr\/actualites\/covid-19-pourquoi-le-monde-a-t-il-besoin-dun-plan-dintervention-international\/#breadcrumb\"},\"inLanguage\":\"fr-FR\",\"potentialAction\":[{\"@type\":\"ReadAction\",\"target\":[\"https:\/\/www.one.org\/fr\/actualites\/covid-19-pourquoi-le-monde-a-t-il-besoin-dun-plan-dintervention-international\/\"]}]},{\"@type\":\"ImageObject\",\"inLanguage\":\"fr-FR\",\"@id\":\"https:\/\/www.one.org\/fr\/actualites\/covid-19-pourquoi-le-monde-a-t-il-besoin-dun-plan-dintervention-international\/#primaryimage\",\"url\":\"https:\/\/www.one.org\/fr\/wp-content\/uploads\/sites\/4\/2020\/04\/COVID19_2020_featured3_1200x1200_en-1.png\",\"contentUrl\":\"https:\/\/www.one.org\/fr\/wp-content\/uploads\/sites\/4\/2020\/04\/COVID19_2020_featured3_1200x1200_en-1.png\",\"width\":1200,\"height\":1200},{\"@type\":\"BreadcrumbList\",\"@id\":\"https:\/\/www.one.org\/fr\/actualites\/covid-19-pourquoi-le-monde-a-t-il-besoin-dun-plan-dintervention-international\/#breadcrumb\",\"itemListElement\":[{\"@type\":\"ListItem\",\"position\":1,\"name\":\"Home\",\"item\":\"https:\/\/www.one.org\/fr\/\"},{\"@type\":\"ListItem\",\"position\":2,\"name\":\"COVID-19 : Pourquoi le monde a-t-il besoin d\u2019un plan mondial d&#8217;intervention ?\"}]},{\"@type\":\"WebSite\",\"@id\":\"https:\/\/www.one.org\/fr\/#website\",\"url\":\"https:\/\/www.one.org\/fr\/\",\"name\":\"ONE.org\",\"description\":\"Cr\u00e9er des opportunit\u00e9s \u00e9conomiques et am\u00e9liorer la sant\u00e9 en Afrique\",\"potentialAction\":[{\"@type\":\"SearchAction\",\"target\":{\"@type\":\"EntryPoint\",\"urlTemplate\":\"https:\/\/www.one.org\/fr\/?s={search_term_string}\"},\"query-input\":{\"@type\":\"PropertyValueSpecification\",\"valueRequired\":true,\"valueName\":\"search_term_string\"}}],\"inLanguage\":\"fr-FR\"},{\"@type\":\"Person\",\"@id\":\"https:\/\/www.one.org\/fr\/#\/schema\/person\/80f9015287f26deb0186c1a1506c5b45\",\"name\":\"Charlotte Grignard\",\"image\":{\"@type\":\"ImageObject\",\"inLanguage\":\"fr-FR\",\"@id\":\"https:\/\/www.one.org\/fr\/#\/schema\/person\/image\/\",\"url\":\"https:\/\/secure.gravatar.com\/avatar\/5502a1f95f0f52802983d25ece15bcbc13df70d815328935be70810a97028027?s=96&d=mm&r=g\",\"contentUrl\":\"https:\/\/secure.gravatar.com\/avatar\/5502a1f95f0f52802983d25ece15bcbc13df70d815328935be70810a97028027?s=96&d=mm&r=g\",\"caption\":\"Charlotte Grignard\"},\"url\":\"https:\/\/www.one.org\/fr\/actualites\/author\/charlottegrignard\/\"}]}<\/script>\n<!-- \/ Yoast SEO Premium plugin. -->","yoast_head_json":{"title":"COVID-19 : Pourquoi le monde a-t-il besoin d\u2019un plan mondial d'intervention ? - ONE.org France","robots":{"index":"index","follow":"follow","max-snippet":"max-snippet:-1","max-image-preview":"max-image-preview:large","max-video-preview":"max-video-preview:-1"},"canonical":"https:\/\/www.one.org\/fr\/actualites\/covid-19-pourquoi-le-monde-a-t-il-besoin-dun-plan-dintervention-international\/","og_locale":"fr_FR","og_type":"article","og_title":"COVID-19: Pourquoi le monde a-t-il besoin d\u2019un Plan d&#039;intervention international ?","og_description":"M\u00eame les meilleurs syst\u00e8mes de sant\u00e9 du monde ont du mal \u00e0 r\u00e9pondre \u00e0 l&#039;\u00e9pid\u00e9mie. Le choc pourrait \u00eatre pire en Afrique, o\u00f9 le COVID-19 pourrait submerger les pays dont les syst\u00e8mes de sant\u00e9 sont moins solides, avoir de graves r\u00e9percussions sur les \u00e9conomies et accro\u00eetre encore les in\u00e9galit\u00e9s.","og_url":"https:\/\/www.one.org\/fr\/actualites\/covid-19-pourquoi-le-monde-a-t-il-besoin-dun-plan-dintervention-international\/","og_site_name":"ONE.org France","article_publisher":"https:\/\/www.facebook.com\/ONE.Fr","article_published_time":"2020-04-06T19:59:18+00:00","article_modified_time":"2023-12-08T14:01:10+00:00","og_image":[{"url":"https:\/\/cdn.one.org\/fr\/wp-content\/uploads\/2020\/04\/06144313\/COVID19_2020_featured3_1200x1200_en.png","type":"","width":"","height":""}],"author":"Charlotte Grignard","twitter_card":"summary_large_image","twitter_title":"COVID-19 : Pourquoi le monde a-t-il besoin d\u2019un plan mondial d'intervention ?","twitter_creator":"@one_fr","twitter_site":"@one_fr","twitter_misc":{"Written by":"Charlotte Grignard","Est. reading time":"3 minutes"},"schema":{"@context":"https:\/\/schema.org","@graph":[{"@type":"Article","@id":"https:\/\/www.one.org\/fr\/actualites\/covid-19-pourquoi-le-monde-a-t-il-besoin-dun-plan-dintervention-international\/#article","isPartOf":{"@id":"https:\/\/www.one.org\/fr\/actualites\/covid-19-pourquoi-le-monde-a-t-il-besoin-dun-plan-dintervention-international\/"},"author":{"name":"Charlotte Grignard","@id":"https:\/\/www.one.org\/fr\/#\/schema\/person\/80f9015287f26deb0186c1a1506c5b45"},"headline":"COVID-19 : Pourquoi le monde a-t-il besoin d\u2019un plan mondial d&#8217;intervention ?","datePublished":"2020-04-06T19:59:18+00:00","dateModified":"2023-12-08T14:01:10+00:00","mainEntityOfPage":{"@id":"https:\/\/www.one.org\/fr\/actualites\/covid-19-pourquoi-le-monde-a-t-il-besoin-dun-plan-dintervention-international\/"},"wordCount":680,"commentCount":0,"image":{"@id":"https:\/\/www.one.org\/fr\/actualites\/covid-19-pourquoi-le-monde-a-t-il-besoin-dun-plan-dintervention-international\/#primaryimage"},"thumbnailUrl":"https:\/\/www.one.org\/fr\/wp-content\/uploads\/sites\/4\/2020\/04\/COVID19_2020_featured3_1200x1200_en-1.png","articleSection":["ONE"],"inLanguage":"fr-FR","potentialAction":[{"@type":"CommentAction","name":"Comment","target":["https:\/\/www.one.org\/fr\/actualites\/covid-19-pourquoi-le-monde-a-t-il-besoin-dun-plan-dintervention-international\/#respond"]}]},{"@type":"WebPage","@id":"https:\/\/www.one.org\/fr\/actualites\/covid-19-pourquoi-le-monde-a-t-il-besoin-dun-plan-dintervention-international\/","url":"https:\/\/www.one.org\/fr\/actualites\/covid-19-pourquoi-le-monde-a-t-il-besoin-dun-plan-dintervention-international\/","name":"COVID-19 : Pourquoi le monde a-t-il besoin d\u2019un plan mondial d'intervention ? - ONE.org France","isPartOf":{"@id":"https:\/\/www.one.org\/fr\/#website"},"primaryImageOfPage":{"@id":"https:\/\/www.one.org\/fr\/actualites\/covid-19-pourquoi-le-monde-a-t-il-besoin-dun-plan-dintervention-international\/#primaryimage"},"image":{"@id":"https:\/\/www.one.org\/fr\/actualites\/covid-19-pourquoi-le-monde-a-t-il-besoin-dun-plan-dintervention-international\/#primaryimage"},"thumbnailUrl":"https:\/\/www.one.org\/fr\/wp-content\/uploads\/sites\/4\/2020\/04\/COVID19_2020_featured3_1200x1200_en-1.png","datePublished":"2020-04-06T19:59:18+00:00","dateModified":"2023-12-08T14:01:10+00:00","author":{"@id":"https:\/\/www.one.org\/fr\/#\/schema\/person\/80f9015287f26deb0186c1a1506c5b45"},"breadcrumb":{"@id":"https:\/\/www.one.org\/fr\/actualites\/covid-19-pourquoi-le-monde-a-t-il-besoin-dun-plan-dintervention-international\/#breadcrumb"},"inLanguage":"fr-FR","potentialAction":[{"@type":"ReadAction","target":["https:\/\/www.one.org\/fr\/actualites\/covid-19-pourquoi-le-monde-a-t-il-besoin-dun-plan-dintervention-international\/"]}]},{"@type":"ImageObject","inLanguage":"fr-FR","@id":"https:\/\/www.one.org\/fr\/actualites\/covid-19-pourquoi-le-monde-a-t-il-besoin-dun-plan-dintervention-international\/#primaryimage","url":"https:\/\/www.one.org\/fr\/wp-content\/uploads\/sites\/4\/2020\/04\/COVID19_2020_featured3_1200x1200_en-1.png","contentUrl":"https:\/\/www.one.org\/fr\/wp-content\/uploads\/sites\/4\/2020\/04\/COVID19_2020_featured3_1200x1200_en-1.png","width":1200,"height":1200},{"@type":"BreadcrumbList","@id":"https:\/\/www.one.org\/fr\/actualites\/covid-19-pourquoi-le-monde-a-t-il-besoin-dun-plan-dintervention-international\/#breadcrumb","itemListElement":[{"@type":"ListItem","position":1,"name":"Home","item":"https:\/\/www.one.org\/fr\/"},{"@type":"ListItem","position":2,"name":"COVID-19 : Pourquoi le monde a-t-il besoin d\u2019un plan mondial d&#8217;intervention ?"}]},{"@type":"WebSite","@id":"https:\/\/www.one.org\/fr\/#website","url":"https:\/\/www.one.org\/fr\/","name":"ONE.org","description":"Cr\u00e9er des opportunit\u00e9s \u00e9conomiques et am\u00e9liorer la sant\u00e9 en Afrique","potentialAction":[{"@type":"SearchAction","target":{"@type":"EntryPoint","urlTemplate":"https:\/\/www.one.org\/fr\/?s={search_term_string}"},"query-input":{"@type":"PropertyValueSpecification","valueRequired":true,"valueName":"search_term_string"}}],"inLanguage":"fr-FR"},{"@type":"Person","@id":"https:\/\/www.one.org\/fr\/#\/schema\/person\/80f9015287f26deb0186c1a1506c5b45","name":"Charlotte Grignard","image":{"@type":"ImageObject","inLanguage":"fr-FR","@id":"https:\/\/www.one.org\/fr\/#\/schema\/person\/image\/","url":"https:\/\/secure.gravatar.com\/avatar\/5502a1f95f0f52802983d25ece15bcbc13df70d815328935be70810a97028027?s=96&d=mm&r=g","contentUrl":"https:\/\/secure.gravatar.com\/avatar\/5502a1f95f0f52802983d25ece15bcbc13df70d815328935be70810a97028027?s=96&d=mm&r=g","caption":"Charlotte Grignard"},"url":"https:\/\/www.one.org\/fr\/actualites\/author\/charlottegrignard\/"}]}},"distributor_meta":false,"distributor_terms":false,"distributor_media":false,"distributor_original_site_name":"ONE.org France","distributor_original_site_url":"https:\/\/www.one.org\/fr","push-errors":false,"_links":{"self":[{"href":"https:\/\/www.one.org\/fr\/wp-json\/wp\/v2\/posts\/162408","targetHints":{"allow":["GET"]}}],"collection":[{"href":"https:\/\/www.one.org\/fr\/wp-json\/wp\/v2\/posts"}],"about":[{"href":"https:\/\/www.one.org\/fr\/wp-json\/wp\/v2\/types\/post"}],"author":[{"embeddable":true,"href":"https:\/\/www.one.org\/fr\/wp-json\/wp\/v2\/users\/23"}],"replies":[{"embeddable":true,"href":"https:\/\/www.one.org\/fr\/wp-json\/wp\/v2\/comments?post=162408"}],"version-history":[{"count":0,"href":"https:\/\/www.one.org\/fr\/wp-json\/wp\/v2\/posts\/162408\/revisions"}],"wp:featuredmedia":[{"embeddable":true,"href":"https:\/\/www.one.org\/fr\/wp-json\/wp\/v2\/media\/163253"}],"wp:attachment":[{"href":"https:\/\/www.one.org\/fr\/wp-json\/wp\/v2\/media?parent=162408"}],"wp:term":[{"taxonomy":"category","embeddable":true,"href":"https:\/\/www.one.org\/fr\/wp-json\/wp\/v2\/categories?post=162408"},{"taxonomy":"post_tag","embeddable":true,"href":"https:\/\/www.one.org\/fr\/wp-json\/wp\/v2\/tags?post=162408"},{"taxonomy":"topic","embeddable":true,"href":"https:\/\/www.one.org\/fr\/wp-json\/wp\/v2\/topic?post=162408"},{"taxonomy":"contributor","embeddable":true,"href":"https:\/\/www.one.org\/fr\/wp-json\/wp\/v2\/contributor?post=162408"},{"taxonomy":"one_content_audience","embeddable":true,"href":"https:\/\/www.one.org\/fr\/wp-json\/wp\/v2\/one_content_audience?post=162408"},{"taxonomy":"one_content_type","embeddable":true,"href":"https:\/\/www.one.org\/fr\/wp-json\/wp\/v2\/one_content_type?post=162408"},{"taxonomy":"one_content_tone","embeddable":true,"href":"https:\/\/www.one.org\/fr\/wp-json\/wp\/v2\/one_content_tone?post=162408"}],"curies":[{"name":"wp","href":"https:\/\/api.w.org\/{rel}","templated":true}]}}