{"id":162403,"date":"2020-01-22T14:06:58","date_gmt":"2020-01-22T14:06:58","guid":{"rendered":"https:\/\/www.one.org\/fr\/5-facons-de-rendre-le-forum-economique-mondial-plus-pertinent\/"},"modified":"2023-09-11T22:33:08","modified_gmt":"2023-09-11T22:33:08","slug":"5-facons-de-rendre-davos-plus-pertinent","status":"publish","type":"post","link":"https:\/\/www.one.org\/fr\/actualites\/5-facons-de-rendre-davos-plus-pertinent\/","title":{"rendered":"5 fa\u00e7ons de rendre le Forum \u00e9conomique mondial plus pertinent"},"content":{"rendered":"<p><em>Par Gayle E. Smith, Pr&eacute;sidente et CEO de ONE et (RED)<\/em><\/p>\n<p>&Ccedil;a y est, l&rsquo;heure de Davos a sonn&eacute;. Les dirigeant.e.s les plus puissant.e.s du monde sont en Suisse pour la <a href=\"https:\/\/fr.weforum.org\/events\/world-economic-forum-annual-meeting-2020\">r&eacute;union annuelle du Forum &eacute;conomique mondial<\/a>, o&ugrave; ils.elles passeront la semaine &agrave; la montagne pour discuter des probl&egrave;mes du monde.<\/p>\n<p>Ces probl&egrave;mes s&rsquo;accumulent. La crise iranienne a r&eacute;affirm&eacute; les questions sur la paix, la s&eacute;curit&eacute; et la stabilit&eacute; dans la r&eacute;gion la plus instable du monde. Les incendies en Australie nous rappellent chaque jour notre incapacit&eacute; &agrave; r&eacute;pondre de mani&egrave;re ad&eacute;quate &agrave; la crise climatique. Et, alors que le compte &agrave; rebours est lanc&eacute; pour atteindre les Objectifs de d&eacute;veloppement durable d&rsquo;ici 2030, les progr&egrave;s en mati&egrave;re de d&eacute;veloppement humain restent plus pr&eacute;caires que jamais &ndash; nous sommes loin d&rsquo;&ecirc;tre sur la bonne voie, sur tous les plans.<\/p>\n<p>Le Forum de Davos devrait donc &ecirc;tre plus pertinent que jamais, mais en r&eacute;alit&eacute;, il risque d&rsquo;appara&icirc;tre obsol&egrave;te, d&eacute;pass&eacute; et d&eacute;suet. Il est temps d&rsquo;accepter que le meilleur moyen de trouver les r&eacute;ponses &agrave; ces probl&egrave;mes n&rsquo;est peut &ecirc;tre pas un rassemblement de milliardaires dans une station de ski suisse haut de gamme.<\/p>\n<p>Ne vous m&eacute;prenez pas, le Forum &eacute;conomique mondial a &eacute;t&eacute; une force d&eacute;terminante au cours des 50 derni&egrave;res ann&eacute;es et a jou&eacute; un r&ocirc;le cl&eacute; dans le d&eacute;veloppement de nombreuses initiatives et partenariats &agrave; l&rsquo;origine de progr&egrave;s importants dans la lutte contre l&rsquo;extr&ecirc;me pauvret&eacute;, les maladies &eacute;vitables et les injustices mondiales. Mais, comme l&rsquo;a dit un jour un g&eacute;n&eacute;ral en regardant vers l&rsquo;avenir, &laquo;&nbsp;si vous n&rsquo;aimez pas le changement, vous aimerez beaucoup moins le manque de pertinence&nbsp;&raquo;.<\/p>\n<p>Dans cette optique, voici cinq choses &agrave; prendre en compte pour les hommes &ndash; et les femmes, bien que beaucoup moins nombreuses (78% des d&eacute;l&eacute;gu&eacute;s de Davos en 2019 &eacute;taient des hommes)&nbsp;&ndash;pr&eacute;sent.e.s &agrave; Davos&nbsp;:<\/p>\n<ol>\n<li><strong>Les actions en disent plus que les mots<\/strong><\/li>\n<\/ol>\n<p>Vingt ans se sont &eacute;coul&eacute;s depuis le lancement de Gavi, l&rsquo;Alliance pour les vaccins, qui a sauv&eacute; des millions de vie. C&rsquo;est ce que Davos a fait de mieux. Pourquoi ne pas utiliser votre poids politique pour lancer la campagne de reconstitution de ce programme sous les meilleurs auspices, et faire en sorte qu&rsquo;il soit enti&egrave;rement refinanc&eacute; pour les quatre prochaines ann&eacute;es&nbsp;?<\/p>\n<ol start=\"2\">\n<li><strong>Laisser la place &agrave; une nouvelle g&eacute;n&eacute;ration de militants<\/strong><\/li>\n<\/ol>\n<p>L&rsquo;une des le&ccedil;ons les plus inspirantes des ann&eacute;es 2010 a &eacute;t&eacute; la capacit&eacute; des gens ordinaires &agrave; se rassembler pour r&eacute;aliser des choses extraordinaires. Des gr&egrave;ves climatiques avec Extinction R&eacute;bellion &agrave; #MeToo, aux manifestations de masse dans les pays du monde entier en passant par les marches contre les violences faites aux femmes, les mouvements les plus puissants aspirants au changement ont &eacute;t&eacute; organis&eacute;s par la soci&eacute;t&eacute;. Le moment est peut-&ecirc;tre venu de reconna&icirc;tre cela et de donner la parole &agrave; ces v&eacute;ritables acteurs.trices du changement.<\/p>\n<ol start=\"3\">\n<li><strong>Reconna&icirc;tre la synergie entre le d&eacute;veloppement du capital humain et le changement climatique<\/strong><\/li>\n<\/ol>\n<p>La crise climatique a enfin, et &agrave; juste titre, frapp&eacute; les esprits du monde entier. Mais il est encore alarmant de constater le peu d&rsquo;attention accord&eacute; au fait que ce sont les habitant.e.s des pays les plus pauvres du monde qui sont les plus durement confront&eacute;.e.s aux cons&eacute;quences de la crise climatique. Leur vie d&eacute;pend des ressources naturelles et ils.elles n&rsquo;ont pas de moyens de d&eacute;fense face aux modifications de leur environnement. Le changement climatique est un acc&eacute;l&eacute;rateur de la pauvret&eacute;. Pourquoi ne pas d&eacute;clarer que vous allez utiliser votre argent et votre pouvoir afin de garantir que le d&eacute;veloppement du capital humain, la lutte contre la pauvret&eacute; et la crise climatique soient abord&eacute;s ensemble ?<\/p>\n<ol start=\"4\">\n<li><strong>L&rsquo;endroit<\/strong><\/li>\n<\/ol>\n<p>Davos est magnifique. Mais soyons honn&ecirc;tes&nbsp;: c&rsquo;est cher, difficile d&rsquo;acc&egrave;s et bien plus idyllique que le monde actuel pour la plupart des gens. Quoi de mieux, pour montrer que le Forum &eacute;conomique mondial &eacute;volue, que de d&eacute;placer la r&eacute;union annuelle dans un lieu plus accessible&nbsp;? Cela serait l&rsquo;occasion de faire participer des personnes d&rsquo;horizons plus larges et d&rsquo;inclure celles-ci dans les discussions sur les probl&egrave;mes de notre monde et les solutions possibles.<\/p>\n<ol start=\"5\">\n<li><strong>Se pr&eacute;parer &agrave; penser l&rsquo;impensable<\/strong><\/li>\n<\/ol>\n<p>Malgr&eacute; tous les progr&egrave;s r&eacute;alis&eacute;s, l&rsquo;ampleur et la complexit&eacute; des d&eacute;fis auxquels le monde est confront&eacute; actuellement font que nous ne pouvons nous contenter des m&ecirc;mes anciennes solutions. Nous devons penser plus large et &ecirc;tre plus audacieux. &nbsp;La solution se trouve certainement dans un programme de changement radical qui s&rsquo;attaquerait aux in&eacute;galit&eacute;s syst&eacute;matiques en nous obligeant tous, y-compris les plus hauts responsables, &agrave; modifier notre fa&ccedil;on de faire afin de mieux utiliser les ressources, talents, connaissances et comp&eacute;tences de chacun.e et ainsi fa&ccedil;onner un avenir meilleur.<\/p>\n<p>&nbsp;<\/p>\n<p><em>Ce blog a &eacute;t&eacute; traduit de l&rsquo;anglais par Priscille Ducrocq, stagiaire Policy &amp; Advocacy de ONE &agrave; Paris. Retrouvez la version originale <a href=\"https:\/\/www.one.org\/international\/blog\/world-economic-forum-davos-2020\/\">ICI<\/a>.<\/em><\/p>\n<div class=\"buffer\"><\/div>","protected":false},"excerpt":{"rendered":"<p>Par Gayle E. Smith, Pr&eacute;sidente et CEO de ONE et (RED) &Ccedil;a y est, l&rsquo;heure de Davos a sonn&eacute;. Les dirigeant.e.s les plus puissant.e.s du monde sont en Suisse pour la r&eacute;union annuelle du Forum &eacute;conomique mondial, o&ugrave; ils.elles passeront la semaine &agrave; la montagne pour discuter des probl&egrave;mes du monde. Ces probl&egrave;mes s&rsquo;accumulent. La [&hellip;]<\/p>\n","protected":false},"author":23,"featured_media":163264,"comment_status":"open","ping_status":"open","sticky":false,"template":"","format":"standard","meta":{"_acf_changed":false,"_relevanssi_hide_post":"","_relevanssi_hide_content":"","_relevanssi_pin_for_all":"","_relevanssi_pin_keywords":"","_relevanssi_unpin_keywords":"","_relevanssi_related_keywords":"","_relevanssi_related_include_ids":"","_relevanssi_related_exclude_ids":"","_relevanssi_related_no_append":"","_relevanssi_related_not_related":"","_relevanssi_related_posts":"","_relevanssi_noindex_reason":"","footnotes":""},"categories":[1],"tags":[],"topic":[39,38],"contributor":[40],"one_content_audience":[],"one_content_type":[],"one_content_tone":[],"class_list":["post-162403","post","type-post","status-publish","format-standard","has-post-thumbnail","hentry","category-uncategorized","topic-changement-climatique","topic-sante","contributor-gayle-smith"],"acf":[],"yoast_head":"<!-- This site is optimized with the Yoast SEO Premium plugin v27.1 (Yoast SEO v27.1.1) - https:\/\/yoast.com\/product\/yoast-seo-premium-wordpress\/ -->\n<title>5 fa\u00e7ons de rendre le Forum \u00e9conomique mondial plus pertinent - ONE.org France<\/title>\n<meta name=\"robots\" content=\"index, follow, max-snippet:-1, max-image-preview:large, max-video-preview:-1\" \/>\n<link rel=\"canonical\" href=\"https:\/\/www.one.org\/fr\/actualites\/5-facons-de-rendre-davos-plus-pertinent\/\" \/>\n<meta property=\"og:locale\" content=\"fr_FR\" \/>\n<meta property=\"og:type\" content=\"article\" \/>\n<meta property=\"og:title\" content=\"5 fa\u00e7ons de rendre le Forum \u00e9conomique mondial plus pertinent\" \/>\n<meta property=\"og:description\" content=\"Gayle Smith, la Pr\u00e9sidente de ONE, propose 5 id\u00e9es de changements pour que Davos serve vraiment \u00e0 quelque chose dans la lutte contre les in\u00e9galit\u00e9s et le changement climatique.\" \/>\n<meta property=\"og:url\" content=\"https:\/\/www.one.org\/fr\/actualites\/5-facons-de-rendre-davos-plus-pertinent\/\" \/>\n<meta property=\"og:site_name\" content=\"ONE.org France\" \/>\n<meta property=\"article:publisher\" content=\"https:\/\/www.facebook.com\/ONE.Fr\" \/>\n<meta property=\"article:published_time\" content=\"2020-01-22T14:06:58+00:00\" \/>\n<meta property=\"article:modified_time\" content=\"2023-09-11T22:33:08+00:00\" \/>\n<meta property=\"og:image\" content=\"https:\/\/cdn.one.org\/fr\/wp-content\/uploads\/2020\/01\/22135532\/DAVOS_2020_featured_1200x1200.png\" \/>\n<meta name=\"author\" content=\"Charlotte Grignard\" \/>\n<meta name=\"twitter:card\" content=\"summary_large_image\" \/>\n<meta name=\"twitter:title\" content=\"5 fa\u00e7ons de rendre le Forum \u00e9conomique mondial plus pertinent\" \/>\n<meta name=\"twitter:creator\" content=\"@one_fr\" \/>\n<meta name=\"twitter:site\" content=\"@one_fr\" \/>\n<meta name=\"twitter:label1\" content=\"Written by\" \/>\n\t<meta name=\"twitter:data1\" content=\"Charlotte Grignard\" \/>\n\t<meta name=\"twitter:label2\" content=\"Est. reading time\" \/>\n\t<meta name=\"twitter:data2\" content=\"5 minutes\" \/>\n<script type=\"application\/ld+json\" class=\"yoast-schema-graph\">{\"@context\":\"https:\/\/schema.org\",\"@graph\":[{\"@type\":\"Article\",\"@id\":\"https:\/\/www.one.org\/fr\/actualites\/5-facons-de-rendre-davos-plus-pertinent\/#article\",\"isPartOf\":{\"@id\":\"https:\/\/www.one.org\/fr\/actualites\/5-facons-de-rendre-davos-plus-pertinent\/\"},\"author\":{\"name\":\"Charlotte Grignard\",\"@id\":\"https:\/\/www.one.org\/fr\/#\/schema\/person\/80f9015287f26deb0186c1a1506c5b45\"},\"headline\":\"5 fa\u00e7ons de rendre le Forum \u00e9conomique mondial plus pertinent\",\"datePublished\":\"2020-01-22T14:06:58+00:00\",\"dateModified\":\"2023-09-11T22:33:08+00:00\",\"mainEntityOfPage\":{\"@id\":\"https:\/\/www.one.org\/fr\/actualites\/5-facons-de-rendre-davos-plus-pertinent\/\"},\"wordCount\":1071,\"commentCount\":0,\"image\":{\"@id\":\"https:\/\/www.one.org\/fr\/actualites\/5-facons-de-rendre-davos-plus-pertinent\/#primaryimage\"},\"thumbnailUrl\":\"https:\/\/www.one.org\/fr\/wp-content\/uploads\/sites\/4\/2020\/01\/DAVOS_2020_featured_1200x1200.png\",\"inLanguage\":\"fr-FR\",\"potentialAction\":[{\"@type\":\"CommentAction\",\"name\":\"Comment\",\"target\":[\"https:\/\/www.one.org\/fr\/actualites\/5-facons-de-rendre-davos-plus-pertinent\/#respond\"]}]},{\"@type\":\"WebPage\",\"@id\":\"https:\/\/www.one.org\/fr\/actualites\/5-facons-de-rendre-davos-plus-pertinent\/\",\"url\":\"https:\/\/www.one.org\/fr\/actualites\/5-facons-de-rendre-davos-plus-pertinent\/\",\"name\":\"5 fa\u00e7ons de rendre le Forum \u00e9conomique mondial plus pertinent - ONE.org France\",\"isPartOf\":{\"@id\":\"https:\/\/www.one.org\/fr\/#website\"},\"primaryImageOfPage\":{\"@id\":\"https:\/\/www.one.org\/fr\/actualites\/5-facons-de-rendre-davos-plus-pertinent\/#primaryimage\"},\"image\":{\"@id\":\"https:\/\/www.one.org\/fr\/actualites\/5-facons-de-rendre-davos-plus-pertinent\/#primaryimage\"},\"thumbnailUrl\":\"https:\/\/www.one.org\/fr\/wp-content\/uploads\/sites\/4\/2020\/01\/DAVOS_2020_featured_1200x1200.png\",\"datePublished\":\"2020-01-22T14:06:58+00:00\",\"dateModified\":\"2023-09-11T22:33:08+00:00\",\"author\":{\"@id\":\"https:\/\/www.one.org\/fr\/#\/schema\/person\/80f9015287f26deb0186c1a1506c5b45\"},\"breadcrumb\":{\"@id\":\"https:\/\/www.one.org\/fr\/actualites\/5-facons-de-rendre-davos-plus-pertinent\/#breadcrumb\"},\"inLanguage\":\"fr-FR\",\"potentialAction\":[{\"@type\":\"ReadAction\",\"target\":[\"https:\/\/www.one.org\/fr\/actualites\/5-facons-de-rendre-davos-plus-pertinent\/\"]}]},{\"@type\":\"ImageObject\",\"inLanguage\":\"fr-FR\",\"@id\":\"https:\/\/www.one.org\/fr\/actualites\/5-facons-de-rendre-davos-plus-pertinent\/#primaryimage\",\"url\":\"https:\/\/www.one.org\/fr\/wp-content\/uploads\/sites\/4\/2020\/01\/DAVOS_2020_featured_1200x1200.png\",\"contentUrl\":\"https:\/\/www.one.org\/fr\/wp-content\/uploads\/sites\/4\/2020\/01\/DAVOS_2020_featured_1200x1200.png\",\"width\":1200,\"height\":1200},{\"@type\":\"BreadcrumbList\",\"@id\":\"https:\/\/www.one.org\/fr\/actualites\/5-facons-de-rendre-davos-plus-pertinent\/#breadcrumb\",\"itemListElement\":[{\"@type\":\"ListItem\",\"position\":1,\"name\":\"Home\",\"item\":\"https:\/\/www.one.org\/fr\/\"},{\"@type\":\"ListItem\",\"position\":2,\"name\":\"5 fa\u00e7ons de rendre le Forum \u00e9conomique mondial plus pertinent\"}]},{\"@type\":\"WebSite\",\"@id\":\"https:\/\/www.one.org\/fr\/#website\",\"url\":\"https:\/\/www.one.org\/fr\/\",\"name\":\"ONE.org\",\"description\":\"Cr\u00e9er des opportunit\u00e9s \u00e9conomiques et am\u00e9liorer la sant\u00e9 en Afrique\",\"potentialAction\":[{\"@type\":\"SearchAction\",\"target\":{\"@type\":\"EntryPoint\",\"urlTemplate\":\"https:\/\/www.one.org\/fr\/?s={search_term_string}\"},\"query-input\":{\"@type\":\"PropertyValueSpecification\",\"valueRequired\":true,\"valueName\":\"search_term_string\"}}],\"inLanguage\":\"fr-FR\"},{\"@type\":\"Person\",\"@id\":\"https:\/\/www.one.org\/fr\/#\/schema\/person\/80f9015287f26deb0186c1a1506c5b45\",\"name\":\"Charlotte Grignard\",\"image\":{\"@type\":\"ImageObject\",\"inLanguage\":\"fr-FR\",\"@id\":\"https:\/\/www.one.org\/fr\/#\/schema\/person\/image\/\",\"url\":\"https:\/\/secure.gravatar.com\/avatar\/5502a1f95f0f52802983d25ece15bcbc13df70d815328935be70810a97028027?s=96&d=mm&r=g\",\"contentUrl\":\"https:\/\/secure.gravatar.com\/avatar\/5502a1f95f0f52802983d25ece15bcbc13df70d815328935be70810a97028027?s=96&d=mm&r=g\",\"caption\":\"Charlotte Grignard\"},\"url\":\"https:\/\/www.one.org\/fr\/actualites\/author\/charlottegrignard\/\"}]}<\/script>\n<!-- \/ Yoast SEO Premium plugin. -->","yoast_head_json":{"title":"5 fa\u00e7ons de rendre le Forum \u00e9conomique mondial plus pertinent - ONE.org France","robots":{"index":"index","follow":"follow","max-snippet":"max-snippet:-1","max-image-preview":"max-image-preview:large","max-video-preview":"max-video-preview:-1"},"canonical":"https:\/\/www.one.org\/fr\/actualites\/5-facons-de-rendre-davos-plus-pertinent\/","og_locale":"fr_FR","og_type":"article","og_title":"5 fa\u00e7ons de rendre le Forum \u00e9conomique mondial plus pertinent","og_description":"Gayle Smith, la Pr\u00e9sidente de ONE, propose 5 id\u00e9es de changements pour que Davos serve vraiment \u00e0 quelque chose dans la lutte contre les in\u00e9galit\u00e9s et le changement climatique.","og_url":"https:\/\/www.one.org\/fr\/actualites\/5-facons-de-rendre-davos-plus-pertinent\/","og_site_name":"ONE.org France","article_publisher":"https:\/\/www.facebook.com\/ONE.Fr","article_published_time":"2020-01-22T14:06:58+00:00","article_modified_time":"2023-09-11T22:33:08+00:00","og_image":[{"url":"https:\/\/cdn.one.org\/fr\/wp-content\/uploads\/2020\/01\/22135532\/DAVOS_2020_featured_1200x1200.png","type":"","width":"","height":""}],"author":"Charlotte Grignard","twitter_card":"summary_large_image","twitter_title":"5 fa\u00e7ons de rendre le Forum \u00e9conomique mondial plus pertinent","twitter_creator":"@one_fr","twitter_site":"@one_fr","twitter_misc":{"Written by":"Charlotte Grignard","Est. reading time":"5 minutes"},"schema":{"@context":"https:\/\/schema.org","@graph":[{"@type":"Article","@id":"https:\/\/www.one.org\/fr\/actualites\/5-facons-de-rendre-davos-plus-pertinent\/#article","isPartOf":{"@id":"https:\/\/www.one.org\/fr\/actualites\/5-facons-de-rendre-davos-plus-pertinent\/"},"author":{"name":"Charlotte Grignard","@id":"https:\/\/www.one.org\/fr\/#\/schema\/person\/80f9015287f26deb0186c1a1506c5b45"},"headline":"5 fa\u00e7ons de rendre le Forum \u00e9conomique mondial plus pertinent","datePublished":"2020-01-22T14:06:58+00:00","dateModified":"2023-09-11T22:33:08+00:00","mainEntityOfPage":{"@id":"https:\/\/www.one.org\/fr\/actualites\/5-facons-de-rendre-davos-plus-pertinent\/"},"wordCount":1071,"commentCount":0,"image":{"@id":"https:\/\/www.one.org\/fr\/actualites\/5-facons-de-rendre-davos-plus-pertinent\/#primaryimage"},"thumbnailUrl":"https:\/\/www.one.org\/fr\/wp-content\/uploads\/sites\/4\/2020\/01\/DAVOS_2020_featured_1200x1200.png","inLanguage":"fr-FR","potentialAction":[{"@type":"CommentAction","name":"Comment","target":["https:\/\/www.one.org\/fr\/actualites\/5-facons-de-rendre-davos-plus-pertinent\/#respond"]}]},{"@type":"WebPage","@id":"https:\/\/www.one.org\/fr\/actualites\/5-facons-de-rendre-davos-plus-pertinent\/","url":"https:\/\/www.one.org\/fr\/actualites\/5-facons-de-rendre-davos-plus-pertinent\/","name":"5 fa\u00e7ons de rendre le Forum \u00e9conomique mondial plus pertinent - ONE.org France","isPartOf":{"@id":"https:\/\/www.one.org\/fr\/#website"},"primaryImageOfPage":{"@id":"https:\/\/www.one.org\/fr\/actualites\/5-facons-de-rendre-davos-plus-pertinent\/#primaryimage"},"image":{"@id":"https:\/\/www.one.org\/fr\/actualites\/5-facons-de-rendre-davos-plus-pertinent\/#primaryimage"},"thumbnailUrl":"https:\/\/www.one.org\/fr\/wp-content\/uploads\/sites\/4\/2020\/01\/DAVOS_2020_featured_1200x1200.png","datePublished":"2020-01-22T14:06:58+00:00","dateModified":"2023-09-11T22:33:08+00:00","author":{"@id":"https:\/\/www.one.org\/fr\/#\/schema\/person\/80f9015287f26deb0186c1a1506c5b45"},"breadcrumb":{"@id":"https:\/\/www.one.org\/fr\/actualites\/5-facons-de-rendre-davos-plus-pertinent\/#breadcrumb"},"inLanguage":"fr-FR","potentialAction":[{"@type":"ReadAction","target":["https:\/\/www.one.org\/fr\/actualites\/5-facons-de-rendre-davos-plus-pertinent\/"]}]},{"@type":"ImageObject","inLanguage":"fr-FR","@id":"https:\/\/www.one.org\/fr\/actualites\/5-facons-de-rendre-davos-plus-pertinent\/#primaryimage","url":"https:\/\/www.one.org\/fr\/wp-content\/uploads\/sites\/4\/2020\/01\/DAVOS_2020_featured_1200x1200.png","contentUrl":"https:\/\/www.one.org\/fr\/wp-content\/uploads\/sites\/4\/2020\/01\/DAVOS_2020_featured_1200x1200.png","width":1200,"height":1200},{"@type":"BreadcrumbList","@id":"https:\/\/www.one.org\/fr\/actualites\/5-facons-de-rendre-davos-plus-pertinent\/#breadcrumb","itemListElement":[{"@type":"ListItem","position":1,"name":"Home","item":"https:\/\/www.one.org\/fr\/"},{"@type":"ListItem","position":2,"name":"5 fa\u00e7ons de rendre le Forum \u00e9conomique mondial plus pertinent"}]},{"@type":"WebSite","@id":"https:\/\/www.one.org\/fr\/#website","url":"https:\/\/www.one.org\/fr\/","name":"ONE.org","description":"Cr\u00e9er des opportunit\u00e9s \u00e9conomiques et am\u00e9liorer la sant\u00e9 en Afrique","potentialAction":[{"@type":"SearchAction","target":{"@type":"EntryPoint","urlTemplate":"https:\/\/www.one.org\/fr\/?s={search_term_string}"},"query-input":{"@type":"PropertyValueSpecification","valueRequired":true,"valueName":"search_term_string"}}],"inLanguage":"fr-FR"},{"@type":"Person","@id":"https:\/\/www.one.org\/fr\/#\/schema\/person\/80f9015287f26deb0186c1a1506c5b45","name":"Charlotte Grignard","image":{"@type":"ImageObject","inLanguage":"fr-FR","@id":"https:\/\/www.one.org\/fr\/#\/schema\/person\/image\/","url":"https:\/\/secure.gravatar.com\/avatar\/5502a1f95f0f52802983d25ece15bcbc13df70d815328935be70810a97028027?s=96&d=mm&r=g","contentUrl":"https:\/\/secure.gravatar.com\/avatar\/5502a1f95f0f52802983d25ece15bcbc13df70d815328935be70810a97028027?s=96&d=mm&r=g","caption":"Charlotte Grignard"},"url":"https:\/\/www.one.org\/fr\/actualites\/author\/charlottegrignard\/"}]}},"distributor_meta":false,"distributor_terms":false,"distributor_media":false,"distributor_original_site_name":"ONE.org France","distributor_original_site_url":"https:\/\/www.one.org\/fr","push-errors":false,"_links":{"self":[{"href":"https:\/\/www.one.org\/fr\/wp-json\/wp\/v2\/posts\/162403","targetHints":{"allow":["GET"]}}],"collection":[{"href":"https:\/\/www.one.org\/fr\/wp-json\/wp\/v2\/posts"}],"about":[{"href":"https:\/\/www.one.org\/fr\/wp-json\/wp\/v2\/types\/post"}],"author":[{"embeddable":true,"href":"https:\/\/www.one.org\/fr\/wp-json\/wp\/v2\/users\/23"}],"replies":[{"embeddable":true,"href":"https:\/\/www.one.org\/fr\/wp-json\/wp\/v2\/comments?post=162403"}],"version-history":[{"count":0,"href":"https:\/\/www.one.org\/fr\/wp-json\/wp\/v2\/posts\/162403\/revisions"}],"wp:featuredmedia":[{"embeddable":true,"href":"https:\/\/www.one.org\/fr\/wp-json\/wp\/v2\/media\/163264"}],"wp:attachment":[{"href":"https:\/\/www.one.org\/fr\/wp-json\/wp\/v2\/media?parent=162403"}],"wp:term":[{"taxonomy":"category","embeddable":true,"href":"https:\/\/www.one.org\/fr\/wp-json\/wp\/v2\/categories?post=162403"},{"taxonomy":"post_tag","embeddable":true,"href":"https:\/\/www.one.org\/fr\/wp-json\/wp\/v2\/tags?post=162403"},{"taxonomy":"topic","embeddable":true,"href":"https:\/\/www.one.org\/fr\/wp-json\/wp\/v2\/topic?post=162403"},{"taxonomy":"contributor","embeddable":true,"href":"https:\/\/www.one.org\/fr\/wp-json\/wp\/v2\/contributor?post=162403"},{"taxonomy":"one_content_audience","embeddable":true,"href":"https:\/\/www.one.org\/fr\/wp-json\/wp\/v2\/one_content_audience?post=162403"},{"taxonomy":"one_content_type","embeddable":true,"href":"https:\/\/www.one.org\/fr\/wp-json\/wp\/v2\/one_content_type?post=162403"},{"taxonomy":"one_content_tone","embeddable":true,"href":"https:\/\/www.one.org\/fr\/wp-json\/wp\/v2\/one_content_tone?post=162403"}],"curies":[{"name":"wp","href":"https:\/\/api.w.org\/{rel}","templated":true}]}}