{"id":162399,"date":"2021-04-27T12:48:32","date_gmt":"2021-04-27T12:48:32","guid":{"rendered":"https:\/\/www.one.org\/fr\/8-citations-sur-leducation-des-filles-a-lire-absolument\/"},"modified":"2023-12-08T12:07:38","modified_gmt":"2023-12-08T12:07:38","slug":"8-citations-sur-leducation-des-filles-a-lire-absolument","status":"publish","type":"post","link":"https:\/\/www.one.org\/fr\/actualites\/8-citations-sur-leducation-des-filles-a-lire-absolument\/","title":{"rendered":"8 citations sur l\u2019\u00e9ducation des filles \u00e0 lire absolument"},"content":{"rendered":"<p>En 2018, <strong><a href=\"https:\/\/www.globalpartnership.org\/fr\/results\/education-data-highlights\">pr\u00e8s de 130 millions de filles<\/a> n\u2019\u00e9taient pas scolaris\u00e9es <\/strong>\u2013 non pas parce qu\u2019elles ne le veulent pas, mais parce qu\u2019elles n\u2019en ont pas la possibilit\u00e9. C\u2019est inacceptable. <strong>Pouvoir aller \u00e0 l\u2019\u00e9cole est un droit fondamental<\/strong>.<\/p>\n<p>Le manque d\u2019acc\u00e8s des filles \u00e0 l\u2019\u00e9ducation est lourd de cons\u00e9quences : dans de nombreux pays, les filles d\u00e9scolaris\u00e9es sont plus susceptibles d\u2019\u00eatre victimes de mariages forc\u00e9s, d\u2019avoir des grossesses pr\u00e9coces, d\u2019\u00eatre infect\u00e9es par le VIH et de mourir jeunes. La pand\u00e9mie de COVID-19 pourrait aujourd\u2019hui aggraver davantage la situation :<\/p>\n<ul>\n<li>20 millions de filles dans les pays en d\u00e9veloppement pourraient ne jamais retourner \u00e0 l\u2019\u00e9cole une fois la pand\u00e9mie termin\u00e9e.<\/li>\n<li><span style=\"font-weight: 400\">1 million de filles en Afrique subsaharienne pourraient ne pas retourner \u00e0 l\u2019\u00e9cole en raison de grossesses pr\u00e9coces survenues pendant la fermeture des \u00e9coles.<\/span><\/li>\n<li>10 millions de filles suppl\u00e9mentaires risquent d\u2019\u00eatre victimes de mariages d\u2019enfants.<\/li>\n<\/ul>\n<p><strong>Il s\u2019agit d\u2019une crise mondiale \u00e0 laquelle les dirigeants mondiaux doivent rem\u00e9dier sans attendre.<\/strong> \u00c7a tombe bien ! En juillet prochain, ils ont une opportunit\u00e9 unique d\u2019agir puisqu\u2019ils seront amen\u00e9s \u00e0 apporter leur soutien financier au <a href=\"http:\/\/www.partenariatmondial.org\/fr\">Partenariat mondial pour l\u2019\u00e9ducation<\/a> (PME), l\u2019un des principaux m\u00e9canismes internationaux qui finance l\u2019acc\u00e8s \u00e0 l\u2019\u00e9ducation dans les pays les plus pauvres. Parce que chaque enfant compte, demandons-leur d\u2019investir les ressources n\u00e9cessaires pour permettre \u00e0 tous les enfants, notamment les filles, d\u2019avoir enfin acc\u00e8s \u00e0 un enseignement de qualit\u00e9. <strong>Si la France contribue \u00e0 hauteur de 500 millions d\u2019euros pour la p\u00e9riode 2021-2025, cela pourrait scolariser 10 millions d\u2019enfants suppl\u00e9mentaires, dont 5 millions de filles<\/strong>.<\/p>\n<p>Le manque d\u2019acc\u00e8s \u00e0 l\u2019\u00e9ducation est un probl\u00e8me plan\u00e9taire. Nous avons besoin de la mobilisation des citoyens et des citoyennes pour nous faire entendre. Pour rejoindre notre combat et d\u00e9fendre l\u2019\u00e9ducation de tous les enfants, quel que soit l\u2019endroit o\u00f9 ils vivent, <strong><a href=\"https:\/\/act.one.org\/sign\/education-future-2021-fr\/\">ajoutez votre nom \u00e0 notre p\u00e9tition<\/a><\/strong> !<\/p>\n<p>De nombreuses personnalit\u00e9s ont d\u00e9j\u00e0 fait entendre leur voix, elles aussi, pour montrer l\u2019importance de l\u2019\u00e9ducation des filles ! <strong><span style=\"color: #993366\">D\u00e9couvrez 8 citations inspirantes<\/span><\/strong> :<\/p>\n<blockquote><p>\u201cLa capacit\u00e9 \u00e0 lire, \u00e9crire et analyser ; la confiance n\u00e9cessaire pour pouvoir d\u00e9fendre ses droits et exiger justice et \u00e9galit\u00e9 ; les comp\u00e9tences et les relations qui ouvrent des portes et permettent \u00e0 chacun de trouver sa place dans la soci\u00e9t\u00e9 \u2013 <strong>tout cela commence par l\u2019\u00e9ducation<\/strong>.\u201d<\/p><\/blockquote>\n<p><span style=\"color: #993366\">\u2013 Michelle Obama<\/span>, Discours \u201cLet Girls Learn\u201d, Journ\u00e9e internationale des droits des femmes (2016)<\/p>\n<blockquote><p>\u201cLe Nigeria doit relever de nombreux d\u00e9fis \u2013 mais <strong>aucun de ces d\u00e9fis ne peut \u00eatre surmont\u00e9 sans l\u2019\u00e9ducation<\/strong>. Aujourd\u2019hui, des dizaines de millions d\u2019enfants nig\u00e9rians ne vont pas \u00e0 l\u2019\u00e9cole ; et parmi eux, il y a surtout des filles. C\u2019est un drame pour ces derni\u00e8res, un g\u00e2chis consid\u00e9rable de richesses humaines et une menace pour l\u2019avenir du Nigeria.\u201d<\/p><\/blockquote>\n<p><span style=\"color: #993366\">\u2013 Malala Yousafzai<\/span>, appelant \u00e0 un plan d\u2019urgence pour l\u2019\u00e9ducation au Nigeria<\/p>\n<blockquote><p>\u201cLes droits que nous voulons :<br \/>\nNous voulons choisir notre mari,<br \/>\nNous voulons \u00eatre propri\u00e9taires de nos terres,<br \/>\nNous voulons aller \u00e0 l\u2019\u00e9cole,<br \/>\nNous ne voulons plus \u00eatre excis\u00e9es,<br \/>\nNous voulons prendre nos propres d\u00e9cisions,<br \/>\nNous voulons \u00eatre respect\u00e9es en politique,<br \/>\nEt en tant que cheffes de file,<br \/>\n<strong>Nous voulons les m\u00eames chances<\/strong>.\u201d<\/p><\/blockquote>\n<p><span style=\"color: #993366\">\u2013 Rebecca Lolosoli<\/span>, qui a aid\u00e9 \u00e0 la cr\u00e9ation du Village des Femmes Umoja au Kenya apr\u00e8s avoir \u00e9t\u00e9 battue pour avoir d\u00e9fendu les victimes de viol<\/p>\n<blockquote><p>\u201cLa seule raison pour laquelle Boko Haram voit l\u2019\u00e9ducation des filles comme une menace, c\u2019est parce que ce groupe est conscient <strong>du potentiel consid\u00e9rable et du pouvoir immense<\/strong> d\u2019une fille instruite.\u201d<\/p><\/blockquote>\n<p>\u2013 <span style=\"color: #993366\">Dr Eleanor Nwadinobi<\/span>, conseill\u00e8re de longue date aupr\u00e8s du Fonds Mondial pour les Femmes au Nigeria<\/p>\n<blockquote><p>\u201c<strong>L\u2019\u00e9ducation est un besoin essentiel et un droit fondamental pour tout \u00eatre humain<\/strong>. Je veux changer la fa\u00e7on dont ma communaut\u00e9 per\u00e7oit l\u2019\u00e9ducation et je continuerai de le faire jusqu\u2019\u00e0 mon dernier souffle.\u201d<\/p><\/blockquote>\n<p><span style=\"color: #993366\">\u2013 Humaira Bachal<\/span>, militante pakistanaise pour l\u2019\u00e9ducation des filles<\/p>\n<blockquote><p>\u201cLes femmes et les filles sont la plus importante ressource de l\u2019Afrique, pourtant inexploit\u00e9e. Ce sont elles, et non les diamants ou le p\u00e9trole et les min\u00e9raux, qui seront \u00e0 l\u2019origine d\u2019un progr\u00e8s r\u00e9el, \u00e9quitable et durable. Les experts en sant\u00e9 et d\u00e9veloppement, les \u00e9conomistes, les organisations non gouvernementales, les agences des Nations Unies et m\u00eame les banques s\u2019accordent pour dire qu\u2019<strong>\u00e9tendre les libert\u00e9s, l\u2019\u00e9ducation et les opportunit\u00e9s offertes aux femmes est la cl\u00e9 d\u2019une croissance \u00e9conomique inclusive<\/strong>. Cela est vrai pour le monde entier, et particuli\u00e8rement vrai pour l\u2019Afrique.\u201d<\/p><\/blockquote>\n<p><span style=\"color: #993366\">\u2013 Joaquim Chissano<\/span>, ancien pr\u00e9sident du Mozambique<\/p>\n<blockquote><p>\u201cJ\u2019ai toujours \u00e9t\u00e9 convaincue qu\u2019<strong>en \u00e9duquant une fille, vous donnez du pouvoir \u00e0 toute une nation<\/strong>.\u201d<\/p><\/blockquote>\n<p><span style=\"color: #993366\">\u2013 Reine Rania de Jordanie<\/span>, militante pour l\u2019\u00e9ducation des filles<\/p>\n<blockquote><p>\u201cPour mettre fin \u00e0 toute forme d\u2019injustice, je ne connais pas d\u2019<strong>arme plus puissante au monde que l\u2019\u00e9ducation<\/strong>.\u201d<\/p><\/blockquote>\n<p><span style=\"color: #993366\">\u2013 Tererai Trent<\/span>, principale conf\u00e9renci\u00e8re au Sommet des Nations Unies \u201cGlobal Compact Leaders\u201d et professeure adjointe en Suivi et \u00c9valuation de la Sant\u00e9 mondiale \u00e0 l\u2019Universit\u00e9 de Drexel<\/p>\n<p><span class=\"c-title__take-action\"><span style=\"color: #000000\">Envie d\u2019agir maintenant \u00e0 nos c\u00f4t\u00e9s ? <a href=\"https:\/\/www.one.org\/fr\/agir\/rejoignez-notre-combat\/\">Rejoignez-nous !<\/a>\u00a0<\/span><\/span><\/p>\n<div class=\"buffer\"><\/div>","protected":false},"excerpt":{"rendered":"<p>En 2018, pr\u00e8s de 130 millions de filles n\u2019\u00e9taient pas scolaris\u00e9es \u2013 non pas parce qu\u2019elles ne le veulent pas, mais parce qu\u2019elles n\u2019en ont pas la possibilit\u00e9. C\u2019est inacceptable. Pouvoir aller \u00e0 l\u2019\u00e9cole est un droit fondamental. Le manque d\u2019acc\u00e8s des filles \u00e0 l\u2019\u00e9ducation est lourd de cons\u00e9quences : dans de nombreux pays, les [&hellip;]<\/p>\n","protected":false},"author":1,"featured_media":163111,"comment_status":"open","ping_status":"open","sticky":false,"template":"","format":"standard","meta":{"_acf_changed":false,"_relevanssi_hide_post":"","_relevanssi_hide_content":"","_relevanssi_pin_for_all":"","_relevanssi_pin_keywords":"","_relevanssi_unpin_keywords":"","_relevanssi_related_keywords":"","_relevanssi_related_include_ids":"","_relevanssi_related_exclude_ids":"","_relevanssi_related_no_append":"","_relevanssi_related_not_related":"","_relevanssi_related_posts":"165045,165022,164979,164901,164801,164384","_relevanssi_noindex_reason":"","footnotes":""},"categories":[34],"tags":[],"topic":[35,36],"contributor":[33],"one_content_audience":[],"one_content_type":[],"one_content_tone":[],"class_list":["post-162399","post","type-post","status-publish","format-standard","has-post-thumbnail","hentry","category-one","topic-education","topic-les-femmes-et-les-filles","contributor-one-france"],"acf":[],"yoast_head":"<!-- This site is optimized with the Yoast SEO Premium plugin v27.1 (Yoast SEO v27.1.1) - https:\/\/yoast.com\/product\/yoast-seo-premium-wordpress\/ -->\n<title>8 citations sur l\u2019\u00e9ducation des filles \u00e0 lire absolument - ONE.org France<\/title>\n<meta name=\"description\" content=\"130 millions de filles ne vont toujours pas \u00e0 l&#039;\u00e9cole aujourd&#039;hui. C\u2019est inacceptable : pouvoir aller \u00e0 l\u2019\u00e9cole est un droit fondamental.\" \/>\n<meta name=\"robots\" content=\"index, follow, max-snippet:-1, max-image-preview:large, max-video-preview:-1\" \/>\n<link rel=\"canonical\" href=\"https:\/\/www.one.org\/fr\/actualites\/8-citations-sur-leducation-des-filles-a-lire-absolument\/\" \/>\n<meta property=\"og:locale\" content=\"fr_FR\" \/>\n<meta property=\"og:type\" content=\"article\" \/>\n<meta property=\"og:title\" content=\"8 citations sur l\u2019\u00e9ducation des filles \u00e0 lire absolument\" \/>\n<meta property=\"og:description\" content=\"130 millions de filles ne vont toujours pas \u00e0 l&#039;\u00e9cole aujourd&#039;hui. C\u2019est inacceptable : pouvoir aller \u00e0 l\u2019\u00e9cole est un droit fondamental.\" \/>\n<meta property=\"og:url\" content=\"https:\/\/www.one.org\/fr\/actualites\/8-citations-sur-leducation-des-filles-a-lire-absolument\/\" \/>\n<meta property=\"og:site_name\" content=\"ONE.org France\" \/>\n<meta property=\"article:publisher\" content=\"https:\/\/www.facebook.com\/ONE.Fr\" \/>\n<meta property=\"article:published_time\" content=\"2021-04-27T12:48:32+00:00\" \/>\n<meta property=\"article:modified_time\" content=\"2023-12-08T12:07:38+00:00\" \/>\n<meta property=\"og:image\" content=\"https:\/\/www.one.org\/fr\/wp-content\/uploads\/sites\/4\/2021\/04\/girls_in_classroom_hero.jpg\" \/>\n\t<meta property=\"og:image:width\" content=\"1440\" \/>\n\t<meta property=\"og:image:height\" content=\"900\" \/>\n\t<meta property=\"og:image:type\" content=\"image\/jpeg\" \/>\n<meta name=\"author\" content=\"admin\" \/>\n<meta name=\"twitter:card\" content=\"summary_large_image\" \/>\n<meta name=\"twitter:creator\" content=\"@one_fr\" \/>\n<meta name=\"twitter:site\" content=\"@one_fr\" \/>\n<meta name=\"twitter:label1\" content=\"Written by\" \/>\n\t<meta name=\"twitter:data1\" content=\"admin\" \/>\n\t<meta name=\"twitter:label2\" content=\"Est. reading time\" \/>\n\t<meta name=\"twitter:data2\" content=\"4 minutes\" \/>\n<script type=\"application\/ld+json\" class=\"yoast-schema-graph\">{\"@context\":\"https:\/\/schema.org\",\"@graph\":[{\"@type\":\"Article\",\"@id\":\"https:\/\/www.one.org\/fr\/actualites\/8-citations-sur-leducation-des-filles-a-lire-absolument\/#article\",\"isPartOf\":{\"@id\":\"https:\/\/www.one.org\/fr\/actualites\/8-citations-sur-leducation-des-filles-a-lire-absolument\/\"},\"author\":{\"name\":\"admin\",\"@id\":\"https:\/\/www.one.org\/fr\/#\/schema\/person\/236ef43a079c36667c3f1de2da8e0838\"},\"headline\":\"8 citations sur l\u2019\u00e9ducation des filles \u00e0 lire absolument\",\"datePublished\":\"2021-04-27T12:48:32+00:00\",\"dateModified\":\"2023-12-08T12:07:38+00:00\",\"mainEntityOfPage\":{\"@id\":\"https:\/\/www.one.org\/fr\/actualites\/8-citations-sur-leducation-des-filles-a-lire-absolument\/\"},\"wordCount\":897,\"commentCount\":0,\"image\":{\"@id\":\"https:\/\/www.one.org\/fr\/actualites\/8-citations-sur-leducation-des-filles-a-lire-absolument\/#primaryimage\"},\"thumbnailUrl\":\"https:\/\/www.one.org\/fr\/wp-content\/uploads\/sites\/4\/2021\/04\/girls_in_classroom_hero.jpg\",\"articleSection\":[\"ONE\"],\"inLanguage\":\"fr-FR\",\"potentialAction\":[{\"@type\":\"CommentAction\",\"name\":\"Comment\",\"target\":[\"https:\/\/www.one.org\/fr\/actualites\/8-citations-sur-leducation-des-filles-a-lire-absolument\/#respond\"]}]},{\"@type\":\"WebPage\",\"@id\":\"https:\/\/www.one.org\/fr\/actualites\/8-citations-sur-leducation-des-filles-a-lire-absolument\/\",\"url\":\"https:\/\/www.one.org\/fr\/actualites\/8-citations-sur-leducation-des-filles-a-lire-absolument\/\",\"name\":\"8 citations sur l\u2019\u00e9ducation des filles \u00e0 lire absolument - ONE.org France\",\"isPartOf\":{\"@id\":\"https:\/\/www.one.org\/fr\/#website\"},\"primaryImageOfPage\":{\"@id\":\"https:\/\/www.one.org\/fr\/actualites\/8-citations-sur-leducation-des-filles-a-lire-absolument\/#primaryimage\"},\"image\":{\"@id\":\"https:\/\/www.one.org\/fr\/actualites\/8-citations-sur-leducation-des-filles-a-lire-absolument\/#primaryimage\"},\"thumbnailUrl\":\"https:\/\/www.one.org\/fr\/wp-content\/uploads\/sites\/4\/2021\/04\/girls_in_classroom_hero.jpg\",\"datePublished\":\"2021-04-27T12:48:32+00:00\",\"dateModified\":\"2023-12-08T12:07:38+00:00\",\"author\":{\"@id\":\"https:\/\/www.one.org\/fr\/#\/schema\/person\/236ef43a079c36667c3f1de2da8e0838\"},\"description\":\"130 millions de filles ne vont toujours pas \u00e0 l'\u00e9cole aujourd'hui. C\u2019est inacceptable : pouvoir aller \u00e0 l\u2019\u00e9cole est un droit fondamental.\",\"breadcrumb\":{\"@id\":\"https:\/\/www.one.org\/fr\/actualites\/8-citations-sur-leducation-des-filles-a-lire-absolument\/#breadcrumb\"},\"inLanguage\":\"fr-FR\",\"potentialAction\":[{\"@type\":\"ReadAction\",\"target\":[\"https:\/\/www.one.org\/fr\/actualites\/8-citations-sur-leducation-des-filles-a-lire-absolument\/\"]}]},{\"@type\":\"ImageObject\",\"inLanguage\":\"fr-FR\",\"@id\":\"https:\/\/www.one.org\/fr\/actualites\/8-citations-sur-leducation-des-filles-a-lire-absolument\/#primaryimage\",\"url\":\"https:\/\/www.one.org\/fr\/wp-content\/uploads\/sites\/4\/2021\/04\/girls_in_classroom_hero.jpg\",\"contentUrl\":\"https:\/\/www.one.org\/fr\/wp-content\/uploads\/sites\/4\/2021\/04\/girls_in_classroom_hero.jpg\",\"width\":1440,\"height\":900},{\"@type\":\"BreadcrumbList\",\"@id\":\"https:\/\/www.one.org\/fr\/actualites\/8-citations-sur-leducation-des-filles-a-lire-absolument\/#breadcrumb\",\"itemListElement\":[{\"@type\":\"ListItem\",\"position\":1,\"name\":\"Home\",\"item\":\"https:\/\/www.one.org\/fr\/\"},{\"@type\":\"ListItem\",\"position\":2,\"name\":\"8 citations sur l\u2019\u00e9ducation des filles \u00e0 lire absolument\"}]},{\"@type\":\"WebSite\",\"@id\":\"https:\/\/www.one.org\/fr\/#website\",\"url\":\"https:\/\/www.one.org\/fr\/\",\"name\":\"ONE.org\",\"description\":\"Cr\u00e9er des opportunit\u00e9s \u00e9conomiques et am\u00e9liorer la sant\u00e9 en Afrique\",\"potentialAction\":[{\"@type\":\"SearchAction\",\"target\":{\"@type\":\"EntryPoint\",\"urlTemplate\":\"https:\/\/www.one.org\/fr\/?s={search_term_string}\"},\"query-input\":{\"@type\":\"PropertyValueSpecification\",\"valueRequired\":true,\"valueName\":\"search_term_string\"}}],\"inLanguage\":\"fr-FR\"},{\"@type\":\"Person\",\"@id\":\"https:\/\/www.one.org\/fr\/#\/schema\/person\/236ef43a079c36667c3f1de2da8e0838\",\"name\":\"admin\",\"image\":{\"@type\":\"ImageObject\",\"inLanguage\":\"fr-FR\",\"@id\":\"https:\/\/www.one.org\/fr\/#\/schema\/person\/image\/\",\"url\":\"https:\/\/secure.gravatar.com\/avatar\/2b4204681b789d34ede86a735f8b6378df901f7f7ab7a9ca89af4670b2bb13b8?s=96&d=mm&r=g\",\"contentUrl\":\"https:\/\/secure.gravatar.com\/avatar\/2b4204681b789d34ede86a735f8b6378df901f7f7ab7a9ca89af4670b2bb13b8?s=96&d=mm&r=g\",\"caption\":\"admin\"},\"sameAs\":[\"http:\/\/www.one.org\"],\"url\":\"https:\/\/www.one.org\/fr\/actualites\/author\/admin\/\"}]}<\/script>\n<!-- \/ Yoast SEO Premium plugin. -->","yoast_head_json":{"title":"8 citations sur l\u2019\u00e9ducation des filles \u00e0 lire absolument - ONE.org France","description":"130 millions de filles ne vont toujours pas \u00e0 l'\u00e9cole aujourd'hui. C\u2019est inacceptable : pouvoir aller \u00e0 l\u2019\u00e9cole est un droit fondamental.","robots":{"index":"index","follow":"follow","max-snippet":"max-snippet:-1","max-image-preview":"max-image-preview:large","max-video-preview":"max-video-preview:-1"},"canonical":"https:\/\/www.one.org\/fr\/actualites\/8-citations-sur-leducation-des-filles-a-lire-absolument\/","og_locale":"fr_FR","og_type":"article","og_title":"8 citations sur l\u2019\u00e9ducation des filles \u00e0 lire absolument","og_description":"130 millions de filles ne vont toujours pas \u00e0 l'\u00e9cole aujourd'hui. C\u2019est inacceptable : pouvoir aller \u00e0 l\u2019\u00e9cole est un droit fondamental.","og_url":"https:\/\/www.one.org\/fr\/actualites\/8-citations-sur-leducation-des-filles-a-lire-absolument\/","og_site_name":"ONE.org France","article_publisher":"https:\/\/www.facebook.com\/ONE.Fr","article_published_time":"2021-04-27T12:48:32+00:00","article_modified_time":"2023-12-08T12:07:38+00:00","og_image":[{"width":1440,"height":900,"url":"https:\/\/www.one.org\/fr\/wp-content\/uploads\/sites\/4\/2021\/04\/girls_in_classroom_hero.jpg","type":"image\/jpeg"}],"author":"admin","twitter_card":"summary_large_image","twitter_creator":"@one_fr","twitter_site":"@one_fr","twitter_misc":{"Written by":"admin","Est. reading time":"4 minutes"},"schema":{"@context":"https:\/\/schema.org","@graph":[{"@type":"Article","@id":"https:\/\/www.one.org\/fr\/actualites\/8-citations-sur-leducation-des-filles-a-lire-absolument\/#article","isPartOf":{"@id":"https:\/\/www.one.org\/fr\/actualites\/8-citations-sur-leducation-des-filles-a-lire-absolument\/"},"author":{"name":"admin","@id":"https:\/\/www.one.org\/fr\/#\/schema\/person\/236ef43a079c36667c3f1de2da8e0838"},"headline":"8 citations sur l\u2019\u00e9ducation des filles \u00e0 lire absolument","datePublished":"2021-04-27T12:48:32+00:00","dateModified":"2023-12-08T12:07:38+00:00","mainEntityOfPage":{"@id":"https:\/\/www.one.org\/fr\/actualites\/8-citations-sur-leducation-des-filles-a-lire-absolument\/"},"wordCount":897,"commentCount":0,"image":{"@id":"https:\/\/www.one.org\/fr\/actualites\/8-citations-sur-leducation-des-filles-a-lire-absolument\/#primaryimage"},"thumbnailUrl":"https:\/\/www.one.org\/fr\/wp-content\/uploads\/sites\/4\/2021\/04\/girls_in_classroom_hero.jpg","articleSection":["ONE"],"inLanguage":"fr-FR","potentialAction":[{"@type":"CommentAction","name":"Comment","target":["https:\/\/www.one.org\/fr\/actualites\/8-citations-sur-leducation-des-filles-a-lire-absolument\/#respond"]}]},{"@type":"WebPage","@id":"https:\/\/www.one.org\/fr\/actualites\/8-citations-sur-leducation-des-filles-a-lire-absolument\/","url":"https:\/\/www.one.org\/fr\/actualites\/8-citations-sur-leducation-des-filles-a-lire-absolument\/","name":"8 citations sur l\u2019\u00e9ducation des filles \u00e0 lire absolument - ONE.org France","isPartOf":{"@id":"https:\/\/www.one.org\/fr\/#website"},"primaryImageOfPage":{"@id":"https:\/\/www.one.org\/fr\/actualites\/8-citations-sur-leducation-des-filles-a-lire-absolument\/#primaryimage"},"image":{"@id":"https:\/\/www.one.org\/fr\/actualites\/8-citations-sur-leducation-des-filles-a-lire-absolument\/#primaryimage"},"thumbnailUrl":"https:\/\/www.one.org\/fr\/wp-content\/uploads\/sites\/4\/2021\/04\/girls_in_classroom_hero.jpg","datePublished":"2021-04-27T12:48:32+00:00","dateModified":"2023-12-08T12:07:38+00:00","author":{"@id":"https:\/\/www.one.org\/fr\/#\/schema\/person\/236ef43a079c36667c3f1de2da8e0838"},"description":"130 millions de filles ne vont toujours pas \u00e0 l'\u00e9cole aujourd'hui. C\u2019est inacceptable : pouvoir aller \u00e0 l\u2019\u00e9cole est un droit fondamental.","breadcrumb":{"@id":"https:\/\/www.one.org\/fr\/actualites\/8-citations-sur-leducation-des-filles-a-lire-absolument\/#breadcrumb"},"inLanguage":"fr-FR","potentialAction":[{"@type":"ReadAction","target":["https:\/\/www.one.org\/fr\/actualites\/8-citations-sur-leducation-des-filles-a-lire-absolument\/"]}]},{"@type":"ImageObject","inLanguage":"fr-FR","@id":"https:\/\/www.one.org\/fr\/actualites\/8-citations-sur-leducation-des-filles-a-lire-absolument\/#primaryimage","url":"https:\/\/www.one.org\/fr\/wp-content\/uploads\/sites\/4\/2021\/04\/girls_in_classroom_hero.jpg","contentUrl":"https:\/\/www.one.org\/fr\/wp-content\/uploads\/sites\/4\/2021\/04\/girls_in_classroom_hero.jpg","width":1440,"height":900},{"@type":"BreadcrumbList","@id":"https:\/\/www.one.org\/fr\/actualites\/8-citations-sur-leducation-des-filles-a-lire-absolument\/#breadcrumb","itemListElement":[{"@type":"ListItem","position":1,"name":"Home","item":"https:\/\/www.one.org\/fr\/"},{"@type":"ListItem","position":2,"name":"8 citations sur l\u2019\u00e9ducation des filles \u00e0 lire absolument"}]},{"@type":"WebSite","@id":"https:\/\/www.one.org\/fr\/#website","url":"https:\/\/www.one.org\/fr\/","name":"ONE.org","description":"Cr\u00e9er des opportunit\u00e9s \u00e9conomiques et am\u00e9liorer la sant\u00e9 en Afrique","potentialAction":[{"@type":"SearchAction","target":{"@type":"EntryPoint","urlTemplate":"https:\/\/www.one.org\/fr\/?s={search_term_string}"},"query-input":{"@type":"PropertyValueSpecification","valueRequired":true,"valueName":"search_term_string"}}],"inLanguage":"fr-FR"},{"@type":"Person","@id":"https:\/\/www.one.org\/fr\/#\/schema\/person\/236ef43a079c36667c3f1de2da8e0838","name":"admin","image":{"@type":"ImageObject","inLanguage":"fr-FR","@id":"https:\/\/www.one.org\/fr\/#\/schema\/person\/image\/","url":"https:\/\/secure.gravatar.com\/avatar\/2b4204681b789d34ede86a735f8b6378df901f7f7ab7a9ca89af4670b2bb13b8?s=96&d=mm&r=g","contentUrl":"https:\/\/secure.gravatar.com\/avatar\/2b4204681b789d34ede86a735f8b6378df901f7f7ab7a9ca89af4670b2bb13b8?s=96&d=mm&r=g","caption":"admin"},"sameAs":["http:\/\/www.one.org"],"url":"https:\/\/www.one.org\/fr\/actualites\/author\/admin\/"}]}},"distributor_meta":false,"distributor_terms":false,"distributor_media":false,"distributor_original_site_name":"ONE.org France","distributor_original_site_url":"https:\/\/www.one.org\/fr","push-errors":false,"_links":{"self":[{"href":"https:\/\/www.one.org\/fr\/wp-json\/wp\/v2\/posts\/162399","targetHints":{"allow":["GET"]}}],"collection":[{"href":"https:\/\/www.one.org\/fr\/wp-json\/wp\/v2\/posts"}],"about":[{"href":"https:\/\/www.one.org\/fr\/wp-json\/wp\/v2\/types\/post"}],"author":[{"embeddable":true,"href":"https:\/\/www.one.org\/fr\/wp-json\/wp\/v2\/users\/1"}],"replies":[{"embeddable":true,"href":"https:\/\/www.one.org\/fr\/wp-json\/wp\/v2\/comments?post=162399"}],"version-history":[{"count":0,"href":"https:\/\/www.one.org\/fr\/wp-json\/wp\/v2\/posts\/162399\/revisions"}],"wp:featuredmedia":[{"embeddable":true,"href":"https:\/\/www.one.org\/fr\/wp-json\/wp\/v2\/media\/163111"}],"wp:attachment":[{"href":"https:\/\/www.one.org\/fr\/wp-json\/wp\/v2\/media?parent=162399"}],"wp:term":[{"taxonomy":"category","embeddable":true,"href":"https:\/\/www.one.org\/fr\/wp-json\/wp\/v2\/categories?post=162399"},{"taxonomy":"post_tag","embeddable":true,"href":"https:\/\/www.one.org\/fr\/wp-json\/wp\/v2\/tags?post=162399"},{"taxonomy":"topic","embeddable":true,"href":"https:\/\/www.one.org\/fr\/wp-json\/wp\/v2\/topic?post=162399"},{"taxonomy":"contributor","embeddable":true,"href":"https:\/\/www.one.org\/fr\/wp-json\/wp\/v2\/contributor?post=162399"},{"taxonomy":"one_content_audience","embeddable":true,"href":"https:\/\/www.one.org\/fr\/wp-json\/wp\/v2\/one_content_audience?post=162399"},{"taxonomy":"one_content_type","embeddable":true,"href":"https:\/\/www.one.org\/fr\/wp-json\/wp\/v2\/one_content_type?post=162399"},{"taxonomy":"one_content_tone","embeddable":true,"href":"https:\/\/www.one.org\/fr\/wp-json\/wp\/v2\/one_content_tone?post=162399"}],"curies":[{"name":"wp","href":"https:\/\/api.w.org\/{rel}","templated":true}]}}