{"id":42670,"date":"2018-08-27T11:48:22","date_gmt":"2018-08-27T11:48:22","guid":{"rendered":"https:\/\/www.one.org\/fr\/?post_type=one_press&amp;p=42670"},"modified":"2018-08-27T11:48:22","modified_gmt":"2018-08-27T11:48:22","slug":"une-rentree-internationale-sous-le-signe-de-lambition-pour-emmanuel-macron","status":"publish","type":"one_press","link":"https:\/\/www.one.org\/fr\/press\/une-rentree-internationale-sous-le-signe-de-lambition-pour-emmanuel-macron\/","title":{"rendered":"Une rentr\u00e9e internationale sous le signe de l\u2019ambition pour Emmanuel Macron"},"content":{"rendered":"<p>Paris, le 27 ao\u00fbt 2018 \u2013 Au cours de son discours devant les Ambassadeurs, Emmanuel Macron a \u00e9nonc\u00e9 de nombreux objectifs notamment sur les questions de multilat\u00e9ralisme et d\u2019aide au d\u00e9veloppement. Il a confirm\u00e9 le d\u00e9blocage de 1 milliard d\u2019euros en autorisation d\u2019engagement dans le budget 2019 et apport\u00e9 son soutien \u00e0 la r\u00e9vision de la loi de programmation sur la politique de d\u00e9veloppement.<\/p>\n<p><strong>En r\u00e9action \u00e0 ce discours, Friederike R\u00f6der, directrice Union europ\u00e9enne et France de ONE, d\u00e9clare<\/strong> : \u201c<em>ONE salue l\u2019ambition d\u2019Emmanuel Macron d\u2019am\u00e9liorer l\u2019acc\u00e8s aux biens communs mondiaux et de d\u00e9fendre le multilat\u00e9ralisme, gr\u00e2ce notamment \u00e0 la confirmation d\u2019une augmentation historique du budget d\u2019aide au d\u00e9veloppement pour 2019, et \u00e0 la r\u00e9vision tr\u00e8s attendue de la loi de programmation de la politique de d\u00e9veloppement. <\/em><\/p>\n<p><em>Ce retour annonc\u00e9 de la France dans le club des grands donateurs pourra lui apporter la cr\u00e9dibilit\u00e9 n\u00e9cessaire pour pr\u00e9sider le prochain G7, mais elle ne suffira pas pour en garantir son succ\u00e8s. <\/em><\/p>\n<p><em>Pour d\u00e9fendre son agenda ambitieux en faveur de la sant\u00e9, de l\u2019\u00e9ducation et de l\u2019\u00e9galit\u00e9 femmes-hommes, la France devra mobiliser les pays europ\u00e9ens et rassembler ses partenaires internationaux autour de propositions concr\u00e8tes, qui restent encore \u00e0 pr\u00e9ciser.\u201d<\/em><\/p>\n<p><strong>Friederike R\u00f6der pr\u00e9cise <\/strong>: \u00ab <em>L\u2019augmentation du budget d\u2019aide au d\u00e9veloppement est en accord avec la promesse pr\u00e9sidentielle d\u2019atteindre 0,55% du revenu national brut allou\u00e9s \u00e0 l\u2019aide au d\u00e9veloppement d\u2019ici \u00e0 2022, \u00e9tape encourageante pour atteindre les 0,7%, engagement historique de la France. \u00a0<\/em><\/p>\n<p><em>Reste aussi \u00e0 savoir pr\u00e9cis\u00e9ment comment ces nouveaux fonds seront utilis\u00e9s. ONE se f\u00e9licite que le Pr\u00e9sident soutienne la r\u00e9vision de la loi de programmation sur le d\u00e9veloppement. Cependant il n\u2019a pas pr\u00e9cis\u00e9 selon quel calendrier. Une telle r\u00e9vision est pourtant n\u00e9cessaire le plus rapidement possible pour justement soutenir l\u2019agenda ambitieux \u00e9nonc\u00e9 par le Pr\u00e9sident.\u201d<\/em><\/p>\n<p><strong>Contact et demandes d\u2019interview<\/strong> :<\/p>\n<p><strong>Annabel Hervieu, annabel.hervieu@one.org, + 33631228968<\/strong><\/p>\n<p><strong>Charlotte Grignard, charlotte.grignard@one.org, +33622410041<\/strong><\/p>\n<p><strong><u>Notes aux r\u00e9dactions<\/u><\/strong><\/p>\n<p><strong>ONE<\/strong> est une organisation mondiale de plaidoyer et de campagne, qui lutte contre l\u2019extr\u00eame pauvret\u00e9, essentiellement en Afrique. ONE est soutenue par plus de 9 millions de personnes \u00e0 travers la plan\u00e8te et compte plus de 460 000 membres en France. Pour plus d\u2019information : www.one.org<\/p>\n<p>&nbsp;<\/p>\n<p>&nbsp;<\/p>\n<div class=\"buffer\"><\/div>","protected":false},"excerpt":{"rendered":"<p>Paris, le 27 ao\u00fbt 2018 \u2013 Au cours de son discours devant les Ambassadeurs, Emmanuel Macron a \u00e9nonc\u00e9 de nombreux objectifs notamment sur les questions de multilat\u00e9ralisme et d\u2019aide au d\u00e9veloppement. Il a confirm\u00e9 le d\u00e9blocage de 1 milliard d\u2019euros en autorisation d\u2019engagement dans le budget 2019 et apport\u00e9 son soutien \u00e0 la r\u00e9vision de [&hellip;]<\/p>\n","protected":false},"author":1,"featured_media":0,"template":"","meta":{"_acf_changed":false,"_relevanssi_hide_post":"","_relevanssi_hide_content":"","_relevanssi_pin_for_all":"","_relevanssi_pin_keywords":"","_relevanssi_unpin_keywords":"","_relevanssi_related_keywords":"","_relevanssi_related_include_ids":"","_relevanssi_related_exclude_ids":"","_relevanssi_related_no_append":"","_relevanssi_related_not_related":"","_relevanssi_related_posts":"","_relevanssi_noindex_reason":"","footnotes":""},"contributor":[],"class_list":["post-42670","one_press","type-one_press","status-publish","hentry"],"acf":[],"yoast_head":"<!-- This site is optimized with the Yoast SEO Premium plugin v27.1 (Yoast SEO v27.1.1) - https:\/\/yoast.com\/product\/yoast-seo-premium-wordpress\/ -->\n<title>Une rentr\u00e9e internationale sous le signe de l\u2019ambition pour Emmanuel Macron - ONE.org France<\/title>\n<meta name=\"robots\" content=\"index, follow, max-snippet:-1, max-image-preview:large, max-video-preview:-1\" \/>\n<link rel=\"canonical\" href=\"https:\/\/www.one.org\/fr\/press\/une-rentree-internationale-sous-le-signe-de-lambition-pour-emmanuel-macron\/\" \/>\n<meta property=\"og:locale\" content=\"fr_FR\" \/>\n<meta property=\"og:type\" content=\"article\" \/>\n<meta property=\"og:title\" content=\"Une rentr\u00e9e internationale sous le signe de l\u2019ambition pour Emmanuel Macron\" \/>\n<meta property=\"og:description\" content=\"Paris, le 27 ao\u00fbt 2018 \u2013 Au cours de son discours devant les Ambassadeurs, Emmanuel Macron a \u00e9nonc\u00e9 de nombreux objectifs notamment sur les questions de multilat\u00e9ralisme et d\u2019aide au d\u00e9veloppement. Il a confirm\u00e9 le d\u00e9blocage de 1 milliard d\u2019euros en autorisation d\u2019engagement dans le budget 2019 et apport\u00e9 son soutien \u00e0 la r\u00e9vision de [&hellip;]\" \/>\n<meta property=\"og:url\" content=\"https:\/\/www.one.org\/fr\/press\/une-rentree-internationale-sous-le-signe-de-lambition-pour-emmanuel-macron\/\" \/>\n<meta property=\"og:site_name\" content=\"ONE.org France\" \/>\n<meta property=\"article:publisher\" content=\"https:\/\/www.facebook.com\/ONE.Fr\" \/>\n<meta property=\"og:image\" content=\"https:\/\/www.one.org\/fr\/wp-content\/uploads\/sites\/4\/2023\/09\/GA_share_1200x628-768x402-1.png\" \/>\n\t<meta property=\"og:image:width\" content=\"768\" \/>\n\t<meta property=\"og:image:height\" content=\"402\" \/>\n\t<meta property=\"og:image:type\" content=\"image\/png\" \/>\n<meta name=\"twitter:card\" content=\"summary_large_image\" \/>\n<meta name=\"twitter:site\" content=\"@one_fr\" \/>\n<meta name=\"twitter:label1\" content=\"Est. reading time\" \/>\n\t<meta name=\"twitter:data1\" content=\"2 minutes\" \/>\n<script type=\"application\/ld+json\" class=\"yoast-schema-graph\">{\"@context\":\"https:\/\/schema.org\",\"@graph\":[{\"@type\":\"NewsArticle\",\"@id\":\"https:\/\/www.one.org\/fr\/press\/une-rentree-internationale-sous-le-signe-de-lambition-pour-emmanuel-macron\/#article\",\"isPartOf\":{\"@id\":\"https:\/\/www.one.org\/fr\/press\/une-rentree-internationale-sous-le-signe-de-lambition-pour-emmanuel-macron\/\"},\"author\":{\"name\":\"admin\",\"@id\":\"https:\/\/www.one.org\/fr\/#\/schema\/person\/236ef43a079c36667c3f1de2da8e0838\"},\"headline\":\"Une rentr\u00e9e internationale sous le signe de l\u2019ambition pour Emmanuel Macron\",\"datePublished\":\"2018-08-27T11:48:22+00:00\",\"mainEntityOfPage\":{\"@id\":\"https:\/\/www.one.org\/fr\/press\/une-rentree-internationale-sous-le-signe-de-lambition-pour-emmanuel-macron\/\"},\"wordCount\":420,\"inLanguage\":\"fr-FR\"},{\"@type\":\"WebPage\",\"@id\":\"https:\/\/www.one.org\/fr\/press\/une-rentree-internationale-sous-le-signe-de-lambition-pour-emmanuel-macron\/\",\"url\":\"https:\/\/www.one.org\/fr\/press\/une-rentree-internationale-sous-le-signe-de-lambition-pour-emmanuel-macron\/\",\"name\":\"Une rentr\u00e9e internationale sous le signe de l\u2019ambition pour Emmanuel Macron - ONE.org France\",\"isPartOf\":{\"@id\":\"https:\/\/www.one.org\/fr\/#website\"},\"datePublished\":\"2018-08-27T11:48:22+00:00\",\"breadcrumb\":{\"@id\":\"https:\/\/www.one.org\/fr\/press\/une-rentree-internationale-sous-le-signe-de-lambition-pour-emmanuel-macron\/#breadcrumb\"},\"inLanguage\":\"fr-FR\",\"potentialAction\":[{\"@type\":\"ReadAction\",\"target\":[\"https:\/\/www.one.org\/fr\/press\/une-rentree-internationale-sous-le-signe-de-lambition-pour-emmanuel-macron\/\"]}]},{\"@type\":\"BreadcrumbList\",\"@id\":\"https:\/\/www.one.org\/fr\/press\/une-rentree-internationale-sous-le-signe-de-lambition-pour-emmanuel-macron\/#breadcrumb\",\"itemListElement\":[{\"@type\":\"ListItem\",\"position\":1,\"name\":\"Home\",\"item\":\"https:\/\/www.one.org\/fr\/\"},{\"@type\":\"ListItem\",\"position\":2,\"name\":\"Une rentr\u00e9e internationale sous le signe de l\u2019ambition pour Emmanuel Macron\"}]},{\"@type\":\"WebSite\",\"@id\":\"https:\/\/www.one.org\/fr\/#website\",\"url\":\"https:\/\/www.one.org\/fr\/\",\"name\":\"ONE.org\",\"description\":\"Cr\u00e9er des opportunit\u00e9s \u00e9conomiques et am\u00e9liorer la sant\u00e9 en Afrique\",\"potentialAction\":[{\"@type\":\"SearchAction\",\"target\":{\"@type\":\"EntryPoint\",\"urlTemplate\":\"https:\/\/www.one.org\/fr\/?s={search_term_string}\"},\"query-input\":{\"@type\":\"PropertyValueSpecification\",\"valueRequired\":true,\"valueName\":\"search_term_string\"}}],\"inLanguage\":\"fr-FR\"},{\"@type\":\"Person\",\"@id\":\"https:\/\/www.one.org\/fr\/#\/schema\/person\/236ef43a079c36667c3f1de2da8e0838\",\"name\":\"admin\",\"image\":{\"@type\":\"ImageObject\",\"inLanguage\":\"fr-FR\",\"@id\":\"https:\/\/www.one.org\/fr\/#\/schema\/person\/image\/\",\"url\":\"https:\/\/secure.gravatar.com\/avatar\/2b4204681b789d34ede86a735f8b6378df901f7f7ab7a9ca89af4670b2bb13b8?s=96&d=mm&r=g\",\"contentUrl\":\"https:\/\/secure.gravatar.com\/avatar\/2b4204681b789d34ede86a735f8b6378df901f7f7ab7a9ca89af4670b2bb13b8?s=96&d=mm&r=g\",\"caption\":\"admin\"},\"sameAs\":[\"http:\/\/www.one.org\"],\"url\":\"https:\/\/www.one.org\/fr\/actualites\/author\/admin\/\"}]}<\/script>\n<!-- \/ Yoast SEO Premium plugin. -->","yoast_head_json":{"title":"Une rentr\u00e9e internationale sous le signe de l\u2019ambition pour Emmanuel Macron - ONE.org France","robots":{"index":"index","follow":"follow","max-snippet":"max-snippet:-1","max-image-preview":"max-image-preview:large","max-video-preview":"max-video-preview:-1"},"canonical":"https:\/\/www.one.org\/fr\/press\/une-rentree-internationale-sous-le-signe-de-lambition-pour-emmanuel-macron\/","og_locale":"fr_FR","og_type":"article","og_title":"Une rentr\u00e9e internationale sous le signe de l\u2019ambition pour Emmanuel Macron","og_description":"Paris, le 27 ao\u00fbt 2018 \u2013 Au cours de son discours devant les Ambassadeurs, Emmanuel Macron a \u00e9nonc\u00e9 de nombreux objectifs notamment sur les questions de multilat\u00e9ralisme et d\u2019aide au d\u00e9veloppement. Il a confirm\u00e9 le d\u00e9blocage de 1 milliard d\u2019euros en autorisation d\u2019engagement dans le budget 2019 et apport\u00e9 son soutien \u00e0 la r\u00e9vision de [&hellip;]","og_url":"https:\/\/www.one.org\/fr\/press\/une-rentree-internationale-sous-le-signe-de-lambition-pour-emmanuel-macron\/","og_site_name":"ONE.org France","article_publisher":"https:\/\/www.facebook.com\/ONE.Fr","og_image":[{"width":768,"height":402,"url":"https:\/\/www.one.org\/fr\/wp-content\/uploads\/sites\/4\/2023\/09\/GA_share_1200x628-768x402-1.png","type":"image\/png"}],"twitter_card":"summary_large_image","twitter_site":"@one_fr","twitter_misc":{"Est. reading time":"2 minutes"},"schema":{"@context":"https:\/\/schema.org","@graph":[{"@type":"NewsArticle","@id":"https:\/\/www.one.org\/fr\/press\/une-rentree-internationale-sous-le-signe-de-lambition-pour-emmanuel-macron\/#article","isPartOf":{"@id":"https:\/\/www.one.org\/fr\/press\/une-rentree-internationale-sous-le-signe-de-lambition-pour-emmanuel-macron\/"},"author":{"name":"admin","@id":"https:\/\/www.one.org\/fr\/#\/schema\/person\/236ef43a079c36667c3f1de2da8e0838"},"headline":"Une rentr\u00e9e internationale sous le signe de l\u2019ambition pour Emmanuel Macron","datePublished":"2018-08-27T11:48:22+00:00","mainEntityOfPage":{"@id":"https:\/\/www.one.org\/fr\/press\/une-rentree-internationale-sous-le-signe-de-lambition-pour-emmanuel-macron\/"},"wordCount":420,"inLanguage":"fr-FR"},{"@type":"WebPage","@id":"https:\/\/www.one.org\/fr\/press\/une-rentree-internationale-sous-le-signe-de-lambition-pour-emmanuel-macron\/","url":"https:\/\/www.one.org\/fr\/press\/une-rentree-internationale-sous-le-signe-de-lambition-pour-emmanuel-macron\/","name":"Une rentr\u00e9e internationale sous le signe de l\u2019ambition pour Emmanuel Macron - ONE.org France","isPartOf":{"@id":"https:\/\/www.one.org\/fr\/#website"},"datePublished":"2018-08-27T11:48:22+00:00","breadcrumb":{"@id":"https:\/\/www.one.org\/fr\/press\/une-rentree-internationale-sous-le-signe-de-lambition-pour-emmanuel-macron\/#breadcrumb"},"inLanguage":"fr-FR","potentialAction":[{"@type":"ReadAction","target":["https:\/\/www.one.org\/fr\/press\/une-rentree-internationale-sous-le-signe-de-lambition-pour-emmanuel-macron\/"]}]},{"@type":"BreadcrumbList","@id":"https:\/\/www.one.org\/fr\/press\/une-rentree-internationale-sous-le-signe-de-lambition-pour-emmanuel-macron\/#breadcrumb","itemListElement":[{"@type":"ListItem","position":1,"name":"Home","item":"https:\/\/www.one.org\/fr\/"},{"@type":"ListItem","position":2,"name":"Une rentr\u00e9e internationale sous le signe de l\u2019ambition pour Emmanuel Macron"}]},{"@type":"WebSite","@id":"https:\/\/www.one.org\/fr\/#website","url":"https:\/\/www.one.org\/fr\/","name":"ONE.org","description":"Cr\u00e9er des opportunit\u00e9s \u00e9conomiques et am\u00e9liorer la sant\u00e9 en Afrique","potentialAction":[{"@type":"SearchAction","target":{"@type":"EntryPoint","urlTemplate":"https:\/\/www.one.org\/fr\/?s={search_term_string}"},"query-input":{"@type":"PropertyValueSpecification","valueRequired":true,"valueName":"search_term_string"}}],"inLanguage":"fr-FR"},{"@type":"Person","@id":"https:\/\/www.one.org\/fr\/#\/schema\/person\/236ef43a079c36667c3f1de2da8e0838","name":"admin","image":{"@type":"ImageObject","inLanguage":"fr-FR","@id":"https:\/\/www.one.org\/fr\/#\/schema\/person\/image\/","url":"https:\/\/secure.gravatar.com\/avatar\/2b4204681b789d34ede86a735f8b6378df901f7f7ab7a9ca89af4670b2bb13b8?s=96&d=mm&r=g","contentUrl":"https:\/\/secure.gravatar.com\/avatar\/2b4204681b789d34ede86a735f8b6378df901f7f7ab7a9ca89af4670b2bb13b8?s=96&d=mm&r=g","caption":"admin"},"sameAs":["http:\/\/www.one.org"],"url":"https:\/\/www.one.org\/fr\/actualites\/author\/admin\/"}]}},"distributor_meta":false,"distributor_terms":false,"distributor_media":false,"distributor_original_site_name":"ONE.org France","distributor_original_site_url":"https:\/\/www.one.org\/fr","push-errors":false,"_links":{"self":[{"href":"https:\/\/www.one.org\/fr\/wp-json\/wp\/v2\/one_press\/42670","targetHints":{"allow":["GET"]}}],"collection":[{"href":"https:\/\/www.one.org\/fr\/wp-json\/wp\/v2\/one_press"}],"about":[{"href":"https:\/\/www.one.org\/fr\/wp-json\/wp\/v2\/types\/one_press"}],"author":[{"embeddable":true,"href":"https:\/\/www.one.org\/fr\/wp-json\/wp\/v2\/users\/1"}],"version-history":[{"count":0,"href":"https:\/\/www.one.org\/fr\/wp-json\/wp\/v2\/one_press\/42670\/revisions"}],"wp:attachment":[{"href":"https:\/\/www.one.org\/fr\/wp-json\/wp\/v2\/media?parent=42670"}],"wp:term":[{"taxonomy":"contributor","embeddable":true,"href":"https:\/\/www.one.org\/fr\/wp-json\/wp\/v2\/contributor?post=42670"}],"curies":[{"name":"wp","href":"https:\/\/api.w.org\/{rel}","templated":true}]}}