{"id":166174,"date":"2025-10-01T08:28:19","date_gmt":"2025-10-01T08:28:19","guid":{"rendered":"https:\/\/www.one.org\/fr\/?post_type=one_press&#038;p=166174"},"modified":"2025-10-01T08:28:21","modified_gmt":"2025-10-01T08:28:21","slug":"urgence-plf-le-president-doit-ressusciter-ses-propres-taxes-solidaires","status":"publish","type":"one_press","link":"https:\/\/www.one.org\/fr\/press\/urgence-plf-le-president-doit-ressusciter-ses-propres-taxes-solidaires\/","title":{"rendered":"Urgence PLF : Le Pr\u00e9sident doit ressusciter ses propres taxes solidaires\u00a0"},"content":{"rendered":"\n<p><strong>Paris, 30 septembre 2025 \u2013 <\/strong>En amont de l\u2019annonce du prochain Projet de Loi de Finances 2026, 14 ONG rappellent le Pr\u00e9sident de la R\u00e9publique, Emmanuel Macron, \u00e0 son engagement de r\u00e9affecter les taxes de solidarit\u00e9 internationale, taxes dont il fait la promotion active \u00e0 l\u2019international. C&#8217;est une question de coh\u00e9rence, de respect de la parole pr\u00e9sidentielle, et surtout de vies humaines.&nbsp;<\/p>\n\n\n\n<h3 class=\"wp-block-heading\" id=\"h-des-taxes-solidaires-detricotees-nbsp\"><strong>DES TAXES SOLIDAIRES D\u00c9TRICOT\u00c9ES<\/strong>&nbsp;<\/h3>\n\n\n\n<p>Le Pr\u00e9sident de la R\u00e9publique promeut \u00e0 l\u2019international la mise en place d\u2019un syst\u00e8me plus efficace et plus juste de financement de la riposte mondiale contre les grands d\u00e9s\u00e9quilibres mondiaux (crises humanitaires, sanitaires et climatiques, lutte contre les in\u00e9galit\u00e9s et la pauvret\u00e9). Il promeut en particulier les taxes de solidarit\u00e9 internationale, dont celle sur les billets d\u2019avion et celle sur les transactions financi\u00e8res.&nbsp;<\/p>\n\n\n\n<p>Or, le minist\u00e8re des Finances a obtenu le d\u00e9tricotage de ces taxes solidaires, qui financent pourtant l\u2019aide \u00e0 des millions de personnes et rendent le monde plus s\u00fbr face aux catastrophes. Bercy est parvenu \u00e0 ce que ces taxes ne soient plus affect\u00e9es \u00e0 la lutte contre la pauvret\u00e9, les pand\u00e9mies et le changement climatique, mais qu\u2019elles soient simplement r\u00e9cup\u00e9r\u00e9es pour r\u00e9duire le d\u00e9rapage des finances publiques.&nbsp;<\/p>\n\n\n\n<h3 class=\"wp-block-heading\" id=\"h-un-engagement-presidentiel-nbsp\"><strong>UN ENGAGEMENT PR\u00c9SIDENTIEL<\/strong>&nbsp;<\/h3>\n\n\n\n<p>Le Pr\u00e9sident de la R\u00e9publique s\u2019est prononc\u00e9 contre ce d\u00e9tricotage, et a promis publiquement le 20 juin 2024 (1) que l\u2019affectation de ces taxes serait r\u00e9tablie au plus vite. Les ONG rappellent le Pr\u00e9sident et le Premier Ministre \u00e0 cet engagement solennel.&nbsp;<\/p>\n\n\n\n<p>C\u2019est un enjeu de cr\u00e9dibilit\u00e9 de la France \u00e0 l\u2019international : notre pays promeut ce syst\u00e8me aupr\u00e8s des autres pays comme une solution urgente pour parvenir enfin \u00e0 financer la lutte contre les catastrophes pand\u00e9miques, humanitaires et climatiques et contre les in\u00e9galit\u00e9s mondiales. En faisant le contraire au m\u00eame moment au niveau national, la France se ridiculise.&nbsp;&nbsp;<\/p>\n\n\n\n<p>Or, la nomination de M. Lecornu devrait permettre \u00e0 la France de remettre en coh\u00e9rence sa parole ext\u00e9rieure et son action int\u00e9rieure, du fait m\u00eame du profond alignement du Premier Ministre avec le Pr\u00e9sident de la R\u00e9publique.&nbsp;<\/p>\n\n\n\n<h3 class=\"wp-block-heading\" id=\"h-une-necessite-pour-sauver-des-vies-humaines-nbsp\"><strong>UNE N\u00c9CESSIT\u00c9 POUR SAUVER DES VIES HUMAINES<\/strong>&nbsp;<\/h3>\n\n\n\n<p>Au-del\u00e0 de la cr\u00e9dibilit\u00e9 de la France, l\u2019urgence de r\u00e9instaurer ces taxes solidaires tient \u00e0 leur impact : elles sauvent des vies, en temps r\u00e9el.&nbsp;<\/p>\n\n\n\n<p>En effet, les taxes de solidarit\u00e9 internationale financent l&#8217;aide aux pays \u00e0 faible revenu pour les m\u00e9dicaments contre le sida, la tuberculose et le paludisme, l\u2019acc\u00e8s des enfants \u00e0 l\u2019\u00e9ducation ainsi que l\u2019adaptation au changement climatique (protection en cas d\u2019ouragans, de d\u00e9luges, de s\u00e9cheresses, d\u2019incendies de masse, etc). \u00c0 l&#8217;heure o\u00f9 la plupart des pays coupent dans les budgets d\u2019aide aux pays \u00e0 faible revenu, ces taxes constituent le seul filet de s\u00e9curit\u00e9 pour des millions de personnes qui en d\u00e9pendent. C\u2019est d\u2019ailleurs pr\u00e9cis\u00e9ment l\u2019argument utilis\u00e9 par le Pr\u00e9sident de la R\u00e9publique quand il les promeut \u00e0 l\u2019international : la n\u00e9cessit\u00e9 de sur\u00e9lever certaines d\u00e9penses critiques face aux al\u00e9as des d\u00e9bats budg\u00e9taires annuels des diff\u00e9rents pays.&nbsp;<\/p>\n\n\n\n<p>(1) D\u00e9claration du PR promettant la r\u00e9affectation des taxes solidaires, le 20 juin 2024 : \u201cFier de pr\u00e9server un outil comme le Fonds de solidarit\u00e9 pour le d\u00e9veloppement et le lien si symbolique entre les pr\u00e9l\u00e8vements sur les flux de la mondialisation, comme les billets d&#8217;avion et les transactions financi\u00e8res, et le financement de la solidarit\u00e9 internationale. Je veux ici dire que ce lien sera pr\u00e9serv\u00e9 envers et contre tout\u201d. Voir <a href=\"https:\/\/www.elysee.fr\/emmanuel-macron\/2024\/06\/20\/forum-mondial-pour-la-souverainete-et-linnovation-vaccinales\" target=\"_blank\" rel=\"noreferrer noopener\">https:\/\/www.elysee.fr\/emmanuel-macron\/2024\/06\/20\/forum-mondial-pour-la-souverainete-et-linnovation-vaccinales<\/a>&nbsp;&nbsp;<\/p>\n\n\n\n<p><strong>Contacts presse\u202f: <\/strong>Ana\u00efs Magliocco, <a href=\"mailto:anais.magliocco@one.org\" target=\"_blank\" rel=\"noreferrer noopener\">anais.magliocco@one.org<\/a> &#8211; +33 6 76 60 71 33 \/ Sophie Baillon, <a href=\"mailto:sophiebaillon@friendseurope.org\" target=\"_blank\" rel=\"noreferrer noopener\">sophiebaillon@friendseurope.org<\/a> &#8211; <a href=\"tel:+33627381653\" target=\"_blank\" rel=\"noreferrer noopener\">+33 6 27 38 16 53<\/a>&nbsp;&nbsp;<\/p>\n\n\n\n<h4 class=\"wp-block-heading\" id=\"h-notes-aux-redactions-nbsp\"><strong>NOTES AUX R\u00c9DACTIONS<\/strong>&nbsp;<\/h4>\n\n\n\n<p><strong>Des taxes pour financer la solidarit\u00e9 internationale<\/strong>&nbsp;<\/p>\n\n\n\n<ul class=\"wp-block-list\">\n<li>Les taxes solidaires \u2013 taxe sur les transactions financi\u00e8res (TTF) et taxe de solidarit\u00e9 sur les billets d\u2019avion (TSBA) \u2013 sont un v\u00e9hicule essentiel du financement de la solidarit\u00e9 internationale. Jusqu\u2019en 2025, une partie des recettes de la TSBA et 25% de celles de la TTF \u00e9taient directement allou\u00e9s \u00e0 l\u2019aide publique au d\u00e9veloppement (APD), via le Fonds de solidarit\u00e9 pour le d\u00e9veloppement (FSD). Cette affectation directe a \u00e9t\u00e9 supprim\u00e9e dans le budget 2025, faisant peser une menace importante sur le financement de l\u2019APD, en plus de remettre en question leur objectif premier de soutenir la solidarit\u00e9 internationale.\u00a0<\/li>\n<\/ul>\n\n\n\n<ul class=\"wp-block-list\">\n<li>Mise en place en 2006 par le Pr\u00e9sident Jacques Chirac, la TSBA a pour but de financer la sant\u00e9 publique dans les pays en d\u00e9veloppement. De son c\u00f4t\u00e9, la TTF, cr\u00e9\u00e9e en 2012 par le Pr\u00e9sident Nicolas Sarkozy, lutte contre les in\u00e9galit\u00e9s dans le monde et finance le d\u00e9veloppement des pays qui en ont le plus besoin. Depuis leur cr\u00e9ation, ces deux taxes ont permis de financer la solidarit\u00e9 internationale \u00e0 hauteur de pr\u00e8s de 9 milliards d\u2019euros.\u00a0\u00a0<\/li>\n<\/ul>\n\n\n\n<ul class=\"wp-block-list\">\n<li>Pour plus d\u2019informations sur les taxes solidaires, plusieurs ONG ont travaill\u00e9 sur le sujet\u202f:\u00a0\u00a0<\/li>\n<\/ul>\n\n\n\n<ul class=\"wp-block-list\">\n<li>Analyse de ONE : <a href=\"https:\/\/www.one.org\/fr\/actualites\/taxes-solidaires-un-heritage-humaniste\/\" target=\"_blank\" rel=\"noreferrer noopener\">https:\/\/www.one.org\/fr\/actualites\/taxes-solidaires-un-heritage-humaniste\/<\/a>\u00a0\u00a0<\/li>\n<\/ul>\n\n\n\n<ul class=\"wp-block-list\">\n<li>Rapport en ligne des Amis du Fonds Mondial Europe\u202f: <a href=\"https:\/\/friendseurope.org\/2025\/06\/26\/taxes-solidaires\/\" target=\"_blank\" rel=\"noreferrer noopener\">https:\/\/friendseurope.org\/2025\/06\/26\/taxes-solidaires\/<\/a>\u00a0 <a href=\"https:\/\/x.com\/coordinationsud\/status\/1862536446524973067\" target=\"_blank\" rel=\"noreferrer noopener\">https:\/\/x.com\/coordinationsud\/status\/1862536446524973067<\/a>\u00a0<\/li>\n<\/ul>\n\n\n\n<figure class=\"wp-block-image size-full is-resized\"><img loading=\"lazy\" decoding=\"async\" width=\"988\" height=\"372\" src=\"https:\/\/www.one.org\/fr\/wp-content\/uploads\/sites\/4\/2025\/10\/image.png\" alt=\"\" class=\"wp-image-166175\" style=\"width:1017px;height:auto\" srcset=\"https:\/\/www.one.org\/fr\/wp-content\/uploads\/sites\/4\/2025\/10\/image.png 988w, https:\/\/www.one.org\/fr\/wp-content\/uploads\/sites\/4\/2025\/10\/image-300x113.png 300w, https:\/\/www.one.org\/fr\/wp-content\/uploads\/sites\/4\/2025\/10\/image-768x289.png 768w, https:\/\/www.one.org\/fr\/wp-content\/uploads\/sites\/4\/2025\/10\/image-16x6.png 16w, https:\/\/www.one.org\/fr\/wp-content\/uploads\/sites\/4\/2025\/10\/image-320x120.png 320w, https:\/\/www.one.org\/fr\/wp-content\/uploads\/sites\/4\/2025\/10\/image-640x241.png 640w, https:\/\/www.one.org\/fr\/wp-content\/uploads\/sites\/4\/2025\/10\/image-800x301.png 800w\" sizes=\"auto, (max-width: 988px) 100vw, 988px\" \/><\/figure>\n<div class=\"buffer\"><\/div>","protected":false},"excerpt":{"rendered":"<p>Paris, 30 septembre 2025 \u2013 En amont de l\u2019annonce du prochain Projet de Loi de Finances 2026, 14 ONG rappellent le Pr\u00e9sident de la R\u00e9publique, Emmanuel Macron, \u00e0 son engagement de r\u00e9affecter les taxes de solidarit\u00e9 internationale, taxes dont il fait la promotion active \u00e0 l\u2019international. C&#8217;est une question de coh\u00e9rence, de respect de la [&hellip;]<\/p>\n","protected":false},"author":61,"featured_media":0,"template":"","meta":{"_acf_changed":false,"_relevanssi_hide_post":"","_relevanssi_hide_content":"","_relevanssi_pin_for_all":"","_relevanssi_pin_keywords":"","_relevanssi_unpin_keywords":"","_relevanssi_related_keywords":"","_relevanssi_related_include_ids":"","_relevanssi_related_exclude_ids":"","_relevanssi_related_no_append":"","_relevanssi_related_not_related":"","_relevanssi_related_posts":"162516,162573,162564,162642,162709,162584","_relevanssi_noindex_reason":"","footnotes":""},"contributor":[],"class_list":["post-166174","one_press","type-one_press","status-publish","hentry"],"acf":[],"yoast_head":"<!-- This site is optimized with the Yoast SEO Premium plugin v27.1 (Yoast SEO v27.1.1) - https:\/\/yoast.com\/product\/yoast-seo-premium-wordpress\/ -->\n<title>Urgence PLF : Le Pr\u00e9sident doit ressusciter ses propres taxes solidaires\u00a0 - ONE.org France<\/title>\n<meta name=\"description\" content=\"En amont de l\u2019annonce du prochain Projet de Loi de Finances 2026, 14 ONG rappellent le Pr\u00e9sident de la R\u00e9publique, Emmanuel Macron, \u00e0 son engagement de r\u00e9affecter les taxes de solidarit\u00e9 internationale, taxes dont il fait la promotion active \u00e0 l\u2019international.\" \/>\n<meta name=\"robots\" content=\"index, follow, max-snippet:-1, max-image-preview:large, max-video-preview:-1\" \/>\n<link rel=\"canonical\" href=\"https:\/\/www.one.org\/fr\/press\/urgence-plf-le-president-doit-ressusciter-ses-propres-taxes-solidaires\/\" \/>\n<meta property=\"og:locale\" content=\"fr_FR\" \/>\n<meta property=\"og:type\" content=\"article\" \/>\n<meta property=\"og:title\" content=\"Urgence PLF : Le Pr\u00e9sident doit ressusciter ses propres taxes solidaires\u00a0\" \/>\n<meta property=\"og:description\" content=\"En amont de l\u2019annonce du prochain Projet de Loi de Finances 2026, 14 ONG rappellent le Pr\u00e9sident de la R\u00e9publique, Emmanuel Macron, \u00e0 son engagement de r\u00e9affecter les taxes de solidarit\u00e9 internationale, taxes dont il fait la promotion active \u00e0 l\u2019international.\" \/>\n<meta property=\"og:url\" content=\"https:\/\/www.one.org\/fr\/press\/urgence-plf-le-president-doit-ressusciter-ses-propres-taxes-solidaires\/\" \/>\n<meta property=\"og:site_name\" content=\"ONE.org France\" \/>\n<meta property=\"article:publisher\" content=\"https:\/\/www.facebook.com\/ONE.Fr\" \/>\n<meta property=\"article:modified_time\" content=\"2025-10-01T08:28:21+00:00\" \/>\n<meta property=\"og:image\" content=\"https:\/\/www.one.org\/fr\/wp-content\/uploads\/sites\/4\/2025\/10\/image.png\" \/>\n\t<meta property=\"og:image:width\" content=\"988\" \/>\n\t<meta property=\"og:image:height\" content=\"372\" \/>\n\t<meta property=\"og:image:type\" content=\"image\/png\" \/>\n<meta name=\"twitter:card\" content=\"summary_large_image\" \/>\n<meta name=\"twitter:site\" content=\"@one_fr\" \/>\n<meta name=\"twitter:label1\" content=\"Est. reading time\" \/>\n\t<meta name=\"twitter:data1\" content=\"4 minutes\" \/>\n<script type=\"application\/ld+json\" class=\"yoast-schema-graph\">{\"@context\":\"https:\/\/schema.org\",\"@graph\":[{\"@type\":\"NewsArticle\",\"@id\":\"https:\/\/www.one.org\/fr\/press\/urgence-plf-le-president-doit-ressusciter-ses-propres-taxes-solidaires\/#article\",\"isPartOf\":{\"@id\":\"https:\/\/www.one.org\/fr\/press\/urgence-plf-le-president-doit-ressusciter-ses-propres-taxes-solidaires\/\"},\"author\":{\"name\":\"anaismagliocco\",\"@id\":\"https:\/\/www.one.org\/fr\/#\/schema\/person\/560dac97443426097181dfd3d6a45eb1\"},\"headline\":\"Urgence PLF : Le Pr\u00e9sident doit ressusciter ses propres taxes solidaires\u00a0\",\"datePublished\":\"2025-10-01T08:28:19+00:00\",\"dateModified\":\"2025-10-01T08:28:21+00:00\",\"mainEntityOfPage\":{\"@id\":\"https:\/\/www.one.org\/fr\/press\/urgence-plf-le-president-doit-ressusciter-ses-propres-taxes-solidaires\/\"},\"wordCount\":914,\"image\":{\"@id\":\"https:\/\/www.one.org\/fr\/press\/urgence-plf-le-president-doit-ressusciter-ses-propres-taxes-solidaires\/#primaryimage\"},\"thumbnailUrl\":\"https:\/\/www.one.org\/fr\/wp-content\/uploads\/sites\/4\/2025\/10\/image.png\",\"inLanguage\":\"fr-FR\"},{\"@type\":\"WebPage\",\"@id\":\"https:\/\/www.one.org\/fr\/press\/urgence-plf-le-president-doit-ressusciter-ses-propres-taxes-solidaires\/\",\"url\":\"https:\/\/www.one.org\/fr\/press\/urgence-plf-le-president-doit-ressusciter-ses-propres-taxes-solidaires\/\",\"name\":\"Urgence PLF : Le Pr\u00e9sident doit ressusciter ses propres taxes solidaires\u00a0 - ONE.org France\",\"isPartOf\":{\"@id\":\"https:\/\/www.one.org\/fr\/#website\"},\"primaryImageOfPage\":{\"@id\":\"https:\/\/www.one.org\/fr\/press\/urgence-plf-le-president-doit-ressusciter-ses-propres-taxes-solidaires\/#primaryimage\"},\"image\":{\"@id\":\"https:\/\/www.one.org\/fr\/press\/urgence-plf-le-president-doit-ressusciter-ses-propres-taxes-solidaires\/#primaryimage\"},\"thumbnailUrl\":\"https:\/\/www.one.org\/fr\/wp-content\/uploads\/sites\/4\/2025\/10\/image.png\",\"datePublished\":\"2025-10-01T08:28:19+00:00\",\"dateModified\":\"2025-10-01T08:28:21+00:00\",\"description\":\"En amont de l\u2019annonce du prochain Projet de Loi de Finances 2026, 14 ONG rappellent le Pr\u00e9sident de la R\u00e9publique, Emmanuel Macron, \u00e0 son engagement de r\u00e9affecter les taxes de solidarit\u00e9 internationale, taxes dont il fait la promotion active \u00e0 l\u2019international.\",\"breadcrumb\":{\"@id\":\"https:\/\/www.one.org\/fr\/press\/urgence-plf-le-president-doit-ressusciter-ses-propres-taxes-solidaires\/#breadcrumb\"},\"inLanguage\":\"fr-FR\",\"potentialAction\":[{\"@type\":\"ReadAction\",\"target\":[\"https:\/\/www.one.org\/fr\/press\/urgence-plf-le-president-doit-ressusciter-ses-propres-taxes-solidaires\/\"]}]},{\"@type\":\"ImageObject\",\"inLanguage\":\"fr-FR\",\"@id\":\"https:\/\/www.one.org\/fr\/press\/urgence-plf-le-president-doit-ressusciter-ses-propres-taxes-solidaires\/#primaryimage\",\"url\":\"https:\/\/www.one.org\/fr\/wp-content\/uploads\/sites\/4\/2025\/10\/image.png\",\"contentUrl\":\"https:\/\/www.one.org\/fr\/wp-content\/uploads\/sites\/4\/2025\/10\/image.png\",\"width\":988,\"height\":372},{\"@type\":\"BreadcrumbList\",\"@id\":\"https:\/\/www.one.org\/fr\/press\/urgence-plf-le-president-doit-ressusciter-ses-propres-taxes-solidaires\/#breadcrumb\",\"itemListElement\":[{\"@type\":\"ListItem\",\"position\":1,\"name\":\"Home\",\"item\":\"https:\/\/www.one.org\/fr\/\"},{\"@type\":\"ListItem\",\"position\":2,\"name\":\"Urgence PLF : Le Pr\u00e9sident doit ressusciter ses propres taxes solidaires\u00a0\"}]},{\"@type\":\"WebSite\",\"@id\":\"https:\/\/www.one.org\/fr\/#website\",\"url\":\"https:\/\/www.one.org\/fr\/\",\"name\":\"ONE.org\",\"description\":\"Cr\u00e9er des opportunit\u00e9s \u00e9conomiques et am\u00e9liorer la sant\u00e9 en Afrique\",\"potentialAction\":[{\"@type\":\"SearchAction\",\"target\":{\"@type\":\"EntryPoint\",\"urlTemplate\":\"https:\/\/www.one.org\/fr\/?s={search_term_string}\"},\"query-input\":{\"@type\":\"PropertyValueSpecification\",\"valueRequired\":true,\"valueName\":\"search_term_string\"}}],\"inLanguage\":\"fr-FR\"},{\"@type\":\"Person\",\"@id\":\"https:\/\/www.one.org\/fr\/#\/schema\/person\/560dac97443426097181dfd3d6a45eb1\",\"name\":\"anaismagliocco\",\"image\":{\"@type\":\"ImageObject\",\"inLanguage\":\"fr-FR\",\"@id\":\"https:\/\/www.one.org\/fr\/#\/schema\/person\/image\/\",\"url\":\"https:\/\/secure.gravatar.com\/avatar\/46e4f7ca5708934a7a5825a225bccc2b431f238b8b38d4ad7be44e9af7d6a483?s=96&d=mm&r=g\",\"contentUrl\":\"https:\/\/secure.gravatar.com\/avatar\/46e4f7ca5708934a7a5825a225bccc2b431f238b8b38d4ad7be44e9af7d6a483?s=96&d=mm&r=g\",\"caption\":\"anaismagliocco\"},\"url\":\"https:\/\/www.one.org\/fr\/actualites\/author\/anaismagliocco\/\"}]}<\/script>\n<!-- \/ Yoast SEO Premium plugin. -->","yoast_head_json":{"title":"Urgence PLF : Le Pr\u00e9sident doit ressusciter ses propres taxes solidaires\u00a0 - ONE.org France","description":"En amont de l\u2019annonce du prochain Projet de Loi de Finances 2026, 14 ONG rappellent le Pr\u00e9sident de la R\u00e9publique, Emmanuel Macron, \u00e0 son engagement de r\u00e9affecter les taxes de solidarit\u00e9 internationale, taxes dont il fait la promotion active \u00e0 l\u2019international.","robots":{"index":"index","follow":"follow","max-snippet":"max-snippet:-1","max-image-preview":"max-image-preview:large","max-video-preview":"max-video-preview:-1"},"canonical":"https:\/\/www.one.org\/fr\/press\/urgence-plf-le-president-doit-ressusciter-ses-propres-taxes-solidaires\/","og_locale":"fr_FR","og_type":"article","og_title":"Urgence PLF : Le Pr\u00e9sident doit ressusciter ses propres taxes solidaires\u00a0","og_description":"En amont de l\u2019annonce du prochain Projet de Loi de Finances 2026, 14 ONG rappellent le Pr\u00e9sident de la R\u00e9publique, Emmanuel Macron, \u00e0 son engagement de r\u00e9affecter les taxes de solidarit\u00e9 internationale, taxes dont il fait la promotion active \u00e0 l\u2019international.","og_url":"https:\/\/www.one.org\/fr\/press\/urgence-plf-le-president-doit-ressusciter-ses-propres-taxes-solidaires\/","og_site_name":"ONE.org France","article_publisher":"https:\/\/www.facebook.com\/ONE.Fr","article_modified_time":"2025-10-01T08:28:21+00:00","og_image":[{"width":988,"height":372,"url":"https:\/\/www.one.org\/fr\/wp-content\/uploads\/sites\/4\/2025\/10\/image.png","type":"image\/png"}],"twitter_card":"summary_large_image","twitter_site":"@one_fr","twitter_misc":{"Est. reading time":"4 minutes"},"schema":{"@context":"https:\/\/schema.org","@graph":[{"@type":"NewsArticle","@id":"https:\/\/www.one.org\/fr\/press\/urgence-plf-le-president-doit-ressusciter-ses-propres-taxes-solidaires\/#article","isPartOf":{"@id":"https:\/\/www.one.org\/fr\/press\/urgence-plf-le-president-doit-ressusciter-ses-propres-taxes-solidaires\/"},"author":{"name":"anaismagliocco","@id":"https:\/\/www.one.org\/fr\/#\/schema\/person\/560dac97443426097181dfd3d6a45eb1"},"headline":"Urgence PLF : Le Pr\u00e9sident doit ressusciter ses propres taxes solidaires\u00a0","datePublished":"2025-10-01T08:28:19+00:00","dateModified":"2025-10-01T08:28:21+00:00","mainEntityOfPage":{"@id":"https:\/\/www.one.org\/fr\/press\/urgence-plf-le-president-doit-ressusciter-ses-propres-taxes-solidaires\/"},"wordCount":914,"image":{"@id":"https:\/\/www.one.org\/fr\/press\/urgence-plf-le-president-doit-ressusciter-ses-propres-taxes-solidaires\/#primaryimage"},"thumbnailUrl":"https:\/\/www.one.org\/fr\/wp-content\/uploads\/sites\/4\/2025\/10\/image.png","inLanguage":"fr-FR"},{"@type":"WebPage","@id":"https:\/\/www.one.org\/fr\/press\/urgence-plf-le-president-doit-ressusciter-ses-propres-taxes-solidaires\/","url":"https:\/\/www.one.org\/fr\/press\/urgence-plf-le-president-doit-ressusciter-ses-propres-taxes-solidaires\/","name":"Urgence PLF : Le Pr\u00e9sident doit ressusciter ses propres taxes solidaires\u00a0 - ONE.org France","isPartOf":{"@id":"https:\/\/www.one.org\/fr\/#website"},"primaryImageOfPage":{"@id":"https:\/\/www.one.org\/fr\/press\/urgence-plf-le-president-doit-ressusciter-ses-propres-taxes-solidaires\/#primaryimage"},"image":{"@id":"https:\/\/www.one.org\/fr\/press\/urgence-plf-le-president-doit-ressusciter-ses-propres-taxes-solidaires\/#primaryimage"},"thumbnailUrl":"https:\/\/www.one.org\/fr\/wp-content\/uploads\/sites\/4\/2025\/10\/image.png","datePublished":"2025-10-01T08:28:19+00:00","dateModified":"2025-10-01T08:28:21+00:00","description":"En amont de l\u2019annonce du prochain Projet de Loi de Finances 2026, 14 ONG rappellent le Pr\u00e9sident de la R\u00e9publique, Emmanuel Macron, \u00e0 son engagement de r\u00e9affecter les taxes de solidarit\u00e9 internationale, taxes dont il fait la promotion active \u00e0 l\u2019international.","breadcrumb":{"@id":"https:\/\/www.one.org\/fr\/press\/urgence-plf-le-president-doit-ressusciter-ses-propres-taxes-solidaires\/#breadcrumb"},"inLanguage":"fr-FR","potentialAction":[{"@type":"ReadAction","target":["https:\/\/www.one.org\/fr\/press\/urgence-plf-le-president-doit-ressusciter-ses-propres-taxes-solidaires\/"]}]},{"@type":"ImageObject","inLanguage":"fr-FR","@id":"https:\/\/www.one.org\/fr\/press\/urgence-plf-le-president-doit-ressusciter-ses-propres-taxes-solidaires\/#primaryimage","url":"https:\/\/www.one.org\/fr\/wp-content\/uploads\/sites\/4\/2025\/10\/image.png","contentUrl":"https:\/\/www.one.org\/fr\/wp-content\/uploads\/sites\/4\/2025\/10\/image.png","width":988,"height":372},{"@type":"BreadcrumbList","@id":"https:\/\/www.one.org\/fr\/press\/urgence-plf-le-president-doit-ressusciter-ses-propres-taxes-solidaires\/#breadcrumb","itemListElement":[{"@type":"ListItem","position":1,"name":"Home","item":"https:\/\/www.one.org\/fr\/"},{"@type":"ListItem","position":2,"name":"Urgence PLF : Le Pr\u00e9sident doit ressusciter ses propres taxes solidaires\u00a0"}]},{"@type":"WebSite","@id":"https:\/\/www.one.org\/fr\/#website","url":"https:\/\/www.one.org\/fr\/","name":"ONE.org","description":"Cr\u00e9er des opportunit\u00e9s \u00e9conomiques et am\u00e9liorer la sant\u00e9 en Afrique","potentialAction":[{"@type":"SearchAction","target":{"@type":"EntryPoint","urlTemplate":"https:\/\/www.one.org\/fr\/?s={search_term_string}"},"query-input":{"@type":"PropertyValueSpecification","valueRequired":true,"valueName":"search_term_string"}}],"inLanguage":"fr-FR"},{"@type":"Person","@id":"https:\/\/www.one.org\/fr\/#\/schema\/person\/560dac97443426097181dfd3d6a45eb1","name":"anaismagliocco","image":{"@type":"ImageObject","inLanguage":"fr-FR","@id":"https:\/\/www.one.org\/fr\/#\/schema\/person\/image\/","url":"https:\/\/secure.gravatar.com\/avatar\/46e4f7ca5708934a7a5825a225bccc2b431f238b8b38d4ad7be44e9af7d6a483?s=96&d=mm&r=g","contentUrl":"https:\/\/secure.gravatar.com\/avatar\/46e4f7ca5708934a7a5825a225bccc2b431f238b8b38d4ad7be44e9af7d6a483?s=96&d=mm&r=g","caption":"anaismagliocco"},"url":"https:\/\/www.one.org\/fr\/actualites\/author\/anaismagliocco\/"}]}},"distributor_meta":false,"distributor_terms":false,"distributor_media":false,"distributor_original_site_name":"ONE.org France","distributor_original_site_url":"https:\/\/www.one.org\/fr","push-errors":false,"_links":{"self":[{"href":"https:\/\/www.one.org\/fr\/wp-json\/wp\/v2\/one_press\/166174","targetHints":{"allow":["GET"]}}],"collection":[{"href":"https:\/\/www.one.org\/fr\/wp-json\/wp\/v2\/one_press"}],"about":[{"href":"https:\/\/www.one.org\/fr\/wp-json\/wp\/v2\/types\/one_press"}],"author":[{"embeddable":true,"href":"https:\/\/www.one.org\/fr\/wp-json\/wp\/v2\/users\/61"}],"version-history":[{"count":0,"href":"https:\/\/www.one.org\/fr\/wp-json\/wp\/v2\/one_press\/166174\/revisions"}],"wp:attachment":[{"href":"https:\/\/www.one.org\/fr\/wp-json\/wp\/v2\/media?parent=166174"}],"wp:term":[{"taxonomy":"contributor","embeddable":true,"href":"https:\/\/www.one.org\/fr\/wp-json\/wp\/v2\/contributor?post=166174"}],"curies":[{"name":"wp","href":"https:\/\/api.w.org\/{rel}","templated":true}]}}