{"id":160733,"date":"2022-07-28T09:58:31","date_gmt":"2022-07-28T09:58:31","guid":{"rendered":"https:\/\/www.one.org\/fr\/?post_type=one_press&amp;p=160733"},"modified":"2022-07-28T09:58:31","modified_gmt":"2022-07-28T09:58:31","slug":"one-reagit-a-la-publication-des-chiffres-de-lonusida","status":"publish","type":"one_press","link":"https:\/\/www.one.org\/fr\/press\/one-reagit-a-la-publication-des-chiffres-de-lonusida\/","title":{"rendered":"ONE r\u00e9agit \u00e0 la publication des chiffres de l\u2019ONUSIDA"},"content":{"rendered":"<p><strong>Paris, le 28 juillet 2022 \u2013 Les nouveaux chiffres de l\u2019aide destin\u00e9e \u00e0 la lutte contre le sida, issus du dernier rapport de l\u2019Onusida, montrent un recul dans la lutte contre cette maladie. La convergence des crises mondiales a durement affect\u00e9 les nombreux progr\u00e8s r\u00e9alis\u00e9s ces derni\u00e8res ann\u00e9es, en particulier dans les pays les plus vuln\u00e9rables.<\/strong><\/p>\n<p>&nbsp;<\/p>\n<p>Le nouveau rapport de l\u2019Onusida montre qu&#8217;apr\u00e8s des ann\u00e9es de progr\u00e8s dans la lutte contre la maladie, les infections augmentent dans certaines parties du monde. Depuis 2015, 38 pays ont vu une augmentation des infections, parmi eux, 9 se trouvent en Afrique. Ces donn\u00e9es confirment l\u2019impact de la convergence des crises, dont la pand\u00e9mie de COVID-19, sur les populations les plus vuln\u00e9rables &#8211; notamment les femmes et les filles, les habitants des pays les plus pauvres et les communaut\u00e9s marginalis\u00e9es.<\/p>\n<p>Najat Vallaud-Belkacem, Directrice France de ONE, d\u00e9clare : \u00ab <em>Non seulement les infections ont augment\u00e9 dans certains pays, mais en plus on constate un grand ralentissement de tous les progr\u00e8s r\u00e9alis\u00e9s depuis vingt ans. En 2020 et 2021, la baisse des nouveaux cas recens\u00e9s globalement a \u00e9t\u00e9 la plus faible des cinq derni\u00e8res ann\u00e9es. Cela met des millions de personnes suppl\u00e9mentaires en danger, en particulier dans les pays pauvres.<\/em> \u00bb<\/p>\n<p>Ces donn\u00e9es sont publi\u00e9es \u00e0 l&#8217;approche de la reconstitution des ressources du Fonds mondial de lutte contre le sida, la tuberculose et le paludisme, qui aura lieu en septembre et qui vise \u00e0 mobiliser de nouveaux financements, essentiels pour soutenir la lutte contre ces trois maladies.<\/p>\n<p>\u00ab <em>Nous pouvons et devons faire mieux<\/em>, estime Najat Vallaud-Belkacem<em>. Nous pouvons encore gagner la lutte contre le sida &#8211; nous avons les outils, le savoir-faire et les ressources n\u00e9cessaires. Mais cela fonctionnera seulement si nous faisons ce qu&#8217;il faut pour prot\u00e9ger l\u2019ensemble de la communaut\u00e9 internationale. Et cela doit commencer par le soutien au Fonds mondial qui a vu ses besoins augmenter de 30%. Emmanuel Macron doit donc agir et augmenter la contribution de la France de 30% \u00e9galement<\/em>.<em> L\u2019inaction serait un d\u00e9sastre pour nous tous.<\/em> \u00bb<\/p>\n<p>&nbsp;<\/p>\n<p>Najat Vallaud-Belkacem, Directrice de ONE en France, et Ma\u00e9 Kurkjian, Responsable Plaidoyer de l\u2019ONG ONE, sont disponibles pour toute interview sur demande.<\/p>\n<p><b>Contacts :<\/b><\/p>\n<p><span style=\"font-weight: 400\">Julia Chenu | Media Officer | julia.chenu@one.org | +33676607133\u00a0<\/span><\/p>\n<div class=\"buffer\"><\/div>","protected":false},"excerpt":{"rendered":"<p>Paris, le 28 juillet 2022 \u2013 Les nouveaux chiffres de l\u2019aide destin\u00e9e \u00e0 la lutte contre le sida, issus du dernier rapport de l\u2019Onusida, montrent un recul dans la lutte contre cette maladie. La convergence des crises mondiales a durement affect\u00e9 les nombreux progr\u00e8s r\u00e9alis\u00e9s ces derni\u00e8res ann\u00e9es, en particulier dans les pays les plus [&hellip;]<\/p>\n","protected":false},"author":26,"featured_media":0,"template":"","meta":{"_acf_changed":false,"_relevanssi_hide_post":"","_relevanssi_hide_content":"","_relevanssi_pin_for_all":"","_relevanssi_pin_keywords":"","_relevanssi_unpin_keywords":"","_relevanssi_related_keywords":"","_relevanssi_related_include_ids":"","_relevanssi_related_exclude_ids":"","_relevanssi_related_no_append":"","_relevanssi_related_not_related":"","_relevanssi_related_posts":"","_relevanssi_noindex_reason":"","footnotes":""},"contributor":[],"class_list":["post-160733","one_press","type-one_press","status-publish","hentry"],"acf":[],"yoast_head":"<!-- This site is optimized with the Yoast SEO Premium plugin v27.1 (Yoast SEO v27.1.1) - https:\/\/yoast.com\/product\/yoast-seo-premium-wordpress\/ -->\n<title>ONE r\u00e9agit \u00e0 la publication des chiffres de l\u2019ONUSIDA - ONE.org France<\/title>\n<meta name=\"robots\" content=\"index, follow, max-snippet:-1, max-image-preview:large, max-video-preview:-1\" \/>\n<link rel=\"canonical\" href=\"https:\/\/www.one.org\/fr\/press\/one-reagit-a-la-publication-des-chiffres-de-lonusida\/\" \/>\n<meta property=\"og:locale\" content=\"fr_FR\" \/>\n<meta property=\"og:type\" content=\"article\" \/>\n<meta property=\"og:title\" content=\"ONE r\u00e9agit \u00e0 la publication des chiffres de l\u2019ONUSIDA\" \/>\n<meta property=\"og:description\" content=\"Paris, le 28 juillet 2022 \u2013 Les nouveaux chiffres de l\u2019aide destin\u00e9e \u00e0 la lutte contre le sida, issus du dernier rapport de l\u2019Onusida, montrent un recul dans la lutte contre cette maladie. La convergence des crises mondiales a durement affect\u00e9 les nombreux progr\u00e8s r\u00e9alis\u00e9s ces derni\u00e8res ann\u00e9es, en particulier dans les pays les plus [&hellip;]\" \/>\n<meta property=\"og:url\" content=\"https:\/\/www.one.org\/fr\/press\/one-reagit-a-la-publication-des-chiffres-de-lonusida\/\" \/>\n<meta property=\"og:site_name\" content=\"ONE.org France\" \/>\n<meta property=\"article:publisher\" content=\"https:\/\/www.facebook.com\/ONE.Fr\" \/>\n<meta property=\"og:image\" content=\"https:\/\/www.one.org\/fr\/wp-content\/uploads\/sites\/4\/2023\/09\/GA_share_1200x628-768x402-1.png\" \/>\n\t<meta property=\"og:image:width\" content=\"768\" \/>\n\t<meta property=\"og:image:height\" content=\"402\" \/>\n\t<meta property=\"og:image:type\" content=\"image\/png\" \/>\n<meta name=\"twitter:card\" content=\"summary_large_image\" \/>\n<meta name=\"twitter:site\" content=\"@one_fr\" \/>\n<meta name=\"twitter:label1\" content=\"Est. reading time\" \/>\n\t<meta name=\"twitter:data1\" content=\"2 minutes\" \/>\n<script type=\"application\/ld+json\" class=\"yoast-schema-graph\">{\"@context\":\"https:\/\/schema.org\",\"@graph\":[{\"@type\":\"NewsArticle\",\"@id\":\"https:\/\/www.one.org\/fr\/press\/one-reagit-a-la-publication-des-chiffres-de-lonusida\/#article\",\"isPartOf\":{\"@id\":\"https:\/\/www.one.org\/fr\/press\/one-reagit-a-la-publication-des-chiffres-de-lonusida\/\"},\"author\":{\"name\":\"alixmaciocia\",\"@id\":\"https:\/\/www.one.org\/fr\/#\/schema\/person\/d9b953ee2843903f8414ceafe0773fd3\"},\"headline\":\"ONE r\u00e9agit \u00e0 la publication des chiffres de l\u2019ONUSIDA\",\"datePublished\":\"2022-07-28T09:58:31+00:00\",\"mainEntityOfPage\":{\"@id\":\"https:\/\/www.one.org\/fr\/press\/one-reagit-a-la-publication-des-chiffres-de-lonusida\/\"},\"wordCount\":403,\"inLanguage\":\"fr-FR\"},{\"@type\":\"WebPage\",\"@id\":\"https:\/\/www.one.org\/fr\/press\/one-reagit-a-la-publication-des-chiffres-de-lonusida\/\",\"url\":\"https:\/\/www.one.org\/fr\/press\/one-reagit-a-la-publication-des-chiffres-de-lonusida\/\",\"name\":\"ONE r\u00e9agit \u00e0 la publication des chiffres de l\u2019ONUSIDA - ONE.org France\",\"isPartOf\":{\"@id\":\"https:\/\/www.one.org\/fr\/#website\"},\"datePublished\":\"2022-07-28T09:58:31+00:00\",\"breadcrumb\":{\"@id\":\"https:\/\/www.one.org\/fr\/press\/one-reagit-a-la-publication-des-chiffres-de-lonusida\/#breadcrumb\"},\"inLanguage\":\"fr-FR\",\"potentialAction\":[{\"@type\":\"ReadAction\",\"target\":[\"https:\/\/www.one.org\/fr\/press\/one-reagit-a-la-publication-des-chiffres-de-lonusida\/\"]}]},{\"@type\":\"BreadcrumbList\",\"@id\":\"https:\/\/www.one.org\/fr\/press\/one-reagit-a-la-publication-des-chiffres-de-lonusida\/#breadcrumb\",\"itemListElement\":[{\"@type\":\"ListItem\",\"position\":1,\"name\":\"Home\",\"item\":\"https:\/\/www.one.org\/fr\/\"},{\"@type\":\"ListItem\",\"position\":2,\"name\":\"ONE r\u00e9agit \u00e0 la publication des chiffres de l\u2019ONUSIDA\"}]},{\"@type\":\"WebSite\",\"@id\":\"https:\/\/www.one.org\/fr\/#website\",\"url\":\"https:\/\/www.one.org\/fr\/\",\"name\":\"ONE.org\",\"description\":\"Cr\u00e9er des opportunit\u00e9s \u00e9conomiques et am\u00e9liorer la sant\u00e9 en Afrique\",\"potentialAction\":[{\"@type\":\"SearchAction\",\"target\":{\"@type\":\"EntryPoint\",\"urlTemplate\":\"https:\/\/www.one.org\/fr\/?s={search_term_string}\"},\"query-input\":{\"@type\":\"PropertyValueSpecification\",\"valueRequired\":true,\"valueName\":\"search_term_string\"}}],\"inLanguage\":\"fr-FR\"},{\"@type\":\"Person\",\"@id\":\"https:\/\/www.one.org\/fr\/#\/schema\/person\/d9b953ee2843903f8414ceafe0773fd3\",\"name\":\"alixmaciocia\",\"image\":{\"@type\":\"ImageObject\",\"inLanguage\":\"fr-FR\",\"@id\":\"https:\/\/www.one.org\/fr\/#\/schema\/person\/image\/\",\"url\":\"https:\/\/secure.gravatar.com\/avatar\/bda19cda999f46156a455dea94d3fe4d83bcdbb441c39c582f09e14cd4ae6a19?s=96&d=mm&r=g\",\"contentUrl\":\"https:\/\/secure.gravatar.com\/avatar\/bda19cda999f46156a455dea94d3fe4d83bcdbb441c39c582f09e14cd4ae6a19?s=96&d=mm&r=g\",\"caption\":\"alixmaciocia\"},\"url\":\"https:\/\/www.one.org\/fr\/actualites\/author\/alixmaciocia\/\"}]}<\/script>\n<!-- \/ Yoast SEO Premium plugin. -->","yoast_head_json":{"title":"ONE r\u00e9agit \u00e0 la publication des chiffres de l\u2019ONUSIDA - ONE.org France","robots":{"index":"index","follow":"follow","max-snippet":"max-snippet:-1","max-image-preview":"max-image-preview:large","max-video-preview":"max-video-preview:-1"},"canonical":"https:\/\/www.one.org\/fr\/press\/one-reagit-a-la-publication-des-chiffres-de-lonusida\/","og_locale":"fr_FR","og_type":"article","og_title":"ONE r\u00e9agit \u00e0 la publication des chiffres de l\u2019ONUSIDA","og_description":"Paris, le 28 juillet 2022 \u2013 Les nouveaux chiffres de l\u2019aide destin\u00e9e \u00e0 la lutte contre le sida, issus du dernier rapport de l\u2019Onusida, montrent un recul dans la lutte contre cette maladie. La convergence des crises mondiales a durement affect\u00e9 les nombreux progr\u00e8s r\u00e9alis\u00e9s ces derni\u00e8res ann\u00e9es, en particulier dans les pays les plus [&hellip;]","og_url":"https:\/\/www.one.org\/fr\/press\/one-reagit-a-la-publication-des-chiffres-de-lonusida\/","og_site_name":"ONE.org France","article_publisher":"https:\/\/www.facebook.com\/ONE.Fr","og_image":[{"width":768,"height":402,"url":"https:\/\/www.one.org\/fr\/wp-content\/uploads\/sites\/4\/2023\/09\/GA_share_1200x628-768x402-1.png","type":"image\/png"}],"twitter_card":"summary_large_image","twitter_site":"@one_fr","twitter_misc":{"Est. reading time":"2 minutes"},"schema":{"@context":"https:\/\/schema.org","@graph":[{"@type":"NewsArticle","@id":"https:\/\/www.one.org\/fr\/press\/one-reagit-a-la-publication-des-chiffres-de-lonusida\/#article","isPartOf":{"@id":"https:\/\/www.one.org\/fr\/press\/one-reagit-a-la-publication-des-chiffres-de-lonusida\/"},"author":{"name":"alixmaciocia","@id":"https:\/\/www.one.org\/fr\/#\/schema\/person\/d9b953ee2843903f8414ceafe0773fd3"},"headline":"ONE r\u00e9agit \u00e0 la publication des chiffres de l\u2019ONUSIDA","datePublished":"2022-07-28T09:58:31+00:00","mainEntityOfPage":{"@id":"https:\/\/www.one.org\/fr\/press\/one-reagit-a-la-publication-des-chiffres-de-lonusida\/"},"wordCount":403,"inLanguage":"fr-FR"},{"@type":"WebPage","@id":"https:\/\/www.one.org\/fr\/press\/one-reagit-a-la-publication-des-chiffres-de-lonusida\/","url":"https:\/\/www.one.org\/fr\/press\/one-reagit-a-la-publication-des-chiffres-de-lonusida\/","name":"ONE r\u00e9agit \u00e0 la publication des chiffres de l\u2019ONUSIDA - ONE.org France","isPartOf":{"@id":"https:\/\/www.one.org\/fr\/#website"},"datePublished":"2022-07-28T09:58:31+00:00","breadcrumb":{"@id":"https:\/\/www.one.org\/fr\/press\/one-reagit-a-la-publication-des-chiffres-de-lonusida\/#breadcrumb"},"inLanguage":"fr-FR","potentialAction":[{"@type":"ReadAction","target":["https:\/\/www.one.org\/fr\/press\/one-reagit-a-la-publication-des-chiffres-de-lonusida\/"]}]},{"@type":"BreadcrumbList","@id":"https:\/\/www.one.org\/fr\/press\/one-reagit-a-la-publication-des-chiffres-de-lonusida\/#breadcrumb","itemListElement":[{"@type":"ListItem","position":1,"name":"Home","item":"https:\/\/www.one.org\/fr\/"},{"@type":"ListItem","position":2,"name":"ONE r\u00e9agit \u00e0 la publication des chiffres de l\u2019ONUSIDA"}]},{"@type":"WebSite","@id":"https:\/\/www.one.org\/fr\/#website","url":"https:\/\/www.one.org\/fr\/","name":"ONE.org","description":"Cr\u00e9er des opportunit\u00e9s \u00e9conomiques et am\u00e9liorer la sant\u00e9 en Afrique","potentialAction":[{"@type":"SearchAction","target":{"@type":"EntryPoint","urlTemplate":"https:\/\/www.one.org\/fr\/?s={search_term_string}"},"query-input":{"@type":"PropertyValueSpecification","valueRequired":true,"valueName":"search_term_string"}}],"inLanguage":"fr-FR"},{"@type":"Person","@id":"https:\/\/www.one.org\/fr\/#\/schema\/person\/d9b953ee2843903f8414ceafe0773fd3","name":"alixmaciocia","image":{"@type":"ImageObject","inLanguage":"fr-FR","@id":"https:\/\/www.one.org\/fr\/#\/schema\/person\/image\/","url":"https:\/\/secure.gravatar.com\/avatar\/bda19cda999f46156a455dea94d3fe4d83bcdbb441c39c582f09e14cd4ae6a19?s=96&d=mm&r=g","contentUrl":"https:\/\/secure.gravatar.com\/avatar\/bda19cda999f46156a455dea94d3fe4d83bcdbb441c39c582f09e14cd4ae6a19?s=96&d=mm&r=g","caption":"alixmaciocia"},"url":"https:\/\/www.one.org\/fr\/actualites\/author\/alixmaciocia\/"}]}},"distributor_meta":false,"distributor_terms":false,"distributor_media":false,"distributor_original_site_name":"ONE.org France","distributor_original_site_url":"https:\/\/www.one.org\/fr","push-errors":false,"_links":{"self":[{"href":"https:\/\/www.one.org\/fr\/wp-json\/wp\/v2\/one_press\/160733","targetHints":{"allow":["GET"]}}],"collection":[{"href":"https:\/\/www.one.org\/fr\/wp-json\/wp\/v2\/one_press"}],"about":[{"href":"https:\/\/www.one.org\/fr\/wp-json\/wp\/v2\/types\/one_press"}],"author":[{"embeddable":true,"href":"https:\/\/www.one.org\/fr\/wp-json\/wp\/v2\/users\/26"}],"version-history":[{"count":0,"href":"https:\/\/www.one.org\/fr\/wp-json\/wp\/v2\/one_press\/160733\/revisions"}],"wp:attachment":[{"href":"https:\/\/www.one.org\/fr\/wp-json\/wp\/v2\/media?parent=160733"}],"wp:term":[{"taxonomy":"contributor","embeddable":true,"href":"https:\/\/www.one.org\/fr\/wp-json\/wp\/v2\/contributor?post=160733"}],"curies":[{"name":"wp","href":"https:\/\/api.w.org\/{rel}","templated":true}]}}