{"id":158152,"date":"2023-02-01T16:43:15","date_gmt":"2023-02-01T16:43:15","guid":{"rendered":"https:\/\/www.one.org\/fr\/?post_type=one_press&amp;p=158152"},"modified":"2023-02-01T16:43:15","modified_gmt":"2023-02-01T16:43:15","slug":"reaction-sommet-union-africaine-union-europeenne","status":"publish","type":"one_press","link":"https:\/\/www.one.org\/fr\/press\/reaction-sommet-union-africaine-union-europeenne\/","title":{"rendered":"R\u00e9action de l\u2019ONG ONE aux r\u00e9sultats du sommet Union africaine-Union europ\u00e9enne"},"content":{"rendered":"<p>Bruxelles, le 18 f\u00e9vrier &#8211; <strong>A l\u2019occasion du sommet UA-UE, l&#8217;UE a annonc\u00e9 que la moiti\u00e9 du \u00ab Global Gateway package \u00bb, d&#8217;une valeur potentielle de 150 milliards d&#8217;euros, serait allou\u00e9e aux initiatives de l&#8217;Afrique ax\u00e9es sur la sant\u00e9, les transports et l&#8217;\u00e9ducation. L&#8217;UE a \u00e9galement engag\u00e9 100 millions d&#8217;euros pour soutenir l&#8217;Agence africaine des m\u00e9dicaments sur cinq ans, 500 millions d&#8217;euros de la Banque europ\u00e9enne d&#8217;investissement pour renforcer les syst\u00e8mes de sant\u00e9 et 425 millions d&#8217;euros pour un programme d\u2019acc\u00e8s aux vaccins.<\/strong><\/p>\n<p>Lors d&#8217;un \u00e9v\u00e9nement parall\u00e8le, l&#8217;OMS a annonc\u00e9 l&#8217;expansion de son centre de transfert de technologie. L&#8217;Afrique du Sud, l&#8217;\u00c9gypte, le Kenya, le Nigeria, le S\u00e9n\u00e9gal et la Tunisie seront les premiers b\u00e9n\u00e9ficiaires du centre de transfert de technologie ARNm COVID-19.<\/p>\n<p>Il n\u2019y a pas eu d\u2019accord sur une r\u00e9allocation des droits de tirage sp\u00e9ciaux ni sur la lev\u00e9e des brevets sur les vaccins COVID-19, demand\u00e9es par les dirigeants africains.<\/p>\n<p><strong>Edwin Ikhuoria, directeur de ONE en Afrique r\u00e9agit<\/strong> : \u00ab\u00a0<em>Les r\u00e9sultats de ce sommet sont s\u00e9rieusement frustrants. Comment peuvent-ils encore bloquer la lev\u00e9e temporaire des brevets de propri\u00e9t\u00e9 intellectuelle sur les vaccins COVID-19 ? Les vies des Africains valent-elles vraiment moins que l&#8217;innovation et le profit des entreprises pharmaceutiques ? <\/em>\u00bb<\/p>\n<p><strong>Emily Wigens, directrice de ONE pour l\u2019Union europ\u00e9enne, poursuit<\/strong> : \u00ab\u00a0<em>L&#8217;UE semble souffrir d\u2019une certaine audition s\u00e9lective. Les dirigeants africains ont clairement exprim\u00e9 la n\u00e9cessit\u00e9 pour les pays riches de fournir 100 milliards de dollars en droits de tirage sp\u00e9ciaux pour soutenir la relance \u00e9conomique du continent. Les \u00c9tats membres ont choisi d\u2019ignorer leur appel et de ne pas injecter ces nouveaux fonds dans le partenariat Europe-Afrique.<\/em><\/p>\n<p><em>Seulement 11,5 % de la population africaine enti\u00e8rement vaccin\u00e9e, mais ce sommet n\u2019aura pas \u00e9t\u00e9 d\u2019une grande aide pour r\u00e9pondre aux besoins imm\u00e9diats de vaccins sur le continent. Il est maintenant essentiel que les dirigeants du G7 prennent des mesures urgentes en fournissant un nouveau financement significatif pour l&#8217;acc\u00e8s mondial aux vaccins et aux m\u00e9dicaments COVID-19, lorsqu&#8217;ils se r\u00e9uniront la semaine prochaine.\u00a0\u00bb<\/em><\/p>\n<p><strong>Pour toute information et interview :<\/strong><\/p>\n<p><strong>Guadalupe Casas : +32 (0) 472 71 74 20 \u2013\u00a0<a href=\"mailto:guadalupe.casas@one.org\">guadalupe.casas@one.org<\/a><br \/>\nCharlotte Grignard : +33622410041 \u2013\u00a0<a href=\"mailto:charlotte.grignard@one.org\">charlotte.grignard@one.org<\/a><\/strong><\/p>\n<div class=\"buffer\"><\/div>","protected":false},"excerpt":{"rendered":"<p>Bruxelles, le 18 f\u00e9vrier &#8211; A l\u2019occasion du sommet UA-UE, l&#8217;UE a annonc\u00e9 que la moiti\u00e9 du \u00ab Global Gateway package \u00bb, d&#8217;une valeur potentielle de 150 milliards d&#8217;euros, serait allou\u00e9e aux initiatives de l&#8217;Afrique ax\u00e9es sur la sant\u00e9, les transports et l&#8217;\u00e9ducation. L&#8217;UE a \u00e9galement engag\u00e9 100 millions d&#8217;euros pour soutenir l&#8217;Agence africaine des [&hellip;]<\/p>\n","protected":false},"author":24,"featured_media":0,"template":"","meta":{"_acf_changed":false,"_relevanssi_hide_post":"","_relevanssi_hide_content":"","_relevanssi_pin_for_all":"","_relevanssi_pin_keywords":"","_relevanssi_unpin_keywords":"","_relevanssi_related_keywords":"","_relevanssi_related_include_ids":"","_relevanssi_related_exclude_ids":"","_relevanssi_related_no_append":"","_relevanssi_related_not_related":"","_relevanssi_related_posts":"","_relevanssi_noindex_reason":"","footnotes":""},"contributor":[],"class_list":["post-158152","one_press","type-one_press","status-publish","hentry"],"acf":[],"yoast_head":"<!-- This site is optimized with the Yoast SEO Premium plugin v27.1 (Yoast SEO v27.1.1) - https:\/\/yoast.com\/product\/yoast-seo-premium-wordpress\/ -->\n<title>R\u00e9action de l\u2019ONG ONE aux r\u00e9sultats du sommet Union africaine-Union europ\u00e9enne - ONE.org France<\/title>\n<meta name=\"robots\" content=\"index, follow, max-snippet:-1, max-image-preview:large, max-video-preview:-1\" \/>\n<link rel=\"canonical\" href=\"https:\/\/www.one.org\/fr\/press\/reaction-sommet-union-africaine-union-europeenne\/\" \/>\n<meta property=\"og:locale\" content=\"fr_FR\" \/>\n<meta property=\"og:type\" content=\"article\" \/>\n<meta property=\"og:title\" content=\"R\u00e9action de l\u2019ONG ONE aux r\u00e9sultats du sommet Union africaine-Union europ\u00e9enne\" \/>\n<meta property=\"og:description\" content=\"Si des nouveaux financements ont \u00e9t\u00e9 annonc\u00e9s, la principale question de l&#039;acc\u00e8s au vaccin n&#039;a pas \u00e9t\u00e9 \u00e9lucid\u00e9e.\" \/>\n<meta property=\"og:url\" content=\"https:\/\/www.one.org\/fr\/press\/reaction-sommet-union-africaine-union-europeenne\/\" \/>\n<meta property=\"og:site_name\" content=\"ONE.org France\" \/>\n<meta property=\"article:publisher\" content=\"https:\/\/www.facebook.com\/ONE.Fr\" \/>\n<meta property=\"og:image\" content=\"https:\/\/www.one.org\/fr\/wp-content\/uploads\/sites\/4\/2023\/09\/GA_share_1200x628-768x402-1.png\" \/>\n\t<meta property=\"og:image:width\" content=\"768\" \/>\n\t<meta property=\"og:image:height\" content=\"402\" \/>\n\t<meta property=\"og:image:type\" content=\"image\/png\" \/>\n<meta name=\"twitter:card\" content=\"summary_large_image\" \/>\n<meta name=\"twitter:description\" content=\"Si des nouveaux financements ont \u00e9t\u00e9 annonc\u00e9s, la principale question de l&#039;acc\u00e8s au vaccin n&#039;a pas \u00e9t\u00e9 \u00e9lucid\u00e9e.\" \/>\n<meta name=\"twitter:site\" content=\"@one_fr\" \/>\n<meta name=\"twitter:label1\" content=\"Est. reading time\" \/>\n\t<meta name=\"twitter:data1\" content=\"2 minutes\" \/>\n<script type=\"application\/ld+json\" class=\"yoast-schema-graph\">{\"@context\":\"https:\/\/schema.org\",\"@graph\":[{\"@type\":\"NewsArticle\",\"@id\":\"https:\/\/www.one.org\/fr\/press\/reaction-sommet-union-africaine-union-europeenne\/#article\",\"isPartOf\":{\"@id\":\"https:\/\/www.one.org\/fr\/press\/reaction-sommet-union-africaine-union-europeenne\/\"},\"author\":{\"name\":\"Dana Khalil\",\"@id\":\"https:\/\/www.one.org\/fr\/#\/schema\/person\/cf1f30f9800f0592ec3d61940be82003\"},\"headline\":\"R\u00e9action de l\u2019ONG ONE aux r\u00e9sultats du sommet Union africaine-Union europ\u00e9enne\",\"datePublished\":\"2023-02-01T16:43:15+00:00\",\"mainEntityOfPage\":{\"@id\":\"https:\/\/www.one.org\/fr\/press\/reaction-sommet-union-africaine-union-europeenne\/\"},\"wordCount\":411,\"inLanguage\":\"fr-FR\"},{\"@type\":\"WebPage\",\"@id\":\"https:\/\/www.one.org\/fr\/press\/reaction-sommet-union-africaine-union-europeenne\/\",\"url\":\"https:\/\/www.one.org\/fr\/press\/reaction-sommet-union-africaine-union-europeenne\/\",\"name\":\"R\u00e9action de l\u2019ONG ONE aux r\u00e9sultats du sommet Union africaine-Union europ\u00e9enne - ONE.org France\",\"isPartOf\":{\"@id\":\"https:\/\/www.one.org\/fr\/#website\"},\"datePublished\":\"2023-02-01T16:43:15+00:00\",\"breadcrumb\":{\"@id\":\"https:\/\/www.one.org\/fr\/press\/reaction-sommet-union-africaine-union-europeenne\/#breadcrumb\"},\"inLanguage\":\"fr-FR\",\"potentialAction\":[{\"@type\":\"ReadAction\",\"target\":[\"https:\/\/www.one.org\/fr\/press\/reaction-sommet-union-africaine-union-europeenne\/\"]}]},{\"@type\":\"BreadcrumbList\",\"@id\":\"https:\/\/www.one.org\/fr\/press\/reaction-sommet-union-africaine-union-europeenne\/#breadcrumb\",\"itemListElement\":[{\"@type\":\"ListItem\",\"position\":1,\"name\":\"Home\",\"item\":\"https:\/\/www.one.org\/fr\/\"},{\"@type\":\"ListItem\",\"position\":2,\"name\":\"R\u00e9action de l\u2019ONG ONE aux r\u00e9sultats du sommet Union africaine-Union europ\u00e9enne\"}]},{\"@type\":\"WebSite\",\"@id\":\"https:\/\/www.one.org\/fr\/#website\",\"url\":\"https:\/\/www.one.org\/fr\/\",\"name\":\"ONE.org\",\"description\":\"Cr\u00e9er des opportunit\u00e9s \u00e9conomiques et am\u00e9liorer la sant\u00e9 en Afrique\",\"potentialAction\":[{\"@type\":\"SearchAction\",\"target\":{\"@type\":\"EntryPoint\",\"urlTemplate\":\"https:\/\/www.one.org\/fr\/?s={search_term_string}\"},\"query-input\":{\"@type\":\"PropertyValueSpecification\",\"valueRequired\":true,\"valueName\":\"search_term_string\"}}],\"inLanguage\":\"fr-FR\"},{\"@type\":\"Person\",\"@id\":\"https:\/\/www.one.org\/fr\/#\/schema\/person\/cf1f30f9800f0592ec3d61940be82003\",\"name\":\"Dana Khalil\",\"image\":{\"@type\":\"ImageObject\",\"inLanguage\":\"fr-FR\",\"@id\":\"https:\/\/www.one.org\/fr\/#\/schema\/person\/image\/\",\"url\":\"https:\/\/secure.gravatar.com\/avatar\/b0da536f00ccefadcc7aae4e64855977a5249adb1ac04162a69474e53a8d4c40?s=96&d=mm&r=g\",\"contentUrl\":\"https:\/\/secure.gravatar.com\/avatar\/b0da536f00ccefadcc7aae4e64855977a5249adb1ac04162a69474e53a8d4c40?s=96&d=mm&r=g\",\"caption\":\"Dana Khalil\"},\"url\":\"https:\/\/www.one.org\/fr\/actualites\/author\/danakhalil\/\"}]}<\/script>\n<!-- \/ Yoast SEO Premium plugin. -->","yoast_head_json":{"title":"R\u00e9action de l\u2019ONG ONE aux r\u00e9sultats du sommet Union africaine-Union europ\u00e9enne - ONE.org France","robots":{"index":"index","follow":"follow","max-snippet":"max-snippet:-1","max-image-preview":"max-image-preview:large","max-video-preview":"max-video-preview:-1"},"canonical":"https:\/\/www.one.org\/fr\/press\/reaction-sommet-union-africaine-union-europeenne\/","og_locale":"fr_FR","og_type":"article","og_title":"R\u00e9action de l\u2019ONG ONE aux r\u00e9sultats du sommet Union africaine-Union europ\u00e9enne","og_description":"Si des nouveaux financements ont \u00e9t\u00e9 annonc\u00e9s, la principale question de l'acc\u00e8s au vaccin n'a pas \u00e9t\u00e9 \u00e9lucid\u00e9e.","og_url":"https:\/\/www.one.org\/fr\/press\/reaction-sommet-union-africaine-union-europeenne\/","og_site_name":"ONE.org France","article_publisher":"https:\/\/www.facebook.com\/ONE.Fr","og_image":[{"width":768,"height":402,"url":"https:\/\/www.one.org\/fr\/wp-content\/uploads\/sites\/4\/2023\/09\/GA_share_1200x628-768x402-1.png","type":"image\/png"}],"twitter_card":"summary_large_image","twitter_description":"Si des nouveaux financements ont \u00e9t\u00e9 annonc\u00e9s, la principale question de l'acc\u00e8s au vaccin n'a pas \u00e9t\u00e9 \u00e9lucid\u00e9e.","twitter_site":"@one_fr","twitter_misc":{"Est. reading time":"2 minutes"},"schema":{"@context":"https:\/\/schema.org","@graph":[{"@type":"NewsArticle","@id":"https:\/\/www.one.org\/fr\/press\/reaction-sommet-union-africaine-union-europeenne\/#article","isPartOf":{"@id":"https:\/\/www.one.org\/fr\/press\/reaction-sommet-union-africaine-union-europeenne\/"},"author":{"name":"Dana Khalil","@id":"https:\/\/www.one.org\/fr\/#\/schema\/person\/cf1f30f9800f0592ec3d61940be82003"},"headline":"R\u00e9action de l\u2019ONG ONE aux r\u00e9sultats du sommet Union africaine-Union europ\u00e9enne","datePublished":"2023-02-01T16:43:15+00:00","mainEntityOfPage":{"@id":"https:\/\/www.one.org\/fr\/press\/reaction-sommet-union-africaine-union-europeenne\/"},"wordCount":411,"inLanguage":"fr-FR"},{"@type":"WebPage","@id":"https:\/\/www.one.org\/fr\/press\/reaction-sommet-union-africaine-union-europeenne\/","url":"https:\/\/www.one.org\/fr\/press\/reaction-sommet-union-africaine-union-europeenne\/","name":"R\u00e9action de l\u2019ONG ONE aux r\u00e9sultats du sommet Union africaine-Union europ\u00e9enne - ONE.org France","isPartOf":{"@id":"https:\/\/www.one.org\/fr\/#website"},"datePublished":"2023-02-01T16:43:15+00:00","breadcrumb":{"@id":"https:\/\/www.one.org\/fr\/press\/reaction-sommet-union-africaine-union-europeenne\/#breadcrumb"},"inLanguage":"fr-FR","potentialAction":[{"@type":"ReadAction","target":["https:\/\/www.one.org\/fr\/press\/reaction-sommet-union-africaine-union-europeenne\/"]}]},{"@type":"BreadcrumbList","@id":"https:\/\/www.one.org\/fr\/press\/reaction-sommet-union-africaine-union-europeenne\/#breadcrumb","itemListElement":[{"@type":"ListItem","position":1,"name":"Home","item":"https:\/\/www.one.org\/fr\/"},{"@type":"ListItem","position":2,"name":"R\u00e9action de l\u2019ONG ONE aux r\u00e9sultats du sommet Union africaine-Union europ\u00e9enne"}]},{"@type":"WebSite","@id":"https:\/\/www.one.org\/fr\/#website","url":"https:\/\/www.one.org\/fr\/","name":"ONE.org","description":"Cr\u00e9er des opportunit\u00e9s \u00e9conomiques et am\u00e9liorer la sant\u00e9 en Afrique","potentialAction":[{"@type":"SearchAction","target":{"@type":"EntryPoint","urlTemplate":"https:\/\/www.one.org\/fr\/?s={search_term_string}"},"query-input":{"@type":"PropertyValueSpecification","valueRequired":true,"valueName":"search_term_string"}}],"inLanguage":"fr-FR"},{"@type":"Person","@id":"https:\/\/www.one.org\/fr\/#\/schema\/person\/cf1f30f9800f0592ec3d61940be82003","name":"Dana Khalil","image":{"@type":"ImageObject","inLanguage":"fr-FR","@id":"https:\/\/www.one.org\/fr\/#\/schema\/person\/image\/","url":"https:\/\/secure.gravatar.com\/avatar\/b0da536f00ccefadcc7aae4e64855977a5249adb1ac04162a69474e53a8d4c40?s=96&d=mm&r=g","contentUrl":"https:\/\/secure.gravatar.com\/avatar\/b0da536f00ccefadcc7aae4e64855977a5249adb1ac04162a69474e53a8d4c40?s=96&d=mm&r=g","caption":"Dana Khalil"},"url":"https:\/\/www.one.org\/fr\/actualites\/author\/danakhalil\/"}]}},"distributor_meta":false,"distributor_terms":false,"distributor_media":false,"distributor_original_site_name":"ONE.org France","distributor_original_site_url":"https:\/\/www.one.org\/fr","push-errors":false,"_links":{"self":[{"href":"https:\/\/www.one.org\/fr\/wp-json\/wp\/v2\/one_press\/158152","targetHints":{"allow":["GET"]}}],"collection":[{"href":"https:\/\/www.one.org\/fr\/wp-json\/wp\/v2\/one_press"}],"about":[{"href":"https:\/\/www.one.org\/fr\/wp-json\/wp\/v2\/types\/one_press"}],"author":[{"embeddable":true,"href":"https:\/\/www.one.org\/fr\/wp-json\/wp\/v2\/users\/24"}],"version-history":[{"count":0,"href":"https:\/\/www.one.org\/fr\/wp-json\/wp\/v2\/one_press\/158152\/revisions"}],"wp:attachment":[{"href":"https:\/\/www.one.org\/fr\/wp-json\/wp\/v2\/media?parent=158152"}],"wp:term":[{"taxonomy":"contributor","embeddable":true,"href":"https:\/\/www.one.org\/fr\/wp-json\/wp\/v2\/contributor?post=158152"}],"curies":[{"name":"wp","href":"https:\/\/api.w.org\/{rel}","templated":true}]}}