{"id":154455,"date":"2021-06-13T11:46:49","date_gmt":"2021-06-13T11:46:49","guid":{"rendered":"https:\/\/www.one.org\/fr\/?post_type=one_press&amp;p=154455"},"modified":"2021-06-13T11:46:49","modified_gmt":"2021-06-13T11:46:49","slug":"reaction-de-one-au-communique-final-du-g7-cornouailles","status":"publish","type":"one_press","link":"https:\/\/www.one.org\/fr\/press\/reaction-de-one-au-communique-final-du-g7-cornouailles\/","title":{"rendered":"R\u00e9action de ONE au communiqu\u00e9 final du G7 Cornouailles"},"content":{"rendered":"<p><strong>Ma\u00e9 Kurkjian, directrice par int\u00e9rim de ONE en France<\/strong>, d\u00e9clare : \u00ab <em>Le plan du G7, pr\u00e9sent\u00e9 comme un accord historique visant \u00e0 donner 1 milliard de doses aux pays \u00e0 revenu faible et interm\u00e9diaire, fournira en fait suffisamment de doses pour vacciner environ 200 millions de personnes, seulement, soit 5,4 % de la population totale des pays pauvres d&#8217;ici la fin de l&#8217;ann\u00e9e. D&#8217;ici le prochain sommet du G7, seuls 10,3 % de la population des pays \u00e0 faible revenu et \u00e0 revenu interm\u00e9diaire seront vaccin\u00e9s gr\u00e2ce \u00e0 cet accord. Le plan du G7 comprend moins d&#8217;un tiers des doses exc\u00e9dentaires que les pays du G7 et l&#8217;UE ont pr\u00e9command\u00e9es.<\/em> \u00bb<\/p>\n<p><strong>Edwin Ikhuoria, directeur de ONE en Afrique<\/strong>, d\u00e9clare : <em>\u00ab Malgr\u00e9 quelques avanc\u00e9es, les dirigeants du G7 quittent les Cornouailles sans avoir pris les mesures n\u00e9cessaires pour mettre fin \u00e0 la pand\u00e9mie et donner un coup de fouet \u00e0 la reprise \u00e9conomique mondiale. Les d\u00e9lais pr\u00e9vus pour le partage du milliard de doses promises, dont une partie n\u2019est en fait que du recyclage d\u2019anciennes annonces, montrent malheureusement que ce sommet n&#8217;a pas \u00e9t\u00e9 le moment historique que l\u2019on esp\u00e9rait. Des milliards de personnes, en particulier celles vivant dans les pays les plus vuln\u00e9rables, restent donc dangereusement expos\u00e9es et attendent toujours un v\u00e9ritable plan pour sortir le monde de cette crise. <\/em>\u00bb<\/p>\n<div class=\"buffer\"><\/div>","protected":false},"excerpt":{"rendered":"<p>Ma\u00e9 Kurkjian, directrice par int\u00e9rim de ONE en France, d\u00e9clare : \u00ab Le plan du G7, pr\u00e9sent\u00e9 comme un accord historique visant \u00e0 donner 1 milliard de doses aux pays \u00e0 revenu faible et interm\u00e9diaire, fournira en fait suffisamment de doses pour vacciner environ 200 millions de personnes, seulement, soit 5,4 % de la population [&hellip;]<\/p>\n","protected":false},"author":23,"featured_media":0,"template":"","meta":{"_acf_changed":false,"_relevanssi_hide_post":"","_relevanssi_hide_content":"","_relevanssi_pin_for_all":"","_relevanssi_pin_keywords":"","_relevanssi_unpin_keywords":"","_relevanssi_related_keywords":"","_relevanssi_related_include_ids":"","_relevanssi_related_exclude_ids":"","_relevanssi_related_no_append":"","_relevanssi_related_not_related":"","_relevanssi_related_posts":"","_relevanssi_noindex_reason":"","footnotes":""},"contributor":[],"class_list":["post-154455","one_press","type-one_press","status-publish","hentry"],"acf":[],"yoast_head":"<!-- This site is optimized with the Yoast SEO Premium plugin v27.1 (Yoast SEO v27.1.1) - https:\/\/yoast.com\/product\/yoast-seo-premium-wordpress\/ -->\n<title>R\u00e9action de ONE au communiqu\u00e9 final du G7 Cornouailles - ONE.org France<\/title>\n<meta name=\"robots\" content=\"index, follow, max-snippet:-1, max-image-preview:large, max-video-preview:-1\" \/>\n<link rel=\"canonical\" href=\"https:\/\/www.one.org\/fr\/press\/reaction-de-one-au-communique-final-du-g7-cornouailles\/\" \/>\n<meta property=\"og:locale\" content=\"fr_FR\" \/>\n<meta property=\"og:type\" content=\"article\" \/>\n<meta property=\"og:title\" content=\"R\u00e9action de ONE au communiqu\u00e9 final du G7 Cornouailles\" \/>\n<meta property=\"og:description\" content=\"D&#039;ici le prochain sommet du G7, seuls 10,3 % de la population des pays \u00e0 faible revenu et \u00e0 revenu interm\u00e9diaire seront vaccin\u00e9s gr\u00e2ce \u00e0 cet accord.\" \/>\n<meta property=\"og:url\" content=\"https:\/\/www.one.org\/fr\/press\/reaction-de-one-au-communique-final-du-g7-cornouailles\/\" \/>\n<meta property=\"og:site_name\" content=\"ONE.org France\" \/>\n<meta property=\"article:publisher\" content=\"https:\/\/www.facebook.com\/ONE.Fr\" \/>\n<meta property=\"og:image\" content=\"https:\/\/www.one.org\/fr\/wp-content\/uploads\/sites\/4\/2023\/09\/GA_share_1200x628-768x402-1.png\" \/>\n\t<meta property=\"og:image:width\" content=\"768\" \/>\n\t<meta property=\"og:image:height\" content=\"402\" \/>\n\t<meta property=\"og:image:type\" content=\"image\/png\" \/>\n<meta name=\"twitter:card\" content=\"summary_large_image\" \/>\n<meta name=\"twitter:title\" content=\"R\u00e9action de ONE au communiqu\u00e9 final du G7 Cornouailles\" \/>\n<meta name=\"twitter:description\" content=\"D&#039;ici le prochain sommet du G7, seuls 10,3 % de la population des pays \u00e0 faible revenu et \u00e0 revenu interm\u00e9diaire seront vaccin\u00e9s gr\u00e2ce \u00e0 cet accord.\" \/>\n<meta name=\"twitter:site\" content=\"@one_fr\" \/>\n<meta name=\"twitter:label1\" content=\"Est. reading time\" \/>\n\t<meta name=\"twitter:data1\" content=\"1 minute\" \/>\n<script type=\"application\/ld+json\" class=\"yoast-schema-graph\">{\"@context\":\"https:\/\/schema.org\",\"@graph\":[{\"@type\":\"NewsArticle\",\"@id\":\"https:\/\/www.one.org\/fr\/press\/reaction-de-one-au-communique-final-du-g7-cornouailles\/#article\",\"isPartOf\":{\"@id\":\"https:\/\/www.one.org\/fr\/press\/reaction-de-one-au-communique-final-du-g7-cornouailles\/\"},\"author\":{\"name\":\"Charlotte Grignard\",\"@id\":\"https:\/\/www.one.org\/fr\/#\/schema\/person\/80f9015287f26deb0186c1a1506c5b45\"},\"headline\":\"R\u00e9action de ONE au communiqu\u00e9 final du G7 Cornouailles\",\"datePublished\":\"2021-06-13T11:46:49+00:00\",\"mainEntityOfPage\":{\"@id\":\"https:\/\/www.one.org\/fr\/press\/reaction-de-one-au-communique-final-du-g7-cornouailles\/\"},\"wordCount\":244,\"inLanguage\":\"fr-FR\"},{\"@type\":\"WebPage\",\"@id\":\"https:\/\/www.one.org\/fr\/press\/reaction-de-one-au-communique-final-du-g7-cornouailles\/\",\"url\":\"https:\/\/www.one.org\/fr\/press\/reaction-de-one-au-communique-final-du-g7-cornouailles\/\",\"name\":\"R\u00e9action de ONE au communiqu\u00e9 final du G7 Cornouailles - ONE.org France\",\"isPartOf\":{\"@id\":\"https:\/\/www.one.org\/fr\/#website\"},\"datePublished\":\"2021-06-13T11:46:49+00:00\",\"breadcrumb\":{\"@id\":\"https:\/\/www.one.org\/fr\/press\/reaction-de-one-au-communique-final-du-g7-cornouailles\/#breadcrumb\"},\"inLanguage\":\"fr-FR\",\"potentialAction\":[{\"@type\":\"ReadAction\",\"target\":[\"https:\/\/www.one.org\/fr\/press\/reaction-de-one-au-communique-final-du-g7-cornouailles\/\"]}]},{\"@type\":\"BreadcrumbList\",\"@id\":\"https:\/\/www.one.org\/fr\/press\/reaction-de-one-au-communique-final-du-g7-cornouailles\/#breadcrumb\",\"itemListElement\":[{\"@type\":\"ListItem\",\"position\":1,\"name\":\"Home\",\"item\":\"https:\/\/www.one.org\/fr\/\"},{\"@type\":\"ListItem\",\"position\":2,\"name\":\"R\u00e9action de ONE au communiqu\u00e9 final du G7 Cornouailles\"}]},{\"@type\":\"WebSite\",\"@id\":\"https:\/\/www.one.org\/fr\/#website\",\"url\":\"https:\/\/www.one.org\/fr\/\",\"name\":\"ONE.org\",\"description\":\"Cr\u00e9er des opportunit\u00e9s \u00e9conomiques et am\u00e9liorer la sant\u00e9 en Afrique\",\"potentialAction\":[{\"@type\":\"SearchAction\",\"target\":{\"@type\":\"EntryPoint\",\"urlTemplate\":\"https:\/\/www.one.org\/fr\/?s={search_term_string}\"},\"query-input\":{\"@type\":\"PropertyValueSpecification\",\"valueRequired\":true,\"valueName\":\"search_term_string\"}}],\"inLanguage\":\"fr-FR\"},{\"@type\":\"Person\",\"@id\":\"https:\/\/www.one.org\/fr\/#\/schema\/person\/80f9015287f26deb0186c1a1506c5b45\",\"name\":\"Charlotte Grignard\",\"image\":{\"@type\":\"ImageObject\",\"inLanguage\":\"fr-FR\",\"@id\":\"https:\/\/www.one.org\/fr\/#\/schema\/person\/image\/\",\"url\":\"https:\/\/secure.gravatar.com\/avatar\/5502a1f95f0f52802983d25ece15bcbc13df70d815328935be70810a97028027?s=96&d=mm&r=g\",\"contentUrl\":\"https:\/\/secure.gravatar.com\/avatar\/5502a1f95f0f52802983d25ece15bcbc13df70d815328935be70810a97028027?s=96&d=mm&r=g\",\"caption\":\"Charlotte Grignard\"},\"url\":\"https:\/\/www.one.org\/fr\/actualites\/author\/charlottegrignard\/\"}]}<\/script>\n<!-- \/ Yoast SEO Premium plugin. -->","yoast_head_json":{"title":"R\u00e9action de ONE au communiqu\u00e9 final du G7 Cornouailles - ONE.org France","robots":{"index":"index","follow":"follow","max-snippet":"max-snippet:-1","max-image-preview":"max-image-preview:large","max-video-preview":"max-video-preview:-1"},"canonical":"https:\/\/www.one.org\/fr\/press\/reaction-de-one-au-communique-final-du-g7-cornouailles\/","og_locale":"fr_FR","og_type":"article","og_title":"R\u00e9action de ONE au communiqu\u00e9 final du G7 Cornouailles","og_description":"D'ici le prochain sommet du G7, seuls 10,3 % de la population des pays \u00e0 faible revenu et \u00e0 revenu interm\u00e9diaire seront vaccin\u00e9s gr\u00e2ce \u00e0 cet accord.","og_url":"https:\/\/www.one.org\/fr\/press\/reaction-de-one-au-communique-final-du-g7-cornouailles\/","og_site_name":"ONE.org France","article_publisher":"https:\/\/www.facebook.com\/ONE.Fr","og_image":[{"width":768,"height":402,"url":"https:\/\/www.one.org\/fr\/wp-content\/uploads\/sites\/4\/2023\/09\/GA_share_1200x628-768x402-1.png","type":"image\/png"}],"twitter_card":"summary_large_image","twitter_title":"R\u00e9action de ONE au communiqu\u00e9 final du G7 Cornouailles","twitter_description":"D'ici le prochain sommet du G7, seuls 10,3 % de la population des pays \u00e0 faible revenu et \u00e0 revenu interm\u00e9diaire seront vaccin\u00e9s gr\u00e2ce \u00e0 cet accord.","twitter_site":"@one_fr","twitter_misc":{"Est. reading time":"1 minute"},"schema":{"@context":"https:\/\/schema.org","@graph":[{"@type":"NewsArticle","@id":"https:\/\/www.one.org\/fr\/press\/reaction-de-one-au-communique-final-du-g7-cornouailles\/#article","isPartOf":{"@id":"https:\/\/www.one.org\/fr\/press\/reaction-de-one-au-communique-final-du-g7-cornouailles\/"},"author":{"name":"Charlotte Grignard","@id":"https:\/\/www.one.org\/fr\/#\/schema\/person\/80f9015287f26deb0186c1a1506c5b45"},"headline":"R\u00e9action de ONE au communiqu\u00e9 final du G7 Cornouailles","datePublished":"2021-06-13T11:46:49+00:00","mainEntityOfPage":{"@id":"https:\/\/www.one.org\/fr\/press\/reaction-de-one-au-communique-final-du-g7-cornouailles\/"},"wordCount":244,"inLanguage":"fr-FR"},{"@type":"WebPage","@id":"https:\/\/www.one.org\/fr\/press\/reaction-de-one-au-communique-final-du-g7-cornouailles\/","url":"https:\/\/www.one.org\/fr\/press\/reaction-de-one-au-communique-final-du-g7-cornouailles\/","name":"R\u00e9action de ONE au communiqu\u00e9 final du G7 Cornouailles - ONE.org France","isPartOf":{"@id":"https:\/\/www.one.org\/fr\/#website"},"datePublished":"2021-06-13T11:46:49+00:00","breadcrumb":{"@id":"https:\/\/www.one.org\/fr\/press\/reaction-de-one-au-communique-final-du-g7-cornouailles\/#breadcrumb"},"inLanguage":"fr-FR","potentialAction":[{"@type":"ReadAction","target":["https:\/\/www.one.org\/fr\/press\/reaction-de-one-au-communique-final-du-g7-cornouailles\/"]}]},{"@type":"BreadcrumbList","@id":"https:\/\/www.one.org\/fr\/press\/reaction-de-one-au-communique-final-du-g7-cornouailles\/#breadcrumb","itemListElement":[{"@type":"ListItem","position":1,"name":"Home","item":"https:\/\/www.one.org\/fr\/"},{"@type":"ListItem","position":2,"name":"R\u00e9action de ONE au communiqu\u00e9 final du G7 Cornouailles"}]},{"@type":"WebSite","@id":"https:\/\/www.one.org\/fr\/#website","url":"https:\/\/www.one.org\/fr\/","name":"ONE.org","description":"Cr\u00e9er des opportunit\u00e9s \u00e9conomiques et am\u00e9liorer la sant\u00e9 en Afrique","potentialAction":[{"@type":"SearchAction","target":{"@type":"EntryPoint","urlTemplate":"https:\/\/www.one.org\/fr\/?s={search_term_string}"},"query-input":{"@type":"PropertyValueSpecification","valueRequired":true,"valueName":"search_term_string"}}],"inLanguage":"fr-FR"},{"@type":"Person","@id":"https:\/\/www.one.org\/fr\/#\/schema\/person\/80f9015287f26deb0186c1a1506c5b45","name":"Charlotte Grignard","image":{"@type":"ImageObject","inLanguage":"fr-FR","@id":"https:\/\/www.one.org\/fr\/#\/schema\/person\/image\/","url":"https:\/\/secure.gravatar.com\/avatar\/5502a1f95f0f52802983d25ece15bcbc13df70d815328935be70810a97028027?s=96&d=mm&r=g","contentUrl":"https:\/\/secure.gravatar.com\/avatar\/5502a1f95f0f52802983d25ece15bcbc13df70d815328935be70810a97028027?s=96&d=mm&r=g","caption":"Charlotte Grignard"},"url":"https:\/\/www.one.org\/fr\/actualites\/author\/charlottegrignard\/"}]}},"distributor_meta":false,"distributor_terms":false,"distributor_media":false,"distributor_original_site_name":"ONE.org France","distributor_original_site_url":"https:\/\/www.one.org\/fr","push-errors":false,"_links":{"self":[{"href":"https:\/\/www.one.org\/fr\/wp-json\/wp\/v2\/one_press\/154455","targetHints":{"allow":["GET"]}}],"collection":[{"href":"https:\/\/www.one.org\/fr\/wp-json\/wp\/v2\/one_press"}],"about":[{"href":"https:\/\/www.one.org\/fr\/wp-json\/wp\/v2\/types\/one_press"}],"author":[{"embeddable":true,"href":"https:\/\/www.one.org\/fr\/wp-json\/wp\/v2\/users\/23"}],"version-history":[{"count":0,"href":"https:\/\/www.one.org\/fr\/wp-json\/wp\/v2\/one_press\/154455\/revisions"}],"wp:attachment":[{"href":"https:\/\/www.one.org\/fr\/wp-json\/wp\/v2\/media?parent=154455"}],"wp:term":[{"taxonomy":"contributor","embeddable":true,"href":"https:\/\/www.one.org\/fr\/wp-json\/wp\/v2\/contributor?post=154455"}],"curies":[{"name":"wp","href":"https:\/\/api.w.org\/{rel}","templated":true}]}}