{"id":153246,"date":"2020-10-16T13:53:12","date_gmt":"2020-10-16T13:53:12","guid":{"rendered":"https:\/\/www.one.org\/fr\/?post_type=one_press&amp;p=153246"},"modified":"2020-10-16T13:53:12","modified_gmt":"2020-10-16T13:53:12","slug":"reaction-de-one-a-lassemblee-annuelle-de-la-banque-mondiale-stop-a-cette-politique-de-deux-poids-deux-mesures","status":"publish","type":"one_press","link":"https:\/\/www.one.org\/fr\/press\/reaction-de-one-a-lassemblee-annuelle-de-la-banque-mondiale-stop-a-cette-politique-de-deux-poids-deux-mesures\/","title":{"rendered":"R\u00e9action de ONE \u00e0 l&#8217;Assembl\u00e9e annuelle de la Banque mondiale: &#8220;Stop \u00e0 cette politique de deux poids, deux mesures&#8221;"},"content":{"rendered":"<p>Paris, le 16 octobre 2020 \u2013 ONE salue l&#8217;annonce faite aujourd&#8217;hui par la Banque mondiale d\u2019envisager un programme d&#8217;aide d&#8217;urgence suppl\u00e9mentaire COVID-19, mais alerte sur l\u2019absence d\u2019accord sur la suspension du service de la dette multilat\u00e9rale, pourtant indispensable pour \u00e9viter la crise \u00e9conomique majeure qui s\u2019amorce dans les pays les plus pauvres.<\/p>\n<p><strong>Najat Vallaud-Belkacem, directrice France de ONE, d\u00e9clare\u00a0<\/strong>: \u00ab\u00a0<em>Acc\u00e9l\u00e9rer les transferts de fonds vers les pays les plus pauvres est une approche indispensable pour r\u00e9duire l&#8217;impact collat\u00e9ral de la pand\u00e9mie dans des secteurs cl\u00e9s tels que la sant\u00e9 et l&#8217;\u00e9ducation, mais les pays les plus pauvres ont aussi un besoin urgent des liquidit\u00e9s que leur apporterait la suspension du service de la dette multilat\u00e9rale.<\/em> <em>En refusant de s\u2019accorder sur ce moratoire, la Banque mondiale choisi de priver les pays les plus pauvres d\u2019un outil indispensable pour tenter de stabiliser leurs \u00e9conomies en ces temps de crise.\u00a0\u00bb<\/em><\/p>\n<p>La r\u00e9union de la Banque mondiale fait suite \u00e0 l&#8217;annonce faite par le G20 en d\u00e9but de semaine de prolonger la suspension des remboursements du service de la dette bilat\u00e9rale jusqu&#8217;\u00e0 la fin juin 2021.<\/p>\n<p>Najat Vallaud-Belkacem continue\u00a0: \u00ab\u00a0<em>Les pays riches r\u00e9inventent les r\u00e8gles du jeu pour contrer le choc \u00e9conomique d\u00e9clench\u00e9 par la pand\u00e9mie chez eux. Pourquoi les anciennes r\u00e8gles devraient-elles toujours s\u2019appliquer aux pays pauvres, qui ont pourtant le plus besoin de cette nouvelle flexibilit\u00e9\u00a0? Il est grand temps d\u2019en finir avec cette politique de deux poids, deux mesures. \u00bb<\/em><\/p>\n<p><strong><u>Notes aux r\u00e9dactions<\/u><\/strong><\/p>\n<p>Au cours des 15 prochains mois, en raison de la lenteur des progr\u00e8s r\u00e9alis\u00e9s en mati\u00e8re de suspension du service de la dette, la derni\u00e8re analyse de ONE r\u00e9v\u00e8le que les pays les plus pauvres du monde devront verser un total de 42 milliards de dollars en paiements du service de la dette aux cr\u00e9anciers internationaux.<\/p>\n<ul>\n<li>7,96 milliards de dollars aux cr\u00e9anciers bilat\u00e9raux si la suspension du service de la dette bilat\u00e9rale n&#8217;est pas prolong\u00e9e jusqu&#8217;au second semestre 2021<\/li>\n<li>18,2 milliards de dollars aux banques multilat\u00e9rales, \u00e0 moins qu&#8217;elles ne signent un moratoire sur le service de la dette<\/li>\n<li>15,8 milliards de dollars \u00e0 des cr\u00e9anciers priv\u00e9s et non officiels qui n&#8217;ont pas encore soutenu un moratoire sur le service de la dette.<\/li>\n<\/ul>\n<p>&nbsp;<\/p>\n<div class=\"buffer\"><\/div>","protected":false},"excerpt":{"rendered":"<p>Paris, le 16 octobre 2020 \u2013 ONE salue l&#8217;annonce faite aujourd&#8217;hui par la Banque mondiale d\u2019envisager un programme d&#8217;aide d&#8217;urgence suppl\u00e9mentaire COVID-19, mais alerte sur l\u2019absence d\u2019accord sur la suspension du service de la dette multilat\u00e9rale, pourtant indispensable pour \u00e9viter la crise \u00e9conomique majeure qui s\u2019amorce dans les pays les plus pauvres. Najat Vallaud-Belkacem, directrice [&hellip;]<\/p>\n","protected":false},"author":23,"featured_media":0,"template":"","meta":{"_acf_changed":false,"_relevanssi_hide_post":"","_relevanssi_hide_content":"","_relevanssi_pin_for_all":"","_relevanssi_pin_keywords":"","_relevanssi_unpin_keywords":"","_relevanssi_related_keywords":"","_relevanssi_related_include_ids":"","_relevanssi_related_exclude_ids":"","_relevanssi_related_no_append":"","_relevanssi_related_not_related":"","_relevanssi_related_posts":"","_relevanssi_noindex_reason":"","footnotes":""},"contributor":[],"class_list":["post-153246","one_press","type-one_press","status-publish","hentry"],"acf":[],"yoast_head":"<!-- This site is optimized with the Yoast SEO Premium plugin v27.1 (Yoast SEO v27.1.1) - https:\/\/yoast.com\/product\/yoast-seo-premium-wordpress\/ -->\n<title>R\u00e9action de ONE \u00e0 l&#039;Assembl\u00e9e annuelle de la Banque mondiale: &quot;Stop \u00e0 cette politique de deux poids, deux mesures&quot; - ONE.org France<\/title>\n<meta name=\"robots\" content=\"index, follow, max-snippet:-1, max-image-preview:large, max-video-preview:-1\" \/>\n<link rel=\"canonical\" href=\"https:\/\/www.one.org\/fr\/press\/reaction-de-one-a-lassemblee-annuelle-de-la-banque-mondiale-stop-a-cette-politique-de-deux-poids-deux-mesures\/\" \/>\n<meta property=\"og:locale\" content=\"fr_FR\" \/>\n<meta property=\"og:type\" content=\"article\" \/>\n<meta property=\"og:title\" content=\"R\u00e9action de ONE \u00e0 l&#039;Assembl\u00e9e annuelle de la Banque mondiale\" \/>\n<meta property=\"og:description\" content=\"&quot;Il est grand temps d\u2019en finir avec cette politique de deux poids, deux mesures&quot;\" \/>\n<meta property=\"og:url\" content=\"https:\/\/www.one.org\/fr\/press\/reaction-de-one-a-lassemblee-annuelle-de-la-banque-mondiale-stop-a-cette-politique-de-deux-poids-deux-mesures\/\" \/>\n<meta property=\"og:site_name\" content=\"ONE.org France\" \/>\n<meta property=\"article:publisher\" content=\"https:\/\/www.facebook.com\/ONE.Fr\" \/>\n<meta property=\"og:image\" content=\"https:\/\/www.one.org\/fr\/wp-content\/uploads\/sites\/4\/2023\/09\/GA_share_1200x628-768x402-1.png\" \/>\n\t<meta property=\"og:image:width\" content=\"768\" \/>\n\t<meta property=\"og:image:height\" content=\"402\" \/>\n\t<meta property=\"og:image:type\" content=\"image\/png\" \/>\n<meta name=\"twitter:card\" content=\"summary_large_image\" \/>\n<meta name=\"twitter:title\" content=\"R\u00e9action de ONE \u00e0 l&#039;Assembl\u00e9e annuelle de la Banque mondiale: &quot;Stop \u00e0 cette politique de deux poids, deux mesures&quot;\" \/>\n<meta name=\"twitter:site\" content=\"@one_fr\" \/>\n<meta name=\"twitter:label1\" content=\"Est. reading time\" \/>\n\t<meta name=\"twitter:data1\" content=\"2 minutes\" \/>\n<script type=\"application\/ld+json\" class=\"yoast-schema-graph\">{\"@context\":\"https:\/\/schema.org\",\"@graph\":[{\"@type\":\"NewsArticle\",\"@id\":\"https:\/\/www.one.org\/fr\/press\/reaction-de-one-a-lassemblee-annuelle-de-la-banque-mondiale-stop-a-cette-politique-de-deux-poids-deux-mesures\/#article\",\"isPartOf\":{\"@id\":\"https:\/\/www.one.org\/fr\/press\/reaction-de-one-a-lassemblee-annuelle-de-la-banque-mondiale-stop-a-cette-politique-de-deux-poids-deux-mesures\/\"},\"author\":{\"name\":\"Charlotte Grignard\",\"@id\":\"https:\/\/www.one.org\/fr\/#\/schema\/person\/80f9015287f26deb0186c1a1506c5b45\"},\"headline\":\"R\u00e9action de ONE \u00e0 l&#8217;Assembl\u00e9e annuelle de la Banque mondiale: &#8220;Stop \u00e0 cette politique de deux poids, deux mesures&#8221;\",\"datePublished\":\"2020-10-16T13:53:12+00:00\",\"mainEntityOfPage\":{\"@id\":\"https:\/\/www.one.org\/fr\/press\/reaction-de-one-a-lassemblee-annuelle-de-la-banque-mondiale-stop-a-cette-politique-de-deux-poids-deux-mesures\/\"},\"wordCount\":426,\"inLanguage\":\"fr-FR\"},{\"@type\":\"WebPage\",\"@id\":\"https:\/\/www.one.org\/fr\/press\/reaction-de-one-a-lassemblee-annuelle-de-la-banque-mondiale-stop-a-cette-politique-de-deux-poids-deux-mesures\/\",\"url\":\"https:\/\/www.one.org\/fr\/press\/reaction-de-one-a-lassemblee-annuelle-de-la-banque-mondiale-stop-a-cette-politique-de-deux-poids-deux-mesures\/\",\"name\":\"R\u00e9action de ONE \u00e0 l'Assembl\u00e9e annuelle de la Banque mondiale: \\\"Stop \u00e0 cette politique de deux poids, deux mesures\\\" - ONE.org France\",\"isPartOf\":{\"@id\":\"https:\/\/www.one.org\/fr\/#website\"},\"datePublished\":\"2020-10-16T13:53:12+00:00\",\"breadcrumb\":{\"@id\":\"https:\/\/www.one.org\/fr\/press\/reaction-de-one-a-lassemblee-annuelle-de-la-banque-mondiale-stop-a-cette-politique-de-deux-poids-deux-mesures\/#breadcrumb\"},\"inLanguage\":\"fr-FR\",\"potentialAction\":[{\"@type\":\"ReadAction\",\"target\":[\"https:\/\/www.one.org\/fr\/press\/reaction-de-one-a-lassemblee-annuelle-de-la-banque-mondiale-stop-a-cette-politique-de-deux-poids-deux-mesures\/\"]}]},{\"@type\":\"BreadcrumbList\",\"@id\":\"https:\/\/www.one.org\/fr\/press\/reaction-de-one-a-lassemblee-annuelle-de-la-banque-mondiale-stop-a-cette-politique-de-deux-poids-deux-mesures\/#breadcrumb\",\"itemListElement\":[{\"@type\":\"ListItem\",\"position\":1,\"name\":\"Home\",\"item\":\"https:\/\/www.one.org\/fr\/\"},{\"@type\":\"ListItem\",\"position\":2,\"name\":\"R\u00e9action de ONE \u00e0 l&#8217;Assembl\u00e9e annuelle de la Banque mondiale: &#8220;Stop \u00e0 cette politique de deux poids, deux mesures&#8221;\"}]},{\"@type\":\"WebSite\",\"@id\":\"https:\/\/www.one.org\/fr\/#website\",\"url\":\"https:\/\/www.one.org\/fr\/\",\"name\":\"ONE.org\",\"description\":\"Cr\u00e9er des opportunit\u00e9s \u00e9conomiques et am\u00e9liorer la sant\u00e9 en Afrique\",\"potentialAction\":[{\"@type\":\"SearchAction\",\"target\":{\"@type\":\"EntryPoint\",\"urlTemplate\":\"https:\/\/www.one.org\/fr\/?s={search_term_string}\"},\"query-input\":{\"@type\":\"PropertyValueSpecification\",\"valueRequired\":true,\"valueName\":\"search_term_string\"}}],\"inLanguage\":\"fr-FR\"},{\"@type\":\"Person\",\"@id\":\"https:\/\/www.one.org\/fr\/#\/schema\/person\/80f9015287f26deb0186c1a1506c5b45\",\"name\":\"Charlotte Grignard\",\"image\":{\"@type\":\"ImageObject\",\"inLanguage\":\"fr-FR\",\"@id\":\"https:\/\/www.one.org\/fr\/#\/schema\/person\/image\/\",\"url\":\"https:\/\/secure.gravatar.com\/avatar\/5502a1f95f0f52802983d25ece15bcbc13df70d815328935be70810a97028027?s=96&d=mm&r=g\",\"contentUrl\":\"https:\/\/secure.gravatar.com\/avatar\/5502a1f95f0f52802983d25ece15bcbc13df70d815328935be70810a97028027?s=96&d=mm&r=g\",\"caption\":\"Charlotte Grignard\"},\"url\":\"https:\/\/www.one.org\/fr\/actualites\/author\/charlottegrignard\/\"}]}<\/script>\n<!-- \/ Yoast SEO Premium plugin. -->","yoast_head_json":{"title":"R\u00e9action de ONE \u00e0 l'Assembl\u00e9e annuelle de la Banque mondiale: \"Stop \u00e0 cette politique de deux poids, deux mesures\" - ONE.org France","robots":{"index":"index","follow":"follow","max-snippet":"max-snippet:-1","max-image-preview":"max-image-preview:large","max-video-preview":"max-video-preview:-1"},"canonical":"https:\/\/www.one.org\/fr\/press\/reaction-de-one-a-lassemblee-annuelle-de-la-banque-mondiale-stop-a-cette-politique-de-deux-poids-deux-mesures\/","og_locale":"fr_FR","og_type":"article","og_title":"R\u00e9action de ONE \u00e0 l'Assembl\u00e9e annuelle de la Banque mondiale","og_description":"\"Il est grand temps d\u2019en finir avec cette politique de deux poids, deux mesures\"","og_url":"https:\/\/www.one.org\/fr\/press\/reaction-de-one-a-lassemblee-annuelle-de-la-banque-mondiale-stop-a-cette-politique-de-deux-poids-deux-mesures\/","og_site_name":"ONE.org France","article_publisher":"https:\/\/www.facebook.com\/ONE.Fr","og_image":[{"width":768,"height":402,"url":"https:\/\/www.one.org\/fr\/wp-content\/uploads\/sites\/4\/2023\/09\/GA_share_1200x628-768x402-1.png","type":"image\/png"}],"twitter_card":"summary_large_image","twitter_title":"R\u00e9action de ONE \u00e0 l'Assembl\u00e9e annuelle de la Banque mondiale: \"Stop \u00e0 cette politique de deux poids, deux mesures\"","twitter_site":"@one_fr","twitter_misc":{"Est. reading time":"2 minutes"},"schema":{"@context":"https:\/\/schema.org","@graph":[{"@type":"NewsArticle","@id":"https:\/\/www.one.org\/fr\/press\/reaction-de-one-a-lassemblee-annuelle-de-la-banque-mondiale-stop-a-cette-politique-de-deux-poids-deux-mesures\/#article","isPartOf":{"@id":"https:\/\/www.one.org\/fr\/press\/reaction-de-one-a-lassemblee-annuelle-de-la-banque-mondiale-stop-a-cette-politique-de-deux-poids-deux-mesures\/"},"author":{"name":"Charlotte Grignard","@id":"https:\/\/www.one.org\/fr\/#\/schema\/person\/80f9015287f26deb0186c1a1506c5b45"},"headline":"R\u00e9action de ONE \u00e0 l&#8217;Assembl\u00e9e annuelle de la Banque mondiale: &#8220;Stop \u00e0 cette politique de deux poids, deux mesures&#8221;","datePublished":"2020-10-16T13:53:12+00:00","mainEntityOfPage":{"@id":"https:\/\/www.one.org\/fr\/press\/reaction-de-one-a-lassemblee-annuelle-de-la-banque-mondiale-stop-a-cette-politique-de-deux-poids-deux-mesures\/"},"wordCount":426,"inLanguage":"fr-FR"},{"@type":"WebPage","@id":"https:\/\/www.one.org\/fr\/press\/reaction-de-one-a-lassemblee-annuelle-de-la-banque-mondiale-stop-a-cette-politique-de-deux-poids-deux-mesures\/","url":"https:\/\/www.one.org\/fr\/press\/reaction-de-one-a-lassemblee-annuelle-de-la-banque-mondiale-stop-a-cette-politique-de-deux-poids-deux-mesures\/","name":"R\u00e9action de ONE \u00e0 l'Assembl\u00e9e annuelle de la Banque mondiale: \"Stop \u00e0 cette politique de deux poids, deux mesures\" - ONE.org France","isPartOf":{"@id":"https:\/\/www.one.org\/fr\/#website"},"datePublished":"2020-10-16T13:53:12+00:00","breadcrumb":{"@id":"https:\/\/www.one.org\/fr\/press\/reaction-de-one-a-lassemblee-annuelle-de-la-banque-mondiale-stop-a-cette-politique-de-deux-poids-deux-mesures\/#breadcrumb"},"inLanguage":"fr-FR","potentialAction":[{"@type":"ReadAction","target":["https:\/\/www.one.org\/fr\/press\/reaction-de-one-a-lassemblee-annuelle-de-la-banque-mondiale-stop-a-cette-politique-de-deux-poids-deux-mesures\/"]}]},{"@type":"BreadcrumbList","@id":"https:\/\/www.one.org\/fr\/press\/reaction-de-one-a-lassemblee-annuelle-de-la-banque-mondiale-stop-a-cette-politique-de-deux-poids-deux-mesures\/#breadcrumb","itemListElement":[{"@type":"ListItem","position":1,"name":"Home","item":"https:\/\/www.one.org\/fr\/"},{"@type":"ListItem","position":2,"name":"R\u00e9action de ONE \u00e0 l&#8217;Assembl\u00e9e annuelle de la Banque mondiale: &#8220;Stop \u00e0 cette politique de deux poids, deux mesures&#8221;"}]},{"@type":"WebSite","@id":"https:\/\/www.one.org\/fr\/#website","url":"https:\/\/www.one.org\/fr\/","name":"ONE.org","description":"Cr\u00e9er des opportunit\u00e9s \u00e9conomiques et am\u00e9liorer la sant\u00e9 en Afrique","potentialAction":[{"@type":"SearchAction","target":{"@type":"EntryPoint","urlTemplate":"https:\/\/www.one.org\/fr\/?s={search_term_string}"},"query-input":{"@type":"PropertyValueSpecification","valueRequired":true,"valueName":"search_term_string"}}],"inLanguage":"fr-FR"},{"@type":"Person","@id":"https:\/\/www.one.org\/fr\/#\/schema\/person\/80f9015287f26deb0186c1a1506c5b45","name":"Charlotte Grignard","image":{"@type":"ImageObject","inLanguage":"fr-FR","@id":"https:\/\/www.one.org\/fr\/#\/schema\/person\/image\/","url":"https:\/\/secure.gravatar.com\/avatar\/5502a1f95f0f52802983d25ece15bcbc13df70d815328935be70810a97028027?s=96&d=mm&r=g","contentUrl":"https:\/\/secure.gravatar.com\/avatar\/5502a1f95f0f52802983d25ece15bcbc13df70d815328935be70810a97028027?s=96&d=mm&r=g","caption":"Charlotte Grignard"},"url":"https:\/\/www.one.org\/fr\/actualites\/author\/charlottegrignard\/"}]}},"distributor_meta":false,"distributor_terms":false,"distributor_media":false,"distributor_original_site_name":"ONE.org France","distributor_original_site_url":"https:\/\/www.one.org\/fr","push-errors":false,"_links":{"self":[{"href":"https:\/\/www.one.org\/fr\/wp-json\/wp\/v2\/one_press\/153246","targetHints":{"allow":["GET"]}}],"collection":[{"href":"https:\/\/www.one.org\/fr\/wp-json\/wp\/v2\/one_press"}],"about":[{"href":"https:\/\/www.one.org\/fr\/wp-json\/wp\/v2\/types\/one_press"}],"author":[{"embeddable":true,"href":"https:\/\/www.one.org\/fr\/wp-json\/wp\/v2\/users\/23"}],"version-history":[{"count":0,"href":"https:\/\/www.one.org\/fr\/wp-json\/wp\/v2\/one_press\/153246\/revisions"}],"wp:attachment":[{"href":"https:\/\/www.one.org\/fr\/wp-json\/wp\/v2\/media?parent=153246"}],"wp:term":[{"taxonomy":"contributor","embeddable":true,"href":"https:\/\/www.one.org\/fr\/wp-json\/wp\/v2\/contributor?post=153246"}],"curies":[{"name":"wp","href":"https:\/\/api.w.org\/{rel}","templated":true}]}}