{"id":173589,"date":"2026-03-11T10:24:00","date_gmt":"2026-03-11T10:24:00","guid":{"rendered":"https:\/\/www.one.org\/de\/?p=173589"},"modified":"2026-03-11T10:27:29","modified_gmt":"2026-03-11T10:27:29","slug":"weltfrauentag-2026-5-konkrete-aktionen-fuer-frauenrechte-weltweit","status":"publish","type":"post","link":"https:\/\/www.one.org\/de\/neuigkeiten\/weltfrauentag-2026-5-konkrete-aktionen-fuer-frauenrechte-weltweit\/","title":{"rendered":"Weltfrauentag 2026: 5 konkrete Aktionen f\u00fcr Frauenrechte weltweit"},"content":{"rendered":"\n<h3 class=\"wp-block-heading\" id=\"h-der-weltfrauentag-erinnert-daran-dass-rechte-und-chancen-zwischen-den-geschlechtern-ungleich-verteilt-sind-frauen-werden-noch-immer-in-vielen-bereichen-gesellschaftlich-und-politisch-benachteiligt-hier-erfahrst-du-mehr-zur-diskriminierung-von-frauen-weltweit-wie-du-dich-konkret-fur-frauenrechte-einsetzen-kannst-und-welche-erfolge-die-feministische-bewegung-schon-erreicht-hat\">Der Weltfrauentag erinnert daran, dass Rechte und Chancen zwischen den Geschlechtern ungleich verteilt sind. Frauen* werden noch immer in vielen Bereichen gesellschaftlich und politisch benachteiligt. Hier erf\u00e4hrst du mehr zur Diskriminierung von Frauen*weltweit, wie du dich konkret f\u00fcr Frauenrechte einsetzen kannst und welche Erfolge die feministische Bewegung schon erreicht hat.<\/h3>\n\n\n\n<h2 class=\"wp-block-heading\" id=\"h-warum-der-weltfrauentag-2026-so-wichtig-ist\">Warum der Weltfrauentag 2026 so wichtig ist<\/h2>\n\n\n\n<p>Die UN hat \u201eGeschlechtergerechtigkeit\u201c als eines ihrer nachhaltigen Entwicklungsziele festgelegt. Dazu geh\u00f6rt auch, dass Frauen*<a href=\"\/\/0AF8737E-98F7-487F-97A0-B48358604BE8#_ftn1\"><sup>[1]<\/sup><\/a>&nbsp;vor Gericht die gleichen Rechte zur Verf\u00fcgung stehen wie allen Menschen. Allerdings fehlen laut&nbsp;<a href=\"https:\/\/www.unwomen.org\/sites\/default\/files\/2023-09\/progress-on-the-sustainable-development-goals-the-gender-snapshot-2023-en.pdf\">UN-Bericht<\/a>(2023) in 67 von 120 untersuchten L\u00e4ndern Gesetze, die die direkte oder indirekte Diskriminierung von Frauen* verbieten. Au\u00dferdem z\u00e4hlt die H\u00e4lfte dieser L\u00e4nder Sex ohne freiwillige Einwilligung rechtlich nicht als Vergewaltigung.<\/p>\n\n\n\n<p>Damit die Perspektive von Frauen* Geh\u00f6r findet, m\u00fcssen diese auch politisch repr\u00e4sentiert werden. Der Frauenanteil im deutschen Parlament lag nach der Wahl 2025 bei 32 Prozent und ist damit im Vergleich zur letzten Wahl leicht gesunken. Im weltweiten Vergleich liegt Deutschland auf Platz 45 von 185, was den Frauenanteil in nationalen Parlamenten anbelangt. Gleichzeitig sind Frauen* auch in h\u00f6heren Positionen in Wirtschaft und an Universit\u00e4ten unterrepr\u00e4sentiert \u2013 obwohl sie im Bildungsbereich besser abschneiden als M\u00e4nner.<a href=\"\/\/0AF8737E-98F7-487F-97A0-B48358604BE8#_ftn2\"><sup>[2]<\/sup><\/a><\/p>\n\n\n\n<figure class=\"wp-block-image size-large\"><img loading=\"lazy\" decoding=\"async\" width=\"1024\" height=\"536\" src=\"https:\/\/www.one.org\/de\/wp-content\/uploads\/sites\/3\/2026\/03\/2-1024x536.png\" alt=\"Frauen* stehen zusammen im Kampf f\u00fcr Frauenrechte\" class=\"wp-image-173595\" srcset=\"https:\/\/www.one.org\/de\/wp-content\/uploads\/sites\/3\/2026\/03\/2-1024x536.png 1024w, https:\/\/www.one.org\/de\/wp-content\/uploads\/sites\/3\/2026\/03\/2-300x157.png 300w, https:\/\/www.one.org\/de\/wp-content\/uploads\/sites\/3\/2026\/03\/2-768x402.png 768w, https:\/\/www.one.org\/de\/wp-content\/uploads\/sites\/3\/2026\/03\/2-16x8.png 16w, https:\/\/www.one.org\/de\/wp-content\/uploads\/sites\/3\/2026\/03\/2-320x167.png 320w, https:\/\/www.one.org\/de\/wp-content\/uploads\/sites\/3\/2026\/03\/2-640x335.png 640w, https:\/\/www.one.org\/de\/wp-content\/uploads\/sites\/3\/2026\/03\/2-800x419.png 800w, https:\/\/www.one.org\/de\/wp-content\/uploads\/sites\/3\/2026\/03\/2.png 1200w\" sizes=\"auto, (max-width: 1024px) 100vw, 1024px\" \/><figcaption class=\"wp-element-caption\">Der Kampf f\u00fcr die Gleichberechtigung von Frauen* ist auch 2026 noch nicht abgeschlossen, Quelle: TrueCreatives, Canva.<\/figcaption><\/figure>\n\n\n\n<h2 class=\"wp-block-heading\" id=\"h-ungleicher-zugang-zu-gesundheit-fur-frauen-und-madchen\">Ungleicher Zugang zu Gesundheit f\u00fcr Frauen* und M\u00e4dchen<\/h2>\n\n\n\n<p>Die Wahrscheinlichkeit f\u00fcr afrikanische M\u00e4dchen und junge Frauen sich mit HIV anzustecken ist doppelt so hoch im Vergleich zu ihren m\u00e4nnlichen Altersgenossen. Gleichzeitig sind Krankheiten, die im Zusammenhang mit AIDS stehen einer der f\u00fchrenden Gr\u00fcnde, f\u00fcr den Tod von Frauen* und M\u00e4dchen im Alter von 15 bis 44 Jahren. Das berichtet eine&nbsp;<a href=\"https:\/\/au.int\/sites\/default\/files\/documents\/41625-doc-AU_GENDER_EQUALITY_WOMENS_EMPOWERMENT_AND_HIV_IN_AFRICA_FULL_REPORT_ENGLISH_FINAL.pdf\">Studie<\/a>&nbsp;der Afrikanischen Union in Zusammenarbeit mit UN Women. Die Gr\u00fcnde f\u00fcr die h\u00f6here Betroffenheit von Frauen* und M\u00e4dchen in Afrika liegen in der strukturellen Ungleichheit. Zum einen erleben sie h\u00e4ufiger geschlechtsspezifische Gewalt und sind so einem h\u00f6heren Ansteckungsrisiko ausgesetzt. Zum anderen haben sie einen schlechteren Zugang zu HIV-Tests und Gesundheitsversorgung.&nbsp;<\/p>\n\n\n\n<figure class=\"wp-block-image size-large\"><img loading=\"lazy\" decoding=\"async\" width=\"1024\" height=\"536\" src=\"https:\/\/www.one.org\/de\/wp-content\/uploads\/sites\/3\/2026\/03\/1-1024x536.png\" alt=\"Die Weltkugel in einem Stethoskop zeigt, dass die Gesundheitsversorgung weltweit ungleich verteilt ist\" class=\"wp-image-173594\" srcset=\"https:\/\/www.one.org\/de\/wp-content\/uploads\/sites\/3\/2026\/03\/1-1024x536.png 1024w, https:\/\/www.one.org\/de\/wp-content\/uploads\/sites\/3\/2026\/03\/1-300x157.png 300w, https:\/\/www.one.org\/de\/wp-content\/uploads\/sites\/3\/2026\/03\/1-768x402.png 768w, https:\/\/www.one.org\/de\/wp-content\/uploads\/sites\/3\/2026\/03\/1-16x8.png 16w, https:\/\/www.one.org\/de\/wp-content\/uploads\/sites\/3\/2026\/03\/1-320x167.png 320w, https:\/\/www.one.org\/de\/wp-content\/uploads\/sites\/3\/2026\/03\/1-640x335.png 640w, https:\/\/www.one.org\/de\/wp-content\/uploads\/sites\/3\/2026\/03\/1-800x419.png 800w, https:\/\/www.one.org\/de\/wp-content\/uploads\/sites\/3\/2026\/03\/1.png 1200w\" sizes=\"auto, (max-width: 1024px) 100vw, 1024px\" \/><figcaption class=\"wp-element-caption\">Der Zugang zu Gesundheitsversorgung ist zwischen den Geschlechtern und weltweit ungleich verteilt, Quelle: brightstars, Getty Images.<\/figcaption><\/figure>\n\n\n\n<p>Zudem ist laut der Hilfsorganisation&nbsp;<a href=\"https:\/\/www.sos-kinderdoerfer.de\/informieren\/wo-wir-helfen\/afrika\/aids-in-afrika#:~:text=Extreme%20Armut%20ist%20nicht%20nur,die%20kostenlose%20Abgabe%20von%20Medikamenten.\">SOS-Kinderd\u00f6rfer<\/a>&nbsp;extreme Armut einer der Hauptgr\u00fcnde f\u00fcr eine hohe HIV-Infektionsrate. Die H\u00e4lfte der Menschen, die weltweit unter extremer Armut leben, befinden sich in Afrika s\u00fcdlich der Sahara. Daher sind Pr\u00e4ventionsprogramme und kostenlose Medikamente dort besonders wichtig.<\/p>\n\n\n\n<h2 class=\"wp-block-heading\" id=\"h-weltfrauentag-oder-feministischer-kampftag\">Weltfrauentag oder feministischer Kampftag?<\/h2>\n\n\n\n<p>Die Beispiele zeigen, dass die Chancen auf Gesundheit nicht nur zwischen den Geschlechtern, sondern auch global ungleich verteilt sind. Viele pl\u00e4dieren angesichts der bestehenden Ungerechtigkeiten und der Diskriminierung von Frauen* deshalb daf\u00fcr, den Begriff feministischen Kampftag zu nutzen. Dieser betont, dass Frauen* und ihre Verb\u00fcndeten noch immer f\u00fcr Frauenrechte k\u00e4mpfen m\u00fcssen. Au\u00dferdem schlie\u00dft der Begriff auch andere Geschlechter mit ein und ist so inklusiver. Doch es gibt auch noch andere Gr\u00fcnde, die f\u00fcr den Begriff des feministischen Kampftages sprechen,&nbsp;<a href=\"https:\/\/www.one.org\/de\/neuigkeiten\/feministischer-kampftag\/\">hier erfahrt ihr mehr.<\/a><\/p>\n\n\n\n<figure class=\"wp-block-image size-large\"><img loading=\"lazy\" decoding=\"async\" width=\"1024\" height=\"536\" src=\"https:\/\/www.one.org\/de\/wp-content\/uploads\/sites\/3\/2026\/03\/4-1024x536.png\" alt=\"Eine Demonstration von Frauen* in Mexiko f\u00fcr feministische Anliegen\" class=\"wp-image-173597\" srcset=\"https:\/\/www.one.org\/de\/wp-content\/uploads\/sites\/3\/2026\/03\/4-1024x536.png 1024w, https:\/\/www.one.org\/de\/wp-content\/uploads\/sites\/3\/2026\/03\/4-300x157.png 300w, https:\/\/www.one.org\/de\/wp-content\/uploads\/sites\/3\/2026\/03\/4-768x402.png 768w, https:\/\/www.one.org\/de\/wp-content\/uploads\/sites\/3\/2026\/03\/4-16x8.png 16w, https:\/\/www.one.org\/de\/wp-content\/uploads\/sites\/3\/2026\/03\/4-320x167.png 320w, https:\/\/www.one.org\/de\/wp-content\/uploads\/sites\/3\/2026\/03\/4-640x335.png 640w, https:\/\/www.one.org\/de\/wp-content\/uploads\/sites\/3\/2026\/03\/4-800x419.png 800w, https:\/\/www.one.org\/de\/wp-content\/uploads\/sites\/3\/2026\/03\/4.png 1200w\" sizes=\"auto, (max-width: 1024px) 100vw, 1024px\" \/><figcaption class=\"wp-element-caption\">Frauen* demonstrieren in Mexiko, Quelle: Pexels.<\/figcaption><\/figure>\n\n\n\n<h2 class=\"wp-block-heading\" id=\"h-das-motto-des-weltfrauentags-rechte-gerechtigkeit-aktion-fur-alle-frauen-und-madchen-nbsp\">Das Motto des Weltfrauentags: Rechte. Gerechtigkeit. Aktion. F\u00fcr ALLE Frauen und M\u00e4dchen&nbsp;<\/h2>\n\n\n\n<p>Viele Organisationen, wie beispielsweise UN Women \u2013 die Organisation der UN, die sich auf Frauenrechte fokussiert \u2013 halten an dem Begriff des Weltfrauentages oder internationalen Frauentages fest. Dieser besteht bereits seit \u00fcber 100 Jahren. Die&nbsp;<a href=\"https:\/\/www.unwomen.org\/en\/news-stories\/announcement\/2026\/01\/international-womens-day-2026-rights-justice-action-for-all-women-and-girls\">UN Women<\/a>&nbsp;zelebriert den Tag 2026 unter dem Motto: Rights. Justice. Action. For ALL Women and Girls (zu Deutsch: Rechte. Gerechtigkeit. Aktion. F\u00fcr ALLE Frauen und M\u00e4dchen). Noch immer haben Frauen* weltweit nur 64 Prozent der Rechte, die M\u00e4nner haben. Neben legaler Diskriminierung, sind Frauen* auch von sozialen Normen betroffen, die ihre Rechte und Freiheiten einschr\u00e4nken. Mit ihrem Motto fordert die UN dazu auf, Ma\u00dfnahmen zu ergreifen, um strukturelle Hindernisse f\u00fcr Gendergerechtigkeit abzubauen. Dazu z\u00e4hlen diskriminierende Gesetze, schwache rechtliche Schutzma\u00dfnahmen sowie soziale Normen, die Frauenrechte untergraben.<\/p>\n\n\n\n<figure class=\"wp-block-image size-large\"><img loading=\"lazy\" decoding=\"async\" width=\"1024\" height=\"536\" src=\"https:\/\/www.one.org\/de\/wp-content\/uploads\/sites\/3\/2026\/03\/3-1024x536.png\" alt=\"Feminismus ist f\u00fcr alle - ein Sticker an einer S\u00e4ule.\" class=\"wp-image-173598\" srcset=\"https:\/\/www.one.org\/de\/wp-content\/uploads\/sites\/3\/2026\/03\/3-1024x536.png 1024w, https:\/\/www.one.org\/de\/wp-content\/uploads\/sites\/3\/2026\/03\/3-300x157.png 300w, https:\/\/www.one.org\/de\/wp-content\/uploads\/sites\/3\/2026\/03\/3-768x402.png 768w, https:\/\/www.one.org\/de\/wp-content\/uploads\/sites\/3\/2026\/03\/3-16x8.png 16w, https:\/\/www.one.org\/de\/wp-content\/uploads\/sites\/3\/2026\/03\/3-320x167.png 320w, https:\/\/www.one.org\/de\/wp-content\/uploads\/sites\/3\/2026\/03\/3-640x335.png 640w, https:\/\/www.one.org\/de\/wp-content\/uploads\/sites\/3\/2026\/03\/3-800x419.png 800w, https:\/\/www.one.org\/de\/wp-content\/uploads\/sites\/3\/2026\/03\/3.png 1200w\" sizes=\"auto, (max-width: 1024px) 100vw, 1024px\" \/><figcaption class=\"wp-element-caption\">Feminismus ist f\u00fcr alle, Quelle: Pexels.<\/figcaption><\/figure>\n\n\n\n<h2 class=\"wp-block-heading\" id=\"h-1-nbsp-nbsp-nbsp-nbsp-nbsp-nbsp-das-kannst-du-tun-informiere-dich-zur-situation-von-frauenrechten-weltweit\">1.&nbsp;&nbsp;&nbsp;&nbsp;&nbsp;&nbsp;Das kannst du tun: Informiere dich zur Situation von Frauenrechten weltweit<\/h2>\n\n\n\n<p>Wer bis hier hin gelesen hat, hat diesen ersten Schritt zum Teil schon erf\u00fcllt. Damit sich die Situation von Frauenrechten verbessern kann, muss man zuerst den aktuellen Stand verstehen. Dabei ist wichtig zu bedenken, dass Geschlecht nur eine Kategorie ist, entlang der Diskriminierung ausge\u00fcbt wird. Andere sind zum Beispiel Klasse, Sexualit\u00e4t und Race.&nbsp;<\/p>\n\n\n\n<p>Zudem ist es wichtig den lokalen Kontext mitzudenken. So sind Frauen* im Sudan einem konterrevolution\u00e4ren Krieg ausgesetzt und mit anderen Gefahren konfrontiert als Frauen in Nicht-Kriegsgebieten.&nbsp;<a href=\"https:\/\/www.one.org\/de\/neuigkeiten\/sudan-interview\/\">Hier kannst du dich weiter zur Situation der Menschen im Sudan informieren.<\/a><\/p>\n\n\n\n<h2 class=\"wp-block-heading\" id=\"h-2-nbsp-nbsp-nbsp-nbsp-nbsp-nbsp-das-kannst-du-tun-verstehe-deine-eigene-position-in-der-gesellschaft\">2.&nbsp;&nbsp;&nbsp;&nbsp;&nbsp;&nbsp;Das kannst du tun: Verstehe deine eigene Position in der Gesellschaft<\/h2>\n\n\n\n<p>Wenn du in Deutschland aufgewachsen bist, hast du Zugang zu einem besseren Gesundheitssystem als in vielen anderen Teilen der Welt. Gleichzeitig gibt es auch hier H\u00fcrden im Zugang zur Gesundheitsversorgung, die oft von der sozio-\u00f6konomischen Position abh\u00e4ngen. Im Sudan sind rund 80 Prozent der Krankenh\u00e4user aufgrund in den vom Krieg betroffenen Regionen nicht mehr in Betrieb. Das hat zum Wiederanstieg von t\u00f6dlichen Krankheiten und Unterern\u00e4hrung in weiten Teilen der Bev\u00f6lkerung gef\u00fchrt, so&nbsp;<a href=\"https:\/\/www.one.org\/de\/neuigkeiten\/gesundheitsleistungen-im-sudan\/\">der Globale Fonds zur Bek\u00e4mpfung von Aids, Tuberkulose und Malaria<\/a>.<\/p>\n\n\n\n<p>Wenn du in Deutschland nach dem 2. Weltkrieg geboren bist, hast du hier keinen Krieg erlebt. Damit hast du eine bessere Ausgangssituation, was den Zugang zu Gesundheit und Bildung anbelangt im Vergleich zu L\u00e4ndern, in denen diese Strukturen von Krieg bedroht sind. Aber auch in Deutschland sind die Chancen, zum Beispiel auf einen Bildungsabschluss ungleich verteilt. \u00dcberlege, welche Vorteile dir deine gesellschaftliche Position verschafft hat und welchen Einfluss sozio-politische Faktoren wie Geschlecht oder Klasse auf deinen bisherigen Lebensweg hatten. Seine eigene Position zu verstehen, hilft dabei \u00fcber die eigenen Handlungsm\u00f6glichkeiten nachzudenken. Davon ausgehend kann man sich f\u00fcr die Rechte benachteiligter Gruppen stark machen.&nbsp;<\/p>\n\n\n\n<h2 class=\"wp-block-heading\" id=\"h-3-nbsp-nbsp-nbsp-nbsp-nbsp-nbsp-nutze-deine-stimme-sprich-uber-frauenrechte-und-feministische-anliegen\">3.&nbsp;&nbsp;&nbsp;&nbsp;&nbsp;&nbsp;Nutze deine Stimme: Sprich \u00fcber Frauenrechte und feministische Anliegen<\/h2>\n\n\n\n<p>Teile dein Wissen oder deine Fragen zur Lage der Frauenrechte mit deinem Umfeld und lernt gemeinsam weiter. Deine Stimme hat auch politisch Gewicht, zum Beispiel durch Petitionen, das Teilen eines informativen Posts oder indem du eine Mail an eine Entscheidungstr\u00e4ger*in schickst.&nbsp;<a href=\"https:\/\/www.one.org\/de\/engagier-dich\/werde-aktiv\/\">Hier findest du aktuelle Petitionen zu unterschiedlichen Themen der globalen Gerechtigkeit<\/a>, denen du mit deiner Stimme mehr politische Relevanz verleihen kannst.&nbsp;<\/p>\n\n\n\n<h2 class=\"wp-block-heading\" id=\"h-4-engagiere-und-organisiere-dich-feministisch\">4.\u00a0\u00a0\u00a0\u00a0\u00a0\u00a0Engagiere und organisiere dich feministisch\u00a0<\/h2>\n\n\n\n<p>Gemeinsam k\u00f6nnen wir mehr erreichen. Deshalb schlie\u00df dich bereits bestehenden Gruppen an, die sich f\u00fcr feministische Anliegen einsetzen. \u00dcberall gibt es verschiedene zivilgesellschaftliche Gruppen, die sich f\u00fcr mehr Gerechtigkeit engagieren. Auch bei ONE gibt es verschiedene M\u00f6glichkeiten, sich ehrenamtlich zu engagieren: Zum Beispiel als&nbsp;<a href=\"https:\/\/act.one.org\/survey\/de-one-ehrenamt\/\">Jugendbotschafter*in<\/a>, wenn du zwischen 18 und 29 Jahren alt bist. Die ONE-Jugendbotschafter*innen setzen sich daf\u00fcr ein, die Erfolge der Entwicklungszusammenarbeit bekannter zu machen und fordern von der Politik mehr entwicklungspolitisches Engagement ein. Wenn du \u00e4lter als 30 Jahre bist, kannst du dich f\u00fcr diese Themen auch als&nbsp;<a href=\"https:\/\/act.one.org\/survey\/de-one-ehrenamt\/\">Regionalbotschafter*in<\/a>&nbsp;engagieren.&nbsp;<\/p>\n\n\n\n<h2 class=\"wp-block-heading\" id=\"h-5-nbsp-nbsp-nbsp-nbsp-nbsp-nbsp-bleibe-hoffnungsvoll-feministische-erfolge-machen-mut\">5.&nbsp;&nbsp;&nbsp;&nbsp;&nbsp;&nbsp;Bleibe hoffnungsvoll: Feministische Erfolge machen Mut<\/h2>\n\n\n\n<p>Die feministische Bewegung hat schon einiges erreicht: Seit 1997 ist Vergewaltigung in der Ehe in Deutschland strafbar. Seit 1999 ist Gender-Mainstreaming auf der Agenda. Das bedeutet, dass Geschlecht bei verschiedenen Entscheidungsebenen ber\u00fccksichtigt wird.<a href=\"\/\/0AF8737E-98F7-487F-97A0-B48358604BE8#_ftn3\"><sup>[3]<\/sup><\/a>&nbsp;Das ist auch in der feministischen Entwicklungspolitik der Fall \u2013 alle Ma\u00dfnahmen werden darauf gepr\u00fcft, ob sie Machtverh\u00e4ltnisse fair gestalten.&nbsp;<a href=\"https:\/\/www.one.org\/de\/neuigkeiten\/feministische-entwicklungspolitik\/\">Hier erf\u00e4hrst du mehr dazu.&nbsp;<\/a>&nbsp;<\/p>\n\n\n\n<h3 class=\"wp-block-heading\" id=\"h-wenn-du-informiert-bleiben-mochtest-kannst-du-hier-kostenlos-ones-presseschau-zu-entwicklungspolitischen-themen-abonnieren\"><a href=\"https:\/\/www.one.org\/de\/ueber-one\/pressebereich\/top-themen\/\">Wenn du informiert bleiben m\u00f6chtest, kannst du hier kostenlos ONEs Presseschau zu entwicklungspolitischen Themen abonnieren.<\/a><\/h3>\n\n\n\n<h3 class=\"wp-block-heading\" id=\"h-nbsp\">&nbsp;<\/h3>\n\n\n\n<hr class=\"wp-block-separator has-alpha-channel-opacity\" \/>\n\n\n\n<p><a href=\"\/\/0AF8737E-98F7-487F-97A0-B48358604BE8#_ftnref1\"><sup>[1]<\/sup><\/a>&nbsp;Im Folgenden wird die Schreibweise Frauen* genutzt, um darauf aufmerksam zu machen, dass nicht nur Frauen struktureller diskriminiert werden, sondern auch andere Geschlechter, die nicht cis-m\u00e4nnlich sind.&nbsp;&nbsp;<\/p>\n\n\n\n<p><a href=\"\/\/0AF8737E-98F7-487F-97A0-B48358604BE8#_ftnref2\"><sup>[2]<\/sup><\/a>&nbsp;https:\/\/www.bpb.de\/kurz-knapp\/hintergrund-aktuell\/560091\/weltfrauentag-und-geschlechterungleichheit\/<\/p>\n\n\n\n<p><a href=\"\/\/0AF8737E-98F7-487F-97A0-B48358604BE8#_ftnref3\"><sup>[3]<\/sup><\/a>&nbsp;https:\/\/www.boell.de\/de\/2018\/07\/03\/von-welle-zu-welle<\/p>\n<div class=\"buffer\"><\/div>","protected":false},"excerpt":{"rendered":"<p>Der Weltfrauentag erinnert daran, dass Rechte und Chancen zwischen den Geschlechtern ungleich verteilt sind. Frauen* werden noch immer in vielen Bereichen gesellschaftlich und politisch benachteiligt. Hier erf\u00e4hrst du mehr zur Diskriminierung von Frauen*weltweit, wie du dich konkret f\u00fcr Frauenrechte einsetzen kannst und welche Erfolge die feministische Bewegung schon erreicht hat. Warum der Weltfrauentag 2026 so [&hellip;]<\/p>\n","protected":false},"author":72,"featured_media":167860,"comment_status":"closed","ping_status":"closed","sticky":false,"template":"","format":"standard","meta":{"_acf_changed":false,"_relevanssi_hide_post":"","_relevanssi_hide_content":"","_relevanssi_pin_for_all":"","_relevanssi_pin_keywords":"","_relevanssi_unpin_keywords":"","_relevanssi_related_keywords":"","_relevanssi_related_include_ids":"","_relevanssi_related_exclude_ids":"","_relevanssi_related_no_append":"","_relevanssi_related_not_related":"","_relevanssi_related_posts":"167216,172086,172104,167721,167212,167698","_relevanssi_noindex_reason":"","footnotes":""},"categories":[1],"tags":[295],"topic":[44,42],"contributor":[299],"one_content_audience":[],"one_content_type":[],"one_content_tone":[],"class_list":["post-173589","post","type-post","status-publish","format-standard","has-post-thumbnail","hentry","category-uncategorized","tag-feminismus","topic-madchen-und-frauen","topic-gesundheit","contributor-marie-blickensdoerfer"],"acf":[],"yoast_head":"<!-- This site is optimized with the Yoast SEO Premium plugin v27.1 (Yoast SEO v27.1.1) - https:\/\/yoast.com\/product\/yoast-seo-premium-wordpress\/ -->\n<title>Weltfrauentag 2026: 5 konkrete Aktionen f\u00fcr Frauenrechte weltweit - ONE.org Deutschland<\/title>\n<meta name=\"description\" content=\"Zum Weltfrauentag 2026 erf\u00e4hrst du, wie es um Frauenrechte steht, welche feministischen Erfolge es gibt und wie du selbst aktiv werden kannst\" \/>\n<meta name=\"robots\" content=\"index, follow, max-snippet:-1, max-image-preview:large, max-video-preview:-1\" \/>\n<link rel=\"canonical\" href=\"https:\/\/www.one.org\/de\/neuigkeiten\/weltfrauentag-2026-5-konkrete-aktionen-fuer-frauenrechte-weltweit\/\" \/>\n<meta property=\"og:locale\" content=\"de_DE\" \/>\n<meta property=\"og:type\" content=\"article\" \/>\n<meta property=\"og:title\" content=\"Weltfrauentag 2026: 5 konkrete Aktionen f\u00fcr Frauenrechte weltweit\" \/>\n<meta property=\"og:description\" content=\"Zum Weltfrauentag 2026 erf\u00e4hrst du, wie es um Frauenrechte steht, welche feministischen Erfolge es gibt und wie du selbst aktiv werden kannst\" \/>\n<meta property=\"og:url\" content=\"https:\/\/www.one.org\/de\/neuigkeiten\/weltfrauentag-2026-5-konkrete-aktionen-fuer-frauenrechte-weltweit\/\" \/>\n<meta property=\"og:site_name\" content=\"ONE.org Deutschland\" \/>\n<meta property=\"article:publisher\" content=\"https:\/\/www.facebook.com\/ONEinNederland\" \/>\n<meta property=\"article:published_time\" content=\"2026-03-11T10:24:00+00:00\" \/>\n<meta property=\"article:modified_time\" content=\"2026-03-11T10:27:29+00:00\" \/>\n<meta property=\"og:image\" content=\"https:\/\/www.one.org\/de\/wp-content\/uploads\/sites\/3\/2023\/03\/Feminism_ODA_2023_question2_scales_1200x800_de_v1.jpg\" \/>\n\t<meta property=\"og:image:width\" content=\"1200\" \/>\n\t<meta property=\"og:image:height\" content=\"800\" \/>\n\t<meta property=\"og:image:type\" content=\"image\/jpeg\" \/>\n<meta name=\"author\" content=\"marieblickensdoerfer\" \/>\n<meta name=\"twitter:card\" content=\"summary_large_image\" \/>\n<meta name=\"twitter:creator\" content=\"@ONENederland\" \/>\n<meta name=\"twitter:site\" content=\"@ONENederland\" \/>\n<meta name=\"twitter:label1\" content=\"Written by\" \/>\n\t<meta name=\"twitter:data1\" content=\"marieblickensdoerfer\" \/>\n\t<meta name=\"twitter:label2\" content=\"Est. reading time\" \/>\n\t<meta name=\"twitter:data2\" content=\"7 minutes\" \/>\n<script type=\"application\/ld+json\" class=\"yoast-schema-graph\">{\"@context\":\"https:\/\/schema.org\",\"@graph\":[{\"@type\":[\"Article\",\"BlogPosting\"],\"@id\":\"https:\/\/www.one.org\/de\/neuigkeiten\/weltfrauentag-2026-5-konkrete-aktionen-fuer-frauenrechte-weltweit\/#article\",\"isPartOf\":{\"@id\":\"https:\/\/www.one.org\/de\/neuigkeiten\/weltfrauentag-2026-5-konkrete-aktionen-fuer-frauenrechte-weltweit\/\"},\"author\":{\"name\":\"marieblickensdoerfer\",\"@id\":\"https:\/\/www.one.org\/de\/#\/schema\/person\/ccd53cb774206c56b1cd7bb193d95317\"},\"headline\":\"Weltfrauentag 2026: 5 konkrete Aktionen f\u00fcr Frauenrechte weltweit\",\"datePublished\":\"2026-03-11T10:24:00+00:00\",\"dateModified\":\"2026-03-11T10:27:29+00:00\",\"mainEntityOfPage\":{\"@id\":\"https:\/\/www.one.org\/de\/neuigkeiten\/weltfrauentag-2026-5-konkrete-aktionen-fuer-frauenrechte-weltweit\/\"},\"wordCount\":1326,\"image\":{\"@id\":\"https:\/\/www.one.org\/de\/neuigkeiten\/weltfrauentag-2026-5-konkrete-aktionen-fuer-frauenrechte-weltweit\/#primaryimage\"},\"thumbnailUrl\":\"https:\/\/www.one.org\/de\/wp-content\/uploads\/sites\/3\/2023\/03\/Feminism_ODA_2023_question2_scales_1200x800_de_v1.jpg\",\"keywords\":[\"Feminismus\"],\"inLanguage\":\"de-DE\"},{\"@type\":\"WebPage\",\"@id\":\"https:\/\/www.one.org\/de\/neuigkeiten\/weltfrauentag-2026-5-konkrete-aktionen-fuer-frauenrechte-weltweit\/\",\"url\":\"https:\/\/www.one.org\/de\/neuigkeiten\/weltfrauentag-2026-5-konkrete-aktionen-fuer-frauenrechte-weltweit\/\",\"name\":\"Weltfrauentag 2026: 5 konkrete Aktionen f\u00fcr Frauenrechte weltweit - ONE.org Deutschland\",\"isPartOf\":{\"@id\":\"https:\/\/www.one.org\/de\/#website\"},\"primaryImageOfPage\":{\"@id\":\"https:\/\/www.one.org\/de\/neuigkeiten\/weltfrauentag-2026-5-konkrete-aktionen-fuer-frauenrechte-weltweit\/#primaryimage\"},\"image\":{\"@id\":\"https:\/\/www.one.org\/de\/neuigkeiten\/weltfrauentag-2026-5-konkrete-aktionen-fuer-frauenrechte-weltweit\/#primaryimage\"},\"thumbnailUrl\":\"https:\/\/www.one.org\/de\/wp-content\/uploads\/sites\/3\/2023\/03\/Feminism_ODA_2023_question2_scales_1200x800_de_v1.jpg\",\"datePublished\":\"2026-03-11T10:24:00+00:00\",\"dateModified\":\"2026-03-11T10:27:29+00:00\",\"author\":{\"@id\":\"https:\/\/www.one.org\/de\/#\/schema\/person\/ccd53cb774206c56b1cd7bb193d95317\"},\"description\":\"Zum Weltfrauentag 2026 erf\u00e4hrst du, wie es um Frauenrechte steht, welche feministischen Erfolge es gibt und wie du selbst aktiv werden kannst\",\"breadcrumb\":{\"@id\":\"https:\/\/www.one.org\/de\/neuigkeiten\/weltfrauentag-2026-5-konkrete-aktionen-fuer-frauenrechte-weltweit\/#breadcrumb\"},\"inLanguage\":\"de-DE\",\"potentialAction\":[{\"@type\":\"ReadAction\",\"target\":[\"https:\/\/www.one.org\/de\/neuigkeiten\/weltfrauentag-2026-5-konkrete-aktionen-fuer-frauenrechte-weltweit\/\"]}]},{\"@type\":\"ImageObject\",\"inLanguage\":\"de-DE\",\"@id\":\"https:\/\/www.one.org\/de\/neuigkeiten\/weltfrauentag-2026-5-konkrete-aktionen-fuer-frauenrechte-weltweit\/#primaryimage\",\"url\":\"https:\/\/www.one.org\/de\/wp-content\/uploads\/sites\/3\/2023\/03\/Feminism_ODA_2023_question2_scales_1200x800_de_v1.jpg\",\"contentUrl\":\"https:\/\/www.one.org\/de\/wp-content\/uploads\/sites\/3\/2023\/03\/Feminism_ODA_2023_question2_scales_1200x800_de_v1.jpg\",\"width\":1200,\"height\":800},{\"@type\":\"BreadcrumbList\",\"@id\":\"https:\/\/www.one.org\/de\/neuigkeiten\/weltfrauentag-2026-5-konkrete-aktionen-fuer-frauenrechte-weltweit\/#breadcrumb\",\"itemListElement\":[{\"@type\":\"ListItem\",\"position\":1,\"name\":\"Home\",\"item\":\"https:\/\/www.one.org\/de\/\"},{\"@type\":\"ListItem\",\"position\":2,\"name\":\"Weltfrauentag 2026: 5 konkrete Aktionen f\u00fcr Frauenrechte weltweit\"}]},{\"@type\":\"WebSite\",\"@id\":\"https:\/\/www.one.org\/de\/#website\",\"url\":\"https:\/\/www.one.org\/de\/\",\"name\":\"ONE.org\",\"description\":\"F\u00fcr mehr wirtschaftliche Chancen und ein starkes Gesundheitswesen in Afrika\",\"potentialAction\":[{\"@type\":\"SearchAction\",\"target\":{\"@type\":\"EntryPoint\",\"urlTemplate\":\"https:\/\/www.one.org\/de\/?s={search_term_string}\"},\"query-input\":{\"@type\":\"PropertyValueSpecification\",\"valueRequired\":true,\"valueName\":\"search_term_string\"}}],\"inLanguage\":\"de-DE\"},{\"@type\":\"Person\",\"@id\":\"https:\/\/www.one.org\/de\/#\/schema\/person\/ccd53cb774206c56b1cd7bb193d95317\",\"name\":\"marieblickensdoerfer\",\"image\":{\"@type\":\"ImageObject\",\"inLanguage\":\"de-DE\",\"@id\":\"https:\/\/www.one.org\/de\/#\/schema\/person\/image\/\",\"url\":\"https:\/\/secure.gravatar.com\/avatar\/b04701c59b5ca1becdf1d421aabda15247f2380af20ebe3823b1ed1f56dc67fb?s=96&d=mm&r=g\",\"contentUrl\":\"https:\/\/secure.gravatar.com\/avatar\/b04701c59b5ca1becdf1d421aabda15247f2380af20ebe3823b1ed1f56dc67fb?s=96&d=mm&r=g\",\"caption\":\"marieblickensdoerfer\"},\"description\":\"Marie Blickensd\u00f6rfer arbeitet selbstst\u00e4ndig f\u00fcr ONE und schreibt meist Artikel zu Entwicklungsthemen und Subsahara Afrika.\",\"url\":\"https:\/\/www.one.org\/de\/neuigkeiten\/author\/marieblickensdoerfer\/\"}]}<\/script>\n<!-- \/ Yoast SEO Premium plugin. -->","yoast_head_json":{"title":"Weltfrauentag 2026: 5 konkrete Aktionen f\u00fcr Frauenrechte weltweit - ONE.org Deutschland","description":"Zum Weltfrauentag 2026 erf\u00e4hrst du, wie es um Frauenrechte steht, welche feministischen Erfolge es gibt und wie du selbst aktiv werden kannst","robots":{"index":"index","follow":"follow","max-snippet":"max-snippet:-1","max-image-preview":"max-image-preview:large","max-video-preview":"max-video-preview:-1"},"canonical":"https:\/\/www.one.org\/de\/neuigkeiten\/weltfrauentag-2026-5-konkrete-aktionen-fuer-frauenrechte-weltweit\/","og_locale":"de_DE","og_type":"article","og_title":"Weltfrauentag 2026: 5 konkrete Aktionen f\u00fcr Frauenrechte weltweit","og_description":"Zum Weltfrauentag 2026 erf\u00e4hrst du, wie es um Frauenrechte steht, welche feministischen Erfolge es gibt und wie du selbst aktiv werden kannst","og_url":"https:\/\/www.one.org\/de\/neuigkeiten\/weltfrauentag-2026-5-konkrete-aktionen-fuer-frauenrechte-weltweit\/","og_site_name":"ONE.org Deutschland","article_publisher":"https:\/\/www.facebook.com\/ONEinNederland","article_published_time":"2026-03-11T10:24:00+00:00","article_modified_time":"2026-03-11T10:27:29+00:00","og_image":[{"width":1200,"height":800,"url":"https:\/\/www.one.org\/de\/wp-content\/uploads\/sites\/3\/2023\/03\/Feminism_ODA_2023_question2_scales_1200x800_de_v1.jpg","type":"image\/jpeg"}],"author":"marieblickensdoerfer","twitter_card":"summary_large_image","twitter_creator":"@ONENederland","twitter_site":"@ONENederland","twitter_misc":{"Written by":"marieblickensdoerfer","Est. reading time":"7 minutes"},"schema":{"@context":"https:\/\/schema.org","@graph":[{"@type":["Article","BlogPosting"],"@id":"https:\/\/www.one.org\/de\/neuigkeiten\/weltfrauentag-2026-5-konkrete-aktionen-fuer-frauenrechte-weltweit\/#article","isPartOf":{"@id":"https:\/\/www.one.org\/de\/neuigkeiten\/weltfrauentag-2026-5-konkrete-aktionen-fuer-frauenrechte-weltweit\/"},"author":{"name":"marieblickensdoerfer","@id":"https:\/\/www.one.org\/de\/#\/schema\/person\/ccd53cb774206c56b1cd7bb193d95317"},"headline":"Weltfrauentag 2026: 5 konkrete Aktionen f\u00fcr Frauenrechte weltweit","datePublished":"2026-03-11T10:24:00+00:00","dateModified":"2026-03-11T10:27:29+00:00","mainEntityOfPage":{"@id":"https:\/\/www.one.org\/de\/neuigkeiten\/weltfrauentag-2026-5-konkrete-aktionen-fuer-frauenrechte-weltweit\/"},"wordCount":1326,"image":{"@id":"https:\/\/www.one.org\/de\/neuigkeiten\/weltfrauentag-2026-5-konkrete-aktionen-fuer-frauenrechte-weltweit\/#primaryimage"},"thumbnailUrl":"https:\/\/www.one.org\/de\/wp-content\/uploads\/sites\/3\/2023\/03\/Feminism_ODA_2023_question2_scales_1200x800_de_v1.jpg","keywords":["Feminismus"],"inLanguage":"de-DE"},{"@type":"WebPage","@id":"https:\/\/www.one.org\/de\/neuigkeiten\/weltfrauentag-2026-5-konkrete-aktionen-fuer-frauenrechte-weltweit\/","url":"https:\/\/www.one.org\/de\/neuigkeiten\/weltfrauentag-2026-5-konkrete-aktionen-fuer-frauenrechte-weltweit\/","name":"Weltfrauentag 2026: 5 konkrete Aktionen f\u00fcr Frauenrechte weltweit - ONE.org Deutschland","isPartOf":{"@id":"https:\/\/www.one.org\/de\/#website"},"primaryImageOfPage":{"@id":"https:\/\/www.one.org\/de\/neuigkeiten\/weltfrauentag-2026-5-konkrete-aktionen-fuer-frauenrechte-weltweit\/#primaryimage"},"image":{"@id":"https:\/\/www.one.org\/de\/neuigkeiten\/weltfrauentag-2026-5-konkrete-aktionen-fuer-frauenrechte-weltweit\/#primaryimage"},"thumbnailUrl":"https:\/\/www.one.org\/de\/wp-content\/uploads\/sites\/3\/2023\/03\/Feminism_ODA_2023_question2_scales_1200x800_de_v1.jpg","datePublished":"2026-03-11T10:24:00+00:00","dateModified":"2026-03-11T10:27:29+00:00","author":{"@id":"https:\/\/www.one.org\/de\/#\/schema\/person\/ccd53cb774206c56b1cd7bb193d95317"},"description":"Zum Weltfrauentag 2026 erf\u00e4hrst du, wie es um Frauenrechte steht, welche feministischen Erfolge es gibt und wie du selbst aktiv werden kannst","breadcrumb":{"@id":"https:\/\/www.one.org\/de\/neuigkeiten\/weltfrauentag-2026-5-konkrete-aktionen-fuer-frauenrechte-weltweit\/#breadcrumb"},"inLanguage":"de-DE","potentialAction":[{"@type":"ReadAction","target":["https:\/\/www.one.org\/de\/neuigkeiten\/weltfrauentag-2026-5-konkrete-aktionen-fuer-frauenrechte-weltweit\/"]}]},{"@type":"ImageObject","inLanguage":"de-DE","@id":"https:\/\/www.one.org\/de\/neuigkeiten\/weltfrauentag-2026-5-konkrete-aktionen-fuer-frauenrechte-weltweit\/#primaryimage","url":"https:\/\/www.one.org\/de\/wp-content\/uploads\/sites\/3\/2023\/03\/Feminism_ODA_2023_question2_scales_1200x800_de_v1.jpg","contentUrl":"https:\/\/www.one.org\/de\/wp-content\/uploads\/sites\/3\/2023\/03\/Feminism_ODA_2023_question2_scales_1200x800_de_v1.jpg","width":1200,"height":800},{"@type":"BreadcrumbList","@id":"https:\/\/www.one.org\/de\/neuigkeiten\/weltfrauentag-2026-5-konkrete-aktionen-fuer-frauenrechte-weltweit\/#breadcrumb","itemListElement":[{"@type":"ListItem","position":1,"name":"Home","item":"https:\/\/www.one.org\/de\/"},{"@type":"ListItem","position":2,"name":"Weltfrauentag 2026: 5 konkrete Aktionen f\u00fcr Frauenrechte weltweit"}]},{"@type":"WebSite","@id":"https:\/\/www.one.org\/de\/#website","url":"https:\/\/www.one.org\/de\/","name":"ONE.org","description":"F\u00fcr mehr wirtschaftliche Chancen und ein starkes Gesundheitswesen in Afrika","potentialAction":[{"@type":"SearchAction","target":{"@type":"EntryPoint","urlTemplate":"https:\/\/www.one.org\/de\/?s={search_term_string}"},"query-input":{"@type":"PropertyValueSpecification","valueRequired":true,"valueName":"search_term_string"}}],"inLanguage":"de-DE"},{"@type":"Person","@id":"https:\/\/www.one.org\/de\/#\/schema\/person\/ccd53cb774206c56b1cd7bb193d95317","name":"marieblickensdoerfer","image":{"@type":"ImageObject","inLanguage":"de-DE","@id":"https:\/\/www.one.org\/de\/#\/schema\/person\/image\/","url":"https:\/\/secure.gravatar.com\/avatar\/b04701c59b5ca1becdf1d421aabda15247f2380af20ebe3823b1ed1f56dc67fb?s=96&d=mm&r=g","contentUrl":"https:\/\/secure.gravatar.com\/avatar\/b04701c59b5ca1becdf1d421aabda15247f2380af20ebe3823b1ed1f56dc67fb?s=96&d=mm&r=g","caption":"marieblickensdoerfer"},"description":"Marie Blickensd\u00f6rfer arbeitet selbstst\u00e4ndig f\u00fcr ONE und schreibt meist Artikel zu Entwicklungsthemen und Subsahara Afrika.","url":"https:\/\/www.one.org\/de\/neuigkeiten\/author\/marieblickensdoerfer\/"}]}},"distributor_meta":false,"distributor_terms":false,"distributor_media":false,"distributor_original_site_name":"ONE.org Deutschland","distributor_original_site_url":"https:\/\/www.one.org\/de","push-errors":false,"_links":{"self":[{"href":"https:\/\/www.one.org\/de\/wp-json\/wp\/v2\/posts\/173589","targetHints":{"allow":["GET"]}}],"collection":[{"href":"https:\/\/www.one.org\/de\/wp-json\/wp\/v2\/posts"}],"about":[{"href":"https:\/\/www.one.org\/de\/wp-json\/wp\/v2\/types\/post"}],"author":[{"embeddable":true,"href":"https:\/\/www.one.org\/de\/wp-json\/wp\/v2\/users\/72"}],"replies":[{"embeddable":true,"href":"https:\/\/www.one.org\/de\/wp-json\/wp\/v2\/comments?post=173589"}],"version-history":[{"count":0,"href":"https:\/\/www.one.org\/de\/wp-json\/wp\/v2\/posts\/173589\/revisions"}],"wp:featuredmedia":[{"embeddable":true,"href":"https:\/\/www.one.org\/de\/wp-json\/wp\/v2\/media\/167860"}],"wp:attachment":[{"href":"https:\/\/www.one.org\/de\/wp-json\/wp\/v2\/media?parent=173589"}],"wp:term":[{"taxonomy":"category","embeddable":true,"href":"https:\/\/www.one.org\/de\/wp-json\/wp\/v2\/categories?post=173589"},{"taxonomy":"post_tag","embeddable":true,"href":"https:\/\/www.one.org\/de\/wp-json\/wp\/v2\/tags?post=173589"},{"taxonomy":"topic","embeddable":true,"href":"https:\/\/www.one.org\/de\/wp-json\/wp\/v2\/topic?post=173589"},{"taxonomy":"contributor","embeddable":true,"href":"https:\/\/www.one.org\/de\/wp-json\/wp\/v2\/contributor?post=173589"},{"taxonomy":"one_content_audience","embeddable":true,"href":"https:\/\/www.one.org\/de\/wp-json\/wp\/v2\/one_content_audience?post=173589"},{"taxonomy":"one_content_type","embeddable":true,"href":"https:\/\/www.one.org\/de\/wp-json\/wp\/v2\/one_content_type?post=173589"},{"taxonomy":"one_content_tone","embeddable":true,"href":"https:\/\/www.one.org\/de\/wp-json\/wp\/v2\/one_content_tone?post=173589"}],"curies":[{"name":"wp","href":"https:\/\/api.w.org\/{rel}","templated":true}]}}