{"id":173009,"date":"2025-10-21T13:37:36","date_gmt":"2025-10-21T13:37:36","guid":{"rendered":"https:\/\/www.one.org\/de\/?p=173009"},"modified":"2025-10-21T13:37:38","modified_gmt":"2025-10-21T13:37:38","slug":"was-passiert-in-madagaskar","status":"publish","type":"post","link":"https:\/\/www.one.org\/de\/neuigkeiten\/was-passiert-in-madagaskar\/","title":{"rendered":"Was passiert in Madagaskar?"},"content":{"rendered":"\n<p>In Antananarivo, der Hauptstadt Madagaskars, <a href=\"https:\/\/www.theguardian.com\/world\/2025\/oct\/17\/gen-z-victory-young-protesters-toppled-madagascar-leader\">weht auf den D\u00e4chern eine ungew\u00f6hnliche Flagge<\/a>: ein Totenkopf auf schwarzem Grund, inspiriert von der <strong>Jolly Roger<\/strong> aus dem Manga <em>One Piece<\/em>. Doch der Strohhut wurde durch den pink-gr\u00fcnen <strong>Satroka-Bucket-Hut<\/strong> der Besileo ersetzt \u2013 ein Symbol der jungen Protestbewegung, die das Land seit September 2025 ver\u00e4ndert.<\/p>\n\n\n\n<p>Was mit Frust \u00fcber Stromausf\u00e4lle begann, <a href=\"https:\/\/www.zdfheute.de\/politik\/ausland\/madagaskar-proteste-generation-z-100.html\">ist zur m\u00e4chtigen Bewegung geworden<\/a>. Tausende Menschen \u2013 viele aus der <strong>Generation Z<\/strong> \u2013 demonstrieren gegen Armut, Korruption und politische Stillst\u00e4nde. <\/p>\n\n\n\n<figure class=\"wp-block-image size-large\"><img loading=\"lazy\" decoding=\"async\" width=\"1024\" height=\"536\" src=\"https:\/\/www.one.org\/de\/wp-content\/uploads\/sites\/3\/2025\/10\/2-1-1024x536.png\" alt=\"\" class=\"wp-image-173012\" srcset=\"https:\/\/www.one.org\/de\/wp-content\/uploads\/sites\/3\/2025\/10\/2-1-1024x536.png 1024w, https:\/\/www.one.org\/de\/wp-content\/uploads\/sites\/3\/2025\/10\/2-1-300x157.png 300w, https:\/\/www.one.org\/de\/wp-content\/uploads\/sites\/3\/2025\/10\/2-1-768x402.png 768w, https:\/\/www.one.org\/de\/wp-content\/uploads\/sites\/3\/2025\/10\/2-1-16x8.png 16w, https:\/\/www.one.org\/de\/wp-content\/uploads\/sites\/3\/2025\/10\/2-1-320x167.png 320w, https:\/\/www.one.org\/de\/wp-content\/uploads\/sites\/3\/2025\/10\/2-1-640x335.png 640w, https:\/\/www.one.org\/de\/wp-content\/uploads\/sites\/3\/2025\/10\/2-1-800x419.png 800w, https:\/\/www.one.org\/de\/wp-content\/uploads\/sites\/3\/2025\/10\/2-1.png 1200w\" sizes=\"auto, (max-width: 1024px) 100vw, 1024px\" \/><figcaption class=\"wp-element-caption\">Proteste in Unterst\u00fctzung mit den Demonstrationen in Madagaskar. Foto: Pexels<\/figcaption><\/figure>\n\n\n\n<h3 class=\"wp-block-heading\" id=\"h-das-land\">Das Land<\/h3>\n\n\n\n<p>Madagaskar ist eine Inselgruppe vor der Ostk\u00fcste Afrikas, ber\u00fchmt f\u00fcr seine rote Erde, Vanilleplantagen, Trauminseln wie <strong>Nosy Be<\/strong> und Tierarten, die es nirgendwo anders gibt. Doch hinter den Postkartenmotiven steckt ein Land, das zu den \u00e4rmsten der Welt z\u00e4hlt: Laut Weltbank <a href=\"https:\/\/data.worldbank.org\/indicator\/NY.GDP.PCAP.CD?most_recent_value_desc=false&amp;locations=MG\">leben drei Viertel der Bev\u00f6lkerung<\/a> unterhalb der Armutsgrenze.<\/p>\n\n\n\n<p>Seit Jahren pr\u00e4gen soziale Ungleichheit, Arbeitslosigkeit und politische Krisen den Alltag der rund 30 Millionen Menschen. Jetzt <a href=\"https:\/\/www.spiegel.de\/ausland\/madagaskar-gen-z-treibt-praesident-andry-rajoelina-in-die-flucht-a-6fdaf434-ef87-4760-8541-94baf5d1f9c9\">Ex-Pr\u00e4sident <strong>Andry Rajoelina<\/strong>, einst Hoffnungstr\u00e4ger,<\/a> regiert seit 2009. Inzwischen steht er f\u00fcr viele junge Madagass*innen f\u00fcr Vetternwirtschaft und Selbstbereicherung \u2013 ein Pr\u00e4sident, der <a href=\"https:\/\/www.derstandard.de\/story\/3100000292197\/madagaskars-gen-z-und-die-angst-vor-der-gestohlenen-revolution\">lieber eine Seilbahn baut<\/a> als Stromleitungen zu reparieren.<\/p>\n\n\n\n<figure class=\"wp-block-image size-large\"><img loading=\"lazy\" decoding=\"async\" width=\"1024\" height=\"536\" src=\"https:\/\/www.one.org\/de\/wp-content\/uploads\/sites\/3\/2025\/10\/1-1-1024x536.png\" alt=\"\" class=\"wp-image-173011\" srcset=\"https:\/\/www.one.org\/de\/wp-content\/uploads\/sites\/3\/2025\/10\/1-1-1024x536.png 1024w, https:\/\/www.one.org\/de\/wp-content\/uploads\/sites\/3\/2025\/10\/1-1-300x157.png 300w, https:\/\/www.one.org\/de\/wp-content\/uploads\/sites\/3\/2025\/10\/1-1-768x402.png 768w, https:\/\/www.one.org\/de\/wp-content\/uploads\/sites\/3\/2025\/10\/1-1-16x8.png 16w, https:\/\/www.one.org\/de\/wp-content\/uploads\/sites\/3\/2025\/10\/1-1-320x167.png 320w, https:\/\/www.one.org\/de\/wp-content\/uploads\/sites\/3\/2025\/10\/1-1-640x335.png 640w, https:\/\/www.one.org\/de\/wp-content\/uploads\/sites\/3\/2025\/10\/1-1-800x419.png 800w, https:\/\/www.one.org\/de\/wp-content\/uploads\/sites\/3\/2025\/10\/1-1.png 1200w\" sizes=\"auto, (max-width: 1024px) 100vw, 1024px\" \/><figcaption class=\"wp-element-caption\">Die Hauptstadt Antananarivo. Foto: Pixabay<\/figcaption><\/figure>\n\n\n\n<h3 class=\"wp-block-heading\" id=\"h-ausloser-der-gen-z-proteste\">Ausl\u00f6ser der Gen-Z-Proteste<\/h3>\n\n\n\n<p>Als im September 2025 in <strong>Antananarivo<\/strong> erneut tagelang Wasser und Strom ausfielen, <a href=\"https:\/\/taz.de\/Proteste-in-Madagaskar\/!6112805\/\">gingen Zivilist*innen auf die Stra\u00dfe<\/a>. Polizei und Milit\u00e4r reagierten mit Gewalt, es kam zu Pl\u00fcnderungen, mindestens 22 Menschen starben. Statt die Wut zu d\u00e4mpfen, entlie\u00df Rajoelina einige Minister.<\/p>\n\n\n\n<p>W\u00e4hrend der Pr\u00e4sident in New York an der UN-Generalversammlung teilnahm, brannten in der Hauptstadt Reifen und Barrikaden. Sicherheitskr\u00e4fte setzten Tr\u00e4nengas und Gummigeschosse ein, Demonstrierende z\u00fcndeten H\u00e4user von Regierungsmitgliedern an. In den sozialen Netzwerken formierte sich der Widerstand: Die Facebook-Seite <strong>\u201eGen Z Madagascar\u201c<\/strong> sammelte binnen Tagen zehntausende Follower*innen. Von dort <a href=\"https:\/\/www.sueddeutsche.de\/projekte\/artikel\/politik\/proteste-marokko-madagaskar-gen-z-nepal-discord-one-piece-e206292\/?reduced=true\">wechselte die Organisation auf <strong>Discord<\/strong> und <strong>Signal<\/strong><\/a> um sich zu organisieren.<\/p>\n\n\n\n<h3 class=\"wp-block-heading\" id=\"h-der-wendepunkt\">Der Wendepunkt<\/h3>\n\n\n\n<p>Am 11. Oktober 2025 <a href=\"https:\/\/www.dw.com\/de\/madagaskar-pr%C3%A4sident-rajoelina-spricht-von-putschversuch\/a-74323771?maca=de-PMG-1985-xml-pmg\">schloss sich eine Milit\u00e4reinheit namens <strong>CAPSAT<\/strong> den Demonstrierenden an<\/a>. Zwei Tage sp\u00e4ter erkl\u00e4rte sie, alle milit\u00e4rischen Kr\u00e4fte im Land zu kontrollieren. Pr\u00e4sident Rajoelina floh, das Milit\u00e4r \u00fcbernahm offiziell die Macht.<\/p>\n\n\n\n<p>Das oberste Gericht <a href=\"https:\/\/www.dw.com\/de\/milit%C3%A4r-oberst-randrianirina-an-der-macht-in-madagaskar-generation-z-gen-z-andy-rajoelina-v2\/a-74364785\">\u00fcbertrug dem Milit\u00e4r eine \u00dcbergangsverwaltung<\/a>. Alle staatlichen Institutionen wurden aufgel\u00f6st \u2013 au\u00dfer der Nationalversammlung, deren Abgeordnete Rajoelina bereits ihr Misstrauen ausgesprochen hatten. Der neue \u00dcbergangspr\u00e4sident hei\u00dft <strong>Oberst Michael Randrianirina<\/strong>. Innerhalb von zwei Jahren sollen neue zivil gef\u00fchrte Strukturen aufgebaut werden.<\/p>\n\n\n\n<h3 class=\"wp-block-heading\" id=\"h-internationale-reaktionen\">Internationale Reaktionen<\/h3>\n\n\n\n<p>Die Afrikanische Union hat Madagaskar <a href=\"https:\/\/www.deutschlandfunk.de\/afrikanische-union-suspendiert-madagaskar-106.html\">nach dem Putsch suspendiert<\/a>, die V<a href=\"https:\/\/apnews.com\/article\/madagascar-coup-military-united-nations-gutteres-abce17c49a90412b3f21d78824bb2d2e\">ereinten Nationen \u00e4u\u00dferten Besorgnis<\/a>. Frankreichs Pr\u00e4sident <a href=\"https:\/\/taz.de\/Madagaskars-Praesident-geflohen\/!6116606\/\">Macron verurteilte den Umsturz<\/a>, das deutsche Au\u00dfenministerium fordert von allen Akteur*innen, <a href=\"https:\/\/www.auswaertiges-amt.de\/de\/newsroom\/regierungspressekonferenz-2739840\">demokratischen Prinzipien zu folgen<\/a>.<\/p>\n\n\n\n<p>Auf den Stra\u00dfen von Antananarivo herrscht Aufbruchsstimmung. Die Protestierenden wollen mit der \u00dcbergangsregierung \u00fcber Reformen sprechen \u2013 \u00fcber faire Wahlen, Transparenz und bessere Lebensbedingungen f\u00fcr alle <strong>Menschen<\/strong> im Land. <a href=\"https:\/\/www.bbc.com\/news\/articles\/cgkzm7prngzo\">Erste Stolpersteine gab es schon<\/a>: die Ernennung des neuen Premierministers Herintsalama Rajaonarivelo war nicht abgesprochen und die Wahl intransparent.<\/p>\n\n\n\n<p>Madagaskar ist nun Teil einer Reihe afrikanischer Staaten unter fr\u00fcherer franz\u00f6sischer Kolonialmacht \u2013 von Mali \u00fcber Niger bis Gabun \u2013 in denen das <a href=\"https:\/\/www.dw.com\/de\/milit%C3%A4r-oberst-randrianirina-an-der-macht-in-madagaskar-generation-z-gen-z-andy-rajoelina-v2\/a-74364785?maca=de-PMG-1985-xml-pmg\">Milit\u00e4r in den letzten Jahren die Macht \u00fcbernommen hat<\/a>. Doch diesmal kommt der Wandel von unten: aus Chats, aus dem digitalen Aufbegehren einer Generation, die ihre Zukunft nicht l\u00e4nger verschieben will.<\/p>\n\n\n\n<h3 class=\"wp-block-heading\" id=\"h-du-mochtest-uber-die-situation-in-madagaska-auf-dem-laufenden-bleiben-dann-abonniere-unsere-kostenlose-presseschau-ones-top-themen\"><strong>Du m\u00f6chtest \u00fcber die Situation in Madagaska auf dem Laufenden bleiben? Dann abonniere unsere\u00a0<a href=\"https:\/\/www.one.org\/de\/ueber-one\/pressebereich\/top-themen\/\">kostenlose Presseschau \u201eONEs Top-Themen\u201d<\/a>!<\/strong><\/h3>\n<div class=\"buffer\"><\/div>","protected":false},"excerpt":{"rendered":"<p>In Madagaskar haben Menschen gegen Strom- und Wasserknappheit und Korruption protestiert.<\/p>\n","protected":false},"author":22,"featured_media":173013,"comment_status":"closed","ping_status":"closed","sticky":false,"template":"","format":"standard","meta":{"_acf_changed":false,"_relevanssi_hide_post":"","_relevanssi_hide_content":"","_relevanssi_pin_for_all":"","_relevanssi_pin_keywords":"","_relevanssi_unpin_keywords":"","_relevanssi_related_keywords":"","_relevanssi_related_include_ids":"","_relevanssi_related_exclude_ids":"","_relevanssi_related_no_append":"","_relevanssi_related_not_related":"","_relevanssi_related_posts":"167335,167747,172109,167652,167632,167716","_relevanssi_noindex_reason":"","footnotes":""},"categories":[170,1],"tags":[318,321,322],"topic":[],"contributor":[],"one_content_audience":[],"one_content_type":[],"one_content_tone":[],"class_list":["post-173009","post","type-post","status-publish","format-standard","has-post-thumbnail","hentry","category-aktuelles","category-uncategorized","tag-aktuelles","tag-gen-z-proteste","tag-madagaskar"],"acf":[],"yoast_head":"<!-- This site is optimized with the Yoast SEO Premium plugin v27.1 (Yoast SEO v27.1.1) - https:\/\/yoast.com\/product\/yoast-seo-premium-wordpress\/ -->\n<title>Was passiert in Madagaskar? - ONE.org Deutschland<\/title>\n<meta name=\"description\" content=\"Seit September 2025 gibt es in Madagaskar Gen-Z-Proteste gegen Armut, Korruption und die Regierung.\" \/>\n<meta name=\"robots\" content=\"index, follow, max-snippet:-1, max-image-preview:large, max-video-preview:-1\" \/>\n<link rel=\"canonical\" href=\"https:\/\/www.one.org\/de\/neuigkeiten\/was-passiert-in-madagaskar\/\" \/>\n<meta property=\"og:locale\" content=\"de_DE\" \/>\n<meta property=\"og:type\" content=\"article\" \/>\n<meta property=\"og:title\" content=\"Was passiert in Madagaskar?\" \/>\n<meta property=\"og:description\" content=\"Seit September 2025 gibt es in Madagaskar Gen-Z-Proteste gegen Armut, Korruption und die Regierung.\" \/>\n<meta property=\"og:url\" content=\"https:\/\/www.one.org\/de\/neuigkeiten\/was-passiert-in-madagaskar\/\" \/>\n<meta property=\"og:site_name\" content=\"ONE.org Deutschland\" \/>\n<meta property=\"article:publisher\" content=\"https:\/\/www.facebook.com\/ONEinNederland\" \/>\n<meta property=\"article:published_time\" content=\"2025-10-21T13:37:36+00:00\" \/>\n<meta property=\"article:modified_time\" content=\"2025-10-21T13:37:38+00:00\" \/>\n<meta property=\"og:image\" content=\"https:\/\/www.one.org\/de\/wp-content\/uploads\/sites\/3\/2025\/10\/3.png\" \/>\n\t<meta property=\"og:image:width\" content=\"1200\" \/>\n\t<meta property=\"og:image:height\" content=\"628\" \/>\n\t<meta property=\"og:image:type\" content=\"image\/png\" \/>\n<meta name=\"author\" content=\"Pia Schwaiger\" \/>\n<meta name=\"twitter:card\" content=\"summary_large_image\" \/>\n<meta name=\"twitter:creator\" content=\"@ONENederland\" \/>\n<meta name=\"twitter:site\" content=\"@ONENederland\" \/>\n<meta name=\"twitter:label1\" content=\"Written by\" \/>\n\t<meta name=\"twitter:data1\" content=\"Pia Schwaiger\" \/>\n\t<meta name=\"twitter:label2\" content=\"Est. reading time\" \/>\n\t<meta name=\"twitter:data2\" content=\"3 minutes\" \/>\n<script type=\"application\/ld+json\" class=\"yoast-schema-graph\">{\"@context\":\"https:\/\/schema.org\",\"@graph\":[{\"@type\":[\"Article\",\"BlogPosting\"],\"@id\":\"https:\/\/www.one.org\/de\/neuigkeiten\/was-passiert-in-madagaskar\/#article\",\"isPartOf\":{\"@id\":\"https:\/\/www.one.org\/de\/neuigkeiten\/was-passiert-in-madagaskar\/\"},\"author\":{\"name\":\"Pia Schwaiger\",\"@id\":\"https:\/\/www.one.org\/de\/#\/schema\/person\/011e858903c0c7fd8ae29006f765ce79\"},\"headline\":\"Was passiert in Madagaskar?\",\"datePublished\":\"2025-10-21T13:37:36+00:00\",\"dateModified\":\"2025-10-21T13:37:38+00:00\",\"mainEntityOfPage\":{\"@id\":\"https:\/\/www.one.org\/de\/neuigkeiten\/was-passiert-in-madagaskar\/\"},\"wordCount\":573,\"image\":{\"@id\":\"https:\/\/www.one.org\/de\/neuigkeiten\/was-passiert-in-madagaskar\/#primaryimage\"},\"thumbnailUrl\":\"https:\/\/www.one.org\/de\/wp-content\/uploads\/sites\/3\/2025\/10\/3.png\",\"keywords\":[\"Aktuelles\",\"Gen Z Proteste\",\"Madagaskar\"],\"articleSection\":[\"Aktuelles\"],\"inLanguage\":\"de-DE\"},{\"@type\":\"WebPage\",\"@id\":\"https:\/\/www.one.org\/de\/neuigkeiten\/was-passiert-in-madagaskar\/\",\"url\":\"https:\/\/www.one.org\/de\/neuigkeiten\/was-passiert-in-madagaskar\/\",\"name\":\"Was passiert in Madagaskar? - ONE.org Deutschland\",\"isPartOf\":{\"@id\":\"https:\/\/www.one.org\/de\/#website\"},\"primaryImageOfPage\":{\"@id\":\"https:\/\/www.one.org\/de\/neuigkeiten\/was-passiert-in-madagaskar\/#primaryimage\"},\"image\":{\"@id\":\"https:\/\/www.one.org\/de\/neuigkeiten\/was-passiert-in-madagaskar\/#primaryimage\"},\"thumbnailUrl\":\"https:\/\/www.one.org\/de\/wp-content\/uploads\/sites\/3\/2025\/10\/3.png\",\"datePublished\":\"2025-10-21T13:37:36+00:00\",\"dateModified\":\"2025-10-21T13:37:38+00:00\",\"author\":{\"@id\":\"https:\/\/www.one.org\/de\/#\/schema\/person\/011e858903c0c7fd8ae29006f765ce79\"},\"description\":\"Seit September 2025 gibt es in Madagaskar Gen-Z-Proteste gegen Armut, Korruption und die Regierung.\",\"breadcrumb\":{\"@id\":\"https:\/\/www.one.org\/de\/neuigkeiten\/was-passiert-in-madagaskar\/#breadcrumb\"},\"inLanguage\":\"de-DE\",\"potentialAction\":[{\"@type\":\"ReadAction\",\"target\":[\"https:\/\/www.one.org\/de\/neuigkeiten\/was-passiert-in-madagaskar\/\"]}]},{\"@type\":\"ImageObject\",\"inLanguage\":\"de-DE\",\"@id\":\"https:\/\/www.one.org\/de\/neuigkeiten\/was-passiert-in-madagaskar\/#primaryimage\",\"url\":\"https:\/\/www.one.org\/de\/wp-content\/uploads\/sites\/3\/2025\/10\/3.png\",\"contentUrl\":\"https:\/\/www.one.org\/de\/wp-content\/uploads\/sites\/3\/2025\/10\/3.png\",\"width\":1200,\"height\":628,\"caption\":\"Flagge Madagaskar\"},{\"@type\":\"BreadcrumbList\",\"@id\":\"https:\/\/www.one.org\/de\/neuigkeiten\/was-passiert-in-madagaskar\/#breadcrumb\",\"itemListElement\":[{\"@type\":\"ListItem\",\"position\":1,\"name\":\"Home\",\"item\":\"https:\/\/www.one.org\/de\/\"},{\"@type\":\"ListItem\",\"position\":2,\"name\":\"Was passiert in Madagaskar?\"}]},{\"@type\":\"WebSite\",\"@id\":\"https:\/\/www.one.org\/de\/#website\",\"url\":\"https:\/\/www.one.org\/de\/\",\"name\":\"ONE.org\",\"description\":\"F\u00fcr mehr wirtschaftliche Chancen und ein starkes Gesundheitswesen in Afrika\",\"potentialAction\":[{\"@type\":\"SearchAction\",\"target\":{\"@type\":\"EntryPoint\",\"urlTemplate\":\"https:\/\/www.one.org\/de\/?s={search_term_string}\"},\"query-input\":{\"@type\":\"PropertyValueSpecification\",\"valueRequired\":true,\"valueName\":\"search_term_string\"}}],\"inLanguage\":\"de-DE\"},{\"@type\":\"Person\",\"@id\":\"https:\/\/www.one.org\/de\/#\/schema\/person\/011e858903c0c7fd8ae29006f765ce79\",\"name\":\"Pia Schwaiger\",\"image\":{\"@type\":\"ImageObject\",\"inLanguage\":\"de-DE\",\"@id\":\"https:\/\/www.one.org\/de\/#\/schema\/person\/image\/\",\"url\":\"https:\/\/secure.gravatar.com\/avatar\/0e356bbd310553c5365f9d25e3e1492caafa5f6893ca921ac08a04a6079e7089?s=96&d=mm&r=g\",\"contentUrl\":\"https:\/\/secure.gravatar.com\/avatar\/0e356bbd310553c5365f9d25e3e1492caafa5f6893ca921ac08a04a6079e7089?s=96&d=mm&r=g\",\"caption\":\"Pia Schwaiger\"},\"description\":\"Ich bin Medienkoordinatorin bei der entwicklungspolitischen Organisation ONE und arbeite in der politischen Kommunikation. Meine Arbeit umfasst t\u00e4gliche Medienanalysen, die Entwicklung von Pressestrategien und die Pressearbeit der ONE-Jugendbotschafter*innen. Ich schreibe \u00fcber aktuelle Geschehnisse auf dem afrikanischen Kontinent.\",\"sameAs\":[\"https:\/\/www.linkedin.com\/in\/pia-schwaiger-6190351b0\/?locale=en\"],\"honorificPrefix\":\"Ms\",\"gender\":\"female\",\"knowsAbout\":[\"Medienbriefings und Medientrainings f\u00fcr deutsche Aktivist*innen\",\"Aktivismus-orientierte Kommunikationsstrategien\",\"Erstellung von Presskits\",\"Talking Points\",\"Medienansprache rund um politische Schl\u00fcsseltermine\"],\"knowsLanguage\":[\"Deutsch\",\"Englisch\"],\"jobTitle\":\"Media Coordinator\",\"worksFor\":\"The ONE Campaign\",\"url\":\"https:\/\/www.one.org\/de\/neuigkeiten\/author\/piaschwaiger\/\"}]}<\/script>\n<!-- \/ Yoast SEO Premium plugin. -->","yoast_head_json":{"title":"Was passiert in Madagaskar? - ONE.org Deutschland","description":"Seit September 2025 gibt es in Madagaskar Gen-Z-Proteste gegen Armut, Korruption und die Regierung.","robots":{"index":"index","follow":"follow","max-snippet":"max-snippet:-1","max-image-preview":"max-image-preview:large","max-video-preview":"max-video-preview:-1"},"canonical":"https:\/\/www.one.org\/de\/neuigkeiten\/was-passiert-in-madagaskar\/","og_locale":"de_DE","og_type":"article","og_title":"Was passiert in Madagaskar?","og_description":"Seit September 2025 gibt es in Madagaskar Gen-Z-Proteste gegen Armut, Korruption und die Regierung.","og_url":"https:\/\/www.one.org\/de\/neuigkeiten\/was-passiert-in-madagaskar\/","og_site_name":"ONE.org Deutschland","article_publisher":"https:\/\/www.facebook.com\/ONEinNederland","article_published_time":"2025-10-21T13:37:36+00:00","article_modified_time":"2025-10-21T13:37:38+00:00","og_image":[{"width":1200,"height":628,"url":"https:\/\/www.one.org\/de\/wp-content\/uploads\/sites\/3\/2025\/10\/3.png","type":"image\/png"}],"author":"Pia Schwaiger","twitter_card":"summary_large_image","twitter_creator":"@ONENederland","twitter_site":"@ONENederland","twitter_misc":{"Written by":"Pia Schwaiger","Est. reading time":"3 minutes"},"schema":{"@context":"https:\/\/schema.org","@graph":[{"@type":["Article","BlogPosting"],"@id":"https:\/\/www.one.org\/de\/neuigkeiten\/was-passiert-in-madagaskar\/#article","isPartOf":{"@id":"https:\/\/www.one.org\/de\/neuigkeiten\/was-passiert-in-madagaskar\/"},"author":{"name":"Pia Schwaiger","@id":"https:\/\/www.one.org\/de\/#\/schema\/person\/011e858903c0c7fd8ae29006f765ce79"},"headline":"Was passiert in Madagaskar?","datePublished":"2025-10-21T13:37:36+00:00","dateModified":"2025-10-21T13:37:38+00:00","mainEntityOfPage":{"@id":"https:\/\/www.one.org\/de\/neuigkeiten\/was-passiert-in-madagaskar\/"},"wordCount":573,"image":{"@id":"https:\/\/www.one.org\/de\/neuigkeiten\/was-passiert-in-madagaskar\/#primaryimage"},"thumbnailUrl":"https:\/\/www.one.org\/de\/wp-content\/uploads\/sites\/3\/2025\/10\/3.png","keywords":["Aktuelles","Gen Z Proteste","Madagaskar"],"articleSection":["Aktuelles"],"inLanguage":"de-DE"},{"@type":"WebPage","@id":"https:\/\/www.one.org\/de\/neuigkeiten\/was-passiert-in-madagaskar\/","url":"https:\/\/www.one.org\/de\/neuigkeiten\/was-passiert-in-madagaskar\/","name":"Was passiert in Madagaskar? - ONE.org Deutschland","isPartOf":{"@id":"https:\/\/www.one.org\/de\/#website"},"primaryImageOfPage":{"@id":"https:\/\/www.one.org\/de\/neuigkeiten\/was-passiert-in-madagaskar\/#primaryimage"},"image":{"@id":"https:\/\/www.one.org\/de\/neuigkeiten\/was-passiert-in-madagaskar\/#primaryimage"},"thumbnailUrl":"https:\/\/www.one.org\/de\/wp-content\/uploads\/sites\/3\/2025\/10\/3.png","datePublished":"2025-10-21T13:37:36+00:00","dateModified":"2025-10-21T13:37:38+00:00","author":{"@id":"https:\/\/www.one.org\/de\/#\/schema\/person\/011e858903c0c7fd8ae29006f765ce79"},"description":"Seit September 2025 gibt es in Madagaskar Gen-Z-Proteste gegen Armut, Korruption und die Regierung.","breadcrumb":{"@id":"https:\/\/www.one.org\/de\/neuigkeiten\/was-passiert-in-madagaskar\/#breadcrumb"},"inLanguage":"de-DE","potentialAction":[{"@type":"ReadAction","target":["https:\/\/www.one.org\/de\/neuigkeiten\/was-passiert-in-madagaskar\/"]}]},{"@type":"ImageObject","inLanguage":"de-DE","@id":"https:\/\/www.one.org\/de\/neuigkeiten\/was-passiert-in-madagaskar\/#primaryimage","url":"https:\/\/www.one.org\/de\/wp-content\/uploads\/sites\/3\/2025\/10\/3.png","contentUrl":"https:\/\/www.one.org\/de\/wp-content\/uploads\/sites\/3\/2025\/10\/3.png","width":1200,"height":628,"caption":"Flagge Madagaskar"},{"@type":"BreadcrumbList","@id":"https:\/\/www.one.org\/de\/neuigkeiten\/was-passiert-in-madagaskar\/#breadcrumb","itemListElement":[{"@type":"ListItem","position":1,"name":"Home","item":"https:\/\/www.one.org\/de\/"},{"@type":"ListItem","position":2,"name":"Was passiert in Madagaskar?"}]},{"@type":"WebSite","@id":"https:\/\/www.one.org\/de\/#website","url":"https:\/\/www.one.org\/de\/","name":"ONE.org","description":"F\u00fcr mehr wirtschaftliche Chancen und ein starkes Gesundheitswesen in Afrika","potentialAction":[{"@type":"SearchAction","target":{"@type":"EntryPoint","urlTemplate":"https:\/\/www.one.org\/de\/?s={search_term_string}"},"query-input":{"@type":"PropertyValueSpecification","valueRequired":true,"valueName":"search_term_string"}}],"inLanguage":"de-DE"},{"@type":"Person","@id":"https:\/\/www.one.org\/de\/#\/schema\/person\/011e858903c0c7fd8ae29006f765ce79","name":"Pia Schwaiger","image":{"@type":"ImageObject","inLanguage":"de-DE","@id":"https:\/\/www.one.org\/de\/#\/schema\/person\/image\/","url":"https:\/\/secure.gravatar.com\/avatar\/0e356bbd310553c5365f9d25e3e1492caafa5f6893ca921ac08a04a6079e7089?s=96&d=mm&r=g","contentUrl":"https:\/\/secure.gravatar.com\/avatar\/0e356bbd310553c5365f9d25e3e1492caafa5f6893ca921ac08a04a6079e7089?s=96&d=mm&r=g","caption":"Pia Schwaiger"},"description":"Ich bin Medienkoordinatorin bei der entwicklungspolitischen Organisation ONE und arbeite in der politischen Kommunikation. Meine Arbeit umfasst t\u00e4gliche Medienanalysen, die Entwicklung von Pressestrategien und die Pressearbeit der ONE-Jugendbotschafter*innen. Ich schreibe \u00fcber aktuelle Geschehnisse auf dem afrikanischen Kontinent.","sameAs":["https:\/\/www.linkedin.com\/in\/pia-schwaiger-6190351b0\/?locale=en"],"honorificPrefix":"Ms","gender":"female","knowsAbout":["Medienbriefings und Medientrainings f\u00fcr deutsche Aktivist*innen","Aktivismus-orientierte Kommunikationsstrategien","Erstellung von Presskits","Talking Points","Medienansprache rund um politische Schl\u00fcsseltermine"],"knowsLanguage":["Deutsch","Englisch"],"jobTitle":"Media Coordinator","worksFor":"The ONE Campaign","url":"https:\/\/www.one.org\/de\/neuigkeiten\/author\/piaschwaiger\/"}]}},"distributor_meta":false,"distributor_terms":false,"distributor_media":false,"distributor_original_site_name":"ONE.org Deutschland","distributor_original_site_url":"https:\/\/www.one.org\/de","push-errors":false,"_links":{"self":[{"href":"https:\/\/www.one.org\/de\/wp-json\/wp\/v2\/posts\/173009","targetHints":{"allow":["GET"]}}],"collection":[{"href":"https:\/\/www.one.org\/de\/wp-json\/wp\/v2\/posts"}],"about":[{"href":"https:\/\/www.one.org\/de\/wp-json\/wp\/v2\/types\/post"}],"author":[{"embeddable":true,"href":"https:\/\/www.one.org\/de\/wp-json\/wp\/v2\/users\/22"}],"replies":[{"embeddable":true,"href":"https:\/\/www.one.org\/de\/wp-json\/wp\/v2\/comments?post=173009"}],"version-history":[{"count":0,"href":"https:\/\/www.one.org\/de\/wp-json\/wp\/v2\/posts\/173009\/revisions"}],"wp:featuredmedia":[{"embeddable":true,"href":"https:\/\/www.one.org\/de\/wp-json\/wp\/v2\/media\/173013"}],"wp:attachment":[{"href":"https:\/\/www.one.org\/de\/wp-json\/wp\/v2\/media?parent=173009"}],"wp:term":[{"taxonomy":"category","embeddable":true,"href":"https:\/\/www.one.org\/de\/wp-json\/wp\/v2\/categories?post=173009"},{"taxonomy":"post_tag","embeddable":true,"href":"https:\/\/www.one.org\/de\/wp-json\/wp\/v2\/tags?post=173009"},{"taxonomy":"topic","embeddable":true,"href":"https:\/\/www.one.org\/de\/wp-json\/wp\/v2\/topic?post=173009"},{"taxonomy":"contributor","embeddable":true,"href":"https:\/\/www.one.org\/de\/wp-json\/wp\/v2\/contributor?post=173009"},{"taxonomy":"one_content_audience","embeddable":true,"href":"https:\/\/www.one.org\/de\/wp-json\/wp\/v2\/one_content_audience?post=173009"},{"taxonomy":"one_content_type","embeddable":true,"href":"https:\/\/www.one.org\/de\/wp-json\/wp\/v2\/one_content_type?post=173009"},{"taxonomy":"one_content_tone","embeddable":true,"href":"https:\/\/www.one.org\/de\/wp-json\/wp\/v2\/one_content_tone?post=173009"}],"curies":[{"name":"wp","href":"https:\/\/api.w.org\/{rel}","templated":true}]}}