{"id":172591,"date":"2025-07-07T14:40:58","date_gmt":"2025-07-07T14:40:58","guid":{"rendered":"https:\/\/www.one.org\/de\/?p=172591"},"modified":"2025-07-07T14:40:59","modified_gmt":"2025-07-07T14:40:59","slug":"one-hsc-2025","status":"publish","type":"post","link":"https:\/\/www.one.org\/de\/neuigkeiten\/one-hsc-2025\/","title":{"rendered":"Globale Zusammenarbeit: ONE-Jugendbotschafter*innen bei der HSC 2025"},"content":{"rendered":"\n<h2 class=\"wp-block-heading\" id=\"h-die-hamburg-sustainability-conference-hsc-ging-2025-in-die-zweite-runde-und-drei-jugendbotschafter-innen-von-one-waren-wieder-in-hamburg-mit-dabei-als-plattform-fur-globale-zusammenarbeit-bringt-die-hsc-fuhrende-personlichkeiten-aus-politik-wirtschaft-zivilgesellschaft-und-wissenschaft-zusammen-um-konkrete-massnahmen-fur-eine-nachhaltige-und-gerechtere-zukunft-zu-diskutieren-und-voranzutreiben-fur-uns-junge-aktivist-innen-war-die-teilnahme-eine-besondere-gelegenheit-unsere-perspektiven-einzubringen-uns-zu-vernetzen-und-wichtige-impulse-fur-eine-solidarische-entwicklungspolitik-zu-setzen-one-jugendbotschafter-millad-jafarzadeh-berichtet\">Die Hamburg Sustainability Conference (HSC) ging 2025 in die zweite Runde und drei <a href=\"https:\/\/www.one.org\/de\/neuigkeiten\/jugendbeteiligung-hamburg-sustainability-conference\/\" target=\"_blank\" rel=\"noreferrer noopener\">Jugendbotschafter*innen von ONE waren wieder in Hamburg mit dabei<\/a>. Als Plattform f\u00fcr globale Zusammenarbeit bringt die HSC f\u00fchrende Pers\u00f6nlichkeiten aus Politik, Wirtschaft, Zivilgesellschaft und Wissenschaft zusammen, um konkrete Ma\u00dfnahmen f\u00fcr eine nachhaltige und gerechtere Zukunft zu diskutieren und voranzutreiben. F\u00fcr uns junge Aktivist*innen war die Teilnahme eine besondere Gelegenheit, unsere Perspektiven einzubringen, uns zu vernetzen und wichtige Impulse f\u00fcr eine solidarische Entwicklungspolitik zu setzen. ONE-Jugendbotschafter Millad Jafarzadeh berichtet.<\/h2>\n\n\n\n<h3 class=\"wp-block-heading\" id=\"h-warm-up-inspiration\"><strong>Warm-Up: Inspiration!<\/strong><\/h3>\n\n\n\n<p>Bereits am Vorabend der offiziellen Konferenz hatten wir die besondere M\u00f6glichkeit, Achim Steiner, Leiter des UN-Entwicklungsprogramms (UNDP), pers\u00f6nlich zu treffen. Wir standen unter einer riesigen Weltkugel, die in der St. Katharinenkirche in Hamburg aufgebaut war, ein sehr beeindruckendes Bild! So viele globale Krisen fordern uns aktuell: <a href=\"https:\/\/www.one.org\/de\/neuigkeiten\/sudan-krise-2025\/\">Humanit\u00e4re Notlagen wie im Sudan<\/a>, <a href=\"https:\/\/www.one.org\/de\/neuigkeiten\/sicherheit-durch-ez\/\">Sicherheitsbedrohungen<\/a> oder die <a href=\"https:\/\/www.one.org\/de\/neuigkeiten\/klimawandel-auswirkungen-der-seegras-zucht\/\">Klimakrise<\/a>. Wir haben uns mit dem UNDP-Chef dar\u00fcber ausgetauscht, warum es deshalb gerade jetzt wichtig ist, dass L\u00e4nder und Organisationen verl\u00e4sslich zusammen arbeiten. Es war toll, f\u00fcr uns als Nachwuchs in diesem Feld, aus seiner jahrzehntelangen Erfahrung in dem Bereich zu h\u00f6ren. Das Treffen war eine starke Motivation, uns auf internationaler Ebene weiter einzubringen.<\/p>\n\n\n\n<figure class=\"wp-block-image size-large\"><img loading=\"lazy\" decoding=\"async\" width=\"1024\" height=\"536\" src=\"https:\/\/www.one.org\/de\/wp-content\/uploads\/sites\/3\/2025\/06\/8-1024x536.png\" alt=\"\" class=\"wp-image-172592\" srcset=\"https:\/\/www.one.org\/de\/wp-content\/uploads\/sites\/3\/2025\/06\/8-1024x536.png 1024w, https:\/\/www.one.org\/de\/wp-content\/uploads\/sites\/3\/2025\/06\/8-300x157.png 300w, https:\/\/www.one.org\/de\/wp-content\/uploads\/sites\/3\/2025\/06\/8-768x402.png 768w, https:\/\/www.one.org\/de\/wp-content\/uploads\/sites\/3\/2025\/06\/8-16x8.png 16w, https:\/\/www.one.org\/de\/wp-content\/uploads\/sites\/3\/2025\/06\/8-320x167.png 320w, https:\/\/www.one.org\/de\/wp-content\/uploads\/sites\/3\/2025\/06\/8-640x335.png 640w, https:\/\/www.one.org\/de\/wp-content\/uploads\/sites\/3\/2025\/06\/8-800x419.png 800w, https:\/\/www.one.org\/de\/wp-content\/uploads\/sites\/3\/2025\/06\/8.png 1200w\" sizes=\"auto, (max-width: 1024px) 100vw, 1024px\" \/><figcaption class=\"wp-element-caption\">ONE-Jugendbotschafter Millad, UNDP-Chef Achim Steiner und ONE-Jugendbotschafterin Beverley<\/figcaption><\/figure>\n\n\n\n<h3 class=\"wp-block-heading\" id=\"h-tag-1-netzwerken\"><strong>Tag 1 \u2013 Netzwerken!<\/strong><\/h3>\n\n\n\n<p>Am ersten Konferenztag er\u00f6ffnete Bundesentwicklungsministerin Reem Alabali Radovan offiziell die Veranstaltung. In ihrer Rede sprach sie davon, globale Herausforderungen gemeinsam und solidarisch anzugehen.<\/p>\n\n\n\n<p>Wir hatten ein volles Programm: Wir nutzten die Gelegenheit, uns mit dem BMZ-Jugendbeirat und den HSC Youth Ambassadors auszutauschen, Kontakte zu kn\u00fcpfen und Erfahrungen zu teilen. Au\u00dferdem haben wir eine Reihe spannender Panels besucht, besonders zwei zu Klimapolitik und der St\u00e4rkung afrikanischer Partnerl\u00e4nder hat bei mir Eindruck hinterlassen.&nbsp;<\/p>\n\n\n\n<p>Ein besonderer Moment war eine gemeinsame Fotoaktion mit der Ministerin. F\u00fcr uns war das ein starkes Zeichen f\u00fcr politische Anerkennung.&nbsp;<\/p>\n\n\n\n<figure class=\"wp-block-image size-large\"><img loading=\"lazy\" decoding=\"async\" width=\"1024\" height=\"536\" src=\"https:\/\/www.one.org\/de\/wp-content\/uploads\/sites\/3\/2025\/06\/9-1024x536.png\" alt=\"\" class=\"wp-image-172594\" srcset=\"https:\/\/www.one.org\/de\/wp-content\/uploads\/sites\/3\/2025\/06\/9-1024x536.png 1024w, https:\/\/www.one.org\/de\/wp-content\/uploads\/sites\/3\/2025\/06\/9-300x157.png 300w, https:\/\/www.one.org\/de\/wp-content\/uploads\/sites\/3\/2025\/06\/9-768x402.png 768w, https:\/\/www.one.org\/de\/wp-content\/uploads\/sites\/3\/2025\/06\/9-16x8.png 16w, https:\/\/www.one.org\/de\/wp-content\/uploads\/sites\/3\/2025\/06\/9-320x167.png 320w, https:\/\/www.one.org\/de\/wp-content\/uploads\/sites\/3\/2025\/06\/9-640x335.png 640w, https:\/\/www.one.org\/de\/wp-content\/uploads\/sites\/3\/2025\/06\/9-800x419.png 800w, https:\/\/www.one.org\/de\/wp-content\/uploads\/sites\/3\/2025\/06\/9.png 1200w\" sizes=\"auto, (max-width: 1024px) 100vw, 1024px\" \/><figcaption class=\"wp-element-caption\">ONE-Jugendbotschafterinnen Audrey und Beverley, Entwicklungsministerin Reem Alabali-Radovan und ONE-Jugendbotschafter Millad<\/figcaption><\/figure>\n\n\n\n<p><br><\/p>\n\n\n\n<h3 class=\"wp-block-heading\" id=\"h-tag-2-mitmischen\"><strong>Tag 2 \u2013 Mitmischen!<\/strong><\/h3>\n\n\n\n<p>Der zweite Tag begann mit einem Fototermin mit Vizekanzler Lars Klingbeil. In seiner Rede danach sagte er, dass Deutschland seine internationale Verantwortung wichtig nehme und ein verl\u00e4sslicher Partner bei der Entwicklungszusammenarbeit bleibt.<\/p>\n\n\n\n<figure class=\"wp-block-image size-large\"><img loading=\"lazy\" decoding=\"async\" width=\"1024\" height=\"536\" src=\"https:\/\/www.one.org\/de\/wp-content\/uploads\/sites\/3\/2025\/07\/OV-Activist-activities-Blog-Image-1200x628-1-1024x536.png\" alt=\"\" class=\"wp-image-172611\" srcset=\"https:\/\/www.one.org\/de\/wp-content\/uploads\/sites\/3\/2025\/07\/OV-Activist-activities-Blog-Image-1200x628-1-1024x536.png 1024w, https:\/\/www.one.org\/de\/wp-content\/uploads\/sites\/3\/2025\/07\/OV-Activist-activities-Blog-Image-1200x628-1-300x157.png 300w, https:\/\/www.one.org\/de\/wp-content\/uploads\/sites\/3\/2025\/07\/OV-Activist-activities-Blog-Image-1200x628-1-768x402.png 768w, https:\/\/www.one.org\/de\/wp-content\/uploads\/sites\/3\/2025\/07\/OV-Activist-activities-Blog-Image-1200x628-1-16x8.png 16w, https:\/\/www.one.org\/de\/wp-content\/uploads\/sites\/3\/2025\/07\/OV-Activist-activities-Blog-Image-1200x628-1-320x167.png 320w, https:\/\/www.one.org\/de\/wp-content\/uploads\/sites\/3\/2025\/07\/OV-Activist-activities-Blog-Image-1200x628-1-640x335.png 640w, https:\/\/www.one.org\/de\/wp-content\/uploads\/sites\/3\/2025\/07\/OV-Activist-activities-Blog-Image-1200x628-1-800x419.png 800w, https:\/\/www.one.org\/de\/wp-content\/uploads\/sites\/3\/2025\/07\/OV-Activist-activities-Blog-Image-1200x628-1.png 1200w\" sizes=\"auto, (max-width: 1024px) 100vw, 1024px\" \/><figcaption class=\"wp-element-caption\">ONE Europa-Direktor Stephan Exo-Kreischer, ONE-Jugendbotschafterinnen Beverley und Audrey und Finanzminister Lars Klingbeil<\/figcaption><\/figure>\n\n\n\n<p>Ein weiteres wichtiges Gespr\u00e4ch f\u00fchrten wir mit B\u00e4rbel Kofler, Parlamentarische Staatssekret\u00e4rin im BMZ. Sie nahm sich viel Zeit, auf unsere Fragen und Anliegen einzugehen, und diskutierte mit uns \u00fcber globale Partnerschaften, gerechte Entwicklungsfinanzierung und politische Handlungsr\u00e4ume. Jugendbotschafterin Audrey war dann als Panelistin an einer Diskussionsrunde zu <a href=\"https:\/\/www.one.org\/de\/neuigkeiten\/gesundheitspolitik-haushalt-2025\/\">globaler Gesundheit<\/a> beteiligt. Konkret ging es um die St\u00e4rkung \u00f6ffentlicher Gesundheitssysteme. Solche direkten Begegnungen mit politischen Entscheidungstr\u00e4ger*innen zeigen, wie wichtig der Austausch auf Augenh\u00f6he ist \u2013 und wie wir als junge Aktivist*innen dazu beitragen k\u00f6nnen, politische Prozesse konstruktiv mitzugestalten.&nbsp;&nbsp;<\/p>\n\n\n\n<hr class=\"wp-block-separator has-alpha-channel-opacity\" \/>\n\n\n\n<p><a id=\"_msocom_1\"><\/a><\/p>\n\n\n\n<h3 class=\"wp-block-heading\" id=\"h-du-bist-neugierig-geworden-was-die-one-jugendbotschafter-innen-dieses-jahr-schon-erlebt-haben-dann-schau-dir-den-beitrag-uber-die-one-aktivist-innen-im-wahlkampf-an-wenn-du-dich-als-jugendbotschafter-in-oder-regionalbotschafter-in-engagieren-willst-informier-dich-hier\">Du bist neugierig geworden, was die ONE-Jugendbotschafter*innen dieses Jahr schon erlebt haben? Dann schau dir den Beitrag \u00fcber die <a href=\"https:\/\/www.one.org\/de\/neuigkeiten\/one-aktivistinnen-im-wahlkampfmodus\/\">ONE-Aktivist*innen im Wahlkampf<\/a> an! Wenn du dich als Jugendbotschafter*in oder Regionalbotschafter*in engagieren willst, <a href=\"https:\/\/act.one.org\/survey\/one-ehrenamt\/\">informier dich hier<\/a>!<\/h3>\n<div class=\"buffer\"><\/div>","protected":false},"excerpt":{"rendered":"<p>ONE-Jugendbotschafter Millad berichtet von der Hamburg Sustainability Conference 2025.<\/p>\n","protected":false},"author":22,"featured_media":172593,"comment_status":"closed","ping_status":"closed","sticky":false,"template":"","format":"standard","meta":{"_acf_changed":false,"_relevanssi_hide_post":"","_relevanssi_hide_content":"","_relevanssi_pin_for_all":"","_relevanssi_pin_keywords":"","_relevanssi_unpin_keywords":"","_relevanssi_related_keywords":"","_relevanssi_related_include_ids":"","_relevanssi_related_exclude_ids":"","_relevanssi_related_no_append":"","_relevanssi_related_not_related":"","_relevanssi_related_posts":"167720,167246,167045,167505,167501,167225","_relevanssi_noindex_reason":"","footnotes":""},"categories":[170],"tags":[],"topic":[37,48],"contributor":[],"one_content_audience":[],"one_content_type":[],"one_content_tone":[],"class_list":["post-172591","post","type-post","status-publish","format-standard","has-post-thumbnail","hentry","category-aktuelles","topic-entwicklungszusammenarbeit","topic-one-unterstuetzer-innen-in-aktion"],"acf":[],"yoast_head":"<!-- This site is optimized with the Yoast SEO Premium plugin v27.1 (Yoast SEO v27.1.1) - https:\/\/yoast.com\/product\/yoast-seo-premium-wordpress\/ -->\n<title>Globale Zusammenarbeit: ONE-Jugendbotschafter*innen bei der HSC 2025 - ONE.org Deutschland<\/title>\n<meta name=\"description\" content=\"ONE Jugendbotschafter Millad berichtet von seinen Erfahrungen auf der Hamburg Sustainability Conference 2025.\" \/>\n<meta name=\"robots\" content=\"index, follow, max-snippet:-1, max-image-preview:large, max-video-preview:-1\" \/>\n<link rel=\"canonical\" href=\"https:\/\/www.one.org\/de\/neuigkeiten\/one-hsc-2025\/\" \/>\n<meta property=\"og:locale\" content=\"de_DE\" \/>\n<meta property=\"og:type\" content=\"article\" \/>\n<meta property=\"og:title\" content=\"Globale Zusammenarbeit: ONE-Jugendbotschafter*innen bei der HSC 2025\" \/>\n<meta property=\"og:description\" content=\"ONE Jugendbotschafter Millad berichtet von seinen Erfahrungen auf der Hamburg Sustainability Conference 2025.\" \/>\n<meta property=\"og:url\" content=\"https:\/\/www.one.org\/de\/neuigkeiten\/one-hsc-2025\/\" \/>\n<meta property=\"og:site_name\" content=\"ONE.org Deutschland\" \/>\n<meta property=\"article:publisher\" content=\"https:\/\/www.facebook.com\/ONEinNederland\" \/>\n<meta property=\"article:published_time\" content=\"2025-07-07T14:40:58+00:00\" \/>\n<meta property=\"article:modified_time\" content=\"2025-07-07T14:40:59+00:00\" \/>\n<meta property=\"og:image\" content=\"https:\/\/www.one.org\/de\/wp-content\/uploads\/sites\/3\/2025\/06\/10.png\" \/>\n\t<meta property=\"og:image:width\" content=\"1200\" \/>\n\t<meta property=\"og:image:height\" content=\"628\" \/>\n\t<meta property=\"og:image:type\" content=\"image\/png\" \/>\n<meta name=\"author\" content=\"Pia Schwaiger\" \/>\n<meta name=\"twitter:card\" content=\"summary_large_image\" \/>\n<meta name=\"twitter:creator\" content=\"@ONENederland\" \/>\n<meta name=\"twitter:site\" content=\"@ONENederland\" \/>\n<meta name=\"twitter:label1\" content=\"Written by\" \/>\n\t<meta name=\"twitter:data1\" content=\"Pia Schwaiger\" \/>\n\t<meta name=\"twitter:label2\" content=\"Est. reading time\" \/>\n\t<meta name=\"twitter:data2\" content=\"3 minutes\" \/>\n<script type=\"application\/ld+json\" class=\"yoast-schema-graph\">{\"@context\":\"https:\/\/schema.org\",\"@graph\":[{\"@type\":[\"Article\",\"BlogPosting\"],\"@id\":\"https:\/\/www.one.org\/de\/neuigkeiten\/one-hsc-2025\/#article\",\"isPartOf\":{\"@id\":\"https:\/\/www.one.org\/de\/neuigkeiten\/one-hsc-2025\/\"},\"author\":{\"name\":\"Pia Schwaiger\",\"@id\":\"https:\/\/www.one.org\/de\/#\/schema\/person\/011e858903c0c7fd8ae29006f765ce79\"},\"headline\":\"Globale Zusammenarbeit: ONE-Jugendbotschafter*innen bei der HSC 2025\",\"datePublished\":\"2025-07-07T14:40:58+00:00\",\"dateModified\":\"2025-07-07T14:40:59+00:00\",\"mainEntityOfPage\":{\"@id\":\"https:\/\/www.one.org\/de\/neuigkeiten\/one-hsc-2025\/\"},\"wordCount\":517,\"image\":{\"@id\":\"https:\/\/www.one.org\/de\/neuigkeiten\/one-hsc-2025\/#primaryimage\"},\"thumbnailUrl\":\"https:\/\/www.one.org\/de\/wp-content\/uploads\/sites\/3\/2025\/06\/10.png\",\"articleSection\":[\"Aktuelles\"],\"inLanguage\":\"de-DE\"},{\"@type\":\"WebPage\",\"@id\":\"https:\/\/www.one.org\/de\/neuigkeiten\/one-hsc-2025\/\",\"url\":\"https:\/\/www.one.org\/de\/neuigkeiten\/one-hsc-2025\/\",\"name\":\"Globale Zusammenarbeit: ONE-Jugendbotschafter*innen bei der HSC 2025 - ONE.org Deutschland\",\"isPartOf\":{\"@id\":\"https:\/\/www.one.org\/de\/#website\"},\"primaryImageOfPage\":{\"@id\":\"https:\/\/www.one.org\/de\/neuigkeiten\/one-hsc-2025\/#primaryimage\"},\"image\":{\"@id\":\"https:\/\/www.one.org\/de\/neuigkeiten\/one-hsc-2025\/#primaryimage\"},\"thumbnailUrl\":\"https:\/\/www.one.org\/de\/wp-content\/uploads\/sites\/3\/2025\/06\/10.png\",\"datePublished\":\"2025-07-07T14:40:58+00:00\",\"dateModified\":\"2025-07-07T14:40:59+00:00\",\"author\":{\"@id\":\"https:\/\/www.one.org\/de\/#\/schema\/person\/011e858903c0c7fd8ae29006f765ce79\"},\"description\":\"ONE Jugendbotschafter Millad berichtet von seinen Erfahrungen auf der Hamburg Sustainability Conference 2025.\",\"breadcrumb\":{\"@id\":\"https:\/\/www.one.org\/de\/neuigkeiten\/one-hsc-2025\/#breadcrumb\"},\"inLanguage\":\"de-DE\",\"potentialAction\":[{\"@type\":\"ReadAction\",\"target\":[\"https:\/\/www.one.org\/de\/neuigkeiten\/one-hsc-2025\/\"]}]},{\"@type\":\"ImageObject\",\"inLanguage\":\"de-DE\",\"@id\":\"https:\/\/www.one.org\/de\/neuigkeiten\/one-hsc-2025\/#primaryimage\",\"url\":\"https:\/\/www.one.org\/de\/wp-content\/uploads\/sites\/3\/2025\/06\/10.png\",\"contentUrl\":\"https:\/\/www.one.org\/de\/wp-content\/uploads\/sites\/3\/2025\/06\/10.png\",\"width\":1200,\"height\":628},{\"@type\":\"BreadcrumbList\",\"@id\":\"https:\/\/www.one.org\/de\/neuigkeiten\/one-hsc-2025\/#breadcrumb\",\"itemListElement\":[{\"@type\":\"ListItem\",\"position\":1,\"name\":\"Home\",\"item\":\"https:\/\/www.one.org\/de\/\"},{\"@type\":\"ListItem\",\"position\":2,\"name\":\"Globale Zusammenarbeit: ONE-Jugendbotschafter*innen bei der HSC 2025\"}]},{\"@type\":\"WebSite\",\"@id\":\"https:\/\/www.one.org\/de\/#website\",\"url\":\"https:\/\/www.one.org\/de\/\",\"name\":\"ONE.org\",\"description\":\"F\u00fcr mehr wirtschaftliche Chancen und ein starkes Gesundheitswesen in Afrika\",\"potentialAction\":[{\"@type\":\"SearchAction\",\"target\":{\"@type\":\"EntryPoint\",\"urlTemplate\":\"https:\/\/www.one.org\/de\/?s={search_term_string}\"},\"query-input\":{\"@type\":\"PropertyValueSpecification\",\"valueRequired\":true,\"valueName\":\"search_term_string\"}}],\"inLanguage\":\"de-DE\"},{\"@type\":\"Person\",\"@id\":\"https:\/\/www.one.org\/de\/#\/schema\/person\/011e858903c0c7fd8ae29006f765ce79\",\"name\":\"Pia Schwaiger\",\"image\":{\"@type\":\"ImageObject\",\"inLanguage\":\"de-DE\",\"@id\":\"https:\/\/www.one.org\/de\/#\/schema\/person\/image\/\",\"url\":\"https:\/\/secure.gravatar.com\/avatar\/0e356bbd310553c5365f9d25e3e1492caafa5f6893ca921ac08a04a6079e7089?s=96&d=mm&r=g\",\"contentUrl\":\"https:\/\/secure.gravatar.com\/avatar\/0e356bbd310553c5365f9d25e3e1492caafa5f6893ca921ac08a04a6079e7089?s=96&d=mm&r=g\",\"caption\":\"Pia Schwaiger\"},\"description\":\"Ich bin Medienkoordinatorin bei der entwicklungspolitischen Organisation ONE und arbeite in der politischen Kommunikation. Meine Arbeit umfasst t\u00e4gliche Medienanalysen, die Entwicklung von Pressestrategien und die Pressearbeit der ONE-Jugendbotschafter*innen. Ich schreibe \u00fcber aktuelle Geschehnisse auf dem afrikanischen Kontinent.\",\"sameAs\":[\"https:\/\/www.linkedin.com\/in\/pia-schwaiger-6190351b0\/?locale=en\"],\"honorificPrefix\":\"Ms\",\"gender\":\"female\",\"knowsAbout\":[\"Medienbriefings und Medientrainings f\u00fcr deutsche Aktivist*innen\",\"Aktivismus-orientierte Kommunikationsstrategien\",\"Erstellung von Presskits\",\"Talking Points\",\"Medienansprache rund um politische Schl\u00fcsseltermine\"],\"knowsLanguage\":[\"Deutsch\",\"Englisch\"],\"jobTitle\":\"Media Coordinator\",\"worksFor\":\"The ONE Campaign\",\"url\":\"https:\/\/www.one.org\/de\/neuigkeiten\/author\/piaschwaiger\/\"}]}<\/script>\n<!-- \/ Yoast SEO Premium plugin. -->","yoast_head_json":{"title":"Globale Zusammenarbeit: ONE-Jugendbotschafter*innen bei der HSC 2025 - ONE.org Deutschland","description":"ONE Jugendbotschafter Millad berichtet von seinen Erfahrungen auf der Hamburg Sustainability Conference 2025.","robots":{"index":"index","follow":"follow","max-snippet":"max-snippet:-1","max-image-preview":"max-image-preview:large","max-video-preview":"max-video-preview:-1"},"canonical":"https:\/\/www.one.org\/de\/neuigkeiten\/one-hsc-2025\/","og_locale":"de_DE","og_type":"article","og_title":"Globale Zusammenarbeit: ONE-Jugendbotschafter*innen bei der HSC 2025","og_description":"ONE Jugendbotschafter Millad berichtet von seinen Erfahrungen auf der Hamburg Sustainability Conference 2025.","og_url":"https:\/\/www.one.org\/de\/neuigkeiten\/one-hsc-2025\/","og_site_name":"ONE.org Deutschland","article_publisher":"https:\/\/www.facebook.com\/ONEinNederland","article_published_time":"2025-07-07T14:40:58+00:00","article_modified_time":"2025-07-07T14:40:59+00:00","og_image":[{"width":1200,"height":628,"url":"https:\/\/www.one.org\/de\/wp-content\/uploads\/sites\/3\/2025\/06\/10.png","type":"image\/png"}],"author":"Pia Schwaiger","twitter_card":"summary_large_image","twitter_creator":"@ONENederland","twitter_site":"@ONENederland","twitter_misc":{"Written by":"Pia Schwaiger","Est. reading time":"3 minutes"},"schema":{"@context":"https:\/\/schema.org","@graph":[{"@type":["Article","BlogPosting"],"@id":"https:\/\/www.one.org\/de\/neuigkeiten\/one-hsc-2025\/#article","isPartOf":{"@id":"https:\/\/www.one.org\/de\/neuigkeiten\/one-hsc-2025\/"},"author":{"name":"Pia Schwaiger","@id":"https:\/\/www.one.org\/de\/#\/schema\/person\/011e858903c0c7fd8ae29006f765ce79"},"headline":"Globale Zusammenarbeit: ONE-Jugendbotschafter*innen bei der HSC 2025","datePublished":"2025-07-07T14:40:58+00:00","dateModified":"2025-07-07T14:40:59+00:00","mainEntityOfPage":{"@id":"https:\/\/www.one.org\/de\/neuigkeiten\/one-hsc-2025\/"},"wordCount":517,"image":{"@id":"https:\/\/www.one.org\/de\/neuigkeiten\/one-hsc-2025\/#primaryimage"},"thumbnailUrl":"https:\/\/www.one.org\/de\/wp-content\/uploads\/sites\/3\/2025\/06\/10.png","articleSection":["Aktuelles"],"inLanguage":"de-DE"},{"@type":"WebPage","@id":"https:\/\/www.one.org\/de\/neuigkeiten\/one-hsc-2025\/","url":"https:\/\/www.one.org\/de\/neuigkeiten\/one-hsc-2025\/","name":"Globale Zusammenarbeit: ONE-Jugendbotschafter*innen bei der HSC 2025 - ONE.org Deutschland","isPartOf":{"@id":"https:\/\/www.one.org\/de\/#website"},"primaryImageOfPage":{"@id":"https:\/\/www.one.org\/de\/neuigkeiten\/one-hsc-2025\/#primaryimage"},"image":{"@id":"https:\/\/www.one.org\/de\/neuigkeiten\/one-hsc-2025\/#primaryimage"},"thumbnailUrl":"https:\/\/www.one.org\/de\/wp-content\/uploads\/sites\/3\/2025\/06\/10.png","datePublished":"2025-07-07T14:40:58+00:00","dateModified":"2025-07-07T14:40:59+00:00","author":{"@id":"https:\/\/www.one.org\/de\/#\/schema\/person\/011e858903c0c7fd8ae29006f765ce79"},"description":"ONE Jugendbotschafter Millad berichtet von seinen Erfahrungen auf der Hamburg Sustainability Conference 2025.","breadcrumb":{"@id":"https:\/\/www.one.org\/de\/neuigkeiten\/one-hsc-2025\/#breadcrumb"},"inLanguage":"de-DE","potentialAction":[{"@type":"ReadAction","target":["https:\/\/www.one.org\/de\/neuigkeiten\/one-hsc-2025\/"]}]},{"@type":"ImageObject","inLanguage":"de-DE","@id":"https:\/\/www.one.org\/de\/neuigkeiten\/one-hsc-2025\/#primaryimage","url":"https:\/\/www.one.org\/de\/wp-content\/uploads\/sites\/3\/2025\/06\/10.png","contentUrl":"https:\/\/www.one.org\/de\/wp-content\/uploads\/sites\/3\/2025\/06\/10.png","width":1200,"height":628},{"@type":"BreadcrumbList","@id":"https:\/\/www.one.org\/de\/neuigkeiten\/one-hsc-2025\/#breadcrumb","itemListElement":[{"@type":"ListItem","position":1,"name":"Home","item":"https:\/\/www.one.org\/de\/"},{"@type":"ListItem","position":2,"name":"Globale Zusammenarbeit: ONE-Jugendbotschafter*innen bei der HSC 2025"}]},{"@type":"WebSite","@id":"https:\/\/www.one.org\/de\/#website","url":"https:\/\/www.one.org\/de\/","name":"ONE.org","description":"F\u00fcr mehr wirtschaftliche Chancen und ein starkes Gesundheitswesen in Afrika","potentialAction":[{"@type":"SearchAction","target":{"@type":"EntryPoint","urlTemplate":"https:\/\/www.one.org\/de\/?s={search_term_string}"},"query-input":{"@type":"PropertyValueSpecification","valueRequired":true,"valueName":"search_term_string"}}],"inLanguage":"de-DE"},{"@type":"Person","@id":"https:\/\/www.one.org\/de\/#\/schema\/person\/011e858903c0c7fd8ae29006f765ce79","name":"Pia Schwaiger","image":{"@type":"ImageObject","inLanguage":"de-DE","@id":"https:\/\/www.one.org\/de\/#\/schema\/person\/image\/","url":"https:\/\/secure.gravatar.com\/avatar\/0e356bbd310553c5365f9d25e3e1492caafa5f6893ca921ac08a04a6079e7089?s=96&d=mm&r=g","contentUrl":"https:\/\/secure.gravatar.com\/avatar\/0e356bbd310553c5365f9d25e3e1492caafa5f6893ca921ac08a04a6079e7089?s=96&d=mm&r=g","caption":"Pia Schwaiger"},"description":"Ich bin Medienkoordinatorin bei der entwicklungspolitischen Organisation ONE und arbeite in der politischen Kommunikation. Meine Arbeit umfasst t\u00e4gliche Medienanalysen, die Entwicklung von Pressestrategien und die Pressearbeit der ONE-Jugendbotschafter*innen. Ich schreibe \u00fcber aktuelle Geschehnisse auf dem afrikanischen Kontinent.","sameAs":["https:\/\/www.linkedin.com\/in\/pia-schwaiger-6190351b0\/?locale=en"],"honorificPrefix":"Ms","gender":"female","knowsAbout":["Medienbriefings und Medientrainings f\u00fcr deutsche Aktivist*innen","Aktivismus-orientierte Kommunikationsstrategien","Erstellung von Presskits","Talking Points","Medienansprache rund um politische Schl\u00fcsseltermine"],"knowsLanguage":["Deutsch","Englisch"],"jobTitle":"Media Coordinator","worksFor":"The ONE Campaign","url":"https:\/\/www.one.org\/de\/neuigkeiten\/author\/piaschwaiger\/"}]}},"distributor_meta":false,"distributor_terms":false,"distributor_media":false,"distributor_original_site_name":"ONE.org Deutschland","distributor_original_site_url":"https:\/\/www.one.org\/de","push-errors":false,"_links":{"self":[{"href":"https:\/\/www.one.org\/de\/wp-json\/wp\/v2\/posts\/172591","targetHints":{"allow":["GET"]}}],"collection":[{"href":"https:\/\/www.one.org\/de\/wp-json\/wp\/v2\/posts"}],"about":[{"href":"https:\/\/www.one.org\/de\/wp-json\/wp\/v2\/types\/post"}],"author":[{"embeddable":true,"href":"https:\/\/www.one.org\/de\/wp-json\/wp\/v2\/users\/22"}],"replies":[{"embeddable":true,"href":"https:\/\/www.one.org\/de\/wp-json\/wp\/v2\/comments?post=172591"}],"version-history":[{"count":0,"href":"https:\/\/www.one.org\/de\/wp-json\/wp\/v2\/posts\/172591\/revisions"}],"wp:featuredmedia":[{"embeddable":true,"href":"https:\/\/www.one.org\/de\/wp-json\/wp\/v2\/media\/172593"}],"wp:attachment":[{"href":"https:\/\/www.one.org\/de\/wp-json\/wp\/v2\/media?parent=172591"}],"wp:term":[{"taxonomy":"category","embeddable":true,"href":"https:\/\/www.one.org\/de\/wp-json\/wp\/v2\/categories?post=172591"},{"taxonomy":"post_tag","embeddable":true,"href":"https:\/\/www.one.org\/de\/wp-json\/wp\/v2\/tags?post=172591"},{"taxonomy":"topic","embeddable":true,"href":"https:\/\/www.one.org\/de\/wp-json\/wp\/v2\/topic?post=172591"},{"taxonomy":"contributor","embeddable":true,"href":"https:\/\/www.one.org\/de\/wp-json\/wp\/v2\/contributor?post=172591"},{"taxonomy":"one_content_audience","embeddable":true,"href":"https:\/\/www.one.org\/de\/wp-json\/wp\/v2\/one_content_audience?post=172591"},{"taxonomy":"one_content_type","embeddable":true,"href":"https:\/\/www.one.org\/de\/wp-json\/wp\/v2\/one_content_type?post=172591"},{"taxonomy":"one_content_tone","embeddable":true,"href":"https:\/\/www.one.org\/de\/wp-json\/wp\/v2\/one_content_tone?post=172591"}],"curies":[{"name":"wp","href":"https:\/\/api.w.org\/{rel}","templated":true}]}}