{"id":172478,"date":"2025-06-06T11:11:53","date_gmt":"2025-06-06T11:11:53","guid":{"rendered":"https:\/\/www.one.org\/de\/?p=172478"},"modified":"2025-09-08T13:07:14","modified_gmt":"2025-09-08T13:07:14","slug":"25-jahre-frauen-frieden-sicherheit","status":"publish","type":"post","link":"https:\/\/www.one.org\/de\/neuigkeiten\/25-jahre-frauen-frieden-sicherheit\/","title":{"rendered":"25 Jahre Frauen, Frieden, Sicherheit &#8211; Und jetzt?"},"content":{"rendered":"\n<p>Im&nbsp; <a href=\"https:\/\/www.spd.de\/fileadmin\/Dokumente\/Koalitionsvertrag2025_bf.pdf\" target=\"_blank\" rel=\"noreferrer noopener\">Koalitionsvertrag<\/a> der Bundesregierung steht klar: Frieden und Sicherheit sind die zentralen Eckpfeiler der Au\u00dfen- und Entwicklungspolitik. Daf\u00fcr sind feministische Ans\u00e4tze und die Beteiligung von Frauen unabdingbar \u2013 <strong>denn Friedensabkommen, an denen Frauen beteiligt sind, <\/strong><a href=\"https:\/\/www.ipinst.org\/wp-content\/uploads\/2015\/06\/IPI-E-pub-Reimagining-Peacemaking-rev.pdf\" target=\"_blank\" rel=\"noreferrer noopener\"><strong>halten nachweislich l\u00e4nger<\/strong><\/a>.&nbsp;<\/p>\n\n\n\n<p>Es ist ein positives Zeichen, dass die Bundesregierung sich dazu verpflichtet hat, die UN-Resolution 1325 zu <em>Frauen, Frieden und Sicherheit<\/em> umzusetzen und weiterzuentwickeln. Das ist wichtiger denn je, weil Frauen oft in Friedensverhandlungen kein Geh\u00f6r finden.<\/p>\n\n\n\n<p>Die Situation sudanesischer Frauen im aktuellen Konflikt zeigt exemplarisch,<strong> <\/strong>warum <strong>Geschlechtergleichstellung kein \u201enice-to-have\u201c ist, sondern ein zentrales Kriterium f\u00fcr erfolgreiche Friedenspolitik und Entwicklungszusammenarbeit<\/strong>.&nbsp;<\/p>\n\n\n\n<h2 class=\"wp-block-heading\" id=\"h-was-ist-die-agenda-1325-und-warum-ist-sie-heute-wichtiger-denn-je-nbsp\">Was ist die Agenda 1325 &#8211; und warum ist sie heute wichtiger denn je?&nbsp;<\/h2>\n\n\n\n<p>Vor 25 Jahren verabschiedete der UN-Sicherheitsrat <a href=\"https:\/\/www.un.org\/womenwatch\/osagi\/wps\/\" target=\"_blank\" rel=\"noreferrer noopener\">Resolution 1325<\/a>. Sie verpflichtet die internationale Gemeinschaft dazu, <strong>Frauen systematisch in Friedensprozesse einzubeziehen<\/strong>, sie <strong>vor sexualisierter Gewalt zu sch\u00fctzen<\/strong> und <strong>Genderperspektiven in allen sicherheits- und entwicklungspolitischen Ma\u00dfnahmen<\/strong> zu ber\u00fccksichtigen.&nbsp;<\/p>\n\n\n\n<p>Diese Prinzipien sind heute aktueller denn je. Frauen und M\u00e4dchen sind weltweit \u00fcberproportional von Konflikten und Krisen betroffen und gleichzeitig sind sie unverzichtbare Akteur*innen des Friedens.&nbsp;<\/p>\n\n\n\n<ul class=\"wp-block-list\">\n<li><a href=\"https:\/\/www.ipinst.org\/wp-content\/uploads\/2015\/06\/IPI-E-pub-Reimagining-Peacemaking-rev.pdf\" target=\"_blank\" rel=\"noreferrer noopener\"><strong>Friedensabkommen mit weiblicher Beteiligung halten im Schnitt<\/strong> <strong>35% l\u00e4nger<\/strong><\/a> \u2013 \u00fcber 15 Jahre hinweg.&nbsp;<\/li>\n<\/ul>\n\n\n\n<ul class=\"wp-block-list\">\n<li>Frauen bringen auch diversere Perspektiven in Verhandlungen ein, wodurch sichergestellt wird, dass eine Vielzahl von Ansichten und Interessen vertreten wird.&nbsp;<\/li>\n<\/ul>\n\n\n\n<blockquote class=\"wp-block-quote is-layout-flow wp-block-quote-is-layout-flow\">\n<p><em>Inklusivit\u00e4t zu verbessern, indem Frauen auf allen Ebenen und in allen Phasen von Friedensprozessen teilhaben, ist ein wichtiger Ansatz zur St\u00e4rkung von Friedensprozessen.\u201c<\/em> <\/p>\n<\/blockquote>\n\n\n\n<p>\u2013 <a href=\"https:\/\/www.auswaertiges-amt.de\/resource\/blob\/216940\/3596859eebe39f90fa327e81ede416a3\/aktionsplan1325-data.pdf\">Dritter Aktionsplan der Bundesregierung zur Umsetzung der Agenda 1325<\/a><br><br>Doch der Ausschluss von Frauen ist immer noch die Regel. <a href=\"https:\/\/docs.un.org\/UNW\/2025\/2\" target=\"_blank\" rel=\"noreferrer noopener\">2023 waren im globalen Durchschnitt<\/a> nur <strong>5% der Verhandler*innen<\/strong>, <strong>9% der Mediator*innen<\/strong> und <strong>19% der Unterzeichnenden<\/strong> <strong>an Friedensabkommen weiblich<\/strong> \u2013 ohne Kolumbien sogar nur 3,75%.&nbsp;<\/p>\n\n\n\n<h2 class=\"wp-block-heading\" id=\"h-frauen-im-sudan-am-starksten-betroffen-am-meisten-engagiert-und-dennoch-ausgeschlossen\">Frauen im Sudan: Am st\u00e4rksten betroffen, am meisten engagiert &#8211; und dennoch ausgeschlossen<\/h2>\n\n\n\n<p>Im Sudan hat sich die Krise in den vergangenen zwei Jahren <a href=\"https:\/\/www.one.org\/de\/neuigkeiten\/was-passiert-im-sudan\/\" target=\"_blank\" rel=\"noreferrer noopener\">dramatisch versch\u00e4rft<\/a> \u2013 mit <a href=\"https:\/\/www.unwomen.org\/en\/articles\/facts-and-figures\/facts-and-figures-women-peace-and-security\" target=\"_blank\" rel=\"noreferrer noopener\">katastrophalen Folgen f\u00fcr Frauen und M\u00e4dchen<\/a>:&nbsp;<\/p>\n\n\n\n<ul class=\"wp-block-list\">\n<li><strong>\u00dcber 5,8 Millionen Frauen und M\u00e4dchen<\/strong> sind innerhalb des Landes vertrieben \u2013 das sind <strong>53% der Binnenfl\u00fcchtlinge<\/strong>.&nbsp;<\/li>\n<\/ul>\n\n\n\n<ul class=\"wp-block-list\">\n<li>Der Zugang zu Gesundheitsversorgung, sauberem Wasser oder Schutz vor Gewalt ist f\u00fcr viele schlichtweg nicht mehr gegeben.&nbsp;<\/li>\n<\/ul>\n\n\n\n<ul class=\"wp-block-list\">\n<li>Die Zahl der von geschlechtsspezifischer Gewalt bedrohten Menschen hat sich <strong>mehr als verdreifacht<\/strong>.&nbsp;<\/li>\n<\/ul>\n\n\n\n<p>Gleichzeitig sind Frauen die Schl\u00fcsselakteur*innen bei der Krisenbew\u00e4ltigung und Friedensprozesse. <a href=\"https:\/\/www.rand.org\/pubs\/commentary\/2024\/05\/sudanese-women-as-agents-of-change-in-the-wake-of-conflict.html#:~:text=Roughly%2019%20million%20school%2Daged%20children%20have%20been,inability%20to%20compensate%20teachers%20and%20other%20workers.\" target=\"_blank\" rel=\"noreferrer noopener\"><strong>Zwei Drittel der Demonstrierenden<\/strong><\/a> in Sudan, die 2019 zum Sturz des damaligen Pr\u00e4sidenten Omar al-Bashir beitrugen, <strong>waren Frauen<\/strong>. Sie organisierten Fluchtrouten, leisteten Hilfe und setzten sich f\u00fcr gewaltfreie L\u00f6sungen ein \u2013 oft dort, wo staatliche Hilfe fehlt. Und trotzdem: <strong>In den Friedensverhandlungen<\/strong>, auch 2023 in Jeddah,<strong> waren keine Frauen beteiligt<\/strong>. 49 Organisationen gr\u00fcndeten die \u201e<a href=\"https:\/\/sudan.un.org\/en\/255336-sudanese-women-advocate-peace-conference-uganda\" target=\"_blank\" rel=\"noreferrer noopener\">Peace for Sudan Platform<\/a>\u201c\u201c, um f\u00fcr ein inklusives Abkommen zu k\u00e4mpfen \u2013 bislang ohne Erfolg.\u00a0<\/p>\n\n\n\n<p>Das steht im klaren Widerspruch zur Agenda 1325, die genau solche Exklusion verhindern will.&nbsp;<\/p>\n\n\n\n<blockquote class=\"wp-block-quote is-layout-flow wp-block-quote-is-layout-flow\">\n<p><em>Ein Schl\u00fcsselfaktor, der den Fortschritt untergr\u00e4bt, ist die zunehmende Ablehnung von Frauenrechten und Geschlechtergleichstellung.\u201c<\/em>&nbsp;&nbsp;<\/p>\n<\/blockquote>\n\n\n\n<p>\u2013 <a href=\"https:\/\/www.securitycouncilreport.org\/atf\/cf\/%7B65BFCF9B-6D27-4E9C-8CD3-CF6E4FF96FF9%7D\/S-2024-671.pdf\" target=\"_blank\" rel=\"noreferrer noopener\">Bericht des UN-Generalsekret\u00e4rs zu Frauen, Frieden und Sicherheit, September 2024<\/a><\/p>\n\n\n\n<h2 class=\"wp-block-heading\" id=\"h-was-fur-frauenrechte-jetzt-passieren-muss\">Was f\u00fcr Frauenrechte jetzt passieren muss<\/h2>\n\n\n\n<ul class=\"wp-block-list\">\n<li>Frauen m\u00fcssen in <strong>alle Friedensprozesse und Wiederaufbauprogramme systematisch eingebunden<\/strong> werden.&nbsp;<\/li>\n<\/ul>\n\n\n\n<ul class=\"wp-block-list\">\n<li>Deutschland muss den <strong>vierten Nationalen Aktionsplan<\/strong> zur Umsetzung von Resolution 1325, der eigentlich bis Ende 2025 erscheinen sollte, <strong>z\u00fcgig und unter Einbindung der Zivilgesellschaft<\/strong> erarbeiten. Er braucht <strong>klare, messbare Ziele<\/strong> und eine verbindliche Umsetzung.&nbsp;<\/li>\n<\/ul>\n\n\n\n<ul class=\"wp-block-list\">\n<li>Zum Schutz und zur Unterst\u00fctzung von \u00dcberlebenden sexualisierter Gewalt sollte die Bundesregierung im neuen Aktionsplan einen <strong>transformativen Ansatz zur Bek\u00e4mpfung und Pr\u00e4vention geschlechtsspezifischer Gewalt<\/strong> verankern \u2013 mit langfristiger Finanzierung und politischer Verbindlichkeit, vor, w\u00e4hrend und nach Konflikten.&nbsp;<\/li>\n<\/ul>\n\n\n\n<ul class=\"wp-block-list\">\n<li><strong>Lokale feministische und Frauengef\u00fchrte Organisationen<\/strong> im Sudan und anderen Konfliktl\u00e4ndern leisten unverzichtbare Arbeit \u2013 sie m\u00fcssen <strong>finanziell, politisch und strukturell gest\u00e4rkt<\/strong> werden.&nbsp;<\/li>\n<\/ul>\n\n\n\n<p>Auch 25 Jahre nach Verabschiedung der Agenda 1325 sind Frauen \u2013 wie aktuell im Sudan &#8211; von Friedensprozessen oft ausgeschlossen. Dabei ist ihre Beteiligung entscheidend f\u00fcr nachhaltigen Frieden.&nbsp;<\/p>\n\n\n\n<p><strong>Die Bundesregierung muss handeln:<\/strong> Die Agenda 1325 muss konsequent umgesetzt werden \u2013 mit echter Beteiligung von Frauen, gezielter F\u00f6rderung lokaler Akteur*innen und einen st\u00e4rkeren Fokus auf Geschlechtergleichstellung in der Entwicklungszusammenarbeit.&nbsp;<\/p>\n\n\n\n<h3 class=\"wp-block-heading\" id=\"h-und-du-kannst-ein-zeichen-setzen-lies-mehr-uber-die-krise-in-den-sudan-und-unterschreibe-unsere-petition-nbsp\"><strong>\ud83d\udce3<\/strong><strong> Und du kannst ein Zeichen setzen:<\/strong> Lies mehr \u00fcber die <a href=\"https:\/\/www.one.org\/de\/neuigkeiten\/sudan-krise-2025\/\" target=\"_blank\" rel=\"noreferrer noopener\">Krise in den Sudan<\/a> und <a href=\"https:\/\/act.one.org\/sign\/stand-with-sudan\/\" target=\"_blank\" rel=\"noreferrer noopener\">unterschreibe unsere Petition<\/a>.&nbsp;<\/h3>\n\n\n\n<p><\/p>\n<div class=\"buffer\"><\/div>","protected":false},"excerpt":{"rendered":"<p>Im&nbsp; Koalitionsvertrag der Bundesregierung steht klar: Frieden und Sicherheit sind die zentralen Eckpfeiler der Au\u00dfen- und Entwicklungspolitik. Daf\u00fcr sind feministische Ans\u00e4tze und die Beteiligung von Frauen unabdingbar \u2013 denn Friedensabkommen, an denen Frauen beteiligt sind, halten nachweislich l\u00e4nger.&nbsp; Es ist ein positives Zeichen, dass die Bundesregierung sich dazu verpflichtet hat, die UN-Resolution 1325 zu Frauen, [&hellip;]<\/p>\n","protected":false},"author":68,"featured_media":172527,"comment_status":"closed","ping_status":"closed","sticky":false,"template":"","format":"standard","meta":{"_acf_changed":false,"_relevanssi_hide_post":"","_relevanssi_hide_content":"","_relevanssi_pin_for_all":"","_relevanssi_pin_keywords":"","_relevanssi_unpin_keywords":"","_relevanssi_related_keywords":"","_relevanssi_related_include_ids":"","_relevanssi_related_exclude_ids":"","_relevanssi_related_no_append":"","_relevanssi_related_not_related":"","_relevanssi_related_posts":"167480,167753,169596,172086,167559,167682","_relevanssi_noindex_reason":"","footnotes":""},"categories":[1],"tags":[295,72,307],"topic":[],"contributor":[308],"one_content_audience":[],"one_content_type":[],"one_content_tone":[],"class_list":["post-172478","post","type-post","status-publish","format-standard","has-post-thumbnail","hentry","category-uncategorized","tag-feminismus","tag-frauen-und-madchen","tag-frieden","contributor-ezgi-akarsu"],"acf":[],"yoast_head":"<!-- This site is optimized with the Yoast SEO Premium plugin v27.1 (Yoast SEO v27.1.1) - https:\/\/yoast.com\/product\/yoast-seo-premium-wordpress\/ -->\n<title>25 Jahre Frauen, Frieden, Sicherheit - Und jetzt? - ONE.org Deutschland<\/title>\n<meta name=\"description\" content=\"25 Jahre nach Verabschiedung der Agenda 1325 sind Frauen von Friedensprozessen oft ausgeschlossen. Dabei ist ihre Beteiligung entscheidend.\" \/>\n<meta name=\"robots\" content=\"index, follow, max-snippet:-1, max-image-preview:large, max-video-preview:-1\" \/>\n<link rel=\"canonical\" href=\"https:\/\/www.one.org\/de\/neuigkeiten\/25-jahre-frauen-frieden-sicherheit\/\" \/>\n<meta property=\"og:locale\" content=\"de_DE\" \/>\n<meta property=\"og:type\" content=\"article\" \/>\n<meta property=\"og:title\" content=\"25 Jahre Frauen, Frieden, Sicherheit - Und jetzt?\" \/>\n<meta property=\"og:description\" content=\"25 Jahre nach Verabschiedung der Agenda 1325 sind Frauen von Friedensprozessen oft ausgeschlossen. Dabei ist ihre Beteiligung entscheidend.\" \/>\n<meta property=\"og:url\" content=\"https:\/\/www.one.org\/de\/neuigkeiten\/25-jahre-frauen-frieden-sicherheit\/\" \/>\n<meta property=\"og:site_name\" content=\"ONE.org Deutschland\" \/>\n<meta property=\"article:publisher\" content=\"https:\/\/www.facebook.com\/ONEinNederland\" \/>\n<meta property=\"article:published_time\" content=\"2025-06-06T11:11:53+00:00\" \/>\n<meta property=\"article:modified_time\" content=\"2025-09-08T13:07:14+00:00\" \/>\n<meta property=\"og:image\" content=\"https:\/\/www.one.org\/de\/wp-content\/uploads\/sites\/3\/2025\/06\/Frauen-Frieden-Sicherheit-Agenda.png\" \/>\n\t<meta property=\"og:image:width\" content=\"1200\" \/>\n\t<meta property=\"og:image:height\" content=\"628\" \/>\n\t<meta property=\"og:image:type\" content=\"image\/png\" \/>\n<meta name=\"author\" content=\"Ezgi Akarsu\" \/>\n<meta name=\"twitter:card\" content=\"summary_large_image\" \/>\n<meta name=\"twitter:creator\" content=\"@ONENederland\" \/>\n<meta name=\"twitter:site\" content=\"@ONENederland\" \/>\n<meta name=\"twitter:label1\" content=\"Written by\" \/>\n\t<meta name=\"twitter:data1\" content=\"Ezgi Akarsu\" \/>\n\t<meta name=\"twitter:label2\" content=\"Est. reading time\" \/>\n\t<meta name=\"twitter:data2\" content=\"3 minutes\" \/>\n<script type=\"application\/ld+json\" class=\"yoast-schema-graph\">{\"@context\":\"https:\/\/schema.org\",\"@graph\":[{\"@type\":[\"Article\",\"BlogPosting\"],\"@id\":\"https:\/\/www.one.org\/de\/neuigkeiten\/25-jahre-frauen-frieden-sicherheit\/#article\",\"isPartOf\":{\"@id\":\"https:\/\/www.one.org\/de\/neuigkeiten\/25-jahre-frauen-frieden-sicherheit\/\"},\"author\":{\"name\":\"Ezgi Akarsu\",\"@id\":\"https:\/\/www.one.org\/de\/#\/schema\/person\/5698a6d38c22a7b5173e3cef755863d4\"},\"headline\":\"25 Jahre Frauen, Frieden, Sicherheit &#8211; Und jetzt?\",\"datePublished\":\"2025-06-06T11:11:53+00:00\",\"dateModified\":\"2025-09-08T13:07:14+00:00\",\"mainEntityOfPage\":{\"@id\":\"https:\/\/www.one.org\/de\/neuigkeiten\/25-jahre-frauen-frieden-sicherheit\/\"},\"wordCount\":701,\"image\":{\"@id\":\"https:\/\/www.one.org\/de\/neuigkeiten\/25-jahre-frauen-frieden-sicherheit\/#primaryimage\"},\"thumbnailUrl\":\"https:\/\/www.one.org\/de\/wp-content\/uploads\/sites\/3\/2025\/06\/Frauen-Frieden-Sicherheit-Agenda.png\",\"keywords\":[\"Feminismus\",\"Frauen und M\u00e4dchen\",\"Frieden\"],\"inLanguage\":\"de-DE\"},{\"@type\":\"WebPage\",\"@id\":\"https:\/\/www.one.org\/de\/neuigkeiten\/25-jahre-frauen-frieden-sicherheit\/\",\"url\":\"https:\/\/www.one.org\/de\/neuigkeiten\/25-jahre-frauen-frieden-sicherheit\/\",\"name\":\"25 Jahre Frauen, Frieden, Sicherheit - Und jetzt? - ONE.org Deutschland\",\"isPartOf\":{\"@id\":\"https:\/\/www.one.org\/de\/#website\"},\"primaryImageOfPage\":{\"@id\":\"https:\/\/www.one.org\/de\/neuigkeiten\/25-jahre-frauen-frieden-sicherheit\/#primaryimage\"},\"image\":{\"@id\":\"https:\/\/www.one.org\/de\/neuigkeiten\/25-jahre-frauen-frieden-sicherheit\/#primaryimage\"},\"thumbnailUrl\":\"https:\/\/www.one.org\/de\/wp-content\/uploads\/sites\/3\/2025\/06\/Frauen-Frieden-Sicherheit-Agenda.png\",\"datePublished\":\"2025-06-06T11:11:53+00:00\",\"dateModified\":\"2025-09-08T13:07:14+00:00\",\"author\":{\"@id\":\"https:\/\/www.one.org\/de\/#\/schema\/person\/5698a6d38c22a7b5173e3cef755863d4\"},\"description\":\"25 Jahre nach Verabschiedung der Agenda 1325 sind Frauen von Friedensprozessen oft ausgeschlossen. Dabei ist ihre Beteiligung entscheidend.\",\"breadcrumb\":{\"@id\":\"https:\/\/www.one.org\/de\/neuigkeiten\/25-jahre-frauen-frieden-sicherheit\/#breadcrumb\"},\"inLanguage\":\"de-DE\",\"potentialAction\":[{\"@type\":\"ReadAction\",\"target\":[\"https:\/\/www.one.org\/de\/neuigkeiten\/25-jahre-frauen-frieden-sicherheit\/\"]}]},{\"@type\":\"ImageObject\",\"inLanguage\":\"de-DE\",\"@id\":\"https:\/\/www.one.org\/de\/neuigkeiten\/25-jahre-frauen-frieden-sicherheit\/#primaryimage\",\"url\":\"https:\/\/www.one.org\/de\/wp-content\/uploads\/sites\/3\/2025\/06\/Frauen-Frieden-Sicherheit-Agenda.png\",\"contentUrl\":\"https:\/\/www.one.org\/de\/wp-content\/uploads\/sites\/3\/2025\/06\/Frauen-Frieden-Sicherheit-Agenda.png\",\"width\":1200,\"height\":628},{\"@type\":\"BreadcrumbList\",\"@id\":\"https:\/\/www.one.org\/de\/neuigkeiten\/25-jahre-frauen-frieden-sicherheit\/#breadcrumb\",\"itemListElement\":[{\"@type\":\"ListItem\",\"position\":1,\"name\":\"Home\",\"item\":\"https:\/\/www.one.org\/de\/\"},{\"@type\":\"ListItem\",\"position\":2,\"name\":\"25 Jahre Frauen, Frieden, Sicherheit &#8211; Und jetzt?\"}]},{\"@type\":\"WebSite\",\"@id\":\"https:\/\/www.one.org\/de\/#website\",\"url\":\"https:\/\/www.one.org\/de\/\",\"name\":\"ONE.org\",\"description\":\"F\u00fcr mehr wirtschaftliche Chancen und ein starkes Gesundheitswesen in Afrika\",\"potentialAction\":[{\"@type\":\"SearchAction\",\"target\":{\"@type\":\"EntryPoint\",\"urlTemplate\":\"https:\/\/www.one.org\/de\/?s={search_term_string}\"},\"query-input\":{\"@type\":\"PropertyValueSpecification\",\"valueRequired\":true,\"valueName\":\"search_term_string\"}}],\"inLanguage\":\"de-DE\"},{\"@type\":\"Person\",\"@id\":\"https:\/\/www.one.org\/de\/#\/schema\/person\/5698a6d38c22a7b5173e3cef755863d4\",\"name\":\"Ezgi Akarsu\",\"image\":{\"@type\":\"ImageObject\",\"inLanguage\":\"de-DE\",\"@id\":\"https:\/\/www.one.org\/de\/#\/schema\/person\/image\/\",\"url\":\"https:\/\/secure.gravatar.com\/avatar\/a47a2b043ee6287c4fb35a6e1c74e3f03cfff2f28aca69ef0dbc0f701da2dc6b?s=96&d=mm&r=g\",\"contentUrl\":\"https:\/\/secure.gravatar.com\/avatar\/a47a2b043ee6287c4fb35a6e1c74e3f03cfff2f28aca69ef0dbc0f701da2dc6b?s=96&d=mm&r=g\",\"caption\":\"Ezgi Akarsu\"},\"description\":\"Ezgi Akarsu ist Senior Advocacy Coordinator, Gender Equality bei ONE. Sie setzt sich ein f\u00fcr feministische Ans\u00e4tze in der Entwicklungszusammenarbeit. Ihr Fokus liegt auf der Qualit\u00e4t und dem Umfang \u00f6ffentlicher Entwicklungsgelder (ODA), die Projekten und Organisationen mit Fokus auf Gender Equality zugutekommen.\",\"sameAs\":[\"https:\/\/www.linkedin.com\/in\/ezgi-akarsu\/\"],\"gender\":\"Female\",\"knowsAbout\":[\"Gender equality\",\"feminist foreign policy\",\"feminist development policy\",\"feministische Entwicklungspolitik\",\"feministische Au\u00dfenpolitik\",\"Geschlechtergleichstellung\",\"ODA\",\"Entwicklungszusammenarbeit\"],\"knowsLanguage\":[\"English\",\"Turkish\",\"German\",\"Spanish\"],\"jobTitle\":\"Senior Advocacy Coordinator, Gender Equality\",\"worksFor\":\"The ONE Campaign\",\"url\":\"https:\/\/www.one.org\/de\/neuigkeiten\/author\/ezgiakarsu\/\"}]}<\/script>\n<!-- \/ Yoast SEO Premium plugin. -->","yoast_head_json":{"title":"25 Jahre Frauen, Frieden, Sicherheit - Und jetzt? - ONE.org Deutschland","description":"25 Jahre nach Verabschiedung der Agenda 1325 sind Frauen von Friedensprozessen oft ausgeschlossen. Dabei ist ihre Beteiligung entscheidend.","robots":{"index":"index","follow":"follow","max-snippet":"max-snippet:-1","max-image-preview":"max-image-preview:large","max-video-preview":"max-video-preview:-1"},"canonical":"https:\/\/www.one.org\/de\/neuigkeiten\/25-jahre-frauen-frieden-sicherheit\/","og_locale":"de_DE","og_type":"article","og_title":"25 Jahre Frauen, Frieden, Sicherheit - Und jetzt?","og_description":"25 Jahre nach Verabschiedung der Agenda 1325 sind Frauen von Friedensprozessen oft ausgeschlossen. Dabei ist ihre Beteiligung entscheidend.","og_url":"https:\/\/www.one.org\/de\/neuigkeiten\/25-jahre-frauen-frieden-sicherheit\/","og_site_name":"ONE.org Deutschland","article_publisher":"https:\/\/www.facebook.com\/ONEinNederland","article_published_time":"2025-06-06T11:11:53+00:00","article_modified_time":"2025-09-08T13:07:14+00:00","og_image":[{"width":1200,"height":628,"url":"https:\/\/www.one.org\/de\/wp-content\/uploads\/sites\/3\/2025\/06\/Frauen-Frieden-Sicherheit-Agenda.png","type":"image\/png"}],"author":"Ezgi Akarsu","twitter_card":"summary_large_image","twitter_creator":"@ONENederland","twitter_site":"@ONENederland","twitter_misc":{"Written by":"Ezgi Akarsu","Est. reading time":"3 minutes"},"schema":{"@context":"https:\/\/schema.org","@graph":[{"@type":["Article","BlogPosting"],"@id":"https:\/\/www.one.org\/de\/neuigkeiten\/25-jahre-frauen-frieden-sicherheit\/#article","isPartOf":{"@id":"https:\/\/www.one.org\/de\/neuigkeiten\/25-jahre-frauen-frieden-sicherheit\/"},"author":{"name":"Ezgi Akarsu","@id":"https:\/\/www.one.org\/de\/#\/schema\/person\/5698a6d38c22a7b5173e3cef755863d4"},"headline":"25 Jahre Frauen, Frieden, Sicherheit &#8211; Und jetzt?","datePublished":"2025-06-06T11:11:53+00:00","dateModified":"2025-09-08T13:07:14+00:00","mainEntityOfPage":{"@id":"https:\/\/www.one.org\/de\/neuigkeiten\/25-jahre-frauen-frieden-sicherheit\/"},"wordCount":701,"image":{"@id":"https:\/\/www.one.org\/de\/neuigkeiten\/25-jahre-frauen-frieden-sicherheit\/#primaryimage"},"thumbnailUrl":"https:\/\/www.one.org\/de\/wp-content\/uploads\/sites\/3\/2025\/06\/Frauen-Frieden-Sicherheit-Agenda.png","keywords":["Feminismus","Frauen und M\u00e4dchen","Frieden"],"inLanguage":"de-DE"},{"@type":"WebPage","@id":"https:\/\/www.one.org\/de\/neuigkeiten\/25-jahre-frauen-frieden-sicherheit\/","url":"https:\/\/www.one.org\/de\/neuigkeiten\/25-jahre-frauen-frieden-sicherheit\/","name":"25 Jahre Frauen, Frieden, Sicherheit - Und jetzt? - ONE.org Deutschland","isPartOf":{"@id":"https:\/\/www.one.org\/de\/#website"},"primaryImageOfPage":{"@id":"https:\/\/www.one.org\/de\/neuigkeiten\/25-jahre-frauen-frieden-sicherheit\/#primaryimage"},"image":{"@id":"https:\/\/www.one.org\/de\/neuigkeiten\/25-jahre-frauen-frieden-sicherheit\/#primaryimage"},"thumbnailUrl":"https:\/\/www.one.org\/de\/wp-content\/uploads\/sites\/3\/2025\/06\/Frauen-Frieden-Sicherheit-Agenda.png","datePublished":"2025-06-06T11:11:53+00:00","dateModified":"2025-09-08T13:07:14+00:00","author":{"@id":"https:\/\/www.one.org\/de\/#\/schema\/person\/5698a6d38c22a7b5173e3cef755863d4"},"description":"25 Jahre nach Verabschiedung der Agenda 1325 sind Frauen von Friedensprozessen oft ausgeschlossen. Dabei ist ihre Beteiligung entscheidend.","breadcrumb":{"@id":"https:\/\/www.one.org\/de\/neuigkeiten\/25-jahre-frauen-frieden-sicherheit\/#breadcrumb"},"inLanguage":"de-DE","potentialAction":[{"@type":"ReadAction","target":["https:\/\/www.one.org\/de\/neuigkeiten\/25-jahre-frauen-frieden-sicherheit\/"]}]},{"@type":"ImageObject","inLanguage":"de-DE","@id":"https:\/\/www.one.org\/de\/neuigkeiten\/25-jahre-frauen-frieden-sicherheit\/#primaryimage","url":"https:\/\/www.one.org\/de\/wp-content\/uploads\/sites\/3\/2025\/06\/Frauen-Frieden-Sicherheit-Agenda.png","contentUrl":"https:\/\/www.one.org\/de\/wp-content\/uploads\/sites\/3\/2025\/06\/Frauen-Frieden-Sicherheit-Agenda.png","width":1200,"height":628},{"@type":"BreadcrumbList","@id":"https:\/\/www.one.org\/de\/neuigkeiten\/25-jahre-frauen-frieden-sicherheit\/#breadcrumb","itemListElement":[{"@type":"ListItem","position":1,"name":"Home","item":"https:\/\/www.one.org\/de\/"},{"@type":"ListItem","position":2,"name":"25 Jahre Frauen, Frieden, Sicherheit &#8211; Und jetzt?"}]},{"@type":"WebSite","@id":"https:\/\/www.one.org\/de\/#website","url":"https:\/\/www.one.org\/de\/","name":"ONE.org","description":"F\u00fcr mehr wirtschaftliche Chancen und ein starkes Gesundheitswesen in Afrika","potentialAction":[{"@type":"SearchAction","target":{"@type":"EntryPoint","urlTemplate":"https:\/\/www.one.org\/de\/?s={search_term_string}"},"query-input":{"@type":"PropertyValueSpecification","valueRequired":true,"valueName":"search_term_string"}}],"inLanguage":"de-DE"},{"@type":"Person","@id":"https:\/\/www.one.org\/de\/#\/schema\/person\/5698a6d38c22a7b5173e3cef755863d4","name":"Ezgi Akarsu","image":{"@type":"ImageObject","inLanguage":"de-DE","@id":"https:\/\/www.one.org\/de\/#\/schema\/person\/image\/","url":"https:\/\/secure.gravatar.com\/avatar\/a47a2b043ee6287c4fb35a6e1c74e3f03cfff2f28aca69ef0dbc0f701da2dc6b?s=96&d=mm&r=g","contentUrl":"https:\/\/secure.gravatar.com\/avatar\/a47a2b043ee6287c4fb35a6e1c74e3f03cfff2f28aca69ef0dbc0f701da2dc6b?s=96&d=mm&r=g","caption":"Ezgi Akarsu"},"description":"Ezgi Akarsu ist Senior Advocacy Coordinator, Gender Equality bei ONE. Sie setzt sich ein f\u00fcr feministische Ans\u00e4tze in der Entwicklungszusammenarbeit. Ihr Fokus liegt auf der Qualit\u00e4t und dem Umfang \u00f6ffentlicher Entwicklungsgelder (ODA), die Projekten und Organisationen mit Fokus auf Gender Equality zugutekommen.","sameAs":["https:\/\/www.linkedin.com\/in\/ezgi-akarsu\/"],"gender":"Female","knowsAbout":["Gender equality","feminist foreign policy","feminist development policy","feministische Entwicklungspolitik","feministische Au\u00dfenpolitik","Geschlechtergleichstellung","ODA","Entwicklungszusammenarbeit"],"knowsLanguage":["English","Turkish","German","Spanish"],"jobTitle":"Senior Advocacy Coordinator, Gender Equality","worksFor":"The ONE Campaign","url":"https:\/\/www.one.org\/de\/neuigkeiten\/author\/ezgiakarsu\/"}]}},"distributor_meta":false,"distributor_terms":false,"distributor_media":false,"distributor_original_site_name":"ONE.org Deutschland","distributor_original_site_url":"https:\/\/www.one.org\/de","push-errors":false,"_links":{"self":[{"href":"https:\/\/www.one.org\/de\/wp-json\/wp\/v2\/posts\/172478","targetHints":{"allow":["GET"]}}],"collection":[{"href":"https:\/\/www.one.org\/de\/wp-json\/wp\/v2\/posts"}],"about":[{"href":"https:\/\/www.one.org\/de\/wp-json\/wp\/v2\/types\/post"}],"author":[{"embeddable":true,"href":"https:\/\/www.one.org\/de\/wp-json\/wp\/v2\/users\/68"}],"replies":[{"embeddable":true,"href":"https:\/\/www.one.org\/de\/wp-json\/wp\/v2\/comments?post=172478"}],"version-history":[{"count":0,"href":"https:\/\/www.one.org\/de\/wp-json\/wp\/v2\/posts\/172478\/revisions"}],"wp:featuredmedia":[{"embeddable":true,"href":"https:\/\/www.one.org\/de\/wp-json\/wp\/v2\/media\/172527"}],"wp:attachment":[{"href":"https:\/\/www.one.org\/de\/wp-json\/wp\/v2\/media?parent=172478"}],"wp:term":[{"taxonomy":"category","embeddable":true,"href":"https:\/\/www.one.org\/de\/wp-json\/wp\/v2\/categories?post=172478"},{"taxonomy":"post_tag","embeddable":true,"href":"https:\/\/www.one.org\/de\/wp-json\/wp\/v2\/tags?post=172478"},{"taxonomy":"topic","embeddable":true,"href":"https:\/\/www.one.org\/de\/wp-json\/wp\/v2\/topic?post=172478"},{"taxonomy":"contributor","embeddable":true,"href":"https:\/\/www.one.org\/de\/wp-json\/wp\/v2\/contributor?post=172478"},{"taxonomy":"one_content_audience","embeddable":true,"href":"https:\/\/www.one.org\/de\/wp-json\/wp\/v2\/one_content_audience?post=172478"},{"taxonomy":"one_content_type","embeddable":true,"href":"https:\/\/www.one.org\/de\/wp-json\/wp\/v2\/one_content_type?post=172478"},{"taxonomy":"one_content_tone","embeddable":true,"href":"https:\/\/www.one.org\/de\/wp-json\/wp\/v2\/one_content_tone?post=172478"}],"curies":[{"name":"wp","href":"https:\/\/api.w.org\/{rel}","templated":true}]}}