{"id":172267,"date":"2025-03-10T09:51:47","date_gmt":"2025-03-10T09:51:47","guid":{"rendered":"https:\/\/www.one.org\/de\/?p=172267"},"modified":"2025-03-10T09:51:50","modified_gmt":"2025-03-10T09:51:50","slug":"one-aktivistinnen-im-wahlkampfmodus","status":"publish","type":"post","link":"https:\/\/www.one.org\/de\/neuigkeiten\/one-aktivistinnen-im-wahlkampfmodus\/","title":{"rendered":"ONE-Aktivist*innen im Wahlkampfmodus"},"content":{"rendered":"\n<p>Am 23. Februar hat Deutschland einen neuen Bundestag gew\u00e4hlt \u2013 doch schon Wochen vorher waren die Stra\u00dfen, Parteitage und sozialen Medien Schaupl\u00e4tze intensiver politischer Debatten. Mitten im Geschehen: die Aktivist*innen von ONE! Lautstark, kreativ und hartn\u00e4ckig machten sie den Kandidat*innen klar, wof\u00fcr sie sich nach der Wahl einsetzen sollen: eine <a href=\"https:\/\/cdn.one.org\/pdfs\/ONE_Forderungen_Bundestagswahl_2025.pdf\">starke deutsche Entwicklungszusammenarbeit<\/a>!<\/p>\n\n\n\n<p>Von B\u00fcrger*innendialogen \u00fcber Fernsehdebatten bis hin zu direkten Gespr\u00e4chen \u2013 die ONE-Jugend- und Regionalbotschafter*innen nutzten jede Gelegenheit, um Spitzenpolitiker*innen zu erreichen. Und das mit Erfolg!<\/p>\n\n\n\n<h2 class=\"wp-block-heading\" id=\"h-gluckskekse-mit-politischer-botschaft\">Gl\u00fcckskekse mit politischer Botschaft<\/h2>\n\n\n\n<p>Auf den Parteitagen der SPD, Gr\u00fcnen und CDU setzten die Aktivist*innen auf eine s\u00fc\u00dfe, aber wirkungsvolle Strategie: Gl\u00fcckskekse mit Erfolgsfakten aus der Entwicklungszusammenarbeit.<\/p>\n\n\n\n<p>Vor dem SPD-Parteitag erinnerten sie die Delegierten au\u00dferdem an Willy Brandts Erbe \u2013 Frieden und globale Gerechtigkeit. Entwicklungsministerin Svenja Schulze unterst\u00fctzte die Aktion mit einem gemeinsamen Foto. <\/p>\n\n\n\n<p>Am 26. Januar standen die Aktivist*innen mit Plakaten vor dem Parteitag der Gr\u00fcnen, um die positiven Auswirkungen von Entwicklungszusammenarbeit zu betonen. Auch hier kamen sie mit Entscheidungstr\u00e4ger*innen ins Gespr\u00e4ch \u2013 darunter Felix Banaszak, Co-Vorsitzender der Gr\u00fcnen.<\/p>\n\n\n\n<p>Bei der CDU machten die Aktivist*innen an gleich zwei Orten auf ihre Forderungen aufmerksam: vor einer Kirche, in der ein \u00f6kumenischer Gottesdienst stattfand, und vor dem Tagungsort selbst.<\/p>\n\n\n\n<h2 class=\"wp-block-heading\" id=\"h-direkt-am-puls-der-politik\">Direkt am Puls der Politik<\/h2>\n\n\n\n<p>H\u00f6hepunkte der Kampagne: Treffen mit den Kanzlerkandidaten! Kanzler Olaf Scholz trafen die Jugendbotschafter*innen sogar gleich zweimal bei B\u00fcrger*innendialogen in Potsdam. Jugendbotschafter*innen aus Berlin, Schleswig-Holstein und Hessen diskutierten in Berlin mit Vizekanzler Robert Habeck \u00fcber Entwicklungszusammenarbeit \u2013 und lie\u00dfen sie ihre Unterst\u00fctzung direkt sichtbar machen: Beide unterschrieben Plakate mit Erfolgsfakten zur Entwicklungszusammenarbeit. <\/p>\n\n\n\n<figure class=\"wp-block-image size-large\"><img loading=\"lazy\" decoding=\"async\" width=\"1200\" height=\"628\" src=\"https:\/\/www.one.org\/de\/wp-content\/uploads\/sites\/3\/2025\/03\/6-1024x536.png\" alt=\"\" class=\"wp-image-172271\" srcset=\"https:\/\/www.one.org\/de\/wp-content\/uploads\/sites\/3\/2025\/03\/6-1024x536.png 1024w, https:\/\/www.one.org\/de\/wp-content\/uploads\/sites\/3\/2025\/03\/6-300x157.png 300w, https:\/\/www.one.org\/de\/wp-content\/uploads\/sites\/3\/2025\/03\/6-768x402.png 768w, https:\/\/www.one.org\/de\/wp-content\/uploads\/sites\/3\/2025\/03\/6-16x8.png 16w, https:\/\/www.one.org\/de\/wp-content\/uploads\/sites\/3\/2025\/03\/6-320x167.png 320w, https:\/\/www.one.org\/de\/wp-content\/uploads\/sites\/3\/2025\/03\/6-640x335.png 640w, https:\/\/www.one.org\/de\/wp-content\/uploads\/sites\/3\/2025\/03\/6-800x419.png 800w, https:\/\/www.one.org\/de\/wp-content\/uploads\/sites\/3\/2025\/03\/6.png 1200w\" sizes=\"auto, (max-width: 1200px) 100vw, 1200px\" \/><figcaption class=\"wp-element-caption\">ONE-Jugendbotschafter*innen aus Berlin und Hessen treffen Olaf Scholz, Kanzler und Kanzlerkandidat der SPD, in Potsdam.<\/figcaption><\/figure>\n\n\n\n<h2 class=\"wp-block-heading\" id=\"h-jugendbotschafter-innen-in-den-medien\">Jugendbotschafter*innen in den Medien<\/h2>\n\n\n\n<p>Auch in den Medien machten die Aktivist*innen Druck. Sie schickten Pressemitteilungen an Lokalredaktionen und berichteten auf Social Media von ihren Aktionen. Robert Habeck zog sogar auf <a href=\"https:\/\/www.instagram.com\/p\/DFILEZSN0ip\/?hl=en&amp;img_index=1\">Instagram <\/a>nach und teilte das Treffen mit seinen Followern.<\/p>\n\n\n\n<figure class=\"wp-block-image size-large\"><img loading=\"lazy\" decoding=\"async\" width=\"1024\" height=\"536\" src=\"https:\/\/www.one.org\/de\/wp-content\/uploads\/sites\/3\/2025\/03\/3-1024x536.png\" alt=\"\" class=\"wp-image-172272\" srcset=\"https:\/\/www.one.org\/de\/wp-content\/uploads\/sites\/3\/2025\/03\/3-1024x536.png 1024w, https:\/\/www.one.org\/de\/wp-content\/uploads\/sites\/3\/2025\/03\/3-300x157.png 300w, https:\/\/www.one.org\/de\/wp-content\/uploads\/sites\/3\/2025\/03\/3-768x402.png 768w, https:\/\/www.one.org\/de\/wp-content\/uploads\/sites\/3\/2025\/03\/3-16x8.png 16w, https:\/\/www.one.org\/de\/wp-content\/uploads\/sites\/3\/2025\/03\/3-320x167.png 320w, https:\/\/www.one.org\/de\/wp-content\/uploads\/sites\/3\/2025\/03\/3-640x335.png 640w, https:\/\/www.one.org\/de\/wp-content\/uploads\/sites\/3\/2025\/03\/3-800x419.png 800w, https:\/\/www.one.org\/de\/wp-content\/uploads\/sites\/3\/2025\/03\/3.png 1200w\" sizes=\"auto, (max-width: 1024px) 100vw, 1024px\" \/><figcaption class=\"wp-element-caption\">Robert Habeck, Vizekanzler und Kanzlerkandidat der Gr\u00fcnen, beim Treffen mit den ONE-Jugendbotschafter*innen in Berlin.<\/figcaption><\/figure>\n\n\n\n<p>Doch damit nicht genug: Berliner Jugendbotschafter mischten sich unter das Publikum der ZDF-Sendung \u201eSchlagabtausch\u201c, w\u00e4hrend Jugendbotschafter*innen aus ganz Deutschland ihre Fragen f\u00fcr die Kanzlerkandidat*innen bei der ARD-Wahlarena einreichten. Ihr Engagement machte deutlich: Entwicklungszusammenarbeit geh\u00f6rt ganz oben auf die politische Agenda!<\/p>\n\n\n\n<h3 class=\"wp-block-heading\" id=\"h-mit-kreativen-aktionen-klaren-botschaften-und-unermudlichem-einsatz-haben-die-one-jugend-und-regionalbotschafter-innen-gezeigt-dass-sie-eine-starke-stimme-fur-globale-gerechtigkeit-sind-auch-uber-den-wahlkampf-hinaus\">Mit kreativen Aktionen, klaren Botschaften und unerm\u00fcdlichem Einsatz haben die ONE-Jugend- und Regionalbotschafter*innen gezeigt, dass sie eine starke Stimme f\u00fcr globale Gerechtigkeit sind \u2013 auch \u00fcber den Wahlkampf hinaus!<\/h3>\n\n\n\n<p><\/p>\n<div class=\"buffer\"><\/div>","protected":false},"excerpt":{"rendered":"<p>Am 23. Februar hat Deutschland einen neuen Bundestag gew\u00e4hlt \u2013 und die ONE-Aktivistinnen waren mittendrin! Lautstark, kreativ und hartn\u00e4ckig forderten sie von den Kandidat*innen eine starke deutsche Entwicklungszusammenarbeit.<\/p>\n","protected":false},"author":22,"featured_media":172274,"comment_status":"closed","ping_status":"closed","sticky":false,"template":"","format":"standard","meta":{"_acf_changed":false,"_relevanssi_hide_post":"","_relevanssi_hide_content":"","_relevanssi_pin_for_all":"","_relevanssi_pin_keywords":"","_relevanssi_unpin_keywords":"","_relevanssi_related_keywords":"","_relevanssi_related_include_ids":"","_relevanssi_related_exclude_ids":"","_relevanssi_related_no_append":"","_relevanssi_related_not_related":"","_relevanssi_related_posts":"167341,167718,167394,170070,167701,171870","_relevanssi_noindex_reason":"","footnotes":""},"categories":[1],"tags":[105,306,54],"topic":[37,48],"contributor":[],"one_content_audience":[],"one_content_type":[],"one_content_tone":[],"class_list":["post-172267","post","type-post","status-publish","format-standard","has-post-thumbnail","hentry","category-uncategorized","tag-aktivismus","tag-bundestagswahl-2025","tag-jugendbotschafterinnen","topic-entwicklungszusammenarbeit","topic-one-unterstuetzer-innen-in-aktion"],"acf":[],"yoast_head":"<!-- This site is optimized with the Yoast SEO Premium plugin v27.1 (Yoast SEO v27.1.1) - https:\/\/yoast.com\/product\/yoast-seo-premium-wordpress\/ -->\n<title>ONE-Aktivist*innen im Wahlkampfmodus - ONE.org Deutschland<\/title>\n<meta name=\"robots\" content=\"index, follow, max-snippet:-1, max-image-preview:large, max-video-preview:-1\" \/>\n<link rel=\"canonical\" href=\"https:\/\/www.one.org\/de\/neuigkeiten\/one-aktivistinnen-im-wahlkampfmodus\/\" \/>\n<meta property=\"og:locale\" content=\"de_DE\" \/>\n<meta property=\"og:type\" content=\"article\" \/>\n<meta property=\"og:title\" content=\"ONE-Aktivist*innen im Wahlkampfmodus\" \/>\n<meta property=\"og:description\" content=\"Am 23. Februar hat Deutschland einen neuen Bundestag gew\u00e4hlt \u2013 und die ONE-Aktivistinnen waren mittendrin! Lautstark, kreativ und hartn\u00e4ckig forderten sie von den Kandidat*innen eine starke deutsche Entwicklungszusammenarbeit.\" \/>\n<meta property=\"og:url\" content=\"https:\/\/www.one.org\/de\/neuigkeiten\/one-aktivistinnen-im-wahlkampfmodus\/\" \/>\n<meta property=\"og:site_name\" content=\"ONE.org Deutschland\" \/>\n<meta property=\"article:publisher\" content=\"https:\/\/www.facebook.com\/ONEinNederland\" \/>\n<meta property=\"article:published_time\" content=\"2025-03-10T09:51:47+00:00\" \/>\n<meta property=\"article:modified_time\" content=\"2025-03-10T09:51:50+00:00\" \/>\n<meta property=\"og:image\" content=\"https:\/\/www.one.org\/de\/wp-content\/uploads\/sites\/3\/2025\/03\/1-1.png\" \/>\n\t<meta property=\"og:image:width\" content=\"1200\" \/>\n\t<meta property=\"og:image:height\" content=\"628\" \/>\n\t<meta property=\"og:image:type\" content=\"image\/png\" \/>\n<meta name=\"author\" content=\"Pia Schwaiger\" \/>\n<meta name=\"twitter:card\" content=\"summary_large_image\" \/>\n<meta name=\"twitter:creator\" content=\"@ONENederland\" \/>\n<meta name=\"twitter:site\" content=\"@ONENederland\" \/>\n<meta name=\"twitter:label1\" content=\"Written by\" \/>\n\t<meta name=\"twitter:data1\" content=\"Pia Schwaiger\" \/>\n\t<meta name=\"twitter:label2\" content=\"Est. reading time\" \/>\n\t<meta name=\"twitter:data2\" content=\"3 minutes\" \/>\n<script type=\"application\/ld+json\" class=\"yoast-schema-graph\">{\"@context\":\"https:\/\/schema.org\",\"@graph\":[{\"@type\":[\"Article\",\"BlogPosting\"],\"@id\":\"https:\/\/www.one.org\/de\/neuigkeiten\/one-aktivistinnen-im-wahlkampfmodus\/#article\",\"isPartOf\":{\"@id\":\"https:\/\/www.one.org\/de\/neuigkeiten\/one-aktivistinnen-im-wahlkampfmodus\/\"},\"author\":{\"name\":\"Pia Schwaiger\",\"@id\":\"https:\/\/www.one.org\/de\/#\/schema\/person\/011e858903c0c7fd8ae29006f765ce79\"},\"headline\":\"ONE-Aktivist*innen im Wahlkampfmodus\",\"datePublished\":\"2025-03-10T09:51:47+00:00\",\"dateModified\":\"2025-03-10T09:51:50+00:00\",\"mainEntityOfPage\":{\"@id\":\"https:\/\/www.one.org\/de\/neuigkeiten\/one-aktivistinnen-im-wahlkampfmodus\/\"},\"wordCount\":431,\"image\":{\"@id\":\"https:\/\/www.one.org\/de\/neuigkeiten\/one-aktivistinnen-im-wahlkampfmodus\/#primaryimage\"},\"thumbnailUrl\":\"https:\/\/www.one.org\/de\/wp-content\/uploads\/sites\/3\/2025\/03\/1-1.png\",\"keywords\":[\"Aktivismus\",\"Bundestagswahl 2025\",\"Jugendbotschafter*innen\"],\"inLanguage\":\"de-DE\"},{\"@type\":\"WebPage\",\"@id\":\"https:\/\/www.one.org\/de\/neuigkeiten\/one-aktivistinnen-im-wahlkampfmodus\/\",\"url\":\"https:\/\/www.one.org\/de\/neuigkeiten\/one-aktivistinnen-im-wahlkampfmodus\/\",\"name\":\"ONE-Aktivist*innen im Wahlkampfmodus - ONE.org Deutschland\",\"isPartOf\":{\"@id\":\"https:\/\/www.one.org\/de\/#website\"},\"primaryImageOfPage\":{\"@id\":\"https:\/\/www.one.org\/de\/neuigkeiten\/one-aktivistinnen-im-wahlkampfmodus\/#primaryimage\"},\"image\":{\"@id\":\"https:\/\/www.one.org\/de\/neuigkeiten\/one-aktivistinnen-im-wahlkampfmodus\/#primaryimage\"},\"thumbnailUrl\":\"https:\/\/www.one.org\/de\/wp-content\/uploads\/sites\/3\/2025\/03\/1-1.png\",\"datePublished\":\"2025-03-10T09:51:47+00:00\",\"dateModified\":\"2025-03-10T09:51:50+00:00\",\"author\":{\"@id\":\"https:\/\/www.one.org\/de\/#\/schema\/person\/011e858903c0c7fd8ae29006f765ce79\"},\"breadcrumb\":{\"@id\":\"https:\/\/www.one.org\/de\/neuigkeiten\/one-aktivistinnen-im-wahlkampfmodus\/#breadcrumb\"},\"inLanguage\":\"de-DE\",\"potentialAction\":[{\"@type\":\"ReadAction\",\"target\":[\"https:\/\/www.one.org\/de\/neuigkeiten\/one-aktivistinnen-im-wahlkampfmodus\/\"]}]},{\"@type\":\"ImageObject\",\"inLanguage\":\"de-DE\",\"@id\":\"https:\/\/www.one.org\/de\/neuigkeiten\/one-aktivistinnen-im-wahlkampfmodus\/#primaryimage\",\"url\":\"https:\/\/www.one.org\/de\/wp-content\/uploads\/sites\/3\/2025\/03\/1-1.png\",\"contentUrl\":\"https:\/\/www.one.org\/de\/wp-content\/uploads\/sites\/3\/2025\/03\/1-1.png\",\"width\":1200,\"height\":628},{\"@type\":\"BreadcrumbList\",\"@id\":\"https:\/\/www.one.org\/de\/neuigkeiten\/one-aktivistinnen-im-wahlkampfmodus\/#breadcrumb\",\"itemListElement\":[{\"@type\":\"ListItem\",\"position\":1,\"name\":\"Home\",\"item\":\"https:\/\/www.one.org\/de\/\"},{\"@type\":\"ListItem\",\"position\":2,\"name\":\"ONE-Aktivist*innen im Wahlkampfmodus\"}]},{\"@type\":\"WebSite\",\"@id\":\"https:\/\/www.one.org\/de\/#website\",\"url\":\"https:\/\/www.one.org\/de\/\",\"name\":\"ONE.org\",\"description\":\"F\u00fcr mehr wirtschaftliche Chancen und ein starkes Gesundheitswesen in Afrika\",\"potentialAction\":[{\"@type\":\"SearchAction\",\"target\":{\"@type\":\"EntryPoint\",\"urlTemplate\":\"https:\/\/www.one.org\/de\/?s={search_term_string}\"},\"query-input\":{\"@type\":\"PropertyValueSpecification\",\"valueRequired\":true,\"valueName\":\"search_term_string\"}}],\"inLanguage\":\"de-DE\"},{\"@type\":\"Person\",\"@id\":\"https:\/\/www.one.org\/de\/#\/schema\/person\/011e858903c0c7fd8ae29006f765ce79\",\"name\":\"Pia Schwaiger\",\"image\":{\"@type\":\"ImageObject\",\"inLanguage\":\"de-DE\",\"@id\":\"https:\/\/www.one.org\/de\/#\/schema\/person\/image\/\",\"url\":\"https:\/\/secure.gravatar.com\/avatar\/0e356bbd310553c5365f9d25e3e1492caafa5f6893ca921ac08a04a6079e7089?s=96&d=mm&r=g\",\"contentUrl\":\"https:\/\/secure.gravatar.com\/avatar\/0e356bbd310553c5365f9d25e3e1492caafa5f6893ca921ac08a04a6079e7089?s=96&d=mm&r=g\",\"caption\":\"Pia Schwaiger\"},\"description\":\"Ich bin Medienkoordinatorin bei der entwicklungspolitischen Organisation ONE und arbeite in der politischen Kommunikation. Meine Arbeit umfasst t\u00e4gliche Medienanalysen, die Entwicklung von Pressestrategien und die Pressearbeit der ONE-Jugendbotschafter*innen. Ich schreibe \u00fcber aktuelle Geschehnisse auf dem afrikanischen Kontinent.\",\"sameAs\":[\"https:\/\/www.linkedin.com\/in\/pia-schwaiger-6190351b0\/?locale=en\"],\"honorificPrefix\":\"Ms\",\"gender\":\"female\",\"knowsAbout\":[\"Medienbriefings und Medientrainings f\u00fcr deutsche Aktivist*innen\",\"Aktivismus-orientierte Kommunikationsstrategien\",\"Erstellung von Presskits\",\"Talking Points\",\"Medienansprache rund um politische Schl\u00fcsseltermine\"],\"knowsLanguage\":[\"Deutsch\",\"Englisch\"],\"jobTitle\":\"Media Coordinator\",\"worksFor\":\"The ONE Campaign\",\"url\":\"https:\/\/www.one.org\/de\/neuigkeiten\/author\/piaschwaiger\/\"}]}<\/script>\n<!-- \/ Yoast SEO Premium plugin. -->","yoast_head_json":{"title":"ONE-Aktivist*innen im Wahlkampfmodus - ONE.org Deutschland","robots":{"index":"index","follow":"follow","max-snippet":"max-snippet:-1","max-image-preview":"max-image-preview:large","max-video-preview":"max-video-preview:-1"},"canonical":"https:\/\/www.one.org\/de\/neuigkeiten\/one-aktivistinnen-im-wahlkampfmodus\/","og_locale":"de_DE","og_type":"article","og_title":"ONE-Aktivist*innen im Wahlkampfmodus","og_description":"Am 23. Februar hat Deutschland einen neuen Bundestag gew\u00e4hlt \u2013 und die ONE-Aktivistinnen waren mittendrin! Lautstark, kreativ und hartn\u00e4ckig forderten sie von den Kandidat*innen eine starke deutsche Entwicklungszusammenarbeit.","og_url":"https:\/\/www.one.org\/de\/neuigkeiten\/one-aktivistinnen-im-wahlkampfmodus\/","og_site_name":"ONE.org Deutschland","article_publisher":"https:\/\/www.facebook.com\/ONEinNederland","article_published_time":"2025-03-10T09:51:47+00:00","article_modified_time":"2025-03-10T09:51:50+00:00","og_image":[{"width":1200,"height":628,"url":"https:\/\/www.one.org\/de\/wp-content\/uploads\/sites\/3\/2025\/03\/1-1.png","type":"image\/png"}],"author":"Pia Schwaiger","twitter_card":"summary_large_image","twitter_creator":"@ONENederland","twitter_site":"@ONENederland","twitter_misc":{"Written by":"Pia Schwaiger","Est. reading time":"3 minutes"},"schema":{"@context":"https:\/\/schema.org","@graph":[{"@type":["Article","BlogPosting"],"@id":"https:\/\/www.one.org\/de\/neuigkeiten\/one-aktivistinnen-im-wahlkampfmodus\/#article","isPartOf":{"@id":"https:\/\/www.one.org\/de\/neuigkeiten\/one-aktivistinnen-im-wahlkampfmodus\/"},"author":{"name":"Pia Schwaiger","@id":"https:\/\/www.one.org\/de\/#\/schema\/person\/011e858903c0c7fd8ae29006f765ce79"},"headline":"ONE-Aktivist*innen im Wahlkampfmodus","datePublished":"2025-03-10T09:51:47+00:00","dateModified":"2025-03-10T09:51:50+00:00","mainEntityOfPage":{"@id":"https:\/\/www.one.org\/de\/neuigkeiten\/one-aktivistinnen-im-wahlkampfmodus\/"},"wordCount":431,"image":{"@id":"https:\/\/www.one.org\/de\/neuigkeiten\/one-aktivistinnen-im-wahlkampfmodus\/#primaryimage"},"thumbnailUrl":"https:\/\/www.one.org\/de\/wp-content\/uploads\/sites\/3\/2025\/03\/1-1.png","keywords":["Aktivismus","Bundestagswahl 2025","Jugendbotschafter*innen"],"inLanguage":"de-DE"},{"@type":"WebPage","@id":"https:\/\/www.one.org\/de\/neuigkeiten\/one-aktivistinnen-im-wahlkampfmodus\/","url":"https:\/\/www.one.org\/de\/neuigkeiten\/one-aktivistinnen-im-wahlkampfmodus\/","name":"ONE-Aktivist*innen im Wahlkampfmodus - ONE.org Deutschland","isPartOf":{"@id":"https:\/\/www.one.org\/de\/#website"},"primaryImageOfPage":{"@id":"https:\/\/www.one.org\/de\/neuigkeiten\/one-aktivistinnen-im-wahlkampfmodus\/#primaryimage"},"image":{"@id":"https:\/\/www.one.org\/de\/neuigkeiten\/one-aktivistinnen-im-wahlkampfmodus\/#primaryimage"},"thumbnailUrl":"https:\/\/www.one.org\/de\/wp-content\/uploads\/sites\/3\/2025\/03\/1-1.png","datePublished":"2025-03-10T09:51:47+00:00","dateModified":"2025-03-10T09:51:50+00:00","author":{"@id":"https:\/\/www.one.org\/de\/#\/schema\/person\/011e858903c0c7fd8ae29006f765ce79"},"breadcrumb":{"@id":"https:\/\/www.one.org\/de\/neuigkeiten\/one-aktivistinnen-im-wahlkampfmodus\/#breadcrumb"},"inLanguage":"de-DE","potentialAction":[{"@type":"ReadAction","target":["https:\/\/www.one.org\/de\/neuigkeiten\/one-aktivistinnen-im-wahlkampfmodus\/"]}]},{"@type":"ImageObject","inLanguage":"de-DE","@id":"https:\/\/www.one.org\/de\/neuigkeiten\/one-aktivistinnen-im-wahlkampfmodus\/#primaryimage","url":"https:\/\/www.one.org\/de\/wp-content\/uploads\/sites\/3\/2025\/03\/1-1.png","contentUrl":"https:\/\/www.one.org\/de\/wp-content\/uploads\/sites\/3\/2025\/03\/1-1.png","width":1200,"height":628},{"@type":"BreadcrumbList","@id":"https:\/\/www.one.org\/de\/neuigkeiten\/one-aktivistinnen-im-wahlkampfmodus\/#breadcrumb","itemListElement":[{"@type":"ListItem","position":1,"name":"Home","item":"https:\/\/www.one.org\/de\/"},{"@type":"ListItem","position":2,"name":"ONE-Aktivist*innen im Wahlkampfmodus"}]},{"@type":"WebSite","@id":"https:\/\/www.one.org\/de\/#website","url":"https:\/\/www.one.org\/de\/","name":"ONE.org","description":"F\u00fcr mehr wirtschaftliche Chancen und ein starkes Gesundheitswesen in Afrika","potentialAction":[{"@type":"SearchAction","target":{"@type":"EntryPoint","urlTemplate":"https:\/\/www.one.org\/de\/?s={search_term_string}"},"query-input":{"@type":"PropertyValueSpecification","valueRequired":true,"valueName":"search_term_string"}}],"inLanguage":"de-DE"},{"@type":"Person","@id":"https:\/\/www.one.org\/de\/#\/schema\/person\/011e858903c0c7fd8ae29006f765ce79","name":"Pia Schwaiger","image":{"@type":"ImageObject","inLanguage":"de-DE","@id":"https:\/\/www.one.org\/de\/#\/schema\/person\/image\/","url":"https:\/\/secure.gravatar.com\/avatar\/0e356bbd310553c5365f9d25e3e1492caafa5f6893ca921ac08a04a6079e7089?s=96&d=mm&r=g","contentUrl":"https:\/\/secure.gravatar.com\/avatar\/0e356bbd310553c5365f9d25e3e1492caafa5f6893ca921ac08a04a6079e7089?s=96&d=mm&r=g","caption":"Pia Schwaiger"},"description":"Ich bin Medienkoordinatorin bei der entwicklungspolitischen Organisation ONE und arbeite in der politischen Kommunikation. Meine Arbeit umfasst t\u00e4gliche Medienanalysen, die Entwicklung von Pressestrategien und die Pressearbeit der ONE-Jugendbotschafter*innen. Ich schreibe \u00fcber aktuelle Geschehnisse auf dem afrikanischen Kontinent.","sameAs":["https:\/\/www.linkedin.com\/in\/pia-schwaiger-6190351b0\/?locale=en"],"honorificPrefix":"Ms","gender":"female","knowsAbout":["Medienbriefings und Medientrainings f\u00fcr deutsche Aktivist*innen","Aktivismus-orientierte Kommunikationsstrategien","Erstellung von Presskits","Talking Points","Medienansprache rund um politische Schl\u00fcsseltermine"],"knowsLanguage":["Deutsch","Englisch"],"jobTitle":"Media Coordinator","worksFor":"The ONE Campaign","url":"https:\/\/www.one.org\/de\/neuigkeiten\/author\/piaschwaiger\/"}]}},"distributor_meta":false,"distributor_terms":false,"distributor_media":false,"distributor_original_site_name":"ONE.org Deutschland","distributor_original_site_url":"https:\/\/www.one.org\/de","push-errors":false,"_links":{"self":[{"href":"https:\/\/www.one.org\/de\/wp-json\/wp\/v2\/posts\/172267","targetHints":{"allow":["GET"]}}],"collection":[{"href":"https:\/\/www.one.org\/de\/wp-json\/wp\/v2\/posts"}],"about":[{"href":"https:\/\/www.one.org\/de\/wp-json\/wp\/v2\/types\/post"}],"author":[{"embeddable":true,"href":"https:\/\/www.one.org\/de\/wp-json\/wp\/v2\/users\/22"}],"replies":[{"embeddable":true,"href":"https:\/\/www.one.org\/de\/wp-json\/wp\/v2\/comments?post=172267"}],"version-history":[{"count":0,"href":"https:\/\/www.one.org\/de\/wp-json\/wp\/v2\/posts\/172267\/revisions"}],"wp:featuredmedia":[{"embeddable":true,"href":"https:\/\/www.one.org\/de\/wp-json\/wp\/v2\/media\/172274"}],"wp:attachment":[{"href":"https:\/\/www.one.org\/de\/wp-json\/wp\/v2\/media?parent=172267"}],"wp:term":[{"taxonomy":"category","embeddable":true,"href":"https:\/\/www.one.org\/de\/wp-json\/wp\/v2\/categories?post=172267"},{"taxonomy":"post_tag","embeddable":true,"href":"https:\/\/www.one.org\/de\/wp-json\/wp\/v2\/tags?post=172267"},{"taxonomy":"topic","embeddable":true,"href":"https:\/\/www.one.org\/de\/wp-json\/wp\/v2\/topic?post=172267"},{"taxonomy":"contributor","embeddable":true,"href":"https:\/\/www.one.org\/de\/wp-json\/wp\/v2\/contributor?post=172267"},{"taxonomy":"one_content_audience","embeddable":true,"href":"https:\/\/www.one.org\/de\/wp-json\/wp\/v2\/one_content_audience?post=172267"},{"taxonomy":"one_content_type","embeddable":true,"href":"https:\/\/www.one.org\/de\/wp-json\/wp\/v2\/one_content_type?post=172267"},{"taxonomy":"one_content_tone","embeddable":true,"href":"https:\/\/www.one.org\/de\/wp-json\/wp\/v2\/one_content_tone?post=172267"}],"curies":[{"name":"wp","href":"https:\/\/api.w.org\/{rel}","templated":true}]}}