{"id":171891,"date":"2024-11-29T20:51:33","date_gmt":"2024-11-29T20:51:33","guid":{"rendered":"https:\/\/www.one.org\/de\/?p=171891"},"modified":"2024-12-13T11:10:36","modified_gmt":"2024-12-13T11:10:36","slug":"kein-ende-globaler-armut-ohne-ida","status":"publish","type":"post","link":"https:\/\/www.one.org\/de\/neuigkeiten\/kein-ende-globaler-armut-ohne-ida\/","title":{"rendered":"Kein Ende Globaler Armut ohne IDA"},"content":{"rendered":"\n<h2 class=\"wp-block-heading\" id=\"h-vom-5-bis-6-dezember-2024-findet-in-sudkorea-die-nachste-wiederauffullung-der-internationalen-entwicklungsorganisation-ida-der-weltbank-statt-diese-wiederauffullung-ist-entscheidend-fur-die-globale-armutsbekampfung-in-derzeit-75-landern-denn-die-ida-ist-eine-der-grossten-finanzierungsquellen-fur-einkommensschwache-lander-angesichts-der-multiplen-globalen-krisen-die-auswirkungen-des-klimawandels-wachsende-ungleichheiten-und-die-schuldenkrise-ist-diese-21-finanzierungsrunde-ida21-besonders-wichtig-nbsp\">Vom 5. bis 6. Dezember 2024 findet in S\u00fcdkorea die n\u00e4chste Wiederauff\u00fcllung der Internationalen Entwicklungsorganisation (IDA) der Weltbank statt. Diese Wiederauff\u00fcllung ist entscheidend f\u00fcr die globale Armutsbek\u00e4mpfung in derzeit 75 L\u00e4ndern, denn die IDA ist eine der gr\u00f6\u00dften Finanzierungsquellen f\u00fcr einkommensschwache L\u00e4nder. Angesichts der multiplen globalen Krisen \u2013 die Auswirkungen des Klimawandels, wachsende Ungleichheiten und die Schuldenkrise \u2013 ist diese 21. Finanzierungsrunde (IDA21) besonders wichtig.&nbsp;<\/h2>\n\n\n\n<h3 class=\"wp-block-heading\" id=\"h-was-ist-die-ida-und-warum-ist-sie-so-wichtig-nbsp\">Was ist die IDA und warum ist sie so wichtig?&nbsp;<\/h3>\n\n\n\n<p>Die IDA wurde 1960 gegr\u00fcndet und ist Teil der Weltbankgruppe. Ihr Ziel ist es, L\u00e4nder mit niedrigem Einkommen durch <a href=\"https:\/\/ida.worldbank.org\/en\/about\" target=\"_blank\" rel=\"noreferrer noopener\">zinsg\u00fcnstige Darlehen und Zusch\u00fcsse<\/a> zu unterst\u00fctzen. Diese L\u00e4nder \u2013 momentan mit einem j\u00e4hrlichen Pro-Kopf-Einkommen von unter 1.315 US-Dollar \u2013 haben oft keinen Zugang zu globalen Finanzm\u00e4rkten, da sie nicht als kreditw\u00fcrdig gelten. Die IDA f\u00fcllt diese L\u00fccke \u2013 und stellt lebenswichtige Mittel bereit, damit einkommensschwache L\u00e4nder in Gesundheit, Bildung und Infrastruktur investieren k\u00f6nnen.&nbsp;&nbsp;<\/p>\n\n\n\n<p>Heute ist die IDA die gr\u00f6\u00dfte Quelle von Gebermitteln f\u00fcr grundlegende soziale Dienste in einkommensschwachen L\u00e4ndern. Sie <a href=\"https:\/\/www.gtai.de\/de\/trade\/ausschreibungen-projekte\/entwicklungslaender\/geber\/international-development-association-ida--49438\" target=\"_blank\" rel=\"noreferrer noopener\">unterst\u00fctzt 75 L\u00e4nder weltweit<\/a> \u2013 \u00fcber die H\u00e4lfte davon in Afrika \u2013 und leistet somit einen entscheidenden Beitrag zur F\u00f6rderung von nachhaltiger Entwicklung und der Bek\u00e4mpfung von Armut. Damit erg\u00e4nzt sie den urspr\u00fcnglichen Zweig der Weltbank, die Internationale Bank f\u00fcr Wiederaufbau und Entwicklung (IBRD), die L\u00e4nder mit mittlerem Einkommen unterst\u00fctzt.&nbsp;&nbsp;<\/p>\n\n\n\n<h3 class=\"wp-block-heading\" id=\"h-die-finanzierung-der-ida-nbsp\">Die Finanzierung der IDA&nbsp;<\/h3>\n\n\n\n<p>Die Finanzierung der IDA basiert auf einem Mix aus verschiedenen Quellen: Direkte Beitr\u00e4ge der Geberl\u00e4nder der Weltbank, Kreditaufnahmen auf den internationalen Kapitalm\u00e4rkten, R\u00fcckzahlungen aus fr\u00fcheren IDA-Darlehen, Mittel\u00fcbertragungen aus fr\u00fcheren Auff\u00fcllungen der IDA und Gewinntransfers von der IBRD.&nbsp;&nbsp;<\/p>\n\n\n\n<h3 class=\"wp-block-heading\" id=\"h-warum-hat-die-ida-eine-hohe-rendite-nbsp-nbsp\">Warum hat die IDA eine hohe Rendite?&nbsp;&nbsp;<\/h3>\n\n\n\n<p>Die IDA zeichnet sich durch ihre au\u00dfergew\u00f6hnlich hohe Rendite aus \u2013 und das sowohl f\u00fcr die Geberl\u00e4nder als auch f\u00fcr die Empf\u00e4ngerl\u00e4nder. Aber warum ist das so?&nbsp;&nbsp;<\/p>\n\n\n\n<h4 class=\"wp-block-heading\" id=\"h-1-die-ida-verleiht-geld-zu-vorzugsbedingungen-nbsp-nbsp-nbsp\">1. Die IDA verleiht Geld zu Vorzugsbedingungen:&nbsp;&nbsp;<strong>&nbsp;<\/strong><\/h4>\n\n\n\n<p>Ein Hauptgrund ist die Art der Kredite, die die IDA vergibt. Sie bietet einkommensschwachen L\u00e4ndern Zusch\u00fcsse oder besonders zinsg\u00fcnstige Kredite, die h\u00e4ufig sogar zinsfrei sind und \u00fcber lange Zeitr\u00e4ume von 30 bis 40 Jahren zur\u00fcckgezahlt werden k\u00f6nnen. Mehr als die H\u00e4lfte der IDA-L\u00e4nder erh\u00e4lt ihre Mittel ganz oder teilweise in Form von Zusch\u00fcssen, die keinerlei R\u00fcckzahlungen erfordern. Diese Zusch\u00fcsse sind speziell an L\u00e4nder mit hohem \u00dcberschuldungsrisiko gerichtet, um ihnen den finanziellen Spielraum zu geben, in langfristige Entwicklungsprojekte zu investieren.&nbsp;<\/p>\n\n\n\n<h4 class=\"wp-block-heading\" id=\"h-2-die-ida-bietet-ein-gutes-kosten-nutzen-verhaltnis-nbsp-nbsp\">2. Die IDA bietet ein gutes Kosten-Nutzen-Verh\u00e4ltnis:&nbsp;&nbsp;<\/h4>\n\n\n\n<p>Vor allem das hybride Finanzierungsmodell der IDA \u2013 die Mischung aus Eigen- und Kapitalmarktmittel \u2013 tr\u00e4gt zu ihrer hohen Effizienz bei. Die IDA nutzt die internationalen Kapitalm\u00e4rkte, indem sie Anleihen verkauft. Durch die Kombination der Geberbeitr\u00e4ge mit den Mitteln aus dem Anleihenverkauf und R\u00fcckzahlungen vergangener Kredite, kann die IDA die zur Verf\u00fcgung stehenden Finanzmittel vervielfachen. Jeder Euro, der von den Geberl\u00e4ndern bereitgestellt wird, wird so auf rund 3,50 Euro an Mitteln f\u00fcr Zusch\u00fcsse und zinsg\u00fcnstige Darlehen erh\u00f6ht. Dieses Modell gew\u00e4hrleistet, dass die IDA auch langfristig stabil bleibt und ihre wichtige Aufgabe der globalen Armutsbek\u00e4mpfung erf\u00fcllen kann \u2013 und das in einem deutlich gr\u00f6\u00dferen Umfang als durch rein staatliche Zusch\u00fcsse allein m\u00f6glich w\u00e4re.&nbsp;<\/p>\n\n\n\n<h4 class=\"wp-block-heading\" id=\"h-3-eine-investition-in-die-ida-ist-eine-investition-in-afrikas-zukunft-nbsp-nbsp\">3. Eine Investition in die IDA ist eine Investition in Afrikas Zukunft:&nbsp;&nbsp;<\/h4>\n\n\n\n<p>Die IDA ist der gr\u00f6\u00dfte Anbieter von zinsg\u00fcnstigen Finanzierungen f\u00fcr Afrika. \u00dcber die H\u00e4lfte der IDA-L\u00e4nder liegen auf diesem Kontinent. Im Gesch\u00e4ftsjahr 2023 entfielen 75% der IDA-Verpflichtungen (25,8 Milliarden US-Dollar) auf Afrika. Das zeigt, dass die IDA gezielt dort wirkt, wo die Herausforderungen am gr\u00f6\u00dften sind.&nbsp;&nbsp;<\/p>\n\n\n\n<h4 class=\"wp-block-heading\" id=\"h-4-die-ida-wird-von-den-landern-selbst-gefuhrt-und-getragen-nbsp-nbsp\">4. Die IDA wird von den L\u00e4ndern selbst gef\u00fchrt und getragen:&nbsp;&nbsp;<\/h4>\n\n\n\n<p>Nicht zu untersch\u00e4tzen ist auch, dass die IDA eng mit den Empf\u00e4ngerl\u00e4ndern zusammenarbeitet. Die Unterst\u00fctzung durch die IDA orientiert sich an den Bed\u00fcrfnissen, Priorit\u00e4ten und Leistungen der Empf\u00e4ngerl\u00e4nder und nutzt deren lokale Verwaltungssysteme. Etwa zwei Drittel der IDA-Mittel werden als flexible und planbare Unterst\u00fctzung vergeben. Dadurch decken die IDA-Mittel nicht nur kurzfristige Bed\u00fcrfnisse ab, sondern die bereitgestellten Mittel k\u00f6nnen langfristig effizient und zielgerichtet eingesetzt werden.&nbsp;&nbsp;<\/p>\n\n\n\n<h3 class=\"wp-block-heading\" id=\"h-die-anstehende-wiederauffullung-warum-ist-ida21-entscheidend-nbsp\">Die anstehende Wiederauff\u00fcllung: Warum ist IDA21 entscheidend?&nbsp;<\/h3>\n\n\n\n<p>Vom 5.-6. Dezember 2024 steht die Abschlusskonferenz der 21. Wiederauff\u00fcllung der IDA in Seoul, S\u00fcdkorea an. Alle drei Jahre legen die Geberl\u00e4nder der Weltbank in einer umfassenden Verhandlungsrunde ihre finanziellen Beitr\u00e4ge f\u00fcr den kommenden Dreijahreszyklus fest. Diese Zusagen sind entscheidend, um sicherzustellen, dass die IDA einkommensschwachen L\u00e4ndern weiterhin zinsg\u00fcnstige Kredite und Zusch\u00fcsse anbieten kann.&nbsp;&nbsp;<\/p>\n\n\n\n<p>Die letzte Runde, IDA20, war 2021 mit 93 Milliarden US-Dollar die gr\u00f6\u00dfte in der Geschichte der IDA. Doch die Herausforderungen sind seitdem noch gr\u00f6\u00dfer geworden: Die Auswirkungen des Klimawandels, wachsende Ungleichheit und die weltweite Schuldenkrise setzen viele L\u00e4nder unter enormen Druck. Weltbankpr\u00e4sident Ajay Banga hat bereits klargemacht, dass IDA21 eine <a href=\"https:\/\/www.devex.com\/news\/devex-newswire-banga-aims-for-100-billion-in-ida-replenishment-107480\" target=\"_blank\" rel=\"noreferrer noopener\">historische Wiederauff\u00fcllung<\/a> werden muss, um den gestiegenen Bed\u00fcrfnissen gerecht zu werden.&nbsp;<\/p>\n\n\n\n<p>Das Ziel dieser Runde: 100 Milliarden US-Dollar. Um dies zu erreichen, wird eine erhebliche Aufstockung der Geberbeitr\u00e4ge notwendig sein \u2013 sch\u00e4tzungsweise <a href=\"https:\/\/www.cgdev.org\/publication\/can-ida-break-100-billion-dollar-mark-math-difficult-not-impossible\" target=\"_blank\" rel=\"noreferrer noopener\">um 15 bis 30 Prozent<\/a>. Nur so k\u00f6nnen die dringend ben\u00f6tigten 28 bis 30 Milliarden US-Dollar an direkten Geberbeitr\u00e4gen gesichert werden, die den Weg zu einer erfolgreichen Wiederauff\u00fcllung ebnen.&nbsp;<\/p>\n\n\n\n<h3 class=\"wp-block-heading\" id=\"h-was-fordern-wir-von-deutschland-nbsp\">Was fordern wir von Deutschland?&nbsp;<\/h3>\n\n\n\n<p>Deutschland ist einer der gr\u00f6\u00dften Anteilseigner der Weltbank und aktuell viertgr\u00f6\u00dfter Geber f\u00fcr IDA. F\u00fcr IDA20 hat Deutschland 1,9 Milliarden US-Dollar bereitgestellt. Damit spielt Deutschland eine wichtige Rolle in der Wirkung, die die IDA erreichen kann.&nbsp;&nbsp;<\/p>\n\n\n\n<p>Wir fordern, dass Deutschland im Rahmen der 21. Wiederauff\u00fcllung Mittel bereitstellt, die den f\u00fcr IDA20 bereitgestellten Betrag in realen Werten mindestens trifft, besser noch \u00fcbersteigt.&nbsp;&nbsp;<\/p>\n\n\n\n<p>IDA21 findet im Kontext einer Polykrise \u2013 Schulden-, Ungleichheits- und Klimakrisen \u2013 statt, deren Auswirkungen die F\u00e4higkeit vieler einkommensschwachen L\u00e4nder stark beeintr\u00e4chtigt haben, soziale Dienstleistungen zu finanzieren, den Klimawandel zu bek\u00e4mpfen und ihren internationalen Menschenrechtsverpflichtungen zu erf\u00fcllen. Gleichzeitig weisen die Hauptgeber der IDA auf finanzielle Einschr\u00e4nkungen und die Notwendigkeit einer Erh\u00f6hung der Verteidigungsausgaben hin. Daher bietet die IDA21-Wiederauff\u00fcllung in S\u00fcdkorea die Chance, auf die dr\u00e4ngendsten globalen Herausforderungen zu reagieren und die Weichen f\u00fcr eine nachhaltigere, gerechtere Zukunft zu stellen. Jetzt ist es an den Geberl\u00e4ndern, diese Gelegenheit zu nutzen.&nbsp;<\/p>\n\n\n\n<h4 class=\"wp-block-heading\" id=\"h-du-willst-dass-deutschland-seinen-fairen-beitrag-zu-ida21-leistet-dann-werde-aktiv-und-engagier-dich-hier-fur-eine-gerechtere-zukunft-nbsp\">Du willst, dass Deutschland seinen fairen Beitrag zu IDA21 leistet? Dann werde aktiv und <a href=\"https:\/\/www.one.org\/de\/engagier-dich\/werde-aktiv\/\" target=\"_blank\" rel=\"noreferrer noopener\">engagier dich hier<\/a> f\u00fcr eine gerechtere Zukunft. &nbsp;<\/h4>\n<div class=\"buffer\"><\/div>","protected":false},"excerpt":{"rendered":"<p>Vom 5. bis 6. Dezember 2024 findet in S\u00fcdkorea die n\u00e4chste Wiederauff\u00fcllung der Internationalen Entwicklungsorganisation (IDA) der Weltbank statt. Diese Wiederauff\u00fcllung ist entscheidend f\u00fcr die globale Armutsbek\u00e4mpfung in derzeit 75 L\u00e4ndern, denn die IDA ist eine der gr\u00f6\u00dften Finanzierungsquellen f\u00fcr einkommensschwache L\u00e4nder. Angesichts der multiplen globalen Krisen \u2013 die Auswirkungen des Klimawandels, wachsende Ungleichheiten und [&hellip;]<\/p>\n","protected":false},"author":54,"featured_media":171908,"comment_status":"closed","ping_status":"closed","sticky":false,"template":"","format":"standard","meta":{"_acf_changed":false,"_relevanssi_hide_post":"","_relevanssi_hide_content":"","_relevanssi_pin_for_all":"","_relevanssi_pin_keywords":"","_relevanssi_unpin_keywords":"","_relevanssi_related_keywords":"","_relevanssi_related_include_ids":"","_relevanssi_related_exclude_ids":"","_relevanssi_related_no_append":"","_relevanssi_related_not_related":"","_relevanssi_related_posts":"171870,171824,171783,171677,171712,171654","_relevanssi_noindex_reason":"","footnotes":""},"categories":[259],"tags":[],"topic":[37,75],"contributor":[],"one_content_audience":[],"one_content_type":[],"one_content_tone":[],"class_list":["post-171891","post","type-post","status-publish","format-standard","has-post-thumbnail","hentry","category-faktencheck","topic-entwicklungszusammenarbeit","topic-schulden"],"acf":[],"yoast_head":"<!-- This site is optimized with the Yoast SEO Premium plugin v27.1 (Yoast SEO v27.1.1) - https:\/\/yoast.com\/product\/yoast-seo-premium-wordpress\/ -->\n<title>Kein Ende Globaler Armut ohne IDA - ONE.org Deutschland<\/title>\n<meta name=\"description\" content=\"Als zentrale Finanzierungsquelle f\u00fcr einkommensschwache L\u00e4nder ist die Wiederauff\u00fcllung der IDA entscheidend f\u00fcr globale Armutsbek\u00e4mpfung.\" \/>\n<meta name=\"robots\" content=\"index, follow, max-snippet:-1, max-image-preview:large, max-video-preview:-1\" \/>\n<link rel=\"canonical\" href=\"https:\/\/www.one.org\/de\/neuigkeiten\/kein-ende-globaler-armut-ohne-ida\/\" \/>\n<meta property=\"og:locale\" content=\"de_DE\" \/>\n<meta property=\"og:type\" content=\"article\" \/>\n<meta property=\"og:title\" content=\"Kein Ende Globaler Armut ohne IDA\" \/>\n<meta property=\"og:description\" content=\"Als zentrale Finanzierungsquelle f\u00fcr einkommensschwache L\u00e4nder ist die Wiederauff\u00fcllung der IDA entscheidend f\u00fcr globale Armutsbek\u00e4mpfung.\" \/>\n<meta property=\"og:url\" content=\"https:\/\/www.one.org\/de\/neuigkeiten\/kein-ende-globaler-armut-ohne-ida\/\" \/>\n<meta property=\"og:site_name\" content=\"ONE.org Deutschland\" \/>\n<meta property=\"article:publisher\" content=\"https:\/\/www.facebook.com\/ONEinNederland\" \/>\n<meta property=\"article:published_time\" content=\"2024-11-29T20:51:33+00:00\" \/>\n<meta property=\"article:modified_time\" content=\"2024-12-13T11:10:36+00:00\" \/>\n<meta property=\"og:image\" content=\"https:\/\/cdn.one.org\/oneorg\/wp-content\/uploads\/sites\/3\/2024\/11\/24110433\/IDA21-1200-x-628-px.png\" \/>\n\t<meta property=\"og:image:width\" content=\"1200\" \/>\n\t<meta property=\"og:image:height\" content=\"628\" \/>\n\t<meta property=\"og:image:type\" content=\"image\/png\" \/>\n<meta name=\"author\" content=\"hannahkickert\" \/>\n<meta name=\"twitter:card\" content=\"summary_large_image\" \/>\n<meta name=\"twitter:creator\" content=\"@ONENederland\" \/>\n<meta name=\"twitter:site\" content=\"@ONENederland\" \/>\n<meta name=\"twitter:label1\" content=\"Written by\" \/>\n\t<meta name=\"twitter:data1\" content=\"hannahkickert\" \/>\n\t<meta name=\"twitter:label2\" content=\"Est. reading time\" \/>\n\t<meta name=\"twitter:data2\" content=\"5 minutes\" \/>\n<script type=\"application\/ld+json\" class=\"yoast-schema-graph\">{\"@context\":\"https:\/\/schema.org\",\"@graph\":[{\"@type\":[\"Article\",\"BlogPosting\"],\"@id\":\"https:\/\/www.one.org\/de\/neuigkeiten\/kein-ende-globaler-armut-ohne-ida\/#article\",\"isPartOf\":{\"@id\":\"https:\/\/www.one.org\/de\/neuigkeiten\/kein-ende-globaler-armut-ohne-ida\/\"},\"author\":{\"name\":\"hannahkickert\",\"@id\":\"https:\/\/www.one.org\/de\/#\/schema\/person\/eaa1ff3e5f2eb307503aff50b21dc9cd\"},\"headline\":\"Kein Ende Globaler Armut ohne IDA\",\"datePublished\":\"2024-11-29T20:51:33+00:00\",\"dateModified\":\"2024-12-13T11:10:36+00:00\",\"mainEntityOfPage\":{\"@id\":\"https:\/\/www.one.org\/de\/neuigkeiten\/kein-ende-globaler-armut-ohne-ida\/\"},\"wordCount\":1123,\"image\":{\"@id\":\"https:\/\/www.one.org\/de\/neuigkeiten\/kein-ende-globaler-armut-ohne-ida\/#primaryimage\"},\"thumbnailUrl\":\"https:\/\/www.one.org\/de\/wp-content\/uploads\/sites\/3\/2024\/11\/IDA21-1200-x-628-px.png\",\"articleSection\":[\"Faktencheck\"],\"inLanguage\":\"de-DE\"},{\"@type\":\"WebPage\",\"@id\":\"https:\/\/www.one.org\/de\/neuigkeiten\/kein-ende-globaler-armut-ohne-ida\/\",\"url\":\"https:\/\/www.one.org\/de\/neuigkeiten\/kein-ende-globaler-armut-ohne-ida\/\",\"name\":\"Kein Ende Globaler Armut ohne IDA - ONE.org Deutschland\",\"isPartOf\":{\"@id\":\"https:\/\/www.one.org\/de\/#website\"},\"primaryImageOfPage\":{\"@id\":\"https:\/\/www.one.org\/de\/neuigkeiten\/kein-ende-globaler-armut-ohne-ida\/#primaryimage\"},\"image\":{\"@id\":\"https:\/\/www.one.org\/de\/neuigkeiten\/kein-ende-globaler-armut-ohne-ida\/#primaryimage\"},\"thumbnailUrl\":\"https:\/\/www.one.org\/de\/wp-content\/uploads\/sites\/3\/2024\/11\/IDA21-1200-x-628-px.png\",\"datePublished\":\"2024-11-29T20:51:33+00:00\",\"dateModified\":\"2024-12-13T11:10:36+00:00\",\"author\":{\"@id\":\"https:\/\/www.one.org\/de\/#\/schema\/person\/eaa1ff3e5f2eb307503aff50b21dc9cd\"},\"description\":\"Als zentrale Finanzierungsquelle f\u00fcr einkommensschwache L\u00e4nder ist die Wiederauff\u00fcllung der IDA entscheidend f\u00fcr globale Armutsbek\u00e4mpfung.\",\"breadcrumb\":{\"@id\":\"https:\/\/www.one.org\/de\/neuigkeiten\/kein-ende-globaler-armut-ohne-ida\/#breadcrumb\"},\"inLanguage\":\"de-DE\",\"potentialAction\":[{\"@type\":\"ReadAction\",\"target\":[\"https:\/\/www.one.org\/de\/neuigkeiten\/kein-ende-globaler-armut-ohne-ida\/\"]}]},{\"@type\":\"ImageObject\",\"inLanguage\":\"de-DE\",\"@id\":\"https:\/\/www.one.org\/de\/neuigkeiten\/kein-ende-globaler-armut-ohne-ida\/#primaryimage\",\"url\":\"https:\/\/www.one.org\/de\/wp-content\/uploads\/sites\/3\/2024\/11\/IDA21-1200-x-628-px.png\",\"contentUrl\":\"https:\/\/www.one.org\/de\/wp-content\/uploads\/sites\/3\/2024\/11\/IDA21-1200-x-628-px.png\",\"width\":1200,\"height\":628},{\"@type\":\"BreadcrumbList\",\"@id\":\"https:\/\/www.one.org\/de\/neuigkeiten\/kein-ende-globaler-armut-ohne-ida\/#breadcrumb\",\"itemListElement\":[{\"@type\":\"ListItem\",\"position\":1,\"name\":\"Home\",\"item\":\"https:\/\/www.one.org\/de\/\"},{\"@type\":\"ListItem\",\"position\":2,\"name\":\"Kein Ende Globaler Armut ohne IDA\"}]},{\"@type\":\"WebSite\",\"@id\":\"https:\/\/www.one.org\/de\/#website\",\"url\":\"https:\/\/www.one.org\/de\/\",\"name\":\"ONE.org\",\"description\":\"F\u00fcr mehr wirtschaftliche Chancen und ein starkes Gesundheitswesen in Afrika\",\"potentialAction\":[{\"@type\":\"SearchAction\",\"target\":{\"@type\":\"EntryPoint\",\"urlTemplate\":\"https:\/\/www.one.org\/de\/?s={search_term_string}\"},\"query-input\":{\"@type\":\"PropertyValueSpecification\",\"valueRequired\":true,\"valueName\":\"search_term_string\"}}],\"inLanguage\":\"de-DE\"},{\"@type\":\"Person\",\"@id\":\"https:\/\/www.one.org\/de\/#\/schema\/person\/eaa1ff3e5f2eb307503aff50b21dc9cd\",\"name\":\"hannahkickert\",\"image\":{\"@type\":\"ImageObject\",\"inLanguage\":\"de-DE\",\"@id\":\"https:\/\/www.one.org\/de\/#\/schema\/person\/image\/\",\"url\":\"https:\/\/secure.gravatar.com\/avatar\/bdb54173db2bff4a4c69d3bbe397c79dedcf16090c3ec76362253c1d4d8ae4e9?s=96&d=mm&r=g\",\"contentUrl\":\"https:\/\/secure.gravatar.com\/avatar\/bdb54173db2bff4a4c69d3bbe397c79dedcf16090c3ec76362253c1d4d8ae4e9?s=96&d=mm&r=g\",\"caption\":\"hannahkickert\"},\"url\":\"https:\/\/www.one.org\/de\/neuigkeiten\/author\/hannahkickert\/\"}]}<\/script>\n<!-- \/ Yoast SEO Premium plugin. -->","yoast_head_json":{"title":"Kein Ende Globaler Armut ohne IDA - ONE.org Deutschland","description":"Als zentrale Finanzierungsquelle f\u00fcr einkommensschwache L\u00e4nder ist die Wiederauff\u00fcllung der IDA entscheidend f\u00fcr globale Armutsbek\u00e4mpfung.","robots":{"index":"index","follow":"follow","max-snippet":"max-snippet:-1","max-image-preview":"max-image-preview:large","max-video-preview":"max-video-preview:-1"},"canonical":"https:\/\/www.one.org\/de\/neuigkeiten\/kein-ende-globaler-armut-ohne-ida\/","og_locale":"de_DE","og_type":"article","og_title":"Kein Ende Globaler Armut ohne IDA","og_description":"Als zentrale Finanzierungsquelle f\u00fcr einkommensschwache L\u00e4nder ist die Wiederauff\u00fcllung der IDA entscheidend f\u00fcr globale Armutsbek\u00e4mpfung.","og_url":"https:\/\/www.one.org\/de\/neuigkeiten\/kein-ende-globaler-armut-ohne-ida\/","og_site_name":"ONE.org Deutschland","article_publisher":"https:\/\/www.facebook.com\/ONEinNederland","article_published_time":"2024-11-29T20:51:33+00:00","article_modified_time":"2024-12-13T11:10:36+00:00","og_image":[{"width":1200,"height":628,"url":"https:\/\/cdn.one.org\/oneorg\/wp-content\/uploads\/sites\/3\/2024\/11\/24110433\/IDA21-1200-x-628-px.png","type":"image\/png"}],"author":"hannahkickert","twitter_card":"summary_large_image","twitter_creator":"@ONENederland","twitter_site":"@ONENederland","twitter_misc":{"Written by":"hannahkickert","Est. reading time":"5 minutes"},"schema":{"@context":"https:\/\/schema.org","@graph":[{"@type":["Article","BlogPosting"],"@id":"https:\/\/www.one.org\/de\/neuigkeiten\/kein-ende-globaler-armut-ohne-ida\/#article","isPartOf":{"@id":"https:\/\/www.one.org\/de\/neuigkeiten\/kein-ende-globaler-armut-ohne-ida\/"},"author":{"name":"hannahkickert","@id":"https:\/\/www.one.org\/de\/#\/schema\/person\/eaa1ff3e5f2eb307503aff50b21dc9cd"},"headline":"Kein Ende Globaler Armut ohne IDA","datePublished":"2024-11-29T20:51:33+00:00","dateModified":"2024-12-13T11:10:36+00:00","mainEntityOfPage":{"@id":"https:\/\/www.one.org\/de\/neuigkeiten\/kein-ende-globaler-armut-ohne-ida\/"},"wordCount":1123,"image":{"@id":"https:\/\/www.one.org\/de\/neuigkeiten\/kein-ende-globaler-armut-ohne-ida\/#primaryimage"},"thumbnailUrl":"https:\/\/www.one.org\/de\/wp-content\/uploads\/sites\/3\/2024\/11\/IDA21-1200-x-628-px.png","articleSection":["Faktencheck"],"inLanguage":"de-DE"},{"@type":"WebPage","@id":"https:\/\/www.one.org\/de\/neuigkeiten\/kein-ende-globaler-armut-ohne-ida\/","url":"https:\/\/www.one.org\/de\/neuigkeiten\/kein-ende-globaler-armut-ohne-ida\/","name":"Kein Ende Globaler Armut ohne IDA - ONE.org Deutschland","isPartOf":{"@id":"https:\/\/www.one.org\/de\/#website"},"primaryImageOfPage":{"@id":"https:\/\/www.one.org\/de\/neuigkeiten\/kein-ende-globaler-armut-ohne-ida\/#primaryimage"},"image":{"@id":"https:\/\/www.one.org\/de\/neuigkeiten\/kein-ende-globaler-armut-ohne-ida\/#primaryimage"},"thumbnailUrl":"https:\/\/www.one.org\/de\/wp-content\/uploads\/sites\/3\/2024\/11\/IDA21-1200-x-628-px.png","datePublished":"2024-11-29T20:51:33+00:00","dateModified":"2024-12-13T11:10:36+00:00","author":{"@id":"https:\/\/www.one.org\/de\/#\/schema\/person\/eaa1ff3e5f2eb307503aff50b21dc9cd"},"description":"Als zentrale Finanzierungsquelle f\u00fcr einkommensschwache L\u00e4nder ist die Wiederauff\u00fcllung der IDA entscheidend f\u00fcr globale Armutsbek\u00e4mpfung.","breadcrumb":{"@id":"https:\/\/www.one.org\/de\/neuigkeiten\/kein-ende-globaler-armut-ohne-ida\/#breadcrumb"},"inLanguage":"de-DE","potentialAction":[{"@type":"ReadAction","target":["https:\/\/www.one.org\/de\/neuigkeiten\/kein-ende-globaler-armut-ohne-ida\/"]}]},{"@type":"ImageObject","inLanguage":"de-DE","@id":"https:\/\/www.one.org\/de\/neuigkeiten\/kein-ende-globaler-armut-ohne-ida\/#primaryimage","url":"https:\/\/www.one.org\/de\/wp-content\/uploads\/sites\/3\/2024\/11\/IDA21-1200-x-628-px.png","contentUrl":"https:\/\/www.one.org\/de\/wp-content\/uploads\/sites\/3\/2024\/11\/IDA21-1200-x-628-px.png","width":1200,"height":628},{"@type":"BreadcrumbList","@id":"https:\/\/www.one.org\/de\/neuigkeiten\/kein-ende-globaler-armut-ohne-ida\/#breadcrumb","itemListElement":[{"@type":"ListItem","position":1,"name":"Home","item":"https:\/\/www.one.org\/de\/"},{"@type":"ListItem","position":2,"name":"Kein Ende Globaler Armut ohne IDA"}]},{"@type":"WebSite","@id":"https:\/\/www.one.org\/de\/#website","url":"https:\/\/www.one.org\/de\/","name":"ONE.org","description":"F\u00fcr mehr wirtschaftliche Chancen und ein starkes Gesundheitswesen in Afrika","potentialAction":[{"@type":"SearchAction","target":{"@type":"EntryPoint","urlTemplate":"https:\/\/www.one.org\/de\/?s={search_term_string}"},"query-input":{"@type":"PropertyValueSpecification","valueRequired":true,"valueName":"search_term_string"}}],"inLanguage":"de-DE"},{"@type":"Person","@id":"https:\/\/www.one.org\/de\/#\/schema\/person\/eaa1ff3e5f2eb307503aff50b21dc9cd","name":"hannahkickert","image":{"@type":"ImageObject","inLanguage":"de-DE","@id":"https:\/\/www.one.org\/de\/#\/schema\/person\/image\/","url":"https:\/\/secure.gravatar.com\/avatar\/bdb54173db2bff4a4c69d3bbe397c79dedcf16090c3ec76362253c1d4d8ae4e9?s=96&d=mm&r=g","contentUrl":"https:\/\/secure.gravatar.com\/avatar\/bdb54173db2bff4a4c69d3bbe397c79dedcf16090c3ec76362253c1d4d8ae4e9?s=96&d=mm&r=g","caption":"hannahkickert"},"url":"https:\/\/www.one.org\/de\/neuigkeiten\/author\/hannahkickert\/"}]}},"distributor_meta":false,"distributor_terms":false,"distributor_media":false,"distributor_original_site_name":"ONE.org Deutschland","distributor_original_site_url":"https:\/\/www.one.org\/de","push-errors":false,"_links":{"self":[{"href":"https:\/\/www.one.org\/de\/wp-json\/wp\/v2\/posts\/171891","targetHints":{"allow":["GET"]}}],"collection":[{"href":"https:\/\/www.one.org\/de\/wp-json\/wp\/v2\/posts"}],"about":[{"href":"https:\/\/www.one.org\/de\/wp-json\/wp\/v2\/types\/post"}],"author":[{"embeddable":true,"href":"https:\/\/www.one.org\/de\/wp-json\/wp\/v2\/users\/54"}],"replies":[{"embeddable":true,"href":"https:\/\/www.one.org\/de\/wp-json\/wp\/v2\/comments?post=171891"}],"version-history":[{"count":0,"href":"https:\/\/www.one.org\/de\/wp-json\/wp\/v2\/posts\/171891\/revisions"}],"wp:featuredmedia":[{"embeddable":true,"href":"https:\/\/www.one.org\/de\/wp-json\/wp\/v2\/media\/171908"}],"wp:attachment":[{"href":"https:\/\/www.one.org\/de\/wp-json\/wp\/v2\/media?parent=171891"}],"wp:term":[{"taxonomy":"category","embeddable":true,"href":"https:\/\/www.one.org\/de\/wp-json\/wp\/v2\/categories?post=171891"},{"taxonomy":"post_tag","embeddable":true,"href":"https:\/\/www.one.org\/de\/wp-json\/wp\/v2\/tags?post=171891"},{"taxonomy":"topic","embeddable":true,"href":"https:\/\/www.one.org\/de\/wp-json\/wp\/v2\/topic?post=171891"},{"taxonomy":"contributor","embeddable":true,"href":"https:\/\/www.one.org\/de\/wp-json\/wp\/v2\/contributor?post=171891"},{"taxonomy":"one_content_audience","embeddable":true,"href":"https:\/\/www.one.org\/de\/wp-json\/wp\/v2\/one_content_audience?post=171891"},{"taxonomy":"one_content_type","embeddable":true,"href":"https:\/\/www.one.org\/de\/wp-json\/wp\/v2\/one_content_type?post=171891"},{"taxonomy":"one_content_tone","embeddable":true,"href":"https:\/\/www.one.org\/de\/wp-json\/wp\/v2\/one_content_tone?post=171891"}],"curies":[{"name":"wp","href":"https:\/\/api.w.org\/{rel}","templated":true}]}}