{"id":171822,"date":"2024-11-29T20:31:40","date_gmt":"2024-11-29T20:31:40","guid":{"rendered":"https:\/\/www.one.org\/de\/?p=171822"},"modified":"2024-12-10T15:27:49","modified_gmt":"2024-12-10T15:27:49","slug":"warum-afrika-wichtig-ist","status":"publish","type":"post","link":"https:\/\/www.one.org\/de\/neuigkeiten\/warum-afrika-wichtig-ist\/","title":{"rendered":"Warum Afrika z\u00e4hlt: Gedanken einer ONE Aktivistin"},"content":{"rendered":"\n<h2 class=\"wp-block-heading\" id=\"h-afrika-ist-wichtig-schreibt-die-aktivistin-eden-tadesse-anlasslich-des-20-jahrigen-geburtstages-der-one-kampagne-denn-afrika-zahlt-nicht-nur-fur-menschen-des-kontinents-sondern-auch-fur-die-zukunft-unseres-planeten-in-einer-welt-die-vor-beispiellosen-herausforderungen-steht-ist-das-potenzial-des-kontinents-die-globale-gesundheit-wirtschaft-und-nachhaltigkeit-zu-gestalten-wichtiger-denn-je\">Afrika ist wichtig, schreibt die Aktivistin Eden Tadesse anl\u00e4sslich des 20-j\u00e4hrigen Geburtstages der ONE-Kampagne. Denn Afrika z\u00e4hlt nicht nur f\u00fcr Menschen des Kontinents, sondern auch f\u00fcr die Zukunft unseres Planeten. In einer Welt, die vor beispiellosen Herausforderungen steht, ist das Potenzial des Kontinents, die globale Gesundheit, Wirtschaft und Nachhaltigkeit zu gestalten, wichtiger denn je.<\/h2>\n\n\n\n<p><em>Dies ist ein Gastbeitrag von ONE-Jugendbotschafterin Eden Tadesse<\/em><\/p>\n\n\n\n<p>Als internationale Jugendbotschafterin inspiriert mich das Engagement von anderen Jugendbotschafter*innen, die sich f\u00fcr aufrichtige Zusammenarbeit mit afrikanischen L\u00e4ndern einsetzen. Lasst uns gemeinsam afrikanischen Stimmen Geh\u00f6r verschaffen und sicherstellen, dass die Zukunft Afrikas eine gemeinsame Priorit\u00e4t ist.<\/p>\n\n\n\n<h3 class=\"wp-block-heading\" id=\"h-one-wie-alles-begann\"><strong>ONE: Wie alles begann<\/strong><\/h3>\n\n\n\n<p><a href=\"https:\/\/www.one.org\/person\/bono\/\">Bono, Lead S\u00e4nger der irischen Rockband U2 und Mitbegr\u00fcnder von ONE<\/a>, hat die weltweite Aufmerksamkeit f\u00fcr afrikanische Themen gesteigert, indem er sich vom Engagement der Afrikaner*innen inspirieren lie\u00df. In den 1980er Jahren bewegte ihn das Leid der Menschen durch die Hungerskatastrophe in \u00c4thiopien zum Handeln. Seitdem setzt er sich f\u00fcr soziale Gerechtigkeit und Armutsbek\u00e4mpfung ein. Er fordert au\u00dferdem, \u00e4rmeren L\u00e4ndern die Schulden zu erlassen und an der HIV\/Aids-Pr\u00e4vention zu arbeiten. Beides betrifft Millionen Menschen in Afrika.<\/p>\n\n\n\n<p>Auf dem<a href=\"https:\/\/youtu.be\/-ecG4251K9I\"> 2023 Goalkeepers Event<\/a> der Bill &amp; Melinda Gates Foundation, w\u00fcrdigte Bono mich und mein Herkunftsland (\u00c4thiopien) in einem Video-Statement: \u201eDein wundersch\u00f6nes Land ist einer der Gr\u00fcnde, warum ich mit dem begonnen habe, was ich heute tue.\u201c Sein lebenslanges Engagement zeigt, wie einflussreiche Personen Ressourcen mobilisieren k\u00f6nnen und andere mit inspirieren, sich f\u00fcr wichtige Anliegen einzusetzen.<\/p>\n\n\n\n<h3 class=\"wp-block-heading\" id=\"h-die-bedeutung-afrikanischer-stimmen\"><strong>Die Bedeutung afrikanischer Stimmen<\/strong><\/h3>\n\n\n\n<p>Afrikanische F\u00fchrungspersonen und Aktivist*innen setzen sich seit langem f\u00fcr die Gestaltung ihrer Zukunft ein, doch in internationalen Diskussionen wurden ihre Stimmen nicht immer ber\u00fccksichtigt. Heute tragen Bem\u00fchungen, wie die von ONE dazu bei, diese Perspektiven und afrikanisch gef\u00fchrte Entscheidungsprozesse zu st\u00e4rken.<\/p>\n\n\n\n<p>In vielen F\u00e4llen wird die internationale Politik ohne ausreichende Beteiligung der afrikanischen L\u00e4nder gestaltet. Dieses Vers\u00e4umnis setzt einen Kreislauf von Ungleichheit und falscher Repr\u00e4sentation fort.<a href=\"https:\/\/www.one.org\/press\/new-initiative-from-the-one-campaign-aims-to-bring-african-voices-to-the-table-as-nations-consider-post-2015-development-goals\/\"> Das langfristige Engagement von ONE f\u00fcr die F\u00f6rderung afrikanischer Perspektiven<\/a> zielt darauf, dass wir Entscheidungspositionen f\u00fcr die Gestaltung unserer eigenen Zukunft einnehmen k\u00f6nnen.<\/p>\n\n\n\n<h3 class=\"wp-block-heading\" id=\"h-das-potenzial-der-afrikanischen-jugend\"><strong>Das Potenzial der afrikanischen Jugend<\/strong><\/h3>\n\n\n\n<p><a href=\"https:\/\/www.theguardian.com\/global-development\/2024\/feb\/19\/africa-education-key-to-progress-invest-in-children-nana-akufo-addo#:~:text=Africa%20is%20the%20world's%20youngest%20and%20fastest%2Dgrowing%20continent.,all%20Africans%20are%20under%2015.\">Afrika ist der j\u00fcngste Kontinent der Welt<\/a>. <a href=\"https:\/\/www.nytimes.com\/interactive\/2023\/10\/28\/world\/africa\/africa-youth-population.html\">Im Jahr 2050 wird jeder vierte Mensch Afrikaner*in sein<\/a>. Dieser \u201eJugendboom\u201c bietet Chancen f\u00fcr Wirtschaftswachstum und Innovation, birgt aber auch Risiken, wenn Herausforderungen wie Bildung, Besch\u00e4ftigung und Infrastruktur vernachl\u00e4ssigt werden.<\/p>\n\n\n\n<p>Dar\u00fcber hinaus ist Afrika mit der harten Realit\u00e4t des Klimawandels konfrontiert. Weltweit werden <a href=\"https:\/\/www.economicsandpeace.org\/wp-content\/uploads\/2020\/09\/Ecological-Threat-Register-Press-Release-27.08-FINAL.pdf\">bis 2050 voraussichtlich mehr als 1,2 Milliarden Menschen aufgrund klimabedingter Herausforderungen vertrieben werden<\/a>, wobei <a href=\"https:\/\/www.afdb.org\/en\/cop25\/climate-change-africa\">Afrika der am st\u00e4rksten betroffene Kontinent<\/a> ist.<\/p>\n\n\n\n<p>Die gesundheitlichen Ungleichheiten in Afrika sind gro\u00df im Vergleich zum Rest der Welt. Das betrifft besonders den<a href=\"https:\/\/data.one.org\/data-dives\/manufacturing\/#Why-dispersing-vaccine-manufacturing-matters\"> Zugang zu Impfstoffen<\/a> und die Infrastruktur des Gesundheitswesens. Die COVID-19-Pandemie hat diese L\u00fccken noch vergr\u00f6\u00dfert und den<a href=\"https:\/\/data.one.org\/topics\/health-financing\/#h-how-much-should-countries-spend-on-health\"> dringenden Bedarf an Investitionen in die Gesundheitssysteme<\/a> auf dem gesamten Kontinent verdeutlicht. Beispielsweise haben nur<a href=\"https:\/\/pmc.ncbi.nlm.nih.gov\/articles\/PMC9009957\/\"> acht Prozent der afrikanischen Bev\u00f6lkerung eine Impfung gegen COVID-19 erhalten<\/a>..<\/p>\n\n\n\n<h3 class=\"wp-block-heading\" id=\"h-afrikas-rolle-in-der-weltwirtschaft\"><strong>Afrikas Rolle in der Weltwirtschaft<\/strong><\/h3>\n\n\n\n<p>Afrika hat das Potenzial, Ern\u00e4hrungssicherheit zu erreichen und e<a href=\"https:\/\/www.whitecase.com\/insight-our-thinking\/africa-focus-summer-2023-africas-agricultural-revolution\">in wichtiger Akteur in der weltweiten Lebensmittelversorgung zu werden<\/a>. Dies kann durch Investitionen in die Landwirtschaft, nachhaltige Praktiken und Infrastruktur erreicht werden, vorausgesetzt die systembedingten Hindernisse werden beseitigt.<\/p>\n\n\n\n<p>Es ist kein Geheimnis, dass<a href=\"https:\/\/www.weforum.org\/agenda\/2024\/01\/multilateral-collaboration-indispensable-unlocking-africa-potential\/\"> internationale Partnerschaften entscheidend sind, um das Potenzial Afrikas freizusetzen<\/a>. Organisationen wie ONE schmieden solche Allianzen und setzen sich f\u00fcr gerechte L\u00f6sungen ein. Dieser Einsatz steht im Einklang mit der Erkenntnis, dass Wohlstand in allen Teilen der Welt miteinander verkn\u00fcpft ist. Wir von ONE sagen: Wenn Afrika w\u00e4chst, profitiert die Welt. Das ist ein weiterer Schritt auf dem Weg zu einer gerechteren und nachhaltigeren Weltgemeinschaft.<\/p>\n\n\n\n<h3 class=\"wp-block-heading\" id=\"h-afrika-ist-die-zukunft-jetzt-handeln\"><strong>Afrika ist die Zukunft &#8211; jetzt handeln!<\/strong><\/h3>\n\n\n\n<p>Meiner Meinung nach ist es nicht nur eine ethische, sondern auch eine globale Notwendigkeit, Afrika Priorit\u00e4t einzur\u00e4umen. ONE-Fokus ist also zeitgem\u00e4\u00df und wichtig: Mit unserer Arbeit werden wir uns auch weiterhin<a href=\"https:\/\/www.one.org\/us\/stories\/one-at-unga-africa-at-the-forefront-of-global-financing\/\"> f\u00fcr gerechte Investitionen in die Gesundheitsversorgung und wirtschaftliche Chancen einsetzen.<\/a><\/p>\n\n\n\n<p><strong>Afrikas Wachstum und Stabilit\u00e4t sind nicht nur f\u00fcr die Afrikaner*innen entscheidend, sondern f\u00fcr eine gerechtere und nachhaltigere  Zukunft aller. Es ist an der Zeit, jetzt zu handeln.<\/strong><br><\/p>\n\n\n\n<p><\/p>\n<div class=\"buffer\"><\/div>","protected":false},"excerpt":{"rendered":"<p>Die afrikanische Jugendbotschafterin Eden Tadesse schreibt dar\u00fcber, warum Afrika wichtig ist: nicht nur f\u00fcr seine Menschen, sondern auch f\u00fcr die Zukunft unseres Planeten. In einer Welt, die vor beispiellosen Herausforderungen steht, ist das Potenzial des Kontinents, die globale Gesundheit, Wirtschaft und Nachhaltigkeit zu gestalten, wichtiger denn je.<\/p>\n","protected":false},"author":22,"featured_media":171883,"comment_status":"closed","ping_status":"closed","sticky":false,"template":"","format":"standard","meta":{"_acf_changed":false,"_relevanssi_hide_post":"","_relevanssi_hide_content":"","_relevanssi_pin_for_all":"","_relevanssi_pin_keywords":"","_relevanssi_unpin_keywords":"","_relevanssi_related_keywords":"","_relevanssi_related_include_ids":"","_relevanssi_related_exclude_ids":"","_relevanssi_related_no_append":"","_relevanssi_related_not_related":"","_relevanssi_related_posts":"167578,167700,167681,167557,167447,167148","_relevanssi_noindex_reason":"","footnotes":""},"categories":[1],"tags":[105,54],"topic":[111,81],"contributor":[305],"one_content_audience":[],"one_content_type":[],"one_content_tone":[],"class_list":["post-171822","post","type-post","status-publish","format-standard","has-post-thumbnail","hentry","category-uncategorized","tag-aktivismus","tag-jugendbotschafterinnen","topic-handel-und-investitionen","topic-klimawandel","contributor-eden-tadesse"],"acf":[],"yoast_head":"<!-- This site is optimized with the Yoast SEO Premium plugin v27.1 (Yoast SEO v27.1.1) - https:\/\/yoast.com\/product\/yoast-seo-premium-wordpress\/ -->\n<title>Warum Afrika z\u00e4hlt: Gedanken einer ONE Aktivistin - ONE.org Deutschland<\/title>\n<meta name=\"description\" content=\"Afrika birgt Chancen f\u00fcr unser aller Zukunft, schreibt die afrikanische Aktivistin Eden Tadesse: \u00fcber das Potenzial der afrikanischen Jugend.\" \/>\n<meta name=\"robots\" content=\"index, follow, max-snippet:-1, max-image-preview:large, max-video-preview:-1\" \/>\n<link rel=\"canonical\" href=\"https:\/\/www.one.org\/de\/neuigkeiten\/warum-afrika-wichtig-ist\/\" \/>\n<meta property=\"og:locale\" content=\"de_DE\" \/>\n<meta property=\"og:type\" content=\"article\" \/>\n<meta property=\"og:title\" content=\"Warum Afrika z\u00e4hlt!\" \/>\n<meta property=\"og:description\" content=\"Afrika z\u00e4hlt f\u00fcr die Zukunft unseres Planeten. In einer Welt, die vor beispiellosen Herausforderungen steht, ist das Potenzial des Kontinents, die globale Gesundheit, Wirtschaft und Nachhaltigkeit zu gestalten, wichtiger denn je, schreibt die Aktivistin Eden Tadesse.\" \/>\n<meta property=\"og:url\" content=\"https:\/\/www.one.org\/de\/neuigkeiten\/warum-afrika-wichtig-ist\/\" \/>\n<meta property=\"og:site_name\" content=\"ONE.org Deutschland\" \/>\n<meta property=\"article:publisher\" content=\"https:\/\/www.facebook.com\/ONEinNederland\" \/>\n<meta property=\"article:published_time\" content=\"2024-11-29T20:31:40+00:00\" \/>\n<meta property=\"article:modified_time\" content=\"2024-12-10T15:27:49+00:00\" \/>\n<meta property=\"og:image\" content=\"https:\/\/cdn.one.org\/oneorg\/wp-content\/uploads\/sites\/3\/2024\/11\/18124308\/Eden-1.jpg\" \/>\n\t<meta property=\"og:image:width\" content=\"1200\" \/>\n\t<meta property=\"og:image:height\" content=\"628\" \/>\n\t<meta property=\"og:image:type\" content=\"image\/jpeg\" \/>\n<meta name=\"author\" content=\"Pia Schwaiger\" \/>\n<meta name=\"twitter:card\" content=\"summary_large_image\" \/>\n<meta name=\"twitter:title\" content=\"Warum Afrika z\u00e4hlt!\" \/>\n<meta name=\"twitter:description\" content=\"Afrika z\u00e4hlt f\u00fcr die Zukunft unseres Planeten. In einer Welt, die vor beispiellosen Herausforderungen steht, ist das Potenzial des Kontinents, die globale Gesundheit, Wirtschaft und Nachhaltigkeit zu gestalten, wichtiger denn je, schreibt die Aktivistin Eden Tadesse.\" \/>\n<meta name=\"twitter:creator\" content=\"@ONENederland\" \/>\n<meta name=\"twitter:site\" content=\"@ONENederland\" \/>\n<meta name=\"twitter:label1\" content=\"Written by\" \/>\n\t<meta name=\"twitter:data1\" content=\"Pia Schwaiger\" \/>\n\t<meta name=\"twitter:label2\" content=\"Est. reading time\" \/>\n\t<meta name=\"twitter:data2\" content=\"4 minutes\" \/>\n<script type=\"application\/ld+json\" class=\"yoast-schema-graph\">{\"@context\":\"https:\/\/schema.org\",\"@graph\":[{\"@type\":[\"Article\",\"BlogPosting\"],\"@id\":\"https:\/\/www.one.org\/de\/neuigkeiten\/warum-afrika-wichtig-ist\/#article\",\"isPartOf\":{\"@id\":\"https:\/\/www.one.org\/de\/neuigkeiten\/warum-afrika-wichtig-ist\/\"},\"author\":{\"name\":\"Pia Schwaiger\",\"@id\":\"https:\/\/www.one.org\/de\/#\/schema\/person\/011e858903c0c7fd8ae29006f765ce79\"},\"headline\":\"Warum Afrika z\u00e4hlt: Gedanken einer ONE Aktivistin\",\"datePublished\":\"2024-11-29T20:31:40+00:00\",\"dateModified\":\"2024-12-10T15:27:49+00:00\",\"mainEntityOfPage\":{\"@id\":\"https:\/\/www.one.org\/de\/neuigkeiten\/warum-afrika-wichtig-ist\/\"},\"wordCount\":716,\"image\":{\"@id\":\"https:\/\/www.one.org\/de\/neuigkeiten\/warum-afrika-wichtig-ist\/#primaryimage\"},\"thumbnailUrl\":\"https:\/\/www.one.org\/de\/wp-content\/uploads\/sites\/3\/2024\/11\/Eden-1.jpg\",\"keywords\":[\"Aktivismus\",\"Jugendbotschafter*innen\"],\"inLanguage\":\"de-DE\"},{\"@type\":\"WebPage\",\"@id\":\"https:\/\/www.one.org\/de\/neuigkeiten\/warum-afrika-wichtig-ist\/\",\"url\":\"https:\/\/www.one.org\/de\/neuigkeiten\/warum-afrika-wichtig-ist\/\",\"name\":\"Warum Afrika z\u00e4hlt: Gedanken einer ONE Aktivistin - ONE.org Deutschland\",\"isPartOf\":{\"@id\":\"https:\/\/www.one.org\/de\/#website\"},\"primaryImageOfPage\":{\"@id\":\"https:\/\/www.one.org\/de\/neuigkeiten\/warum-afrika-wichtig-ist\/#primaryimage\"},\"image\":{\"@id\":\"https:\/\/www.one.org\/de\/neuigkeiten\/warum-afrika-wichtig-ist\/#primaryimage\"},\"thumbnailUrl\":\"https:\/\/www.one.org\/de\/wp-content\/uploads\/sites\/3\/2024\/11\/Eden-1.jpg\",\"datePublished\":\"2024-11-29T20:31:40+00:00\",\"dateModified\":\"2024-12-10T15:27:49+00:00\",\"author\":{\"@id\":\"https:\/\/www.one.org\/de\/#\/schema\/person\/011e858903c0c7fd8ae29006f765ce79\"},\"description\":\"Afrika birgt Chancen f\u00fcr unser aller Zukunft, schreibt die afrikanische Aktivistin Eden Tadesse: \u00fcber das Potenzial der afrikanischen Jugend.\",\"breadcrumb\":{\"@id\":\"https:\/\/www.one.org\/de\/neuigkeiten\/warum-afrika-wichtig-ist\/#breadcrumb\"},\"inLanguage\":\"de-DE\",\"potentialAction\":[{\"@type\":\"ReadAction\",\"target\":[\"https:\/\/www.one.org\/de\/neuigkeiten\/warum-afrika-wichtig-ist\/\"]}]},{\"@type\":\"ImageObject\",\"inLanguage\":\"de-DE\",\"@id\":\"https:\/\/www.one.org\/de\/neuigkeiten\/warum-afrika-wichtig-ist\/#primaryimage\",\"url\":\"https:\/\/www.one.org\/de\/wp-content\/uploads\/sites\/3\/2024\/11\/Eden-1.jpg\",\"contentUrl\":\"https:\/\/www.one.org\/de\/wp-content\/uploads\/sites\/3\/2024\/11\/Eden-1.jpg\",\"width\":1200,\"height\":628,\"caption\":\"ONE Aktivistin Eden Tadesse erkl\u00e4rt warum Afrika z\u00e4hlt\"},{\"@type\":\"BreadcrumbList\",\"@id\":\"https:\/\/www.one.org\/de\/neuigkeiten\/warum-afrika-wichtig-ist\/#breadcrumb\",\"itemListElement\":[{\"@type\":\"ListItem\",\"position\":1,\"name\":\"Home\",\"item\":\"https:\/\/www.one.org\/de\/\"},{\"@type\":\"ListItem\",\"position\":2,\"name\":\"Warum Afrika z\u00e4hlt: Gedanken einer ONE Aktivistin\"}]},{\"@type\":\"WebSite\",\"@id\":\"https:\/\/www.one.org\/de\/#website\",\"url\":\"https:\/\/www.one.org\/de\/\",\"name\":\"ONE.org\",\"description\":\"F\u00fcr mehr wirtschaftliche Chancen und ein starkes Gesundheitswesen in Afrika\",\"potentialAction\":[{\"@type\":\"SearchAction\",\"target\":{\"@type\":\"EntryPoint\",\"urlTemplate\":\"https:\/\/www.one.org\/de\/?s={search_term_string}\"},\"query-input\":{\"@type\":\"PropertyValueSpecification\",\"valueRequired\":true,\"valueName\":\"search_term_string\"}}],\"inLanguage\":\"de-DE\"},{\"@type\":\"Person\",\"@id\":\"https:\/\/www.one.org\/de\/#\/schema\/person\/011e858903c0c7fd8ae29006f765ce79\",\"name\":\"Pia Schwaiger\",\"image\":{\"@type\":\"ImageObject\",\"inLanguage\":\"de-DE\",\"@id\":\"https:\/\/www.one.org\/de\/#\/schema\/person\/image\/\",\"url\":\"https:\/\/secure.gravatar.com\/avatar\/0e356bbd310553c5365f9d25e3e1492caafa5f6893ca921ac08a04a6079e7089?s=96&d=mm&r=g\",\"contentUrl\":\"https:\/\/secure.gravatar.com\/avatar\/0e356bbd310553c5365f9d25e3e1492caafa5f6893ca921ac08a04a6079e7089?s=96&d=mm&r=g\",\"caption\":\"Pia Schwaiger\"},\"description\":\"Ich bin Medienkoordinatorin bei der entwicklungspolitischen Organisation ONE und arbeite in der politischen Kommunikation. Meine Arbeit umfasst t\u00e4gliche Medienanalysen, die Entwicklung von Pressestrategien und die Pressearbeit der ONE-Jugendbotschafter*innen. Ich schreibe \u00fcber aktuelle Geschehnisse auf dem afrikanischen Kontinent.\",\"sameAs\":[\"https:\/\/www.linkedin.com\/in\/pia-schwaiger-6190351b0\/?locale=en\"],\"honorificPrefix\":\"Ms\",\"gender\":\"female\",\"knowsAbout\":[\"Medienbriefings und Medientrainings f\u00fcr deutsche Aktivist*innen\",\"Aktivismus-orientierte Kommunikationsstrategien\",\"Erstellung von Presskits\",\"Talking Points\",\"Medienansprache rund um politische Schl\u00fcsseltermine\"],\"knowsLanguage\":[\"Deutsch\",\"Englisch\"],\"jobTitle\":\"Media Coordinator\",\"worksFor\":\"The ONE Campaign\",\"url\":\"https:\/\/www.one.org\/de\/neuigkeiten\/author\/piaschwaiger\/\"}]}<\/script>\n<!-- \/ Yoast SEO Premium plugin. -->","yoast_head_json":{"title":"Warum Afrika z\u00e4hlt: Gedanken einer ONE Aktivistin - ONE.org Deutschland","description":"Afrika birgt Chancen f\u00fcr unser aller Zukunft, schreibt die afrikanische Aktivistin Eden Tadesse: \u00fcber das Potenzial der afrikanischen Jugend.","robots":{"index":"index","follow":"follow","max-snippet":"max-snippet:-1","max-image-preview":"max-image-preview:large","max-video-preview":"max-video-preview:-1"},"canonical":"https:\/\/www.one.org\/de\/neuigkeiten\/warum-afrika-wichtig-ist\/","og_locale":"de_DE","og_type":"article","og_title":"Warum Afrika z\u00e4hlt!","og_description":"Afrika z\u00e4hlt f\u00fcr die Zukunft unseres Planeten. In einer Welt, die vor beispiellosen Herausforderungen steht, ist das Potenzial des Kontinents, die globale Gesundheit, Wirtschaft und Nachhaltigkeit zu gestalten, wichtiger denn je, schreibt die Aktivistin Eden Tadesse.","og_url":"https:\/\/www.one.org\/de\/neuigkeiten\/warum-afrika-wichtig-ist\/","og_site_name":"ONE.org Deutschland","article_publisher":"https:\/\/www.facebook.com\/ONEinNederland","article_published_time":"2024-11-29T20:31:40+00:00","article_modified_time":"2024-12-10T15:27:49+00:00","og_image":[{"width":1200,"height":628,"url":"https:\/\/cdn.one.org\/oneorg\/wp-content\/uploads\/sites\/3\/2024\/11\/18124308\/Eden-1.jpg","type":"image\/jpeg"}],"author":"Pia Schwaiger","twitter_card":"summary_large_image","twitter_title":"Warum Afrika z\u00e4hlt!","twitter_description":"Afrika z\u00e4hlt f\u00fcr die Zukunft unseres Planeten. In einer Welt, die vor beispiellosen Herausforderungen steht, ist das Potenzial des Kontinents, die globale Gesundheit, Wirtschaft und Nachhaltigkeit zu gestalten, wichtiger denn je, schreibt die Aktivistin Eden Tadesse.","twitter_creator":"@ONENederland","twitter_site":"@ONENederland","twitter_misc":{"Written by":"Pia Schwaiger","Est. reading time":"4 minutes"},"schema":{"@context":"https:\/\/schema.org","@graph":[{"@type":["Article","BlogPosting"],"@id":"https:\/\/www.one.org\/de\/neuigkeiten\/warum-afrika-wichtig-ist\/#article","isPartOf":{"@id":"https:\/\/www.one.org\/de\/neuigkeiten\/warum-afrika-wichtig-ist\/"},"author":{"name":"Pia Schwaiger","@id":"https:\/\/www.one.org\/de\/#\/schema\/person\/011e858903c0c7fd8ae29006f765ce79"},"headline":"Warum Afrika z\u00e4hlt: Gedanken einer ONE Aktivistin","datePublished":"2024-11-29T20:31:40+00:00","dateModified":"2024-12-10T15:27:49+00:00","mainEntityOfPage":{"@id":"https:\/\/www.one.org\/de\/neuigkeiten\/warum-afrika-wichtig-ist\/"},"wordCount":716,"image":{"@id":"https:\/\/www.one.org\/de\/neuigkeiten\/warum-afrika-wichtig-ist\/#primaryimage"},"thumbnailUrl":"https:\/\/www.one.org\/de\/wp-content\/uploads\/sites\/3\/2024\/11\/Eden-1.jpg","keywords":["Aktivismus","Jugendbotschafter*innen"],"inLanguage":"de-DE"},{"@type":"WebPage","@id":"https:\/\/www.one.org\/de\/neuigkeiten\/warum-afrika-wichtig-ist\/","url":"https:\/\/www.one.org\/de\/neuigkeiten\/warum-afrika-wichtig-ist\/","name":"Warum Afrika z\u00e4hlt: Gedanken einer ONE Aktivistin - ONE.org Deutschland","isPartOf":{"@id":"https:\/\/www.one.org\/de\/#website"},"primaryImageOfPage":{"@id":"https:\/\/www.one.org\/de\/neuigkeiten\/warum-afrika-wichtig-ist\/#primaryimage"},"image":{"@id":"https:\/\/www.one.org\/de\/neuigkeiten\/warum-afrika-wichtig-ist\/#primaryimage"},"thumbnailUrl":"https:\/\/www.one.org\/de\/wp-content\/uploads\/sites\/3\/2024\/11\/Eden-1.jpg","datePublished":"2024-11-29T20:31:40+00:00","dateModified":"2024-12-10T15:27:49+00:00","author":{"@id":"https:\/\/www.one.org\/de\/#\/schema\/person\/011e858903c0c7fd8ae29006f765ce79"},"description":"Afrika birgt Chancen f\u00fcr unser aller Zukunft, schreibt die afrikanische Aktivistin Eden Tadesse: \u00fcber das Potenzial der afrikanischen Jugend.","breadcrumb":{"@id":"https:\/\/www.one.org\/de\/neuigkeiten\/warum-afrika-wichtig-ist\/#breadcrumb"},"inLanguage":"de-DE","potentialAction":[{"@type":"ReadAction","target":["https:\/\/www.one.org\/de\/neuigkeiten\/warum-afrika-wichtig-ist\/"]}]},{"@type":"ImageObject","inLanguage":"de-DE","@id":"https:\/\/www.one.org\/de\/neuigkeiten\/warum-afrika-wichtig-ist\/#primaryimage","url":"https:\/\/www.one.org\/de\/wp-content\/uploads\/sites\/3\/2024\/11\/Eden-1.jpg","contentUrl":"https:\/\/www.one.org\/de\/wp-content\/uploads\/sites\/3\/2024\/11\/Eden-1.jpg","width":1200,"height":628,"caption":"ONE Aktivistin Eden Tadesse erkl\u00e4rt warum Afrika z\u00e4hlt"},{"@type":"BreadcrumbList","@id":"https:\/\/www.one.org\/de\/neuigkeiten\/warum-afrika-wichtig-ist\/#breadcrumb","itemListElement":[{"@type":"ListItem","position":1,"name":"Home","item":"https:\/\/www.one.org\/de\/"},{"@type":"ListItem","position":2,"name":"Warum Afrika z\u00e4hlt: Gedanken einer ONE Aktivistin"}]},{"@type":"WebSite","@id":"https:\/\/www.one.org\/de\/#website","url":"https:\/\/www.one.org\/de\/","name":"ONE.org","description":"F\u00fcr mehr wirtschaftliche Chancen und ein starkes Gesundheitswesen in Afrika","potentialAction":[{"@type":"SearchAction","target":{"@type":"EntryPoint","urlTemplate":"https:\/\/www.one.org\/de\/?s={search_term_string}"},"query-input":{"@type":"PropertyValueSpecification","valueRequired":true,"valueName":"search_term_string"}}],"inLanguage":"de-DE"},{"@type":"Person","@id":"https:\/\/www.one.org\/de\/#\/schema\/person\/011e858903c0c7fd8ae29006f765ce79","name":"Pia Schwaiger","image":{"@type":"ImageObject","inLanguage":"de-DE","@id":"https:\/\/www.one.org\/de\/#\/schema\/person\/image\/","url":"https:\/\/secure.gravatar.com\/avatar\/0e356bbd310553c5365f9d25e3e1492caafa5f6893ca921ac08a04a6079e7089?s=96&d=mm&r=g","contentUrl":"https:\/\/secure.gravatar.com\/avatar\/0e356bbd310553c5365f9d25e3e1492caafa5f6893ca921ac08a04a6079e7089?s=96&d=mm&r=g","caption":"Pia Schwaiger"},"description":"Ich bin Medienkoordinatorin bei der entwicklungspolitischen Organisation ONE und arbeite in der politischen Kommunikation. Meine Arbeit umfasst t\u00e4gliche Medienanalysen, die Entwicklung von Pressestrategien und die Pressearbeit der ONE-Jugendbotschafter*innen. Ich schreibe \u00fcber aktuelle Geschehnisse auf dem afrikanischen Kontinent.","sameAs":["https:\/\/www.linkedin.com\/in\/pia-schwaiger-6190351b0\/?locale=en"],"honorificPrefix":"Ms","gender":"female","knowsAbout":["Medienbriefings und Medientrainings f\u00fcr deutsche Aktivist*innen","Aktivismus-orientierte Kommunikationsstrategien","Erstellung von Presskits","Talking Points","Medienansprache rund um politische Schl\u00fcsseltermine"],"knowsLanguage":["Deutsch","Englisch"],"jobTitle":"Media Coordinator","worksFor":"The ONE Campaign","url":"https:\/\/www.one.org\/de\/neuigkeiten\/author\/piaschwaiger\/"}]}},"distributor_meta":false,"distributor_terms":false,"distributor_media":false,"distributor_original_site_name":"ONE.org Deutschland","distributor_original_site_url":"https:\/\/www.one.org\/de","push-errors":false,"_links":{"self":[{"href":"https:\/\/www.one.org\/de\/wp-json\/wp\/v2\/posts\/171822","targetHints":{"allow":["GET"]}}],"collection":[{"href":"https:\/\/www.one.org\/de\/wp-json\/wp\/v2\/posts"}],"about":[{"href":"https:\/\/www.one.org\/de\/wp-json\/wp\/v2\/types\/post"}],"author":[{"embeddable":true,"href":"https:\/\/www.one.org\/de\/wp-json\/wp\/v2\/users\/22"}],"replies":[{"embeddable":true,"href":"https:\/\/www.one.org\/de\/wp-json\/wp\/v2\/comments?post=171822"}],"version-history":[{"count":0,"href":"https:\/\/www.one.org\/de\/wp-json\/wp\/v2\/posts\/171822\/revisions"}],"wp:featuredmedia":[{"embeddable":true,"href":"https:\/\/www.one.org\/de\/wp-json\/wp\/v2\/media\/171883"}],"wp:attachment":[{"href":"https:\/\/www.one.org\/de\/wp-json\/wp\/v2\/media?parent=171822"}],"wp:term":[{"taxonomy":"category","embeddable":true,"href":"https:\/\/www.one.org\/de\/wp-json\/wp\/v2\/categories?post=171822"},{"taxonomy":"post_tag","embeddable":true,"href":"https:\/\/www.one.org\/de\/wp-json\/wp\/v2\/tags?post=171822"},{"taxonomy":"topic","embeddable":true,"href":"https:\/\/www.one.org\/de\/wp-json\/wp\/v2\/topic?post=171822"},{"taxonomy":"contributor","embeddable":true,"href":"https:\/\/www.one.org\/de\/wp-json\/wp\/v2\/contributor?post=171822"},{"taxonomy":"one_content_audience","embeddable":true,"href":"https:\/\/www.one.org\/de\/wp-json\/wp\/v2\/one_content_audience?post=171822"},{"taxonomy":"one_content_type","embeddable":true,"href":"https:\/\/www.one.org\/de\/wp-json\/wp\/v2\/one_content_type?post=171822"},{"taxonomy":"one_content_tone","embeddable":true,"href":"https:\/\/www.one.org\/de\/wp-json\/wp\/v2\/one_content_tone?post=171822"}],"curies":[{"name":"wp","href":"https:\/\/api.w.org\/{rel}","templated":true}]}}