{"id":171677,"date":"2026-03-31T18:00:26","date_gmt":"2026-03-31T18:00:26","guid":{"rendered":"https:\/\/www.one.org\/de\/?p=171677"},"modified":"2026-03-31T18:00:30","modified_gmt":"2026-03-31T18:00:30","slug":"was-passiert-im-sudan","status":"publish","type":"post","link":"https:\/\/www.one.org\/de\/neuigkeiten\/was-passiert-im-sudan\/","title":{"rendered":"Was passiert im Sudan?"},"content":{"rendered":"\n<h2 class=\"wp-block-heading\" id=\"h-im-sudan-spielt-sich-die-grosste-humanitare-krise-der-welt-ab-verschiedene-bewaffnete-gruppen-und-zwei-generale-kampfen-um-die-macht-auf-kosten-der-zivilbevolkerung-wie-konnte-es-soweit-kommen-was-passiert-in-al-faschir-und-warum-sind-frauen-besonders-gefahrdet-nbsp\">Im Sudan spielt sich die gr\u00f6\u00dfte humanit\u00e4re Krise der Welt ab. Verschiedene bewaffnete Gruppen und zwei Gener\u00e4le k\u00e4mpfen um die Macht \u2013 auf Kosten der Zivilbev\u00f6lkerung. Wie konnte es soweit kommen? Was passiert in Al-Faschir? Und warum sind Frauen besonders gef\u00e4hrdet?&nbsp;<\/h2>\n\n\n\n<p><strong>+++ Triggerwarnung: In diesem Text geht es um sexualisierte Gewalt (<a href=\"https:\/\/frauenrechte.de\/unsere-arbeit\/haeusliche-und-sexualiserte-gewalt\/hintergrundinformationen\/sexualisierte-gewalt\">mehr zu sexualisierter Gewalt hier<\/a>). +++<\/strong><\/p>\n\n\n\n<h2 class=\"wp-block-heading\" id=\"h-das-land\">Das Land<\/h2>\n\n\n\n<p><a href=\"https:\/\/klexikon.zum.de\/wiki\/Sudan\">Der Sudan<\/a> liegt im Nordosten Afrikas und ist seit den 1950er Jahren eine unabh\u00e4ngige Republik mit circa 45 Millionen Einwohner*innen. Die meisten sind Muslim*innen, die Amtssprache ist Arabisch. Es gibt viele verschiedene Landschaften, darunter W\u00fcste, Savanne und Berge und mitten durch das Land flie\u00dft der Nil. Dort, an den fruchtbaren Ufern des Flusses, liegt die Hauptstadt Khartum. Viele Menschen leben von der Landwirtschaft und haben kein hohes Einkommen. Es gibt zu wenig Gesundheits- und Bildungseinrichtungen, deshalb ziehen immer mehr Menschen in gr\u00f6\u00dfere St\u00e4dte. Im Osten leben viele Gefl\u00fcchtete aus Eritrea, die ihre Heimat wegen sozialer Ausgrenzung und fehlender Arbeitsm\u00f6glichkeiten verlassen haben.<\/p>\n\n\n\n<p>Der Sudan ist stark vom Klimawandel betroffen, denn die Temperaturen steigen und es gibt immer h\u00e4ufiger D\u00fcrren, gefolgt von schweren \u00dcberschwemmungen. Das Land ist au\u00dferdem reich an Bodensch\u00e4tzen wie Erd\u00f6l, Gold, Eisenerz, Marmor und Uran. Allerdings kommt es immer wieder zu Streit dar\u00fcber, wem diese Rohstoffe geh\u00f6ren. Die Abspaltung des S\u00fcdsudans vom Sudan im Jahr 2011 wurde unter anderem durch Konflikte um diese Ressourcen ausgel\u00f6st.<\/p>\n\n\n\n<figure class=\"wp-block-image size-large is-resized\"><img loading=\"lazy\" decoding=\"async\" width=\"1024\" height=\"536\" src=\"https:\/\/www.one.org\/de\/wp-content\/uploads\/sites\/3\/2024\/08\/2-1024x536.png\" alt=\"\" class=\"wp-image-171762\" style=\"object-fit:contain;width:1200px;height:628px\" srcset=\"https:\/\/www.one.org\/de\/wp-content\/uploads\/sites\/3\/2024\/08\/2-1024x536.png 1024w, https:\/\/www.one.org\/de\/wp-content\/uploads\/sites\/3\/2024\/08\/2-300x157.png 300w, https:\/\/www.one.org\/de\/wp-content\/uploads\/sites\/3\/2024\/08\/2-768x402.png 768w, https:\/\/www.one.org\/de\/wp-content\/uploads\/sites\/3\/2024\/08\/2-16x8.png 16w, https:\/\/www.one.org\/de\/wp-content\/uploads\/sites\/3\/2024\/08\/2-320x167.png 320w, https:\/\/www.one.org\/de\/wp-content\/uploads\/sites\/3\/2024\/08\/2-640x335.png 640w, https:\/\/www.one.org\/de\/wp-content\/uploads\/sites\/3\/2024\/08\/2-800x419.png 800w, https:\/\/www.one.org\/de\/wp-content\/uploads\/sites\/3\/2024\/08\/2.png 1200w\" sizes=\"auto, (max-width: 1024px) 100vw, 1024px\" \/><figcaption class=\"wp-element-caption\">Tempelreste und Pyramiden von Meroe, die zum UNESCO-Weltkulturerbe z\u00e4hlen. Foto: Flickr (anmede)<\/figcaption><\/figure>\n\n\n\n<h2 class=\"wp-block-heading\" id=\"h-der-konflikt-kampf-um-macht\">Der Konflikt: Kampf um Macht<\/h2>\n\n\n\n<p>Mitte April 2023 eskalierte der seit Jahren schwelende Konflikt zwischen verschiedenen bewaffneten Gruppen um die Macht im Sicherheitsbereich und damit \u00fcber den Sudan. <a href=\"https:\/\/www.zdf.de\/kinder\/logo\/kaempfe-sudan-situation-100.html\">Im Zentrum des Kampfes stehen General Abdel Fattah al-Burhan und sein ehemaliger Stellvertreter Mohammed Hamdan Daglo, genannt Hermeti.<\/a> Al-Burhan kontrolliert den Gro\u00dfteil der sudanesischen Armee (SAF) und wird von \u00c4gypten und Saudi-Arabien mit Geld und Waffen unterst\u00fctzt. Hermeti f\u00fchrt die paramilit\u00e4rischen Rapid Support Forces (RSF) an. Unterst\u00fctzt wird er von den Vereinigten Arabischen Emiraten. Dutzende weitere Gruppen sind involviert und machen die Lage kompliziert und un\u00fcbersichtlich. Besonders betroffen von der Gewalt sind die Regionen Darfur und Kordofan. Dort wird die Zivilbev\u00f6lkerung vor allem von der RSF und ihr nahestehenden Milizen aufgrund ihrer Identit\u00e4t, also ihrer ethnischen Zugeh\u00f6rigkeit und Hautfarbe, angegriffen.<\/p>\n\n\n\n<h2 class=\"wp-block-heading\" id=\"h-fruhling-2026-die-aktuelle-lage\">Fr\u00fchling 2026: Die aktuelle Lage<\/h2>\n\n\n\n<p>Nach drei Jahren B\u00fcrgerkrieg sind <a href=\"https:\/\/www.uno-fluechtlingshilfe.de\/informieren\/aktuelles\/blog\/artikel\/zwei-jahre-krieg-im-sudan\">13,5 Millionen Menschen<\/a> auf der Flucht, so viele wie nirgendwo sonst auf der Welt. Das ist jeder dritte Mensch aus dem Sudan. Tausende Menschen sind gestorben oder verletzt. <a href=\"https:\/\/www.deutschlandfunk.de\/sudan-kaempfe-unruhen-militaer-102.html\">Etwa 20 Millionen Menschen hungern<\/a>, das sind zwei von f\u00fcnf Sudanes*innen. Infrastruktur wie Krankenh\u00e4user, Schulen, Wasserreservoirs, religi\u00f6se St\u00e4tten und die Energieversorgung werden angegriffen oder sind bereits zerst\u00f6rt. In den Konfliktregionen kommt es zu zahlreichen Menschenrechtsverletzungen, die Gefl\u00fcchtete und die lokale Bev\u00f6lkerung gleicherma\u00dfen treffen. Lokale Organisationen oder Nachbarschaftskomitees leisten den Gro\u00dfteil der humanit\u00e4ren Arbeit, oft bestehen sie aus Frauen. Staaten aus der ganzen Welt geben finanzielle Hilfen, aber es reicht nicht, um die Menschen im Sudan und in den Nachbarl\u00e4ndern, in die viele geflohen sind, zu unterst\u00fctzen. Internationale Friedensinitiativen sind bisher gescheitert.<\/p>\n\n\n\n<p>2025 haben die Todesf\u00e4lle stark zugenommen. Es gibt praktisch keine Rechenschaftspflicht. Beide Kriegsparteien verwenden Sprengwaffen, oft ohne Vorwarnung in dicht besiedelten Gebieten. Die K\u00f6rper von Frauen und M\u00e4dchen werden als Waffe eingesetzt, um Gemeinschaften zu terrorisieren.<\/p>\n\n\n\n<p>Die K\u00e4mpfe im Sudan verlagern sich zunehmend in die Region Kordofan, erkennbar an Angriffen auf St\u00e4dte, Drohnenangriffen und blockierten Hilfskonvois. Die UN warnt vor einem zweiten<strong> <\/strong>Al-Faschir. In der Gro\u00dfstadt hat die RSF im Herbst 2025 einen Genozid an arabischen Volksgruppen ver\u00fcbt.<\/p>\n\n\n\n<figure class=\"wp-block-image size-large is-resized\"><img loading=\"lazy\" decoding=\"async\" width=\"1024\" height=\"536\" src=\"https:\/\/www.one.org\/de\/wp-content\/uploads\/sites\/3\/2024\/08\/4-1024x536.png\" alt=\"\" class=\"wp-image-171763\" style=\"object-fit:cover;width:1200px;height:628px\" srcset=\"https:\/\/www.one.org\/de\/wp-content\/uploads\/sites\/3\/2024\/08\/4-1024x536.png 1024w, https:\/\/www.one.org\/de\/wp-content\/uploads\/sites\/3\/2024\/08\/4-300x157.png 300w, https:\/\/www.one.org\/de\/wp-content\/uploads\/sites\/3\/2024\/08\/4-768x402.png 768w, https:\/\/www.one.org\/de\/wp-content\/uploads\/sites\/3\/2024\/08\/4-16x8.png 16w, https:\/\/www.one.org\/de\/wp-content\/uploads\/sites\/3\/2024\/08\/4-320x167.png 320w, https:\/\/www.one.org\/de\/wp-content\/uploads\/sites\/3\/2024\/08\/4-640x335.png 640w, https:\/\/www.one.org\/de\/wp-content\/uploads\/sites\/3\/2024\/08\/4-800x419.png 800w, https:\/\/www.one.org\/de\/wp-content\/uploads\/sites\/3\/2024\/08\/4.png 1200w\" sizes=\"auto, (max-width: 1024px) 100vw, 1024px\" \/><figcaption class=\"wp-element-caption\">Die sudanesische Savanne bei Khartum. Foto: Flickr (Rita Willaert)<\/figcaption><\/figure>\n\n\n\n<h2 class=\"wp-block-heading\" id=\"h-hintergrund-demokratiebewegung-und-militarputsch\">Hintergrund: Demokratiebewegung und Milit\u00e4rputsch<\/h2>\n\n\n\n<p><a href=\"https:\/\/www.friedensbildung-bw.de\/sudan-krieg#c102693\">Die Region Nordostafrika wird seit Jahrzehnten von gewaltt\u00e4tigen Auseinandersetzungen ersch\u00fcttert.<\/a> Es geht um die Macht in der Region, Streit um Rohstoffe, ethnische und religi\u00f6se Konflikte und die Folgen des Klimawandels. 30 Jahre lang hat Ex-Pr\u00e4sident Omar al-Bashir das Land mit harter Hand regiert. Dann, Ende 2018, Anfang 2019, protestierten gro\u00dfe Teile der Bev\u00f6lkerung gegen steigende Lebensmittelpreise, Korruption und den langj\u00e4hrigen Diktator. Daraufhin setzte das Milit\u00e4r al-Bashir ab und eine zivile Regierung sollte gebildet werden. Doch die Demokratiebewegung war nicht bereit, die Regierungsgewalt zu \u00fcbernehmen. 2021 putschten sich al-Burhan und Hermeti an die Macht. Dann kam es nach monatelangen Spannungen zwischen der sudanesischen Armee und der paramilit\u00e4rischen RSF zum Krieg. Trotzdem protestiert die Bev\u00f6lkerung seit 2021 weiter gegen die Macht des Milit\u00e4rs.<\/p>\n\n\n\n<h2 class=\"wp-block-heading\" id=\"h-die-hungersnot\">Die Hungersnot<\/h2>\n\n\n\n<p><a href=\"https:\/\/www.unicef.de\/informieren\/aktuelles\/presse\/-\/sudan-hungersnot-statement\/358972\">Der Konflikt hat die weltweit gr\u00f6\u00dfte Nahrungsmittelkrise ausgel\u00f6st<\/a>. <a href=\"https:\/\/www.ipcinfo.org\/ipc-country-analysis\/details-map\/en\/c\/1159787\/?iso3=SDN\">Analysen zur Ern\u00e4hrungssicherheit im Sudan zeigen,<\/a> dass vielerorts eine Hungersnot herrscht. Sie ist die schlimmste Form einer Ern\u00e4hrungskrise. Eine Hungersnot wurde in den letzten 40 Jahren nur vier Mal ausgerufen, zuletzt 2017 im S\u00fcdsudan. Fast die H\u00e4lfte aller Sudanes*innen (41%) muss t\u00e4glich darum k\u00e4mpfen, sich und ihre Familien zu ern\u00e4hren. Ein Drittel aller Sudanes*innen (30%) schafft es gerade so. Wegen der Gewalt sind auch viele Schulen, also Orte, an denen Kinder oft eine warme Mahlzeit bekommen, geschlossen.<\/p>\n\n\n\n<figure class=\"wp-block-image size-large is-resized\"><img loading=\"lazy\" decoding=\"async\" width=\"1024\" height=\"536\" src=\"https:\/\/www.one.org\/de\/wp-content\/uploads\/sites\/3\/2024\/08\/Sudan-Blog-1024x536.png\" alt=\"Foto einer W\u00fcstenlandschaft in der Region Darfur mit einem auf einem Kamel reitenden Hirten und einer Herde Ziegen.\" class=\"wp-image-171688\" style=\"object-fit:cover;width:1200px;height:628px\" srcset=\"https:\/\/www.one.org\/de\/wp-content\/uploads\/sites\/3\/2024\/08\/Sudan-Blog-1024x536.png 1024w, https:\/\/www.one.org\/de\/wp-content\/uploads\/sites\/3\/2024\/08\/Sudan-Blog-300x157.png 300w, https:\/\/www.one.org\/de\/wp-content\/uploads\/sites\/3\/2024\/08\/Sudan-Blog-768x402.png 768w, https:\/\/www.one.org\/de\/wp-content\/uploads\/sites\/3\/2024\/08\/Sudan-Blog-16x8.png 16w, https:\/\/www.one.org\/de\/wp-content\/uploads\/sites\/3\/2024\/08\/Sudan-Blog-320x167.png 320w, https:\/\/www.one.org\/de\/wp-content\/uploads\/sites\/3\/2024\/08\/Sudan-Blog-640x335.png 640w, https:\/\/www.one.org\/de\/wp-content\/uploads\/sites\/3\/2024\/08\/Sudan-Blog-800x419.png 800w, https:\/\/www.one.org\/de\/wp-content\/uploads\/sites\/3\/2024\/08\/Sudan-Blog.png 1200w\" sizes=\"auto, (max-width: 1024px) 100vw, 1024px\" \/><figcaption class=\"wp-element-caption\">Ein Darfuri mit seiner Ziegenherde. Foto: Flickr (EU\/ECHO)<\/figcaption><\/figure>\n\n\n\n<h2 class=\"wp-block-heading\" id=\"h-frauen-im-sudan\">Frauen im Sudan<\/h2>\n\n\n\n<p><a href=\"https:\/\/www.fluter.de\/sudan-krieg-protokolle\">W\u00e4hrend der Protestbewegung 2018\/2019 waren mehr als die H\u00e4lfte der Demonstrierenden Frauen.<\/a> Sie k\u00e4mpften f\u00fcr Demokratie und Emanzipation, vernetzten sich und prangerten sexuelle \u00dcbergriffe an. Nach dem Sturz al-Bashirs wurden ihre Stimmen bei den Verhandlungen \u00fcbergangen, auch von der internationalen Gemeinschaft. Bei den aktuellen Bem\u00fchungen um Friedensgespr\u00e4che sind auf sudanesischer Seite keine Frauen vertreten. Frauen leiden besonders stark unter dem aktuellen Konflikt. Sie versorgen ihre Familien, ob zu Hause oder auf der Flucht.<\/p>\n\n\n\n<p>Sexualisierte Gewalt, insbesondere Vergewaltigungen, werden seit Beginn des Konflikts als Kriegswaffe eingesetzt. Frauen werden auch gefangen genommen oder als Sklavinnen verkauft. Nicht nur sudanesische Frauen, sondern auch ethnische Minderheiten sind von sexualisierter Gewalt betroffen. <a href=\"https:\/\/www.aerzte-ohne-grenzen.de\/presse\/sudan-bericht-sexualisierte-gewalt-darfur\">Etwa jedes f\u00fcnfte Missbrauchsopfer ist ein minderj\u00e4hriges M\u00e4dchen.<\/a><\/p>\n\n\n\n<p>Au\u00dferdem ist es eine Strategie der RSF, sich in den H\u00e4usern von Zivilist*innen zu verschanzen und von deren D\u00e4chern ihre Flugabwehrraketen abzuschie\u00dfen. Der private Raum ist im Sudan traditionell ein Schutzraum f\u00fcr Frauen. Die RSF nimmt ihn den Frauen gezielt weg. <a href=\"https:\/\/www.fr.de\/politik\/sudan-krieg-frauen-militaer-rsf-milizen-gewalt-kaempfe-92513435.html\">Dass Gewalt gegen Frauen heute in diesem Ausma\u00df m\u00f6glich ist, liegt unter anderem daran, dass die internationale Gemeinschaft und zivile sudanesische Politikerinnen in der Vergangenheit zu sexualisierter Gewalt geschwiegen haben.<\/a><\/p>\n\n\n\n<h3 class=\"wp-block-heading\" id=\"h-wir-appellieren-gemeinsam-mit-unicef-deutschland-an-die-neue-bundesregierung-und-den-deutschen-bundestag-nbsp-ihre-diplomatischen-moglichkeiten-mit-aller-kraft-fur-einen-langfristigen-waffenstillstand-einzusetzen-mit-deiner-unterschrift-schaffst-du-aufmerksamkeit-fur-die-notsituation-im-sudan\"><strong><strong>Wir appellieren gemeinsam mit Unicef Deutschland an die neue Bundesregierung und den Deutschen Bundestag<\/strong>&nbsp;ihre diplomatischen M\u00f6glichkeiten mit aller Kraft f\u00fcr einen langfristigen Waffenstillstand einzusetzen.<\/strong> <strong><a href=\"https:\/\/act.one.org\/sign\/stand-with-sudan\/\">Mit deiner Unterschrift schaffst du Aufmerksamkeit f\u00fcr die Notsituation im Sudan!<\/a><\/strong><\/h3>\n\n\n\n<p><\/p>\n<div class=\"buffer\"><\/div>","protected":false},"excerpt":{"rendered":"<p>Im Sudan spielt sich die gr\u00f6\u00dfte humanit\u00e4re Krise der Welt ab. Verschiedene bewaffnete Gruppen und zwei Gener\u00e4le k\u00e4mpfen um die Macht \u2013 auf Kosten der Zivilbev\u00f6lkerung. Wie konnte es soweit kommen? Was passiert in Al-Faschir? Und warum sind Frauen besonders gef\u00e4hrdet?&nbsp; +++ Triggerwarnung: In diesem Text geht es um sexualisierte Gewalt (mehr zu sexualisierter Gewalt [&hellip;]<\/p>\n","protected":false},"author":22,"featured_media":171682,"comment_status":"closed","ping_status":"closed","sticky":false,"template":"","format":"standard","meta":{"_acf_changed":false,"_relevanssi_hide_post":"","_relevanssi_hide_content":"","_relevanssi_pin_for_all":"","_relevanssi_pin_keywords":"","_relevanssi_unpin_keywords":"","_relevanssi_related_keywords":"","_relevanssi_related_include_ids":"","_relevanssi_related_exclude_ids":"","_relevanssi_related_no_append":"","_relevanssi_related_not_related":"","_relevanssi_related_posts":"167028,167680,167234,171392,167306,167262","_relevanssi_noindex_reason":"","footnotes":""},"categories":[170],"tags":[185,298],"topic":[],"contributor":[],"one_content_audience":[],"one_content_type":[],"one_content_tone":[],"class_list":["post-171677","post","type-post","status-publish","format-standard","has-post-thumbnail","hentry","category-aktuelles","tag-klimawandel","tag-sudan"],"acf":[],"yoast_head":"<!-- This site is optimized with the Yoast SEO Premium plugin v27.1 (Yoast SEO v27.1.1) - https:\/\/yoast.com\/product\/yoast-seo-premium-wordpress\/ -->\n<title>Was passiert im Sudan? - ONE.org Deutschland<\/title>\n<meta name=\"description\" content=\"Im Sudan spielt sich die gr\u00f6\u00dfte humanit\u00e4re Krise der Welt ab. Wie konnte es soweit kommen? Und warum sind Frauen besonders gef\u00e4hrdet?\u00a0\" \/>\n<meta name=\"robots\" content=\"index, follow, max-snippet:-1, max-image-preview:large, max-video-preview:-1\" \/>\n<link rel=\"canonical\" href=\"https:\/\/www.one.org\/de\/neuigkeiten\/was-passiert-im-sudan\/\" \/>\n<meta property=\"og:locale\" content=\"de_DE\" \/>\n<meta property=\"og:type\" content=\"article\" \/>\n<meta property=\"og:title\" content=\"Was passiert im Sudan?\" \/>\n<meta property=\"og:description\" content=\"Im Sudan spielt sich die gr\u00f6\u00dfte humanit\u00e4re Krise der Welt ab. Wie konnte es soweit kommen? Und warum sind Frauen besonders gef\u00e4hrdet?\u00a0\" \/>\n<meta property=\"og:url\" content=\"https:\/\/www.one.org\/de\/neuigkeiten\/was-passiert-im-sudan\/\" \/>\n<meta property=\"og:site_name\" content=\"ONE.org Deutschland\" \/>\n<meta property=\"article:publisher\" content=\"https:\/\/www.facebook.com\/ONEinNederland\" \/>\n<meta property=\"article:published_time\" content=\"2026-03-31T18:00:26+00:00\" \/>\n<meta property=\"article:modified_time\" content=\"2026-03-31T18:00:30+00:00\" \/>\n<meta property=\"og:image\" content=\"https:\/\/www.one.org\/de\/wp-content\/uploads\/sites\/3\/2024\/08\/1-1024x536.png\" \/>\n\t<meta property=\"og:image:width\" content=\"1024\" \/>\n\t<meta property=\"og:image:height\" content=\"536\" \/>\n\t<meta property=\"og:image:type\" content=\"image\/png\" \/>\n<meta name=\"author\" content=\"Pia Schwaiger\" \/>\n<meta name=\"twitter:card\" content=\"summary_large_image\" \/>\n<meta name=\"twitter:creator\" content=\"@ONENederland\" \/>\n<meta name=\"twitter:site\" content=\"@ONENederland\" \/>\n<meta name=\"twitter:label1\" content=\"Written by\" \/>\n\t<meta name=\"twitter:data1\" content=\"Pia Schwaiger\" \/>\n\t<meta name=\"twitter:label2\" content=\"Est. reading time\" \/>\n\t<meta name=\"twitter:data2\" content=\"6 minutes\" \/>\n<script type=\"application\/ld+json\" class=\"yoast-schema-graph\">{\"@context\":\"https:\/\/schema.org\",\"@graph\":[{\"@type\":[\"Article\",\"BlogPosting\"],\"@id\":\"https:\/\/www.one.org\/de\/neuigkeiten\/was-passiert-im-sudan\/#article\",\"isPartOf\":{\"@id\":\"https:\/\/www.one.org\/de\/neuigkeiten\/was-passiert-im-sudan\/\"},\"author\":{\"name\":\"Pia Schwaiger\",\"@id\":\"https:\/\/www.one.org\/de\/#\/schema\/person\/011e858903c0c7fd8ae29006f765ce79\"},\"headline\":\"Was passiert im Sudan?\",\"datePublished\":\"2026-03-31T18:00:26+00:00\",\"dateModified\":\"2026-03-31T18:00:30+00:00\",\"mainEntityOfPage\":{\"@id\":\"https:\/\/www.one.org\/de\/neuigkeiten\/was-passiert-im-sudan\/\"},\"wordCount\":1110,\"image\":{\"@id\":\"https:\/\/www.one.org\/de\/neuigkeiten\/was-passiert-im-sudan\/#primaryimage\"},\"thumbnailUrl\":\"https:\/\/www.one.org\/de\/wp-content\/uploads\/sites\/3\/2024\/08\/1-e1725549548200.png\",\"keywords\":[\"Klimawandel\",\"Sudan\"],\"articleSection\":[\"Aktuelles\"],\"inLanguage\":\"de-DE\"},{\"@type\":\"WebPage\",\"@id\":\"https:\/\/www.one.org\/de\/neuigkeiten\/was-passiert-im-sudan\/\",\"url\":\"https:\/\/www.one.org\/de\/neuigkeiten\/was-passiert-im-sudan\/\",\"name\":\"Was passiert im Sudan? - ONE.org Deutschland\",\"isPartOf\":{\"@id\":\"https:\/\/www.one.org\/de\/#website\"},\"primaryImageOfPage\":{\"@id\":\"https:\/\/www.one.org\/de\/neuigkeiten\/was-passiert-im-sudan\/#primaryimage\"},\"image\":{\"@id\":\"https:\/\/www.one.org\/de\/neuigkeiten\/was-passiert-im-sudan\/#primaryimage\"},\"thumbnailUrl\":\"https:\/\/www.one.org\/de\/wp-content\/uploads\/sites\/3\/2024\/08\/1-e1725549548200.png\",\"datePublished\":\"2026-03-31T18:00:26+00:00\",\"dateModified\":\"2026-03-31T18:00:30+00:00\",\"author\":{\"@id\":\"https:\/\/www.one.org\/de\/#\/schema\/person\/011e858903c0c7fd8ae29006f765ce79\"},\"description\":\"Im Sudan spielt sich die gr\u00f6\u00dfte humanit\u00e4re Krise der Welt ab. Wie konnte es soweit kommen? Und warum sind Frauen besonders gef\u00e4hrdet?\u00a0\",\"breadcrumb\":{\"@id\":\"https:\/\/www.one.org\/de\/neuigkeiten\/was-passiert-im-sudan\/#breadcrumb\"},\"inLanguage\":\"de-DE\",\"potentialAction\":[{\"@type\":\"ReadAction\",\"target\":[\"https:\/\/www.one.org\/de\/neuigkeiten\/was-passiert-im-sudan\/\"]}]},{\"@type\":\"ImageObject\",\"inLanguage\":\"de-DE\",\"@id\":\"https:\/\/www.one.org\/de\/neuigkeiten\/was-passiert-im-sudan\/#primaryimage\",\"url\":\"https:\/\/www.one.org\/de\/wp-content\/uploads\/sites\/3\/2024\/08\/1-e1725549548200.png\",\"contentUrl\":\"https:\/\/www.one.org\/de\/wp-content\/uploads\/sites\/3\/2024\/08\/1-e1725549548200.png\",\"width\":1200,\"height\":628,\"caption\":\"Die sudanesische Flagge besteht aus einem gr\u00fcnen Dreieck links, das nach rechts zeigt und drei horizontalen Streifen in rot, wei\u00df und schwarz\"},{\"@type\":\"BreadcrumbList\",\"@id\":\"https:\/\/www.one.org\/de\/neuigkeiten\/was-passiert-im-sudan\/#breadcrumb\",\"itemListElement\":[{\"@type\":\"ListItem\",\"position\":1,\"name\":\"Home\",\"item\":\"https:\/\/www.one.org\/de\/\"},{\"@type\":\"ListItem\",\"position\":2,\"name\":\"Was passiert im Sudan?\"}]},{\"@type\":\"WebSite\",\"@id\":\"https:\/\/www.one.org\/de\/#website\",\"url\":\"https:\/\/www.one.org\/de\/\",\"name\":\"ONE.org\",\"description\":\"F\u00fcr mehr wirtschaftliche Chancen und ein starkes Gesundheitswesen in Afrika\",\"potentialAction\":[{\"@type\":\"SearchAction\",\"target\":{\"@type\":\"EntryPoint\",\"urlTemplate\":\"https:\/\/www.one.org\/de\/?s={search_term_string}\"},\"query-input\":{\"@type\":\"PropertyValueSpecification\",\"valueRequired\":true,\"valueName\":\"search_term_string\"}}],\"inLanguage\":\"de-DE\"},{\"@type\":\"Person\",\"@id\":\"https:\/\/www.one.org\/de\/#\/schema\/person\/011e858903c0c7fd8ae29006f765ce79\",\"name\":\"Pia Schwaiger\",\"image\":{\"@type\":\"ImageObject\",\"inLanguage\":\"de-DE\",\"@id\":\"https:\/\/www.one.org\/de\/#\/schema\/person\/image\/\",\"url\":\"https:\/\/secure.gravatar.com\/avatar\/0e356bbd310553c5365f9d25e3e1492caafa5f6893ca921ac08a04a6079e7089?s=96&d=mm&r=g\",\"contentUrl\":\"https:\/\/secure.gravatar.com\/avatar\/0e356bbd310553c5365f9d25e3e1492caafa5f6893ca921ac08a04a6079e7089?s=96&d=mm&r=g\",\"caption\":\"Pia Schwaiger\"},\"description\":\"Ich bin Medienkoordinatorin bei der entwicklungspolitischen Organisation ONE und arbeite in der politischen Kommunikation. Meine Arbeit umfasst t\u00e4gliche Medienanalysen, die Entwicklung von Pressestrategien und die Pressearbeit der ONE-Jugendbotschafter*innen. Ich schreibe \u00fcber aktuelle Geschehnisse auf dem afrikanischen Kontinent.\",\"sameAs\":[\"https:\/\/www.linkedin.com\/in\/pia-schwaiger-6190351b0\/?locale=en\"],\"honorificPrefix\":\"Ms\",\"gender\":\"female\",\"knowsAbout\":[\"Medienbriefings und Medientrainings f\u00fcr deutsche Aktivist*innen\",\"Aktivismus-orientierte Kommunikationsstrategien\",\"Erstellung von Presskits\",\"Talking Points\",\"Medienansprache rund um politische Schl\u00fcsseltermine\"],\"knowsLanguage\":[\"Deutsch\",\"Englisch\"],\"jobTitle\":\"Media Coordinator\",\"worksFor\":\"The ONE Campaign\",\"url\":\"https:\/\/www.one.org\/de\/neuigkeiten\/author\/piaschwaiger\/\"}]}<\/script>\n<!-- \/ Yoast SEO Premium plugin. -->","yoast_head_json":{"title":"Was passiert im Sudan? - ONE.org Deutschland","description":"Im Sudan spielt sich die gr\u00f6\u00dfte humanit\u00e4re Krise der Welt ab. Wie konnte es soweit kommen? Und warum sind Frauen besonders gef\u00e4hrdet?\u00a0","robots":{"index":"index","follow":"follow","max-snippet":"max-snippet:-1","max-image-preview":"max-image-preview:large","max-video-preview":"max-video-preview:-1"},"canonical":"https:\/\/www.one.org\/de\/neuigkeiten\/was-passiert-im-sudan\/","og_locale":"de_DE","og_type":"article","og_title":"Was passiert im Sudan?","og_description":"Im Sudan spielt sich die gr\u00f6\u00dfte humanit\u00e4re Krise der Welt ab. Wie konnte es soweit kommen? Und warum sind Frauen besonders gef\u00e4hrdet?\u00a0","og_url":"https:\/\/www.one.org\/de\/neuigkeiten\/was-passiert-im-sudan\/","og_site_name":"ONE.org Deutschland","article_publisher":"https:\/\/www.facebook.com\/ONEinNederland","article_published_time":"2026-03-31T18:00:26+00:00","article_modified_time":"2026-03-31T18:00:30+00:00","og_image":[{"width":1024,"height":536,"url":"https:\/\/www.one.org\/de\/wp-content\/uploads\/sites\/3\/2024\/08\/1-1024x536.png","type":"image\/png"}],"author":"Pia Schwaiger","twitter_card":"summary_large_image","twitter_creator":"@ONENederland","twitter_site":"@ONENederland","twitter_misc":{"Written by":"Pia Schwaiger","Est. reading time":"6 minutes"},"schema":{"@context":"https:\/\/schema.org","@graph":[{"@type":["Article","BlogPosting"],"@id":"https:\/\/www.one.org\/de\/neuigkeiten\/was-passiert-im-sudan\/#article","isPartOf":{"@id":"https:\/\/www.one.org\/de\/neuigkeiten\/was-passiert-im-sudan\/"},"author":{"name":"Pia Schwaiger","@id":"https:\/\/www.one.org\/de\/#\/schema\/person\/011e858903c0c7fd8ae29006f765ce79"},"headline":"Was passiert im Sudan?","datePublished":"2026-03-31T18:00:26+00:00","dateModified":"2026-03-31T18:00:30+00:00","mainEntityOfPage":{"@id":"https:\/\/www.one.org\/de\/neuigkeiten\/was-passiert-im-sudan\/"},"wordCount":1110,"image":{"@id":"https:\/\/www.one.org\/de\/neuigkeiten\/was-passiert-im-sudan\/#primaryimage"},"thumbnailUrl":"https:\/\/www.one.org\/de\/wp-content\/uploads\/sites\/3\/2024\/08\/1-e1725549548200.png","keywords":["Klimawandel","Sudan"],"articleSection":["Aktuelles"],"inLanguage":"de-DE"},{"@type":"WebPage","@id":"https:\/\/www.one.org\/de\/neuigkeiten\/was-passiert-im-sudan\/","url":"https:\/\/www.one.org\/de\/neuigkeiten\/was-passiert-im-sudan\/","name":"Was passiert im Sudan? - ONE.org Deutschland","isPartOf":{"@id":"https:\/\/www.one.org\/de\/#website"},"primaryImageOfPage":{"@id":"https:\/\/www.one.org\/de\/neuigkeiten\/was-passiert-im-sudan\/#primaryimage"},"image":{"@id":"https:\/\/www.one.org\/de\/neuigkeiten\/was-passiert-im-sudan\/#primaryimage"},"thumbnailUrl":"https:\/\/www.one.org\/de\/wp-content\/uploads\/sites\/3\/2024\/08\/1-e1725549548200.png","datePublished":"2026-03-31T18:00:26+00:00","dateModified":"2026-03-31T18:00:30+00:00","author":{"@id":"https:\/\/www.one.org\/de\/#\/schema\/person\/011e858903c0c7fd8ae29006f765ce79"},"description":"Im Sudan spielt sich die gr\u00f6\u00dfte humanit\u00e4re Krise der Welt ab. Wie konnte es soweit kommen? Und warum sind Frauen besonders gef\u00e4hrdet?\u00a0","breadcrumb":{"@id":"https:\/\/www.one.org\/de\/neuigkeiten\/was-passiert-im-sudan\/#breadcrumb"},"inLanguage":"de-DE","potentialAction":[{"@type":"ReadAction","target":["https:\/\/www.one.org\/de\/neuigkeiten\/was-passiert-im-sudan\/"]}]},{"@type":"ImageObject","inLanguage":"de-DE","@id":"https:\/\/www.one.org\/de\/neuigkeiten\/was-passiert-im-sudan\/#primaryimage","url":"https:\/\/www.one.org\/de\/wp-content\/uploads\/sites\/3\/2024\/08\/1-e1725549548200.png","contentUrl":"https:\/\/www.one.org\/de\/wp-content\/uploads\/sites\/3\/2024\/08\/1-e1725549548200.png","width":1200,"height":628,"caption":"Die sudanesische Flagge besteht aus einem gr\u00fcnen Dreieck links, das nach rechts zeigt und drei horizontalen Streifen in rot, wei\u00df und schwarz"},{"@type":"BreadcrumbList","@id":"https:\/\/www.one.org\/de\/neuigkeiten\/was-passiert-im-sudan\/#breadcrumb","itemListElement":[{"@type":"ListItem","position":1,"name":"Home","item":"https:\/\/www.one.org\/de\/"},{"@type":"ListItem","position":2,"name":"Was passiert im Sudan?"}]},{"@type":"WebSite","@id":"https:\/\/www.one.org\/de\/#website","url":"https:\/\/www.one.org\/de\/","name":"ONE.org","description":"F\u00fcr mehr wirtschaftliche Chancen und ein starkes Gesundheitswesen in Afrika","potentialAction":[{"@type":"SearchAction","target":{"@type":"EntryPoint","urlTemplate":"https:\/\/www.one.org\/de\/?s={search_term_string}"},"query-input":{"@type":"PropertyValueSpecification","valueRequired":true,"valueName":"search_term_string"}}],"inLanguage":"de-DE"},{"@type":"Person","@id":"https:\/\/www.one.org\/de\/#\/schema\/person\/011e858903c0c7fd8ae29006f765ce79","name":"Pia Schwaiger","image":{"@type":"ImageObject","inLanguage":"de-DE","@id":"https:\/\/www.one.org\/de\/#\/schema\/person\/image\/","url":"https:\/\/secure.gravatar.com\/avatar\/0e356bbd310553c5365f9d25e3e1492caafa5f6893ca921ac08a04a6079e7089?s=96&d=mm&r=g","contentUrl":"https:\/\/secure.gravatar.com\/avatar\/0e356bbd310553c5365f9d25e3e1492caafa5f6893ca921ac08a04a6079e7089?s=96&d=mm&r=g","caption":"Pia Schwaiger"},"description":"Ich bin Medienkoordinatorin bei der entwicklungspolitischen Organisation ONE und arbeite in der politischen Kommunikation. Meine Arbeit umfasst t\u00e4gliche Medienanalysen, die Entwicklung von Pressestrategien und die Pressearbeit der ONE-Jugendbotschafter*innen. Ich schreibe \u00fcber aktuelle Geschehnisse auf dem afrikanischen Kontinent.","sameAs":["https:\/\/www.linkedin.com\/in\/pia-schwaiger-6190351b0\/?locale=en"],"honorificPrefix":"Ms","gender":"female","knowsAbout":["Medienbriefings und Medientrainings f\u00fcr deutsche Aktivist*innen","Aktivismus-orientierte Kommunikationsstrategien","Erstellung von Presskits","Talking Points","Medienansprache rund um politische Schl\u00fcsseltermine"],"knowsLanguage":["Deutsch","Englisch"],"jobTitle":"Media Coordinator","worksFor":"The ONE Campaign","url":"https:\/\/www.one.org\/de\/neuigkeiten\/author\/piaschwaiger\/"}]}},"distributor_meta":false,"distributor_terms":false,"distributor_media":false,"distributor_original_site_name":"ONE.org Deutschland","distributor_original_site_url":"https:\/\/www.one.org\/de","push-errors":false,"_links":{"self":[{"href":"https:\/\/www.one.org\/de\/wp-json\/wp\/v2\/posts\/171677","targetHints":{"allow":["GET"]}}],"collection":[{"href":"https:\/\/www.one.org\/de\/wp-json\/wp\/v2\/posts"}],"about":[{"href":"https:\/\/www.one.org\/de\/wp-json\/wp\/v2\/types\/post"}],"author":[{"embeddable":true,"href":"https:\/\/www.one.org\/de\/wp-json\/wp\/v2\/users\/22"}],"replies":[{"embeddable":true,"href":"https:\/\/www.one.org\/de\/wp-json\/wp\/v2\/comments?post=171677"}],"version-history":[{"count":2,"href":"https:\/\/www.one.org\/de\/wp-json\/wp\/v2\/posts\/171677\/revisions"}],"predecessor-version":[{"id":173727,"href":"https:\/\/www.one.org\/de\/wp-json\/wp\/v2\/posts\/171677\/revisions\/173727"}],"wp:featuredmedia":[{"embeddable":true,"href":"https:\/\/www.one.org\/de\/wp-json\/wp\/v2\/media\/171682"}],"wp:attachment":[{"href":"https:\/\/www.one.org\/de\/wp-json\/wp\/v2\/media?parent=171677"}],"wp:term":[{"taxonomy":"category","embeddable":true,"href":"https:\/\/www.one.org\/de\/wp-json\/wp\/v2\/categories?post=171677"},{"taxonomy":"post_tag","embeddable":true,"href":"https:\/\/www.one.org\/de\/wp-json\/wp\/v2\/tags?post=171677"},{"taxonomy":"topic","embeddable":true,"href":"https:\/\/www.one.org\/de\/wp-json\/wp\/v2\/topic?post=171677"},{"taxonomy":"contributor","embeddable":true,"href":"https:\/\/www.one.org\/de\/wp-json\/wp\/v2\/contributor?post=171677"},{"taxonomy":"one_content_audience","embeddable":true,"href":"https:\/\/www.one.org\/de\/wp-json\/wp\/v2\/one_content_audience?post=171677"},{"taxonomy":"one_content_type","embeddable":true,"href":"https:\/\/www.one.org\/de\/wp-json\/wp\/v2\/one_content_type?post=171677"},{"taxonomy":"one_content_tone","embeddable":true,"href":"https:\/\/www.one.org\/de\/wp-json\/wp\/v2\/one_content_tone?post=171677"}],"curies":[{"name":"wp","href":"https:\/\/api.w.org\/{rel}","templated":true}]}}