{"id":170398,"date":"2023-12-01T06:32:56","date_gmt":"2023-12-01T06:32:56","guid":{"rendered":"https:\/\/www.one.org\/de\/?p=170398"},"modified":"2023-12-08T17:01:07","modified_gmt":"2023-12-08T17:01:07","slug":"mit-der-foerderung-von-communities-gegen-aids","status":"publish","type":"post","link":"https:\/\/www.one.org\/de\/neuigkeiten\/mit-der-foerderung-von-communities-gegen-aids\/","title":{"rendered":"Mit der F\u00f6rderung von Communities gegen Aids"},"content":{"rendered":"\n<p><strong>Welt-Aids-Tag am 01. Dezember<\/strong><\/p>\n\n\n\n<p><strong>\u201eLet Communities lead\u201c <\/strong>&#8211; das ist das Motto des diesj\u00e4hrigen Welt-Aids-Tages am 1. Dezember. Weltweit und vor allem auf dem afrikanischen Kontinent gibt es eine Vielzahl an Organisationen, die sich auf vielf\u00e4ltigen Wegen gegen Aids und f\u00fcr ein besseres Leben der Betroffenen einsetzen. Ob Initiativen f\u00fcr mehr Aufkl\u00e4rung, Unterst\u00fctzung der Betroffenen im Umgang mit der Diagnose oder die Erm\u00f6glichung eines universellen Zugangs zu Pr\u00e4ventionsmethoden &#8211; es gibt viele <em>communities, <\/em>die einen Unterschied machen! Inspirierende Aktivistinnen, die <em>communities <\/em>anf\u00fchren und durch ihren Kampf einen Unterschied machen, haben wir zum Welt-Aids-Tag im letzten Jahr <a href=\"https:\/\/www.one.org\/de\/neuigkeiten\/5-aktivistinnen-hiv-aids\/\">hier<\/a> vorgestellt.<a href=\"https:\/\/www.one.org\/de\/neuigkeiten\/5-aktivistinnen-hiv-aids\/\">&nbsp;<\/a><\/p>\n\n\n\n<p>Auch wenn die Immunschw\u00e4chekrankheit Aids heute, anders als bei ihrer Entdeckung im Jahr 1983, mit Medikamenten behandelt werden kann, ist eine Heilung bis heute nicht m\u00f6glich. Weltweit forderte die durch das HI-Virus ausgel\u00f6ste Krankheit 37 Millionen Todesopfer. Noch immer bedeutet eine Diagnose mit HIV\/Aids, dass die Lebenserwartung der Betroffenen deutlich sinkt, da die Immunschw\u00e4chekrankheit h\u00e4ufig mit Herz-Kreislauf-Erkrankungen einhergeht. W\u00e4hrend Virolog*innen weiterhin nach einem Impfstoff forschen, ist es wichtig, neben den medizinischen Belastungen auch die gesellschaftlichen Folgen wie Diskriminierung und Stigmatisierung von HIV-positiven Menschen zu minimieren und ihre Lebensqualit\u00e4t so zu steigern.<\/p>\n\n\n\n<p>Der Weg, dem es daf\u00fcr jetzt zu folgen gilt, so UNAIDS-Exekutivdirektorin Winnie Byanyima, ist der, den die <em>communities <\/em>selbst vorgeben. <strong>Sie <\/strong>m\u00fcssen ins Zentrum der Entscheidungsfindung f\u00fcr HIV-Programme- und -Politik gebracht werden, um nach dem Motto<strong> \u201enothing about us without us\u201c<\/strong> ihren Bed\u00fcrfnissen gerecht zu werden.<\/p>\n\n\n\n<p>Als Jugendbotschafterin von ONE ist es mir ein Anliegen, auf den so wichtigen Welt-Aids-Tag und damit auf die Anliegen der Betroffenen aufmerksam zu machen. Es ist essentiell, dass wir auch hier in Deutschland, als Land, in dem HIV\/Aids kein gesellschaftlich zentrales Thema mehr ist, gegen Stigmatisierung und Unwissenheit vorgehen. Dieses Bewusstsein muss Hand in Hand gehen mit der Unterst\u00fctzung der Arbeit f\u00fcr ein besseres Leben der Betroffenen in anderen L\u00e4ndern.<\/p>\n\n\n\n<p>Dabei liegt mir besonders die Aufkl\u00e4rung \u00fcber bestehende Ungleichheiten bei HIV\/Aids am Herzen. Das Risiko, sich mit HIV zu infizieren, ist in einigen L\u00e4ndern des globalen S\u00fcdens f\u00fcr Frauen bis zu acht Mal h\u00f6her als f\u00fcr M\u00e4nner. Das macht den Kampf gegen HIV\/Aids zu einem feministischen Kampf! Auch deswegen ist es wichtig, den <em>communities<\/em> selbst eine Stimme und Macht in Entscheidungsprozessen zu geben, um gegen bestehende Machtstrukturen vorzugehen und so bessere L\u00f6sungen zu erzielen.&nbsp;<\/p>\n\n\n\n<p>Wenn auch dir dieses Thema wichtig ist, dann nutze heute am 1. Dezember deine Stimme und stehe f\u00fcr einen <em>\u201cCommunity lead\u201d<\/em> Kampf gegen Aids!&nbsp;<\/p>\n\n\n\n<p><em>Leandra Engelfried, ONE-Jugendbotschafterin<\/em><\/p>\n<div class=\"buffer\"><\/div>","protected":false},"excerpt":{"rendered":"<p>Mit der F\u00f6rderung von Communities gegen Aids: \u201eLet Communities lead\u201c &#8211; das ist das Motto des diesj\u00e4hrigen Welt-Aids-Tages am 1. Dezember. Wenn dir dieses Thema wichtig ist, dann nutze heute am 1. Dezember deine Stimme und stehe f\u00fcr einen \u201cCommunity lead\u201d Kampf gegen Aids!\u00a0<\/p>\n","protected":false},"author":1,"featured_media":170399,"comment_status":"closed","ping_status":"closed","sticky":false,"template":"","format":"standard","meta":{"_acf_changed":false,"_relevanssi_hide_post":"","_relevanssi_hide_content":"","_relevanssi_pin_for_all":"","_relevanssi_pin_keywords":"","_relevanssi_unpin_keywords":"","_relevanssi_related_keywords":"","_relevanssi_related_include_ids":"","_relevanssi_related_exclude_ids":"","_relevanssi_related_no_append":"","_relevanssi_related_not_related":"","_relevanssi_related_posts":"167344,167053,167667,167559,167497,167729","_relevanssi_noindex_reason":"","footnotes":""},"categories":[170],"tags":[287],"topic":[42],"contributor":[289],"one_content_audience":[],"one_content_type":[],"one_content_tone":[],"class_list":["post-170398","post","type-post","status-publish","format-standard","has-post-thumbnail","hentry","category-aktuelles","tag-aids","topic-gesundheit","contributor-leandra-engelfried"],"acf":[],"yoast_head":"<!-- This site is optimized with the Yoast SEO Premium plugin v27.1 (Yoast SEO v27.1.1) - https:\/\/yoast.com\/product\/yoast-seo-premium-wordpress\/ -->\n<title>Mit der F\u00f6rderung von Communities gegen Aids - ONE.org Deutschland<\/title>\n<meta name=\"description\" content=\"\u201eLet Communities Lead\u201c ist das Motto des Welt-Aids-Tages am 1. Dezember 2023. ONE-Jugendbotschafterin Leandra zieht ein Res\u00fcmee.\" \/>\n<meta name=\"robots\" content=\"index, follow, max-snippet:-1, max-image-preview:large, max-video-preview:-1\" \/>\n<link rel=\"canonical\" href=\"https:\/\/www.one.org\/de\/neuigkeiten\/mit-der-foerderung-von-communities-gegen-aids\/\" \/>\n<meta property=\"og:locale\" content=\"de_DE\" \/>\n<meta property=\"og:type\" content=\"article\" \/>\n<meta property=\"og:title\" content=\"Mit der F\u00f6rderung von Communities gegen Aids\" \/>\n<meta property=\"og:description\" content=\"\u201eLet Communities Lead\u201c ist das Motto des Welt-Aids-Tages am 1. Dezember 2023. ONE-Jugendbotschafterin Leandra zieht ein Res\u00fcmee.\" \/>\n<meta property=\"og:url\" content=\"https:\/\/www.one.org\/de\/neuigkeiten\/mit-der-foerderung-von-communities-gegen-aids\/\" \/>\n<meta property=\"og:site_name\" content=\"ONE.org Deutschland\" \/>\n<meta property=\"article:publisher\" content=\"https:\/\/www.facebook.com\/ONEinNederland\" \/>\n<meta property=\"article:published_time\" content=\"2023-12-01T06:32:56+00:00\" \/>\n<meta property=\"article:modified_time\" content=\"2023-12-08T17:01:07+00:00\" \/>\n<meta property=\"og:image\" content=\"https:\/\/cdn.one.org\/oneorg\/wp-content\/uploads\/sites\/3\/2023\/12\/01063136\/pexels-klaus-nielsen-6303665-scaled.jpg\" \/>\n\t<meta property=\"og:image:width\" content=\"2560\" \/>\n\t<meta property=\"og:image:height\" content=\"1707\" \/>\n\t<meta property=\"og:image:type\" content=\"image\/jpeg\" \/>\n<meta name=\"author\" content=\"admin\" \/>\n<meta name=\"twitter:card\" content=\"summary_large_image\" \/>\n<meta name=\"twitter:creator\" content=\"@ONENederland\" \/>\n<meta name=\"twitter:site\" content=\"@ONENederland\" \/>\n<meta name=\"twitter:label1\" content=\"Written by\" \/>\n\t<meta name=\"twitter:data1\" content=\"admin\" \/>\n\t<meta name=\"twitter:label2\" content=\"Est. reading time\" \/>\n\t<meta name=\"twitter:data2\" content=\"2 minutes\" \/>\n<script type=\"application\/ld+json\" class=\"yoast-schema-graph\">{\"@context\":\"https:\/\/schema.org\",\"@graph\":[{\"@type\":[\"Article\",\"BlogPosting\"],\"@id\":\"https:\/\/www.one.org\/de\/neuigkeiten\/mit-der-foerderung-von-communities-gegen-aids\/#article\",\"isPartOf\":{\"@id\":\"https:\/\/www.one.org\/de\/neuigkeiten\/mit-der-foerderung-von-communities-gegen-aids\/\"},\"author\":{\"name\":\"admin\",\"@id\":\"https:\/\/www.one.org\/de\/#\/schema\/person\/236ef43a079c36667c3f1de2da8e0838\"},\"headline\":\"Mit der F\u00f6rderung von Communities gegen Aids\",\"datePublished\":\"2023-12-01T06:32:56+00:00\",\"dateModified\":\"2023-12-08T17:01:07+00:00\",\"mainEntityOfPage\":{\"@id\":\"https:\/\/www.one.org\/de\/neuigkeiten\/mit-der-foerderung-von-communities-gegen-aids\/\"},\"wordCount\":449,\"image\":{\"@id\":\"https:\/\/www.one.org\/de\/neuigkeiten\/mit-der-foerderung-von-communities-gegen-aids\/#primaryimage\"},\"thumbnailUrl\":\"https:\/\/www.one.org\/de\/wp-content\/uploads\/sites\/3\/2023\/12\/pexels-klaus-nielsen-6303665-scaled.jpg\",\"keywords\":[\"Aids\"],\"articleSection\":[\"Aktuelles\"],\"inLanguage\":\"de-DE\"},{\"@type\":\"WebPage\",\"@id\":\"https:\/\/www.one.org\/de\/neuigkeiten\/mit-der-foerderung-von-communities-gegen-aids\/\",\"url\":\"https:\/\/www.one.org\/de\/neuigkeiten\/mit-der-foerderung-von-communities-gegen-aids\/\",\"name\":\"Mit der F\u00f6rderung von Communities gegen Aids - ONE.org Deutschland\",\"isPartOf\":{\"@id\":\"https:\/\/www.one.org\/de\/#website\"},\"primaryImageOfPage\":{\"@id\":\"https:\/\/www.one.org\/de\/neuigkeiten\/mit-der-foerderung-von-communities-gegen-aids\/#primaryimage\"},\"image\":{\"@id\":\"https:\/\/www.one.org\/de\/neuigkeiten\/mit-der-foerderung-von-communities-gegen-aids\/#primaryimage\"},\"thumbnailUrl\":\"https:\/\/www.one.org\/de\/wp-content\/uploads\/sites\/3\/2023\/12\/pexels-klaus-nielsen-6303665-scaled.jpg\",\"datePublished\":\"2023-12-01T06:32:56+00:00\",\"dateModified\":\"2023-12-08T17:01:07+00:00\",\"author\":{\"@id\":\"https:\/\/www.one.org\/de\/#\/schema\/person\/236ef43a079c36667c3f1de2da8e0838\"},\"description\":\"\u201eLet Communities Lead\u201c ist das Motto des Welt-Aids-Tages am 1. Dezember 2023. ONE-Jugendbotschafterin Leandra zieht ein Res\u00fcmee.\",\"breadcrumb\":{\"@id\":\"https:\/\/www.one.org\/de\/neuigkeiten\/mit-der-foerderung-von-communities-gegen-aids\/#breadcrumb\"},\"inLanguage\":\"de-DE\",\"potentialAction\":[{\"@type\":\"ReadAction\",\"target\":[\"https:\/\/www.one.org\/de\/neuigkeiten\/mit-der-foerderung-von-communities-gegen-aids\/\"]}]},{\"@type\":\"ImageObject\",\"inLanguage\":\"de-DE\",\"@id\":\"https:\/\/www.one.org\/de\/neuigkeiten\/mit-der-foerderung-von-communities-gegen-aids\/#primaryimage\",\"url\":\"https:\/\/www.one.org\/de\/wp-content\/uploads\/sites\/3\/2023\/12\/pexels-klaus-nielsen-6303665-scaled.jpg\",\"contentUrl\":\"https:\/\/www.one.org\/de\/wp-content\/uploads\/sites\/3\/2023\/12\/pexels-klaus-nielsen-6303665-scaled.jpg\",\"width\":2560,\"height\":1707,\"caption\":\"World Aids Day\"},{\"@type\":\"BreadcrumbList\",\"@id\":\"https:\/\/www.one.org\/de\/neuigkeiten\/mit-der-foerderung-von-communities-gegen-aids\/#breadcrumb\",\"itemListElement\":[{\"@type\":\"ListItem\",\"position\":1,\"name\":\"Home\",\"item\":\"https:\/\/www.one.org\/de\/\"},{\"@type\":\"ListItem\",\"position\":2,\"name\":\"Mit der F\u00f6rderung von Communities gegen Aids\"}]},{\"@type\":\"WebSite\",\"@id\":\"https:\/\/www.one.org\/de\/#website\",\"url\":\"https:\/\/www.one.org\/de\/\",\"name\":\"ONE.org\",\"description\":\"F\u00fcr mehr wirtschaftliche Chancen und ein starkes Gesundheitswesen in Afrika\",\"potentialAction\":[{\"@type\":\"SearchAction\",\"target\":{\"@type\":\"EntryPoint\",\"urlTemplate\":\"https:\/\/www.one.org\/de\/?s={search_term_string}\"},\"query-input\":{\"@type\":\"PropertyValueSpecification\",\"valueRequired\":true,\"valueName\":\"search_term_string\"}}],\"inLanguage\":\"de-DE\"},{\"@type\":\"Person\",\"@id\":\"https:\/\/www.one.org\/de\/#\/schema\/person\/236ef43a079c36667c3f1de2da8e0838\",\"name\":\"admin\",\"image\":{\"@type\":\"ImageObject\",\"inLanguage\":\"de-DE\",\"@id\":\"https:\/\/www.one.org\/de\/#\/schema\/person\/image\/\",\"url\":\"https:\/\/secure.gravatar.com\/avatar\/2b4204681b789d34ede86a735f8b6378df901f7f7ab7a9ca89af4670b2bb13b8?s=96&d=mm&r=g\",\"contentUrl\":\"https:\/\/secure.gravatar.com\/avatar\/2b4204681b789d34ede86a735f8b6378df901f7f7ab7a9ca89af4670b2bb13b8?s=96&d=mm&r=g\",\"caption\":\"admin\"},\"sameAs\":[\"http:\/\/www.one.org\"],\"url\":\"https:\/\/www.one.org\/de\/neuigkeiten\/author\/admin\/\"}]}<\/script>\n<!-- \/ Yoast SEO Premium plugin. -->","yoast_head_json":{"title":"Mit der F\u00f6rderung von Communities gegen Aids - ONE.org Deutschland","description":"\u201eLet Communities Lead\u201c ist das Motto des Welt-Aids-Tages am 1. Dezember 2023. ONE-Jugendbotschafterin Leandra zieht ein Res\u00fcmee.","robots":{"index":"index","follow":"follow","max-snippet":"max-snippet:-1","max-image-preview":"max-image-preview:large","max-video-preview":"max-video-preview:-1"},"canonical":"https:\/\/www.one.org\/de\/neuigkeiten\/mit-der-foerderung-von-communities-gegen-aids\/","og_locale":"de_DE","og_type":"article","og_title":"Mit der F\u00f6rderung von Communities gegen Aids","og_description":"\u201eLet Communities Lead\u201c ist das Motto des Welt-Aids-Tages am 1. Dezember 2023. ONE-Jugendbotschafterin Leandra zieht ein Res\u00fcmee.","og_url":"https:\/\/www.one.org\/de\/neuigkeiten\/mit-der-foerderung-von-communities-gegen-aids\/","og_site_name":"ONE.org Deutschland","article_publisher":"https:\/\/www.facebook.com\/ONEinNederland","article_published_time":"2023-12-01T06:32:56+00:00","article_modified_time":"2023-12-08T17:01:07+00:00","og_image":[{"width":2560,"height":1707,"url":"https:\/\/cdn.one.org\/oneorg\/wp-content\/uploads\/sites\/3\/2023\/12\/01063136\/pexels-klaus-nielsen-6303665-scaled.jpg","type":"image\/jpeg"}],"author":"admin","twitter_card":"summary_large_image","twitter_creator":"@ONENederland","twitter_site":"@ONENederland","twitter_misc":{"Written by":"admin","Est. reading time":"2 minutes"},"schema":{"@context":"https:\/\/schema.org","@graph":[{"@type":["Article","BlogPosting"],"@id":"https:\/\/www.one.org\/de\/neuigkeiten\/mit-der-foerderung-von-communities-gegen-aids\/#article","isPartOf":{"@id":"https:\/\/www.one.org\/de\/neuigkeiten\/mit-der-foerderung-von-communities-gegen-aids\/"},"author":{"name":"admin","@id":"https:\/\/www.one.org\/de\/#\/schema\/person\/236ef43a079c36667c3f1de2da8e0838"},"headline":"Mit der F\u00f6rderung von Communities gegen Aids","datePublished":"2023-12-01T06:32:56+00:00","dateModified":"2023-12-08T17:01:07+00:00","mainEntityOfPage":{"@id":"https:\/\/www.one.org\/de\/neuigkeiten\/mit-der-foerderung-von-communities-gegen-aids\/"},"wordCount":449,"image":{"@id":"https:\/\/www.one.org\/de\/neuigkeiten\/mit-der-foerderung-von-communities-gegen-aids\/#primaryimage"},"thumbnailUrl":"https:\/\/www.one.org\/de\/wp-content\/uploads\/sites\/3\/2023\/12\/pexels-klaus-nielsen-6303665-scaled.jpg","keywords":["Aids"],"articleSection":["Aktuelles"],"inLanguage":"de-DE"},{"@type":"WebPage","@id":"https:\/\/www.one.org\/de\/neuigkeiten\/mit-der-foerderung-von-communities-gegen-aids\/","url":"https:\/\/www.one.org\/de\/neuigkeiten\/mit-der-foerderung-von-communities-gegen-aids\/","name":"Mit der F\u00f6rderung von Communities gegen Aids - ONE.org Deutschland","isPartOf":{"@id":"https:\/\/www.one.org\/de\/#website"},"primaryImageOfPage":{"@id":"https:\/\/www.one.org\/de\/neuigkeiten\/mit-der-foerderung-von-communities-gegen-aids\/#primaryimage"},"image":{"@id":"https:\/\/www.one.org\/de\/neuigkeiten\/mit-der-foerderung-von-communities-gegen-aids\/#primaryimage"},"thumbnailUrl":"https:\/\/www.one.org\/de\/wp-content\/uploads\/sites\/3\/2023\/12\/pexels-klaus-nielsen-6303665-scaled.jpg","datePublished":"2023-12-01T06:32:56+00:00","dateModified":"2023-12-08T17:01:07+00:00","author":{"@id":"https:\/\/www.one.org\/de\/#\/schema\/person\/236ef43a079c36667c3f1de2da8e0838"},"description":"\u201eLet Communities Lead\u201c ist das Motto des Welt-Aids-Tages am 1. Dezember 2023. ONE-Jugendbotschafterin Leandra zieht ein Res\u00fcmee.","breadcrumb":{"@id":"https:\/\/www.one.org\/de\/neuigkeiten\/mit-der-foerderung-von-communities-gegen-aids\/#breadcrumb"},"inLanguage":"de-DE","potentialAction":[{"@type":"ReadAction","target":["https:\/\/www.one.org\/de\/neuigkeiten\/mit-der-foerderung-von-communities-gegen-aids\/"]}]},{"@type":"ImageObject","inLanguage":"de-DE","@id":"https:\/\/www.one.org\/de\/neuigkeiten\/mit-der-foerderung-von-communities-gegen-aids\/#primaryimage","url":"https:\/\/www.one.org\/de\/wp-content\/uploads\/sites\/3\/2023\/12\/pexels-klaus-nielsen-6303665-scaled.jpg","contentUrl":"https:\/\/www.one.org\/de\/wp-content\/uploads\/sites\/3\/2023\/12\/pexels-klaus-nielsen-6303665-scaled.jpg","width":2560,"height":1707,"caption":"World Aids Day"},{"@type":"BreadcrumbList","@id":"https:\/\/www.one.org\/de\/neuigkeiten\/mit-der-foerderung-von-communities-gegen-aids\/#breadcrumb","itemListElement":[{"@type":"ListItem","position":1,"name":"Home","item":"https:\/\/www.one.org\/de\/"},{"@type":"ListItem","position":2,"name":"Mit der F\u00f6rderung von Communities gegen Aids"}]},{"@type":"WebSite","@id":"https:\/\/www.one.org\/de\/#website","url":"https:\/\/www.one.org\/de\/","name":"ONE.org","description":"F\u00fcr mehr wirtschaftliche Chancen und ein starkes Gesundheitswesen in Afrika","potentialAction":[{"@type":"SearchAction","target":{"@type":"EntryPoint","urlTemplate":"https:\/\/www.one.org\/de\/?s={search_term_string}"},"query-input":{"@type":"PropertyValueSpecification","valueRequired":true,"valueName":"search_term_string"}}],"inLanguage":"de-DE"},{"@type":"Person","@id":"https:\/\/www.one.org\/de\/#\/schema\/person\/236ef43a079c36667c3f1de2da8e0838","name":"admin","image":{"@type":"ImageObject","inLanguage":"de-DE","@id":"https:\/\/www.one.org\/de\/#\/schema\/person\/image\/","url":"https:\/\/secure.gravatar.com\/avatar\/2b4204681b789d34ede86a735f8b6378df901f7f7ab7a9ca89af4670b2bb13b8?s=96&d=mm&r=g","contentUrl":"https:\/\/secure.gravatar.com\/avatar\/2b4204681b789d34ede86a735f8b6378df901f7f7ab7a9ca89af4670b2bb13b8?s=96&d=mm&r=g","caption":"admin"},"sameAs":["http:\/\/www.one.org"],"url":"https:\/\/www.one.org\/de\/neuigkeiten\/author\/admin\/"}]}},"distributor_meta":false,"distributor_terms":false,"distributor_media":false,"distributor_original_site_name":"ONE.org Deutschland","distributor_original_site_url":"https:\/\/www.one.org\/de","push-errors":false,"_links":{"self":[{"href":"https:\/\/www.one.org\/de\/wp-json\/wp\/v2\/posts\/170398","targetHints":{"allow":["GET"]}}],"collection":[{"href":"https:\/\/www.one.org\/de\/wp-json\/wp\/v2\/posts"}],"about":[{"href":"https:\/\/www.one.org\/de\/wp-json\/wp\/v2\/types\/post"}],"author":[{"embeddable":true,"href":"https:\/\/www.one.org\/de\/wp-json\/wp\/v2\/users\/1"}],"replies":[{"embeddable":true,"href":"https:\/\/www.one.org\/de\/wp-json\/wp\/v2\/comments?post=170398"}],"version-history":[{"count":0,"href":"https:\/\/www.one.org\/de\/wp-json\/wp\/v2\/posts\/170398\/revisions"}],"wp:featuredmedia":[{"embeddable":true,"href":"https:\/\/www.one.org\/de\/wp-json\/wp\/v2\/media\/170399"}],"wp:attachment":[{"href":"https:\/\/www.one.org\/de\/wp-json\/wp\/v2\/media?parent=170398"}],"wp:term":[{"taxonomy":"category","embeddable":true,"href":"https:\/\/www.one.org\/de\/wp-json\/wp\/v2\/categories?post=170398"},{"taxonomy":"post_tag","embeddable":true,"href":"https:\/\/www.one.org\/de\/wp-json\/wp\/v2\/tags?post=170398"},{"taxonomy":"topic","embeddable":true,"href":"https:\/\/www.one.org\/de\/wp-json\/wp\/v2\/topic?post=170398"},{"taxonomy":"contributor","embeddable":true,"href":"https:\/\/www.one.org\/de\/wp-json\/wp\/v2\/contributor?post=170398"},{"taxonomy":"one_content_audience","embeddable":true,"href":"https:\/\/www.one.org\/de\/wp-json\/wp\/v2\/one_content_audience?post=170398"},{"taxonomy":"one_content_type","embeddable":true,"href":"https:\/\/www.one.org\/de\/wp-json\/wp\/v2\/one_content_type?post=170398"},{"taxonomy":"one_content_tone","embeddable":true,"href":"https:\/\/www.one.org\/de\/wp-json\/wp\/v2\/one_content_tone?post=170398"}],"curies":[{"name":"wp","href":"https:\/\/api.w.org\/{rel}","templated":true}]}}