{"id":170330,"date":"2023-11-28T09:49:00","date_gmt":"2023-11-28T09:49:00","guid":{"rendered":"https:\/\/www.one.org\/de\/?p=170330"},"modified":"2023-11-28T09:55:22","modified_gmt":"2023-11-28T09:55:22","slug":"6-one-aktivistinnen-klimagerechtigkeit","status":"publish","type":"post","link":"https:\/\/www.one.org\/de\/neuigkeiten\/6-one-aktivistinnen-klimagerechtigkeit\/","title":{"rendered":"6 ONE-Aktivist*innen, die f\u00fcr Klimagerechtigkeit in Afrika k\u00e4mpfen"},"content":{"rendered":"\n<h2 class=\"wp-block-heading\" id=\"h-jeden-tag-erheben-zahlreiche-aktivist-innen-ihre-stimme-fur-globalen-wandel-und-inspirieren-andere-zum-kampf-fur-klimagerechtigkeit-lerne-sechs-one-aktivist-innen-kennen-adenike-faith-juliet-moses-tonny-und-chris-die-in-ihren-gemeinden-und-in-ganz-afrika-den-kampf-gegen-die-klimakrise-anfuhren\">Jeden Tag erheben zahlreiche Aktivist*innen ihre Stimme f\u00fcr globalen Wandel und inspirieren andere zum Kampf f\u00fcr Klimagerechtigkeit. Lerne sechs ONE Aktivist*innen kennen &#8211; Adenike, Faith, Juliet, Moses, Tonny und Chris &#8211; die in ihren Gemeinden und in ganz Afrika den Kampf gegen die Klimakrise anf\u00fchren.<\/h2>\n\n\n\n<p><\/p>\n\n\n\n<h2 class=\"wp-block-heading\" id=\"h-1-chris-arunga-kenia\">1. Chris Arunga, Kenia<\/h2>\n\n\n\n<figure class=\"wp-block-image size-large is-resized\"><img loading=\"lazy\" decoding=\"async\" width=\"1024\" height=\"1024\" src=\"https:\/\/www.one.org\/de\/wp-content\/uploads\/sites\/3\/2023\/11\/Chris-1024x1024.jpeg\" alt=\"\" class=\"wp-image-170369\" style=\"aspect-ratio:1;width:569px;height:auto\" srcset=\"https:\/\/www.one.org\/de\/wp-content\/uploads\/sites\/3\/2023\/11\/Chris-1024x1024.jpeg 1024w, https:\/\/www.one.org\/de\/wp-content\/uploads\/sites\/3\/2023\/11\/Chris-300x300.jpeg 300w, https:\/\/www.one.org\/de\/wp-content\/uploads\/sites\/3\/2023\/11\/Chris-150x150.jpeg 150w, https:\/\/www.one.org\/de\/wp-content\/uploads\/sites\/3\/2023\/11\/Chris-768x768.jpeg 768w, https:\/\/www.one.org\/de\/wp-content\/uploads\/sites\/3\/2023\/11\/Chris-16x16.jpeg 16w, https:\/\/www.one.org\/de\/wp-content\/uploads\/sites\/3\/2023\/11\/Chris-320x320.jpeg 320w, https:\/\/www.one.org\/de\/wp-content\/uploads\/sites\/3\/2023\/11\/Chris-640x640.jpeg 640w, https:\/\/www.one.org\/de\/wp-content\/uploads\/sites\/3\/2023\/11\/Chris-800x800.jpeg 800w, https:\/\/www.one.org\/de\/wp-content\/uploads\/sites\/3\/2023\/11\/Chris-630x630.jpeg 630w, https:\/\/www.one.org\/de\/wp-content\/uploads\/sites\/3\/2023\/11\/Chris.jpeg 1332w\" sizes=\"auto, (max-width: 1024px) 100vw, 1024px\" \/><\/figure>\n\n\n\n<p><strong>Was ihn zu seinem Aktivismus inspiriert hat:<\/strong> Chris h\u00f6rte zum ersten Mal in der Schule vom Klimawandel. Doch als die Auswirkungen der Krise auch vor seiner Haust\u00fcr sp\u00fcrbar wurden, beschloss er, aktiv zu werden. Schwere, lang anhaltende D\u00fcrren in Kenia bedrohten die Wasser- und Ern\u00e4hrungssicherheit, was sich auf Leben, Viehbestand und Lebensgrundlagen auswirkte. Chris begann zu \u00fcberlegen, wie er dazu beitragen k\u00f6nnte, seine Gemeinde besser auf den Klimawandel vorzubereiten und seine Auswirkungen abzumildern. Durch seine Arbeit bei ONE hofft er, mit anderen Aktivist*innen zusammenzuarbeiten und Einfluss auf die Klimapolitik in Afrika nehmen zu k\u00f6nnen.<\/p>\n\n\n\n<p><strong>Sein Aufruf zum Handeln an alle, die sich nicht sicher sind, wo sie mit ihrem Klimaaktivismus beginnen sollen:<\/strong> &#8220;Auch die kleinsten Ma\u00dfnahmen z\u00e4hlen. Sei es, einen Baum im Garten zu pflanzen, M\u00fcll ordnungsgem\u00e4\u00df zu entsorgen, eine Petition zu unterschreiben, f\u00fcr Klimaschutzma\u00dfnahmen zu spenden, Einwegplastik durch biologisch abbaubare Materialien zu ersetzen, Kurse zur Sensibilisierung f\u00fcr den Klimawandel zu besuchen oder Informationen \u00fcber den Klimawandel an Gemeinden in der Umgebung weiterzugeben. All das z\u00e4hlt und f\u00fchrt zu einem gr\u00f6\u00dferen Ziel. Auf diese Weise tr\u00e4gst du deinen Teil dazu bei, den Planeten f\u00fcr die zuk\u00fcnftigen Generationen zu retten.&#8221;<\/p>\n\n\n\n<p><strong>Seine Worte, die uns inspirieren:<\/strong> &#8220;Dies ist eine seltene Gelegenheit, die sich uns bietet, eine der wichtigsten Missionen unseres Lebens. Es ist nur eine Frage der Zeit, bis die Auswirkungen des Klimawandels alle L\u00e4nder der Welt einholen, deshalb ist jetzt der beste Zeitpunkt zu handeln.&#8221;<\/p>\n\n\n\n<p><\/p>\n\n\n\n<h2 class=\"wp-block-heading\" id=\"h-2-faith-ayegba-nigeria\">2. Faith Ayegba, Nigeria<\/h2>\n\n\n\n<figure class=\"wp-block-image size-full is-resized\"><img loading=\"lazy\" decoding=\"async\" width=\"418\" height=\"418\" src=\"https:\/\/www.one.org\/de\/wp-content\/uploads\/sites\/3\/2023\/11\/Faith.jpeg\" alt=\"\" class=\"wp-image-170370\" style=\"aspect-ratio:1;width:487px;height:auto\" srcset=\"https:\/\/www.one.org\/de\/wp-content\/uploads\/sites\/3\/2023\/11\/Faith.jpeg 418w, https:\/\/www.one.org\/de\/wp-content\/uploads\/sites\/3\/2023\/11\/Faith-300x300.jpeg 300w, https:\/\/www.one.org\/de\/wp-content\/uploads\/sites\/3\/2023\/11\/Faith-150x150.jpeg 150w, https:\/\/www.one.org\/de\/wp-content\/uploads\/sites\/3\/2023\/11\/Faith-16x16.jpeg 16w, https:\/\/www.one.org\/de\/wp-content\/uploads\/sites\/3\/2023\/11\/Faith-320x320.jpeg 320w\" sizes=\"auto, (max-width: 418px) 100vw, 418px\" \/><\/figure>\n\n\n\n<p><strong>Was sie zu ihrem Aktivismus inspiriert hat:<\/strong> Faith wurde bewusst, wie wichtig der Kampf f\u00fcr Klimagerechtigkeit ist, nachdem ihr Vater verstorben war. Als er zu Grabe getragen wurde, &#8220;sah sie den Boden unter der Erde&#8221;, was ihr bewusst machte, wie wichtig der Boden f\u00fcr das \u00dcberleben der Menschen, der \u00d6kosysteme und unseres Planeten ist. Sie begann dar\u00fcber nachzudenken, wie er so vielen Naturkatastrophen standh\u00e4lt. Seitdem setzt sie sich f\u00fcr den Boden und damit auch f\u00fcr Klimagerechtigkeit ein. Durch ihre Arbeit hofft sie, \u00f6rtliche Gemeinschaften bei der Anpassung an den Klimawandel zu helfen und politische Entscheidungstr\u00e4ger*innen zu beeinflussen, damit sie Ma\u00dfnahmen ergreifen, die eben diesen Gemeinschaften helfen.<\/p>\n\n\n\n<p><strong>Ihr Aufruf zum Handeln f\u00fcr Investitionen in Afrikas gr\u00fcnen Wandel:<\/strong> &#8220;Das Potenzial f\u00fcr ein klimapositives Wachstum in Afrika ist enorm. Investitionen in den gr\u00fcnen Wandel in Afrika werden den Menschen helfen, sich aus der Armut zu befreien, denn die M\u00f6glichkeiten und die Wertsch\u00f6pfungskette, die mit gr\u00fcnen Arbeitspl\u00e4tzen verbunden sind, sind immens. Diese Arbeitspl\u00e4tze sind in der Lage, die wachsende afrikanische Jugend in ertragreiche und sinnvolle T\u00e4tigkeiten zu integrieren.<\/p>\n\n\n\n<p><strong>Ihre Worte, die uns inspirieren: <\/strong>&#8220;Meine Botschaft an die B\u00fcrgerinnen und B\u00fcrger, die aktiv werden wollen, lautet: Ihr seid die Ver\u00e4nderung! Jede kleine Anstrengung oder Aktion &#8211; sei es eure Stimme, Briefe, Petitionen oder praktische Demonstrationen bei gr\u00fcnen \u00dcberg\u00e4ngen &#8211; ist ein Diamant, der entdeckt wird, um unsere gemeinsame Welt zur\u00fcckzukaufen und zu retten.&#8221;<\/p>\n\n\n\n<p><\/p>\n\n\n\n<h2 class=\"wp-block-heading\" id=\"h-3-moses-gichuho-kamau-kenia\">3. Moses Gichuho Kamau, Kenia<\/h2>\n\n\n\n<figure class=\"wp-block-image size-full is-resized\"><img loading=\"lazy\" decoding=\"async\" width=\"406\" height=\"406\" src=\"https:\/\/www.one.org\/de\/wp-content\/uploads\/sites\/3\/2023\/11\/Moses.jpeg\" alt=\"\" class=\"wp-image-170371\" style=\"aspect-ratio:1;width:468px;height:auto\" srcset=\"https:\/\/www.one.org\/de\/wp-content\/uploads\/sites\/3\/2023\/11\/Moses.jpeg 406w, https:\/\/www.one.org\/de\/wp-content\/uploads\/sites\/3\/2023\/11\/Moses-300x300.jpeg 300w, https:\/\/www.one.org\/de\/wp-content\/uploads\/sites\/3\/2023\/11\/Moses-150x150.jpeg 150w, https:\/\/www.one.org\/de\/wp-content\/uploads\/sites\/3\/2023\/11\/Moses-16x16.jpeg 16w, https:\/\/www.one.org\/de\/wp-content\/uploads\/sites\/3\/2023\/11\/Moses-320x320.jpeg 320w\" sizes=\"auto, (max-width: 406px) 100vw, 406px\" \/><\/figure>\n\n\n\n<p><strong>Was ihn zu seinem Aktivismus inspiriert hat: <\/strong>Moses setzt sich daf\u00fcr ein, dass die n\u00e4chste Generation afrikanischer Jugendlicher zu Klimasch\u00fctzer*innen wird. Er engagierte sich erstmals 2019 f\u00fcr Klimagerechtigkeit, als er sah, wie eine unterdurchschnittliche Regenzeit nach der anderen in Kenia zur l\u00e4ngsten D\u00fcrre in der Region seit 40 Jahren f\u00fchrte und das Leben und die Lebensgrundlagen der Menschen beeintr\u00e4chtigte. Ihm wurde klar, dass der Klimawandel jeden \u00fcberall betrifft, und er beschloss, dass es an der Zeit war, zu handeln. Jetzt hofft er, Millionen anderer Aktivist*innen f\u00fcr Klimagerechtigkeit dazu zu inspirieren, sich an der Seite von Gemeinschaften einzusetzen, die mit den schlimmsten Auswirkungen des Klimawandels konfrontiert sind.<\/p>\n\n\n\n<p><strong>Sein Aufruf zum Handeln an alle, die sich angesichts des Klimawandels hoffnungslos f\u00fchlen:<\/strong> &#8220;Verzweifelt nicht. Es sind die kleinen Aktionen, die wir in unseren kleinen Ecken konsequent durchf\u00fchren, die zusammen den gro\u00dfen Unterschied ausmachen. Bringt euch ein und leistet euren Beitrag, wie klein auch immer er sein mag (ob ihr nun einen Baum pflanzt, seuch f\u00fcr andere einsetzt oder unsere Politiker*innen zur Verantwortung zieht). Es ist wichtig und macht einen Unterschied.&#8221;<\/p>\n\n\n\n<p><strong>Seine Worte, die uns inspirieren:<\/strong> &#8220;Wo ein &#8216;Wille&#8217; ist, ist auch ein &#8216;Weg&#8217;. Junge Menschen m\u00fcssen an vorderster Front daf\u00fcr sorgen, dass wir unsere Regierungen und politischen Entscheidungstr\u00e4ger zur Verantwortung ziehen.&#8221;<\/p>\n\n\n\n<p><\/p>\n\n\n\n<h2 class=\"wp-block-heading\" id=\"h-4-adenike-oladosu-nigeria\">4. Adenike Oladosu, Nigeria<\/h2>\n\n\n\n<figure class=\"wp-block-image size-full is-resized\"><img loading=\"lazy\" decoding=\"async\" width=\"569\" height=\"569\" src=\"https:\/\/www.one.org\/de\/wp-content\/uploads\/sites\/3\/2023\/11\/Adenike-Oladosu-1.jpeg\" alt=\"\" class=\"wp-image-170372\" style=\"aspect-ratio:1;width:438px;height:auto\" srcset=\"https:\/\/www.one.org\/de\/wp-content\/uploads\/sites\/3\/2023\/11\/Adenike-Oladosu-1.jpeg 569w, https:\/\/www.one.org\/de\/wp-content\/uploads\/sites\/3\/2023\/11\/Adenike-Oladosu-1-300x300.jpeg 300w, https:\/\/www.one.org\/de\/wp-content\/uploads\/sites\/3\/2023\/11\/Adenike-Oladosu-1-150x150.jpeg 150w, https:\/\/www.one.org\/de\/wp-content\/uploads\/sites\/3\/2023\/11\/Adenike-Oladosu-1-16x16.jpeg 16w, https:\/\/www.one.org\/de\/wp-content\/uploads\/sites\/3\/2023\/11\/Adenike-Oladosu-1-320x320.jpeg 320w\" sizes=\"auto, (max-width: 569px) 100vw, 569px\" \/><\/figure>\n\n\n\n<p><strong>Was sie zu ihrem Aktivismus inspiriert hat:<\/strong> Adenike hat sich auf nationaler und internationaler Ebene f\u00fcr Klimaschutzma\u00dfnahmen eingesetzt. Ihre Leidenschaft f\u00fcr den Klimawandel entdeckte sie w\u00e4hrend ihres Studiums im nigerianischen Bundesstaat Benue. Dort sah sie die Herausforderungen, denen B\u00e4uer*innen und Hirt*innen aufgrund der steigenden Temperaturen ausgesetzt waren. Sie sah, wie die &#8220;einst fruchtbare Landschaft&#8221; schnell &#8220;degradiert und mit Konflikten konfrontiert&#8221; wurde. Sie beschloss, sich f\u00fcr Klimagerechtigkeit einzusetzen, denn &#8220;jedes bisschen Handeln z\u00e4hlt&#8221;. Als ONE-Aktivistin hofft sie nun, zu lernen, inspiriert zu werden und mit Menschen in Kontakt zu treten.<\/p>\n\n\n\n<p><strong>Ihr Aufruf zum Handeln an alle Staats- und Regierungschef*innen, die im Moment nicht genug tun: <\/strong>&#8220;Sie sollten nicht mit der Klimakrise Politik machen. Jetzt, wo sie an der Macht sind, sollten sie alles in ihrer Macht stehende tun, um die Klimakrise zu bek\u00e4mpfen. Sie sollten die Menschen \u00fcber den Profit stellen, anstatt die Klimakrise in die Zukunft zu verschieben.&#8221;<\/p>\n\n\n\n<p><strong>Ihre Worte, die uns inspirieren:<\/strong> &#8220;Niemand ist gegen die Klimakrise immun. Je l\u00e4nger wir das Handeln gegen die Klimakrise hinausz\u00f6gern, desto gr\u00f6\u00dfer werden die Verluste und Sch\u00e4den.&#8221;<\/p>\n\n\n\n<p><\/p>\n\n\n\n<h2 class=\"wp-block-heading\" id=\"h-5-juliet-nwobodo-nigeria\">5. Juliet Nwobodo, Nigeria<\/h2>\n\n\n\n<figure class=\"wp-block-image size-full is-resized\"><img loading=\"lazy\" decoding=\"async\" width=\"696\" height=\"696\" src=\"https:\/\/www.one.org\/de\/wp-content\/uploads\/sites\/3\/2023\/11\/Juliet.jpeg\" alt=\"\" class=\"wp-image-170373\" style=\"aspect-ratio:1;width:533px;height:auto\" srcset=\"https:\/\/www.one.org\/de\/wp-content\/uploads\/sites\/3\/2023\/11\/Juliet.jpeg 696w, https:\/\/www.one.org\/de\/wp-content\/uploads\/sites\/3\/2023\/11\/Juliet-300x300.jpeg 300w, https:\/\/www.one.org\/de\/wp-content\/uploads\/sites\/3\/2023\/11\/Juliet-150x150.jpeg 150w, https:\/\/www.one.org\/de\/wp-content\/uploads\/sites\/3\/2023\/11\/Juliet-16x16.jpeg 16w, https:\/\/www.one.org\/de\/wp-content\/uploads\/sites\/3\/2023\/11\/Juliet-320x320.jpeg 320w, https:\/\/www.one.org\/de\/wp-content\/uploads\/sites\/3\/2023\/11\/Juliet-640x640.jpeg 640w, https:\/\/www.one.org\/de\/wp-content\/uploads\/sites\/3\/2023\/11\/Juliet-630x630.jpeg 630w\" sizes=\"auto, (max-width: 696px) 100vw, 696px\" \/><\/figure>\n\n\n\n<p><strong>Was sie zu ihrem Aktivismus inspiriert hat: <\/strong>Juliet hat sich schon immer f\u00fcr das Klima interessiert, vor allem w\u00e4hrend ihres Geografieunterrichts in der Schule, der ihr einen Einblick in die Umwelt verschaffte. Juliets Engagement f\u00fcr das Klima begann jedoch im Jahr 2021, als sie die Auswirkungen der Klimakrise aus erster Hand erfuhr, nachdem ihre Freunde von \u00dcberschwemmungen in Nigeria betroffen waren. Sie interessierte sich besonders daf\u00fcr, wie sich die Klimakrise auf Frauen und M\u00e4dchen und die Gleichstellung der Geschlechter auswirkt. Juliet erkannte, dass der Klimawandel ein vielschichtiges Problem ist und dass seine Auswirkungen lange anhalten k\u00f6nnen &#8211; und sie wurde inspiriert, etwas zu unternehmen. Sie hofft nun, dass sie mit ihrer Stimme den Aufruf zum Klimaschutz unterst\u00fctzen kann, um das Bewusstsein zu sch\u00e4rfen und die Beteiligten zum Handeln zu inspirieren.<\/p>\n\n\n\n<p><strong>Ihr Aufruf zum Handeln richtet sich an alle, die an den Auswirkungen von Investitionen in den Klimaschutz zweifeln: <\/strong>&#8220;Investitionen in den gr\u00fcnen Wandel in Afrika k\u00f6nnen dazu beitragen, die Menschen aus der Armut zu befreien, indem sie Arbeitspl\u00e4tze schaffen, die Gesundheitskosten senken, einen zuverl\u00e4ssigen Zugang zu Energie bieten, die landwirtschaftliche Produktivit\u00e4t verbessern, die Widerstandsf\u00e4higkeit gegen\u00fcber dem Klimawandel erh\u00f6hen, sauberes Wasser und sanit\u00e4re Einrichtungen sicherstellen, einen nachhaltigen Tourismus f\u00f6rdern und die lokalen Gemeinschaften zu einem integrativen und nachhaltigen Wirtschaftswachstum bef\u00e4higen.&#8221;<\/p>\n\n\n\n<p><strong>Ihre Worte, die uns inspirieren:<\/strong> &#8220;Afrika ist wirklich mit Ressourcen gesegnet, und es gibt dort so viele ungenutzte Potenziale. Ich bin davon \u00fcberzeugt, dass die afrikanischen L\u00e4nder \u00fcber ein enormes Potenzial und die M\u00f6glichkeit f\u00fcr ein klimafreundliches Wachstum verf\u00fcgen, wenn wir die Zusammenarbeit und das gemeinsame Engagement f\u00fcr ein gr\u00fcneres Afrika nutzen.<\/p>\n\n\n\n<p><\/p>\n\n\n\n<h2 class=\"wp-block-heading\" id=\"h-6-tonny-silas-dauda-nigeria\">6. Tonny Silas Dauda, Nigeria<\/h2>\n\n\n\n<figure class=\"wp-block-image size-full is-resized\"><img loading=\"lazy\" decoding=\"async\" width=\"1018\" height=\"1018\" src=\"https:\/\/www.one.org\/de\/wp-content\/uploads\/sites\/3\/2023\/11\/Tonny.jpeg\" alt=\"\" class=\"wp-image-170374\" style=\"aspect-ratio:1;width:489px;height:auto\" srcset=\"https:\/\/www.one.org\/de\/wp-content\/uploads\/sites\/3\/2023\/11\/Tonny.jpeg 1018w, https:\/\/www.one.org\/de\/wp-content\/uploads\/sites\/3\/2023\/11\/Tonny-300x300.jpeg 300w, https:\/\/www.one.org\/de\/wp-content\/uploads\/sites\/3\/2023\/11\/Tonny-150x150.jpeg 150w, https:\/\/www.one.org\/de\/wp-content\/uploads\/sites\/3\/2023\/11\/Tonny-768x768.jpeg 768w, https:\/\/www.one.org\/de\/wp-content\/uploads\/sites\/3\/2023\/11\/Tonny-16x16.jpeg 16w, https:\/\/www.one.org\/de\/wp-content\/uploads\/sites\/3\/2023\/11\/Tonny-320x320.jpeg 320w, https:\/\/www.one.org\/de\/wp-content\/uploads\/sites\/3\/2023\/11\/Tonny-640x640.jpeg 640w, https:\/\/www.one.org\/de\/wp-content\/uploads\/sites\/3\/2023\/11\/Tonny-800x800.jpeg 800w, https:\/\/www.one.org\/de\/wp-content\/uploads\/sites\/3\/2023\/11\/Tonny-630x630.jpeg 630w\" sizes=\"auto, (max-width: 1018px) 100vw, 1018px\" \/><\/figure>\n\n\n\n<p><strong>Was ihn zu seinem Aktivismus inspiriert hat:<\/strong> Tonny wurde sich des Ausma\u00dfes der Klimakrise erstmals in der Schule bewusst, wo er \u00fcber Umweltverschmutzung und die Sch\u00e4digung der Ozonschicht lernte. Im Jahr 2016 traf er dann auf inspirierende junge Menschen, die aktiv wurden, und erkannte, dass junge Menschen den Kampf gegen den Klimawandel anf\u00fchren k\u00f6nnen. F\u00fcr ihn war der Klimawandel fr\u00fcher &#8220;weit weg und in den Nachrichten zu h\u00f6ren&#8221;, aber &#8220;jetzt ist er hier in Nigeria.&#8221; Er m\u00f6chte zu denjenigen geh\u00f6ren, die etwas tun, um ihn zu stoppen, solange wir noch die Chance dazu haben&#8221;. Heute hofft er, ein globaler F\u00fcrsprecher f\u00fcr einen gerechten \u00dcbergang f\u00fcr Afrika zu sein und seine Arbeit als Klimaaktivist auszubauen.<\/p>\n\n\n\n<p><strong>Sein Aufruf zum Handeln an alle, die sich \u00fcber Afrikas F\u00fchrungsrolle beim gr\u00fcnen Wachstum informieren wollen: <\/strong>&#8220;Wusstet ihr, dass ein gro\u00dfer Teil der Ressourcen, die die fortgeschrittenen L\u00e4nder f\u00fcr ihre eigene gr\u00fcne Produktion verwenden, aus Afrika stammt? Stellt euch vor, wir w\u00fcrden uns entscheiden, die Produktion selbst zu \u00fcbernehmen. Stellt euch die Arbeitspl\u00e4tze vor, die wir schaffen werden. Stellt euch den Wohlstand vor, den wir in Afrika haben werden, und wie wir die Lebensqualit\u00e4t der Menschen verbessern und gleichzeitig den Klimawandel aufhalten. Das ist es, was gr\u00fcnes Wachstum in Afrika bedeutet. Ich denke, gerade f\u00fcr Afrika haben wir eine Chance, daf\u00fcr zu sorgen, dass die Welt uns zuh\u00f6rt, wenn wir zusammen kommen und unsere Stimmen gemeinsam erheben.&#8221;&nbsp;<\/p>\n\n\n\n<p><strong>Seine Worte, die uns inspirieren:<\/strong> &#8220;Fang an, wo immer du bist, und denken nicht, dass irgendeine Ma\u00dfnahme zu klein ist. Bei einer globalen Krise wie dieser ist jede kleine Aktion wichtig.&#8221;<\/p>\n\n\n\n<p><\/p>\n\n\n\n<h2 class=\"wp-block-heading\" id=\"h-du-fuhlst-dich-inspiriert-du-mochtest-dich-unseren-aktivist-innen-anschliessen-und-klimagerechtigkeit-fordern-fuge-jetzt-deinen-namen-zu-adenikes-petition-hinzu\">Du f\u00fchlst dich inspiriert? Du m\u00f6chtest dich unseren Aktivist*innen anschlie\u00dfen und Klimagerechtigkeit fordern? F\u00fcge jetzt deinen Namen zu <a href=\"https:\/\/www.one.org\/de\/engagier-dich\/werde-aktiv\/\">Adenikes Petition<\/a> hinzu.<\/h2>\n<div class=\"buffer\"><\/div>","protected":false},"excerpt":{"rendered":"<p>Jeden Tag erheben zahlreiche Aktivist*innen ihre Stimme f\u00fcr globalen Wandel und inspirieren andere zum Kampf f\u00fcr Klimagerechtigkeit. Lerne sechs ONE Aktivist*innen kennen &#8211; Adenike, Faith, Juliet, Moses, Tonny und Chris &#8211; die in ihren Gemeinden und in ganz Afrika den Kampf gegen die Klimakrise anf\u00fchren. 1. Chris Arunga, Kenia Was ihn zu seinem Aktivismus inspiriert [&hellip;]<\/p>\n","protected":false},"author":1,"featured_media":170347,"comment_status":"closed","ping_status":"closed","sticky":false,"template":"","format":"standard","meta":{"_acf_changed":false,"_relevanssi_hide_post":"","_relevanssi_hide_content":"","_relevanssi_pin_for_all":"","_relevanssi_pin_keywords":"","_relevanssi_unpin_keywords":"","_relevanssi_related_keywords":"","_relevanssi_related_include_ids":"","_relevanssi_related_exclude_ids":"","_relevanssi_related_no_append":"","_relevanssi_related_not_related":"","_relevanssi_related_posts":"167709,167495,167225,167737,166990,167762","_relevanssi_noindex_reason":"","footnotes":""},"categories":[39],"tags":[105,283],"topic":[81],"contributor":[],"one_content_audience":[],"one_content_type":[],"one_content_tone":[],"class_list":["post-170330","post","type-post","status-publish","format-standard","has-post-thumbnail","hentry","category-one","tag-aktivismus","tag-klima","topic-klimawandel"],"acf":[],"yoast_head":"<!-- This site is optimized with the Yoast SEO Premium plugin v27.1 (Yoast SEO v27.1.1) - https:\/\/yoast.com\/product\/yoast-seo-premium-wordpress\/ -->\n<title>6 ONE-Aktivist*innen, die f\u00fcr Klimagerechtigkeit in Afrika k\u00e4mpfen - ONE.org Deutschland<\/title>\n<meta name=\"description\" content=\"Lerne 6 ONE-Aktivist*innen kennen, die sich in ihren Gemeinden und dar\u00fcber hinaus f\u00fcr Klimagerechtigkeit einsetzen.\" \/>\n<meta name=\"robots\" content=\"index, follow, max-snippet:-1, max-image-preview:large, max-video-preview:-1\" \/>\n<link rel=\"canonical\" href=\"https:\/\/www.one.org\/de\/neuigkeiten\/6-one-aktivistinnen-klimagerechtigkeit\/\" \/>\n<meta property=\"og:locale\" content=\"de_DE\" \/>\n<meta property=\"og:type\" content=\"article\" \/>\n<meta property=\"og:title\" content=\"6 ONE-Aktivist*innen, die f\u00fcr Klimagerechtigkeit in Afrika k\u00e4mpfen\" \/>\n<meta property=\"og:description\" content=\"Lerne 6 ONE-Aktivist*innen kennen, die sich in ihren Gemeinden und dar\u00fcber hinaus f\u00fcr Klimagerechtigkeit einsetzen.\" \/>\n<meta property=\"og:url\" content=\"https:\/\/www.one.org\/de\/neuigkeiten\/6-one-aktivistinnen-klimagerechtigkeit\/\" \/>\n<meta property=\"og:site_name\" content=\"ONE.org Deutschland\" \/>\n<meta property=\"article:publisher\" content=\"https:\/\/www.facebook.com\/ONEinNederland\" \/>\n<meta property=\"article:published_time\" content=\"2023-11-28T09:49:00+00:00\" \/>\n<meta property=\"article:modified_time\" content=\"2023-11-28T09:55:22+00:00\" \/>\n<meta property=\"og:image\" content=\"https:\/\/cdn.one.org\/oneorg\/wp-content\/uploads\/sites\/3\/2023\/11\/27143453\/markus-spiske-RN14PbITnnM-unsplash-scaled.jpg\" \/>\n\t<meta property=\"og:image:width\" content=\"2560\" \/>\n\t<meta property=\"og:image:height\" content=\"1707\" \/>\n\t<meta property=\"og:image:type\" content=\"image\/jpeg\" \/>\n<meta name=\"author\" content=\"admin\" \/>\n<meta name=\"twitter:card\" content=\"summary_large_image\" \/>\n<meta name=\"twitter:creator\" content=\"@ONENederland\" \/>\n<meta name=\"twitter:site\" content=\"@ONENederland\" \/>\n<meta name=\"twitter:label1\" content=\"Written by\" \/>\n\t<meta name=\"twitter:data1\" content=\"admin\" \/>\n\t<meta name=\"twitter:label2\" content=\"Est. reading time\" \/>\n\t<meta name=\"twitter:data2\" content=\"7 minutes\" \/>\n<script type=\"application\/ld+json\" class=\"yoast-schema-graph\">{\"@context\":\"https:\/\/schema.org\",\"@graph\":[{\"@type\":[\"Article\",\"BlogPosting\"],\"@id\":\"https:\/\/www.one.org\/de\/neuigkeiten\/6-one-aktivistinnen-klimagerechtigkeit\/#article\",\"isPartOf\":{\"@id\":\"https:\/\/www.one.org\/de\/neuigkeiten\/6-one-aktivistinnen-klimagerechtigkeit\/\"},\"author\":{\"name\":\"admin\",\"@id\":\"https:\/\/www.one.org\/de\/#\/schema\/person\/236ef43a079c36667c3f1de2da8e0838\"},\"headline\":\"6 ONE-Aktivist*innen, die f\u00fcr Klimagerechtigkeit in Afrika k\u00e4mpfen\",\"datePublished\":\"2023-11-28T09:49:00+00:00\",\"dateModified\":\"2023-11-28T09:55:22+00:00\",\"mainEntityOfPage\":{\"@id\":\"https:\/\/www.one.org\/de\/neuigkeiten\/6-one-aktivistinnen-klimagerechtigkeit\/\"},\"wordCount\":1602,\"image\":{\"@id\":\"https:\/\/www.one.org\/de\/neuigkeiten\/6-one-aktivistinnen-klimagerechtigkeit\/#primaryimage\"},\"thumbnailUrl\":\"https:\/\/www.one.org\/de\/wp-content\/uploads\/sites\/3\/2023\/11\/markus-spiske-RN14PbITnnM-unsplash-scaled.jpg\",\"keywords\":[\"Aktivismus\",\"klima\"],\"articleSection\":[\"ONE\"],\"inLanguage\":\"de-DE\"},{\"@type\":\"WebPage\",\"@id\":\"https:\/\/www.one.org\/de\/neuigkeiten\/6-one-aktivistinnen-klimagerechtigkeit\/\",\"url\":\"https:\/\/www.one.org\/de\/neuigkeiten\/6-one-aktivistinnen-klimagerechtigkeit\/\",\"name\":\"6 ONE-Aktivist*innen, die f\u00fcr Klimagerechtigkeit in Afrika k\u00e4mpfen - ONE.org Deutschland\",\"isPartOf\":{\"@id\":\"https:\/\/www.one.org\/de\/#website\"},\"primaryImageOfPage\":{\"@id\":\"https:\/\/www.one.org\/de\/neuigkeiten\/6-one-aktivistinnen-klimagerechtigkeit\/#primaryimage\"},\"image\":{\"@id\":\"https:\/\/www.one.org\/de\/neuigkeiten\/6-one-aktivistinnen-klimagerechtigkeit\/#primaryimage\"},\"thumbnailUrl\":\"https:\/\/www.one.org\/de\/wp-content\/uploads\/sites\/3\/2023\/11\/markus-spiske-RN14PbITnnM-unsplash-scaled.jpg\",\"datePublished\":\"2023-11-28T09:49:00+00:00\",\"dateModified\":\"2023-11-28T09:55:22+00:00\",\"author\":{\"@id\":\"https:\/\/www.one.org\/de\/#\/schema\/person\/236ef43a079c36667c3f1de2da8e0838\"},\"description\":\"Lerne 6 ONE-Aktivist*innen kennen, die sich in ihren Gemeinden und dar\u00fcber hinaus f\u00fcr Klimagerechtigkeit einsetzen.\",\"breadcrumb\":{\"@id\":\"https:\/\/www.one.org\/de\/neuigkeiten\/6-one-aktivistinnen-klimagerechtigkeit\/#breadcrumb\"},\"inLanguage\":\"de-DE\",\"potentialAction\":[{\"@type\":\"ReadAction\",\"target\":[\"https:\/\/www.one.org\/de\/neuigkeiten\/6-one-aktivistinnen-klimagerechtigkeit\/\"]}]},{\"@type\":\"ImageObject\",\"inLanguage\":\"de-DE\",\"@id\":\"https:\/\/www.one.org\/de\/neuigkeiten\/6-one-aktivistinnen-klimagerechtigkeit\/#primaryimage\",\"url\":\"https:\/\/www.one.org\/de\/wp-content\/uploads\/sites\/3\/2023\/11\/markus-spiske-RN14PbITnnM-unsplash-scaled.jpg\",\"contentUrl\":\"https:\/\/www.one.org\/de\/wp-content\/uploads\/sites\/3\/2023\/11\/markus-spiske-RN14PbITnnM-unsplash-scaled.jpg\",\"width\":2560,\"height\":1707,\"caption\":\"Markus Spiske via Unsplash.\"},{\"@type\":\"BreadcrumbList\",\"@id\":\"https:\/\/www.one.org\/de\/neuigkeiten\/6-one-aktivistinnen-klimagerechtigkeit\/#breadcrumb\",\"itemListElement\":[{\"@type\":\"ListItem\",\"position\":1,\"name\":\"Home\",\"item\":\"https:\/\/www.one.org\/de\/\"},{\"@type\":\"ListItem\",\"position\":2,\"name\":\"6 ONE-Aktivist*innen, die f\u00fcr Klimagerechtigkeit in Afrika k\u00e4mpfen\"}]},{\"@type\":\"WebSite\",\"@id\":\"https:\/\/www.one.org\/de\/#website\",\"url\":\"https:\/\/www.one.org\/de\/\",\"name\":\"ONE.org\",\"description\":\"F\u00fcr mehr wirtschaftliche Chancen und ein starkes Gesundheitswesen in Afrika\",\"potentialAction\":[{\"@type\":\"SearchAction\",\"target\":{\"@type\":\"EntryPoint\",\"urlTemplate\":\"https:\/\/www.one.org\/de\/?s={search_term_string}\"},\"query-input\":{\"@type\":\"PropertyValueSpecification\",\"valueRequired\":true,\"valueName\":\"search_term_string\"}}],\"inLanguage\":\"de-DE\"},{\"@type\":\"Person\",\"@id\":\"https:\/\/www.one.org\/de\/#\/schema\/person\/236ef43a079c36667c3f1de2da8e0838\",\"name\":\"admin\",\"image\":{\"@type\":\"ImageObject\",\"inLanguage\":\"de-DE\",\"@id\":\"https:\/\/www.one.org\/de\/#\/schema\/person\/image\/\",\"url\":\"https:\/\/secure.gravatar.com\/avatar\/2b4204681b789d34ede86a735f8b6378df901f7f7ab7a9ca89af4670b2bb13b8?s=96&d=mm&r=g\",\"contentUrl\":\"https:\/\/secure.gravatar.com\/avatar\/2b4204681b789d34ede86a735f8b6378df901f7f7ab7a9ca89af4670b2bb13b8?s=96&d=mm&r=g\",\"caption\":\"admin\"},\"sameAs\":[\"http:\/\/www.one.org\"],\"url\":\"https:\/\/www.one.org\/de\/neuigkeiten\/author\/admin\/\"}]}<\/script>\n<!-- \/ Yoast SEO Premium plugin. -->","yoast_head_json":{"title":"6 ONE-Aktivist*innen, die f\u00fcr Klimagerechtigkeit in Afrika k\u00e4mpfen - ONE.org Deutschland","description":"Lerne 6 ONE-Aktivist*innen kennen, die sich in ihren Gemeinden und dar\u00fcber hinaus f\u00fcr Klimagerechtigkeit einsetzen.","robots":{"index":"index","follow":"follow","max-snippet":"max-snippet:-1","max-image-preview":"max-image-preview:large","max-video-preview":"max-video-preview:-1"},"canonical":"https:\/\/www.one.org\/de\/neuigkeiten\/6-one-aktivistinnen-klimagerechtigkeit\/","og_locale":"de_DE","og_type":"article","og_title":"6 ONE-Aktivist*innen, die f\u00fcr Klimagerechtigkeit in Afrika k\u00e4mpfen","og_description":"Lerne 6 ONE-Aktivist*innen kennen, die sich in ihren Gemeinden und dar\u00fcber hinaus f\u00fcr Klimagerechtigkeit einsetzen.","og_url":"https:\/\/www.one.org\/de\/neuigkeiten\/6-one-aktivistinnen-klimagerechtigkeit\/","og_site_name":"ONE.org Deutschland","article_publisher":"https:\/\/www.facebook.com\/ONEinNederland","article_published_time":"2023-11-28T09:49:00+00:00","article_modified_time":"2023-11-28T09:55:22+00:00","og_image":[{"width":2560,"height":1707,"url":"https:\/\/cdn.one.org\/oneorg\/wp-content\/uploads\/sites\/3\/2023\/11\/27143453\/markus-spiske-RN14PbITnnM-unsplash-scaled.jpg","type":"image\/jpeg"}],"author":"admin","twitter_card":"summary_large_image","twitter_creator":"@ONENederland","twitter_site":"@ONENederland","twitter_misc":{"Written by":"admin","Est. reading time":"7 minutes"},"schema":{"@context":"https:\/\/schema.org","@graph":[{"@type":["Article","BlogPosting"],"@id":"https:\/\/www.one.org\/de\/neuigkeiten\/6-one-aktivistinnen-klimagerechtigkeit\/#article","isPartOf":{"@id":"https:\/\/www.one.org\/de\/neuigkeiten\/6-one-aktivistinnen-klimagerechtigkeit\/"},"author":{"name":"admin","@id":"https:\/\/www.one.org\/de\/#\/schema\/person\/236ef43a079c36667c3f1de2da8e0838"},"headline":"6 ONE-Aktivist*innen, die f\u00fcr Klimagerechtigkeit in Afrika k\u00e4mpfen","datePublished":"2023-11-28T09:49:00+00:00","dateModified":"2023-11-28T09:55:22+00:00","mainEntityOfPage":{"@id":"https:\/\/www.one.org\/de\/neuigkeiten\/6-one-aktivistinnen-klimagerechtigkeit\/"},"wordCount":1602,"image":{"@id":"https:\/\/www.one.org\/de\/neuigkeiten\/6-one-aktivistinnen-klimagerechtigkeit\/#primaryimage"},"thumbnailUrl":"https:\/\/www.one.org\/de\/wp-content\/uploads\/sites\/3\/2023\/11\/markus-spiske-RN14PbITnnM-unsplash-scaled.jpg","keywords":["Aktivismus","klima"],"articleSection":["ONE"],"inLanguage":"de-DE"},{"@type":"WebPage","@id":"https:\/\/www.one.org\/de\/neuigkeiten\/6-one-aktivistinnen-klimagerechtigkeit\/","url":"https:\/\/www.one.org\/de\/neuigkeiten\/6-one-aktivistinnen-klimagerechtigkeit\/","name":"6 ONE-Aktivist*innen, die f\u00fcr Klimagerechtigkeit in Afrika k\u00e4mpfen - ONE.org Deutschland","isPartOf":{"@id":"https:\/\/www.one.org\/de\/#website"},"primaryImageOfPage":{"@id":"https:\/\/www.one.org\/de\/neuigkeiten\/6-one-aktivistinnen-klimagerechtigkeit\/#primaryimage"},"image":{"@id":"https:\/\/www.one.org\/de\/neuigkeiten\/6-one-aktivistinnen-klimagerechtigkeit\/#primaryimage"},"thumbnailUrl":"https:\/\/www.one.org\/de\/wp-content\/uploads\/sites\/3\/2023\/11\/markus-spiske-RN14PbITnnM-unsplash-scaled.jpg","datePublished":"2023-11-28T09:49:00+00:00","dateModified":"2023-11-28T09:55:22+00:00","author":{"@id":"https:\/\/www.one.org\/de\/#\/schema\/person\/236ef43a079c36667c3f1de2da8e0838"},"description":"Lerne 6 ONE-Aktivist*innen kennen, die sich in ihren Gemeinden und dar\u00fcber hinaus f\u00fcr Klimagerechtigkeit einsetzen.","breadcrumb":{"@id":"https:\/\/www.one.org\/de\/neuigkeiten\/6-one-aktivistinnen-klimagerechtigkeit\/#breadcrumb"},"inLanguage":"de-DE","potentialAction":[{"@type":"ReadAction","target":["https:\/\/www.one.org\/de\/neuigkeiten\/6-one-aktivistinnen-klimagerechtigkeit\/"]}]},{"@type":"ImageObject","inLanguage":"de-DE","@id":"https:\/\/www.one.org\/de\/neuigkeiten\/6-one-aktivistinnen-klimagerechtigkeit\/#primaryimage","url":"https:\/\/www.one.org\/de\/wp-content\/uploads\/sites\/3\/2023\/11\/markus-spiske-RN14PbITnnM-unsplash-scaled.jpg","contentUrl":"https:\/\/www.one.org\/de\/wp-content\/uploads\/sites\/3\/2023\/11\/markus-spiske-RN14PbITnnM-unsplash-scaled.jpg","width":2560,"height":1707,"caption":"Markus Spiske via Unsplash."},{"@type":"BreadcrumbList","@id":"https:\/\/www.one.org\/de\/neuigkeiten\/6-one-aktivistinnen-klimagerechtigkeit\/#breadcrumb","itemListElement":[{"@type":"ListItem","position":1,"name":"Home","item":"https:\/\/www.one.org\/de\/"},{"@type":"ListItem","position":2,"name":"6 ONE-Aktivist*innen, die f\u00fcr Klimagerechtigkeit in Afrika k\u00e4mpfen"}]},{"@type":"WebSite","@id":"https:\/\/www.one.org\/de\/#website","url":"https:\/\/www.one.org\/de\/","name":"ONE.org","description":"F\u00fcr mehr wirtschaftliche Chancen und ein starkes Gesundheitswesen in Afrika","potentialAction":[{"@type":"SearchAction","target":{"@type":"EntryPoint","urlTemplate":"https:\/\/www.one.org\/de\/?s={search_term_string}"},"query-input":{"@type":"PropertyValueSpecification","valueRequired":true,"valueName":"search_term_string"}}],"inLanguage":"de-DE"},{"@type":"Person","@id":"https:\/\/www.one.org\/de\/#\/schema\/person\/236ef43a079c36667c3f1de2da8e0838","name":"admin","image":{"@type":"ImageObject","inLanguage":"de-DE","@id":"https:\/\/www.one.org\/de\/#\/schema\/person\/image\/","url":"https:\/\/secure.gravatar.com\/avatar\/2b4204681b789d34ede86a735f8b6378df901f7f7ab7a9ca89af4670b2bb13b8?s=96&d=mm&r=g","contentUrl":"https:\/\/secure.gravatar.com\/avatar\/2b4204681b789d34ede86a735f8b6378df901f7f7ab7a9ca89af4670b2bb13b8?s=96&d=mm&r=g","caption":"admin"},"sameAs":["http:\/\/www.one.org"],"url":"https:\/\/www.one.org\/de\/neuigkeiten\/author\/admin\/"}]}},"distributor_meta":false,"distributor_terms":false,"distributor_media":false,"distributor_original_site_name":"ONE.org Deutschland","distributor_original_site_url":"https:\/\/www.one.org\/de","push-errors":false,"_links":{"self":[{"href":"https:\/\/www.one.org\/de\/wp-json\/wp\/v2\/posts\/170330","targetHints":{"allow":["GET"]}}],"collection":[{"href":"https:\/\/www.one.org\/de\/wp-json\/wp\/v2\/posts"}],"about":[{"href":"https:\/\/www.one.org\/de\/wp-json\/wp\/v2\/types\/post"}],"author":[{"embeddable":true,"href":"https:\/\/www.one.org\/de\/wp-json\/wp\/v2\/users\/1"}],"replies":[{"embeddable":true,"href":"https:\/\/www.one.org\/de\/wp-json\/wp\/v2\/comments?post=170330"}],"version-history":[{"count":0,"href":"https:\/\/www.one.org\/de\/wp-json\/wp\/v2\/posts\/170330\/revisions"}],"wp:featuredmedia":[{"embeddable":true,"href":"https:\/\/www.one.org\/de\/wp-json\/wp\/v2\/media\/170347"}],"wp:attachment":[{"href":"https:\/\/www.one.org\/de\/wp-json\/wp\/v2\/media?parent=170330"}],"wp:term":[{"taxonomy":"category","embeddable":true,"href":"https:\/\/www.one.org\/de\/wp-json\/wp\/v2\/categories?post=170330"},{"taxonomy":"post_tag","embeddable":true,"href":"https:\/\/www.one.org\/de\/wp-json\/wp\/v2\/tags?post=170330"},{"taxonomy":"topic","embeddable":true,"href":"https:\/\/www.one.org\/de\/wp-json\/wp\/v2\/topic?post=170330"},{"taxonomy":"contributor","embeddable":true,"href":"https:\/\/www.one.org\/de\/wp-json\/wp\/v2\/contributor?post=170330"},{"taxonomy":"one_content_audience","embeddable":true,"href":"https:\/\/www.one.org\/de\/wp-json\/wp\/v2\/one_content_audience?post=170330"},{"taxonomy":"one_content_type","embeddable":true,"href":"https:\/\/www.one.org\/de\/wp-json\/wp\/v2\/one_content_type?post=170330"},{"taxonomy":"one_content_tone","embeddable":true,"href":"https:\/\/www.one.org\/de\/wp-json\/wp\/v2\/one_content_tone?post=170330"}],"curies":[{"name":"wp","href":"https:\/\/api.w.org\/{rel}","templated":true}]}}