{"id":170292,"date":"2023-11-27T15:46:06","date_gmt":"2023-11-27T15:46:06","guid":{"rendered":"https:\/\/www.one.org\/de\/?p=170292"},"modified":"2023-12-18T09:14:38","modified_gmt":"2023-12-18T09:14:38","slug":"jugendbotschafterinnen-sommer-aktivismus","status":"publish","type":"post","link":"https:\/\/www.one.org\/de\/neuigkeiten\/jugendbotschafterinnen-sommer-aktivismus\/","title":{"rendered":"Ein Sommer voller Aktivismus"},"content":{"rendered":"\n<h2 class=\"wp-block-heading\" id=\"h-diesen-sommer-waren-unsere-one-jugendbotschafter-innen-wieder-mit-jeder-menge-tatendrang-unterwegs-dabei-hatten-sie-ein-klares-ziel-vor-augen-eine-gerechtere-welt-fur-alle-menschen-du-bist-neugierig-was-sie-alles-auf-die-beine-gestellt-haben-in-diesem-beitrag-berichten-die-one-jugendbotschafter-innen-hendrik-ada-und-roberta-von-ihrem-sommer-voller-aktivismus\">Diesen Sommer waren unsere <a href=\"https:\/\/www.one.org\/de\/ueber-one\/jugendbotschafter-innen\/\">ONE-Jugendbotschafter*innen <\/a>wieder mit jeder Menge Tatendrang unterwegs. Dabei hatten sie ein klares Ziel vor Augen: eine gerechtere Welt f\u00fcr alle Menschen. Du bist neugierig, was sie alles auf die Beine gestellt haben? In diesem Beitrag berichten die ONE-Jugendbotschafter*innen Hendrik, Ada und Roberta von ihrem Sommer voller Aktivismus.<\/h2>\n\n\n\n<p><\/p>\n\n\n\n<h2 class=\"wp-block-heading\" id=\"h-one-jugendbotschafter-innen-unterwegs-im-wahlkreis-von-christian-lindner\">ONE-Jugendbotschafter*innen unterwegs im Wahlkreis von Christian Lindner<\/h2>\n\n\n\n<p>Im Bund liefen die Diskussionen um den Haushalt f\u00fcr 2024 auf Hochtouren, denn das Budget f\u00fcr das Bundesentwicklungsministerium (BMZ) soll gek\u00fcrzt werden. Als ONE-Aktivist*innen k\u00f6nnen wir das nicht hinnehmen, denn wir brauchen mehr Geld f\u00fcr eine gerechte Welt. Unter diesem Motto ging es f\u00fcr Alicia und mich (Hendrik) am 30. Mai nach Bergisch Gladbach \u2013 direkt in den Wahlkreis von Bundesfinanzminister Lindner. Bewaffnet mit Flyern, Petitionen, Spr\u00fchkreide und einem gro\u00dfen Spielgeldschein machten wir auf unser Anliegen aufmerksam und sammelten in der Fu\u00dfg\u00e4ngerzone viele Unterschriften, die uns vor allem eins gezeigt haben: auch in Bergisch Gladbach m\u00f6chten die Menschen keine K\u00fcrzungen im Kampf f\u00fcr globale Gerechtigkeit hinnehmen. Zum Abschluss haben wir die gesammelten Unterschriften im Wahlkreisb\u00fcro von Christian Lindner abgegeben und unsere Forderungen im Gespr\u00e4ch mit seiner B\u00fcroleiterin unterstrichen. Auch medial erregte unsere Wahlkreisaktion Aufmerksamkeit, denn zuletzt berichtete auch die Rheinische Post \u00fcber unsere Forderungen.<\/p>\n\n\n\n<p><em>Geschrieben von Hendrik<\/em>.<\/p>\n\n\n\n<div class=\"wp-block-columns is-layout-flex wp-container-core-columns-is-layout-28f84493 wp-block-columns-is-layout-flex\">\n<div class=\"wp-block-column is-layout-flow wp-block-column-is-layout-flow\">\n<figure class=\"wp-block-image size-large\"><img loading=\"lazy\" decoding=\"async\" width=\"848\" height=\"1024\" src=\"https:\/\/www.one.org\/de\/wp-content\/uploads\/sites\/3\/2023\/11\/IMG_9300-848x1024.jpg\" alt=\"\" class=\"wp-image-170323\" srcset=\"https:\/\/www.one.org\/de\/wp-content\/uploads\/sites\/3\/2023\/11\/IMG_9300-848x1024.jpg 848w, https:\/\/www.one.org\/de\/wp-content\/uploads\/sites\/3\/2023\/11\/IMG_9300-249x300.jpg 249w, https:\/\/www.one.org\/de\/wp-content\/uploads\/sites\/3\/2023\/11\/IMG_9300-768x927.jpg 768w, https:\/\/www.one.org\/de\/wp-content\/uploads\/sites\/3\/2023\/11\/IMG_9300-1273x1536.jpg 1273w, https:\/\/www.one.org\/de\/wp-content\/uploads\/sites\/3\/2023\/11\/IMG_9300-1697x2048.jpg 1697w, https:\/\/www.one.org\/de\/wp-content\/uploads\/sites\/3\/2023\/11\/IMG_9300-16x19.jpg 16w, https:\/\/www.one.org\/de\/wp-content\/uploads\/sites\/3\/2023\/11\/IMG_9300-320x386.jpg 320w, https:\/\/www.one.org\/de\/wp-content\/uploads\/sites\/3\/2023\/11\/IMG_9300-640x772.jpg 640w, https:\/\/www.one.org\/de\/wp-content\/uploads\/sites\/3\/2023\/11\/IMG_9300-800x966.jpg 800w, https:\/\/www.one.org\/de\/wp-content\/uploads\/sites\/3\/2023\/11\/IMG_9300-1600x1931.jpg 1600w, https:\/\/www.one.org\/de\/wp-content\/uploads\/sites\/3\/2023\/11\/IMG_9300-522x630.jpg 522w\" sizes=\"auto, (max-width: 848px) 100vw, 848px\" \/><\/figure>\n<\/div>\n\n\n\n<div class=\"wp-block-column is-layout-flow wp-block-column-is-layout-flow\">\n<figure class=\"wp-block-image size-large\"><img loading=\"lazy\" decoding=\"async\" width=\"845\" height=\"1024\" src=\"https:\/\/www.one.org\/de\/wp-content\/uploads\/sites\/3\/2023\/11\/IMG_9296-1-845x1024.jpg\" alt=\"\" class=\"wp-image-170321\" srcset=\"https:\/\/www.one.org\/de\/wp-content\/uploads\/sites\/3\/2023\/11\/IMG_9296-1-845x1024.jpg 845w, https:\/\/www.one.org\/de\/wp-content\/uploads\/sites\/3\/2023\/11\/IMG_9296-1-248x300.jpg 248w, https:\/\/www.one.org\/de\/wp-content\/uploads\/sites\/3\/2023\/11\/IMG_9296-1-768x931.jpg 768w, https:\/\/www.one.org\/de\/wp-content\/uploads\/sites\/3\/2023\/11\/IMG_9296-1-1268x1536.jpg 1268w, https:\/\/www.one.org\/de\/wp-content\/uploads\/sites\/3\/2023\/11\/IMG_9296-1-1690x2048.jpg 1690w, https:\/\/www.one.org\/de\/wp-content\/uploads\/sites\/3\/2023\/11\/IMG_9296-1-16x19.jpg 16w, https:\/\/www.one.org\/de\/wp-content\/uploads\/sites\/3\/2023\/11\/IMG_9296-1-320x388.jpg 320w, https:\/\/www.one.org\/de\/wp-content\/uploads\/sites\/3\/2023\/11\/IMG_9296-1-640x776.jpg 640w, https:\/\/www.one.org\/de\/wp-content\/uploads\/sites\/3\/2023\/11\/IMG_9296-1-800x969.jpg 800w, https:\/\/www.one.org\/de\/wp-content\/uploads\/sites\/3\/2023\/11\/IMG_9296-1-1600x1939.jpg 1600w, https:\/\/www.one.org\/de\/wp-content\/uploads\/sites\/3\/2023\/11\/IMG_9296-1-520x630.jpg 520w\" sizes=\"auto, (max-width: 845px) 100vw, 845px\" \/><\/figure>\n<\/div>\n\n\n\n<div class=\"wp-block-column is-layout-flow wp-block-column-is-layout-flow\">\n<figure class=\"wp-block-image size-large is-resized\"><img loading=\"lazy\" decoding=\"async\" width=\"1024\" height=\"768\" src=\"https:\/\/www.one.org\/de\/wp-content\/uploads\/sites\/3\/2023\/11\/FxYmCIGaEAMh7Vd-1024x768.jpg\" alt=\"\" class=\"wp-image-170322\" style=\"aspect-ratio:1.3333333333333333;width:339px;height:auto\" srcset=\"https:\/\/www.one.org\/de\/wp-content\/uploads\/sites\/3\/2023\/11\/FxYmCIGaEAMh7Vd-1024x768.jpg 1024w, https:\/\/www.one.org\/de\/wp-content\/uploads\/sites\/3\/2023\/11\/FxYmCIGaEAMh7Vd-300x225.jpg 300w, https:\/\/www.one.org\/de\/wp-content\/uploads\/sites\/3\/2023\/11\/FxYmCIGaEAMh7Vd-768x576.jpg 768w, https:\/\/www.one.org\/de\/wp-content\/uploads\/sites\/3\/2023\/11\/FxYmCIGaEAMh7Vd-1536x1152.jpg 1536w, https:\/\/www.one.org\/de\/wp-content\/uploads\/sites\/3\/2023\/11\/FxYmCIGaEAMh7Vd-16x12.jpg 16w, https:\/\/www.one.org\/de\/wp-content\/uploads\/sites\/3\/2023\/11\/FxYmCIGaEAMh7Vd-320x240.jpg 320w, https:\/\/www.one.org\/de\/wp-content\/uploads\/sites\/3\/2023\/11\/FxYmCIGaEAMh7Vd-640x480.jpg 640w, https:\/\/www.one.org\/de\/wp-content\/uploads\/sites\/3\/2023\/11\/FxYmCIGaEAMh7Vd-800x600.jpg 800w, https:\/\/www.one.org\/de\/wp-content\/uploads\/sites\/3\/2023\/11\/FxYmCIGaEAMh7Vd-1600x1200.jpg 1600w, https:\/\/www.one.org\/de\/wp-content\/uploads\/sites\/3\/2023\/11\/FxYmCIGaEAMh7Vd-840x630.jpg 840w, https:\/\/www.one.org\/de\/wp-content\/uploads\/sites\/3\/2023\/11\/FxYmCIGaEAMh7Vd.jpg 2048w\" sizes=\"auto, (max-width: 1024px) 100vw, 1024px\" \/><figcaption class=\"wp-element-caption\">ONE-Jugendbotschafter*innen Alicia und Hendrik bei der \u00dcbergabe der unterschriebenen Postkarten im Wahlkreis-B\u00fcro von Christian Lindner.<\/figcaption><\/figure>\n<\/div>\n<\/div>\n\n\n\n<h2 class=\"wp-block-heading\" id=\"h-am-one-stand-beim-karneval-der-kulturen-in-berlin\">Am ONE-Stand beim Karneval der Kulturen in Berlin<\/h2>\n\n\n\n<p>Die Stimmung beim Karneval der Kulturen war super! Wir konnten vielen interessierten Menschen von der Arbeit von ONE erz\u00e4hlen und sie als Unterst\u00fctzer*innen f\u00fcr unsere Petition zur feministischen Entwicklungszusammenarbeit gewinnen. Besonders viel Spa\u00df hatten wir und unsere Besucher*innen beim T-Shirt-Bedrucken. Neben einigen gef\u00e4rbten H\u00e4nden haben wir tolle T-Shirts produziert, sodass unsere Botschaften \u201eSolidarit\u00e4t\u201c und \u201eFeminismus Global\u201c in die Welt getragen werden.&nbsp;<\/p>\n\n\n\n<p><em>Geschrieben von Ada<\/em>.<\/p>\n\n\n\n<div class=\"wp-block-columns is-layout-flex wp-container-core-columns-is-layout-28f84493 wp-block-columns-is-layout-flex\">\n<div class=\"wp-block-column is-layout-flow wp-block-column-is-layout-flow\">\n<figure class=\"wp-block-image size-large\"><img loading=\"lazy\" decoding=\"async\" width=\"1024\" height=\"768\" src=\"https:\/\/www.one.org\/de\/wp-content\/uploads\/sites\/3\/2023\/11\/1411e2f4c6fa36282b6d8f2b83fa86da5b7439d9b26f3a391734848cf66f47f0-1024x768.jpg\" alt=\"\" class=\"wp-image-170328\" srcset=\"https:\/\/www.one.org\/de\/wp-content\/uploads\/sites\/3\/2023\/11\/1411e2f4c6fa36282b6d8f2b83fa86da5b7439d9b26f3a391734848cf66f47f0-1024x768.jpg 1024w, https:\/\/www.one.org\/de\/wp-content\/uploads\/sites\/3\/2023\/11\/1411e2f4c6fa36282b6d8f2b83fa86da5b7439d9b26f3a391734848cf66f47f0-300x225.jpg 300w, https:\/\/www.one.org\/de\/wp-content\/uploads\/sites\/3\/2023\/11\/1411e2f4c6fa36282b6d8f2b83fa86da5b7439d9b26f3a391734848cf66f47f0-768x576.jpg 768w, https:\/\/www.one.org\/de\/wp-content\/uploads\/sites\/3\/2023\/11\/1411e2f4c6fa36282b6d8f2b83fa86da5b7439d9b26f3a391734848cf66f47f0-1536x1152.jpg 1536w, https:\/\/www.one.org\/de\/wp-content\/uploads\/sites\/3\/2023\/11\/1411e2f4c6fa36282b6d8f2b83fa86da5b7439d9b26f3a391734848cf66f47f0-16x12.jpg 16w, https:\/\/www.one.org\/de\/wp-content\/uploads\/sites\/3\/2023\/11\/1411e2f4c6fa36282b6d8f2b83fa86da5b7439d9b26f3a391734848cf66f47f0-320x240.jpg 320w, https:\/\/www.one.org\/de\/wp-content\/uploads\/sites\/3\/2023\/11\/1411e2f4c6fa36282b6d8f2b83fa86da5b7439d9b26f3a391734848cf66f47f0-640x480.jpg 640w, https:\/\/www.one.org\/de\/wp-content\/uploads\/sites\/3\/2023\/11\/1411e2f4c6fa36282b6d8f2b83fa86da5b7439d9b26f3a391734848cf66f47f0-800x600.jpg 800w, https:\/\/www.one.org\/de\/wp-content\/uploads\/sites\/3\/2023\/11\/1411e2f4c6fa36282b6d8f2b83fa86da5b7439d9b26f3a391734848cf66f47f0-840x630.jpg 840w, https:\/\/www.one.org\/de\/wp-content\/uploads\/sites\/3\/2023\/11\/1411e2f4c6fa36282b6d8f2b83fa86da5b7439d9b26f3a391734848cf66f47f0.jpg 1600w\" sizes=\"auto, (max-width: 1024px) 100vw, 1024px\" \/><figcaption class=\"wp-element-caption\">ONE-Jugendbotschafterin Ada beim Bedrucken der T-Shirts auf dem Karneval der Kulturen.<\/figcaption><\/figure>\n<\/div>\n\n\n\n<div class=\"wp-block-column is-layout-flow wp-block-column-is-layout-flow\">\n<figure class=\"wp-block-image size-large\"><img loading=\"lazy\" decoding=\"async\" width=\"1024\" height=\"768\" src=\"https:\/\/www.one.org\/de\/wp-content\/uploads\/sites\/3\/2023\/11\/0665fc933d78e72a1f525ecdf4499598ccd4035f07de4ccac0d7896e4b4877af-1-1024x768.jpg\" alt=\"\" class=\"wp-image-170329\" srcset=\"https:\/\/www.one.org\/de\/wp-content\/uploads\/sites\/3\/2023\/11\/0665fc933d78e72a1f525ecdf4499598ccd4035f07de4ccac0d7896e4b4877af-1-1024x768.jpg 1024w, https:\/\/www.one.org\/de\/wp-content\/uploads\/sites\/3\/2023\/11\/0665fc933d78e72a1f525ecdf4499598ccd4035f07de4ccac0d7896e4b4877af-1-300x225.jpg 300w, https:\/\/www.one.org\/de\/wp-content\/uploads\/sites\/3\/2023\/11\/0665fc933d78e72a1f525ecdf4499598ccd4035f07de4ccac0d7896e4b4877af-1-768x576.jpg 768w, https:\/\/www.one.org\/de\/wp-content\/uploads\/sites\/3\/2023\/11\/0665fc933d78e72a1f525ecdf4499598ccd4035f07de4ccac0d7896e4b4877af-1-1536x1152.jpg 1536w, https:\/\/www.one.org\/de\/wp-content\/uploads\/sites\/3\/2023\/11\/0665fc933d78e72a1f525ecdf4499598ccd4035f07de4ccac0d7896e4b4877af-1-16x12.jpg 16w, https:\/\/www.one.org\/de\/wp-content\/uploads\/sites\/3\/2023\/11\/0665fc933d78e72a1f525ecdf4499598ccd4035f07de4ccac0d7896e4b4877af-1-320x240.jpg 320w, https:\/\/www.one.org\/de\/wp-content\/uploads\/sites\/3\/2023\/11\/0665fc933d78e72a1f525ecdf4499598ccd4035f07de4ccac0d7896e4b4877af-1-640x480.jpg 640w, https:\/\/www.one.org\/de\/wp-content\/uploads\/sites\/3\/2023\/11\/0665fc933d78e72a1f525ecdf4499598ccd4035f07de4ccac0d7896e4b4877af-1-800x600.jpg 800w, https:\/\/www.one.org\/de\/wp-content\/uploads\/sites\/3\/2023\/11\/0665fc933d78e72a1f525ecdf4499598ccd4035f07de4ccac0d7896e4b4877af-1-840x630.jpg 840w, https:\/\/www.one.org\/de\/wp-content\/uploads\/sites\/3\/2023\/11\/0665fc933d78e72a1f525ecdf4499598ccd4035f07de4ccac0d7896e4b4877af-1-rotated.jpg 1600w\" sizes=\"auto, (max-width: 1024px) 100vw, 1024px\" \/><\/figure>\n<\/div>\n<\/div>\n\n\n\n<h2 class=\"wp-block-heading\" id=\"h-aktivismus-im-regen-beim-globalen-finanzgipfel-in-paris\">Aktivismus im Regen beim globalen Finanzgipfel in Paris<\/h2>\n\n\n\n<p>Am 22. &amp; 23. Juni 2023 fand in Paris erstmals der Summit for a New Global Financial Pact statt \u2013 ein internationales Gipfeltreffen initiiert vom franz\u00f6sischen Pr\u00e4sidenten Emmanuel Macron und Mia Mottley, der Premierministerin von Barbados. Anlass f\u00fcr den Gipfel ist die Reformbed\u00fcrftigkeit der Weltbank, die mit ihrem neuen Chef Ajay Banga endlich darauf hoffen darf, reformiert zu werden. Denn seitdem die Weltbank 1945 gegr\u00fcndet wurde, haben sich die globalen Krisen ver\u00e4ndert und insbesondere mit Blick auf das Klima auch radikal versch\u00e4rft. Daher gilt es nun daf\u00fcr zu sorgen, dass die dringend ben\u00f6tigten Gelder endlich bereitgestellt und die Krisen effektiv bek\u00e4mpft werden k\u00f6nnen. Denn w\u00fcrde die Weltbank erfolgreich reformiert werden, <a href=\"https:\/\/data.one.org\/data-dives\/unlocking-a-trillion-dollars-for-development\/\">w\u00e4re es m\u00f6glich bis zu eine Billion US-Dollar f\u00fcr Entwicklung bereitzustellen.<\/a> Um die franz\u00f6sischen ONE-Aktivist*innen zu unterst\u00fctzen, fuhren auch Carla und ich (Hendrik) f\u00fcr zwei N\u00e4chte nach Paris. W\u00e4hrend sich eine kleine Gruppe von franz\u00f6sischen ONE-Jugendbotschafter*innen mit Pr\u00e4sident Macron traf und ihm unsere Forderungen \u00fcberreichte, organisierten wir eine gro\u00dfe PR-Aktion am ber\u00fchmten Place de la R\u00e9publique und machten dort auf unsere Forderungen aufmerksam. Au\u00dferdem verteilten wir mit den anderen Jugendbotschafter*innen Flyer und kamen mit Passant*innen ins Gespr\u00e4ch.<\/p>\n\n\n\n<p>Nach einer kurzen Verschnaufpause im ONE-B\u00fcro ging es direkt weiter &#8211; dieses Mal auf dem Champ de Mars, einer gro\u00dfen Gr\u00fcnfl\u00e4che direkt vor dem Eiffelturm. Dort wurde n\u00e4mlich ein Konzert von Global Citizen veranstaltet, bei dem Stars wie Billie Eilish, Lenny Kravitz und Jack Harlow auftraten und sich f\u00fcr globale Gerechtigkeit einsetzten. Begleitet wurde das abwechslungsreiche B\u00fchnenprogramm mit Redebeitr\u00e4gen von Staatspr\u00e4sidenten wie Lula da Silva (Brasilien), Mia Mottley (Barbados) und William Ruto (Kenia), aber auch von bekannten Aktivist*innen aus der Zivilgesellschaft sowie vom neuen Weltbankchef Ajay Banga. Sichtbar gekleidet als ONE-Aktivist*innen zeigten Carla und ich Pr\u00e4senz f\u00fcr ONE, erkl\u00e4rten am ONE-Infostand unsere Forderungen, verteilten Informationsmaterial und sammelten viele Unterschriften.<\/p>\n\n\n\n<p><em>Geschrieben von Hendrik<\/em>.<\/p>\n\n\n\n<figure class=\"wp-block-image size-large\"><img loading=\"lazy\" decoding=\"async\" width=\"1024\" height=\"683\" src=\"https:\/\/www.one.org\/de\/wp-content\/uploads\/sites\/3\/2023\/11\/22062023-DSCF1279.NB_-1024x683.jpg\" alt=\"\" class=\"wp-image-170332\" srcset=\"https:\/\/www.one.org\/de\/wp-content\/uploads\/sites\/3\/2023\/11\/22062023-DSCF1279.NB_-1024x683.jpg 1024w, https:\/\/www.one.org\/de\/wp-content\/uploads\/sites\/3\/2023\/11\/22062023-DSCF1279.NB_-300x200.jpg 300w, https:\/\/www.one.org\/de\/wp-content\/uploads\/sites\/3\/2023\/11\/22062023-DSCF1279.NB_-768x512.jpg 768w, https:\/\/www.one.org\/de\/wp-content\/uploads\/sites\/3\/2023\/11\/22062023-DSCF1279.NB_-1536x1024.jpg 1536w, https:\/\/www.one.org\/de\/wp-content\/uploads\/sites\/3\/2023\/11\/22062023-DSCF1279.NB_-2048x1365.jpg 2048w, https:\/\/www.one.org\/de\/wp-content\/uploads\/sites\/3\/2023\/11\/22062023-DSCF1279.NB_-16x11.jpg 16w, https:\/\/www.one.org\/de\/wp-content\/uploads\/sites\/3\/2023\/11\/22062023-DSCF1279.NB_-320x213.jpg 320w, https:\/\/www.one.org\/de\/wp-content\/uploads\/sites\/3\/2023\/11\/22062023-DSCF1279.NB_-640x427.jpg 640w, https:\/\/www.one.org\/de\/wp-content\/uploads\/sites\/3\/2023\/11\/22062023-DSCF1279.NB_-800x533.jpg 800w, https:\/\/www.one.org\/de\/wp-content\/uploads\/sites\/3\/2023\/11\/22062023-DSCF1279.NB_-1600x1067.jpg 1600w, https:\/\/www.one.org\/de\/wp-content\/uploads\/sites\/3\/2023\/11\/22062023-DSCF1279.NB_-945x630.jpg 945w\" sizes=\"auto, (max-width: 1024px) 100vw, 1024px\" \/><figcaption class=\"wp-element-caption\">ONE-Jugendbotschafter*innen Carla und Hendrik demonstrieren gemeinsam mit den ONE-Jugendbotschafter*innen aus Frankreich auf dem globalen Finanzgipfel in Paris.<\/figcaption><\/figure>\n\n\n\n<h2 class=\"wp-block-heading\" id=\"h-nicht-nur-heisse-luft-bei-der-week-of-action-in-berlin\">Nicht nur hei\u00dfe Luft bei der Week of Action in Berlin<\/h2>\n\n\n\n<p>Am 1. Juli haben wir Olaf Scholz und Christian Lindner einmal aufsteigen lassen. Wortw\u00f6rtlich. Bei einer Ballonaktion vor dem Bundestag haben wir die beiden Politiker als Hei\u00dfluftballons in der Luft schweben lassen, um sie an die Versprechen des Koalitionsvertrags zu erinnern. Mit dem Slogan \u201cEs gibt noch viel #LuftNachOben\u201d haben wir&nbsp;darauf aufmerksam gemacht, dass Versprechen, die einst gemacht wurden, nicht nur hei\u00dfe Luft sein d\u00fcrfen! Denn: Die SPD, Die Gr\u00fcnen und die FDP haben im Koalitionsvertrag bekr\u00e4ftigt, dass sie mindestens 0,7% der deutschen Wirtschaftskraft in die Entwicklungszusammenarbeit und die humanit\u00e4re Hilfe investieren. Das wollen wir im Bundeshaushalt 2024 auch sehen. Es ist noch viel #LuftNachOben und es sollte so schnell wie m\u00f6glich gehandelt werden.&nbsp;<\/p>\n\n\n\n<p><em>Geschrieben von Roberta<\/em>.<\/p>\n\n\n\n<figure class=\"wp-block-image size-large is-resized\"><img loading=\"lazy\" decoding=\"async\" width=\"1024\" height=\"536\" src=\"https:\/\/www.one.org\/de\/wp-content\/uploads\/sites\/3\/2023\/11\/Copy-of-Blog-Image-1200x628-1-2-1024x536.jpg\" alt=\"\" class=\"wp-image-170343\" style=\"aspect-ratio:1.9104477611940298;width:1061px;height:auto\" srcset=\"https:\/\/www.one.org\/de\/wp-content\/uploads\/sites\/3\/2023\/11\/Copy-of-Blog-Image-1200x628-1-2-1024x536.jpg 1024w, https:\/\/www.one.org\/de\/wp-content\/uploads\/sites\/3\/2023\/11\/Copy-of-Blog-Image-1200x628-1-2-300x157.jpg 300w, https:\/\/www.one.org\/de\/wp-content\/uploads\/sites\/3\/2023\/11\/Copy-of-Blog-Image-1200x628-1-2-768x402.jpg 768w, https:\/\/www.one.org\/de\/wp-content\/uploads\/sites\/3\/2023\/11\/Copy-of-Blog-Image-1200x628-1-2-16x8.jpg 16w, https:\/\/www.one.org\/de\/wp-content\/uploads\/sites\/3\/2023\/11\/Copy-of-Blog-Image-1200x628-1-2-320x167.jpg 320w, https:\/\/www.one.org\/de\/wp-content\/uploads\/sites\/3\/2023\/11\/Copy-of-Blog-Image-1200x628-1-2-640x335.jpg 640w, https:\/\/www.one.org\/de\/wp-content\/uploads\/sites\/3\/2023\/11\/Copy-of-Blog-Image-1200x628-1-2-800x419.jpg 800w, https:\/\/www.one.org\/de\/wp-content\/uploads\/sites\/3\/2023\/11\/Copy-of-Blog-Image-1200x628-1-2.jpg 1200w\" sizes=\"auto, (max-width: 1024px) 100vw, 1024px\" \/><figcaption class=\"wp-element-caption\">ONE-Jugendbotschafterin Maxi unterst\u00fctzt unsere Aktion vor dem Reichstag. Gemeinsam fordern wir von der Bundesregierung, dass das 0,7%-Ziel in der Finanzierung der Entwicklungszusammenarbeit eingehalten wird.<\/figcaption><\/figure>\n\n\n\n<h2 class=\"wp-block-heading\" id=\"h-feministische-entwicklungspolitik-geht-uns-alle-an-junge-menschen-auf-dem-podium-mit-der-ministerin\">Feministische Entwicklungspolitik geht uns alle an: Junge Menschen auf dem Podium mit der Ministerin<\/h2>\n\n\n\n<p>Ein Team interessierter Jugendbotschafter*innen tat sich zusammen, um eine Podiumsdiskussion \u00fcber Feministische Entwicklungspolitik zu organisieren. Der Hintergrundgedanke war eine Diskussion auf Augenh\u00f6he, um alle abzuholen. Vor allem junge Menschen sollten hier die M\u00f6glichkeit bekommen, ihre Fragen zu stellen und Sorgen zu \u00e4u\u00dfern. Denn das Thema umfasst sehr viel Wissen und wird oft mit verschiedenen Meinungen betrachtet. Zusammen mit Gyde Jensen (FDP), Deborah D\u00fcring (B\u00fcndnis 90\/ Die Gr\u00fcnen) und Bundesministerin f\u00fcr wirtschaftliche Zusammenarbeit und Entwicklung, Svenja Schulze (SPD), fand eine sehr spannende und facettenreiche Diskussion statt. Allen Teilnehmenden war es m\u00f6glich, eigene Fragen zu stellen und sich mit den Politikerinnen \u00fcber verschiedene Aspekte in der Feministischen Entwicklungspolitik auszutauschen.&nbsp;<\/p>\n\n\n\n<p><em>Geschrieben von Roberta<\/em>.<\/p>\n\n\n\n<div class=\"wp-block-columns is-layout-flex wp-container-core-columns-is-layout-28f84493 wp-block-columns-is-layout-flex\">\n<div class=\"wp-block-column is-layout-flow wp-block-column-is-layout-flow\">\n<figure class=\"wp-block-image size-large is-resized\"><img loading=\"lazy\" decoding=\"async\" width=\"1024\" height=\"683\" src=\"https:\/\/www.one.org\/de\/wp-content\/uploads\/sites\/3\/2023\/11\/urban20230707-01-062-1024x683.jpg\" alt=\"\" class=\"wp-image-170335\" style=\"aspect-ratio:1.499267935578331;width:339px;height:auto\" srcset=\"https:\/\/www.one.org\/de\/wp-content\/uploads\/sites\/3\/2023\/11\/urban20230707-01-062-1024x683.jpg 1024w, https:\/\/www.one.org\/de\/wp-content\/uploads\/sites\/3\/2023\/11\/urban20230707-01-062-300x200.jpg 300w, https:\/\/www.one.org\/de\/wp-content\/uploads\/sites\/3\/2023\/11\/urban20230707-01-062-768x512.jpg 768w, https:\/\/www.one.org\/de\/wp-content\/uploads\/sites\/3\/2023\/11\/urban20230707-01-062-1536x1024.jpg 1536w, https:\/\/www.one.org\/de\/wp-content\/uploads\/sites\/3\/2023\/11\/urban20230707-01-062-2048x1365.jpg 2048w, https:\/\/www.one.org\/de\/wp-content\/uploads\/sites\/3\/2023\/11\/urban20230707-01-062-16x11.jpg 16w, https:\/\/www.one.org\/de\/wp-content\/uploads\/sites\/3\/2023\/11\/urban20230707-01-062-320x213.jpg 320w, https:\/\/www.one.org\/de\/wp-content\/uploads\/sites\/3\/2023\/11\/urban20230707-01-062-640x427.jpg 640w, https:\/\/www.one.org\/de\/wp-content\/uploads\/sites\/3\/2023\/11\/urban20230707-01-062-800x533.jpg 800w, https:\/\/www.one.org\/de\/wp-content\/uploads\/sites\/3\/2023\/11\/urban20230707-01-062-1600x1067.jpg 1600w, https:\/\/www.one.org\/de\/wp-content\/uploads\/sites\/3\/2023\/11\/urban20230707-01-062-945x630.jpg 945w\" sizes=\"auto, (max-width: 1024px) 100vw, 1024px\" \/><figcaption class=\"wp-element-caption\">Junge Menschen diskutieren mit Vertreterinnen der Ampel-Koalition feministische Entwicklungspolitik.<\/figcaption><\/figure>\n<\/div>\n\n\n\n<div class=\"wp-block-column is-layout-flow wp-block-column-is-layout-flow\">\n<figure class=\"wp-block-image size-large\"><img loading=\"lazy\" decoding=\"async\" width=\"1024\" height=\"683\" src=\"https:\/\/www.one.org\/de\/wp-content\/uploads\/sites\/3\/2023\/11\/urban20230707-01-067-1024x683.jpg\" alt=\"\" class=\"wp-image-170336\" srcset=\"https:\/\/www.one.org\/de\/wp-content\/uploads\/sites\/3\/2023\/11\/urban20230707-01-067-1024x683.jpg 1024w, https:\/\/www.one.org\/de\/wp-content\/uploads\/sites\/3\/2023\/11\/urban20230707-01-067-300x200.jpg 300w, https:\/\/www.one.org\/de\/wp-content\/uploads\/sites\/3\/2023\/11\/urban20230707-01-067-768x512.jpg 768w, https:\/\/www.one.org\/de\/wp-content\/uploads\/sites\/3\/2023\/11\/urban20230707-01-067-1536x1024.jpg 1536w, https:\/\/www.one.org\/de\/wp-content\/uploads\/sites\/3\/2023\/11\/urban20230707-01-067-2048x1365.jpg 2048w, https:\/\/www.one.org\/de\/wp-content\/uploads\/sites\/3\/2023\/11\/urban20230707-01-067-16x11.jpg 16w, https:\/\/www.one.org\/de\/wp-content\/uploads\/sites\/3\/2023\/11\/urban20230707-01-067-320x213.jpg 320w, https:\/\/www.one.org\/de\/wp-content\/uploads\/sites\/3\/2023\/11\/urban20230707-01-067-640x427.jpg 640w, https:\/\/www.one.org\/de\/wp-content\/uploads\/sites\/3\/2023\/11\/urban20230707-01-067-800x533.jpg 800w, https:\/\/www.one.org\/de\/wp-content\/uploads\/sites\/3\/2023\/11\/urban20230707-01-067-1600x1067.jpg 1600w, https:\/\/www.one.org\/de\/wp-content\/uploads\/sites\/3\/2023\/11\/urban20230707-01-067-945x630.jpg 945w\" sizes=\"auto, (max-width: 1024px) 100vw, 1024px\" \/><\/figure>\n<\/div>\n\n\n\n<div class=\"wp-block-column is-layout-flow wp-block-column-is-layout-flow\">\n<figure class=\"wp-block-image size-large\"><img loading=\"lazy\" decoding=\"async\" width=\"1024\" height=\"683\" src=\"https:\/\/www.one.org\/de\/wp-content\/uploads\/sites\/3\/2023\/11\/urban20230707-01-113-1024x683.jpg\" alt=\"\" class=\"wp-image-170337\" srcset=\"https:\/\/www.one.org\/de\/wp-content\/uploads\/sites\/3\/2023\/11\/urban20230707-01-113-1024x683.jpg 1024w, https:\/\/www.one.org\/de\/wp-content\/uploads\/sites\/3\/2023\/11\/urban20230707-01-113-300x200.jpg 300w, https:\/\/www.one.org\/de\/wp-content\/uploads\/sites\/3\/2023\/11\/urban20230707-01-113-768x512.jpg 768w, https:\/\/www.one.org\/de\/wp-content\/uploads\/sites\/3\/2023\/11\/urban20230707-01-113-1536x1024.jpg 1536w, https:\/\/www.one.org\/de\/wp-content\/uploads\/sites\/3\/2023\/11\/urban20230707-01-113-2048x1365.jpg 2048w, https:\/\/www.one.org\/de\/wp-content\/uploads\/sites\/3\/2023\/11\/urban20230707-01-113-16x11.jpg 16w, https:\/\/www.one.org\/de\/wp-content\/uploads\/sites\/3\/2023\/11\/urban20230707-01-113-320x213.jpg 320w, https:\/\/www.one.org\/de\/wp-content\/uploads\/sites\/3\/2023\/11\/urban20230707-01-113-640x427.jpg 640w, https:\/\/www.one.org\/de\/wp-content\/uploads\/sites\/3\/2023\/11\/urban20230707-01-113-800x533.jpg 800w, https:\/\/www.one.org\/de\/wp-content\/uploads\/sites\/3\/2023\/11\/urban20230707-01-113-1600x1067.jpg 1600w, https:\/\/www.one.org\/de\/wp-content\/uploads\/sites\/3\/2023\/11\/urban20230707-01-113-945x630.jpg 945w\" sizes=\"auto, (max-width: 1024px) 100vw, 1024px\" \/><\/figure>\n<\/div>\n<\/div>\n\n\n\n<p><\/p>\n\n\n\n<h3 class=\"wp-block-heading\" id=\"h-du-bist-neugierig-geworden-was-die-one-jugendbotschafter-innen-noch-in-diesem-jahr-erlebt-haben-dann-schau-doch-mal-bei-dem-blogbeitrag-von-jugendbotschafterin-ada-uber-den-politikdialog-2023-vorbei-dort-kannst-du-nachlesen-wie-die-one-jugendbotschafter-innen-anfang-september-gesprach-mit-politiker-innen-in-berlin-gefuhrt-haben-um-sich-fur-eine-gerechte-entwicklungsfinanzierung-stark-zu-machen-oder-hast-du-lust-im-nachsten-jahr-selbst-one-jugendbotschafter-in-zu-werden-dann-bewirb-dich-jetzt-hier\"><em>Du bist neugierig geworden, was die ONE-Jugendbotschafter*innen noch in diesem Jahr erlebt haben? Dann schau doch mal bei dem <a href=\"https:\/\/www.one.org\/de\/neuigkeiten\/politikdialog-2023\/\">Blogbeitrag von Jugendbotschafterin Ada \u00fcber den Politikdialog 2023<\/a> vorbei. Dort kannst du nachlesen, wie die ONE-Jugendbotschafter*innen Anfang September Gespr\u00e4ch mit Politiker*innen in Berlin gef\u00fchrt haben, um sich f\u00fcr eine gerechte Entwicklungsfinanzierung stark zu machen. Oder hast du Lust, im n\u00e4chsten Jahr selbst ONE-Jugendbotschafter*in zu werden? Dann bewirb dich jetzt <a href=\"https:\/\/www.one.org\/de\/ueber-one\/jugendbotschafter-innen\/\">hier<\/a>.<\/em><\/h3>\n<div class=\"buffer\"><\/div>","protected":false},"excerpt":{"rendered":"<p>Die ONE-Jugendbotschafter*innen waren diesen Sommer in ganz Deutschland und dar\u00fcber hinaus unterwegs. Mit zahlreichen Aktionen haben sie sich f\u00fcr eine gerechtere Welt eingesetzt.<\/p>\n","protected":false},"author":39,"featured_media":170319,"comment_status":"closed","ping_status":"closed","sticky":false,"template":"","format":"standard","meta":{"_acf_changed":false,"_relevanssi_hide_post":"","_relevanssi_hide_content":"","_relevanssi_pin_for_all":"","_relevanssi_pin_keywords":"","_relevanssi_unpin_keywords":"","_relevanssi_related_keywords":"","_relevanssi_related_include_ids":"","_relevanssi_related_exclude_ids":"","_relevanssi_related_no_append":"","_relevanssi_related_not_related":"","_relevanssi_related_posts":"166990,167189,167756,167685,167687,167462","_relevanssi_noindex_reason":"","footnotes":""},"categories":[194,1],"tags":[54],"topic":[37,44,81,48],"contributor":[282,286,245],"one_content_audience":[],"one_content_type":[],"one_content_tone":[],"class_list":["post-170292","post","type-post","status-publish","format-standard","has-post-thumbnail","hentry","category-highlights","category-uncategorized","tag-jugendbotschafterinnen","topic-entwicklungszusammenarbeit","topic-madchen-und-frauen","topic-klimawandel","topic-one-unterstuetzer-innen-in-aktion","contributor-ada-spiess","contributor-hendrik-roehr","contributor-roberta-tartaglione"],"acf":[],"yoast_head":"<!-- This site is optimized with the Yoast SEO Premium plugin v27.1 (Yoast SEO v27.1.1) - https:\/\/yoast.com\/product\/yoast-seo-premium-wordpress\/ -->\n<title>Ein Sommer voller Aktivismus - ONE.org Deutschland<\/title>\n<meta name=\"description\" content=\"Ein Treffen mit Bundesentwicklungsministerin Svenja Schulze oder eine Demonstration in Paris. Ehrenamtliches Engagement bei ONE hat viele Seiten.\" \/>\n<meta name=\"robots\" content=\"index, follow, max-snippet:-1, max-image-preview:large, max-video-preview:-1\" \/>\n<link rel=\"canonical\" href=\"https:\/\/www.one.org\/de\/neuigkeiten\/jugendbotschafterinnen-sommer-aktivismus\/\" \/>\n<meta property=\"og:locale\" content=\"de_DE\" \/>\n<meta property=\"og:type\" content=\"article\" \/>\n<meta property=\"og:title\" content=\"Ein Sommer voller Aktivismus\" \/>\n<meta property=\"og:description\" content=\"Die ONE-Jugendbotschafter*innen waren diesen Sommer in ganz Deutschland und dar\u00fcber hinaus unterwegs. Mit zahlreichen Aktionen haben sie sich f\u00fcr eine gerechtere Welt eingesetzt.\" \/>\n<meta property=\"og:url\" content=\"https:\/\/www.one.org\/de\/neuigkeiten\/jugendbotschafterinnen-sommer-aktivismus\/\" \/>\n<meta property=\"og:site_name\" content=\"ONE.org Deutschland\" \/>\n<meta property=\"article:publisher\" content=\"https:\/\/www.facebook.com\/ONEinNederland\" \/>\n<meta property=\"article:published_time\" content=\"2023-11-27T15:46:06+00:00\" \/>\n<meta property=\"article:modified_time\" content=\"2023-12-18T09:14:38+00:00\" \/>\n<meta property=\"og:image\" content=\"https:\/\/cdn.one.org\/oneorg\/wp-content\/uploads\/sites\/3\/2023\/11\/27131028\/Copy-of-Blog-Image-1200x628-1.jpg\" \/>\n\t<meta property=\"og:image:width\" content=\"1200\" \/>\n\t<meta property=\"og:image:height\" content=\"628\" \/>\n\t<meta property=\"og:image:type\" content=\"image\/jpeg\" \/>\n<meta name=\"author\" content=\"Roberta Tartaglione\" \/>\n<meta name=\"twitter:card\" content=\"summary_large_image\" \/>\n<meta name=\"twitter:description\" content=\"Die ONE-Jugendbotschafter*innen waren diesen Sommer in ganz Deutschland und dar\u00fcber hinaus unterwegs. Mit zahlreichen Aktionen haben sie sich f\u00fcr eine gerechtere Welt eingesetzt.\" \/>\n<meta name=\"twitter:creator\" content=\"@ONENederland\" \/>\n<meta name=\"twitter:site\" content=\"@ONENederland\" \/>\n<meta name=\"twitter:label1\" content=\"Written by\" \/>\n\t<meta name=\"twitter:data1\" content=\"Roberta Tartaglione\" \/>\n\t<meta name=\"twitter:label2\" content=\"Est. reading time\" \/>\n\t<meta name=\"twitter:data2\" content=\"7 minutes\" \/>\n<script type=\"application\/ld+json\" class=\"yoast-schema-graph\">{\"@context\":\"https:\/\/schema.org\",\"@graph\":[{\"@type\":[\"Article\",\"BlogPosting\"],\"@id\":\"https:\/\/www.one.org\/de\/neuigkeiten\/jugendbotschafterinnen-sommer-aktivismus\/#article\",\"isPartOf\":{\"@id\":\"https:\/\/www.one.org\/de\/neuigkeiten\/jugendbotschafterinnen-sommer-aktivismus\/\"},\"author\":{\"name\":\"Roberta Tartaglione\",\"@id\":\"https:\/\/www.one.org\/de\/#\/schema\/person\/45b633c7aff31548d304d7b01b8a35ab\"},\"headline\":\"Ein Sommer voller Aktivismus\",\"datePublished\":\"2023-11-27T15:46:06+00:00\",\"dateModified\":\"2023-12-18T09:14:38+00:00\",\"mainEntityOfPage\":{\"@id\":\"https:\/\/www.one.org\/de\/neuigkeiten\/jugendbotschafterinnen-sommer-aktivismus\/\"},\"wordCount\":1082,\"image\":{\"@id\":\"https:\/\/www.one.org\/de\/neuigkeiten\/jugendbotschafterinnen-sommer-aktivismus\/#primaryimage\"},\"thumbnailUrl\":\"https:\/\/www.one.org\/de\/wp-content\/uploads\/sites\/3\/2023\/11\/Copy-of-Blog-Image-1200x628-1.jpg\",\"keywords\":[\"Jugendbotschafter*innen\"],\"articleSection\":[\"Highlights\"],\"inLanguage\":\"de-DE\"},{\"@type\":\"WebPage\",\"@id\":\"https:\/\/www.one.org\/de\/neuigkeiten\/jugendbotschafterinnen-sommer-aktivismus\/\",\"url\":\"https:\/\/www.one.org\/de\/neuigkeiten\/jugendbotschafterinnen-sommer-aktivismus\/\",\"name\":\"Ein Sommer voller Aktivismus - ONE.org Deutschland\",\"isPartOf\":{\"@id\":\"https:\/\/www.one.org\/de\/#website\"},\"primaryImageOfPage\":{\"@id\":\"https:\/\/www.one.org\/de\/neuigkeiten\/jugendbotschafterinnen-sommer-aktivismus\/#primaryimage\"},\"image\":{\"@id\":\"https:\/\/www.one.org\/de\/neuigkeiten\/jugendbotschafterinnen-sommer-aktivismus\/#primaryimage\"},\"thumbnailUrl\":\"https:\/\/www.one.org\/de\/wp-content\/uploads\/sites\/3\/2023\/11\/Copy-of-Blog-Image-1200x628-1.jpg\",\"datePublished\":\"2023-11-27T15:46:06+00:00\",\"dateModified\":\"2023-12-18T09:14:38+00:00\",\"author\":{\"@id\":\"https:\/\/www.one.org\/de\/#\/schema\/person\/45b633c7aff31548d304d7b01b8a35ab\"},\"description\":\"Ein Treffen mit Bundesentwicklungsministerin Svenja Schulze oder eine Demonstration in Paris. Ehrenamtliches Engagement bei ONE hat viele Seiten.\",\"breadcrumb\":{\"@id\":\"https:\/\/www.one.org\/de\/neuigkeiten\/jugendbotschafterinnen-sommer-aktivismus\/#breadcrumb\"},\"inLanguage\":\"de-DE\",\"potentialAction\":[{\"@type\":\"ReadAction\",\"target\":[\"https:\/\/www.one.org\/de\/neuigkeiten\/jugendbotschafterinnen-sommer-aktivismus\/\"]}]},{\"@type\":\"ImageObject\",\"inLanguage\":\"de-DE\",\"@id\":\"https:\/\/www.one.org\/de\/neuigkeiten\/jugendbotschafterinnen-sommer-aktivismus\/#primaryimage\",\"url\":\"https:\/\/www.one.org\/de\/wp-content\/uploads\/sites\/3\/2023\/11\/Copy-of-Blog-Image-1200x628-1.jpg\",\"contentUrl\":\"https:\/\/www.one.org\/de\/wp-content\/uploads\/sites\/3\/2023\/11\/Copy-of-Blog-Image-1200x628-1.jpg\",\"width\":1200,\"height\":628},{\"@type\":\"BreadcrumbList\",\"@id\":\"https:\/\/www.one.org\/de\/neuigkeiten\/jugendbotschafterinnen-sommer-aktivismus\/#breadcrumb\",\"itemListElement\":[{\"@type\":\"ListItem\",\"position\":1,\"name\":\"Home\",\"item\":\"https:\/\/www.one.org\/de\/\"},{\"@type\":\"ListItem\",\"position\":2,\"name\":\"Ein Sommer voller Aktivismus\"}]},{\"@type\":\"WebSite\",\"@id\":\"https:\/\/www.one.org\/de\/#website\",\"url\":\"https:\/\/www.one.org\/de\/\",\"name\":\"ONE.org\",\"description\":\"F\u00fcr mehr wirtschaftliche Chancen und ein starkes Gesundheitswesen in Afrika\",\"potentialAction\":[{\"@type\":\"SearchAction\",\"target\":{\"@type\":\"EntryPoint\",\"urlTemplate\":\"https:\/\/www.one.org\/de\/?s={search_term_string}\"},\"query-input\":{\"@type\":\"PropertyValueSpecification\",\"valueRequired\":true,\"valueName\":\"search_term_string\"}}],\"inLanguage\":\"de-DE\"},{\"@type\":\"Person\",\"@id\":\"https:\/\/www.one.org\/de\/#\/schema\/person\/45b633c7aff31548d304d7b01b8a35ab\",\"name\":\"Roberta Tartaglione\",\"image\":{\"@type\":\"ImageObject\",\"inLanguage\":\"de-DE\",\"@id\":\"https:\/\/www.one.org\/de\/#\/schema\/person\/image\/\",\"url\":\"https:\/\/secure.gravatar.com\/avatar\/6f17cd06d2fcb5b30f01309d88b0ca6b8f76b2e4b00d51389c0b5d3c35385d28?s=96&d=mm&r=g\",\"contentUrl\":\"https:\/\/secure.gravatar.com\/avatar\/6f17cd06d2fcb5b30f01309d88b0ca6b8f76b2e4b00d51389c0b5d3c35385d28?s=96&d=mm&r=g\",\"caption\":\"Roberta Tartaglione\"},\"url\":\"https:\/\/www.one.org\/de\/neuigkeiten\/author\/robertatartaglione\/\"}]}<\/script>\n<!-- \/ Yoast SEO Premium plugin. -->","yoast_head_json":{"title":"Ein Sommer voller Aktivismus - ONE.org Deutschland","description":"Ein Treffen mit Bundesentwicklungsministerin Svenja Schulze oder eine Demonstration in Paris. Ehrenamtliches Engagement bei ONE hat viele Seiten.","robots":{"index":"index","follow":"follow","max-snippet":"max-snippet:-1","max-image-preview":"max-image-preview:large","max-video-preview":"max-video-preview:-1"},"canonical":"https:\/\/www.one.org\/de\/neuigkeiten\/jugendbotschafterinnen-sommer-aktivismus\/","og_locale":"de_DE","og_type":"article","og_title":"Ein Sommer voller Aktivismus","og_description":"Die ONE-Jugendbotschafter*innen waren diesen Sommer in ganz Deutschland und dar\u00fcber hinaus unterwegs. Mit zahlreichen Aktionen haben sie sich f\u00fcr eine gerechtere Welt eingesetzt.","og_url":"https:\/\/www.one.org\/de\/neuigkeiten\/jugendbotschafterinnen-sommer-aktivismus\/","og_site_name":"ONE.org Deutschland","article_publisher":"https:\/\/www.facebook.com\/ONEinNederland","article_published_time":"2023-11-27T15:46:06+00:00","article_modified_time":"2023-12-18T09:14:38+00:00","og_image":[{"width":1200,"height":628,"url":"https:\/\/cdn.one.org\/oneorg\/wp-content\/uploads\/sites\/3\/2023\/11\/27131028\/Copy-of-Blog-Image-1200x628-1.jpg","type":"image\/jpeg"}],"author":"Roberta Tartaglione","twitter_card":"summary_large_image","twitter_description":"Die ONE-Jugendbotschafter*innen waren diesen Sommer in ganz Deutschland und dar\u00fcber hinaus unterwegs. Mit zahlreichen Aktionen haben sie sich f\u00fcr eine gerechtere Welt eingesetzt.","twitter_creator":"@ONENederland","twitter_site":"@ONENederland","twitter_misc":{"Written by":"Roberta Tartaglione","Est. reading time":"7 minutes"},"schema":{"@context":"https:\/\/schema.org","@graph":[{"@type":["Article","BlogPosting"],"@id":"https:\/\/www.one.org\/de\/neuigkeiten\/jugendbotschafterinnen-sommer-aktivismus\/#article","isPartOf":{"@id":"https:\/\/www.one.org\/de\/neuigkeiten\/jugendbotschafterinnen-sommer-aktivismus\/"},"author":{"name":"Roberta Tartaglione","@id":"https:\/\/www.one.org\/de\/#\/schema\/person\/45b633c7aff31548d304d7b01b8a35ab"},"headline":"Ein Sommer voller Aktivismus","datePublished":"2023-11-27T15:46:06+00:00","dateModified":"2023-12-18T09:14:38+00:00","mainEntityOfPage":{"@id":"https:\/\/www.one.org\/de\/neuigkeiten\/jugendbotschafterinnen-sommer-aktivismus\/"},"wordCount":1082,"image":{"@id":"https:\/\/www.one.org\/de\/neuigkeiten\/jugendbotschafterinnen-sommer-aktivismus\/#primaryimage"},"thumbnailUrl":"https:\/\/www.one.org\/de\/wp-content\/uploads\/sites\/3\/2023\/11\/Copy-of-Blog-Image-1200x628-1.jpg","keywords":["Jugendbotschafter*innen"],"articleSection":["Highlights"],"inLanguage":"de-DE"},{"@type":"WebPage","@id":"https:\/\/www.one.org\/de\/neuigkeiten\/jugendbotschafterinnen-sommer-aktivismus\/","url":"https:\/\/www.one.org\/de\/neuigkeiten\/jugendbotschafterinnen-sommer-aktivismus\/","name":"Ein Sommer voller Aktivismus - ONE.org Deutschland","isPartOf":{"@id":"https:\/\/www.one.org\/de\/#website"},"primaryImageOfPage":{"@id":"https:\/\/www.one.org\/de\/neuigkeiten\/jugendbotschafterinnen-sommer-aktivismus\/#primaryimage"},"image":{"@id":"https:\/\/www.one.org\/de\/neuigkeiten\/jugendbotschafterinnen-sommer-aktivismus\/#primaryimage"},"thumbnailUrl":"https:\/\/www.one.org\/de\/wp-content\/uploads\/sites\/3\/2023\/11\/Copy-of-Blog-Image-1200x628-1.jpg","datePublished":"2023-11-27T15:46:06+00:00","dateModified":"2023-12-18T09:14:38+00:00","author":{"@id":"https:\/\/www.one.org\/de\/#\/schema\/person\/45b633c7aff31548d304d7b01b8a35ab"},"description":"Ein Treffen mit Bundesentwicklungsministerin Svenja Schulze oder eine Demonstration in Paris. Ehrenamtliches Engagement bei ONE hat viele Seiten.","breadcrumb":{"@id":"https:\/\/www.one.org\/de\/neuigkeiten\/jugendbotschafterinnen-sommer-aktivismus\/#breadcrumb"},"inLanguage":"de-DE","potentialAction":[{"@type":"ReadAction","target":["https:\/\/www.one.org\/de\/neuigkeiten\/jugendbotschafterinnen-sommer-aktivismus\/"]}]},{"@type":"ImageObject","inLanguage":"de-DE","@id":"https:\/\/www.one.org\/de\/neuigkeiten\/jugendbotschafterinnen-sommer-aktivismus\/#primaryimage","url":"https:\/\/www.one.org\/de\/wp-content\/uploads\/sites\/3\/2023\/11\/Copy-of-Blog-Image-1200x628-1.jpg","contentUrl":"https:\/\/www.one.org\/de\/wp-content\/uploads\/sites\/3\/2023\/11\/Copy-of-Blog-Image-1200x628-1.jpg","width":1200,"height":628},{"@type":"BreadcrumbList","@id":"https:\/\/www.one.org\/de\/neuigkeiten\/jugendbotschafterinnen-sommer-aktivismus\/#breadcrumb","itemListElement":[{"@type":"ListItem","position":1,"name":"Home","item":"https:\/\/www.one.org\/de\/"},{"@type":"ListItem","position":2,"name":"Ein Sommer voller Aktivismus"}]},{"@type":"WebSite","@id":"https:\/\/www.one.org\/de\/#website","url":"https:\/\/www.one.org\/de\/","name":"ONE.org","description":"F\u00fcr mehr wirtschaftliche Chancen und ein starkes Gesundheitswesen in Afrika","potentialAction":[{"@type":"SearchAction","target":{"@type":"EntryPoint","urlTemplate":"https:\/\/www.one.org\/de\/?s={search_term_string}"},"query-input":{"@type":"PropertyValueSpecification","valueRequired":true,"valueName":"search_term_string"}}],"inLanguage":"de-DE"},{"@type":"Person","@id":"https:\/\/www.one.org\/de\/#\/schema\/person\/45b633c7aff31548d304d7b01b8a35ab","name":"Roberta Tartaglione","image":{"@type":"ImageObject","inLanguage":"de-DE","@id":"https:\/\/www.one.org\/de\/#\/schema\/person\/image\/","url":"https:\/\/secure.gravatar.com\/avatar\/6f17cd06d2fcb5b30f01309d88b0ca6b8f76b2e4b00d51389c0b5d3c35385d28?s=96&d=mm&r=g","contentUrl":"https:\/\/secure.gravatar.com\/avatar\/6f17cd06d2fcb5b30f01309d88b0ca6b8f76b2e4b00d51389c0b5d3c35385d28?s=96&d=mm&r=g","caption":"Roberta Tartaglione"},"url":"https:\/\/www.one.org\/de\/neuigkeiten\/author\/robertatartaglione\/"}]}},"distributor_meta":false,"distributor_terms":false,"distributor_media":false,"distributor_original_site_name":"ONE.org Deutschland","distributor_original_site_url":"https:\/\/www.one.org\/de","push-errors":false,"_links":{"self":[{"href":"https:\/\/www.one.org\/de\/wp-json\/wp\/v2\/posts\/170292","targetHints":{"allow":["GET"]}}],"collection":[{"href":"https:\/\/www.one.org\/de\/wp-json\/wp\/v2\/posts"}],"about":[{"href":"https:\/\/www.one.org\/de\/wp-json\/wp\/v2\/types\/post"}],"author":[{"embeddable":true,"href":"https:\/\/www.one.org\/de\/wp-json\/wp\/v2\/users\/39"}],"replies":[{"embeddable":true,"href":"https:\/\/www.one.org\/de\/wp-json\/wp\/v2\/comments?post=170292"}],"version-history":[{"count":0,"href":"https:\/\/www.one.org\/de\/wp-json\/wp\/v2\/posts\/170292\/revisions"}],"wp:featuredmedia":[{"embeddable":true,"href":"https:\/\/www.one.org\/de\/wp-json\/wp\/v2\/media\/170319"}],"wp:attachment":[{"href":"https:\/\/www.one.org\/de\/wp-json\/wp\/v2\/media?parent=170292"}],"wp:term":[{"taxonomy":"category","embeddable":true,"href":"https:\/\/www.one.org\/de\/wp-json\/wp\/v2\/categories?post=170292"},{"taxonomy":"post_tag","embeddable":true,"href":"https:\/\/www.one.org\/de\/wp-json\/wp\/v2\/tags?post=170292"},{"taxonomy":"topic","embeddable":true,"href":"https:\/\/www.one.org\/de\/wp-json\/wp\/v2\/topic?post=170292"},{"taxonomy":"contributor","embeddable":true,"href":"https:\/\/www.one.org\/de\/wp-json\/wp\/v2\/contributor?post=170292"},{"taxonomy":"one_content_audience","embeddable":true,"href":"https:\/\/www.one.org\/de\/wp-json\/wp\/v2\/one_content_audience?post=170292"},{"taxonomy":"one_content_type","embeddable":true,"href":"https:\/\/www.one.org\/de\/wp-json\/wp\/v2\/one_content_type?post=170292"},{"taxonomy":"one_content_tone","embeddable":true,"href":"https:\/\/www.one.org\/de\/wp-json\/wp\/v2\/one_content_tone?post=170292"}],"curies":[{"name":"wp","href":"https:\/\/api.w.org\/{rel}","templated":true}]}}