{"id":170191,"date":"2023-11-14T18:08:13","date_gmt":"2023-11-14T18:08:13","guid":{"rendered":"https:\/\/www.one.org\/de\/?p=170191"},"modified":"2023-11-15T14:06:24","modified_gmt":"2023-11-15T14:06:24","slug":"klimagipfel-abc","status":"publish","type":"post","link":"https:\/\/www.one.org\/de\/neuigkeiten\/klimagipfel-abc\/","title":{"rendered":"Das ABC der Klimagipfel"},"content":{"rendered":"\n<p><\/p>\n\n\n\n<h2 class=\"wp-block-heading\" id=\"h-in-einer-welt-die-tagtaglich-mit-den-folgen-des-klimawandels-kampft-sind-klimagipfel-von-entscheidender-bedeutung-politiker-innen-wissenschaftler-innen-und-umweltschutzer-innen-aus-aller-welt-kommen-zusammen-um-gemeinsam-losungswege-aus-der-klimakrise-zu-erarbeiten-neben-der-bekannten-cop-gibt-es-weitere-bedeutende-klimakonferenzen-wie-den-africa-climate-summit-den-arctic-circle-und-das-c40-es-folgt-ein-abc-der-wichtigsten-klimagipfel-und-ihrer-rolle-im-kampf-gegen-den-klimawandel\">In einer Welt, die tagt\u00e4glich mit den Folgen des Klimawandels k\u00e4mpft, sind Klimagipfel von entscheidender Bedeutung. Politiker*innen, Wissenschaftler*innen und Umweltsch\u00fctzer*innen aus aller Welt kommen zusammen, um gemeinsam L\u00f6sungswege aus der Klimakrise zu erarbeiten. Neben der bekannten COP gibt es weitere bedeutende Klimakonferenzen wie den Africa Climate Summit, den Arctic Circle und das C40. Es folgt ein ABC der wichtigsten Klimagipfel und ihrer Rolle im Kampf gegen den Klimawandel.<\/h2>\n\n\n\n<h3 class=\"wp-block-heading\" id=\"h-africa-climate-summit\"><strong>Africa Climate Summit<\/strong><\/h3>\n\n\n\n<p>Der <strong><a href=\"https:\/\/africaclimatesummit.org\/\">Africa Climate Summit<\/a><\/strong> fand 2023 zum ersten Mal in Kenia statt. Grunds\u00e4tzlich konzentrierte sich der Gipfel auf gr\u00fcnes Wachstum in Afrika. Aber auch die Frage der Finanzierung zur Anpassung und Kampf gegen den Klimawandel ist ein gro\u00dfes Thema. Dazu muss der Globale Norden in die Verantwortung gezogen und das Einhalten ihrer Versprechungen gefordert werden. Denn <a href=\"https:\/\/www.bmz.de\/de\/themen\/klimawandel-und-entwicklung\/klimafinanzierung#:~:text=Auf%20der%20Pariser%20Klimakonferenz%202015,neues%20internationales%20Klimafinanzierungsziel%20festgelegt%20werden.\">Industriel\u00e4nder haben auf der Pariser Klimakonferenz 2015 (COP21) zugesagt,<\/a> j\u00e4hrlich mindestens 100 Milliarden US-Dollar zur Bew\u00e4ltigung der Folgen des Klimawandels f\u00fcr stark von Armut betroffene L\u00e4nder bereitzustellen. Die Erf\u00fcllung dieses Versprechens steht noch aus.<\/p>\n\n\n\n<h3 class=\"wp-block-heading\" id=\"h-arctic-circle\"><strong>Arctic Circle<\/strong><\/h3>\n\n\n\n<p>Der <strong><a href=\"https:\/\/www.arcticcircle.org\/\">Arctic Circle<\/a><\/strong> ist das gr\u00f6\u00dfte Netzwerk f\u00fcr internationalen Dialog und Zusammenarbeit \u00fcber die Zukunft der Arktis. Es ist \u00fcberparteilich und nicht gewinnorientiert. Die Arctic Circle Versammlung ist auch das gr\u00f6\u00dfte Treffen zur Arktis. J\u00e4hrlich nehmen mehr als 2000 Menschen und \u00fcber 60 L\u00e4nder an der Konferenz teil. Wissenschaftler*innen, Vertreter*innen von Indigenen St\u00e4mmen, Unternehmer*innen etc. treffen sich und sprechen \u00fcber den Schutz, die M\u00f6glichkeiten und Herausforderungen der Arktis in Zeiten des Wandels.<\/p>\n\n\n\n<h3 class=\"wp-block-heading\" id=\"h-c40\"><strong>C40<\/strong><\/h3>\n\n\n\n<p>Das<strong> <a href=\"https:\/\/www.c40.org\/\">C40<\/a> <\/strong>ist ein weltweites Netzwerk, das fast 100 B\u00fcrgermeister*innen von f\u00fchrenden St\u00e4dten weltweit vereint, um gemeinsam Ma\u00dfnahmen gegen die Klimakrise zu ergreifen. Die B\u00fcrgermeister*innen dieser C40-St\u00e4dte haben sich verpflichtet, einen ganzheitlichen, wissenschaftlich fundierten und kooperativen Ansatz zu verfolgen. Ihr Ziel ist es, ihre eigenen Emissionen bis zum Jahr 2030, um die H\u00e4lfte zu reduzieren. Das soll dazu beizutragen, die globale Erw\u00e4rmung auf 1,5-Grad zu begrenzen und widerstandsf\u00e4hige, gerechte und gesunde Gemeinschaften zu f\u00f6rdern<strong>.<\/strong><\/p>\n\n\n\n<h3 class=\"wp-block-heading\" id=\"h-cop\"><strong>COP<\/strong><\/h3>\n\n\n\n<p>Die <strong><a href=\"https:\/\/www.un.org\/en\/climatechange\/un-climate-conferences\">COP<\/a><\/strong> oder auch die UN-Klimakonferenz genannt ist sicherlich der einflussreichste und gr\u00f6\u00dfte Klimagipfel. J\u00e4hrlich treffen sich seit 1995 zahlreiche Vertreter*innen aus der ganzen Welt, um neue Ma\u00dfnahmen zur Bek\u00e4mpfung des Klimawandels auf globaler Ebene zu koordinieren und festzulegen. Eine der bekanntesten Entscheidungen der COP ist das Pariser Abkommen, das 2015 auf der COP21 beschlossen wurde. 197 Staaten einigten sich damals auf ein neues, globales Klimaschutzabkommen, das mittlerweile von fast allen ratifiziert wurde.Dieses Jahr findet die UN-Klimakonferenz (COP28) vom 30. November bis 12. Dezember in Dubai statt.<\/p>\n\n\n\n<h3 class=\"wp-block-heading\" id=\"h-global-landscape-forum\"><strong>Global Landscape Forum<\/strong><\/h3>\n\n\n\n<p>Das <a href=\"https:\/\/www.globallandscapesforum.org\/\"><strong>Global Landscape Formum (GLF)<\/strong><\/a> f\u00f6rdert die Zusammenarbeit auf globaler Ebene, um lokale Landschaftsinitiativen zu unterst\u00fctzen und den Fortschritt in diesem Bereich zu messen. Hier geht es ums Vernetzen, Austauschen, Lernen und Handeln. Das Ziel ist es, Menschen aus verschiedensten Bereichen zu vernetzen und den Austausch zu f\u00f6rdern. Die GLF-Konferenzen bieten eine Plattform f\u00fcr die Stimmen von oft marginalisierten Gemeinschaften, einschlie\u00dflich Frauen, Jugendlichen, indigenen und l\u00e4ndlichen Bev\u00f6lkerungsgruppen. Diese Gruppen sind besonders von Umwelt- und sozialen Herausforderungen betroffen und haben gleichzeitig das Potenzial, L\u00f6sungen f\u00fcr diese Herausforderungen zu finden.<\/p>\n\n\n\n<h3 class=\"wp-block-heading\" id=\"h-regional-climate-weeks\"><strong>Regional Climate Weeks<\/strong><\/h3>\n\n\n\n<p>Die <strong><a href=\"https:\/\/unfccc.int\/climate-action\/regional-climate-weeks\">Regional Climate Weeks<\/a> <\/strong>finden parallel zur COP statt. Sie verfolgen das Ziel Ma\u00dfnahmen und Vorschl\u00e4ge der COP auf regionaler Ebene zu vertiefen und zu erweitern. Zurzeit gibt es vier Regional Climate Weeks: <strong><a href=\"https:\/\/unfccc.int\/ACW2023\">Africa Climate Week<\/a><\/strong><strong>,<\/strong><strong> <\/strong><strong><a href=\"https:\/\/unfccc.int\/MENACW2023\">Middle East and North Africa Climate Week<\/a><\/strong><strong>, <a href=\"https:\/\/unfccc.int\/LACCW2023\">Latin America and the Caribbean Climate Week<\/a><\/strong><strong>,<a href=\"https:\/\/unfccc.int\/asia-pacific-climate-week-2023\"> Asia-Pacific Climate Week.<\/a><\/strong><\/p>\n\n\n\n<h3 class=\"wp-block-heading\" id=\"h-summit-of-the-future\"><strong>Summit of the Future<\/strong><\/h3>\n\n\n\n<p>Der <strong><a href=\"https:\/\/www.un.org\/en\/common-agenda\/summit-of-the-future\">Summit of the Future<\/a><\/strong> ist ein neu ins Leben gerufener Klimagipfel. Im Jahr 2024 sollen multilaterale L\u00f6sungen f\u00fcr eine bessere Zukunft gefunden werden. Dabei soll auch den Zielen der nachhaltigen Entwicklungen n\u00e4hergekommen werden. Er wird von der Generalversammlung der Vereinten Nationen (UNGA) ausgerichtet. Das Ziel des Gipfels besteht darin, einen neuen globalen Konsens dar\u00fcber zu schmieden. Wie soll unsere Zukunft aussehen? Was k\u00f6nnen wir heute tun, um sie zu sichern? Ziel ist es, die globale Regierungsf\u00fchrung zum Wohl der gegenw\u00e4rtigen und zuk\u00fcnftigen Generationen zu st\u00e4rken.<\/p>\n\n\n\n<h3 class=\"wp-block-heading\" id=\"h-world-climate-summit\"><strong>World Climate Summit<\/strong><\/h3>\n\n\n\n<p>Der <strong><a href=\"https:\/\/www.worldclimatesummit.org\/?gclid=CjwKCAiA0syqBhBxEiwAeNx9N8b9Zv1wSnwWTLBMgVU7MrjJ5CAVUNv5jCMifQHpe3dYIPut34uYVxoCL7oQAvD_BwE\">World Climate Summit<\/a><\/strong> ist eine Initiative der Privatwirtschaft und der Zivilgesellschaft. Er wird eigentlich immer im gleichen Atemzug wie die COP erw\u00e4hnt. Der Gipfel findet j\u00e4hrlich im Anschluss an die COP statt. Er zielt darauf ab, das zu erf\u00fcllen, was bei der COP beschlossen worden ist.<\/p>\n\n\n\n<h3 class=\"wp-block-heading\" id=\"h-klimagipfel-und-was-dann\"><strong>Klimagipfel und was dann?<\/strong><\/h3>\n\n\n\n<p>Klimagipfel sind eine wichtige Plattform f\u00fcr globale und regionale Klimaverhandlungen. Doch insbesondere globale Formate wie die COP nicht frei von Kritik. Die Erwartungen an die Umsetzung konkreter Ma\u00dfnahmen zur Bek\u00e4mpfung des Klimawandels sind oft hoch. Aber die Ergebnisse entsprechen den Anspr\u00fcchen oft nicht. Die Welt des Klimaschutzes ist vielf\u00e4ltig und auch kleinere Zusammenk\u00fcnfte k\u00f6nnen Wirkung erzielen und oft greifbare Erfolge hervorbringen.<\/p>\n\n\n\n<h3 class=\"wp-block-heading\" id=\"h-jede-r-von-uns-kann-sich-dafur-stark-machen-dass-auf-worte-taten-folgen-und-unser-planet-gerettet-wird-mach-mit-und-setze-deine-stimme-fur-klimagerechtigkeit-ein\"><strong>Jede*r von uns kann sich daf\u00fcr stark machen, dass auf Worte Taten folgen und unser Planet gerettet wird. <a href=\"https:\/\/www.one.org\/de\/engagier-dich\/werde-aktiv\/\">Mach mit und setze deine Stimme f\u00fcr Klimagerechtigkeit ein.<\/a><\/strong><\/h3>\n<div class=\"buffer\"><\/div>","protected":false},"excerpt":{"rendered":"<p>In einer Welt, die tagt\u00e4glich mit den Folgen des Klimawandels k\u00e4mpft, sind Klimagipfel von entscheidender Bedeutung. Politiker*innen, Wissenschaftler*innen und Umweltsch\u00fctzer*innen aus aller Welt kommen zusammen, um gemeinsam L\u00f6sungswege aus der Klimakrise zu erarbeiten. Neben der bekannten COP gibt es weitere bedeutende Klimakonferenzen wie den Africa Climate Summit, den Arctic Circle und das C40. Es folgt [&hellip;]<\/p>\n","protected":false},"author":38,"featured_media":170195,"comment_status":"closed","ping_status":"closed","sticky":false,"template":"","format":"standard","meta":{"_acf_changed":false,"_relevanssi_hide_post":"","_relevanssi_hide_content":"","_relevanssi_pin_for_all":"","_relevanssi_pin_keywords":"","_relevanssi_unpin_keywords":"","_relevanssi_related_keywords":"","_relevanssi_related_include_ids":"","_relevanssi_related_exclude_ids":"","_relevanssi_related_no_append":"","_relevanssi_related_not_related":"","_relevanssi_related_posts":"167236,167135,167745,167013,167252,167064","_relevanssi_noindex_reason":"","footnotes":""},"categories":[259],"tags":[185],"topic":[81],"contributor":[284],"one_content_audience":[],"one_content_type":[],"one_content_tone":[],"class_list":["post-170191","post","type-post","status-publish","format-standard","has-post-thumbnail","hentry","category-faktencheck","tag-klimawandel","topic-klimawandel","contributor-anna-dermitzakis"],"acf":[],"yoast_head":"<!-- This site is optimized with the Yoast SEO Premium plugin v27.1 (Yoast SEO v27.1.1) - https:\/\/yoast.com\/product\/yoast-seo-premium-wordpress\/ -->\n<title>Das ABC der Klimagipfel - ONE.org Deutschland<\/title>\n<meta name=\"description\" content=\"Von der COP \u00fcber den Africa Climate Summit oder der Asia-Pacific Climate Week. Hier sind die wichtigsten Klimagipfel, die du kennen solltest.\" \/>\n<meta name=\"robots\" content=\"index, follow, max-snippet:-1, max-image-preview:large, max-video-preview:-1\" \/>\n<link rel=\"canonical\" href=\"https:\/\/www.one.org\/de\/neuigkeiten\/klimagipfel-abc\/\" \/>\n<meta property=\"og:locale\" content=\"de_DE\" \/>\n<meta property=\"og:type\" content=\"article\" \/>\n<meta property=\"og:title\" content=\"Das ABC der Klimagipfel\" \/>\n<meta property=\"og:description\" content=\"Von der COP \u00fcber den Africa Climate Summit oder der Asia-Pacific Climate Week. Hier sind die wichtigsten Klimagipfel, die du kennen solltest.\" \/>\n<meta property=\"og:url\" content=\"https:\/\/www.one.org\/de\/neuigkeiten\/klimagipfel-abc\/\" \/>\n<meta property=\"og:site_name\" content=\"ONE.org Deutschland\" \/>\n<meta property=\"article:publisher\" content=\"https:\/\/www.facebook.com\/ONEinNederland\" \/>\n<meta property=\"article:published_time\" content=\"2023-11-14T18:08:13+00:00\" \/>\n<meta property=\"article:modified_time\" content=\"2023-11-15T14:06:24+00:00\" \/>\n<meta property=\"og:image\" content=\"https:\/\/cdn.one.org\/oneorg\/wp-content\/uploads\/sites\/3\/2023\/11\/14180717\/ABC-Klimagipfel-2023.png\" \/>\n\t<meta property=\"og:image:width\" content=\"1200\" \/>\n\t<meta property=\"og:image:height\" content=\"628\" \/>\n\t<meta property=\"og:image:type\" content=\"image\/png\" \/>\n<meta name=\"author\" content=\"Pearl Abbey-Obaro\" \/>\n<meta name=\"twitter:card\" content=\"summary_large_image\" \/>\n<meta name=\"twitter:creator\" content=\"@ONENederland\" \/>\n<meta name=\"twitter:site\" content=\"@ONENederland\" \/>\n<meta name=\"twitter:label1\" content=\"Written by\" \/>\n\t<meta name=\"twitter:data1\" content=\"Pearl Abbey-Obaro\" \/>\n\t<meta name=\"twitter:label2\" content=\"Est. reading time\" \/>\n\t<meta name=\"twitter:data2\" content=\"4 minutes\" \/>\n<script type=\"application\/ld+json\" class=\"yoast-schema-graph\">{\"@context\":\"https:\/\/schema.org\",\"@graph\":[{\"@type\":[\"Article\",\"BlogPosting\"],\"@id\":\"https:\/\/www.one.org\/de\/neuigkeiten\/klimagipfel-abc\/#article\",\"isPartOf\":{\"@id\":\"https:\/\/www.one.org\/de\/neuigkeiten\/klimagipfel-abc\/\"},\"author\":{\"name\":\"Pearl Abbey-Obaro\",\"@id\":\"https:\/\/www.one.org\/de\/#\/schema\/person\/9e4707e335ac5276bac34341711bbcd8\"},\"headline\":\"Das ABC der Klimagipfel\",\"datePublished\":\"2023-11-14T18:08:13+00:00\",\"dateModified\":\"2023-11-15T14:06:24+00:00\",\"mainEntityOfPage\":{\"@id\":\"https:\/\/www.one.org\/de\/neuigkeiten\/klimagipfel-abc\/\"},\"wordCount\":846,\"image\":{\"@id\":\"https:\/\/www.one.org\/de\/neuigkeiten\/klimagipfel-abc\/#primaryimage\"},\"thumbnailUrl\":\"https:\/\/www.one.org\/de\/wp-content\/uploads\/sites\/3\/2023\/11\/ABC-Klimagipfel-2023.png\",\"keywords\":[\"Klimawandel\"],\"articleSection\":[\"Faktencheck\"],\"inLanguage\":\"de-DE\"},{\"@type\":\"WebPage\",\"@id\":\"https:\/\/www.one.org\/de\/neuigkeiten\/klimagipfel-abc\/\",\"url\":\"https:\/\/www.one.org\/de\/neuigkeiten\/klimagipfel-abc\/\",\"name\":\"Das ABC der Klimagipfel - ONE.org Deutschland\",\"isPartOf\":{\"@id\":\"https:\/\/www.one.org\/de\/#website\"},\"primaryImageOfPage\":{\"@id\":\"https:\/\/www.one.org\/de\/neuigkeiten\/klimagipfel-abc\/#primaryimage\"},\"image\":{\"@id\":\"https:\/\/www.one.org\/de\/neuigkeiten\/klimagipfel-abc\/#primaryimage\"},\"thumbnailUrl\":\"https:\/\/www.one.org\/de\/wp-content\/uploads\/sites\/3\/2023\/11\/ABC-Klimagipfel-2023.png\",\"datePublished\":\"2023-11-14T18:08:13+00:00\",\"dateModified\":\"2023-11-15T14:06:24+00:00\",\"author\":{\"@id\":\"https:\/\/www.one.org\/de\/#\/schema\/person\/9e4707e335ac5276bac34341711bbcd8\"},\"description\":\"Von der COP \u00fcber den Africa Climate Summit oder der Asia-Pacific Climate Week. Hier sind die wichtigsten Klimagipfel, die du kennen solltest.\",\"breadcrumb\":{\"@id\":\"https:\/\/www.one.org\/de\/neuigkeiten\/klimagipfel-abc\/#breadcrumb\"},\"inLanguage\":\"de-DE\",\"potentialAction\":[{\"@type\":\"ReadAction\",\"target\":[\"https:\/\/www.one.org\/de\/neuigkeiten\/klimagipfel-abc\/\"]}]},{\"@type\":\"ImageObject\",\"inLanguage\":\"de-DE\",\"@id\":\"https:\/\/www.one.org\/de\/neuigkeiten\/klimagipfel-abc\/#primaryimage\",\"url\":\"https:\/\/www.one.org\/de\/wp-content\/uploads\/sites\/3\/2023\/11\/ABC-Klimagipfel-2023.png\",\"contentUrl\":\"https:\/\/www.one.org\/de\/wp-content\/uploads\/sites\/3\/2023\/11\/ABC-Klimagipfel-2023.png\",\"width\":1200,\"height\":628,\"caption\":\"Klimagipfel ABC\"},{\"@type\":\"BreadcrumbList\",\"@id\":\"https:\/\/www.one.org\/de\/neuigkeiten\/klimagipfel-abc\/#breadcrumb\",\"itemListElement\":[{\"@type\":\"ListItem\",\"position\":1,\"name\":\"Home\",\"item\":\"https:\/\/www.one.org\/de\/\"},{\"@type\":\"ListItem\",\"position\":2,\"name\":\"Das ABC der Klimagipfel\"}]},{\"@type\":\"WebSite\",\"@id\":\"https:\/\/www.one.org\/de\/#website\",\"url\":\"https:\/\/www.one.org\/de\/\",\"name\":\"ONE.org\",\"description\":\"F\u00fcr mehr wirtschaftliche Chancen und ein starkes Gesundheitswesen in Afrika\",\"potentialAction\":[{\"@type\":\"SearchAction\",\"target\":{\"@type\":\"EntryPoint\",\"urlTemplate\":\"https:\/\/www.one.org\/de\/?s={search_term_string}\"},\"query-input\":{\"@type\":\"PropertyValueSpecification\",\"valueRequired\":true,\"valueName\":\"search_term_string\"}}],\"inLanguage\":\"de-DE\"},{\"@type\":\"Person\",\"@id\":\"https:\/\/www.one.org\/de\/#\/schema\/person\/9e4707e335ac5276bac34341711bbcd8\",\"name\":\"Pearl Abbey-Obaro\",\"image\":{\"@type\":\"ImageObject\",\"inLanguage\":\"de-DE\",\"@id\":\"https:\/\/www.one.org\/de\/#\/schema\/person\/image\/\",\"url\":\"https:\/\/secure.gravatar.com\/avatar\/8a24872528eec94fd41170a9725b842e467641c8b021ef6fa0245c658e7c7e1e?s=96&d=mm&r=g\",\"contentUrl\":\"https:\/\/secure.gravatar.com\/avatar\/8a24872528eec94fd41170a9725b842e467641c8b021ef6fa0245c658e7c7e1e?s=96&d=mm&r=g\",\"caption\":\"Pearl Abbey-Obaro\"},\"url\":\"https:\/\/www.one.org\/de\/neuigkeiten\/author\/pearlabbeyobaro\/\"}]}<\/script>\n<!-- \/ Yoast SEO Premium plugin. -->","yoast_head_json":{"title":"Das ABC der Klimagipfel - ONE.org Deutschland","description":"Von der COP \u00fcber den Africa Climate Summit oder der Asia-Pacific Climate Week. Hier sind die wichtigsten Klimagipfel, die du kennen solltest.","robots":{"index":"index","follow":"follow","max-snippet":"max-snippet:-1","max-image-preview":"max-image-preview:large","max-video-preview":"max-video-preview:-1"},"canonical":"https:\/\/www.one.org\/de\/neuigkeiten\/klimagipfel-abc\/","og_locale":"de_DE","og_type":"article","og_title":"Das ABC der Klimagipfel","og_description":"Von der COP \u00fcber den Africa Climate Summit oder der Asia-Pacific Climate Week. Hier sind die wichtigsten Klimagipfel, die du kennen solltest.","og_url":"https:\/\/www.one.org\/de\/neuigkeiten\/klimagipfel-abc\/","og_site_name":"ONE.org Deutschland","article_publisher":"https:\/\/www.facebook.com\/ONEinNederland","article_published_time":"2023-11-14T18:08:13+00:00","article_modified_time":"2023-11-15T14:06:24+00:00","og_image":[{"width":1200,"height":628,"url":"https:\/\/cdn.one.org\/oneorg\/wp-content\/uploads\/sites\/3\/2023\/11\/14180717\/ABC-Klimagipfel-2023.png","type":"image\/png"}],"author":"Pearl Abbey-Obaro","twitter_card":"summary_large_image","twitter_creator":"@ONENederland","twitter_site":"@ONENederland","twitter_misc":{"Written by":"Pearl Abbey-Obaro","Est. reading time":"4 minutes"},"schema":{"@context":"https:\/\/schema.org","@graph":[{"@type":["Article","BlogPosting"],"@id":"https:\/\/www.one.org\/de\/neuigkeiten\/klimagipfel-abc\/#article","isPartOf":{"@id":"https:\/\/www.one.org\/de\/neuigkeiten\/klimagipfel-abc\/"},"author":{"name":"Pearl Abbey-Obaro","@id":"https:\/\/www.one.org\/de\/#\/schema\/person\/9e4707e335ac5276bac34341711bbcd8"},"headline":"Das ABC der Klimagipfel","datePublished":"2023-11-14T18:08:13+00:00","dateModified":"2023-11-15T14:06:24+00:00","mainEntityOfPage":{"@id":"https:\/\/www.one.org\/de\/neuigkeiten\/klimagipfel-abc\/"},"wordCount":846,"image":{"@id":"https:\/\/www.one.org\/de\/neuigkeiten\/klimagipfel-abc\/#primaryimage"},"thumbnailUrl":"https:\/\/www.one.org\/de\/wp-content\/uploads\/sites\/3\/2023\/11\/ABC-Klimagipfel-2023.png","keywords":["Klimawandel"],"articleSection":["Faktencheck"],"inLanguage":"de-DE"},{"@type":"WebPage","@id":"https:\/\/www.one.org\/de\/neuigkeiten\/klimagipfel-abc\/","url":"https:\/\/www.one.org\/de\/neuigkeiten\/klimagipfel-abc\/","name":"Das ABC der Klimagipfel - ONE.org Deutschland","isPartOf":{"@id":"https:\/\/www.one.org\/de\/#website"},"primaryImageOfPage":{"@id":"https:\/\/www.one.org\/de\/neuigkeiten\/klimagipfel-abc\/#primaryimage"},"image":{"@id":"https:\/\/www.one.org\/de\/neuigkeiten\/klimagipfel-abc\/#primaryimage"},"thumbnailUrl":"https:\/\/www.one.org\/de\/wp-content\/uploads\/sites\/3\/2023\/11\/ABC-Klimagipfel-2023.png","datePublished":"2023-11-14T18:08:13+00:00","dateModified":"2023-11-15T14:06:24+00:00","author":{"@id":"https:\/\/www.one.org\/de\/#\/schema\/person\/9e4707e335ac5276bac34341711bbcd8"},"description":"Von der COP \u00fcber den Africa Climate Summit oder der Asia-Pacific Climate Week. Hier sind die wichtigsten Klimagipfel, die du kennen solltest.","breadcrumb":{"@id":"https:\/\/www.one.org\/de\/neuigkeiten\/klimagipfel-abc\/#breadcrumb"},"inLanguage":"de-DE","potentialAction":[{"@type":"ReadAction","target":["https:\/\/www.one.org\/de\/neuigkeiten\/klimagipfel-abc\/"]}]},{"@type":"ImageObject","inLanguage":"de-DE","@id":"https:\/\/www.one.org\/de\/neuigkeiten\/klimagipfel-abc\/#primaryimage","url":"https:\/\/www.one.org\/de\/wp-content\/uploads\/sites\/3\/2023\/11\/ABC-Klimagipfel-2023.png","contentUrl":"https:\/\/www.one.org\/de\/wp-content\/uploads\/sites\/3\/2023\/11\/ABC-Klimagipfel-2023.png","width":1200,"height":628,"caption":"Klimagipfel ABC"},{"@type":"BreadcrumbList","@id":"https:\/\/www.one.org\/de\/neuigkeiten\/klimagipfel-abc\/#breadcrumb","itemListElement":[{"@type":"ListItem","position":1,"name":"Home","item":"https:\/\/www.one.org\/de\/"},{"@type":"ListItem","position":2,"name":"Das ABC der Klimagipfel"}]},{"@type":"WebSite","@id":"https:\/\/www.one.org\/de\/#website","url":"https:\/\/www.one.org\/de\/","name":"ONE.org","description":"F\u00fcr mehr wirtschaftliche Chancen und ein starkes Gesundheitswesen in Afrika","potentialAction":[{"@type":"SearchAction","target":{"@type":"EntryPoint","urlTemplate":"https:\/\/www.one.org\/de\/?s={search_term_string}"},"query-input":{"@type":"PropertyValueSpecification","valueRequired":true,"valueName":"search_term_string"}}],"inLanguage":"de-DE"},{"@type":"Person","@id":"https:\/\/www.one.org\/de\/#\/schema\/person\/9e4707e335ac5276bac34341711bbcd8","name":"Pearl Abbey-Obaro","image":{"@type":"ImageObject","inLanguage":"de-DE","@id":"https:\/\/www.one.org\/de\/#\/schema\/person\/image\/","url":"https:\/\/secure.gravatar.com\/avatar\/8a24872528eec94fd41170a9725b842e467641c8b021ef6fa0245c658e7c7e1e?s=96&d=mm&r=g","contentUrl":"https:\/\/secure.gravatar.com\/avatar\/8a24872528eec94fd41170a9725b842e467641c8b021ef6fa0245c658e7c7e1e?s=96&d=mm&r=g","caption":"Pearl Abbey-Obaro"},"url":"https:\/\/www.one.org\/de\/neuigkeiten\/author\/pearlabbeyobaro\/"}]}},"distributor_meta":false,"distributor_terms":false,"distributor_media":false,"distributor_original_site_name":"ONE.org Deutschland","distributor_original_site_url":"https:\/\/www.one.org\/de","push-errors":false,"_links":{"self":[{"href":"https:\/\/www.one.org\/de\/wp-json\/wp\/v2\/posts\/170191","targetHints":{"allow":["GET"]}}],"collection":[{"href":"https:\/\/www.one.org\/de\/wp-json\/wp\/v2\/posts"}],"about":[{"href":"https:\/\/www.one.org\/de\/wp-json\/wp\/v2\/types\/post"}],"author":[{"embeddable":true,"href":"https:\/\/www.one.org\/de\/wp-json\/wp\/v2\/users\/38"}],"replies":[{"embeddable":true,"href":"https:\/\/www.one.org\/de\/wp-json\/wp\/v2\/comments?post=170191"}],"version-history":[{"count":0,"href":"https:\/\/www.one.org\/de\/wp-json\/wp\/v2\/posts\/170191\/revisions"}],"wp:featuredmedia":[{"embeddable":true,"href":"https:\/\/www.one.org\/de\/wp-json\/wp\/v2\/media\/170195"}],"wp:attachment":[{"href":"https:\/\/www.one.org\/de\/wp-json\/wp\/v2\/media?parent=170191"}],"wp:term":[{"taxonomy":"category","embeddable":true,"href":"https:\/\/www.one.org\/de\/wp-json\/wp\/v2\/categories?post=170191"},{"taxonomy":"post_tag","embeddable":true,"href":"https:\/\/www.one.org\/de\/wp-json\/wp\/v2\/tags?post=170191"},{"taxonomy":"topic","embeddable":true,"href":"https:\/\/www.one.org\/de\/wp-json\/wp\/v2\/topic?post=170191"},{"taxonomy":"contributor","embeddable":true,"href":"https:\/\/www.one.org\/de\/wp-json\/wp\/v2\/contributor?post=170191"},{"taxonomy":"one_content_audience","embeddable":true,"href":"https:\/\/www.one.org\/de\/wp-json\/wp\/v2\/one_content_audience?post=170191"},{"taxonomy":"one_content_type","embeddable":true,"href":"https:\/\/www.one.org\/de\/wp-json\/wp\/v2\/one_content_type?post=170191"},{"taxonomy":"one_content_tone","embeddable":true,"href":"https:\/\/www.one.org\/de\/wp-json\/wp\/v2\/one_content_tone?post=170191"}],"curies":[{"name":"wp","href":"https:\/\/api.w.org\/{rel}","templated":true}]}}