{"id":170101,"date":"2023-11-16T11:45:44","date_gmt":"2023-11-16T11:45:44","guid":{"rendered":"https:\/\/www.one.org\/de\/?p=170101"},"modified":"2023-11-21T12:50:26","modified_gmt":"2023-11-21T12:50:26","slug":"6-dokus-ueber-die-klimakrise-in-afrika","status":"publish","type":"post","link":"https:\/\/www.one.org\/de\/neuigkeiten\/6-dokus-ueber-die-klimakrise-in-afrika\/","title":{"rendered":"6 Dokus \u00fcber die Klimakrise in Afrika"},"content":{"rendered":"\n<p><\/p>\n\n\n\n<h2 class=\"wp-block-heading\" id=\"h-die-klimakrise-betrifft-jeden-uberall-aber-der-afrikanische-kontinent-bekommt-die-auswirkungen-am-starksten-zu-spuren-er-ist-die-klimatisch-am-starksten-gefahrdete-region-obwohl-er-am-wenigsten-zu-kohlenstoffemissionen-beigetragen-hat-wahrend-der-kampf-fur-klimagerechtigkeit-weitergeht-ist-es-wichtig-die-geschichten-uber-das-klima-vor-ort-uber-den-kontinent-und-die-menschen-die-dort-leben-zu-teilen-hier-sind-einige-dokumentarfilme-die-du-dir-so-bald-wie-moglich-ansehen-solltest-um-mehr-uber-das-klima-in-afrika-zu-erfahren\">Die Klimakrise betrifft jeden, \u00fcberall. Aber der afrikanische Kontinent bekommt die Auswirkungen am st\u00e4rksten zu sp\u00fcren. Er ist die klimatisch am st\u00e4rksten gef\u00e4hrdete Region, obwohl er am wenigsten zu Kohlenstoffemissionen beigetragen hat. W\u00e4hrend der Kampf f\u00fcr Klimagerechtigkeit weitergeht, ist es wichtig, die Geschichten \u00fcber das Klima vor Ort, \u00fcber den Kontinent und die Menschen, die dort leben, zu teilen. Hier sind einige Dokumentarfilme, die du dir so bald wie m\u00f6glich ansehen solltest, um mehr \u00fcber das Klima in Afrika zu erfahren.<\/h2>\n\n\n\n<p><\/p>\n\n\n\n<p><\/p>\n\n\n\n<h2 class=\"wp-block-heading\" id=\"h-1-thank-you-for-the-rain\"><a href=\"https:\/\/www.youtube.com\/watch?v=PO1-Z7kEyzo\">1. <a href=\"https:\/\/www.youtube.com\/watch?v=PO1-Z7kEyzo\">Thank you for the rain<\/a><\/a><\/h2>\n\n\n\n<figure style=\"aspect-ratio: 500 \/ 281;\" class=\"wp-block-embed is-type-video is-provider-youtube wp-block-embed-youtube wp-embed-aspect-16-9 wp-has-aspect-ratio has-aspect-ratio is-ratio--landscape\"><div class=\"wp-block-embed__wrapper\">\n<iframe loading=\"lazy\" title=\"THANK YOU FOR THE RAIN - official trailer\" width=\"500\" height=\"281\" src=\"https:\/\/www.youtube.com\/embed\/PO1-Z7kEyzo?feature=oembed\" frameborder=\"0\" allow=\"accelerometer; autoplay; clipboard-write; encrypted-media; gyroscope; picture-in-picture; web-share\" referrerpolicy=\"strict-origin-when-cross-origin\" allowfullscreen><\/iframe>\n<\/div><\/figure>\n\n\n\n<p>&#8220;Thank You for the Rain&#8221; begleitet den kenianischen Bauern Kisilu Musya. Der von Musya und der norwegischen Regisseurin Julia Dahr gemeinsam produzierte Film dokumentiert seinen Weg vom Landwirt und Vater, der die Auswirkungen des Klimawandels zu sp\u00fcren bekommt, bis hin zum F\u00fcrsprecher und Gemeindevorsteher f\u00fcr Klimagerechtigkeit. Der Film folgt nicht nur Kisilus Weg zur Klimagerechtigkeit, sondern beleuchtet auch die pers\u00f6nlichen Geschichten derjenigen, die die Auswirkungen der Klimakrise am meisten zu sp\u00fcren bekommen.<\/p>\n\n\n\n<p><\/p>\n\n\n\n<h2 class=\"wp-block-heading\" id=\"h-2-the-great-green-wall\"><a data-wplink-edit=\"true\" href=\"https:\/\/www.youtube.com\/watch?v=I8Vp1DXzVGw&amp;t=69s\">2. The Great Green Wall<\/a><\/h2>\n\n\n\n<figure style=\"aspect-ratio: 500 \/ 281;\" class=\"wp-block-embed is-type-video is-provider-youtube wp-block-embed-youtube wp-embed-aspect-16-9 wp-has-aspect-ratio has-aspect-ratio is-ratio--landscape\"><div class=\"wp-block-embed__wrapper\">\n<iframe loading=\"lazy\" title=\"THE GREAT GREEN WALL | THEATRICAL TRAILER\" width=\"500\" height=\"281\" src=\"https:\/\/www.youtube.com\/embed\/I8Vp1DXzVGw?start=69&#038;feature=oembed\" frameborder=\"0\" allow=\"accelerometer; autoplay; clipboard-write; encrypted-media; gyroscope; picture-in-picture; web-share\" referrerpolicy=\"strict-origin-when-cross-origin\" allowfullscreen><\/iframe>\n<\/div><\/figure>\n\n\n\n<p>Unter der Regie von Jared P. Scott beleuchtet &#8220;The Great Green Wall&#8221; die Frontlinien der Klimakrise anhand der afrikanischen Initiative Great Green Wall. Die Initiative konzentriert sich auf die Wiederherstellung von Land, um die Landver\u00f6dung zu bek\u00e4mpfen und die Pflanzenwelt in 11 L\u00e4ndern Afrikas wiederherzustellen. Der Film folgt Inna Modja, einer malischen Musikerin, die quer durch Afrika reist, um ein von der Gr\u00fcnen Mauer inspiriertes Album aufzunehmen. W\u00e4hrend sie ihre Reise verfolgt, zeigt der Dokumentarfilm, wie sich diese Initiative auf das \u00d6kosystem und den Lebensunterhalt auswirkt und welche Rolle Afrika bei der L\u00f6sung globaler Klimafragen spielt.<\/p>\n\n\n\n<p><\/p>\n\n\n\n<h2 class=\"wp-block-heading\" id=\"h-3-temperature-rising\"><a href=\"https:\/\/www.youtube.com\/watch?v=Bgnt_cHKPpE\"><a href=\"https:\/\/www.youtube.com\/watch?v=Bgnt_cHKPpE\">3. Temperature Rising<\/a><\/a><\/h2>\n\n\n\n<figure style=\"aspect-ratio: 500 \/ 281;\" class=\"wp-block-embed is-type-video is-provider-youtube wp-block-embed-youtube wp-embed-aspect-16-9 wp-has-aspect-ratio has-aspect-ratio is-ratio--landscape\"><div class=\"wp-block-embed__wrapper\">\n<iframe loading=\"lazy\" title=\"Temperature Rising - Documentary Trailer 2023\" width=\"500\" height=\"281\" src=\"https:\/\/www.youtube.com\/embed\/Bgnt_cHKPpE?feature=oembed\" frameborder=\"0\" allow=\"accelerometer; autoplay; clipboard-write; encrypted-media; gyroscope; picture-in-picture; web-share\" referrerpolicy=\"strict-origin-when-cross-origin\" allowfullscreen><\/iframe>\n<\/div><\/figure>\n\n\n\n<p>Dieser Dokumentarfilm konzentriert sich auf die Bedeutung von Klimaaktivisten und ihre Rolle beim Erreichen von Ver\u00e4nderungen. Unter der Regie von Jacqueline Van Meygaarden, Anita Khanna und Rehad Desai begleitet der Film drei Aktivisten aus S\u00fcdafrika und Namibia, die in ihren Gemeinden f\u00fcr Klimagerechtigkeit k\u00e4mpfen. &#8220;Temperature Rising&#8221; zeigt, wie wichtig die Arbeit von Aktivisten im Kampf f\u00fcr Klimagerechtigkeit ist.<\/p>\n\n\n\n<p><\/p>\n\n\n\n<h2 class=\"wp-block-heading\" id=\"h-4-nomads-of-benin-driven-away-by-drought\"><a href=\"https:\/\/www.youtube.com\/watch?v=6NtEzHHPlLc\"><a href=\"https:\/\/www.youtube.com\/watch?v=6NtEzHHPlLc\">4. Nomads of Benin &#8211; Driven Away by Drought<\/a><\/a><\/h2>\n\n\n\n<figure style=\"aspect-ratio: 500 \/ 281;\" class=\"wp-block-embed is-type-video is-provider-youtube wp-block-embed-youtube wp-embed-aspect-16-9 wp-has-aspect-ratio has-aspect-ratio is-ratio--landscape\"><div class=\"wp-block-embed__wrapper\">\n<iframe loading=\"lazy\" title=\"Climate change and water scarcity in Benin | DW Documentary\" width=\"500\" height=\"281\" src=\"https:\/\/www.youtube.com\/embed\/6NtEzHHPlLc?feature=oembed\" frameborder=\"0\" allow=\"accelerometer; autoplay; clipboard-write; encrypted-media; gyroscope; picture-in-picture; web-share\" referrerpolicy=\"strict-origin-when-cross-origin\" allowfullscreen><\/iframe>\n<\/div><\/figure>\n\n\n\n<p>&#8220;Nomads of Benin &#8211; Driven Away by Drought&#8221; folgt der Geschichte von Boub\u00e9, einem Nomaden, der dem Hirtenvolk der Fulani in Benin angeh\u00f6rt. Der Film von F\u00e9licien Assogba, einem beninischen Filmemacher, dokumentiert Boub\u00e9 und die Trockenzeit auf dem Land, auf dem er und sein Volk leben, die jedes Jahr schlimmer wird. &#8220;Nomads of Benin&#8221; zeigt die Auswirkungen der Klimakrise in der realen Welt.<\/p>\n\n\n\n<p><\/p>\n\n\n\n<h2 class=\"wp-block-heading\" id=\"h-5-between-the-rains\"><a href=\"https:\/\/www.youtube.com\/watch?v=xuzkSmSx38Y\"><a href=\"https:\/\/www.youtube.com\/watch?v=xuzkSmSx38Y\">5. Between the Rains<\/a><\/a><\/h2>\n\n\n\n<figure style=\"aspect-ratio: 500 \/ 281;\" class=\"wp-block-embed is-type-video is-provider-youtube wp-block-embed-youtube wp-embed-aspect-16-9 wp-has-aspect-ratio has-aspect-ratio is-ratio--landscape\"><div class=\"wp-block-embed__wrapper\">\n<iframe loading=\"lazy\" title=\"Between The Rains | Trailer | Coming Soon\" width=\"500\" height=\"281\" src=\"https:\/\/www.youtube.com\/embed\/xuzkSmSx38Y?feature=oembed\" frameborder=\"0\" allow=\"accelerometer; autoplay; clipboard-write; encrypted-media; gyroscope; picture-in-picture; web-share\" referrerpolicy=\"strict-origin-when-cross-origin\" allowfullscreen><\/iframe>\n<\/div><\/figure>\n\n\n\n<p>&#8220;Between the Rains&#8221; dokumentiert die Turkana-Ngaremara-Gemeinschaft in Nordkenia. Unter der Co-Regie von Moses Thuranira, einem kenianischen Filmemacher, und Andrew H. Brown folgt der Film der Geschichte eines jungen Mannes namens Kolei und wie er w\u00e4chst und sich an die &#8220;radikal ver\u00e4nderten Klimabedingungen im Norden Kenias&#8221; anpasst. Der Film folgt Koleis Reise, um zu zeigen, wie sich der Klimawandel auf das Leben und die Lebensgrundlage der Menschen auswirkt.<\/p>\n\n\n\n<p><\/p>\n\n\n\n<h2 class=\"wp-block-heading\" id=\"h-6-the-shore-break\"><a href=\"https:\/\/www.youtube.com\/watch?v=8ZKmWRvWjiI\"><a href=\"https:\/\/www.youtube.com\/watch?v=8ZKmWRvWjiI\">6. The Shore Break<\/a><\/a><\/h2>\n\n\n\n<figure style=\"aspect-ratio: 500 \/ 281;\" class=\"wp-block-embed is-type-video is-provider-youtube wp-block-embed-youtube wp-embed-aspect-16-9 wp-has-aspect-ratio has-aspect-ratio is-ratio--landscape\"><div class=\"wp-block-embed__wrapper\">\n<iframe loading=\"lazy\" title=\"The Shore Break documentary trailer (Oct 2014)\" width=\"500\" height=\"281\" src=\"https:\/\/www.youtube.com\/embed\/8ZKmWRvWjiI?feature=oembed\" frameborder=\"0\" allow=\"accelerometer; autoplay; clipboard-write; encrypted-media; gyroscope; picture-in-picture; web-share\" referrerpolicy=\"strict-origin-when-cross-origin\" allowfullscreen><\/iframe>\n<\/div><\/figure>\n\n\n\n<p>&#8220;The Shore Break&#8221; erz\u00e4hlt die Geschichte von S\u00fcdafrikas Wild Coast. Der Film des Filmemachers Ryley Grunenwald konzentriert sich auf einen Konflikt zwischen der Erhaltung der gef\u00e4hrdeten Umwelt, von der die Kultur und die Lebensgrundlage des Pondo-Volkes abh\u00e4ngt, einem Titanabbauvorhaben und dem Vorhaben, eine Schnellstra\u00dfe durch das Land zu bauen. Die Geschichte verfolgt beide Seiten dieses Konflikts aus der Perspektive von zwei Cousins: Madiba, einem Unternehmer, und Nonhle, einem \u00d6ko-Reiseleiter.<\/p>\n\n\n\n<p><\/p>\n\n\n\n<h3 class=\"wp-block-heading\" id=\"h-wie-kannst-du-dich-gegen-die-klimakrise-einsetzen\">Wie kannst du dich gegen die Klimakrise einsetzen?<\/h3>\n\n\n\n<p>All diese Dokumentarfilmen haben gemeinsam, dass sie die Auswirkungen des Klimawandels auf die Menschen in Afrika, der am st\u00e4rksten vom Klimawandel bedrohten Region der Welt, schildern. Doch es gibt Hoffnung. Afrika kann eine treibende Kraft f\u00fcr viele der weltweiten Klimal\u00f6sungen werden. Der Kontinent verf\u00fcgt \u00fcber das weltweit gr\u00f6\u00dfte Potenzial f\u00fcr erneuerbare Energien und reichhaltige nat\u00fcrliche Ressourcen.<\/p>\n\n\n\n<h3 class=\"wp-block-heading\" id=\"h-also-schliesse-dich-uns-an-und-fordere-klimagerechtigkeit-fur-alle-und-uberall\"><strong>Also schlie\u00dfe dich uns an und <\/strong><a href=\"https:\/\/www.one.org\/de\/engagier-dich\/werde-aktiv\/\"><strong>fordere Klimagerechtigkeit f\u00fcr alle und \u00fcberall<\/strong>!<\/a><\/h3>\n\n\n\n<p><\/p>\n<div class=\"buffer\"><\/div>","protected":false},"excerpt":{"rendered":"<p>Die Klimakrise betrifft jeden, \u00fcberall. Aber der afrikanische Kontinent bekommt die Auswirkungen am st\u00e4rksten zu sp\u00fcren. Er ist die klimatisch am st\u00e4rksten gef\u00e4hrdete Region, obwohl er am wenigsten zu Kohlenstoffemissionen beigetragen hat. W\u00e4hrend der Kampf f\u00fcr Klimagerechtigkeit weitergeht, ist es wichtig, die Geschichten \u00fcber das Klima vor Ort, \u00fcber den Kontinent und die Menschen, die [&hellip;]<\/p>\n","protected":false},"author":1,"featured_media":170102,"comment_status":"closed","ping_status":"closed","sticky":false,"template":"","format":"standard","meta":{"_acf_changed":false,"_relevanssi_hide_post":"","_relevanssi_hide_content":"","_relevanssi_pin_for_all":"","_relevanssi_pin_keywords":"","_relevanssi_unpin_keywords":"","_relevanssi_related_keywords":"","_relevanssi_related_include_ids":"","_relevanssi_related_exclude_ids":"","_relevanssi_related_no_append":"","_relevanssi_related_not_related":"","_relevanssi_related_posts":"167659,167700,167716,167711,167655,167155","_relevanssi_noindex_reason":"","footnotes":""},"categories":[1],"tags":[283],"topic":[81],"contributor":[],"one_content_audience":[],"one_content_type":[],"one_content_tone":[],"class_list":["post-170101","post","type-post","status-publish","format-standard","has-post-thumbnail","hentry","category-uncategorized","tag-klima","topic-klimawandel"],"acf":[],"yoast_head":"<!-- This site is optimized with the Yoast SEO Premium plugin v27.1 (Yoast SEO v27.1.1) - https:\/\/yoast.com\/product\/yoast-seo-premium-wordpress\/ -->\n<title>6 Dokus \u00fcber die Klimakrise in Afrika - ONE.org Deutschland<\/title>\n<meta name=\"description\" content=\"Diese Dokumentarfilme erkl\u00e4ren dir, warum Afrika die am st\u00e4rksten vom Klima bedrohte Region ist und wie sich die Krise auf den Kontinent auswirkt.\" \/>\n<meta name=\"robots\" content=\"index, follow, max-snippet:-1, max-image-preview:large, max-video-preview:-1\" \/>\n<link rel=\"canonical\" href=\"https:\/\/www.one.org\/de\/neuigkeiten\/6-dokus-ueber-die-klimakrise-in-afrika\/\" \/>\n<meta property=\"og:locale\" content=\"de_DE\" \/>\n<meta property=\"og:type\" content=\"article\" \/>\n<meta property=\"og:title\" content=\"6 Dokus \u00fcber die Klimakrise in Afrika\" \/>\n<meta property=\"og:description\" content=\"Diese Dokumentarfilme erkl\u00e4ren dir, warum Afrika die am st\u00e4rksten vom Klima bedrohte Region ist und wie sich die Krise auf den Kontinent auswirkt.\" \/>\n<meta property=\"og:url\" content=\"https:\/\/www.one.org\/de\/neuigkeiten\/6-dokus-ueber-die-klimakrise-in-afrika\/\" \/>\n<meta property=\"og:site_name\" content=\"ONE.org Deutschland\" \/>\n<meta property=\"article:publisher\" content=\"https:\/\/www.facebook.com\/ONEinNederland\" \/>\n<meta property=\"article:published_time\" content=\"2023-11-16T11:45:44+00:00\" \/>\n<meta property=\"article:modified_time\" content=\"2023-11-21T12:50:26+00:00\" \/>\n<meta property=\"og:image\" content=\"https:\/\/cdn.one.org\/oneorg\/wp-content\/uploads\/sites\/3\/2023\/11\/07135958\/dane-kelly-1_VAFwUAUQY-unsplash-3-scaled.jpg\" \/>\n\t<meta property=\"og:image:width\" content=\"2560\" \/>\n\t<meta property=\"og:image:height\" content=\"1340\" \/>\n\t<meta property=\"og:image:type\" content=\"image\/jpeg\" \/>\n<meta name=\"author\" content=\"admin\" \/>\n<meta name=\"twitter:card\" content=\"summary_large_image\" \/>\n<meta name=\"twitter:creator\" content=\"@ONENederland\" \/>\n<meta name=\"twitter:site\" content=\"@ONENederland\" \/>\n<meta name=\"twitter:label1\" content=\"Written by\" \/>\n\t<meta name=\"twitter:data1\" content=\"admin\" \/>\n\t<meta name=\"twitter:label2\" content=\"Est. reading time\" \/>\n\t<meta name=\"twitter:data2\" content=\"3 minutes\" \/>\n<script type=\"application\/ld+json\" class=\"yoast-schema-graph\">{\"@context\":\"https:\/\/schema.org\",\"@graph\":[{\"@type\":[\"Article\",\"BlogPosting\"],\"@id\":\"https:\/\/www.one.org\/de\/neuigkeiten\/6-dokus-ueber-die-klimakrise-in-afrika\/#article\",\"isPartOf\":{\"@id\":\"https:\/\/www.one.org\/de\/neuigkeiten\/6-dokus-ueber-die-klimakrise-in-afrika\/\"},\"author\":{\"name\":\"admin\",\"@id\":\"https:\/\/www.one.org\/de\/#\/schema\/person\/236ef43a079c36667c3f1de2da8e0838\"},\"headline\":\"6 Dokus \u00fcber die Klimakrise in Afrika\",\"datePublished\":\"2023-11-16T11:45:44+00:00\",\"dateModified\":\"2023-11-21T12:50:26+00:00\",\"mainEntityOfPage\":{\"@id\":\"https:\/\/www.one.org\/de\/neuigkeiten\/6-dokus-ueber-die-klimakrise-in-afrika\/\"},\"wordCount\":704,\"image\":{\"@id\":\"https:\/\/www.one.org\/de\/neuigkeiten\/6-dokus-ueber-die-klimakrise-in-afrika\/#primaryimage\"},\"thumbnailUrl\":\"https:\/\/www.one.org\/de\/wp-content\/uploads\/sites\/3\/2023\/11\/dane-kelly-1_VAFwUAUQY-unsplash-3-scaled.jpg\",\"keywords\":[\"klima\"],\"inLanguage\":\"de-DE\"},{\"@type\":\"WebPage\",\"@id\":\"https:\/\/www.one.org\/de\/neuigkeiten\/6-dokus-ueber-die-klimakrise-in-afrika\/\",\"url\":\"https:\/\/www.one.org\/de\/neuigkeiten\/6-dokus-ueber-die-klimakrise-in-afrika\/\",\"name\":\"6 Dokus \u00fcber die Klimakrise in Afrika - ONE.org Deutschland\",\"isPartOf\":{\"@id\":\"https:\/\/www.one.org\/de\/#website\"},\"primaryImageOfPage\":{\"@id\":\"https:\/\/www.one.org\/de\/neuigkeiten\/6-dokus-ueber-die-klimakrise-in-afrika\/#primaryimage\"},\"image\":{\"@id\":\"https:\/\/www.one.org\/de\/neuigkeiten\/6-dokus-ueber-die-klimakrise-in-afrika\/#primaryimage\"},\"thumbnailUrl\":\"https:\/\/www.one.org\/de\/wp-content\/uploads\/sites\/3\/2023\/11\/dane-kelly-1_VAFwUAUQY-unsplash-3-scaled.jpg\",\"datePublished\":\"2023-11-16T11:45:44+00:00\",\"dateModified\":\"2023-11-21T12:50:26+00:00\",\"author\":{\"@id\":\"https:\/\/www.one.org\/de\/#\/schema\/person\/236ef43a079c36667c3f1de2da8e0838\"},\"description\":\"Diese Dokumentarfilme erkl\u00e4ren dir, warum Afrika die am st\u00e4rksten vom Klima bedrohte Region ist und wie sich die Krise auf den Kontinent auswirkt.\",\"breadcrumb\":{\"@id\":\"https:\/\/www.one.org\/de\/neuigkeiten\/6-dokus-ueber-die-klimakrise-in-afrika\/#breadcrumb\"},\"inLanguage\":\"de-DE\",\"potentialAction\":[{\"@type\":\"ReadAction\",\"target\":[\"https:\/\/www.one.org\/de\/neuigkeiten\/6-dokus-ueber-die-klimakrise-in-afrika\/\"]}]},{\"@type\":\"ImageObject\",\"inLanguage\":\"de-DE\",\"@id\":\"https:\/\/www.one.org\/de\/neuigkeiten\/6-dokus-ueber-die-klimakrise-in-afrika\/#primaryimage\",\"url\":\"https:\/\/www.one.org\/de\/wp-content\/uploads\/sites\/3\/2023\/11\/dane-kelly-1_VAFwUAUQY-unsplash-3-scaled.jpg\",\"contentUrl\":\"https:\/\/www.one.org\/de\/wp-content\/uploads\/sites\/3\/2023\/11\/dane-kelly-1_VAFwUAUQY-unsplash-3-scaled.jpg\",\"width\":2560,\"height\":1340},{\"@type\":\"BreadcrumbList\",\"@id\":\"https:\/\/www.one.org\/de\/neuigkeiten\/6-dokus-ueber-die-klimakrise-in-afrika\/#breadcrumb\",\"itemListElement\":[{\"@type\":\"ListItem\",\"position\":1,\"name\":\"Home\",\"item\":\"https:\/\/www.one.org\/de\/\"},{\"@type\":\"ListItem\",\"position\":2,\"name\":\"6 Dokus \u00fcber die Klimakrise in Afrika\"}]},{\"@type\":\"WebSite\",\"@id\":\"https:\/\/www.one.org\/de\/#website\",\"url\":\"https:\/\/www.one.org\/de\/\",\"name\":\"ONE.org\",\"description\":\"F\u00fcr mehr wirtschaftliche Chancen und ein starkes Gesundheitswesen in Afrika\",\"potentialAction\":[{\"@type\":\"SearchAction\",\"target\":{\"@type\":\"EntryPoint\",\"urlTemplate\":\"https:\/\/www.one.org\/de\/?s={search_term_string}\"},\"query-input\":{\"@type\":\"PropertyValueSpecification\",\"valueRequired\":true,\"valueName\":\"search_term_string\"}}],\"inLanguage\":\"de-DE\"},{\"@type\":\"Person\",\"@id\":\"https:\/\/www.one.org\/de\/#\/schema\/person\/236ef43a079c36667c3f1de2da8e0838\",\"name\":\"admin\",\"image\":{\"@type\":\"ImageObject\",\"inLanguage\":\"de-DE\",\"@id\":\"https:\/\/www.one.org\/de\/#\/schema\/person\/image\/\",\"url\":\"https:\/\/secure.gravatar.com\/avatar\/2b4204681b789d34ede86a735f8b6378df901f7f7ab7a9ca89af4670b2bb13b8?s=96&d=mm&r=g\",\"contentUrl\":\"https:\/\/secure.gravatar.com\/avatar\/2b4204681b789d34ede86a735f8b6378df901f7f7ab7a9ca89af4670b2bb13b8?s=96&d=mm&r=g\",\"caption\":\"admin\"},\"sameAs\":[\"http:\/\/www.one.org\"],\"url\":\"https:\/\/www.one.org\/de\/neuigkeiten\/author\/admin\/\"}]}<\/script>\n<!-- \/ Yoast SEO Premium plugin. -->","yoast_head_json":{"title":"6 Dokus \u00fcber die Klimakrise in Afrika - ONE.org Deutschland","description":"Diese Dokumentarfilme erkl\u00e4ren dir, warum Afrika die am st\u00e4rksten vom Klima bedrohte Region ist und wie sich die Krise auf den Kontinent auswirkt.","robots":{"index":"index","follow":"follow","max-snippet":"max-snippet:-1","max-image-preview":"max-image-preview:large","max-video-preview":"max-video-preview:-1"},"canonical":"https:\/\/www.one.org\/de\/neuigkeiten\/6-dokus-ueber-die-klimakrise-in-afrika\/","og_locale":"de_DE","og_type":"article","og_title":"6 Dokus \u00fcber die Klimakrise in Afrika","og_description":"Diese Dokumentarfilme erkl\u00e4ren dir, warum Afrika die am st\u00e4rksten vom Klima bedrohte Region ist und wie sich die Krise auf den Kontinent auswirkt.","og_url":"https:\/\/www.one.org\/de\/neuigkeiten\/6-dokus-ueber-die-klimakrise-in-afrika\/","og_site_name":"ONE.org Deutschland","article_publisher":"https:\/\/www.facebook.com\/ONEinNederland","article_published_time":"2023-11-16T11:45:44+00:00","article_modified_time":"2023-11-21T12:50:26+00:00","og_image":[{"width":2560,"height":1340,"url":"https:\/\/cdn.one.org\/oneorg\/wp-content\/uploads\/sites\/3\/2023\/11\/07135958\/dane-kelly-1_VAFwUAUQY-unsplash-3-scaled.jpg","type":"image\/jpeg"}],"author":"admin","twitter_card":"summary_large_image","twitter_creator":"@ONENederland","twitter_site":"@ONENederland","twitter_misc":{"Written by":"admin","Est. reading time":"3 minutes"},"schema":{"@context":"https:\/\/schema.org","@graph":[{"@type":["Article","BlogPosting"],"@id":"https:\/\/www.one.org\/de\/neuigkeiten\/6-dokus-ueber-die-klimakrise-in-afrika\/#article","isPartOf":{"@id":"https:\/\/www.one.org\/de\/neuigkeiten\/6-dokus-ueber-die-klimakrise-in-afrika\/"},"author":{"name":"admin","@id":"https:\/\/www.one.org\/de\/#\/schema\/person\/236ef43a079c36667c3f1de2da8e0838"},"headline":"6 Dokus \u00fcber die Klimakrise in Afrika","datePublished":"2023-11-16T11:45:44+00:00","dateModified":"2023-11-21T12:50:26+00:00","mainEntityOfPage":{"@id":"https:\/\/www.one.org\/de\/neuigkeiten\/6-dokus-ueber-die-klimakrise-in-afrika\/"},"wordCount":704,"image":{"@id":"https:\/\/www.one.org\/de\/neuigkeiten\/6-dokus-ueber-die-klimakrise-in-afrika\/#primaryimage"},"thumbnailUrl":"https:\/\/www.one.org\/de\/wp-content\/uploads\/sites\/3\/2023\/11\/dane-kelly-1_VAFwUAUQY-unsplash-3-scaled.jpg","keywords":["klima"],"inLanguage":"de-DE"},{"@type":"WebPage","@id":"https:\/\/www.one.org\/de\/neuigkeiten\/6-dokus-ueber-die-klimakrise-in-afrika\/","url":"https:\/\/www.one.org\/de\/neuigkeiten\/6-dokus-ueber-die-klimakrise-in-afrika\/","name":"6 Dokus \u00fcber die Klimakrise in Afrika - ONE.org Deutschland","isPartOf":{"@id":"https:\/\/www.one.org\/de\/#website"},"primaryImageOfPage":{"@id":"https:\/\/www.one.org\/de\/neuigkeiten\/6-dokus-ueber-die-klimakrise-in-afrika\/#primaryimage"},"image":{"@id":"https:\/\/www.one.org\/de\/neuigkeiten\/6-dokus-ueber-die-klimakrise-in-afrika\/#primaryimage"},"thumbnailUrl":"https:\/\/www.one.org\/de\/wp-content\/uploads\/sites\/3\/2023\/11\/dane-kelly-1_VAFwUAUQY-unsplash-3-scaled.jpg","datePublished":"2023-11-16T11:45:44+00:00","dateModified":"2023-11-21T12:50:26+00:00","author":{"@id":"https:\/\/www.one.org\/de\/#\/schema\/person\/236ef43a079c36667c3f1de2da8e0838"},"description":"Diese Dokumentarfilme erkl\u00e4ren dir, warum Afrika die am st\u00e4rksten vom Klima bedrohte Region ist und wie sich die Krise auf den Kontinent auswirkt.","breadcrumb":{"@id":"https:\/\/www.one.org\/de\/neuigkeiten\/6-dokus-ueber-die-klimakrise-in-afrika\/#breadcrumb"},"inLanguage":"de-DE","potentialAction":[{"@type":"ReadAction","target":["https:\/\/www.one.org\/de\/neuigkeiten\/6-dokus-ueber-die-klimakrise-in-afrika\/"]}]},{"@type":"ImageObject","inLanguage":"de-DE","@id":"https:\/\/www.one.org\/de\/neuigkeiten\/6-dokus-ueber-die-klimakrise-in-afrika\/#primaryimage","url":"https:\/\/www.one.org\/de\/wp-content\/uploads\/sites\/3\/2023\/11\/dane-kelly-1_VAFwUAUQY-unsplash-3-scaled.jpg","contentUrl":"https:\/\/www.one.org\/de\/wp-content\/uploads\/sites\/3\/2023\/11\/dane-kelly-1_VAFwUAUQY-unsplash-3-scaled.jpg","width":2560,"height":1340},{"@type":"BreadcrumbList","@id":"https:\/\/www.one.org\/de\/neuigkeiten\/6-dokus-ueber-die-klimakrise-in-afrika\/#breadcrumb","itemListElement":[{"@type":"ListItem","position":1,"name":"Home","item":"https:\/\/www.one.org\/de\/"},{"@type":"ListItem","position":2,"name":"6 Dokus \u00fcber die Klimakrise in Afrika"}]},{"@type":"WebSite","@id":"https:\/\/www.one.org\/de\/#website","url":"https:\/\/www.one.org\/de\/","name":"ONE.org","description":"F\u00fcr mehr wirtschaftliche Chancen und ein starkes Gesundheitswesen in Afrika","potentialAction":[{"@type":"SearchAction","target":{"@type":"EntryPoint","urlTemplate":"https:\/\/www.one.org\/de\/?s={search_term_string}"},"query-input":{"@type":"PropertyValueSpecification","valueRequired":true,"valueName":"search_term_string"}}],"inLanguage":"de-DE"},{"@type":"Person","@id":"https:\/\/www.one.org\/de\/#\/schema\/person\/236ef43a079c36667c3f1de2da8e0838","name":"admin","image":{"@type":"ImageObject","inLanguage":"de-DE","@id":"https:\/\/www.one.org\/de\/#\/schema\/person\/image\/","url":"https:\/\/secure.gravatar.com\/avatar\/2b4204681b789d34ede86a735f8b6378df901f7f7ab7a9ca89af4670b2bb13b8?s=96&d=mm&r=g","contentUrl":"https:\/\/secure.gravatar.com\/avatar\/2b4204681b789d34ede86a735f8b6378df901f7f7ab7a9ca89af4670b2bb13b8?s=96&d=mm&r=g","caption":"admin"},"sameAs":["http:\/\/www.one.org"],"url":"https:\/\/www.one.org\/de\/neuigkeiten\/author\/admin\/"}]}},"distributor_meta":false,"distributor_terms":false,"distributor_media":false,"distributor_original_site_name":"ONE.org Deutschland","distributor_original_site_url":"https:\/\/www.one.org\/de","push-errors":false,"_links":{"self":[{"href":"https:\/\/www.one.org\/de\/wp-json\/wp\/v2\/posts\/170101","targetHints":{"allow":["GET"]}}],"collection":[{"href":"https:\/\/www.one.org\/de\/wp-json\/wp\/v2\/posts"}],"about":[{"href":"https:\/\/www.one.org\/de\/wp-json\/wp\/v2\/types\/post"}],"author":[{"embeddable":true,"href":"https:\/\/www.one.org\/de\/wp-json\/wp\/v2\/users\/1"}],"replies":[{"embeddable":true,"href":"https:\/\/www.one.org\/de\/wp-json\/wp\/v2\/comments?post=170101"}],"version-history":[{"count":0,"href":"https:\/\/www.one.org\/de\/wp-json\/wp\/v2\/posts\/170101\/revisions"}],"wp:featuredmedia":[{"embeddable":true,"href":"https:\/\/www.one.org\/de\/wp-json\/wp\/v2\/media\/170102"}],"wp:attachment":[{"href":"https:\/\/www.one.org\/de\/wp-json\/wp\/v2\/media?parent=170101"}],"wp:term":[{"taxonomy":"category","embeddable":true,"href":"https:\/\/www.one.org\/de\/wp-json\/wp\/v2\/categories?post=170101"},{"taxonomy":"post_tag","embeddable":true,"href":"https:\/\/www.one.org\/de\/wp-json\/wp\/v2\/tags?post=170101"},{"taxonomy":"topic","embeddable":true,"href":"https:\/\/www.one.org\/de\/wp-json\/wp\/v2\/topic?post=170101"},{"taxonomy":"contributor","embeddable":true,"href":"https:\/\/www.one.org\/de\/wp-json\/wp\/v2\/contributor?post=170101"},{"taxonomy":"one_content_audience","embeddable":true,"href":"https:\/\/www.one.org\/de\/wp-json\/wp\/v2\/one_content_audience?post=170101"},{"taxonomy":"one_content_type","embeddable":true,"href":"https:\/\/www.one.org\/de\/wp-json\/wp\/v2\/one_content_type?post=170101"},{"taxonomy":"one_content_tone","embeddable":true,"href":"https:\/\/www.one.org\/de\/wp-json\/wp\/v2\/one_content_tone?post=170101"}],"curies":[{"name":"wp","href":"https:\/\/api.w.org\/{rel}","templated":true}]}}