{"id":169596,"date":"2023-10-02T15:13:36","date_gmt":"2023-10-02T15:13:36","guid":{"rendered":"https:\/\/www.one.org\/de\/?p=169596"},"modified":"2023-10-09T14:03:55","modified_gmt":"2023-10-09T14:03:55","slug":"malaria-wirbelsturm-freddy-mosambik","status":"publish","type":"post","link":"https:\/\/www.one.org\/de\/neuigkeiten\/malaria-wirbelsturm-freddy-mosambik\/","title":{"rendered":"Wie durch den Wirbelsturm Freddy in Mosambik die Malaria-Infektionen steigen"},"content":{"rendered":"\n<p><em>Dies ist ein Gastbeitrag des&nbsp;<a href=\"https:\/\/www.theglobalfund.org\/en\/\">Globalen Fonds<\/a>, einem weltweiten Finanzierungsinstrument zur Bel\u00e4mpfung von HIV\/Aids, Tuberkulose und Malaria<\/em>. <em>Der Zyklon Freddy gab im Fr\u00fchjahr 2023 einen d\u00fcsteren Ausblick darauf, welch dramatische Folgen der Klimawandel in L\u00e4ndern wie Mosambik haben kann. Der Wirbelsturm brachte Sturmb\u00f6en und Hochwasser und zwang fast 185.000 Menschen zur Flucht, darunter auch Celina und ihre Familie. Nach dem Hochwasser blieb die Zerst\u00f6rung \u2013 und die Angst vor Malaria, denn Wassert\u00fcmpel bilden den perfekten N\u00e4hrboden f\u00fcr die krankheits\u00fcbertragenden Moskitos. Seitdem ist die Malaria-Pr\u00e4ventionsarbeit in besonders betroffenen Gebieten enorm ausgeweitet worden. Neben umfangreichen Spr\u00fchkampagnen kl\u00e4ren sie \u00fcber weitere Pr\u00e4ventionsm\u00f6glichkeiten, wie die Fr\u00fcherkennung von Symptomen und Behandlungsm\u00f6glichkeiten im Krankheitsfall auf.&nbsp;&nbsp;<\/em><\/p>\n\n\n\n<p>Als das Hochwasser das Heim von Celina Tembe erreichte, brachte ein Nachbar Celina und ihre drei Kinder in Sicherheit. \u201eFr\u00fcher wussten wir, dass es im Winter keinen Regen geben w\u00fcrde\u201c, erkl\u00e4rt Celina. \u201eAber heute ist das&#8230; normal geworden.\u201c<\/p>\n\n\n\n<figure style=\"aspect-ratio: 500 \/ 281;\" class=\"wp-block-embed is-type-video is-provider-youtube wp-block-embed-youtube wp-embed-aspect-16-9 wp-has-aspect-ratio has-aspect-ratio is-ratio--landscape\"><div class=\"wp-block-embed__wrapper\">\n<iframe loading=\"lazy\" title=\"In Mozambique, Fighting Back Malaria after Cyclone Freddy\" width=\"500\" height=\"281\" src=\"https:\/\/www.youtube.com\/embed\/xfR21FZJpIk?start=1&#038;feature=oembed\" frameborder=\"0\" allow=\"accelerometer; autoplay; clipboard-write; encrypted-media; gyroscope; picture-in-picture; web-share\" referrerpolicy=\"strict-origin-when-cross-origin\" allowfullscreen><\/iframe>\n<\/div><\/figure>\n\n\n\n<p>Celinas Umgebung im Distrikt Boane in Mosambik stand gr\u00f6\u00dftenteils unter Wasser. Sie und ihre Familie flohen in eine \u00f6rtliche Schule, die in eine Notunterkunft f\u00fcr vom Hochwasser vertriebene Familien umgewandelt worden war. Die Region war bereits von \u00dcberschwemmungen betroffen, aber die Lage verschlimmerte sich mit dem Eintreffen des Zyklons Freddy, des am l\u00e4ngsten dauernden tropischen Zyklons seit Beginn der Aufzeichnungen. Anfang dieses Jahres traf der Zyklon zweimal auf die mosambikanische K\u00fcste, zwang sch\u00e4tzungsweise 184.000 Menschen zur Flucht und zerst\u00f6rte fast 132.000 Wohnungen.<\/p>\n\n\n\n<p>Nachdem Celina und ihre Kinder 10 Tage Zuflucht in der Schule gefunden hatten, kehrten sie nach Hause zur\u00fcck und mussten feststellen, dass ihre gesamte Habe von einer Schlammschicht bedeckt und vom Wasser ruiniert war. Die Ernte der Familie war vernichtet worden. In der gesamten Gegend standen Wassert\u00fcmpel \u2013 der perfekte N\u00e4hrboden f\u00fcr Moskitos, die Malaria \u00fcbertragen. Dann wurden Menschen schwer krank. Auch die beiden kleinen T\u00f6chter von Celina waren betroffen. \u201eWir hatten keine Moskitonetze. Wir flohen nur vor dem Wasser in unsere H\u00e4user\u201c, erkl\u00e4rte sie.<\/p>\n\n\n\n<blockquote class=\"wp-block-quote is-layout-flow wp-block-quote-is-layout-flow\">\n<p> Ich wollte die Wahrheit nicht glauben. Aber als ich im Krankenhaus ankam, sah ich, dass es Malaria war.&#8221;<\/p>\n<\/blockquote>\n\n\n\n<p>Die Nachricht, dass ihre beiden T\u00f6chter Malaria hatten, versetzte Celina in Schrecken. Nur sechs Monate, bevor sie der Zyklon traf, kam ihr 35-j\u00e4hriger Mann Maxaieie&nbsp;sp\u00e4t von der Arbeit nach Hause und hatte Fieber. Kaum 24 Stunden sp\u00e4ter wurde er positiv auf Malaria getestet und starb. \u201eIn diesem Moment erkannte ich, dass ich jetzt allein bin. Ich bin Vater und Mutter f\u00fcr meine Kinder. Ich begann, auf dem Feld zu arbeiten [Feldfr\u00fcchte zu ernten], um meine Kinder zu ern\u00e4hren\u201c, berichtet sie.<\/p>\n\n\n\n<figure class=\"wp-block-gallery has-nested-images columns-default is-cropped wp-block-gallery-1 is-layout-flex wp-block-gallery-is-layout-flex\">\n<figure class=\"wp-block-image size-large\"><img loading=\"lazy\" decoding=\"async\" width=\"1024\" height=\"683\" data-id=\"169597\" src=\"https:\/\/www.one.org\/de\/wp-content\/uploads\/sites\/3\/2023\/10\/DSCF2439-1024x683.jpg\" alt=\"\" class=\"wp-image-169597\" srcset=\"https:\/\/www.one.org\/de\/wp-content\/uploads\/sites\/3\/2023\/10\/DSCF2439-1024x683.jpg 1024w, https:\/\/www.one.org\/de\/wp-content\/uploads\/sites\/3\/2023\/10\/DSCF2439-300x200.jpg 300w, https:\/\/www.one.org\/de\/wp-content\/uploads\/sites\/3\/2023\/10\/DSCF2439-768x512.jpg 768w, https:\/\/www.one.org\/de\/wp-content\/uploads\/sites\/3\/2023\/10\/DSCF2439-1536x1024.jpg 1536w, https:\/\/www.one.org\/de\/wp-content\/uploads\/sites\/3\/2023\/10\/DSCF2439-2048x1365.jpg 2048w, https:\/\/www.one.org\/de\/wp-content\/uploads\/sites\/3\/2023\/10\/DSCF2439-16x11.jpg 16w, https:\/\/www.one.org\/de\/wp-content\/uploads\/sites\/3\/2023\/10\/DSCF2439-320x213.jpg 320w, https:\/\/www.one.org\/de\/wp-content\/uploads\/sites\/3\/2023\/10\/DSCF2439-640x427.jpg 640w, https:\/\/www.one.org\/de\/wp-content\/uploads\/sites\/3\/2023\/10\/DSCF2439-800x533.jpg 800w, https:\/\/www.one.org\/de\/wp-content\/uploads\/sites\/3\/2023\/10\/DSCF2439-1600x1067.jpg 1600w, https:\/\/www.one.org\/de\/wp-content\/uploads\/sites\/3\/2023\/10\/DSCF2439-945x630.jpg 945w\" sizes=\"auto, (max-width: 1024px) 100vw, 1024px\" \/><figcaption class=\"wp-element-caption\">Celina Jorge Tembe wartet im Haus ihrer Nachbarn in Boane, Mosambik mit ihrer Familie. W\u00e4hrend ihr Haus mit Anti-Malaria-Spray eingespr\u00fcht wird. &#8211; <em>Photo Credit: Tommy Trenchard<\/em><\/figcaption><\/figure>\n\n\n\n<figure class=\"wp-block-image size-large\"><img loading=\"lazy\" decoding=\"async\" width=\"1024\" height=\"683\" data-id=\"169599\" src=\"https:\/\/www.one.org\/de\/wp-content\/uploads\/sites\/3\/2023\/10\/DSCF2565-1-1024x683.jpg\" alt=\"\" class=\"wp-image-169599\" srcset=\"https:\/\/www.one.org\/de\/wp-content\/uploads\/sites\/3\/2023\/10\/DSCF2565-1-1024x683.jpg 1024w, https:\/\/www.one.org\/de\/wp-content\/uploads\/sites\/3\/2023\/10\/DSCF2565-1-300x200.jpg 300w, https:\/\/www.one.org\/de\/wp-content\/uploads\/sites\/3\/2023\/10\/DSCF2565-1-768x512.jpg 768w, https:\/\/www.one.org\/de\/wp-content\/uploads\/sites\/3\/2023\/10\/DSCF2565-1-1536x1024.jpg 1536w, https:\/\/www.one.org\/de\/wp-content\/uploads\/sites\/3\/2023\/10\/DSCF2565-1-2048x1365.jpg 2048w, https:\/\/www.one.org\/de\/wp-content\/uploads\/sites\/3\/2023\/10\/DSCF2565-1-16x11.jpg 16w, https:\/\/www.one.org\/de\/wp-content\/uploads\/sites\/3\/2023\/10\/DSCF2565-1-320x213.jpg 320w, https:\/\/www.one.org\/de\/wp-content\/uploads\/sites\/3\/2023\/10\/DSCF2565-1-640x427.jpg 640w, https:\/\/www.one.org\/de\/wp-content\/uploads\/sites\/3\/2023\/10\/DSCF2565-1-800x533.jpg 800w, https:\/\/www.one.org\/de\/wp-content\/uploads\/sites\/3\/2023\/10\/DSCF2565-1-1600x1067.jpg 1600w, https:\/\/www.one.org\/de\/wp-content\/uploads\/sites\/3\/2023\/10\/DSCF2565-1-945x630.jpg 945w\" sizes=\"auto, (max-width: 1024px) 100vw, 1024px\" \/><figcaption class=\"wp-element-caption\">Shalice and Jorge Manuel haben ihren Vater durch Malaria verloren. &#8211; <em>Photo Credit: Tommy Trenchard<\/em><\/figcaption><\/figure>\n<\/figure>\n\n\n\n<p>Nachdem Celinas beide T\u00f6chter auf Malaria getestet wurden und schnell eine Therapie eingeleitet wurde, erholten sich beide vollst\u00e4ndig. Heute tut Celina ihr Bestes, um alles zu ersetzen, was sie durch den Zyklon verloren haben: M\u00f6bel, Matratzen, den Fernseher der Familie und Lebensmittelvorr\u00e4te. Celina und ihre Familie sind nicht die Einzigen, die unter den schweren Folgen des Klimawandels leiden.<\/p>\n\n\n\n<p>Malaria gilt als eine der klimasensibelsten Krankheiten. Nach St\u00fcrmen und \u00dcberschwemmungen wird in Regionen weltweit ein Anstieg der F\u00e4lle verzeichnet. Laut Sch\u00e4tzungen der Weltgesundheitsorganisation k\u00f6nnte es bis 2050 weitere 250.000 Todesf\u00e4lle pro Jahr durch den Klimawandel geben \u2013 und 60.000 dieser Todesf\u00e4lle k\u00f6nnten auf Malaria zur\u00fcckzuf\u00fchren sein.<\/p>\n\n\n\n<p>F\u00fcr Mosambik, ein Land mit der vierth\u00f6chsten Zahl von Malariaf\u00e4llen weltweit (10,3 Millionen F\u00e4lle im Jahr 2021 bei einer Bev\u00f6lkerungszahl von etwa 33 Millionen und hoher Anf\u00e4lligkeit f\u00fcr Extremwetterereignisse, k\u00f6nnte die \u00dcberschneidung von Malaria und Klimawandel besonders t\u00f6dlich sein. Der Globale Fonds arbeitet bei der Eind\u00e4mmung von Malaria in Mosambik mit der Regierung, lokalen Gemeinschaften und anderen Partnern zusammen. Nach dem Zyklon Freddy wurden diese Bem\u00fchungen intensiviert.<\/p>\n\n\n\n<p>Unmittelbar nach dem Unwetter wurden die Investitionen eingesetzt, um Ausr\u00fcstung f\u00fcr den Hochwasserschutz, Nahrungsmittel und Moskitonetze f\u00fcr die Notunterk\u00fcnfte zur Verf\u00fcgung zu stellen. Dann wurde die Finanzhilfe f\u00fcr <a href=\"https:\/\/data.theglobalfund.org\/location\/Multicountry%20Southern%20Africa%20MOSASWA\/overview\">MOSASWA<\/a> erh\u00f6ht. Dies ist eine regionale Initiative der L\u00e4nder Eswatini, Mosambik und S\u00fcdafrika, die sich grenz\u00fcberschreitend f\u00fcr die Malariabek\u00e4mpfung einsetzt und gemeinsam vom Globalen Fonds, der <a href=\"https:\/\/www.gatesfoundation.org\/\">Bill &amp; Melinda Gates Foundation<\/a> und <a href=\"https:\/\/www.goodbyemalaria.com\/\">Goodbye Malaria<\/a> finanziert wird. <\/p>\n\n\n\n<p>Die Finanzmittel wurden f\u00fcr die Unterst\u00fctzung von Spr\u00fchkampagnen in der N\u00e4he von Notunterk\u00fcnften und den Einsatz von Larviziden verwendet. Diese dienten der Abt\u00f6tung von Moskitolarven in Bereichen, in denen nach R\u00fcckgang des Hochwassers weiterhin Wasser stand. Die Standorte aller behandelten Gew\u00e4sser wurden mit mobilen Apps erfasst, um Daten \u00fcber die Larvizidanwendungen nahezu in Echtzeit zur Verf\u00fcgung zu stellen. Die Teams f\u00fchrten au\u00dferdem in 10.000 H\u00e4usern eine Innenraumbespr\u00fchung durch, um die direkt von den \u00dcberschwemmungen betroffenen Menschen zu sch\u00fctzen.<\/p>\n\n\n\n<figure class=\"wp-block-image size-large\"><img loading=\"lazy\" decoding=\"async\" width=\"1024\" height=\"683\" src=\"https:\/\/www.one.org\/de\/wp-content\/uploads\/sites\/3\/2023\/10\/DSCF9742-1024x683.jpg\" alt=\"\" class=\"wp-image-169600\" srcset=\"https:\/\/www.one.org\/de\/wp-content\/uploads\/sites\/3\/2023\/10\/DSCF9742-1024x683.jpg 1024w, https:\/\/www.one.org\/de\/wp-content\/uploads\/sites\/3\/2023\/10\/DSCF9742-300x200.jpg 300w, https:\/\/www.one.org\/de\/wp-content\/uploads\/sites\/3\/2023\/10\/DSCF9742-768x512.jpg 768w, https:\/\/www.one.org\/de\/wp-content\/uploads\/sites\/3\/2023\/10\/DSCF9742-1536x1024.jpg 1536w, https:\/\/www.one.org\/de\/wp-content\/uploads\/sites\/3\/2023\/10\/DSCF9742-2048x1365.jpg 2048w, https:\/\/www.one.org\/de\/wp-content\/uploads\/sites\/3\/2023\/10\/DSCF9742-16x11.jpg 16w, https:\/\/www.one.org\/de\/wp-content\/uploads\/sites\/3\/2023\/10\/DSCF9742-320x213.jpg 320w, https:\/\/www.one.org\/de\/wp-content\/uploads\/sites\/3\/2023\/10\/DSCF9742-640x427.jpg 640w, https:\/\/www.one.org\/de\/wp-content\/uploads\/sites\/3\/2023\/10\/DSCF9742-800x533.jpg 800w, https:\/\/www.one.org\/de\/wp-content\/uploads\/sites\/3\/2023\/10\/DSCF9742-1600x1067.jpg 1600w, https:\/\/www.one.org\/de\/wp-content\/uploads\/sites\/3\/2023\/10\/DSCF9742-945x630.jpg 945w\" sizes=\"auto, (max-width: 1024px) 100vw, 1024px\" \/><figcaption class=\"wp-element-caption\">Adelaide Tamele &#8211; <em>Photo Credit: Tommy Trenchard<\/em><\/figcaption><\/figure>\n\n\n\n<p>Adelaide Tamele leitet eines der Teams, die in der Nachbarschaft von Celina gearbeitet haben. Sie \u00fcbt diese T\u00e4tigkeit jetzt seit sechs Jahren aus. Sie erinnert sich lebhaft an den Zyklon und daran, wie sie und ihr Team wegen der starken Regenf\u00e4lle die Arbeit einstellen mussten. Nachdem der Sturm vor\u00fcber war, haben sie ihre Anstrengungen dann nochmals gesteigert.<\/p>\n\n\n\n<p>\u201eNach dem Hochwasser mussten wir weiterarbeiten, um die Innenraumbespr\u00fchung der H\u00e4user abzuschlie\u00dfen, in denen wir wegen des Hochwassers nicht arbeiten konnten\u201c, erkl\u00e4rt sie. <\/p>\n\n\n\n<blockquote class=\"wp-block-quote is-layout-flow wp-block-quote-is-layout-flow\">\n<p>Nach dem Hochwasser nahmen die Malariaf\u00e4lle zu \u2013 es gab sehr viele Moskitos.&#8221;<\/p>\n<\/blockquote>\n\n\n\n<p>Neben der Durchf\u00fchrung der Spr\u00fchma\u00dfnahmen sprechen Adelaide und ihr Team mit den Familien \u00fcber Malariapr\u00e4vention und erkl\u00e4ren ihnen, wie sie die Symptome erkennen und wohin sie sich f\u00fcr Tests und die Behandlung wenden k\u00f6nnen. <\/p>\n\n\n\n<figure class=\"wp-block-gallery has-nested-images columns-default is-cropped wp-block-gallery-2 is-layout-flex wp-block-gallery-is-layout-flex\">\n<figure class=\"wp-block-image size-large\"><img loading=\"lazy\" decoding=\"async\" width=\"1024\" height=\"683\" data-id=\"169602\" src=\"https:\/\/www.one.org\/de\/wp-content\/uploads\/sites\/3\/2023\/10\/DSCF2211-1024x683.jpg\" alt=\"\" class=\"wp-image-169602\" srcset=\"https:\/\/www.one.org\/de\/wp-content\/uploads\/sites\/3\/2023\/10\/DSCF2211-1024x683.jpg 1024w, https:\/\/www.one.org\/de\/wp-content\/uploads\/sites\/3\/2023\/10\/DSCF2211-300x200.jpg 300w, https:\/\/www.one.org\/de\/wp-content\/uploads\/sites\/3\/2023\/10\/DSCF2211-768x512.jpg 768w, https:\/\/www.one.org\/de\/wp-content\/uploads\/sites\/3\/2023\/10\/DSCF2211-1536x1024.jpg 1536w, https:\/\/www.one.org\/de\/wp-content\/uploads\/sites\/3\/2023\/10\/DSCF2211-2048x1365.jpg 2048w, https:\/\/www.one.org\/de\/wp-content\/uploads\/sites\/3\/2023\/10\/DSCF2211-16x11.jpg 16w, https:\/\/www.one.org\/de\/wp-content\/uploads\/sites\/3\/2023\/10\/DSCF2211-320x213.jpg 320w, https:\/\/www.one.org\/de\/wp-content\/uploads\/sites\/3\/2023\/10\/DSCF2211-640x427.jpg 640w, https:\/\/www.one.org\/de\/wp-content\/uploads\/sites\/3\/2023\/10\/DSCF2211-800x533.jpg 800w, https:\/\/www.one.org\/de\/wp-content\/uploads\/sites\/3\/2023\/10\/DSCF2211-1600x1067.jpg 1600w, https:\/\/www.one.org\/de\/wp-content\/uploads\/sites\/3\/2023\/10\/DSCF2211-945x630.jpg 945w\" sizes=\"auto, (max-width: 1024px) 100vw, 1024px\" \/><figcaption class=\"wp-element-caption\"><em>Photo Credit: Tommy Trenchard<\/em><\/figcaption><\/figure>\n\n\n\n<figure class=\"wp-block-image size-large\"><img loading=\"lazy\" decoding=\"async\" width=\"1024\" height=\"683\" data-id=\"169601\" src=\"https:\/\/www.one.org\/de\/wp-content\/uploads\/sites\/3\/2023\/10\/DSCF4951-1024x683.jpg\" alt=\"\" class=\"wp-image-169601\" srcset=\"https:\/\/www.one.org\/de\/wp-content\/uploads\/sites\/3\/2023\/10\/DSCF4951-1024x683.jpg 1024w, https:\/\/www.one.org\/de\/wp-content\/uploads\/sites\/3\/2023\/10\/DSCF4951-300x200.jpg 300w, https:\/\/www.one.org\/de\/wp-content\/uploads\/sites\/3\/2023\/10\/DSCF4951-768x512.jpg 768w, https:\/\/www.one.org\/de\/wp-content\/uploads\/sites\/3\/2023\/10\/DSCF4951-1536x1024.jpg 1536w, https:\/\/www.one.org\/de\/wp-content\/uploads\/sites\/3\/2023\/10\/DSCF4951-2048x1365.jpg 2048w, https:\/\/www.one.org\/de\/wp-content\/uploads\/sites\/3\/2023\/10\/DSCF4951-16x11.jpg 16w, https:\/\/www.one.org\/de\/wp-content\/uploads\/sites\/3\/2023\/10\/DSCF4951-320x213.jpg 320w, https:\/\/www.one.org\/de\/wp-content\/uploads\/sites\/3\/2023\/10\/DSCF4951-640x427.jpg 640w, https:\/\/www.one.org\/de\/wp-content\/uploads\/sites\/3\/2023\/10\/DSCF4951-800x533.jpg 800w, https:\/\/www.one.org\/de\/wp-content\/uploads\/sites\/3\/2023\/10\/DSCF4951-1600x1067.jpg 1600w, https:\/\/www.one.org\/de\/wp-content\/uploads\/sites\/3\/2023\/10\/DSCF4951-945x630.jpg 945w\" sizes=\"auto, (max-width: 1024px) 100vw, 1024px\" \/><figcaption class=\"wp-element-caption\"><em>Photo Credit: Tommy Trenchard<\/em><\/figcaption><\/figure>\n\n\n\n<figure class=\"wp-block-image size-large\"><img loading=\"lazy\" decoding=\"async\" width=\"1024\" height=\"683\" data-id=\"169603\" src=\"https:\/\/www.one.org\/de\/wp-content\/uploads\/sites\/3\/2023\/10\/DSCF9576-1024x683.jpg\" alt=\"\" class=\"wp-image-169603\" srcset=\"https:\/\/www.one.org\/de\/wp-content\/uploads\/sites\/3\/2023\/10\/DSCF9576-1024x683.jpg 1024w, https:\/\/www.one.org\/de\/wp-content\/uploads\/sites\/3\/2023\/10\/DSCF9576-300x200.jpg 300w, https:\/\/www.one.org\/de\/wp-content\/uploads\/sites\/3\/2023\/10\/DSCF9576-768x512.jpg 768w, https:\/\/www.one.org\/de\/wp-content\/uploads\/sites\/3\/2023\/10\/DSCF9576-1536x1024.jpg 1536w, https:\/\/www.one.org\/de\/wp-content\/uploads\/sites\/3\/2023\/10\/DSCF9576-2048x1365.jpg 2048w, https:\/\/www.one.org\/de\/wp-content\/uploads\/sites\/3\/2023\/10\/DSCF9576-16x11.jpg 16w, https:\/\/www.one.org\/de\/wp-content\/uploads\/sites\/3\/2023\/10\/DSCF9576-320x213.jpg 320w, https:\/\/www.one.org\/de\/wp-content\/uploads\/sites\/3\/2023\/10\/DSCF9576-640x427.jpg 640w, https:\/\/www.one.org\/de\/wp-content\/uploads\/sites\/3\/2023\/10\/DSCF9576-800x533.jpg 800w, https:\/\/www.one.org\/de\/wp-content\/uploads\/sites\/3\/2023\/10\/DSCF9576-1600x1067.jpg 1600w, https:\/\/www.one.org\/de\/wp-content\/uploads\/sites\/3\/2023\/10\/DSCF9576-945x630.jpg 945w\" sizes=\"auto, (max-width: 1024px) 100vw, 1024px\" \/><figcaption class=\"wp-element-caption\"><em>Photo Credit: Tommy Trenchard<\/em><\/figcaption><\/figure>\n<\/figure>\n\n\n\n<p>Adelaide ist nach eigener Aussage hoch motiviert, ein Team zu leiten, das Malaria bek\u00e4mpft, denn es bietet ihr die M\u00f6glichkeit, die Gesundheit der Menschen in ihrem Umfeld zu sch\u00fctzen. Sie war auch pers\u00f6nlich von der Krankheit betroffen: Ihre 16-j\u00e4hrige Nichte starb im letzten Jahr an Malaria. \u201eSie bekam Kopfschmerzen\u2026 am n\u00e4chsten Tag brachten wir sie ins Krankenhaus, weil die Schmerzen nicht aufh\u00f6rten. Sie kam auf eine Intensivstation\u2026 und starb dann\u201c, erz\u00e4hlt sie.<\/p>\n\n\n\n<blockquote class=\"wp-block-quote is-layout-flow wp-block-quote-is-layout-flow\">\n<p> Mein Traum ist, Malaria zu beseitigen. Ich m\u00f6chte, dass Malaria ganz verschwindet.&#8221;<\/p>\n<\/blockquote>\n\n\n\n<p>Der Globale Fonds unterst\u00fctzt L\u00e4nder und lokale Gemeinschaften bei ihrer Reaktion auf Gesundheitskrisen, die durch Extremwetterereignisse verursacht werden, und bittet dringend um h\u00f6here Investitionen, um die schweren gesundheitlichen Auswirkungen des Klimawandels abzumildern.<\/p>\n\n\n\n<hr class=\"wp-block-separator has-alpha-channel-opacity\" \/>\n\n\n\n<p><a id=\"_msocom_1\"><\/a><\/p>\n\n\n\n<p><\/p>\n<div class=\"buffer\"><\/div>","protected":false},"excerpt":{"rendered":"<p>Dies ist ein Gastbeitrag des&nbsp;Globalen Fonds, einem weltweiten Finanzierungsinstrument zur Bel\u00e4mpfung von HIV\/Aids, Tuberkulose und Malaria. Der Zyklon Freddy gab im Fr\u00fchjahr 2023 einen d\u00fcsteren Ausblick darauf, welch dramatische Folgen der Klimawandel in L\u00e4ndern wie Mosambik haben kann. Der Wirbelsturm brachte Sturmb\u00f6en und Hochwasser und zwang fast 185.000 Menschen zur Flucht, darunter auch Celina und [&hellip;]<\/p>\n","protected":false},"author":1,"featured_media":169604,"comment_status":"closed","ping_status":"closed","sticky":false,"template":"","format":"standard","meta":{"_acf_changed":false,"_relevanssi_hide_post":"","_relevanssi_hide_content":"","_relevanssi_pin_for_all":"","_relevanssi_pin_keywords":"","_relevanssi_unpin_keywords":"","_relevanssi_related_keywords":"","_relevanssi_related_include_ids":"","_relevanssi_related_exclude_ids":"","_relevanssi_related_no_append":"","_relevanssi_related_not_related":"","_relevanssi_related_posts":"167503,167517,166959,167548,167288,167547","_relevanssi_noindex_reason":"","footnotes":""},"categories":[170],"tags":[],"topic":[],"contributor":[191],"one_content_audience":[],"one_content_type":[],"one_content_tone":[],"class_list":["post-169596","post","type-post","status-publish","format-standard","has-post-thumbnail","hentry","category-aktuelles","contributor-gastbeitrag-des-globalen-fonds"],"acf":[],"yoast_head":"<!-- This site is optimized with the Yoast SEO Premium plugin v27.1 (Yoast SEO v27.1.1) - https:\/\/yoast.com\/product\/yoast-seo-premium-wordpress\/ -->\n<title>Wie durch den Wirbelsturm Freddy in Mosambik die Malaria-Infektionen steigen - ONE.org Deutschland<\/title>\n<meta name=\"description\" content=\"Im Februar 2023 suchte der Wirbelsturm Freddy Malawi, Mosambik und Madagaskar heim und l\u00f6ste neben \u00dcberschwemmungen und Hungersn\u00f6te auch Malaria aus.\" \/>\n<meta name=\"robots\" content=\"index, follow, max-snippet:-1, max-image-preview:large, max-video-preview:-1\" \/>\n<link rel=\"canonical\" href=\"https:\/\/www.one.org\/de\/neuigkeiten\/malaria-wirbelsturm-freddy-mosambik\/\" \/>\n<meta property=\"og:locale\" content=\"de_DE\" \/>\n<meta property=\"og:type\" content=\"article\" \/>\n<meta property=\"og:title\" content=\"Wie durch den Wirbelsturm Freddy in Mosambik die Malaria-Infektionen steigen\" \/>\n<meta property=\"og:description\" content=\"Im Februar 2023 suchte der Wirbelsturm Freddy Malawi, Mosambik und Madagaskar heim und l\u00f6ste neben \u00dcberschwemmungen und Hungersn\u00f6te auch Malaria aus.\" \/>\n<meta property=\"og:url\" content=\"https:\/\/www.one.org\/de\/neuigkeiten\/malaria-wirbelsturm-freddy-mosambik\/\" \/>\n<meta property=\"og:site_name\" content=\"ONE.org Deutschland\" \/>\n<meta property=\"article:publisher\" content=\"https:\/\/www.facebook.com\/ONEinNederland\" \/>\n<meta property=\"article:published_time\" content=\"2023-10-02T15:13:36+00:00\" \/>\n<meta property=\"article:modified_time\" content=\"2023-10-09T14:03:55+00:00\" \/>\n<meta property=\"og:image\" content=\"https:\/\/cdn.one.org\/oneorg\/wp-content\/uploads\/sites\/3\/2023\/10\/02151308\/DSCF0760-scaled.jpg\" \/>\n\t<meta property=\"og:image:width\" content=\"2560\" \/>\n\t<meta property=\"og:image:height\" content=\"1707\" \/>\n\t<meta property=\"og:image:type\" content=\"image\/jpeg\" \/>\n<meta name=\"author\" content=\"admin\" \/>\n<meta name=\"twitter:card\" content=\"summary_large_image\" \/>\n<meta name=\"twitter:creator\" content=\"@ONENederland\" \/>\n<meta name=\"twitter:site\" content=\"@ONENederland\" \/>\n<meta name=\"twitter:label1\" content=\"Written by\" \/>\n\t<meta name=\"twitter:data1\" content=\"admin\" \/>\n\t<meta name=\"twitter:label2\" content=\"Est. reading time\" \/>\n\t<meta name=\"twitter:data2\" content=\"6 minutes\" \/>\n<script type=\"application\/ld+json\" class=\"yoast-schema-graph\">{\"@context\":\"https:\/\/schema.org\",\"@graph\":[{\"@type\":[\"Article\",\"BlogPosting\"],\"@id\":\"https:\/\/www.one.org\/de\/neuigkeiten\/malaria-wirbelsturm-freddy-mosambik\/#article\",\"isPartOf\":{\"@id\":\"https:\/\/www.one.org\/de\/neuigkeiten\/malaria-wirbelsturm-freddy-mosambik\/\"},\"author\":{\"name\":\"admin\",\"@id\":\"https:\/\/www.one.org\/de\/#\/schema\/person\/236ef43a079c36667c3f1de2da8e0838\"},\"headline\":\"Wie durch den Wirbelsturm Freddy in Mosambik die Malaria-Infektionen steigen\",\"datePublished\":\"2023-10-02T15:13:36+00:00\",\"dateModified\":\"2023-10-09T14:03:55+00:00\",\"mainEntityOfPage\":{\"@id\":\"https:\/\/www.one.org\/de\/neuigkeiten\/malaria-wirbelsturm-freddy-mosambik\/\"},\"wordCount\":1158,\"image\":{\"@id\":\"https:\/\/www.one.org\/de\/neuigkeiten\/malaria-wirbelsturm-freddy-mosambik\/#primaryimage\"},\"thumbnailUrl\":\"https:\/\/www.one.org\/de\/wp-content\/uploads\/sites\/3\/2023\/10\/DSCF0760-scaled.jpg\",\"articleSection\":[\"Aktuelles\"],\"inLanguage\":\"de-DE\"},{\"@type\":\"WebPage\",\"@id\":\"https:\/\/www.one.org\/de\/neuigkeiten\/malaria-wirbelsturm-freddy-mosambik\/\",\"url\":\"https:\/\/www.one.org\/de\/neuigkeiten\/malaria-wirbelsturm-freddy-mosambik\/\",\"name\":\"Wie durch den Wirbelsturm Freddy in Mosambik die Malaria-Infektionen steigen - ONE.org Deutschland\",\"isPartOf\":{\"@id\":\"https:\/\/www.one.org\/de\/#website\"},\"primaryImageOfPage\":{\"@id\":\"https:\/\/www.one.org\/de\/neuigkeiten\/malaria-wirbelsturm-freddy-mosambik\/#primaryimage\"},\"image\":{\"@id\":\"https:\/\/www.one.org\/de\/neuigkeiten\/malaria-wirbelsturm-freddy-mosambik\/#primaryimage\"},\"thumbnailUrl\":\"https:\/\/www.one.org\/de\/wp-content\/uploads\/sites\/3\/2023\/10\/DSCF0760-scaled.jpg\",\"datePublished\":\"2023-10-02T15:13:36+00:00\",\"dateModified\":\"2023-10-09T14:03:55+00:00\",\"author\":{\"@id\":\"https:\/\/www.one.org\/de\/#\/schema\/person\/236ef43a079c36667c3f1de2da8e0838\"},\"description\":\"Im Februar 2023 suchte der Wirbelsturm Freddy Malawi, Mosambik und Madagaskar heim und l\u00f6ste neben \u00dcberschwemmungen und Hungersn\u00f6te auch Malaria aus.\",\"breadcrumb\":{\"@id\":\"https:\/\/www.one.org\/de\/neuigkeiten\/malaria-wirbelsturm-freddy-mosambik\/#breadcrumb\"},\"inLanguage\":\"de-DE\",\"potentialAction\":[{\"@type\":\"ReadAction\",\"target\":[\"https:\/\/www.one.org\/de\/neuigkeiten\/malaria-wirbelsturm-freddy-mosambik\/\"]}]},{\"@type\":\"ImageObject\",\"inLanguage\":\"de-DE\",\"@id\":\"https:\/\/www.one.org\/de\/neuigkeiten\/malaria-wirbelsturm-freddy-mosambik\/#primaryimage\",\"url\":\"https:\/\/www.one.org\/de\/wp-content\/uploads\/sites\/3\/2023\/10\/DSCF0760-scaled.jpg\",\"contentUrl\":\"https:\/\/www.one.org\/de\/wp-content\/uploads\/sites\/3\/2023\/10\/DSCF0760-scaled.jpg\",\"width\":2560,\"height\":1707,\"caption\":\"A spraying team in Boane District, Mozambique, prepares to spray houses with insecticide to help protect families against malaria.\"},{\"@type\":\"BreadcrumbList\",\"@id\":\"https:\/\/www.one.org\/de\/neuigkeiten\/malaria-wirbelsturm-freddy-mosambik\/#breadcrumb\",\"itemListElement\":[{\"@type\":\"ListItem\",\"position\":1,\"name\":\"Home\",\"item\":\"https:\/\/www.one.org\/de\/\"},{\"@type\":\"ListItem\",\"position\":2,\"name\":\"Wie durch den Wirbelsturm Freddy in Mosambik die Malaria-Infektionen steigen\"}]},{\"@type\":\"WebSite\",\"@id\":\"https:\/\/www.one.org\/de\/#website\",\"url\":\"https:\/\/www.one.org\/de\/\",\"name\":\"ONE.org\",\"description\":\"F\u00fcr mehr wirtschaftliche Chancen und ein starkes Gesundheitswesen in Afrika\",\"potentialAction\":[{\"@type\":\"SearchAction\",\"target\":{\"@type\":\"EntryPoint\",\"urlTemplate\":\"https:\/\/www.one.org\/de\/?s={search_term_string}\"},\"query-input\":{\"@type\":\"PropertyValueSpecification\",\"valueRequired\":true,\"valueName\":\"search_term_string\"}}],\"inLanguage\":\"de-DE\"},{\"@type\":\"Person\",\"@id\":\"https:\/\/www.one.org\/de\/#\/schema\/person\/236ef43a079c36667c3f1de2da8e0838\",\"name\":\"admin\",\"image\":{\"@type\":\"ImageObject\",\"inLanguage\":\"de-DE\",\"@id\":\"https:\/\/www.one.org\/de\/#\/schema\/person\/image\/\",\"url\":\"https:\/\/secure.gravatar.com\/avatar\/2b4204681b789d34ede86a735f8b6378df901f7f7ab7a9ca89af4670b2bb13b8?s=96&d=mm&r=g\",\"contentUrl\":\"https:\/\/secure.gravatar.com\/avatar\/2b4204681b789d34ede86a735f8b6378df901f7f7ab7a9ca89af4670b2bb13b8?s=96&d=mm&r=g\",\"caption\":\"admin\"},\"sameAs\":[\"http:\/\/www.one.org\"],\"url\":\"https:\/\/www.one.org\/de\/neuigkeiten\/author\/admin\/\"}]}<\/script>\n<!-- \/ Yoast SEO Premium plugin. -->","yoast_head_json":{"title":"Wie durch den Wirbelsturm Freddy in Mosambik die Malaria-Infektionen steigen - ONE.org Deutschland","description":"Im Februar 2023 suchte der Wirbelsturm Freddy Malawi, Mosambik und Madagaskar heim und l\u00f6ste neben \u00dcberschwemmungen und Hungersn\u00f6te auch Malaria aus.","robots":{"index":"index","follow":"follow","max-snippet":"max-snippet:-1","max-image-preview":"max-image-preview:large","max-video-preview":"max-video-preview:-1"},"canonical":"https:\/\/www.one.org\/de\/neuigkeiten\/malaria-wirbelsturm-freddy-mosambik\/","og_locale":"de_DE","og_type":"article","og_title":"Wie durch den Wirbelsturm Freddy in Mosambik die Malaria-Infektionen steigen","og_description":"Im Februar 2023 suchte der Wirbelsturm Freddy Malawi, Mosambik und Madagaskar heim und l\u00f6ste neben \u00dcberschwemmungen und Hungersn\u00f6te auch Malaria aus.","og_url":"https:\/\/www.one.org\/de\/neuigkeiten\/malaria-wirbelsturm-freddy-mosambik\/","og_site_name":"ONE.org Deutschland","article_publisher":"https:\/\/www.facebook.com\/ONEinNederland","article_published_time":"2023-10-02T15:13:36+00:00","article_modified_time":"2023-10-09T14:03:55+00:00","og_image":[{"width":2560,"height":1707,"url":"https:\/\/cdn.one.org\/oneorg\/wp-content\/uploads\/sites\/3\/2023\/10\/02151308\/DSCF0760-scaled.jpg","type":"image\/jpeg"}],"author":"admin","twitter_card":"summary_large_image","twitter_creator":"@ONENederland","twitter_site":"@ONENederland","twitter_misc":{"Written by":"admin","Est. reading time":"6 minutes"},"schema":{"@context":"https:\/\/schema.org","@graph":[{"@type":["Article","BlogPosting"],"@id":"https:\/\/www.one.org\/de\/neuigkeiten\/malaria-wirbelsturm-freddy-mosambik\/#article","isPartOf":{"@id":"https:\/\/www.one.org\/de\/neuigkeiten\/malaria-wirbelsturm-freddy-mosambik\/"},"author":{"name":"admin","@id":"https:\/\/www.one.org\/de\/#\/schema\/person\/236ef43a079c36667c3f1de2da8e0838"},"headline":"Wie durch den Wirbelsturm Freddy in Mosambik die Malaria-Infektionen steigen","datePublished":"2023-10-02T15:13:36+00:00","dateModified":"2023-10-09T14:03:55+00:00","mainEntityOfPage":{"@id":"https:\/\/www.one.org\/de\/neuigkeiten\/malaria-wirbelsturm-freddy-mosambik\/"},"wordCount":1158,"image":{"@id":"https:\/\/www.one.org\/de\/neuigkeiten\/malaria-wirbelsturm-freddy-mosambik\/#primaryimage"},"thumbnailUrl":"https:\/\/www.one.org\/de\/wp-content\/uploads\/sites\/3\/2023\/10\/DSCF0760-scaled.jpg","articleSection":["Aktuelles"],"inLanguage":"de-DE"},{"@type":"WebPage","@id":"https:\/\/www.one.org\/de\/neuigkeiten\/malaria-wirbelsturm-freddy-mosambik\/","url":"https:\/\/www.one.org\/de\/neuigkeiten\/malaria-wirbelsturm-freddy-mosambik\/","name":"Wie durch den Wirbelsturm Freddy in Mosambik die Malaria-Infektionen steigen - ONE.org Deutschland","isPartOf":{"@id":"https:\/\/www.one.org\/de\/#website"},"primaryImageOfPage":{"@id":"https:\/\/www.one.org\/de\/neuigkeiten\/malaria-wirbelsturm-freddy-mosambik\/#primaryimage"},"image":{"@id":"https:\/\/www.one.org\/de\/neuigkeiten\/malaria-wirbelsturm-freddy-mosambik\/#primaryimage"},"thumbnailUrl":"https:\/\/www.one.org\/de\/wp-content\/uploads\/sites\/3\/2023\/10\/DSCF0760-scaled.jpg","datePublished":"2023-10-02T15:13:36+00:00","dateModified":"2023-10-09T14:03:55+00:00","author":{"@id":"https:\/\/www.one.org\/de\/#\/schema\/person\/236ef43a079c36667c3f1de2da8e0838"},"description":"Im Februar 2023 suchte der Wirbelsturm Freddy Malawi, Mosambik und Madagaskar heim und l\u00f6ste neben \u00dcberschwemmungen und Hungersn\u00f6te auch Malaria aus.","breadcrumb":{"@id":"https:\/\/www.one.org\/de\/neuigkeiten\/malaria-wirbelsturm-freddy-mosambik\/#breadcrumb"},"inLanguage":"de-DE","potentialAction":[{"@type":"ReadAction","target":["https:\/\/www.one.org\/de\/neuigkeiten\/malaria-wirbelsturm-freddy-mosambik\/"]}]},{"@type":"ImageObject","inLanguage":"de-DE","@id":"https:\/\/www.one.org\/de\/neuigkeiten\/malaria-wirbelsturm-freddy-mosambik\/#primaryimage","url":"https:\/\/www.one.org\/de\/wp-content\/uploads\/sites\/3\/2023\/10\/DSCF0760-scaled.jpg","contentUrl":"https:\/\/www.one.org\/de\/wp-content\/uploads\/sites\/3\/2023\/10\/DSCF0760-scaled.jpg","width":2560,"height":1707,"caption":"A spraying team in Boane District, Mozambique, prepares to spray houses with insecticide to help protect families against malaria."},{"@type":"BreadcrumbList","@id":"https:\/\/www.one.org\/de\/neuigkeiten\/malaria-wirbelsturm-freddy-mosambik\/#breadcrumb","itemListElement":[{"@type":"ListItem","position":1,"name":"Home","item":"https:\/\/www.one.org\/de\/"},{"@type":"ListItem","position":2,"name":"Wie durch den Wirbelsturm Freddy in Mosambik die Malaria-Infektionen steigen"}]},{"@type":"WebSite","@id":"https:\/\/www.one.org\/de\/#website","url":"https:\/\/www.one.org\/de\/","name":"ONE.org","description":"F\u00fcr mehr wirtschaftliche Chancen und ein starkes Gesundheitswesen in Afrika","potentialAction":[{"@type":"SearchAction","target":{"@type":"EntryPoint","urlTemplate":"https:\/\/www.one.org\/de\/?s={search_term_string}"},"query-input":{"@type":"PropertyValueSpecification","valueRequired":true,"valueName":"search_term_string"}}],"inLanguage":"de-DE"},{"@type":"Person","@id":"https:\/\/www.one.org\/de\/#\/schema\/person\/236ef43a079c36667c3f1de2da8e0838","name":"admin","image":{"@type":"ImageObject","inLanguage":"de-DE","@id":"https:\/\/www.one.org\/de\/#\/schema\/person\/image\/","url":"https:\/\/secure.gravatar.com\/avatar\/2b4204681b789d34ede86a735f8b6378df901f7f7ab7a9ca89af4670b2bb13b8?s=96&d=mm&r=g","contentUrl":"https:\/\/secure.gravatar.com\/avatar\/2b4204681b789d34ede86a735f8b6378df901f7f7ab7a9ca89af4670b2bb13b8?s=96&d=mm&r=g","caption":"admin"},"sameAs":["http:\/\/www.one.org"],"url":"https:\/\/www.one.org\/de\/neuigkeiten\/author\/admin\/"}]}},"distributor_meta":false,"distributor_terms":false,"distributor_media":false,"distributor_original_site_name":"ONE.org Deutschland","distributor_original_site_url":"https:\/\/www.one.org\/de","push-errors":false,"_links":{"self":[{"href":"https:\/\/www.one.org\/de\/wp-json\/wp\/v2\/posts\/169596","targetHints":{"allow":["GET"]}}],"collection":[{"href":"https:\/\/www.one.org\/de\/wp-json\/wp\/v2\/posts"}],"about":[{"href":"https:\/\/www.one.org\/de\/wp-json\/wp\/v2\/types\/post"}],"author":[{"embeddable":true,"href":"https:\/\/www.one.org\/de\/wp-json\/wp\/v2\/users\/1"}],"replies":[{"embeddable":true,"href":"https:\/\/www.one.org\/de\/wp-json\/wp\/v2\/comments?post=169596"}],"version-history":[{"count":0,"href":"https:\/\/www.one.org\/de\/wp-json\/wp\/v2\/posts\/169596\/revisions"}],"wp:featuredmedia":[{"embeddable":true,"href":"https:\/\/www.one.org\/de\/wp-json\/wp\/v2\/media\/169604"}],"wp:attachment":[{"href":"https:\/\/www.one.org\/de\/wp-json\/wp\/v2\/media?parent=169596"}],"wp:term":[{"taxonomy":"category","embeddable":true,"href":"https:\/\/www.one.org\/de\/wp-json\/wp\/v2\/categories?post=169596"},{"taxonomy":"post_tag","embeddable":true,"href":"https:\/\/www.one.org\/de\/wp-json\/wp\/v2\/tags?post=169596"},{"taxonomy":"topic","embeddable":true,"href":"https:\/\/www.one.org\/de\/wp-json\/wp\/v2\/topic?post=169596"},{"taxonomy":"contributor","embeddable":true,"href":"https:\/\/www.one.org\/de\/wp-json\/wp\/v2\/contributor?post=169596"},{"taxonomy":"one_content_audience","embeddable":true,"href":"https:\/\/www.one.org\/de\/wp-json\/wp\/v2\/one_content_audience?post=169596"},{"taxonomy":"one_content_type","embeddable":true,"href":"https:\/\/www.one.org\/de\/wp-json\/wp\/v2\/one_content_type?post=169596"},{"taxonomy":"one_content_tone","embeddable":true,"href":"https:\/\/www.one.org\/de\/wp-json\/wp\/v2\/one_content_tone?post=169596"}],"curies":[{"name":"wp","href":"https:\/\/api.w.org\/{rel}","templated":true}]}}