{"id":167760,"date":"2015-08-04T16:32:39","date_gmt":"2015-08-04T16:32:39","guid":{"rendered":"https:\/\/www.one.org\/de\/17-ziele-mit-denen-wir-die-welt-verandern-werden\/"},"modified":"2024-01-16T13:13:30","modified_gmt":"2024-01-16T13:13:30","slug":"17-ziele-mit-denen-wir-die-welt-veraendern-werden","status":"publish","type":"post","link":"https:\/\/www.one.org\/de\/neuigkeiten\/17-ziele-mit-denen-wir-die-welt-veraendern-werden\/","title":{"rendered":"17 Ziele, mit denen wir die Welt ver\u00e4ndern werden"},"content":{"rendered":"<h3>Vielleicht habt ihr euch gestern auch gefragt, ob ihr irgendetwas verpasst habt, als es pl\u00f6tzlich hie\u00df, dass die UN sich auf die neuen Entwicklungsziele geeinigt haben. Die sollten doch erst im September verabschiedet werden!?<\/h3>\n<p>Das ist korrekt! Im September werden die Staats- und Regierungschefs die 17 neuen Ziele als Folgeziele der MDGs offiziell verabschieden, um den Rahmen f\u00fcr den weltweiten Kampf gegen extreme Armut, Ungerechtigkeit und Umweltzerst\u00f6rung f\u00fcr die n\u00e4chsten 15 Jahre zu definieren. Dann werden bei uns im ONE B\u00fcro definitiv die Korken knallen.<\/p>\n<p>Am letzten Wochenende haben sich die Verhandler in New York allerdings bereits auf den finalen Text geeinigt. Was sind also die neuen Ziele?<\/p>\n<p><img loading=\"lazy\" decoding=\"async\" class=\"aligncenter size-full wp-image-28211\" src=\"https:\/\/cdn.one.org\/de\/wp-content\/uploads\/2015\/08\/04162252\/CLf2xAqW8AAF63Y.png\" alt=\"CLf2xAqW8AAF63Y\" width=\"598\" height=\"296\" \/><\/p>\n<ol>\n<li>\n<h3>Armut in jeder Form und \u00fcberall beenden<\/h3>\n<\/li>\n<\/ol>\n<p>Wenn man tagt\u00e4glich die Nachrichten schaut, entf\u00e4hrt einem bei diesem Ziel vielleicht ein ver\u00e4chtliches Schnauben \u2013 \u00fcberall Fl\u00fcchtlingskrise, B\u00fcrgerkrieg und Erderw\u00e4rmung. Da k\u00f6nnte man glatt meinen die Welt wird mit jedem Tag schlechter. Aber tats\u00e4chlich wird sie seit einiger Zeit mit jedem Tag ein bisschen besser. In den letzten 25 Jahren hat sich der Anteil der Menschen, die in absoluter Armut leben, mehr als halbiert! Jetzt m\u00fcssen wir einen Endspurt einlegen, um auch die andere H\u00e4lfte in den n\u00e4chsten 15 Jahren zu erreichen!<\/p>\n<p><img loading=\"lazy\" decoding=\"async\" class=\"aligncenter size-full wp-image-28213\" src=\"https:\/\/cdn.one.org\/de\/wp-content\/uploads\/2015\/08\/04162304\/Growing_Sweet_Potatoes_in_Tanzania.7.jpg\" alt=\"Growing_Sweet_Potatoes_in_Tanzania.7\" width=\"600\" height=\"497\" \/><\/p>\n<ol start=\"2\">\n<li>\n<h3>Den Hunger beenden, Ern\u00e4hrungssicherheit und eine bessere Ern\u00e4hrung erreichen und eine nachhaltige Landwirtschaft f\u00f6rdern<\/h3>\n<\/li>\n<\/ol>\n<p>Noch immer leiden 800 Millionen Menschen unter chronischem Hunger. Es ist die Art von Hunger, die es unm\u00f6glich macht, harte k\u00f6rperlich Arbeit zu verrichten oder sich im Unterricht zu konzentrieren, bleibende Sch\u00e4den w\u00e4hrend der Wachstumsphase verursacht und einem Menschen den Weg aus der Armut endg\u00fcltig verbaut. Gleichzeitig sind noch viel mehr Menschen mangelern\u00e4hrt, d.h. sie haben zwar genug, aber kein gesundes, ausgewogenes Essen. Die Erf\u00fcllung dieses Ziels wird es uns erm\u00f6glichen, einen absoluten Teufelskreis der Armut zu durchbrechen.<\/p>\n<ol start=\"3\">\n<li>\n<h3>Ein gesundes Leben f\u00fcr alle Menschen jeden Alters gew\u00e4hrleisten und ihr Wohlergehen f\u00f6rdern<\/h3>\n<\/li>\n<\/ol>\n<p>Gesundheit ist ein Menschenrecht! Und der Ort, an dem wir leben, welcher gesellschaftlichen Gruppe wir angeh\u00f6ren oder welches Geschlecht wir haben, sollte keinen Einfluss darauf haben, ob wir uneingeschr\u00e4nkten Zugang zu gesundheitlicher Versorgung, Impfungen und Medikamenten haben! Dieses Menschenrecht wird durch SDG 3 erneut best\u00e4rkt.<\/p>\n<div id=\"attachment_28209\" class=\"wp-caption aligncenter\" style=\"width: 610px;\"><img loading=\"lazy\" decoding=\"async\" class=\"size-full wp-image-28209\" src=\"https:\/\/cdn.one.org\/de\/wp-content\/uploads\/2015\/08\/04162240\/14131115blog.jpg\" alt=\"Kinder der Mwangaza Tumaini School in Mukuru, Nairobi, Kenya. Foto: Morgana Wingard\/ONE.\" width=\"600\" height=\"400\" aria-describedby=\"caption-attachment-28209\" \/><\/p>\n<p id=\"caption-attachment-28209\" class=\"wp-caption-text\">Kinder der Mwangaza Tumaini School in Mukuru, Nairobi, Kenya. Foto: Morgana Wingard\/ONE.<\/p>\n<\/div>\n<ol start=\"4\">\n<li>\n<h3>Inklusive, gerechte und hochwertige Bildung gew\u00e4hrleisten und M\u00f6glichkeiten des lebenslangen Lernens f\u00fcr alle f\u00f6rdern<\/h3>\n<\/li>\n<\/ol>\n<p>Der Zugang zu Bildung f\u00fcr alle \u2013 egal ob M\u00e4dchen oder Junge \u2013 beinhaltet viel mehr als \u201anur\u2018 bessere Chancen f\u00fcr ein Individuum (jedes zus\u00e4tzliche Jahr in der Schule kann das sp\u00e4tere Einkommen um 10 \u2013 20 Prozent steigern). Man konnte beobachten, dass ein gesteigertes Bildungsniveau Entwicklung in vielen anderen Sektoren f\u00f6rdert\u00a0\u2013 von der Landwirtschaft bis zur Kindersterblichkeit. H\u00e4tten alle Frauen weltweit eine Sekundarschulbildung, w\u00fcrde die Zahl der j\u00e4hrlichen Kindstode um ganze 49 Prozent sinken, w\u00fcrde es 64 Prozent weniger Fr\u00fchverheiratungen geben und w\u00fcrden Schwangerschaften von Teenagern um 59 Prozent zur\u00fcckgehen.<\/p>\n<div id=\"attachment_28212\" class=\"wp-caption aligncenter\" style=\"width: 610px;\"><img loading=\"lazy\" decoding=\"async\" class=\"size-full wp-image-28212\" src=\"https:\/\/cdn.one.org\/de\/wp-content\/uploads\/2015\/08\/04162258\/gahanagirls_blog.jpg\" alt=\"Sch\u00fclerinnen einer Schule in Ghana. Foto: Morgana Wingard\/ONE\" width=\"600\" height=\"400\" aria-describedby=\"caption-attachment-28212\" \/><\/p>\n<p id=\"caption-attachment-28212\" class=\"wp-caption-text\">Sch\u00fclerinnen einer Schule in Ghana. Foto: Morgana Wingard\/ONE<\/p>\n<\/div>\n<ol start=\"5\">\n<li>\n<h3>Geschlechtergerechtigkeit und Selbstbestimmung f\u00fcr alle Frauen und M\u00e4dchen erreichen<\/h3>\n<\/li>\n<\/ol>\n<p>Wer extreme Armut beenden will, der muss Frauen erm\u00f6glichen, ihr volles Potenzial zu entfalten \u2013 <a href=\"https:\/\/one.org\/de\/policy\/armut-ist-sexistisch\/\" target=\"_blank\" rel=\"noopener noreferrer\">unsere Rede<\/a>! H\u00e4tten weibliche Landwirte den gleichen Zugang zu Produktionsmitteln wie M\u00e4nner, w\u00fcrde das ihre Produktion so stark steigern, dass davon 100 bis 150 Millionen Menschen ern\u00e4hrt werden k\u00f6nnten! Und neueste <a href=\"http:\/\/www-wds.worldbank.org\/external\/default\/WDSContentServer\/WDSP\/IB\/2015\/06\/23\/090224b082f7b6af\/1_0\/Rendered\/PDF\/Women0left0beh0d0headship0in0Africa.pdf\" target=\"_blank\" rel=\"noopener noreferrer\">Studien<\/a> zeigen, dass Haushalte, in denen Frauen die Ausgaben bestimmen, sich schneller aus Armut befreien als wenn M\u00e4nner die Ausgabenentscheidungen treffen, weil sie ihr Geld h\u00e4ufiger in die Familie re-investieren (Nahrung, Bildung, Gesundheit etc.). Im Endeffekt profitiert die ganze Gesellschaft von <a href=\"https:\/\/www.youtube.com\/watch?v=BGvOaGp5M-4\" target=\"_blank\" rel=\"noopener noreferrer\">starken Frauen<\/a>. Lasst uns ganz genau darauf achten, <a href=\"https:\/\/one.org\/de\/mach-mit\/\" target=\"_blank\" rel=\"noopener noreferrer\">dass dieses Ziel eingehalten wird<\/a>!<\/p>\n<ol start=\"6\">\n<li>\n<h3>Verf\u00fcgbarkeit und nachhaltige Bewirtschaftung von Wasser und Sanit\u00e4rversorgung f\u00fcr alle gew\u00e4hrleisten<\/h3>\n<\/li>\n<\/ol>\n<p>Heutzutage haben mehr Menschen Zugang zu einem Mobiltelefon als zu einer Toilette und <a href=\"http:\/\/water.org\/\" target=\"_blank\" rel=\"noopener noreferrer\">eine aus neun<\/a> Personen hat weltweit keinen Zugang zu sicherem Trinkwasser \u2013 unfassbar, oder? Dieses Ziel zu erreichen, wird nicht nur viele vermeidbare Kindstode durch Durchfall verhindern, es wird auch pers\u00f6nliche Hygiene f\u00fcr viele Menschen m\u00f6glich machen und die <a href=\"https:\/\/one.org\/de\/blog\/2015\/07\/03\/lasst-uns-ueber-menstruation-reden\/\" target=\"_blank\" rel=\"noopener noreferrer\">Sicherheit von M\u00e4dchen und Frauen<\/a> weltweit steigern.<\/p>\n<p><img loading=\"lazy\" decoding=\"async\" class=\"aligncenter size-full wp-image-28214\" src=\"https:\/\/cdn.one.org\/de\/wp-content\/uploads\/2015\/08\/04162310\/powerafrica_sirleaf_669.jpg\" alt=\"powerafrica_sirleaf_669\" width=\"669\" height=\"491\" \/><\/p>\n<ol start=\"7\">\n<li>\n<h3>Zugang zu bezahlbarer, verl\u00e4sslicher, nachhaltiger und zeitgem\u00e4\u00dfer Energie f\u00fcr alle sichern<\/h3>\n<\/li>\n<\/ol>\n<p>In Afrika haben noch immer 600 Millionen Menschen keinen Zugang zu verl\u00e4sslichen Energiequellen. F\u00fcr sie bedeutet dieses Ziel, dass sie nicht mehr l\u00e4nger \u00fcber offenem Feuer kochen m\u00fcssen, nicht l\u00e4nger Stunden dazu aufwenden m\u00fcssen, Brennholz zu sammeln, oder ihre Hausaufgaben im schummrigen Licht einer Kerosinlampe erledigen m\u00fcssen.<\/p>\n<ol start=\"8\">\n<li>\n<h3>Dauerhaftes, inklusives und nachhaltiges Wirtschaftswachstum, produktive Vollbesch\u00e4ftigung und menschenw\u00fcrdige Arbeit f\u00fcr alle f\u00f6rdern<\/h3>\n<\/li>\n<\/ol>\n<p>Hier wollen wir nat\u00fcrlich sehen, wie M\u00e4nner und Frauen gleicherma\u00dfen von Wachstum profitieren und in sichere Arbeitsverh\u00e4ltnisse bei gleicher Bezahlung kommen. Gleicher Lohn f\u00fcr gleiche Arbeit \u2013 das gilt auch f\u00fcr Menschen mit k\u00f6rperlichen Beeintr\u00e4chtigungen. Das Ziel beinhaltet ebenfalls, dass jegliche Form von Zwangsarbeit, Sklaverei, Menschenhandel und (bis 2025) Kinderarbeit beendet werden muss. Das sind gro\u00dfartige Aussichten!<\/p>\n<ol start=\"9\">\n<li>\n<h3>Eine belastbare Infrastruktur aufbauen, inklusive und nachhaltige Industrialisierung f\u00f6rdern und Innovationen unterst\u00fctzen<\/h3>\n<\/li>\n<\/ol>\n<p>Eine bessere Infrastruktur wird die wirtschaftliche Entwicklung f\u00f6rdern und es vielen Menschen erm\u00f6glichen, ihre unternehmerischen T\u00e4tigkeiten auszuweiten und sich so selbst aus Armut zu befreien. Dieses Ziel beinhaltet au\u00dferdem einen breiten Zugang zum Internet.<\/p>\n<ol start=\"10\">\n<li>\n<h3>Ungleichheit innerhalb von und zwischen Staaten verringern<\/h3>\n<\/li>\n<\/ol>\n<p>Zusammen sind wir starker als allein, keine Frage! Wenn es unseren Nachbarstaaten gut geht, profitieren auch wir. Dieses Ziel umfasst alles von wachsenden Einkommen bis zu gesellschaftlicher Inklusion und au\u00dferdem bekr\u00e4ftigt es, dass Entwicklungsgelder in erster Linie zu den Orten und Menschen gehen sollte, die es am meisten brauchen \u2013 <a href=\"https:\/\/one.org\/de\/blog\/2015\/06\/25\/5-gruende-weshalb-50-der-entwicklungshilfe-an-die-aermsten-gehen-muss\/\" target=\"_blank\" rel=\"noopener noreferrer\">das fordern wir ja schon l\u00e4nger.<\/a><\/p>\n<div id=\"attachment_28215\" class=\"wp-caption aligncenter\" style=\"width: 610px;\"><img loading=\"lazy\" decoding=\"async\" class=\"size-full wp-image-28215\" src=\"https:\/\/cdn.one.org\/de\/wp-content\/uploads\/2015\/08\/04162316\/rsz_chicago_cityscape_5253757001.jpg\" alt=\"Photo credit: Wikimedia Commons\" width=\"600\" height=\"399\" aria-describedby=\"caption-attachment-28215\" \/><\/p>\n<p id=\"caption-attachment-28215\" class=\"wp-caption-text\">Photo credit: Wikimedia Commons<\/p>\n<\/div>\n<ol start=\"11\">\n<li>\n<h3>St\u00e4dte und Siedlungen inklusiv, sicher, widerstandsf\u00e4hig und nachhaltig machen<\/h3>\n<\/li>\n<\/ol>\n<p>Dieses Ziel soll sicherstellen, dass alle Menschen Zugang zu sicheren und erschwinglichen Unterk\u00fcnften sowie grundlegenden Services, sicheren Stra\u00dfen und Transportmitteln haben. Au\u00dferdem beinhaltet es den Schutz w\u00e4hrend Katastrophen und ein gesteigertes Bewusstsein f\u00fcr die Auswirkungen menschlicher Siedlungen auf die Umwelt.<\/p>\n<ol start=\"12\">\n<li>\n<h3>F\u00fcr nachhaltige Konsum- und Produktionsmuster sorgen<\/h3>\n<\/li>\n<\/ol>\n<p>Um eine bessere Welt zu erreichen, m\u00fcssen wir sorgf\u00e4ltiger mit unseren Ressourcen umgehen. Bessere Verhaltens- und Produktionsweisen m\u00fcssen dazu beitragen, unseren M\u00fcll drastisch zu reduzieren. Um diese Ziel zu erreichen, m\u00fcssen wir uns alle dar\u00fcber bewusst werden, wie wir selber zu Problem und L\u00f6sung beitragen (k\u00f6nnen). Hier zeigt sich deutlich, dass diese neuen Ziele eben f\u00fcr ALLE gelten, und nicht nur eine To Do-Liste f\u00fcr Entwicklungsl\u00e4nder sind.<\/p>\n<div id=\"attachment_28210\" class=\"wp-caption aligncenter\" style=\"width: 650px;\"><img loading=\"lazy\" decoding=\"async\" class=\"size-full wp-image-28210\" src=\"https:\/\/cdn.one.org\/de\/wp-content\/uploads\/2015\/08\/04162246\/7163119469_73ce1bbe74_z.jpg\" alt=\"Schmelzende Eisplatten im Meer. Foto Credit: www.nasa.gov\" width=\"640\" height=\"427\" aria-describedby=\"caption-attachment-28210\" \/><\/p>\n<p id=\"caption-attachment-28210\" class=\"wp-caption-text\">Schmelzende Eisplatten im Meer. Foto Credit: www.nasa.gov<\/p>\n<\/div>\n<ol start=\"13\">\n<li>\n<h3>Umgehend Ma\u00dfnahmen zur Bek\u00e4mpfung des Klimawandels und seiner Auswirkungen ergreifen*(*in Anerkennung der Tatsache, dass die UNFCCC das zentrale internationale, zwischenstaatliche Forum zur Verhandlung der globalen Reaktion auf den Klimawandel ist)<\/h3>\n<\/li>\n<\/ol>\n<p>Die meisten dieser Ziele sind auf einem v\u00f6llig zerst\u00f6rten Planeten nicht realisierbar. Die Bek\u00e4mpfung des Klimawandels ist deshalb ein wichtiger Grundstein f\u00fcr eine gerechte, friedliche Welt, in der wir alle gesund und wohlhabend leben k\u00f6nnen. So!<\/p>\n<ol start=\"14\">\n<li>\n<h3>Ozeane, Meere und Meeresressourcen im Sinne einer nachhaltigen Entwicklung erhalten und nachhaltig nutzen<\/h3>\n<\/li>\n<\/ol>\n<p>Da ca. 70 Prozent besagten Planets mit Wasser bedeckt sind und die Ozeane unser Klima und unsere Nahrungsmittelversorgung entscheidend beeinflussen, sollten wir uns alle M\u00fche geben, die immer deutlicher Zutage tretenden Probleme wie \u00dcberfischung und \u00dcbers\u00e4uerung entschieden zu bek\u00e4mpfen.<\/p>\n<p><img loading=\"lazy\" decoding=\"async\" class=\"aligncenter size-full wp-image-28216\" src=\"https:\/\/cdn.one.org\/de\/wp-content\/uploads\/2015\/08\/04162321\/rsz_jellyfish-316767_1280.jpg\" alt=\"rsz_jellyfish-316767_1280\" width=\"600\" height=\"397\" \/><\/p>\n<ol start=\"15\">\n<li>\n<h3>Land\u00f6kosysteme sch\u00fctzen, wiederherstellen und ihre nachhaltige Nutzung f\u00f6rdern, W\u00e4lder nachhaltig bewirtschaften, W\u00fcstenbildung bek\u00e4mpfen, Bodenverschlechterung stoppen und umkehren und den Biodiversit\u00e4tsverlust stoppen<\/h3>\n<\/li>\n<\/ol>\n<p>Dieses Ziel beinhaltet, dass wir unsere W\u00e4lder, Moore, Gebirge und Steppen verantwortungsvoll behandeln \u2013 radikale Entwaldung z.B. sollte dadurch ein Riegel vorgeschoben werden. Auch in der Hinsicht sinnvoll, als das wir schlie\u00dflich nicht alleine auf dieser Erde leben.<\/p>\n<ol start=\"16\">\n<li>\n<h3>Friedliche und inklusive Gesellschaften im Sinne einer nachhaltigen Entwicklung f\u00f6rdern, allen Menschen Zugang zur Justiz erm\u00f6glichen und effektive, rechenschaftspflichtige und inklusive Institutionen auf allen Ebenen aufbauen<\/h3>\n<\/li>\n<\/ol>\n<p>Dieses Ziel ist in so vielerlei Hinsicht wichtig \u2013 gerade in Zeiten dieser massiven humanit\u00e4ren Fl\u00fcchtlingskatastrophe, die insbesondere durch den syrischen B\u00fcrgerkrieg und repressive Systeme wie z.B. Eritrea befeuert wird. Alle Menschen m\u00fcssen \u00fcberall Zugang zu einer fairen und freien Rechtsprechung haben, der sie vor \u00dcbergriffen, Ausbeutung und allen Formen von Gewalt sch\u00fctzt. Au\u00dferdem fordert dieses Ziel mehr Transparenz von den Regierungen und ein entschiedenes Vorgehen gegen <a href=\"https:\/\/one.org\/de\/blog\/2015\/06\/26\/wer-entwicklung-finanzieren-will-muss-steuervermeidung-bekaempfen\/\" target=\"_blank\" rel=\"noopener noreferrer\">Korruption<\/a>.<\/p>\n<ol start=\"17\">\n<li>\n<h3>Umsetzungsmittel st\u00e4rken und die globale Partnerschaft f\u00fcr nachhaltige Entwicklung wiederbeleben<\/h3>\n<\/li>\n<\/ol>\n<p>Dieses Ziel soll sicherstellen, dass Industrie- und Entwicklungsl\u00e4nder zusammenarbeiten, damit die Ziele zur offiziellen Entwicklungshilfe (ODA) erreicht werden. Das ist ja quasi unser t\u00e4glicher Job bei ONE und wir werden mit eurer Hilfe nicht aufh\u00f6ren, ausreichende Entwicklungsgelder und ihre sinnvolle Verteilung einzufordern.<\/p>\n<h3>Diese Ziele haben das Potenzial die Welt zu ver\u00e4ndern, extreme Armut zu beenden und Milliarden von Menschen die Chance auf ein besseres Leben zu geben. Nat\u00fcrlich sind sie kein Selbstzweck \u2013 sie allein werden extreme Armut nicht beenden. Aber sie bieten uns die M\u00f6glichkeit, unsere Politiker beim Wort zu nehmen, die Umsetzung der Ziele genau nachzuverfolgen und sie dazu bringen, ihre Entwicklungsversprechen zu halten.<\/h3>\n<h3>Das wird eine Menge Arbeit, aber wir freuen uns schon darauf. Cheers!<\/h3>\n<div class=\"buffer\"><\/div>\n<div class=\"buffer\"><\/div>","protected":false},"excerpt":{"rendered":"<p>Vielleicht habt ihr euch gestern auch gefragt, ob ihr irgendetwas verpasst habt, als es pl\u00f6tzlich hie\u00df, dass die UN sich auf die neuen Entwicklungsziele geeinigt haben. Die sollten doch erst im September verabschiedet werden!? Das ist korrekt! Im September werden die Staats- und Regierungschefs die 17 neuen Ziele als Folgeziele der MDGs offiziell verabschieden, um [&hellip;]<\/p>\n","protected":false},"author":1,"featured_media":169397,"comment_status":"open","ping_status":"open","sticky":false,"template":"","format":"standard","meta":{"_acf_changed":false,"_relevanssi_hide_post":"","_relevanssi_hide_content":"","_relevanssi_pin_for_all":"","_relevanssi_pin_keywords":"","_relevanssi_unpin_keywords":"","_relevanssi_related_keywords":"","_relevanssi_related_include_ids":"","_relevanssi_related_exclude_ids":"","_relevanssi_related_no_append":"","_relevanssi_related_not_related":"","_relevanssi_related_posts":"170594,170584,170560,170417,170398,170330","_relevanssi_noindex_reason":"","footnotes":""},"categories":[1],"tags":[],"topic":[37,40],"contributor":[273],"one_content_audience":[],"one_content_type":[],"one_content_tone":[],"class_list":["post-167760","post","type-post","status-publish","format-standard","has-post-thumbnail","hentry","category-uncategorized","topic-entwicklungszusammenarbeit","topic-politische-analyse","contributor-franziska-perlick"],"acf":[],"yoast_head":"<!-- This site is optimized with the Yoast SEO Premium plugin v27.1 (Yoast SEO v27.1.1) - https:\/\/yoast.com\/product\/yoast-seo-premium-wordpress\/ -->\n<title>17 Ziele, mit denen wir die Welt ver\u00e4ndern werden - ONE.org Deutschland<\/title>\n<meta name=\"robots\" content=\"index, follow, max-snippet:-1, max-image-preview:large, max-video-preview:-1\" \/>\n<link rel=\"canonical\" href=\"https:\/\/www.one.org\/de\/neuigkeiten\/17-ziele-mit-denen-wir-die-welt-veraendern-werden\/\" \/>\n<meta property=\"og:locale\" content=\"de_DE\" \/>\n<meta property=\"og:type\" content=\"article\" \/>\n<meta property=\"og:title\" content=\"17 Ziele, mit denen wir die Welt ver\u00e4ndern werden\" \/>\n<meta property=\"og:description\" content=\"Vielleicht habt ihr euch gestern auch gefragt, ob ihr irgendetwas verpasst habt, als es pl\u00f6tzlich hie\u00df, dass die UN sich auf die neuen Entwicklungsziele geeinigt haben. Die sollten doch erst im September verabschiedet werden!? Das ist korrekt! Im September werden die Staats- und Regierungschefs die 17 neuen Ziele als Folgeziele der MDGs offiziell verabschieden, um\u2026\" \/>\n<meta property=\"og:url\" content=\"https:\/\/www.one.org\/de\/neuigkeiten\/17-ziele-mit-denen-wir-die-welt-veraendern-werden\/\" \/>\n<meta property=\"og:site_name\" content=\"ONE.org Deutschland\" \/>\n<meta property=\"article:publisher\" content=\"https:\/\/www.facebook.com\/ONEinNederland\" \/>\n<meta property=\"article:published_time\" content=\"2015-08-04T16:32:39+00:00\" \/>\n<meta property=\"article:modified_time\" content=\"2024-01-16T13:13:30+00:00\" \/>\n<meta property=\"og:image\" content=\"https:\/\/cdn.one.org\/de\/wp-content\/uploads\/2015\/08\/04162252\/CLf2xAqW8AAF63Y.png\" \/>\n<meta name=\"author\" content=\"admin\" \/>\n<meta name=\"twitter:card\" content=\"summary_large_image\" \/>\n<meta name=\"twitter:title\" content=\"17 Ziele, mit denen wir die Welt ver\u00e4ndern werden\" \/>\n<meta name=\"twitter:creator\" content=\"@ONENederland\" \/>\n<meta name=\"twitter:site\" content=\"@ONENederland\" \/>\n<meta name=\"twitter:label1\" content=\"Written by\" \/>\n\t<meta name=\"twitter:data1\" content=\"admin\" \/>\n\t<meta name=\"twitter:label2\" content=\"Est. reading time\" \/>\n\t<meta name=\"twitter:data2\" content=\"8 minutes\" \/>\n<script type=\"application\/ld+json\" class=\"yoast-schema-graph\">{\"@context\":\"https:\/\/schema.org\",\"@graph\":[{\"@type\":[\"Article\",\"BlogPosting\"],\"@id\":\"https:\/\/www.one.org\/de\/neuigkeiten\/17-ziele-mit-denen-wir-die-welt-veraendern-werden\/#article\",\"isPartOf\":{\"@id\":\"https:\/\/www.one.org\/de\/neuigkeiten\/17-ziele-mit-denen-wir-die-welt-veraendern-werden\/\"},\"author\":{\"name\":\"admin\",\"@id\":\"https:\/\/www.one.org\/de\/#\/schema\/person\/236ef43a079c36667c3f1de2da8e0838\"},\"headline\":\"17 Ziele, mit denen wir die Welt ver\u00e4ndern werden\",\"datePublished\":\"2015-08-04T16:32:39+00:00\",\"dateModified\":\"2024-01-16T13:13:30+00:00\",\"mainEntityOfPage\":{\"@id\":\"https:\/\/www.one.org\/de\/neuigkeiten\/17-ziele-mit-denen-wir-die-welt-veraendern-werden\/\"},\"wordCount\":1567,\"commentCount\":0,\"image\":{\"@id\":\"https:\/\/www.one.org\/de\/neuigkeiten\/17-ziele-mit-denen-wir-die-welt-veraendern-werden\/#primaryimage\"},\"thumbnailUrl\":\"https:\/\/www.one.org\/de\/wp-content\/uploads\/sites\/3\/2015\/08\/CLf2xAqW8AAF63Y.png\",\"inLanguage\":\"de-DE\",\"potentialAction\":[{\"@type\":\"CommentAction\",\"name\":\"Comment\",\"target\":[\"https:\/\/www.one.org\/de\/neuigkeiten\/17-ziele-mit-denen-wir-die-welt-veraendern-werden\/#respond\"]}]},{\"@type\":\"WebPage\",\"@id\":\"https:\/\/www.one.org\/de\/neuigkeiten\/17-ziele-mit-denen-wir-die-welt-veraendern-werden\/\",\"url\":\"https:\/\/www.one.org\/de\/neuigkeiten\/17-ziele-mit-denen-wir-die-welt-veraendern-werden\/\",\"name\":\"17 Ziele, mit denen wir die Welt ver\u00e4ndern werden - ONE.org Deutschland\",\"isPartOf\":{\"@id\":\"https:\/\/www.one.org\/de\/#website\"},\"primaryImageOfPage\":{\"@id\":\"https:\/\/www.one.org\/de\/neuigkeiten\/17-ziele-mit-denen-wir-die-welt-veraendern-werden\/#primaryimage\"},\"image\":{\"@id\":\"https:\/\/www.one.org\/de\/neuigkeiten\/17-ziele-mit-denen-wir-die-welt-veraendern-werden\/#primaryimage\"},\"thumbnailUrl\":\"https:\/\/www.one.org\/de\/wp-content\/uploads\/sites\/3\/2015\/08\/CLf2xAqW8AAF63Y.png\",\"datePublished\":\"2015-08-04T16:32:39+00:00\",\"dateModified\":\"2024-01-16T13:13:30+00:00\",\"author\":{\"@id\":\"https:\/\/www.one.org\/de\/#\/schema\/person\/236ef43a079c36667c3f1de2da8e0838\"},\"breadcrumb\":{\"@id\":\"https:\/\/www.one.org\/de\/neuigkeiten\/17-ziele-mit-denen-wir-die-welt-veraendern-werden\/#breadcrumb\"},\"inLanguage\":\"de-DE\",\"potentialAction\":[{\"@type\":\"ReadAction\",\"target\":[\"https:\/\/www.one.org\/de\/neuigkeiten\/17-ziele-mit-denen-wir-die-welt-veraendern-werden\/\"]}]},{\"@type\":\"ImageObject\",\"inLanguage\":\"de-DE\",\"@id\":\"https:\/\/www.one.org\/de\/neuigkeiten\/17-ziele-mit-denen-wir-die-welt-veraendern-werden\/#primaryimage\",\"url\":\"https:\/\/www.one.org\/de\/wp-content\/uploads\/sites\/3\/2015\/08\/CLf2xAqW8AAF63Y.png\",\"contentUrl\":\"https:\/\/www.one.org\/de\/wp-content\/uploads\/sites\/3\/2015\/08\/CLf2xAqW8AAF63Y.png\",\"width\":598,\"height\":296},{\"@type\":\"BreadcrumbList\",\"@id\":\"https:\/\/www.one.org\/de\/neuigkeiten\/17-ziele-mit-denen-wir-die-welt-veraendern-werden\/#breadcrumb\",\"itemListElement\":[{\"@type\":\"ListItem\",\"position\":1,\"name\":\"Home\",\"item\":\"https:\/\/www.one.org\/de\/\"},{\"@type\":\"ListItem\",\"position\":2,\"name\":\"17 Ziele, mit denen wir die Welt ver\u00e4ndern werden\"}]},{\"@type\":\"WebSite\",\"@id\":\"https:\/\/www.one.org\/de\/#website\",\"url\":\"https:\/\/www.one.org\/de\/\",\"name\":\"ONE.org\",\"description\":\"F\u00fcr mehr wirtschaftliche Chancen und ein starkes Gesundheitswesen in Afrika\",\"potentialAction\":[{\"@type\":\"SearchAction\",\"target\":{\"@type\":\"EntryPoint\",\"urlTemplate\":\"https:\/\/www.one.org\/de\/?s={search_term_string}\"},\"query-input\":{\"@type\":\"PropertyValueSpecification\",\"valueRequired\":true,\"valueName\":\"search_term_string\"}}],\"inLanguage\":\"de-DE\"},{\"@type\":\"Person\",\"@id\":\"https:\/\/www.one.org\/de\/#\/schema\/person\/236ef43a079c36667c3f1de2da8e0838\",\"name\":\"admin\",\"image\":{\"@type\":\"ImageObject\",\"inLanguage\":\"de-DE\",\"@id\":\"https:\/\/www.one.org\/de\/#\/schema\/person\/image\/\",\"url\":\"https:\/\/secure.gravatar.com\/avatar\/2b4204681b789d34ede86a735f8b6378df901f7f7ab7a9ca89af4670b2bb13b8?s=96&d=mm&r=g\",\"contentUrl\":\"https:\/\/secure.gravatar.com\/avatar\/2b4204681b789d34ede86a735f8b6378df901f7f7ab7a9ca89af4670b2bb13b8?s=96&d=mm&r=g\",\"caption\":\"admin\"},\"sameAs\":[\"http:\/\/www.one.org\"],\"url\":\"https:\/\/www.one.org\/de\/neuigkeiten\/author\/admin\/\"}]}<\/script>\n<!-- \/ Yoast SEO Premium plugin. -->","yoast_head_json":{"title":"17 Ziele, mit denen wir die Welt ver\u00e4ndern werden - ONE.org Deutschland","robots":{"index":"index","follow":"follow","max-snippet":"max-snippet:-1","max-image-preview":"max-image-preview:large","max-video-preview":"max-video-preview:-1"},"canonical":"https:\/\/www.one.org\/de\/neuigkeiten\/17-ziele-mit-denen-wir-die-welt-veraendern-werden\/","og_locale":"de_DE","og_type":"article","og_title":"17 Ziele, mit denen wir die Welt ver\u00e4ndern werden","og_description":"Vielleicht habt ihr euch gestern auch gefragt, ob ihr irgendetwas verpasst habt, als es pl\u00f6tzlich hie\u00df, dass die UN sich auf die neuen Entwicklungsziele geeinigt haben. Die sollten doch erst im September verabschiedet werden!? Das ist korrekt! Im September werden die Staats- und Regierungschefs die 17 neuen Ziele als Folgeziele der MDGs offiziell verabschieden, um\u2026","og_url":"https:\/\/www.one.org\/de\/neuigkeiten\/17-ziele-mit-denen-wir-die-welt-veraendern-werden\/","og_site_name":"ONE.org Deutschland","article_publisher":"https:\/\/www.facebook.com\/ONEinNederland","article_published_time":"2015-08-04T16:32:39+00:00","article_modified_time":"2024-01-16T13:13:30+00:00","og_image":[{"url":"https:\/\/cdn.one.org\/de\/wp-content\/uploads\/2015\/08\/04162252\/CLf2xAqW8AAF63Y.png","type":"","width":"","height":""}],"author":"admin","twitter_card":"summary_large_image","twitter_title":"17 Ziele, mit denen wir die Welt ver\u00e4ndern werden","twitter_creator":"@ONENederland","twitter_site":"@ONENederland","twitter_misc":{"Written by":"admin","Est. reading time":"8 minutes"},"schema":{"@context":"https:\/\/schema.org","@graph":[{"@type":["Article","BlogPosting"],"@id":"https:\/\/www.one.org\/de\/neuigkeiten\/17-ziele-mit-denen-wir-die-welt-veraendern-werden\/#article","isPartOf":{"@id":"https:\/\/www.one.org\/de\/neuigkeiten\/17-ziele-mit-denen-wir-die-welt-veraendern-werden\/"},"author":{"name":"admin","@id":"https:\/\/www.one.org\/de\/#\/schema\/person\/236ef43a079c36667c3f1de2da8e0838"},"headline":"17 Ziele, mit denen wir die Welt ver\u00e4ndern werden","datePublished":"2015-08-04T16:32:39+00:00","dateModified":"2024-01-16T13:13:30+00:00","mainEntityOfPage":{"@id":"https:\/\/www.one.org\/de\/neuigkeiten\/17-ziele-mit-denen-wir-die-welt-veraendern-werden\/"},"wordCount":1567,"commentCount":0,"image":{"@id":"https:\/\/www.one.org\/de\/neuigkeiten\/17-ziele-mit-denen-wir-die-welt-veraendern-werden\/#primaryimage"},"thumbnailUrl":"https:\/\/www.one.org\/de\/wp-content\/uploads\/sites\/3\/2015\/08\/CLf2xAqW8AAF63Y.png","inLanguage":"de-DE","potentialAction":[{"@type":"CommentAction","name":"Comment","target":["https:\/\/www.one.org\/de\/neuigkeiten\/17-ziele-mit-denen-wir-die-welt-veraendern-werden\/#respond"]}]},{"@type":"WebPage","@id":"https:\/\/www.one.org\/de\/neuigkeiten\/17-ziele-mit-denen-wir-die-welt-veraendern-werden\/","url":"https:\/\/www.one.org\/de\/neuigkeiten\/17-ziele-mit-denen-wir-die-welt-veraendern-werden\/","name":"17 Ziele, mit denen wir die Welt ver\u00e4ndern werden - ONE.org Deutschland","isPartOf":{"@id":"https:\/\/www.one.org\/de\/#website"},"primaryImageOfPage":{"@id":"https:\/\/www.one.org\/de\/neuigkeiten\/17-ziele-mit-denen-wir-die-welt-veraendern-werden\/#primaryimage"},"image":{"@id":"https:\/\/www.one.org\/de\/neuigkeiten\/17-ziele-mit-denen-wir-die-welt-veraendern-werden\/#primaryimage"},"thumbnailUrl":"https:\/\/www.one.org\/de\/wp-content\/uploads\/sites\/3\/2015\/08\/CLf2xAqW8AAF63Y.png","datePublished":"2015-08-04T16:32:39+00:00","dateModified":"2024-01-16T13:13:30+00:00","author":{"@id":"https:\/\/www.one.org\/de\/#\/schema\/person\/236ef43a079c36667c3f1de2da8e0838"},"breadcrumb":{"@id":"https:\/\/www.one.org\/de\/neuigkeiten\/17-ziele-mit-denen-wir-die-welt-veraendern-werden\/#breadcrumb"},"inLanguage":"de-DE","potentialAction":[{"@type":"ReadAction","target":["https:\/\/www.one.org\/de\/neuigkeiten\/17-ziele-mit-denen-wir-die-welt-veraendern-werden\/"]}]},{"@type":"ImageObject","inLanguage":"de-DE","@id":"https:\/\/www.one.org\/de\/neuigkeiten\/17-ziele-mit-denen-wir-die-welt-veraendern-werden\/#primaryimage","url":"https:\/\/www.one.org\/de\/wp-content\/uploads\/sites\/3\/2015\/08\/CLf2xAqW8AAF63Y.png","contentUrl":"https:\/\/www.one.org\/de\/wp-content\/uploads\/sites\/3\/2015\/08\/CLf2xAqW8AAF63Y.png","width":598,"height":296},{"@type":"BreadcrumbList","@id":"https:\/\/www.one.org\/de\/neuigkeiten\/17-ziele-mit-denen-wir-die-welt-veraendern-werden\/#breadcrumb","itemListElement":[{"@type":"ListItem","position":1,"name":"Home","item":"https:\/\/www.one.org\/de\/"},{"@type":"ListItem","position":2,"name":"17 Ziele, mit denen wir die Welt ver\u00e4ndern werden"}]},{"@type":"WebSite","@id":"https:\/\/www.one.org\/de\/#website","url":"https:\/\/www.one.org\/de\/","name":"ONE.org","description":"F\u00fcr mehr wirtschaftliche Chancen und ein starkes Gesundheitswesen in Afrika","potentialAction":[{"@type":"SearchAction","target":{"@type":"EntryPoint","urlTemplate":"https:\/\/www.one.org\/de\/?s={search_term_string}"},"query-input":{"@type":"PropertyValueSpecification","valueRequired":true,"valueName":"search_term_string"}}],"inLanguage":"de-DE"},{"@type":"Person","@id":"https:\/\/www.one.org\/de\/#\/schema\/person\/236ef43a079c36667c3f1de2da8e0838","name":"admin","image":{"@type":"ImageObject","inLanguage":"de-DE","@id":"https:\/\/www.one.org\/de\/#\/schema\/person\/image\/","url":"https:\/\/secure.gravatar.com\/avatar\/2b4204681b789d34ede86a735f8b6378df901f7f7ab7a9ca89af4670b2bb13b8?s=96&d=mm&r=g","contentUrl":"https:\/\/secure.gravatar.com\/avatar\/2b4204681b789d34ede86a735f8b6378df901f7f7ab7a9ca89af4670b2bb13b8?s=96&d=mm&r=g","caption":"admin"},"sameAs":["http:\/\/www.one.org"],"url":"https:\/\/www.one.org\/de\/neuigkeiten\/author\/admin\/"}]}},"distributor_meta":false,"distributor_terms":false,"distributor_media":false,"distributor_original_site_name":"ONE.org Deutschland","distributor_original_site_url":"https:\/\/www.one.org\/de","push-errors":false,"_links":{"self":[{"href":"https:\/\/www.one.org\/de\/wp-json\/wp\/v2\/posts\/167760","targetHints":{"allow":["GET"]}}],"collection":[{"href":"https:\/\/www.one.org\/de\/wp-json\/wp\/v2\/posts"}],"about":[{"href":"https:\/\/www.one.org\/de\/wp-json\/wp\/v2\/types\/post"}],"author":[{"embeddable":true,"href":"https:\/\/www.one.org\/de\/wp-json\/wp\/v2\/users\/1"}],"replies":[{"embeddable":true,"href":"https:\/\/www.one.org\/de\/wp-json\/wp\/v2\/comments?post=167760"}],"version-history":[{"count":0,"href":"https:\/\/www.one.org\/de\/wp-json\/wp\/v2\/posts\/167760\/revisions"}],"wp:featuredmedia":[{"embeddable":true,"href":"https:\/\/www.one.org\/de\/wp-json\/wp\/v2\/media\/169397"}],"wp:attachment":[{"href":"https:\/\/www.one.org\/de\/wp-json\/wp\/v2\/media?parent=167760"}],"wp:term":[{"taxonomy":"category","embeddable":true,"href":"https:\/\/www.one.org\/de\/wp-json\/wp\/v2\/categories?post=167760"},{"taxonomy":"post_tag","embeddable":true,"href":"https:\/\/www.one.org\/de\/wp-json\/wp\/v2\/tags?post=167760"},{"taxonomy":"topic","embeddable":true,"href":"https:\/\/www.one.org\/de\/wp-json\/wp\/v2\/topic?post=167760"},{"taxonomy":"contributor","embeddable":true,"href":"https:\/\/www.one.org\/de\/wp-json\/wp\/v2\/contributor?post=167760"},{"taxonomy":"one_content_audience","embeddable":true,"href":"https:\/\/www.one.org\/de\/wp-json\/wp\/v2\/one_content_audience?post=167760"},{"taxonomy":"one_content_type","embeddable":true,"href":"https:\/\/www.one.org\/de\/wp-json\/wp\/v2\/one_content_type?post=167760"},{"taxonomy":"one_content_tone","embeddable":true,"href":"https:\/\/www.one.org\/de\/wp-json\/wp\/v2\/one_content_tone?post=167760"}],"curies":[{"name":"wp","href":"https:\/\/api.w.org\/{rel}","templated":true}]}}