{"id":167715,"date":"2023-08-03T11:37:57","date_gmt":"2023-08-03T11:37:57","guid":{"rendered":"https:\/\/www.one.org\/de\/6-arten-wie-hitzewellen-ungleichheiten-verscharfen\/"},"modified":"2023-12-08T10:41:01","modified_gmt":"2023-12-08T10:41:01","slug":"6-hitzewellen-2023","status":"publish","type":"post","link":"https:\/\/www.one.org\/de\/neuigkeiten\/6-hitzewellen-2023\/","title":{"rendered":"6 Arten, wie Hitzewellen Ungleichheiten versch\u00e4rfen"},"content":{"rendered":"<p>Die aktuellen Hitzewellen machen dir zu schaffen? Da bist du nicht allein, aber vielleicht doch in einer privilegierten Position. Denn die zunehmenden H\u00e4ufigkeit und Intensit\u00e4t von Hitzewellen \u00fcberall auf der Welt betreffen vor allem Menschen in Armut unverh\u00e4ltnism\u00e4\u00dfig stark. Menschen mit geringerem Einkommen sind Hitzewellen<a href=\"https:\/\/www.sciencedaily.com\/releases\/2022\/02\/220210125840.htm\"> um 40 % h\u00e4ufiger ausgesetzt<\/a>, als Menschen mit h\u00f6herem Einkommen. Hier sind 6 Arten, wie Hitzewellen <a href=\"https:\/\/www.one.org\/international\/blog\/global-inequality-facts-stats\/\">Ungleichheit <\/a>verst\u00e4rken k\u00f6nnen.<\/p>\n<h3><strong>1. Erh\u00f6hte Sterblichkeitsraten<\/strong><\/h3>\n<p><img loading=\"lazy\" decoding=\"async\" class=\"wp-image-162136 size-large alignnone\" src=\"https:\/\/cdn.one.org\/de\/wp-content\/uploads\/2023\/08\/05124535\/Hitzewellen_Bloggrafiken-6-1024x585.png\" alt=\"Hitzewellen Gefahr\" width=\"593\" height=\"339\" srcset=\"https:\/\/cdn.one.org\/de\/wp-content\/uploads\/2023\/08\/05124535\/Hitzewellen_Bloggrafiken-6-1024x585.png 1024w, https:\/\/cdn.one.org\/de\/wp-content\/uploads\/2023\/08\/05124535\/Hitzewellen_Bloggrafiken-6-300x171.png 300w, https:\/\/cdn.one.org\/de\/wp-content\/uploads\/2023\/08\/05124535\/Hitzewellen_Bloggrafiken-6-768x438.png 768w, https:\/\/cdn.one.org\/de\/wp-content\/uploads\/2023\/08\/05124535\/Hitzewellen_Bloggrafiken-6-470x270.png 470w, https:\/\/cdn.one.org\/de\/wp-content\/uploads\/2023\/08\/05124535\/Hitzewellen_Bloggrafiken-6-600x343.png 600w, https:\/\/cdn.one.org\/de\/wp-content\/uploads\/2023\/08\/05124535\/Hitzewellen_Bloggrafiken-6-320x183.png 320w, https:\/\/cdn.one.org\/de\/wp-content\/uploads\/2023\/08\/05124535\/Hitzewellen_Bloggrafiken-6-640x365.png 640w, https:\/\/cdn.one.org\/de\/wp-content\/uploads\/2023\/08\/05124535\/Hitzewellen_Bloggrafiken-6.png 1100w\" sizes=\"auto, (max-width: 593px) 100vw, 593px\" \/><\/p>\n<p>\u00c4ltere Menschen, Personen mit gesundheitlichen Problemen und Kleinkinder sind besonders anf\u00e4llig f\u00fcr <a href=\"https:\/\/www.who.int\/news-room\/fact-sheets\/detail\/climate-change-heat-and-health\">hitzebedingte Krankheiten und Todesf\u00e4lle<\/a>. Diese Gruppen sind gleichzeitig h\u00e4ufiger von Armut betroffen, da sie eher in unzureichenden Wohnungen leben oder nur begrenzten Zugang zur Gesundheitsversorgung haben.<\/p>\n<h3>2. <strong>Wirtschaftliche, berufliche und bildungsbezogene St\u00f6rungen<\/strong><\/h3>\n<p><img decoding=\"async\" loading=\"lazy\" class=\"size-large wp-image-162131 alignnone\" src=\"https:\/\/cdn.one.org\/de\/wp-content\/uploads\/2023\/08\/05124457\/Hitzewellen_Bloggrafiken-1-1024x585.png\" alt=\"Hitzewellen Gefahr\" width=\"593\" height=\"339\" srcset=\"https:\/\/cdn.one.org\/de\/wp-content\/uploads\/2023\/08\/05124457\/Hitzewellen_Bloggrafiken-1-1024x585.png 1024w, https:\/\/cdn.one.org\/de\/wp-content\/uploads\/2023\/08\/05124457\/Hitzewellen_Bloggrafiken-1-300x171.png 300w, https:\/\/cdn.one.org\/de\/wp-content\/uploads\/2023\/08\/05124457\/Hitzewellen_Bloggrafiken-1-768x438.png 768w, https:\/\/cdn.one.org\/de\/wp-content\/uploads\/2023\/08\/05124457\/Hitzewellen_Bloggrafiken-1-470x270.png 470w, https:\/\/cdn.one.org\/de\/wp-content\/uploads\/2023\/08\/05124457\/Hitzewellen_Bloggrafiken-1-600x343.png 600w, https:\/\/cdn.one.org\/de\/wp-content\/uploads\/2023\/08\/05124457\/Hitzewellen_Bloggrafiken-1-320x183.png 320w, https:\/\/cdn.one.org\/de\/wp-content\/uploads\/2023\/08\/05124457\/Hitzewellen_Bloggrafiken-1-640x365.png 640w, https:\/\/cdn.one.org\/de\/wp-content\/uploads\/2023\/08\/05124457\/Hitzewellen_Bloggrafiken-1.png 1100w\" sizes=\"auto, (max-width: 593px) 100vw, 593px\" \/><\/p>\n<p>St\u00f6rungen in Arbeit und Schule k\u00f6nnen zu Einkommens- und Produktivit\u00e4tsverlusten f\u00fchren. Seit den 1990er Jahren k\u00f6nnten die durch die Klimakrise ausgel\u00f6sten Hitzewellen die<a href=\"https:\/\/www.theguardian.com\/environment\/2022\/oct\/28\/climate-crisis-heatwaves-cost-global-economy#:~:text=Heatwaves%20brought%20on%20by%20human,human%20health%20and%20other%20areas.\"> Weltwirtschaft 16 Billionen Dollar gekostet haben<\/a>. Wie erwartet, stellt dies insbesondere f\u00fcr einkommensschwache Bev\u00f6lkerungsgruppen eine Herausforderung dar, da sie eher auf t\u00e4gliche L\u00f6hne angewiesen sind oder Kinder haben, die nicht zur Schule gehen k\u00f6nnen.<\/p>\n<h3><strong>3. Zunehmende Ern\u00e4hrungsunsicherheit<\/strong><\/h3>\n<p><img decoding=\"async\" loading=\"lazy\" class=\"size-large wp-image-162132 alignnone\" src=\"https:\/\/cdn.one.org\/de\/wp-content\/uploads\/2023\/08\/05124504\/Hitzewellen_Bloggrafiken-2-1024x585.png\" alt=\"Hitzewellen Gefahr\" width=\"593\" height=\"339\" srcset=\"https:\/\/cdn.one.org\/de\/wp-content\/uploads\/2023\/08\/05124504\/Hitzewellen_Bloggrafiken-2-1024x585.png 1024w, https:\/\/cdn.one.org\/de\/wp-content\/uploads\/2023\/08\/05124504\/Hitzewellen_Bloggrafiken-2-300x171.png 300w, https:\/\/cdn.one.org\/de\/wp-content\/uploads\/2023\/08\/05124504\/Hitzewellen_Bloggrafiken-2-768x438.png 768w, https:\/\/cdn.one.org\/de\/wp-content\/uploads\/2023\/08\/05124504\/Hitzewellen_Bloggrafiken-2-470x270.png 470w, https:\/\/cdn.one.org\/de\/wp-content\/uploads\/2023\/08\/05124504\/Hitzewellen_Bloggrafiken-2-600x343.png 600w, https:\/\/cdn.one.org\/de\/wp-content\/uploads\/2023\/08\/05124504\/Hitzewellen_Bloggrafiken-2-320x183.png 320w, https:\/\/cdn.one.org\/de\/wp-content\/uploads\/2023\/08\/05124504\/Hitzewellen_Bloggrafiken-2-640x365.png 640w, https:\/\/cdn.one.org\/de\/wp-content\/uploads\/2023\/08\/05124504\/Hitzewellen_Bloggrafiken-2.png 1100w\" sizes=\"auto, (max-width: 593px) 100vw, 593px\" \/><\/p>\n<p>Hitzewellen k\u00f6nnen das Risiko von <a href=\"https:\/\/sdg.iisd.org\/commentary\/guest-articles\/addressing-destabilizing-impacts-of-extreme-heat-on-global-food-security\/\">Ern\u00e4hrungsunsicherheit<\/a> erh\u00f6hen. Hitzewellen k\u00f6nnen Ernten und Nutztiere sch\u00e4digen. Dies f\u00fchrt zu h\u00f6heren Lebensmittelpreisen, was es einkommensschwachen Haushalten erschwert, sich diese Lebensmittel zu leisten. &#8220;Etwa 80 % der Weltbev\u00f6lkerung, die durch den Klimawandel am meisten von Ernteausf\u00e4llen und Hunger bedroht sind, leben in Subsahara-Afrika, S\u00fcdasien und in S\u00fcdostasien, wo die landwirtschaftliche Familien unverh\u00e4ltnism\u00e4\u00dfig arm und anf\u00e4llig sind&#8221;, so die Weltbank.<\/p>\n<h3>4. <strong>Mehr erzwungene Migration<\/strong><\/h3>\n<p><img decoding=\"async\" loading=\"lazy\" class=\"size-large wp-image-162133 alignnone\" src=\"https:\/\/cdn.one.org\/de\/wp-content\/uploads\/2023\/08\/05124512\/Hitzewellen_Bloggrafiken-3-1024x585.png\" alt=\"Hitzewellen Gefahr\" width=\"593\" height=\"339\" srcset=\"https:\/\/cdn.one.org\/de\/wp-content\/uploads\/2023\/08\/05124512\/Hitzewellen_Bloggrafiken-3-1024x585.png 1024w, https:\/\/cdn.one.org\/de\/wp-content\/uploads\/2023\/08\/05124512\/Hitzewellen_Bloggrafiken-3-300x171.png 300w, https:\/\/cdn.one.org\/de\/wp-content\/uploads\/2023\/08\/05124512\/Hitzewellen_Bloggrafiken-3-768x438.png 768w, https:\/\/cdn.one.org\/de\/wp-content\/uploads\/2023\/08\/05124512\/Hitzewellen_Bloggrafiken-3-470x270.png 470w, https:\/\/cdn.one.org\/de\/wp-content\/uploads\/2023\/08\/05124512\/Hitzewellen_Bloggrafiken-3-600x343.png 600w, https:\/\/cdn.one.org\/de\/wp-content\/uploads\/2023\/08\/05124512\/Hitzewellen_Bloggrafiken-3-320x183.png 320w, https:\/\/cdn.one.org\/de\/wp-content\/uploads\/2023\/08\/05124512\/Hitzewellen_Bloggrafiken-3-640x365.png 640w, https:\/\/cdn.one.org\/de\/wp-content\/uploads\/2023\/08\/05124512\/Hitzewellen_Bloggrafiken-3.png 1100w\" sizes=\"auto, (max-width: 593px) 100vw, 593px\" \/><\/p>\n<p><a href=\"https:\/\/journals.plos.org\/climate\/article?id=10.1371\/journal.pclm.0000214\">Diese Studie kommt zu dem Schluss, dass Hitzewellen<\/a> und steigende Temperaturen wahrscheinlich Menschen dazu zwingen werden, in k\u00fchlere Regionen zu ziehen. Dar\u00fcber hinaus sind Migranten, die bei hohen Temperaturen reisen, einem Risiko von Hitzekrankheiten und -tod ausgesetzt. Joe Kraus, der Leiter des Policy Teams von ONE, erl\u00e4utert in diesem <a href=\"https:\/\/twitter.com\/hurrayforfacts\/status\/1661018377748615172\">Twitter-Thread<\/a> den Zusammenhang zwischen Klimawandel und Migration.<\/p>\n<blockquote class=\"twitter-tweet\" data-width=\"550\" data-dnt=\"true\">\n<p lang=\"en\" dir=\"ltr\">Record heat waves have again hammered Asia and North America.<\/p>\n<p>When temperatures become unsurvivable, people have 2 choices: relocate or die.<\/p>\n<p>The most under-appreciated aspect of climate change? The massive wave of migration it will cause.<\/p>\n<p>Here\u2019s what it\u2019ll look like. <a href=\"https:\/\/t.co\/PWW6Gh0kdT\">pic.twitter.com\/PWW6Gh0kdT<\/a><\/p>\n<p>&mdash; Joseph Kraus (@hurrayforfacts) <a href=\"https:\/\/twitter.com\/hurrayforfacts\/status\/1661018377748615172?ref_src=twsrc%5Etfw\">May 23, 2023<\/a><\/p>\n<\/blockquote>\n<h3>5. <strong>Auswirkungen auf die psychische Gesundheit<\/strong><\/h3>\n<p><img decoding=\"async\" loading=\"lazy\" class=\"size-large wp-image-162134 alignnone\" src=\"https:\/\/cdn.one.org\/de\/wp-content\/uploads\/2023\/08\/05124520\/Hitzewellen_Bloggrafiken-4-1024x585.png\" alt=\"Hitzewellen Gefahr\" width=\"593\" height=\"339\" srcset=\"https:\/\/cdn.one.org\/de\/wp-content\/uploads\/2023\/08\/05124520\/Hitzewellen_Bloggrafiken-4-1024x585.png 1024w, https:\/\/cdn.one.org\/de\/wp-content\/uploads\/2023\/08\/05124520\/Hitzewellen_Bloggrafiken-4-300x171.png 300w, https:\/\/cdn.one.org\/de\/wp-content\/uploads\/2023\/08\/05124520\/Hitzewellen_Bloggrafiken-4-768x438.png 768w, https:\/\/cdn.one.org\/de\/wp-content\/uploads\/2023\/08\/05124520\/Hitzewellen_Bloggrafiken-4-470x270.png 470w, https:\/\/cdn.one.org\/de\/wp-content\/uploads\/2023\/08\/05124520\/Hitzewellen_Bloggrafiken-4-600x343.png 600w, https:\/\/cdn.one.org\/de\/wp-content\/uploads\/2023\/08\/05124520\/Hitzewellen_Bloggrafiken-4-320x183.png 320w, https:\/\/cdn.one.org\/de\/wp-content\/uploads\/2023\/08\/05124520\/Hitzewellen_Bloggrafiken-4-640x365.png 640w, https:\/\/cdn.one.org\/de\/wp-content\/uploads\/2023\/08\/05124520\/Hitzewellen_Bloggrafiken-4.png 1100w\" sizes=\"auto, (max-width: 593px) 100vw, 593px\" \/><\/p>\n<p>Extreme Hitze kann zu <a href=\"https:\/\/www.nytimes.com\/2022\/08\/19\/well\/mind\/heat-mental-health.html\">geistiger Ersch\u00f6pfung, Stress, Angstzust\u00e4nden und Depressionen<\/a> f\u00fchren. Menschen, die von Armut betroffen sind, sind h\u00e4ufiger von diesen Problemen betroffen, da sie oft in \u00fcberf\u00fcllten und lauten Umgebungen lebenHhen.<\/p>\n<h3><strong>6. H\u00f6here Verbrechensraten <\/strong><\/h3>\n<p><img decoding=\"async\" loading=\"lazy\" class=\"size-large wp-image-162135 alignnone\" src=\"https:\/\/cdn.one.org\/de\/wp-content\/uploads\/2023\/08\/05124528\/Hitzewellen_Bloggrafiken-5-1024x585.png\" alt=\"Hitzewellen Gefahr\" width=\"593\" height=\"339\" srcset=\"https:\/\/cdn.one.org\/de\/wp-content\/uploads\/2023\/08\/05124528\/Hitzewellen_Bloggrafiken-5-1024x585.png 1024w, https:\/\/cdn.one.org\/de\/wp-content\/uploads\/2023\/08\/05124528\/Hitzewellen_Bloggrafiken-5-300x171.png 300w, https:\/\/cdn.one.org\/de\/wp-content\/uploads\/2023\/08\/05124528\/Hitzewellen_Bloggrafiken-5-768x438.png 768w, https:\/\/cdn.one.org\/de\/wp-content\/uploads\/2023\/08\/05124528\/Hitzewellen_Bloggrafiken-5-470x270.png 470w, https:\/\/cdn.one.org\/de\/wp-content\/uploads\/2023\/08\/05124528\/Hitzewellen_Bloggrafiken-5-600x343.png 600w, https:\/\/cdn.one.org\/de\/wp-content\/uploads\/2023\/08\/05124528\/Hitzewellen_Bloggrafiken-5-320x183.png 320w, https:\/\/cdn.one.org\/de\/wp-content\/uploads\/2023\/08\/05124528\/Hitzewellen_Bloggrafiken-5-640x365.png 640w, https:\/\/cdn.one.org\/de\/wp-content\/uploads\/2023\/08\/05124528\/Hitzewellen_Bloggrafiken-5.png 1100w\" sizes=\"auto, (max-width: 593px) 100vw, 593px\" \/><\/p>\n<p>Die Hitze kann zu Reizbarkeit, Aggression und Gewalt f\u00fchren und <a href=\"https:\/\/www.thelancet.com\/journals\/lanplh\/article\/PIIS2542-5196(21)00210-2\/fulltext\">dadurch die Kriminalit\u00e4tsraten erh\u00f6hen<\/a>. Dies ist besonders problematisch in st\u00e4dtischen Gebieten, wo die Hitze durch Luftverschmutzung und andere Umweltbelastungen verst\u00e4rkt werden kann. In S\u00fcdafrika zum Beispiel steigt die Anzahl der Morde <a href=\"https:\/\/www.bbc.com\/future\/article\/20200817-the-sinister-ways-heatwaves-warp-the-mind\">mit jedem Grad Temperaturanstieg um 1,5%<\/a>.<\/p>\n<h3>Du w\u00fcnscht dir, dass Regierungen weltweit sich auf zunehmende Hitzewellen und andere Klimanotf\u00e4lle vorbereiten? Dann unterschreibe den Aufruf der nigerianischen Klimaaktivistin Adenike f\u00fcr <a href=\"https:\/\/act.one.org\/sign\/klima-petition-de\/\">Klimagerechtigkeit!<\/a><\/h3>\n<div class=\"buffer\"><\/div>\n<div class=\"buffer\"><\/div>","protected":false},"excerpt":{"rendered":"<p>Die aktuellen Hitzewellen machen dir zu schaffen? Da bist du nicht allein, aber vielleicht doch in einer privilegierten Position. Denn die zunehmenden H\u00e4ufigkeit und Intensit\u00e4t von Hitzewellen \u00fcberall auf der Welt betreffen vor allem Menschen in Armut unverh\u00e4ltnism\u00e4\u00dfig stark. Menschen mit geringerem Einkommen sind Hitzewellen um 40 % h\u00e4ufiger ausgesetzt, als Menschen mit h\u00f6herem Einkommen. [&hellip;]<\/p>\n","protected":false},"author":1,"featured_media":167816,"comment_status":"open","ping_status":"open","sticky":false,"template":"","format":"standard","meta":{"_acf_changed":false,"_relevanssi_hide_post":"","_relevanssi_hide_content":"","_relevanssi_pin_for_all":"","_relevanssi_pin_keywords":"","_relevanssi_unpin_keywords":"","_relevanssi_related_keywords":"","_relevanssi_related_include_ids":"","_relevanssi_related_exclude_ids":"","_relevanssi_related_no_append":"","_relevanssi_related_not_related":"","_relevanssi_related_posts":"167719,167718,167717,167713,167714,167716","_relevanssi_noindex_reason":"","footnotes":""},"categories":[170],"tags":[203,185],"topic":[81],"contributor":[262],"one_content_audience":[],"one_content_type":[],"one_content_tone":[],"class_list":["post-167715","post","type-post","status-publish","format-standard","has-post-thumbnail","hentry","category-aktuelles","tag-klimagerechtigkeit","tag-klimawandel","topic-klimawandel","contributor-malcolm-chen"],"acf":[],"yoast_head":"<!-- This site is optimized with the Yoast SEO Premium plugin v27.1 (Yoast SEO v27.1.1) - https:\/\/yoast.com\/product\/yoast-seo-premium-wordpress\/ -->\n<title>6 Arten, wie Hitzewellen Ungleichheiten versch\u00e4rfen - ONE.org Deutschland<\/title>\n<meta name=\"description\" content=\"Hitzewellen stellen eine gr\u00f6\u00dfere Gefahr dar f\u00fcr Menschen, die in Armut leben. Hier sind 6 Gr\u00fcnde, die das erkl\u00e4ren.\" \/>\n<meta name=\"robots\" content=\"index, follow, max-snippet:-1, max-image-preview:large, max-video-preview:-1\" \/>\n<link rel=\"canonical\" href=\"https:\/\/www.one.org\/de\/neuigkeiten\/6-hitzewellen-2023\/\" \/>\n<meta property=\"og:locale\" content=\"de_DE\" \/>\n<meta property=\"og:type\" content=\"article\" \/>\n<meta property=\"og:title\" content=\"6 Arten, wie Hitzewellen Ungleichheiten versch\u00e4rfen\" \/>\n<meta property=\"og:description\" content=\"Hitzewellen stellen eine gr\u00f6\u00dfere Gefahr dar f\u00fcr Menschen, die in Armut leben. Hier sind 6 Gr\u00fcnde, die das erkl\u00e4ren.\" \/>\n<meta property=\"og:url\" content=\"https:\/\/www.one.org\/de\/neuigkeiten\/6-hitzewellen-2023\/\" \/>\n<meta property=\"og:site_name\" content=\"ONE.org Deutschland\" \/>\n<meta property=\"article:publisher\" content=\"https:\/\/www.facebook.com\/ONEinNederland\" \/>\n<meta property=\"article:published_time\" content=\"2023-08-03T11:37:57+00:00\" \/>\n<meta property=\"article:modified_time\" content=\"2023-12-08T10:41:01+00:00\" \/>\n<meta property=\"og:image\" content=\"https:\/\/cdn.one.org\/oneorg\/wp-content\/uploads\/sites\/3\/2023\/08\/26150941\/mike-erskine-GKFsewk-hz0-unsplash-1024x683-3.jpg\" \/>\n\t<meta property=\"og:image:width\" content=\"683\" \/>\n\t<meta property=\"og:image:height\" content=\"683\" \/>\n\t<meta property=\"og:image:type\" content=\"image\/jpeg\" \/>\n<meta name=\"author\" content=\"admin\" \/>\n<meta name=\"twitter:card\" content=\"summary_large_image\" \/>\n<meta name=\"twitter:creator\" content=\"@ONENederland\" \/>\n<meta name=\"twitter:site\" content=\"@ONENederland\" \/>\n<meta name=\"twitter:label1\" content=\"Written by\" \/>\n\t<meta name=\"twitter:data1\" content=\"admin\" \/>\n\t<meta name=\"twitter:label2\" content=\"Est. reading time\" \/>\n\t<meta name=\"twitter:data2\" content=\"3 minutes\" \/>\n<script type=\"application\/ld+json\" class=\"yoast-schema-graph\">{\"@context\":\"https:\/\/schema.org\",\"@graph\":[{\"@type\":[\"Article\",\"BlogPosting\"],\"@id\":\"https:\/\/www.one.org\/de\/neuigkeiten\/6-hitzewellen-2023\/#article\",\"isPartOf\":{\"@id\":\"https:\/\/www.one.org\/de\/neuigkeiten\/6-hitzewellen-2023\/\"},\"author\":{\"name\":\"admin\",\"@id\":\"https:\/\/www.one.org\/de\/#\/schema\/person\/236ef43a079c36667c3f1de2da8e0838\"},\"headline\":\"6 Arten, wie Hitzewellen Ungleichheiten versch\u00e4rfen\",\"datePublished\":\"2023-08-03T11:37:57+00:00\",\"dateModified\":\"2023-12-08T10:41:01+00:00\",\"mainEntityOfPage\":{\"@id\":\"https:\/\/www.one.org\/de\/neuigkeiten\/6-hitzewellen-2023\/\"},\"wordCount\":511,\"commentCount\":0,\"image\":{\"@id\":\"https:\/\/www.one.org\/de\/neuigkeiten\/6-hitzewellen-2023\/#primaryimage\"},\"thumbnailUrl\":\"https:\/\/www.one.org\/de\/wp-content\/uploads\/sites\/3\/2023\/08\/mike-erskine-GKFsewk-hz0-unsplash-1024x683-3.jpg\",\"keywords\":[\"Klimagerechtigkeit\",\"Klimawandel\"],\"articleSection\":[\"Aktuelles\"],\"inLanguage\":\"de-DE\",\"potentialAction\":[{\"@type\":\"CommentAction\",\"name\":\"Comment\",\"target\":[\"https:\/\/www.one.org\/de\/neuigkeiten\/6-hitzewellen-2023\/#respond\"]}]},{\"@type\":\"WebPage\",\"@id\":\"https:\/\/www.one.org\/de\/neuigkeiten\/6-hitzewellen-2023\/\",\"url\":\"https:\/\/www.one.org\/de\/neuigkeiten\/6-hitzewellen-2023\/\",\"name\":\"6 Arten, wie Hitzewellen Ungleichheiten versch\u00e4rfen - ONE.org Deutschland\",\"isPartOf\":{\"@id\":\"https:\/\/www.one.org\/de\/#website\"},\"primaryImageOfPage\":{\"@id\":\"https:\/\/www.one.org\/de\/neuigkeiten\/6-hitzewellen-2023\/#primaryimage\"},\"image\":{\"@id\":\"https:\/\/www.one.org\/de\/neuigkeiten\/6-hitzewellen-2023\/#primaryimage\"},\"thumbnailUrl\":\"https:\/\/www.one.org\/de\/wp-content\/uploads\/sites\/3\/2023\/08\/mike-erskine-GKFsewk-hz0-unsplash-1024x683-3.jpg\",\"datePublished\":\"2023-08-03T11:37:57+00:00\",\"dateModified\":\"2023-12-08T10:41:01+00:00\",\"author\":{\"@id\":\"https:\/\/www.one.org\/de\/#\/schema\/person\/236ef43a079c36667c3f1de2da8e0838\"},\"description\":\"Hitzewellen stellen eine gr\u00f6\u00dfere Gefahr dar f\u00fcr Menschen, die in Armut leben. Hier sind 6 Gr\u00fcnde, die das erkl\u00e4ren.\",\"breadcrumb\":{\"@id\":\"https:\/\/www.one.org\/de\/neuigkeiten\/6-hitzewellen-2023\/#breadcrumb\"},\"inLanguage\":\"de-DE\",\"potentialAction\":[{\"@type\":\"ReadAction\",\"target\":[\"https:\/\/www.one.org\/de\/neuigkeiten\/6-hitzewellen-2023\/\"]}]},{\"@type\":\"ImageObject\",\"inLanguage\":\"de-DE\",\"@id\":\"https:\/\/www.one.org\/de\/neuigkeiten\/6-hitzewellen-2023\/#primaryimage\",\"url\":\"https:\/\/www.one.org\/de\/wp-content\/uploads\/sites\/3\/2023\/08\/mike-erskine-GKFsewk-hz0-unsplash-1024x683-3.jpg\",\"contentUrl\":\"https:\/\/www.one.org\/de\/wp-content\/uploads\/sites\/3\/2023\/08\/mike-erskine-GKFsewk-hz0-unsplash-1024x683-3.jpg\",\"width\":683,\"height\":683},{\"@type\":\"BreadcrumbList\",\"@id\":\"https:\/\/www.one.org\/de\/neuigkeiten\/6-hitzewellen-2023\/#breadcrumb\",\"itemListElement\":[{\"@type\":\"ListItem\",\"position\":1,\"name\":\"Home\",\"item\":\"https:\/\/www.one.org\/de\/\"},{\"@type\":\"ListItem\",\"position\":2,\"name\":\"6 Arten, wie Hitzewellen Ungleichheiten versch\u00e4rfen\"}]},{\"@type\":\"WebSite\",\"@id\":\"https:\/\/www.one.org\/de\/#website\",\"url\":\"https:\/\/www.one.org\/de\/\",\"name\":\"ONE.org\",\"description\":\"F\u00fcr mehr wirtschaftliche Chancen und ein starkes Gesundheitswesen in Afrika\",\"potentialAction\":[{\"@type\":\"SearchAction\",\"target\":{\"@type\":\"EntryPoint\",\"urlTemplate\":\"https:\/\/www.one.org\/de\/?s={search_term_string}\"},\"query-input\":{\"@type\":\"PropertyValueSpecification\",\"valueRequired\":true,\"valueName\":\"search_term_string\"}}],\"inLanguage\":\"de-DE\"},{\"@type\":\"Person\",\"@id\":\"https:\/\/www.one.org\/de\/#\/schema\/person\/236ef43a079c36667c3f1de2da8e0838\",\"name\":\"admin\",\"image\":{\"@type\":\"ImageObject\",\"inLanguage\":\"de-DE\",\"@id\":\"https:\/\/www.one.org\/de\/#\/schema\/person\/image\/\",\"url\":\"https:\/\/secure.gravatar.com\/avatar\/2b4204681b789d34ede86a735f8b6378df901f7f7ab7a9ca89af4670b2bb13b8?s=96&d=mm&r=g\",\"contentUrl\":\"https:\/\/secure.gravatar.com\/avatar\/2b4204681b789d34ede86a735f8b6378df901f7f7ab7a9ca89af4670b2bb13b8?s=96&d=mm&r=g\",\"caption\":\"admin\"},\"sameAs\":[\"http:\/\/www.one.org\"],\"url\":\"https:\/\/www.one.org\/de\/neuigkeiten\/author\/admin\/\"}]}<\/script>\n<!-- \/ Yoast SEO Premium plugin. -->","yoast_head_json":{"title":"6 Arten, wie Hitzewellen Ungleichheiten versch\u00e4rfen - ONE.org Deutschland","description":"Hitzewellen stellen eine gr\u00f6\u00dfere Gefahr dar f\u00fcr Menschen, die in Armut leben. Hier sind 6 Gr\u00fcnde, die das erkl\u00e4ren.","robots":{"index":"index","follow":"follow","max-snippet":"max-snippet:-1","max-image-preview":"max-image-preview:large","max-video-preview":"max-video-preview:-1"},"canonical":"https:\/\/www.one.org\/de\/neuigkeiten\/6-hitzewellen-2023\/","og_locale":"de_DE","og_type":"article","og_title":"6 Arten, wie Hitzewellen Ungleichheiten versch\u00e4rfen","og_description":"Hitzewellen stellen eine gr\u00f6\u00dfere Gefahr dar f\u00fcr Menschen, die in Armut leben. Hier sind 6 Gr\u00fcnde, die das erkl\u00e4ren.","og_url":"https:\/\/www.one.org\/de\/neuigkeiten\/6-hitzewellen-2023\/","og_site_name":"ONE.org Deutschland","article_publisher":"https:\/\/www.facebook.com\/ONEinNederland","article_published_time":"2023-08-03T11:37:57+00:00","article_modified_time":"2023-12-08T10:41:01+00:00","og_image":[{"width":683,"height":683,"url":"https:\/\/cdn.one.org\/oneorg\/wp-content\/uploads\/sites\/3\/2023\/08\/26150941\/mike-erskine-GKFsewk-hz0-unsplash-1024x683-3.jpg","type":"image\/jpeg"}],"author":"admin","twitter_card":"summary_large_image","twitter_creator":"@ONENederland","twitter_site":"@ONENederland","twitter_misc":{"Written by":"admin","Est. reading time":"3 minutes"},"schema":{"@context":"https:\/\/schema.org","@graph":[{"@type":["Article","BlogPosting"],"@id":"https:\/\/www.one.org\/de\/neuigkeiten\/6-hitzewellen-2023\/#article","isPartOf":{"@id":"https:\/\/www.one.org\/de\/neuigkeiten\/6-hitzewellen-2023\/"},"author":{"name":"admin","@id":"https:\/\/www.one.org\/de\/#\/schema\/person\/236ef43a079c36667c3f1de2da8e0838"},"headline":"6 Arten, wie Hitzewellen Ungleichheiten versch\u00e4rfen","datePublished":"2023-08-03T11:37:57+00:00","dateModified":"2023-12-08T10:41:01+00:00","mainEntityOfPage":{"@id":"https:\/\/www.one.org\/de\/neuigkeiten\/6-hitzewellen-2023\/"},"wordCount":511,"commentCount":0,"image":{"@id":"https:\/\/www.one.org\/de\/neuigkeiten\/6-hitzewellen-2023\/#primaryimage"},"thumbnailUrl":"https:\/\/www.one.org\/de\/wp-content\/uploads\/sites\/3\/2023\/08\/mike-erskine-GKFsewk-hz0-unsplash-1024x683-3.jpg","keywords":["Klimagerechtigkeit","Klimawandel"],"articleSection":["Aktuelles"],"inLanguage":"de-DE","potentialAction":[{"@type":"CommentAction","name":"Comment","target":["https:\/\/www.one.org\/de\/neuigkeiten\/6-hitzewellen-2023\/#respond"]}]},{"@type":"WebPage","@id":"https:\/\/www.one.org\/de\/neuigkeiten\/6-hitzewellen-2023\/","url":"https:\/\/www.one.org\/de\/neuigkeiten\/6-hitzewellen-2023\/","name":"6 Arten, wie Hitzewellen Ungleichheiten versch\u00e4rfen - ONE.org Deutschland","isPartOf":{"@id":"https:\/\/www.one.org\/de\/#website"},"primaryImageOfPage":{"@id":"https:\/\/www.one.org\/de\/neuigkeiten\/6-hitzewellen-2023\/#primaryimage"},"image":{"@id":"https:\/\/www.one.org\/de\/neuigkeiten\/6-hitzewellen-2023\/#primaryimage"},"thumbnailUrl":"https:\/\/www.one.org\/de\/wp-content\/uploads\/sites\/3\/2023\/08\/mike-erskine-GKFsewk-hz0-unsplash-1024x683-3.jpg","datePublished":"2023-08-03T11:37:57+00:00","dateModified":"2023-12-08T10:41:01+00:00","author":{"@id":"https:\/\/www.one.org\/de\/#\/schema\/person\/236ef43a079c36667c3f1de2da8e0838"},"description":"Hitzewellen stellen eine gr\u00f6\u00dfere Gefahr dar f\u00fcr Menschen, die in Armut leben. Hier sind 6 Gr\u00fcnde, die das erkl\u00e4ren.","breadcrumb":{"@id":"https:\/\/www.one.org\/de\/neuigkeiten\/6-hitzewellen-2023\/#breadcrumb"},"inLanguage":"de-DE","potentialAction":[{"@type":"ReadAction","target":["https:\/\/www.one.org\/de\/neuigkeiten\/6-hitzewellen-2023\/"]}]},{"@type":"ImageObject","inLanguage":"de-DE","@id":"https:\/\/www.one.org\/de\/neuigkeiten\/6-hitzewellen-2023\/#primaryimage","url":"https:\/\/www.one.org\/de\/wp-content\/uploads\/sites\/3\/2023\/08\/mike-erskine-GKFsewk-hz0-unsplash-1024x683-3.jpg","contentUrl":"https:\/\/www.one.org\/de\/wp-content\/uploads\/sites\/3\/2023\/08\/mike-erskine-GKFsewk-hz0-unsplash-1024x683-3.jpg","width":683,"height":683},{"@type":"BreadcrumbList","@id":"https:\/\/www.one.org\/de\/neuigkeiten\/6-hitzewellen-2023\/#breadcrumb","itemListElement":[{"@type":"ListItem","position":1,"name":"Home","item":"https:\/\/www.one.org\/de\/"},{"@type":"ListItem","position":2,"name":"6 Arten, wie Hitzewellen Ungleichheiten versch\u00e4rfen"}]},{"@type":"WebSite","@id":"https:\/\/www.one.org\/de\/#website","url":"https:\/\/www.one.org\/de\/","name":"ONE.org","description":"F\u00fcr mehr wirtschaftliche Chancen und ein starkes Gesundheitswesen in Afrika","potentialAction":[{"@type":"SearchAction","target":{"@type":"EntryPoint","urlTemplate":"https:\/\/www.one.org\/de\/?s={search_term_string}"},"query-input":{"@type":"PropertyValueSpecification","valueRequired":true,"valueName":"search_term_string"}}],"inLanguage":"de-DE"},{"@type":"Person","@id":"https:\/\/www.one.org\/de\/#\/schema\/person\/236ef43a079c36667c3f1de2da8e0838","name":"admin","image":{"@type":"ImageObject","inLanguage":"de-DE","@id":"https:\/\/www.one.org\/de\/#\/schema\/person\/image\/","url":"https:\/\/secure.gravatar.com\/avatar\/2b4204681b789d34ede86a735f8b6378df901f7f7ab7a9ca89af4670b2bb13b8?s=96&d=mm&r=g","contentUrl":"https:\/\/secure.gravatar.com\/avatar\/2b4204681b789d34ede86a735f8b6378df901f7f7ab7a9ca89af4670b2bb13b8?s=96&d=mm&r=g","caption":"admin"},"sameAs":["http:\/\/www.one.org"],"url":"https:\/\/www.one.org\/de\/neuigkeiten\/author\/admin\/"}]}},"distributor_meta":false,"distributor_terms":false,"distributor_media":false,"distributor_original_site_name":"ONE.org Deutschland","distributor_original_site_url":"https:\/\/www.one.org\/de","push-errors":false,"_links":{"self":[{"href":"https:\/\/www.one.org\/de\/wp-json\/wp\/v2\/posts\/167715","targetHints":{"allow":["GET"]}}],"collection":[{"href":"https:\/\/www.one.org\/de\/wp-json\/wp\/v2\/posts"}],"about":[{"href":"https:\/\/www.one.org\/de\/wp-json\/wp\/v2\/types\/post"}],"author":[{"embeddable":true,"href":"https:\/\/www.one.org\/de\/wp-json\/wp\/v2\/users\/1"}],"replies":[{"embeddable":true,"href":"https:\/\/www.one.org\/de\/wp-json\/wp\/v2\/comments?post=167715"}],"version-history":[{"count":0,"href":"https:\/\/www.one.org\/de\/wp-json\/wp\/v2\/posts\/167715\/revisions"}],"wp:featuredmedia":[{"embeddable":true,"href":"https:\/\/www.one.org\/de\/wp-json\/wp\/v2\/media\/167816"}],"wp:attachment":[{"href":"https:\/\/www.one.org\/de\/wp-json\/wp\/v2\/media?parent=167715"}],"wp:term":[{"taxonomy":"category","embeddable":true,"href":"https:\/\/www.one.org\/de\/wp-json\/wp\/v2\/categories?post=167715"},{"taxonomy":"post_tag","embeddable":true,"href":"https:\/\/www.one.org\/de\/wp-json\/wp\/v2\/tags?post=167715"},{"taxonomy":"topic","embeddable":true,"href":"https:\/\/www.one.org\/de\/wp-json\/wp\/v2\/topic?post=167715"},{"taxonomy":"contributor","embeddable":true,"href":"https:\/\/www.one.org\/de\/wp-json\/wp\/v2\/contributor?post=167715"},{"taxonomy":"one_content_audience","embeddable":true,"href":"https:\/\/www.one.org\/de\/wp-json\/wp\/v2\/one_content_audience?post=167715"},{"taxonomy":"one_content_type","embeddable":true,"href":"https:\/\/www.one.org\/de\/wp-json\/wp\/v2\/one_content_type?post=167715"},{"taxonomy":"one_content_tone","embeddable":true,"href":"https:\/\/www.one.org\/de\/wp-json\/wp\/v2\/one_content_tone?post=167715"}],"curies":[{"name":"wp","href":"https:\/\/api.w.org\/{rel}","templated":true}]}}