{"id":167687,"date":"2022-12-02T18:56:21","date_gmt":"2022-12-02T18:56:21","guid":{"rendered":"https:\/\/www.one.org\/de\/die-antwort-auf-den-klimawandel-lautet-klimagerechtigkeit\/"},"modified":"2024-01-16T12:25:58","modified_gmt":"2024-01-16T12:25:58","slug":"klimawandel-klimagerechtigkeit","status":"publish","type":"post","link":"https:\/\/www.one.org\/de\/neuigkeiten\/klimawandel-klimagerechtigkeit\/","title":{"rendered":"Die Antwort auf den Klimawandel lautet Klimagerechtigkeit"},"content":{"rendered":"<p>Der Klimawandel ist ein aktuelles Thema und es wird zurecht in vielen Diskussionen &uuml;ber seine Folgen auf die Menschen weltweit gesprochen. Doch all das Gerede &uuml;ber die Beseitigung der fatalen Auswirkungen des Klimawandels bringt nichts, wenn nicht auch &uuml;ber das Thema der Klimagerechtigkeit gesprochen wird. L&auml;nder mit niedrigem Einkommen werden von den Auswirkungen der Klimakrise am st&auml;rksten betroffen sein, auch wenn sie am wenigsten dazu beitragen. <strong>Auf Afrika entfallen etwa 4 % der weltweiten Kohlenstoffemissionen, obwohl dort etwa 18 % der Weltbev&ouml;lkerung leben.<\/strong> Es ist nur fair, dass die L&auml;nder mit hohem Einkommen die volle Verantwortung &uuml;bernehmen. Sie sollten mehr tun, um ihre Auswirkungen auf das Klima abzumildern, und die afrikanischen L&auml;nder in ihren Bem&uuml;hungen unterst&uuml;tzen, sich auf diese Auswirkungen vorzubereiten.<\/p>\n<p>Deshalb haben wir unsere globalen Aktivisten gefragt, warum es ihrer Meinung nach wichtig ist, f&uuml;r Klimagerechtigkeit zu k&auml;mpfen. Lies unten nach, was sie zu sagen haben!<\/p>\n<p><img decoding=\"async\" class=\"aligncenter\" src=\"https:\/\/cdn.one.org\/international\/media\/international\/2022\/11\/02172434\/RS2445_CLI-GDA-061121-62-1024x536.jpg\"><\/p>\n<h3>Guillermo San Pedro Bl&aacute;zquez, Belgien<\/h3>\n<blockquote><p>Politische Ma&szlig;nahmen werden umso bessere Ergebnisse erzielen, je inklusiver sie sind. Wir wollen auf einem gerechteren, gleichberechtigteren und nachhaltigeren Planeten leben. Ohne unsere Meinung zu ber&uuml;cksichtigen, wird dies nicht m&ouml;glich sein.<\/p><\/blockquote>\n<p>Nach Abschluss meines Studiums war ich fest entschlossen, einen Weg zu finden, um das Problem der globalen Ungleichheiten zu bek&auml;mpfen. Die Ursachen daf&uuml;r sind vielf&auml;ltig, eine davon ist der Klimawandel. Wir m&uuml;ssen die Staats- und Regierungschefs der Welt dazu bewegen ausreichende bilaterale Finanzhilfepakete bereitzustellen. Diese Mittel sind dringend erforderlich, um die Verluste und Sch&auml;den zu kompensieren, die einige der am st&auml;rksten gef&auml;hrdeten L&auml;nder erlitten haben. Auch die Stimme junger Menschen m&uuml;ssen in die Entscheidungsprozesse einflie&szlig;en k&ouml;nnen.<\/p>\n<h3>Luna Mercuri, Italien<\/h3>\n<blockquote><p>Der Kampf um unseren Planeten ist keine Option, sondern ein Muss.<\/p><\/blockquote>\n<p>Die nigerianische Frau hat keine Wahl, wenn sie das Haus wegen der schlimmsten Flut seit Jahrzenten verlassen muss, in dem sie aufgewachsen ist. Der italienischen Landwirt, der wegen der schlimmsten D&uuml;rre seit Jahrhunderten keine Nahrungsmittel mehr anbauen kann, hat ebenfalls keine Wahl und keine andere M&ouml;glichkeit. F&uuml;r das libanesische Kind gibt es auch keine Wahl, wenn es keinen Zugang mehr zu Trinkwasser hat, weil der Fluss in der N&auml;he seines Hauses so verschmutzt ist. Die australischen W&auml;lder brennen und Tiere sterben, weil ihre &Ouml;kosysteme zerst&ouml;rt werden. Keinem von uns bleibt die Wahl zu entscheiden, ob wir gegen den Klimawandel k&auml;mpfen wollen oder nicht. Warum also sollten unsere Regierungen ein Recht auf eine solche Entscheidung haben?&#8239;&#8239;Wir befinden uns in einer globalen Krise, und ich hoffe, dass unsere Staats- und Regierungschefs handeln. Eine globale Krise erfordert eine globale Antwort. Der Klimawandel macht nicht an den Grenzen halt, wie k&ouml;nnten wir es also?<\/p>\n<h3>Albert Diatta, Senegal<\/h3>\n<blockquote><p>Unser Planet leidet unter den Folgen der globalen Erw&auml;rmung. Und das hat negative Auswirkungen auf unser t&auml;gliches Leben. Einige L&auml;nder sind in der Lage, sich dem Klimawandel zu stellen und sich an ihn anzupassen, andere hingegen nicht, insbesondere die L&auml;nder des globalen S&uuml;dens.<\/p><\/blockquote>\n<p>Es ist wichtig, dass wir unseren Planeten sch&uuml;tzen und f&uuml;r die Verwirklichung der Klimagerechtigkeit k&auml;mpfen. Klimagerechtigkeit erm&ouml;glicht es uns, Ungleichheiten aufgrund der Folgen der globalen Erw&auml;rmung zu verringern und die Rechte bestimmter Personen wiederherzustellen. Sie muss das Recht auf eine gesunde Umwelt f&uuml;r alle bewahren. Ich m&ouml;chte die Staats- und Regierungschefs auffordern, Gleichheit und Gerechtigkeit in den Mittelpunkt der Klimaverhandlungen zu stellen. Sie sollen die Situation der Schwachen wirklich ber&uuml;cksichtigen, indem sie Entscheidungen treffen, die f&uuml;r sie g&uuml;nstig sind und soziale Ungleichheiten verringern, ohne dabei die Geschlechterdimension in allen Bereichen zu vergessen. Ich fordere, dass die Staats- und Regierungschefs, genau wie meine Kolleginnen und Kollegen bei ONE, sich die M&uuml;he machen, zu erfahren, was oft verschwiegen wird.<\/p>\n<h3>Devaanshi Aggarwal, UK<\/h3>\n<blockquote><p>Die Menschen auf der ganzen Welt sp&uuml;ren die Auswirkungen des Klimawandels in sehr unterschiedlichem Ausma&szlig;. Und die Wirtschaft, die Politik und die soziale Macht eines Landes entscheiden dar&uuml;ber, wer den Klimawandel ignorieren kann und wer nicht. Ich fordere die f&uuml;hrenden Politiker der Welt auf, sich weiterzubilden und mehr &uuml;ber die Menschen zu erfahren, die von der Klimakrise betroffen sind.<\/p><\/blockquote>\n<p>Wir ignorieren die Menschen, die hinter niedrig gelegenen K&uuml;stenlinien leben, obwohl sie Schutz brauchen. Ich bitte darum, dass die Staats- und Regierungschefs der Welt, genau wie meine Kollegen bei ONE, sich die M&uuml;he machen, mehr &uuml;ber die Menschen zu erfahren, die oft im Verborgenen leben. Ich wei&szlig;, dass, sobald dies geschehen ist und jeder die sich verschlimmernde Wahrheit kennt, die dringend ben&ouml;tigten Ma&szlig;nahmen, Gelder und Anstrengungen zur Rettung von Menschenleben inmitten dieser Krise auf den Weg gebracht werden.<\/p>\n<h3>Jens van der Duim, die Niederlande<\/h3>\n<blockquote><p>Es ist wichtig, f&uuml;r unseren Planeten und Klimagerechtigkeit zu k&auml;mpfen.<\/p><\/blockquote>\n<p>Die Zunahme der durch den Klimawandel verursachten Katastrophen in den letzten Jahren hat uns gezeigt, dass es zu sp&auml;t ist, ihn zu verhindern, aber es ist nicht zu sp&auml;t, um zu entscheiden, wie weit wir ihn gehen lassen. Es braucht Menschen, die sich zu Wort melden, um einen solchen Wandel herbeizuf&uuml;hren. Es mag ziemlich d&uuml;ster klingen, aber das ist unsere aktuelle Situation, und die einzige Ressource, von der wir genug haben, ist Empathie. Wir m&uuml;ssen daf&uuml;r sorgen, dass die Menschen auf der ganzen Welt ihre Differenzen beiseite schieben und sich darauf einigen, dass wir es alle verdienen, auf unserem Planeten sicher und in Wohlstand zu leben.<\/p>\n<h3>Yacine Sow, Senegal<\/h3>\n<blockquote><p>Unser Planet muss gesch&uuml;tzt werden, damit wir uns alle auf gesunde und ausgewogene Weise entwickeln k&ouml;nnen. Es ist wichtig, dass wir f&uuml;r den Erhalt unseres Planeten k&auml;mpfen.<\/p><\/blockquote>\n<p>Klimagerechtigkeit muss es uns erm&ouml;glichen, das Recht auf eine gesunde Umwelt f&uuml;r alle wirksam und nachhaltig zu erhalten. Die Staats- und Regierungschefs m&uuml;ssen die Schw&auml;chsten ber&uuml;cksichtigen werden. Wir hoffen, dass sie die Umsetzung einer effizienten Abfallbewirtschaftungspolitik und die F&ouml;rderung von Recyclingmechanismen in Betracht ziehen werden. Dies w&auml;re ein Gewinn f&uuml;r den Planeten und die Menschheit, insbesondere f&uuml;r die Schw&auml;chsten.<\/p>\n<h3>Gabriel Hanrieder, Deutschland<\/h3>\n<blockquote><p>Wir m&uuml;ssen f&uuml;r unseren Planeten und Klimagerechtigkeit k&auml;mpfen. Jede Sekunde und jeder Schritt ist wichtig, um das unvorstellbare Ausma&szlig; an Leid zu verringern, das er verursachen kann.<\/p><\/blockquote>\n<p>Die Krise betrifft bereits Milliarden von Menschen, vor allem die Menschen im globalen S&uuml;den, die am wenigsten f&uuml;r die katastrophalen Ereignisse, die wir erleben, verantwortlich sind. Da es sich um eine globale Krise handelt, m&uuml;ssen wir zusammenarbeiten, Wissen, Technologie und Wohlstand teilen, sonst werden wir es nicht schaffen. Es ist Zeit f&uuml;r einen drastischen Wandel. Wir alle m&uuml;ssen unserer Verantwortung gerecht werden und unseren Planeten und unsere Br&uuml;der und Schwestern auf der ganzen Welt mit Respekt und W&uuml;rde behandeln. Die gr&ouml;&szlig;ten Treibhausgasemittenten m&uuml;ssen ihre Emissionen drastisch reduzieren. Bei der Bek&auml;mpfung des Klimawandels geht es nicht darum, die Welt der Privilegierten zu bewahren, sondern darum, unseren einzigen Planeten zu erhalten.<\/p>\n<h3>Inas El Aidi, Frankreich<\/h3>\n<blockquote><p>Klimagerechtigkeit ist wichtig, weil die Klimakrise nicht nur auf extreme Wetterverh&auml;ltnisse beschr&auml;nkt ist. Minderheiten, benachteiligte Gemeinschaften und einkommensschwache L&auml;nder sind unverh&auml;ltnism&auml;&szlig;ig stark von der globalen Erw&auml;rmung betroffen, was die globalen Ungleichheiten verst&auml;rkt. Ironischerweise sind sie es auch, die am wenigsten zu den globalen Kohlenstoffemissionen beitragen.<\/p><\/blockquote>\n<p>Die wohlhabendsten Nationen haben die Verantwortung, unverz&uuml;glich Ma&szlig;nahmen zu ergreifen, um den am st&auml;rksten gef&auml;hrdeten Nationen und k&uuml;nftigen Generationen zu helfen. Die Regierungen m&uuml;ssen Ma&szlig;nahmen ergreifen, um die Zerst&ouml;rung des Klimas zu verhindern, z. B. den Schutz von &Ouml;kosystemen und die Unterst&uuml;tzung lokaler Landwirte. Es ist jedoch auch wichtig, dass die Regierungen die Widerstandsf&auml;higkeit erh&ouml;hen, die Anf&auml;lligkeit verringern und die Erholung der Gemeinschaften unterst&uuml;tzen, die bereits von Klimakatastrophen betroffen sind, aber nur begrenzte Kapazit&auml;ten haben, um diese zu bew&auml;ltigen. Bei der Klimagerechtigkeit geht es um das Recht auf ein Leben in W&uuml;rde und darum, dass diejenigen, die die Klimakrise verursacht haben, zur Verantwortung gezogen werden.<br \/>\nMit Hilfe unserer ONE-Aktivisten K&auml;mpfen wir daf&uuml;r, dass die am st&auml;rksten gef&auml;hrdeten L&auml;nder bei der Bew&auml;ltigung der Auswirkungen des Klimawandels unterst&uuml;tzt werden.<\/p>\n<h3>M&ouml;chtest auch du dich f&uuml;r mehr Klimagerechtigkeit engagieren, dann bewirb dich als <a href=\"https:\/\/act.one.org\/survey\/youth-ambassadors-2023-de\/\">Jugendbotschafter*in<\/a> oder <a href=\"https:\/\/www.one.org\/de\/ueber-one\/regionalbotschafterinnen\/\">Regionalbotschafter*in.<\/a><\/h3>\n<div class=\"buffer\"><\/div>","protected":false},"excerpt":{"rendered":"<p>Der Klimawandel ist ein aktuelles Thema und es wird zurecht in vielen Diskussionen &uuml;ber seine Folgen auf die Menschen weltweit gesprochen. Doch all das Gerede &uuml;ber die Beseitigung der fatalen Auswirkungen des Klimawandels bringt nichts, wenn nicht auch &uuml;ber das Thema der Klimagerechtigkeit gesprochen wird. L&auml;nder mit niedrigem Einkommen werden von den Auswirkungen der Klimakrise [&hellip;]<\/p>\n","protected":false},"author":1,"featured_media":167880,"comment_status":"open","ping_status":"open","sticky":false,"template":"","format":"standard","meta":{"_acf_changed":false,"_relevanssi_hide_post":"","_relevanssi_hide_content":"","_relevanssi_pin_for_all":"","_relevanssi_pin_keywords":"","_relevanssi_unpin_keywords":"","_relevanssi_related_keywords":"","_relevanssi_related_include_ids":"","_relevanssi_related_exclude_ids":"","_relevanssi_related_no_append":"","_relevanssi_related_not_related":"","_relevanssi_related_posts":"167666,169596,169520,167719,167718,167715","_relevanssi_noindex_reason":"","footnotes":""},"categories":[251],"tags":[],"topic":[81],"contributor":[46],"one_content_audience":[],"one_content_type":[],"one_content_tone":[],"class_list":["post-167687","post","type-post","status-publish","format-standard","has-post-thumbnail","hentry","category-kommentar","topic-klimawandel","contributor-one-deutschland"],"acf":[],"yoast_head":"<!-- This site is optimized with the Yoast SEO Premium plugin v27.1 (Yoast SEO v27.1.1) - https:\/\/yoast.com\/product\/yoast-seo-premium-wordpress\/ -->\n<title>Die Antwort auf den Klimawandel lautet Klimagerechtigkeit - ONE.org Deutschland<\/title>\n<meta name=\"description\" content=\"L\u00e4nder im Globalen S\u00fcden werden von den Auswirkungen der Klimakrise am st\u00e4rksten betroffen sein, auch wenn sie am wenigsten dazu beitragen. ONEs Aktivist*innen fordern die Regierungen der Welt zum Handeln auf.\" \/>\n<meta name=\"robots\" content=\"index, follow, max-snippet:-1, max-image-preview:large, max-video-preview:-1\" \/>\n<link rel=\"canonical\" href=\"https:\/\/www.one.org\/de\/neuigkeiten\/klimawandel-klimagerechtigkeit\/\" \/>\n<meta property=\"og:locale\" content=\"de_DE\" \/>\n<meta property=\"og:type\" content=\"article\" \/>\n<meta property=\"og:title\" content=\"Die Antwort auf den Klimawandel lautet Klimagerechtigkeit\" \/>\n<meta property=\"og:description\" content=\"L\u00e4nder im Globalen S\u00fcden werden von den Auswirkungen der Klimakrise am st\u00e4rksten betroffen sein, auch wenn sie am wenigsten dazu beitragen. ONEs Aktivist*innen fordern die Regierungen der Welt zum Handeln auf.\" \/>\n<meta property=\"og:url\" content=\"https:\/\/www.one.org\/de\/neuigkeiten\/klimawandel-klimagerechtigkeit\/\" \/>\n<meta property=\"og:site_name\" content=\"ONE.org Deutschland\" \/>\n<meta property=\"article:publisher\" content=\"https:\/\/www.facebook.com\/ONEinNederland\" \/>\n<meta property=\"article:published_time\" content=\"2022-12-02T18:56:21+00:00\" \/>\n<meta property=\"article:modified_time\" content=\"2024-01-16T12:25:58+00:00\" \/>\n<meta property=\"og:image\" content=\"https:\/\/cdn.one.org\/oneorg\/wp-content\/uploads\/sites\/3\/2022\/12\/26150839\/klimademo-1x1-1.png\" \/>\n\t<meta property=\"og:image:width\" content=\"1080\" \/>\n\t<meta property=\"og:image:height\" content=\"1080\" \/>\n\t<meta property=\"og:image:type\" content=\"image\/png\" \/>\n<meta name=\"author\" content=\"admin\" \/>\n<meta name=\"twitter:card\" content=\"summary_large_image\" \/>\n<meta name=\"twitter:creator\" content=\"@ONENederland\" \/>\n<meta name=\"twitter:site\" content=\"@ONENederland\" \/>\n<meta name=\"twitter:label1\" content=\"Written by\" \/>\n\t<meta name=\"twitter:data1\" content=\"admin\" \/>\n\t<meta name=\"twitter:label2\" content=\"Est. reading time\" \/>\n\t<meta name=\"twitter:data2\" content=\"5 minutes\" \/>\n<script type=\"application\/ld+json\" class=\"yoast-schema-graph\">{\"@context\":\"https:\/\/schema.org\",\"@graph\":[{\"@type\":[\"Article\",\"BlogPosting\"],\"@id\":\"https:\/\/www.one.org\/de\/neuigkeiten\/klimawandel-klimagerechtigkeit\/#article\",\"isPartOf\":{\"@id\":\"https:\/\/www.one.org\/de\/neuigkeiten\/klimawandel-klimagerechtigkeit\/\"},\"author\":{\"name\":\"admin\",\"@id\":\"https:\/\/www.one.org\/de\/#\/schema\/person\/236ef43a079c36667c3f1de2da8e0838\"},\"headline\":\"Die Antwort auf den Klimawandel lautet Klimagerechtigkeit\",\"datePublished\":\"2022-12-02T18:56:21+00:00\",\"dateModified\":\"2024-01-16T12:25:58+00:00\",\"mainEntityOfPage\":{\"@id\":\"https:\/\/www.one.org\/de\/neuigkeiten\/klimawandel-klimagerechtigkeit\/\"},\"wordCount\":1530,\"commentCount\":0,\"image\":{\"@id\":\"https:\/\/www.one.org\/de\/neuigkeiten\/klimawandel-klimagerechtigkeit\/#primaryimage\"},\"thumbnailUrl\":\"https:\/\/www.one.org\/de\/wp-content\/uploads\/sites\/3\/2022\/12\/klimademo-1x1-1.png\",\"articleSection\":[\"Kommentar\"],\"inLanguage\":\"de-DE\",\"potentialAction\":[{\"@type\":\"CommentAction\",\"name\":\"Comment\",\"target\":[\"https:\/\/www.one.org\/de\/neuigkeiten\/klimawandel-klimagerechtigkeit\/#respond\"]}]},{\"@type\":\"WebPage\",\"@id\":\"https:\/\/www.one.org\/de\/neuigkeiten\/klimawandel-klimagerechtigkeit\/\",\"url\":\"https:\/\/www.one.org\/de\/neuigkeiten\/klimawandel-klimagerechtigkeit\/\",\"name\":\"Die Antwort auf den Klimawandel lautet Klimagerechtigkeit - ONE.org Deutschland\",\"isPartOf\":{\"@id\":\"https:\/\/www.one.org\/de\/#website\"},\"primaryImageOfPage\":{\"@id\":\"https:\/\/www.one.org\/de\/neuigkeiten\/klimawandel-klimagerechtigkeit\/#primaryimage\"},\"image\":{\"@id\":\"https:\/\/www.one.org\/de\/neuigkeiten\/klimawandel-klimagerechtigkeit\/#primaryimage\"},\"thumbnailUrl\":\"https:\/\/www.one.org\/de\/wp-content\/uploads\/sites\/3\/2022\/12\/klimademo-1x1-1.png\",\"datePublished\":\"2022-12-02T18:56:21+00:00\",\"dateModified\":\"2024-01-16T12:25:58+00:00\",\"author\":{\"@id\":\"https:\/\/www.one.org\/de\/#\/schema\/person\/236ef43a079c36667c3f1de2da8e0838\"},\"description\":\"L\u00e4nder im Globalen S\u00fcden werden von den Auswirkungen der Klimakrise am st\u00e4rksten betroffen sein, auch wenn sie am wenigsten dazu beitragen. ONEs Aktivist*innen fordern die Regierungen der Welt zum Handeln auf.\",\"breadcrumb\":{\"@id\":\"https:\/\/www.one.org\/de\/neuigkeiten\/klimawandel-klimagerechtigkeit\/#breadcrumb\"},\"inLanguage\":\"de-DE\",\"potentialAction\":[{\"@type\":\"ReadAction\",\"target\":[\"https:\/\/www.one.org\/de\/neuigkeiten\/klimawandel-klimagerechtigkeit\/\"]}]},{\"@type\":\"ImageObject\",\"inLanguage\":\"de-DE\",\"@id\":\"https:\/\/www.one.org\/de\/neuigkeiten\/klimawandel-klimagerechtigkeit\/#primaryimage\",\"url\":\"https:\/\/www.one.org\/de\/wp-content\/uploads\/sites\/3\/2022\/12\/klimademo-1x1-1.png\",\"contentUrl\":\"https:\/\/www.one.org\/de\/wp-content\/uploads\/sites\/3\/2022\/12\/klimademo-1x1-1.png\",\"width\":1080,\"height\":1080},{\"@type\":\"BreadcrumbList\",\"@id\":\"https:\/\/www.one.org\/de\/neuigkeiten\/klimawandel-klimagerechtigkeit\/#breadcrumb\",\"itemListElement\":[{\"@type\":\"ListItem\",\"position\":1,\"name\":\"Home\",\"item\":\"https:\/\/www.one.org\/de\/\"},{\"@type\":\"ListItem\",\"position\":2,\"name\":\"Die Antwort auf den Klimawandel lautet Klimagerechtigkeit\"}]},{\"@type\":\"WebSite\",\"@id\":\"https:\/\/www.one.org\/de\/#website\",\"url\":\"https:\/\/www.one.org\/de\/\",\"name\":\"ONE.org\",\"description\":\"F\u00fcr mehr wirtschaftliche Chancen und ein starkes Gesundheitswesen in Afrika\",\"potentialAction\":[{\"@type\":\"SearchAction\",\"target\":{\"@type\":\"EntryPoint\",\"urlTemplate\":\"https:\/\/www.one.org\/de\/?s={search_term_string}\"},\"query-input\":{\"@type\":\"PropertyValueSpecification\",\"valueRequired\":true,\"valueName\":\"search_term_string\"}}],\"inLanguage\":\"de-DE\"},{\"@type\":\"Person\",\"@id\":\"https:\/\/www.one.org\/de\/#\/schema\/person\/236ef43a079c36667c3f1de2da8e0838\",\"name\":\"admin\",\"image\":{\"@type\":\"ImageObject\",\"inLanguage\":\"de-DE\",\"@id\":\"https:\/\/www.one.org\/de\/#\/schema\/person\/image\/\",\"url\":\"https:\/\/secure.gravatar.com\/avatar\/2b4204681b789d34ede86a735f8b6378df901f7f7ab7a9ca89af4670b2bb13b8?s=96&d=mm&r=g\",\"contentUrl\":\"https:\/\/secure.gravatar.com\/avatar\/2b4204681b789d34ede86a735f8b6378df901f7f7ab7a9ca89af4670b2bb13b8?s=96&d=mm&r=g\",\"caption\":\"admin\"},\"sameAs\":[\"http:\/\/www.one.org\"],\"url\":\"https:\/\/www.one.org\/de\/neuigkeiten\/author\/admin\/\"}]}<\/script>\n<!-- \/ Yoast SEO Premium plugin. -->","yoast_head_json":{"title":"Die Antwort auf den Klimawandel lautet Klimagerechtigkeit - ONE.org Deutschland","description":"L\u00e4nder im Globalen S\u00fcden werden von den Auswirkungen der Klimakrise am st\u00e4rksten betroffen sein, auch wenn sie am wenigsten dazu beitragen. ONEs Aktivist*innen fordern die Regierungen der Welt zum Handeln auf.","robots":{"index":"index","follow":"follow","max-snippet":"max-snippet:-1","max-image-preview":"max-image-preview:large","max-video-preview":"max-video-preview:-1"},"canonical":"https:\/\/www.one.org\/de\/neuigkeiten\/klimawandel-klimagerechtigkeit\/","og_locale":"de_DE","og_type":"article","og_title":"Die Antwort auf den Klimawandel lautet Klimagerechtigkeit","og_description":"L\u00e4nder im Globalen S\u00fcden werden von den Auswirkungen der Klimakrise am st\u00e4rksten betroffen sein, auch wenn sie am wenigsten dazu beitragen. ONEs Aktivist*innen fordern die Regierungen der Welt zum Handeln auf.","og_url":"https:\/\/www.one.org\/de\/neuigkeiten\/klimawandel-klimagerechtigkeit\/","og_site_name":"ONE.org Deutschland","article_publisher":"https:\/\/www.facebook.com\/ONEinNederland","article_published_time":"2022-12-02T18:56:21+00:00","article_modified_time":"2024-01-16T12:25:58+00:00","og_image":[{"width":1080,"height":1080,"url":"https:\/\/cdn.one.org\/oneorg\/wp-content\/uploads\/sites\/3\/2022\/12\/26150839\/klimademo-1x1-1.png","type":"image\/png"}],"author":"admin","twitter_card":"summary_large_image","twitter_creator":"@ONENederland","twitter_site":"@ONENederland","twitter_misc":{"Written by":"admin","Est. reading time":"5 minutes"},"schema":{"@context":"https:\/\/schema.org","@graph":[{"@type":["Article","BlogPosting"],"@id":"https:\/\/www.one.org\/de\/neuigkeiten\/klimawandel-klimagerechtigkeit\/#article","isPartOf":{"@id":"https:\/\/www.one.org\/de\/neuigkeiten\/klimawandel-klimagerechtigkeit\/"},"author":{"name":"admin","@id":"https:\/\/www.one.org\/de\/#\/schema\/person\/236ef43a079c36667c3f1de2da8e0838"},"headline":"Die Antwort auf den Klimawandel lautet Klimagerechtigkeit","datePublished":"2022-12-02T18:56:21+00:00","dateModified":"2024-01-16T12:25:58+00:00","mainEntityOfPage":{"@id":"https:\/\/www.one.org\/de\/neuigkeiten\/klimawandel-klimagerechtigkeit\/"},"wordCount":1530,"commentCount":0,"image":{"@id":"https:\/\/www.one.org\/de\/neuigkeiten\/klimawandel-klimagerechtigkeit\/#primaryimage"},"thumbnailUrl":"https:\/\/www.one.org\/de\/wp-content\/uploads\/sites\/3\/2022\/12\/klimademo-1x1-1.png","articleSection":["Kommentar"],"inLanguage":"de-DE","potentialAction":[{"@type":"CommentAction","name":"Comment","target":["https:\/\/www.one.org\/de\/neuigkeiten\/klimawandel-klimagerechtigkeit\/#respond"]}]},{"@type":"WebPage","@id":"https:\/\/www.one.org\/de\/neuigkeiten\/klimawandel-klimagerechtigkeit\/","url":"https:\/\/www.one.org\/de\/neuigkeiten\/klimawandel-klimagerechtigkeit\/","name":"Die Antwort auf den Klimawandel lautet Klimagerechtigkeit - ONE.org Deutschland","isPartOf":{"@id":"https:\/\/www.one.org\/de\/#website"},"primaryImageOfPage":{"@id":"https:\/\/www.one.org\/de\/neuigkeiten\/klimawandel-klimagerechtigkeit\/#primaryimage"},"image":{"@id":"https:\/\/www.one.org\/de\/neuigkeiten\/klimawandel-klimagerechtigkeit\/#primaryimage"},"thumbnailUrl":"https:\/\/www.one.org\/de\/wp-content\/uploads\/sites\/3\/2022\/12\/klimademo-1x1-1.png","datePublished":"2022-12-02T18:56:21+00:00","dateModified":"2024-01-16T12:25:58+00:00","author":{"@id":"https:\/\/www.one.org\/de\/#\/schema\/person\/236ef43a079c36667c3f1de2da8e0838"},"description":"L\u00e4nder im Globalen S\u00fcden werden von den Auswirkungen der Klimakrise am st\u00e4rksten betroffen sein, auch wenn sie am wenigsten dazu beitragen. ONEs Aktivist*innen fordern die Regierungen der Welt zum Handeln auf.","breadcrumb":{"@id":"https:\/\/www.one.org\/de\/neuigkeiten\/klimawandel-klimagerechtigkeit\/#breadcrumb"},"inLanguage":"de-DE","potentialAction":[{"@type":"ReadAction","target":["https:\/\/www.one.org\/de\/neuigkeiten\/klimawandel-klimagerechtigkeit\/"]}]},{"@type":"ImageObject","inLanguage":"de-DE","@id":"https:\/\/www.one.org\/de\/neuigkeiten\/klimawandel-klimagerechtigkeit\/#primaryimage","url":"https:\/\/www.one.org\/de\/wp-content\/uploads\/sites\/3\/2022\/12\/klimademo-1x1-1.png","contentUrl":"https:\/\/www.one.org\/de\/wp-content\/uploads\/sites\/3\/2022\/12\/klimademo-1x1-1.png","width":1080,"height":1080},{"@type":"BreadcrumbList","@id":"https:\/\/www.one.org\/de\/neuigkeiten\/klimawandel-klimagerechtigkeit\/#breadcrumb","itemListElement":[{"@type":"ListItem","position":1,"name":"Home","item":"https:\/\/www.one.org\/de\/"},{"@type":"ListItem","position":2,"name":"Die Antwort auf den Klimawandel lautet Klimagerechtigkeit"}]},{"@type":"WebSite","@id":"https:\/\/www.one.org\/de\/#website","url":"https:\/\/www.one.org\/de\/","name":"ONE.org","description":"F\u00fcr mehr wirtschaftliche Chancen und ein starkes Gesundheitswesen in Afrika","potentialAction":[{"@type":"SearchAction","target":{"@type":"EntryPoint","urlTemplate":"https:\/\/www.one.org\/de\/?s={search_term_string}"},"query-input":{"@type":"PropertyValueSpecification","valueRequired":true,"valueName":"search_term_string"}}],"inLanguage":"de-DE"},{"@type":"Person","@id":"https:\/\/www.one.org\/de\/#\/schema\/person\/236ef43a079c36667c3f1de2da8e0838","name":"admin","image":{"@type":"ImageObject","inLanguage":"de-DE","@id":"https:\/\/www.one.org\/de\/#\/schema\/person\/image\/","url":"https:\/\/secure.gravatar.com\/avatar\/2b4204681b789d34ede86a735f8b6378df901f7f7ab7a9ca89af4670b2bb13b8?s=96&d=mm&r=g","contentUrl":"https:\/\/secure.gravatar.com\/avatar\/2b4204681b789d34ede86a735f8b6378df901f7f7ab7a9ca89af4670b2bb13b8?s=96&d=mm&r=g","caption":"admin"},"sameAs":["http:\/\/www.one.org"],"url":"https:\/\/www.one.org\/de\/neuigkeiten\/author\/admin\/"}]}},"distributor_meta":false,"distributor_terms":false,"distributor_media":false,"distributor_original_site_name":"ONE.org Deutschland","distributor_original_site_url":"https:\/\/www.one.org\/de","push-errors":false,"_links":{"self":[{"href":"https:\/\/www.one.org\/de\/wp-json\/wp\/v2\/posts\/167687","targetHints":{"allow":["GET"]}}],"collection":[{"href":"https:\/\/www.one.org\/de\/wp-json\/wp\/v2\/posts"}],"about":[{"href":"https:\/\/www.one.org\/de\/wp-json\/wp\/v2\/types\/post"}],"author":[{"embeddable":true,"href":"https:\/\/www.one.org\/de\/wp-json\/wp\/v2\/users\/1"}],"replies":[{"embeddable":true,"href":"https:\/\/www.one.org\/de\/wp-json\/wp\/v2\/comments?post=167687"}],"version-history":[{"count":0,"href":"https:\/\/www.one.org\/de\/wp-json\/wp\/v2\/posts\/167687\/revisions"}],"wp:featuredmedia":[{"embeddable":true,"href":"https:\/\/www.one.org\/de\/wp-json\/wp\/v2\/media\/167880"}],"wp:attachment":[{"href":"https:\/\/www.one.org\/de\/wp-json\/wp\/v2\/media?parent=167687"}],"wp:term":[{"taxonomy":"category","embeddable":true,"href":"https:\/\/www.one.org\/de\/wp-json\/wp\/v2\/categories?post=167687"},{"taxonomy":"post_tag","embeddable":true,"href":"https:\/\/www.one.org\/de\/wp-json\/wp\/v2\/tags?post=167687"},{"taxonomy":"topic","embeddable":true,"href":"https:\/\/www.one.org\/de\/wp-json\/wp\/v2\/topic?post=167687"},{"taxonomy":"contributor","embeddable":true,"href":"https:\/\/www.one.org\/de\/wp-json\/wp\/v2\/contributor?post=167687"},{"taxonomy":"one_content_audience","embeddable":true,"href":"https:\/\/www.one.org\/de\/wp-json\/wp\/v2\/one_content_audience?post=167687"},{"taxonomy":"one_content_type","embeddable":true,"href":"https:\/\/www.one.org\/de\/wp-json\/wp\/v2\/one_content_type?post=167687"},{"taxonomy":"one_content_tone","embeddable":true,"href":"https:\/\/www.one.org\/de\/wp-json\/wp\/v2\/one_content_tone?post=167687"}],"curies":[{"name":"wp","href":"https:\/\/api.w.org\/{rel}","templated":true}]}}