{"id":167681,"date":"2022-09-30T14:28:20","date_gmt":"2022-09-30T14:28:20","guid":{"rendered":"https:\/\/www.one.org\/de\/voller-einsatz-gegen-hiv-aids-tuberkulose-und-malaria\/"},"modified":"2024-01-16T12:29:02","modified_gmt":"2024-01-16T12:29:02","slug":"sommer-hiv-tuberkulose-malaria","status":"publish","type":"post","link":"https:\/\/www.one.org\/de\/neuigkeiten\/sommer-hiv-tuberkulose-malaria\/","title":{"rendered":"Voller Einsatz gegen HIV\/Aids, Tuberkulose und Malaria"},"content":{"rendered":"<p>Der Globale Fonds zur Bek&auml;mpfung von Aids, Tuberkulose und Malaria ist ein globale Organisation, die die Bek&auml;mpfung dieser drei vermeidbaren Krankheiten unterst&uuml;tzt. In diesem Jahr hatten die Staats- und Regierungschefs der Welt die M&ouml;glichkeit, erneut in den Globalen Fonds zu investieren, und es stand eine gro&szlig;e Summe auf dem Spiel. Tats&auml;chlich k&ouml;nnte der Globale Fonds mit den beantragten 18 Milliarden Dollar bis zum Jahr 2026 20 Millionen Menschenleben retten. In unserem Video erf&auml;hrst du, wie gro&szlig; die Auswirkungen wirklich sind.<\/p>\n<p><a href=\"https:\/\/twitter.com\/ONECampaign\/status\/1569710118211567616\">https:\/\/twitter.com\/ONECampaign\/status\/1569710118211567616<\/a><\/p>\n<p>Wie viel haben die Staats- und Regierungschefs also der Welt dieses Jahr zugesagt? Sie haben dem Globalen Fonds eine historische Summe von 14,25 Milliarden Dollar zugesagt, wobei einige weitere L&auml;nder noch Zusagen machen m&uuml;ssen. Das ist zwar weniger als die angestrebten 18 Milliarden Dollar, aber dennoch ein beeindruckendes Ergebnis und die h&ouml;chste Summe, die je f&uuml;r eine multilaterale Gesundheitseinrichtung aufgebracht wurde.<\/p>\n<p>Unsere Aktivist*innen haben das ganze Jahr &uuml;ber hart gearbeitet, um dies zu erreichen &ndash; von der Besetzung des EU-Parlaments und des Times Square bis hin zu Treffen mit wichtigen Interessengruppen und vielem mehr. Hier ist ein R&uuml;ckblick darauf, wie sie diese lebensrettende Investition gesichert haben.<\/p>\n<h3>Unsere Aktivist*innen wurden online aktiv<\/h3>\n<p>Von der Verbreitung von Quizfragen zu HIV\/AIDS, Tuberkulose und Malaria bis hin zu Petitionen konnten unsere Aktivist*innen aus der ganzen Welt f&uuml;r den Globalen Fonds werben und Unterst&uuml;tzer*innen in aller Welt mobilisieren! Sie konnten &uuml;ber 55.000 Unterschriften f&uuml;r unsere Petition zum Globalen Fonds sammeln und durch Twitter direkt an die Staats- und Regierungschefs wenden, um das Bewusstsein zu sch&auml;rfen.<\/p>\n<h3>Sie veranstalteten einen Lobbytag in London<\/h3>\n<blockquote class=\"instagram-media\" data-instgrm-captioned data-instgrm-permalink=\"https:\/\/www.instagram.com\/p\/Cd8kWFZLjkr\/?utm_source=ig_embed&amp;utm_campaign=loading\" data-instgrm-version=\"14\" style=\"background:#FFF;border:0;border-radius:3px;margin: 1px;max-width:593px;min-width:326px;padding:0;width:99.375%;width:-webkit-calc(100% - 2px);width:calc(100% - 2px)\">\n<div style=\"padding:16px\"> <a href=\"https:\/\/www.instagram.com\/p\/Cd8kWFZLjkr\/?utm_source=ig_embed&amp;utm_campaign=loading\" style=\"background:#FFFFFF;line-height:0;padding:0 0;text-align:center;text-decoration:none;width:100%\" target=\"_blank\" rel=\"noopener\"><\/p>\n<div style=\"flex-direction: row;align-items: center\">\n<div style=\"background-color: #F4F4F4;border-radius: 50%;flex-grow: 0;height: 40px;margin-right: 14px;width: 40px\"><\/div>\n<div style=\"flex-direction: column;flex-grow: 1;justify-content: center\">\n<div style=\"background-color: #F4F4F4;border-radius: 4px;flex-grow: 0;height: 14px;margin-bottom: 6px;width: 100px\"><\/div>\n<div style=\"background-color: #F4F4F4;border-radius: 4px;flex-grow: 0;height: 14px;width: 60px\"><\/div>\n<\/div>\n<\/div>\n<div style=\"padding: 19% 0\"><\/div>\n<div style=\"height:50px;margin:0 auto 12px;width:50px\"><\/div>\n<div style=\"padding-top: 8px\">\n<div style=\"color:#3897f0;font-family:Arial,sans-serif;font-size:14px;font-style:normal;font-weight:550;line-height:18px\">View this post on Instagram<\/div>\n<\/div>\n<div style=\"padding: 12.5% 0\"><\/div>\n<div style=\"flex-direction: row;margin-bottom: 14px;align-items: center\">\n<div>\n<div style=\"background-color: #F4F4F4;border-radius: 50%;height: 12.5px;width: 12.5px\"><\/div>\n<div style=\"background-color: #F4F4F4;height: 12.5px;width: 12.5px;flex-grow: 0;margin-right: 14px;margin-left: 2px\"><\/div>\n<div style=\"background-color: #F4F4F4;border-radius: 50%;height: 12.5px;width: 12.5px\"><\/div>\n<\/div>\n<div style=\"margin-left: 8px\">\n<div style=\"background-color: #F4F4F4;border-radius: 50%;flex-grow: 0;height: 20px;width: 20px\"><\/div>\n<div style=\"width: 0;height: 0;border-top: 2px solid transparent;border-left: 6px solid #f4f4f4;border-bottom: 2px solid transparent\"><\/div>\n<\/div>\n<div style=\"margin-left: auto\">\n<div style=\"width: 0px;border-top: 8px solid #F4F4F4;border-right: 8px solid transparent\"><\/div>\n<div style=\"background-color: #F4F4F4;flex-grow: 0;height: 12px;width: 16px\"><\/div>\n<div style=\"width: 0;height: 0;border-top: 8px solid #F4F4F4;border-left: 8px solid transparent\"><\/div>\n<\/div>\n<\/div>\n<div style=\"flex-direction: column;flex-grow: 1;justify-content: center;margin-bottom: 24px\">\n<div style=\"background-color: #F4F4F4;border-radius: 4px;flex-grow: 0;height: 14px;margin-bottom: 6px;width: 224px\"><\/div>\n<div style=\"background-color: #F4F4F4;border-radius: 4px;flex-grow: 0;height: 14px;width: 144px\"><\/div>\n<\/div>\n<p><\/a><\/p>\n<p style=\"color:#c9c8cd;font-family:Arial,sans-serif;font-size:14px;line-height:17px;margin-bottom:0;margin-top:8px;overflow:hidden;padding:8px 0 7px;text-align:center\"><a href=\"https:\/\/www.instagram.com\/p\/Cd8kWFZLjkr\/?utm_source=ig_embed&amp;utm_campaign=loading\" style=\"color:#c9c8cd;font-family:Arial,sans-serif;font-size:14px;font-style:normal;font-weight:normal;line-height:17px;text-decoration:none\" target=\"_blank\" rel=\"noopener\">A post shared by ONE (@one)<\/a><\/p>\n<\/div>\n<\/blockquote>\n<p>In diesem Sommer gingen unsere GenerAction-Aktivist*innen in London auf die Stra&szlig;e, um ihre Unterst&uuml;tzung f&uuml;r den Globalen Fonds und den Kampf gegen Epidemien wie HIV\/AIDS, Tuberkulose und Malaria zu bekr&auml;ftigen.<\/p>\n<h3>Sie trafen sich mit Melinda French Gates in Berlin<\/h3>\n<blockquote class=\"instagram-media\" data-instgrm-captioned data-instgrm-permalink=\"https:\/\/www.instagram.com\/p\/CdJGBBEO3k5\/?utm_source=ig_embed&amp;utm_campaign=loading\" data-instgrm-version=\"14\" style=\"background:#FFF;border:0;border-radius:3px;margin: 1px;max-width:593px;min-width:326px;padding:0;width:99.375%;width:-webkit-calc(100% - 2px);width:calc(100% - 2px)\">\n<div style=\"padding:16px\"> <a href=\"https:\/\/www.instagram.com\/p\/CdJGBBEO3k5\/?utm_source=ig_embed&amp;utm_campaign=loading\" style=\"background:#FFFFFF;line-height:0;padding:0 0;text-align:center;text-decoration:none;width:100%\" target=\"_blank\" rel=\"noopener\"><\/p>\n<div style=\"flex-direction: row;align-items: center\">\n<div style=\"background-color: #F4F4F4;border-radius: 50%;flex-grow: 0;height: 40px;margin-right: 14px;width: 40px\"><\/div>\n<div style=\"flex-direction: column;flex-grow: 1;justify-content: center\">\n<div style=\"background-color: #F4F4F4;border-radius: 4px;flex-grow: 0;height: 14px;margin-bottom: 6px;width: 100px\"><\/div>\n<div style=\"background-color: #F4F4F4;border-radius: 4px;flex-grow: 0;height: 14px;width: 60px\"><\/div>\n<\/div>\n<\/div>\n<div style=\"padding: 19% 0\"><\/div>\n<div style=\"height:50px;margin:0 auto 12px;width:50px\"><\/div>\n<div style=\"padding-top: 8px\">\n<div style=\"color:#3897f0;font-family:Arial,sans-serif;font-size:14px;font-style:normal;font-weight:550;line-height:18px\">View this post on Instagram<\/div>\n<\/div>\n<div style=\"padding: 12.5% 0\"><\/div>\n<div style=\"flex-direction: row;margin-bottom: 14px;align-items: center\">\n<div>\n<div style=\"background-color: #F4F4F4;border-radius: 50%;height: 12.5px;width: 12.5px\"><\/div>\n<div style=\"background-color: #F4F4F4;height: 12.5px;width: 12.5px;flex-grow: 0;margin-right: 14px;margin-left: 2px\"><\/div>\n<div style=\"background-color: #F4F4F4;border-radius: 50%;height: 12.5px;width: 12.5px\"><\/div>\n<\/div>\n<div style=\"margin-left: 8px\">\n<div style=\"background-color: #F4F4F4;border-radius: 50%;flex-grow: 0;height: 20px;width: 20px\"><\/div>\n<div style=\"width: 0;height: 0;border-top: 2px solid transparent;border-left: 6px solid #f4f4f4;border-bottom: 2px solid transparent\"><\/div>\n<\/div>\n<div style=\"margin-left: auto\">\n<div style=\"width: 0px;border-top: 8px solid #F4F4F4;border-right: 8px solid transparent\"><\/div>\n<div style=\"background-color: #F4F4F4;flex-grow: 0;height: 12px;width: 16px\"><\/div>\n<div style=\"width: 0;height: 0;border-top: 8px solid #F4F4F4;border-left: 8px solid transparent\"><\/div>\n<\/div>\n<\/div>\n<div style=\"flex-direction: column;flex-grow: 1;justify-content: center;margin-bottom: 24px\">\n<div style=\"background-color: #F4F4F4;border-radius: 4px;flex-grow: 0;height: 14px;margin-bottom: 6px;width: 224px\"><\/div>\n<div style=\"background-color: #F4F4F4;border-radius: 4px;flex-grow: 0;height: 14px;width: 144px\"><\/div>\n<\/div>\n<p><\/a><\/p>\n<p style=\"color:#c9c8cd;font-family:Arial,sans-serif;font-size:14px;line-height:17px;margin-bottom:0;margin-top:8px;overflow:hidden;padding:8px 0 7px;text-align:center\"><a href=\"https:\/\/www.instagram.com\/p\/CdJGBBEO3k5\/?utm_source=ig_embed&amp;utm_campaign=loading\" style=\"color:#c9c8cd;font-family:Arial,sans-serif;font-size:14px;font-style:normal;font-weight:normal;line-height:17px;text-decoration:none\" target=\"_blank\" rel=\"noopener\">A post shared by ONE (@one)<\/a><\/p>\n<\/div>\n<\/blockquote>\n<p>In Berlin trafen sich unsere GenerAction-Aktivist*innen auch mit der globalen Aktivistin Melinda French Gates und der Politikerin B&auml;rbel Kofler, um &uuml;ber den Globalen Fonds zu sprechen und dar&uuml;ber, wie wir vermeidbare Krankheiten beenden k&ouml;nnen.<\/p>\n<h3>Sie projizierten ein Video auf die Stra&szlig;en von Paris<\/h3>\n<blockquote class=\"twitter-tweet\" data-width=\"550\" data-dnt=\"true\">\n<p lang=\"fr\" dir=\"ltr\">Vendredi dernier, nous avons projet&eacute; dans les rues de Paris un court film anim&eacute;. Notre but? Faire comprendre &agrave; <a href=\"https:\/\/twitter.com\/EmmanuelMacron?ref_src=twsrc%5Etfw\">@EmmanuelMacron<\/a> qu&#8217;en augmentant sa contribution au <a href=\"https:\/\/twitter.com\/GlobalFund?ref_src=twsrc%5Etfw\">@GlobalFund<\/a>, il peut sauver des millions de vies du sida, de la tuberculose et du paludisme.<\/p>\n<p>Regardez notre vid&eacute;o &#11015;&#65039; <a href=\"https:\/\/t.co\/ixlB2DN0nA\">pic.twitter.com\/ixlB2DN0nA<\/a><\/p>\n<p>&mdash; ONE France (@ONE_Fr) <a href=\"https:\/\/twitter.com\/ONE_Fr\/status\/1570361435561099264?ref_src=twsrc%5Etfw\">September 15, 2022<\/a><\/p><\/blockquote>\n<p>In Frankreich f&uuml;hrten unsere Aktivist*innen einen Kurzfilm auf den Stra&szlig;en von Paris vor, um die Aufmerksamkeit von Pr&auml;sident Emmanuel Macron zu erregen. Das Thema des Films? Wie der Globale Fonds Millionen von Menschenleben vor HIV\/AIDS, Tuberkulose und Malaria retten kann.<\/p>\n<h3><strong>Sie besetzten das EU-Parlament<\/strong><\/h3>\n<p><a href=\"https:\/\/twitter.com\/jonas_nitschke\/status\/1524442899789881344?ref_src=twsrc%5Etfw%7Ctwcamp%5Etweetembed%7Ctwterm%5E1524442899789881344%7Ctwgr%5Ea400d097c471f6f080331575c3f2102badf30d2e%7Ctwcon%5Es1_&amp;ref_url=https%3A%2F%2Fwww.one.org%2Finternational%2Fblog%2Fone-youth-ambassadors-european-parliament-global-fund%2F\">https:\/\/twitter.com\/jonas_nitschke\/status\/1524442899789881344?ref_src=twsrc%5Etfw%7Ctwcamp%5Etweetembed%7Ctwterm%5E1524442899789881344%7Ctwgr%5Ea400d097c471f6f080331575c3f2102badf30d2e%7Ctwcon%5Es1_&amp;ref_url=https%3A%2F%2Fwww.one.org%2Finternational%2Fblog%2Fone-youth-ambassadors-european-parliament-global-fund%2F<\/a><\/p>\n<p>Unsere Aktivist*innen in Europa besetzten zwei Tage lang das Europ&auml;ische Parlament, um sich mit Abgeordneten des Europ&auml;ischen Parlaments zu treffen und sie &uuml;ber die bedeutende Wirkung des Globalen Fonds seit seiner Gr&uuml;ndung im Jahr 2002 und die Bedeutung von Neuinvestitionen in diesen globalen Akteur bei der diesj&auml;hrigen Wiederauff&uuml;llung zu informieren.<\/p>\n<h3>Sie waren bei Bonnaroo aktiv<\/h3>\n<blockquote class=\"instagram-media\" data-instgrm-captioned data-instgrm-permalink=\"https:\/\/www.instagram.com\/p\/Ce821bUspXC\/?utm_source=ig_embed&amp;utm_campaign=loading\" data-instgrm-version=\"14\" style=\"background:#FFF;border:0;border-radius:3px;margin: 1px;max-width:593px;min-width:326px;padding:0;width:99.375%;width:-webkit-calc(100% - 2px);width:calc(100% - 2px)\">\n<div style=\"padding:16px\"> <a href=\"https:\/\/www.instagram.com\/p\/Ce821bUspXC\/?utm_source=ig_embed&amp;utm_campaign=loading\" style=\"background:#FFFFFF;line-height:0;padding:0 0;text-align:center;text-decoration:none;width:100%\" target=\"_blank\" rel=\"noopener\"><\/p>\n<div style=\"flex-direction: row;align-items: center\">\n<div style=\"background-color: #F4F4F4;border-radius: 50%;flex-grow: 0;height: 40px;margin-right: 14px;width: 40px\"><\/div>\n<div style=\"flex-direction: column;flex-grow: 1;justify-content: center\">\n<div style=\"background-color: #F4F4F4;border-radius: 4px;flex-grow: 0;height: 14px;margin-bottom: 6px;width: 100px\"><\/div>\n<div style=\"background-color: #F4F4F4;border-radius: 4px;flex-grow: 0;height: 14px;width: 60px\"><\/div>\n<\/div>\n<\/div>\n<div style=\"padding: 19% 0\"><\/div>\n<div style=\"height:50px;margin:0 auto 12px;width:50px\"><\/div>\n<div style=\"padding-top: 8px\">\n<div style=\"color:#3897f0;font-family:Arial,sans-serif;font-size:14px;font-style:normal;font-weight:550;line-height:18px\">View this post on Instagram<\/div>\n<\/div>\n<div style=\"padding: 12.5% 0\"><\/div>\n<div style=\"flex-direction: row;margin-bottom: 14px;align-items: center\">\n<div>\n<div style=\"background-color: #F4F4F4;border-radius: 50%;height: 12.5px;width: 12.5px\"><\/div>\n<div style=\"background-color: #F4F4F4;height: 12.5px;width: 12.5px;flex-grow: 0;margin-right: 14px;margin-left: 2px\"><\/div>\n<div style=\"background-color: #F4F4F4;border-radius: 50%;height: 12.5px;width: 12.5px\"><\/div>\n<\/div>\n<div style=\"margin-left: 8px\">\n<div style=\"background-color: #F4F4F4;border-radius: 50%;flex-grow: 0;height: 20px;width: 20px\"><\/div>\n<div style=\"width: 0;height: 0;border-top: 2px solid transparent;border-left: 6px solid #f4f4f4;border-bottom: 2px solid transparent\"><\/div>\n<\/div>\n<div style=\"margin-left: auto\">\n<div style=\"width: 0px;border-top: 8px solid #F4F4F4;border-right: 8px solid transparent\"><\/div>\n<div style=\"background-color: #F4F4F4;flex-grow: 0;height: 12px;width: 16px\"><\/div>\n<div style=\"width: 0;height: 0;border-top: 8px solid #F4F4F4;border-left: 8px solid transparent\"><\/div>\n<\/div>\n<\/div>\n<div style=\"flex-direction: column;flex-grow: 1;justify-content: center;margin-bottom: 24px\">\n<div style=\"background-color: #F4F4F4;border-radius: 4px;flex-grow: 0;height: 14px;margin-bottom: 6px;width: 224px\"><\/div>\n<div style=\"background-color: #F4F4F4;border-radius: 4px;flex-grow: 0;height: 14px;width: 144px\"><\/div>\n<\/div>\n<p><\/a><\/p>\n<p style=\"color:#c9c8cd;font-family:Arial,sans-serif;font-size:14px;line-height:17px;margin-bottom:0;margin-top:8px;overflow:hidden;padding:8px 0 7px;text-align:center\"><a href=\"https:\/\/www.instagram.com\/p\/Ce821bUspXC\/?utm_source=ig_embed&amp;utm_campaign=loading\" style=\"color:#c9c8cd;font-family:Arial,sans-serif;font-size:14px;font-style:normal;font-weight:normal;line-height:17px;text-decoration:none\" target=\"_blank\" rel=\"noopener\">A post shared by ONE (@one)<\/a><\/p>\n<\/div>\n<\/blockquote>\n<p>Bonnaroo ist ein j&auml;hrliches Musikfestival, das Menschen aus aller Welt und mit verschienden Hintergr&uuml;nden zusammenbringt, und unsere Aktivist*innen nutzten diesen Moment. Auf dem diesj&auml;hrigen Festival haben unsere ONE-Aktivist*innen in Amerika einen Stand aufgebaut, um die Festivalbesucher &uuml;ber den Globalen Fonds und seine Auswirkungen zu informieren.<\/p>\n<h3>Sie sorgten auf dem Capital Pride Festival in Ottawa f&uuml;r Aufsehen<\/h3>\n<blockquote class=\"twitter-tweet\" data-width=\"550\" data-dnt=\"true\">\n<p lang=\"en\" dir=\"ltr\">We met these rad folks at <a href=\"https:\/\/twitter.com\/FierteCapPride?ref_src=twsrc%5Etfw\">@FierteCapPride<\/a> and they helped give away thousands of stickers. All out to <a href=\"https:\/\/twitter.com\/hashtag\/EndAIDS?src=hash&amp;ref_src=twsrc%5Etfw\">#EndAIDS<\/a> <a href=\"https:\/\/twitter.com\/hashtag\/ottawapride?src=hash&amp;ref_src=twsrc%5Etfw\">#ottawapride<\/a> and support the <a href=\"https:\/\/twitter.com\/GlobalFund?ref_src=twsrc%5Etfw\">@GlobalFund<\/a> <a href=\"https:\/\/t.co\/1fq1vtweIx\">pic.twitter.com\/1fq1vtweIx<\/a><\/p>\n<p>&mdash; ONE Canada (@ONE_in_Canada) <a href=\"https:\/\/twitter.com\/ONE_in_Canada\/status\/1563979859034087427?ref_src=twsrc%5Etfw\">August 28, 2022<\/a><\/p><\/blockquote>\n<p>&nbsp;<\/p>\n<blockquote class=\"twitter-tweet\" data-width=\"550\" data-dnt=\"true\">\n<p lang=\"en\" dir=\"ltr\">ONE and allies are out to ensure Canada makes a <a href=\"https:\/\/twitter.com\/hashtag\/1Point2Billion?src=hash&amp;ref_src=twsrc%5Etfw\">#1Point2Billion<\/a> to the Global Fund to <a href=\"https:\/\/twitter.com\/hashtag\/endAIDS?src=hash&amp;ref_src=twsrc%5Etfw\">#endAIDS<\/a> <a href=\"https:\/\/twitter.com\/hashtag\/ottawapride?src=hash&amp;ref_src=twsrc%5Etfw\">#ottawapride<\/a> <a href=\"https:\/\/twitter.com\/hashtag\/FightForWhatCounts?src=hash&amp;ref_src=twsrc%5Etfw\">#FightForWhatCounts<\/a> <a href=\"https:\/\/t.co\/OCAmXKPBn4\">pic.twitter.com\/OCAmXKPBn4<\/a><\/p>\n<p>&mdash; ONE Canada (@ONE_in_Canada) <a href=\"https:\/\/twitter.com\/ONE_in_Canada\/status\/1563919878838444033?ref_src=twsrc%5Etfw\">August 28, 2022<\/a><\/p><\/blockquote>\n<p>Unsere Aktivisten in Kanada nahmen am Capital Pride Festival in Ottawa teil, um das Bewusstsein f&uuml;r den Kampf gegen AIDS\/HIV und f&uuml;r die Unterst&uuml;tzung des Globalen Fonds zu st&auml;rken!<\/p>\n<h3>Sie haben Bundeskanzler Olaf Scholz eine Botschafts ins Ohr gesetzt<\/h3>\n<blockquote class=\"twitter-tweet\" data-width=\"550\" data-dnt=\"true\">\n<p lang=\"de\" dir=\"ltr\">&#8220;Malaria bleibt eine der t&ouml;dlichsten Krankheiten der Welt. Das Tragische daran ist, dass diese Todeszahlen absolut vermeidbar sind.&#8221; &ndash; <a href=\"https:\/\/twitter.com\/ExoKreischer?ref_src=twsrc%5Etfw\">@ExoKreischer<\/a>. <a href=\"https:\/\/twitter.com\/hashtag\/EndMalaria?src=hash&amp;ref_src=twsrc%5Etfw\">#EndMalaria<\/a><br \/>\nWarum es so wichtig ist, dass der <a href=\"https:\/\/twitter.com\/GlobalFund?ref_src=twsrc%5Etfw\">@GlobalFund<\/a> mit den n&ouml;tigen Mitteln ausgestattet wird &#10145;&#65039; <a href=\"https:\/\/t.co\/dBAzsLM2tp\">https:\/\/t.co\/dBAzsLM2tp<\/a> <a href=\"https:\/\/t.co\/fL6i0NJklB\">pic.twitter.com\/fL6i0NJklB<\/a><\/p>\n<p>&mdash; ONEDeutschland (@ONEDeutschland) <a href=\"https:\/\/twitter.com\/ONEDeutschland\/status\/1567461062101835776?ref_src=twsrc%5Etfw\">September 7, 2022<\/a><\/p><\/blockquote>\n<p><a href=\"https:\/\/twitter.com\/ONEDeutschland\/status\/1567433116825915392\">https:\/\/twitter.com\/ONEDeutschland\/status\/1567433116825915392<\/a><\/p>\n<p>Um die Aufmerksamkeit von Bundeskanzler Olaf Scholz zu erregen, haben unsere Aktivist*innen in Deutschland buchst&auml;blich f&uuml;r gro&szlig;es Summen um sein B&uuml;ro gesorgt. Mit behelfsm&auml;&szlig;ig gebastelten Moskitos standen sie vor dem Kanzleramt und machten mit summenden Ger&auml;uschen auf sich und die Arbeit des Globalen Fonds im Kampf gegen Malaria aufmerksam.<\/p>\n<h3>Sie beendeten ein Sommerfestival in Belgien<\/h3>\n<p><a href=\"https:\/\/twitter.com\/ONEinEU\/status\/1563925080865968130?s=20&amp;t=yhdWn5THXnCi6nHiIIlCbA\">https:\/\/twitter.com\/ONEinEU\/status\/1563925080865968130?s=20&amp;t=yhdWn5THXnCi6nHiIIlCbA<\/a><\/p>\n<p>Im Sommer beendeten unsere Aktivisten das Solidarit&eacute;s-Festival in Belgien, indem sie auf den Globalen Fonds aufmerksam machten!<\/p>\n<h3>Sie haben den kanadischen Premierminister Trudeau in den Ring gebeten<\/h3>\n<p><a href=\"https:\/\/twitter.com\/ONE_in_Canada\/status\/1553441569449074688\">https:\/\/twitter.com\/ONE_in_Canada\/status\/1553441569449074688<\/a><\/p>\n<blockquote class=\"twitter-tweet\" data-width=\"550\" data-dnt=\"true\">\n<p lang=\"en\" dir=\"ltr\">We&rsquo;re at <a href=\"https:\/\/twitter.com\/hashtag\/AIDS2022?src=hash&amp;ref_src=twsrc%5Etfw\">#AIDS2022<\/a> in Montreal, making noise in support of <a href=\"https:\/\/twitter.com\/GlobalFund?ref_src=twsrc%5Etfw\">@GlobalFund<\/a>!<\/p>\n<p>We&rsquo;re also collecting personalized postcards pushing <a href=\"https:\/\/twitter.com\/JustinTrudeau?ref_src=twsrc%5Etfw\">@JustinTrudeau<\/a> to <a href=\"https:\/\/twitter.com\/hashtag\/FightForWhatCounts?src=hash&amp;ref_src=twsrc%5Etfw\">#FightForWhatCounts<\/a>. Happy to have <a href=\"https:\/\/twitter.com\/iasociety?ref_src=twsrc%5Etfw\">@iasociety<\/a> President <a href=\"https:\/\/twitter.com\/ProfAdeeba?ref_src=twsrc%5Etfw\">@ProfAdeeba<\/a> add her voice!<a href=\"https:\/\/twitter.com\/hashtag\/1point2billion?src=hash&amp;ref_src=twsrc%5Etfw\">#1point2billion<\/a> <a href=\"https:\/\/t.co\/v51SL0rGQH\">pic.twitter.com\/v51SL0rGQH<\/a><\/p>\n<p>&mdash; ONE Canada (@ONE_in_Canada) <a href=\"https:\/\/twitter.com\/ONE_in_Canada\/status\/1553153757982212096?ref_src=twsrc%5Etfw\">July 29, 2022<\/a><\/p><\/blockquote>\n<p>W&auml;hrend der Internationalen AIDS-Konferenz im Juli haben unsere Aktivist*innen in Kanada versucht, die Aufmerksamkeit von Premierminister Justin Trudeau zu gewinnen, indem sie ihn in den &ldquo;Ring&rdquo; einluden, um bei der Bek&auml;mpfung und Beendigung von AIDS zu helfen! Sie schickten auch personalisierte Postkarten an Trudeau, um ihn zu dr&auml;ngen, den Kampf gegen HIV\/AIDS voranzutreiben.<\/p>\n<h3>Sie veranstalteten ein klassisches Pub-Quiz<\/h3>\n<p><a href=\"https:\/\/twitter.com\/ONEinEU\/status\/1519723256726568961?s=20&amp;t=yhdWn5THXnCi6nHiIIlCbA\">https:\/\/twitter.com\/ONEinEU\/status\/1519723256726568961?s=20&amp;t=yhdWn5THXnCi6nHiIIlCbA<\/a><\/p>\n<p>Ein Kneipenquiz, bei dem es um den Globalen Fonds geht. Unsere Aktivist*innen in Europa veranstalteten ein Kneipenquiz mit herausfordernden Fragen zu Malaria, Tuberkulose und anderen vermeidbaren Krankheiten, um das Bewusstsein der Kneipenbesucher in Br&uuml;ssel zu sch&auml;rfen und um sie aufzukl&auml;ren.<\/p>\n<h3>Sie besuchten die Sommerfestivals in Frankreich<\/h3>\n<p><a href=\"https:\/\/twitter.com\/ONE_Fr\/status\/1548638267633025024\">https:\/\/twitter.com\/ONE_Fr\/status\/1548638267633025024<\/a><\/p>\n<p>&nbsp;<\/p>\n<p><a href=\"https:\/\/twitter.com\/ONE_Fr\/status\/1539995189586141185\">https:\/\/twitter.com\/ONE_Fr\/status\/1539995189586141185<\/a><\/p>\n<p>Wenn du in diesem Sommer auf dem Lollapalooza oder dem Solidays-Festival in Frankreich warst, dann hast du wahrscheinlich unsere Aktivist*innen in Aktion gesehen! Sie er&ouml;ffneten auf beiden Festivals St&auml;nde, um f&uuml;r den Globalen Fonds zu werben.<\/p>\n<h3>Sie haben in NYC buchst&auml;blich das gro&szlig;e Summen erweckt<\/h3>\n<blockquote class=\"twitter-tweet\" data-width=\"550\" data-dnt=\"true\">\n<p lang=\"en\" dir=\"ltr\">There is no stopping these <a href=\"https:\/\/twitter.com\/hashtag\/ONEActivists?src=hash&amp;ref_src=twsrc%5Etfw\">#ONEActivists<\/a>. They are all over Time Square telling people how they can help end malaria by making sure governments refund the <a href=\"https:\/\/twitter.com\/GlobalFund?ref_src=twsrc%5Etfw\">@GlobalFund<\/a> next week. <a href=\"https:\/\/twitter.com\/ONEinAmerica?ref_src=twsrc%5Etfw\">@ONEinAmerica<\/a> <a href=\"https:\/\/t.co\/UmXBCjgARk\">pic.twitter.com\/UmXBCjgARk<\/a><\/p>\n<p>&mdash; ONE (@ONECampaign) <a href=\"https:\/\/twitter.com\/ONECampaign\/status\/1571202265242894338?ref_src=twsrc%5Etfw\">September 17, 2022<\/a><\/p><\/blockquote>\n<p><a href=\"https:\/\/twitter.com\/ONECampaign\/status\/1572593995829497856\">https:\/\/twitter.com\/ONECampaign\/status\/1572593995829497856<\/a><\/p>\n<p>Nichts ist l&auml;stiger als das Summen einer M&uuml;cke. Am Vorabend der Konferenz zur Wiederauff&uuml;llung des Globalen Fonds reisten unsere Aktivist*innen nach New York, um auf dem Times Square und dar&uuml;ber hinaus f&uuml;r den Globalen Fonds zu werben und die f&uuml;hrenden Politiker der Welt aufzufordern, wieder in den Fonds zu investieren.<\/p>\n<h3>Sie erhielten eine besondere &Uuml;berraschung von wichtigen Akteur*innen<\/h3>\n<blockquote class=\"instagram-media\" data-instgrm-captioned data-instgrm-permalink=\"https:\/\/www.instagram.com\/p\/CiveOWFpRVu\/?utm_source=ig_embed&amp;utm_campaign=loading\" data-instgrm-version=\"14\" style=\"background:#FFF;border:0;border-radius:3px;margin: 1px;max-width:593px;min-width:326px;padding:0;width:99.375%;width:-webkit-calc(100% - 2px);width:calc(100% - 2px)\">\n<div style=\"padding:16px\"> <a href=\"https:\/\/www.instagram.com\/p\/CiveOWFpRVu\/?utm_source=ig_embed&amp;utm_campaign=loading\" style=\"background:#FFFFFF;line-height:0;padding:0 0;text-align:center;text-decoration:none;width:100%\" target=\"_blank\" rel=\"noopener\"><\/p>\n<div style=\"flex-direction: row;align-items: center\">\n<div style=\"background-color: #F4F4F4;border-radius: 50%;flex-grow: 0;height: 40px;margin-right: 14px;width: 40px\"><\/div>\n<div style=\"flex-direction: column;flex-grow: 1;justify-content: center\">\n<div style=\"background-color: #F4F4F4;border-radius: 4px;flex-grow: 0;height: 14px;margin-bottom: 6px;width: 100px\"><\/div>\n<div style=\"background-color: #F4F4F4;border-radius: 4px;flex-grow: 0;height: 14px;width: 60px\"><\/div>\n<\/div>\n<\/div>\n<div style=\"padding: 19% 0\"><\/div>\n<div style=\"height:50px;margin:0 auto 12px;width:50px\"><\/div>\n<div style=\"padding-top: 8px\">\n<div style=\"color:#3897f0;font-family:Arial,sans-serif;font-size:14px;font-style:normal;font-weight:550;line-height:18px\">View this post on Instagram<\/div>\n<\/div>\n<div style=\"padding: 12.5% 0\"><\/div>\n<div style=\"flex-direction: row;margin-bottom: 14px;align-items: center\">\n<div>\n<div style=\"background-color: #F4F4F4;border-radius: 50%;height: 12.5px;width: 12.5px\"><\/div>\n<div style=\"background-color: #F4F4F4;height: 12.5px;width: 12.5px;flex-grow: 0;margin-right: 14px;margin-left: 2px\"><\/div>\n<div style=\"background-color: #F4F4F4;border-radius: 50%;height: 12.5px;width: 12.5px\"><\/div>\n<\/div>\n<div style=\"margin-left: 8px\">\n<div style=\"background-color: #F4F4F4;border-radius: 50%;flex-grow: 0;height: 20px;width: 20px\"><\/div>\n<div style=\"width: 0;height: 0;border-top: 2px solid transparent;border-left: 6px solid #f4f4f4;border-bottom: 2px solid transparent\"><\/div>\n<\/div>\n<div style=\"margin-left: auto\">\n<div style=\"width: 0px;border-top: 8px solid #F4F4F4;border-right: 8px solid transparent\"><\/div>\n<div style=\"background-color: #F4F4F4;flex-grow: 0;height: 12px;width: 16px\"><\/div>\n<div style=\"width: 0;height: 0;border-top: 8px solid #F4F4F4;border-left: 8px solid transparent\"><\/div>\n<\/div>\n<\/div>\n<div style=\"flex-direction: column;flex-grow: 1;justify-content: center;margin-bottom: 24px\">\n<div style=\"background-color: #F4F4F4;border-radius: 4px;flex-grow: 0;height: 14px;margin-bottom: 6px;width: 224px\"><\/div>\n<div style=\"background-color: #F4F4F4;border-radius: 4px;flex-grow: 0;height: 14px;width: 144px\"><\/div>\n<\/div>\n<p><\/a><\/p>\n<p style=\"color:#c9c8cd;font-family:Arial,sans-serif;font-size:14px;line-height:17px;margin-bottom:0;margin-top:8px;overflow:hidden;padding:8px 0 7px;text-align:center\"><a href=\"https:\/\/www.instagram.com\/p\/CiveOWFpRVu\/?utm_source=ig_embed&amp;utm_campaign=loading\" style=\"color:#c9c8cd;font-family:Arial,sans-serif;font-size:14px;font-style:normal;font-weight:normal;line-height:17px;text-decoration:none\" target=\"_blank\" rel=\"noopener\">A post shared by ONE (@one)<\/a><\/p>\n<\/div>\n<\/blockquote>\n<blockquote class=\"twitter-tweet\" data-width=\"550\" data-dnt=\"true\">\n<p lang=\"en\" dir=\"ltr\">Fight against AIDS, TB, Polio, Malaria and other preventable diseases is a fight for our lives and future!<a href=\"https:\/\/twitter.com\/hashtag\/FightForWhatCounts?src=hash&amp;ref_src=twsrc%5Etfw\">#FightForWhatCounts<\/a><\/p>\n<p>&mdash; Onyeka Nwigwe (@OnyekaNwigwe) <a href=\"https:\/\/twitter.com\/OnyekaNwigwe\/status\/1572311546210193408?ref_src=twsrc%5Etfw\">September 20, 2022<\/a><\/p><\/blockquote>\n<p>Die Bem&uuml;hungen unserer Aktivist*innen in den letzten Monaten sind nicht unbemerkt geblieben. Als sie sich auf die Fortsetzung ihrer Arbeit w&auml;hrend der Konferenz vorbereiteten, &uuml;berraschten der Mitbegr&uuml;nder von ONE, Bono, und Bill Gates unsere Aktivist*innen in New York, wo sie sich &uuml;ber ihre Kampagnen austauschten und sich &uuml;ber den neuesten Stand der Malariaforschung informierten.<\/p>\n<p>Es ist offensichtlich, dass unsere Aktivist*innen sehr besch&auml;ftigt waren! Aber ihre Arbeit ist noch lange nicht vorbei. Nur durch aktives Handeln und Lobbyarbeit k&ouml;nnen diese vermeidbaren Krankheiten ein f&uuml;r alle Mal ausgerottet werden. Ob durch Kneipenquiz oder Online-Aktionen &ndash; jede Anstrengung z&auml;hlt.<\/p>\n<h2>Wenn du bereit bist, die Welt zu einem besseren Ort zu machen, <a href=\"https:\/\/www.one.org\/de\/ueber-one\/regionalbotschafterinnen\/\">schlie&szlig; dich unseren Aktivist*innen an<\/a>!<\/h2>\n<div class=\"buffer\"><\/div>","protected":false},"excerpt":{"rendered":"<p>Der Globale Fonds zur Bek&auml;mpfung von Aids, Tuberkulose und Malaria ist ein globale Organisation, die die Bek&auml;mpfung dieser drei vermeidbaren Krankheiten unterst&uuml;tzt. In diesem Jahr hatten die Staats- und Regierungschefs der Welt die M&ouml;glichkeit, erneut in den Globalen Fonds zu investieren, und es stand eine gro&szlig;e Summe auf dem Spiel. Tats&auml;chlich k&ouml;nnte der Globale Fonds [&hellip;]<\/p>\n","protected":false},"author":1,"featured_media":167892,"comment_status":"open","ping_status":"open","sticky":false,"template":"","format":"standard","meta":{"_acf_changed":false,"_relevanssi_hide_post":"","_relevanssi_hide_content":"","_relevanssi_pin_for_all":"","_relevanssi_pin_keywords":"","_relevanssi_unpin_keywords":"","_relevanssi_related_keywords":"","_relevanssi_related_include_ids":"","_relevanssi_related_exclude_ids":"","_relevanssi_related_no_append":"","_relevanssi_related_not_related":"","_relevanssi_related_posts":"167666,169596,169520,167719,167718,167715","_relevanssi_noindex_reason":"","footnotes":""},"categories":[1],"tags":[],"topic":[42,118],"contributor":[46],"one_content_audience":[],"one_content_type":[],"one_content_tone":[],"class_list":["post-167681","post","type-post","status-publish","format-standard","has-post-thumbnail","hentry","category-uncategorized","topic-gesundheit","topic-hivaids","contributor-one-deutschland"],"acf":[],"yoast_head":"<!-- This site is optimized with the Yoast SEO Premium plugin v27.1 (Yoast SEO v27.1.1) - https:\/\/yoast.com\/product\/yoast-seo-premium-wordpress\/ -->\n<title>Voller Einsatz gegen HIV\/Aids, Tuberkulose und Malaria - ONE.org Deutschland<\/title>\n<meta name=\"description\" content=\"Von Pubquiz \u00fcber M\u00fcckensummen - unsere Aktivist*innen haben sich diesen Sommer f\u00fcr den Globalen Fonds eingesetzt! Hier ist ein R\u00fcckblick.\" \/>\n<meta name=\"robots\" content=\"index, follow, max-snippet:-1, max-image-preview:large, max-video-preview:-1\" \/>\n<link rel=\"canonical\" href=\"https:\/\/www.one.org\/de\/neuigkeiten\/sommer-hiv-tuberkulose-malaria\/\" \/>\n<meta property=\"og:locale\" content=\"de_DE\" \/>\n<meta property=\"og:type\" content=\"article\" \/>\n<meta property=\"og:title\" content=\"Voller Einsatz gegen HIV\/Aids, Tuberkulose und Malaria\" \/>\n<meta property=\"og:description\" content=\"Von Pubquiz \u00fcber M\u00fcckensummen - unsere Aktivist*innen haben sich diesen Sommer f\u00fcr den Globalen Fonds eingesetzt! Hier ist ein R\u00fcckblick.\" \/>\n<meta property=\"og:url\" content=\"https:\/\/www.one.org\/de\/neuigkeiten\/sommer-hiv-tuberkulose-malaria\/\" \/>\n<meta property=\"og:site_name\" content=\"ONE.org Deutschland\" \/>\n<meta property=\"article:publisher\" content=\"https:\/\/www.facebook.com\/ONEinNederland\" \/>\n<meta property=\"article:published_time\" content=\"2022-09-30T14:28:20+00:00\" \/>\n<meta property=\"article:modified_time\" content=\"2024-01-16T12:29:02+00:00\" \/>\n<meta property=\"og:image\" content=\"https:\/\/cdn.one.org\/oneorg\/wp-content\/uploads\/sites\/3\/2022\/09\/26150823\/urban20220907-01-043-1024x683.jpg\" \/>\n\t<meta property=\"og:image:width\" content=\"1024\" \/>\n\t<meta property=\"og:image:height\" content=\"683\" \/>\n\t<meta property=\"og:image:type\" content=\"image\/jpeg\" \/>\n<meta name=\"author\" content=\"admin\" \/>\n<meta name=\"twitter:card\" content=\"summary_large_image\" \/>\n<meta name=\"twitter:creator\" content=\"@ONENederland\" \/>\n<meta name=\"twitter:site\" content=\"@ONENederland\" \/>\n<meta name=\"twitter:label1\" content=\"Written by\" \/>\n\t<meta name=\"twitter:data1\" content=\"admin\" \/>\n\t<meta name=\"twitter:label2\" content=\"Est. reading time\" \/>\n\t<meta name=\"twitter:data2\" content=\"5 minutes\" \/>\n<script type=\"application\/ld+json\" class=\"yoast-schema-graph\">{\"@context\":\"https:\/\/schema.org\",\"@graph\":[{\"@type\":[\"Article\",\"BlogPosting\"],\"@id\":\"https:\/\/www.one.org\/de\/neuigkeiten\/sommer-hiv-tuberkulose-malaria\/#article\",\"isPartOf\":{\"@id\":\"https:\/\/www.one.org\/de\/neuigkeiten\/sommer-hiv-tuberkulose-malaria\/\"},\"author\":{\"name\":\"admin\",\"@id\":\"https:\/\/www.one.org\/de\/#\/schema\/person\/236ef43a079c36667c3f1de2da8e0838\"},\"headline\":\"Voller Einsatz gegen HIV\/Aids, Tuberkulose und Malaria\",\"datePublished\":\"2022-09-30T14:28:20+00:00\",\"dateModified\":\"2024-01-16T12:29:02+00:00\",\"mainEntityOfPage\":{\"@id\":\"https:\/\/www.one.org\/de\/neuigkeiten\/sommer-hiv-tuberkulose-malaria\/\"},\"wordCount\":1552,\"commentCount\":0,\"image\":{\"@id\":\"https:\/\/www.one.org\/de\/neuigkeiten\/sommer-hiv-tuberkulose-malaria\/#primaryimage\"},\"thumbnailUrl\":\"https:\/\/www.one.org\/de\/wp-content\/uploads\/sites\/3\/2022\/09\/urban20220907-01-043.jpg\",\"inLanguage\":\"de-DE\",\"potentialAction\":[{\"@type\":\"CommentAction\",\"name\":\"Comment\",\"target\":[\"https:\/\/www.one.org\/de\/neuigkeiten\/sommer-hiv-tuberkulose-malaria\/#respond\"]}]},{\"@type\":\"WebPage\",\"@id\":\"https:\/\/www.one.org\/de\/neuigkeiten\/sommer-hiv-tuberkulose-malaria\/\",\"url\":\"https:\/\/www.one.org\/de\/neuigkeiten\/sommer-hiv-tuberkulose-malaria\/\",\"name\":\"Voller Einsatz gegen HIV\/Aids, Tuberkulose und Malaria - ONE.org Deutschland\",\"isPartOf\":{\"@id\":\"https:\/\/www.one.org\/de\/#website\"},\"primaryImageOfPage\":{\"@id\":\"https:\/\/www.one.org\/de\/neuigkeiten\/sommer-hiv-tuberkulose-malaria\/#primaryimage\"},\"image\":{\"@id\":\"https:\/\/www.one.org\/de\/neuigkeiten\/sommer-hiv-tuberkulose-malaria\/#primaryimage\"},\"thumbnailUrl\":\"https:\/\/www.one.org\/de\/wp-content\/uploads\/sites\/3\/2022\/09\/urban20220907-01-043.jpg\",\"datePublished\":\"2022-09-30T14:28:20+00:00\",\"dateModified\":\"2024-01-16T12:29:02+00:00\",\"author\":{\"@id\":\"https:\/\/www.one.org\/de\/#\/schema\/person\/236ef43a079c36667c3f1de2da8e0838\"},\"description\":\"Von Pubquiz \u00fcber M\u00fcckensummen - unsere Aktivist*innen haben sich diesen Sommer f\u00fcr den Globalen Fonds eingesetzt! Hier ist ein R\u00fcckblick.\",\"breadcrumb\":{\"@id\":\"https:\/\/www.one.org\/de\/neuigkeiten\/sommer-hiv-tuberkulose-malaria\/#breadcrumb\"},\"inLanguage\":\"de-DE\",\"potentialAction\":[{\"@type\":\"ReadAction\",\"target\":[\"https:\/\/www.one.org\/de\/neuigkeiten\/sommer-hiv-tuberkulose-malaria\/\"]}]},{\"@type\":\"ImageObject\",\"inLanguage\":\"de-DE\",\"@id\":\"https:\/\/www.one.org\/de\/neuigkeiten\/sommer-hiv-tuberkulose-malaria\/#primaryimage\",\"url\":\"https:\/\/www.one.org\/de\/wp-content\/uploads\/sites\/3\/2022\/09\/urban20220907-01-043.jpg\",\"contentUrl\":\"https:\/\/www.one.org\/de\/wp-content\/uploads\/sites\/3\/2022\/09\/urban20220907-01-043.jpg\",\"width\":7720,\"height\":5147},{\"@type\":\"BreadcrumbList\",\"@id\":\"https:\/\/www.one.org\/de\/neuigkeiten\/sommer-hiv-tuberkulose-malaria\/#breadcrumb\",\"itemListElement\":[{\"@type\":\"ListItem\",\"position\":1,\"name\":\"Home\",\"item\":\"https:\/\/www.one.org\/de\/\"},{\"@type\":\"ListItem\",\"position\":2,\"name\":\"Voller Einsatz gegen HIV\/Aids, Tuberkulose und Malaria\"}]},{\"@type\":\"WebSite\",\"@id\":\"https:\/\/www.one.org\/de\/#website\",\"url\":\"https:\/\/www.one.org\/de\/\",\"name\":\"ONE.org\",\"description\":\"F\u00fcr mehr wirtschaftliche Chancen und ein starkes Gesundheitswesen in Afrika\",\"potentialAction\":[{\"@type\":\"SearchAction\",\"target\":{\"@type\":\"EntryPoint\",\"urlTemplate\":\"https:\/\/www.one.org\/de\/?s={search_term_string}\"},\"query-input\":{\"@type\":\"PropertyValueSpecification\",\"valueRequired\":true,\"valueName\":\"search_term_string\"}}],\"inLanguage\":\"de-DE\"},{\"@type\":\"Person\",\"@id\":\"https:\/\/www.one.org\/de\/#\/schema\/person\/236ef43a079c36667c3f1de2da8e0838\",\"name\":\"admin\",\"image\":{\"@type\":\"ImageObject\",\"inLanguage\":\"de-DE\",\"@id\":\"https:\/\/www.one.org\/de\/#\/schema\/person\/image\/\",\"url\":\"https:\/\/secure.gravatar.com\/avatar\/2b4204681b789d34ede86a735f8b6378df901f7f7ab7a9ca89af4670b2bb13b8?s=96&d=mm&r=g\",\"contentUrl\":\"https:\/\/secure.gravatar.com\/avatar\/2b4204681b789d34ede86a735f8b6378df901f7f7ab7a9ca89af4670b2bb13b8?s=96&d=mm&r=g\",\"caption\":\"admin\"},\"sameAs\":[\"http:\/\/www.one.org\"],\"url\":\"https:\/\/www.one.org\/de\/neuigkeiten\/author\/admin\/\"}]}<\/script>\n<!-- \/ Yoast SEO Premium plugin. -->","yoast_head_json":{"title":"Voller Einsatz gegen HIV\/Aids, Tuberkulose und Malaria - ONE.org Deutschland","description":"Von Pubquiz \u00fcber M\u00fcckensummen - unsere Aktivist*innen haben sich diesen Sommer f\u00fcr den Globalen Fonds eingesetzt! Hier ist ein R\u00fcckblick.","robots":{"index":"index","follow":"follow","max-snippet":"max-snippet:-1","max-image-preview":"max-image-preview:large","max-video-preview":"max-video-preview:-1"},"canonical":"https:\/\/www.one.org\/de\/neuigkeiten\/sommer-hiv-tuberkulose-malaria\/","og_locale":"de_DE","og_type":"article","og_title":"Voller Einsatz gegen HIV\/Aids, Tuberkulose und Malaria","og_description":"Von Pubquiz \u00fcber M\u00fcckensummen - unsere Aktivist*innen haben sich diesen Sommer f\u00fcr den Globalen Fonds eingesetzt! Hier ist ein R\u00fcckblick.","og_url":"https:\/\/www.one.org\/de\/neuigkeiten\/sommer-hiv-tuberkulose-malaria\/","og_site_name":"ONE.org Deutschland","article_publisher":"https:\/\/www.facebook.com\/ONEinNederland","article_published_time":"2022-09-30T14:28:20+00:00","article_modified_time":"2024-01-16T12:29:02+00:00","og_image":[{"width":1024,"height":683,"url":"https:\/\/cdn.one.org\/oneorg\/wp-content\/uploads\/sites\/3\/2022\/09\/26150823\/urban20220907-01-043-1024x683.jpg","type":"image\/jpeg"}],"author":"admin","twitter_card":"summary_large_image","twitter_creator":"@ONENederland","twitter_site":"@ONENederland","twitter_misc":{"Written by":"admin","Est. reading time":"5 minutes"},"schema":{"@context":"https:\/\/schema.org","@graph":[{"@type":["Article","BlogPosting"],"@id":"https:\/\/www.one.org\/de\/neuigkeiten\/sommer-hiv-tuberkulose-malaria\/#article","isPartOf":{"@id":"https:\/\/www.one.org\/de\/neuigkeiten\/sommer-hiv-tuberkulose-malaria\/"},"author":{"name":"admin","@id":"https:\/\/www.one.org\/de\/#\/schema\/person\/236ef43a079c36667c3f1de2da8e0838"},"headline":"Voller Einsatz gegen HIV\/Aids, Tuberkulose und Malaria","datePublished":"2022-09-30T14:28:20+00:00","dateModified":"2024-01-16T12:29:02+00:00","mainEntityOfPage":{"@id":"https:\/\/www.one.org\/de\/neuigkeiten\/sommer-hiv-tuberkulose-malaria\/"},"wordCount":1552,"commentCount":0,"image":{"@id":"https:\/\/www.one.org\/de\/neuigkeiten\/sommer-hiv-tuberkulose-malaria\/#primaryimage"},"thumbnailUrl":"https:\/\/www.one.org\/de\/wp-content\/uploads\/sites\/3\/2022\/09\/urban20220907-01-043.jpg","inLanguage":"de-DE","potentialAction":[{"@type":"CommentAction","name":"Comment","target":["https:\/\/www.one.org\/de\/neuigkeiten\/sommer-hiv-tuberkulose-malaria\/#respond"]}]},{"@type":"WebPage","@id":"https:\/\/www.one.org\/de\/neuigkeiten\/sommer-hiv-tuberkulose-malaria\/","url":"https:\/\/www.one.org\/de\/neuigkeiten\/sommer-hiv-tuberkulose-malaria\/","name":"Voller Einsatz gegen HIV\/Aids, Tuberkulose und Malaria - ONE.org Deutschland","isPartOf":{"@id":"https:\/\/www.one.org\/de\/#website"},"primaryImageOfPage":{"@id":"https:\/\/www.one.org\/de\/neuigkeiten\/sommer-hiv-tuberkulose-malaria\/#primaryimage"},"image":{"@id":"https:\/\/www.one.org\/de\/neuigkeiten\/sommer-hiv-tuberkulose-malaria\/#primaryimage"},"thumbnailUrl":"https:\/\/www.one.org\/de\/wp-content\/uploads\/sites\/3\/2022\/09\/urban20220907-01-043.jpg","datePublished":"2022-09-30T14:28:20+00:00","dateModified":"2024-01-16T12:29:02+00:00","author":{"@id":"https:\/\/www.one.org\/de\/#\/schema\/person\/236ef43a079c36667c3f1de2da8e0838"},"description":"Von Pubquiz \u00fcber M\u00fcckensummen - unsere Aktivist*innen haben sich diesen Sommer f\u00fcr den Globalen Fonds eingesetzt! Hier ist ein R\u00fcckblick.","breadcrumb":{"@id":"https:\/\/www.one.org\/de\/neuigkeiten\/sommer-hiv-tuberkulose-malaria\/#breadcrumb"},"inLanguage":"de-DE","potentialAction":[{"@type":"ReadAction","target":["https:\/\/www.one.org\/de\/neuigkeiten\/sommer-hiv-tuberkulose-malaria\/"]}]},{"@type":"ImageObject","inLanguage":"de-DE","@id":"https:\/\/www.one.org\/de\/neuigkeiten\/sommer-hiv-tuberkulose-malaria\/#primaryimage","url":"https:\/\/www.one.org\/de\/wp-content\/uploads\/sites\/3\/2022\/09\/urban20220907-01-043.jpg","contentUrl":"https:\/\/www.one.org\/de\/wp-content\/uploads\/sites\/3\/2022\/09\/urban20220907-01-043.jpg","width":7720,"height":5147},{"@type":"BreadcrumbList","@id":"https:\/\/www.one.org\/de\/neuigkeiten\/sommer-hiv-tuberkulose-malaria\/#breadcrumb","itemListElement":[{"@type":"ListItem","position":1,"name":"Home","item":"https:\/\/www.one.org\/de\/"},{"@type":"ListItem","position":2,"name":"Voller Einsatz gegen HIV\/Aids, Tuberkulose und Malaria"}]},{"@type":"WebSite","@id":"https:\/\/www.one.org\/de\/#website","url":"https:\/\/www.one.org\/de\/","name":"ONE.org","description":"F\u00fcr mehr wirtschaftliche Chancen und ein starkes Gesundheitswesen in Afrika","potentialAction":[{"@type":"SearchAction","target":{"@type":"EntryPoint","urlTemplate":"https:\/\/www.one.org\/de\/?s={search_term_string}"},"query-input":{"@type":"PropertyValueSpecification","valueRequired":true,"valueName":"search_term_string"}}],"inLanguage":"de-DE"},{"@type":"Person","@id":"https:\/\/www.one.org\/de\/#\/schema\/person\/236ef43a079c36667c3f1de2da8e0838","name":"admin","image":{"@type":"ImageObject","inLanguage":"de-DE","@id":"https:\/\/www.one.org\/de\/#\/schema\/person\/image\/","url":"https:\/\/secure.gravatar.com\/avatar\/2b4204681b789d34ede86a735f8b6378df901f7f7ab7a9ca89af4670b2bb13b8?s=96&d=mm&r=g","contentUrl":"https:\/\/secure.gravatar.com\/avatar\/2b4204681b789d34ede86a735f8b6378df901f7f7ab7a9ca89af4670b2bb13b8?s=96&d=mm&r=g","caption":"admin"},"sameAs":["http:\/\/www.one.org"],"url":"https:\/\/www.one.org\/de\/neuigkeiten\/author\/admin\/"}]}},"distributor_meta":false,"distributor_terms":false,"distributor_media":false,"distributor_original_site_name":"ONE.org Deutschland","distributor_original_site_url":"https:\/\/www.one.org\/de","push-errors":false,"_links":{"self":[{"href":"https:\/\/www.one.org\/de\/wp-json\/wp\/v2\/posts\/167681","targetHints":{"allow":["GET"]}}],"collection":[{"href":"https:\/\/www.one.org\/de\/wp-json\/wp\/v2\/posts"}],"about":[{"href":"https:\/\/www.one.org\/de\/wp-json\/wp\/v2\/types\/post"}],"author":[{"embeddable":true,"href":"https:\/\/www.one.org\/de\/wp-json\/wp\/v2\/users\/1"}],"replies":[{"embeddable":true,"href":"https:\/\/www.one.org\/de\/wp-json\/wp\/v2\/comments?post=167681"}],"version-history":[{"count":0,"href":"https:\/\/www.one.org\/de\/wp-json\/wp\/v2\/posts\/167681\/revisions"}],"wp:featuredmedia":[{"embeddable":true,"href":"https:\/\/www.one.org\/de\/wp-json\/wp\/v2\/media\/167892"}],"wp:attachment":[{"href":"https:\/\/www.one.org\/de\/wp-json\/wp\/v2\/media?parent=167681"}],"wp:term":[{"taxonomy":"category","embeddable":true,"href":"https:\/\/www.one.org\/de\/wp-json\/wp\/v2\/categories?post=167681"},{"taxonomy":"post_tag","embeddable":true,"href":"https:\/\/www.one.org\/de\/wp-json\/wp\/v2\/tags?post=167681"},{"taxonomy":"topic","embeddable":true,"href":"https:\/\/www.one.org\/de\/wp-json\/wp\/v2\/topic?post=167681"},{"taxonomy":"contributor","embeddable":true,"href":"https:\/\/www.one.org\/de\/wp-json\/wp\/v2\/contributor?post=167681"},{"taxonomy":"one_content_audience","embeddable":true,"href":"https:\/\/www.one.org\/de\/wp-json\/wp\/v2\/one_content_audience?post=167681"},{"taxonomy":"one_content_type","embeddable":true,"href":"https:\/\/www.one.org\/de\/wp-json\/wp\/v2\/one_content_type?post=167681"},{"taxonomy":"one_content_tone","embeddable":true,"href":"https:\/\/www.one.org\/de\/wp-json\/wp\/v2\/one_content_tone?post=167681"}],"curies":[{"name":"wp","href":"https:\/\/api.w.org\/{rel}","templated":true}]}}