{"id":167564,"date":"2022-01-26T14:06:34","date_gmt":"2022-01-26T14:06:34","guid":{"rendered":"https:\/\/www.one.org\/de\/ones-global-week-of-action-fur-ein-weltweites-ende-der-covid-19-pandemie\/"},"modified":"2023-10-31T15:08:24","modified_gmt":"2023-10-31T15:08:24","slug":"global-week-of-action","status":"publish","type":"post","link":"https:\/\/www.one.org\/de\/neuigkeiten\/global-week-of-action\/","title":{"rendered":"ONEs Global Week of Action f\u00fcr ein weltweites Ende der COVID-19-Pandemie"},"content":{"rendered":"<p>Vom 15. bis 22. Januar haben wir eine <a href=\"https:\/\/endthepandemic.one.org\/\">Global Week of Action<\/a> gestartet, um weltweite Impfgerechtigkeit einzufordern. W&auml;hrend die L&auml;nder des globalen Nordens gen&uuml;gend Impfdosen gebunkert haben, um ihre Bev&ouml;lkerung mehrfach zu impfen, fehlt es in vielen L&auml;ndern des globalen S&uuml;dens an dringend ben&ouml;tigtem Impfstoff. Mit kreativen Aktionen haben unsere Aktivist*innen weltweit auf dieses Problem aufmerksam gemacht. Dabei haben wir 49.292 Unterschriften gesammelt, &uuml;ber 200 Gespr&auml;che mit Entscheidungstr&auml;ger*innen gef&uuml;hrt und viele neue Unterst&uuml;tzer*innen gewonnen.&nbsp; Mit insgesamt 71.000 Aktionen in &uuml;ber einem Dutzend St&auml;dten auf vier Kontinenten konnten wir gro&szlig;e Erfolge verbuchen.<\/p>\n<h3><strong>Foto-Aktion in Berlin<\/strong><\/h3>\n<p>Los ging es am Samstag mit einem Foto-Stunt unserer Jugendbotschafter*innen am Berliner Hauptbahnhof und vor dem Bundestag. Mit Plakaten haben sie vor gro&szlig;en ONE-Bannern posiert, um ihre Forderung sichtbar zu machen: Impfstoff ist f&uuml;r alle da!<\/p>\n<div id=\"attachment_158558\" style=\"width: 603px\" class=\"wp-caption aligncenter\"><img decoding=\"async\" aria-describedby=\"caption-attachment-158558\" loading=\"lazy\" class=\"size-large wp-image-158558\" src=\"https:\/\/cdn.one.org\/de\/wp-content\/uploads\/2022\/01\/26094143\/urban20220115-01-018-640x426.jpg\" alt=\"\" width=\"593\" height=\"394\"><\/p>\n<p id=\"caption-attachment-158558\" class=\"wp-caption-text\">15 JAN 2022, BERLIN\/GERMANY:<br \/>\nONE-Aktivist*innen setzen sich f&uuml;r globale Impfgerechtigkeit ein, vor dem Reichstagsgeb&auml;ude<\/p>\n<\/div>\n<h3><strong>F&uuml;r Partnerschaft auf Augenh&ouml;he<\/strong><\/h3>\n<p>Mit einem <a href=\"https:\/\/act.one.org\/sign\/au-eu-jugend-offener-brief\/?utm_source=twitter&amp;source=twitter&amp;utm_medium=social&amp;utm_campaign=one-world\">offenen Brief<\/a> an die Staats- und Regierungschef*innen haben unsere Aktivist*innen aus Afrika und Europa eine enge Partnerschaft auf Augenh&ouml;he zwischen europ&auml;ischen und afrikanischen L&auml;ndern gefordert: F&uuml;r globale Impfgerechtigkeit und Investitionen in die wirtschaftliche Erholung afrikanischer L&auml;nder, in den gr&uuml;nen Sektor und in Bildung. Damit die junge Generation in eine lebenswerte Zukunft blicken kann.<\/p>\n<p><strong><img decoding=\"async\" loading=\"lazy\" class=\"aligncenter size-large wp-image-158559\" src=\"https:\/\/cdn.one.org\/de\/wp-content\/uploads\/2022\/01\/26094624\/OpenLetter_2021_social1_1100x628_de-640x365.png\" alt=\"\" width=\"593\" height=\"339\"><\/strong><\/p>\n<p><b>&nbsp;<\/b><\/p>\n<p>Am Mittwoch folgte ein Twitter-Storm, bei dem wir unter #EndThePandemic unser Anliegen in die &Ouml;ffentlichkeit getragen haben. Au&szlig;erdem haben unsere Jugenbotschafter*innen den Anlass genutzt, um Entscheidungstr&auml;ger*innen bei pers&ouml;nlichen Treffen f&uuml;r den globalen Kampf gegen die Pandemie zu gewinnen. Im <a href=\"https:\/\/twitter.com\/ONEDeutschland\/status\/1484168081811382277\">Gespr&auml;ch mit Mark Malloch Brown<\/a>, dem Pr&auml;sidenten der Open Society Foundation, haben sich unsere Jugenbotschafter*innen &uuml;ber ihren Aktivismus ausgetauscht und &uuml;ber gemeinsame Ziele und Zukunftsvisionen gesprochen. Am Freitag sind unsere Aktivist*innen in ganz Deutschland losgezogen und haben Postkarten und Poster in Impfzentren und Apotheken ausgelegt, um weiter Aufmerksamkeit auf unsere Forderung nach Impfstoff f&uuml;r alle Menschen weltweit zu lenken.<img decoding=\"async\" loading=\"lazy\" class=\"aligncenter size-large wp-image-158564\" src=\"https:\/\/cdn.one.org\/de\/wp-content\/uploads\/2022\/01\/26104819\/20220120-8921-640x427.jpg\" alt=\"\" width=\"593\" height=\"396\"><\/p>\n<h3><strong>Viel Unterst&uuml;tzung f&uuml;r Impfgerechtigkeit<\/strong><\/h3>\n<p>Unterst&uuml;tzt wurde die Aktion auch von einigen bekannten Namen: Max Mutzke, Negah Amiri, Peter Fox, Annette Frier, Minh-Khai Phan-Thi, Cherno Jobatey, Culcha Candela, Carolin Kebekus, <a href=\"https:\/\/www.instagram.com\/p\/CY3VhgjKaOS\/?utm_medium=copy_link\">Michael Mittermeier<\/a> und die Band Kassalla teilten &ouml;ffentlich unseren Aufruf an die Politik, die Pandemie global zu beenden.<\/p>\n<p>Aber nicht nur in Deutschland war die Global Week of Action ein voller Erfolg. Im Vereinigten K&ouml;nigreich und in Frankreich haben wir mit Plakaten f&uuml;r unser Anliegen geworben. Gleichzeitig waren in Nigeria und Kenia Busse mit unserer Botschaft unterwegs. In den USA haben tausende ONE-Unterst&uuml;tzer*innen Postkarten an US-Abgeordnete versandt. Beim britischen Parlament haben unsere Aktivist*innen 120.000 Unterschriften unserer Petitionen zum Thema Impfgerechtigkeit eingereicht, damit die Regierung die Pandemie endlich beendet. Denn eins haben wir in dieser Pandemie gelernt: Der Kampf gegen Corona muss global organisiert werden &ndash; mit Zusammenarbeit auf Augenh&ouml;he.<\/p>\n<p>Die GWA war nur der Startschuss: Wir werden alles daransetzen, dass Politiker*innen ihre Versprechen einl&ouml;sen, bis Mitte 2022 die Welt zu impfen. Werde auch du aktiv und unterst&uuml;tze uns! Je lauter wir sind, desto weniger k&ouml;nnen unsere Regierungen die ungerechte Verteilung von Impfstoffen ignorieren, die die Pandemie bis heute vorantreibt.<\/p>\n<div class=\"buffer\"><\/div>","protected":false},"excerpt":{"rendered":"<p>Vom 15. bis 22. Januar haben wir eine Global Week of Action gestartet, um weltweite Impfgerechtigkeit einzufordern. W&auml;hrend die L&auml;nder des globalen Nordens gen&uuml;gend Impfdosen gebunkert haben, um ihre Bev&ouml;lkerung mehrfach zu impfen, fehlt es in vielen L&auml;ndern des globalen S&uuml;dens an dringend ben&ouml;tigtem Impfstoff. Mit kreativen Aktionen haben unsere Aktivist*innen weltweit auf dieses Problem [&hellip;]<\/p>\n","protected":false},"author":1,"featured_media":168108,"comment_status":"open","ping_status":"open","sticky":false,"template":"","format":"standard","meta":{"_acf_changed":false,"_relevanssi_hide_post":"","_relevanssi_hide_content":"","_relevanssi_pin_for_all":"","_relevanssi_pin_keywords":"","_relevanssi_unpin_keywords":"","_relevanssi_related_keywords":"","_relevanssi_related_include_ids":"","_relevanssi_related_exclude_ids":"","_relevanssi_related_no_append":"","_relevanssi_related_not_related":"","_relevanssi_related_posts":"167666,169596,169520,167719,167718,167715","_relevanssi_noindex_reason":"","footnotes":""},"categories":[39],"tags":[],"topic":[50,48],"contributor":[211],"one_content_audience":[],"one_content_type":[],"one_content_tone":[],"class_list":["post-167564","post","type-post","status-publish","format-standard","has-post-thumbnail","hentry","category-one","topic-covid-19","topic-one-unterstuetzer-innen-in-aktion","contributor-selma-bungener"],"acf":[],"yoast_head":"<!-- This site is optimized with the Yoast SEO Premium plugin v27.1 (Yoast SEO v27.1.1) - https:\/\/yoast.com\/product\/yoast-seo-premium-wordpress\/ -->\n<title>ONEs Global Week of Action f\u00fcr ein weltweites Ende der COVID-19-Pandemie - ONE.org Deutschland<\/title>\n<meta name=\"description\" content=\"W\u00e4hrend unserer Global Week of Action haben wir mit kreativen Aktionen ein Ende der Pandemie gefordert. Ein R\u00fcckblick auf die Woche.\" \/>\n<meta name=\"robots\" content=\"index, follow, max-snippet:-1, max-image-preview:large, max-video-preview:-1\" \/>\n<link rel=\"canonical\" href=\"https:\/\/www.one.org\/de\/neuigkeiten\/global-week-of-action\/\" \/>\n<meta property=\"og:locale\" content=\"de_DE\" \/>\n<meta property=\"og:type\" content=\"article\" \/>\n<meta property=\"og:title\" content=\"ONEs Global Week of Action f\u00fcr ein weltweites Ende der COVID-19-Pandemie\" \/>\n<meta property=\"og:description\" content=\"W\u00e4hrend unserer Global Week of Action haben wir mit kreativen Aktionen ein Ende der Pandemie gefordert. Ein R\u00fcckblick auf die Woche.\" \/>\n<meta property=\"og:url\" content=\"https:\/\/www.one.org\/de\/neuigkeiten\/global-week-of-action\/\" \/>\n<meta property=\"og:site_name\" content=\"ONE.org Deutschland\" \/>\n<meta property=\"article:publisher\" content=\"https:\/\/www.facebook.com\/ONEinNederland\" \/>\n<meta property=\"article:published_time\" content=\"2022-01-26T14:06:34+00:00\" \/>\n<meta property=\"article:modified_time\" content=\"2023-10-31T15:08:24+00:00\" \/>\n<meta property=\"og:image\" content=\"https:\/\/cdn.one.org\/oneorg\/wp-content\/uploads\/sites\/3\/2022\/01\/26150452\/hbf-stunt-scaled-1.jpg\" \/>\n\t<meta property=\"og:image:width\" content=\"2560\" \/>\n\t<meta property=\"og:image:height\" content=\"2560\" \/>\n\t<meta property=\"og:image:type\" content=\"image\/jpeg\" \/>\n<meta name=\"author\" content=\"admin\" \/>\n<meta name=\"twitter:card\" content=\"summary_large_image\" \/>\n<meta name=\"twitter:creator\" content=\"@ONENederland\" \/>\n<meta name=\"twitter:site\" content=\"@ONENederland\" \/>\n<meta name=\"twitter:label1\" content=\"Written by\" \/>\n\t<meta name=\"twitter:data1\" content=\"admin\" \/>\n\t<meta name=\"twitter:label2\" content=\"Est. reading time\" \/>\n\t<meta name=\"twitter:data2\" content=\"3 minutes\" \/>\n<script type=\"application\/ld+json\" class=\"yoast-schema-graph\">{\"@context\":\"https:\/\/schema.org\",\"@graph\":[{\"@type\":[\"Article\",\"BlogPosting\"],\"@id\":\"https:\/\/www.one.org\/de\/neuigkeiten\/global-week-of-action\/#article\",\"isPartOf\":{\"@id\":\"https:\/\/www.one.org\/de\/neuigkeiten\/global-week-of-action\/\"},\"author\":{\"name\":\"admin\",\"@id\":\"https:\/\/www.one.org\/de\/#\/schema\/person\/236ef43a079c36667c3f1de2da8e0838\"},\"headline\":\"ONEs Global Week of Action f\u00fcr ein weltweites Ende der COVID-19-Pandemie\",\"datePublished\":\"2022-01-26T14:06:34+00:00\",\"dateModified\":\"2023-10-31T15:08:24+00:00\",\"mainEntityOfPage\":{\"@id\":\"https:\/\/www.one.org\/de\/neuigkeiten\/global-week-of-action\/\"},\"wordCount\":600,\"commentCount\":0,\"image\":{\"@id\":\"https:\/\/www.one.org\/de\/neuigkeiten\/global-week-of-action\/#primaryimage\"},\"thumbnailUrl\":\"https:\/\/www.one.org\/de\/wp-content\/uploads\/sites\/3\/2022\/01\/hbf-stunt-scaled-1.jpg\",\"articleSection\":[\"ONE\"],\"inLanguage\":\"de-DE\",\"potentialAction\":[{\"@type\":\"CommentAction\",\"name\":\"Comment\",\"target\":[\"https:\/\/www.one.org\/de\/neuigkeiten\/global-week-of-action\/#respond\"]}]},{\"@type\":\"WebPage\",\"@id\":\"https:\/\/www.one.org\/de\/neuigkeiten\/global-week-of-action\/\",\"url\":\"https:\/\/www.one.org\/de\/neuigkeiten\/global-week-of-action\/\",\"name\":\"ONEs Global Week of Action f\u00fcr ein weltweites Ende der COVID-19-Pandemie - ONE.org Deutschland\",\"isPartOf\":{\"@id\":\"https:\/\/www.one.org\/de\/#website\"},\"primaryImageOfPage\":{\"@id\":\"https:\/\/www.one.org\/de\/neuigkeiten\/global-week-of-action\/#primaryimage\"},\"image\":{\"@id\":\"https:\/\/www.one.org\/de\/neuigkeiten\/global-week-of-action\/#primaryimage\"},\"thumbnailUrl\":\"https:\/\/www.one.org\/de\/wp-content\/uploads\/sites\/3\/2022\/01\/hbf-stunt-scaled-1.jpg\",\"datePublished\":\"2022-01-26T14:06:34+00:00\",\"dateModified\":\"2023-10-31T15:08:24+00:00\",\"author\":{\"@id\":\"https:\/\/www.one.org\/de\/#\/schema\/person\/236ef43a079c36667c3f1de2da8e0838\"},\"description\":\"W\u00e4hrend unserer Global Week of Action haben wir mit kreativen Aktionen ein Ende der Pandemie gefordert. Ein R\u00fcckblick auf die Woche.\",\"breadcrumb\":{\"@id\":\"https:\/\/www.one.org\/de\/neuigkeiten\/global-week-of-action\/#breadcrumb\"},\"inLanguage\":\"de-DE\",\"potentialAction\":[{\"@type\":\"ReadAction\",\"target\":[\"https:\/\/www.one.org\/de\/neuigkeiten\/global-week-of-action\/\"]}]},{\"@type\":\"ImageObject\",\"inLanguage\":\"de-DE\",\"@id\":\"https:\/\/www.one.org\/de\/neuigkeiten\/global-week-of-action\/#primaryimage\",\"url\":\"https:\/\/www.one.org\/de\/wp-content\/uploads\/sites\/3\/2022\/01\/hbf-stunt-scaled-1.jpg\",\"contentUrl\":\"https:\/\/www.one.org\/de\/wp-content\/uploads\/sites\/3\/2022\/01\/hbf-stunt-scaled-1.jpg\",\"width\":2560,\"height\":2560},{\"@type\":\"BreadcrumbList\",\"@id\":\"https:\/\/www.one.org\/de\/neuigkeiten\/global-week-of-action\/#breadcrumb\",\"itemListElement\":[{\"@type\":\"ListItem\",\"position\":1,\"name\":\"Home\",\"item\":\"https:\/\/www.one.org\/de\/\"},{\"@type\":\"ListItem\",\"position\":2,\"name\":\"ONEs Global Week of Action f\u00fcr ein weltweites Ende der COVID-19-Pandemie\"}]},{\"@type\":\"WebSite\",\"@id\":\"https:\/\/www.one.org\/de\/#website\",\"url\":\"https:\/\/www.one.org\/de\/\",\"name\":\"ONE.org\",\"description\":\"F\u00fcr mehr wirtschaftliche Chancen und ein starkes Gesundheitswesen in Afrika\",\"potentialAction\":[{\"@type\":\"SearchAction\",\"target\":{\"@type\":\"EntryPoint\",\"urlTemplate\":\"https:\/\/www.one.org\/de\/?s={search_term_string}\"},\"query-input\":{\"@type\":\"PropertyValueSpecification\",\"valueRequired\":true,\"valueName\":\"search_term_string\"}}],\"inLanguage\":\"de-DE\"},{\"@type\":\"Person\",\"@id\":\"https:\/\/www.one.org\/de\/#\/schema\/person\/236ef43a079c36667c3f1de2da8e0838\",\"name\":\"admin\",\"image\":{\"@type\":\"ImageObject\",\"inLanguage\":\"de-DE\",\"@id\":\"https:\/\/www.one.org\/de\/#\/schema\/person\/image\/\",\"url\":\"https:\/\/secure.gravatar.com\/avatar\/2b4204681b789d34ede86a735f8b6378df901f7f7ab7a9ca89af4670b2bb13b8?s=96&d=mm&r=g\",\"contentUrl\":\"https:\/\/secure.gravatar.com\/avatar\/2b4204681b789d34ede86a735f8b6378df901f7f7ab7a9ca89af4670b2bb13b8?s=96&d=mm&r=g\",\"caption\":\"admin\"},\"sameAs\":[\"http:\/\/www.one.org\"],\"url\":\"https:\/\/www.one.org\/de\/neuigkeiten\/author\/admin\/\"}]}<\/script>\n<!-- \/ Yoast SEO Premium plugin. -->","yoast_head_json":{"title":"ONEs Global Week of Action f\u00fcr ein weltweites Ende der COVID-19-Pandemie - ONE.org Deutschland","description":"W\u00e4hrend unserer Global Week of Action haben wir mit kreativen Aktionen ein Ende der Pandemie gefordert. Ein R\u00fcckblick auf die Woche.","robots":{"index":"index","follow":"follow","max-snippet":"max-snippet:-1","max-image-preview":"max-image-preview:large","max-video-preview":"max-video-preview:-1"},"canonical":"https:\/\/www.one.org\/de\/neuigkeiten\/global-week-of-action\/","og_locale":"de_DE","og_type":"article","og_title":"ONEs Global Week of Action f\u00fcr ein weltweites Ende der COVID-19-Pandemie","og_description":"W\u00e4hrend unserer Global Week of Action haben wir mit kreativen Aktionen ein Ende der Pandemie gefordert. Ein R\u00fcckblick auf die Woche.","og_url":"https:\/\/www.one.org\/de\/neuigkeiten\/global-week-of-action\/","og_site_name":"ONE.org Deutschland","article_publisher":"https:\/\/www.facebook.com\/ONEinNederland","article_published_time":"2022-01-26T14:06:34+00:00","article_modified_time":"2023-10-31T15:08:24+00:00","og_image":[{"width":2560,"height":2560,"url":"https:\/\/cdn.one.org\/oneorg\/wp-content\/uploads\/sites\/3\/2022\/01\/26150452\/hbf-stunt-scaled-1.jpg","type":"image\/jpeg"}],"author":"admin","twitter_card":"summary_large_image","twitter_creator":"@ONENederland","twitter_site":"@ONENederland","twitter_misc":{"Written by":"admin","Est. reading time":"3 minutes"},"schema":{"@context":"https:\/\/schema.org","@graph":[{"@type":["Article","BlogPosting"],"@id":"https:\/\/www.one.org\/de\/neuigkeiten\/global-week-of-action\/#article","isPartOf":{"@id":"https:\/\/www.one.org\/de\/neuigkeiten\/global-week-of-action\/"},"author":{"name":"admin","@id":"https:\/\/www.one.org\/de\/#\/schema\/person\/236ef43a079c36667c3f1de2da8e0838"},"headline":"ONEs Global Week of Action f\u00fcr ein weltweites Ende der COVID-19-Pandemie","datePublished":"2022-01-26T14:06:34+00:00","dateModified":"2023-10-31T15:08:24+00:00","mainEntityOfPage":{"@id":"https:\/\/www.one.org\/de\/neuigkeiten\/global-week-of-action\/"},"wordCount":600,"commentCount":0,"image":{"@id":"https:\/\/www.one.org\/de\/neuigkeiten\/global-week-of-action\/#primaryimage"},"thumbnailUrl":"https:\/\/www.one.org\/de\/wp-content\/uploads\/sites\/3\/2022\/01\/hbf-stunt-scaled-1.jpg","articleSection":["ONE"],"inLanguage":"de-DE","potentialAction":[{"@type":"CommentAction","name":"Comment","target":["https:\/\/www.one.org\/de\/neuigkeiten\/global-week-of-action\/#respond"]}]},{"@type":"WebPage","@id":"https:\/\/www.one.org\/de\/neuigkeiten\/global-week-of-action\/","url":"https:\/\/www.one.org\/de\/neuigkeiten\/global-week-of-action\/","name":"ONEs Global Week of Action f\u00fcr ein weltweites Ende der COVID-19-Pandemie - ONE.org Deutschland","isPartOf":{"@id":"https:\/\/www.one.org\/de\/#website"},"primaryImageOfPage":{"@id":"https:\/\/www.one.org\/de\/neuigkeiten\/global-week-of-action\/#primaryimage"},"image":{"@id":"https:\/\/www.one.org\/de\/neuigkeiten\/global-week-of-action\/#primaryimage"},"thumbnailUrl":"https:\/\/www.one.org\/de\/wp-content\/uploads\/sites\/3\/2022\/01\/hbf-stunt-scaled-1.jpg","datePublished":"2022-01-26T14:06:34+00:00","dateModified":"2023-10-31T15:08:24+00:00","author":{"@id":"https:\/\/www.one.org\/de\/#\/schema\/person\/236ef43a079c36667c3f1de2da8e0838"},"description":"W\u00e4hrend unserer Global Week of Action haben wir mit kreativen Aktionen ein Ende der Pandemie gefordert. Ein R\u00fcckblick auf die Woche.","breadcrumb":{"@id":"https:\/\/www.one.org\/de\/neuigkeiten\/global-week-of-action\/#breadcrumb"},"inLanguage":"de-DE","potentialAction":[{"@type":"ReadAction","target":["https:\/\/www.one.org\/de\/neuigkeiten\/global-week-of-action\/"]}]},{"@type":"ImageObject","inLanguage":"de-DE","@id":"https:\/\/www.one.org\/de\/neuigkeiten\/global-week-of-action\/#primaryimage","url":"https:\/\/www.one.org\/de\/wp-content\/uploads\/sites\/3\/2022\/01\/hbf-stunt-scaled-1.jpg","contentUrl":"https:\/\/www.one.org\/de\/wp-content\/uploads\/sites\/3\/2022\/01\/hbf-stunt-scaled-1.jpg","width":2560,"height":2560},{"@type":"BreadcrumbList","@id":"https:\/\/www.one.org\/de\/neuigkeiten\/global-week-of-action\/#breadcrumb","itemListElement":[{"@type":"ListItem","position":1,"name":"Home","item":"https:\/\/www.one.org\/de\/"},{"@type":"ListItem","position":2,"name":"ONEs Global Week of Action f\u00fcr ein weltweites Ende der COVID-19-Pandemie"}]},{"@type":"WebSite","@id":"https:\/\/www.one.org\/de\/#website","url":"https:\/\/www.one.org\/de\/","name":"ONE.org","description":"F\u00fcr mehr wirtschaftliche Chancen und ein starkes Gesundheitswesen in Afrika","potentialAction":[{"@type":"SearchAction","target":{"@type":"EntryPoint","urlTemplate":"https:\/\/www.one.org\/de\/?s={search_term_string}"},"query-input":{"@type":"PropertyValueSpecification","valueRequired":true,"valueName":"search_term_string"}}],"inLanguage":"de-DE"},{"@type":"Person","@id":"https:\/\/www.one.org\/de\/#\/schema\/person\/236ef43a079c36667c3f1de2da8e0838","name":"admin","image":{"@type":"ImageObject","inLanguage":"de-DE","@id":"https:\/\/www.one.org\/de\/#\/schema\/person\/image\/","url":"https:\/\/secure.gravatar.com\/avatar\/2b4204681b789d34ede86a735f8b6378df901f7f7ab7a9ca89af4670b2bb13b8?s=96&d=mm&r=g","contentUrl":"https:\/\/secure.gravatar.com\/avatar\/2b4204681b789d34ede86a735f8b6378df901f7f7ab7a9ca89af4670b2bb13b8?s=96&d=mm&r=g","caption":"admin"},"sameAs":["http:\/\/www.one.org"],"url":"https:\/\/www.one.org\/de\/neuigkeiten\/author\/admin\/"}]}},"distributor_meta":false,"distributor_terms":false,"distributor_media":false,"distributor_original_site_name":"ONE.org Deutschland","distributor_original_site_url":"https:\/\/www.one.org\/de","push-errors":false,"_links":{"self":[{"href":"https:\/\/www.one.org\/de\/wp-json\/wp\/v2\/posts\/167564","targetHints":{"allow":["GET"]}}],"collection":[{"href":"https:\/\/www.one.org\/de\/wp-json\/wp\/v2\/posts"}],"about":[{"href":"https:\/\/www.one.org\/de\/wp-json\/wp\/v2\/types\/post"}],"author":[{"embeddable":true,"href":"https:\/\/www.one.org\/de\/wp-json\/wp\/v2\/users\/1"}],"replies":[{"embeddable":true,"href":"https:\/\/www.one.org\/de\/wp-json\/wp\/v2\/comments?post=167564"}],"version-history":[{"count":0,"href":"https:\/\/www.one.org\/de\/wp-json\/wp\/v2\/posts\/167564\/revisions"}],"wp:featuredmedia":[{"embeddable":true,"href":"https:\/\/www.one.org\/de\/wp-json\/wp\/v2\/media\/168108"}],"wp:attachment":[{"href":"https:\/\/www.one.org\/de\/wp-json\/wp\/v2\/media?parent=167564"}],"wp:term":[{"taxonomy":"category","embeddable":true,"href":"https:\/\/www.one.org\/de\/wp-json\/wp\/v2\/categories?post=167564"},{"taxonomy":"post_tag","embeddable":true,"href":"https:\/\/www.one.org\/de\/wp-json\/wp\/v2\/tags?post=167564"},{"taxonomy":"topic","embeddable":true,"href":"https:\/\/www.one.org\/de\/wp-json\/wp\/v2\/topic?post=167564"},{"taxonomy":"contributor","embeddable":true,"href":"https:\/\/www.one.org\/de\/wp-json\/wp\/v2\/contributor?post=167564"},{"taxonomy":"one_content_audience","embeddable":true,"href":"https:\/\/www.one.org\/de\/wp-json\/wp\/v2\/one_content_audience?post=167564"},{"taxonomy":"one_content_type","embeddable":true,"href":"https:\/\/www.one.org\/de\/wp-json\/wp\/v2\/one_content_type?post=167564"},{"taxonomy":"one_content_tone","embeddable":true,"href":"https:\/\/www.one.org\/de\/wp-json\/wp\/v2\/one_content_tone?post=167564"}],"curies":[{"name":"wp","href":"https:\/\/api.w.org\/{rel}","templated":true}]}}