{"id":167557,"date":"2022-01-19T13:11:35","date_gmt":"2022-01-19T13:11:35","guid":{"rendered":"https:\/\/www.one.org\/de\/entscheidungsjahr-2022-auf-dem-weg-zu-mehr-klimagerechtigkeit-inmitten-multipler-krisen\/"},"modified":"2024-01-18T11:20:53","modified_gmt":"2024-01-18T11:20:53","slug":"klimagerechtigkeit-2022","status":"publish","type":"post","link":"https:\/\/www.one.org\/de\/neuigkeiten\/klimagerechtigkeit-2022\/","title":{"rendered":"Entscheidungsjahr 2022: Auf dem Weg zu mehr Klimagerechtigkeit inmitten multipler Krisen?"},"content":{"rendered":"\n<p>2021 war in vielerlei Hinsicht kein Jahr zum Durchatmen. W\u00e4hrend globale Emissionen wieder in alte Muster verfielen, konnten wir das vom Rest unseres Alltags kaum behaupten. Im Gegenteil: Trotz wirksamer Coronaimpfstoffe setzen wir nach wie vor nicht auf internationale Solidarit\u00e4t. Drastische Ungerechtigkeiten in der Impfstoffverteilung und wirtschaftlichen Erholung von der Coronapandemie bleiben bestehen und gef\u00e4hrden weiterhin Jahrzehnte des Fortschritts f\u00fcr nachhaltige Entwicklung: <a href=\"https:\/\/unric.org\/de\/131221-armut\/\">Rund eine halbe Milliarde Menschen<\/a> \u2013 also mehr als sechs Mal die gesamte Bev\u00f6lkerung Deutschlands \u2013 werden durch die Pandemie in die Armut gedr\u00e4ngt. Weniger als 1 Prozent aller Impfdosen erreicht Menschen in von Armut betroffenen L\u00e4ndern. Folglich ist auch der Impfschutz ungerecht verteilt: <a href=\"https:\/\/data.one.org\/\">Auf dem afrikanischen Kontinent ist bisher weniger als 10 Prozent der Bev\u00f6lkerung vollst\u00e4ndig geimpft.<\/a> Das ist nicht nur fatal f\u00fcr die Gesundheit aller Menschen, sondern auch f\u00fcr die unseres Planeten: Denn solange sich finanzielle Mittel, politische Aufmerksamkeit und Ma\u00dfnahmenprogramme auf die Coronapandemie konzentrieren m\u00fcssen, fehlt es an dringend notwendigen Ressourcen im Einsatz f\u00fcr Klimagerechtigkeit.<\/p>\n\n\n\n<div id=\"attachment_154646\" class=\"wp-caption aligncenter\" style=\"width: 603px\"><img loading=\"lazy\" decoding=\"async\" class=\"size-large wp-image-154646\" src=\"https:\/\/cdn.one.org\/de\/wp-content\/uploads\/2021\/02\/04115317\/syringe-1884779_1280-640x384.jpg\" alt=\"\" width=\"593\" height=\"356\" aria-describedby=\"caption-attachment-154646\">\n<p id=\"caption-attachment-154646\" class=\"wp-caption-text\">Photo Credit: Arek Socha<\/p>\n<\/div>\n\n\n\n<h3 class=\"wp-block-heading\" id=\"h-globale-krisen-warten-nicht\">Globale Krisen warten nicht<\/h3>\n\n\n\n<p>Das k\u00f6nnen wir uns beim besten Willen nicht leisten. Inmitten der Pandemie erlebten Menschen im vergangenen Jahr rund um den Globus Naturkatastrophen infolge des Klimawandels, oft direkt vor der eigenen Haust\u00fcr. Unsere Zukunft bedrohende Prozesse wie <a href=\"https:\/\/www.wwf.de\/2021\/dezember\/gewinner-und-verlierer-2021\">das Artensterben<\/a>, das <a href=\"https:\/\/www.br.de\/klimawandel\/permafrost-boden-klimawandel-kohlendioxid-methan-100.html\">Abschmelzen von Permafrostb\u00f6den<\/a> und die Zunahme an Extremwetterereignissen wie <a href=\"https:\/\/www.tagesschau.de\/ausland\/afrika\/ostafrika-duerre-101.html\">D\u00fcrren<\/a> und Fluten nahmen in ihrer Geschwindigkeit nicht ab. Die Klimakrise interessiert es nicht, dass wir uns gleichzeitig in einer gesundheitlichen Krise befinden \u2013 das hat <a href=\"https:\/\/www.ipcc.ch\/report\/ar6\/wg1\/#SPM\">der neueste Bericht des Intergovernmental Panel on Climate Change (IPCC) der Vereinten Nationen<\/a> erneut unterstrichen. Zwar machen beide Krisen nicht an Grenzen Halt, doch sie treffen die von Armut betroffenen Teile der Welt am h\u00e4rtesten. Dass reiche L\u00e4nder bisher nicht die n\u00f6tigen Gegenma\u00dfnahmen ergriffen haben, ist nicht nur ungerecht, sondern auch unlogisch. Globale Krisen bed\u00fcrfen globaler Antworten. Im Alleingang k\u00f6nnen wir weder COVID-19 beenden noch unseren Planeten sch\u00fctzen.<\/p>\n\n\n\n<h3 class=\"wp-block-heading\" id=\"h-neues-jahr-neue-moglichkeiten\">Neues Jahr, neue M\u00f6glichkeiten<\/h3>\n\n\n\n<p>Mit Blick nach vorn l\u00e4sst sich sagen: 2022 h\u00e4lt eine Vielzahl an politischen Momenten bereit, an denen Entscheidungstr\u00e4ger*innen zu mehr Einsatz f\u00fcr Klimagerechtigkeit aufgefordert werden k\u00f6nnen. Ein schneller Weg aus der Coronakrise f\u00fcr die globale Gemeinschaft ist daf\u00fcr unerl\u00e4sslich. Daher ist es ermutigend, dass sowohl die Klimakrise als auch die Coronapandemie Priorit\u00e4ten bei wichtigen Zusammentreffen internationaler Staats- und Regierungschef*innen sein sollen.<\/p>\n\n\n\n<div id=\"attachment_157596\" class=\"wp-caption aligncenter\" style=\"width: 809px\"><img loading=\"lazy\" decoding=\"async\" class=\"size-full wp-image-157596\" src=\"https:\/\/cdn.one.org\/de\/wp-content\/uploads\/2021\/11\/01093824\/51643896803_989fc7392c_c-640x427.jpg\" alt=\"\" width=\"799\" height=\"533\" aria-describedby=\"caption-attachment-157596\">\n<p id=\"caption-attachment-157596\" class=\"wp-caption-text\">Photo Credit: Paul Kagame<\/p>\n<\/div>\n\n\n\n<ul class=\"wp-block-list\">\n<li>Sowohl Deutschland als auch Indonesien \u2013 als jeweilige G7- und G20-Vorsitzende 2022 \u2013 haben eine gerechtere Verteilung von COVID-19-Impfstoffen und die St\u00e4rkung globaler Gesundheitssysteme auf ihre Agenden gesetzt. <strong>Beim <a href=\"https:\/\/www.g7germany.de\/g7-de\">diesj\u00e4hrigen Gipfel der G7<\/a><\/strong> im bayerischen Elmau soll es auch konkret um Klimaschutz als sicherheitspolitisches Thema gehen. Die Bundesregierung hat das Ziel definiert, eine <strong>umfangreiche Verpflichtung der G7-Staaten f\u00fcr den Ausbau von Anpassungsma\u00dfnahmen und humanit\u00e4rer Unterst\u00fctzung angesichts der bereits verheerenden Folgen der Klimakrise<\/strong> zu verhandeln. Es bleibt abzuwarten, wie ambitioniert die Vereinbarungen ausfallen und inwiefern die historische Verantwortung der Industrienationen f\u00fcr den Klimawandel ber\u00fccksichtigt wird. Dazu lohnt es sich, auch ein Auge auf die Treffen der Minister*innen und zivilgesellschaftlicher Organisationen aus den G7-Staaten im Vorfeld des Gipfels zu haben. <strong>Auf dem G20-Gipfel in Bali<\/strong> im Sp\u00e4therbst sollen au\u00dferdem Wege f\u00fcr eine <strong>nachhaltige Energiewende auf globaler Ebene<\/strong> diskutiert werden.<\/li>\n<\/ul>\n\n\n\n<blockquote class=\"wp-block-quote is-layout-flow wp-block-quote-is-layout-flow\">\n<p><a href=\"https:\/\/twitter.com\/hashtag\/W7keytopics?src=hash&amp;ref_src=twsrc%5Etfw\">#W7keytopics<\/a> (3\/6) \u2013 As some of the largest emitter, the <a href=\"https:\/\/twitter.com\/hashtag\/G7?src=hash&amp;ref_src=twsrc%5Etfw\">#G7<\/a> must demonstrate leadership in implementing the Paris Agreement! ?Women,girls&amp;gender-diverse people are critical agents of change when it comes to developing effective responses that leave no one behind <a href=\"https:\/\/twitter.com\/hashtag\/climatejustice?src=hash&amp;ref_src=twsrc%5Etfw\">#climatejustice<\/a> <a href=\"https:\/\/t.co\/eWDc79NfCf\">pic.twitter.com\/eWDc79NfCf<\/a><\/p>\n\n\n\n<p>\u2014 Women 7 (@Women7official) <a href=\"https:\/\/twitter.com\/Women7official\/status\/1483109073822392320?ref_src=twsrc%5Etfw\">January 17, 2022<\/a><\/p>\n<\/blockquote>\n\n\n\n<ul class=\"wp-block-list\">\n<li>Organisationen der Vereinten Nationen werden 2022 einige Veranstaltungen ausrichten, die die vielschichtigen Auswirkungen und Ursachen der Klimakrise ins Scheinwerferlicht r\u00fccken. K\u00f6nnt ihr euch vorstellen, dass die erste UN-Konferenz, die sich mit Gefahren f\u00fcr unsere Umwelt besch\u00e4ftigte, bereits 50 Jahre zur\u00fcckliegt? Mit dem <strong><a href=\"https:\/\/www.stockholm50.global\/\">Stockholm+50 Treffen<\/a><\/strong> sollen Klimaschutzma\u00dfnahmen des letzten halben Jahrhunderts reflektiert werden. Mit Blick auf 2030 \u2013 und damit auf die verbleibenden Jahre der sogenannten <a href=\"https:\/\/www.un.org\/sustainabledevelopment\/decade-of-action\/\">\u201eUN Decade of Action\u201c<\/a> \u2013 sollen Regierungen, Zivilgesellschaft und Wissenschaft <strong>konkrete Schritte zum Erreichen der <a href=\"https:\/\/17ziele.de\/\">Nachhaltigen Entwicklungsziele (Sustainable Development Goals, SDGs)<\/a> und des Pariser Klimaabkommens<\/strong> beschlie\u00dfen. Besonders interessant: Auch eine gr\u00fcne Erholung von der Coronapandemie soll Kern der Diskussionen sein.<img loading=\"lazy\" decoding=\"async\" width=\"593\" height=\"394\" class=\"aligncenter size-large wp-image-149929\" src=\"https:\/\/cdn.one.org\/de\/wp-content\/uploads\/2020\/04\/01144124\/tree-64310_1920-640x425.jpg\" alt=\"\"><\/li>\n\n\n\n<li>Dar\u00fcber hinaus wird sich eine <a href=\"https:\/\/www.unccd.int\/news-events\/cop15-9-20-may-2022-abidjan-cote-divoire\">UN-Konferenz in C\u00f4te d\u2018Ivoire<\/a> den Bedrohungen durch fortschreitende W\u00fcstenbildung In besonders betroffenen Trockengebieten der Erde wie der Sahel-Region beeintr\u00e4chtigt dieser ma\u00dfgeblich vom Klimawandel vorangetriebene Prozess Landwirtschaft und Wasserversorgung enorm. <a href=\"https:\/\/www.one.org\/de\/blog\/wuestenbildung-wie-sie-mit-landwirtschaft-hunger-und-armut-zusammenhaengt\/\">Das l\u00e4sst mehr und mehr Menschen in extreme Armut und Hunger abrutschen<\/a> und ihr Schutz sollte deshalb eine Priorit\u00e4t im Vorantreiben von Klimagerechtigkeit sein. Neben einer von den Regierungen Kenias und Portugals ausgerichteten UN-Konferenz zum Schutz der Ozeane und nachhaltigen Nutzung mariner Ressourcen findet im Fr\u00fchjahr 2022 auch <strong>die erste <a href=\"https:\/\/unfccc.int\/MENA-CW2022\">\u201eMiddle East and North Africa Climate Week\u201c des UNFCCC<\/a> ihrer Art<\/strong> statt. Das Event in Dubai soll Entscheider*innen und Aktivist*innen zusammenbringen, um M\u00f6glichkeiten zu diskutieren, Wege aus der Coronapandemie und der Klimakrise sinnvoll zu verbinden.<\/li>\n\n\n\n<li>Zwar musste <strong>die <a href=\"https:\/\/www.un.org\/ldc5\/\"> UN-Konferenz zu den am wenigsten entwickelten L\u00e4ndern<\/a><\/strong> (5<sup>th<\/sup> United Nations Conference on the Least Developed Countries, LDC5) in der Hauptstadt Katars, Doha, aufgrund von Omikron verschoben werden. Doch ein m\u00f6glichst schneller Ersatztermin ist aus verschiedenen Gr\u00fcnden wichtig. Zum einen kommen dort viele der L\u00e4nder zusammen, die am wenigsten zur Klimakrise beigetragen haben, jedoch im globalen Vergleich am st\u00e4rksten unter ihren Auswirkungen leiden \u2013 viele von ihnen in Afrika. Zum anderen sollen die L\u00e4nder ihr <strong>Aktionsprogramm zum Erreichen der Agenda 2030 f\u00fcr die n\u00e4chsten neun Jahre<\/strong> beschlie\u00dfen. Dabei sind internationale Partnerschaften und ausreichende Finanzierung multilateraler Organisationen und bilateraler Programme essentiell.<img loading=\"lazy\" decoding=\"async\" class=\"aligncenter size-large wp-image-153705\" src=\"https:\/\/cdn.one.org\/de\/wp-content\/uploads\/2020\/07\/23152652\/OWdebt_2020_tile_1200x768-2-640x410.jpg\" alt=\"\" width=\"593\" height=\"379\"><\/li>\n\n\n\n<li><strong>F\u00fcr eine ad\u00e4quate Reaktion auf die Klimakrise braucht es auch in erster Linie eine m\u00f6glichst schnelle und gerechte wirtschaftliche Erholung von der Coronapandemie.<\/strong> L\u00e4nder, die aktuell unter einer enormen Schuldenlast leiden, verf\u00fcgen kaum \u00fcber finanzielle Kapazit\u00e4ten f\u00fcr Investitionen in eine nachhaltige Zukunft. Fonds wie die gerade wiederaufgef\u00fcllte <a href=\"https:\/\/ida.worldbank.org\/en\/ida\">International Development Association (IDA)<\/a> der Weltbank k\u00f6nnen dabei <a href=\"https:\/\/www.one.org\/de\/blog\/ida20-replenishment\/\">mit zinsg\u00fcnstigen Krediten und Zusch\u00fcssen Abhilfe schaffen<\/a>. Jedoch kann es nicht sein, dass Finanzmittel von Institutionen wie dem <a href=\"https:\/\/www.imf.org\/en\/Home\">Internationalen W\u00e4hrungsfonds (IWF)<\/a> kaum bei den L\u00e4ndern ankommen, die eine wirtschaftliche Erholung nicht allein stemmen k\u00f6nnen. Letzten Herbst erhielt Deutschland allein mehr Mittel in Sonderziehungsrechten (SZR) als der gesamte afrikanische Kontinent. An alle Niedrigeinkommensl\u00e4nder zusammen gingen gerade einmal 1,4 Prozent der SZRs. Kurz: Bei der gr\u00f6\u00dften Neuzuteilung von W\u00e4hrungsreserven seit 1945 \u2013 in H\u00f6he von 650 Milliarden US-Dollar \u2013 gingen von Armut betroffene L\u00e4nder gr\u00f6\u00dftenteils leer aus. <strong><a href=\"https:\/\/www.one.org\/de\/press\/sonderziehungsrechte-ohne-weitergabe-droht-wirtschaftliche-spaltung\/\">Bereits damals forderten ONE und andere zivilgesellschaftliche Organisationen eine Weitergabe dieser Zuweisungen<\/a> an die L\u00e4nder, die sie am dringendsten brauchen. Auch 2022 m\u00fcssen <a href=\"https:\/\/www.theguardian.com\/commentisfree\/2022\/jan\/14\/heres-how-to-repay-developing-nations-for-colonialism-and-fight-the-climate-crisis\">M\u00f6glichkeiten der Umverteilung<\/a> zur Jahrestagung des IWF und der Weltbank im Zentrum stehen.<\/strong> Eine nachhaltige, \u201egr\u00fcne\u201c Erholung von der Coronapandemie kann es nur mit einer gerechten Verteilung der zur Verf\u00fcgung stehenden Mittel geben.<br> <blockquote class=\"twitter-tweet\"><p dir=\"ltr\" lang=\"en\">COP27 will be held in Africa \u2014 Egypt.<\/p><p>Follow us for news and updates on the COP27 climate summit. Tweets on COP27 will be through hashtag <a href=\"https:\/\/twitter.com\/hashtag\/COP27Africa?src=hash&amp;ref_src=twsrc%5Etfw\">#COP27Africa<\/a>To spread the word \u2013<br>1) Follow COP27 on <a href=\"https:\/\/twitter.com\/COP27Africa?ref_src=twsrc%5Etfw\">@COP27Africa<\/a><br>2) Help Retweet &amp; SharePhoto credit: Egyptian pyramids \u2013 Mark Brodkin <a href=\"https:\/\/t.co\/VJy5N8Hssb\">pic.twitter.com\/VJy5N8Hssb<\/a>\u2014 COP27 Africa \u2013 Egypt (@COP27Africa) <a href=\"https:\/\/twitter.com\/COP27Africa\/status\/1453308982840410113?ref_src=twsrc%5Etfw\">October 27, 2021<\/a><\/p><\/blockquote> <\/li>\n\n\n\n<li>Schlie\u00dflich erwartet uns ein weiteres wichtiges Ereignis f\u00fcr Klimagerechtigkeit auf afrikanischem Boden: <strong><a href=\"https:\/\/sdg.iisd.org\/events\/2021-un-climate-change-conference-unfccc-cop-27\/\">Die UN-Klimakonferenz COP27 in Sharm El-Sheikh, \u00c4gypten<\/a>.<\/strong> Dies wird eine entscheidende M\u00f6glichkeit f\u00fcr afrikanische L\u00e4nder sein, schnelles internationales Handeln und ambitionierte Unterst\u00fctzung von anderen Regierungen einzufordern. Dazu geh\u00f6rt nat\u00fcrlich auch ein starkes finanzielles Paket. Einerseits m\u00fcssen reiche Nationen ihr Versprechen von 2009 einhalten, weniger wohlhabenden L\u00e4ndern 100 Milliarden US-Dollar j\u00e4hrlich zur Abfederung von Auswirkungen des Klimawandels und f\u00fcr notwendige Anpassungsma\u00dfnahmen zur Verf\u00fcgung zu stellen. Das ist allerdings nicht ausreichend. Seit einiger Zeit wird auch insbesondere die historische Verantwortung reicher Industrienationen diskutiert. Auf der COP26 in Glasgow konkretisierten sich deshalb schon seit Jahren gef\u00fchrte Gespr\u00e4che zu einem sogenannten <strong><a href=\"https:\/\/unfccc.int\/topics\/adaptation-and-resilience\/workstreams\/loss-and-damage\/warsaw-international-mechanism#:~:text=The%20Loss%20and%20Damage%20Mechanism%20fulfills%20the%20role%20under%20the,elaborated%20in%20decision%202%2FCP.\">\u201eLoss and Damage Mechanismus\u201c<\/a> \u2013 einer finanziellen Kompensation f\u00fcr L\u00e4nder, die bereits enorme Sch\u00e4den und Verluste durch Auswirkungen des Klimawandels erleiden und erlitten haben.<\/strong> Daf\u00fcr m\u00fcssen die zu zahlenden Summen und Verantwortlichen unter den historisch gr\u00f6\u00dften Emittenten allerdings zun\u00e4chst ermittelt werden. Bereits im Vorfeld zur letzten Klimakonferenz haben Aktivist*innen und zivilgesellschaftliche Organisationen Regierungen aufgefordert, diesen wichtigen Prozess zur gezielten Unterst\u00fctzung der am h\u00e4rtesten getroffenen L\u00e4nder endlich voranzutreiben. Gro\u00dfe Fortschritte blieben in Glasgow aus \u2013 deshalb ruht die Hoffnung jetzt auf der COP27.<\/li>\n<\/ul>\n\n\n\n<figure class=\"wp-block-image aligncenter\"><img decoding=\"async\" src=\"https:\/\/cdn.one.org\/de\/wp-content\/uploads\/2021\/11\/11150130\/Climate_2021_share_pledge_1200x628_en-1-640x335.jpg\" alt=\"\" class=\"wp-image-157870\" \/><\/figure>\n\n\n\n<h3 class=\"wp-block-heading\" id=\"h-die-stutzpfeiler-der-klimagerechtigkeits-bewegung\">Die St\u00fctzpfeiler der Klimagerechtigkeits-Bewegung<\/h3>\n\n\n\n<p>Zwei Dinge sind besonders wichtig, wenn Regierungen aufrichtigen Einsatz f\u00fcr Klimagerechtigkeit leisten wollen. <strong>Sie sollten ihre Entscheidungen auf die Erkenntnisse der Wissenschaft bauen und <a href=\"https:\/\/www.one.org\/de\/blog\/klimawandel\/\">ihre Handlungen an den Bed\u00fcrfnissen und Forderungen von Expert*innen und Aktivist*innen in betroffenen L\u00e4ndern des Globalen S\u00fcdens ausrichten<\/a>.<\/strong> Dieses Jahr werden <a href=\"https:\/\/www.ipcc.ch\/report\/sixth-assessment-report-cycle\/\">zwei weitere wichtige Berichte des IPCC<\/a> ver\u00f6ffentlicht werden. Im Februar soll der erste ein umfassenderes Verst\u00e4ndnis der Auswirkungen des Klimawandels auf \u00d6kosysteme, Biodiversit\u00e4t und Grenzen der Anpassung an sich \u00e4ndernde Bedingungen erm\u00f6glichen. Sp\u00e4ter im Fr\u00fchling wird ein weiterer Bericht beleuchten, welche Wege zur Minderung von Emissionen und Bindung von CO2 aus der Atmosph\u00e4re sich uns bieten. Dar\u00fcber hinaus gibt es gro\u00dfartige Initiativen, die Wissensproduktion und Aktivismus innerhalb der Klimagerechtigkeitsbewegung betreiben, wie die Pan-African Climate Justice Alliance (PACJA), die Plattform <a href=\"https:\/\/www.climatejusticecentral.org\/\">Climate Justice Central<\/a> und nat\u00fcrlich <a href=\"https:\/\/fridaysforfuture.org\/newsletter\/tag\/africa\/\">Fridays For Future<\/a> in zahlreichen L\u00e4ndern rund um den Globus. Die ugandische Klimaaktivistin <a href=\"https:\/\/twitter.com\/vanessa_vash\">Vanessa Nakate<\/a> gr\u00fcndete das <a href=\"https:\/\/twitter.com\/Riseupmovt\">Rise Up Movement<\/a> und zeigt gemeinsam mit anderen Aktivist*innen wie <a href=\"https:\/\/twitter.com\/mitzijonelle\">Mitzi Jonelle Tan<\/a>, <a href=\"https:\/\/twitter.com\/NakabuyeHildaF\">Hilda Flavia Nakabuye<\/a> oder <a href=\"https:\/\/twitter.com\/FarzanaJhumu\">Farzana Furuk Jhumu<\/a> wie unerl\u00e4sslich starke Stimmen aus L\u00e4ndern des Globalen S\u00fcdens f\u00fcr klimagerechte Politik sind. F\u00fcr das L\u00f6sen aller globalen Krisen gilt: Wir sind nur so stark, wie wir solidarisch sind. H\u00f6ren wir auf, zu kooperieren und voneinander zu lernen, lassen wir den Krisen die Oberhand.<\/p>\n\n\n\n<blockquote class=\"wp-block-quote is-layout-flow wp-block-quote-is-layout-flow\">\n<p>I\u2019m one of the million girls out there,<br>I\u2019m one of the million <a href=\"https:\/\/twitter.com\/hashtag\/climatechange?src=hash&amp;ref_src=twsrc%5Etfw\">#climatechange<\/a> victims out there,<br>I\u2019m one of the million climate Activists out there,<br>Oppressed, denied <a href=\"https:\/\/twitter.com\/hashtag\/ClimateJustice?src=hash&amp;ref_src=twsrc%5Etfw\">#ClimateJustice<\/a> and barely listened to respectively.<\/p>\n\n\n\n<p>Earth is tearing apart, justice delayed is justice denied. <a href=\"https:\/\/t.co\/iLFXGZUFiC\">pic.twitter.com\/iLFXGZUFiC<\/a><\/p>\n\n\n\n<p>\u2014 Nakabuye Hilda F. (@NakabuyeHildaF) <a href=\"https:\/\/twitter.com\/NakabuyeHildaF\/status\/1444716713015119872?ref_src=twsrc%5Etfw\">October 3, 2021<\/a><\/p>\n<\/blockquote>\n<div class=\"buffer\"><\/div>","protected":false},"excerpt":{"rendered":"<p>2021 war in vielerlei Hinsicht kein Jahr zum Durchatmen. W\u00e4hrend globale Emissionen wieder in alte Muster verfielen, konnten wir das vom Rest unseres Alltags kaum behaupten. Im Gegenteil: Trotz wirksamer Coronaimpfstoffe setzen wir nach wie vor nicht auf internationale Solidarit\u00e4t. Drastische Ungerechtigkeiten in der Impfstoffverteilung und wirtschaftlichen Erholung von der Coronapandemie bleiben bestehen und gef\u00e4hrden [&hellip;]<\/p>\n","protected":false},"author":1,"featured_media":168124,"comment_status":"open","ping_status":"open","sticky":false,"template":"","format":"standard","meta":{"_acf_changed":false,"_relevanssi_hide_post":"","_relevanssi_hide_content":"","_relevanssi_pin_for_all":"","_relevanssi_pin_keywords":"","_relevanssi_unpin_keywords":"","_relevanssi_related_keywords":"","_relevanssi_related_include_ids":"","_relevanssi_related_exclude_ids":"","_relevanssi_related_no_append":"","_relevanssi_related_not_related":"","_relevanssi_related_posts":"167666,169596,169520,167719,167718,167715","_relevanssi_noindex_reason":"","footnotes":""},"categories":[1],"tags":[],"topic":[81],"contributor":[36],"one_content_audience":[],"one_content_type":[],"one_content_tone":[],"class_list":["post-167557","post","type-post","status-publish","format-standard","has-post-thumbnail","hentry","category-uncategorized","topic-klimawandel","contributor-hannah-lang"],"acf":[],"yoast_head":"<!-- This site is optimized with the Yoast SEO Premium plugin v27.1 (Yoast SEO v27.1.1) - https:\/\/yoast.com\/product\/yoast-seo-premium-wordpress\/ -->\n<title>Entscheidungsjahr 2022: Auf dem Weg zu mehr Klimagerechtigkeit inmitten multipler Krisen? - ONE.org Deutschland<\/title>\n<meta name=\"description\" content=\"Inmitten multipler Krisen beginnt ein unfassbar wichtiges Jahr f\u00fcr Einsatz gegen die Klimakrise und globale Ungleichheiten. Was h\u00e4lt 2022 bereit?\" \/>\n<meta name=\"robots\" content=\"index, follow, max-snippet:-1, max-image-preview:large, max-video-preview:-1\" \/>\n<link rel=\"canonical\" href=\"https:\/\/www.one.org\/de\/neuigkeiten\/klimagerechtigkeit-2022\/\" \/>\n<meta property=\"og:locale\" content=\"de_DE\" \/>\n<meta property=\"og:type\" content=\"article\" \/>\n<meta property=\"og:title\" content=\"Entscheidungsjahr 2022: Auf dem Weg zu mehr Klimagerechtigkeit inmitten multipler Krisen?\" \/>\n<meta property=\"og:description\" content=\"Inmitten multipler Krisen beginnt ein unfassbar wichtiges Jahr f\u00fcr Einsatz gegen die Klimakrise und globale Ungleichheiten. Was h\u00e4lt 2022 bereit?\" \/>\n<meta property=\"og:url\" content=\"https:\/\/www.one.org\/de\/neuigkeiten\/klimagerechtigkeit-2022\/\" \/>\n<meta property=\"og:site_name\" content=\"ONE.org Deutschland\" \/>\n<meta property=\"article:publisher\" content=\"https:\/\/www.facebook.com\/ONEinNederland\" \/>\n<meta property=\"article:published_time\" content=\"2022-01-19T13:11:35+00:00\" \/>\n<meta property=\"article:modified_time\" content=\"2024-01-18T11:20:53+00:00\" \/>\n<meta property=\"og:image\" content=\"https:\/\/cdn.one.org\/oneorg\/wp-content\/uploads\/sites\/3\/2022\/01\/26150437\/climate_gender_2021_featured_1200x1200_de.jpg\" \/>\n\t<meta property=\"og:image:width\" content=\"1200\" \/>\n\t<meta property=\"og:image:height\" content=\"1200\" \/>\n\t<meta property=\"og:image:type\" content=\"image\/jpeg\" \/>\n<meta name=\"author\" content=\"admin\" \/>\n<meta name=\"twitter:card\" content=\"summary_large_image\" \/>\n<meta name=\"twitter:creator\" content=\"@ONENederland\" \/>\n<meta name=\"twitter:site\" content=\"@ONENederland\" \/>\n<meta name=\"twitter:label1\" content=\"Written by\" \/>\n\t<meta name=\"twitter:data1\" content=\"admin\" \/>\n\t<meta name=\"twitter:label2\" content=\"Est. reading time\" \/>\n\t<meta name=\"twitter:data2\" content=\"8 minutes\" \/>\n<script type=\"application\/ld+json\" class=\"yoast-schema-graph\">{\"@context\":\"https:\/\/schema.org\",\"@graph\":[{\"@type\":[\"Article\",\"BlogPosting\"],\"@id\":\"https:\/\/www.one.org\/de\/neuigkeiten\/klimagerechtigkeit-2022\/#article\",\"isPartOf\":{\"@id\":\"https:\/\/www.one.org\/de\/neuigkeiten\/klimagerechtigkeit-2022\/\"},\"author\":{\"name\":\"admin\",\"@id\":\"https:\/\/www.one.org\/de\/#\/schema\/person\/236ef43a079c36667c3f1de2da8e0838\"},\"headline\":\"Entscheidungsjahr 2022: Auf dem Weg zu mehr Klimagerechtigkeit inmitten multipler Krisen?\",\"datePublished\":\"2022-01-19T13:11:35+00:00\",\"dateModified\":\"2024-01-18T11:20:53+00:00\",\"mainEntityOfPage\":{\"@id\":\"https:\/\/www.one.org\/de\/neuigkeiten\/klimagerechtigkeit-2022\/\"},\"wordCount\":1750,\"commentCount\":0,\"image\":{\"@id\":\"https:\/\/www.one.org\/de\/neuigkeiten\/klimagerechtigkeit-2022\/#primaryimage\"},\"thumbnailUrl\":\"https:\/\/www.one.org\/de\/wp-content\/uploads\/sites\/3\/2022\/01\/climate_gender_2021_featured_1200x1200_de.jpg\",\"inLanguage\":\"de-DE\",\"potentialAction\":[{\"@type\":\"CommentAction\",\"name\":\"Comment\",\"target\":[\"https:\/\/www.one.org\/de\/neuigkeiten\/klimagerechtigkeit-2022\/#respond\"]}]},{\"@type\":\"WebPage\",\"@id\":\"https:\/\/www.one.org\/de\/neuigkeiten\/klimagerechtigkeit-2022\/\",\"url\":\"https:\/\/www.one.org\/de\/neuigkeiten\/klimagerechtigkeit-2022\/\",\"name\":\"Entscheidungsjahr 2022: Auf dem Weg zu mehr Klimagerechtigkeit inmitten multipler Krisen? - ONE.org Deutschland\",\"isPartOf\":{\"@id\":\"https:\/\/www.one.org\/de\/#website\"},\"primaryImageOfPage\":{\"@id\":\"https:\/\/www.one.org\/de\/neuigkeiten\/klimagerechtigkeit-2022\/#primaryimage\"},\"image\":{\"@id\":\"https:\/\/www.one.org\/de\/neuigkeiten\/klimagerechtigkeit-2022\/#primaryimage\"},\"thumbnailUrl\":\"https:\/\/www.one.org\/de\/wp-content\/uploads\/sites\/3\/2022\/01\/climate_gender_2021_featured_1200x1200_de.jpg\",\"datePublished\":\"2022-01-19T13:11:35+00:00\",\"dateModified\":\"2024-01-18T11:20:53+00:00\",\"author\":{\"@id\":\"https:\/\/www.one.org\/de\/#\/schema\/person\/236ef43a079c36667c3f1de2da8e0838\"},\"description\":\"Inmitten multipler Krisen beginnt ein unfassbar wichtiges Jahr f\u00fcr Einsatz gegen die Klimakrise und globale Ungleichheiten. Was h\u00e4lt 2022 bereit?\",\"breadcrumb\":{\"@id\":\"https:\/\/www.one.org\/de\/neuigkeiten\/klimagerechtigkeit-2022\/#breadcrumb\"},\"inLanguage\":\"de-DE\",\"potentialAction\":[{\"@type\":\"ReadAction\",\"target\":[\"https:\/\/www.one.org\/de\/neuigkeiten\/klimagerechtigkeit-2022\/\"]}]},{\"@type\":\"ImageObject\",\"inLanguage\":\"de-DE\",\"@id\":\"https:\/\/www.one.org\/de\/neuigkeiten\/klimagerechtigkeit-2022\/#primaryimage\",\"url\":\"https:\/\/www.one.org\/de\/wp-content\/uploads\/sites\/3\/2022\/01\/climate_gender_2021_featured_1200x1200_de.jpg\",\"contentUrl\":\"https:\/\/www.one.org\/de\/wp-content\/uploads\/sites\/3\/2022\/01\/climate_gender_2021_featured_1200x1200_de.jpg\",\"width\":1200,\"height\":1200},{\"@type\":\"BreadcrumbList\",\"@id\":\"https:\/\/www.one.org\/de\/neuigkeiten\/klimagerechtigkeit-2022\/#breadcrumb\",\"itemListElement\":[{\"@type\":\"ListItem\",\"position\":1,\"name\":\"Home\",\"item\":\"https:\/\/www.one.org\/de\/\"},{\"@type\":\"ListItem\",\"position\":2,\"name\":\"Entscheidungsjahr 2022: Auf dem Weg zu mehr Klimagerechtigkeit inmitten multipler Krisen?\"}]},{\"@type\":\"WebSite\",\"@id\":\"https:\/\/www.one.org\/de\/#website\",\"url\":\"https:\/\/www.one.org\/de\/\",\"name\":\"ONE.org\",\"description\":\"F\u00fcr mehr wirtschaftliche Chancen und ein starkes Gesundheitswesen in Afrika\",\"potentialAction\":[{\"@type\":\"SearchAction\",\"target\":{\"@type\":\"EntryPoint\",\"urlTemplate\":\"https:\/\/www.one.org\/de\/?s={search_term_string}\"},\"query-input\":{\"@type\":\"PropertyValueSpecification\",\"valueRequired\":true,\"valueName\":\"search_term_string\"}}],\"inLanguage\":\"de-DE\"},{\"@type\":\"Person\",\"@id\":\"https:\/\/www.one.org\/de\/#\/schema\/person\/236ef43a079c36667c3f1de2da8e0838\",\"name\":\"admin\",\"image\":{\"@type\":\"ImageObject\",\"inLanguage\":\"de-DE\",\"@id\":\"https:\/\/www.one.org\/de\/#\/schema\/person\/image\/\",\"url\":\"https:\/\/secure.gravatar.com\/avatar\/2b4204681b789d34ede86a735f8b6378df901f7f7ab7a9ca89af4670b2bb13b8?s=96&d=mm&r=g\",\"contentUrl\":\"https:\/\/secure.gravatar.com\/avatar\/2b4204681b789d34ede86a735f8b6378df901f7f7ab7a9ca89af4670b2bb13b8?s=96&d=mm&r=g\",\"caption\":\"admin\"},\"sameAs\":[\"http:\/\/www.one.org\"],\"url\":\"https:\/\/www.one.org\/de\/neuigkeiten\/author\/admin\/\"}]}<\/script>\n<!-- \/ Yoast SEO Premium plugin. -->","yoast_head_json":{"title":"Entscheidungsjahr 2022: Auf dem Weg zu mehr Klimagerechtigkeit inmitten multipler Krisen? - ONE.org Deutschland","description":"Inmitten multipler Krisen beginnt ein unfassbar wichtiges Jahr f\u00fcr Einsatz gegen die Klimakrise und globale Ungleichheiten. Was h\u00e4lt 2022 bereit?","robots":{"index":"index","follow":"follow","max-snippet":"max-snippet:-1","max-image-preview":"max-image-preview:large","max-video-preview":"max-video-preview:-1"},"canonical":"https:\/\/www.one.org\/de\/neuigkeiten\/klimagerechtigkeit-2022\/","og_locale":"de_DE","og_type":"article","og_title":"Entscheidungsjahr 2022: Auf dem Weg zu mehr Klimagerechtigkeit inmitten multipler Krisen?","og_description":"Inmitten multipler Krisen beginnt ein unfassbar wichtiges Jahr f\u00fcr Einsatz gegen die Klimakrise und globale Ungleichheiten. Was h\u00e4lt 2022 bereit?","og_url":"https:\/\/www.one.org\/de\/neuigkeiten\/klimagerechtigkeit-2022\/","og_site_name":"ONE.org Deutschland","article_publisher":"https:\/\/www.facebook.com\/ONEinNederland","article_published_time":"2022-01-19T13:11:35+00:00","article_modified_time":"2024-01-18T11:20:53+00:00","og_image":[{"width":1200,"height":1200,"url":"https:\/\/cdn.one.org\/oneorg\/wp-content\/uploads\/sites\/3\/2022\/01\/26150437\/climate_gender_2021_featured_1200x1200_de.jpg","type":"image\/jpeg"}],"author":"admin","twitter_card":"summary_large_image","twitter_creator":"@ONENederland","twitter_site":"@ONENederland","twitter_misc":{"Written by":"admin","Est. reading time":"8 minutes"},"schema":{"@context":"https:\/\/schema.org","@graph":[{"@type":["Article","BlogPosting"],"@id":"https:\/\/www.one.org\/de\/neuigkeiten\/klimagerechtigkeit-2022\/#article","isPartOf":{"@id":"https:\/\/www.one.org\/de\/neuigkeiten\/klimagerechtigkeit-2022\/"},"author":{"name":"admin","@id":"https:\/\/www.one.org\/de\/#\/schema\/person\/236ef43a079c36667c3f1de2da8e0838"},"headline":"Entscheidungsjahr 2022: Auf dem Weg zu mehr Klimagerechtigkeit inmitten multipler Krisen?","datePublished":"2022-01-19T13:11:35+00:00","dateModified":"2024-01-18T11:20:53+00:00","mainEntityOfPage":{"@id":"https:\/\/www.one.org\/de\/neuigkeiten\/klimagerechtigkeit-2022\/"},"wordCount":1750,"commentCount":0,"image":{"@id":"https:\/\/www.one.org\/de\/neuigkeiten\/klimagerechtigkeit-2022\/#primaryimage"},"thumbnailUrl":"https:\/\/www.one.org\/de\/wp-content\/uploads\/sites\/3\/2022\/01\/climate_gender_2021_featured_1200x1200_de.jpg","inLanguage":"de-DE","potentialAction":[{"@type":"CommentAction","name":"Comment","target":["https:\/\/www.one.org\/de\/neuigkeiten\/klimagerechtigkeit-2022\/#respond"]}]},{"@type":"WebPage","@id":"https:\/\/www.one.org\/de\/neuigkeiten\/klimagerechtigkeit-2022\/","url":"https:\/\/www.one.org\/de\/neuigkeiten\/klimagerechtigkeit-2022\/","name":"Entscheidungsjahr 2022: Auf dem Weg zu mehr Klimagerechtigkeit inmitten multipler Krisen? - ONE.org Deutschland","isPartOf":{"@id":"https:\/\/www.one.org\/de\/#website"},"primaryImageOfPage":{"@id":"https:\/\/www.one.org\/de\/neuigkeiten\/klimagerechtigkeit-2022\/#primaryimage"},"image":{"@id":"https:\/\/www.one.org\/de\/neuigkeiten\/klimagerechtigkeit-2022\/#primaryimage"},"thumbnailUrl":"https:\/\/www.one.org\/de\/wp-content\/uploads\/sites\/3\/2022\/01\/climate_gender_2021_featured_1200x1200_de.jpg","datePublished":"2022-01-19T13:11:35+00:00","dateModified":"2024-01-18T11:20:53+00:00","author":{"@id":"https:\/\/www.one.org\/de\/#\/schema\/person\/236ef43a079c36667c3f1de2da8e0838"},"description":"Inmitten multipler Krisen beginnt ein unfassbar wichtiges Jahr f\u00fcr Einsatz gegen die Klimakrise und globale Ungleichheiten. Was h\u00e4lt 2022 bereit?","breadcrumb":{"@id":"https:\/\/www.one.org\/de\/neuigkeiten\/klimagerechtigkeit-2022\/#breadcrumb"},"inLanguage":"de-DE","potentialAction":[{"@type":"ReadAction","target":["https:\/\/www.one.org\/de\/neuigkeiten\/klimagerechtigkeit-2022\/"]}]},{"@type":"ImageObject","inLanguage":"de-DE","@id":"https:\/\/www.one.org\/de\/neuigkeiten\/klimagerechtigkeit-2022\/#primaryimage","url":"https:\/\/www.one.org\/de\/wp-content\/uploads\/sites\/3\/2022\/01\/climate_gender_2021_featured_1200x1200_de.jpg","contentUrl":"https:\/\/www.one.org\/de\/wp-content\/uploads\/sites\/3\/2022\/01\/climate_gender_2021_featured_1200x1200_de.jpg","width":1200,"height":1200},{"@type":"BreadcrumbList","@id":"https:\/\/www.one.org\/de\/neuigkeiten\/klimagerechtigkeit-2022\/#breadcrumb","itemListElement":[{"@type":"ListItem","position":1,"name":"Home","item":"https:\/\/www.one.org\/de\/"},{"@type":"ListItem","position":2,"name":"Entscheidungsjahr 2022: Auf dem Weg zu mehr Klimagerechtigkeit inmitten multipler Krisen?"}]},{"@type":"WebSite","@id":"https:\/\/www.one.org\/de\/#website","url":"https:\/\/www.one.org\/de\/","name":"ONE.org","description":"F\u00fcr mehr wirtschaftliche Chancen und ein starkes Gesundheitswesen in Afrika","potentialAction":[{"@type":"SearchAction","target":{"@type":"EntryPoint","urlTemplate":"https:\/\/www.one.org\/de\/?s={search_term_string}"},"query-input":{"@type":"PropertyValueSpecification","valueRequired":true,"valueName":"search_term_string"}}],"inLanguage":"de-DE"},{"@type":"Person","@id":"https:\/\/www.one.org\/de\/#\/schema\/person\/236ef43a079c36667c3f1de2da8e0838","name":"admin","image":{"@type":"ImageObject","inLanguage":"de-DE","@id":"https:\/\/www.one.org\/de\/#\/schema\/person\/image\/","url":"https:\/\/secure.gravatar.com\/avatar\/2b4204681b789d34ede86a735f8b6378df901f7f7ab7a9ca89af4670b2bb13b8?s=96&d=mm&r=g","contentUrl":"https:\/\/secure.gravatar.com\/avatar\/2b4204681b789d34ede86a735f8b6378df901f7f7ab7a9ca89af4670b2bb13b8?s=96&d=mm&r=g","caption":"admin"},"sameAs":["http:\/\/www.one.org"],"url":"https:\/\/www.one.org\/de\/neuigkeiten\/author\/admin\/"}]}},"distributor_meta":false,"distributor_terms":false,"distributor_media":false,"distributor_original_site_name":"ONE.org Deutschland","distributor_original_site_url":"https:\/\/www.one.org\/de","push-errors":false,"_links":{"self":[{"href":"https:\/\/www.one.org\/de\/wp-json\/wp\/v2\/posts\/167557","targetHints":{"allow":["GET"]}}],"collection":[{"href":"https:\/\/www.one.org\/de\/wp-json\/wp\/v2\/posts"}],"about":[{"href":"https:\/\/www.one.org\/de\/wp-json\/wp\/v2\/types\/post"}],"author":[{"embeddable":true,"href":"https:\/\/www.one.org\/de\/wp-json\/wp\/v2\/users\/1"}],"replies":[{"embeddable":true,"href":"https:\/\/www.one.org\/de\/wp-json\/wp\/v2\/comments?post=167557"}],"version-history":[{"count":0,"href":"https:\/\/www.one.org\/de\/wp-json\/wp\/v2\/posts\/167557\/revisions"}],"wp:featuredmedia":[{"embeddable":true,"href":"https:\/\/www.one.org\/de\/wp-json\/wp\/v2\/media\/168124"}],"wp:attachment":[{"href":"https:\/\/www.one.org\/de\/wp-json\/wp\/v2\/media?parent=167557"}],"wp:term":[{"taxonomy":"category","embeddable":true,"href":"https:\/\/www.one.org\/de\/wp-json\/wp\/v2\/categories?post=167557"},{"taxonomy":"post_tag","embeddable":true,"href":"https:\/\/www.one.org\/de\/wp-json\/wp\/v2\/tags?post=167557"},{"taxonomy":"topic","embeddable":true,"href":"https:\/\/www.one.org\/de\/wp-json\/wp\/v2\/topic?post=167557"},{"taxonomy":"contributor","embeddable":true,"href":"https:\/\/www.one.org\/de\/wp-json\/wp\/v2\/contributor?post=167557"},{"taxonomy":"one_content_audience","embeddable":true,"href":"https:\/\/www.one.org\/de\/wp-json\/wp\/v2\/one_content_audience?post=167557"},{"taxonomy":"one_content_type","embeddable":true,"href":"https:\/\/www.one.org\/de\/wp-json\/wp\/v2\/one_content_type?post=167557"},{"taxonomy":"one_content_tone","embeddable":true,"href":"https:\/\/www.one.org\/de\/wp-json\/wp\/v2\/one_content_tone?post=167557"}],"curies":[{"name":"wp","href":"https:\/\/api.w.org\/{rel}","templated":true}]}}