{"id":167520,"date":"2021-11-19T16:21:02","date_gmt":"2021-11-19T16:21:02","guid":{"rendered":"https:\/\/www.one.org\/de\/die-kaffeesteuer-die-sdgs-wie-eine-faire-steuerpolitik-zu-globaler-gerechtigkeit-beitragt\/"},"modified":"2024-01-18T10:56:34","modified_gmt":"2024-01-18T10:56:34","slug":"die-kaffeesteuer-die-sdgs-wie-eine-faire-steuerpolitik-zu-globaler-gerechtigkeit-beitragt","status":"publish","type":"post","link":"https:\/\/www.one.org\/de\/neuigkeiten\/die-kaffeesteuer-die-sdgs-wie-eine-faire-steuerpolitik-zu-globaler-gerechtigkeit-beitragt\/","title":{"rendered":"Die Kaffeesteuer &amp; die SDGs \u2013 Wie eine faire Steuerpolitik zu Globaler Gerechtigkeit beitr\u00e4gt"},"content":{"rendered":"\n<p>Deutschland hat sich dazu verpflichtet, die <a href=\"https:\/\/www.bmz.de\/de\/agenda-2030\">Globalen Nachhaltigkeitsziele<\/a> (Sustainable Development Goals, SDGs) bis 2030 zu erreichen. Um dies zu schaffen, wird aber bei Weitem noch nicht genug getan. Dabei hat die Bundesregierung mit dem Kaffeesteuergesetz ein passendes Instrument, mit dem sie gleich mehrere der 17 Ziele vorantreiben k\u00f6nnte. Denn in Deutschland wird eine Kaffeesteuer von 2,19 Euro pro Kilo R\u00f6stkaffee erhoben \u2013 auch auf fair gehandelten Kaffee. Das macht offensichtlich wenig Sinn. Denn fairer Kaffee wurde \u2013 im Gegensatz zu konventionellem \u2013 entlang der globalen Lieferketten unter umweltfreundlichen, sozial verantwortungsbewussten Bedingungen und unter Achtung der Menschenrechte hergestellt. Das sollte gef\u00f6rdert und nicht gleicherma\u00dfen besteuert werden, wie eine Kaffeeproduktion unter schlechten Bedingungen. Und eins ist klar: <strong><a href=\"https:\/\/s3.amazonaws.com\/one.org\/pdfs\/Positionspapier_Kaffeesteuer.pdf\">Fairness darf kein Luxus sein, Fairness sollte der Standard sein!<\/a><\/strong> Noch weniger Sinn macht es, wenn man bedenkt, dass die Abschaffung der Kaffeesteuer auf fair gehandelten Kaffee gleich <strong>zur Erreichung mehrerer SDGs beitragen w\u00fcrde.<\/strong> Und: Im Vergleich zum Mehrwert f\u00fcr Armutsbek\u00e4mpfung und Nachhaltigkeit w\u00e4ren die Einbu\u00dfen an Steuern verschwindend gering. Aber auf welche SDGs zahlt ein zeitgem\u00e4\u00dfes Kaffeesteuergesetz eigentlich ein?<\/p>\n\n\n\n<figure class=\"wp-block-image aligncenter\"><img decoding=\"async\" src=\"https:\/\/cdn.one.org\/de\/wp-content\/uploads\/2021\/11\/19161655\/Bild-von-iOS-37-640x480.jpg\" alt=\"\" class=\"wp-image-158160\" \/><\/figure>\n\n\n\n<h3 class=\"wp-block-heading\" id=\"h-sdg-12-nachhaltige-r-konsum-und-produktion\">SDG 12: Nachhaltige\/r Konsum und Produktion<\/h3>\n\n\n\n<p>Das offensichtlichste Ziel, auf das die Abschaffung der Kaffeesteuer auf fair gehandelten Kaffee einzahlen k\u00f6nnte, ist das <a href=\"https:\/\/17ziele.de\/ziele\/12.html\">12. Nachhaltigkeitsziel<\/a>: Nachhaltiger Konsum und Produktion. Fairer Kaffee ist meist teurer als herk\u00f6mmlicher \u2013 beziehungsweise kostet eben genau das, was ein solches Produkt kosten w\u00fcrde, wenn es ohne Ausbeutung an Mensch und Umwelt hergestellt wurde. Kommt nun jedoch die Kaffeesteuer von 2,19 \u20ac pro Kilo R\u00f6stkaffee und 4,78 \u20ac pro Kilo l\u00f6slichen Kaffee oben drauf, k\u00f6nnen sich das viele Endverbraucher*innen in Deutschland nicht mehr leisten. Dabei w\u00fcrden gerne mehr Menschen fairen Kaffee kaufen. So macht fairer Kaffee bisher nur rund 4,5-5 % am deutschen Kaffeemarkt aus. Fiele die Kaffeesteuer auf fairen Kaffee weg und g\u00e4ben die Unternehmen den Steuerwegfall an Konsument*innen in Deutschland weiter, w\u00fcrde fairer Kaffee erschwinglicher werden. Entsprechend w\u00fcrden mehr Kaffeegenie\u00dfer*innen zu nachhaltig statt herk\u00f6mmlich produzierten Packungen greifen. Die Bundesregierung hat also in der Steuerpolitik ein direktes Instrument, Kaufentscheidungen hin zu fairem und nachhaltigem Konsum zu f\u00f6rdern. Davon oder von einer direkten Weitergabe an die Produzent*innen im Globalen S\u00fcden profitieren wiederum\u2026<\/p>\n\n\n\n<h3 class=\"wp-block-heading\" id=\"h-sdg-8-menschenwurdige-arbeit-und-wirtschaftswachstum\">SDG 8: Menschenw\u00fcrdige Arbeit und Wirtschaftswachstum<\/h3>\n\n\n\n<p>\u2026richtig \u2013 Kaffeeb\u00e4uerinnen und -bauern in Anbaul\u00e4ndern. Was uns zum <a href=\"https:\/\/17ziele.de\/ziele\/8.html\">8. Nachhaltigkeitsziel<\/a>: Menschenw\u00fcrdige Arbeit und Wirtschaftswachstum bringt. Kaffeeb\u00e4uerinnen und -bauern werden im konventionellen Kaffeeanbau und -handel besonders benachteiligt. Viele leben weit unter der Armutsgrenze von <a href=\"https:\/\/www.fairtrade-deutschland.de\/produkte\/kaffee\/hintergrund-fairtrade-kaffee\">weniger als 2 US-Dollar pro Tag<\/a> und stehen vor schwierigen Herausforderungen: Schwankende Weltmarktpreise und die Auswirkungen des Klimawandels machen die Kaffeeproduktion f\u00fcr sie unsicher und unrentabel. Viele Kleinbauernfamilien m\u00fcssen sich andere Einkommensquellen suchen.<\/p>\n\n\n\n<p>Bei fair gehandeltem Kaffee hingegen erhalten die Kaffeeb\u00e4uerinnen und -bauern einen angemessenen Lohn. Nicht nur das \u2013 ihnen werden auch <a href=\"https:\/\/www.fairtrade-deutschland.de\/was-ist-fairtrade\/fairtrade-standards\/mindestpreis-und-praemie\">festgelegte Mindestpreise<\/a> garantiert. Das sichert den Arbeiter*innen auch bei Preisschwankungen ein festes Einkommen. Und: Liegt der jeweilige Marktpreis \u00fcber dem Mindestpreis, so muss der h\u00f6here Marktpreis bezahlt werden. Auch vor klimabedingten Ernteausf\u00e4llen sch\u00fctzt der Mindestpreis. Au\u00dferdem werden die Anbauer*innen dabei unterst\u00fctzt, sich an den Klimawandel anzupassen, beispielsweise durch alternative Anbaumethoden. So wird nicht nur eine menschenw\u00fcrdige Arbeit, sondern auch eine produktive Vollbesch\u00e4ftigung gesichert. Hinzu kommt: Erhalten die Eltern auf den Kaffeeplantagen ein angemessenes Einkommen, wirkt es als Ma\u00dfnahme gegen Kinderarbeit, eines der <a href=\"https:\/\/www.bmz.de\/de\/agenda-2030\/sdg-8\">Unterziele des 8. SDGs<\/a>.<\/p>\n\n\n\n<p>Zu einem \u201cdauerhaften, breitenwirksamen und nachhaltigen Wirtschaftswachstum\u201d, wie es weiter im SDG 8 hei\u00dft, w\u00fcrde auch beigetragen werden, wenn mehr Geld an Kaffeeb\u00e4uerinnen und -bauern geht, statt das nur Kaffeeunternehmen \u2013 die sich oft <a href=\"https:\/\/www.one.org\/de\/blog\/solino-coffee\/\">nicht in den Anbaul\u00e4ndern<\/a> befinden \u2013 Profit machen. Denn wie ungerecht die Wertsch\u00f6pfung in globalen Kaffeelieferketten verteilt ist, zeigen diese Zahlen deutlich: In den letzten 20 Jahren ist der Umsatz f\u00fcr Kaffeeunternehmen um 140 Prozent gestiegen, w\u00e4hrend die Einnahmen von den Landwirt*innen um 10 Prozent gesunken sind. Das Problem ist, dass Kleinbauernfamilien lokalen H\u00e4ndlern oft schutzlos ausgeliefert sind und keinen Zugang zu Markt- und Preisinformationen haben. Im Fairen Handel schlie\u00dfen sich die <a href=\"https:\/\/www.fairtrade-deutschland.de\/produkte\/kaffee\/hintergrund-fairtrade-kaffee\">Kleinb\u00e4uerinnen und -bauern zu Kooperativen<\/a> zusammen und verbessern so ihre Verhandlungsposition. Wer gut aufgepasst hat, hat bemerkt: Das Wort \u201eKlima\u201c ist oft gefallen \u2013 das l\u00e4sst schon erahnen, auf welches SDG die Abschaffung der Kaffeesteuer auf fair gehandelten Kaffee noch einzahlt\u2026<\/p>\n\n\n\n<h3 class=\"wp-block-heading\" id=\"h-sdg-13-massnahmen-zum-klimaschutz\">SDG 13: Ma\u00dfnahmen zum Klimaschutz<\/h3>\n\n\n\n<p>\u2026richtig \u2013 auf das <a href=\"https:\/\/17ziele.de\/ziele\/12.html\">12. Nachhaltigkeitsziel<\/a>: Ma\u00dfnahmen zum Klimaschutz. Wenn in Deutschland mehr fairer Kaffee gekauft wird, profitieren nicht nur die Kaffeeb\u00e4uerinnen und -bauern, sondern auch die Umwelt. Denn beim Anbau von fairem Kaffee werden Umweltstandards beachtet und nachhaltige Landwirtschaftsmethoden priorisiert. Das beg\u00fcnstigt den Artenschutz, die Bodenqualit\u00e4t und spart Wasser. So wird in der fairen Kaffeeproduktion bei der Ernte und der Weiterverarbeitung der Bohne auf umweltschonende Methoden zur\u00fcckgegriffen. Ebenso sind verschiedene <a href=\"https:\/\/utopia.de\/ratgeber\/fair-trade-kaffee\/\">Pestizide im Anbau<\/a> untersagt. Expert*innen warnen, wenn wir jetzt nichts unternehmen, k\u00f6nnten die Kaffee-Ertr\u00e4ge durch Klimaextreme wie starker Temperaturanstieg und mehr Trockenzeiten, aber auch zunehmende Niederschl\u00e4ge bis <a href=\"https:\/\/www.klimareporter.de\/gesellschaft\/dem-besten-kaffee-bekommt-der-klimawandel-nicht\">2050 um 20 Prozent<\/a> senken und weltweit der Kaffeequalit\u00e4t schaden.<\/p>\n\n\n\n<figure class=\"wp-block-image aligncenter\"><img decoding=\"async\" src=\"https:\/\/cdn.one.org\/de\/wp-content\/uploads\/2021\/11\/19161855\/Bild-von-iOS-471-640x484.jpg\" alt=\"\" class=\"wp-image-158161\" \/><\/figure>\n\n\n\n<h3 class=\"wp-block-heading\" id=\"h-und-noch-mehr\">Und noch mehr\u2026.<\/h3>\n\n\n\n<p><a href=\"https:\/\/www.youtube.com\/watch?v=EdXZwqQuEwU&amp;t=2s\">Die 17 Ziele bedingen sich gegenseitig<\/a> \u2013 Machen wir bei einem Ziel Fortschritt, r\u00fccken auch andere mehr in Reichweite. Mit der Abschaffung der Kaffeesteuer auf fairen Kaffee k\u00f6nnte die deutsche Steuerpolitik noch zu vielen weiteren Zielen beitragen: Wenn mehr Menschen im Globalen S\u00fcden einen fairen Lohn erhalten, gibt es weniger Ungleichheiten (<a href=\"https:\/\/17ziele.de\/ziele\/10.html\">SDG 10<\/a>). Wenn die B\u00e4uerinnen und Bauern ein existenzsicherndes Einkommen erhalten, k\u00f6nnen sie sich aus der Armut (<a href=\"https:\/\/17ziele.de\/ziele\/1.html\">SDG1<\/a>) und von Hunger (<a href=\"https:\/\/17ziele.de\/ziele\/2.html\">SDG2<\/a>) befreien. Wenn weniger Kinder arbeiten m\u00fcssen, gehen mehr Kinder zur Schule (<a href=\"https:\/\/17ziele.de\/ziele\/4.html\">SDG 4<\/a>). Wie ein kaffeesteuerfreier fairer Kaffee auf das <a href=\"https:\/\/17ziele.de\/ziele\/5.html\">5. Ziel<\/a>, die Gleichberechtigung der Geschlechter einwirkt, k\u00f6nnt ihr in diesem <a href=\"https:\/\/www.one.org\/de\/blog\/kaffeesteuer-auf-fair-gehandelten-kaffee-abschaffen-und-gleichberechtigung-vorantreiben\/\">Blogartikel<\/a> nachlesen.<\/p>\n\n\n\n<h3 class=\"wp-block-heading\" id=\"h-deshalb-fordern-wir-von-der-politik-bekennt-euch-nicht-nur-zu-den-17-zielen-setzt-sie-auch-um-die-mittel-dafur-habt-ihr-sie-sind-direkt-vor-euren-augen\">Deshalb fordern wir von der Politik: Bekennt euch nicht nur zu den 17 Zielen, setzt sie auch um! Die Mittel daf\u00fcr habt ihr, sie sind direkt vor euren Augen! <\/h3>\n\n\n\n<p><\/p>\n<div class=\"buffer\"><\/div>","protected":false},"excerpt":{"rendered":"<p>Deutschland hat sich dazu verpflichtet, die Globalen Nachhaltigkeitsziele (Sustainable Development Goals, SDGs) bis 2030 zu erreichen. Um dies zu schaffen, wird aber bei Weitem noch nicht genug getan. Dabei hat die Bundesregierung mit dem Kaffeesteuergesetz ein passendes Instrument, mit dem sie gleich mehrere der 17 Ziele vorantreiben k\u00f6nnte. Denn in Deutschland wird eine Kaffeesteuer von [&hellip;]<\/p>\n","protected":false},"author":1,"featured_media":168202,"comment_status":"open","ping_status":"open","sticky":false,"template":"","format":"standard","meta":{"_acf_changed":false,"_relevanssi_hide_post":"","_relevanssi_hide_content":"","_relevanssi_pin_for_all":"","_relevanssi_pin_keywords":"","_relevanssi_unpin_keywords":"","_relevanssi_related_keywords":"","_relevanssi_related_include_ids":"","_relevanssi_related_exclude_ids":"","_relevanssi_related_no_append":"","_relevanssi_related_not_related":"","_relevanssi_related_posts":"170931,170894,170594,170584,170560,170417","_relevanssi_noindex_reason":"","footnotes":""},"categories":[1],"tags":[110,124,112],"topic":[37,111,57],"contributor":[151],"one_content_audience":[],"one_content_type":[],"one_content_tone":[],"class_list":["post-167520","post","type-post","status-publish","format-standard","has-post-thumbnail","hentry","category-uncategorized","tag-coffee-tax","tag-kaffee","tag-kaffeesteuer","topic-entwicklungszusammenarbeit","topic-handel-und-investitionen","topic-landwirtschaft","contributor-laura-kleinwort"],"acf":[],"yoast_head":"<!-- This site is optimized with the Yoast SEO Premium plugin v27.1 (Yoast SEO v27.1.1) - https:\/\/yoast.com\/product\/yoast-seo-premium-wordpress\/ -->\n<title>Die Kaffeesteuer &amp; die SDGs \u2013 Wie eine faire Steuerpolitik zu Globaler Gerechtigkeit beitr\u00e4gt - ONE.org Deutschland<\/title>\n<meta name=\"robots\" content=\"index, follow, max-snippet:-1, max-image-preview:large, max-video-preview:-1\" \/>\n<link rel=\"canonical\" href=\"https:\/\/www.one.org\/de\/neuigkeiten\/die-kaffeesteuer-die-sdgs-wie-eine-faire-steuerpolitik-zu-globaler-gerechtigkeit-beitragt\/\" \/>\n<meta property=\"og:locale\" content=\"de_DE\" \/>\n<meta property=\"og:type\" content=\"article\" \/>\n<meta property=\"og:title\" content=\"Die Kaffeesteuer &amp; die SDGs \u2013 Wie eine faire Steuerpolitik zu Globaler Gerechtigkeit beitr\u00e4gt\" \/>\n<meta property=\"og:description\" content=\"Deutschland hat sich dazu verpflichtet, die Globalen Nachhaltigkeitsziele (Sustainable Development Goals, SDGs) bis 2030 zu erreichen. Um dies zu schaffen, wird aber bei Weitem noch nicht genug getan. Dabei hat die Bundesregierung mit dem Kaffeesteuergesetz ein passendes Instrument, mit dem sie gleich mehrere der 17 Ziele vorantreiben k\u00f6nnte. Denn in Deutschland wird eine Kaffeesteuer von [&hellip;]\" \/>\n<meta property=\"og:url\" content=\"https:\/\/www.one.org\/de\/neuigkeiten\/die-kaffeesteuer-die-sdgs-wie-eine-faire-steuerpolitik-zu-globaler-gerechtigkeit-beitragt\/\" \/>\n<meta property=\"og:site_name\" content=\"ONE.org Deutschland\" \/>\n<meta property=\"article:publisher\" content=\"https:\/\/www.facebook.com\/ONEinNederland\" \/>\n<meta property=\"article:published_time\" content=\"2021-11-19T16:21:02+00:00\" \/>\n<meta property=\"article:modified_time\" content=\"2024-01-18T10:56:34+00:00\" \/>\n<meta property=\"og:image\" content=\"https:\/\/cdn.one.org\/oneorg\/wp-content\/uploads\/sites\/3\/2021\/11\/26112239\/CoffeeTax_1200x1200.png\" \/>\n\t<meta property=\"og:image:width\" content=\"2401\" \/>\n\t<meta property=\"og:image:height\" content=\"2401\" \/>\n\t<meta property=\"og:image:type\" content=\"image\/png\" \/>\n<meta name=\"author\" content=\"admin\" \/>\n<meta name=\"twitter:card\" content=\"summary_large_image\" \/>\n<meta name=\"twitter:creator\" content=\"@ONENederland\" \/>\n<meta name=\"twitter:site\" content=\"@ONENederland\" \/>\n<meta name=\"twitter:label1\" content=\"Written by\" \/>\n\t<meta name=\"twitter:data1\" content=\"admin\" \/>\n\t<meta name=\"twitter:label2\" content=\"Est. reading time\" \/>\n\t<meta name=\"twitter:data2\" content=\"5 minutes\" \/>\n<script type=\"application\/ld+json\" class=\"yoast-schema-graph\">{\"@context\":\"https:\/\/schema.org\",\"@graph\":[{\"@type\":[\"Article\",\"BlogPosting\"],\"@id\":\"https:\/\/www.one.org\/de\/neuigkeiten\/die-kaffeesteuer-die-sdgs-wie-eine-faire-steuerpolitik-zu-globaler-gerechtigkeit-beitragt\/#article\",\"isPartOf\":{\"@id\":\"https:\/\/www.one.org\/de\/neuigkeiten\/die-kaffeesteuer-die-sdgs-wie-eine-faire-steuerpolitik-zu-globaler-gerechtigkeit-beitragt\/\"},\"author\":{\"name\":\"admin\",\"@id\":\"https:\/\/www.one.org\/de\/#\/schema\/person\/236ef43a079c36667c3f1de2da8e0838\"},\"headline\":\"Die Kaffeesteuer &amp; die SDGs \u2013 Wie eine faire Steuerpolitik zu Globaler Gerechtigkeit beitr\u00e4gt\",\"datePublished\":\"2021-11-19T16:21:02+00:00\",\"dateModified\":\"2024-01-18T10:56:34+00:00\",\"mainEntityOfPage\":{\"@id\":\"https:\/\/www.one.org\/de\/neuigkeiten\/die-kaffeesteuer-die-sdgs-wie-eine-faire-steuerpolitik-zu-globaler-gerechtigkeit-beitragt\/\"},\"wordCount\":983,\"commentCount\":0,\"image\":{\"@id\":\"https:\/\/www.one.org\/de\/neuigkeiten\/die-kaffeesteuer-die-sdgs-wie-eine-faire-steuerpolitik-zu-globaler-gerechtigkeit-beitragt\/#primaryimage\"},\"thumbnailUrl\":\"https:\/\/www.one.org\/de\/wp-content\/uploads\/sites\/3\/2021\/11\/CoffeeTax_1200x1200.png\",\"keywords\":[\"Coffee Tax\",\"Kaffee\",\"Kaffeesteuer\"],\"inLanguage\":\"de-DE\",\"potentialAction\":[{\"@type\":\"CommentAction\",\"name\":\"Comment\",\"target\":[\"https:\/\/www.one.org\/de\/neuigkeiten\/die-kaffeesteuer-die-sdgs-wie-eine-faire-steuerpolitik-zu-globaler-gerechtigkeit-beitragt\/#respond\"]}]},{\"@type\":\"WebPage\",\"@id\":\"https:\/\/www.one.org\/de\/neuigkeiten\/die-kaffeesteuer-die-sdgs-wie-eine-faire-steuerpolitik-zu-globaler-gerechtigkeit-beitragt\/\",\"url\":\"https:\/\/www.one.org\/de\/neuigkeiten\/die-kaffeesteuer-die-sdgs-wie-eine-faire-steuerpolitik-zu-globaler-gerechtigkeit-beitragt\/\",\"name\":\"Die Kaffeesteuer &amp; die SDGs \u2013 Wie eine faire Steuerpolitik zu Globaler Gerechtigkeit beitr\u00e4gt - ONE.org Deutschland\",\"isPartOf\":{\"@id\":\"https:\/\/www.one.org\/de\/#website\"},\"primaryImageOfPage\":{\"@id\":\"https:\/\/www.one.org\/de\/neuigkeiten\/die-kaffeesteuer-die-sdgs-wie-eine-faire-steuerpolitik-zu-globaler-gerechtigkeit-beitragt\/#primaryimage\"},\"image\":{\"@id\":\"https:\/\/www.one.org\/de\/neuigkeiten\/die-kaffeesteuer-die-sdgs-wie-eine-faire-steuerpolitik-zu-globaler-gerechtigkeit-beitragt\/#primaryimage\"},\"thumbnailUrl\":\"https:\/\/www.one.org\/de\/wp-content\/uploads\/sites\/3\/2021\/11\/CoffeeTax_1200x1200.png\",\"datePublished\":\"2021-11-19T16:21:02+00:00\",\"dateModified\":\"2024-01-18T10:56:34+00:00\",\"author\":{\"@id\":\"https:\/\/www.one.org\/de\/#\/schema\/person\/236ef43a079c36667c3f1de2da8e0838\"},\"breadcrumb\":{\"@id\":\"https:\/\/www.one.org\/de\/neuigkeiten\/die-kaffeesteuer-die-sdgs-wie-eine-faire-steuerpolitik-zu-globaler-gerechtigkeit-beitragt\/#breadcrumb\"},\"inLanguage\":\"de-DE\",\"potentialAction\":[{\"@type\":\"ReadAction\",\"target\":[\"https:\/\/www.one.org\/de\/neuigkeiten\/die-kaffeesteuer-die-sdgs-wie-eine-faire-steuerpolitik-zu-globaler-gerechtigkeit-beitragt\/\"]}]},{\"@type\":\"ImageObject\",\"inLanguage\":\"de-DE\",\"@id\":\"https:\/\/www.one.org\/de\/neuigkeiten\/die-kaffeesteuer-die-sdgs-wie-eine-faire-steuerpolitik-zu-globaler-gerechtigkeit-beitragt\/#primaryimage\",\"url\":\"https:\/\/www.one.org\/de\/wp-content\/uploads\/sites\/3\/2021\/11\/CoffeeTax_1200x1200.png\",\"contentUrl\":\"https:\/\/www.one.org\/de\/wp-content\/uploads\/sites\/3\/2021\/11\/CoffeeTax_1200x1200.png\",\"width\":2401,\"height\":2401},{\"@type\":\"BreadcrumbList\",\"@id\":\"https:\/\/www.one.org\/de\/neuigkeiten\/die-kaffeesteuer-die-sdgs-wie-eine-faire-steuerpolitik-zu-globaler-gerechtigkeit-beitragt\/#breadcrumb\",\"itemListElement\":[{\"@type\":\"ListItem\",\"position\":1,\"name\":\"Home\",\"item\":\"https:\/\/www.one.org\/de\/\"},{\"@type\":\"ListItem\",\"position\":2,\"name\":\"Die Kaffeesteuer &amp; die SDGs \u2013 Wie eine faire Steuerpolitik zu Globaler Gerechtigkeit beitr\u00e4gt\"}]},{\"@type\":\"WebSite\",\"@id\":\"https:\/\/www.one.org\/de\/#website\",\"url\":\"https:\/\/www.one.org\/de\/\",\"name\":\"ONE.org\",\"description\":\"F\u00fcr mehr wirtschaftliche Chancen und ein starkes Gesundheitswesen in Afrika\",\"potentialAction\":[{\"@type\":\"SearchAction\",\"target\":{\"@type\":\"EntryPoint\",\"urlTemplate\":\"https:\/\/www.one.org\/de\/?s={search_term_string}\"},\"query-input\":{\"@type\":\"PropertyValueSpecification\",\"valueRequired\":true,\"valueName\":\"search_term_string\"}}],\"inLanguage\":\"de-DE\"},{\"@type\":\"Person\",\"@id\":\"https:\/\/www.one.org\/de\/#\/schema\/person\/236ef43a079c36667c3f1de2da8e0838\",\"name\":\"admin\",\"image\":{\"@type\":\"ImageObject\",\"inLanguage\":\"de-DE\",\"@id\":\"https:\/\/www.one.org\/de\/#\/schema\/person\/image\/\",\"url\":\"https:\/\/secure.gravatar.com\/avatar\/2b4204681b789d34ede86a735f8b6378df901f7f7ab7a9ca89af4670b2bb13b8?s=96&d=mm&r=g\",\"contentUrl\":\"https:\/\/secure.gravatar.com\/avatar\/2b4204681b789d34ede86a735f8b6378df901f7f7ab7a9ca89af4670b2bb13b8?s=96&d=mm&r=g\",\"caption\":\"admin\"},\"sameAs\":[\"http:\/\/www.one.org\"],\"url\":\"https:\/\/www.one.org\/de\/neuigkeiten\/author\/admin\/\"}]}<\/script>\n<!-- \/ Yoast SEO Premium plugin. -->","yoast_head_json":{"title":"Die Kaffeesteuer &amp; die SDGs \u2013 Wie eine faire Steuerpolitik zu Globaler Gerechtigkeit beitr\u00e4gt - ONE.org Deutschland","robots":{"index":"index","follow":"follow","max-snippet":"max-snippet:-1","max-image-preview":"max-image-preview:large","max-video-preview":"max-video-preview:-1"},"canonical":"https:\/\/www.one.org\/de\/neuigkeiten\/die-kaffeesteuer-die-sdgs-wie-eine-faire-steuerpolitik-zu-globaler-gerechtigkeit-beitragt\/","og_locale":"de_DE","og_type":"article","og_title":"Die Kaffeesteuer &amp; die SDGs \u2013 Wie eine faire Steuerpolitik zu Globaler Gerechtigkeit beitr\u00e4gt","og_description":"Deutschland hat sich dazu verpflichtet, die Globalen Nachhaltigkeitsziele (Sustainable Development Goals, SDGs) bis 2030 zu erreichen. Um dies zu schaffen, wird aber bei Weitem noch nicht genug getan. Dabei hat die Bundesregierung mit dem Kaffeesteuergesetz ein passendes Instrument, mit dem sie gleich mehrere der 17 Ziele vorantreiben k\u00f6nnte. Denn in Deutschland wird eine Kaffeesteuer von [&hellip;]","og_url":"https:\/\/www.one.org\/de\/neuigkeiten\/die-kaffeesteuer-die-sdgs-wie-eine-faire-steuerpolitik-zu-globaler-gerechtigkeit-beitragt\/","og_site_name":"ONE.org Deutschland","article_publisher":"https:\/\/www.facebook.com\/ONEinNederland","article_published_time":"2021-11-19T16:21:02+00:00","article_modified_time":"2024-01-18T10:56:34+00:00","og_image":[{"width":2401,"height":2401,"url":"https:\/\/cdn.one.org\/oneorg\/wp-content\/uploads\/sites\/3\/2021\/11\/26112239\/CoffeeTax_1200x1200.png","type":"image\/png"}],"author":"admin","twitter_card":"summary_large_image","twitter_creator":"@ONENederland","twitter_site":"@ONENederland","twitter_misc":{"Written by":"admin","Est. reading time":"5 minutes"},"schema":{"@context":"https:\/\/schema.org","@graph":[{"@type":["Article","BlogPosting"],"@id":"https:\/\/www.one.org\/de\/neuigkeiten\/die-kaffeesteuer-die-sdgs-wie-eine-faire-steuerpolitik-zu-globaler-gerechtigkeit-beitragt\/#article","isPartOf":{"@id":"https:\/\/www.one.org\/de\/neuigkeiten\/die-kaffeesteuer-die-sdgs-wie-eine-faire-steuerpolitik-zu-globaler-gerechtigkeit-beitragt\/"},"author":{"name":"admin","@id":"https:\/\/www.one.org\/de\/#\/schema\/person\/236ef43a079c36667c3f1de2da8e0838"},"headline":"Die Kaffeesteuer &amp; die SDGs \u2013 Wie eine faire Steuerpolitik zu Globaler Gerechtigkeit beitr\u00e4gt","datePublished":"2021-11-19T16:21:02+00:00","dateModified":"2024-01-18T10:56:34+00:00","mainEntityOfPage":{"@id":"https:\/\/www.one.org\/de\/neuigkeiten\/die-kaffeesteuer-die-sdgs-wie-eine-faire-steuerpolitik-zu-globaler-gerechtigkeit-beitragt\/"},"wordCount":983,"commentCount":0,"image":{"@id":"https:\/\/www.one.org\/de\/neuigkeiten\/die-kaffeesteuer-die-sdgs-wie-eine-faire-steuerpolitik-zu-globaler-gerechtigkeit-beitragt\/#primaryimage"},"thumbnailUrl":"https:\/\/www.one.org\/de\/wp-content\/uploads\/sites\/3\/2021\/11\/CoffeeTax_1200x1200.png","keywords":["Coffee Tax","Kaffee","Kaffeesteuer"],"inLanguage":"de-DE","potentialAction":[{"@type":"CommentAction","name":"Comment","target":["https:\/\/www.one.org\/de\/neuigkeiten\/die-kaffeesteuer-die-sdgs-wie-eine-faire-steuerpolitik-zu-globaler-gerechtigkeit-beitragt\/#respond"]}]},{"@type":"WebPage","@id":"https:\/\/www.one.org\/de\/neuigkeiten\/die-kaffeesteuer-die-sdgs-wie-eine-faire-steuerpolitik-zu-globaler-gerechtigkeit-beitragt\/","url":"https:\/\/www.one.org\/de\/neuigkeiten\/die-kaffeesteuer-die-sdgs-wie-eine-faire-steuerpolitik-zu-globaler-gerechtigkeit-beitragt\/","name":"Die Kaffeesteuer &amp; die SDGs \u2013 Wie eine faire Steuerpolitik zu Globaler Gerechtigkeit beitr\u00e4gt - ONE.org Deutschland","isPartOf":{"@id":"https:\/\/www.one.org\/de\/#website"},"primaryImageOfPage":{"@id":"https:\/\/www.one.org\/de\/neuigkeiten\/die-kaffeesteuer-die-sdgs-wie-eine-faire-steuerpolitik-zu-globaler-gerechtigkeit-beitragt\/#primaryimage"},"image":{"@id":"https:\/\/www.one.org\/de\/neuigkeiten\/die-kaffeesteuer-die-sdgs-wie-eine-faire-steuerpolitik-zu-globaler-gerechtigkeit-beitragt\/#primaryimage"},"thumbnailUrl":"https:\/\/www.one.org\/de\/wp-content\/uploads\/sites\/3\/2021\/11\/CoffeeTax_1200x1200.png","datePublished":"2021-11-19T16:21:02+00:00","dateModified":"2024-01-18T10:56:34+00:00","author":{"@id":"https:\/\/www.one.org\/de\/#\/schema\/person\/236ef43a079c36667c3f1de2da8e0838"},"breadcrumb":{"@id":"https:\/\/www.one.org\/de\/neuigkeiten\/die-kaffeesteuer-die-sdgs-wie-eine-faire-steuerpolitik-zu-globaler-gerechtigkeit-beitragt\/#breadcrumb"},"inLanguage":"de-DE","potentialAction":[{"@type":"ReadAction","target":["https:\/\/www.one.org\/de\/neuigkeiten\/die-kaffeesteuer-die-sdgs-wie-eine-faire-steuerpolitik-zu-globaler-gerechtigkeit-beitragt\/"]}]},{"@type":"ImageObject","inLanguage":"de-DE","@id":"https:\/\/www.one.org\/de\/neuigkeiten\/die-kaffeesteuer-die-sdgs-wie-eine-faire-steuerpolitik-zu-globaler-gerechtigkeit-beitragt\/#primaryimage","url":"https:\/\/www.one.org\/de\/wp-content\/uploads\/sites\/3\/2021\/11\/CoffeeTax_1200x1200.png","contentUrl":"https:\/\/www.one.org\/de\/wp-content\/uploads\/sites\/3\/2021\/11\/CoffeeTax_1200x1200.png","width":2401,"height":2401},{"@type":"BreadcrumbList","@id":"https:\/\/www.one.org\/de\/neuigkeiten\/die-kaffeesteuer-die-sdgs-wie-eine-faire-steuerpolitik-zu-globaler-gerechtigkeit-beitragt\/#breadcrumb","itemListElement":[{"@type":"ListItem","position":1,"name":"Home","item":"https:\/\/www.one.org\/de\/"},{"@type":"ListItem","position":2,"name":"Die Kaffeesteuer &amp; die SDGs \u2013 Wie eine faire Steuerpolitik zu Globaler Gerechtigkeit beitr\u00e4gt"}]},{"@type":"WebSite","@id":"https:\/\/www.one.org\/de\/#website","url":"https:\/\/www.one.org\/de\/","name":"ONE.org","description":"F\u00fcr mehr wirtschaftliche Chancen und ein starkes Gesundheitswesen in Afrika","potentialAction":[{"@type":"SearchAction","target":{"@type":"EntryPoint","urlTemplate":"https:\/\/www.one.org\/de\/?s={search_term_string}"},"query-input":{"@type":"PropertyValueSpecification","valueRequired":true,"valueName":"search_term_string"}}],"inLanguage":"de-DE"},{"@type":"Person","@id":"https:\/\/www.one.org\/de\/#\/schema\/person\/236ef43a079c36667c3f1de2da8e0838","name":"admin","image":{"@type":"ImageObject","inLanguage":"de-DE","@id":"https:\/\/www.one.org\/de\/#\/schema\/person\/image\/","url":"https:\/\/secure.gravatar.com\/avatar\/2b4204681b789d34ede86a735f8b6378df901f7f7ab7a9ca89af4670b2bb13b8?s=96&d=mm&r=g","contentUrl":"https:\/\/secure.gravatar.com\/avatar\/2b4204681b789d34ede86a735f8b6378df901f7f7ab7a9ca89af4670b2bb13b8?s=96&d=mm&r=g","caption":"admin"},"sameAs":["http:\/\/www.one.org"],"url":"https:\/\/www.one.org\/de\/neuigkeiten\/author\/admin\/"}]}},"distributor_meta":false,"distributor_terms":false,"distributor_media":false,"distributor_original_site_name":"ONE.org Deutschland","distributor_original_site_url":"https:\/\/www.one.org\/de","push-errors":false,"_links":{"self":[{"href":"https:\/\/www.one.org\/de\/wp-json\/wp\/v2\/posts\/167520","targetHints":{"allow":["GET"]}}],"collection":[{"href":"https:\/\/www.one.org\/de\/wp-json\/wp\/v2\/posts"}],"about":[{"href":"https:\/\/www.one.org\/de\/wp-json\/wp\/v2\/types\/post"}],"author":[{"embeddable":true,"href":"https:\/\/www.one.org\/de\/wp-json\/wp\/v2\/users\/1"}],"replies":[{"embeddable":true,"href":"https:\/\/www.one.org\/de\/wp-json\/wp\/v2\/comments?post=167520"}],"version-history":[{"count":0,"href":"https:\/\/www.one.org\/de\/wp-json\/wp\/v2\/posts\/167520\/revisions"}],"wp:featuredmedia":[{"embeddable":true,"href":"https:\/\/www.one.org\/de\/wp-json\/wp\/v2\/media\/168202"}],"wp:attachment":[{"href":"https:\/\/www.one.org\/de\/wp-json\/wp\/v2\/media?parent=167520"}],"wp:term":[{"taxonomy":"category","embeddable":true,"href":"https:\/\/www.one.org\/de\/wp-json\/wp\/v2\/categories?post=167520"},{"taxonomy":"post_tag","embeddable":true,"href":"https:\/\/www.one.org\/de\/wp-json\/wp\/v2\/tags?post=167520"},{"taxonomy":"topic","embeddable":true,"href":"https:\/\/www.one.org\/de\/wp-json\/wp\/v2\/topic?post=167520"},{"taxonomy":"contributor","embeddable":true,"href":"https:\/\/www.one.org\/de\/wp-json\/wp\/v2\/contributor?post=167520"},{"taxonomy":"one_content_audience","embeddable":true,"href":"https:\/\/www.one.org\/de\/wp-json\/wp\/v2\/one_content_audience?post=167520"},{"taxonomy":"one_content_type","embeddable":true,"href":"https:\/\/www.one.org\/de\/wp-json\/wp\/v2\/one_content_type?post=167520"},{"taxonomy":"one_content_tone","embeddable":true,"href":"https:\/\/www.one.org\/de\/wp-json\/wp\/v2\/one_content_tone?post=167520"}],"curies":[{"name":"wp","href":"https:\/\/api.w.org\/{rel}","templated":true}]}}