{"id":167354,"date":"2021-04-30T12:52:34","date_gmt":"2021-04-30T12:52:34","guid":{"rendered":"https:\/\/www.one.org\/de\/jugendbotschafter-marcel-kurzawiak-im-gesprach-mit-neven-subotic\/"},"modified":"2024-01-16T12:25:29","modified_gmt":"2024-01-16T12:25:29","slug":"jugendbotschafter-marcel-kurzawiak-im-gespraech-mit-neven-subotic","status":"publish","type":"post","link":"https:\/\/www.one.org\/de\/neuigkeiten\/jugendbotschafter-marcel-kurzawiak-im-gespraech-mit-neven-subotic\/","title":{"rendered":"Jugendbotschafter Marcel Kurzawiak im Gespr\u00e4ch mit Neven Subotic"},"content":{"rendered":"<p>Neven Subotic, Fu&szlig;ballprofi beim SCR Altach in der &ouml;sterreichischen Fu&szlig;ballbundesliga und deutscher Fu&szlig;ballmeister mit dem BVB 2011 und 2012 hat auch eine eigene Stiftung. Die <a href=\"https:\/\/nevensuboticstiftung.de\/\">Neven Subotic-Stiftung<\/a> realisiert seit November 2012 viele Projekte in &Auml;thiopien. Brunnen und Sanit&auml;ranlagen in Schulen und Gemeinden sollen den Zugang zu sauberem Wasser erm&ouml;glichen und f&uuml;r die Hygiene vor Ort sorgen.<\/p>\n<p>Im Interview sprach ONE-Jugendbotschafter Marcel Kurzawiak mit ihm &uuml;ber seine Arbeit, &uuml;ber die Neven Subotic Stiftung und &uuml;ber seine Botschaft an die Politik. In der Region Tigray in &Auml;thiopien, in der seine Stiftung vor Ort unterst&uuml;tzt, herrscht aktuell ein B&uuml;rgerkrieg, unter dem insbesondere Frauen und M&auml;dchen leiden.<\/p>\n<div id=\"attachment_155312\" style=\"width: 397px\" class=\"wp-caption aligncenter\"><img decoding=\"async\" aria-describedby=\"caption-attachment-155312\" loading=\"lazy\" class=\" wp-image-155312\" src=\"https:\/\/cdn.one.org\/de\/wp-content\/uploads\/2021\/04\/30123631\/Neven-Subotic-640x640.jpg\" alt=\"Neven Subotic \" width=\"387\" height=\"387\"><\/p>\n<p id=\"caption-attachment-155312\" class=\"wp-caption-text\">Neven Subotic im Interview mit ONE-Jugendbotschafter Marcel<\/p>\n<\/div>\n<h3><strong>Marcel: <\/strong><strong>Was ist deine Motivation dich auch neben dem Fu&szlig;ball so einzubringen?<\/strong><\/h3>\n<p><strong>Neven:<\/strong> Also, grunds&auml;tzlich macht mich mein Fu&szlig;ballerberuf nicht aus als Mensch. Es ist eine Sache, die ich mache, weil ich es gerne mache einerseits und weil es auch, ein Beruf und Berufung zum Teil zum gleichen ist.<\/p>\n<p>Viel wichtiger ist, dass ich in erster Linie ein Mensch dieser Welt bin und ich m&ouml;chte dazu beitragen, dass die Gesellschaft insgesamt und vor allem die Bedingungen und die Lebensbedingungen verbessert werden &ndash; dies gezielt in den Regionen und f&uuml;r die Menschen, die noch nicht ihre Menschen- und Naturrechte realisiert haben.<\/p>\n<p>Deshalb ziehe ich daraus eine gro&szlig;e Motivation, denn ich m&ouml;chte in einer Welt leben, in der wir alle viel besser leben, in der wir auch in einer globalen Gesellschaft miteinander leben anstatt gegeneinander und voneinander. Um daf&uuml;r zu sorgen aus dieser Problemlage, die auch vor allem auf den letzten 500 Jahren der Kolonisierung beruht und jetzt auch zum gro&szlig;en Teil auf dem Kapitalismus, m&ouml;chte ich meinen Teil dazu beitragen, dass wir doch alle Lebensumst&auml;nde schaffen so als w&uuml;rden wir selbst in den Schuhen des anderen leben.<\/p>\n<p>Entsprechend dieser Vision einer faireren Welt versuche ich meinen Teil dazu beizutragen.<\/p>\n<h3><strong>Marcel: <\/strong><strong>Was macht deine Stiftung generell? <\/strong><strong>&nbsp;<\/strong><\/h3>\n<p><strong>Neven:<\/strong> Generell setzen wir uns f&uuml;r das Menschenrecht &bdquo;Zugang zu sauberem Wasser&ldquo; ein. Einerseits, weil es ein Menschenrecht ist und andererseits, weil wir es als enorm und auch lebensnotwendig empfinden. Es gibt kaum ein gutes Leben, in dem die Mutter oder die Kinder tagt&auml;glich f&uuml;nf oder sechs Stunden Wasser holen m&uuml;ssen, sondern ist es eine Voraussetzung f&uuml;r ein Leben mit Gesundheit und Bildung und damit auch einer besseren Zukunft.<\/p>\n<p>Deshalb setzen wir da sehr strategisch an und sorgen daf&uuml;r, dass der Bau von Brunnen realisiert wird und das bisher prim&auml;r in &Auml;thiopien, eben in der Tigray-Region.<\/p>\n<p>Dies wird gepaart mit Knowhowtransfer und auch der F&ouml;rderung von Systemen, die daf&uuml;r sorgen, dass der Brunnen nicht nur realisiert, installiert und gebaut wird, sondern dass dieser auch langfristig funktioniert.<\/p>\n<h3><strong>Marcel: <\/strong><strong>Auf welche Erfolge deiner Stiftung bist du besonders stolz?<\/strong><strong>&nbsp;<\/strong><\/h3>\n<p><strong>Neven:<\/strong> Ich tue mich ein bisschen schwer mit dem Begriff von Stolz.<\/p>\n<p>Ich glaube da wo wir sind, ist es auf jeden Fall auch so, dass wir sch&ouml;ne Momente haben, wenn wir vor Ort sind und die Menschen vor Ort dann auch n&auml;her kennen lernen und in unser Herz schlie&szlig;en und sie uns denke ich auch. Das macht uns deutlich, in welcher Welt wir leben und, dass unsere Arbeit dann auch tats&auml;chlich bei den Menschen ankommt. Und davon gibt es jede Menge sch&ouml;ner Geschichten.<\/p>\n<p>Das Beeindruckendste f&uuml;r mich insgesamt war zu sehen, dass gef&uuml;hlt viel mehr getan wird f&uuml;r eine bessere Welt in den Regionen, in denen wir arbeiten, als in den L&auml;ndern, in denen ich lebe.<\/p>\n<p>Das wiederum ist was einerseits Frust schafft, aber auch andererseits enorme Motivation. Um auch hierzulande die Menschen aufzukl&auml;ren &uuml;ber die M&ouml;glichkeiten, die sie haben, sich nicht von der Gesellschaft zu isolieren, sondern ein aktiver Teil davon zu werden.<\/p>\n<h3><strong>Marcel: <\/strong><strong>Wie oft bist du in &Auml;thiopien vor Ort? Warum fokussiert sich deine Stiftung auf &Auml;thiopien und wie beeinflussen die aktuellen politischen Entwicklungen die Stiftungsarbeit dort?<\/strong><\/h3>\n<p><strong>Neven:<\/strong> Ich bin in der Sommer- und Winterpause, das sind die einzigen zwei Pausen, die ich habe im Jahr, vor Ort. Seit der Corona-Pandemie nicht mehr. Daf&uuml;r haben wir aber auch lokal eine Arbeitskraft, die das Management vor Ort &uuml;bernimmt.<\/p>\n<p>Der Grund f&uuml;r &Auml;thiopien war ein rationaler. &Auml;thiopien war bis zum Krieg vom November darauf fokussiert, den Entwicklungsstand zu verbessern, die Armut zu bek&auml;mpfen, vor allem in den l&auml;ndlichen Regionen. Doch seit dem Krieg im November ist man eher weniger auf die Entwicklungsarbeit fokussiert, sondern der Bedarf nach humanit&auml;rer Versorgung ist dramatisch gewachsen. Tigray ist eine Region mit 6 Millionen Menschen, wovon ca. 80 Prozent des Landes nicht zug&auml;nglich ist und entsprechend auch die Menschen nicht mal humanit&auml;re Hilfe erfahren.<\/p>\n<p>Von daher werden wir auch in der nahen Zukunft einerseits helfen die humanit&auml;re Notlage zu mildern und zus&auml;tzlich auch in einem anderen Land aktiv werden, um die Realisierung des Menschenrechts auf Zugang zu sauberem Wasser weiterhin nicht aus dem Fokus zu verlieren.<\/p>\n<p><strong>Marcel:<\/strong><strong> Vielen Dank Neven f&uuml;r das ausf&uuml;hrliche und gute Interview und f&uuml;r deine gro&szlig;artige Arbeit vor allem in &Auml;thiopien. Das sollte Motivation f&uuml;r jeden sein, sich auch gesellschaftlich einzubringen, sich f&uuml;r eine bessere Welt einzusetzen.<\/strong><\/p>\n<p><strong>Das Interview in voller L&auml;nge ist <a href=\"https:\/\/cdn.one.org\/de\/wp-content\/uploads\/2021\/04\/30124558\/Neven-Subotic-Interview.pdf\">hier<\/a>&nbsp;nachzulesen.&nbsp;Wer die Arbeit der Neven Subotic Stiftung weiterverfolgen m&ouml;chte, findet diese auf Facebook sowie Instagram und auch unter <a href=\"https:\/\/nevensuboticstiftung.de\/\">https:\/\/nevensuboticstiftung.de\/<\/a>.<\/strong><\/p>\n<div class=\"buffer\"><\/div>","protected":false},"excerpt":{"rendered":"<p>Neven Subotic, Fu&szlig;ballprofi beim SCR Altach in der &ouml;sterreichischen Fu&szlig;ballbundesliga und deutscher Fu&szlig;ballmeister mit dem BVB 2011 und 2012 hat auch eine eigene Stiftung. Die Neven Subotic-Stiftung realisiert seit November 2012 viele Projekte in &Auml;thiopien. Brunnen und Sanit&auml;ranlagen in Schulen und Gemeinden sollen den Zugang zu sauberem Wasser erm&ouml;glichen und f&uuml;r die Hygiene vor Ort [&hellip;]<\/p>\n","protected":false},"author":1,"featured_media":168534,"comment_status":"open","ping_status":"open","sticky":false,"template":"","format":"standard","meta":{"_acf_changed":false,"_relevanssi_hide_post":"","_relevanssi_hide_content":"","_relevanssi_pin_for_all":"","_relevanssi_pin_keywords":"","_relevanssi_unpin_keywords":"","_relevanssi_related_keywords":"","_relevanssi_related_include_ids":"","_relevanssi_related_exclude_ids":"","_relevanssi_related_no_append":"","_relevanssi_related_not_related":"","_relevanssi_related_posts":"170594,170584,170560,170417,170398,170330","_relevanssi_noindex_reason":"","footnotes":""},"categories":[1],"tags":[162,54],"topic":[37,62],"contributor":[35,52],"one_content_audience":[],"one_content_type":[],"one_content_tone":[],"class_list":["post-167354","post","type-post","status-publish","format-standard","has-post-thumbnail","hentry","category-uncategorized","tag-football","tag-jugendbotschafterinnen","topic-entwicklungszusammenarbeit","topic-wasser-und-sanitare-versorgung","contributor-gast-blogger","contributor-sandra-klaft"],"acf":[],"yoast_head":"<!-- This site is optimized with the Yoast SEO Premium plugin v27.1 (Yoast SEO v27.1.1) - https:\/\/yoast.com\/product\/yoast-seo-premium-wordpress\/ -->\n<title>Jugendbotschafter Marcel Kurzawiak im Gespr\u00e4ch mit Neven Subotic - ONE.org Deutschland<\/title>\n<meta name=\"description\" content=\"Im Interview mit Jugendbotschafter Marcel, spricht Fu\u00dfballprofi Neven Subotic \u00fcber seine Stiftung und Entwicklungszusammenarbeit.\" \/>\n<meta name=\"robots\" content=\"index, follow, max-snippet:-1, max-image-preview:large, max-video-preview:-1\" \/>\n<link rel=\"canonical\" href=\"https:\/\/www.one.org\/de\/neuigkeiten\/jugendbotschafter-marcel-kurzawiak-im-gespraech-mit-neven-subotic\/\" \/>\n<meta property=\"og:locale\" content=\"de_DE\" \/>\n<meta property=\"og:type\" content=\"article\" \/>\n<meta property=\"og:title\" content=\"Jugendbotschafter Marcel Kurzawiak im Gespr\u00e4ch mit Neven Subotic\" \/>\n<meta property=\"og:description\" content=\"Im Interview mit Jugendbotschafter Marcel, spricht Fu\u00dfballprofi Neven Subotic \u00fcber seine Stiftung und Entwicklungszusammenarbeit.\" \/>\n<meta property=\"og:url\" content=\"https:\/\/www.one.org\/de\/neuigkeiten\/jugendbotschafter-marcel-kurzawiak-im-gespraech-mit-neven-subotic\/\" \/>\n<meta property=\"og:site_name\" content=\"ONE.org Deutschland\" \/>\n<meta property=\"article:publisher\" content=\"https:\/\/www.facebook.com\/ONEinNederland\" \/>\n<meta property=\"article:published_time\" content=\"2021-04-30T12:52:34+00:00\" \/>\n<meta property=\"article:modified_time\" content=\"2024-01-16T12:25:29+00:00\" \/>\n<meta property=\"og:image\" content=\"https:\/\/cdn.one.org\/oneorg\/wp-content\/uploads\/sites\/3\/2021\/04\/26111800\/Neven-Subotic-scaled-1.jpg\" \/>\n\t<meta property=\"og:image:width\" content=\"2560\" \/>\n\t<meta property=\"og:image:height\" content=\"2560\" \/>\n\t<meta property=\"og:image:type\" content=\"image\/jpeg\" \/>\n<meta name=\"author\" content=\"admin\" \/>\n<meta name=\"twitter:card\" content=\"summary_large_image\" \/>\n<meta name=\"twitter:creator\" content=\"@ONENederland\" \/>\n<meta name=\"twitter:site\" content=\"@ONENederland\" \/>\n<meta name=\"twitter:label1\" content=\"Written by\" \/>\n\t<meta name=\"twitter:data1\" content=\"admin\" \/>\n\t<meta name=\"twitter:label2\" content=\"Est. reading time\" \/>\n\t<meta name=\"twitter:data2\" content=\"5 minutes\" \/>\n<script type=\"application\/ld+json\" class=\"yoast-schema-graph\">{\"@context\":\"https:\/\/schema.org\",\"@graph\":[{\"@type\":[\"Article\",\"BlogPosting\"],\"@id\":\"https:\/\/www.one.org\/de\/neuigkeiten\/jugendbotschafter-marcel-kurzawiak-im-gespraech-mit-neven-subotic\/#article\",\"isPartOf\":{\"@id\":\"https:\/\/www.one.org\/de\/neuigkeiten\/jugendbotschafter-marcel-kurzawiak-im-gespraech-mit-neven-subotic\/\"},\"author\":{\"name\":\"admin\",\"@id\":\"https:\/\/www.one.org\/de\/#\/schema\/person\/236ef43a079c36667c3f1de2da8e0838\"},\"headline\":\"Jugendbotschafter Marcel Kurzawiak im Gespr\u00e4ch mit Neven Subotic\",\"datePublished\":\"2021-04-30T12:52:34+00:00\",\"dateModified\":\"2024-01-16T12:25:29+00:00\",\"mainEntityOfPage\":{\"@id\":\"https:\/\/www.one.org\/de\/neuigkeiten\/jugendbotschafter-marcel-kurzawiak-im-gespraech-mit-neven-subotic\/\"},\"wordCount\":996,\"commentCount\":0,\"image\":{\"@id\":\"https:\/\/www.one.org\/de\/neuigkeiten\/jugendbotschafter-marcel-kurzawiak-im-gespraech-mit-neven-subotic\/#primaryimage\"},\"thumbnailUrl\":\"https:\/\/www.one.org\/de\/wp-content\/uploads\/sites\/3\/2021\/04\/Neven-Subotic-scaled-1.jpg\",\"keywords\":[\"Football\",\"Jugendbotschafter*innen\"],\"inLanguage\":\"de-DE\",\"potentialAction\":[{\"@type\":\"CommentAction\",\"name\":\"Comment\",\"target\":[\"https:\/\/www.one.org\/de\/neuigkeiten\/jugendbotschafter-marcel-kurzawiak-im-gespraech-mit-neven-subotic\/#respond\"]}]},{\"@type\":\"WebPage\",\"@id\":\"https:\/\/www.one.org\/de\/neuigkeiten\/jugendbotschafter-marcel-kurzawiak-im-gespraech-mit-neven-subotic\/\",\"url\":\"https:\/\/www.one.org\/de\/neuigkeiten\/jugendbotschafter-marcel-kurzawiak-im-gespraech-mit-neven-subotic\/\",\"name\":\"Jugendbotschafter Marcel Kurzawiak im Gespr\u00e4ch mit Neven Subotic - ONE.org Deutschland\",\"isPartOf\":{\"@id\":\"https:\/\/www.one.org\/de\/#website\"},\"primaryImageOfPage\":{\"@id\":\"https:\/\/www.one.org\/de\/neuigkeiten\/jugendbotschafter-marcel-kurzawiak-im-gespraech-mit-neven-subotic\/#primaryimage\"},\"image\":{\"@id\":\"https:\/\/www.one.org\/de\/neuigkeiten\/jugendbotschafter-marcel-kurzawiak-im-gespraech-mit-neven-subotic\/#primaryimage\"},\"thumbnailUrl\":\"https:\/\/www.one.org\/de\/wp-content\/uploads\/sites\/3\/2021\/04\/Neven-Subotic-scaled-1.jpg\",\"datePublished\":\"2021-04-30T12:52:34+00:00\",\"dateModified\":\"2024-01-16T12:25:29+00:00\",\"author\":{\"@id\":\"https:\/\/www.one.org\/de\/#\/schema\/person\/236ef43a079c36667c3f1de2da8e0838\"},\"description\":\"Im Interview mit Jugendbotschafter Marcel, spricht Fu\u00dfballprofi Neven Subotic \u00fcber seine Stiftung und Entwicklungszusammenarbeit.\",\"breadcrumb\":{\"@id\":\"https:\/\/www.one.org\/de\/neuigkeiten\/jugendbotschafter-marcel-kurzawiak-im-gespraech-mit-neven-subotic\/#breadcrumb\"},\"inLanguage\":\"de-DE\",\"potentialAction\":[{\"@type\":\"ReadAction\",\"target\":[\"https:\/\/www.one.org\/de\/neuigkeiten\/jugendbotschafter-marcel-kurzawiak-im-gespraech-mit-neven-subotic\/\"]}]},{\"@type\":\"ImageObject\",\"inLanguage\":\"de-DE\",\"@id\":\"https:\/\/www.one.org\/de\/neuigkeiten\/jugendbotschafter-marcel-kurzawiak-im-gespraech-mit-neven-subotic\/#primaryimage\",\"url\":\"https:\/\/www.one.org\/de\/wp-content\/uploads\/sites\/3\/2021\/04\/Neven-Subotic-scaled-1.jpg\",\"contentUrl\":\"https:\/\/www.one.org\/de\/wp-content\/uploads\/sites\/3\/2021\/04\/Neven-Subotic-scaled-1.jpg\",\"width\":2560,\"height\":2560},{\"@type\":\"BreadcrumbList\",\"@id\":\"https:\/\/www.one.org\/de\/neuigkeiten\/jugendbotschafter-marcel-kurzawiak-im-gespraech-mit-neven-subotic\/#breadcrumb\",\"itemListElement\":[{\"@type\":\"ListItem\",\"position\":1,\"name\":\"Home\",\"item\":\"https:\/\/www.one.org\/de\/\"},{\"@type\":\"ListItem\",\"position\":2,\"name\":\"Jugendbotschafter Marcel Kurzawiak im Gespr\u00e4ch mit Neven Subotic\"}]},{\"@type\":\"WebSite\",\"@id\":\"https:\/\/www.one.org\/de\/#website\",\"url\":\"https:\/\/www.one.org\/de\/\",\"name\":\"ONE.org\",\"description\":\"F\u00fcr mehr wirtschaftliche Chancen und ein starkes Gesundheitswesen in Afrika\",\"potentialAction\":[{\"@type\":\"SearchAction\",\"target\":{\"@type\":\"EntryPoint\",\"urlTemplate\":\"https:\/\/www.one.org\/de\/?s={search_term_string}\"},\"query-input\":{\"@type\":\"PropertyValueSpecification\",\"valueRequired\":true,\"valueName\":\"search_term_string\"}}],\"inLanguage\":\"de-DE\"},{\"@type\":\"Person\",\"@id\":\"https:\/\/www.one.org\/de\/#\/schema\/person\/236ef43a079c36667c3f1de2da8e0838\",\"name\":\"admin\",\"image\":{\"@type\":\"ImageObject\",\"inLanguage\":\"de-DE\",\"@id\":\"https:\/\/www.one.org\/de\/#\/schema\/person\/image\/\",\"url\":\"https:\/\/secure.gravatar.com\/avatar\/2b4204681b789d34ede86a735f8b6378df901f7f7ab7a9ca89af4670b2bb13b8?s=96&d=mm&r=g\",\"contentUrl\":\"https:\/\/secure.gravatar.com\/avatar\/2b4204681b789d34ede86a735f8b6378df901f7f7ab7a9ca89af4670b2bb13b8?s=96&d=mm&r=g\",\"caption\":\"admin\"},\"sameAs\":[\"http:\/\/www.one.org\"],\"url\":\"https:\/\/www.one.org\/de\/neuigkeiten\/author\/admin\/\"}]}<\/script>\n<!-- \/ Yoast SEO Premium plugin. -->","yoast_head_json":{"title":"Jugendbotschafter Marcel Kurzawiak im Gespr\u00e4ch mit Neven Subotic - ONE.org Deutschland","description":"Im Interview mit Jugendbotschafter Marcel, spricht Fu\u00dfballprofi Neven Subotic \u00fcber seine Stiftung und Entwicklungszusammenarbeit.","robots":{"index":"index","follow":"follow","max-snippet":"max-snippet:-1","max-image-preview":"max-image-preview:large","max-video-preview":"max-video-preview:-1"},"canonical":"https:\/\/www.one.org\/de\/neuigkeiten\/jugendbotschafter-marcel-kurzawiak-im-gespraech-mit-neven-subotic\/","og_locale":"de_DE","og_type":"article","og_title":"Jugendbotschafter Marcel Kurzawiak im Gespr\u00e4ch mit Neven Subotic","og_description":"Im Interview mit Jugendbotschafter Marcel, spricht Fu\u00dfballprofi Neven Subotic \u00fcber seine Stiftung und Entwicklungszusammenarbeit.","og_url":"https:\/\/www.one.org\/de\/neuigkeiten\/jugendbotschafter-marcel-kurzawiak-im-gespraech-mit-neven-subotic\/","og_site_name":"ONE.org Deutschland","article_publisher":"https:\/\/www.facebook.com\/ONEinNederland","article_published_time":"2021-04-30T12:52:34+00:00","article_modified_time":"2024-01-16T12:25:29+00:00","og_image":[{"width":2560,"height":2560,"url":"https:\/\/cdn.one.org\/oneorg\/wp-content\/uploads\/sites\/3\/2021\/04\/26111800\/Neven-Subotic-scaled-1.jpg","type":"image\/jpeg"}],"author":"admin","twitter_card":"summary_large_image","twitter_creator":"@ONENederland","twitter_site":"@ONENederland","twitter_misc":{"Written by":"admin","Est. reading time":"5 minutes"},"schema":{"@context":"https:\/\/schema.org","@graph":[{"@type":["Article","BlogPosting"],"@id":"https:\/\/www.one.org\/de\/neuigkeiten\/jugendbotschafter-marcel-kurzawiak-im-gespraech-mit-neven-subotic\/#article","isPartOf":{"@id":"https:\/\/www.one.org\/de\/neuigkeiten\/jugendbotschafter-marcel-kurzawiak-im-gespraech-mit-neven-subotic\/"},"author":{"name":"admin","@id":"https:\/\/www.one.org\/de\/#\/schema\/person\/236ef43a079c36667c3f1de2da8e0838"},"headline":"Jugendbotschafter Marcel Kurzawiak im Gespr\u00e4ch mit Neven Subotic","datePublished":"2021-04-30T12:52:34+00:00","dateModified":"2024-01-16T12:25:29+00:00","mainEntityOfPage":{"@id":"https:\/\/www.one.org\/de\/neuigkeiten\/jugendbotschafter-marcel-kurzawiak-im-gespraech-mit-neven-subotic\/"},"wordCount":996,"commentCount":0,"image":{"@id":"https:\/\/www.one.org\/de\/neuigkeiten\/jugendbotschafter-marcel-kurzawiak-im-gespraech-mit-neven-subotic\/#primaryimage"},"thumbnailUrl":"https:\/\/www.one.org\/de\/wp-content\/uploads\/sites\/3\/2021\/04\/Neven-Subotic-scaled-1.jpg","keywords":["Football","Jugendbotschafter*innen"],"inLanguage":"de-DE","potentialAction":[{"@type":"CommentAction","name":"Comment","target":["https:\/\/www.one.org\/de\/neuigkeiten\/jugendbotschafter-marcel-kurzawiak-im-gespraech-mit-neven-subotic\/#respond"]}]},{"@type":"WebPage","@id":"https:\/\/www.one.org\/de\/neuigkeiten\/jugendbotschafter-marcel-kurzawiak-im-gespraech-mit-neven-subotic\/","url":"https:\/\/www.one.org\/de\/neuigkeiten\/jugendbotschafter-marcel-kurzawiak-im-gespraech-mit-neven-subotic\/","name":"Jugendbotschafter Marcel Kurzawiak im Gespr\u00e4ch mit Neven Subotic - ONE.org Deutschland","isPartOf":{"@id":"https:\/\/www.one.org\/de\/#website"},"primaryImageOfPage":{"@id":"https:\/\/www.one.org\/de\/neuigkeiten\/jugendbotschafter-marcel-kurzawiak-im-gespraech-mit-neven-subotic\/#primaryimage"},"image":{"@id":"https:\/\/www.one.org\/de\/neuigkeiten\/jugendbotschafter-marcel-kurzawiak-im-gespraech-mit-neven-subotic\/#primaryimage"},"thumbnailUrl":"https:\/\/www.one.org\/de\/wp-content\/uploads\/sites\/3\/2021\/04\/Neven-Subotic-scaled-1.jpg","datePublished":"2021-04-30T12:52:34+00:00","dateModified":"2024-01-16T12:25:29+00:00","author":{"@id":"https:\/\/www.one.org\/de\/#\/schema\/person\/236ef43a079c36667c3f1de2da8e0838"},"description":"Im Interview mit Jugendbotschafter Marcel, spricht Fu\u00dfballprofi Neven Subotic \u00fcber seine Stiftung und Entwicklungszusammenarbeit.","breadcrumb":{"@id":"https:\/\/www.one.org\/de\/neuigkeiten\/jugendbotschafter-marcel-kurzawiak-im-gespraech-mit-neven-subotic\/#breadcrumb"},"inLanguage":"de-DE","potentialAction":[{"@type":"ReadAction","target":["https:\/\/www.one.org\/de\/neuigkeiten\/jugendbotschafter-marcel-kurzawiak-im-gespraech-mit-neven-subotic\/"]}]},{"@type":"ImageObject","inLanguage":"de-DE","@id":"https:\/\/www.one.org\/de\/neuigkeiten\/jugendbotschafter-marcel-kurzawiak-im-gespraech-mit-neven-subotic\/#primaryimage","url":"https:\/\/www.one.org\/de\/wp-content\/uploads\/sites\/3\/2021\/04\/Neven-Subotic-scaled-1.jpg","contentUrl":"https:\/\/www.one.org\/de\/wp-content\/uploads\/sites\/3\/2021\/04\/Neven-Subotic-scaled-1.jpg","width":2560,"height":2560},{"@type":"BreadcrumbList","@id":"https:\/\/www.one.org\/de\/neuigkeiten\/jugendbotschafter-marcel-kurzawiak-im-gespraech-mit-neven-subotic\/#breadcrumb","itemListElement":[{"@type":"ListItem","position":1,"name":"Home","item":"https:\/\/www.one.org\/de\/"},{"@type":"ListItem","position":2,"name":"Jugendbotschafter Marcel Kurzawiak im Gespr\u00e4ch mit Neven Subotic"}]},{"@type":"WebSite","@id":"https:\/\/www.one.org\/de\/#website","url":"https:\/\/www.one.org\/de\/","name":"ONE.org","description":"F\u00fcr mehr wirtschaftliche Chancen und ein starkes Gesundheitswesen in Afrika","potentialAction":[{"@type":"SearchAction","target":{"@type":"EntryPoint","urlTemplate":"https:\/\/www.one.org\/de\/?s={search_term_string}"},"query-input":{"@type":"PropertyValueSpecification","valueRequired":true,"valueName":"search_term_string"}}],"inLanguage":"de-DE"},{"@type":"Person","@id":"https:\/\/www.one.org\/de\/#\/schema\/person\/236ef43a079c36667c3f1de2da8e0838","name":"admin","image":{"@type":"ImageObject","inLanguage":"de-DE","@id":"https:\/\/www.one.org\/de\/#\/schema\/person\/image\/","url":"https:\/\/secure.gravatar.com\/avatar\/2b4204681b789d34ede86a735f8b6378df901f7f7ab7a9ca89af4670b2bb13b8?s=96&d=mm&r=g","contentUrl":"https:\/\/secure.gravatar.com\/avatar\/2b4204681b789d34ede86a735f8b6378df901f7f7ab7a9ca89af4670b2bb13b8?s=96&d=mm&r=g","caption":"admin"},"sameAs":["http:\/\/www.one.org"],"url":"https:\/\/www.one.org\/de\/neuigkeiten\/author\/admin\/"}]}},"distributor_meta":false,"distributor_terms":false,"distributor_media":false,"distributor_original_site_name":"ONE.org Deutschland","distributor_original_site_url":"https:\/\/www.one.org\/de","push-errors":false,"_links":{"self":[{"href":"https:\/\/www.one.org\/de\/wp-json\/wp\/v2\/posts\/167354","targetHints":{"allow":["GET"]}}],"collection":[{"href":"https:\/\/www.one.org\/de\/wp-json\/wp\/v2\/posts"}],"about":[{"href":"https:\/\/www.one.org\/de\/wp-json\/wp\/v2\/types\/post"}],"author":[{"embeddable":true,"href":"https:\/\/www.one.org\/de\/wp-json\/wp\/v2\/users\/1"}],"replies":[{"embeddable":true,"href":"https:\/\/www.one.org\/de\/wp-json\/wp\/v2\/comments?post=167354"}],"version-history":[{"count":0,"href":"https:\/\/www.one.org\/de\/wp-json\/wp\/v2\/posts\/167354\/revisions"}],"wp:featuredmedia":[{"embeddable":true,"href":"https:\/\/www.one.org\/de\/wp-json\/wp\/v2\/media\/168534"}],"wp:attachment":[{"href":"https:\/\/www.one.org\/de\/wp-json\/wp\/v2\/media?parent=167354"}],"wp:term":[{"taxonomy":"category","embeddable":true,"href":"https:\/\/www.one.org\/de\/wp-json\/wp\/v2\/categories?post=167354"},{"taxonomy":"post_tag","embeddable":true,"href":"https:\/\/www.one.org\/de\/wp-json\/wp\/v2\/tags?post=167354"},{"taxonomy":"topic","embeddable":true,"href":"https:\/\/www.one.org\/de\/wp-json\/wp\/v2\/topic?post=167354"},{"taxonomy":"contributor","embeddable":true,"href":"https:\/\/www.one.org\/de\/wp-json\/wp\/v2\/contributor?post=167354"},{"taxonomy":"one_content_audience","embeddable":true,"href":"https:\/\/www.one.org\/de\/wp-json\/wp\/v2\/one_content_audience?post=167354"},{"taxonomy":"one_content_type","embeddable":true,"href":"https:\/\/www.one.org\/de\/wp-json\/wp\/v2\/one_content_type?post=167354"},{"taxonomy":"one_content_tone","embeddable":true,"href":"https:\/\/www.one.org\/de\/wp-json\/wp\/v2\/one_content_tone?post=167354"}],"curies":[{"name":"wp","href":"https:\/\/api.w.org\/{rel}","templated":true}]}}