{"id":167335,"date":"2021-04-14T08:05:11","date_gmt":"2021-04-14T08:05:11","guid":{"rendered":"https:\/\/www.one.org\/de\/melde-dich-meine-eindrucke-vom-u-s-power-summit-2021\/"},"modified":"2023-12-08T11:01:16","modified_gmt":"2023-12-08T11:01:16","slug":"meine-eindruecke-vom-power-summit-2021","status":"publish","type":"post","link":"https:\/\/www.one.org\/de\/neuigkeiten\/meine-eindruecke-vom-power-summit-2021\/","title":{"rendered":"Melde dich! \u2013 Meine Eindr\u00fccke vom U.S. Power Summit 2021"},"content":{"rendered":"<p><strong>Unser Jugendbotschafter <em>Patrick<\/em> hat im Fr&uuml;hjahr 2021 am <a href=\"https:\/\/www.one.org\/us\/blog\/one-activists-power-summit-2021\/\">Power Summit<\/a> unserer US-amerikanischen Kolleg*innen teilgenommen und berichtet hier von seinen Eindr&uuml;cken.&nbsp;<\/strong><\/p>\n<p>Zwischen den Klausuren einen Abend lang seine Berliner Wohnung verlassen und an einem Event in den USA teilnehmen? Die Vorstellung gefiel mir und ich sagte dem Event, mit vielen verschiedenen Vortr&auml;gen &uuml;ber die Entwicklungszusammenarbeit, zu.<\/p>\n<h3>Die Welt bei mir zuhause<\/h3>\n<p>Der Abend begann mit amerikanischer Countrymusik, die aus dem Zoomcall auf meinem iPad erschallte und f&uuml;r gute Stimmung bis zum Start sorgte. Es war eine Mischung aus klassisch amerikanischer Countrymusik und R&amp;B, die an diesem Montagabend, zusammen mit dem Schneetreiben auf der Stra&szlig;e, f&uuml;r eine gem&uuml;tliche Stimmung sorgte.<\/p>\n<p><img decoding=\"async\" loading=\"lazy\" class=\"wp-image-155117\" src=\"https:\/\/cdn.one.org\/de\/wp-content\/uploads\/2021\/04\/14072618\/IMG_2680-640x480.jpg\" alt=\"Power Summit\" width=\"382\" height=\"287\"><\/p>\n<p>Das sch&ouml;ne im Lockdown ist, man kann sich die ganze Welt nach Hause holen und f&uuml;r eine bessere Zukunft engagieren, ohne vor die T&uuml;r treten zu m&uuml;ssen.<\/p>\n<p>Nach dem musikalischen Intro startete der Abend, mit einem ersten Vortrag zum Engagement und mit Beispielen von erfolgreichen <a href=\"https:\/\/www.one.org\/international\/take-action\/one-global-activists\/\">Jugendbotschafter*innen aus der ganzen Welt<\/a>. Eine Reihe von bekannten Aktivist*innen entpuppte sich ebenfalls als Mitstreiter*innen von ONE. So zum Beispiel <a href=\"https:\/\/luisaneubauer.com\/\">Luisa Neubauer<\/a> oder <a href=\"https:\/\/ali-can.de\/\">Ali Can<\/a>, die beide politische Debatten pr&auml;gen.<\/p>\n<div id=\"attachment_155118\" style=\"width: 452px\" class=\"wp-caption alignnone\"><img decoding=\"async\" aria-describedby=\"caption-attachment-155118\" loading=\"lazy\" class=\"wp-image-155118\" src=\"https:\/\/cdn.one.org\/de\/wp-content\/uploads\/2021\/04\/14073437\/WhatsApp-Image-2021-02-22-at-19.24.17-1-640x480.jpeg\" alt=\"Power Summit 2021\" width=\"442\" height=\"332\"><\/p>\n<p id=\"caption-attachment-155118\" class=\"wp-caption-text\">Global Activist Pr&auml;sentation beim Power Summit 2021<\/p>\n<\/p><\/div>\n<p>Als n&auml;chstes folgte ein spannender Vortrag von den Vereinten Nationen. Dort wurde der Frage nachgegangen, wie der US-amerikanische Kongress in Zeiten einer neuen US-Administration im Sinne des Gemeinwohls beeinflusst werden kann. Hierbei wurden eifrig Fragen gestellt, da es vor allem als Vorbereitung f&uuml;r die amerikanischen ONE-Aktivist*innen gedacht war, die am kommenden Tag mit <a href=\"https:\/\/twitter.com\/chanchanchepon\/status\/1364225618137608192\">Treffen ihren Abgeordneten im Kongress<\/a> ausgemacht hatten.<\/p>\n<p><img decoding=\"async\" loading=\"lazy\" class=\"wp-image-155120\" src=\"https:\/\/cdn.one.org\/de\/wp-content\/uploads\/2021\/04\/14074249\/Power-Summit.jpg\" alt=\"Power Summit 2021\" width=\"332\" height=\"450\"><\/p>\n<h3>Bildungspolitik im Schneetreiben<\/h3>\n<p>Nach einer kleinen musikalischen Pause, die ich gem&uuml;tlich mit meinem Tee am Fenster sitzend, dem Schneetreiben in der Hauptstadt zusehend verbrachte, ging es nun weiter mit der Globalen Bildungspolitik. Hier wurde uns&nbsp; die <a href=\"https:\/\/www.globalpartnership.org\/\">Global Partnership for Education<\/a> (GPE) vorgestellt. Dabei handelt es sich um ein Gremium das aus der Wirtschaft, von Privatpersonen und Staaten finanziert wird, um Schulbildung in allen Regionen der Welt zu erm&ouml;glichen. Damit Kinder &uuml;berall eine Chance auf das Erlangen von Wissen und Teilhabe haben.<\/p>\n<p>Die momentan laufende Kampagne nennt sich &bdquo;<a href=\"https:\/\/youtu.be\/fx4ktqNiiqo\">Raise your hand<\/a>&ldquo; auf Deutsch &bdquo;Melde dich&ldquo; und spielt dabei auf das Handheben im klassischen Frontalunterricht an.<\/p>\n<p>Bei GPE arbeiten staatliche und privatwirtschaftliche Akteure zusammen. Das ist sinnvoll, denn gemeinsam verf&uuml;gen sie &uuml;ber viel mehr Wissen und Mittel, als wenn jeder f&uuml;r sich alleine versucht etwas umzusetzen. Das ist &auml;hnlich wie bei Gruppenreferaten. Im Team mit klaren Absprachen schafft man deutlich mehr, in k&uuml;rzerer Zeit, mit einer inhaltlich besseren Qualit&auml;t, da jeder seine St&auml;rken einbringt und man zusammenarbeitet.<\/p>\n<p><img decoding=\"async\" loading=\"lazy\" class=\"size-full wp-image-155119\" src=\"https:\/\/cdn.one.org\/de\/wp-content\/uploads\/2021\/04\/14074127\/Unbenannt.jpg\" alt=\"Patrick beim Power Summit\" width=\"301\" height=\"599\"><\/p>\n<h3>Es geht nur gemeinsam <em>&nbsp;<\/em><\/h3>\n<p>Nun lauschte ich diesem Vortrag und mir wurde bewusst, dass selbst dieses Vorgehen, sofern es denn erfolgreich sein wird, fr&uuml;hestens zu Lebzeiten von meinen Kindern seine Fr&uuml;chte tragen wird&hellip; Was mich umso nachdenklicher stimmte, da viele Sch&uuml;ler*innen im Globalen S&uuml;den heutzutage wohl der Chance beraubt sind Schreiben und Lesen zu lernen. Diese Tatsache lag mir schwer im Magen und ich empfand es als ungerecht. Denn so werden sie nie selbst Texte lesen k&ouml;nnen, in denen ihnen jemand zum Beispiel aus Berlin vom Schnee und der idyllischen Stimmung, die sich in der ganzen Stadt breit machte, erz&auml;hlt. Daf&uuml;r k&ouml;nnen wir, wenn wir uns gemeinsam zusammentun, zuh&ouml;ren und bei Bedarf unterst&uuml;tzen. Es ihnen erm&ouml;glichen, dass vielleicht ihre Kinder es ihnen zu Lebzeiten vorlesen k&ouml;nnen. F&uuml;r mich ist das Ansporn genug, gemeinsam politisch daf&uuml;r zu k&auml;mpfen, ihnen die sch&ouml;nen Wintertage in Berlin literarisch erlebbar zu machen. F&uuml;r dich auch?<\/p>\n<p><strong>Falls ja, melde dich! Nicht deine Hand aber bei deinem Abgeordneten per Mail und unterst&uuml;tze uns dabei, dass die heutige Entwicklungszusammenarbeit auch ihren Herausforderungen gerecht wird.<\/strong><\/p>\n<div class=\"buffer\"><\/div>\n<div class=\"buffer\"><\/div>","protected":false},"excerpt":{"rendered":"<p>Unser Jugendbotschafter Patrick hat im Fr&uuml;hjahr 2021 am Power Summit unserer US-amerikanischen Kolleg*innen teilgenommen und berichtet hier von seinen Eindr&uuml;cken.&nbsp; Zwischen den Klausuren einen Abend lang seine Berliner Wohnung verlassen und an einem Event in den USA teilnehmen? Die Vorstellung gefiel mir und ich sagte dem Event, mit vielen verschiedenen Vortr&auml;gen &uuml;ber die Entwicklungszusammenarbeit, zu. [&hellip;]<\/p>\n","protected":false},"author":1,"featured_media":168572,"comment_status":"open","ping_status":"open","sticky":false,"template":"","format":"standard","meta":{"_acf_changed":false,"_relevanssi_hide_post":"","_relevanssi_hide_content":"","_relevanssi_pin_for_all":"","_relevanssi_pin_keywords":"","_relevanssi_unpin_keywords":"","_relevanssi_related_keywords":"","_relevanssi_related_include_ids":"","_relevanssi_related_exclude_ids":"","_relevanssi_related_no_append":"","_relevanssi_related_not_related":"","_relevanssi_related_posts":"167666,169596,169520,167719,167718,167717","_relevanssi_noindex_reason":"","footnotes":""},"categories":[1],"tags":[54,154,155],"topic":[60,48],"contributor":[35,52],"one_content_audience":[],"one_content_type":[],"one_content_tone":[],"class_list":["post-167335","post","type-post","status-publish","format-standard","has-post-thumbnail","hentry","category-uncategorized","tag-jugendbotschafterinnen","tag-one-activists","tag-power-summit","topic-bildung","topic-one-unterstuetzer-innen-in-aktion","contributor-gast-blogger","contributor-sandra-klaft"],"acf":[],"yoast_head":"<!-- This site is optimized with the Yoast SEO Premium plugin v27.1 (Yoast SEO v27.1.1) - https:\/\/yoast.com\/product\/yoast-seo-premium-wordpress\/ -->\n<title>Melde dich! \u2013 Meine Eindr\u00fccke vom U.S. Power Summit 2021 - ONE.org Deutschland<\/title>\n<meta name=\"description\" content=\"Patrick hat im Fr\u00fchjahr 2021 am Power Summit unserer US-amerikanischen Kolleg*innen teilgenommen und berichtet hier von seinen Eindr\u00fccken.\u00a0\" \/>\n<meta name=\"robots\" content=\"index, follow, max-snippet:-1, max-image-preview:large, max-video-preview:-1\" \/>\n<link rel=\"canonical\" href=\"https:\/\/www.one.org\/de\/neuigkeiten\/meine-eindruecke-vom-power-summit-2021\/\" \/>\n<meta property=\"og:locale\" content=\"de_DE\" \/>\n<meta property=\"og:type\" content=\"article\" \/>\n<meta property=\"og:title\" content=\"Melde dich! \u2013 Meine Eindr\u00fccke vom U.S. Power Summit 2021\" \/>\n<meta property=\"og:description\" content=\"Patrick hat im Fr\u00fchjahr 2021 am Power Summit unserer US-amerikanischen Kolleg*innen teilgenommen und berichtet hier von seinen Eindr\u00fccken.\u00a0\" \/>\n<meta property=\"og:url\" content=\"https:\/\/www.one.org\/de\/neuigkeiten\/meine-eindruecke-vom-power-summit-2021\/\" \/>\n<meta property=\"og:site_name\" content=\"ONE.org Deutschland\" \/>\n<meta property=\"article:publisher\" content=\"https:\/\/www.facebook.com\/ONEinNederland\" \/>\n<meta property=\"article:published_time\" content=\"2021-04-14T08:05:11+00:00\" \/>\n<meta property=\"article:modified_time\" content=\"2023-12-08T11:01:16+00:00\" \/>\n<meta property=\"og:image\" content=\"https:\/\/cdn.one.org\/oneorg\/wp-content\/uploads\/sites\/3\/2021\/04\/26111726\/IMG_2680-scaled-1.jpg\" \/>\n\t<meta property=\"og:image:width\" content=\"2560\" \/>\n\t<meta property=\"og:image:height\" content=\"1920\" \/>\n\t<meta property=\"og:image:type\" content=\"image\/jpeg\" \/>\n<meta name=\"author\" content=\"admin\" \/>\n<meta name=\"twitter:card\" content=\"summary_large_image\" \/>\n<meta name=\"twitter:creator\" content=\"@ONENederland\" \/>\n<meta name=\"twitter:site\" content=\"@ONENederland\" \/>\n<meta name=\"twitter:label1\" content=\"Written by\" \/>\n\t<meta name=\"twitter:data1\" content=\"admin\" \/>\n\t<meta name=\"twitter:label2\" content=\"Est. reading time\" \/>\n\t<meta name=\"twitter:data2\" content=\"4 minutes\" \/>\n<script type=\"application\/ld+json\" class=\"yoast-schema-graph\">{\"@context\":\"https:\/\/schema.org\",\"@graph\":[{\"@type\":[\"Article\",\"BlogPosting\"],\"@id\":\"https:\/\/www.one.org\/de\/neuigkeiten\/meine-eindruecke-vom-power-summit-2021\/#article\",\"isPartOf\":{\"@id\":\"https:\/\/www.one.org\/de\/neuigkeiten\/meine-eindruecke-vom-power-summit-2021\/\"},\"author\":{\"name\":\"admin\",\"@id\":\"https:\/\/www.one.org\/de\/#\/schema\/person\/236ef43a079c36667c3f1de2da8e0838\"},\"headline\":\"Melde dich! \u2013 Meine Eindr\u00fccke vom U.S. Power Summit 2021\",\"datePublished\":\"2021-04-14T08:05:11+00:00\",\"dateModified\":\"2023-12-08T11:01:16+00:00\",\"mainEntityOfPage\":{\"@id\":\"https:\/\/www.one.org\/de\/neuigkeiten\/meine-eindruecke-vom-power-summit-2021\/\"},\"wordCount\":699,\"commentCount\":0,\"image\":{\"@id\":\"https:\/\/www.one.org\/de\/neuigkeiten\/meine-eindruecke-vom-power-summit-2021\/#primaryimage\"},\"thumbnailUrl\":\"https:\/\/www.one.org\/de\/wp-content\/uploads\/sites\/3\/2021\/04\/IMG_2680-scaled-1.jpg\",\"keywords\":[\"Jugendbotschafter*innen\",\"ONE Activists\",\"Power Summit\"],\"inLanguage\":\"de-DE\",\"potentialAction\":[{\"@type\":\"CommentAction\",\"name\":\"Comment\",\"target\":[\"https:\/\/www.one.org\/de\/neuigkeiten\/meine-eindruecke-vom-power-summit-2021\/#respond\"]}]},{\"@type\":\"WebPage\",\"@id\":\"https:\/\/www.one.org\/de\/neuigkeiten\/meine-eindruecke-vom-power-summit-2021\/\",\"url\":\"https:\/\/www.one.org\/de\/neuigkeiten\/meine-eindruecke-vom-power-summit-2021\/\",\"name\":\"Melde dich! \u2013 Meine Eindr\u00fccke vom U.S. Power Summit 2021 - ONE.org Deutschland\",\"isPartOf\":{\"@id\":\"https:\/\/www.one.org\/de\/#website\"},\"primaryImageOfPage\":{\"@id\":\"https:\/\/www.one.org\/de\/neuigkeiten\/meine-eindruecke-vom-power-summit-2021\/#primaryimage\"},\"image\":{\"@id\":\"https:\/\/www.one.org\/de\/neuigkeiten\/meine-eindruecke-vom-power-summit-2021\/#primaryimage\"},\"thumbnailUrl\":\"https:\/\/www.one.org\/de\/wp-content\/uploads\/sites\/3\/2021\/04\/IMG_2680-scaled-1.jpg\",\"datePublished\":\"2021-04-14T08:05:11+00:00\",\"dateModified\":\"2023-12-08T11:01:16+00:00\",\"author\":{\"@id\":\"https:\/\/www.one.org\/de\/#\/schema\/person\/236ef43a079c36667c3f1de2da8e0838\"},\"description\":\"Patrick hat im Fr\u00fchjahr 2021 am Power Summit unserer US-amerikanischen Kolleg*innen teilgenommen und berichtet hier von seinen Eindr\u00fccken.\u00a0\",\"breadcrumb\":{\"@id\":\"https:\/\/www.one.org\/de\/neuigkeiten\/meine-eindruecke-vom-power-summit-2021\/#breadcrumb\"},\"inLanguage\":\"de-DE\",\"potentialAction\":[{\"@type\":\"ReadAction\",\"target\":[\"https:\/\/www.one.org\/de\/neuigkeiten\/meine-eindruecke-vom-power-summit-2021\/\"]}]},{\"@type\":\"ImageObject\",\"inLanguage\":\"de-DE\",\"@id\":\"https:\/\/www.one.org\/de\/neuigkeiten\/meine-eindruecke-vom-power-summit-2021\/#primaryimage\",\"url\":\"https:\/\/www.one.org\/de\/wp-content\/uploads\/sites\/3\/2021\/04\/IMG_2680-scaled-1.jpg\",\"contentUrl\":\"https:\/\/www.one.org\/de\/wp-content\/uploads\/sites\/3\/2021\/04\/IMG_2680-scaled-1.jpg\",\"width\":2560,\"height\":1920},{\"@type\":\"BreadcrumbList\",\"@id\":\"https:\/\/www.one.org\/de\/neuigkeiten\/meine-eindruecke-vom-power-summit-2021\/#breadcrumb\",\"itemListElement\":[{\"@type\":\"ListItem\",\"position\":1,\"name\":\"Home\",\"item\":\"https:\/\/www.one.org\/de\/\"},{\"@type\":\"ListItem\",\"position\":2,\"name\":\"Melde dich! \u2013 Meine Eindr\u00fccke vom U.S. Power Summit 2021\"}]},{\"@type\":\"WebSite\",\"@id\":\"https:\/\/www.one.org\/de\/#website\",\"url\":\"https:\/\/www.one.org\/de\/\",\"name\":\"ONE.org\",\"description\":\"F\u00fcr mehr wirtschaftliche Chancen und ein starkes Gesundheitswesen in Afrika\",\"potentialAction\":[{\"@type\":\"SearchAction\",\"target\":{\"@type\":\"EntryPoint\",\"urlTemplate\":\"https:\/\/www.one.org\/de\/?s={search_term_string}\"},\"query-input\":{\"@type\":\"PropertyValueSpecification\",\"valueRequired\":true,\"valueName\":\"search_term_string\"}}],\"inLanguage\":\"de-DE\"},{\"@type\":\"Person\",\"@id\":\"https:\/\/www.one.org\/de\/#\/schema\/person\/236ef43a079c36667c3f1de2da8e0838\",\"name\":\"admin\",\"image\":{\"@type\":\"ImageObject\",\"inLanguage\":\"de-DE\",\"@id\":\"https:\/\/www.one.org\/de\/#\/schema\/person\/image\/\",\"url\":\"https:\/\/secure.gravatar.com\/avatar\/2b4204681b789d34ede86a735f8b6378df901f7f7ab7a9ca89af4670b2bb13b8?s=96&d=mm&r=g\",\"contentUrl\":\"https:\/\/secure.gravatar.com\/avatar\/2b4204681b789d34ede86a735f8b6378df901f7f7ab7a9ca89af4670b2bb13b8?s=96&d=mm&r=g\",\"caption\":\"admin\"},\"sameAs\":[\"http:\/\/www.one.org\"],\"url\":\"https:\/\/www.one.org\/de\/neuigkeiten\/author\/admin\/\"}]}<\/script>\n<!-- \/ Yoast SEO Premium plugin. -->","yoast_head_json":{"title":"Melde dich! \u2013 Meine Eindr\u00fccke vom U.S. Power Summit 2021 - ONE.org Deutschland","description":"Patrick hat im Fr\u00fchjahr 2021 am Power Summit unserer US-amerikanischen Kolleg*innen teilgenommen und berichtet hier von seinen Eindr\u00fccken.\u00a0","robots":{"index":"index","follow":"follow","max-snippet":"max-snippet:-1","max-image-preview":"max-image-preview:large","max-video-preview":"max-video-preview:-1"},"canonical":"https:\/\/www.one.org\/de\/neuigkeiten\/meine-eindruecke-vom-power-summit-2021\/","og_locale":"de_DE","og_type":"article","og_title":"Melde dich! \u2013 Meine Eindr\u00fccke vom U.S. Power Summit 2021","og_description":"Patrick hat im Fr\u00fchjahr 2021 am Power Summit unserer US-amerikanischen Kolleg*innen teilgenommen und berichtet hier von seinen Eindr\u00fccken.\u00a0","og_url":"https:\/\/www.one.org\/de\/neuigkeiten\/meine-eindruecke-vom-power-summit-2021\/","og_site_name":"ONE.org Deutschland","article_publisher":"https:\/\/www.facebook.com\/ONEinNederland","article_published_time":"2021-04-14T08:05:11+00:00","article_modified_time":"2023-12-08T11:01:16+00:00","og_image":[{"width":2560,"height":1920,"url":"https:\/\/cdn.one.org\/oneorg\/wp-content\/uploads\/sites\/3\/2021\/04\/26111726\/IMG_2680-scaled-1.jpg","type":"image\/jpeg"}],"author":"admin","twitter_card":"summary_large_image","twitter_creator":"@ONENederland","twitter_site":"@ONENederland","twitter_misc":{"Written by":"admin","Est. reading time":"4 minutes"},"schema":{"@context":"https:\/\/schema.org","@graph":[{"@type":["Article","BlogPosting"],"@id":"https:\/\/www.one.org\/de\/neuigkeiten\/meine-eindruecke-vom-power-summit-2021\/#article","isPartOf":{"@id":"https:\/\/www.one.org\/de\/neuigkeiten\/meine-eindruecke-vom-power-summit-2021\/"},"author":{"name":"admin","@id":"https:\/\/www.one.org\/de\/#\/schema\/person\/236ef43a079c36667c3f1de2da8e0838"},"headline":"Melde dich! \u2013 Meine Eindr\u00fccke vom U.S. Power Summit 2021","datePublished":"2021-04-14T08:05:11+00:00","dateModified":"2023-12-08T11:01:16+00:00","mainEntityOfPage":{"@id":"https:\/\/www.one.org\/de\/neuigkeiten\/meine-eindruecke-vom-power-summit-2021\/"},"wordCount":699,"commentCount":0,"image":{"@id":"https:\/\/www.one.org\/de\/neuigkeiten\/meine-eindruecke-vom-power-summit-2021\/#primaryimage"},"thumbnailUrl":"https:\/\/www.one.org\/de\/wp-content\/uploads\/sites\/3\/2021\/04\/IMG_2680-scaled-1.jpg","keywords":["Jugendbotschafter*innen","ONE Activists","Power Summit"],"inLanguage":"de-DE","potentialAction":[{"@type":"CommentAction","name":"Comment","target":["https:\/\/www.one.org\/de\/neuigkeiten\/meine-eindruecke-vom-power-summit-2021\/#respond"]}]},{"@type":"WebPage","@id":"https:\/\/www.one.org\/de\/neuigkeiten\/meine-eindruecke-vom-power-summit-2021\/","url":"https:\/\/www.one.org\/de\/neuigkeiten\/meine-eindruecke-vom-power-summit-2021\/","name":"Melde dich! \u2013 Meine Eindr\u00fccke vom U.S. Power Summit 2021 - ONE.org Deutschland","isPartOf":{"@id":"https:\/\/www.one.org\/de\/#website"},"primaryImageOfPage":{"@id":"https:\/\/www.one.org\/de\/neuigkeiten\/meine-eindruecke-vom-power-summit-2021\/#primaryimage"},"image":{"@id":"https:\/\/www.one.org\/de\/neuigkeiten\/meine-eindruecke-vom-power-summit-2021\/#primaryimage"},"thumbnailUrl":"https:\/\/www.one.org\/de\/wp-content\/uploads\/sites\/3\/2021\/04\/IMG_2680-scaled-1.jpg","datePublished":"2021-04-14T08:05:11+00:00","dateModified":"2023-12-08T11:01:16+00:00","author":{"@id":"https:\/\/www.one.org\/de\/#\/schema\/person\/236ef43a079c36667c3f1de2da8e0838"},"description":"Patrick hat im Fr\u00fchjahr 2021 am Power Summit unserer US-amerikanischen Kolleg*innen teilgenommen und berichtet hier von seinen Eindr\u00fccken.\u00a0","breadcrumb":{"@id":"https:\/\/www.one.org\/de\/neuigkeiten\/meine-eindruecke-vom-power-summit-2021\/#breadcrumb"},"inLanguage":"de-DE","potentialAction":[{"@type":"ReadAction","target":["https:\/\/www.one.org\/de\/neuigkeiten\/meine-eindruecke-vom-power-summit-2021\/"]}]},{"@type":"ImageObject","inLanguage":"de-DE","@id":"https:\/\/www.one.org\/de\/neuigkeiten\/meine-eindruecke-vom-power-summit-2021\/#primaryimage","url":"https:\/\/www.one.org\/de\/wp-content\/uploads\/sites\/3\/2021\/04\/IMG_2680-scaled-1.jpg","contentUrl":"https:\/\/www.one.org\/de\/wp-content\/uploads\/sites\/3\/2021\/04\/IMG_2680-scaled-1.jpg","width":2560,"height":1920},{"@type":"BreadcrumbList","@id":"https:\/\/www.one.org\/de\/neuigkeiten\/meine-eindruecke-vom-power-summit-2021\/#breadcrumb","itemListElement":[{"@type":"ListItem","position":1,"name":"Home","item":"https:\/\/www.one.org\/de\/"},{"@type":"ListItem","position":2,"name":"Melde dich! \u2013 Meine Eindr\u00fccke vom U.S. Power Summit 2021"}]},{"@type":"WebSite","@id":"https:\/\/www.one.org\/de\/#website","url":"https:\/\/www.one.org\/de\/","name":"ONE.org","description":"F\u00fcr mehr wirtschaftliche Chancen und ein starkes Gesundheitswesen in Afrika","potentialAction":[{"@type":"SearchAction","target":{"@type":"EntryPoint","urlTemplate":"https:\/\/www.one.org\/de\/?s={search_term_string}"},"query-input":{"@type":"PropertyValueSpecification","valueRequired":true,"valueName":"search_term_string"}}],"inLanguage":"de-DE"},{"@type":"Person","@id":"https:\/\/www.one.org\/de\/#\/schema\/person\/236ef43a079c36667c3f1de2da8e0838","name":"admin","image":{"@type":"ImageObject","inLanguage":"de-DE","@id":"https:\/\/www.one.org\/de\/#\/schema\/person\/image\/","url":"https:\/\/secure.gravatar.com\/avatar\/2b4204681b789d34ede86a735f8b6378df901f7f7ab7a9ca89af4670b2bb13b8?s=96&d=mm&r=g","contentUrl":"https:\/\/secure.gravatar.com\/avatar\/2b4204681b789d34ede86a735f8b6378df901f7f7ab7a9ca89af4670b2bb13b8?s=96&d=mm&r=g","caption":"admin"},"sameAs":["http:\/\/www.one.org"],"url":"https:\/\/www.one.org\/de\/neuigkeiten\/author\/admin\/"}]}},"distributor_meta":false,"distributor_terms":false,"distributor_media":false,"distributor_original_site_name":"ONE.org Deutschland","distributor_original_site_url":"https:\/\/www.one.org\/de","push-errors":false,"_links":{"self":[{"href":"https:\/\/www.one.org\/de\/wp-json\/wp\/v2\/posts\/167335","targetHints":{"allow":["GET"]}}],"collection":[{"href":"https:\/\/www.one.org\/de\/wp-json\/wp\/v2\/posts"}],"about":[{"href":"https:\/\/www.one.org\/de\/wp-json\/wp\/v2\/types\/post"}],"author":[{"embeddable":true,"href":"https:\/\/www.one.org\/de\/wp-json\/wp\/v2\/users\/1"}],"replies":[{"embeddable":true,"href":"https:\/\/www.one.org\/de\/wp-json\/wp\/v2\/comments?post=167335"}],"version-history":[{"count":0,"href":"https:\/\/www.one.org\/de\/wp-json\/wp\/v2\/posts\/167335\/revisions"}],"wp:featuredmedia":[{"embeddable":true,"href":"https:\/\/www.one.org\/de\/wp-json\/wp\/v2\/media\/168572"}],"wp:attachment":[{"href":"https:\/\/www.one.org\/de\/wp-json\/wp\/v2\/media?parent=167335"}],"wp:term":[{"taxonomy":"category","embeddable":true,"href":"https:\/\/www.one.org\/de\/wp-json\/wp\/v2\/categories?post=167335"},{"taxonomy":"post_tag","embeddable":true,"href":"https:\/\/www.one.org\/de\/wp-json\/wp\/v2\/tags?post=167335"},{"taxonomy":"topic","embeddable":true,"href":"https:\/\/www.one.org\/de\/wp-json\/wp\/v2\/topic?post=167335"},{"taxonomy":"contributor","embeddable":true,"href":"https:\/\/www.one.org\/de\/wp-json\/wp\/v2\/contributor?post=167335"},{"taxonomy":"one_content_audience","embeddable":true,"href":"https:\/\/www.one.org\/de\/wp-json\/wp\/v2\/one_content_audience?post=167335"},{"taxonomy":"one_content_type","embeddable":true,"href":"https:\/\/www.one.org\/de\/wp-json\/wp\/v2\/one_content_type?post=167335"},{"taxonomy":"one_content_tone","embeddable":true,"href":"https:\/\/www.one.org\/de\/wp-json\/wp\/v2\/one_content_tone?post=167335"}],"curies":[{"name":"wp","href":"https:\/\/api.w.org\/{rel}","templated":true}]}}