{"id":167225,"date":"2020-12-08T11:19:04","date_gmt":"2020-12-08T11:19:04","guid":{"rendered":"https:\/\/www.one.org\/de\/eu-afrika-partnerschaft-auf-augenhohe\/"},"modified":"2023-11-13T16:04:44","modified_gmt":"2023-11-13T16:04:44","slug":"eu-afrika-partnerschaft-auf-augenhoehe","status":"publish","type":"post","link":"https:\/\/www.one.org\/de\/neuigkeiten\/eu-afrika-partnerschaft-auf-augenhoehe\/","title":{"rendered":"EU-Afrika-Partnerschaft auf Augenh\u00f6he?"},"content":{"rendered":"<p><em>Dies ist ein Gastbeitrag von Nadja Grossenbacher und repr\u00e4sentiert nicht zwingend die Ansichten von ONE. Die Autorin absolviert ein Praktikum im Medien-Team und hat zwei Jahre auf dem afrikanischen Kontinent gelebt.<br \/>\n<\/em><\/p>\n<p><span style=\"font-weight: 400\">\u201eDie EU hat beschlossen, dass heute von hier aus keine Busse fahren\u201c wurde mir mitgeteilt, als ich gerade in den lokalen Bus einsteigen wollte, der mich die wenigen restlichen Kilometer zum Anja Nationalpark in Madagaskar bringen sollte. \u201eWas hat die EU bittesch\u00f6n in Bezug auf den lokalen Busfahrplan Madagaskars zu melden?\u201c fragte sich mein naives Ich. Tats\u00e4chlich hat die EU nicht nur diesbez\u00fcglich ganz sch\u00f6n viel zu melden \u2013 und das nicht nur auf Madagaskar, sondern auf dem gesamten afrikanischen Kontinent.<\/span><\/p>\n<p><img loading=\"lazy\" decoding=\"async\" class=\"aligncenter size-large wp-image-154087\" src=\"https:\/\/cdn.one.org\/de\/wp-content\/uploads\/2020\/11\/24171919\/nadja_madagaskar_anja-nationalpark_katta-640x415.jpg\" alt=\"\" width=\"593\" height=\"385\" \/>\u00a0 \u00a0 \u00a0 \u00a0 \u00a0 \u00a0 \u00a0 \u00a0 \u00a0 \u00a0 \u00a0 \u00a0 \u00a0 \u00a0 \u00a0 \u00a0Bildquelle: \u00a9 Nadja Grossenbacher<\/p>\n<p><b><br \/>\nGerechte Handelspartnerschaften?<\/b><\/p>\n<p><span style=\"font-weight: 400\">Der Erhalt dieser schon fast allumfassend scheinenden Macht, die die ehemaligen Kolonialstaaten nach wie vor auf dem Papier in<\/span><a href=\"https:\/\/www.deutschlandfunk.de\/eu-handelspolitik-was-kommt-nach-cotonou.769.de.html?dram:article_id=479893\"> <i><span style=\"font-weight: 400\">anderer Form<\/span><\/i><\/a><span style=\"font-weight: 400\"> aus\u00fcben, soll wohl sichergestellt werden. Nicht, dass China es wagt, sich zwischen diese Beziehungen zu dr\u00e4ngen und die Rohstoffe des afrikanischen Kontinents gar noch f\u00fcr sich zu beanspruchen. Da muss Europa nochmal schnell reingr\u00e4tschen, um die Machtverh\u00e4ltnisse klarzustellen. 2020 fanden weltweit \u201cblack lives matter\u201d-Proteste statt und postkoloniale Kritik gelangt mehr und mehr in die gesamtgesellschaftliche Debatte. Und dennoch scheint der Gedanke, dass jene L\u00e4nder, die hohe Rohstoffvorkommen haben, auch \u00fcber diese entscheiden und sie zu fairen Preisen verkaufen k\u00f6nnen sollten, wohl noch immer geradezu absurd. F\u00fcr Europa scheint ein fairer Handel zu bedeuten,<\/span><a href=\"https:\/\/www.dw.com\/de\/eu-afrika-beziehungen-das-verlorene-jahr\/a-55595282\"> <i><span style=\"font-weight: 400\">Afrikas Rohstoffe nach wie vor f\u00fcr sich zu beanspruchen, jedoch gleichzeitig Industrieprodukte zu exportieren<\/span><\/i><\/a><span style=\"font-weight: 400\">.<\/span><\/p>\n<p><img loading=\"lazy\" decoding=\"async\" class=\"aligncenter size-large wp-image-154088\" src=\"https:\/\/cdn.one.org\/de\/wp-content\/uploads\/2020\/11\/24172252\/aaron-blanco-tejedor-yH18lOSaZVQ-unsplash-640x427.jpg\" alt=\"\" width=\"593\" height=\"396\" \/>\u00a0 \u00a0 \u00a0 \u00a0 \u00a0 \u00a0 \u00a0 \u00a0 \u00a0 \u00a0 \u00a0 \u00a0 \u00a0 \u00a0 \u00a0Bildquelle: Unsplash \/\/ Aaron Blanco Tejedor<\/p>\n<p><b>Europas Hegemonie<\/b><\/p>\n<p><span style=\"font-weight: 400\">Der Afrika-EU-Gipfel,<\/span><a href=\"https:\/\/www.euractiv.de\/section\/eu-aussenpolitik\/news\/spannungen-in-den-europaeisch-afrikanischen-handelsbeziehungen\/\"> <i><span style=\"font-weight: 400\">der auf 2021 verschoben wurde<\/span><\/i><\/a><span style=\"font-weight: 400\">, k\u00f6nnte M\u00f6glichkeiten bieten, um die Dinge zum Besseren zu wenden. Bis dahin h\u00e4tte Europa auch noch gen\u00fcgend Zeit, ihre Migrationspolitik zu \u00fcberdenken und beispielsweise Menschen aus afrikanischen L\u00e4ndern eine sichere Migration nach Europa zu erm\u00f6glichen. Derzeit wird diese Option gr\u00f6\u00dftenteils lediglich Fachkr\u00e4ften in einem halbwegs machbaren Rahmen geboten \u2013 dabei wird gerade diese Gruppe oft vor Ort mindestens ebenso dringend gebraucht. Deutschland k\u00f6nnte die derzeitige Position als Vorsitz der<\/span> <i><span style=\"font-weight: 400\">EU-Ratspr\u00e4sidentschaft<\/span><\/i> <span style=\"font-weight: 400\">sowie<\/span> <i><span style=\"font-weight: 400\">als nicht-st\u00e4ndiges Mitglied des UN-Sicherheitsrat<\/span><\/i> <span style=\"font-weight: 400\">nutzen, um auf die bisherige und derzeitige soziale und politische Ungleichheit zwischen Europa und Afrika aufmerksam zu machen. Erst, wenn sich diese Schere der Ungleichheit leicht angeglichen hat oder zumindest der Wille Europas da ist, einen tats\u00e4chlichen Schritt auf den afrikanischen Kontinent zuzugehen, kann die Basis f\u00fcr Verhandlungen auf Augenh\u00f6he geschaffen werden. Und genau dieses Outcome fordert auch ONE: eine Afrika-EU-Partnerschaft auf Augenh\u00f6he.<\/span><\/p>\n<p><img loading=\"lazy\" decoding=\"async\" class=\"aligncenter size-large wp-image-154086\" src=\"https:\/\/cdn.one.org\/de\/wp-content\/uploads\/2020\/11\/24171755\/maria-oswalt-pyPm6ofHI6I-unsplash-640x452.jpg\" alt=\"\" width=\"593\" height=\"419\" \/>\u00a0 \u00a0 \u00a0 \u00a0 \u00a0 \u00a0 \u00a0 \u00a0 \u00a0 \u00a0 \u00a0 \u00a0 \u00a0 \u00a0 \u00a0 Bildquelle: Unsplash \/\/ Maria Oswalt<\/p>\n<p><b>Was kann ich im Alltag tun?<\/b><\/p>\n<p><span style=\"font-weight: 400\">Ein Anfang, um eine Partnerschaft auf Augenh\u00f6he auch auf eine politische Ebene zu \u00fcbertragen, k\u00f6nnte es sein, dass jede*r von uns versucht, ein anderes Bild des afrikanischen Kontinents zu etablieren und vor allem die Bewohner*innen des Kontinents auf Augenh\u00f6he mit jenen Europas zu betrachten. Was so einfach und selbstverst\u00e4ndlich klingen mag, scheint gesamtgesellschaftlich leider noch immer realit\u00e4tsfern. Sei der Anfang, setze ein Zeichen, zeige Respekt und lebe Egalit\u00e4t. Wenn wir dies als Gesellschaft schaffen, steigen die Chancen, dass sich diese Werte auch auf die weltpolitische Ebene \u00fcbertragen.<\/span><\/p>\n<p><img loading=\"lazy\" decoding=\"async\" class=\"aligncenter size-large wp-image-154089\" src=\"https:\/\/cdn.one.org\/de\/wp-content\/uploads\/2020\/11\/24172441\/logan-weaver-nEyhFPjEmY8-unsplash-640x960.jpg\" alt=\"\" width=\"593\" height=\"889\" \/>\u00a0 \u00a0 \u00a0 \u00a0 \u00a0 \u00a0 \u00a0 \u00a0 \u00a0 \u00a0 \u00a0 \u00a0 \u00a0 \u00a0 \u00a0Bildquelle: Unsplash \/\/ Logan Weaver<\/p>\n<p>Wie genau der Einfluss der EU auf Madagaskars Busfahrpl\u00e4ne aussieht, ist mir leider bis heute ein R\u00e4tsel. Dass ich dies bis heute weder aufl\u00f6sen noch verstehen konnte, mag aufzeigen, wie intransparent der europ\u00e4ische Einfluss auf dem afrikanischen Kontinent in vielerlei Hinsicht oft noch immer zu sein scheint. Diesbez\u00fcglich f\u00fcr mehr Transparenz zu sorgen, k\u00f6nnte ein erster Schritt sein, um die kleinen und gro\u00dfen R\u00e4tsel um das Mysterium der Wirtschaftsbeziehungen und der tats\u00e4chlichen Machtverh\u00e4ltnisse zwischen Europa und Afrika zu l\u00f6sen.<\/p>\n<div class=\"buffer\"><\/div>","protected":false},"excerpt":{"rendered":"<p>Dies ist ein Gastbeitrag von Nadja Grossenbacher und repr\u00e4sentiert nicht zwingend die Ansichten von ONE. Die Autorin absolviert ein Praktikum im Medien-Team und hat zwei Jahre auf dem afrikanischen Kontinent gelebt. \u201eDie EU hat beschlossen, dass heute von hier aus keine Busse fahren\u201c wurde mir mitgeteilt, als ich gerade in den lokalen Bus einsteigen wollte, [&hellip;]<\/p>\n","protected":false},"author":1,"featured_media":168748,"comment_status":"open","ping_status":"open","sticky":false,"template":"","format":"standard","meta":{"_acf_changed":false,"_relevanssi_hide_post":"","_relevanssi_hide_content":"","_relevanssi_pin_for_all":"","_relevanssi_pin_keywords":"","_relevanssi_unpin_keywords":"","_relevanssi_related_keywords":"","_relevanssi_related_include_ids":"","_relevanssi_related_exclude_ids":"","_relevanssi_related_no_append":"","_relevanssi_related_not_related":"","_relevanssi_related_posts":"167666,169596,169520,167719,167718,167715","_relevanssi_noindex_reason":"","footnotes":""},"categories":[1],"tags":[],"topic":[111,40],"contributor":[120],"one_content_audience":[],"one_content_type":[],"one_content_tone":[],"class_list":["post-167225","post","type-post","status-publish","format-standard","has-post-thumbnail","hentry","category-uncategorized","topic-handel-und-investitionen","topic-politische-analyse","contributor-nadja-grossenbacher"],"acf":[],"yoast_head":"<!-- This site is optimized with the Yoast SEO Premium plugin v27.1 (Yoast SEO v27.1.1) - https:\/\/yoast.com\/product\/yoast-seo-premium-wordpress\/ -->\n<title>EU-Afrika-Partnerschaft auf Augenh\u00f6he? - ONE.org Deutschland<\/title>\n<meta name=\"robots\" content=\"index, follow, max-snippet:-1, max-image-preview:large, max-video-preview:-1\" \/>\n<link rel=\"canonical\" href=\"https:\/\/www.one.org\/de\/neuigkeiten\/eu-afrika-partnerschaft-auf-augenhoehe\/\" \/>\n<meta property=\"og:locale\" content=\"de_DE\" \/>\n<meta property=\"og:type\" content=\"article\" \/>\n<meta property=\"og:title\" content=\"EU-Afrika-Partnerschaft auf Augenh\u00f6he?\" \/>\n<meta property=\"og:description\" content=\"Dies ist ein Gastbeitrag von Nadja Grossenbacher und repr\u00e4sentiert nicht zwingend die Ansichten von ONE. Die Autorin absolviert ein Praktikum im Medien-Team und hat zwei Jahre auf dem afrikanischen Kontinent gelebt. \u201eDie EU hat beschlossen, dass heute von hier aus keine Busse fahren\u201c wurde mir mitgeteilt, als ich gerade in den lokalen Bus einsteigen wollte, [&hellip;]\" \/>\n<meta property=\"og:url\" content=\"https:\/\/www.one.org\/de\/neuigkeiten\/eu-afrika-partnerschaft-auf-augenhoehe\/\" \/>\n<meta property=\"og:site_name\" content=\"ONE.org Deutschland\" \/>\n<meta property=\"article:publisher\" content=\"https:\/\/www.facebook.com\/ONEinNederland\" \/>\n<meta property=\"article:published_time\" content=\"2020-12-08T11:19:04+00:00\" \/>\n<meta property=\"article:modified_time\" content=\"2023-11-13T16:04:44+00:00\" \/>\n<meta property=\"og:image\" content=\"https:\/\/cdn.one.org\/oneorg\/wp-content\/uploads\/sites\/3\/2020\/12\/26102201\/FoodSecurityDataStory_featured.jpeg\" \/>\n\t<meta property=\"og:image:width\" content=\"922\" \/>\n\t<meta property=\"og:image:height\" content=\"922\" \/>\n\t<meta property=\"og:image:type\" content=\"image\/jpeg\" \/>\n<meta name=\"author\" content=\"admin\" \/>\n<meta name=\"twitter:card\" content=\"summary_large_image\" \/>\n<meta name=\"twitter:creator\" content=\"@ONENederland\" \/>\n<meta name=\"twitter:site\" content=\"@ONENederland\" \/>\n<meta name=\"twitter:label1\" content=\"Written by\" \/>\n\t<meta name=\"twitter:data1\" content=\"admin\" \/>\n\t<meta name=\"twitter:label2\" content=\"Est. reading time\" \/>\n\t<meta name=\"twitter:data2\" content=\"4 minutes\" \/>\n<script type=\"application\/ld+json\" class=\"yoast-schema-graph\">{\"@context\":\"https:\/\/schema.org\",\"@graph\":[{\"@type\":[\"Article\",\"BlogPosting\"],\"@id\":\"https:\/\/www.one.org\/de\/neuigkeiten\/eu-afrika-partnerschaft-auf-augenhoehe\/#article\",\"isPartOf\":{\"@id\":\"https:\/\/www.one.org\/de\/neuigkeiten\/eu-afrika-partnerschaft-auf-augenhoehe\/\"},\"author\":{\"name\":\"admin\",\"@id\":\"https:\/\/www.one.org\/de\/#\/schema\/person\/236ef43a079c36667c3f1de2da8e0838\"},\"headline\":\"EU-Afrika-Partnerschaft auf Augenh\u00f6he?\",\"datePublished\":\"2020-12-08T11:19:04+00:00\",\"dateModified\":\"2023-11-13T16:04:44+00:00\",\"mainEntityOfPage\":{\"@id\":\"https:\/\/www.one.org\/de\/neuigkeiten\/eu-afrika-partnerschaft-auf-augenhoehe\/\"},\"wordCount\":628,\"commentCount\":0,\"image\":{\"@id\":\"https:\/\/www.one.org\/de\/neuigkeiten\/eu-afrika-partnerschaft-auf-augenhoehe\/#primaryimage\"},\"thumbnailUrl\":\"https:\/\/www.one.org\/de\/wp-content\/uploads\/sites\/3\/2020\/12\/FoodSecurityDataStory_featured.jpeg\",\"inLanguage\":\"de-DE\",\"potentialAction\":[{\"@type\":\"CommentAction\",\"name\":\"Comment\",\"target\":[\"https:\/\/www.one.org\/de\/neuigkeiten\/eu-afrika-partnerschaft-auf-augenhoehe\/#respond\"]}]},{\"@type\":\"WebPage\",\"@id\":\"https:\/\/www.one.org\/de\/neuigkeiten\/eu-afrika-partnerschaft-auf-augenhoehe\/\",\"url\":\"https:\/\/www.one.org\/de\/neuigkeiten\/eu-afrika-partnerschaft-auf-augenhoehe\/\",\"name\":\"EU-Afrika-Partnerschaft auf Augenh\u00f6he? - ONE.org Deutschland\",\"isPartOf\":{\"@id\":\"https:\/\/www.one.org\/de\/#website\"},\"primaryImageOfPage\":{\"@id\":\"https:\/\/www.one.org\/de\/neuigkeiten\/eu-afrika-partnerschaft-auf-augenhoehe\/#primaryimage\"},\"image\":{\"@id\":\"https:\/\/www.one.org\/de\/neuigkeiten\/eu-afrika-partnerschaft-auf-augenhoehe\/#primaryimage\"},\"thumbnailUrl\":\"https:\/\/www.one.org\/de\/wp-content\/uploads\/sites\/3\/2020\/12\/FoodSecurityDataStory_featured.jpeg\",\"datePublished\":\"2020-12-08T11:19:04+00:00\",\"dateModified\":\"2023-11-13T16:04:44+00:00\",\"author\":{\"@id\":\"https:\/\/www.one.org\/de\/#\/schema\/person\/236ef43a079c36667c3f1de2da8e0838\"},\"breadcrumb\":{\"@id\":\"https:\/\/www.one.org\/de\/neuigkeiten\/eu-afrika-partnerschaft-auf-augenhoehe\/#breadcrumb\"},\"inLanguage\":\"de-DE\",\"potentialAction\":[{\"@type\":\"ReadAction\",\"target\":[\"https:\/\/www.one.org\/de\/neuigkeiten\/eu-afrika-partnerschaft-auf-augenhoehe\/\"]}]},{\"@type\":\"ImageObject\",\"inLanguage\":\"de-DE\",\"@id\":\"https:\/\/www.one.org\/de\/neuigkeiten\/eu-afrika-partnerschaft-auf-augenhoehe\/#primaryimage\",\"url\":\"https:\/\/www.one.org\/de\/wp-content\/uploads\/sites\/3\/2020\/12\/FoodSecurityDataStory_featured.jpeg\",\"contentUrl\":\"https:\/\/www.one.org\/de\/wp-content\/uploads\/sites\/3\/2020\/12\/FoodSecurityDataStory_featured.jpeg\",\"width\":922,\"height\":922},{\"@type\":\"BreadcrumbList\",\"@id\":\"https:\/\/www.one.org\/de\/neuigkeiten\/eu-afrika-partnerschaft-auf-augenhoehe\/#breadcrumb\",\"itemListElement\":[{\"@type\":\"ListItem\",\"position\":1,\"name\":\"Home\",\"item\":\"https:\/\/www.one.org\/de\/\"},{\"@type\":\"ListItem\",\"position\":2,\"name\":\"EU-Afrika-Partnerschaft auf Augenh\u00f6he?\"}]},{\"@type\":\"WebSite\",\"@id\":\"https:\/\/www.one.org\/de\/#website\",\"url\":\"https:\/\/www.one.org\/de\/\",\"name\":\"ONE.org\",\"description\":\"F\u00fcr mehr wirtschaftliche Chancen und ein starkes Gesundheitswesen in Afrika\",\"potentialAction\":[{\"@type\":\"SearchAction\",\"target\":{\"@type\":\"EntryPoint\",\"urlTemplate\":\"https:\/\/www.one.org\/de\/?s={search_term_string}\"},\"query-input\":{\"@type\":\"PropertyValueSpecification\",\"valueRequired\":true,\"valueName\":\"search_term_string\"}}],\"inLanguage\":\"de-DE\"},{\"@type\":\"Person\",\"@id\":\"https:\/\/www.one.org\/de\/#\/schema\/person\/236ef43a079c36667c3f1de2da8e0838\",\"name\":\"admin\",\"image\":{\"@type\":\"ImageObject\",\"inLanguage\":\"de-DE\",\"@id\":\"https:\/\/www.one.org\/de\/#\/schema\/person\/image\/\",\"url\":\"https:\/\/secure.gravatar.com\/avatar\/2b4204681b789d34ede86a735f8b6378df901f7f7ab7a9ca89af4670b2bb13b8?s=96&d=mm&r=g\",\"contentUrl\":\"https:\/\/secure.gravatar.com\/avatar\/2b4204681b789d34ede86a735f8b6378df901f7f7ab7a9ca89af4670b2bb13b8?s=96&d=mm&r=g\",\"caption\":\"admin\"},\"sameAs\":[\"http:\/\/www.one.org\"],\"url\":\"https:\/\/www.one.org\/de\/neuigkeiten\/author\/admin\/\"}]}<\/script>\n<!-- \/ Yoast SEO Premium plugin. -->","yoast_head_json":{"title":"EU-Afrika-Partnerschaft auf Augenh\u00f6he? - ONE.org Deutschland","robots":{"index":"index","follow":"follow","max-snippet":"max-snippet:-1","max-image-preview":"max-image-preview:large","max-video-preview":"max-video-preview:-1"},"canonical":"https:\/\/www.one.org\/de\/neuigkeiten\/eu-afrika-partnerschaft-auf-augenhoehe\/","og_locale":"de_DE","og_type":"article","og_title":"EU-Afrika-Partnerschaft auf Augenh\u00f6he?","og_description":"Dies ist ein Gastbeitrag von Nadja Grossenbacher und repr\u00e4sentiert nicht zwingend die Ansichten von ONE. Die Autorin absolviert ein Praktikum im Medien-Team und hat zwei Jahre auf dem afrikanischen Kontinent gelebt. \u201eDie EU hat beschlossen, dass heute von hier aus keine Busse fahren\u201c wurde mir mitgeteilt, als ich gerade in den lokalen Bus einsteigen wollte, [&hellip;]","og_url":"https:\/\/www.one.org\/de\/neuigkeiten\/eu-afrika-partnerschaft-auf-augenhoehe\/","og_site_name":"ONE.org Deutschland","article_publisher":"https:\/\/www.facebook.com\/ONEinNederland","article_published_time":"2020-12-08T11:19:04+00:00","article_modified_time":"2023-11-13T16:04:44+00:00","og_image":[{"width":922,"height":922,"url":"https:\/\/cdn.one.org\/oneorg\/wp-content\/uploads\/sites\/3\/2020\/12\/26102201\/FoodSecurityDataStory_featured.jpeg","type":"image\/jpeg"}],"author":"admin","twitter_card":"summary_large_image","twitter_creator":"@ONENederland","twitter_site":"@ONENederland","twitter_misc":{"Written by":"admin","Est. reading time":"4 minutes"},"schema":{"@context":"https:\/\/schema.org","@graph":[{"@type":["Article","BlogPosting"],"@id":"https:\/\/www.one.org\/de\/neuigkeiten\/eu-afrika-partnerschaft-auf-augenhoehe\/#article","isPartOf":{"@id":"https:\/\/www.one.org\/de\/neuigkeiten\/eu-afrika-partnerschaft-auf-augenhoehe\/"},"author":{"name":"admin","@id":"https:\/\/www.one.org\/de\/#\/schema\/person\/236ef43a079c36667c3f1de2da8e0838"},"headline":"EU-Afrika-Partnerschaft auf Augenh\u00f6he?","datePublished":"2020-12-08T11:19:04+00:00","dateModified":"2023-11-13T16:04:44+00:00","mainEntityOfPage":{"@id":"https:\/\/www.one.org\/de\/neuigkeiten\/eu-afrika-partnerschaft-auf-augenhoehe\/"},"wordCount":628,"commentCount":0,"image":{"@id":"https:\/\/www.one.org\/de\/neuigkeiten\/eu-afrika-partnerschaft-auf-augenhoehe\/#primaryimage"},"thumbnailUrl":"https:\/\/www.one.org\/de\/wp-content\/uploads\/sites\/3\/2020\/12\/FoodSecurityDataStory_featured.jpeg","inLanguage":"de-DE","potentialAction":[{"@type":"CommentAction","name":"Comment","target":["https:\/\/www.one.org\/de\/neuigkeiten\/eu-afrika-partnerschaft-auf-augenhoehe\/#respond"]}]},{"@type":"WebPage","@id":"https:\/\/www.one.org\/de\/neuigkeiten\/eu-afrika-partnerschaft-auf-augenhoehe\/","url":"https:\/\/www.one.org\/de\/neuigkeiten\/eu-afrika-partnerschaft-auf-augenhoehe\/","name":"EU-Afrika-Partnerschaft auf Augenh\u00f6he? - ONE.org Deutschland","isPartOf":{"@id":"https:\/\/www.one.org\/de\/#website"},"primaryImageOfPage":{"@id":"https:\/\/www.one.org\/de\/neuigkeiten\/eu-afrika-partnerschaft-auf-augenhoehe\/#primaryimage"},"image":{"@id":"https:\/\/www.one.org\/de\/neuigkeiten\/eu-afrika-partnerschaft-auf-augenhoehe\/#primaryimage"},"thumbnailUrl":"https:\/\/www.one.org\/de\/wp-content\/uploads\/sites\/3\/2020\/12\/FoodSecurityDataStory_featured.jpeg","datePublished":"2020-12-08T11:19:04+00:00","dateModified":"2023-11-13T16:04:44+00:00","author":{"@id":"https:\/\/www.one.org\/de\/#\/schema\/person\/236ef43a079c36667c3f1de2da8e0838"},"breadcrumb":{"@id":"https:\/\/www.one.org\/de\/neuigkeiten\/eu-afrika-partnerschaft-auf-augenhoehe\/#breadcrumb"},"inLanguage":"de-DE","potentialAction":[{"@type":"ReadAction","target":["https:\/\/www.one.org\/de\/neuigkeiten\/eu-afrika-partnerschaft-auf-augenhoehe\/"]}]},{"@type":"ImageObject","inLanguage":"de-DE","@id":"https:\/\/www.one.org\/de\/neuigkeiten\/eu-afrika-partnerschaft-auf-augenhoehe\/#primaryimage","url":"https:\/\/www.one.org\/de\/wp-content\/uploads\/sites\/3\/2020\/12\/FoodSecurityDataStory_featured.jpeg","contentUrl":"https:\/\/www.one.org\/de\/wp-content\/uploads\/sites\/3\/2020\/12\/FoodSecurityDataStory_featured.jpeg","width":922,"height":922},{"@type":"BreadcrumbList","@id":"https:\/\/www.one.org\/de\/neuigkeiten\/eu-afrika-partnerschaft-auf-augenhoehe\/#breadcrumb","itemListElement":[{"@type":"ListItem","position":1,"name":"Home","item":"https:\/\/www.one.org\/de\/"},{"@type":"ListItem","position":2,"name":"EU-Afrika-Partnerschaft auf Augenh\u00f6he?"}]},{"@type":"WebSite","@id":"https:\/\/www.one.org\/de\/#website","url":"https:\/\/www.one.org\/de\/","name":"ONE.org","description":"F\u00fcr mehr wirtschaftliche Chancen und ein starkes Gesundheitswesen in Afrika","potentialAction":[{"@type":"SearchAction","target":{"@type":"EntryPoint","urlTemplate":"https:\/\/www.one.org\/de\/?s={search_term_string}"},"query-input":{"@type":"PropertyValueSpecification","valueRequired":true,"valueName":"search_term_string"}}],"inLanguage":"de-DE"},{"@type":"Person","@id":"https:\/\/www.one.org\/de\/#\/schema\/person\/236ef43a079c36667c3f1de2da8e0838","name":"admin","image":{"@type":"ImageObject","inLanguage":"de-DE","@id":"https:\/\/www.one.org\/de\/#\/schema\/person\/image\/","url":"https:\/\/secure.gravatar.com\/avatar\/2b4204681b789d34ede86a735f8b6378df901f7f7ab7a9ca89af4670b2bb13b8?s=96&d=mm&r=g","contentUrl":"https:\/\/secure.gravatar.com\/avatar\/2b4204681b789d34ede86a735f8b6378df901f7f7ab7a9ca89af4670b2bb13b8?s=96&d=mm&r=g","caption":"admin"},"sameAs":["http:\/\/www.one.org"],"url":"https:\/\/www.one.org\/de\/neuigkeiten\/author\/admin\/"}]}},"distributor_meta":false,"distributor_terms":false,"distributor_media":false,"distributor_original_site_name":"ONE.org Deutschland","distributor_original_site_url":"https:\/\/www.one.org\/de","push-errors":false,"_links":{"self":[{"href":"https:\/\/www.one.org\/de\/wp-json\/wp\/v2\/posts\/167225","targetHints":{"allow":["GET"]}}],"collection":[{"href":"https:\/\/www.one.org\/de\/wp-json\/wp\/v2\/posts"}],"about":[{"href":"https:\/\/www.one.org\/de\/wp-json\/wp\/v2\/types\/post"}],"author":[{"embeddable":true,"href":"https:\/\/www.one.org\/de\/wp-json\/wp\/v2\/users\/1"}],"replies":[{"embeddable":true,"href":"https:\/\/www.one.org\/de\/wp-json\/wp\/v2\/comments?post=167225"}],"version-history":[{"count":0,"href":"https:\/\/www.one.org\/de\/wp-json\/wp\/v2\/posts\/167225\/revisions"}],"wp:featuredmedia":[{"embeddable":true,"href":"https:\/\/www.one.org\/de\/wp-json\/wp\/v2\/media\/168748"}],"wp:attachment":[{"href":"https:\/\/www.one.org\/de\/wp-json\/wp\/v2\/media?parent=167225"}],"wp:term":[{"taxonomy":"category","embeddable":true,"href":"https:\/\/www.one.org\/de\/wp-json\/wp\/v2\/categories?post=167225"},{"taxonomy":"post_tag","embeddable":true,"href":"https:\/\/www.one.org\/de\/wp-json\/wp\/v2\/tags?post=167225"},{"taxonomy":"topic","embeddable":true,"href":"https:\/\/www.one.org\/de\/wp-json\/wp\/v2\/topic?post=167225"},{"taxonomy":"contributor","embeddable":true,"href":"https:\/\/www.one.org\/de\/wp-json\/wp\/v2\/contributor?post=167225"},{"taxonomy":"one_content_audience","embeddable":true,"href":"https:\/\/www.one.org\/de\/wp-json\/wp\/v2\/one_content_audience?post=167225"},{"taxonomy":"one_content_type","embeddable":true,"href":"https:\/\/www.one.org\/de\/wp-json\/wp\/v2\/one_content_type?post=167225"},{"taxonomy":"one_content_tone","embeddable":true,"href":"https:\/\/www.one.org\/de\/wp-json\/wp\/v2\/one_content_tone?post=167225"}],"curies":[{"name":"wp","href":"https:\/\/api.w.org\/{rel}","templated":true}]}}