{"id":167200,"date":"2020-10-22T17:23:47","date_gmt":"2020-10-22T17:23:47","guid":{"rendered":"https:\/\/www.one.org\/de\/ein-marathon-zum-schuldenstopp-mit-teiletappen-zum-ziel\/"},"modified":"2024-01-18T11:02:24","modified_gmt":"2024-01-18T11:02:24","slug":"ein-marathon-zum-schuldenstopp","status":"publish","type":"post","link":"https:\/\/www.one.org\/de\/neuigkeiten\/ein-marathon-zum-schuldenstopp\/","title":{"rendered":"Ein Marathon zum Schuldenstopp \u2013 Mit Teiletappen zum Ziel?"},"content":{"rendered":"\n<p>Gemeinsam&nbsp;mit ONE-Unterst\u00fctzer*innen weltweit machen wir uns f\u00fcr einen <strong>Schuldenstopp in den L\u00e4ndern, die am st\u00e4rksten von Armut betroffen sind<\/strong>, stark. Seit Anfang Oktober ist im&nbsp;Marathon zum Schuldenstopp viel passiert&nbsp;\u2013&nbsp;h\u00f6chste Zeit f\u00fcr ein Update.<\/p>\n\n\n\n<p><strong><span class=\"TextRun BCX0 SCXW112055108\" lang=\"DE-DE\" data-contrast=\"auto\"><span class=\"NormalTextRun BCX0 SCXW112055108\">Zun\u00e4chst die\u202f<\/span><\/span><span class=\"TextRun BCX0 SCXW112055108\" lang=\"DE-DE\" data-contrast=\"auto\"><span class=\"NormalTextRun SpellingErrorV2 BCX0 SCXW112055108\">Good<\/span><\/span><span class=\"TextRun BCX0 SCXW112055108\" lang=\"DE-DE\" data-contrast=\"auto\"><span class=\"NormalTextRun BCX0 SCXW112055108\">\u202fNews<\/span><\/span><\/strong><span class=\"TextRun BCX0 SCXW112055108\" lang=\"DE-DE\" data-contrast=\"auto\"><span class=\"NormalTextRun BCX0 SCXW112055108\"><strong>:\u202f<\/strong>Die G20-Finanzminister*innen und\u202f<\/span><\/span><span class=\"TextRun BCX0 SCXW112055108\" lang=\"DE-DE\" data-contrast=\"auto\"><span class=\"NormalTextRun ContextualSpellingAndGrammarErrorV2 BCX0 SCXW112055108\">die Pr\u00e4sident<\/span><\/span><span class=\"TextRun BCX0 SCXW112055108\" lang=\"DE-DE\" data-contrast=\"auto\"><span class=\"NormalTextRun BCX0 SCXW112055108\">*innen der\u202fZentralbanken\u202fkonnten sich auf eine Verl\u00e4ngerung\u202fdes Schuldenstopps\u202feinigen. Die Forderungen nach Schuldenr\u00fcckzahlungen werden\u202fweiter\u202fbis\u202fJuni 2021 ausgesetzt\u202f\u2013\u202fein klares\u202fSignal, den\u202f<\/span><\/span><span class=\"TextRun BCX0 SCXW112055108\" lang=\"DE-DE\" data-contrast=\"auto\"><span class=\"NormalTextRun BCX0 SCXW112055108\">von Armut&nbsp;<\/span><\/span><span class=\"TextRun BCX0 SCXW112055108\" lang=\"DE-DE\" data-contrast=\"auto\"><span class=\"NormalTextRun ContextualSpellingAndGrammarErrorV2 GrammarErrorHighlight BCX0 SCXW112055108\">am st\u00e4rksten betroffenen L\u00e4ndern<\/span><\/span><span class=\"TextRun BCX0 SCXW112055108\" lang=\"DE-DE\" data-contrast=\"auto\"><span class=\"NormalTextRun BCX0 SCXW112055108\">&nbsp;helfen\u202fzu wollen.<\/span><\/span><span class=\"TextRun BCX0 SCXW112055108\" lang=\"DE-DE\" data-contrast=\"auto\"><span class=\"NormalTextRun BCX0 SCXW112055108\">&nbsp;Au\u00dferdem wollen sie im Fr\u00fchjahr \u00fcber eine weitere Verl\u00e4ngerung diskutieren.<\/span><\/span><span class=\"TextRun BCX0 SCXW112055108\" lang=\"DE-DE\" data-contrast=\"auto\"><span class=\"NormalTextRun BCX0 SCXW112055108\">&nbsp;<\/span><\/span><span class=\"TextRun BCX0 SCXW112055108\" lang=\"DE-DE\" data-contrast=\"auto\"><span class=\"NormalTextRun BCX0 SCXW112055108\">&nbsp;<\/span><\/span><span class=\"TextRun BCX0 SCXW112055108\" lang=\"DE-DE\" data-contrast=\"auto\"><span class=\"NormalTextRun BCX0 SCXW112055108\">Mit dem Common Framework&nbsp;<\/span><\/span><span class=\"TextRun BCX0 SCXW112055108\" lang=\"DE-DE\" data-contrast=\"auto\"><span class=\"NormalTextRun SpellingErrorV2 BCX0 SCXW112055108\">for<\/span><\/span><span class=\"TextRun BCX0 SCXW112055108\" lang=\"DE-DE\" data-contrast=\"auto\"><span class=\"NormalTextRun BCX0 SCXW112055108\">&nbsp;<\/span><\/span><span class=\"TextRun BCX0 SCXW112055108\" lang=\"DE-DE\" data-contrast=\"auto\"><span class=\"NormalTextRun SpellingErrorV2 BCX0 SCXW112055108\">Debt<\/span><\/span><span class=\"TextRun BCX0 SCXW112055108\" lang=\"DE-DE\" data-contrast=\"auto\"><span class=\"NormalTextRun BCX0 SCXW112055108\">&nbsp;Treatments haben die G20 zudem ein neues&nbsp;<\/span><\/span><span class=\"TextRun BCX0 SCXW112055108\" lang=\"DE-DE\" data-contrast=\"auto\"><span class=\"NormalTextRun BCX0 SCXW112055108\">Rahmenwerk<\/span><\/span><span class=\"TextRun BCX0 SCXW112055108\" lang=\"DE-DE\" data-contrast=\"auto\"><span class=\"NormalTextRun BCX0 SCXW112055108\">&nbsp;<\/span><\/span><span class=\"TextRun BCX0 SCXW112055108\" lang=\"DE-DE\" data-contrast=\"auto\"><span class=\"NormalTextRun BCX0 SCXW112055108\">geschaffen,&nbsp;<\/span><\/span><span class=\"TextRun BCX0 SCXW112055108\" lang=\"DE-DE\" data-contrast=\"auto\"><span class=\"NormalTextRun BCX0 SCXW112055108\">das<\/span><\/span><span class=\"TextRun BCX0 SCXW112055108\" lang=\"DE-DE\" data-contrast=\"auto\"><span class=\"NormalTextRun BCX0 SCXW112055108\">&nbsp;den L\u00e4ndern, die in Folge von Covid-19 am st\u00e4rksten verschuldet sind,&nbsp;<\/span><\/span><span class=\"TextRun BCX0 SCXW112055108\" lang=\"DE-DE\" data-contrast=\"auto\"><span class=\"NormalTextRun BCX0 SCXW112055108\">weiter&nbsp;<\/span><\/span><span class=\"TextRun BCX0 SCXW112055108\" lang=\"DE-DE\" data-contrast=\"auto\"><span class=\"NormalTextRun BCX0 SCXW112055108\">unterst\u00fctzen<\/span><\/span><span class=\"TextRun BCX0 SCXW112055108\" lang=\"DE-DE\" data-contrast=\"auto\"><span class=\"NormalTextRun BCX0 SCXW112055108\">&nbsp;soll.<\/span><\/span><span class=\"TextRun BCX0 SCXW112055108\" lang=\"DE-DE\" data-contrast=\"auto\"><span class=\"NormalTextRun BCX0 SCXW112055108\">&nbsp;<\/span><\/span><span class=\"EOP TrackedChange BCX0 SCXW112055108\" data-ccp-props=\"{&quot;201341983&quot;:0,&quot;335559739&quot;:160,&quot;335559740&quot;:259}\">&nbsp;<\/span><\/p>\n\n\n\n<p>Auch die Weltbank k\u00fcndigte weitere&nbsp;m\u00f6gliche&nbsp;Covid-19-Soforthilfepakete&nbsp;an.&nbsp;Doch&nbsp;leider konnte&nbsp;sie sich nicht dazu durchringen, ihre Forderungen nach Schuldenr\u00fcckzahlungen einzufrieren. Damit hat die Weltbank ihre Chance vertan, den von Armut am st\u00e4rksten betroffenen L\u00e4ndern schnell und wirksam in dieser weltweiten Pandemie zu helfen \u2013 und wir m\u00fcssen weiter \u00dcberzeugungsarbeit leisten!<\/p>\n\n\n\n<p>Auf dem Weg zu dieser Teiletappe haben wir ein paar ereignisreiche Wochen durchlebt. Hier stellen wir Euch&nbsp;<strong>einige Highlights<\/strong> unserer Kampagne vor.<\/p>\n\n\n\n<h3 class=\"wp-block-heading\" id=\"h-petitionsubergabe-an-das-finanzministerium-eure-unterschriften-haben-das-ermoglicht\">Petitions\u00fcbergabe an das Finanzministerium \u2013 eure Unterschriften haben das erm\u00f6glicht<\/h3>\n\n\n\n<p><span data-contrast=\"auto\">Noch vor dem Treffen der\u202fG20-Finanzminister*innen<\/span><span data-contrast=\"auto\">&nbsp;im Oktober<\/span><span data-contrast=\"auto\">&nbsp;konnten wir<\/span><span data-contrast=\"auto\">&nbsp;unsere<\/span><span data-contrast=\"auto\">&nbsp;<\/span><span data-contrast=\"auto\">gemeinsam<\/span><span data-contrast=\"auto\">e<\/span><span data-contrast=\"auto\">&nbsp;<\/span><span data-contrast=\"auto\">&nbsp;<\/span><span data-contrast=\"auto\">Petition<\/span><span data-contrast=\"auto\">&nbsp;<\/span><span data-contrast=\"auto\">mit\u202f<\/span><a href=\"https:\/\/www.oxfam.de\/spenden?utm_source=google-paid&amp;utm_campaign=OX_Brand%20-%20Dauerspende&amp;utm_wec=11495&amp;utm_source=google-paid&amp;utm_campaign=OX_Brand-Oxfam-Pure&amp;utm_wec=11495&amp;gclid=Cj0KCQjwuL_8BRCXARIsAGiC51Ai9BFjS_JkXPWSt3fTGpRN1WxT1R__95i8k7FaLDsmIw9-W5pDtUwaAkAjEALw_wcB\"><span data-contrast=\"auto\">Oxfam Deutschland<\/span><\/a><span data-contrast=\"auto\">,&nbsp;<\/span><a href=\"https:\/\/secure.avaaz.org\/page\/de\/\"><span data-contrast=\"auto\">Avaaz<\/span><span data-contrast=\"none\">\u202f<\/span><\/a><span data-contrast=\"auto\">und\u202f<\/span><a href=\"https:\/\/erlassjahr.de\/\"><span data-contrast=\"auto\">erlassjahr.de<\/span><\/a><span data-contrast=\"auto\">&nbsp;<\/span><span data-contrast=\"auto\">an Staatssekret\u00e4r\u202fWolfgang Schmidt\u202faus dem Finanzministerium\u202f\u00fcbergeben. Mit \u00fcber 820 000 Unterst\u00fctzer*innen im R\u00fccken\u202fmachten wir deutlich: Wir fordern ein Schuldenmoratorium jetzt! Auch eine prominente Stimme fand sich unter den Unterst\u00fctzer*innen wieder. So appellierte\u202f<\/span><a href=\"https:\/\/twitter.com\/JanJosefLiefers\/status\/1314454569460609029\"><span data-contrast=\"none\">Jan Josef Liefers an Olaf Scholz, dass sich kein Land der Welt zwischen Schuldendienst\u202fund\u202fMenschenleben entscheiden<\/span><span data-contrast=\"none\">&nbsp;m\u00fcssen<\/span><span data-contrast=\"none\">&nbsp;solle<\/span><\/a><span data-contrast=\"auto\">.<\/span><span data-ccp-props=\"{&quot;201341983&quot;:0,&quot;335559739&quot;:160,&quot;335559740&quot;:259}\">&nbsp;<\/span><\/p>\n\n\n\n<p><span data-contrast=\"auto\">Auch in der Presse fanden sich unsere Forderungen wieder: So berichtete\u202fdas\u202f<\/span><i><span data-contrast=\"auto\">Handelsblatt<\/span><\/i><span data-contrast=\"auto\">\u202fim Vorfeld zum Treffen der G20-Finanzminister*innen, dass\u202fnur ein Aussetzen der Schuldenr\u00fcckzahlungen den \u00e4rmsten L\u00e4nder wieder die n\u00f6tige Luft zum Atmen verschafft.\u202fDass hierbei auch\u202fprivate Gl\u00e4ubiger mit eingeschlossen werden m\u00fcssen, wurde ebenso in der Berichterstattung zum\u00a0Treffen der G20-Finanzminister*innen\u00a0im Oktober\u00a0aufgegriffen.\u00a0<\/span><\/p>\n\n\n\n<div id=\"attachment_153675\" class=\"wp-caption aligncenter\" style=\"width: 650px\"><img loading=\"lazy\" decoding=\"async\" class=\"wp-image-153675\" src=\"https:\/\/cdn.one.org\/de\/wp-content\/uploads\/2020\/10\/22095527\/thumbnail-640x360.jpg\" alt=\"\" width=\"640\" height=\"360\" aria-describedby=\"caption-attachment-153675\">\n<p id=\"caption-attachment-153675\" class=\"wp-caption-text\">Petitions\u00fcbergabe an das Finanzministerium. Foto: Mike Auerbach\/Oxfam<\/p>\n<\/div>\n\n\n\n<p>Auch in der Presse fanden sich unsere Forderungen wieder: So berichtete\u00a0das\u00a0<em>Handelsblatt<\/em>\u00a0im Vorfeld zum Treffen der G20-Finanzminister*innen, dass\u00a0nur ein Aussetzen der Schuldenr\u00fcckzahlungen den \u00e4rmsten L\u00e4nder wieder die n\u00f6tige Luft zum Atmen verschafft.\u00a0Dass hierbei auch\u00a0private Gl\u00e4ubiger mit eingeschlossen werden m\u00fcssen, wurde ebenso in der Berichterstattung zum G20-Treffen aufgegriffen.<\/p>\n\n\n\n<h3 class=\"wp-block-heading\" id=\"h-starke-aktion-in-grossbritannien\">Starke Aktion in Gro\u00dfbritannien<\/h3>\n\n\n\n<p><span class=\"TextRun SCXW17220001 BCX0\" lang=\"DE-DE\" data-contrast=\"auto\"><span class=\"NormalTextRun SCXW17220001 BCX0\">Doch nicht nur in Deutschland waren wir&nbsp;<\/span><\/span><span class=\"TextRun SCXW17220001 BCX0\" lang=\"DE-DE\" data-contrast=\"auto\"><span class=\"NormalTextRun SCXW17220001 BCX0\">im Oktober<\/span><\/span><span class=\"TextRun SCXW17220001 BCX0\" lang=\"DE-DE\" data-contrast=\"auto\"><span class=\"NormalTextRun SCXW17220001 BCX0\">&nbsp;aktiv:\u202fSo\u202fkonnten\u202fwir\u202f<\/span><\/span><a class=\"Hyperlink SCXW17220001 BCX0\" href=\"https:\/\/twitter.com\/ONEintheUK\/status\/1316408593692983296\" target=\"_blank\" rel=\"noreferrer noopener\"><span class=\"TextRun Underlined SCXW17220001 BCX0\" lang=\"DE-DE\" data-contrast=\"none\"><span class=\"NormalTextRun SCXW17220001 BCX0\" data-ccp-charstyle=\"Hyperlink\">unsere Petition\u202fkurze Zeit sp\u00e4ter\u202fmit\u202finzwischen\u202f\u00fcber 860 000 Unterschriften<\/span><\/span><\/a><span class=\"TextRun SCXW17220001 BCX0\" lang=\"DE-DE\" data-contrast=\"auto\"><span class=\"NormalTextRun SCXW17220001 BCX0\">\u202fauch an das Finanzministerium Gro\u00dfbritanniens \u00fcbergeben. Gemeinsam und virtuell\u202fwurde dar\u00fcber gesprochen, warum\u202fangesichts von Covid-19\u202fSchuldenerleichterungen\u202fLeben retten\u202fk\u00f6nnen.<\/span><\/span><span class=\"EOP SCXW17220001 BCX0\" data-ccp-props=\"{&quot;201341983&quot;:0,&quot;335559739&quot;:160,&quot;335559740&quot;:259}\">&nbsp;<\/span><\/p>\n\n\n\n<div id=\"attachment_153676\" class=\"wp-caption aligncenter\" style=\"width: 359px\"><img loading=\"lazy\" decoding=\"async\" class=\"wp-image-153676\" src=\"https:\/\/cdn.one.org\/de\/wp-content\/uploads\/2020\/10\/22100042\/GB.png\" alt=\"\" width=\"349\" height=\"388\" aria-describedby=\"caption-attachment-153676\">\n<p id=\"caption-attachment-153676\" class=\"wp-caption-text\">ONE UK \u00fcbergeben Petition mit \u00fcber 860 000 Unterschriften an das Finanzministerium der UK.<\/p>\n<\/div>\n\n\n\n<h3 class=\"wp-block-heading\" id=\"h-bonjour-weltbank-one-in-frankreich-nbsp-goes-nbsp-eiffelturm\">Bonjour, Weltbank \u2013 ONE in Frankreich&nbsp;goes&nbsp;Eiffelturm<\/h3>\n\n\n\n<p>Und auch unser Team in Frankreich&nbsp;lie\u00df sich von Covid-19 nicht aufhalten,&nbsp;f\u00fcr einen&nbsp;Schuldenstopp&nbsp;zu k\u00e4mpfen.&nbsp;<a href=\"https:\/\/twitter.com\/ONE_Fr\/status\/1315963065515552769\">In einem offenen Brief an die Weltbank<\/a>&nbsp;schreibt die&nbsp;ONE-Direktorin Naja&nbsp;Vallaud-Belkacem, dass die Weltbank, private und multilaterale Kreditgeber ihre Forderungen nach Schuldenr\u00fcckzahlungen bis Ende 2021 aussetzen m\u00fcssen.&nbsp;Corona-konform,&nbsp;unter freiem Himmel und&nbsp;mit&nbsp;1,5m-Abstand&nbsp;<a href=\"https:\/\/twitter.com\/ONE_Fr\/status\/1316325971398721537\">unterstrichen die franz\u00f6sischen&nbsp;Kolleginnen&nbsp;unseren&nbsp;Appell&nbsp;an die Weltbank&nbsp;<\/a>eindr\u00fccklich: \u201eVous&nbsp;avez&nbsp;le&nbsp;pouvoir&nbsp;de&nbsp;sauver&nbsp;des&nbsp;vies!\u201c (zu dt.: \u201eSie haben die Macht, Leben zu retten!\u201c)&nbsp;stand auf dem gro\u00dfen Banner&nbsp;vor&nbsp;der&nbsp;weltber\u00fchmten Kulisse des Eiffelturms geschrieben.<\/p>\n\n\n\n<div id=\"attachment_153677\" class=\"wp-caption aligncenter\" style=\"width: 572px\"><img loading=\"lazy\" decoding=\"async\" class=\"wp-image-153677\" src=\"https:\/\/cdn.one.org\/de\/wp-content\/uploads\/2020\/10\/22100356\/EkSCOeRWoAE3Wut-640x427.jpg\" alt=\"\" width=\"562\" height=\"375\" aria-describedby=\"caption-attachment-153677\">\n<p id=\"caption-attachment-153677\" class=\"wp-caption-text\">ONE Frankreich mit klarer Botschaft an die Weltbank.<\/p>\n<\/div>\n\n\n\n<h3 class=\"wp-block-heading\" id=\"h-auch-global-und-virtuell-unsere-one-activists-sind-mit-vollem-einsatz-dabei\">Auch global und virtuell: Unsere ONE Activists sind mit vollem Einsatz dabei!<\/h3>\n\n\n\n<p>Doch was w\u00e4re unser Aktivismus ohne die tatkr\u00e4ftige Unterst\u00fctzung unserer ONE&nbsp;Activists?&nbsp;Sie bilden das Herzst\u00fcck von allem, was wir tun. Daher haben wir einige unserer Global&nbsp;Activists&nbsp;gefragt,&nbsp;<a href=\"https:\/\/www.one.org\/international\/blog\/one-global-activists-debt-suspension\/\">was ihnen die Aussetzung der Schuldenr\u00fcckzahlungen bedeutet und warum sie wichtig ist<\/a>.&nbsp;Wir&nbsp;konnten&nbsp;Stimmen aus den verschiedensten Teilen der Welt einfangen, die sich in einem Punkt alle einig waren:&nbsp;Die globale&nbsp;Pandemie hat bestehende Ungleichheiten weiter versch\u00e4rft. Es liegt jetzt an uns, die f\u00fchrenden Politiker*innen, Weltbank und IWF an ihre Macht und die damit einhergehende Verantwortung zu erinnern.<br>So lie\u00dfen unsere&nbsp;Global&nbsp;Activists&nbsp;ihren Worten auch Taten folgen. Ob per <a href=\"https:\/\/twitter.com\/vittoria_anelli\/status\/1316318434096033792\">Videogespr\u00e4ch<\/a>&nbsp;oder&nbsp;Tweet:&nbsp;Die&nbsp;ONE&nbsp;Activists&nbsp;hatten alle H\u00e4nde voll zu tun, die&nbsp;<a href=\"https:\/\/twitter.com\/scotrun\/status\/1318143430489444352\">Finanzminister*innen ihrer L\u00e4nder<\/a>&nbsp;von einem Schuldenstopp&nbsp;zu \u00fcberzeugen und den n\u00f6tigen Druck&nbsp;auszu\u00fcben. Via Twitter richteten sie sich&nbsp;zudem&nbsp;<a href=\"https:\/\/twitter.com\/angelstorm13\/status\/1318117124460732416\">direkt an die&nbsp;Weltbank und&nbsp;ihren Pr\u00e4sidenten David Malpass<\/a>. Sie&nbsp;erinnerten&nbsp;Malpass&nbsp;an fr\u00fchere Aussagen, in denen er sich f\u00fcr das Aussetzen von Schuldentilgungen aussprach.<\/p>\n\n\n\n<div id=\"attachment_153678\" class=\"wp-caption aligncenter\" style=\"width: 383px\"><img loading=\"lazy\" decoding=\"async\" class=\"wp-image-153678\" src=\"https:\/\/cdn.one.org\/de\/wp-content\/uploads\/2020\/10\/22100754\/IT.png\" alt=\"\" width=\"373\" height=\"411\" aria-describedby=\"caption-attachment-153678\">\n<p id=\"caption-attachment-153678\" class=\"wp-caption-text\">Italienische Aktivist*innen im Gespr\u00e4ch mit Botschafter Pietro Benassi.<\/p>\n<\/div>\n\n\n\n<h3 class=\"wp-block-heading\" id=\"h-unsere-forderungen-leuchten-im-herzen-berlins\">Unsere Forderungen leuchten im Herzen Berlins<\/h3>\n\n\n\n<p><span data-contrast=\"auto\">Das bisherige Highlight in unserem Marathon zum Schuldenstopp war&nbsp;<\/span><span data-contrast=\"auto\">eine<\/span><span data-contrast=\"auto\">&nbsp;Lichtprojektion in Berlin.&nbsp;<\/span><span data-contrast=\"auto\">Bei Dunkelheit zeigten wir den G20-Finan<\/span><span data-contrast=\"auto\">z<\/span><span data-contrast=\"auto\">minister*innen<\/span><span data-contrast=\"auto\">,<\/span><span data-contrast=\"auto\">&nbsp;was in der jetzigen Situation wichtig ist:&nbsp;<\/span><span data-contrast=\"auto\">Die&nbsp;<\/span><span data-contrast=\"auto\">Schuldenr\u00fcckzahlungen<\/span><span data-contrast=\"auto\">&nbsp;<\/span><span data-contrast=\"auto\">f\u00fcr die&nbsp;<\/span><span data-contrast=\"auto\">am&nbsp;<\/span><span data-contrast=\"auto\">s<\/span><span data-contrast=\"auto\">t\u00e4rksten<\/span><span data-contrast=\"auto\">&nbsp;betroffenen L\u00e4ndern<\/span><span data-contrast=\"auto\">&nbsp;bis Ende 2021 aussetzen, damit Covid-19 auf allen Ebenen besiegt wird&nbsp;<\/span><span data-contrast=\"auto\">\u2013<\/span><span data-contrast=\"auto\">&nbsp;wirtschaftlich, sozial und gesundheitlich.&nbsp;<\/span><span data-contrast=\"auto\">Egal ob das Kanzleramt, der Reichstag oder das Finanzministerium, an jeder Wand fanden sich unsere Forderungen wieder.<\/span><span data-ccp-props=\"{&quot;201341983&quot;:0,&quot;335559739&quot;:160,&quot;335559740&quot;:259}\">&nbsp;<\/span><\/p>\n\n\n\n<div id=\"attachment_154001\" class=\"wp-caption aligncenter\" style=\"width: 603px\"><img loading=\"lazy\" decoding=\"async\" class=\"size-large wp-image-154001\" src=\"https:\/\/cdn.one.org\/de\/wp-content\/uploads\/2020\/11\/19081448\/G20_ONE_Videoprojektion_Kanzlerinnenamt_small-1-640x426.jpg\" alt=\"\" width=\"593\" height=\"394\" aria-describedby=\"caption-attachment-154001\">\n<p id=\"caption-attachment-154001\" class=\"wp-caption-text\">Unsere Forderungen leuchten vor dem Bundeskanzleramt. Foto: ONE\/Marco Urban<\/p>\n<\/div>\n\n\n\n<h3 class=\"wp-block-heading\" id=\"h-wie-geht-es-jetzt-weiter\">Wie geht es jetzt weiter?<\/h3>\n\n\n\n<p><span data-contrast=\"auto\">Die Zusage der G20, die Forderungen nach Schuldenr\u00fcckzahlungen bis Juni 2021 einzufrieren, gibt\u202fden\u202f<\/span><span data-contrast=\"auto\">von Armut&nbsp;<\/span><span data-contrast=\"auto\">am St\u00e4rksten<\/span><span data-contrast=\"auto\">&nbsp;betroffenen<\/span><span data-contrast=\"auto\">\u202f<\/span><span data-contrast=\"auto\">L\u00e4ndern&nbsp;<\/span><span data-contrast=\"auto\">die M\u00f6glichkeit, ihren Kampf gegen die Pandemie fortzuf\u00fchren.\u202f<\/span><span data-contrast=\"auto\">Auch das neue Rahmenwerk bildet ein<\/span><span data-contrast=\"auto\">en<\/span><span data-contrast=\"auto\">&nbsp;weiteren Mechanismus, um&nbsp;<\/span><span data-contrast=\"auto\">L\u00e4nder zu unterst\u00fctzen, die durch Covid-19 am st\u00e4rksten verschuldet sind<\/span><span data-contrast=\"auto\">.&nbsp;<\/span><span data-ccp-props=\"{&quot;201341983&quot;:0,&quot;335559739&quot;:160,&quot;335559740&quot;:259}\">&nbsp;<\/span><\/p>\n\n\n\n<p><span data-contrast=\"auto\">D<\/span><span data-contrast=\"auto\">och das reicht noch nicht:&nbsp;<\/span><span data-contrast=\"auto\">Wir fordern&nbsp;<\/span><span data-contrast=\"auto\">ein ambitionierte<\/span><span data-contrast=\"auto\">re<\/span><span data-contrast=\"auto\">s Rahmenwerk<\/span><span data-contrast=\"auto\">,&nbsp;<\/span><span data-contrast=\"auto\">dass<\/span><span data-contrast=\"auto\">private<\/span><span data-contrast=\"auto\">&nbsp;Gl\u00e4ubiger innerhalb dieses Mechanismus zur Teilhabe&nbsp;<\/span><span data-contrast=\"auto\">verpflichtet<\/span><span data-contrast=\"auto\">.<\/span><span data-contrast=\"auto\">&nbsp;Ebenso m\u00fcssen die&nbsp;<\/span><span data-contrast=\"auto\">Schuldenr\u00fcckzahlungen bis&nbsp;<\/span><span data-contrast=\"auto\">mindestens&nbsp;<\/span><span data-contrast=\"auto\">Ende 2021 verl\u00e4ngert werden<\/span><span data-contrast=\"auto\">. Nur das gibt&nbsp;<\/span><span data-contrast=\"auto\">die&nbsp;<\/span><span data-contrast=\"auto\">M\u00f6glichkeit<\/span><span data-contrast=\"auto\">,&nbsp;<\/span><span data-contrast=\"auto\">Staats<\/span><span data-contrast=\"auto\">i<\/span><span data-contrast=\"auto\">nsolvenzen vorzubeugen und nachhaltiges Wirtschaftswachstum auf lange Sich<\/span><span data-contrast=\"auto\">t<\/span><span data-contrast=\"auto\">&nbsp;zu unterst\u00fctzen.<\/span><span data-ccp-props=\"{&quot;201341983&quot;:0,&quot;335559739&quot;:160,&quot;335559740&quot;:259}\">&nbsp;<\/span><\/p>\n\n\n\n<p><span data-contrast=\"auto\">Die Weltbank hingegen konnte sich auf\u202f gar <\/span><span data-contrast=\"auto\">kein Schuldenmoratorium einigen,&nbsp;<\/span><span data-contrast=\"auto\">noch nicht mal ein vor\u00fcbergehendes!&nbsp;<\/span><span data-contrast=\"auto\">Damit hat sie\u202fihre gr\u00f6\u00dfte\u202fChance vertan, den\u202f\u00e4rmsten\u202fL\u00e4ndern der Welt nachhaltig zu helfen.<\/span><span data-ccp-props=\"{&quot;201341983&quot;:0,&quot;335559739&quot;:160,&quot;335559740&quot;:259}\">&nbsp;<\/span><\/p>\n\n\n\n<h3 class=\"wp-block-heading\" id=\"h-jetzt-heisst-es-dran-bleiben\">Jetzt hei\u00dft es: Dran bleiben!<\/h3>\n\n\n\n<p><span data-contrast=\"auto\">Mit Blick auf das bisher Erreichte k\u00f6nnen wir sagen: Die Einigung der G20 zu einer Ausweitung des Schuldenmoratoriums zeigt,\u202f<\/span><b><span data-contrast=\"auto\">was m\u00f6glich ist, wenn Aktivist*innen aus der ganzen Welt zusammenkommen und ihre Kr\u00e4fte b\u00fcndeln<\/span><\/b><span data-contrast=\"auto\">.&nbsp;<\/span><span data-ccp-props=\"{&quot;201341983&quot;:0,&quot;335559739&quot;:160,&quot;335559740&quot;:259}\">&nbsp;<\/span><\/p>\n\n\n\n<p><span data-contrast=\"auto\">Und auch wenn wir einen guten Start hingelegt haben: Die Einigung<\/span><span data-contrast=\"auto\">&nbsp;der G20<\/span><span data-contrast=\"auto\">&nbsp;im November wird nicht ausreichen, um die gesamte Reichweite der wirtschaftlichen Folgen von Covid-19 abzufedern.&nbsp;<\/span><span data-contrast=\"auto\">Die G20-Pr\u00e4sidentschaft wird nun durch Italien&nbsp;<\/span><span data-contrast=\"auto\">fortgef\u00fchrt<\/span><span data-contrast=\"auto\">.<\/span><span data-contrast=\"auto\">&nbsp;<\/span><span data-contrast=\"auto\">F<\/span><span data-contrast=\"auto\">\u00fcr uns hei\u00dft&nbsp;<\/span><span data-contrast=\"auto\">da<\/span><span data-contrast=\"auto\">s: Auch in 2021&nbsp;<\/span><span data-contrast=\"auto\">dranbleiben<\/span><span data-contrast=\"auto\">!&nbsp;<\/span><span data-contrast=\"auto\">Denn: G20, Weltbank und private Gl\u00e4ubiger m\u00fcssen ihre Schuldenr\u00fcckforderungen bis mindestens<\/span><span data-contrast=\"auto\">&nbsp;Ende 2021 aussetzen und so der sich abzeichnenden Welle an Schuldenkrisen vorbeugen.<\/span> <b><span data-contrast=\"auto\">Hoffentlich\u202funterst\u00fctzt Du uns&nbsp;<\/span><\/b><b><span data-contrast=\"auto\">dabei!!<\/span><\/b><span data-ccp-props=\"{&quot;201341983&quot;:0,&quot;335559739&quot;:160,&quot;335559740&quot;:259}\">&nbsp;<\/span><\/p>\n\n\n\n<figure class=\"wp-block-image aligncenter\"><img decoding=\"async\" src=\"https:\/\/cdn.one.org\/de\/wp-content\/uploads\/2020\/10\/22101336\/danke-640x320.png\" alt=\"\" class=\"wp-image-153680\" \/><\/figure>\n\n\n\n<p><strong>Ohne Euch w\u00e4re das nicht m\u00f6glich gewesen! Wir m\u00f6chten uns deshalb bei unseren \u00fcber 70 000 Unterst\u00fctzer*innen bedanken, die unsere Petition\u00a0unterzeichnet haben.<\/strong><\/p>\n\n\n\n<div class=\"buffer\">&nbsp;<\/div>\n<div class=\"buffer\"><\/div>","protected":false},"excerpt":{"rendered":"<p>Gemeinsam&nbsp;mit ONE-Unterst\u00fctzer*innen weltweit machen wir uns f\u00fcr einen Schuldenstopp in den L\u00e4ndern, die am st\u00e4rksten von Armut betroffen sind, stark. Seit Anfang Oktober ist im&nbsp;Marathon zum Schuldenstopp viel passiert&nbsp;\u2013&nbsp;h\u00f6chste Zeit f\u00fcr ein Update. Zun\u00e4chst die\u202fGood\u202fNews:\u202fDie G20-Finanzminister*innen und\u202fdie Pr\u00e4sident*innen der\u202fZentralbanken\u202fkonnten sich auf eine Verl\u00e4ngerung\u202fdes Schuldenstopps\u202feinigen. Die Forderungen nach Schuldenr\u00fcckzahlungen werden\u202fweiter\u202fbis\u202fJuni 2021 ausgesetzt\u202f\u2013\u202fein klares\u202fSignal, den\u202fvon Armut&nbsp;am st\u00e4rksten [&hellip;]<\/p>\n","protected":false},"author":1,"featured_media":168838,"comment_status":"open","ping_status":"open","sticky":false,"template":"","format":"standard","meta":{"_acf_changed":false,"_relevanssi_hide_post":"","_relevanssi_hide_content":"","_relevanssi_pin_for_all":"","_relevanssi_pin_keywords":"","_relevanssi_unpin_keywords":"","_relevanssi_related_keywords":"","_relevanssi_related_include_ids":"","_relevanssi_related_exclude_ids":"","_relevanssi_related_no_append":"","_relevanssi_related_not_related":"","_relevanssi_related_posts":"170931,170894,170594,170584,170560,170417","_relevanssi_noindex_reason":"","footnotes":""},"categories":[1],"tags":[],"topic":[50,48,75],"contributor":[126],"one_content_audience":[],"one_content_type":[],"one_content_tone":[],"class_list":["post-167200","post","type-post","status-publish","format-standard","has-post-thumbnail","hentry","category-uncategorized","topic-covid-19","topic-one-unterstuetzer-innen-in-aktion","topic-schulden","contributor-lisa-marie-fuchs"],"acf":[],"yoast_head":"<!-- This site is optimized with the Yoast SEO Premium plugin v27.1 (Yoast SEO v27.1.1) - https:\/\/yoast.com\/product\/yoast-seo-premium-wordpress\/ -->\n<title>Ein Marathon zum Schuldenstopp \u2013 Mit Teiletappen zum Ziel? - ONE.org Deutschland<\/title>\n<meta name=\"description\" content=\"Im Oktober ist viel im Marathon zum Schuldenstopp f\u00fcr die \u00e4rmsten L\u00e4nder passiert. Ein guter Grund auf die Highlights unserer Kampagne zur\u00fcckzuschauen.\" \/>\n<meta name=\"robots\" content=\"index, follow, max-snippet:-1, max-image-preview:large, max-video-preview:-1\" \/>\n<link rel=\"canonical\" href=\"https:\/\/www.one.org\/de\/neuigkeiten\/ein-marathon-zum-schuldenstopp\/\" \/>\n<meta property=\"og:locale\" content=\"de_DE\" \/>\n<meta property=\"og:type\" content=\"article\" \/>\n<meta property=\"og:title\" content=\"Ein Marathon zum Schuldenstopp \u2013 Mit Teiletappen zum Ziel?\" \/>\n<meta property=\"og:description\" content=\"Im Oktober ist viel im Marathon zum Schuldenstopp f\u00fcr die \u00e4rmsten L\u00e4nder passiert. Ein guter Grund auf die Highlights unserer Kampagne zur\u00fcckzuschauen.\" \/>\n<meta property=\"og:url\" content=\"https:\/\/www.one.org\/de\/neuigkeiten\/ein-marathon-zum-schuldenstopp\/\" \/>\n<meta property=\"og:site_name\" content=\"ONE.org Deutschland\" \/>\n<meta property=\"article:publisher\" content=\"https:\/\/www.facebook.com\/ONEinNederland\" \/>\n<meta property=\"article:published_time\" content=\"2020-10-22T17:23:47+00:00\" \/>\n<meta property=\"article:modified_time\" content=\"2024-01-18T11:02:24+00:00\" \/>\n<meta property=\"og:image\" content=\"https:\/\/cdn.one.org\/oneorg\/wp-content\/uploads\/sites\/3\/2020\/10\/26102039\/aufmacher.png\" \/>\n\t<meta property=\"og:image:width\" content=\"1070\" \/>\n\t<meta property=\"og:image:height\" content=\"560\" \/>\n\t<meta property=\"og:image:type\" content=\"image\/png\" \/>\n<meta name=\"author\" content=\"admin\" \/>\n<meta name=\"twitter:card\" content=\"summary_large_image\" \/>\n<meta name=\"twitter:creator\" content=\"@ONENederland\" \/>\n<meta name=\"twitter:site\" content=\"@ONENederland\" \/>\n<meta name=\"twitter:label1\" content=\"Written by\" \/>\n\t<meta name=\"twitter:data1\" content=\"admin\" \/>\n\t<meta name=\"twitter:label2\" content=\"Est. reading time\" \/>\n\t<meta name=\"twitter:data2\" content=\"7 minutes\" \/>\n<script type=\"application\/ld+json\" class=\"yoast-schema-graph\">{\"@context\":\"https:\/\/schema.org\",\"@graph\":[{\"@type\":[\"Article\",\"BlogPosting\"],\"@id\":\"https:\/\/www.one.org\/de\/neuigkeiten\/ein-marathon-zum-schuldenstopp\/#article\",\"isPartOf\":{\"@id\":\"https:\/\/www.one.org\/de\/neuigkeiten\/ein-marathon-zum-schuldenstopp\/\"},\"author\":{\"name\":\"admin\",\"@id\":\"https:\/\/www.one.org\/de\/#\/schema\/person\/236ef43a079c36667c3f1de2da8e0838\"},\"headline\":\"Ein Marathon zum Schuldenstopp \u2013 Mit Teiletappen zum Ziel?\",\"datePublished\":\"2020-10-22T17:23:47+00:00\",\"dateModified\":\"2024-01-18T11:02:24+00:00\",\"mainEntityOfPage\":{\"@id\":\"https:\/\/www.one.org\/de\/neuigkeiten\/ein-marathon-zum-schuldenstopp\/\"},\"wordCount\":1370,\"commentCount\":0,\"image\":{\"@id\":\"https:\/\/www.one.org\/de\/neuigkeiten\/ein-marathon-zum-schuldenstopp\/#primaryimage\"},\"thumbnailUrl\":\"https:\/\/www.one.org\/de\/wp-content\/uploads\/sites\/3\/2020\/10\/aufmacher.png\",\"inLanguage\":\"de-DE\",\"potentialAction\":[{\"@type\":\"CommentAction\",\"name\":\"Comment\",\"target\":[\"https:\/\/www.one.org\/de\/neuigkeiten\/ein-marathon-zum-schuldenstopp\/#respond\"]}]},{\"@type\":\"WebPage\",\"@id\":\"https:\/\/www.one.org\/de\/neuigkeiten\/ein-marathon-zum-schuldenstopp\/\",\"url\":\"https:\/\/www.one.org\/de\/neuigkeiten\/ein-marathon-zum-schuldenstopp\/\",\"name\":\"Ein Marathon zum Schuldenstopp \u2013 Mit Teiletappen zum Ziel? - ONE.org Deutschland\",\"isPartOf\":{\"@id\":\"https:\/\/www.one.org\/de\/#website\"},\"primaryImageOfPage\":{\"@id\":\"https:\/\/www.one.org\/de\/neuigkeiten\/ein-marathon-zum-schuldenstopp\/#primaryimage\"},\"image\":{\"@id\":\"https:\/\/www.one.org\/de\/neuigkeiten\/ein-marathon-zum-schuldenstopp\/#primaryimage\"},\"thumbnailUrl\":\"https:\/\/www.one.org\/de\/wp-content\/uploads\/sites\/3\/2020\/10\/aufmacher.png\",\"datePublished\":\"2020-10-22T17:23:47+00:00\",\"dateModified\":\"2024-01-18T11:02:24+00:00\",\"author\":{\"@id\":\"https:\/\/www.one.org\/de\/#\/schema\/person\/236ef43a079c36667c3f1de2da8e0838\"},\"description\":\"Im Oktober ist viel im Marathon zum Schuldenstopp f\u00fcr die \u00e4rmsten L\u00e4nder passiert. Ein guter Grund auf die Highlights unserer Kampagne zur\u00fcckzuschauen.\",\"breadcrumb\":{\"@id\":\"https:\/\/www.one.org\/de\/neuigkeiten\/ein-marathon-zum-schuldenstopp\/#breadcrumb\"},\"inLanguage\":\"de-DE\",\"potentialAction\":[{\"@type\":\"ReadAction\",\"target\":[\"https:\/\/www.one.org\/de\/neuigkeiten\/ein-marathon-zum-schuldenstopp\/\"]}]},{\"@type\":\"ImageObject\",\"inLanguage\":\"de-DE\",\"@id\":\"https:\/\/www.one.org\/de\/neuigkeiten\/ein-marathon-zum-schuldenstopp\/#primaryimage\",\"url\":\"https:\/\/www.one.org\/de\/wp-content\/uploads\/sites\/3\/2020\/10\/aufmacher.png\",\"contentUrl\":\"https:\/\/www.one.org\/de\/wp-content\/uploads\/sites\/3\/2020\/10\/aufmacher.png\",\"width\":1070,\"height\":560},{\"@type\":\"BreadcrumbList\",\"@id\":\"https:\/\/www.one.org\/de\/neuigkeiten\/ein-marathon-zum-schuldenstopp\/#breadcrumb\",\"itemListElement\":[{\"@type\":\"ListItem\",\"position\":1,\"name\":\"Home\",\"item\":\"https:\/\/www.one.org\/de\/\"},{\"@type\":\"ListItem\",\"position\":2,\"name\":\"Ein Marathon zum Schuldenstopp \u2013 Mit Teiletappen zum Ziel?\"}]},{\"@type\":\"WebSite\",\"@id\":\"https:\/\/www.one.org\/de\/#website\",\"url\":\"https:\/\/www.one.org\/de\/\",\"name\":\"ONE.org\",\"description\":\"F\u00fcr mehr wirtschaftliche Chancen und ein starkes Gesundheitswesen in Afrika\",\"potentialAction\":[{\"@type\":\"SearchAction\",\"target\":{\"@type\":\"EntryPoint\",\"urlTemplate\":\"https:\/\/www.one.org\/de\/?s={search_term_string}\"},\"query-input\":{\"@type\":\"PropertyValueSpecification\",\"valueRequired\":true,\"valueName\":\"search_term_string\"}}],\"inLanguage\":\"de-DE\"},{\"@type\":\"Person\",\"@id\":\"https:\/\/www.one.org\/de\/#\/schema\/person\/236ef43a079c36667c3f1de2da8e0838\",\"name\":\"admin\",\"image\":{\"@type\":\"ImageObject\",\"inLanguage\":\"de-DE\",\"@id\":\"https:\/\/www.one.org\/de\/#\/schema\/person\/image\/\",\"url\":\"https:\/\/secure.gravatar.com\/avatar\/2b4204681b789d34ede86a735f8b6378df901f7f7ab7a9ca89af4670b2bb13b8?s=96&d=mm&r=g\",\"contentUrl\":\"https:\/\/secure.gravatar.com\/avatar\/2b4204681b789d34ede86a735f8b6378df901f7f7ab7a9ca89af4670b2bb13b8?s=96&d=mm&r=g\",\"caption\":\"admin\"},\"sameAs\":[\"http:\/\/www.one.org\"],\"url\":\"https:\/\/www.one.org\/de\/neuigkeiten\/author\/admin\/\"}]}<\/script>\n<!-- \/ Yoast SEO Premium plugin. -->","yoast_head_json":{"title":"Ein Marathon zum Schuldenstopp \u2013 Mit Teiletappen zum Ziel? - ONE.org Deutschland","description":"Im Oktober ist viel im Marathon zum Schuldenstopp f\u00fcr die \u00e4rmsten L\u00e4nder passiert. Ein guter Grund auf die Highlights unserer Kampagne zur\u00fcckzuschauen.","robots":{"index":"index","follow":"follow","max-snippet":"max-snippet:-1","max-image-preview":"max-image-preview:large","max-video-preview":"max-video-preview:-1"},"canonical":"https:\/\/www.one.org\/de\/neuigkeiten\/ein-marathon-zum-schuldenstopp\/","og_locale":"de_DE","og_type":"article","og_title":"Ein Marathon zum Schuldenstopp \u2013 Mit Teiletappen zum Ziel?","og_description":"Im Oktober ist viel im Marathon zum Schuldenstopp f\u00fcr die \u00e4rmsten L\u00e4nder passiert. Ein guter Grund auf die Highlights unserer Kampagne zur\u00fcckzuschauen.","og_url":"https:\/\/www.one.org\/de\/neuigkeiten\/ein-marathon-zum-schuldenstopp\/","og_site_name":"ONE.org Deutschland","article_publisher":"https:\/\/www.facebook.com\/ONEinNederland","article_published_time":"2020-10-22T17:23:47+00:00","article_modified_time":"2024-01-18T11:02:24+00:00","og_image":[{"width":1070,"height":560,"url":"https:\/\/cdn.one.org\/oneorg\/wp-content\/uploads\/sites\/3\/2020\/10\/26102039\/aufmacher.png","type":"image\/png"}],"author":"admin","twitter_card":"summary_large_image","twitter_creator":"@ONENederland","twitter_site":"@ONENederland","twitter_misc":{"Written by":"admin","Est. reading time":"7 minutes"},"schema":{"@context":"https:\/\/schema.org","@graph":[{"@type":["Article","BlogPosting"],"@id":"https:\/\/www.one.org\/de\/neuigkeiten\/ein-marathon-zum-schuldenstopp\/#article","isPartOf":{"@id":"https:\/\/www.one.org\/de\/neuigkeiten\/ein-marathon-zum-schuldenstopp\/"},"author":{"name":"admin","@id":"https:\/\/www.one.org\/de\/#\/schema\/person\/236ef43a079c36667c3f1de2da8e0838"},"headline":"Ein Marathon zum Schuldenstopp \u2013 Mit Teiletappen zum Ziel?","datePublished":"2020-10-22T17:23:47+00:00","dateModified":"2024-01-18T11:02:24+00:00","mainEntityOfPage":{"@id":"https:\/\/www.one.org\/de\/neuigkeiten\/ein-marathon-zum-schuldenstopp\/"},"wordCount":1370,"commentCount":0,"image":{"@id":"https:\/\/www.one.org\/de\/neuigkeiten\/ein-marathon-zum-schuldenstopp\/#primaryimage"},"thumbnailUrl":"https:\/\/www.one.org\/de\/wp-content\/uploads\/sites\/3\/2020\/10\/aufmacher.png","inLanguage":"de-DE","potentialAction":[{"@type":"CommentAction","name":"Comment","target":["https:\/\/www.one.org\/de\/neuigkeiten\/ein-marathon-zum-schuldenstopp\/#respond"]}]},{"@type":"WebPage","@id":"https:\/\/www.one.org\/de\/neuigkeiten\/ein-marathon-zum-schuldenstopp\/","url":"https:\/\/www.one.org\/de\/neuigkeiten\/ein-marathon-zum-schuldenstopp\/","name":"Ein Marathon zum Schuldenstopp \u2013 Mit Teiletappen zum Ziel? - ONE.org Deutschland","isPartOf":{"@id":"https:\/\/www.one.org\/de\/#website"},"primaryImageOfPage":{"@id":"https:\/\/www.one.org\/de\/neuigkeiten\/ein-marathon-zum-schuldenstopp\/#primaryimage"},"image":{"@id":"https:\/\/www.one.org\/de\/neuigkeiten\/ein-marathon-zum-schuldenstopp\/#primaryimage"},"thumbnailUrl":"https:\/\/www.one.org\/de\/wp-content\/uploads\/sites\/3\/2020\/10\/aufmacher.png","datePublished":"2020-10-22T17:23:47+00:00","dateModified":"2024-01-18T11:02:24+00:00","author":{"@id":"https:\/\/www.one.org\/de\/#\/schema\/person\/236ef43a079c36667c3f1de2da8e0838"},"description":"Im Oktober ist viel im Marathon zum Schuldenstopp f\u00fcr die \u00e4rmsten L\u00e4nder passiert. Ein guter Grund auf die Highlights unserer Kampagne zur\u00fcckzuschauen.","breadcrumb":{"@id":"https:\/\/www.one.org\/de\/neuigkeiten\/ein-marathon-zum-schuldenstopp\/#breadcrumb"},"inLanguage":"de-DE","potentialAction":[{"@type":"ReadAction","target":["https:\/\/www.one.org\/de\/neuigkeiten\/ein-marathon-zum-schuldenstopp\/"]}]},{"@type":"ImageObject","inLanguage":"de-DE","@id":"https:\/\/www.one.org\/de\/neuigkeiten\/ein-marathon-zum-schuldenstopp\/#primaryimage","url":"https:\/\/www.one.org\/de\/wp-content\/uploads\/sites\/3\/2020\/10\/aufmacher.png","contentUrl":"https:\/\/www.one.org\/de\/wp-content\/uploads\/sites\/3\/2020\/10\/aufmacher.png","width":1070,"height":560},{"@type":"BreadcrumbList","@id":"https:\/\/www.one.org\/de\/neuigkeiten\/ein-marathon-zum-schuldenstopp\/#breadcrumb","itemListElement":[{"@type":"ListItem","position":1,"name":"Home","item":"https:\/\/www.one.org\/de\/"},{"@type":"ListItem","position":2,"name":"Ein Marathon zum Schuldenstopp \u2013 Mit Teiletappen zum Ziel?"}]},{"@type":"WebSite","@id":"https:\/\/www.one.org\/de\/#website","url":"https:\/\/www.one.org\/de\/","name":"ONE.org","description":"F\u00fcr mehr wirtschaftliche Chancen und ein starkes Gesundheitswesen in Afrika","potentialAction":[{"@type":"SearchAction","target":{"@type":"EntryPoint","urlTemplate":"https:\/\/www.one.org\/de\/?s={search_term_string}"},"query-input":{"@type":"PropertyValueSpecification","valueRequired":true,"valueName":"search_term_string"}}],"inLanguage":"de-DE"},{"@type":"Person","@id":"https:\/\/www.one.org\/de\/#\/schema\/person\/236ef43a079c36667c3f1de2da8e0838","name":"admin","image":{"@type":"ImageObject","inLanguage":"de-DE","@id":"https:\/\/www.one.org\/de\/#\/schema\/person\/image\/","url":"https:\/\/secure.gravatar.com\/avatar\/2b4204681b789d34ede86a735f8b6378df901f7f7ab7a9ca89af4670b2bb13b8?s=96&d=mm&r=g","contentUrl":"https:\/\/secure.gravatar.com\/avatar\/2b4204681b789d34ede86a735f8b6378df901f7f7ab7a9ca89af4670b2bb13b8?s=96&d=mm&r=g","caption":"admin"},"sameAs":["http:\/\/www.one.org"],"url":"https:\/\/www.one.org\/de\/neuigkeiten\/author\/admin\/"}]}},"distributor_meta":false,"distributor_terms":false,"distributor_media":false,"distributor_original_site_name":"ONE.org Deutschland","distributor_original_site_url":"https:\/\/www.one.org\/de","push-errors":false,"_links":{"self":[{"href":"https:\/\/www.one.org\/de\/wp-json\/wp\/v2\/posts\/167200","targetHints":{"allow":["GET"]}}],"collection":[{"href":"https:\/\/www.one.org\/de\/wp-json\/wp\/v2\/posts"}],"about":[{"href":"https:\/\/www.one.org\/de\/wp-json\/wp\/v2\/types\/post"}],"author":[{"embeddable":true,"href":"https:\/\/www.one.org\/de\/wp-json\/wp\/v2\/users\/1"}],"replies":[{"embeddable":true,"href":"https:\/\/www.one.org\/de\/wp-json\/wp\/v2\/comments?post=167200"}],"version-history":[{"count":0,"href":"https:\/\/www.one.org\/de\/wp-json\/wp\/v2\/posts\/167200\/revisions"}],"wp:featuredmedia":[{"embeddable":true,"href":"https:\/\/www.one.org\/de\/wp-json\/wp\/v2\/media\/168838"}],"wp:attachment":[{"href":"https:\/\/www.one.org\/de\/wp-json\/wp\/v2\/media?parent=167200"}],"wp:term":[{"taxonomy":"category","embeddable":true,"href":"https:\/\/www.one.org\/de\/wp-json\/wp\/v2\/categories?post=167200"},{"taxonomy":"post_tag","embeddable":true,"href":"https:\/\/www.one.org\/de\/wp-json\/wp\/v2\/tags?post=167200"},{"taxonomy":"topic","embeddable":true,"href":"https:\/\/www.one.org\/de\/wp-json\/wp\/v2\/topic?post=167200"},{"taxonomy":"contributor","embeddable":true,"href":"https:\/\/www.one.org\/de\/wp-json\/wp\/v2\/contributor?post=167200"},{"taxonomy":"one_content_audience","embeddable":true,"href":"https:\/\/www.one.org\/de\/wp-json\/wp\/v2\/one_content_audience?post=167200"},{"taxonomy":"one_content_type","embeddable":true,"href":"https:\/\/www.one.org\/de\/wp-json\/wp\/v2\/one_content_type?post=167200"},{"taxonomy":"one_content_tone","embeddable":true,"href":"https:\/\/www.one.org\/de\/wp-json\/wp\/v2\/one_content_tone?post=167200"}],"curies":[{"name":"wp","href":"https:\/\/api.w.org\/{rel}","templated":true}]}}