{"id":167131,"date":"2020-07-10T14:06:32","date_gmt":"2020-07-10T14:06:32","guid":{"rendered":"https:\/\/www.one.org\/de\/weltbevolkerungstag-2020-ein-milliardenschweres-potenzial\/"},"modified":"2023-10-31T15:22:25","modified_gmt":"2023-10-31T15:22:25","slug":"weltbevoelkerungstag-2020-ein-milliardenschweres-potenzial","status":"publish","type":"post","link":"https:\/\/www.one.org\/de\/neuigkeiten\/weltbevoelkerungstag-2020-ein-milliardenschweres-potenzial\/","title":{"rendered":"Weltbev\u00f6lkerungstag 2020: Ein milliardenschweres Potenzial\u00a0"},"content":{"rendered":"<p><span data-contrast=\"auto\">Der<\/span><span data-contrast=\"auto\">&nbsp;Weltbev&ouml;lkerungstag<\/span><span data-contrast=\"auto\">&nbsp;<\/span><span data-contrast=\"auto\">wurde<\/span><span data-contrast=\"auto\">&nbsp;<\/span><span data-contrast=\"auto\">am 11.&nbsp;<\/span><span data-contrast=\"auto\">Juli 1987<\/span><span data-contrast=\"auto\">&nbsp;<\/span><span data-contrast=\"auto\">anl&auml;sslich des <\/span><span data-contrast=\"auto\">&nbsp;&ldquo;<\/span><span data-contrast=\"auto\">Five Billion Day&rdquo; ins Leben gerufen<\/span><span data-contrast=\"auto\">.&nbsp;<\/span><span data-contrast=\"auto\">An diesem<\/span><span data-contrast=\"auto\">&nbsp;Tag<\/span><span data-contrast=\"auto\">&nbsp;wuchs die Weltbev&ouml;lkerung&nbsp;<\/span><span data-contrast=\"auto\">auf f&uuml;nf Milliarden Menschen an.<\/span><span data-contrast=\"auto\">&nbsp;<\/span><span data-contrast=\"auto\">Seitdem soll er j&auml;hrlich darauf aufmerksam machen, dass&nbsp;<\/span><span data-contrast=\"auto\">nachhaltige Entwicklung<\/span><span data-contrast=\"auto\">&nbsp;nur<\/span><span data-contrast=\"auto\">&nbsp;<\/span><span data-contrast=\"auto\">dann<\/span><span data-contrast=\"auto\">&nbsp;m&ouml;glich ist, wenn demografische Trends nicht au&szlig;er Acht gelassen werden.<\/span><span data-contrast=\"auto\">&nbsp;Denn: Unsere Bev&ouml;lkerung w&auml;chst&nbsp;<\/span><a href=\"https:\/\/ourworldindata.org\/grapher\/absolute-increase-global-population\"><span data-contrast=\"none\">jedes Jahr um weitere 100 Millionen Menschen<\/span><\/a><span data-contrast=\"auto\">.<\/span><span data-contrast=\"auto\">&nbsp;<\/span><span data-contrast=\"auto\">A<\/span><span data-contrast=\"auto\">lle von ihnen verdienen ein Leben voller&nbsp;<\/span><span data-contrast=\"auto\">Chancen, frei von extremer Armut und Hunger<\/span><span data-contrast=\"auto\">.<\/span><span data-ccp-props='{\"201341983\":0,\"335551550\":6,\"335551620\":6,\"335559739\":160,\"335559740\":259}'>&nbsp;<\/span><\/p>\n<h3><b><span data-contrast=\"auto\">1994<\/span><\/b><b><span data-contrast=\"auto\">: Ein Plan f&uuml;r nachhaltiges Bev&ouml;lkerungswachstum&nbsp;<\/span><\/b><span data-ccp-props='{\"201341983\":0,\"335551550\":6,\"335551620\":6,\"335559739\":160,\"335559740\":259}'>&nbsp;<\/span><\/h3>\n<p><span data-contrast=\"auto\">Kairo&nbsp;<\/span><span data-contrast=\"auto\">1994<\/span><span data-contrast=\"auto\">: Die erste<\/span><span data-contrast=\"auto\">&nbsp;Weltbev&ouml;lkerungskonferenz (International Conference&nbsp;<\/span><span data-contrast=\"auto\">on Population and Development, kurz: ICPD)&nbsp;<\/span><span data-contrast=\"auto\">findet&nbsp;<\/span><span data-contrast=\"auto\">statt<\/span><span data-contrast=\"auto\">.&nbsp;<\/span><span data-contrast=\"auto\">Dort arbeitete<\/span><span data-contrast=\"auto\">n die Regierungen<\/span><span data-contrast=\"auto\">&nbsp;<\/span><span data-contrast=\"auto\">von<\/span><span data-contrast=\"auto\">&nbsp;179 L&auml;ndern ein Aktionsprogramm<\/span><span data-contrast=\"auto\">&nbsp;aus<\/span><span data-contrast=\"auto\">, da<\/span><span data-contrast=\"auto\">s&nbsp;<\/span><span data-contrast=\"auto\">seitdem als Leitfaden f&uuml;r internationale politische Ma&szlig;nahmen f&uuml;r nachhaltiges Bev&ouml;lkerungswachstum<\/span><span data-contrast=\"auto\">&nbsp;dient.&nbsp;<\/span><span data-contrast=\"auto\">Das Bemerkenswerte an diesem Programm: Es&nbsp;<\/span><span data-contrast=\"auto\">betont die Wichtigkeit&nbsp;<\/span><span data-contrast=\"auto\">von&nbsp;<\/span><span data-contrast=\"auto\">gesundheitlicher Aufkl&auml;rung<\/span><span data-contrast=\"auto\">&nbsp;und<\/span><span data-contrast=\"auto\">&nbsp;aktiver Teilhabe und Gleichberechtigung von Frauen und M&auml;dchen<\/span><span data-contrast=\"auto\">.<\/span><span data-contrast=\"auto\">&nbsp;<\/span><span data-contrast=\"auto\">Das ist zentral, denn diese Punkte wirken auch effektiv gegen extreme Armut &ndash;&nbsp;<\/span><a href=\"https:\/\/www.one.org\/international\/blog\/extreme-poverty-solutions\/\"><span data-contrast=\"none\">eine der gr&ouml;&szlig;ten&nbsp;<\/span><span data-contrast=\"none\">Herausforderungen<\/span><span data-contrast=\"none\">&nbsp;in bev&ouml;lkerungsstarken, weniger entwickelten L&auml;ndern<\/span><\/a><span data-contrast=\"auto\">.&nbsp;<\/span><span data-ccp-props='{\"201341983\":0,\"335551550\":6,\"335551620\":6,\"335559739\":160,\"335559740\":259}'>&nbsp;<\/span><\/p>\n<p><span data-contrast=\"auto\">2014 wurde dieser Plan&nbsp;<\/span><a href=\"https:\/\/www.unfpa.org\/publications\/international-conference-population-and-development-programme-action\"><span data-contrast=\"none\">erneut &uuml;berarbeitet<\/span><\/a><span data-contrast=\"auto\">.&nbsp;<\/span><span data-contrast=\"auto\">Im<\/span><span data-contrast=\"auto\">&nbsp;Mittelpunkt stehen weiterhin<\/span><span data-contrast=\"auto\">&nbsp;Punkte, die&nbsp;<\/span><span data-contrast=\"auto\">unerl&auml;sslich f&uuml;r ein Ende extremer Armut sind<\/span><span data-contrast=\"auto\">: G<\/span><span data-contrast=\"auto\">ezielte F&ouml;rderung von Frauen und M&auml;dchen, <\/span><span data-contrast=\"auto\">Bildung <\/span><span data-contrast=\"auto\">und <\/span><span data-contrast=\"auto\">eine <\/span><span data-contrast=\"auto\">vorausschauende <\/span><span data-contrast=\"auto\">Einbeziehung k&uuml;nftige<\/span><span data-contrast=\"auto\">r <\/span><span data-contrast=\"auto\">Migrationsstr&ouml;me <\/span><span data-contrast=\"auto\">durch Konflikte, N&ouml;te und die Auswirkungen der Klimakrise<\/span><span data-contrast=\"auto\">. <\/span><span data-contrast=\"auto\">An dieser Stelle m&ouml;chten wir noch&nbsp;<\/span><span data-contrast=\"auto\">zwei weitere Aspekte hervorheben, die dringend unsere Aufmerksamkeit ben&ouml;tigen: Ern&auml;hrungssicherheit und die <\/span><span data-contrast=\"auto\">M&ouml;glichkeiten der demografischen Dividende.&nbsp;<\/span><span data-ccp-props='{\"201341983\":0,\"335551550\":6,\"335551620\":6,\"335559739\":160,\"335559740\":259}'>&nbsp;<\/span><\/p>\n<h3><a href=\"https:\/\/population.un.org\/wpp\/Download\/Probabilistic\/Population\/\"><b><span data-contrast=\"none\">1<\/span><\/b><b><span data-contrast=\"none\">1<\/span><\/b><b><span data-contrast=\"none\">&nbsp;Milliarden bis 2<\/span><\/b><b><span data-contrast=\"none\">100<\/span><\/b><b><span data-contrast=\"none\">?<\/span><\/b><\/a><b><span data-contrast=\"auto\">&nbsp;&ndash; Herausforderungen und Chancen<\/span><\/b><b><span data-contrast=\"auto\">&nbsp;<\/span><\/b><\/h3>\n<p>&nbsp;<\/p>\n<div id=\"attachment_33996\" style=\"width: 603px\" class=\"wp-caption aligncenter\"><img decoding=\"async\" aria-describedby=\"caption-attachment-33996\" loading=\"lazy\" class=\"size-large wp-image-33996\" src=\"https:\/\/cdn.one.org\/de\/wp-content\/uploads\/2017\/06\/16150343\/FEBRUARY_2017_SENEGAL_ONE_CAMPAIGN_EDUCATION_RSHRYOCK-41-of-236-640x427.jpg\" alt=\"\" width=\"593\" height=\"396\"><\/p>\n<p id=\"caption-attachment-33996\" class=\"wp-caption-text\">Keur Simbara, Senegal (February 17, 2017)<\/p>\n<\/div>\n<ol>\n<li data-leveltext=\"%1.\" data-font=\"Colfax Regular\" data-listid=\"3\" data-aria-posinset=\"1\" data-aria-level=\"1\"><b><span data-contrast=\"auto\">Die Macht der Bildung<\/span><\/b><span data-ccp-props='{\"134233279\":true,\"201341983\":0,\"335551550\":6,\"335551620\":6,\"335559739\":160,\"335559740\":259}'><br \/>\nWenn Kinder, insbesondere M&auml;dchen, Zugang zu qualitativer Bildung erhalten, nehmen sie die eigene Lebens- und Familienplanung h&auml;ufig selbst in die Hand. Bildung, insbesondere zu sexueller und reproduktiver Gesundheit, zeigt Frauen und M&auml;dchen auf, wie vielf&auml;ltig sie ihre Zukunft gestalten k&ouml;nnen. Diese Bildung ist ein grundlegendes Menschenrecht, das weiterhin Millionen Kindern weltweit verwehrt bleibt. Dabei sprechen die Zahlen f&uuml;r sich: <a href=\"https:\/\/www.weforum.org\/agenda\/2015\/07\/how-education-can-moderate-population-growth\/\">Bildung senkt die Geburtenrate<\/a> und verlangsamt das Bev&ouml;lkerungswachstum. Gute Schulbildung verringert auch andere Risiken, denen Frauen und M&auml;dchen ausgesetzt sind. In L&auml;ndern des globalen S&uuml;dens laufen Millionen M&auml;dchen und Frauen j&auml;hrlich Gefahr, Opfer gewaltsamer Eingriffe in ihr Leben zu werden. Zwangsverheiratung ist weiterhin t&auml;gliche Realit&auml;t f&uuml;r Tausende M&auml;dchen weltweit. Dabei werden nicht nur Kinderrechte missachtet, sondern viele T&uuml;ren f&uuml;r immer verschlossen. M&auml;dchen, die solche Eingriffe erfahren, bekommen im Vergleich wesentlich fr&uuml;her Kinder und m&uuml;ssen ihre Schulbildung abbrechen. Menschenrechtswidrige Praktiken in jungem Alter, wie&nbsp;<a href=\"https:\/\/www.one.org\/de\/blog\/aktiv-gegen-weibliche-genitalverstuemmelung-joseph-osuigwe-chidiebere\/\">w<\/a><a href=\"https:\/\/www.one.org\/de\/blog\/aktiv-gegen-weibliche-genitalverstuemmelung-joseph-osuigwe-chidiebere\/\">eibliche&nbsp;Genitalverst&uuml;mmelung<\/a>, nehmen h&auml;ufig zerst&ouml;rerischen Einfluss auf das Selbstbewusstsein sowie die mentale und physische Gesundheit von M&auml;dchen, oft lebenslang.&nbsp;<a href=\"https:\/\/www.one.org\/international\/blog\/update-stats-gender-inequality\/\">Gegen&nbsp;solche gewaltsamen Eingriffe in das Leben von M&auml;dchen und Frauen wirkt Bildung effektiv<\/a>, denn&nbsp;durch&nbsp;sie&nbsp;entwickeln&nbsp;sich&nbsp;oft&nbsp;Widerstand und&nbsp;der Wille zur&nbsp;Selbstbestimmung.&nbsp;Bildung&nbsp;ist somit gleicherma&szlig;en Schl&uuml;ssel f&uuml;r&nbsp;<a href=\"https:\/\/www.globalpartnership.org\/content\/missed-opportunities-high-cost-not-educating-girls\">Gleichberechtigung, nachhaltiges Bev&ouml;lkerungswachstum und&nbsp;ein Ende extremer Armut<\/a>.<br \/>\n<\/span><\/p>\n<div id=\"attachment_42314\" style=\"width: 603px\" class=\"wp-caption aligncenter\"><img decoding=\"async\" aria-describedby=\"caption-attachment-42314\" loading=\"lazy\" class=\"size-large wp-image-42314\" src=\"https:\/\/cdn.one.org\/de\/wp-content\/uploads\/2018\/06\/20094353\/Africa_Food_Security_3_10665030266-640x427.jpg\" alt=\"\" width=\"593\" height=\"396\"><\/p>\n<p id=\"caption-attachment-42314\" class=\"wp-caption-text\">Olivia Gimbo, who is a beneficiary of PRP (Protacted Relief Programme), holds up her families supply of food for the week in Epworth, Harare on the 22nd April, 2009. The PRP programme via the NGO&rsquo;s Practical Action, Christian Aid and the World Food Programme, is supported by AusAid, provides cash transfers to vulnerable people throughout Zimbabwe as the economic situation deteriorates.<\/p>\n<\/div>\n<\/li>\n<li data-leveltext=\"%1.\" data-font=\"Colfax Regular\" data-listid=\"3\" data-aria-posinset=\"1\" data-aria-level=\"1\"><b><span data-contrast=\"auto\">Nachhaltige<\/span><\/b><b><span data-contrast=\"auto\">&nbsp;<\/span><\/b><b><span data-contrast=\"auto\">Ern&auml;hrung<\/span><\/b><b><span data-contrast=\"auto\">&nbsp;<\/span><\/b><b><span data-contrast=\"auto\">f&uuml;r<\/span><\/b><b><span data-contrast=\"auto\">&nbsp;<\/span><\/b><b><span data-contrast=\"auto\">Milliarden<\/span><\/b><span data-ccp-props='{\"134233279\":true,\"201341983\":0,\"335551550\":6,\"335551620\":6,\"335559739\":160,\"335559740\":259}'><br \/>\n<\/span><span data-contrast=\"auto\">Eine wachsende Bev&ouml;lkerung&nbsp;<\/span><span data-contrast=\"auto\">stellt<\/span><span data-contrast=\"auto\">&nbsp;ein<\/span><span data-contrast=\"auto\">e wachsende Herausforderung&nbsp;<\/span><span data-contrast=\"auto\">f&uuml;r Ern&auml;hrungssicherung und Wasserressourcen<\/span><span data-contrast=\"auto\">&nbsp;dar<\/span><span data-contrast=\"auto\">.&nbsp;<\/span><span data-contrast=\"auto\">Es bedarf landwirtschaftliche<\/span><span data-contrast=\"auto\">r<\/span><span data-contrast=\"auto\">&nbsp;Methoden, die&nbsp;<\/span><span data-contrast=\"auto\">zukunftsf&auml;hig sind.&nbsp;<\/span><span data-contrast=\"auto\">Besonders in&nbsp;<\/span><span data-contrast=\"auto\">trockenen<\/span><span data-contrast=\"auto\">&nbsp;oder tiefen<\/span><span data-contrast=\"auto\">&nbsp;Regionen m&uuml;ssen&nbsp;<\/span><a href=\"https:\/\/www.one.org\/de\/blog\/wuestenbildung-wie-sie-mit-landwirtschaft-hunger-und-armut-zusammenhaengt\/\"><span data-contrast=\"none\">Prozesse wie W&uuml;stenbildung und D&uuml;rren<\/span><\/a><span data-contrast=\"auto\">, aber auch &Uuml;berschwemmung<\/span><span data-contrast=\"auto\">en<\/span><span data-contrast=\"auto\">&nbsp;und der ansteigende Meeresspiegel<\/span><span data-contrast=\"auto\">&nbsp;als&nbsp;<\/span><a href=\"https:\/\/www.one.org\/de\/blog\/3-gruende-warum-die-klimabewegung-so-wichtig-ist\/\"><span data-contrast=\"none\">Resultat<\/span><span data-contrast=\"none\">e<\/span><span data-contrast=\"none\">&nbsp;des Klimawandels<\/span><\/a><span data-contrast=\"auto\">&nbsp;mit<\/span><span data-contrast=\"auto\">gedacht werden.&nbsp;<\/span><span data-contrast=\"auto\">Diese kosten&nbsp;<\/span><span data-contrast=\"auto\">Regierungen<\/span><span data-contrast=\"auto\">&nbsp;weniger entwickelter L&auml;nder<\/span><span data-contrast=\"auto\">&nbsp;<\/span><span data-contrast=\"auto\">weltweit&nbsp;<\/span><a href=\"http:\/\/www.fao.org\/news\/story\/en\/item\/1106977\/icode\/\"><span data-contrast=\"none\">j&auml;hrlich Milliarden<\/span><\/a><span data-contrast=\"auto\">.<\/span><span data-contrast=\"auto\">&nbsp;<\/span><span data-contrast=\"auto\">Ern&auml;hrungssicherung muss sich nachhaltig gestalten, nicht nur um&nbsp;<\/span><span data-contrast=\"auto\">Unterern&auml;hrung und Hunger entgegenzuwirken, sondern auch, um die Landwirtschaft als Arbeitssektor zu sichern.&nbsp;<\/span><span data-contrast=\"auto\">In zahlreichen L&auml;ndern Sub-Sahara-<\/span><span data-contrast=\"auto\">Afrikas arbeitet die Mehrheit der Bev&ouml;lkerung i<\/span><span data-contrast=\"auto\">m<\/span><span data-contrast=\"auto\">&nbsp;landwirtschaftlichen&nbsp;<\/span><span data-contrast=\"auto\">Sektor.<\/span><span data-contrast=\"auto\">&nbsp;<\/span><span data-contrast=\"auto\">I<\/span><span data-contrast=\"auto\">n Uganda<\/span><span data-contrast=\"auto\">&nbsp;sind es<\/span><span data-contrast=\"auto\">&nbsp;beispielsweise beinahe&nbsp;<\/span><a href=\"https:\/\/www2.deloitte.com\/content\/dam\/Deloitte\/ug\/Documents\/tax\/Economic%20Outlook%202016%20UG.pdf\"><span data-contrast=\"none\">70<\/span><\/a><span data-contrast=\"auto\">, im S&uuml;d-Sudan sogar&nbsp;<\/span><a href=\"http:\/\/www.fao.org\/emergencies\/countries\/detail\/en\/c\/147627\"><span data-contrast=\"none\">90 Prozent<\/span><\/a><span data-contrast=\"auto\">.<\/span><span data-contrast=\"auto\">&nbsp;<\/span><span data-contrast=\"auto\">Damit sind&nbsp;<\/span><span data-contrast=\"auto\">diese L&auml;nder<\/span><span data-contrast=\"auto\">&nbsp;besonders vulnerabel f&uuml;r klimatische&nbsp;<\/span><span data-contrast=\"auto\">Katastrophen.&nbsp;<\/span><span data-contrast=\"auto\">Zus&auml;tzlich werden L&auml;nder des globalen S&uuml;dens<\/span><span data-contrast=\"auto\">&nbsp;und besonders Sub-Sahara-Afrika<\/span><span data-contrast=\"auto\">s<\/span><span data-contrast=\"auto\">&nbsp;in den n&auml;chsten Jahrzehnten&nbsp;<\/span><span data-contrast=\"auto\">das st&auml;rkste Bev&ouml;lkerungswachstum verzeichnen.<\/span><span data-contrast=\"auto\">&nbsp;In vielen von ihnen wird sich die Bev&ouml;lkerung&nbsp;<\/span><a href=\"https:\/\/www.un.org\/development\/desa\/pd\/sites\/www.un.org.development.desa.pd\/files\/files\/documents\/2020\/Jan\/wpp2019_highlights.pdf\"><span data-contrast=\"none\">bis 2050 verdoppeln<\/span><\/a><span data-contrast=\"auto\">.&nbsp;<\/span><span data-ccp-props='{\"201341983\":0,\"335551550\":6,\"335551620\":6,\"335559685\":360,\"335559739\":160,\"335559740\":259}'><br \/>\n<\/span><\/p>\n<div id=\"attachment_152701\" style=\"width: 603px\" class=\"wp-caption aligncenter\"><img decoding=\"async\" aria-describedby=\"caption-attachment-152701\" loading=\"lazy\" class=\"wp-image-152701 size-large\" src=\"https:\/\/cdn.one.org\/de\/wp-content\/uploads\/2020\/07\/10134346\/Population-Pyramid_SSA_UN-640x413.png\" alt=\"\" width=\"593\" height=\"383\"><\/p>\n<p id=\"caption-attachment-152701\" class=\"wp-caption-text\">Credit: United Nations, DESA, 2019<\/p>\n<\/div>\n<\/li>\n<li data-leveltext=\"%1.\" data-font=\"Colfax Regular\" data-listid=\"3\" data-aria-posinset=\"1\" data-aria-level=\"1\"><b><span data-contrast=\"auto\">Die Chance der jungen Bev&ouml;lkerung<\/span><\/b><span data-ccp-props='{\"134233279\":true,\"201341983\":0,\"335551550\":6,\"335551620\":6,\"335559739\":160,\"335559740\":259}'><br \/>\n<\/span>L&auml;nder Sub-Sahara-Afrikas k&ouml;nnten&nbsp;<span data-contrast=\"auto\">mehr als die H&auml;lfte des gesamtem Bev&ouml;<\/span><span data-contrast=\"auto\">lkerungswachstums&nbsp;<\/span><span data-contrast=\"auto\">in den kommenden Jahrzehnten ausmachen.&nbsp;<\/span><span data-contrast=\"auto\">Im Gegensatz zu<\/span><span data-contrast=\"auto\">&nbsp;<\/span><span data-contrast=\"auto\">den&nbsp;<\/span><span data-contrast=\"auto\">anderen Kontinenten wird vermutet, dass&nbsp;<\/span><span data-contrast=\"auto\">Afrikas<\/span><span data-contrast=\"auto\">&nbsp;Bev&ouml;lkerung bis zum Ende des Jahrhunderts&nbsp;<\/span><span data-contrast=\"auto\">wachsen&nbsp;<\/span><span data-contrast=\"auto\">wird.&nbsp;<\/span><span data-contrast=\"auto\">Dabei bestimmt das Verh&auml;ltnis der Altersgruppen<\/span><span data-contrast=\"auto\">&nbsp;ma&szlig;geblich die Chancen f&uuml;r die Wirtschaft i<\/span><span data-contrast=\"auto\">n einem<\/span><span data-contrast=\"auto\">&nbsp;Land. Ideal<\/span><span data-contrast=\"auto\">&nbsp;<\/span><span data-contrast=\"auto\">ist<\/span><span data-contrast=\"auto\">: A<\/span><span data-contrast=\"auto\">rbeitsf&auml;hige Menschen&nbsp;<\/span><span data-contrast=\"auto\">zwischen 25 und 64&nbsp;<\/span><span data-contrast=\"auto\">machen den gr&ouml;&szlig;ten Anteil aus.&nbsp;<\/span><span data-contrast=\"auto\">Denn dann sorgt ebendiese Altersgruppe f&uuml;r wirtschaftliches Wachstum&nbsp;<\/span><span data-contrast=\"auto\">und Staaten&nbsp;<\/span><span data-contrast=\"auto\">erzielen h&ouml;here Einnahmen.&nbsp;<\/span><span data-contrast=\"auto\">Bedeutet:&nbsp;<\/span><span data-contrast=\"auto\">Die Zahl der Menschen, die aktiv zur Wirtschaft beitragen, &uuml;berwiegt die jener, die&nbsp;<\/span><span data-contrast=\"auto\">von ihr abh&auml;ngig sind.&nbsp;<\/span><span data-contrast=\"auto\">Die&nbsp;<\/span><span data-contrast=\"auto\">Bev&ouml;lkerungsentwicklung in L&auml;ndern des globalen S&uuml;dens<\/span><span data-contrast=\"auto\">,<\/span><span data-contrast=\"auto\">&nbsp;wie Sub-Sahara-Afrika<\/span><span data-contrast=\"auto\">,<\/span><span data-contrast=\"auto\">&nbsp;<\/span><span data-contrast=\"auto\">vollzieht sich auf&nbsp;<\/span><span data-contrast=\"auto\">eben<\/span><span data-contrast=\"auto\">diese Weise.&nbsp;<\/span>Diese<span data-contrast=\"auto\">s&nbsp;<\/span><span data-contrast=\"auto\">Entwicklungspotenzial&nbsp;<\/span><span data-contrast=\"auto\">wird oft&nbsp;<\/span><span data-contrast=\"auto\">d<\/span><span data-contrast=\"auto\">ie<\/span><span data-contrast=\"auto\">&nbsp;<\/span><a href=\"https:\/\/demographicdividend.org\/\"><span data-contrast=\"none\">demografische Dividende<\/span><\/a><span data-contrast=\"auto\">&nbsp;<\/span><span data-contrast=\"auto\">genannt<\/span><span data-contrast=\"auto\">.<\/span><span data-contrast=\"auto\">&nbsp;<\/span><span data-contrast=\"auto\">Diese<\/span><span data-contrast=\"auto\">&nbsp;ist und bleibt&nbsp;<\/span><span data-contrast=\"auto\">jedoch&nbsp;<\/span><span data-contrast=\"auto\">zun&auml;chst<\/span><span data-contrast=\"auto\">&nbsp;genau<\/span><span data-contrast=\"auto\">&nbsp;das: Ein Potenzial.&nbsp;<\/span><span data-contrast=\"auto\">Zahlreiche Faktoren werden in der Zukunft bestimmen, ob diese Chance genutzt werden kann. Zun&auml;chst&nbsp;<\/span><span data-contrast=\"auto\">ist sicherzustellen<\/span><span data-contrast=\"auto\">,<\/span><span data-contrast=\"auto\">&nbsp;dass<\/span><span data-contrast=\"auto\">&nbsp;<\/span><span data-contrast=\"auto\">f&uuml;r&nbsp;<\/span><span data-contrast=\"auto\">die rapide wachsende junge Bev&ouml;lkerung&nbsp;<\/span><span data-contrast=\"auto\">vor<\/span><span data-contrast=\"auto\">&nbsp;Ort<\/span><span data-contrast=\"auto\">&nbsp;ausreichend menschenw&uuml;rdige Arbeit geschaffen wird.<\/span><span data-contrast=\"auto\">&nbsp;Damit einhergehend sind zielgerichtete Investitionen in Bildung und Gesundheit unerl&auml;sslich.&nbsp;<\/span><span data-contrast=\"auto\">Nicht zuletzt spielt die F&ouml;rderung von Gleichberechtigung f&uuml;r Frauen und M&auml;dchen&nbsp;<\/span><span data-contrast=\"auto\">eine elementare Rolle.&nbsp;<\/span><span data-ccp-props='{\"201341983\":0,\"335551550\":6,\"335551620\":6,\"335559685\":360,\"335559739\":160,\"335559740\":259}'><br \/>\n<\/span><br \/>\nDie demografische Dividende<span data-contrast=\"auto\">&nbsp;stellt sich&nbsp;<\/span><span data-contrast=\"auto\">allerdings<\/span><span data-contrast=\"auto\">&nbsp;<\/span><span data-contrast=\"auto\">nicht automatisch ein, wenn es genug Menschen im entsprechenden Alter&nbsp;<\/span><span data-contrast=\"auto\">gibt<\/span><span data-contrast=\"auto\">.&nbsp;<\/span><span data-contrast=\"auto\">Dazu<\/span><span data-contrast=\"auto\">&nbsp;m&uuml;ssen&nbsp;<\/span><span data-contrast=\"auto\">die sozio&ouml;konomischen Bedingungen stimmen und junge Mens<\/span><span data-contrast=\"auto\">chen m&uuml;ssen in der Lage sein,<\/span><span data-contrast=\"auto\">&nbsp;Arbeit&nbsp;<\/span><span data-contrast=\"auto\">zu finden<\/span><span data-contrast=\"auto\">.<\/span><span data-contrast=\"auto\">&nbsp;<\/span><span data-contrast=\"auto\">Dies k&ouml;nnen und m&uuml;ssen wir durch unseren<\/span><span data-contrast=\"auto\">&nbsp;Beitrag zu nachhaltiger Entwicklung&nbsp;<\/span><span data-contrast=\"auto\">unterst&uuml;tzen.<\/span><span data-contrast=\"auto\">&nbsp;<\/span><span data-contrast=\"auto\">So k&ouml;nnte sich aus der wachsenden jungen Bev&ouml;lkerung, besonders in Afrika, eine wahre Chance ergeben.&nbsp;<\/span><span data-ccp-props='{\"201341983\":0,\"335551550\":6,\"335551620\":6,\"335559685\":360,\"335559739\":160,\"335559740\":259}'>&nbsp;<\/span><\/li>\n<\/ol>\n<p><img decoding=\"async\" loading=\"lazy\" class=\"aligncenter wp-image-42816\" src=\"https:\/\/cdn.one.org\/de\/wp-content\/uploads\/2018\/07\/30102728\/earth-2336011_960_720-640x640.jpg\" alt=\"\" width=\"329\" height=\"329\"><\/p>\n<p><b><span data-contrast=\"auto\">Der Blick nach vorn<\/span><\/b><span data-ccp-props='{\"201341983\":0,\"335551550\":6,\"335551620\":6,\"335559739\":160,\"335559740\":259}'>&nbsp;<\/span><\/p>\n<p><span data-contrast=\"auto\">Viele Staatenzusammenschl&uuml;sse wie die&nbsp;<\/span><a href=\"https:\/\/au.int\/sites\/default\/files\/pages\/33794-file-au_2017_dd_roadmap_final_-_eng.pdf\"><span data-contrast=\"none\">Afrikanische Union<\/span><\/a><span data-contrast=\"auto\">&nbsp;<\/span><span data-contrast=\"auto\">haben Pl&auml;ne, das Potenzial der demografischen Dividende auszusch&ouml;pfen.&nbsp;<\/span><span data-contrast=\"auto\">Jedoch ben&ouml;tigt es die entschlossene Unterst&uuml;tzung einer internationalen Staatengemeinschaft, um nachhaltige Entwicklung voranzutreiben.&nbsp;<\/span><span data-contrast=\"auto\">Auch hier wird das Erreichen der&nbsp;<\/span><a href=\"http:\/\/www.bmz.de\/de\/themen\/2030_agenda\/index.html\"><span data-contrast=\"none\">Agenda 2030<\/span><\/a><span data-contrast=\"auto\">&nbsp;<\/span><span data-contrast=\"auto\">und der&nbsp;<\/span><a href=\"https:\/\/au.int\/en\/agenda2063\/overview\"><span data-contrast=\"none\">Agenda 2063 der AU<\/span><\/a><span data-contrast=\"auto\">&nbsp;<\/span><span data-contrast=\"auto\">ma&szlig;geblich bestimmen,&nbsp;<\/span><span data-contrast=\"auto\">ob sich Bev&ouml;lkerungswachstum in Zukunft als B&uuml;rde oder Chance herausstellt.&nbsp;<\/span><span data-ccp-props='{\"201341983\":0,\"335551550\":6,\"335551620\":6,\"335559739\":160,\"335559740\":259}'>&nbsp;<\/span><\/p>\n<div class=\"buffer\"><\/div>","protected":false},"excerpt":{"rendered":"<p>Der&nbsp;Weltbev&ouml;lkerungstag&nbsp;wurde&nbsp;am 11.&nbsp;Juli 1987&nbsp;anl&auml;sslich des &nbsp;&ldquo;Five Billion Day&rdquo; ins Leben gerufen.&nbsp;An diesem&nbsp;Tag&nbsp;wuchs die Weltbev&ouml;lkerung&nbsp;auf f&uuml;nf Milliarden Menschen an.&nbsp;Seitdem soll er j&auml;hrlich darauf aufmerksam machen, dass&nbsp;nachhaltige Entwicklung&nbsp;nur&nbsp;dann&nbsp;m&ouml;glich ist, wenn demografische Trends nicht au&szlig;er Acht gelassen werden.&nbsp;Denn: Unsere Bev&ouml;lkerung w&auml;chst&nbsp;jedes Jahr um weitere 100 Millionen Menschen.&nbsp;Alle von ihnen verdienen ein Leben voller&nbsp;Chancen, frei von extremer Armut und Hunger.&nbsp; [&hellip;]<\/p>\n","protected":false},"author":1,"featured_media":168978,"comment_status":"open","ping_status":"open","sticky":false,"template":"","format":"standard","meta":{"_acf_changed":false,"_relevanssi_hide_post":"","_relevanssi_hide_content":"","_relevanssi_pin_for_all":"","_relevanssi_pin_keywords":"","_relevanssi_unpin_keywords":"","_relevanssi_related_keywords":"","_relevanssi_related_include_ids":"","_relevanssi_related_exclude_ids":"","_relevanssi_related_no_append":"","_relevanssi_related_not_related":"","_relevanssi_related_posts":"167666,169596,169520,167719,167718,167717","_relevanssi_noindex_reason":"","footnotes":""},"categories":[1],"tags":[84,97,77,98,99,73,72,100,101,102,103,83,104],"topic":[60,44,57],"contributor":[36],"one_content_audience":[],"one_content_type":[],"one_content_tone":[],"class_list":["post-167131","post","type-post","status-publish","format-standard","has-post-thumbnail","hentry","category-uncategorized","tag-afrika","tag-bevolkerung","tag-bildung","tag-demografie","tag-demografische-dividende","tag-ernaehrungssicherheit","tag-frauen-und-madchen","tag-jugend","tag-population","tag-weltbevoelkerungstag","tag-world-population-day","tag-wuestenbildung","tag-youth","topic-bildung","topic-madchen-und-frauen","topic-landwirtschaft","contributor-hannah-lang"],"acf":[],"yoast_head":"<!-- This site is optimized with the Yoast SEO Premium plugin v27.1 (Yoast SEO v27.1.1) - https:\/\/yoast.com\/product\/yoast-seo-premium-wordpress\/ -->\n<title>Weltbev\u00f6lkerungstag 2020: Ein milliardenschweres Potenzial\u00a0 - ONE.org Deutschland<\/title>\n<meta name=\"description\" content=\"5 Milliarden, 7,8 Milliarden, 11 Milliarden - welche Chancen und Herausforderungen stecken hinter diesen Zahlen? ONE zum Bev\u00f6lkerungswachstum.\" \/>\n<meta name=\"robots\" content=\"index, follow, max-snippet:-1, max-image-preview:large, max-video-preview:-1\" \/>\n<link rel=\"canonical\" href=\"https:\/\/www.one.org\/de\/neuigkeiten\/weltbevoelkerungstag-2020-ein-milliardenschweres-potenzial\/\" \/>\n<meta property=\"og:locale\" content=\"de_DE\" \/>\n<meta property=\"og:type\" content=\"article\" \/>\n<meta property=\"og:title\" content=\"Weltbev\u00f6lkerungstag 2020: Ein milliardenschweres Potenzial\u00a0\" \/>\n<meta property=\"og:description\" content=\"F\u00fcnf Milliarden, 7,8 Milliarden, 11 Milliarden - welche Chancen und Herausforderungen stecken hinter diesen Zahlen? ONE zum Bev\u00f6lkerungswachstum.\" \/>\n<meta property=\"og:url\" content=\"https:\/\/www.one.org\/de\/neuigkeiten\/weltbevoelkerungstag-2020-ein-milliardenschweres-potenzial\/\" \/>\n<meta property=\"og:site_name\" content=\"ONE.org Deutschland\" \/>\n<meta property=\"article:publisher\" content=\"https:\/\/www.facebook.com\/ONEinNederland\" \/>\n<meta property=\"article:published_time\" content=\"2020-07-10T14:06:32+00:00\" \/>\n<meta property=\"article:modified_time\" content=\"2023-10-31T15:22:25+00:00\" \/>\n<meta property=\"og:image\" content=\"https:\/\/cdn.one.org\/de\/wp-content\/uploads\/2019\/01\/04112440\/world_470x240.jpg\" \/>\n<meta name=\"author\" content=\"admin\" \/>\n<meta name=\"twitter:card\" content=\"summary_large_image\" \/>\n<meta name=\"twitter:title\" content=\"Weltbev\u00f6lkerungstag 2020: Ein milliardenschweres Potenzial\u00a0\" \/>\n<meta name=\"twitter:creator\" content=\"@ONENederland\" \/>\n<meta name=\"twitter:site\" content=\"@ONENederland\" \/>\n<meta name=\"twitter:label1\" content=\"Written by\" \/>\n\t<meta name=\"twitter:data1\" content=\"admin\" \/>\n<script type=\"application\/ld+json\" class=\"yoast-schema-graph\">{\"@context\":\"https:\/\/schema.org\",\"@graph\":[{\"@type\":[\"Article\",\"BlogPosting\"],\"@id\":\"https:\/\/www.one.org\/de\/neuigkeiten\/weltbevoelkerungstag-2020-ein-milliardenschweres-potenzial\/#article\",\"isPartOf\":{\"@id\":\"https:\/\/www.one.org\/de\/neuigkeiten\/weltbevoelkerungstag-2020-ein-milliardenschweres-potenzial\/\"},\"author\":{\"name\":\"admin\",\"@id\":\"https:\/\/www.one.org\/de\/#\/schema\/person\/236ef43a079c36667c3f1de2da8e0838\"},\"headline\":\"Weltbev\u00f6lkerungstag 2020: Ein milliardenschweres Potenzial\u00a0\",\"datePublished\":\"2020-07-10T14:06:32+00:00\",\"dateModified\":\"2023-10-31T15:22:25+00:00\",\"mainEntityOfPage\":{\"@id\":\"https:\/\/www.one.org\/de\/neuigkeiten\/weltbevoelkerungstag-2020-ein-milliardenschweres-potenzial\/\"},\"wordCount\":1416,\"commentCount\":0,\"image\":{\"@id\":\"https:\/\/www.one.org\/de\/neuigkeiten\/weltbevoelkerungstag-2020-ein-milliardenschweres-potenzial\/#primaryimage\"},\"thumbnailUrl\":\"https:\/\/www.one.org\/de\/wp-content\/uploads\/sites\/3\/2020\/07\/Weltkugel.png\",\"keywords\":[\"Afrika\",\"Bev\u00f6lkerung\",\"Bildung\",\"Demografie\",\"Demografische Dividende\",\"Ern\u00e4hrungssicherheit\",\"Frauen und M\u00e4dchen\",\"Jugend\",\"Population\",\"Weltbev\u00f6lkerungstag\",\"World Population Day\",\"W\u00fcstenbildung\",\"Youth\"],\"inLanguage\":\"de-DE\",\"potentialAction\":[{\"@type\":\"CommentAction\",\"name\":\"Comment\",\"target\":[\"https:\/\/www.one.org\/de\/neuigkeiten\/weltbevoelkerungstag-2020-ein-milliardenschweres-potenzial\/#respond\"]}]},{\"@type\":\"WebPage\",\"@id\":\"https:\/\/www.one.org\/de\/neuigkeiten\/weltbevoelkerungstag-2020-ein-milliardenschweres-potenzial\/\",\"url\":\"https:\/\/www.one.org\/de\/neuigkeiten\/weltbevoelkerungstag-2020-ein-milliardenschweres-potenzial\/\",\"name\":\"Weltbev\u00f6lkerungstag 2020: Ein milliardenschweres Potenzial\u00a0 - ONE.org Deutschland\",\"isPartOf\":{\"@id\":\"https:\/\/www.one.org\/de\/#website\"},\"primaryImageOfPage\":{\"@id\":\"https:\/\/www.one.org\/de\/neuigkeiten\/weltbevoelkerungstag-2020-ein-milliardenschweres-potenzial\/#primaryimage\"},\"image\":{\"@id\":\"https:\/\/www.one.org\/de\/neuigkeiten\/weltbevoelkerungstag-2020-ein-milliardenschweres-potenzial\/#primaryimage\"},\"thumbnailUrl\":\"https:\/\/www.one.org\/de\/wp-content\/uploads\/sites\/3\/2020\/07\/Weltkugel.png\",\"datePublished\":\"2020-07-10T14:06:32+00:00\",\"dateModified\":\"2023-10-31T15:22:25+00:00\",\"author\":{\"@id\":\"https:\/\/www.one.org\/de\/#\/schema\/person\/236ef43a079c36667c3f1de2da8e0838\"},\"description\":\"5 Milliarden, 7,8 Milliarden, 11 Milliarden - welche Chancen und Herausforderungen stecken hinter diesen Zahlen? ONE zum Bev\u00f6lkerungswachstum.\",\"breadcrumb\":{\"@id\":\"https:\/\/www.one.org\/de\/neuigkeiten\/weltbevoelkerungstag-2020-ein-milliardenschweres-potenzial\/#breadcrumb\"},\"inLanguage\":\"de-DE\",\"potentialAction\":[{\"@type\":\"ReadAction\",\"target\":[\"https:\/\/www.one.org\/de\/neuigkeiten\/weltbevoelkerungstag-2020-ein-milliardenschweres-potenzial\/\"]}]},{\"@type\":\"ImageObject\",\"inLanguage\":\"de-DE\",\"@id\":\"https:\/\/www.one.org\/de\/neuigkeiten\/weltbevoelkerungstag-2020-ein-milliardenschweres-potenzial\/#primaryimage\",\"url\":\"https:\/\/www.one.org\/de\/wp-content\/uploads\/sites\/3\/2020\/07\/Weltkugel.png\",\"contentUrl\":\"https:\/\/www.one.org\/de\/wp-content\/uploads\/sites\/3\/2020\/07\/Weltkugel.png\",\"width\":1200,\"height\":1200},{\"@type\":\"BreadcrumbList\",\"@id\":\"https:\/\/www.one.org\/de\/neuigkeiten\/weltbevoelkerungstag-2020-ein-milliardenschweres-potenzial\/#breadcrumb\",\"itemListElement\":[{\"@type\":\"ListItem\",\"position\":1,\"name\":\"Home\",\"item\":\"https:\/\/www.one.org\/de\/\"},{\"@type\":\"ListItem\",\"position\":2,\"name\":\"Weltbev\u00f6lkerungstag 2020: Ein milliardenschweres Potenzial\u00a0\"}]},{\"@type\":\"WebSite\",\"@id\":\"https:\/\/www.one.org\/de\/#website\",\"url\":\"https:\/\/www.one.org\/de\/\",\"name\":\"ONE.org\",\"description\":\"F\u00fcr mehr wirtschaftliche Chancen und ein starkes Gesundheitswesen in Afrika\",\"potentialAction\":[{\"@type\":\"SearchAction\",\"target\":{\"@type\":\"EntryPoint\",\"urlTemplate\":\"https:\/\/www.one.org\/de\/?s={search_term_string}\"},\"query-input\":{\"@type\":\"PropertyValueSpecification\",\"valueRequired\":true,\"valueName\":\"search_term_string\"}}],\"inLanguage\":\"de-DE\"},{\"@type\":\"Person\",\"@id\":\"https:\/\/www.one.org\/de\/#\/schema\/person\/236ef43a079c36667c3f1de2da8e0838\",\"name\":\"admin\",\"image\":{\"@type\":\"ImageObject\",\"inLanguage\":\"de-DE\",\"@id\":\"https:\/\/www.one.org\/de\/#\/schema\/person\/image\/\",\"url\":\"https:\/\/secure.gravatar.com\/avatar\/2b4204681b789d34ede86a735f8b6378df901f7f7ab7a9ca89af4670b2bb13b8?s=96&d=mm&r=g\",\"contentUrl\":\"https:\/\/secure.gravatar.com\/avatar\/2b4204681b789d34ede86a735f8b6378df901f7f7ab7a9ca89af4670b2bb13b8?s=96&d=mm&r=g\",\"caption\":\"admin\"},\"sameAs\":[\"http:\/\/www.one.org\"],\"url\":\"https:\/\/www.one.org\/de\/neuigkeiten\/author\/admin\/\"}]}<\/script>\n<!-- \/ Yoast SEO Premium plugin. -->","yoast_head_json":{"title":"Weltbev\u00f6lkerungstag 2020: Ein milliardenschweres Potenzial\u00a0 - ONE.org Deutschland","description":"5 Milliarden, 7,8 Milliarden, 11 Milliarden - welche Chancen und Herausforderungen stecken hinter diesen Zahlen? ONE zum Bev\u00f6lkerungswachstum.","robots":{"index":"index","follow":"follow","max-snippet":"max-snippet:-1","max-image-preview":"max-image-preview:large","max-video-preview":"max-video-preview:-1"},"canonical":"https:\/\/www.one.org\/de\/neuigkeiten\/weltbevoelkerungstag-2020-ein-milliardenschweres-potenzial\/","og_locale":"de_DE","og_type":"article","og_title":"Weltbev\u00f6lkerungstag 2020: Ein milliardenschweres Potenzial\u00a0","og_description":"F\u00fcnf Milliarden, 7,8 Milliarden, 11 Milliarden - welche Chancen und Herausforderungen stecken hinter diesen Zahlen? ONE zum Bev\u00f6lkerungswachstum.","og_url":"https:\/\/www.one.org\/de\/neuigkeiten\/weltbevoelkerungstag-2020-ein-milliardenschweres-potenzial\/","og_site_name":"ONE.org Deutschland","article_publisher":"https:\/\/www.facebook.com\/ONEinNederland","article_published_time":"2020-07-10T14:06:32+00:00","article_modified_time":"2023-10-31T15:22:25+00:00","og_image":[{"url":"https:\/\/cdn.one.org\/de\/wp-content\/uploads\/2019\/01\/04112440\/world_470x240.jpg","type":"","width":"","height":""}],"author":"admin","twitter_card":"summary_large_image","twitter_title":"Weltbev\u00f6lkerungstag 2020: Ein milliardenschweres Potenzial\u00a0","twitter_creator":"@ONENederland","twitter_site":"@ONENederland","twitter_misc":{"Written by":"admin"},"schema":{"@context":"https:\/\/schema.org","@graph":[{"@type":["Article","BlogPosting"],"@id":"https:\/\/www.one.org\/de\/neuigkeiten\/weltbevoelkerungstag-2020-ein-milliardenschweres-potenzial\/#article","isPartOf":{"@id":"https:\/\/www.one.org\/de\/neuigkeiten\/weltbevoelkerungstag-2020-ein-milliardenschweres-potenzial\/"},"author":{"name":"admin","@id":"https:\/\/www.one.org\/de\/#\/schema\/person\/236ef43a079c36667c3f1de2da8e0838"},"headline":"Weltbev\u00f6lkerungstag 2020: Ein milliardenschweres Potenzial\u00a0","datePublished":"2020-07-10T14:06:32+00:00","dateModified":"2023-10-31T15:22:25+00:00","mainEntityOfPage":{"@id":"https:\/\/www.one.org\/de\/neuigkeiten\/weltbevoelkerungstag-2020-ein-milliardenschweres-potenzial\/"},"wordCount":1416,"commentCount":0,"image":{"@id":"https:\/\/www.one.org\/de\/neuigkeiten\/weltbevoelkerungstag-2020-ein-milliardenschweres-potenzial\/#primaryimage"},"thumbnailUrl":"https:\/\/www.one.org\/de\/wp-content\/uploads\/sites\/3\/2020\/07\/Weltkugel.png","keywords":["Afrika","Bev\u00f6lkerung","Bildung","Demografie","Demografische Dividende","Ern\u00e4hrungssicherheit","Frauen und M\u00e4dchen","Jugend","Population","Weltbev\u00f6lkerungstag","World Population Day","W\u00fcstenbildung","Youth"],"inLanguage":"de-DE","potentialAction":[{"@type":"CommentAction","name":"Comment","target":["https:\/\/www.one.org\/de\/neuigkeiten\/weltbevoelkerungstag-2020-ein-milliardenschweres-potenzial\/#respond"]}]},{"@type":"WebPage","@id":"https:\/\/www.one.org\/de\/neuigkeiten\/weltbevoelkerungstag-2020-ein-milliardenschweres-potenzial\/","url":"https:\/\/www.one.org\/de\/neuigkeiten\/weltbevoelkerungstag-2020-ein-milliardenschweres-potenzial\/","name":"Weltbev\u00f6lkerungstag 2020: Ein milliardenschweres Potenzial\u00a0 - ONE.org Deutschland","isPartOf":{"@id":"https:\/\/www.one.org\/de\/#website"},"primaryImageOfPage":{"@id":"https:\/\/www.one.org\/de\/neuigkeiten\/weltbevoelkerungstag-2020-ein-milliardenschweres-potenzial\/#primaryimage"},"image":{"@id":"https:\/\/www.one.org\/de\/neuigkeiten\/weltbevoelkerungstag-2020-ein-milliardenschweres-potenzial\/#primaryimage"},"thumbnailUrl":"https:\/\/www.one.org\/de\/wp-content\/uploads\/sites\/3\/2020\/07\/Weltkugel.png","datePublished":"2020-07-10T14:06:32+00:00","dateModified":"2023-10-31T15:22:25+00:00","author":{"@id":"https:\/\/www.one.org\/de\/#\/schema\/person\/236ef43a079c36667c3f1de2da8e0838"},"description":"5 Milliarden, 7,8 Milliarden, 11 Milliarden - welche Chancen und Herausforderungen stecken hinter diesen Zahlen? ONE zum Bev\u00f6lkerungswachstum.","breadcrumb":{"@id":"https:\/\/www.one.org\/de\/neuigkeiten\/weltbevoelkerungstag-2020-ein-milliardenschweres-potenzial\/#breadcrumb"},"inLanguage":"de-DE","potentialAction":[{"@type":"ReadAction","target":["https:\/\/www.one.org\/de\/neuigkeiten\/weltbevoelkerungstag-2020-ein-milliardenschweres-potenzial\/"]}]},{"@type":"ImageObject","inLanguage":"de-DE","@id":"https:\/\/www.one.org\/de\/neuigkeiten\/weltbevoelkerungstag-2020-ein-milliardenschweres-potenzial\/#primaryimage","url":"https:\/\/www.one.org\/de\/wp-content\/uploads\/sites\/3\/2020\/07\/Weltkugel.png","contentUrl":"https:\/\/www.one.org\/de\/wp-content\/uploads\/sites\/3\/2020\/07\/Weltkugel.png","width":1200,"height":1200},{"@type":"BreadcrumbList","@id":"https:\/\/www.one.org\/de\/neuigkeiten\/weltbevoelkerungstag-2020-ein-milliardenschweres-potenzial\/#breadcrumb","itemListElement":[{"@type":"ListItem","position":1,"name":"Home","item":"https:\/\/www.one.org\/de\/"},{"@type":"ListItem","position":2,"name":"Weltbev\u00f6lkerungstag 2020: Ein milliardenschweres Potenzial\u00a0"}]},{"@type":"WebSite","@id":"https:\/\/www.one.org\/de\/#website","url":"https:\/\/www.one.org\/de\/","name":"ONE.org","description":"F\u00fcr mehr wirtschaftliche Chancen und ein starkes Gesundheitswesen in Afrika","potentialAction":[{"@type":"SearchAction","target":{"@type":"EntryPoint","urlTemplate":"https:\/\/www.one.org\/de\/?s={search_term_string}"},"query-input":{"@type":"PropertyValueSpecification","valueRequired":true,"valueName":"search_term_string"}}],"inLanguage":"de-DE"},{"@type":"Person","@id":"https:\/\/www.one.org\/de\/#\/schema\/person\/236ef43a079c36667c3f1de2da8e0838","name":"admin","image":{"@type":"ImageObject","inLanguage":"de-DE","@id":"https:\/\/www.one.org\/de\/#\/schema\/person\/image\/","url":"https:\/\/secure.gravatar.com\/avatar\/2b4204681b789d34ede86a735f8b6378df901f7f7ab7a9ca89af4670b2bb13b8?s=96&d=mm&r=g","contentUrl":"https:\/\/secure.gravatar.com\/avatar\/2b4204681b789d34ede86a735f8b6378df901f7f7ab7a9ca89af4670b2bb13b8?s=96&d=mm&r=g","caption":"admin"},"sameAs":["http:\/\/www.one.org"],"url":"https:\/\/www.one.org\/de\/neuigkeiten\/author\/admin\/"}]}},"distributor_meta":false,"distributor_terms":false,"distributor_media":false,"distributor_original_site_name":"ONE.org Deutschland","distributor_original_site_url":"https:\/\/www.one.org\/de","push-errors":false,"_links":{"self":[{"href":"https:\/\/www.one.org\/de\/wp-json\/wp\/v2\/posts\/167131","targetHints":{"allow":["GET"]}}],"collection":[{"href":"https:\/\/www.one.org\/de\/wp-json\/wp\/v2\/posts"}],"about":[{"href":"https:\/\/www.one.org\/de\/wp-json\/wp\/v2\/types\/post"}],"author":[{"embeddable":true,"href":"https:\/\/www.one.org\/de\/wp-json\/wp\/v2\/users\/1"}],"replies":[{"embeddable":true,"href":"https:\/\/www.one.org\/de\/wp-json\/wp\/v2\/comments?post=167131"}],"version-history":[{"count":0,"href":"https:\/\/www.one.org\/de\/wp-json\/wp\/v2\/posts\/167131\/revisions"}],"wp:featuredmedia":[{"embeddable":true,"href":"https:\/\/www.one.org\/de\/wp-json\/wp\/v2\/media\/168978"}],"wp:attachment":[{"href":"https:\/\/www.one.org\/de\/wp-json\/wp\/v2\/media?parent=167131"}],"wp:term":[{"taxonomy":"category","embeddable":true,"href":"https:\/\/www.one.org\/de\/wp-json\/wp\/v2\/categories?post=167131"},{"taxonomy":"post_tag","embeddable":true,"href":"https:\/\/www.one.org\/de\/wp-json\/wp\/v2\/tags?post=167131"},{"taxonomy":"topic","embeddable":true,"href":"https:\/\/www.one.org\/de\/wp-json\/wp\/v2\/topic?post=167131"},{"taxonomy":"contributor","embeddable":true,"href":"https:\/\/www.one.org\/de\/wp-json\/wp\/v2\/contributor?post=167131"},{"taxonomy":"one_content_audience","embeddable":true,"href":"https:\/\/www.one.org\/de\/wp-json\/wp\/v2\/one_content_audience?post=167131"},{"taxonomy":"one_content_type","embeddable":true,"href":"https:\/\/www.one.org\/de\/wp-json\/wp\/v2\/one_content_type?post=167131"},{"taxonomy":"one_content_tone","embeddable":true,"href":"https:\/\/www.one.org\/de\/wp-json\/wp\/v2\/one_content_tone?post=167131"}],"curies":[{"name":"wp","href":"https:\/\/api.w.org\/{rel}","templated":true}]}}