{"id":167126,"date":"2020-07-09T11:34:50","date_gmt":"2020-07-09T11:34:50","guid":{"rendered":"https:\/\/www.one.org\/de\/hey-regierung-wir-hatten-da-ein-paar-ideen-fur-die-ratsprasidentschaft\/"},"modified":"2024-01-19T15:54:35","modified_gmt":"2024-01-19T15:54:35","slug":"hey-regierung-wir-haetten-da-ein-paar-ideen-fuer-die-ratspraesidentschaft","status":"publish","type":"post","link":"https:\/\/www.one.org\/de\/neuigkeiten\/hey-regierung-wir-haetten-da-ein-paar-ideen-fuer-die-ratspraesidentschaft\/","title":{"rendered":"Hey Regierung, wir h\u00e4tten da ein paar Ideen f\u00fcr die Ratspr\u00e4sidentschaft!"},"content":{"rendered":"\n<p><strong>Hier bloggen unsere Jugendbotschafterinnen <em>Shila<\/em> und <em>Janice<\/em> zu ihren W\u00fcnschen an die deutsche EU-Ratspr\u00e4sidentschaft.&nbsp;<\/strong><\/p>\n\n\n\n<p><span style=\"font-weight: 400\">Ihr habt es vielleicht schon mitbekommen: am 1. Juli hat die <\/span><b>deutsche EU-Ratspr\u00e4sidentschaft <\/b><span style=\"font-weight: 400\">begonnen. Das bedeutet, dass Deutschland den Vorsitz im Rat der Europ\u00e4ischen Union \u00fcbernimmt. Dieser besteht aus den Regierungen aller 27 EU-Mitgliedstaaten \u2013 ziemlich wichtig also. Deutschland hat deshalb in den kommenden sechs Monaten gro\u00dfen Einfluss darauf, was in Br\u00fcssel auf der Tagesordnung steht.\u00a0<\/span><\/p>\n\n\n\n<h3 class=\"wp-block-heading\" id=\"h-offener-brief-an-die-bundesregierung\"><b>Offener Brief an die Bundesregierung<\/b><\/h3>\n\n\n\n<p><span style=\"font-weight: 400\">Diese Gelegenheit wollen wir Jugendbotschafter*innen nutzen, um unsere <\/span><b>W\u00fcnsche und Forderungen an unsere Regierung<\/b><span style=\"font-weight: 400\"> weiterzugeben. Denn gerade jetzt ist es super wichtig, dass auch junge Menschen Einfluss auf die Politik nehmen! Denn wir sind diejenigen, die noch am l\u00e4ngsten mit den Auswirkungen der Pandemie leben werden. Wir haben deshalb einen offenen Brief an die Bundesregierung geschrieben, den du auch gerne unterzeichnen kannst.<\/span><\/p>\n\n\n\n<div id=\"attachment_152663\" style=\"width: 549px\" class=\"wp-caption aligncenter\"><img decoding=\"async\" aria-describedby=\"caption-attachment-152663\" loading=\"lazy\" class=\" wp-image-152663\" src=\"https:\/\/cdn.one.org\/de\/wp-content\/uploads\/2020\/07\/07073729\/urban20200305-01-016-640x426.jpg\" alt=\"Jugendbotschafter*innen setzen sich f\u00fcr globale Gerechtigkeit ein\" width=\"539\" height=\"358\"><p><\/p>\n<p id=\"caption-attachment-152663\" class=\"wp-caption-text\">Jugendbotschafter*innen im Einsatz f\u00fcr globale Gerechtigkeit<\/p>\n<\/div>\n\n\n\n<h3 class=\"wp-block-heading\" id=\"h-das-sind-unsere-forderungen\"><b>Das sind unsere Forderungen<\/b><\/h3>\n\n\n\n<p><span style=\"font-weight: 400\">Was uns ganz wichtig ist: Wir sehen die Ratspr\u00e4sidentschaft als <\/span><b>gro\u00dfe Chance, um Europa und die restliche Welt n\u00e4her zusammenr\u00fccken zu lassen<\/b><span style=\"font-weight: 400\">. Wir brauchen gerade jetzt, wo die gesamte Welt von einer Pandemie in Atem gehalten wird, ein <\/span><b>Zeichen f\u00fcr Solidarit\u00e4t und internationale Zusammenarbeit<\/b><span style=\"font-weight: 400\">. Au\u00dferdem kann die Ratspr\u00e4sidentschaft genutzt werden, um eine Grundlage zu schaffen, um <\/span><a href=\"https:\/\/www.one.org\/de\/blog\/unsere-herzen-schlagen-fuer-globale-gerechtigkeit\/\"><span style=\"font-weight: 400\">Europapolitik gerechter zu gestalten<\/span><\/a><span style=\"font-weight: 400\">. Zum Beispiel durch einen robuster EU-Haushalt mit mehr Entwicklungsausgaben. Oder durch den Aufbau einer EU-Afrika-Beziehung auf Augenh\u00f6he.&nbsp;<\/span><\/p>\n\n\n\n<figure class=\"wp-block-image aligncenter\"><img decoding=\"async\" src=\"https:\/\/cdn.one.org\/de\/wp-content\/uploads\/2020\/07\/07073321\/OW_DEpres_2020_quote1_1100x628_de-640x365.png\" alt=\"\" class=\"wp-image-152662\" \/><\/figure>\n\n\n\n<p><span style=\"font-weight: 400\">Das Jahr 2020 leitet zudem auch das letzte Jahrzehnt bis zum Ablaufdatum der UN-Nachhaltigkeitsziele (SDGs) ein. Gerade auch im Angesicht der Pandemie, w\u00fcnschen wir uns von der EU, jetzt Vorarbeit zu leisten, sodass besonders die Nachhaltigkeitsziele zu Gesundheit (SDG3) und der Beendigung von Armut (SDG1) bis 2030 eingehalten werden.\u00a0<\/span><\/p>\n\n\n\n<h3 class=\"wp-block-heading\" id=\"h-jetzt-bist-du-gefragt\"><b>Jetzt bist du gefragt!<\/b><\/h3>\n\n\n\n<p><span style=\"font-weight: 400\">Wir werden die deutsche EU-Ratspr\u00e4sidentschaft auf jeden Fall aufmerksam verfolgen und euch \u00fcber wichtige Themen auf unserem Blog auf dem Laufenden halten!&nbsp;<\/span><\/p>\n\n\n\n<p><\/p>\n<div class=\"buffer\"><\/div>","protected":false},"excerpt":{"rendered":"<p>Hier bloggen unsere Jugendbotschafterinnen Shila und Janice zu ihren W\u00fcnschen an die deutsche EU-Ratspr\u00e4sidentschaft.&nbsp; Ihr habt es vielleicht schon mitbekommen: am 1. Juli hat die deutsche EU-Ratspr\u00e4sidentschaft begonnen. Das bedeutet, dass Deutschland den Vorsitz im Rat der Europ\u00e4ischen Union \u00fcbernimmt. Dieser besteht aus den Regierungen aller 27 EU-Mitgliedstaaten \u2013 ziemlich wichtig also. Deutschland hat deshalb [&hellip;]<\/p>\n","protected":false},"author":1,"featured_media":168982,"comment_status":"open","ping_status":"open","sticky":false,"template":"","format":"standard","meta":{"_acf_changed":false,"_relevanssi_hide_post":"","_relevanssi_hide_content":"","_relevanssi_pin_for_all":"","_relevanssi_pin_keywords":"","_relevanssi_unpin_keywords":"","_relevanssi_related_keywords":"","_relevanssi_related_include_ids":"","_relevanssi_related_exclude_ids":"","_relevanssi_related_no_append":"","_relevanssi_related_not_related":"","_relevanssi_related_posts":"170931,170894,170594,170584,170560,170417","_relevanssi_noindex_reason":"","footnotes":""},"categories":[1],"tags":[94,95,87,96],"topic":[49],"contributor":[35,52],"one_content_audience":[],"one_content_type":[],"one_content_tone":[],"class_list":["post-167126","post","type-post","status-publish","format-standard","has-post-thumbnail","hentry","category-uncategorized","tag-bundesregierung","tag-eu-presidency","tag-eu-ratspraesidentschaft","tag-mfr","topic-euro-zusammenarbeit","contributor-gast-blogger","contributor-sandra-klaft"],"acf":[],"yoast_head":"<!-- This site is optimized with the Yoast SEO Premium plugin v27.1 (Yoast SEO v27.1.1) - https:\/\/yoast.com\/product\/yoast-seo-premium-wordpress\/ -->\n<title>Hey Regierung, wir h\u00e4tten da ein paar Ideen f\u00fcr die Ratspr\u00e4sidentschaft! - ONE.org Deutschland<\/title>\n<meta name=\"description\" content=\"Die deutsche Ratspr\u00e4sidentschaft ist da. Hier verraten unsere Jugendbotschafter*innen, was sie sich jetzt von der Bundesregierung w\u00fcnschen.\" \/>\n<meta name=\"robots\" content=\"index, follow, max-snippet:-1, max-image-preview:large, max-video-preview:-1\" \/>\n<link rel=\"canonical\" href=\"https:\/\/www.one.org\/de\/neuigkeiten\/hey-regierung-wir-haetten-da-ein-paar-ideen-fuer-die-ratspraesidentschaft\/\" \/>\n<meta property=\"og:locale\" content=\"de_DE\" \/>\n<meta property=\"og:type\" content=\"article\" \/>\n<meta property=\"og:title\" content=\"Hey Regierung, wir h\u00e4tten da ein paar Ideen f\u00fcr die Ratspr\u00e4sidentschaft!\" \/>\n<meta property=\"og:description\" content=\"Die deutsche Ratspr\u00e4sidentschaft ist da. Hier verraten unsere Jugendbotschafter*innen, was sie sich jetzt von der Bundesregierung w\u00fcnschen.\" \/>\n<meta property=\"og:url\" content=\"https:\/\/www.one.org\/de\/neuigkeiten\/hey-regierung-wir-haetten-da-ein-paar-ideen-fuer-die-ratspraesidentschaft\/\" \/>\n<meta property=\"og:site_name\" content=\"ONE.org Deutschland\" \/>\n<meta property=\"article:publisher\" content=\"https:\/\/www.facebook.com\/ONEinNederland\" \/>\n<meta property=\"article:published_time\" content=\"2020-07-09T11:34:50+00:00\" \/>\n<meta property=\"article:modified_time\" content=\"2024-01-19T15:54:35+00:00\" \/>\n<meta property=\"og:image\" content=\"https:\/\/cdn.one.org\/de\/wp-content\/uploads\/2020\/06\/24162028\/OC_DEpres_2020_social_1200x628.jpg\" \/>\n<meta name=\"author\" content=\"admin\" \/>\n<meta name=\"twitter:card\" content=\"summary_large_image\" \/>\n<meta name=\"twitter:title\" content=\"Hey Regierung, wir h\u00e4tten da ein paar Ideen f\u00fcr die Ratspr\u00e4sidentschaft!\" \/>\n<meta name=\"twitter:creator\" content=\"@ONENederland\" \/>\n<meta name=\"twitter:site\" content=\"@ONENederland\" \/>\n<meta name=\"twitter:label1\" content=\"Written by\" \/>\n\t<meta name=\"twitter:data1\" content=\"admin\" \/>\n\t<meta name=\"twitter:label2\" content=\"Est. reading time\" \/>\n\t<meta name=\"twitter:data2\" content=\"2 minutes\" \/>\n<script type=\"application\/ld+json\" class=\"yoast-schema-graph\">{\"@context\":\"https:\/\/schema.org\",\"@graph\":[{\"@type\":[\"Article\",\"BlogPosting\"],\"@id\":\"https:\/\/www.one.org\/de\/neuigkeiten\/hey-regierung-wir-haetten-da-ein-paar-ideen-fuer-die-ratspraesidentschaft\/#article\",\"isPartOf\":{\"@id\":\"https:\/\/www.one.org\/de\/neuigkeiten\/hey-regierung-wir-haetten-da-ein-paar-ideen-fuer-die-ratspraesidentschaft\/\"},\"author\":{\"name\":\"admin\",\"@id\":\"https:\/\/www.one.org\/de\/#\/schema\/person\/236ef43a079c36667c3f1de2da8e0838\"},\"headline\":\"Hey Regierung, wir h\u00e4tten da ein paar Ideen f\u00fcr die Ratspr\u00e4sidentschaft!\",\"datePublished\":\"2020-07-09T11:34:50+00:00\",\"dateModified\":\"2024-01-19T15:54:35+00:00\",\"mainEntityOfPage\":{\"@id\":\"https:\/\/www.one.org\/de\/neuigkeiten\/hey-regierung-wir-haetten-da-ein-paar-ideen-fuer-die-ratspraesidentschaft\/\"},\"wordCount\":333,\"commentCount\":0,\"image\":{\"@id\":\"https:\/\/www.one.org\/de\/neuigkeiten\/hey-regierung-wir-haetten-da-ein-paar-ideen-fuer-die-ratspraesidentschaft\/#primaryimage\"},\"thumbnailUrl\":\"https:\/\/www.one.org\/de\/wp-content\/uploads\/sites\/3\/2020\/07\/OC_DEpres_2020_featured_1200x1200.jpg\",\"keywords\":[\"Bundesregierung\",\"EU presidency\",\"EU-Ratspr\u00e4sidentschaft\",\"MFR\"],\"inLanguage\":\"de-DE\",\"potentialAction\":[{\"@type\":\"CommentAction\",\"name\":\"Comment\",\"target\":[\"https:\/\/www.one.org\/de\/neuigkeiten\/hey-regierung-wir-haetten-da-ein-paar-ideen-fuer-die-ratspraesidentschaft\/#respond\"]}]},{\"@type\":\"WebPage\",\"@id\":\"https:\/\/www.one.org\/de\/neuigkeiten\/hey-regierung-wir-haetten-da-ein-paar-ideen-fuer-die-ratspraesidentschaft\/\",\"url\":\"https:\/\/www.one.org\/de\/neuigkeiten\/hey-regierung-wir-haetten-da-ein-paar-ideen-fuer-die-ratspraesidentschaft\/\",\"name\":\"Hey Regierung, wir h\u00e4tten da ein paar Ideen f\u00fcr die Ratspr\u00e4sidentschaft! - ONE.org Deutschland\",\"isPartOf\":{\"@id\":\"https:\/\/www.one.org\/de\/#website\"},\"primaryImageOfPage\":{\"@id\":\"https:\/\/www.one.org\/de\/neuigkeiten\/hey-regierung-wir-haetten-da-ein-paar-ideen-fuer-die-ratspraesidentschaft\/#primaryimage\"},\"image\":{\"@id\":\"https:\/\/www.one.org\/de\/neuigkeiten\/hey-regierung-wir-haetten-da-ein-paar-ideen-fuer-die-ratspraesidentschaft\/#primaryimage\"},\"thumbnailUrl\":\"https:\/\/www.one.org\/de\/wp-content\/uploads\/sites\/3\/2020\/07\/OC_DEpres_2020_featured_1200x1200.jpg\",\"datePublished\":\"2020-07-09T11:34:50+00:00\",\"dateModified\":\"2024-01-19T15:54:35+00:00\",\"author\":{\"@id\":\"https:\/\/www.one.org\/de\/#\/schema\/person\/236ef43a079c36667c3f1de2da8e0838\"},\"description\":\"Die deutsche Ratspr\u00e4sidentschaft ist da. Hier verraten unsere Jugendbotschafter*innen, was sie sich jetzt von der Bundesregierung w\u00fcnschen.\",\"breadcrumb\":{\"@id\":\"https:\/\/www.one.org\/de\/neuigkeiten\/hey-regierung-wir-haetten-da-ein-paar-ideen-fuer-die-ratspraesidentschaft\/#breadcrumb\"},\"inLanguage\":\"de-DE\",\"potentialAction\":[{\"@type\":\"ReadAction\",\"target\":[\"https:\/\/www.one.org\/de\/neuigkeiten\/hey-regierung-wir-haetten-da-ein-paar-ideen-fuer-die-ratspraesidentschaft\/\"]}]},{\"@type\":\"ImageObject\",\"inLanguage\":\"de-DE\",\"@id\":\"https:\/\/www.one.org\/de\/neuigkeiten\/hey-regierung-wir-haetten-da-ein-paar-ideen-fuer-die-ratspraesidentschaft\/#primaryimage\",\"url\":\"https:\/\/www.one.org\/de\/wp-content\/uploads\/sites\/3\/2020\/07\/OC_DEpres_2020_featured_1200x1200.jpg\",\"contentUrl\":\"https:\/\/www.one.org\/de\/wp-content\/uploads\/sites\/3\/2020\/07\/OC_DEpres_2020_featured_1200x1200.jpg\",\"width\":1200,\"height\":1200},{\"@type\":\"BreadcrumbList\",\"@id\":\"https:\/\/www.one.org\/de\/neuigkeiten\/hey-regierung-wir-haetten-da-ein-paar-ideen-fuer-die-ratspraesidentschaft\/#breadcrumb\",\"itemListElement\":[{\"@type\":\"ListItem\",\"position\":1,\"name\":\"Home\",\"item\":\"https:\/\/www.one.org\/de\/\"},{\"@type\":\"ListItem\",\"position\":2,\"name\":\"Hey Regierung, wir h\u00e4tten da ein paar Ideen f\u00fcr die Ratspr\u00e4sidentschaft!\"}]},{\"@type\":\"WebSite\",\"@id\":\"https:\/\/www.one.org\/de\/#website\",\"url\":\"https:\/\/www.one.org\/de\/\",\"name\":\"ONE.org\",\"description\":\"F\u00fcr mehr wirtschaftliche Chancen und ein starkes Gesundheitswesen in Afrika\",\"potentialAction\":[{\"@type\":\"SearchAction\",\"target\":{\"@type\":\"EntryPoint\",\"urlTemplate\":\"https:\/\/www.one.org\/de\/?s={search_term_string}\"},\"query-input\":{\"@type\":\"PropertyValueSpecification\",\"valueRequired\":true,\"valueName\":\"search_term_string\"}}],\"inLanguage\":\"de-DE\"},{\"@type\":\"Person\",\"@id\":\"https:\/\/www.one.org\/de\/#\/schema\/person\/236ef43a079c36667c3f1de2da8e0838\",\"name\":\"admin\",\"image\":{\"@type\":\"ImageObject\",\"inLanguage\":\"de-DE\",\"@id\":\"https:\/\/www.one.org\/de\/#\/schema\/person\/image\/\",\"url\":\"https:\/\/secure.gravatar.com\/avatar\/2b4204681b789d34ede86a735f8b6378df901f7f7ab7a9ca89af4670b2bb13b8?s=96&d=mm&r=g\",\"contentUrl\":\"https:\/\/secure.gravatar.com\/avatar\/2b4204681b789d34ede86a735f8b6378df901f7f7ab7a9ca89af4670b2bb13b8?s=96&d=mm&r=g\",\"caption\":\"admin\"},\"sameAs\":[\"http:\/\/www.one.org\"],\"url\":\"https:\/\/www.one.org\/de\/neuigkeiten\/author\/admin\/\"}]}<\/script>\n<!-- \/ Yoast SEO Premium plugin. -->","yoast_head_json":{"title":"Hey Regierung, wir h\u00e4tten da ein paar Ideen f\u00fcr die Ratspr\u00e4sidentschaft! - ONE.org Deutschland","description":"Die deutsche Ratspr\u00e4sidentschaft ist da. Hier verraten unsere Jugendbotschafter*innen, was sie sich jetzt von der Bundesregierung w\u00fcnschen.","robots":{"index":"index","follow":"follow","max-snippet":"max-snippet:-1","max-image-preview":"max-image-preview:large","max-video-preview":"max-video-preview:-1"},"canonical":"https:\/\/www.one.org\/de\/neuigkeiten\/hey-regierung-wir-haetten-da-ein-paar-ideen-fuer-die-ratspraesidentschaft\/","og_locale":"de_DE","og_type":"article","og_title":"Hey Regierung, wir h\u00e4tten da ein paar Ideen f\u00fcr die Ratspr\u00e4sidentschaft!","og_description":"Die deutsche Ratspr\u00e4sidentschaft ist da. Hier verraten unsere Jugendbotschafter*innen, was sie sich jetzt von der Bundesregierung w\u00fcnschen.","og_url":"https:\/\/www.one.org\/de\/neuigkeiten\/hey-regierung-wir-haetten-da-ein-paar-ideen-fuer-die-ratspraesidentschaft\/","og_site_name":"ONE.org Deutschland","article_publisher":"https:\/\/www.facebook.com\/ONEinNederland","article_published_time":"2020-07-09T11:34:50+00:00","article_modified_time":"2024-01-19T15:54:35+00:00","og_image":[{"url":"https:\/\/cdn.one.org\/de\/wp-content\/uploads\/2020\/06\/24162028\/OC_DEpres_2020_social_1200x628.jpg","type":"","width":"","height":""}],"author":"admin","twitter_card":"summary_large_image","twitter_title":"Hey Regierung, wir h\u00e4tten da ein paar Ideen f\u00fcr die Ratspr\u00e4sidentschaft!","twitter_creator":"@ONENederland","twitter_site":"@ONENederland","twitter_misc":{"Written by":"admin","Est. reading time":"2 minutes"},"schema":{"@context":"https:\/\/schema.org","@graph":[{"@type":["Article","BlogPosting"],"@id":"https:\/\/www.one.org\/de\/neuigkeiten\/hey-regierung-wir-haetten-da-ein-paar-ideen-fuer-die-ratspraesidentschaft\/#article","isPartOf":{"@id":"https:\/\/www.one.org\/de\/neuigkeiten\/hey-regierung-wir-haetten-da-ein-paar-ideen-fuer-die-ratspraesidentschaft\/"},"author":{"name":"admin","@id":"https:\/\/www.one.org\/de\/#\/schema\/person\/236ef43a079c36667c3f1de2da8e0838"},"headline":"Hey Regierung, wir h\u00e4tten da ein paar Ideen f\u00fcr die Ratspr\u00e4sidentschaft!","datePublished":"2020-07-09T11:34:50+00:00","dateModified":"2024-01-19T15:54:35+00:00","mainEntityOfPage":{"@id":"https:\/\/www.one.org\/de\/neuigkeiten\/hey-regierung-wir-haetten-da-ein-paar-ideen-fuer-die-ratspraesidentschaft\/"},"wordCount":333,"commentCount":0,"image":{"@id":"https:\/\/www.one.org\/de\/neuigkeiten\/hey-regierung-wir-haetten-da-ein-paar-ideen-fuer-die-ratspraesidentschaft\/#primaryimage"},"thumbnailUrl":"https:\/\/www.one.org\/de\/wp-content\/uploads\/sites\/3\/2020\/07\/OC_DEpres_2020_featured_1200x1200.jpg","keywords":["Bundesregierung","EU presidency","EU-Ratspr\u00e4sidentschaft","MFR"],"inLanguage":"de-DE","potentialAction":[{"@type":"CommentAction","name":"Comment","target":["https:\/\/www.one.org\/de\/neuigkeiten\/hey-regierung-wir-haetten-da-ein-paar-ideen-fuer-die-ratspraesidentschaft\/#respond"]}]},{"@type":"WebPage","@id":"https:\/\/www.one.org\/de\/neuigkeiten\/hey-regierung-wir-haetten-da-ein-paar-ideen-fuer-die-ratspraesidentschaft\/","url":"https:\/\/www.one.org\/de\/neuigkeiten\/hey-regierung-wir-haetten-da-ein-paar-ideen-fuer-die-ratspraesidentschaft\/","name":"Hey Regierung, wir h\u00e4tten da ein paar Ideen f\u00fcr die Ratspr\u00e4sidentschaft! - ONE.org Deutschland","isPartOf":{"@id":"https:\/\/www.one.org\/de\/#website"},"primaryImageOfPage":{"@id":"https:\/\/www.one.org\/de\/neuigkeiten\/hey-regierung-wir-haetten-da-ein-paar-ideen-fuer-die-ratspraesidentschaft\/#primaryimage"},"image":{"@id":"https:\/\/www.one.org\/de\/neuigkeiten\/hey-regierung-wir-haetten-da-ein-paar-ideen-fuer-die-ratspraesidentschaft\/#primaryimage"},"thumbnailUrl":"https:\/\/www.one.org\/de\/wp-content\/uploads\/sites\/3\/2020\/07\/OC_DEpres_2020_featured_1200x1200.jpg","datePublished":"2020-07-09T11:34:50+00:00","dateModified":"2024-01-19T15:54:35+00:00","author":{"@id":"https:\/\/www.one.org\/de\/#\/schema\/person\/236ef43a079c36667c3f1de2da8e0838"},"description":"Die deutsche Ratspr\u00e4sidentschaft ist da. Hier verraten unsere Jugendbotschafter*innen, was sie sich jetzt von der Bundesregierung w\u00fcnschen.","breadcrumb":{"@id":"https:\/\/www.one.org\/de\/neuigkeiten\/hey-regierung-wir-haetten-da-ein-paar-ideen-fuer-die-ratspraesidentschaft\/#breadcrumb"},"inLanguage":"de-DE","potentialAction":[{"@type":"ReadAction","target":["https:\/\/www.one.org\/de\/neuigkeiten\/hey-regierung-wir-haetten-da-ein-paar-ideen-fuer-die-ratspraesidentschaft\/"]}]},{"@type":"ImageObject","inLanguage":"de-DE","@id":"https:\/\/www.one.org\/de\/neuigkeiten\/hey-regierung-wir-haetten-da-ein-paar-ideen-fuer-die-ratspraesidentschaft\/#primaryimage","url":"https:\/\/www.one.org\/de\/wp-content\/uploads\/sites\/3\/2020\/07\/OC_DEpres_2020_featured_1200x1200.jpg","contentUrl":"https:\/\/www.one.org\/de\/wp-content\/uploads\/sites\/3\/2020\/07\/OC_DEpres_2020_featured_1200x1200.jpg","width":1200,"height":1200},{"@type":"BreadcrumbList","@id":"https:\/\/www.one.org\/de\/neuigkeiten\/hey-regierung-wir-haetten-da-ein-paar-ideen-fuer-die-ratspraesidentschaft\/#breadcrumb","itemListElement":[{"@type":"ListItem","position":1,"name":"Home","item":"https:\/\/www.one.org\/de\/"},{"@type":"ListItem","position":2,"name":"Hey Regierung, wir h\u00e4tten da ein paar Ideen f\u00fcr die Ratspr\u00e4sidentschaft!"}]},{"@type":"WebSite","@id":"https:\/\/www.one.org\/de\/#website","url":"https:\/\/www.one.org\/de\/","name":"ONE.org","description":"F\u00fcr mehr wirtschaftliche Chancen und ein starkes Gesundheitswesen in Afrika","potentialAction":[{"@type":"SearchAction","target":{"@type":"EntryPoint","urlTemplate":"https:\/\/www.one.org\/de\/?s={search_term_string}"},"query-input":{"@type":"PropertyValueSpecification","valueRequired":true,"valueName":"search_term_string"}}],"inLanguage":"de-DE"},{"@type":"Person","@id":"https:\/\/www.one.org\/de\/#\/schema\/person\/236ef43a079c36667c3f1de2da8e0838","name":"admin","image":{"@type":"ImageObject","inLanguage":"de-DE","@id":"https:\/\/www.one.org\/de\/#\/schema\/person\/image\/","url":"https:\/\/secure.gravatar.com\/avatar\/2b4204681b789d34ede86a735f8b6378df901f7f7ab7a9ca89af4670b2bb13b8?s=96&d=mm&r=g","contentUrl":"https:\/\/secure.gravatar.com\/avatar\/2b4204681b789d34ede86a735f8b6378df901f7f7ab7a9ca89af4670b2bb13b8?s=96&d=mm&r=g","caption":"admin"},"sameAs":["http:\/\/www.one.org"],"url":"https:\/\/www.one.org\/de\/neuigkeiten\/author\/admin\/"}]}},"distributor_meta":false,"distributor_terms":false,"distributor_media":false,"distributor_original_site_name":"ONE.org Deutschland","distributor_original_site_url":"https:\/\/www.one.org\/de","push-errors":false,"_links":{"self":[{"href":"https:\/\/www.one.org\/de\/wp-json\/wp\/v2\/posts\/167126","targetHints":{"allow":["GET"]}}],"collection":[{"href":"https:\/\/www.one.org\/de\/wp-json\/wp\/v2\/posts"}],"about":[{"href":"https:\/\/www.one.org\/de\/wp-json\/wp\/v2\/types\/post"}],"author":[{"embeddable":true,"href":"https:\/\/www.one.org\/de\/wp-json\/wp\/v2\/users\/1"}],"replies":[{"embeddable":true,"href":"https:\/\/www.one.org\/de\/wp-json\/wp\/v2\/comments?post=167126"}],"version-history":[{"count":0,"href":"https:\/\/www.one.org\/de\/wp-json\/wp\/v2\/posts\/167126\/revisions"}],"wp:featuredmedia":[{"embeddable":true,"href":"https:\/\/www.one.org\/de\/wp-json\/wp\/v2\/media\/168982"}],"wp:attachment":[{"href":"https:\/\/www.one.org\/de\/wp-json\/wp\/v2\/media?parent=167126"}],"wp:term":[{"taxonomy":"category","embeddable":true,"href":"https:\/\/www.one.org\/de\/wp-json\/wp\/v2\/categories?post=167126"},{"taxonomy":"post_tag","embeddable":true,"href":"https:\/\/www.one.org\/de\/wp-json\/wp\/v2\/tags?post=167126"},{"taxonomy":"topic","embeddable":true,"href":"https:\/\/www.one.org\/de\/wp-json\/wp\/v2\/topic?post=167126"},{"taxonomy":"contributor","embeddable":true,"href":"https:\/\/www.one.org\/de\/wp-json\/wp\/v2\/contributor?post=167126"},{"taxonomy":"one_content_audience","embeddable":true,"href":"https:\/\/www.one.org\/de\/wp-json\/wp\/v2\/one_content_audience?post=167126"},{"taxonomy":"one_content_type","embeddable":true,"href":"https:\/\/www.one.org\/de\/wp-json\/wp\/v2\/one_content_type?post=167126"},{"taxonomy":"one_content_tone","embeddable":true,"href":"https:\/\/www.one.org\/de\/wp-json\/wp\/v2\/one_content_tone?post=167126"}],"curies":[{"name":"wp","href":"https:\/\/api.w.org\/{rel}","templated":true}]}}