{"id":167112,"date":"2020-06-19T10:58:06","date_gmt":"2020-06-19T10:58:06","guid":{"rendered":"https:\/\/www.one.org\/de\/ones-empfehlungen-fur-die-deutsche-eu-ratsprasidentschaft\/"},"modified":"2023-10-31T15:04:07","modified_gmt":"2023-10-31T15:04:07","slug":"eu-ratspraesidentschaft","status":"publish","type":"post","link":"https:\/\/www.one.org\/de\/neuigkeiten\/eu-ratspraesidentschaft\/","title":{"rendered":"ONEs Empfehlungen f\u00fcr die deutsche EU-Ratspr\u00e4sidentschaft"},"content":{"rendered":"<h1>M&ouml;glichkeiten einer gerechten und globalen Erholung von der COVID-19-Krise<\/h1>\n<p><em>[<a href=\"https:\/\/www.one.org\/wp-content\/uploads\/2020\/06\/ONE_Deutsche-EU-Ratspr%C3%A4sidentschaft.pdf\">Direkt zu den Empfehlungen.<\/a>]<\/em><\/p>\n<p>&bdquo;Die weltweit dramatischen Folgen der Pandemie fordern, dass Europa mehr globale Verantwortung &uuml;bernimmt,&ldquo; sagte Bundeskanzlerin Angela Merkel am 18. Juni 2020 im Bundestag und betonte, dass Afrika ein au&szlig;enpolitischer Schwerpunkt der deutschen EU-Ratspr&auml;sidentschaft wird.<\/p>\n<p>Die deutsche EU-Ratspr&auml;sidentschaft muss einerseits die Folgen der Corona-Pandemie in Europa angehen. Andererseits zeichnet sich bereits jetzt ab, dass besonders afrikanische Staaten unter den Folgen leiden werden &ndash; darum freuen wir uns &uuml;ber die Priorit&auml;tensetzung der Bundesregierung.<\/p>\n<p>Afrika darf aber nicht nur in den sechs Monaten ganz oben auf der EU-Agenda stehen, sondern muss dies auch f&uuml;r die kommenden Jahre. Darum bitten wir die Bundesregierung, in ihrer Ratspr&auml;sidentschaft Impulse zu setzen, um diese Priorit&auml;t zu verstetigen. Die folgenden Ma&szlig;nahmen eignen sich aus unserer Sicht daf&uuml;r besonders:<\/p>\n<ul>\n<li>Ein robuster EU-Haushalt und mehr Entwicklungsausgaben f&uuml;r ein starkes Europa in der Welt<\/li>\n<li>Ein wirtschaftlicher Stimulus f&uuml;r die &Auml;rmsten<\/li>\n<li>Neuauflage der EU-Afrika-Strategie<\/li>\n<li>Die Corona-Krise mit einem Impfstoff f&uuml;r alle beenden<\/li>\n<\/ul>\n<p><strong>Wie das gehen kann, steht in <a href=\"https:\/\/www.one.org\/wp-content\/uploads\/2020\/06\/ONE_Deutsche-EU-Ratspr%C3%A4sidentschaft.pdf\">unseren Empfehlungen zur deutschen EU-Ratspr&auml;sidentschaft<\/a>.<\/strong><\/p>\n<div class=\"buffer\"><\/div>","protected":false},"excerpt":{"rendered":"<p>M&ouml;glichkeiten einer gerechten und globalen Erholung von der COVID-19-Krise [Direkt zu den Empfehlungen.] &bdquo;Die weltweit dramatischen Folgen der Pandemie fordern, dass Europa mehr globale Verantwortung &uuml;bernimmt,&ldquo; sagte Bundeskanzlerin Angela Merkel am 18. Juni 2020 im Bundestag und betonte, dass Afrika ein au&szlig;enpolitischer Schwerpunkt der deutschen EU-Ratspr&auml;sidentschaft wird. Die deutsche EU-Ratspr&auml;sidentschaft muss einerseits die Folgen der [&hellip;]<\/p>\n","protected":false},"author":1,"featured_media":169014,"comment_status":"open","ping_status":"open","sticky":false,"template":"","format":"standard","meta":{"_acf_changed":false,"_relevanssi_hide_post":"","_relevanssi_hide_content":"","_relevanssi_pin_for_all":"","_relevanssi_pin_keywords":"","_relevanssi_unpin_keywords":"","_relevanssi_related_keywords":"","_relevanssi_related_include_ids":"","_relevanssi_related_exclude_ids":"","_relevanssi_related_no_append":"","_relevanssi_related_not_related":"","_relevanssi_related_posts":"167666,169596,169520,167719,167718,167715","_relevanssi_noindex_reason":"","footnotes":""},"categories":[1],"tags":[84,85,86,87,88,89],"topic":[49,40],"contributor":[31],"one_content_audience":[],"one_content_type":[],"one_content_tone":[],"class_list":["post-167112","post","type-post","status-publish","format-standard","has-post-thumbnail","hentry","category-uncategorized","tag-afrika","tag-au","tag-eu","tag-eu-ratspraesidentschaft","tag-europa","tag-politik-aktuell","topic-euro-zusammenarbeit","topic-politische-analyse","contributor-clemens-schwanhold"],"acf":[],"yoast_head":"<!-- This site is optimized with the Yoast SEO Premium plugin v27.1 (Yoast SEO v27.1.1) - https:\/\/yoast.com\/product\/yoast-seo-premium-wordpress\/ -->\n<title>ONEs Empfehlungen f\u00fcr die deutsche EU-Ratspr\u00e4sidentschaft - ONE.org Deutschland<\/title>\n<meta name=\"description\" content=\"W\u00e4hrend der deutschen EU-Ratspr\u00e4sidentschaft sollte die Bundesregierung die EU-Beziehungen zu Afrika in den Mittelpunkt stellen.\" \/>\n<meta name=\"robots\" content=\"index, follow, max-snippet:-1, max-image-preview:large, max-video-preview:-1\" \/>\n<link rel=\"canonical\" href=\"https:\/\/www.one.org\/de\/neuigkeiten\/eu-ratspraesidentschaft\/\" \/>\n<meta property=\"og:locale\" content=\"de_DE\" \/>\n<meta property=\"og:type\" content=\"article\" \/>\n<meta property=\"og:title\" content=\"ONEs Empfehlungen f\u00fcr die deutsche EU-Ratspr\u00e4sidentschaft\" \/>\n<meta property=\"og:description\" content=\"W\u00e4hrend der deutschen EU-Ratspr\u00e4sidentschaft sollte die Bundesregierung die EU-Beziehungen zu Afrika in den Mittelpunkt stellen.\" \/>\n<meta property=\"og:url\" content=\"https:\/\/www.one.org\/de\/neuigkeiten\/eu-ratspraesidentschaft\/\" \/>\n<meta property=\"og:site_name\" content=\"ONE.org Deutschland\" \/>\n<meta property=\"article:publisher\" content=\"https:\/\/www.facebook.com\/ONEinNederland\" \/>\n<meta property=\"article:published_time\" content=\"2020-06-19T10:58:06+00:00\" \/>\n<meta property=\"article:modified_time\" content=\"2023-10-31T15:04:07+00:00\" \/>\n<meta property=\"og:image\" content=\"https:\/\/cdn.one.org\/de\/wp-content\/uploads\/2018\/06\/27163226\/europischer-rat.jpg\" \/>\n<meta name=\"author\" content=\"admin\" \/>\n<meta name=\"twitter:card\" content=\"summary_large_image\" \/>\n<meta name=\"twitter:title\" content=\"ONEs Empfehlungen f\u00fcr die deutsche EU-Ratspr\u00e4sidentschaft\" \/>\n<meta name=\"twitter:creator\" content=\"@ONENederland\" \/>\n<meta name=\"twitter:site\" content=\"@ONENederland\" \/>\n<meta name=\"twitter:label1\" content=\"Written by\" \/>\n\t<meta name=\"twitter:data1\" content=\"admin\" \/>\n\t<meta name=\"twitter:label2\" content=\"Est. reading time\" \/>\n\t<meta name=\"twitter:data2\" content=\"1 minute\" \/>\n<script type=\"application\/ld+json\" class=\"yoast-schema-graph\">{\"@context\":\"https:\/\/schema.org\",\"@graph\":[{\"@type\":[\"Article\",\"BlogPosting\"],\"@id\":\"https:\/\/www.one.org\/de\/neuigkeiten\/eu-ratspraesidentschaft\/#article\",\"isPartOf\":{\"@id\":\"https:\/\/www.one.org\/de\/neuigkeiten\/eu-ratspraesidentschaft\/\"},\"author\":{\"name\":\"admin\",\"@id\":\"https:\/\/www.one.org\/de\/#\/schema\/person\/236ef43a079c36667c3f1de2da8e0838\"},\"headline\":\"ONEs Empfehlungen f\u00fcr die deutsche EU-Ratspr\u00e4sidentschaft\",\"datePublished\":\"2020-06-19T10:58:06+00:00\",\"dateModified\":\"2023-10-31T15:04:07+00:00\",\"mainEntityOfPage\":{\"@id\":\"https:\/\/www.one.org\/de\/neuigkeiten\/eu-ratspraesidentschaft\/\"},\"wordCount\":214,\"commentCount\":0,\"image\":{\"@id\":\"https:\/\/www.one.org\/de\/neuigkeiten\/eu-ratspraesidentschaft\/#primaryimage\"},\"thumbnailUrl\":\"https:\/\/www.one.org\/de\/wp-content\/uploads\/sites\/3\/2020\/06\/euFlag.jpg\",\"keywords\":[\"Afrika\",\"AU\",\"EU\",\"EU-Ratspr\u00e4sidentschaft\",\"Europa\",\"Politik Aktuell\"],\"inLanguage\":\"de-DE\",\"potentialAction\":[{\"@type\":\"CommentAction\",\"name\":\"Comment\",\"target\":[\"https:\/\/www.one.org\/de\/neuigkeiten\/eu-ratspraesidentschaft\/#respond\"]}]},{\"@type\":\"WebPage\",\"@id\":\"https:\/\/www.one.org\/de\/neuigkeiten\/eu-ratspraesidentschaft\/\",\"url\":\"https:\/\/www.one.org\/de\/neuigkeiten\/eu-ratspraesidentschaft\/\",\"name\":\"ONEs Empfehlungen f\u00fcr die deutsche EU-Ratspr\u00e4sidentschaft - ONE.org Deutschland\",\"isPartOf\":{\"@id\":\"https:\/\/www.one.org\/de\/#website\"},\"primaryImageOfPage\":{\"@id\":\"https:\/\/www.one.org\/de\/neuigkeiten\/eu-ratspraesidentschaft\/#primaryimage\"},\"image\":{\"@id\":\"https:\/\/www.one.org\/de\/neuigkeiten\/eu-ratspraesidentschaft\/#primaryimage\"},\"thumbnailUrl\":\"https:\/\/www.one.org\/de\/wp-content\/uploads\/sites\/3\/2020\/06\/euFlag.jpg\",\"datePublished\":\"2020-06-19T10:58:06+00:00\",\"dateModified\":\"2023-10-31T15:04:07+00:00\",\"author\":{\"@id\":\"https:\/\/www.one.org\/de\/#\/schema\/person\/236ef43a079c36667c3f1de2da8e0838\"},\"description\":\"W\u00e4hrend der deutschen EU-Ratspr\u00e4sidentschaft sollte die Bundesregierung die EU-Beziehungen zu Afrika in den Mittelpunkt stellen.\",\"breadcrumb\":{\"@id\":\"https:\/\/www.one.org\/de\/neuigkeiten\/eu-ratspraesidentschaft\/#breadcrumb\"},\"inLanguage\":\"de-DE\",\"potentialAction\":[{\"@type\":\"ReadAction\",\"target\":[\"https:\/\/www.one.org\/de\/neuigkeiten\/eu-ratspraesidentschaft\/\"]}]},{\"@type\":\"ImageObject\",\"inLanguage\":\"de-DE\",\"@id\":\"https:\/\/www.one.org\/de\/neuigkeiten\/eu-ratspraesidentschaft\/#primaryimage\",\"url\":\"https:\/\/www.one.org\/de\/wp-content\/uploads\/sites\/3\/2020\/06\/euFlag.jpg\",\"contentUrl\":\"https:\/\/www.one.org\/de\/wp-content\/uploads\/sites\/3\/2020\/06\/euFlag.jpg\",\"width\":400,\"height\":266},{\"@type\":\"BreadcrumbList\",\"@id\":\"https:\/\/www.one.org\/de\/neuigkeiten\/eu-ratspraesidentschaft\/#breadcrumb\",\"itemListElement\":[{\"@type\":\"ListItem\",\"position\":1,\"name\":\"Home\",\"item\":\"https:\/\/www.one.org\/de\/\"},{\"@type\":\"ListItem\",\"position\":2,\"name\":\"ONEs Empfehlungen f\u00fcr die deutsche EU-Ratspr\u00e4sidentschaft\"}]},{\"@type\":\"WebSite\",\"@id\":\"https:\/\/www.one.org\/de\/#website\",\"url\":\"https:\/\/www.one.org\/de\/\",\"name\":\"ONE.org\",\"description\":\"F\u00fcr mehr wirtschaftliche Chancen und ein starkes Gesundheitswesen in Afrika\",\"potentialAction\":[{\"@type\":\"SearchAction\",\"target\":{\"@type\":\"EntryPoint\",\"urlTemplate\":\"https:\/\/www.one.org\/de\/?s={search_term_string}\"},\"query-input\":{\"@type\":\"PropertyValueSpecification\",\"valueRequired\":true,\"valueName\":\"search_term_string\"}}],\"inLanguage\":\"de-DE\"},{\"@type\":\"Person\",\"@id\":\"https:\/\/www.one.org\/de\/#\/schema\/person\/236ef43a079c36667c3f1de2da8e0838\",\"name\":\"admin\",\"image\":{\"@type\":\"ImageObject\",\"inLanguage\":\"de-DE\",\"@id\":\"https:\/\/www.one.org\/de\/#\/schema\/person\/image\/\",\"url\":\"https:\/\/secure.gravatar.com\/avatar\/2b4204681b789d34ede86a735f8b6378df901f7f7ab7a9ca89af4670b2bb13b8?s=96&d=mm&r=g\",\"contentUrl\":\"https:\/\/secure.gravatar.com\/avatar\/2b4204681b789d34ede86a735f8b6378df901f7f7ab7a9ca89af4670b2bb13b8?s=96&d=mm&r=g\",\"caption\":\"admin\"},\"sameAs\":[\"http:\/\/www.one.org\"],\"url\":\"https:\/\/www.one.org\/de\/neuigkeiten\/author\/admin\/\"}]}<\/script>\n<!-- \/ Yoast SEO Premium plugin. -->","yoast_head_json":{"title":"ONEs Empfehlungen f\u00fcr die deutsche EU-Ratspr\u00e4sidentschaft - ONE.org Deutschland","description":"W\u00e4hrend der deutschen EU-Ratspr\u00e4sidentschaft sollte die Bundesregierung die EU-Beziehungen zu Afrika in den Mittelpunkt stellen.","robots":{"index":"index","follow":"follow","max-snippet":"max-snippet:-1","max-image-preview":"max-image-preview:large","max-video-preview":"max-video-preview:-1"},"canonical":"https:\/\/www.one.org\/de\/neuigkeiten\/eu-ratspraesidentschaft\/","og_locale":"de_DE","og_type":"article","og_title":"ONEs Empfehlungen f\u00fcr die deutsche EU-Ratspr\u00e4sidentschaft","og_description":"W\u00e4hrend der deutschen EU-Ratspr\u00e4sidentschaft sollte die Bundesregierung die EU-Beziehungen zu Afrika in den Mittelpunkt stellen.","og_url":"https:\/\/www.one.org\/de\/neuigkeiten\/eu-ratspraesidentschaft\/","og_site_name":"ONE.org Deutschland","article_publisher":"https:\/\/www.facebook.com\/ONEinNederland","article_published_time":"2020-06-19T10:58:06+00:00","article_modified_time":"2023-10-31T15:04:07+00:00","og_image":[{"url":"https:\/\/cdn.one.org\/de\/wp-content\/uploads\/2018\/06\/27163226\/europischer-rat.jpg","type":"","width":"","height":""}],"author":"admin","twitter_card":"summary_large_image","twitter_title":"ONEs Empfehlungen f\u00fcr die deutsche EU-Ratspr\u00e4sidentschaft","twitter_creator":"@ONENederland","twitter_site":"@ONENederland","twitter_misc":{"Written by":"admin","Est. reading time":"1 minute"},"schema":{"@context":"https:\/\/schema.org","@graph":[{"@type":["Article","BlogPosting"],"@id":"https:\/\/www.one.org\/de\/neuigkeiten\/eu-ratspraesidentschaft\/#article","isPartOf":{"@id":"https:\/\/www.one.org\/de\/neuigkeiten\/eu-ratspraesidentschaft\/"},"author":{"name":"admin","@id":"https:\/\/www.one.org\/de\/#\/schema\/person\/236ef43a079c36667c3f1de2da8e0838"},"headline":"ONEs Empfehlungen f\u00fcr die deutsche EU-Ratspr\u00e4sidentschaft","datePublished":"2020-06-19T10:58:06+00:00","dateModified":"2023-10-31T15:04:07+00:00","mainEntityOfPage":{"@id":"https:\/\/www.one.org\/de\/neuigkeiten\/eu-ratspraesidentschaft\/"},"wordCount":214,"commentCount":0,"image":{"@id":"https:\/\/www.one.org\/de\/neuigkeiten\/eu-ratspraesidentschaft\/#primaryimage"},"thumbnailUrl":"https:\/\/www.one.org\/de\/wp-content\/uploads\/sites\/3\/2020\/06\/euFlag.jpg","keywords":["Afrika","AU","EU","EU-Ratspr\u00e4sidentschaft","Europa","Politik Aktuell"],"inLanguage":"de-DE","potentialAction":[{"@type":"CommentAction","name":"Comment","target":["https:\/\/www.one.org\/de\/neuigkeiten\/eu-ratspraesidentschaft\/#respond"]}]},{"@type":"WebPage","@id":"https:\/\/www.one.org\/de\/neuigkeiten\/eu-ratspraesidentschaft\/","url":"https:\/\/www.one.org\/de\/neuigkeiten\/eu-ratspraesidentschaft\/","name":"ONEs Empfehlungen f\u00fcr die deutsche EU-Ratspr\u00e4sidentschaft - ONE.org Deutschland","isPartOf":{"@id":"https:\/\/www.one.org\/de\/#website"},"primaryImageOfPage":{"@id":"https:\/\/www.one.org\/de\/neuigkeiten\/eu-ratspraesidentschaft\/#primaryimage"},"image":{"@id":"https:\/\/www.one.org\/de\/neuigkeiten\/eu-ratspraesidentschaft\/#primaryimage"},"thumbnailUrl":"https:\/\/www.one.org\/de\/wp-content\/uploads\/sites\/3\/2020\/06\/euFlag.jpg","datePublished":"2020-06-19T10:58:06+00:00","dateModified":"2023-10-31T15:04:07+00:00","author":{"@id":"https:\/\/www.one.org\/de\/#\/schema\/person\/236ef43a079c36667c3f1de2da8e0838"},"description":"W\u00e4hrend der deutschen EU-Ratspr\u00e4sidentschaft sollte die Bundesregierung die EU-Beziehungen zu Afrika in den Mittelpunkt stellen.","breadcrumb":{"@id":"https:\/\/www.one.org\/de\/neuigkeiten\/eu-ratspraesidentschaft\/#breadcrumb"},"inLanguage":"de-DE","potentialAction":[{"@type":"ReadAction","target":["https:\/\/www.one.org\/de\/neuigkeiten\/eu-ratspraesidentschaft\/"]}]},{"@type":"ImageObject","inLanguage":"de-DE","@id":"https:\/\/www.one.org\/de\/neuigkeiten\/eu-ratspraesidentschaft\/#primaryimage","url":"https:\/\/www.one.org\/de\/wp-content\/uploads\/sites\/3\/2020\/06\/euFlag.jpg","contentUrl":"https:\/\/www.one.org\/de\/wp-content\/uploads\/sites\/3\/2020\/06\/euFlag.jpg","width":400,"height":266},{"@type":"BreadcrumbList","@id":"https:\/\/www.one.org\/de\/neuigkeiten\/eu-ratspraesidentschaft\/#breadcrumb","itemListElement":[{"@type":"ListItem","position":1,"name":"Home","item":"https:\/\/www.one.org\/de\/"},{"@type":"ListItem","position":2,"name":"ONEs Empfehlungen f\u00fcr die deutsche EU-Ratspr\u00e4sidentschaft"}]},{"@type":"WebSite","@id":"https:\/\/www.one.org\/de\/#website","url":"https:\/\/www.one.org\/de\/","name":"ONE.org","description":"F\u00fcr mehr wirtschaftliche Chancen und ein starkes Gesundheitswesen in Afrika","potentialAction":[{"@type":"SearchAction","target":{"@type":"EntryPoint","urlTemplate":"https:\/\/www.one.org\/de\/?s={search_term_string}"},"query-input":{"@type":"PropertyValueSpecification","valueRequired":true,"valueName":"search_term_string"}}],"inLanguage":"de-DE"},{"@type":"Person","@id":"https:\/\/www.one.org\/de\/#\/schema\/person\/236ef43a079c36667c3f1de2da8e0838","name":"admin","image":{"@type":"ImageObject","inLanguage":"de-DE","@id":"https:\/\/www.one.org\/de\/#\/schema\/person\/image\/","url":"https:\/\/secure.gravatar.com\/avatar\/2b4204681b789d34ede86a735f8b6378df901f7f7ab7a9ca89af4670b2bb13b8?s=96&d=mm&r=g","contentUrl":"https:\/\/secure.gravatar.com\/avatar\/2b4204681b789d34ede86a735f8b6378df901f7f7ab7a9ca89af4670b2bb13b8?s=96&d=mm&r=g","caption":"admin"},"sameAs":["http:\/\/www.one.org"],"url":"https:\/\/www.one.org\/de\/neuigkeiten\/author\/admin\/"}]}},"distributor_meta":false,"distributor_terms":false,"distributor_media":false,"distributor_original_site_name":"ONE.org Deutschland","distributor_original_site_url":"https:\/\/www.one.org\/de","push-errors":false,"_links":{"self":[{"href":"https:\/\/www.one.org\/de\/wp-json\/wp\/v2\/posts\/167112","targetHints":{"allow":["GET"]}}],"collection":[{"href":"https:\/\/www.one.org\/de\/wp-json\/wp\/v2\/posts"}],"about":[{"href":"https:\/\/www.one.org\/de\/wp-json\/wp\/v2\/types\/post"}],"author":[{"embeddable":true,"href":"https:\/\/www.one.org\/de\/wp-json\/wp\/v2\/users\/1"}],"replies":[{"embeddable":true,"href":"https:\/\/www.one.org\/de\/wp-json\/wp\/v2\/comments?post=167112"}],"version-history":[{"count":0,"href":"https:\/\/www.one.org\/de\/wp-json\/wp\/v2\/posts\/167112\/revisions"}],"wp:featuredmedia":[{"embeddable":true,"href":"https:\/\/www.one.org\/de\/wp-json\/wp\/v2\/media\/169014"}],"wp:attachment":[{"href":"https:\/\/www.one.org\/de\/wp-json\/wp\/v2\/media?parent=167112"}],"wp:term":[{"taxonomy":"category","embeddable":true,"href":"https:\/\/www.one.org\/de\/wp-json\/wp\/v2\/categories?post=167112"},{"taxonomy":"post_tag","embeddable":true,"href":"https:\/\/www.one.org\/de\/wp-json\/wp\/v2\/tags?post=167112"},{"taxonomy":"topic","embeddable":true,"href":"https:\/\/www.one.org\/de\/wp-json\/wp\/v2\/topic?post=167112"},{"taxonomy":"contributor","embeddable":true,"href":"https:\/\/www.one.org\/de\/wp-json\/wp\/v2\/contributor?post=167112"},{"taxonomy":"one_content_audience","embeddable":true,"href":"https:\/\/www.one.org\/de\/wp-json\/wp\/v2\/one_content_audience?post=167112"},{"taxonomy":"one_content_type","embeddable":true,"href":"https:\/\/www.one.org\/de\/wp-json\/wp\/v2\/one_content_type?post=167112"},{"taxonomy":"one_content_tone","embeddable":true,"href":"https:\/\/www.one.org\/de\/wp-json\/wp\/v2\/one_content_tone?post=167112"}],"curies":[{"name":"wp","href":"https:\/\/api.w.org\/{rel}","templated":true}]}}