{"id":167071,"date":"2020-05-14T14:56:11","date_gmt":"2020-05-14T14:56:11","guid":{"rendered":"https:\/\/www.one.org\/de\/couch-aktivismus-hats-voll-drauf\/"},"modified":"2024-01-16T12:19:43","modified_gmt":"2024-01-16T12:19:43","slug":"couch-aktivismus-hats-voll-drauf","status":"publish","type":"post","link":"https:\/\/www.one.org\/de\/neuigkeiten\/couch-aktivismus-hats-voll-drauf\/","title":{"rendered":"Couch-Aktivismus hat\u00b4s voll drauf!"},"content":{"rendered":"<p><strong>Hier bloggt unsere Jugendbotschafterin <em>Toni<\/em> \u00fcber ihre Erfahrungen mit \u201eHome Activism\u201c. <\/strong><\/p>\n<p>Zurzeit verbringen wir alle mehr Zeit zuhause in den eigenen vier W\u00e4nden. Selbst wer noch regul\u00e4r zur Arbeit oder wieder zur Schule geht, verbringt meist den Rest des Tages kaum unter Menschen oder unterwegs. Durch die entschleunigte Welt des Konsumierens und des Unterwegsseins bleiben doch mehr kleine Momente der Ruhe, des Nachdenkens und der Zeit in der Natur. Aber wie kann man sich in dieser schwierigen Zeit f\u00fcr etwas einsetzen, das einen bewegt? Wir ONE-Jugendbotschafter*innen haben mal ausprobiert, was vom Sofa aus alles so m\u00f6glich ist.<\/p>\n<h3><strong>E-Mails f\u00fcr den Minister<\/strong><\/h3>\n<p>Am 8. April 2020 haben sich die Entwicklungsminister*innen der Europ\u00e4ischen Union virtuell getroffen. Ihr Anliegen? Wie die EU bei der weltweiten Bek\u00e4mpfung der Corona-Pandemie unterst\u00fctzen und helfen kann. Das haben wir zum Anlass genommen, um Kontakt zu unserem Entwicklungsminister Dr. Gerd M\u00fcller aufzunehmen. Viele von uns haben ihm eine pers\u00f6nliche E-Mail geschrieben und unsere Sorgen zur Krise und Bitten f\u00fcr die anstehende Konferenz mitgeteilt. Das Virus stoppt n\u00e4mlich nicht an unserer Haust\u00fcr oder L\u00e4ndergrenze. Es trifft vor allem L\u00e4nder, in denen extreme Armut herrscht, wo die Gesundheitssysteme schon jetzt \u00fcberlastet sind und eine solche Pandemie die Kapazit\u00e4tsgrenzen des Landes sprengt. Umso wichtiger sind jetzt globale Solidarit\u00e4t, Menschlichkeit und finanzielle Unterst\u00fctzung f\u00fcr diejenigen, die besonders stark betroffen sind. Denn nur wenn langfristig und dauerhaft in die St\u00e4rkung der Gesundheitssysteme weltweit investiert wird, k\u00f6nnen extreme Armut und vermeidbare Krankheiten erfolgreich bek\u00e4mpft werden.<\/p>\n<div id=\"attachment_151810\" class=\"wp-caption aligncenter\" style=\"width: 603px;\"><img loading=\"lazy\" decoding=\"async\" class=\"wp-image-151810 size-large\" src=\"https:\/\/cdn.one.org\/de\/wp-content\/uploads\/2020\/05\/14135439\/Toni_2-640x480.jpg\" alt=\"\" width=\"593\" height=\"445\" aria-describedby=\"caption-attachment-151810\" \/><\/p>\n<p id=\"caption-attachment-151810\" class=\"wp-caption-text\">Toni schreibt eine E-Mail an den Minister<\/p>\n<\/div>\n<h3><strong>Und es wirkt! <\/strong><\/h3>\n<p>Zu unserer gro\u00dfen \u00dcberraschung haben wir tats\u00e4chlich zwei Wochen sp\u00e4ter eine Antwort vom Bundesministerium f\u00fcr wirtschaftliche Zusammenarbeit und Entwicklung erhalten, welche mit dem pers\u00f6nlichen Dank von Minister M\u00fcller f\u00fcr unseren Einsatz versehen ist. Das Antwortschreiben stimmt uns sehr zuversichtlich: Das Ministerium sichert zu, sein \u201eEngagement im Gesundheitsbereich breiter aufstellen und erheblich verst\u00e4rken\u201c zu wollen. Dies soll \u201ePriorit\u00e4t in den kommenden Monaten sein\u201c und die Arbeit \u201edar\u00fcber hinaus entscheidend pr\u00e4gen\u201c. Das ist ein super Schritt in die richtige Richtung und deswegen werden wir in den kommenden Wochen und Monaten auch immer wieder nachhaken und den Minister an seine Vors\u00e4tze erinnern. Vor allem muss sichergestellt werden, dass das Engagement nicht nach der Eind\u00e4mmung der Corona-Pandemie aufh\u00f6rt, sondern wie angek\u00fcndigt, die nachhaltige St\u00e4rkung der weltweiten Gesundheitssysteme Priorit\u00e4t wird.<\/p>\n<div id=\"attachment_151821\" class=\"wp-caption aligncenter\" style=\"width: 603px;\"><img loading=\"lazy\" decoding=\"async\" class=\"wp-image-151821 size-large\" src=\"https:\/\/cdn.one.org\/de\/wp-content\/uploads\/2020\/05\/14145414\/Brief-von-M%C3%BCller-1024x804.jpg\" alt=\"\" width=\"593\" height=\"466\" aria-describedby=\"caption-attachment-151821\" \/><\/p>\n<p id=\"caption-attachment-151821\" class=\"wp-caption-text\">Brief von Minister M\u00fcller an die ONE-Jugendbotschafter*innen<\/p>\n<\/div>\n<h3><strong>Couch-Aktivismus \u2013 let\u00b4s get started! <\/strong><\/h3>\n<p>Jeder kann, egal von wo und in welchem Ausma\u00df etwas bewirken. Das zeigt die Antwort von Herrn M\u00fcller nochmal deutlich. <strong>Hast Du jetzt auch Lust auf ein wenig Couch-Aktivismus bekommen? Dann unterschreibe und verbreite doch unsere \u2018ONE World\u2018-Kampagne und setz dich so f\u00fcr eine globale Reaktion auf die Covid-19-Pandemie ein.<\/strong> Falls Dir das noch nicht reicht, gibt es auf unserem Blog noch mehr <a href=\"https:\/\/www.one.org\/de\/blog\/couch-aktivismus-5-ideen-fuer-dein-engagement-in-den-eigenen-vier-waenden\/\">Ideen f\u00fcr dein Engagement in den eigenen vier W\u00e4nden<\/a>.<\/p>\n<p>Und hier noch ein Zitat von der wunderbaren Anne Frank f\u00fcr alle, die schon als Couch-Aktivist*innen aktiv sind und an alle, die es noch werden wollen:<\/p>\n<p><img loading=\"lazy\" decoding=\"async\" class=\"aligncenter size-large wp-image-151769\" src=\"https:\/\/cdn.one.org\/de\/wp-content\/uploads\/2020\/05\/13143624\/16463644_10158547942940221_4615754203875776137_o-640x336.jpg\" alt=\"Zitat Anne Frank\" width=\"593\" height=\"312\" \/><\/p>\n<p>Viel Spa\u00df und ich versichere Euch: Es lohnt sich!<\/p>\n<div class=\"buffer\"><\/div>\n<div class=\"buffer\"><\/div>","protected":false},"excerpt":{"rendered":"<p>Hier bloggt unsere Jugendbotschafterin Toni \u00fcber ihre Erfahrungen mit \u201eHome Activism\u201c. Zurzeit verbringen wir alle mehr Zeit zuhause in den eigenen vier W\u00e4nden. Selbst wer noch regul\u00e4r zur Arbeit oder wieder zur Schule geht, verbringt meist den Rest des Tages kaum unter Menschen oder unterwegs. Durch die entschleunigte Welt des Konsumierens und des Unterwegsseins bleiben [&hellip;]<\/p>\n","protected":false},"author":1,"featured_media":169092,"comment_status":"open","ping_status":"open","sticky":false,"template":"","format":"standard","meta":{"_acf_changed":false,"_relevanssi_hide_post":"","_relevanssi_hide_content":"","_relevanssi_pin_for_all":"","_relevanssi_pin_keywords":"","_relevanssi_unpin_keywords":"","_relevanssi_related_keywords":"","_relevanssi_related_include_ids":"","_relevanssi_related_exclude_ids":"","_relevanssi_related_no_append":"","_relevanssi_related_not_related":"","_relevanssi_related_posts":"170594,170584,170560,170330,170292,167232","_relevanssi_noindex_reason":"","footnotes":""},"categories":[1],"tags":[54],"topic":[50,49,48],"contributor":[35,52],"one_content_audience":[],"one_content_type":[],"one_content_tone":[],"class_list":["post-167071","post","type-post","status-publish","format-standard","has-post-thumbnail","hentry","category-uncategorized","tag-jugendbotschafterinnen","topic-covid-19","topic-euro-zusammenarbeit","topic-one-unterstuetzer-innen-in-aktion","contributor-gast-blogger","contributor-sandra-klaft"],"acf":[],"yoast_head":"<!-- This site is optimized with the Yoast SEO Premium plugin v27.1 (Yoast SEO v27.1.1) - https:\/\/yoast.com\/product\/yoast-seo-premium-wordpress\/ -->\n<title>Couch-Aktivismus hat\u00b4s voll drauf! - ONE.org Deutschland<\/title>\n<meta name=\"description\" content=\"Jugendbotschafterin Toni verr\u00e4t uns wie erfolgreicher Aktivismus von zuhause aussieht und warum sie Post vom Minister bekommen hat.\" \/>\n<meta name=\"robots\" content=\"index, follow, max-snippet:-1, max-image-preview:large, max-video-preview:-1\" \/>\n<link rel=\"canonical\" href=\"https:\/\/www.one.org\/de\/neuigkeiten\/couch-aktivismus-hats-voll-drauf\/\" \/>\n<meta property=\"og:locale\" content=\"de_DE\" \/>\n<meta property=\"og:type\" content=\"article\" \/>\n<meta property=\"og:title\" content=\"Couch-Aktivismus hat\u00b4s voll drauf!\" \/>\n<meta property=\"og:description\" content=\"Jugendbotschafterin Toni verr\u00e4t uns wie erfolgreicher Aktivismus von zuhause aussieht und warum sie Post vom Minister bekommen hat.\" \/>\n<meta property=\"og:url\" content=\"https:\/\/www.one.org\/de\/neuigkeiten\/couch-aktivismus-hats-voll-drauf\/\" \/>\n<meta property=\"og:site_name\" content=\"ONE.org Deutschland\" \/>\n<meta property=\"article:publisher\" content=\"https:\/\/www.facebook.com\/ONEinNederland\" \/>\n<meta property=\"article:published_time\" content=\"2020-05-14T14:56:11+00:00\" \/>\n<meta property=\"article:modified_time\" content=\"2024-01-16T12:19:43+00:00\" \/>\n<meta property=\"og:image\" content=\"https:\/\/cdn.one.org\/de\/wp-content\/uploads\/2020\/05\/14135439\/Toni_2-scaled.jpg\" \/>\n<meta name=\"author\" content=\"admin\" \/>\n<meta name=\"twitter:card\" content=\"summary_large_image\" \/>\n<meta name=\"twitter:title\" content=\"Couch-Aktivismus hat\u00b4s voll drauf!\" \/>\n<meta name=\"twitter:creator\" content=\"@ONENederland\" \/>\n<meta name=\"twitter:site\" content=\"@ONENederland\" \/>\n<meta name=\"twitter:label1\" content=\"Written by\" \/>\n\t<meta name=\"twitter:data1\" content=\"admin\" \/>\n\t<meta name=\"twitter:label2\" content=\"Est. reading time\" \/>\n\t<meta name=\"twitter:data2\" content=\"3 minutes\" \/>\n<script type=\"application\/ld+json\" class=\"yoast-schema-graph\">{\"@context\":\"https:\/\/schema.org\",\"@graph\":[{\"@type\":[\"Article\",\"BlogPosting\"],\"@id\":\"https:\/\/www.one.org\/de\/neuigkeiten\/couch-aktivismus-hats-voll-drauf\/#article\",\"isPartOf\":{\"@id\":\"https:\/\/www.one.org\/de\/neuigkeiten\/couch-aktivismus-hats-voll-drauf\/\"},\"author\":{\"name\":\"admin\",\"@id\":\"https:\/\/www.one.org\/de\/#\/schema\/person\/236ef43a079c36667c3f1de2da8e0838\"},\"headline\":\"Couch-Aktivismus hat\u00b4s voll drauf!\",\"datePublished\":\"2020-05-14T14:56:11+00:00\",\"dateModified\":\"2024-01-16T12:19:43+00:00\",\"mainEntityOfPage\":{\"@id\":\"https:\/\/www.one.org\/de\/neuigkeiten\/couch-aktivismus-hats-voll-drauf\/\"},\"wordCount\":549,\"commentCount\":0,\"image\":{\"@id\":\"https:\/\/www.one.org\/de\/neuigkeiten\/couch-aktivismus-hats-voll-drauf\/#primaryimage\"},\"thumbnailUrl\":\"https:\/\/www.one.org\/de\/wp-content\/uploads\/sites\/3\/2020\/05\/Toni-1-scaled-1.jpg\",\"keywords\":[\"Jugendbotschafter*innen\"],\"inLanguage\":\"de-DE\",\"potentialAction\":[{\"@type\":\"CommentAction\",\"name\":\"Comment\",\"target\":[\"https:\/\/www.one.org\/de\/neuigkeiten\/couch-aktivismus-hats-voll-drauf\/#respond\"]}]},{\"@type\":\"WebPage\",\"@id\":\"https:\/\/www.one.org\/de\/neuigkeiten\/couch-aktivismus-hats-voll-drauf\/\",\"url\":\"https:\/\/www.one.org\/de\/neuigkeiten\/couch-aktivismus-hats-voll-drauf\/\",\"name\":\"Couch-Aktivismus hat\u00b4s voll drauf! - ONE.org Deutschland\",\"isPartOf\":{\"@id\":\"https:\/\/www.one.org\/de\/#website\"},\"primaryImageOfPage\":{\"@id\":\"https:\/\/www.one.org\/de\/neuigkeiten\/couch-aktivismus-hats-voll-drauf\/#primaryimage\"},\"image\":{\"@id\":\"https:\/\/www.one.org\/de\/neuigkeiten\/couch-aktivismus-hats-voll-drauf\/#primaryimage\"},\"thumbnailUrl\":\"https:\/\/www.one.org\/de\/wp-content\/uploads\/sites\/3\/2020\/05\/Toni-1-scaled-1.jpg\",\"datePublished\":\"2020-05-14T14:56:11+00:00\",\"dateModified\":\"2024-01-16T12:19:43+00:00\",\"author\":{\"@id\":\"https:\/\/www.one.org\/de\/#\/schema\/person\/236ef43a079c36667c3f1de2da8e0838\"},\"description\":\"Jugendbotschafterin Toni verr\u00e4t uns wie erfolgreicher Aktivismus von zuhause aussieht und warum sie Post vom Minister bekommen hat.\",\"breadcrumb\":{\"@id\":\"https:\/\/www.one.org\/de\/neuigkeiten\/couch-aktivismus-hats-voll-drauf\/#breadcrumb\"},\"inLanguage\":\"de-DE\",\"potentialAction\":[{\"@type\":\"ReadAction\",\"target\":[\"https:\/\/www.one.org\/de\/neuigkeiten\/couch-aktivismus-hats-voll-drauf\/\"]}]},{\"@type\":\"ImageObject\",\"inLanguage\":\"de-DE\",\"@id\":\"https:\/\/www.one.org\/de\/neuigkeiten\/couch-aktivismus-hats-voll-drauf\/#primaryimage\",\"url\":\"https:\/\/www.one.org\/de\/wp-content\/uploads\/sites\/3\/2020\/05\/Toni-1-scaled-1.jpg\",\"contentUrl\":\"https:\/\/www.one.org\/de\/wp-content\/uploads\/sites\/3\/2020\/05\/Toni-1-scaled-1.jpg\",\"width\":1920,\"height\":2560},{\"@type\":\"BreadcrumbList\",\"@id\":\"https:\/\/www.one.org\/de\/neuigkeiten\/couch-aktivismus-hats-voll-drauf\/#breadcrumb\",\"itemListElement\":[{\"@type\":\"ListItem\",\"position\":1,\"name\":\"Home\",\"item\":\"https:\/\/www.one.org\/de\/\"},{\"@type\":\"ListItem\",\"position\":2,\"name\":\"Couch-Aktivismus hat\u00b4s voll drauf!\"}]},{\"@type\":\"WebSite\",\"@id\":\"https:\/\/www.one.org\/de\/#website\",\"url\":\"https:\/\/www.one.org\/de\/\",\"name\":\"ONE.org\",\"description\":\"F\u00fcr mehr wirtschaftliche Chancen und ein starkes Gesundheitswesen in Afrika\",\"potentialAction\":[{\"@type\":\"SearchAction\",\"target\":{\"@type\":\"EntryPoint\",\"urlTemplate\":\"https:\/\/www.one.org\/de\/?s={search_term_string}\"},\"query-input\":{\"@type\":\"PropertyValueSpecification\",\"valueRequired\":true,\"valueName\":\"search_term_string\"}}],\"inLanguage\":\"de-DE\"},{\"@type\":\"Person\",\"@id\":\"https:\/\/www.one.org\/de\/#\/schema\/person\/236ef43a079c36667c3f1de2da8e0838\",\"name\":\"admin\",\"image\":{\"@type\":\"ImageObject\",\"inLanguage\":\"de-DE\",\"@id\":\"https:\/\/www.one.org\/de\/#\/schema\/person\/image\/\",\"url\":\"https:\/\/secure.gravatar.com\/avatar\/2b4204681b789d34ede86a735f8b6378df901f7f7ab7a9ca89af4670b2bb13b8?s=96&d=mm&r=g\",\"contentUrl\":\"https:\/\/secure.gravatar.com\/avatar\/2b4204681b789d34ede86a735f8b6378df901f7f7ab7a9ca89af4670b2bb13b8?s=96&d=mm&r=g\",\"caption\":\"admin\"},\"sameAs\":[\"http:\/\/www.one.org\"],\"url\":\"https:\/\/www.one.org\/de\/neuigkeiten\/author\/admin\/\"}]}<\/script>\n<!-- \/ Yoast SEO Premium plugin. -->","yoast_head_json":{"title":"Couch-Aktivismus hat\u00b4s voll drauf! - ONE.org Deutschland","description":"Jugendbotschafterin Toni verr\u00e4t uns wie erfolgreicher Aktivismus von zuhause aussieht und warum sie Post vom Minister bekommen hat.","robots":{"index":"index","follow":"follow","max-snippet":"max-snippet:-1","max-image-preview":"max-image-preview:large","max-video-preview":"max-video-preview:-1"},"canonical":"https:\/\/www.one.org\/de\/neuigkeiten\/couch-aktivismus-hats-voll-drauf\/","og_locale":"de_DE","og_type":"article","og_title":"Couch-Aktivismus hat\u00b4s voll drauf!","og_description":"Jugendbotschafterin Toni verr\u00e4t uns wie erfolgreicher Aktivismus von zuhause aussieht und warum sie Post vom Minister bekommen hat.","og_url":"https:\/\/www.one.org\/de\/neuigkeiten\/couch-aktivismus-hats-voll-drauf\/","og_site_name":"ONE.org Deutschland","article_publisher":"https:\/\/www.facebook.com\/ONEinNederland","article_published_time":"2020-05-14T14:56:11+00:00","article_modified_time":"2024-01-16T12:19:43+00:00","og_image":[{"url":"https:\/\/cdn.one.org\/de\/wp-content\/uploads\/2020\/05\/14135439\/Toni_2-scaled.jpg","type":"","width":"","height":""}],"author":"admin","twitter_card":"summary_large_image","twitter_title":"Couch-Aktivismus hat\u00b4s voll drauf!","twitter_creator":"@ONENederland","twitter_site":"@ONENederland","twitter_misc":{"Written by":"admin","Est. reading time":"3 minutes"},"schema":{"@context":"https:\/\/schema.org","@graph":[{"@type":["Article","BlogPosting"],"@id":"https:\/\/www.one.org\/de\/neuigkeiten\/couch-aktivismus-hats-voll-drauf\/#article","isPartOf":{"@id":"https:\/\/www.one.org\/de\/neuigkeiten\/couch-aktivismus-hats-voll-drauf\/"},"author":{"name":"admin","@id":"https:\/\/www.one.org\/de\/#\/schema\/person\/236ef43a079c36667c3f1de2da8e0838"},"headline":"Couch-Aktivismus hat\u00b4s voll drauf!","datePublished":"2020-05-14T14:56:11+00:00","dateModified":"2024-01-16T12:19:43+00:00","mainEntityOfPage":{"@id":"https:\/\/www.one.org\/de\/neuigkeiten\/couch-aktivismus-hats-voll-drauf\/"},"wordCount":549,"commentCount":0,"image":{"@id":"https:\/\/www.one.org\/de\/neuigkeiten\/couch-aktivismus-hats-voll-drauf\/#primaryimage"},"thumbnailUrl":"https:\/\/www.one.org\/de\/wp-content\/uploads\/sites\/3\/2020\/05\/Toni-1-scaled-1.jpg","keywords":["Jugendbotschafter*innen"],"inLanguage":"de-DE","potentialAction":[{"@type":"CommentAction","name":"Comment","target":["https:\/\/www.one.org\/de\/neuigkeiten\/couch-aktivismus-hats-voll-drauf\/#respond"]}]},{"@type":"WebPage","@id":"https:\/\/www.one.org\/de\/neuigkeiten\/couch-aktivismus-hats-voll-drauf\/","url":"https:\/\/www.one.org\/de\/neuigkeiten\/couch-aktivismus-hats-voll-drauf\/","name":"Couch-Aktivismus hat\u00b4s voll drauf! - ONE.org Deutschland","isPartOf":{"@id":"https:\/\/www.one.org\/de\/#website"},"primaryImageOfPage":{"@id":"https:\/\/www.one.org\/de\/neuigkeiten\/couch-aktivismus-hats-voll-drauf\/#primaryimage"},"image":{"@id":"https:\/\/www.one.org\/de\/neuigkeiten\/couch-aktivismus-hats-voll-drauf\/#primaryimage"},"thumbnailUrl":"https:\/\/www.one.org\/de\/wp-content\/uploads\/sites\/3\/2020\/05\/Toni-1-scaled-1.jpg","datePublished":"2020-05-14T14:56:11+00:00","dateModified":"2024-01-16T12:19:43+00:00","author":{"@id":"https:\/\/www.one.org\/de\/#\/schema\/person\/236ef43a079c36667c3f1de2da8e0838"},"description":"Jugendbotschafterin Toni verr\u00e4t uns wie erfolgreicher Aktivismus von zuhause aussieht und warum sie Post vom Minister bekommen hat.","breadcrumb":{"@id":"https:\/\/www.one.org\/de\/neuigkeiten\/couch-aktivismus-hats-voll-drauf\/#breadcrumb"},"inLanguage":"de-DE","potentialAction":[{"@type":"ReadAction","target":["https:\/\/www.one.org\/de\/neuigkeiten\/couch-aktivismus-hats-voll-drauf\/"]}]},{"@type":"ImageObject","inLanguage":"de-DE","@id":"https:\/\/www.one.org\/de\/neuigkeiten\/couch-aktivismus-hats-voll-drauf\/#primaryimage","url":"https:\/\/www.one.org\/de\/wp-content\/uploads\/sites\/3\/2020\/05\/Toni-1-scaled-1.jpg","contentUrl":"https:\/\/www.one.org\/de\/wp-content\/uploads\/sites\/3\/2020\/05\/Toni-1-scaled-1.jpg","width":1920,"height":2560},{"@type":"BreadcrumbList","@id":"https:\/\/www.one.org\/de\/neuigkeiten\/couch-aktivismus-hats-voll-drauf\/#breadcrumb","itemListElement":[{"@type":"ListItem","position":1,"name":"Home","item":"https:\/\/www.one.org\/de\/"},{"@type":"ListItem","position":2,"name":"Couch-Aktivismus hat\u00b4s voll drauf!"}]},{"@type":"WebSite","@id":"https:\/\/www.one.org\/de\/#website","url":"https:\/\/www.one.org\/de\/","name":"ONE.org","description":"F\u00fcr mehr wirtschaftliche Chancen und ein starkes Gesundheitswesen in Afrika","potentialAction":[{"@type":"SearchAction","target":{"@type":"EntryPoint","urlTemplate":"https:\/\/www.one.org\/de\/?s={search_term_string}"},"query-input":{"@type":"PropertyValueSpecification","valueRequired":true,"valueName":"search_term_string"}}],"inLanguage":"de-DE"},{"@type":"Person","@id":"https:\/\/www.one.org\/de\/#\/schema\/person\/236ef43a079c36667c3f1de2da8e0838","name":"admin","image":{"@type":"ImageObject","inLanguage":"de-DE","@id":"https:\/\/www.one.org\/de\/#\/schema\/person\/image\/","url":"https:\/\/secure.gravatar.com\/avatar\/2b4204681b789d34ede86a735f8b6378df901f7f7ab7a9ca89af4670b2bb13b8?s=96&d=mm&r=g","contentUrl":"https:\/\/secure.gravatar.com\/avatar\/2b4204681b789d34ede86a735f8b6378df901f7f7ab7a9ca89af4670b2bb13b8?s=96&d=mm&r=g","caption":"admin"},"sameAs":["http:\/\/www.one.org"],"url":"https:\/\/www.one.org\/de\/neuigkeiten\/author\/admin\/"}]}},"distributor_meta":false,"distributor_terms":false,"distributor_media":false,"distributor_original_site_name":"ONE.org Deutschland","distributor_original_site_url":"https:\/\/www.one.org\/de","push-errors":false,"_links":{"self":[{"href":"https:\/\/www.one.org\/de\/wp-json\/wp\/v2\/posts\/167071","targetHints":{"allow":["GET"]}}],"collection":[{"href":"https:\/\/www.one.org\/de\/wp-json\/wp\/v2\/posts"}],"about":[{"href":"https:\/\/www.one.org\/de\/wp-json\/wp\/v2\/types\/post"}],"author":[{"embeddable":true,"href":"https:\/\/www.one.org\/de\/wp-json\/wp\/v2\/users\/1"}],"replies":[{"embeddable":true,"href":"https:\/\/www.one.org\/de\/wp-json\/wp\/v2\/comments?post=167071"}],"version-history":[{"count":0,"href":"https:\/\/www.one.org\/de\/wp-json\/wp\/v2\/posts\/167071\/revisions"}],"wp:featuredmedia":[{"embeddable":true,"href":"https:\/\/www.one.org\/de\/wp-json\/wp\/v2\/media\/169092"}],"wp:attachment":[{"href":"https:\/\/www.one.org\/de\/wp-json\/wp\/v2\/media?parent=167071"}],"wp:term":[{"taxonomy":"category","embeddable":true,"href":"https:\/\/www.one.org\/de\/wp-json\/wp\/v2\/categories?post=167071"},{"taxonomy":"post_tag","embeddable":true,"href":"https:\/\/www.one.org\/de\/wp-json\/wp\/v2\/tags?post=167071"},{"taxonomy":"topic","embeddable":true,"href":"https:\/\/www.one.org\/de\/wp-json\/wp\/v2\/topic?post=167071"},{"taxonomy":"contributor","embeddable":true,"href":"https:\/\/www.one.org\/de\/wp-json\/wp\/v2\/contributor?post=167071"},{"taxonomy":"one_content_audience","embeddable":true,"href":"https:\/\/www.one.org\/de\/wp-json\/wp\/v2\/one_content_audience?post=167071"},{"taxonomy":"one_content_type","embeddable":true,"href":"https:\/\/www.one.org\/de\/wp-json\/wp\/v2\/one_content_type?post=167071"},{"taxonomy":"one_content_tone","embeddable":true,"href":"https:\/\/www.one.org\/de\/wp-json\/wp\/v2\/one_content_tone?post=167071"}],"curies":[{"name":"wp","href":"https:\/\/api.w.org\/{rel}","templated":true}]}}