{"id":167050,"date":"2020-04-24T09:59:25","date_gmt":"2020-04-24T09:59:25","guid":{"rendered":"https:\/\/www.one.org\/de\/post-fur-frau-merkel-corona-impfstoff-fur-alle-menschen\/"},"modified":"2023-10-31T15:18:59","modified_gmt":"2023-10-31T15:18:59","slug":"post-fuer-frau-merkel-corona-impfstoff-fuer-alle-menschen","status":"publish","type":"post","link":"https:\/\/www.one.org\/de\/neuigkeiten\/post-fuer-frau-merkel-corona-impfstoff-fuer-alle-menschen\/","title":{"rendered":"Post f\u00fcr Frau Merkel: Corona-Impfstoff f\u00fcr alle Menschen"},"content":{"rendered":"<p>Das Coronavirus stellt uns vor eine nie dagewesene Herausforderung. Menschen weltweit sind betroffen und unser aller Alltag hat sich &uuml;ber Nacht v&ouml;llig ver&auml;ndert. Die Pandemie erinnert uns eindringlich daran, <strong>wie wichtig es ist, f&uuml;r starke Gesundheitssysteme weltweit zu k&auml;mpfen<\/strong>. Denn das Virus l&auml;sst sich von Landesgrenzen nicht aufhalten. Deshalb muss unsere Antwort aus grenzenloser Solidarit&auml;t und Zusammenhalt bestehen.<\/p>\n<h3><strong>Konferenz am&nbsp; 4. Mai &ndash;&nbsp; Ein Meilenstein&nbsp;<\/strong><\/h3>\n<p>Am 4. Mai treffen sich die <strong>Regierungen vieler L&auml;nder<\/strong> virtuell zu einer <strong>Finanzierungskonferenz. Ihr Ziel: Gemeinsam wollen sie 8 Milliarden US-Dollar aufbringen, um einen Covid-19-Impfstoff und\/oder ein Medikament zu entwickeln<\/strong>. Dass diese Entwicklung lebenswichtig ist, steht au&szlig;er Frage.<\/p>\n<p>Doch uns bei ONE treibt noch eine weitere Frage um: Wie k&ouml;nnen wir sicherstellen, dass alle Menschen &ndash; ganz egal wo sie leben, ob arm oder reich, jung oder alt &ndash; Zugang zu dieser Behandlungsmethode erhalten?<\/p>\n<h3><strong>Eilige Briefaktion: Impfstoff f&uuml;r alle bereitstellen, niemanden zur&uuml;cklassen<\/strong><\/h3>\n<p>Deshalb starten wir eine Briefaktion an die Bundeskanzlerin. Vor der Konferenz am 4. Mai wollen wir ihr zwei wichtige Dinge mit auf den Weg geben.<\/p>\n<p>Erstens muss sie sicherstellen, dass Deutschland einen angemessenen, ambitionierten Beitrag leistet, damit die Finanzierungskonferenz ein Erfolg wird. Zweitens muss die Bundeskanzlerin sich daf&uuml;r einsetzen, dass alle <strong>Impfstoffe und Medikamente zur Behandlung von Covid-19<\/strong>&nbsp;<strong>f&uuml;r alle Menschen zug&auml;nglich<\/strong> sind. Auf keinen Fall d&uuml;rfen Patente und Gewinninteressen dazu f&uuml;hren, dass Menschen, die von Armut betroffen sind, ausgeschlossen werden. Wir wollen und d&uuml;rfen in dieser Krise niemanden zur&uuml;cklassen.<\/p>\n<h3><strong>Brief an die Bundeskanzlerin &ndash; So geht&rsquo;s<\/strong><\/h3>\n<p>Hast du schon mal an Frau Merkel geschrieben? Nein? Dann ist jetzt der perfekte Zeitpunkt w&uuml;rde ich sagen. Denn gerade in Zeiten von Ausgangs- und Kontaktsperren ist das genau der richtige Weg, um dich von zuhause f&uuml;r eine bessere Welt einzusetzen.<\/p>\n<p>Wenn du m&ouml;chtest, kannst du dir hier&nbsp; einen Briefbogen herunterladen: <a href=\"https:\/\/www.one.org\/wp-content\/uploads\/2020\/04\/Dein-Brief-an-Frau-Merkel.pdf\">Dein Brief an Frau Merkel<\/a>&nbsp; Falls du keinen Drucker hast, nimm einfach eine Seite aus deinem Notizblock, das tut&rsquo;s auch.<\/p>\n<p>Bist du unsicher, was du schreiben kannst? Schreib einfach auf, warum dir grenzenlose Solidarit&auml;t wichtig ist. Mach deutlich, dass wir in dieser Krise keinen Menschen zur&uuml;cklassen wollen und das Corona-Virus nur gemeinsam weltweit besiegen k&ouml;nnen. Teile deine &Uuml;berzeugung, dass Gesundheit niemals von Herkunft oder Wohlstand abh&auml;ngen darf.<\/p>\n<p>Es w&auml;re super, wenn du deinen Brief so schnell wie m&ouml;glich abschicken kannst, damit er die Kanzlerin idealerweise noch vor dem 4. Mai erreicht.<\/p>\n<h3><strong>Bonus-Variante: Social Media<\/strong><\/h3>\n<p>Bist du in den sozialen Medien aktiv? Dann teil bitte diesen Beitrag mit deinen Mitmenschen. Oder mach ein Foto deines Briefs, bevor er sich auf die Reise macht. Vielleicht kannst du damit ja noch ein paar Mitstreiter*&igrave;nnen gewinnen. Nutz den Hashtag #ONEWorld und markiere die Bundeskanzlerin (<a href=\"https:\/\/www.instagram.com\/bundeskanzlerin\/\">Instagram<\/a>) oder den Regierungssprecher <a href=\"https:\/\/twitter.com\/RegSprecher\">(Twitter)<\/a><\/p>\n<h3><strong>Noch nicht genug? <\/strong><\/h3>\n<p>Du findest, das ist ein wichtiges Thema und einen Brief schreiben reicht dir nicht? Du willst noch mehr tun? Super, dann sieh dir die Aktion unsere Kolleg*innen in Br&uuml;ssel mal an. Sie haben <a href=\"https:\/\/act.one.org\/sign\/letter-to-eu-commission\">eine Petition<\/a> an Kommissionspr&auml;sidentin von der Leyen gestartet &ndash; und freuen sich riesig, &uuml;ber deine Unterschrift.<\/p>\n<p>&nbsp;<\/p>\n<div class=\"buffer\"><\/div>","protected":false},"excerpt":{"rendered":"<p>Das Coronavirus stellt uns vor eine nie dagewesene Herausforderung. Menschen weltweit sind betroffen und unser aller Alltag hat sich &uuml;ber Nacht v&ouml;llig ver&auml;ndert. Die Pandemie erinnert uns eindringlich daran, wie wichtig es ist, f&uuml;r starke Gesundheitssysteme weltweit zu k&auml;mpfen. Denn das Virus l&auml;sst sich von Landesgrenzen nicht aufhalten. Deshalb muss unsere Antwort aus grenzenloser Solidarit&auml;t [&hellip;]<\/p>\n","protected":false},"author":1,"featured_media":169138,"comment_status":"open","ping_status":"open","sticky":false,"template":"","format":"standard","meta":{"_acf_changed":false,"_relevanssi_hide_post":"","_relevanssi_hide_content":"","_relevanssi_pin_for_all":"","_relevanssi_pin_keywords":"","_relevanssi_unpin_keywords":"","_relevanssi_related_keywords":"","_relevanssi_related_include_ids":"","_relevanssi_related_exclude_ids":"","_relevanssi_related_no_append":"","_relevanssi_related_not_related":"","_relevanssi_related_posts":"167666,169596,169520,167719,167718,167715","_relevanssi_noindex_reason":"","footnotes":""},"categories":[1],"tags":[],"topic":[60,50,37,42,48],"contributor":[],"one_content_audience":[],"one_content_type":[],"one_content_tone":[],"class_list":["post-167050","post","type-post","status-publish","format-standard","has-post-thumbnail","hentry","category-uncategorized","topic-bildung","topic-covid-19","topic-entwicklungszusammenarbeit","topic-gesundheit","topic-one-unterstuetzer-innen-in-aktion"],"acf":[],"yoast_head":"<!-- This site is optimized with the Yoast SEO Premium plugin v27.1 (Yoast SEO v27.1.1) - https:\/\/yoast.com\/product\/yoast-seo-premium-wordpress\/ -->\n<title>Post f\u00fcr Frau Merkel: Corona-Impfstoff f\u00fcr alle Menschen - ONE.org Deutschland<\/title>\n<meta name=\"robots\" content=\"index, follow, max-snippet:-1, max-image-preview:large, max-video-preview:-1\" \/>\n<link rel=\"canonical\" href=\"https:\/\/www.one.org\/de\/neuigkeiten\/post-fuer-frau-merkel-corona-impfstoff-fuer-alle-menschen\/\" \/>\n<meta property=\"og:locale\" content=\"de_DE\" \/>\n<meta property=\"og:type\" content=\"article\" \/>\n<meta property=\"og:title\" content=\"Post f\u00fcr Frau Merkel: Corona-Impfstoff f\u00fcr alle Menschen\" \/>\n<meta property=\"og:description\" content=\"Wohlstand und Herkunft d\u00fcrfen nicht \u00fcber Gesundheit entscheiden. Corona-Impfstoff f\u00fcr alle Menschen zug\u00e4nglich machen.\" \/>\n<meta property=\"og:url\" content=\"https:\/\/www.one.org\/de\/neuigkeiten\/post-fuer-frau-merkel-corona-impfstoff-fuer-alle-menschen\/\" \/>\n<meta property=\"og:site_name\" content=\"ONE.org Deutschland\" \/>\n<meta property=\"article:publisher\" content=\"https:\/\/www.facebook.com\/ONEinNederland\" \/>\n<meta property=\"article:published_time\" content=\"2020-04-24T09:59:25+00:00\" \/>\n<meta property=\"article:modified_time\" content=\"2023-10-31T15:18:59+00:00\" \/>\n<meta property=\"og:image\" content=\"https:\/\/cdn.one.org\/de\/wp-content\/uploads\/2020\/04\/24100734\/OC_2020_takeaction2_1200x628.png\" \/>\n<meta name=\"author\" content=\"admin\" \/>\n<meta name=\"twitter:card\" content=\"summary_large_image\" \/>\n<meta name=\"twitter:title\" content=\"Post f\u00fcr Frau Merkel: Corona-Impfstoff f\u00fcr alle Menschen\" \/>\n<meta name=\"twitter:creator\" content=\"@ONENederland\" \/>\n<meta name=\"twitter:site\" content=\"@ONENederland\" \/>\n<meta name=\"twitter:label1\" content=\"Written by\" \/>\n\t<meta name=\"twitter:data1\" content=\"admin\" \/>\n\t<meta name=\"twitter:label2\" content=\"Est. reading time\" \/>\n\t<meta name=\"twitter:data2\" content=\"3 minutes\" \/>\n<script type=\"application\/ld+json\" class=\"yoast-schema-graph\">{\"@context\":\"https:\/\/schema.org\",\"@graph\":[{\"@type\":[\"Article\",\"BlogPosting\"],\"@id\":\"https:\/\/www.one.org\/de\/neuigkeiten\/post-fuer-frau-merkel-corona-impfstoff-fuer-alle-menschen\/#article\",\"isPartOf\":{\"@id\":\"https:\/\/www.one.org\/de\/neuigkeiten\/post-fuer-frau-merkel-corona-impfstoff-fuer-alle-menschen\/\"},\"author\":{\"name\":\"admin\",\"@id\":\"https:\/\/www.one.org\/de\/#\/schema\/person\/236ef43a079c36667c3f1de2da8e0838\"},\"headline\":\"Post f\u00fcr Frau Merkel: Corona-Impfstoff f\u00fcr alle Menschen\",\"datePublished\":\"2020-04-24T09:59:25+00:00\",\"dateModified\":\"2023-10-31T15:18:59+00:00\",\"mainEntityOfPage\":{\"@id\":\"https:\/\/www.one.org\/de\/neuigkeiten\/post-fuer-frau-merkel-corona-impfstoff-fuer-alle-menschen\/\"},\"wordCount\":574,\"commentCount\":0,\"image\":{\"@id\":\"https:\/\/www.one.org\/de\/neuigkeiten\/post-fuer-frau-merkel-corona-impfstoff-fuer-alle-menschen\/#primaryimage\"},\"thumbnailUrl\":\"https:\/\/www.one.org\/de\/wp-content\/uploads\/sites\/3\/2020\/04\/OC_2020_featured1_1200x1200.png\",\"inLanguage\":\"de-DE\",\"potentialAction\":[{\"@type\":\"CommentAction\",\"name\":\"Comment\",\"target\":[\"https:\/\/www.one.org\/de\/neuigkeiten\/post-fuer-frau-merkel-corona-impfstoff-fuer-alle-menschen\/#respond\"]}]},{\"@type\":\"WebPage\",\"@id\":\"https:\/\/www.one.org\/de\/neuigkeiten\/post-fuer-frau-merkel-corona-impfstoff-fuer-alle-menschen\/\",\"url\":\"https:\/\/www.one.org\/de\/neuigkeiten\/post-fuer-frau-merkel-corona-impfstoff-fuer-alle-menschen\/\",\"name\":\"Post f\u00fcr Frau Merkel: Corona-Impfstoff f\u00fcr alle Menschen - ONE.org Deutschland\",\"isPartOf\":{\"@id\":\"https:\/\/www.one.org\/de\/#website\"},\"primaryImageOfPage\":{\"@id\":\"https:\/\/www.one.org\/de\/neuigkeiten\/post-fuer-frau-merkel-corona-impfstoff-fuer-alle-menschen\/#primaryimage\"},\"image\":{\"@id\":\"https:\/\/www.one.org\/de\/neuigkeiten\/post-fuer-frau-merkel-corona-impfstoff-fuer-alle-menschen\/#primaryimage\"},\"thumbnailUrl\":\"https:\/\/www.one.org\/de\/wp-content\/uploads\/sites\/3\/2020\/04\/OC_2020_featured1_1200x1200.png\",\"datePublished\":\"2020-04-24T09:59:25+00:00\",\"dateModified\":\"2023-10-31T15:18:59+00:00\",\"author\":{\"@id\":\"https:\/\/www.one.org\/de\/#\/schema\/person\/236ef43a079c36667c3f1de2da8e0838\"},\"breadcrumb\":{\"@id\":\"https:\/\/www.one.org\/de\/neuigkeiten\/post-fuer-frau-merkel-corona-impfstoff-fuer-alle-menschen\/#breadcrumb\"},\"inLanguage\":\"de-DE\",\"potentialAction\":[{\"@type\":\"ReadAction\",\"target\":[\"https:\/\/www.one.org\/de\/neuigkeiten\/post-fuer-frau-merkel-corona-impfstoff-fuer-alle-menschen\/\"]}]},{\"@type\":\"ImageObject\",\"inLanguage\":\"de-DE\",\"@id\":\"https:\/\/www.one.org\/de\/neuigkeiten\/post-fuer-frau-merkel-corona-impfstoff-fuer-alle-menschen\/#primaryimage\",\"url\":\"https:\/\/www.one.org\/de\/wp-content\/uploads\/sites\/3\/2020\/04\/OC_2020_featured1_1200x1200.png\",\"contentUrl\":\"https:\/\/www.one.org\/de\/wp-content\/uploads\/sites\/3\/2020\/04\/OC_2020_featured1_1200x1200.png\",\"width\":1200,\"height\":1200},{\"@type\":\"BreadcrumbList\",\"@id\":\"https:\/\/www.one.org\/de\/neuigkeiten\/post-fuer-frau-merkel-corona-impfstoff-fuer-alle-menschen\/#breadcrumb\",\"itemListElement\":[{\"@type\":\"ListItem\",\"position\":1,\"name\":\"Home\",\"item\":\"https:\/\/www.one.org\/de\/\"},{\"@type\":\"ListItem\",\"position\":2,\"name\":\"Post f\u00fcr Frau Merkel: Corona-Impfstoff f\u00fcr alle Menschen\"}]},{\"@type\":\"WebSite\",\"@id\":\"https:\/\/www.one.org\/de\/#website\",\"url\":\"https:\/\/www.one.org\/de\/\",\"name\":\"ONE.org\",\"description\":\"F\u00fcr mehr wirtschaftliche Chancen und ein starkes Gesundheitswesen in Afrika\",\"potentialAction\":[{\"@type\":\"SearchAction\",\"target\":{\"@type\":\"EntryPoint\",\"urlTemplate\":\"https:\/\/www.one.org\/de\/?s={search_term_string}\"},\"query-input\":{\"@type\":\"PropertyValueSpecification\",\"valueRequired\":true,\"valueName\":\"search_term_string\"}}],\"inLanguage\":\"de-DE\"},{\"@type\":\"Person\",\"@id\":\"https:\/\/www.one.org\/de\/#\/schema\/person\/236ef43a079c36667c3f1de2da8e0838\",\"name\":\"admin\",\"image\":{\"@type\":\"ImageObject\",\"inLanguage\":\"de-DE\",\"@id\":\"https:\/\/www.one.org\/de\/#\/schema\/person\/image\/\",\"url\":\"https:\/\/secure.gravatar.com\/avatar\/2b4204681b789d34ede86a735f8b6378df901f7f7ab7a9ca89af4670b2bb13b8?s=96&d=mm&r=g\",\"contentUrl\":\"https:\/\/secure.gravatar.com\/avatar\/2b4204681b789d34ede86a735f8b6378df901f7f7ab7a9ca89af4670b2bb13b8?s=96&d=mm&r=g\",\"caption\":\"admin\"},\"sameAs\":[\"http:\/\/www.one.org\"],\"url\":\"https:\/\/www.one.org\/de\/neuigkeiten\/author\/admin\/\"}]}<\/script>\n<!-- \/ Yoast SEO Premium plugin. -->","yoast_head_json":{"title":"Post f\u00fcr Frau Merkel: Corona-Impfstoff f\u00fcr alle Menschen - ONE.org Deutschland","robots":{"index":"index","follow":"follow","max-snippet":"max-snippet:-1","max-image-preview":"max-image-preview:large","max-video-preview":"max-video-preview:-1"},"canonical":"https:\/\/www.one.org\/de\/neuigkeiten\/post-fuer-frau-merkel-corona-impfstoff-fuer-alle-menschen\/","og_locale":"de_DE","og_type":"article","og_title":"Post f\u00fcr Frau Merkel: Corona-Impfstoff f\u00fcr alle Menschen","og_description":"Wohlstand und Herkunft d\u00fcrfen nicht \u00fcber Gesundheit entscheiden. Corona-Impfstoff f\u00fcr alle Menschen zug\u00e4nglich machen.","og_url":"https:\/\/www.one.org\/de\/neuigkeiten\/post-fuer-frau-merkel-corona-impfstoff-fuer-alle-menschen\/","og_site_name":"ONE.org Deutschland","article_publisher":"https:\/\/www.facebook.com\/ONEinNederland","article_published_time":"2020-04-24T09:59:25+00:00","article_modified_time":"2023-10-31T15:18:59+00:00","og_image":[{"url":"https:\/\/cdn.one.org\/de\/wp-content\/uploads\/2020\/04\/24100734\/OC_2020_takeaction2_1200x628.png","type":"","width":"","height":""}],"author":"admin","twitter_card":"summary_large_image","twitter_title":"Post f\u00fcr Frau Merkel: Corona-Impfstoff f\u00fcr alle Menschen","twitter_creator":"@ONENederland","twitter_site":"@ONENederland","twitter_misc":{"Written by":"admin","Est. reading time":"3 minutes"},"schema":{"@context":"https:\/\/schema.org","@graph":[{"@type":["Article","BlogPosting"],"@id":"https:\/\/www.one.org\/de\/neuigkeiten\/post-fuer-frau-merkel-corona-impfstoff-fuer-alle-menschen\/#article","isPartOf":{"@id":"https:\/\/www.one.org\/de\/neuigkeiten\/post-fuer-frau-merkel-corona-impfstoff-fuer-alle-menschen\/"},"author":{"name":"admin","@id":"https:\/\/www.one.org\/de\/#\/schema\/person\/236ef43a079c36667c3f1de2da8e0838"},"headline":"Post f\u00fcr Frau Merkel: Corona-Impfstoff f\u00fcr alle Menschen","datePublished":"2020-04-24T09:59:25+00:00","dateModified":"2023-10-31T15:18:59+00:00","mainEntityOfPage":{"@id":"https:\/\/www.one.org\/de\/neuigkeiten\/post-fuer-frau-merkel-corona-impfstoff-fuer-alle-menschen\/"},"wordCount":574,"commentCount":0,"image":{"@id":"https:\/\/www.one.org\/de\/neuigkeiten\/post-fuer-frau-merkel-corona-impfstoff-fuer-alle-menschen\/#primaryimage"},"thumbnailUrl":"https:\/\/www.one.org\/de\/wp-content\/uploads\/sites\/3\/2020\/04\/OC_2020_featured1_1200x1200.png","inLanguage":"de-DE","potentialAction":[{"@type":"CommentAction","name":"Comment","target":["https:\/\/www.one.org\/de\/neuigkeiten\/post-fuer-frau-merkel-corona-impfstoff-fuer-alle-menschen\/#respond"]}]},{"@type":"WebPage","@id":"https:\/\/www.one.org\/de\/neuigkeiten\/post-fuer-frau-merkel-corona-impfstoff-fuer-alle-menschen\/","url":"https:\/\/www.one.org\/de\/neuigkeiten\/post-fuer-frau-merkel-corona-impfstoff-fuer-alle-menschen\/","name":"Post f\u00fcr Frau Merkel: Corona-Impfstoff f\u00fcr alle Menschen - ONE.org Deutschland","isPartOf":{"@id":"https:\/\/www.one.org\/de\/#website"},"primaryImageOfPage":{"@id":"https:\/\/www.one.org\/de\/neuigkeiten\/post-fuer-frau-merkel-corona-impfstoff-fuer-alle-menschen\/#primaryimage"},"image":{"@id":"https:\/\/www.one.org\/de\/neuigkeiten\/post-fuer-frau-merkel-corona-impfstoff-fuer-alle-menschen\/#primaryimage"},"thumbnailUrl":"https:\/\/www.one.org\/de\/wp-content\/uploads\/sites\/3\/2020\/04\/OC_2020_featured1_1200x1200.png","datePublished":"2020-04-24T09:59:25+00:00","dateModified":"2023-10-31T15:18:59+00:00","author":{"@id":"https:\/\/www.one.org\/de\/#\/schema\/person\/236ef43a079c36667c3f1de2da8e0838"},"breadcrumb":{"@id":"https:\/\/www.one.org\/de\/neuigkeiten\/post-fuer-frau-merkel-corona-impfstoff-fuer-alle-menschen\/#breadcrumb"},"inLanguage":"de-DE","potentialAction":[{"@type":"ReadAction","target":["https:\/\/www.one.org\/de\/neuigkeiten\/post-fuer-frau-merkel-corona-impfstoff-fuer-alle-menschen\/"]}]},{"@type":"ImageObject","inLanguage":"de-DE","@id":"https:\/\/www.one.org\/de\/neuigkeiten\/post-fuer-frau-merkel-corona-impfstoff-fuer-alle-menschen\/#primaryimage","url":"https:\/\/www.one.org\/de\/wp-content\/uploads\/sites\/3\/2020\/04\/OC_2020_featured1_1200x1200.png","contentUrl":"https:\/\/www.one.org\/de\/wp-content\/uploads\/sites\/3\/2020\/04\/OC_2020_featured1_1200x1200.png","width":1200,"height":1200},{"@type":"BreadcrumbList","@id":"https:\/\/www.one.org\/de\/neuigkeiten\/post-fuer-frau-merkel-corona-impfstoff-fuer-alle-menschen\/#breadcrumb","itemListElement":[{"@type":"ListItem","position":1,"name":"Home","item":"https:\/\/www.one.org\/de\/"},{"@type":"ListItem","position":2,"name":"Post f\u00fcr Frau Merkel: Corona-Impfstoff f\u00fcr alle Menschen"}]},{"@type":"WebSite","@id":"https:\/\/www.one.org\/de\/#website","url":"https:\/\/www.one.org\/de\/","name":"ONE.org","description":"F\u00fcr mehr wirtschaftliche Chancen und ein starkes Gesundheitswesen in Afrika","potentialAction":[{"@type":"SearchAction","target":{"@type":"EntryPoint","urlTemplate":"https:\/\/www.one.org\/de\/?s={search_term_string}"},"query-input":{"@type":"PropertyValueSpecification","valueRequired":true,"valueName":"search_term_string"}}],"inLanguage":"de-DE"},{"@type":"Person","@id":"https:\/\/www.one.org\/de\/#\/schema\/person\/236ef43a079c36667c3f1de2da8e0838","name":"admin","image":{"@type":"ImageObject","inLanguage":"de-DE","@id":"https:\/\/www.one.org\/de\/#\/schema\/person\/image\/","url":"https:\/\/secure.gravatar.com\/avatar\/2b4204681b789d34ede86a735f8b6378df901f7f7ab7a9ca89af4670b2bb13b8?s=96&d=mm&r=g","contentUrl":"https:\/\/secure.gravatar.com\/avatar\/2b4204681b789d34ede86a735f8b6378df901f7f7ab7a9ca89af4670b2bb13b8?s=96&d=mm&r=g","caption":"admin"},"sameAs":["http:\/\/www.one.org"],"url":"https:\/\/www.one.org\/de\/neuigkeiten\/author\/admin\/"}]}},"distributor_meta":false,"distributor_terms":false,"distributor_media":false,"distributor_original_site_name":"ONE.org Deutschland","distributor_original_site_url":"https:\/\/www.one.org\/de","push-errors":false,"_links":{"self":[{"href":"https:\/\/www.one.org\/de\/wp-json\/wp\/v2\/posts\/167050","targetHints":{"allow":["GET"]}}],"collection":[{"href":"https:\/\/www.one.org\/de\/wp-json\/wp\/v2\/posts"}],"about":[{"href":"https:\/\/www.one.org\/de\/wp-json\/wp\/v2\/types\/post"}],"author":[{"embeddable":true,"href":"https:\/\/www.one.org\/de\/wp-json\/wp\/v2\/users\/1"}],"replies":[{"embeddable":true,"href":"https:\/\/www.one.org\/de\/wp-json\/wp\/v2\/comments?post=167050"}],"version-history":[{"count":0,"href":"https:\/\/www.one.org\/de\/wp-json\/wp\/v2\/posts\/167050\/revisions"}],"wp:featuredmedia":[{"embeddable":true,"href":"https:\/\/www.one.org\/de\/wp-json\/wp\/v2\/media\/169138"}],"wp:attachment":[{"href":"https:\/\/www.one.org\/de\/wp-json\/wp\/v2\/media?parent=167050"}],"wp:term":[{"taxonomy":"category","embeddable":true,"href":"https:\/\/www.one.org\/de\/wp-json\/wp\/v2\/categories?post=167050"},{"taxonomy":"post_tag","embeddable":true,"href":"https:\/\/www.one.org\/de\/wp-json\/wp\/v2\/tags?post=167050"},{"taxonomy":"topic","embeddable":true,"href":"https:\/\/www.one.org\/de\/wp-json\/wp\/v2\/topic?post=167050"},{"taxonomy":"contributor","embeddable":true,"href":"https:\/\/www.one.org\/de\/wp-json\/wp\/v2\/contributor?post=167050"},{"taxonomy":"one_content_audience","embeddable":true,"href":"https:\/\/www.one.org\/de\/wp-json\/wp\/v2\/one_content_audience?post=167050"},{"taxonomy":"one_content_type","embeddable":true,"href":"https:\/\/www.one.org\/de\/wp-json\/wp\/v2\/one_content_type?post=167050"},{"taxonomy":"one_content_tone","embeddable":true,"href":"https:\/\/www.one.org\/de\/wp-json\/wp\/v2\/one_content_tone?post=167050"}],"curies":[{"name":"wp","href":"https:\/\/api.w.org\/{rel}","templated":true}]}}