{"id":167024,"date":"2020-04-02T11:53:06","date_gmt":"2020-04-02T11:53:06","guid":{"rendered":"https:\/\/www.one.org\/de\/mutmacher-nachrichten-in-der-corona-krise\/"},"modified":"2024-01-19T16:00:58","modified_gmt":"2024-01-19T16:00:58","slug":"mutmacher-nachrichten-in-der-corona-krise","status":"publish","type":"post","link":"https:\/\/www.one.org\/de\/neuigkeiten\/mutmacher-nachrichten-in-der-corona-krise\/","title":{"rendered":"Mutmacher-Nachrichten in der Corona-Krise"},"content":{"rendered":"\n<p>Seid ihr bereit f\u00fcr Geschichten, die Mut machen?<\/p>\n\n\n\n<p>Die COVID-19-Pandemie erinnert uns:&nbsp;<strong>Viren kennen keine Grenzen<\/strong>. ONE setzt sich deshalb f\u00fcr starke Gesundheitssysteme weltweit ein.<\/p>\n\n\n\n<p>Doch die Krise erinnert uns auch an etwas anderes: In diesen unsicheren Zeiten ist&nbsp;<strong>Solidarit\u00e4t<\/strong> und <strong>Zusammenhalt<\/strong>&nbsp;wichtiger denn je. Und trotz <em>\u2018social distancing\u2019<\/em> beobachten wir, wie Menschen neue Wege finden, f\u00fcreinander da zu sein.<\/p>\n\n\n\n<p>In den vergangenen Tagen haben uns Nachrichten von ONE-Unterst\u00fctzer*innen weltweit erreicht. Nachrichten, die uns\u00a0<strong>Mut<\/strong> machen und <strong>Hoffnung<\/strong> geben.\u00a0\u00a0Gemeinsam mit Aktivist*innen rund um den Globus m\u00f6chten wir zeigen, dass Momente der Solidarit\u00e4t und F\u00fcrsorge in Zeiten der Krise zu finden sind. Die sch\u00f6nsten Nachrichten haben wir hier f\u00fcr euch zusammengestellt.\u00a0Scrollt euch durch diese inspirierenden Zitate durch und lasst uns gerne auch eure Nachricht zukommen.<\/p>\n\n\n\n<h3 class=\"wp-block-heading\" id=\"h-die-schonsten-nachrichten-aus-deutschland-amp-der-welt\">Die sch\u00f6nsten Nachrichten aus Deutschland &amp; der Welt<\/h3>\n\n\n\n<p>Die gr\u00f6\u00dfte Motivation in meinem Medizinstudium ist f\u00fcr mich die, dass jeder Mensch ein Recht auf eine angemessene Versorgung hat. In Zeiten wie diesen ist nichts wichtiger als ein stabiles Gesundheitssystem und die Versorgung eines jeden einzelnen. Daher engagiere ich mich bei ONE, denn die Erhaltung der Gesundheit und die Bek\u00e4mpfung vermeidbarer Krankheiten sind eines der wichtigsten Ziele. Diese Krise betrifft uns alle und nur gemeinsam werden wir sie bek\u00e4mpfen! \u2013 Alisha Q.<\/p>\n\n\n\n<p>Liebe Menschen auf der ganzen Welt. Ich hoffe, dass wir alle aus dieser Krise lernen, und nicht einfach so weitermachen, wie bisher. In solchen Momenten lernt man Demut, und sieht, was wirklich wichtig ist. Ein gro\u00dfer Dank an alle, die daf\u00fcr sorgen, dass wir medizinisch und mit dem Notwendigsten versorgt werden. Gott besch\u00fctze jetzt gerade die Hilfsbed\u00fcrftigen, die in Lagern oder in Slums zusammengepfercht sind, uns nicht in beheizten Wohnzimmern sitzen. Gemeinsam schaffen wir eine bessere Welt. \u2013 Brigitta J.<\/p>\n\n\n\n<p>Am Sonntag h\u00f6rte ich in meiner Stra\u00dfe ein wundersch\u00f6nes Fl\u00f6tenkonzert, es begann mit der \u201cOde an die Freude\u201d und viele Nachbarn applaudierten. Das gab mir ein warmes Gef\u00fchl von N\u00e4he in meiner Nachbarschaft. Ich berate als Betroffene Menschen mit Netzhauterkrankungen, dabei ist meine Hauptaufgabe, Anderen Mut zu machen, die Angst vor einer Erblindung haben. Empathie f\u00fcreinander, anderen das Gef\u00fchl zu geben, nicht allein mit seinen Sorgen zu sein, das wird uns auch \u00fcber diese Krise helfen. Seid miteinander f\u00fcreinander da! \u2013 Hildegard I.<\/p>\n\n\n\n<div id=\"attachment_149949\" class=\"wp-caption aligncenter\" style=\"width: 603px\"><img loading=\"lazy\" decoding=\"async\" class=\"wp-image-149949 size-large\" src=\"https:\/\/cdn.one.org\/de\/wp-content\/uploads\/2020\/04\/02080610\/coronakampagne_lina-640x481.jpg\" alt=\"\" width=\"593\" height=\"445\" aria-describedby=\"caption-attachment-149949\">\n<p id=\"caption-attachment-149949\" class=\"wp-caption-text\">Media &amp; Operations Intern Lina<\/p>\n<\/div>\n\n\n\n<p>Hiermit m\u00f6chte ich erst mal meinen h\u00f6chsten Respekt und Dank an Alle \u00fcbermitteln, die in diesen Zeiten daf\u00fcr sorgen das geholfen wird, wie \u00c4rzte und Co und auch , vor allem an die LKW Fahrer, Verk\u00e4ufer und Co , die die Versorgung aufrecht erhalten, damit wir versorgt sind. Danke,danke danke. \u2013 Dennis S.<\/p>\n\n\n\n<p>Die Gefahr kann nicht mehr heruntergespielt werden. Ich glaube aber, dass wir \u2013 individuell, gesellschaftlich, politisch und institutionell \u2013 aus dem aktuellen Geschehen lernen werden und nach der Pandemie \u201cgest\u00e4rkter und weiser\u201d hervorgehen werden. \u2013 Volker S.<\/p>\n\n\n\n<p>Zusammenhalten mit Abstand! \u2013 Susann S.<\/p>\n\n\n\n<div id=\"attachment_149950\" class=\"wp-caption aligncenter\" style=\"width: 603px\"><img loading=\"lazy\" decoding=\"async\" class=\"wp-image-149950 size-large\" src=\"https:\/\/cdn.one.org\/de\/wp-content\/uploads\/2020\/04\/02081425\/Scherwin-640x480.jpg\" alt=\"\" width=\"593\" height=\"445\" aria-describedby=\"caption-attachment-149950\">\n<p id=\"caption-attachment-149950\" class=\"wp-caption-text\">Scherwin aus dem ONE-Presseteam<\/p>\n<\/div>\n\n\n\n<p>Wir sitzen alle in einem Boot, das ist mir jetzt noch mehr bewusst geworden als es vorher schon der Fall war. Ich denke, dieses kleine Virus, was uns gerade in Atem h\u00e4lt will uns sagen: Egoismen und Nationalismen haben hier keinen Platz mehr. Deshalb versuche ich mich noch st\u00e4rker um andere zu k\u00fcmmern, weit \u00fcber die Grenzen hinaus. Ich glaube an eine bessere Welt danach. \u2013 Kornelia F.<\/p>\n\n\n\n<p>Es ist eine schwierige Situation f\u00fcr jeden und jede, aber zusammen stehen wir sie durch! Es ist toll zu sehen, wie Menschen sich gegenseitig helfen und unterst\u00fctzen. Mit Freunden skypen, die Gro\u00dfeltern anrufen oder mal einen Brief schreiben, den Schrank ausmisten, endlich 10-Finger-schreiben lernen \u2013 es gibt so viel, f\u00fcr das man nun Zeit hat. \u2013 Janice F.<\/p>\n\n\n\n<p>In meinem Umfeld beobachte ich immer wieder, dass Menschen gerade jetzt in der Krise sich solidarisch miteinander zeigen \u2013 und kreativ werden. Da freut mich sehr. Menschen, die sonst nicht so sehr im Mittelpunkt der Aufmerksamkeit stehen, wie alte oder sozial schw\u00e4chere Menschen und die vielen Menschen, die in so wichtigen, aber oft \u00fcbersehen, untersch\u00e4tzten und unterbezahlten Berufen arbeiten, wie Erntehelfer*innen, Krankenpfleger*innen oder Kassierer*innen erhalten endlich mehr Aufmerksamkeit. Aber wir sollten auch darauf achten, dass wir wirklich niemanden vergessen: Opfer h\u00e4uslicher Gewalt zum Beispiel, Menschen in Kriegssituation wie in Syrien und die Gefl\u00fcchteten an den EU-Au\u00dfengrenzen und in den Lagern in Griechenland. Wenn wir jetzt zusammenstehen, k\u00f6nnen wir viel Menschlichkeit bewirken! \u2013 Lara W.<\/p>\n\n\n\n<p>As a health worker, I get up every day to improve access to healthcare and health systems because health is a basic right for all of us. As a committed citizen, I see health as a keystone of human development. A few weeks ago, I became a ONE Youth Ambassador to join the fight against extreme poverty and preventable diseases. More than ever, by uniting our voices, we can make a difference. \u2013 Mario J., Frankreich<\/p>\n\n\n\n<p><span style=\"font-weight: 400\">Ich habe in Syrien im Krieg in der Notaufnahme gearbeitet. Als Krankenpfleger hat mir dort Hoffnung gegeben, dass auch die schlimmsten Krisen vorbeigehen und Menschen im Notfall zusammenhalten. Wir Menschen sind in Krisen solidarischer als sonst, weil wir merken, dass wir am Ende mehr gemeinsam haben, als uns trennt. Das ist auch der Grund, warum ich mich als ONE-Jugendbotschafter engagiere. Ich bin mir sicher, dass wir zusammen auch diese Krise \u00fcberstehen werden. \u2013 Ibrahim A., Heidelberg<\/span><\/p>\n\n\n\n<div id=\"attachment_149951\" class=\"wp-caption aligncenter\" style=\"width: 603px\"><img loading=\"lazy\" decoding=\"async\" class=\"size-large wp-image-149951\" src=\"https:\/\/cdn.one.org\/de\/wp-content\/uploads\/2020\/04\/02081453\/Ibrahim-Alhassan-Alothmann-2-640x427.jpg\" alt=\"\" width=\"593\" height=\"396\" aria-describedby=\"caption-attachment-149951\">\n<p id=\"caption-attachment-149951\" class=\"wp-caption-text\">Jugendbotschafter Ibrahim<\/p>\n<\/div>\n\n\n\n<p>Ich arbeite als Ern\u00e4hrungswissenschaftlerin in einem Krankenhaus in Kanada. Ich empfinde meinen Aktivismus bei ONE Canada zur Beseitigung extremer Armut und vermeidbarer Krankheiten heute als sinnvoller denn je. Ich sp\u00fcre eine au\u00dferordentliche Solidarit\u00e4t und gegenseitige Hilfe meiner Kolleg*innen im Gesundheitssektor, um die Bedrohung, die jetzt \u00fcber uns h\u00e4ngt, zu bek\u00e4mpfen. Lasst uns gemeinsam die COVID-19-Pandemie zu Hause und in der Welt bek\u00e4mpfen.&nbsp;\u2013 Isabelle L., Kanada<\/p>\n\n\n\n<p>The whole world is going through an unprecedented crisis right now. W<span style=\"font-weight: 400\">e are currently working on a new series of videos specifically for women, because in these uncertain times, they are the most exposed because they take care of the people who are sick, make up the majority of the health care staff, and also take care of children. As part of our ongoing fight for Gender Equality, we believe it is important to show the world the challenges that women face and to congratulate the courage and strength that they demonstrate daily. <\/span>\u2013 Fatou W. S., Senegal<\/p>\n<div class=\"buffer\"><\/div>","protected":false},"excerpt":{"rendered":"<p>Seid ihr bereit f\u00fcr Geschichten, die Mut machen? Die COVID-19-Pandemie erinnert uns:&nbsp;Viren kennen keine Grenzen. ONE setzt sich deshalb f\u00fcr starke Gesundheitssysteme weltweit ein. Doch die Krise erinnert uns auch an etwas anderes: In diesen unsicheren Zeiten ist&nbsp;Solidarit\u00e4t und Zusammenhalt&nbsp;wichtiger denn je. Und trotz \u2018social distancing\u2019 beobachten wir, wie Menschen neue Wege finden, f\u00fcreinander da [&hellip;]<\/p>\n","protected":false},"author":1,"featured_media":169190,"comment_status":"open","ping_status":"open","sticky":false,"template":"","format":"standard","meta":{"_acf_changed":false,"_relevanssi_hide_post":"","_relevanssi_hide_content":"","_relevanssi_pin_for_all":"","_relevanssi_pin_keywords":"","_relevanssi_unpin_keywords":"","_relevanssi_related_keywords":"","_relevanssi_related_include_ids":"","_relevanssi_related_exclude_ids":"","_relevanssi_related_no_append":"","_relevanssi_related_not_related":"","_relevanssi_related_posts":"170931,170894,170594,170584,170560,170417","_relevanssi_noindex_reason":"","footnotes":""},"categories":[39],"tags":[],"topic":[50,48],"contributor":[],"one_content_audience":[],"one_content_type":[],"one_content_tone":[],"class_list":["post-167024","post","type-post","status-publish","format-standard","has-post-thumbnail","hentry","category-one","topic-covid-19","topic-one-unterstuetzer-innen-in-aktion"],"acf":[],"yoast_head":"<!-- This site is optimized with the Yoast SEO Premium plugin v27.1 (Yoast SEO v27.1.1) - https:\/\/yoast.com\/product\/yoast-seo-premium-wordpress\/ -->\n<title>Mutmacher-Nachrichten in der Corona-Krise - ONE.org Deutschland<\/title>\n<meta name=\"description\" content=\"Mutmacher-Nachrichten w\u00e4hrend der Corona-Krise? Bekommt ihr hier: Lasst euch inspirieren und f\u00fcgt eure eigene Geschichte f\u00fcr Solidarit\u00e4t &amp; Hoffnung dazu\" \/>\n<meta name=\"robots\" content=\"index, follow, max-snippet:-1, max-image-preview:large, max-video-preview:-1\" \/>\n<link rel=\"canonical\" href=\"https:\/\/www.one.org\/de\/neuigkeiten\/mutmacher-nachrichten-in-der-corona-krise\/\" \/>\n<meta property=\"og:locale\" content=\"de_DE\" \/>\n<meta property=\"og:type\" content=\"article\" \/>\n<meta property=\"og:title\" content=\"Mutmacher-Nachrichten in der Corona-Krise\" \/>\n<meta property=\"og:description\" content=\"Mutmacher-Nachrichten w\u00e4hrend der Corona-Krise? Bekommt ihr hier: Lasst euch inspirieren und f\u00fcgt eure eigene Geschichte f\u00fcr Solidarit\u00e4t &amp; Hoffnung dazu\" \/>\n<meta property=\"og:url\" content=\"https:\/\/www.one.org\/de\/neuigkeiten\/mutmacher-nachrichten-in-der-corona-krise\/\" \/>\n<meta property=\"og:site_name\" content=\"ONE.org Deutschland\" \/>\n<meta property=\"article:publisher\" content=\"https:\/\/www.facebook.com\/ONEinNederland\" \/>\n<meta property=\"article:published_time\" content=\"2020-04-02T11:53:06+00:00\" \/>\n<meta property=\"article:modified_time\" content=\"2024-01-19T16:00:58+00:00\" \/>\n<meta property=\"og:image\" content=\"https:\/\/cdn.one.org\/de\/wp-content\/uploads\/2020\/04\/01145751\/OW_2020_whatyoucando_social_1200x628.png\" \/>\n<meta name=\"author\" content=\"admin\" \/>\n<meta name=\"twitter:card\" content=\"summary_large_image\" \/>\n<meta name=\"twitter:title\" content=\"Mutmacher-Nachrichten in der Corona-Krise\" \/>\n<meta name=\"twitter:creator\" content=\"@ONENederland\" \/>\n<meta name=\"twitter:site\" content=\"@ONENederland\" \/>\n<meta name=\"twitter:label1\" content=\"Written by\" \/>\n\t<meta name=\"twitter:data1\" content=\"admin\" \/>\n\t<meta name=\"twitter:label2\" content=\"Est. reading time\" \/>\n\t<meta name=\"twitter:data2\" content=\"6 minutes\" \/>\n<script type=\"application\/ld+json\" class=\"yoast-schema-graph\">{\"@context\":\"https:\/\/schema.org\",\"@graph\":[{\"@type\":[\"Article\",\"BlogPosting\"],\"@id\":\"https:\/\/www.one.org\/de\/neuigkeiten\/mutmacher-nachrichten-in-der-corona-krise\/#article\",\"isPartOf\":{\"@id\":\"https:\/\/www.one.org\/de\/neuigkeiten\/mutmacher-nachrichten-in-der-corona-krise\/\"},\"author\":{\"name\":\"admin\",\"@id\":\"https:\/\/www.one.org\/de\/#\/schema\/person\/236ef43a079c36667c3f1de2da8e0838\"},\"headline\":\"Mutmacher-Nachrichten in der Corona-Krise\",\"datePublished\":\"2020-04-02T11:53:06+00:00\",\"dateModified\":\"2024-01-19T16:00:58+00:00\",\"mainEntityOfPage\":{\"@id\":\"https:\/\/www.one.org\/de\/neuigkeiten\/mutmacher-nachrichten-in-der-corona-krise\/\"},\"wordCount\":1084,\"commentCount\":0,\"image\":{\"@id\":\"https:\/\/www.one.org\/de\/neuigkeiten\/mutmacher-nachrichten-in-der-corona-krise\/#primaryimage\"},\"thumbnailUrl\":\"https:\/\/www.one.org\/de\/wp-content\/uploads\/sites\/3\/2020\/04\/1-OW_2020_featured_1200x1200-1.png\",\"articleSection\":[\"ONE\"],\"inLanguage\":\"de-DE\",\"potentialAction\":[{\"@type\":\"CommentAction\",\"name\":\"Comment\",\"target\":[\"https:\/\/www.one.org\/de\/neuigkeiten\/mutmacher-nachrichten-in-der-corona-krise\/#respond\"]}]},{\"@type\":\"WebPage\",\"@id\":\"https:\/\/www.one.org\/de\/neuigkeiten\/mutmacher-nachrichten-in-der-corona-krise\/\",\"url\":\"https:\/\/www.one.org\/de\/neuigkeiten\/mutmacher-nachrichten-in-der-corona-krise\/\",\"name\":\"Mutmacher-Nachrichten in der Corona-Krise - ONE.org Deutschland\",\"isPartOf\":{\"@id\":\"https:\/\/www.one.org\/de\/#website\"},\"primaryImageOfPage\":{\"@id\":\"https:\/\/www.one.org\/de\/neuigkeiten\/mutmacher-nachrichten-in-der-corona-krise\/#primaryimage\"},\"image\":{\"@id\":\"https:\/\/www.one.org\/de\/neuigkeiten\/mutmacher-nachrichten-in-der-corona-krise\/#primaryimage\"},\"thumbnailUrl\":\"https:\/\/www.one.org\/de\/wp-content\/uploads\/sites\/3\/2020\/04\/1-OW_2020_featured_1200x1200-1.png\",\"datePublished\":\"2020-04-02T11:53:06+00:00\",\"dateModified\":\"2024-01-19T16:00:58+00:00\",\"author\":{\"@id\":\"https:\/\/www.one.org\/de\/#\/schema\/person\/236ef43a079c36667c3f1de2da8e0838\"},\"description\":\"Mutmacher-Nachrichten w\u00e4hrend der Corona-Krise? Bekommt ihr hier: Lasst euch inspirieren und f\u00fcgt eure eigene Geschichte f\u00fcr Solidarit\u00e4t & Hoffnung dazu\",\"breadcrumb\":{\"@id\":\"https:\/\/www.one.org\/de\/neuigkeiten\/mutmacher-nachrichten-in-der-corona-krise\/#breadcrumb\"},\"inLanguage\":\"de-DE\",\"potentialAction\":[{\"@type\":\"ReadAction\",\"target\":[\"https:\/\/www.one.org\/de\/neuigkeiten\/mutmacher-nachrichten-in-der-corona-krise\/\"]}]},{\"@type\":\"ImageObject\",\"inLanguage\":\"de-DE\",\"@id\":\"https:\/\/www.one.org\/de\/neuigkeiten\/mutmacher-nachrichten-in-der-corona-krise\/#primaryimage\",\"url\":\"https:\/\/www.one.org\/de\/wp-content\/uploads\/sites\/3\/2020\/04\/1-OW_2020_featured_1200x1200-1.png\",\"contentUrl\":\"https:\/\/www.one.org\/de\/wp-content\/uploads\/sites\/3\/2020\/04\/1-OW_2020_featured_1200x1200-1.png\",\"width\":1200,\"height\":1200},{\"@type\":\"BreadcrumbList\",\"@id\":\"https:\/\/www.one.org\/de\/neuigkeiten\/mutmacher-nachrichten-in-der-corona-krise\/#breadcrumb\",\"itemListElement\":[{\"@type\":\"ListItem\",\"position\":1,\"name\":\"Home\",\"item\":\"https:\/\/www.one.org\/de\/\"},{\"@type\":\"ListItem\",\"position\":2,\"name\":\"Mutmacher-Nachrichten in der Corona-Krise\"}]},{\"@type\":\"WebSite\",\"@id\":\"https:\/\/www.one.org\/de\/#website\",\"url\":\"https:\/\/www.one.org\/de\/\",\"name\":\"ONE.org\",\"description\":\"F\u00fcr mehr wirtschaftliche Chancen und ein starkes Gesundheitswesen in Afrika\",\"potentialAction\":[{\"@type\":\"SearchAction\",\"target\":{\"@type\":\"EntryPoint\",\"urlTemplate\":\"https:\/\/www.one.org\/de\/?s={search_term_string}\"},\"query-input\":{\"@type\":\"PropertyValueSpecification\",\"valueRequired\":true,\"valueName\":\"search_term_string\"}}],\"inLanguage\":\"de-DE\"},{\"@type\":\"Person\",\"@id\":\"https:\/\/www.one.org\/de\/#\/schema\/person\/236ef43a079c36667c3f1de2da8e0838\",\"name\":\"admin\",\"image\":{\"@type\":\"ImageObject\",\"inLanguage\":\"de-DE\",\"@id\":\"https:\/\/www.one.org\/de\/#\/schema\/person\/image\/\",\"url\":\"https:\/\/secure.gravatar.com\/avatar\/2b4204681b789d34ede86a735f8b6378df901f7f7ab7a9ca89af4670b2bb13b8?s=96&d=mm&r=g\",\"contentUrl\":\"https:\/\/secure.gravatar.com\/avatar\/2b4204681b789d34ede86a735f8b6378df901f7f7ab7a9ca89af4670b2bb13b8?s=96&d=mm&r=g\",\"caption\":\"admin\"},\"sameAs\":[\"http:\/\/www.one.org\"],\"url\":\"https:\/\/www.one.org\/de\/neuigkeiten\/author\/admin\/\"}]}<\/script>\n<!-- \/ Yoast SEO Premium plugin. -->","yoast_head_json":{"title":"Mutmacher-Nachrichten in der Corona-Krise - ONE.org Deutschland","description":"Mutmacher-Nachrichten w\u00e4hrend der Corona-Krise? Bekommt ihr hier: Lasst euch inspirieren und f\u00fcgt eure eigene Geschichte f\u00fcr Solidarit\u00e4t & Hoffnung dazu","robots":{"index":"index","follow":"follow","max-snippet":"max-snippet:-1","max-image-preview":"max-image-preview:large","max-video-preview":"max-video-preview:-1"},"canonical":"https:\/\/www.one.org\/de\/neuigkeiten\/mutmacher-nachrichten-in-der-corona-krise\/","og_locale":"de_DE","og_type":"article","og_title":"Mutmacher-Nachrichten in der Corona-Krise","og_description":"Mutmacher-Nachrichten w\u00e4hrend der Corona-Krise? Bekommt ihr hier: Lasst euch inspirieren und f\u00fcgt eure eigene Geschichte f\u00fcr Solidarit\u00e4t & Hoffnung dazu","og_url":"https:\/\/www.one.org\/de\/neuigkeiten\/mutmacher-nachrichten-in-der-corona-krise\/","og_site_name":"ONE.org Deutschland","article_publisher":"https:\/\/www.facebook.com\/ONEinNederland","article_published_time":"2020-04-02T11:53:06+00:00","article_modified_time":"2024-01-19T16:00:58+00:00","og_image":[{"url":"https:\/\/cdn.one.org\/de\/wp-content\/uploads\/2020\/04\/01145751\/OW_2020_whatyoucando_social_1200x628.png","type":"","width":"","height":""}],"author":"admin","twitter_card":"summary_large_image","twitter_title":"Mutmacher-Nachrichten in der Corona-Krise","twitter_creator":"@ONENederland","twitter_site":"@ONENederland","twitter_misc":{"Written by":"admin","Est. reading time":"6 minutes"},"schema":{"@context":"https:\/\/schema.org","@graph":[{"@type":["Article","BlogPosting"],"@id":"https:\/\/www.one.org\/de\/neuigkeiten\/mutmacher-nachrichten-in-der-corona-krise\/#article","isPartOf":{"@id":"https:\/\/www.one.org\/de\/neuigkeiten\/mutmacher-nachrichten-in-der-corona-krise\/"},"author":{"name":"admin","@id":"https:\/\/www.one.org\/de\/#\/schema\/person\/236ef43a079c36667c3f1de2da8e0838"},"headline":"Mutmacher-Nachrichten in der Corona-Krise","datePublished":"2020-04-02T11:53:06+00:00","dateModified":"2024-01-19T16:00:58+00:00","mainEntityOfPage":{"@id":"https:\/\/www.one.org\/de\/neuigkeiten\/mutmacher-nachrichten-in-der-corona-krise\/"},"wordCount":1084,"commentCount":0,"image":{"@id":"https:\/\/www.one.org\/de\/neuigkeiten\/mutmacher-nachrichten-in-der-corona-krise\/#primaryimage"},"thumbnailUrl":"https:\/\/www.one.org\/de\/wp-content\/uploads\/sites\/3\/2020\/04\/1-OW_2020_featured_1200x1200-1.png","articleSection":["ONE"],"inLanguage":"de-DE","potentialAction":[{"@type":"CommentAction","name":"Comment","target":["https:\/\/www.one.org\/de\/neuigkeiten\/mutmacher-nachrichten-in-der-corona-krise\/#respond"]}]},{"@type":"WebPage","@id":"https:\/\/www.one.org\/de\/neuigkeiten\/mutmacher-nachrichten-in-der-corona-krise\/","url":"https:\/\/www.one.org\/de\/neuigkeiten\/mutmacher-nachrichten-in-der-corona-krise\/","name":"Mutmacher-Nachrichten in der Corona-Krise - ONE.org Deutschland","isPartOf":{"@id":"https:\/\/www.one.org\/de\/#website"},"primaryImageOfPage":{"@id":"https:\/\/www.one.org\/de\/neuigkeiten\/mutmacher-nachrichten-in-der-corona-krise\/#primaryimage"},"image":{"@id":"https:\/\/www.one.org\/de\/neuigkeiten\/mutmacher-nachrichten-in-der-corona-krise\/#primaryimage"},"thumbnailUrl":"https:\/\/www.one.org\/de\/wp-content\/uploads\/sites\/3\/2020\/04\/1-OW_2020_featured_1200x1200-1.png","datePublished":"2020-04-02T11:53:06+00:00","dateModified":"2024-01-19T16:00:58+00:00","author":{"@id":"https:\/\/www.one.org\/de\/#\/schema\/person\/236ef43a079c36667c3f1de2da8e0838"},"description":"Mutmacher-Nachrichten w\u00e4hrend der Corona-Krise? Bekommt ihr hier: Lasst euch inspirieren und f\u00fcgt eure eigene Geschichte f\u00fcr Solidarit\u00e4t & Hoffnung dazu","breadcrumb":{"@id":"https:\/\/www.one.org\/de\/neuigkeiten\/mutmacher-nachrichten-in-der-corona-krise\/#breadcrumb"},"inLanguage":"de-DE","potentialAction":[{"@type":"ReadAction","target":["https:\/\/www.one.org\/de\/neuigkeiten\/mutmacher-nachrichten-in-der-corona-krise\/"]}]},{"@type":"ImageObject","inLanguage":"de-DE","@id":"https:\/\/www.one.org\/de\/neuigkeiten\/mutmacher-nachrichten-in-der-corona-krise\/#primaryimage","url":"https:\/\/www.one.org\/de\/wp-content\/uploads\/sites\/3\/2020\/04\/1-OW_2020_featured_1200x1200-1.png","contentUrl":"https:\/\/www.one.org\/de\/wp-content\/uploads\/sites\/3\/2020\/04\/1-OW_2020_featured_1200x1200-1.png","width":1200,"height":1200},{"@type":"BreadcrumbList","@id":"https:\/\/www.one.org\/de\/neuigkeiten\/mutmacher-nachrichten-in-der-corona-krise\/#breadcrumb","itemListElement":[{"@type":"ListItem","position":1,"name":"Home","item":"https:\/\/www.one.org\/de\/"},{"@type":"ListItem","position":2,"name":"Mutmacher-Nachrichten in der Corona-Krise"}]},{"@type":"WebSite","@id":"https:\/\/www.one.org\/de\/#website","url":"https:\/\/www.one.org\/de\/","name":"ONE.org","description":"F\u00fcr mehr wirtschaftliche Chancen und ein starkes Gesundheitswesen in Afrika","potentialAction":[{"@type":"SearchAction","target":{"@type":"EntryPoint","urlTemplate":"https:\/\/www.one.org\/de\/?s={search_term_string}"},"query-input":{"@type":"PropertyValueSpecification","valueRequired":true,"valueName":"search_term_string"}}],"inLanguage":"de-DE"},{"@type":"Person","@id":"https:\/\/www.one.org\/de\/#\/schema\/person\/236ef43a079c36667c3f1de2da8e0838","name":"admin","image":{"@type":"ImageObject","inLanguage":"de-DE","@id":"https:\/\/www.one.org\/de\/#\/schema\/person\/image\/","url":"https:\/\/secure.gravatar.com\/avatar\/2b4204681b789d34ede86a735f8b6378df901f7f7ab7a9ca89af4670b2bb13b8?s=96&d=mm&r=g","contentUrl":"https:\/\/secure.gravatar.com\/avatar\/2b4204681b789d34ede86a735f8b6378df901f7f7ab7a9ca89af4670b2bb13b8?s=96&d=mm&r=g","caption":"admin"},"sameAs":["http:\/\/www.one.org"],"url":"https:\/\/www.one.org\/de\/neuigkeiten\/author\/admin\/"}]}},"distributor_meta":false,"distributor_terms":false,"distributor_media":false,"distributor_original_site_name":"ONE.org Deutschland","distributor_original_site_url":"https:\/\/www.one.org\/de","push-errors":false,"_links":{"self":[{"href":"https:\/\/www.one.org\/de\/wp-json\/wp\/v2\/posts\/167024","targetHints":{"allow":["GET"]}}],"collection":[{"href":"https:\/\/www.one.org\/de\/wp-json\/wp\/v2\/posts"}],"about":[{"href":"https:\/\/www.one.org\/de\/wp-json\/wp\/v2\/types\/post"}],"author":[{"embeddable":true,"href":"https:\/\/www.one.org\/de\/wp-json\/wp\/v2\/users\/1"}],"replies":[{"embeddable":true,"href":"https:\/\/www.one.org\/de\/wp-json\/wp\/v2\/comments?post=167024"}],"version-history":[{"count":0,"href":"https:\/\/www.one.org\/de\/wp-json\/wp\/v2\/posts\/167024\/revisions"}],"wp:featuredmedia":[{"embeddable":true,"href":"https:\/\/www.one.org\/de\/wp-json\/wp\/v2\/media\/169190"}],"wp:attachment":[{"href":"https:\/\/www.one.org\/de\/wp-json\/wp\/v2\/media?parent=167024"}],"wp:term":[{"taxonomy":"category","embeddable":true,"href":"https:\/\/www.one.org\/de\/wp-json\/wp\/v2\/categories?post=167024"},{"taxonomy":"post_tag","embeddable":true,"href":"https:\/\/www.one.org\/de\/wp-json\/wp\/v2\/tags?post=167024"},{"taxonomy":"topic","embeddable":true,"href":"https:\/\/www.one.org\/de\/wp-json\/wp\/v2\/topic?post=167024"},{"taxonomy":"contributor","embeddable":true,"href":"https:\/\/www.one.org\/de\/wp-json\/wp\/v2\/contributor?post=167024"},{"taxonomy":"one_content_audience","embeddable":true,"href":"https:\/\/www.one.org\/de\/wp-json\/wp\/v2\/one_content_audience?post=167024"},{"taxonomy":"one_content_type","embeddable":true,"href":"https:\/\/www.one.org\/de\/wp-json\/wp\/v2\/one_content_type?post=167024"},{"taxonomy":"one_content_tone","embeddable":true,"href":"https:\/\/www.one.org\/de\/wp-json\/wp\/v2\/one_content_tone?post=167024"}],"curies":[{"name":"wp","href":"https:\/\/api.w.org\/{rel}","templated":true}]}}