{"id":166983,"date":"2020-02-18T15:48:25","date_gmt":"2020-02-18T15:48:25","guid":{"rendered":"https:\/\/www.one.org\/de\/unsere-herzen-schlagen-fur-globale-gerechtigkeit\/"},"modified":"2023-12-08T12:30:21","modified_gmt":"2023-12-08T12:30:21","slug":"unsere-herzen-schlagen-fuer-globale-gerechtigkeit","status":"publish","type":"post","link":"https:\/\/www.one.org\/de\/neuigkeiten\/unsere-herzen-schlagen-fuer-globale-gerechtigkeit\/","title":{"rendered":"Unsere Herzen schlagen f\u00fcr globale Gerechtigkeit"},"content":{"rendered":"<p><img decoding=\"async\" loading=\"lazy\" class=\"aligncenter size-full wp-image-149629\" src=\"https:\/\/cdn.one.org\/de\/wp-content\/uploads\/2020\/02\/18093039\/rsz_img_6237.jpg\" alt=\"\" width=\"1200\" height=\"800\"><\/p>\n<p>Wir lieben es, wenn die EU Armut in der Welt bek&auml;mpft. Bei dem Gedanken an ein Europa, das global denkt und handelt, schl&auml;gt unser Herz h&ouml;her. Menschen, die sich daf&uuml;r einsetzen, verzaubern uns jeden Tag aufs Neue. Mit einer kreativen Aktion haben wir dieser Liebe Ausdruck verliehen und zwar am vergangen Valentinstag.<\/p>\n<p>Was w&uuml;rde am Valentinstag besser passen, als mit Amor eine Flut an Liebesbotschaften an Europa abzugeben? Wir denken &ndash; nichts! Und deshalb haben wir von ONE Deutschland einen Ausflug gemacht, um dem Au&szlig;enminister Heiko Maas unsere Nachricht zu &uuml;berbringen.<\/p>\n<p>Mit der Aktion stehen wir nicht alleine da. Alle unsere ONE-Kolleg*innen aus ganz Europa haben jeweils ihren Teil dazu beigetragen, die politisch Verantwortlichen in ganz Europa <a href=\"https:\/\/www.one.org\/de\/press\/neuer-one-bericht-die-eu-konnte-325-millionen-kindern-in-afrika-den-schulbesuch-ermoglichen\/\">auf unsere Forderungen<\/a> hinzuweisen.<\/p>\n<blockquote class=\"twitter-tweet\" data-width=\"550\" data-dnt=\"true\">\n<p lang=\"en\" dir=\"ltr\">For <a href=\"https:\/\/twitter.com\/hashtag\/ValentinesDay2020?src=hash&amp;ref_src=twsrc%5Etfw\">#ValentinesDay2020<\/a> the <a href=\"https:\/\/twitter.com\/ONEinEU?ref_src=twsrc%5Etfw\">@ONEinEU<\/a> team was at <a href=\"https:\/\/twitter.com\/Europarl_EN?ref_src=twsrc%5Etfw\">@Europarl_EN<\/a> to share w\/ MEPs   messages by our supporters asking them to <a href=\"https:\/\/twitter.com\/hashtag\/DeliverTheFuture?src=hash&amp;ref_src=twsrc%5Etfw\">#DeliverTheFuture<\/a>.<br \/>We need EU leaders to prioritise EU aid during <a href=\"https:\/\/twitter.com\/hashtag\/MFF?src=hash&amp;ref_src=twsrc%5Etfw\">#MFF<\/a> negotiations! <br \/>If you agree, sign our petition   <a href=\"https:\/\/t.co\/v4V2qujmO6\">https:\/\/t.co\/v4V2qujmO6<\/a> <a href=\"https:\/\/t.co\/HNP7kwNuZb\">pic.twitter.com\/HNP7kwNuZb<\/a><\/p>\n<p>&mdash; ONEinEU (@ONEinEU) <a href=\"https:\/\/twitter.com\/ONEinEU\/status\/1228336697777278978?ref_src=twsrc%5Etfw\">February 14, 2020<\/a><\/p>\n<\/blockquote>\n<p>Unter der Aktion &bdquo;Ein Herz f&uuml;r globale Gerechtigkeit&ldquo; haben mehr als 700 ONE-Unterst&uuml;tzer*innen, davon &uuml;ber 160 aus ganz Deutschland in Liebesbriefen ihre Solidarit&auml;t zu Europa bekundet. Gemeinsam wollten wir zeigen, dass unsere Herzen europ&auml;isch schlagen. Unseren Einsatz f&uuml;r europ&auml;ische Entwicklungszusammenarbeit und globale Gerechtigkeit haben wir durch die besten Zitate der ONE-Unterst&uuml;tzer*innen unterlegt.<\/p>\n<h2><img decoding=\"async\" loading=\"lazy\" class=\"aligncenter size-full wp-image-149628\" src=\"https:\/\/cdn.one.org\/de\/wp-content\/uploads\/2020\/02\/18093036\/rsz_image_from_ios_3.jpg\" alt=\"\" width=\"1200\" height=\"1600\"><\/h2>\n<h2>Eine sch&ouml;ne Auswahl davon findet ihr hier:<\/h2>\n<ul>\n<li>Lieber Herr Maas, ich w&uuml;nsche Ihnen zum Valentinstag alles Liebe. Ich habe aus gegebenem Anlass ein kleines Gedicht verfasst. Ich hoffe, es gef&auml;llt Ihnen: Europa, du Kontinent mit vielen Gesichtern,&nbsp; die Herzen deiner Menschen strahlen in Millionen Lichtern,&nbsp; du sprichst viele Sprachen, oft mit unterschiedlichem Dialekt,&nbsp; ich w&uuml;nsche mir, eines Tages ist deine Einheit perfekt.&nbsp; Und so wie du mir und vielen anderen ein Zuhause gibst,&nbsp; hoffe ich, dass du auch die &Auml;rmsten dieser Welt liebst.&nbsp; Baue ihnen Schulen mit vielen B&uuml;chern,&nbsp; und eine erfolgreiche Zukunft ist in trockenen T&uuml;chern. &ndash; Tobias L.<\/li>\n<\/ul>\n<p>&nbsp;<\/p>\n<ul>\n<li>Da mir Gerechtigkeit sehr am Herzen liegt, w&uuml;nsche ich mir sehr, dass die EU Menschen unterst&uuml;tzt die von extremer Armut betroffen sind. Dass sie Kindern einen Schulbesuch erm&ouml;glicht und sie dazu beitragen kann, dass alle Menschen ihr volles Potenzial entfalten k&ouml;nnen. Sie als Politiker haben die Macht unsere Welt ein kleines bisschen besser zu machen und Menschen Hoffnung zu geben. &ndash; Iris R.<\/li>\n<\/ul>\n<p>&nbsp;<\/p>\n<ul>\n<li>Armut ist das zentrale Merkmal von Entwicklungsproblemen und Flucht. Armutsbek&auml;mpfung ist folglich eine zentrale Entwicklungsaufgabe. Ohne durchgreifende Minderung der Armut in der Welt, vor allem in den Entwicklungsl&auml;ndern, lassen sich andere globale Probleme wie Umweltzerst&ouml;rung und Gef&auml;hrdung des Friedens nicht bew&auml;ltigen, denn Armut und die sich vergr&ouml;&szlig;ernde Kluft zwischen Arm und Reich verst&auml;rken diese Probleme zunehmend. &ndash; Siegfrid S.<\/li>\n<\/ul>\n<p>&nbsp;<\/p>\n<ul>\n<li>Sehr geehrte Damen und Herren! Wichtig f&uuml;r mich: Auf dem Herzen liegt mir, dass endlich mal Gerechtigkeit herrscht. Dass europ&auml;ische Entwicklungszusammenarbeit Wunderbares bewirken kann, wissen wir alle. Ich w&uuml;nsche mir von Herzen, dass sie die EU Menschen unterst&uuml;tzten, die von extremer Armut betroffen sind. Allen Kindern einen Schulbesuch erm&ouml;glicht und sie dazu beitragen kann, dass alle Menschen ihr volles Potenzial entfalten k&ouml;nnen. &ndash; Thorsten M.<\/li>\n<\/ul>\n<p>&nbsp;<\/p>\n<ul>\n<li>Ich liebe es, wenn die EU die Armut in der Welt bek&auml;mpft. Bei dem Gedanken an ein Europa, das global denkt und handelt, schl&auml;gt mein Herz h&ouml;her. Meiner Liebe f&uuml;r ein gerechtes und solidarisches Europa m&ouml;chte ich Ausdruck verleihen. &ndash; Abram E.<\/li>\n<\/ul>\n<p>&nbsp;<\/p>\n<ul>\n<li>Guten Tag, mir liegt Gerechtigkeit am Herzen. Europ&auml;ische Entwicklungszusammenarbeit k&ouml;nnte Wunderbares bewirken. Von Herzen w&uuml;nsche ich mir, da&szlig; die EU Menschen unterst&uuml;tzt, die von extremer Armut betroffen sind. Da&szlig; sie Kindern einen Schulbesuch erm&ouml;glicht und sie dazu beitragen kann, da&szlig; alle Menschen ihr volles Potential entfalten k&ouml;nnen. &ndash; Susann L.<\/li>\n<\/ul>\n<p><img decoding=\"async\" loading=\"lazy\" class=\"aligncenter size-full wp-image-149630\" src=\"https:\/\/cdn.one.org\/de\/wp-content\/uploads\/2020\/02\/18093040\/rsz_img_6274.jpg\" alt=\"\" width=\"1200\" height=\"800\"><\/p>\n<h2>M&ouml;chtest auch du deinen Teil zu globaler Gerechtigkeit und europ&auml;ischer Entwicklungszusammenarbeit beitragen? Dies war nicht unsere einzige Aktion zu diesem Thema. Unterzeichne jetzt unsere <a href=\"https:\/\/act.one.org\/sign\/die-eu-muss-jetzt-handeln\/?utm_source=TakeAction&amp;source=TakeAction&amp;utm_medium=referral&amp;utm_campaign=MFF\">ONE Chance Petition<\/a> und erz&auml;hle deinen Freunden davon!<\/h2>\n<p>&nbsp;<\/p>\n<div class=\"buffer\"><\/div>\n<div class=\"buffer\"><\/div>","protected":false},"excerpt":{"rendered":"<p>Wir lieben es, wenn die EU Armut in der Welt bek&auml;mpft. Bei dem Gedanken an ein Europa, das global denkt und handelt, schl&auml;gt unser Herz h&ouml;her. Menschen, die sich daf&uuml;r einsetzen, verzaubern uns jeden Tag aufs Neue. Mit einer kreativen Aktion haben wir dieser Liebe Ausdruck verliehen und zwar am vergangen Valentinstag. Was w&uuml;rde am [&hellip;]<\/p>\n","protected":false},"author":1,"featured_media":169265,"comment_status":"open","ping_status":"open","sticky":false,"template":"","format":"standard","meta":{"_acf_changed":false,"_relevanssi_hide_post":"","_relevanssi_hide_content":"","_relevanssi_pin_for_all":"","_relevanssi_pin_keywords":"","_relevanssi_unpin_keywords":"","_relevanssi_related_keywords":"","_relevanssi_related_include_ids":"","_relevanssi_related_exclude_ids":"","_relevanssi_related_no_append":"","_relevanssi_related_not_related":"","_relevanssi_related_posts":"","_relevanssi_noindex_reason":"","footnotes":""},"categories":[1],"tags":[],"topic":[37,49],"contributor":[],"one_content_audience":[],"one_content_type":[],"one_content_tone":[],"class_list":["post-166983","post","type-post","status-publish","format-standard","has-post-thumbnail","hentry","category-uncategorized","topic-entwicklungszusammenarbeit","topic-euro-zusammenarbeit"],"acf":[],"yoast_head":"<!-- This site is optimized with the Yoast SEO Premium plugin v27.1 (Yoast SEO v27.1.1) - https:\/\/yoast.com\/product\/yoast-seo-premium-wordpress\/ -->\n<title>Unsere Herzen schlagen f\u00fcr globale Gerechtigkeit - ONE.org Deutschland<\/title>\n<meta name=\"description\" content=\"Unsere Valentinsaktion f\u00fcr globale Gerechtigkeit und europ\u00e4ische Entwicklungszusammenarbeit vor dem Ausw\u00e4rtigen Amt in Berlin\" \/>\n<meta name=\"robots\" content=\"index, follow, max-snippet:-1, max-image-preview:large, max-video-preview:-1\" \/>\n<link rel=\"canonical\" href=\"https:\/\/www.one.org\/de\/neuigkeiten\/unsere-herzen-schlagen-fuer-globale-gerechtigkeit\/\" \/>\n<meta property=\"og:locale\" content=\"de_DE\" \/>\n<meta property=\"og:type\" content=\"article\" \/>\n<meta property=\"og:title\" content=\"Unsere Herzen schlagen f\u00fcr globale Gerechtigkeit\" \/>\n<meta property=\"og:description\" content=\"Mit der Aktion &quot;Ein Herz f\u00fcr globale Gerechtigkeit&quot; setzt sich ONE Deutschland f\u00fcr europ\u00e4ische Entwicklungszusammenarbeit und globale Gerechtigkeit ein. Unsere Liebesbotschaften ans Ausw\u00e4rtige Amt in Berlin bringen dies zum Ausdruck.\" \/>\n<meta property=\"og:url\" content=\"https:\/\/www.one.org\/de\/neuigkeiten\/unsere-herzen-schlagen-fuer-globale-gerechtigkeit\/\" \/>\n<meta property=\"og:site_name\" content=\"ONE.org Deutschland\" \/>\n<meta property=\"article:publisher\" content=\"https:\/\/www.facebook.com\/ONEinNederland\" \/>\n<meta property=\"article:published_time\" content=\"2020-02-18T15:48:25+00:00\" \/>\n<meta property=\"article:modified_time\" content=\"2023-12-08T12:30:21+00:00\" \/>\n<meta property=\"og:image\" content=\"https:\/\/cdn.one.org\/de\/wp-content\/uploads\/2020\/02\/18155729\/Blog-Twitter-Facebook.jpg\" \/>\n<meta name=\"author\" content=\"admin\" \/>\n<meta name=\"twitter:card\" content=\"summary_large_image\" \/>\n<meta name=\"twitter:title\" content=\"Unsere Herzen schlagen f\u00fcr globale Gerechtigkeit\" \/>\n<meta name=\"twitter:creator\" content=\"@ONENederland\" \/>\n<meta name=\"twitter:site\" content=\"@ONENederland\" \/>\n<meta name=\"twitter:label1\" content=\"Written by\" \/>\n\t<meta name=\"twitter:data1\" content=\"admin\" \/>\n\t<meta name=\"twitter:label2\" content=\"Est. reading time\" \/>\n\t<meta name=\"twitter:data2\" content=\"4 minutes\" \/>\n<script type=\"application\/ld+json\" class=\"yoast-schema-graph\">{\"@context\":\"https:\/\/schema.org\",\"@graph\":[{\"@type\":[\"Article\",\"BlogPosting\"],\"@id\":\"https:\/\/www.one.org\/de\/neuigkeiten\/unsere-herzen-schlagen-fuer-globale-gerechtigkeit\/#article\",\"isPartOf\":{\"@id\":\"https:\/\/www.one.org\/de\/neuigkeiten\/unsere-herzen-schlagen-fuer-globale-gerechtigkeit\/\"},\"author\":{\"name\":\"admin\",\"@id\":\"https:\/\/www.one.org\/de\/#\/schema\/person\/236ef43a079c36667c3f1de2da8e0838\"},\"headline\":\"Unsere Herzen schlagen f\u00fcr globale Gerechtigkeit\",\"datePublished\":\"2020-02-18T15:48:25+00:00\",\"dateModified\":\"2023-12-08T12:30:21+00:00\",\"mainEntityOfPage\":{\"@id\":\"https:\/\/www.one.org\/de\/neuigkeiten\/unsere-herzen-schlagen-fuer-globale-gerechtigkeit\/\"},\"wordCount\":767,\"commentCount\":0,\"image\":{\"@id\":\"https:\/\/www.one.org\/de\/neuigkeiten\/unsere-herzen-schlagen-fuer-globale-gerechtigkeit\/#primaryimage\"},\"thumbnailUrl\":\"https:\/\/www.one.org\/de\/wp-content\/uploads\/sites\/3\/2020\/02\/resized-blog.jpg\",\"inLanguage\":\"de-DE\",\"potentialAction\":[{\"@type\":\"CommentAction\",\"name\":\"Comment\",\"target\":[\"https:\/\/www.one.org\/de\/neuigkeiten\/unsere-herzen-schlagen-fuer-globale-gerechtigkeit\/#respond\"]}]},{\"@type\":\"WebPage\",\"@id\":\"https:\/\/www.one.org\/de\/neuigkeiten\/unsere-herzen-schlagen-fuer-globale-gerechtigkeit\/\",\"url\":\"https:\/\/www.one.org\/de\/neuigkeiten\/unsere-herzen-schlagen-fuer-globale-gerechtigkeit\/\",\"name\":\"Unsere Herzen schlagen f\u00fcr globale Gerechtigkeit - ONE.org Deutschland\",\"isPartOf\":{\"@id\":\"https:\/\/www.one.org\/de\/#website\"},\"primaryImageOfPage\":{\"@id\":\"https:\/\/www.one.org\/de\/neuigkeiten\/unsere-herzen-schlagen-fuer-globale-gerechtigkeit\/#primaryimage\"},\"image\":{\"@id\":\"https:\/\/www.one.org\/de\/neuigkeiten\/unsere-herzen-schlagen-fuer-globale-gerechtigkeit\/#primaryimage\"},\"thumbnailUrl\":\"https:\/\/www.one.org\/de\/wp-content\/uploads\/sites\/3\/2020\/02\/resized-blog.jpg\",\"datePublished\":\"2020-02-18T15:48:25+00:00\",\"dateModified\":\"2023-12-08T12:30:21+00:00\",\"author\":{\"@id\":\"https:\/\/www.one.org\/de\/#\/schema\/person\/236ef43a079c36667c3f1de2da8e0838\"},\"description\":\"Unsere Valentinsaktion f\u00fcr globale Gerechtigkeit und europ\u00e4ische Entwicklungszusammenarbeit vor dem Ausw\u00e4rtigen Amt in Berlin\",\"breadcrumb\":{\"@id\":\"https:\/\/www.one.org\/de\/neuigkeiten\/unsere-herzen-schlagen-fuer-globale-gerechtigkeit\/#breadcrumb\"},\"inLanguage\":\"de-DE\",\"potentialAction\":[{\"@type\":\"ReadAction\",\"target\":[\"https:\/\/www.one.org\/de\/neuigkeiten\/unsere-herzen-schlagen-fuer-globale-gerechtigkeit\/\"]}]},{\"@type\":\"ImageObject\",\"inLanguage\":\"de-DE\",\"@id\":\"https:\/\/www.one.org\/de\/neuigkeiten\/unsere-herzen-schlagen-fuer-globale-gerechtigkeit\/#primaryimage\",\"url\":\"https:\/\/www.one.org\/de\/wp-content\/uploads\/sites\/3\/2020\/02\/resized-blog.jpg\",\"contentUrl\":\"https:\/\/www.one.org\/de\/wp-content\/uploads\/sites\/3\/2020\/02\/resized-blog.jpg\",\"width\":1200,\"height\":800},{\"@type\":\"BreadcrumbList\",\"@id\":\"https:\/\/www.one.org\/de\/neuigkeiten\/unsere-herzen-schlagen-fuer-globale-gerechtigkeit\/#breadcrumb\",\"itemListElement\":[{\"@type\":\"ListItem\",\"position\":1,\"name\":\"Home\",\"item\":\"https:\/\/www.one.org\/de\/\"},{\"@type\":\"ListItem\",\"position\":2,\"name\":\"Unsere Herzen schlagen f\u00fcr globale Gerechtigkeit\"}]},{\"@type\":\"WebSite\",\"@id\":\"https:\/\/www.one.org\/de\/#website\",\"url\":\"https:\/\/www.one.org\/de\/\",\"name\":\"ONE.org\",\"description\":\"F\u00fcr mehr wirtschaftliche Chancen und ein starkes Gesundheitswesen in Afrika\",\"potentialAction\":[{\"@type\":\"SearchAction\",\"target\":{\"@type\":\"EntryPoint\",\"urlTemplate\":\"https:\/\/www.one.org\/de\/?s={search_term_string}\"},\"query-input\":{\"@type\":\"PropertyValueSpecification\",\"valueRequired\":true,\"valueName\":\"search_term_string\"}}],\"inLanguage\":\"de-DE\"},{\"@type\":\"Person\",\"@id\":\"https:\/\/www.one.org\/de\/#\/schema\/person\/236ef43a079c36667c3f1de2da8e0838\",\"name\":\"admin\",\"image\":{\"@type\":\"ImageObject\",\"inLanguage\":\"de-DE\",\"@id\":\"https:\/\/www.one.org\/de\/#\/schema\/person\/image\/\",\"url\":\"https:\/\/secure.gravatar.com\/avatar\/2b4204681b789d34ede86a735f8b6378df901f7f7ab7a9ca89af4670b2bb13b8?s=96&d=mm&r=g\",\"contentUrl\":\"https:\/\/secure.gravatar.com\/avatar\/2b4204681b789d34ede86a735f8b6378df901f7f7ab7a9ca89af4670b2bb13b8?s=96&d=mm&r=g\",\"caption\":\"admin\"},\"sameAs\":[\"http:\/\/www.one.org\"],\"url\":\"https:\/\/www.one.org\/de\/neuigkeiten\/author\/admin\/\"}]}<\/script>\n<!-- \/ Yoast SEO Premium plugin. -->","yoast_head_json":{"title":"Unsere Herzen schlagen f\u00fcr globale Gerechtigkeit - ONE.org Deutschland","description":"Unsere Valentinsaktion f\u00fcr globale Gerechtigkeit und europ\u00e4ische Entwicklungszusammenarbeit vor dem Ausw\u00e4rtigen Amt in Berlin","robots":{"index":"index","follow":"follow","max-snippet":"max-snippet:-1","max-image-preview":"max-image-preview:large","max-video-preview":"max-video-preview:-1"},"canonical":"https:\/\/www.one.org\/de\/neuigkeiten\/unsere-herzen-schlagen-fuer-globale-gerechtigkeit\/","og_locale":"de_DE","og_type":"article","og_title":"Unsere Herzen schlagen f\u00fcr globale Gerechtigkeit","og_description":"Mit der Aktion &quot;Ein Herz f\u00fcr globale Gerechtigkeit&quot; setzt sich ONE Deutschland f\u00fcr europ\u00e4ische Entwicklungszusammenarbeit und globale Gerechtigkeit ein. Unsere Liebesbotschaften ans Ausw\u00e4rtige Amt in Berlin bringen dies zum Ausdruck.","og_url":"https:\/\/www.one.org\/de\/neuigkeiten\/unsere-herzen-schlagen-fuer-globale-gerechtigkeit\/","og_site_name":"ONE.org Deutschland","article_publisher":"https:\/\/www.facebook.com\/ONEinNederland","article_published_time":"2020-02-18T15:48:25+00:00","article_modified_time":"2023-12-08T12:30:21+00:00","og_image":[{"url":"https:\/\/cdn.one.org\/de\/wp-content\/uploads\/2020\/02\/18155729\/Blog-Twitter-Facebook.jpg","type":"","width":"","height":""}],"author":"admin","twitter_card":"summary_large_image","twitter_title":"Unsere Herzen schlagen f\u00fcr globale Gerechtigkeit","twitter_creator":"@ONENederland","twitter_site":"@ONENederland","twitter_misc":{"Written by":"admin","Est. reading time":"4 minutes"},"schema":{"@context":"https:\/\/schema.org","@graph":[{"@type":["Article","BlogPosting"],"@id":"https:\/\/www.one.org\/de\/neuigkeiten\/unsere-herzen-schlagen-fuer-globale-gerechtigkeit\/#article","isPartOf":{"@id":"https:\/\/www.one.org\/de\/neuigkeiten\/unsere-herzen-schlagen-fuer-globale-gerechtigkeit\/"},"author":{"name":"admin","@id":"https:\/\/www.one.org\/de\/#\/schema\/person\/236ef43a079c36667c3f1de2da8e0838"},"headline":"Unsere Herzen schlagen f\u00fcr globale Gerechtigkeit","datePublished":"2020-02-18T15:48:25+00:00","dateModified":"2023-12-08T12:30:21+00:00","mainEntityOfPage":{"@id":"https:\/\/www.one.org\/de\/neuigkeiten\/unsere-herzen-schlagen-fuer-globale-gerechtigkeit\/"},"wordCount":767,"commentCount":0,"image":{"@id":"https:\/\/www.one.org\/de\/neuigkeiten\/unsere-herzen-schlagen-fuer-globale-gerechtigkeit\/#primaryimage"},"thumbnailUrl":"https:\/\/www.one.org\/de\/wp-content\/uploads\/sites\/3\/2020\/02\/resized-blog.jpg","inLanguage":"de-DE","potentialAction":[{"@type":"CommentAction","name":"Comment","target":["https:\/\/www.one.org\/de\/neuigkeiten\/unsere-herzen-schlagen-fuer-globale-gerechtigkeit\/#respond"]}]},{"@type":"WebPage","@id":"https:\/\/www.one.org\/de\/neuigkeiten\/unsere-herzen-schlagen-fuer-globale-gerechtigkeit\/","url":"https:\/\/www.one.org\/de\/neuigkeiten\/unsere-herzen-schlagen-fuer-globale-gerechtigkeit\/","name":"Unsere Herzen schlagen f\u00fcr globale Gerechtigkeit - ONE.org Deutschland","isPartOf":{"@id":"https:\/\/www.one.org\/de\/#website"},"primaryImageOfPage":{"@id":"https:\/\/www.one.org\/de\/neuigkeiten\/unsere-herzen-schlagen-fuer-globale-gerechtigkeit\/#primaryimage"},"image":{"@id":"https:\/\/www.one.org\/de\/neuigkeiten\/unsere-herzen-schlagen-fuer-globale-gerechtigkeit\/#primaryimage"},"thumbnailUrl":"https:\/\/www.one.org\/de\/wp-content\/uploads\/sites\/3\/2020\/02\/resized-blog.jpg","datePublished":"2020-02-18T15:48:25+00:00","dateModified":"2023-12-08T12:30:21+00:00","author":{"@id":"https:\/\/www.one.org\/de\/#\/schema\/person\/236ef43a079c36667c3f1de2da8e0838"},"description":"Unsere Valentinsaktion f\u00fcr globale Gerechtigkeit und europ\u00e4ische Entwicklungszusammenarbeit vor dem Ausw\u00e4rtigen Amt in Berlin","breadcrumb":{"@id":"https:\/\/www.one.org\/de\/neuigkeiten\/unsere-herzen-schlagen-fuer-globale-gerechtigkeit\/#breadcrumb"},"inLanguage":"de-DE","potentialAction":[{"@type":"ReadAction","target":["https:\/\/www.one.org\/de\/neuigkeiten\/unsere-herzen-schlagen-fuer-globale-gerechtigkeit\/"]}]},{"@type":"ImageObject","inLanguage":"de-DE","@id":"https:\/\/www.one.org\/de\/neuigkeiten\/unsere-herzen-schlagen-fuer-globale-gerechtigkeit\/#primaryimage","url":"https:\/\/www.one.org\/de\/wp-content\/uploads\/sites\/3\/2020\/02\/resized-blog.jpg","contentUrl":"https:\/\/www.one.org\/de\/wp-content\/uploads\/sites\/3\/2020\/02\/resized-blog.jpg","width":1200,"height":800},{"@type":"BreadcrumbList","@id":"https:\/\/www.one.org\/de\/neuigkeiten\/unsere-herzen-schlagen-fuer-globale-gerechtigkeit\/#breadcrumb","itemListElement":[{"@type":"ListItem","position":1,"name":"Home","item":"https:\/\/www.one.org\/de\/"},{"@type":"ListItem","position":2,"name":"Unsere Herzen schlagen f\u00fcr globale Gerechtigkeit"}]},{"@type":"WebSite","@id":"https:\/\/www.one.org\/de\/#website","url":"https:\/\/www.one.org\/de\/","name":"ONE.org","description":"F\u00fcr mehr wirtschaftliche Chancen und ein starkes Gesundheitswesen in Afrika","potentialAction":[{"@type":"SearchAction","target":{"@type":"EntryPoint","urlTemplate":"https:\/\/www.one.org\/de\/?s={search_term_string}"},"query-input":{"@type":"PropertyValueSpecification","valueRequired":true,"valueName":"search_term_string"}}],"inLanguage":"de-DE"},{"@type":"Person","@id":"https:\/\/www.one.org\/de\/#\/schema\/person\/236ef43a079c36667c3f1de2da8e0838","name":"admin","image":{"@type":"ImageObject","inLanguage":"de-DE","@id":"https:\/\/www.one.org\/de\/#\/schema\/person\/image\/","url":"https:\/\/secure.gravatar.com\/avatar\/2b4204681b789d34ede86a735f8b6378df901f7f7ab7a9ca89af4670b2bb13b8?s=96&d=mm&r=g","contentUrl":"https:\/\/secure.gravatar.com\/avatar\/2b4204681b789d34ede86a735f8b6378df901f7f7ab7a9ca89af4670b2bb13b8?s=96&d=mm&r=g","caption":"admin"},"sameAs":["http:\/\/www.one.org"],"url":"https:\/\/www.one.org\/de\/neuigkeiten\/author\/admin\/"}]}},"distributor_meta":false,"distributor_terms":false,"distributor_media":false,"distributor_original_site_name":"ONE.org Deutschland","distributor_original_site_url":"https:\/\/www.one.org\/de","push-errors":false,"_links":{"self":[{"href":"https:\/\/www.one.org\/de\/wp-json\/wp\/v2\/posts\/166983","targetHints":{"allow":["GET"]}}],"collection":[{"href":"https:\/\/www.one.org\/de\/wp-json\/wp\/v2\/posts"}],"about":[{"href":"https:\/\/www.one.org\/de\/wp-json\/wp\/v2\/types\/post"}],"author":[{"embeddable":true,"href":"https:\/\/www.one.org\/de\/wp-json\/wp\/v2\/users\/1"}],"replies":[{"embeddable":true,"href":"https:\/\/www.one.org\/de\/wp-json\/wp\/v2\/comments?post=166983"}],"version-history":[{"count":0,"href":"https:\/\/www.one.org\/de\/wp-json\/wp\/v2\/posts\/166983\/revisions"}],"wp:featuredmedia":[{"embeddable":true,"href":"https:\/\/www.one.org\/de\/wp-json\/wp\/v2\/media\/169265"}],"wp:attachment":[{"href":"https:\/\/www.one.org\/de\/wp-json\/wp\/v2\/media?parent=166983"}],"wp:term":[{"taxonomy":"category","embeddable":true,"href":"https:\/\/www.one.org\/de\/wp-json\/wp\/v2\/categories?post=166983"},{"taxonomy":"post_tag","embeddable":true,"href":"https:\/\/www.one.org\/de\/wp-json\/wp\/v2\/tags?post=166983"},{"taxonomy":"topic","embeddable":true,"href":"https:\/\/www.one.org\/de\/wp-json\/wp\/v2\/topic?post=166983"},{"taxonomy":"contributor","embeddable":true,"href":"https:\/\/www.one.org\/de\/wp-json\/wp\/v2\/contributor?post=166983"},{"taxonomy":"one_content_audience","embeddable":true,"href":"https:\/\/www.one.org\/de\/wp-json\/wp\/v2\/one_content_audience?post=166983"},{"taxonomy":"one_content_type","embeddable":true,"href":"https:\/\/www.one.org\/de\/wp-json\/wp\/v2\/one_content_type?post=166983"},{"taxonomy":"one_content_tone","embeddable":true,"href":"https:\/\/www.one.org\/de\/wp-json\/wp\/v2\/one_content_tone?post=166983"}],"curies":[{"name":"wp","href":"https:\/\/api.w.org\/{rel}","templated":true}]}}