{"id":166970,"date":"2020-01-31T15:13:03","date_gmt":"2020-01-31T15:13:03","guid":{"rendered":"https:\/\/www.one.org\/de\/morgens-um-8-in-berlin-3-weltverbessererinnen-zu-besuch-bei-one-in-deutschland\/"},"modified":"2023-11-20T14:40:19","modified_gmt":"2023-11-20T14:40:19","slug":"morgens-um-8-in-berlin-3-weltverbessererinnen-zu-besuch-bei-one-in-deutschland","status":"publish","type":"post","link":"https:\/\/www.one.org\/de\/neuigkeiten\/morgens-um-8-in-berlin-3-weltverbessererinnen-zu-besuch-bei-one-in-deutschland\/","title":{"rendered":"Morgens um 8 in Berlin: 3 Weltverbesserer*innen zu Besuch bei ONE in Deutschland"},"content":{"rendered":"\n<h2 class=\"wp-block-heading\" id=\"h-vegane-bagels-gefullte-kaffeekannen-drei-engagierte-junge-menschen-und-eine-runde-hauptstadtjournalist-innen-so-konnt-ihr-euch-ein-pressegesprach-von-one-vorstellen-zum-fruhstuck-laden-wir-ins-berliner-buro-ein-um-uns-mit-drei-ehemaligen-one-jugendbotschafter-innen-daruber-auszutauschen-wie-sie-uberhaupt-auf-das-ehrenamt-aufmerksam-wurden-was-sie-aus-ihrem-engagement-bei-one-mitnehmen-und-welche-grossartigen-dinge-sie-ausserdem-auf-die-beine-stellen\">Vegane Bagels, gef\u00fcllte Kaffeekannen, drei engagierte junge Menschen und eine Runde Hauptstadtjournalist*innen \u2013 so k\u00f6nnt ihr euch ein Pressegespr\u00e4ch von ONE vorstellen. Zum Fr\u00fchst\u00fcck laden wir ins Berliner B\u00fcro ein, um uns mit drei ehemaligen ONE-Jugendbotschafter*innen dar\u00fcber auszutauschen, wie sie \u00fcberhaupt auf das Ehrenamt aufmerksam wurden, was sie aus ihrem Engagement bei ONE mitnehmen und welche gro\u00dfartigen Dinge sie au\u00dferdem auf die Beine stellen.<\/h2>\n\n\n\n<h3 class=\"wp-block-heading\" id=\"h-was-gibt-es-motivierendes-als-mit-jungen-aktivist-innen-ins-gesprach-zu-kommen-und-zu-erfahren-wie-sie-die-herausforderungen-von-heute-anpacken\"><strong>Was gibt es Motivierendes, als mit jungen Aktivist*innen ins Gespr\u00e4ch zu kommen und zu erfahren, wie sie die Herausforderungen von heute anpacken?<\/strong><\/h3>\n\n\n\n<p>Wir finden: nichts. Und freuen uns deshalb immer sehr, mit aktuellen und ehemaligen Jugendbotschafter*innen ins Gespr\u00e4ch zu kommen. <strong>Rund 50 engagierte junge Menschen nehmen jedes Jahr an <\/strong><a href=\"https:\/\/www.one.org\/de\/ueber-one\/jugendbotschafter-innen\/\"><strong>ONEs Jugendbotschafter*innen-Programm<\/strong><\/a><strong> teil.<\/strong> Und das Beste daran: Viele von ihnen sind bereits erfahrene Aktivist*innen und bereichern das Programm ungemein mit ihren Erfahrungen und Sichtweisen. Wir k\u00f6nnen es nicht besser auf den Punkt bringen als unser ehemaliger Jugendbotschafter <a href=\"https:\/\/twitter.com\/alicanglobal\"><strong>Ali Can<\/strong><\/a>, mittlerweile Sozialaktivist und Buchautor: \u201eUnsere Generation merkt, dass sie viele M\u00f6glichkeiten hat. Organisationen wie ONE begleiten uns dabei.\u201c<\/p>\n\n\n\n<p><strong>Von den Jugendbotschafter*innen k\u00f6nnen wir bei ONE noch einiges lernen<\/strong> \u2013 sei es bei <a href=\"https:\/\/www.one.org\/de\/blog\/lobbytage-2019-re-cap-in-tweets\/\">Gespr\u00e4chen mit Abgeordneten im Bundestag<\/a>, in <a href=\"https:\/\/twitter.com\/ONEDeutschland\/status\/1164475538318221312\">Superheld*innen-Kost\u00fcmen vor dem Brandenburger Tor<\/a> oder im <a href=\"https:\/\/twitter.com\/ONEDeutschland\/status\/1191675388692484096\">Europa-Parlament in Br\u00fcssel<\/a>. <\/p>\n\n\n\n<p><\/p>\n\n\n\n<h2 class=\"wp-block-heading\" id=\"h-klimaaktivistin-luisa-neubauer\">Klimaaktivistin Luisa Neubauer<\/h2>\n\n\n\n<p><em>\u201eWie stark wirksame Entwicklungspolitik abh\u00e4ngig von stabilen, klimatischen Bedingungen ist\u201c<\/em>, wurde der Klimaaktivistin <a href=\"https:\/\/twitter.com\/Luisamneubauer\"><strong>Luisa Neubauer<\/strong><\/a> schon vor einiger Zeit klar. \u201e<em>Die gro\u00dfen Entwicklungserfolge k\u00f6nnen nicht nachhaltig sein, wenn die Klimakrise kommt\u201c<\/em>, sagt sie. <a href=\"https:\/\/www.fridaysforfuture.org\/\">\u201aFridays For Future\u2018<\/a> in Deutschland w\u00fcrde heute wahrscheinlich anders aussehen, h\u00e4tte sie nicht vorher die Erfahrung gemacht, als Jugendbotschafterin bei ONE aktiv zu sein. Bereits vor vielen Jahren habe sie sich die Frage gestellt, was sie gegen globale Ungerechtigkeiten tun k\u00f6nne, wenn sie selbst so weit entfernt von den Problemen im globalen S\u00fcden ist. ONE, so die Klimaaktivistin, habe mit dem Jugendbotschafter*innen-Programm eine Antwort auf diese Frage formuliert. F\u00fcr sie folgten viele Momente, in denen Barrieren zwischen Politiker*innen und den Menschen, f\u00fcr die sie Politik machen, abgebaut wurden. Als Beispiel nennt sie eine <a href=\"https:\/\/www.one.org\/de\/blog\/einheit-global-denken\/\">Erfahrung am Tag der Deutschen Einheit in Sachsen<\/a>. Damals sprach sie den ehemaligen Ministerpr\u00e4dienten direkt an: \u201eHallo Herr Tillich, wir w\u00fcrden Ihnen gern unsere Virtual Reality Brille vorstellen\u201c. &nbsp;Mit der Brille konnte sich Stanislav Tillich einen Kurzfilm dar\u00fcber ansehen, wie sich M\u00e4dchen und Frauen in Ghana gegen HIV\/Aids einsetzen. Luisa findet: <em>\u201eDurch die Arbeit mit ONE entstehen ganz wichtige Selbstwirksamkeitsmomente.\u201c <\/em>Als Beispiel nennt sie die Verk\u00fcndung des deutschen Beitrags zum <a href=\"https:\/\/www.one.org\/de\/blog\/wir-konnen-dazu-beitragen-16-millionen-menschenleben-zu-retten\/\">Globalen Fonds gegen Aids, Tuberkulose und Malaria<\/a> durch Entwicklungsminister Gerd M\u00fcller. Dabei habe dieser insbesondere den Einsatz von ONE und seinen Jugendbotschafter*innen hervorgehoben, die sich f\u00fcr einen ambitionierten deutschen Beitrag stark gemacht hatten.<\/p>\n\n\n\n<h2 class=\"wp-block-heading\" id=\"h-journalistin-celine-weimar-dittmar\">Journalistin C\u00e9line Weimar-Dittmar<\/h2>\n\n\n\n<p>Die Taz-Jungjournalistin <strong>C\u00e9line Weimar-Dittmar<\/strong> gr\u00fcndete beispielsweise kurz vor ihrem Engagement bei ONE den Verein <a href=\"https:\/\/young-utopians.com\/\">\u201aYoung Utopians\u2018<\/a>, der junge Menschen weltweit f\u00fcr gemeinsamen Aktivismus vernetzt. Gro\u00dfartig, oder? Als Jugendbotschafterin wurde ihr deutlich bewusst, <em>\u201ewie viel Gewicht Kampagnen und Petitionen haben\u201c <\/em>und wie wirkungsvoll es ist, wenn<em> \u201emehr Menschen davon wissen und es in ihrem Umfeld auch wieder verbreiten\u201c.<\/em> \u00a0Netzwerke wie jene, die im Jugendbotschafter*innen-Programm und auch bei <a href=\"https:\/\/twitter.com\/YoungUtopians\">\u201aYoung Utopians\u2018<\/a> entstehen, geben ihr unheimlichen R\u00fcckenwind f\u00fcr ihren Aktivismus, so C\u00e9line.<\/p>\n\n\n\n<p><\/p>\n\n\n\n<h2 class=\"wp-block-heading\" id=\"h-autor-ali-can\">Autor Ali Can<\/h2>\n\n\n\n<p><a href=\"https:\/\/twitter.com\/alicanglobal\"><strong>Ali Can<\/strong><\/a>, Autor von <a href=\"https:\/\/www.interkulturellewoche.de\/goodpractice\/lesungen-buecher\/2017\/hotline-fuer-besorgte-buerger-antworten-vom-asylbewerber-ihres\">\u201eHotline f\u00fcr besorgte B\u00fcrger\u201c<\/a> und <a href=\"https:\/\/mehralseineheimat.de\/\">\u201eMehr als eine Heimat\u201c<\/a> sowie Initiator des Hashtags <a href=\"https:\/\/twitter.com\/Dudenverlag\/status\/1219173646163480576\">#MeTwo<\/a> <strong>war von 2015-2016 selbst Jugendbotschafter<\/strong> bei ONE. Er sagt, dass es f\u00fcr ihn lange Zeit \u00fcberhaupt nicht absehbar war, Aktivist zu werden. Besonders gut findet er, dass ONE H\u00fcrden abbaut, sich eingehend mit Themen wie extreme Armut und Gleichberechtigung auseinanderzusetzen. <em>\u201eWir kommen zusammen und machen etwas dagegen. Wir wissen, dass wir daf\u00fcr alle abholen und lernen m\u00fcssen, auf welchen Wegen wir Menschen f\u00fcr diese Themen sensibilisieren k\u00f6nnen\u201c<\/em>, so Ali. Als Jugendbotschafter habe er das erste Mal gelernt, was ein \u201a<em>Pitch\u2018<\/em> oder ein \u201a<em>Stunt<\/em>\u2018 sei \u2013 und wie man die eigene Botschaft auf drei bis vier S\u00e4tze herunterbrechen und damit gro\u00dfe, abstrakte Themen vermitteln kann.<\/p>\n\n\n\n<p><strong>Ob bei den Gespr\u00e4chen mit den Politiker*innen tats\u00e4chlich etwas ankommt? <\/strong>Luisas Meinung: <em>\u201eDas Wichtige ist vielleicht nicht das eine Treffen, H\u00e4ndesch\u00fctteln oder Foto. Wir fungieren als Messenger der Menschen, f\u00fcr die diese Politiker*innen Politik machen sollen. ONE hat dabei einen sehr positiven Ansatz: Zum Beispiel auch mal \u201aDanke\u2018 sagen. Wenn ihr euch f\u00fcr unsere Themen einsetzt, erhaltet ihr von uns auch Unterst\u00fctzung und R\u00fcckenwind. Praktisch ein Win-Win.\u201c<\/em><\/p>\n\n\n\n<p><strong>Mit einem so breit aufgestellten thematischen Spektrum \u2013 passiert es da auch einmal, dass Jugendbotschafter*innen \u201eausb\u00fcxen\u201c, so die Frage eines Journalisten. <\/strong>C\u00e9line kontert: \u201e<em>Genau darum geht es doch im Jugendbotschafter*innen-Programm von ONE, oder?\u201c<\/em> Nat\u00fcrlich gebe es ganz unterschiedliche Themenfelder, f\u00fcr die sich die Jugendbotschafter*innen au\u00dferhalb ihres ONE-Engagements ebenfalls stark machen. Da werden automatisch Verbindungen hergestellt. Und das sei \u201eauch gut so\u201c, meint Luisa.<\/p>\n\n\n\n<p><strong>Jede*r andere der 47 engagierten jungen Menschen von ONE k\u00f6nne sich den Fragen der Journalst*innen \u201egenauso stellen wie wir\u201c, <\/strong>ist C\u00e9line \u00fcberzeugt.<\/p>\n\n\n\n<h3 class=\"wp-block-heading\" id=\"h-du-mochtest-mehr-daruber-erfahren-wie-du-dich-bei-one-engagieren-kannst-dann-schau-einmal-hier-vorbei\">Du m\u00f6chtest mehr dar\u00fcber erfahren, wie du dich bei ONE engagieren kannst? Dann schau einmal <a href=\"https:\/\/act.one.org\/survey\/one-ehrenamt\/\">hier<\/a> vorbei.<\/h3>\n<div class=\"buffer\"><\/div>","protected":false},"excerpt":{"rendered":"<p>Vegane Bagels, gef\u00fcllte Kaffeekannen, drei engagierte junge Menschen und eine Runde Hauptstadtjournalist*innen \u2013 so k\u00f6nnt ihr euch ein Pressegespr\u00e4ch von ONE vorstellen. Zum Fr\u00fchst\u00fcck laden wir ins Berliner B\u00fcro ein, um uns mit drei ehemaligen ONE-Jugendbotschafter*innen dar\u00fcber auszutauschen, wie sie \u00fcberhaupt auf das Ehrenamt aufmerksam wurden, was sie aus ihrem Engagement bei ONE mitnehmen und [&hellip;]<\/p>\n","protected":false},"author":1,"featured_media":169304,"comment_status":"open","ping_status":"open","sticky":false,"template":"","format":"standard","meta":{"_acf_changed":false,"_relevanssi_hide_post":"","_relevanssi_hide_content":"","_relevanssi_pin_for_all":"","_relevanssi_pin_keywords":"","_relevanssi_unpin_keywords":"","_relevanssi_related_keywords":"","_relevanssi_related_include_ids":"","_relevanssi_related_exclude_ids":"","_relevanssi_related_no_append":"","_relevanssi_related_not_related":"","_relevanssi_related_posts":"167232,166943,170101,170191,170070,170030","_relevanssi_noindex_reason":"","footnotes":""},"categories":[1],"tags":[],"topic":[48],"contributor":[36],"one_content_audience":[],"one_content_type":[],"one_content_tone":[],"class_list":["post-166970","post","type-post","status-publish","format-standard","has-post-thumbnail","hentry","category-uncategorized","topic-one-unterstuetzer-innen-in-aktion","contributor-hannah-lang"],"acf":[],"yoast_head":"<!-- This site is optimized with the Yoast SEO Premium plugin v27.1 (Yoast SEO v27.1.1) - https:\/\/yoast.com\/product\/yoast-seo-premium-wordpress\/ -->\n<title>Morgens um 8 in Berlin: 3 Weltverbesserer*innen zu Besuch bei ONE in Deutschland - ONE.org Deutschland<\/title>\n<meta name=\"robots\" content=\"index, follow, max-snippet:-1, max-image-preview:large, max-video-preview:-1\" \/>\n<link rel=\"canonical\" href=\"https:\/\/www.one.org\/de\/neuigkeiten\/morgens-um-8-in-berlin-3-weltverbessererinnen-zu-besuch-bei-one-in-deutschland\/\" \/>\n<meta property=\"og:locale\" content=\"de_DE\" \/>\n<meta property=\"og:type\" content=\"article\" \/>\n<meta property=\"og:title\" content=\"Morgens um 8 in Berlin: 3 Weltverbesserer*innen zu Besuch bei ONE in Deutschland\" \/>\n<meta property=\"og:description\" content=\"Ehemalige Jugendbotschafter*innen von ONE berichten \u00fcber Ihr Engagement und dar\u00fcber, wie sie die M\u00f6glichkeiten Ihrer Generation nutzen - f\u00fcr positiven Wandel.\" \/>\n<meta property=\"og:url\" content=\"https:\/\/www.one.org\/de\/neuigkeiten\/morgens-um-8-in-berlin-3-weltverbessererinnen-zu-besuch-bei-one-in-deutschland\/\" \/>\n<meta property=\"og:site_name\" content=\"ONE.org Deutschland\" \/>\n<meta property=\"article:publisher\" content=\"https:\/\/www.facebook.com\/ONEinNederland\" \/>\n<meta property=\"article:published_time\" content=\"2020-01-31T15:13:03+00:00\" \/>\n<meta property=\"article:modified_time\" content=\"2023-11-20T14:40:19+00:00\" \/>\n<meta property=\"og:image\" content=\"https:\/\/cdn.one.org\/de\/wp-content\/uploads\/2020\/01\/31150755\/rsz_img_6091.jpg\" \/>\n<meta name=\"author\" content=\"admin\" \/>\n<meta name=\"twitter:card\" content=\"summary_large_image\" \/>\n<meta name=\"twitter:title\" content=\"Morgens um 8 in Berlin: 3 Weltverbesserer*innen zu Besuch bei ONE in Deutschland\" \/>\n<meta name=\"twitter:creator\" content=\"@ONENederland\" \/>\n<meta name=\"twitter:site\" content=\"@ONENederland\" \/>\n<meta name=\"twitter:label1\" content=\"Written by\" \/>\n\t<meta name=\"twitter:data1\" content=\"admin\" \/>\n\t<meta name=\"twitter:label2\" content=\"Est. reading time\" \/>\n\t<meta name=\"twitter:data2\" content=\"4 minutes\" \/>\n<script type=\"application\/ld+json\" class=\"yoast-schema-graph\">{\"@context\":\"https:\/\/schema.org\",\"@graph\":[{\"@type\":[\"Article\",\"BlogPosting\"],\"@id\":\"https:\/\/www.one.org\/de\/neuigkeiten\/morgens-um-8-in-berlin-3-weltverbessererinnen-zu-besuch-bei-one-in-deutschland\/#article\",\"isPartOf\":{\"@id\":\"https:\/\/www.one.org\/de\/neuigkeiten\/morgens-um-8-in-berlin-3-weltverbessererinnen-zu-besuch-bei-one-in-deutschland\/\"},\"author\":{\"name\":\"admin\",\"@id\":\"https:\/\/www.one.org\/de\/#\/schema\/person\/236ef43a079c36667c3f1de2da8e0838\"},\"headline\":\"Morgens um 8 in Berlin: 3 Weltverbesserer*innen zu Besuch bei ONE in Deutschland\",\"datePublished\":\"2020-01-31T15:13:03+00:00\",\"dateModified\":\"2023-11-20T14:40:19+00:00\",\"mainEntityOfPage\":{\"@id\":\"https:\/\/www.one.org\/de\/neuigkeiten\/morgens-um-8-in-berlin-3-weltverbessererinnen-zu-besuch-bei-one-in-deutschland\/\"},\"wordCount\":902,\"commentCount\":0,\"image\":{\"@id\":\"https:\/\/www.one.org\/de\/neuigkeiten\/morgens-um-8-in-berlin-3-weltverbessererinnen-zu-besuch-bei-one-in-deutschland\/#primaryimage\"},\"thumbnailUrl\":\"https:\/\/www.one.org\/de\/wp-content\/uploads\/sites\/3\/2020\/01\/rsz_img_6091-1.jpg\",\"inLanguage\":\"de-DE\",\"potentialAction\":[{\"@type\":\"CommentAction\",\"name\":\"Comment\",\"target\":[\"https:\/\/www.one.org\/de\/neuigkeiten\/morgens-um-8-in-berlin-3-weltverbessererinnen-zu-besuch-bei-one-in-deutschland\/#respond\"]}]},{\"@type\":\"WebPage\",\"@id\":\"https:\/\/www.one.org\/de\/neuigkeiten\/morgens-um-8-in-berlin-3-weltverbessererinnen-zu-besuch-bei-one-in-deutschland\/\",\"url\":\"https:\/\/www.one.org\/de\/neuigkeiten\/morgens-um-8-in-berlin-3-weltverbessererinnen-zu-besuch-bei-one-in-deutschland\/\",\"name\":\"Morgens um 8 in Berlin: 3 Weltverbesserer*innen zu Besuch bei ONE in Deutschland - ONE.org Deutschland\",\"isPartOf\":{\"@id\":\"https:\/\/www.one.org\/de\/#website\"},\"primaryImageOfPage\":{\"@id\":\"https:\/\/www.one.org\/de\/neuigkeiten\/morgens-um-8-in-berlin-3-weltverbessererinnen-zu-besuch-bei-one-in-deutschland\/#primaryimage\"},\"image\":{\"@id\":\"https:\/\/www.one.org\/de\/neuigkeiten\/morgens-um-8-in-berlin-3-weltverbessererinnen-zu-besuch-bei-one-in-deutschland\/#primaryimage\"},\"thumbnailUrl\":\"https:\/\/www.one.org\/de\/wp-content\/uploads\/sites\/3\/2020\/01\/rsz_img_6091-1.jpg\",\"datePublished\":\"2020-01-31T15:13:03+00:00\",\"dateModified\":\"2023-11-20T14:40:19+00:00\",\"author\":{\"@id\":\"https:\/\/www.one.org\/de\/#\/schema\/person\/236ef43a079c36667c3f1de2da8e0838\"},\"breadcrumb\":{\"@id\":\"https:\/\/www.one.org\/de\/neuigkeiten\/morgens-um-8-in-berlin-3-weltverbessererinnen-zu-besuch-bei-one-in-deutschland\/#breadcrumb\"},\"inLanguage\":\"de-DE\",\"potentialAction\":[{\"@type\":\"ReadAction\",\"target\":[\"https:\/\/www.one.org\/de\/neuigkeiten\/morgens-um-8-in-berlin-3-weltverbessererinnen-zu-besuch-bei-one-in-deutschland\/\"]}]},{\"@type\":\"ImageObject\",\"inLanguage\":\"de-DE\",\"@id\":\"https:\/\/www.one.org\/de\/neuigkeiten\/morgens-um-8-in-berlin-3-weltverbessererinnen-zu-besuch-bei-one-in-deutschland\/#primaryimage\",\"url\":\"https:\/\/www.one.org\/de\/wp-content\/uploads\/sites\/3\/2020\/01\/rsz_img_6091-1.jpg\",\"contentUrl\":\"https:\/\/www.one.org\/de\/wp-content\/uploads\/sites\/3\/2020\/01\/rsz_img_6091-1.jpg\",\"width\":1200,\"height\":800},{\"@type\":\"BreadcrumbList\",\"@id\":\"https:\/\/www.one.org\/de\/neuigkeiten\/morgens-um-8-in-berlin-3-weltverbessererinnen-zu-besuch-bei-one-in-deutschland\/#breadcrumb\",\"itemListElement\":[{\"@type\":\"ListItem\",\"position\":1,\"name\":\"Home\",\"item\":\"https:\/\/www.one.org\/de\/\"},{\"@type\":\"ListItem\",\"position\":2,\"name\":\"Morgens um 8 in Berlin: 3 Weltverbesserer*innen zu Besuch bei ONE in Deutschland\"}]},{\"@type\":\"WebSite\",\"@id\":\"https:\/\/www.one.org\/de\/#website\",\"url\":\"https:\/\/www.one.org\/de\/\",\"name\":\"ONE.org\",\"description\":\"F\u00fcr mehr wirtschaftliche Chancen und ein starkes Gesundheitswesen in Afrika\",\"potentialAction\":[{\"@type\":\"SearchAction\",\"target\":{\"@type\":\"EntryPoint\",\"urlTemplate\":\"https:\/\/www.one.org\/de\/?s={search_term_string}\"},\"query-input\":{\"@type\":\"PropertyValueSpecification\",\"valueRequired\":true,\"valueName\":\"search_term_string\"}}],\"inLanguage\":\"de-DE\"},{\"@type\":\"Person\",\"@id\":\"https:\/\/www.one.org\/de\/#\/schema\/person\/236ef43a079c36667c3f1de2da8e0838\",\"name\":\"admin\",\"image\":{\"@type\":\"ImageObject\",\"inLanguage\":\"de-DE\",\"@id\":\"https:\/\/www.one.org\/de\/#\/schema\/person\/image\/\",\"url\":\"https:\/\/secure.gravatar.com\/avatar\/2b4204681b789d34ede86a735f8b6378df901f7f7ab7a9ca89af4670b2bb13b8?s=96&d=mm&r=g\",\"contentUrl\":\"https:\/\/secure.gravatar.com\/avatar\/2b4204681b789d34ede86a735f8b6378df901f7f7ab7a9ca89af4670b2bb13b8?s=96&d=mm&r=g\",\"caption\":\"admin\"},\"sameAs\":[\"http:\/\/www.one.org\"],\"url\":\"https:\/\/www.one.org\/de\/neuigkeiten\/author\/admin\/\"}]}<\/script>\n<!-- \/ Yoast SEO Premium plugin. -->","yoast_head_json":{"title":"Morgens um 8 in Berlin: 3 Weltverbesserer*innen zu Besuch bei ONE in Deutschland - ONE.org Deutschland","robots":{"index":"index","follow":"follow","max-snippet":"max-snippet:-1","max-image-preview":"max-image-preview:large","max-video-preview":"max-video-preview:-1"},"canonical":"https:\/\/www.one.org\/de\/neuigkeiten\/morgens-um-8-in-berlin-3-weltverbessererinnen-zu-besuch-bei-one-in-deutschland\/","og_locale":"de_DE","og_type":"article","og_title":"Morgens um 8 in Berlin: 3 Weltverbesserer*innen zu Besuch bei ONE in Deutschland","og_description":"Ehemalige Jugendbotschafter*innen von ONE berichten \u00fcber Ihr Engagement und dar\u00fcber, wie sie die M\u00f6glichkeiten Ihrer Generation nutzen - f\u00fcr positiven Wandel.","og_url":"https:\/\/www.one.org\/de\/neuigkeiten\/morgens-um-8-in-berlin-3-weltverbessererinnen-zu-besuch-bei-one-in-deutschland\/","og_site_name":"ONE.org Deutschland","article_publisher":"https:\/\/www.facebook.com\/ONEinNederland","article_published_time":"2020-01-31T15:13:03+00:00","article_modified_time":"2023-11-20T14:40:19+00:00","og_image":[{"url":"https:\/\/cdn.one.org\/de\/wp-content\/uploads\/2020\/01\/31150755\/rsz_img_6091.jpg","type":"","width":"","height":""}],"author":"admin","twitter_card":"summary_large_image","twitter_title":"Morgens um 8 in Berlin: 3 Weltverbesserer*innen zu Besuch bei ONE in Deutschland","twitter_creator":"@ONENederland","twitter_site":"@ONENederland","twitter_misc":{"Written by":"admin","Est. reading time":"4 minutes"},"schema":{"@context":"https:\/\/schema.org","@graph":[{"@type":["Article","BlogPosting"],"@id":"https:\/\/www.one.org\/de\/neuigkeiten\/morgens-um-8-in-berlin-3-weltverbessererinnen-zu-besuch-bei-one-in-deutschland\/#article","isPartOf":{"@id":"https:\/\/www.one.org\/de\/neuigkeiten\/morgens-um-8-in-berlin-3-weltverbessererinnen-zu-besuch-bei-one-in-deutschland\/"},"author":{"name":"admin","@id":"https:\/\/www.one.org\/de\/#\/schema\/person\/236ef43a079c36667c3f1de2da8e0838"},"headline":"Morgens um 8 in Berlin: 3 Weltverbesserer*innen zu Besuch bei ONE in Deutschland","datePublished":"2020-01-31T15:13:03+00:00","dateModified":"2023-11-20T14:40:19+00:00","mainEntityOfPage":{"@id":"https:\/\/www.one.org\/de\/neuigkeiten\/morgens-um-8-in-berlin-3-weltverbessererinnen-zu-besuch-bei-one-in-deutschland\/"},"wordCount":902,"commentCount":0,"image":{"@id":"https:\/\/www.one.org\/de\/neuigkeiten\/morgens-um-8-in-berlin-3-weltverbessererinnen-zu-besuch-bei-one-in-deutschland\/#primaryimage"},"thumbnailUrl":"https:\/\/www.one.org\/de\/wp-content\/uploads\/sites\/3\/2020\/01\/rsz_img_6091-1.jpg","inLanguage":"de-DE","potentialAction":[{"@type":"CommentAction","name":"Comment","target":["https:\/\/www.one.org\/de\/neuigkeiten\/morgens-um-8-in-berlin-3-weltverbessererinnen-zu-besuch-bei-one-in-deutschland\/#respond"]}]},{"@type":"WebPage","@id":"https:\/\/www.one.org\/de\/neuigkeiten\/morgens-um-8-in-berlin-3-weltverbessererinnen-zu-besuch-bei-one-in-deutschland\/","url":"https:\/\/www.one.org\/de\/neuigkeiten\/morgens-um-8-in-berlin-3-weltverbessererinnen-zu-besuch-bei-one-in-deutschland\/","name":"Morgens um 8 in Berlin: 3 Weltverbesserer*innen zu Besuch bei ONE in Deutschland - ONE.org Deutschland","isPartOf":{"@id":"https:\/\/www.one.org\/de\/#website"},"primaryImageOfPage":{"@id":"https:\/\/www.one.org\/de\/neuigkeiten\/morgens-um-8-in-berlin-3-weltverbessererinnen-zu-besuch-bei-one-in-deutschland\/#primaryimage"},"image":{"@id":"https:\/\/www.one.org\/de\/neuigkeiten\/morgens-um-8-in-berlin-3-weltverbessererinnen-zu-besuch-bei-one-in-deutschland\/#primaryimage"},"thumbnailUrl":"https:\/\/www.one.org\/de\/wp-content\/uploads\/sites\/3\/2020\/01\/rsz_img_6091-1.jpg","datePublished":"2020-01-31T15:13:03+00:00","dateModified":"2023-11-20T14:40:19+00:00","author":{"@id":"https:\/\/www.one.org\/de\/#\/schema\/person\/236ef43a079c36667c3f1de2da8e0838"},"breadcrumb":{"@id":"https:\/\/www.one.org\/de\/neuigkeiten\/morgens-um-8-in-berlin-3-weltverbessererinnen-zu-besuch-bei-one-in-deutschland\/#breadcrumb"},"inLanguage":"de-DE","potentialAction":[{"@type":"ReadAction","target":["https:\/\/www.one.org\/de\/neuigkeiten\/morgens-um-8-in-berlin-3-weltverbessererinnen-zu-besuch-bei-one-in-deutschland\/"]}]},{"@type":"ImageObject","inLanguage":"de-DE","@id":"https:\/\/www.one.org\/de\/neuigkeiten\/morgens-um-8-in-berlin-3-weltverbessererinnen-zu-besuch-bei-one-in-deutschland\/#primaryimage","url":"https:\/\/www.one.org\/de\/wp-content\/uploads\/sites\/3\/2020\/01\/rsz_img_6091-1.jpg","contentUrl":"https:\/\/www.one.org\/de\/wp-content\/uploads\/sites\/3\/2020\/01\/rsz_img_6091-1.jpg","width":1200,"height":800},{"@type":"BreadcrumbList","@id":"https:\/\/www.one.org\/de\/neuigkeiten\/morgens-um-8-in-berlin-3-weltverbessererinnen-zu-besuch-bei-one-in-deutschland\/#breadcrumb","itemListElement":[{"@type":"ListItem","position":1,"name":"Home","item":"https:\/\/www.one.org\/de\/"},{"@type":"ListItem","position":2,"name":"Morgens um 8 in Berlin: 3 Weltverbesserer*innen zu Besuch bei ONE in Deutschland"}]},{"@type":"WebSite","@id":"https:\/\/www.one.org\/de\/#website","url":"https:\/\/www.one.org\/de\/","name":"ONE.org","description":"F\u00fcr mehr wirtschaftliche Chancen und ein starkes Gesundheitswesen in Afrika","potentialAction":[{"@type":"SearchAction","target":{"@type":"EntryPoint","urlTemplate":"https:\/\/www.one.org\/de\/?s={search_term_string}"},"query-input":{"@type":"PropertyValueSpecification","valueRequired":true,"valueName":"search_term_string"}}],"inLanguage":"de-DE"},{"@type":"Person","@id":"https:\/\/www.one.org\/de\/#\/schema\/person\/236ef43a079c36667c3f1de2da8e0838","name":"admin","image":{"@type":"ImageObject","inLanguage":"de-DE","@id":"https:\/\/www.one.org\/de\/#\/schema\/person\/image\/","url":"https:\/\/secure.gravatar.com\/avatar\/2b4204681b789d34ede86a735f8b6378df901f7f7ab7a9ca89af4670b2bb13b8?s=96&d=mm&r=g","contentUrl":"https:\/\/secure.gravatar.com\/avatar\/2b4204681b789d34ede86a735f8b6378df901f7f7ab7a9ca89af4670b2bb13b8?s=96&d=mm&r=g","caption":"admin"},"sameAs":["http:\/\/www.one.org"],"url":"https:\/\/www.one.org\/de\/neuigkeiten\/author\/admin\/"}]}},"distributor_meta":false,"distributor_terms":false,"distributor_media":false,"distributor_original_site_name":"ONE.org Deutschland","distributor_original_site_url":"https:\/\/www.one.org\/de","push-errors":false,"_links":{"self":[{"href":"https:\/\/www.one.org\/de\/wp-json\/wp\/v2\/posts\/166970","targetHints":{"allow":["GET"]}}],"collection":[{"href":"https:\/\/www.one.org\/de\/wp-json\/wp\/v2\/posts"}],"about":[{"href":"https:\/\/www.one.org\/de\/wp-json\/wp\/v2\/types\/post"}],"author":[{"embeddable":true,"href":"https:\/\/www.one.org\/de\/wp-json\/wp\/v2\/users\/1"}],"replies":[{"embeddable":true,"href":"https:\/\/www.one.org\/de\/wp-json\/wp\/v2\/comments?post=166970"}],"version-history":[{"count":0,"href":"https:\/\/www.one.org\/de\/wp-json\/wp\/v2\/posts\/166970\/revisions"}],"wp:featuredmedia":[{"embeddable":true,"href":"https:\/\/www.one.org\/de\/wp-json\/wp\/v2\/media\/169304"}],"wp:attachment":[{"href":"https:\/\/www.one.org\/de\/wp-json\/wp\/v2\/media?parent=166970"}],"wp:term":[{"taxonomy":"category","embeddable":true,"href":"https:\/\/www.one.org\/de\/wp-json\/wp\/v2\/categories?post=166970"},{"taxonomy":"post_tag","embeddable":true,"href":"https:\/\/www.one.org\/de\/wp-json\/wp\/v2\/tags?post=166970"},{"taxonomy":"topic","embeddable":true,"href":"https:\/\/www.one.org\/de\/wp-json\/wp\/v2\/topic?post=166970"},{"taxonomy":"contributor","embeddable":true,"href":"https:\/\/www.one.org\/de\/wp-json\/wp\/v2\/contributor?post=166970"},{"taxonomy":"one_content_audience","embeddable":true,"href":"https:\/\/www.one.org\/de\/wp-json\/wp\/v2\/one_content_audience?post=166970"},{"taxonomy":"one_content_type","embeddable":true,"href":"https:\/\/www.one.org\/de\/wp-json\/wp\/v2\/one_content_type?post=166970"},{"taxonomy":"one_content_tone","embeddable":true,"href":"https:\/\/www.one.org\/de\/wp-json\/wp\/v2\/one_content_tone?post=166970"}],"curies":[{"name":"wp","href":"https:\/\/api.w.org\/{rel}","templated":true}]}}