{"id":166965,"date":"2020-01-29T10:26:30","date_gmt":"2020-01-29T10:26:30","guid":{"rendered":"https:\/\/www.one.org\/de\/warum-gibt-es-jetzt-auch-noch-den-welttag-gegen-vernachlassigte-tropenkrankheiten\/"},"modified":"2024-01-26T15:16:20","modified_gmt":"2024-01-26T15:16:20","slug":"warum-gibt-es-jetzt-auch-noch-den-welttag-gegen-vernachlaessigte-tropenkrankheiten","status":"publish","type":"post","link":"https:\/\/www.one.org\/de\/neuigkeiten\/warum-gibt-es-jetzt-auch-noch-den-welttag-gegen-vernachlaessigte-tropenkrankheiten\/","title":{"rendered":"Warum gibt es jetzt auch noch den Welttag gegen vernachl\u00e4ssigte Tropenkrankheiten?"},"content":{"rendered":"\n<p><em>Hier bloggt Johanna Brinkel vom<a href=\"https:\/\/dntds.de\/start.html\"> Deutschen Netzwerk gegen vernachl\u00e4ssigte Tropenkrankheiten<\/a>. Sie arbeitet am <a href=\"https:\/\/www.bnitm.de\/\">Bernhard-Nocht-Institut f\u00fcr Tropenmedizin<\/a> in Hamburg. Sie koordiniert und betreut infektionsepidemiologische Studien in Afrika, zu ihren Schwerpunkten z\u00e4hlen Themen der Globalen Gesundheit, Digital Health und NTDs.<\/em><\/p>\n\n\n\n<p><\/p>\n\n\n\n<h2 class=\"wp-block-heading\" id=\"h-neue-wege-zur-bekampfung-vernachlassigter-tropenkrankheiten\">Neue Wege zur Bek\u00e4mpfung <a href=\"https:\/\/worldntdday.org\/\">vernachl\u00e4ssigter Tropenkrankheiten <\/a><\/h2>\n\n\n\n<p>Kaum jemand in Deutschland wei\u00df, dass mehr als 1 Milliarde Menschen weltweit unter vernachl\u00e4ssigten Tropenkrankheiten leiden.&nbsp; Das ist jeder siebte Mensch. Betroffen sind von diesen sogenannten vernachl\u00e4ssigten Tropenkrankheiten (<a href=\"https:\/\/dntds.de\/was-sind-ntds.html\">im Englischen <em>neglected tropical diseases, <\/em>kurz NTDs<\/a>) vor allem Menschen in armen L\u00e4ndern der Tropen, insbesondere im s\u00fcdlichen Afrika, S\u00fcdostasien und S\u00fcdamerika. In diesen L\u00e4ndern sind es wiederum die \u00c4rmsten, die es trifft. Sie haben in der Regel keinen Zugang zu sauberem Wasser, Toiletten und medizinischer Behandlung. Sie wohnen oft dort, wo die Stra\u00dfe nicht mehr weiterf\u00fchrt.<\/p>\n\n\n\n<p>Um mehr Aufmerksamkeit f\u00fcr diese Menschen zu schaffen, wurde am 30. Januar 2020 zum ersten Mal der Welttag gegen vernachl\u00e4ssigte Tropenkrankheiten gefeiert. \u00dcber 150 weltweite Netzwerke und Organisationen unterst\u00fctzen seit dem diesen Tag.<\/p>\n\n\n\n<p><\/p>\n\n\n\n<h2 class=\"wp-block-heading\" id=\"h-was-sind-vernachlassigte-tropenkrankheiten\">Was sind vernachl\u00e4ssigte Tropenkrankheiten?<\/h2>\n\n\n\n<p>\u00dcbertr\u00e4ger vernachl\u00e4ssigter Tropenkrankheiten sind h\u00e4ufig M\u00fccken, aber auch verunreinigte Nahrungsmittel oder Tiere, die Menschen mit Krankheitserregern wie Bakterien, Viren oder W\u00fcrmern anstecken. Die Krankheiten f\u00fchren meist nicht unmittelbar zum Tod, sind aber f\u00fcr die betroffenen Menschen eine gro\u00dfe Belastung. Kranke Kinder k\u00f6nnen oft nicht zur Schule gehen, kranke Frauen k\u00f6nnen bei der Geburt sterben, kranke Eltern nicht arbeiten. Es leidet die ganze Familie, wenn eine Person krank ist. Auch f\u00fcr die L\u00e4nder stellen NTDs ein Problem dar, da kranke Menschen weniger arbeiten k\u00f6nnen und damit die gesamte Wirtschaft nicht so leistungsstark ist. Ein Kreislauf, der in immer tiefere Armut f\u00fchrt und durchbrochen werden muss.<\/p>\n\n\n\n<p>Seit 2017 z\u00e4hlt die Weltgesundheitsorganisation <a href=\"https:\/\/www.who.int\/neglected_diseases\/diseases\/en\/\">20 Erkrankungen<\/a> zu den vernachl\u00e4ssigten und armutsassoziierten Tropenkrankheiten. Expert*innen gehen davon aus, dass diese Erkrankungen in den n\u00e4chsten zehn Jahren einged\u00e4mmt werden und einige sogar ganz beseitigt werden k\u00f6nnten \u2013 wenn man mehr dagegen unternehmen w\u00fcrde.<\/p>\n\n\n\n<p><\/p>\n\n\n\n<h2 class=\"wp-block-heading\" id=\"h-was-wurde-bisher-gegen-die-vernachlassigten-tropenkrankheiten-unternommen\">Was wurde bisher gegen die vernachl\u00e4ssigten Tropenkrankheiten unternommen? <\/h2>\n\n\n\n<p>Anders als bei anderen Erkrankungen, gibt es f\u00fcr einige der vernachl\u00e4ssigten Tropenkrankheiten bereits Medikamente, mit denen den Menschen geholfen werden kann. Manche Pharmaunternehmen stellen diese sogar kostenfrei zur Verf\u00fcgung. Dennoch sind weitere Entwicklungen f\u00fcr besser vertr\u00e4gliche und wirksame Medikamente sowie f\u00fcr gute diagnostische M\u00f6glichkeiten und vor allem f\u00fcr Impfungen dringend n\u00f6tig. Zudem besteht das Problem, dass die Medikamente bisher nicht bei denen ankommen, die sie ben\u00f6tigen. Die L\u00e4nder, in denen die meisten der Kranken leben, ignorieren oft das Problem oder sind einfach nicht in der Lage daf\u00fcr zu sorgen. Das ist z.B. der Fall, wenn Krieg herrscht, oder keine Krankenschwestern oder \u00c4rzt*innen in der Gegend leben. Deshalb m\u00fcssen viele zusammenarbeiten: die jeweiligen Regierungen der L\u00e4nder, in denen die Kranken leben, die Regierungen der L\u00e4nder, die Geld genug haben, um zu helfen, Pharmaunternehmen, aber auch solche, die Medikamente transportieren, Entwicklungsorganisationen, \u00c4rzt*innen, Tier\u00e4rzt*innen und Wissenschaftler*innen sowie die <a href=\"https:\/\/www.who.int\/\">Weltgesundheitsorganisation (WHO)<\/a>.<\/p>\n\n\n\n<p>In Deutschland arbeitet seit neun Jahren ein Netzwerk aus Expert*innen der Wissenschaft, Zivilgesellschaft und Wirtschaft zusammen, setzt sich f\u00fcr mehr Beachtung dieser Krankheiten ein und engagiert sich besonders daf\u00fcr, dass die Bundesregierung noch mehr gegen NTDs tut.<\/p>\n\n\n\n<p><\/p>\n\n\n\n<h2 class=\"wp-block-heading\" id=\"h-was-wollen-wir-in-deutschland-erreichen\">Was wollen wir in Deutschland erreichen?<\/h2>\n\n\n\n<p>Viele Expert*innen in Deutschland wollen zusammen mit der Bundesregierung neue Ideen der Weltgesundheitsorganisation zur Umsetzung der Bek\u00e4mpfung von NTDs unterst\u00fctzen. Sie haben vor, in Kooperation mit der WHO und engagierten L\u00e4ndern, in denen diese Krankheiten vorkommen, digitale L\u00f6sungen entwickeln, um erkrankte Menschen zu finden und gute Diagnosewerkzeuge zu erfinden.<\/p>\n\n\n\n<p>Ein anderes Beispiel ist, dass die Bundesregierung bisher ein Bek\u00e4mpfungsprogramm in Kamerun, der Demokratischen Republik Kongo, Gabun, Tschad, Kongo, Zentralafrikanische Republik unterst\u00fctzt. Dieses Programm k\u00f6nnte z. B. auch auf Westafrika ausgeweitet werden.<\/p>\n\n\n\n<p>Auch die Entwicklung neuer Medikamente ist ein weiteres Instrument. Z.B. k\u00f6nnten, anstelle von Infusionen, die nur in Krankenh\u00e4usern gegeben werden k\u00f6nnen, Tabletten hergestellt werden, die einfacher zu den Menschen gelangen k\u00f6nnen, die sie ben\u00f6tigen. Oft sind Impfungen f\u00fcr Menschen oder Tiere bei vielen Erkrankungen das beste und einfachste Mittel, um diese zu verhindern.<\/p>\n\n\n\n<p>Besonders wichtig ist es aber auch, dass die Bek\u00e4mpfung von vernachl\u00e4ssigten Tropenkrankheiten in Programmen zur Wasserversorgung und Hygiene, in Ern\u00e4hrungs- oder in Gesundheitsprogrammen zu HIV\/Aids oder M\u00fcttergesundheit integriert wird. Das hat bisher noch nicht richtig stattgefunden.<\/p>\n\n\n\n<p><\/p>\n\n\n\n<h3 class=\"wp-block-heading\" id=\"h-fur-weitere-infos-kannst-du-die-website-des-deutschen-netzwerks-gegen-vernachlassigte-tropenkrankheiten-besuchen-jan-thilo-klimisch-auf-x-folgen-oder-den-feed-uniting-to-combat-ntds-im-auge-behalten\">F\u00fcr weitere Infos kannst du die <a href=\"https:\/\/dntds.de\/start.html\">Website des Deutschen Netzwerks gegen vernachl\u00e4ssigte Tropenkrankheiten<\/a> besuchen, <a href=\"https:\/\/twitter.com\/JTKlimisch\">Jan-Thilo Klimisch<\/a> auf X folgen oder den Feed <a href=\"https:\/\/twitter.com\/CombatNTDs\">\u2018Uniting to Combat NTDs\u2019<\/a> im Auge behalten.<\/h3>\n<div class=\"buffer\"><\/div>","protected":false},"excerpt":{"rendered":"<p>Hier bloggt Johanna Brinkel vom Deutschen Netzwerk gegen vernachl\u00e4ssigte Tropenkrankheiten. Sie arbeitet am Bernhard-Nocht-Institut f\u00fcr Tropenmedizin in Hamburg. Sie koordiniert und betreut infektionsepidemiologische Studien in Afrika, zu ihren Schwerpunkten z\u00e4hlen Themen der Globalen Gesundheit, Digital Health und NTDs. Neue Wege zur Bek\u00e4mpfung vernachl\u00e4ssigter Tropenkrankheiten Kaum jemand in Deutschland wei\u00df, dass mehr als 1 Milliarde Menschen [&hellip;]<\/p>\n","protected":false},"author":1,"featured_media":171316,"comment_status":"open","ping_status":"open","sticky":false,"template":"","format":"standard","meta":{"_acf_changed":false,"_relevanssi_hide_post":"","_relevanssi_hide_content":"","_relevanssi_pin_for_all":"","_relevanssi_pin_keywords":"","_relevanssi_unpin_keywords":"","_relevanssi_related_keywords":"","_relevanssi_related_include_ids":"","_relevanssi_related_exclude_ids":"","_relevanssi_related_no_append":"","_relevanssi_related_not_related":"","_relevanssi_related_posts":"170594,170584,170560,170417,170398,170330","_relevanssi_noindex_reason":"","footnotes":""},"categories":[1],"tags":[],"topic":[42],"contributor":[292],"one_content_audience":[],"one_content_type":[],"one_content_tone":[],"class_list":["post-166965","post","type-post","status-publish","format-standard","has-post-thumbnail","hentry","category-uncategorized","topic-gesundheit","contributor-gastbeitrag-des-deutschen-netzwerks-gegen-vernachlaessigte-tropenkrankheiten"],"acf":[],"yoast_head":"<!-- This site is optimized with the Yoast SEO Premium plugin v27.1 (Yoast SEO v27.1.1) - https:\/\/yoast.com\/product\/yoast-seo-premium-wordpress\/ -->\n<title>Warum gibt es jetzt auch noch den Welttag gegen vernachl\u00e4ssigte Tropenkrankheiten? - ONE.org Deutschland<\/title>\n<meta name=\"description\" content=\"Um mehr Aufmerksamkeit zu generieren, wurde am 30. Januar 2020 zum ersten Mal der Welttag gegen Tropenkrankheiten gefeiert.\" \/>\n<meta name=\"robots\" content=\"index, follow, max-snippet:-1, max-image-preview:large, max-video-preview:-1\" \/>\n<link rel=\"canonical\" href=\"https:\/\/www.one.org\/de\/neuigkeiten\/warum-gibt-es-jetzt-auch-noch-den-welttag-gegen-vernachlaessigte-tropenkrankheiten\/\" \/>\n<meta property=\"og:locale\" content=\"de_DE\" \/>\n<meta property=\"og:type\" content=\"article\" \/>\n<meta property=\"og:title\" content=\"Warum gibt es jetzt auch noch den Welttag gegen vernachl\u00e4ssigte Tropenkrankheiten?\" \/>\n<meta property=\"og:description\" content=\"Hier bloggt Johanna Brinkel vom Deutschen Netzwerk gegen vernachl\u00e4ssigte Tropenkrankheiten zu einem neuen Welttag der Weltgesundheitsorganisation.\" \/>\n<meta property=\"og:url\" content=\"https:\/\/www.one.org\/de\/neuigkeiten\/warum-gibt-es-jetzt-auch-noch-den-welttag-gegen-vernachlaessigte-tropenkrankheiten\/\" \/>\n<meta property=\"og:site_name\" content=\"ONE.org Deutschland\" \/>\n<meta property=\"article:publisher\" content=\"https:\/\/www.facebook.com\/ONEinNederland\" \/>\n<meta property=\"article:published_time\" content=\"2020-01-29T10:26:30+00:00\" \/>\n<meta property=\"article:modified_time\" content=\"2024-01-26T15:16:20+00:00\" \/>\n<meta property=\"og:image\" content=\"https:\/\/cdn.one.org\/de\/wp-content\/uploads\/2020\/01\/29100325\/Bild3.png\" \/>\n<meta name=\"author\" content=\"admin\" \/>\n<meta name=\"twitter:card\" content=\"summary_large_image\" \/>\n<meta name=\"twitter:title\" content=\"Warum gibt es jetzt auch noch den Welttag gegen vernachl\u00e4ssigte Tropenkrankheiten?\" \/>\n<meta name=\"twitter:creator\" content=\"@ONENederland\" \/>\n<meta name=\"twitter:site\" content=\"@ONENederland\" \/>\n<meta name=\"twitter:label1\" content=\"Written by\" \/>\n\t<meta name=\"twitter:data1\" content=\"admin\" \/>\n\t<meta name=\"twitter:label2\" content=\"Est. reading time\" \/>\n\t<meta name=\"twitter:data2\" content=\"4 minutes\" \/>\n<script type=\"application\/ld+json\" class=\"yoast-schema-graph\">{\"@context\":\"https:\/\/schema.org\",\"@graph\":[{\"@type\":[\"Article\",\"BlogPosting\"],\"@id\":\"https:\/\/www.one.org\/de\/neuigkeiten\/warum-gibt-es-jetzt-auch-noch-den-welttag-gegen-vernachlaessigte-tropenkrankheiten\/#article\",\"isPartOf\":{\"@id\":\"https:\/\/www.one.org\/de\/neuigkeiten\/warum-gibt-es-jetzt-auch-noch-den-welttag-gegen-vernachlaessigte-tropenkrankheiten\/\"},\"author\":{\"name\":\"admin\",\"@id\":\"https:\/\/www.one.org\/de\/#\/schema\/person\/236ef43a079c36667c3f1de2da8e0838\"},\"headline\":\"Warum gibt es jetzt auch noch den Welttag gegen vernachl\u00e4ssigte Tropenkrankheiten?\",\"datePublished\":\"2020-01-29T10:26:30+00:00\",\"dateModified\":\"2024-01-26T15:16:20+00:00\",\"mainEntityOfPage\":{\"@id\":\"https:\/\/www.one.org\/de\/neuigkeiten\/warum-gibt-es-jetzt-auch-noch-den-welttag-gegen-vernachlaessigte-tropenkrankheiten\/\"},\"wordCount\":800,\"commentCount\":0,\"image\":{\"@id\":\"https:\/\/www.one.org\/de\/neuigkeiten\/warum-gibt-es-jetzt-auch-noch-den-welttag-gegen-vernachlaessigte-tropenkrankheiten\/#primaryimage\"},\"thumbnailUrl\":\"https:\/\/www.one.org\/de\/wp-content\/uploads\/sites\/3\/2020\/01\/RS3025_HEA-STLUK-37-scr.jpg\",\"inLanguage\":\"de-DE\",\"potentialAction\":[{\"@type\":\"CommentAction\",\"name\":\"Comment\",\"target\":[\"https:\/\/www.one.org\/de\/neuigkeiten\/warum-gibt-es-jetzt-auch-noch-den-welttag-gegen-vernachlaessigte-tropenkrankheiten\/#respond\"]}]},{\"@type\":\"WebPage\",\"@id\":\"https:\/\/www.one.org\/de\/neuigkeiten\/warum-gibt-es-jetzt-auch-noch-den-welttag-gegen-vernachlaessigte-tropenkrankheiten\/\",\"url\":\"https:\/\/www.one.org\/de\/neuigkeiten\/warum-gibt-es-jetzt-auch-noch-den-welttag-gegen-vernachlaessigte-tropenkrankheiten\/\",\"name\":\"Warum gibt es jetzt auch noch den Welttag gegen vernachl\u00e4ssigte Tropenkrankheiten? - ONE.org Deutschland\",\"isPartOf\":{\"@id\":\"https:\/\/www.one.org\/de\/#website\"},\"primaryImageOfPage\":{\"@id\":\"https:\/\/www.one.org\/de\/neuigkeiten\/warum-gibt-es-jetzt-auch-noch-den-welttag-gegen-vernachlaessigte-tropenkrankheiten\/#primaryimage\"},\"image\":{\"@id\":\"https:\/\/www.one.org\/de\/neuigkeiten\/warum-gibt-es-jetzt-auch-noch-den-welttag-gegen-vernachlaessigte-tropenkrankheiten\/#primaryimage\"},\"thumbnailUrl\":\"https:\/\/www.one.org\/de\/wp-content\/uploads\/sites\/3\/2020\/01\/RS3025_HEA-STLUK-37-scr.jpg\",\"datePublished\":\"2020-01-29T10:26:30+00:00\",\"dateModified\":\"2024-01-26T15:16:20+00:00\",\"author\":{\"@id\":\"https:\/\/www.one.org\/de\/#\/schema\/person\/236ef43a079c36667c3f1de2da8e0838\"},\"description\":\"Um mehr Aufmerksamkeit zu generieren, wurde am 30. Januar 2020 zum ersten Mal der Welttag gegen Tropenkrankheiten gefeiert.\",\"breadcrumb\":{\"@id\":\"https:\/\/www.one.org\/de\/neuigkeiten\/warum-gibt-es-jetzt-auch-noch-den-welttag-gegen-vernachlaessigte-tropenkrankheiten\/#breadcrumb\"},\"inLanguage\":\"de-DE\",\"potentialAction\":[{\"@type\":\"ReadAction\",\"target\":[\"https:\/\/www.one.org\/de\/neuigkeiten\/warum-gibt-es-jetzt-auch-noch-den-welttag-gegen-vernachlaessigte-tropenkrankheiten\/\"]}]},{\"@type\":\"ImageObject\",\"inLanguage\":\"de-DE\",\"@id\":\"https:\/\/www.one.org\/de\/neuigkeiten\/warum-gibt-es-jetzt-auch-noch-den-welttag-gegen-vernachlaessigte-tropenkrankheiten\/#primaryimage\",\"url\":\"https:\/\/www.one.org\/de\/wp-content\/uploads\/sites\/3\/2020\/01\/RS3025_HEA-STLUK-37-scr.jpg\",\"contentUrl\":\"https:\/\/www.one.org\/de\/wp-content\/uploads\/sites\/3\/2020\/01\/RS3025_HEA-STLUK-37-scr.jpg\",\"width\":1200,\"height\":800},{\"@type\":\"BreadcrumbList\",\"@id\":\"https:\/\/www.one.org\/de\/neuigkeiten\/warum-gibt-es-jetzt-auch-noch-den-welttag-gegen-vernachlaessigte-tropenkrankheiten\/#breadcrumb\",\"itemListElement\":[{\"@type\":\"ListItem\",\"position\":1,\"name\":\"Home\",\"item\":\"https:\/\/www.one.org\/de\/\"},{\"@type\":\"ListItem\",\"position\":2,\"name\":\"Warum gibt es jetzt auch noch den Welttag gegen vernachl\u00e4ssigte Tropenkrankheiten?\"}]},{\"@type\":\"WebSite\",\"@id\":\"https:\/\/www.one.org\/de\/#website\",\"url\":\"https:\/\/www.one.org\/de\/\",\"name\":\"ONE.org\",\"description\":\"F\u00fcr mehr wirtschaftliche Chancen und ein starkes Gesundheitswesen in Afrika\",\"potentialAction\":[{\"@type\":\"SearchAction\",\"target\":{\"@type\":\"EntryPoint\",\"urlTemplate\":\"https:\/\/www.one.org\/de\/?s={search_term_string}\"},\"query-input\":{\"@type\":\"PropertyValueSpecification\",\"valueRequired\":true,\"valueName\":\"search_term_string\"}}],\"inLanguage\":\"de-DE\"},{\"@type\":\"Person\",\"@id\":\"https:\/\/www.one.org\/de\/#\/schema\/person\/236ef43a079c36667c3f1de2da8e0838\",\"name\":\"admin\",\"image\":{\"@type\":\"ImageObject\",\"inLanguage\":\"de-DE\",\"@id\":\"https:\/\/www.one.org\/de\/#\/schema\/person\/image\/\",\"url\":\"https:\/\/secure.gravatar.com\/avatar\/2b4204681b789d34ede86a735f8b6378df901f7f7ab7a9ca89af4670b2bb13b8?s=96&d=mm&r=g\",\"contentUrl\":\"https:\/\/secure.gravatar.com\/avatar\/2b4204681b789d34ede86a735f8b6378df901f7f7ab7a9ca89af4670b2bb13b8?s=96&d=mm&r=g\",\"caption\":\"admin\"},\"sameAs\":[\"http:\/\/www.one.org\"],\"url\":\"https:\/\/www.one.org\/de\/neuigkeiten\/author\/admin\/\"}]}<\/script>\n<!-- \/ Yoast SEO Premium plugin. -->","yoast_head_json":{"title":"Warum gibt es jetzt auch noch den Welttag gegen vernachl\u00e4ssigte Tropenkrankheiten? - ONE.org Deutschland","description":"Um mehr Aufmerksamkeit zu generieren, wurde am 30. Januar 2020 zum ersten Mal der Welttag gegen Tropenkrankheiten gefeiert.","robots":{"index":"index","follow":"follow","max-snippet":"max-snippet:-1","max-image-preview":"max-image-preview:large","max-video-preview":"max-video-preview:-1"},"canonical":"https:\/\/www.one.org\/de\/neuigkeiten\/warum-gibt-es-jetzt-auch-noch-den-welttag-gegen-vernachlaessigte-tropenkrankheiten\/","og_locale":"de_DE","og_type":"article","og_title":"Warum gibt es jetzt auch noch den Welttag gegen vernachl\u00e4ssigte Tropenkrankheiten?","og_description":"Hier bloggt Johanna Brinkel vom Deutschen Netzwerk gegen vernachl\u00e4ssigte Tropenkrankheiten zu einem neuen Welttag der Weltgesundheitsorganisation.","og_url":"https:\/\/www.one.org\/de\/neuigkeiten\/warum-gibt-es-jetzt-auch-noch-den-welttag-gegen-vernachlaessigte-tropenkrankheiten\/","og_site_name":"ONE.org Deutschland","article_publisher":"https:\/\/www.facebook.com\/ONEinNederland","article_published_time":"2020-01-29T10:26:30+00:00","article_modified_time":"2024-01-26T15:16:20+00:00","og_image":[{"url":"https:\/\/cdn.one.org\/de\/wp-content\/uploads\/2020\/01\/29100325\/Bild3.png","type":"","width":"","height":""}],"author":"admin","twitter_card":"summary_large_image","twitter_title":"Warum gibt es jetzt auch noch den Welttag gegen vernachl\u00e4ssigte Tropenkrankheiten?","twitter_creator":"@ONENederland","twitter_site":"@ONENederland","twitter_misc":{"Written by":"admin","Est. reading time":"4 minutes"},"schema":{"@context":"https:\/\/schema.org","@graph":[{"@type":["Article","BlogPosting"],"@id":"https:\/\/www.one.org\/de\/neuigkeiten\/warum-gibt-es-jetzt-auch-noch-den-welttag-gegen-vernachlaessigte-tropenkrankheiten\/#article","isPartOf":{"@id":"https:\/\/www.one.org\/de\/neuigkeiten\/warum-gibt-es-jetzt-auch-noch-den-welttag-gegen-vernachlaessigte-tropenkrankheiten\/"},"author":{"name":"admin","@id":"https:\/\/www.one.org\/de\/#\/schema\/person\/236ef43a079c36667c3f1de2da8e0838"},"headline":"Warum gibt es jetzt auch noch den Welttag gegen vernachl\u00e4ssigte Tropenkrankheiten?","datePublished":"2020-01-29T10:26:30+00:00","dateModified":"2024-01-26T15:16:20+00:00","mainEntityOfPage":{"@id":"https:\/\/www.one.org\/de\/neuigkeiten\/warum-gibt-es-jetzt-auch-noch-den-welttag-gegen-vernachlaessigte-tropenkrankheiten\/"},"wordCount":800,"commentCount":0,"image":{"@id":"https:\/\/www.one.org\/de\/neuigkeiten\/warum-gibt-es-jetzt-auch-noch-den-welttag-gegen-vernachlaessigte-tropenkrankheiten\/#primaryimage"},"thumbnailUrl":"https:\/\/www.one.org\/de\/wp-content\/uploads\/sites\/3\/2020\/01\/RS3025_HEA-STLUK-37-scr.jpg","inLanguage":"de-DE","potentialAction":[{"@type":"CommentAction","name":"Comment","target":["https:\/\/www.one.org\/de\/neuigkeiten\/warum-gibt-es-jetzt-auch-noch-den-welttag-gegen-vernachlaessigte-tropenkrankheiten\/#respond"]}]},{"@type":"WebPage","@id":"https:\/\/www.one.org\/de\/neuigkeiten\/warum-gibt-es-jetzt-auch-noch-den-welttag-gegen-vernachlaessigte-tropenkrankheiten\/","url":"https:\/\/www.one.org\/de\/neuigkeiten\/warum-gibt-es-jetzt-auch-noch-den-welttag-gegen-vernachlaessigte-tropenkrankheiten\/","name":"Warum gibt es jetzt auch noch den Welttag gegen vernachl\u00e4ssigte Tropenkrankheiten? - ONE.org Deutschland","isPartOf":{"@id":"https:\/\/www.one.org\/de\/#website"},"primaryImageOfPage":{"@id":"https:\/\/www.one.org\/de\/neuigkeiten\/warum-gibt-es-jetzt-auch-noch-den-welttag-gegen-vernachlaessigte-tropenkrankheiten\/#primaryimage"},"image":{"@id":"https:\/\/www.one.org\/de\/neuigkeiten\/warum-gibt-es-jetzt-auch-noch-den-welttag-gegen-vernachlaessigte-tropenkrankheiten\/#primaryimage"},"thumbnailUrl":"https:\/\/www.one.org\/de\/wp-content\/uploads\/sites\/3\/2020\/01\/RS3025_HEA-STLUK-37-scr.jpg","datePublished":"2020-01-29T10:26:30+00:00","dateModified":"2024-01-26T15:16:20+00:00","author":{"@id":"https:\/\/www.one.org\/de\/#\/schema\/person\/236ef43a079c36667c3f1de2da8e0838"},"description":"Um mehr Aufmerksamkeit zu generieren, wurde am 30. Januar 2020 zum ersten Mal der Welttag gegen Tropenkrankheiten gefeiert.","breadcrumb":{"@id":"https:\/\/www.one.org\/de\/neuigkeiten\/warum-gibt-es-jetzt-auch-noch-den-welttag-gegen-vernachlaessigte-tropenkrankheiten\/#breadcrumb"},"inLanguage":"de-DE","potentialAction":[{"@type":"ReadAction","target":["https:\/\/www.one.org\/de\/neuigkeiten\/warum-gibt-es-jetzt-auch-noch-den-welttag-gegen-vernachlaessigte-tropenkrankheiten\/"]}]},{"@type":"ImageObject","inLanguage":"de-DE","@id":"https:\/\/www.one.org\/de\/neuigkeiten\/warum-gibt-es-jetzt-auch-noch-den-welttag-gegen-vernachlaessigte-tropenkrankheiten\/#primaryimage","url":"https:\/\/www.one.org\/de\/wp-content\/uploads\/sites\/3\/2020\/01\/RS3025_HEA-STLUK-37-scr.jpg","contentUrl":"https:\/\/www.one.org\/de\/wp-content\/uploads\/sites\/3\/2020\/01\/RS3025_HEA-STLUK-37-scr.jpg","width":1200,"height":800},{"@type":"BreadcrumbList","@id":"https:\/\/www.one.org\/de\/neuigkeiten\/warum-gibt-es-jetzt-auch-noch-den-welttag-gegen-vernachlaessigte-tropenkrankheiten\/#breadcrumb","itemListElement":[{"@type":"ListItem","position":1,"name":"Home","item":"https:\/\/www.one.org\/de\/"},{"@type":"ListItem","position":2,"name":"Warum gibt es jetzt auch noch den Welttag gegen vernachl\u00e4ssigte Tropenkrankheiten?"}]},{"@type":"WebSite","@id":"https:\/\/www.one.org\/de\/#website","url":"https:\/\/www.one.org\/de\/","name":"ONE.org","description":"F\u00fcr mehr wirtschaftliche Chancen und ein starkes Gesundheitswesen in Afrika","potentialAction":[{"@type":"SearchAction","target":{"@type":"EntryPoint","urlTemplate":"https:\/\/www.one.org\/de\/?s={search_term_string}"},"query-input":{"@type":"PropertyValueSpecification","valueRequired":true,"valueName":"search_term_string"}}],"inLanguage":"de-DE"},{"@type":"Person","@id":"https:\/\/www.one.org\/de\/#\/schema\/person\/236ef43a079c36667c3f1de2da8e0838","name":"admin","image":{"@type":"ImageObject","inLanguage":"de-DE","@id":"https:\/\/www.one.org\/de\/#\/schema\/person\/image\/","url":"https:\/\/secure.gravatar.com\/avatar\/2b4204681b789d34ede86a735f8b6378df901f7f7ab7a9ca89af4670b2bb13b8?s=96&d=mm&r=g","contentUrl":"https:\/\/secure.gravatar.com\/avatar\/2b4204681b789d34ede86a735f8b6378df901f7f7ab7a9ca89af4670b2bb13b8?s=96&d=mm&r=g","caption":"admin"},"sameAs":["http:\/\/www.one.org"],"url":"https:\/\/www.one.org\/de\/neuigkeiten\/author\/admin\/"}]}},"distributor_meta":false,"distributor_terms":false,"distributor_media":false,"distributor_original_site_name":"ONE.org Deutschland","distributor_original_site_url":"https:\/\/www.one.org\/de","push-errors":false,"_links":{"self":[{"href":"https:\/\/www.one.org\/de\/wp-json\/wp\/v2\/posts\/166965","targetHints":{"allow":["GET"]}}],"collection":[{"href":"https:\/\/www.one.org\/de\/wp-json\/wp\/v2\/posts"}],"about":[{"href":"https:\/\/www.one.org\/de\/wp-json\/wp\/v2\/types\/post"}],"author":[{"embeddable":true,"href":"https:\/\/www.one.org\/de\/wp-json\/wp\/v2\/users\/1"}],"replies":[{"embeddable":true,"href":"https:\/\/www.one.org\/de\/wp-json\/wp\/v2\/comments?post=166965"}],"version-history":[{"count":0,"href":"https:\/\/www.one.org\/de\/wp-json\/wp\/v2\/posts\/166965\/revisions"}],"wp:featuredmedia":[{"embeddable":true,"href":"https:\/\/www.one.org\/de\/wp-json\/wp\/v2\/media\/171316"}],"wp:attachment":[{"href":"https:\/\/www.one.org\/de\/wp-json\/wp\/v2\/media?parent=166965"}],"wp:term":[{"taxonomy":"category","embeddable":true,"href":"https:\/\/www.one.org\/de\/wp-json\/wp\/v2\/categories?post=166965"},{"taxonomy":"post_tag","embeddable":true,"href":"https:\/\/www.one.org\/de\/wp-json\/wp\/v2\/tags?post=166965"},{"taxonomy":"topic","embeddable":true,"href":"https:\/\/www.one.org\/de\/wp-json\/wp\/v2\/topic?post=166965"},{"taxonomy":"contributor","embeddable":true,"href":"https:\/\/www.one.org\/de\/wp-json\/wp\/v2\/contributor?post=166965"},{"taxonomy":"one_content_audience","embeddable":true,"href":"https:\/\/www.one.org\/de\/wp-json\/wp\/v2\/one_content_audience?post=166965"},{"taxonomy":"one_content_type","embeddable":true,"href":"https:\/\/www.one.org\/de\/wp-json\/wp\/v2\/one_content_type?post=166965"},{"taxonomy":"one_content_tone","embeddable":true,"href":"https:\/\/www.one.org\/de\/wp-json\/wp\/v2\/one_content_tone?post=166965"}],"curies":[{"name":"wp","href":"https:\/\/api.w.org\/{rel}","templated":true}]}}