{"id":166951,"date":"2020-01-14T10:03:45","date_gmt":"2020-01-14T10:03:45","guid":{"rendered":"https:\/\/www.one.org\/de\/2020-der-countdown-lauft\/"},"modified":"2024-01-16T13:14:50","modified_gmt":"2024-01-16T13:14:50","slug":"2020-der-countdown-laeuft","status":"publish","type":"post","link":"https:\/\/www.one.org\/de\/neuigkeiten\/2020-der-countdown-laeuft\/","title":{"rendered":"2020 &#8211; Der Countdown l\u00e4uft"},"content":{"rendered":"<h3><b>Was 2020 (f\u00fcr uns) wichtig wird: Europa, Impfungen und der deutsche Haushalt\u00a0<\/b><\/h3>\n<p><span style=\"font-weight: 400;\">F\u00fcr ONE ist 2020 nicht irgendein Jahr. Ab jetzt wird runtergez\u00e4hlt: 10, 9, 8\u2026 2020 markiert den Countdown bis zum Jahr 2030. Dem Jahr, in dem die globale Gemeinschaft die <a href=\"https:\/\/sustainabledevelopment.un.org\/?menu=1300\">Nachhaltigen Entwicklungsziele<\/a> erreicht haben will.\u00a0<\/span><\/p>\n<h3><b>Wird die Welt immer schlechter?\u00a0<\/b><\/h3>\n<p><span style=\"font-weight: 400;\">Aktuell gibt es noch sehr viel zu tun. Wir sind zehn Jahre vor Ablauf der Frist l\u00e4ngst nicht da, wo wir sein m\u00fcssten. Und die aktuellen Umst\u00e4nde machen es nicht leichter. Schauen wir zur\u00fcck auf das letzte Jahrzehnt oder auch nur auf die ersten Tage des neuen Jahres, sehen wir viele besorgniserregende Entwicklungen und Katastrophen auf der ganzen Welt. Es scheint, dass gerade jetzt, zu einer Zeit, in der die internationale Zusammenarbeit bei vielen nicht en vogue ist und auf nationale Alleing\u00e4nge gesetzt wird, die Welt mehr und mehr Krisen gegen\u00fcbersteht, die von einem Staat alleine gar nicht bew\u00e4ltigt werden k\u00f6nnen: <a href=\"https:\/\/www.one.org\/de\/blog\/3-gruende-warum-die-klimabewegung-so-wichtig-ist\/\">Klimakrise<\/a>, <a href=\"https:\/\/www.one.org\/de\/blog\/drei-gruende-warum-armut-sexistisch-ist-und-was-wir-dagegen-tun-sollten\/\">Geschlechterungleichheit<\/a>, Migration und die andauernde Gefahr von <a href=\"https:\/\/www.one.org\/de\/blog\/warum-brauchen-wir-einen-welt-aids-tag\/\">Krankheiten<\/a> und Hunger.<\/span><\/p>\n<h3><b>Erfolge der Entwicklungszusammenarbeit\u00a0<\/b><\/h3>\n<p><span style=\"font-weight: 400;\">Leicht vergessen wir da die gro\u00dfen Erfolge der internationalen Entwicklungszusammenarbeit. Es wurde schon so viel erreicht: Die extreme Armut hat sich weltweit mehr als halbiert, es gehen mehr Kinder zur Schule denn je und <a href=\"https:\/\/www.one.org\/de\/blog\/stepupthefight-highlights-unserer-kampagne\/\">k\u00fcrzlich hat die Welt in gemeinsamer Anstrengung eine Rekordsumme f\u00fcr den Kampf gegen Aids, Tuberkulose und Malaria bereitgestellt<\/a>. Auf diesen Erfolgen wollen wir aufbauen, damit wir es doch noch schaffen, bis 2030 die Nachhaltigen Entwicklungsziele zu erreichen! Um das zu schaffen, hat ONE in Deutschland 2020 drei Priorit\u00e4ten.<\/span><\/p>\n<h3><b>Unsere Priorit\u00e4ten f\u00fcr 2020<\/b><\/h3>\n<ol>\n<li style=\"list-style-type: none;\">\n<ol>\n<li style=\"font-weight: 400;\"><b>Europa! Wir wollen ein Europa, das internationale Verantwortung \u00fcbernimmt und eine neue Partnerschaft mit Afrika eingeht. <\/b><span style=\"font-weight: 400;\">Die EU wird 2020 superwichtig werden. Einmal, weil aller Voraussicht nach in diesem Jahr der neue 7-Jahres-Haushalt der EU, der sogenannte Mehrj\u00e4hrige Finanzrahmen, verabschiedet wird. Um die globalen Herausforderungen bew\u00e4ltigen zu k\u00f6nnen, m\u00fcssen aus dem EU-Haushalt 140 Milliarden Euro \u00fcber sieben Jahre f\u00fcr Armutsbek\u00e4mpfung bereitgestellt werden. Der Fokus muss hier auf Afrika liegen. Unsere Kampagne <\/span><a href=\"https:\/\/act.one.org\/sign\/die-eu-muss-jetzt-handeln\/?utm_source=homepage&amp;source=homepage&amp;utm_medium=referral&amp;utm_campaign=MFF\"><span style=\"font-weight: 400;\">\u201cONE Chance\u201d <\/span><\/a><span style=\"font-weight: 400;\"><span style=\"font-weight: 400;\">l\u00e4uft daher auf Hochtouren. Dar\u00fcber hinaus \u00fcbernimmt Deutschland in der zweiten Jahresh\u00e4lfte die EU-Ratspr\u00e4sidentschaft. Gemeinsam mit unseren Jugendbotschafter*innen und jungen ONE-Aktivist*innen aus Afrika, den ONE Champions, werden wir der EU und der Bundesregierung zeigen, was die Jugend, also unser aller Zukunft, will: Eine neue Partnerschaft zwischen Europa und Afrika auf Augenh\u00f6he!<\/span><\/span><\/li>\n<li style=\"font-weight: 400;\"><b>Impfungen! F\u00fcr alle. \u00dcberall. <\/b><span style=\"font-weight: 400;\">Wir sind davon \u00fcberzeugt, dass jeder Mensch auf der Welt ein Recht auf ein Leben in W\u00fcrde haben soll. Egal, wo der Mensch geboren ist. Eine gute Gesundheit ist der Grundstein daf\u00fcr. <a href=\"https:\/\/www.one.org\/de\/blog\/was-du-ueber-die-impfallianz-gavi-wissen-musst\/\">Die Globale Impfallianz Gavi<\/a> hat seit ihrer Gr\u00fcndung im Jahr 2000 760 Millionen Kinder in den \u00e4rmsten L\u00e4ndern der Welt gegen vermeidbare Krankheiten geimpft und dadurch geholfen, langfristig 13 Millionen Menschenleben zu retten. Wir werden mit unserer globalen Kampagne <\/span><b>\u201cTiny but Mighty\u201d <\/b><span style=\"font-weight: 400;\"><span style=\"font-weight: 400;\"><span style=\"font-weight: 400;\">alles daran setzen, Gavi dabei zu unterst\u00fctzen, sein neues Finanzierungsziel von 7,4 Milliarden US-Dollar zu erreichen. So kann Gavi bis 2025 300 Millionen Menschen impfen. Dazu haben wir bis Juni Zeit. Dann findet die Finanzierungskonferenz in London statt. Unser Ziel ist, dass Deutschland 700 Millionen Euro f\u00fcr die Jahre 2021-2025 bereitstellt. Und das am besten sobald wie m\u00f6glich, da ein gro\u00dfer deutscher Beitrag ein starkes Zeichen an alle anderen Geberl\u00e4nder sein wird. Ende Januar startet unsere globale Kampagne, aber in Deutschland machen wir jetzt schon Druck!<\/span><\/span><\/span>\n<div id=\"attachment_148065\" class=\"wp-caption aligncenter\" style=\"width: 603px;\"><img loading=\"lazy\" decoding=\"async\" class=\"wp-image-148065 size-large\" src=\"https:\/\/cdn.one.org\/de\/wp-content\/uploads\/2019\/10\/01120540\/gavi_social-e1572352119752-640x320.jpg\" alt=\"\" width=\"593\" height=\"297\" aria-describedby=\"caption-attachment-148065\" \/><\/p>\n<p id=\"caption-attachment-148065\" class=\"wp-caption-text\">Photo: Gavi<\/p>\n<\/div>\n<\/li>\n<li style=\"font-weight: 400;\"><b><b><b>Last but not least: Der Deutsche Haushalt! <span style=\"font-weight: 400;\">W\u00e4hrend es in den vergangenen Jahren stetig mehr Geld f\u00fcr internationale Entwicklungszusammenarbeit gab, sieht es laut mittelfristiger Finanzplanung f\u00fcr 2021 und danach d\u00fcster aus. Angesichts der gro\u00dfen globalen Herausforderungen, die vor uns liegen, und mit Blick auf die uns verbleibende Zeit bis zu den Nachhaltigen Entwicklungszielen, darf der deutsche Entwicklungsetat auf gar keinen Fall stagnieren oder gar schrumpfen. Damit w\u00fcrde die Gro\u00dfe Koalition nicht nur Deutschland langfristig schaden und ihre Versprechen aus dem Koalitionsvertrag brechen, weil <\/span><span style=\"font-weight: 400;\">die ODA-Quote von 0,7 Prozent der Wirtschaftskraft f\u00fcr Entwicklungshilfe absinken w\u00fcrde <\/span><span style=\"font-weight: 400;\">\u2013 e<\/span><span style=\"font-weight: 400;\">ntgegen der Vereinbarungen von Union und SPD. Deutschland lie\u00dfe auch Millionen von Menschen im Stich. Das werden wir nicht zulassen!<\/span><\/b><\/b><\/b>\n<div id=\"attachment_148052\" class=\"wp-caption aligncenter\" style=\"width: 603px;\"><img loading=\"lazy\" decoding=\"async\" class=\"size-large wp-image-148052\" src=\"https:\/\/cdn.one.org\/de\/wp-content\/uploads\/2019\/09\/30153217\/20190913ct707-640x407.jpg\" alt=\"ONE-Jugendbotschafter*innen bereit f\u00fcr den Bundestag\" width=\"593\" height=\"377\" aria-describedby=\"caption-attachment-148052\" \/><\/p>\n<p id=\"caption-attachment-148052\" class=\"wp-caption-text\">ONE-Jugendbotschafter*innen vor dem Bundestag<\/p>\n<\/div>\n<\/li>\n<\/ol>\n<\/li>\n<\/ol>\n<h3><b>All das schaffen wir nicht allein\u00a0<\/b><\/h3>\n<p><span style=\"font-weight: 400;\">Nur mit unseren Unterst\u00fctzer*innen und den <a href=\"https:\/\/www.one.org\/de\/?topic=one-unterstuetzer-innen-in-aktion\">ONE-Jugendbotschafter*innen<\/a> gemeinsam k\u00f6nnen wir erfolgreich sein und uns daf\u00fcr stark machen, dass jeder Mensch \u00fcberall ein Leben in W\u00fcrde und mit Chancen f\u00fchren kann. Die <a href=\"https:\/\/twitter.com\/ONEinAfrica\">Teams von ONE in den afrikanischen B\u00fcros<\/a> sind unsere Augen und Ohren auf dem afrikanischen Kontinent. Sie arbeiten mit afrikanischen Aktivist*innen, mit prominenten Unterst\u00fctzer*innen und politischen Expert*innen vor Ort zusammen. Ihre Kenntnisse, Bewertungen und Einsch\u00e4tzungen leiten unsere internationale Arbeit. ONE wird bei allen politisch Verantwortlichen darauf dr\u00e4ngen, dass ihre wirtschaftlichen und entwicklungspolitischen Strategien im Einklang mit der <a href=\"https:\/\/au.int\/en\/agenda2063\/overview\">\u201eAgenda 2063\u201d<\/a> stehen, der Entwicklungsagenda der Afrikanischen Union.<\/span><\/p>\n<p><img loading=\"lazy\" decoding=\"async\" class=\"aligncenter size-full wp-image-146784\" src=\"https:\/\/cdn.one.org\/de\/wp-content\/uploads\/2019\/04\/23110805\/Germany_regional_750x480px-640x410.jpg\" alt=\"\" width=\"750\" height=\"480\" \/><\/p>\n<h3><b>Hast Du Lust, dabei zu sein?\u00a0<\/b><\/h3>\n<p><span style=\"font-weight: 400;\">Hast du Lust, diese gro\u00dfen Themen gemeinsam mit uns anzupacken? Dann <a href=\"https:\/\/act.one.org\/sign\/bruecken-bauen\/?utm_source=TakeAction&amp;source=TakeAction&amp;utm_medium=referral\">unterzeichne jetzt unseren Aufruf und setz dich auf unseren Verteiler<\/a>. Wir melden uns dann, sobald wir deine Unterst\u00fctzung ben\u00f6tigen.\u00a0<\/span><\/p>\n<div class=\"buffer\"><\/div>\n<div class=\"buffer\"><\/div>","protected":false},"excerpt":{"rendered":"<p>Was 2020 (f\u00fcr uns) wichtig wird: Europa, Impfungen und der deutsche Haushalt\u00a0 F\u00fcr ONE ist 2020 nicht irgendein Jahr. Ab jetzt wird runtergez\u00e4hlt: 10, 9, 8\u2026 2020 markiert den Countdown bis zum Jahr 2030. Dem Jahr, in dem die globale Gemeinschaft die Nachhaltigen Entwicklungsziele erreicht haben will.\u00a0 Wird die Welt immer schlechter?\u00a0 Aktuell gibt es [&hellip;]<\/p>\n","protected":false},"author":19,"featured_media":169314,"comment_status":"open","ping_status":"open","sticky":false,"template":"","format":"standard","meta":{"_acf_changed":false,"_relevanssi_hide_post":"","_relevanssi_hide_content":"","_relevanssi_pin_for_all":"","_relevanssi_pin_keywords":"","_relevanssi_unpin_keywords":"","_relevanssi_related_keywords":"","_relevanssi_related_include_ids":"","_relevanssi_related_exclude_ids":"","_relevanssi_related_no_append":"","_relevanssi_related_not_related":"","_relevanssi_related_posts":"167666,169596,169520,167719,167718,167715","_relevanssi_noindex_reason":"","footnotes":""},"categories":[39],"tags":[],"topic":[37,40],"contributor":[38],"one_content_audience":[],"one_content_type":[],"one_content_tone":[],"class_list":["post-166951","post","type-post","status-publish","format-standard","has-post-thumbnail","hentry","category-one","topic-entwicklungszusammenarbeit","topic-politische-analyse","contributor-karoline-lerche"],"acf":[],"yoast_head":"<!-- This site is optimized with the Yoast SEO Premium plugin v27.1 (Yoast SEO v27.1.1) - https:\/\/yoast.com\/product\/yoast-seo-premium-wordpress\/ -->\n<title>2020 - Der Countdown l\u00e4uft - ONE.org Deutschland<\/title>\n<meta name=\"robots\" content=\"index, follow, max-snippet:-1, max-image-preview:large, max-video-preview:-1\" \/>\n<link rel=\"canonical\" href=\"https:\/\/www.one.org\/de\/neuigkeiten\/2020-der-countdown-laeuft\/\" \/>\n<meta property=\"og:locale\" content=\"de_DE\" \/>\n<meta property=\"og:type\" content=\"article\" \/>\n<meta property=\"og:title\" content=\"2020 - Der Countdown l\u00e4uft\" \/>\n<meta property=\"og:description\" content=\"... und ONE richtet den Blick auf die Agenda 2030. In 10 Jahren wollen wir die nachhaltigen Entwicklungsziele erreicht haben - was muss daf\u00fcr jetzt passieren?\" \/>\n<meta property=\"og:url\" content=\"https:\/\/www.one.org\/de\/neuigkeiten\/2020-der-countdown-laeuft\/\" \/>\n<meta property=\"og:site_name\" content=\"ONE.org Deutschland\" \/>\n<meta property=\"article:publisher\" content=\"https:\/\/www.facebook.com\/ONEinNederland\" \/>\n<meta property=\"article:published_time\" content=\"2020-01-14T10:03:45+00:00\" \/>\n<meta property=\"article:modified_time\" content=\"2024-01-16T13:14:50+00:00\" \/>\n<meta property=\"og:image\" content=\"https:\/\/cdn.one.org\/de\/wp-content\/uploads\/2020\/01\/07120152\/DE_evergreen_pledge_tile_1200x768.png\" \/>\n<meta name=\"author\" content=\"Karoline Lerche\" \/>\n<meta name=\"twitter:card\" content=\"summary_large_image\" \/>\n<meta name=\"twitter:title\" content=\"2020 - Der Countdown l\u00e4uft\" \/>\n<meta name=\"twitter:creator\" content=\"@ONENederland\" \/>\n<meta name=\"twitter:site\" content=\"@ONENederland\" \/>\n<meta name=\"twitter:label1\" content=\"Written by\" \/>\n\t<meta name=\"twitter:data1\" content=\"Karoline Lerche\" \/>\n\t<meta name=\"twitter:label2\" content=\"Est. reading time\" \/>\n\t<meta name=\"twitter:data2\" content=\"5 minutes\" \/>\n<script type=\"application\/ld+json\" class=\"yoast-schema-graph\">{\"@context\":\"https:\/\/schema.org\",\"@graph\":[{\"@type\":[\"Article\",\"BlogPosting\"],\"@id\":\"https:\/\/www.one.org\/de\/neuigkeiten\/2020-der-countdown-laeuft\/#article\",\"isPartOf\":{\"@id\":\"https:\/\/www.one.org\/de\/neuigkeiten\/2020-der-countdown-laeuft\/\"},\"author\":{\"name\":\"Karoline Lerche\",\"@id\":\"https:\/\/www.one.org\/de\/#\/schema\/person\/32e449f3331cfd773a61930f687b55ed\"},\"headline\":\"2020 &#8211; Der Countdown l\u00e4uft\",\"datePublished\":\"2020-01-14T10:03:45+00:00\",\"dateModified\":\"2024-01-16T13:14:50+00:00\",\"mainEntityOfPage\":{\"@id\":\"https:\/\/www.one.org\/de\/neuigkeiten\/2020-der-countdown-laeuft\/\"},\"wordCount\":851,\"commentCount\":0,\"image\":{\"@id\":\"https:\/\/www.one.org\/de\/neuigkeiten\/2020-der-countdown-laeuft\/#primaryimage\"},\"thumbnailUrl\":\"https:\/\/www.one.org\/de\/wp-content\/uploads\/sites\/3\/2020\/01\/German-Evergreen-Pledge-Action_2019_social-share_de_v3-10-1.png\",\"articleSection\":[\"ONE\"],\"inLanguage\":\"de-DE\",\"potentialAction\":[{\"@type\":\"CommentAction\",\"name\":\"Comment\",\"target\":[\"https:\/\/www.one.org\/de\/neuigkeiten\/2020-der-countdown-laeuft\/#respond\"]}]},{\"@type\":\"WebPage\",\"@id\":\"https:\/\/www.one.org\/de\/neuigkeiten\/2020-der-countdown-laeuft\/\",\"url\":\"https:\/\/www.one.org\/de\/neuigkeiten\/2020-der-countdown-laeuft\/\",\"name\":\"2020 - Der Countdown l\u00e4uft - ONE.org Deutschland\",\"isPartOf\":{\"@id\":\"https:\/\/www.one.org\/de\/#website\"},\"primaryImageOfPage\":{\"@id\":\"https:\/\/www.one.org\/de\/neuigkeiten\/2020-der-countdown-laeuft\/#primaryimage\"},\"image\":{\"@id\":\"https:\/\/www.one.org\/de\/neuigkeiten\/2020-der-countdown-laeuft\/#primaryimage\"},\"thumbnailUrl\":\"https:\/\/www.one.org\/de\/wp-content\/uploads\/sites\/3\/2020\/01\/German-Evergreen-Pledge-Action_2019_social-share_de_v3-10-1.png\",\"datePublished\":\"2020-01-14T10:03:45+00:00\",\"dateModified\":\"2024-01-16T13:14:50+00:00\",\"author\":{\"@id\":\"https:\/\/www.one.org\/de\/#\/schema\/person\/32e449f3331cfd773a61930f687b55ed\"},\"breadcrumb\":{\"@id\":\"https:\/\/www.one.org\/de\/neuigkeiten\/2020-der-countdown-laeuft\/#breadcrumb\"},\"inLanguage\":\"de-DE\",\"potentialAction\":[{\"@type\":\"ReadAction\",\"target\":[\"https:\/\/www.one.org\/de\/neuigkeiten\/2020-der-countdown-laeuft\/\"]}]},{\"@type\":\"ImageObject\",\"inLanguage\":\"de-DE\",\"@id\":\"https:\/\/www.one.org\/de\/neuigkeiten\/2020-der-countdown-laeuft\/#primaryimage\",\"url\":\"https:\/\/www.one.org\/de\/wp-content\/uploads\/sites\/3\/2020\/01\/German-Evergreen-Pledge-Action_2019_social-share_de_v3-10-1.png\",\"contentUrl\":\"https:\/\/www.one.org\/de\/wp-content\/uploads\/sites\/3\/2020\/01\/German-Evergreen-Pledge-Action_2019_social-share_de_v3-10-1.png\",\"width\":1201,\"height\":1201},{\"@type\":\"BreadcrumbList\",\"@id\":\"https:\/\/www.one.org\/de\/neuigkeiten\/2020-der-countdown-laeuft\/#breadcrumb\",\"itemListElement\":[{\"@type\":\"ListItem\",\"position\":1,\"name\":\"Home\",\"item\":\"https:\/\/www.one.org\/de\/\"},{\"@type\":\"ListItem\",\"position\":2,\"name\":\"2020 &#8211; Der Countdown l\u00e4uft\"}]},{\"@type\":\"WebSite\",\"@id\":\"https:\/\/www.one.org\/de\/#website\",\"url\":\"https:\/\/www.one.org\/de\/\",\"name\":\"ONE.org\",\"description\":\"F\u00fcr mehr wirtschaftliche Chancen und ein starkes Gesundheitswesen in Afrika\",\"potentialAction\":[{\"@type\":\"SearchAction\",\"target\":{\"@type\":\"EntryPoint\",\"urlTemplate\":\"https:\/\/www.one.org\/de\/?s={search_term_string}\"},\"query-input\":{\"@type\":\"PropertyValueSpecification\",\"valueRequired\":true,\"valueName\":\"search_term_string\"}}],\"inLanguage\":\"de-DE\"},{\"@type\":\"Person\",\"@id\":\"https:\/\/www.one.org\/de\/#\/schema\/person\/32e449f3331cfd773a61930f687b55ed\",\"name\":\"Karoline Lerche\",\"image\":{\"@type\":\"ImageObject\",\"inLanguage\":\"de-DE\",\"@id\":\"https:\/\/www.one.org\/de\/#\/schema\/person\/image\/\",\"url\":\"https:\/\/secure.gravatar.com\/avatar\/9c141f01b41c903275cee63d4a2be5cc57def058c10276ea5d449351315c747d?s=96&d=mm&r=g\",\"contentUrl\":\"https:\/\/secure.gravatar.com\/avatar\/9c141f01b41c903275cee63d4a2be5cc57def058c10276ea5d449351315c747d?s=96&d=mm&r=g\",\"caption\":\"Karoline Lerche\"},\"url\":\"https:\/\/www.one.org\/de\/neuigkeiten\/author\/karolinelerche\/\"}]}<\/script>\n<!-- \/ Yoast SEO Premium plugin. -->","yoast_head_json":{"title":"2020 - Der Countdown l\u00e4uft - ONE.org Deutschland","robots":{"index":"index","follow":"follow","max-snippet":"max-snippet:-1","max-image-preview":"max-image-preview:large","max-video-preview":"max-video-preview:-1"},"canonical":"https:\/\/www.one.org\/de\/neuigkeiten\/2020-der-countdown-laeuft\/","og_locale":"de_DE","og_type":"article","og_title":"2020 - Der Countdown l\u00e4uft","og_description":"... und ONE richtet den Blick auf die Agenda 2030. In 10 Jahren wollen wir die nachhaltigen Entwicklungsziele erreicht haben - was muss daf\u00fcr jetzt passieren?","og_url":"https:\/\/www.one.org\/de\/neuigkeiten\/2020-der-countdown-laeuft\/","og_site_name":"ONE.org Deutschland","article_publisher":"https:\/\/www.facebook.com\/ONEinNederland","article_published_time":"2020-01-14T10:03:45+00:00","article_modified_time":"2024-01-16T13:14:50+00:00","og_image":[{"url":"https:\/\/cdn.one.org\/de\/wp-content\/uploads\/2020\/01\/07120152\/DE_evergreen_pledge_tile_1200x768.png","type":"","width":"","height":""}],"author":"Karoline Lerche","twitter_card":"summary_large_image","twitter_title":"2020 - Der Countdown l\u00e4uft","twitter_creator":"@ONENederland","twitter_site":"@ONENederland","twitter_misc":{"Written by":"Karoline Lerche","Est. reading time":"5 minutes"},"schema":{"@context":"https:\/\/schema.org","@graph":[{"@type":["Article","BlogPosting"],"@id":"https:\/\/www.one.org\/de\/neuigkeiten\/2020-der-countdown-laeuft\/#article","isPartOf":{"@id":"https:\/\/www.one.org\/de\/neuigkeiten\/2020-der-countdown-laeuft\/"},"author":{"name":"Karoline Lerche","@id":"https:\/\/www.one.org\/de\/#\/schema\/person\/32e449f3331cfd773a61930f687b55ed"},"headline":"2020 &#8211; Der Countdown l\u00e4uft","datePublished":"2020-01-14T10:03:45+00:00","dateModified":"2024-01-16T13:14:50+00:00","mainEntityOfPage":{"@id":"https:\/\/www.one.org\/de\/neuigkeiten\/2020-der-countdown-laeuft\/"},"wordCount":851,"commentCount":0,"image":{"@id":"https:\/\/www.one.org\/de\/neuigkeiten\/2020-der-countdown-laeuft\/#primaryimage"},"thumbnailUrl":"https:\/\/www.one.org\/de\/wp-content\/uploads\/sites\/3\/2020\/01\/German-Evergreen-Pledge-Action_2019_social-share_de_v3-10-1.png","articleSection":["ONE"],"inLanguage":"de-DE","potentialAction":[{"@type":"CommentAction","name":"Comment","target":["https:\/\/www.one.org\/de\/neuigkeiten\/2020-der-countdown-laeuft\/#respond"]}]},{"@type":"WebPage","@id":"https:\/\/www.one.org\/de\/neuigkeiten\/2020-der-countdown-laeuft\/","url":"https:\/\/www.one.org\/de\/neuigkeiten\/2020-der-countdown-laeuft\/","name":"2020 - Der Countdown l\u00e4uft - ONE.org Deutschland","isPartOf":{"@id":"https:\/\/www.one.org\/de\/#website"},"primaryImageOfPage":{"@id":"https:\/\/www.one.org\/de\/neuigkeiten\/2020-der-countdown-laeuft\/#primaryimage"},"image":{"@id":"https:\/\/www.one.org\/de\/neuigkeiten\/2020-der-countdown-laeuft\/#primaryimage"},"thumbnailUrl":"https:\/\/www.one.org\/de\/wp-content\/uploads\/sites\/3\/2020\/01\/German-Evergreen-Pledge-Action_2019_social-share_de_v3-10-1.png","datePublished":"2020-01-14T10:03:45+00:00","dateModified":"2024-01-16T13:14:50+00:00","author":{"@id":"https:\/\/www.one.org\/de\/#\/schema\/person\/32e449f3331cfd773a61930f687b55ed"},"breadcrumb":{"@id":"https:\/\/www.one.org\/de\/neuigkeiten\/2020-der-countdown-laeuft\/#breadcrumb"},"inLanguage":"de-DE","potentialAction":[{"@type":"ReadAction","target":["https:\/\/www.one.org\/de\/neuigkeiten\/2020-der-countdown-laeuft\/"]}]},{"@type":"ImageObject","inLanguage":"de-DE","@id":"https:\/\/www.one.org\/de\/neuigkeiten\/2020-der-countdown-laeuft\/#primaryimage","url":"https:\/\/www.one.org\/de\/wp-content\/uploads\/sites\/3\/2020\/01\/German-Evergreen-Pledge-Action_2019_social-share_de_v3-10-1.png","contentUrl":"https:\/\/www.one.org\/de\/wp-content\/uploads\/sites\/3\/2020\/01\/German-Evergreen-Pledge-Action_2019_social-share_de_v3-10-1.png","width":1201,"height":1201},{"@type":"BreadcrumbList","@id":"https:\/\/www.one.org\/de\/neuigkeiten\/2020-der-countdown-laeuft\/#breadcrumb","itemListElement":[{"@type":"ListItem","position":1,"name":"Home","item":"https:\/\/www.one.org\/de\/"},{"@type":"ListItem","position":2,"name":"2020 &#8211; Der Countdown l\u00e4uft"}]},{"@type":"WebSite","@id":"https:\/\/www.one.org\/de\/#website","url":"https:\/\/www.one.org\/de\/","name":"ONE.org","description":"F\u00fcr mehr wirtschaftliche Chancen und ein starkes Gesundheitswesen in Afrika","potentialAction":[{"@type":"SearchAction","target":{"@type":"EntryPoint","urlTemplate":"https:\/\/www.one.org\/de\/?s={search_term_string}"},"query-input":{"@type":"PropertyValueSpecification","valueRequired":true,"valueName":"search_term_string"}}],"inLanguage":"de-DE"},{"@type":"Person","@id":"https:\/\/www.one.org\/de\/#\/schema\/person\/32e449f3331cfd773a61930f687b55ed","name":"Karoline Lerche","image":{"@type":"ImageObject","inLanguage":"de-DE","@id":"https:\/\/www.one.org\/de\/#\/schema\/person\/image\/","url":"https:\/\/secure.gravatar.com\/avatar\/9c141f01b41c903275cee63d4a2be5cc57def058c10276ea5d449351315c747d?s=96&d=mm&r=g","contentUrl":"https:\/\/secure.gravatar.com\/avatar\/9c141f01b41c903275cee63d4a2be5cc57def058c10276ea5d449351315c747d?s=96&d=mm&r=g","caption":"Karoline Lerche"},"url":"https:\/\/www.one.org\/de\/neuigkeiten\/author\/karolinelerche\/"}]}},"distributor_meta":false,"distributor_terms":false,"distributor_media":false,"distributor_original_site_name":"ONE.org Deutschland","distributor_original_site_url":"https:\/\/www.one.org\/de","push-errors":false,"_links":{"self":[{"href":"https:\/\/www.one.org\/de\/wp-json\/wp\/v2\/posts\/166951","targetHints":{"allow":["GET"]}}],"collection":[{"href":"https:\/\/www.one.org\/de\/wp-json\/wp\/v2\/posts"}],"about":[{"href":"https:\/\/www.one.org\/de\/wp-json\/wp\/v2\/types\/post"}],"author":[{"embeddable":true,"href":"https:\/\/www.one.org\/de\/wp-json\/wp\/v2\/users\/19"}],"replies":[{"embeddable":true,"href":"https:\/\/www.one.org\/de\/wp-json\/wp\/v2\/comments?post=166951"}],"version-history":[{"count":0,"href":"https:\/\/www.one.org\/de\/wp-json\/wp\/v2\/posts\/166951\/revisions"}],"wp:featuredmedia":[{"embeddable":true,"href":"https:\/\/www.one.org\/de\/wp-json\/wp\/v2\/media\/169314"}],"wp:attachment":[{"href":"https:\/\/www.one.org\/de\/wp-json\/wp\/v2\/media?parent=166951"}],"wp:term":[{"taxonomy":"category","embeddable":true,"href":"https:\/\/www.one.org\/de\/wp-json\/wp\/v2\/categories?post=166951"},{"taxonomy":"post_tag","embeddable":true,"href":"https:\/\/www.one.org\/de\/wp-json\/wp\/v2\/tags?post=166951"},{"taxonomy":"topic","embeddable":true,"href":"https:\/\/www.one.org\/de\/wp-json\/wp\/v2\/topic?post=166951"},{"taxonomy":"contributor","embeddable":true,"href":"https:\/\/www.one.org\/de\/wp-json\/wp\/v2\/contributor?post=166951"},{"taxonomy":"one_content_audience","embeddable":true,"href":"https:\/\/www.one.org\/de\/wp-json\/wp\/v2\/one_content_audience?post=166951"},{"taxonomy":"one_content_type","embeddable":true,"href":"https:\/\/www.one.org\/de\/wp-json\/wp\/v2\/one_content_type?post=166951"},{"taxonomy":"one_content_tone","embeddable":true,"href":"https:\/\/www.one.org\/de\/wp-json\/wp\/v2\/one_content_tone?post=166951"}],"curies":[{"name":"wp","href":"https:\/\/api.w.org\/{rel}","templated":true}]}}