{"id":166944,"date":"2020-01-08T09:55:21","date_gmt":"2020-01-08T09:55:21","guid":{"rendered":"https:\/\/www.one.org\/de\/erfahrungen-von-ehemaligem-jugendbotschafter-nikolas-als-un-jugenddelegierter\/"},"modified":"2023-09-12T08:30:49","modified_gmt":"2023-09-12T08:30:49","slug":"erfahrungen-von-ehemaligem-jugendbotschafter-nikolas-als-un-jugenddelegierter","status":"publish","type":"post","link":"https:\/\/www.one.org\/de\/neuigkeiten\/erfahrungen-von-ehemaligem-jugendbotschafter-nikolas-als-un-jugenddelegierter\/","title":{"rendered":"Erfahrungen von ehemaligem Jugendbotschafter Nikolas als UN-Jugenddelegierter"},"content":{"rendered":"<p><em>Hier erz&auml;hlt der ehemalige ONE-Jugendbotschafter Nikolas Karanikolas von seinen Erfahrungen auf einer Deutschlandtour, bei der er mit jungen Menschen bundesweit ins Gespr&auml;ch kam und bei der Generalversammlung der Vereinten Nationen in den New Yorker Headquarters.&nbsp;<\/em><\/p>\n<p>&bdquo;Wir sind die erste Generation, die extreme Armut beenden und wohl die letzte, die den Klimawandel stoppen kann.&nbsp; Wir k&ouml;nnten die Welt ver&auml;ndern, aber wir tun es nicht.&ldquo;<\/p>\n<p>Vor einem Jahr war alles noch ein Traum, der erstaunlich schnell Realit&auml;t wurde. Josephine Hebling und Nikolas Karanikolas sind die deutschen Jugenddelegierten zur UN Generalversammlung 2019 und so das Sprachrohr der in Deutschland lebenden Jugend.<\/p>\n<p>New York: Headquater UN: Das Herz schl&auml;gt nicht nur bis zum Hals, sondern gef&uuml;hlt im gesamten K&ouml;rper. Nikolas tr&auml;gt ein wei&szlig;es T-Shirt auf dem in schwarzen Buchstaben &bdquo;<em>Stop Sexism&ldquo;<\/em> steht. Neben ihm die zweite Jugenddelegierte Josephine, vor ihnen ein Mikrofon und ein Schild mit der Aufschrift Germany. Dahinter erstreckt sich die Generalversammlung der Vereinten Nationen. Der luxemburgische Vorsitzende sagt etwas, zwar versteht man es nicht, aber dann springt das Mikrofon an, die Augen von 193 Staaten richten sich auf die Jugenddelegierten und ihre Rede beginnt.<\/p>\n<p><img decoding=\"async\" loading=\"lazy\" class=\"aligncenter size-large wp-image-148557\" src=\"https:\/\/cdn.one.org\/de\/wp-content\/uploads\/2019\/12\/11161631\/Niko2-640x360.png\" alt=\"\" width=\"593\" height=\"334\"><\/p>\n<h3>T&auml;glich gr&uuml;&szlig;t die Deutschlandtour!<\/h3>\n<p>F&uuml;r die in Deutschland lebende Jugend sprechen? Zwar ein Traum, doch mal kritisch bemerkt: zwei wei&szlig;e, heterosexuelle Studierende &ndash; so manche*r w&uuml;rde sich unter Vielfalt etwas Anderes vorstellen. Ein Riesenproblem, sie sind nicht repr&auml;sentativ. Deshalb haben die Jugenddelegierten eine Deutschlandtour gemacht. Auf dieser haben sie Forderungen der in Deutschland lebenden Jugend gesammelt. &bdquo;Was wir f&uuml;r wichtig halten, spielt keine Rolle. Die Verhandlungen, die Rede &ndash; alles basiert auf Forderungen von jungen Menschen. Auf unserer Deutschlandtour haben wir den Fokus ganz klar auf Vielfalt gerichtet. Unsere Gesellschaft ist bunt und darin liegt unser eigentlicher Schatz&ldquo;, so Nikolas.<\/p>\n<div id=\"attachment_148558\" style=\"width: 603px\" class=\"wp-caption aligncenter\"><img decoding=\"async\" aria-describedby=\"caption-attachment-148558\" loading=\"lazy\" class=\"wp-image-148558 size-large\" src=\"https:\/\/cdn.one.org\/de\/wp-content\/uploads\/2019\/12\/11161636\/Niko3-640x360.jpg\" alt=\"\" width=\"593\" height=\"334\"><\/p>\n<p id=\"caption-attachment-148558\" class=\"wp-caption-text\">(c) SOS Kinderd&ouml;rfer e.V.<span style=\"font-size: 16px\">&nbsp;<\/span><\/p>\n<\/div>\n<p>Die Jugenddelegierten sind daher in &uuml;ber sechs Monaten als eine Art &bdquo;Rockstars der Jugendpartizipation&ldquo; durch Deutschland getourt und haben 36 Stationen besucht sowie &uuml;ber 3.000 Forderungen gesammelt. Die Reise f&uuml;hrte von dem Jugendgef&auml;ngnis Wittlich zum SOS-Kinderdorf bis hin zu dem Bund Muslimischer Pfadfinder und Pfadfinderinnen, um nur einige zu nennen. Kurzer Stopp beim Ausw&auml;rtigen Amt f&uuml;r eine Hospitation und ein Treffen mit Bundesau&szlig;enminister Heiko Maas, bei dem man ihn f&uuml;r die Forderungen sensibilisieren wollte und ab ging es zur UN-Generalversammlung nach New York.<\/p>\n<h3>Schlaflos durch die UN<\/h3>\n<p>Am ersten Tag kurz Fan sein und mit gro&szlig;en Kinderaugen durch die UN laufen &ndash; am zweiten Arbeitstag dann gleich die Rede. Im Saal sind 193 Staaten und im Augenblick der Rede h&ouml;rt die Welt zu. 3.000 Forderungen, 36 Tourstationen und 5 Minuten Redezeit. Die Jugenddelegierten sprechen &uuml;ber ihre Erfahrungen, &uuml;ber Klimawandel und Solidarit&auml;t. &bdquo;Es gibt in Deutschland seit 15 Jahren ein Jugenddelegiertenprogramm und wir k&ouml;nnten ein &lsquo;Best of&rsquo; von Forderungen geben, die nicht ernst genommen wurden und das haben wir halt gesagt&ldquo;, sagen Josephine und Nikolas. &bdquo;Au&szlig;erdem ist es m&ouml;glich extreme Armut, Klimawandel, das Ertrinken von Migrant*Innen oder politische Verfolgung zu stoppen, aber die Staaten tun es nicht &ndash; und das ist die eigentliche Trag&ouml;die&ldquo;. Mit einem Appell, endlich zu handeln, endet die Rede. Rede gehalten, doch jetzt geht&rsquo;s es an die dicken Bretter. In alle Prozesse die Jugendmeinung einbringen, ungem&uuml;tlich sein und den Diplomat*Innen sagen, was auf jeden Fall in die Resolution geh&ouml;rt.<\/p>\n<\/p>\n<h3>Im gef&uuml;hlten Stillstand zwischen den Trumps der Welt<\/h3>\n<p>Jetzt geht es in die Verhandlungen: Aussagen wie &ldquo;Homosexualit&auml;t gibt es nicht&rdquo; und &ldquo;Frauen m&uuml;ssen nicht genannt werden, sie werden ja mitgedacht&rdquo; geh&ouml;ren hier zur Normalit&auml;t. Unsere oft gegens&auml;tzliche Meinung als Jugenddelegierte wird dadurch nicht selten als radikal wahrgenommen.<\/p>\n<p>Nikolas startete eine T-Shirt Aktion und trug jeden Tag ein T-Shirt mit einer politischen Botschaft von Jugendlichen aus Deutschland in der UN. Dass er die Rede in einem T-Shirt, auf dem &bdquo;Stop Sexism&ldquo; stand, halten durfte, war gerade noch an der Grenze, doch am Folgetag wird er aus dem Sicherheitsrat geworfen. Mit einem T-Shirt auf dem &bdquo;Stoppt Waffenlieferungen in Krisengebiete&ldquo; steht, fliegt er nach sieben Sekunden im Raum raus. Doch sieht das der deutsche Botschafter und nimmt eben diesen Appell in seine Rede im Sicherheitsrat mit auf. Josephine durfte im Name aller Jugenddelegierten eine Rede vor dem Generalsekret&auml;r halten und forderte endlich mehr Handeln f&uuml;r den Klimaschutz ein.<\/p>\n<p>&bdquo;Es war gro&szlig;artig, Teil des deutschen Teams zu sein. Deutschland steht auf f&uuml;r Menschenrechte dort, wo es auch andere tun sollten. Ohne Deutschland s&auml;he es um Menschenrechte in der UN deutlich schlechter aus&ldquo; sagten Josephine und Nikolas zu ihrer Zeit bei den Vereinten Nationen.<\/p>\n<p>Nach drei Wochen voller Verhandlungen war der erste Teil des Traums zun&auml;chst vorbei und endete, als das Flugzeug, in dem die Jugenddelegierten sa&szlig;en, wieder Frankfurt erreichte. Nun geht es an den zweiten Teil der Deutschlandtour, die Vorbereitungen f&uuml;r die Sozialentwicklungskommission bei den Vereinten Nationen und an die Auswahl unserer Nachfolger*Innen. Denn auch in Zukunft muss es hei&szlig;en: &bdquo;nichts &uuml;ber die Jugend &ndash; ohne die Jugend.&rdquo;<\/p>\n<p><img decoding=\"async\" loading=\"lazy\" class=\"aligncenter size-large wp-image-148556\" src=\"https:\/\/cdn.one.org\/de\/wp-content\/uploads\/2019\/12\/11161620\/Niko1-640x427.jpg\" alt=\"\" width=\"593\" height=\"396\"><\/p>\n<h3>Klingt nach einer tollen und aufregenden Erfahrung, oder? Du hast da auch Lust drauf? Bis zum 13.01.2020 k&ouml;nnt ihr euch noch als neue UN-Jugenddelegierte f&uuml;r Deutschland bewerben: https:\/\/www.jugenddelegierte.de\/jugenddelegierte\/bewirb-dich<\/h3>\n<div class=\"buffer\"><\/div>","protected":false},"excerpt":{"rendered":"<p>Hier erz&auml;hlt der ehemalige ONE-Jugendbotschafter Nikolas Karanikolas von seinen Erfahrungen auf einer Deutschlandtour, bei der er mit jungen Menschen bundesweit ins Gespr&auml;ch kam und bei der Generalversammlung der Vereinten Nationen in den New Yorker Headquarters.&nbsp; &bdquo;Wir sind die erste Generation, die extreme Armut beenden und wohl die letzte, die den Klimawandel stoppen kann.&nbsp; Wir k&ouml;nnten [&hellip;]<\/p>\n","protected":false},"author":1,"featured_media":169316,"comment_status":"open","ping_status":"open","sticky":false,"template":"","format":"standard","meta":{"_acf_changed":false,"_relevanssi_hide_post":"","_relevanssi_hide_content":"","_relevanssi_pin_for_all":"","_relevanssi_pin_keywords":"","_relevanssi_unpin_keywords":"","_relevanssi_related_keywords":"","_relevanssi_related_include_ids":"","_relevanssi_related_exclude_ids":"","_relevanssi_related_no_append":"","_relevanssi_related_not_related":"","_relevanssi_related_posts":"","_relevanssi_noindex_reason":"","footnotes":""},"categories":[1],"tags":[],"topic":[],"contributor":[35,36],"one_content_audience":[],"one_content_type":[],"one_content_tone":[],"class_list":["post-166944","post","type-post","status-publish","format-standard","has-post-thumbnail","hentry","category-uncategorized","contributor-gast-blogger","contributor-hannah-lang"],"acf":[],"yoast_head":"<!-- This site is optimized with the Yoast SEO Premium plugin v27.1 (Yoast SEO v27.1.1) - https:\/\/yoast.com\/product\/yoast-seo-premium-wordpress\/ -->\n<title>Erfahrungen von ehemaligem Jugendbotschafter Nikolas als UN-Jugenddelegierter - ONE.org Deutschland<\/title>\n<meta name=\"robots\" content=\"index, follow, max-snippet:-1, max-image-preview:large, max-video-preview:-1\" \/>\n<link rel=\"canonical\" href=\"https:\/\/www.one.org\/de\/neuigkeiten\/erfahrungen-von-ehemaligem-jugendbotschafter-nikolas-als-un-jugenddelegierter\/\" \/>\n<meta property=\"og:locale\" content=\"de_DE\" \/>\n<meta property=\"og:type\" content=\"article\" \/>\n<meta property=\"og:title\" content=\"Erfahrungen von ehemaligem Jugendbotschafter Nikolas als UN-Jugenddelegierter\" \/>\n<meta property=\"og:description\" content=\"Mit jungen Menschen deutschlandweit ins Gespr\u00e4ch kommen und ihre Ideen und W\u00fcnsche f\u00fcr die Zukunft bei der UN pr\u00e4sentieren? Gesagt - getan!\" \/>\n<meta property=\"og:url\" content=\"https:\/\/www.one.org\/de\/neuigkeiten\/erfahrungen-von-ehemaligem-jugendbotschafter-nikolas-als-un-jugenddelegierter\/\" \/>\n<meta property=\"og:site_name\" content=\"ONE.org Deutschland\" \/>\n<meta property=\"article:publisher\" content=\"https:\/\/www.facebook.com\/ONEinNederland\" \/>\n<meta property=\"article:published_time\" content=\"2020-01-08T09:55:21+00:00\" \/>\n<meta property=\"article:modified_time\" content=\"2023-09-12T08:30:49+00:00\" \/>\n<meta property=\"og:image\" content=\"https:\/\/cdn.one.org\/de\/wp-content\/uploads\/2019\/12\/11161620\/Niko1.jpg\" \/>\n<meta name=\"author\" content=\"admin\" \/>\n<meta name=\"twitter:card\" content=\"summary_large_image\" \/>\n<meta name=\"twitter:title\" content=\"Erfahrungen von ehemaligem Jugendbotschafter Nikolas als UN-Jugenddelegierter\" \/>\n<meta name=\"twitter:creator\" content=\"@ONENederland\" \/>\n<meta name=\"twitter:site\" content=\"@ONENederland\" \/>\n<meta name=\"twitter:label1\" content=\"Written by\" \/>\n\t<meta name=\"twitter:data1\" content=\"admin\" \/>\n\t<meta name=\"twitter:label2\" content=\"Est. reading time\" \/>\n\t<meta name=\"twitter:data2\" content=\"5 minutes\" \/>\n<script type=\"application\/ld+json\" class=\"yoast-schema-graph\">{\"@context\":\"https:\/\/schema.org\",\"@graph\":[{\"@type\":[\"Article\",\"BlogPosting\"],\"@id\":\"https:\/\/www.one.org\/de\/neuigkeiten\/erfahrungen-von-ehemaligem-jugendbotschafter-nikolas-als-un-jugenddelegierter\/#article\",\"isPartOf\":{\"@id\":\"https:\/\/www.one.org\/de\/neuigkeiten\/erfahrungen-von-ehemaligem-jugendbotschafter-nikolas-als-un-jugenddelegierter\/\"},\"author\":{\"name\":\"admin\",\"@id\":\"https:\/\/www.one.org\/de\/#\/schema\/person\/236ef43a079c36667c3f1de2da8e0838\"},\"headline\":\"Erfahrungen von ehemaligem Jugendbotschafter Nikolas als UN-Jugenddelegierter\",\"datePublished\":\"2020-01-08T09:55:21+00:00\",\"dateModified\":\"2023-09-12T08:30:49+00:00\",\"mainEntityOfPage\":{\"@id\":\"https:\/\/www.one.org\/de\/neuigkeiten\/erfahrungen-von-ehemaligem-jugendbotschafter-nikolas-als-un-jugenddelegierter\/\"},\"wordCount\":965,\"commentCount\":0,\"image\":{\"@id\":\"https:\/\/www.one.org\/de\/neuigkeiten\/erfahrungen-von-ehemaligem-jugendbotschafter-nikolas-als-un-jugenddelegierter\/#primaryimage\"},\"thumbnailUrl\":\"https:\/\/www.one.org\/de\/wp-content\/uploads\/sites\/3\/2020\/01\/Niko1.jpg\",\"inLanguage\":\"de-DE\",\"potentialAction\":[{\"@type\":\"CommentAction\",\"name\":\"Comment\",\"target\":[\"https:\/\/www.one.org\/de\/neuigkeiten\/erfahrungen-von-ehemaligem-jugendbotschafter-nikolas-als-un-jugenddelegierter\/#respond\"]}]},{\"@type\":\"WebPage\",\"@id\":\"https:\/\/www.one.org\/de\/neuigkeiten\/erfahrungen-von-ehemaligem-jugendbotschafter-nikolas-als-un-jugenddelegierter\/\",\"url\":\"https:\/\/www.one.org\/de\/neuigkeiten\/erfahrungen-von-ehemaligem-jugendbotschafter-nikolas-als-un-jugenddelegierter\/\",\"name\":\"Erfahrungen von ehemaligem Jugendbotschafter Nikolas als UN-Jugenddelegierter - ONE.org Deutschland\",\"isPartOf\":{\"@id\":\"https:\/\/www.one.org\/de\/#website\"},\"primaryImageOfPage\":{\"@id\":\"https:\/\/www.one.org\/de\/neuigkeiten\/erfahrungen-von-ehemaligem-jugendbotschafter-nikolas-als-un-jugenddelegierter\/#primaryimage\"},\"image\":{\"@id\":\"https:\/\/www.one.org\/de\/neuigkeiten\/erfahrungen-von-ehemaligem-jugendbotschafter-nikolas-als-un-jugenddelegierter\/#primaryimage\"},\"thumbnailUrl\":\"https:\/\/www.one.org\/de\/wp-content\/uploads\/sites\/3\/2020\/01\/Niko1.jpg\",\"datePublished\":\"2020-01-08T09:55:21+00:00\",\"dateModified\":\"2023-09-12T08:30:49+00:00\",\"author\":{\"@id\":\"https:\/\/www.one.org\/de\/#\/schema\/person\/236ef43a079c36667c3f1de2da8e0838\"},\"breadcrumb\":{\"@id\":\"https:\/\/www.one.org\/de\/neuigkeiten\/erfahrungen-von-ehemaligem-jugendbotschafter-nikolas-als-un-jugenddelegierter\/#breadcrumb\"},\"inLanguage\":\"de-DE\",\"potentialAction\":[{\"@type\":\"ReadAction\",\"target\":[\"https:\/\/www.one.org\/de\/neuigkeiten\/erfahrungen-von-ehemaligem-jugendbotschafter-nikolas-als-un-jugenddelegierter\/\"]}]},{\"@type\":\"ImageObject\",\"inLanguage\":\"de-DE\",\"@id\":\"https:\/\/www.one.org\/de\/neuigkeiten\/erfahrungen-von-ehemaligem-jugendbotschafter-nikolas-als-un-jugenddelegierter\/#primaryimage\",\"url\":\"https:\/\/www.one.org\/de\/wp-content\/uploads\/sites\/3\/2020\/01\/Niko1.jpg\",\"contentUrl\":\"https:\/\/www.one.org\/de\/wp-content\/uploads\/sites\/3\/2020\/01\/Niko1.jpg\",\"width\":1386,\"height\":924},{\"@type\":\"BreadcrumbList\",\"@id\":\"https:\/\/www.one.org\/de\/neuigkeiten\/erfahrungen-von-ehemaligem-jugendbotschafter-nikolas-als-un-jugenddelegierter\/#breadcrumb\",\"itemListElement\":[{\"@type\":\"ListItem\",\"position\":1,\"name\":\"Home\",\"item\":\"https:\/\/www.one.org\/de\/\"},{\"@type\":\"ListItem\",\"position\":2,\"name\":\"Erfahrungen von ehemaligem Jugendbotschafter Nikolas als UN-Jugenddelegierter\"}]},{\"@type\":\"WebSite\",\"@id\":\"https:\/\/www.one.org\/de\/#website\",\"url\":\"https:\/\/www.one.org\/de\/\",\"name\":\"ONE.org\",\"description\":\"F\u00fcr mehr wirtschaftliche Chancen und ein starkes Gesundheitswesen in Afrika\",\"potentialAction\":[{\"@type\":\"SearchAction\",\"target\":{\"@type\":\"EntryPoint\",\"urlTemplate\":\"https:\/\/www.one.org\/de\/?s={search_term_string}\"},\"query-input\":{\"@type\":\"PropertyValueSpecification\",\"valueRequired\":true,\"valueName\":\"search_term_string\"}}],\"inLanguage\":\"de-DE\"},{\"@type\":\"Person\",\"@id\":\"https:\/\/www.one.org\/de\/#\/schema\/person\/236ef43a079c36667c3f1de2da8e0838\",\"name\":\"admin\",\"image\":{\"@type\":\"ImageObject\",\"inLanguage\":\"de-DE\",\"@id\":\"https:\/\/www.one.org\/de\/#\/schema\/person\/image\/\",\"url\":\"https:\/\/secure.gravatar.com\/avatar\/2b4204681b789d34ede86a735f8b6378df901f7f7ab7a9ca89af4670b2bb13b8?s=96&d=mm&r=g\",\"contentUrl\":\"https:\/\/secure.gravatar.com\/avatar\/2b4204681b789d34ede86a735f8b6378df901f7f7ab7a9ca89af4670b2bb13b8?s=96&d=mm&r=g\",\"caption\":\"admin\"},\"sameAs\":[\"http:\/\/www.one.org\"],\"url\":\"https:\/\/www.one.org\/de\/neuigkeiten\/author\/admin\/\"}]}<\/script>\n<!-- \/ Yoast SEO Premium plugin. -->","yoast_head_json":{"title":"Erfahrungen von ehemaligem Jugendbotschafter Nikolas als UN-Jugenddelegierter - ONE.org Deutschland","robots":{"index":"index","follow":"follow","max-snippet":"max-snippet:-1","max-image-preview":"max-image-preview:large","max-video-preview":"max-video-preview:-1"},"canonical":"https:\/\/www.one.org\/de\/neuigkeiten\/erfahrungen-von-ehemaligem-jugendbotschafter-nikolas-als-un-jugenddelegierter\/","og_locale":"de_DE","og_type":"article","og_title":"Erfahrungen von ehemaligem Jugendbotschafter Nikolas als UN-Jugenddelegierter","og_description":"Mit jungen Menschen deutschlandweit ins Gespr\u00e4ch kommen und ihre Ideen und W\u00fcnsche f\u00fcr die Zukunft bei der UN pr\u00e4sentieren? Gesagt - getan!","og_url":"https:\/\/www.one.org\/de\/neuigkeiten\/erfahrungen-von-ehemaligem-jugendbotschafter-nikolas-als-un-jugenddelegierter\/","og_site_name":"ONE.org Deutschland","article_publisher":"https:\/\/www.facebook.com\/ONEinNederland","article_published_time":"2020-01-08T09:55:21+00:00","article_modified_time":"2023-09-12T08:30:49+00:00","og_image":[{"url":"https:\/\/cdn.one.org\/de\/wp-content\/uploads\/2019\/12\/11161620\/Niko1.jpg","type":"","width":"","height":""}],"author":"admin","twitter_card":"summary_large_image","twitter_title":"Erfahrungen von ehemaligem Jugendbotschafter Nikolas als UN-Jugenddelegierter","twitter_creator":"@ONENederland","twitter_site":"@ONENederland","twitter_misc":{"Written by":"admin","Est. reading time":"5 minutes"},"schema":{"@context":"https:\/\/schema.org","@graph":[{"@type":["Article","BlogPosting"],"@id":"https:\/\/www.one.org\/de\/neuigkeiten\/erfahrungen-von-ehemaligem-jugendbotschafter-nikolas-als-un-jugenddelegierter\/#article","isPartOf":{"@id":"https:\/\/www.one.org\/de\/neuigkeiten\/erfahrungen-von-ehemaligem-jugendbotschafter-nikolas-als-un-jugenddelegierter\/"},"author":{"name":"admin","@id":"https:\/\/www.one.org\/de\/#\/schema\/person\/236ef43a079c36667c3f1de2da8e0838"},"headline":"Erfahrungen von ehemaligem Jugendbotschafter Nikolas als UN-Jugenddelegierter","datePublished":"2020-01-08T09:55:21+00:00","dateModified":"2023-09-12T08:30:49+00:00","mainEntityOfPage":{"@id":"https:\/\/www.one.org\/de\/neuigkeiten\/erfahrungen-von-ehemaligem-jugendbotschafter-nikolas-als-un-jugenddelegierter\/"},"wordCount":965,"commentCount":0,"image":{"@id":"https:\/\/www.one.org\/de\/neuigkeiten\/erfahrungen-von-ehemaligem-jugendbotschafter-nikolas-als-un-jugenddelegierter\/#primaryimage"},"thumbnailUrl":"https:\/\/www.one.org\/de\/wp-content\/uploads\/sites\/3\/2020\/01\/Niko1.jpg","inLanguage":"de-DE","potentialAction":[{"@type":"CommentAction","name":"Comment","target":["https:\/\/www.one.org\/de\/neuigkeiten\/erfahrungen-von-ehemaligem-jugendbotschafter-nikolas-als-un-jugenddelegierter\/#respond"]}]},{"@type":"WebPage","@id":"https:\/\/www.one.org\/de\/neuigkeiten\/erfahrungen-von-ehemaligem-jugendbotschafter-nikolas-als-un-jugenddelegierter\/","url":"https:\/\/www.one.org\/de\/neuigkeiten\/erfahrungen-von-ehemaligem-jugendbotschafter-nikolas-als-un-jugenddelegierter\/","name":"Erfahrungen von ehemaligem Jugendbotschafter Nikolas als UN-Jugenddelegierter - ONE.org Deutschland","isPartOf":{"@id":"https:\/\/www.one.org\/de\/#website"},"primaryImageOfPage":{"@id":"https:\/\/www.one.org\/de\/neuigkeiten\/erfahrungen-von-ehemaligem-jugendbotschafter-nikolas-als-un-jugenddelegierter\/#primaryimage"},"image":{"@id":"https:\/\/www.one.org\/de\/neuigkeiten\/erfahrungen-von-ehemaligem-jugendbotschafter-nikolas-als-un-jugenddelegierter\/#primaryimage"},"thumbnailUrl":"https:\/\/www.one.org\/de\/wp-content\/uploads\/sites\/3\/2020\/01\/Niko1.jpg","datePublished":"2020-01-08T09:55:21+00:00","dateModified":"2023-09-12T08:30:49+00:00","author":{"@id":"https:\/\/www.one.org\/de\/#\/schema\/person\/236ef43a079c36667c3f1de2da8e0838"},"breadcrumb":{"@id":"https:\/\/www.one.org\/de\/neuigkeiten\/erfahrungen-von-ehemaligem-jugendbotschafter-nikolas-als-un-jugenddelegierter\/#breadcrumb"},"inLanguage":"de-DE","potentialAction":[{"@type":"ReadAction","target":["https:\/\/www.one.org\/de\/neuigkeiten\/erfahrungen-von-ehemaligem-jugendbotschafter-nikolas-als-un-jugenddelegierter\/"]}]},{"@type":"ImageObject","inLanguage":"de-DE","@id":"https:\/\/www.one.org\/de\/neuigkeiten\/erfahrungen-von-ehemaligem-jugendbotschafter-nikolas-als-un-jugenddelegierter\/#primaryimage","url":"https:\/\/www.one.org\/de\/wp-content\/uploads\/sites\/3\/2020\/01\/Niko1.jpg","contentUrl":"https:\/\/www.one.org\/de\/wp-content\/uploads\/sites\/3\/2020\/01\/Niko1.jpg","width":1386,"height":924},{"@type":"BreadcrumbList","@id":"https:\/\/www.one.org\/de\/neuigkeiten\/erfahrungen-von-ehemaligem-jugendbotschafter-nikolas-als-un-jugenddelegierter\/#breadcrumb","itemListElement":[{"@type":"ListItem","position":1,"name":"Home","item":"https:\/\/www.one.org\/de\/"},{"@type":"ListItem","position":2,"name":"Erfahrungen von ehemaligem Jugendbotschafter Nikolas als UN-Jugenddelegierter"}]},{"@type":"WebSite","@id":"https:\/\/www.one.org\/de\/#website","url":"https:\/\/www.one.org\/de\/","name":"ONE.org","description":"F\u00fcr mehr wirtschaftliche Chancen und ein starkes Gesundheitswesen in Afrika","potentialAction":[{"@type":"SearchAction","target":{"@type":"EntryPoint","urlTemplate":"https:\/\/www.one.org\/de\/?s={search_term_string}"},"query-input":{"@type":"PropertyValueSpecification","valueRequired":true,"valueName":"search_term_string"}}],"inLanguage":"de-DE"},{"@type":"Person","@id":"https:\/\/www.one.org\/de\/#\/schema\/person\/236ef43a079c36667c3f1de2da8e0838","name":"admin","image":{"@type":"ImageObject","inLanguage":"de-DE","@id":"https:\/\/www.one.org\/de\/#\/schema\/person\/image\/","url":"https:\/\/secure.gravatar.com\/avatar\/2b4204681b789d34ede86a735f8b6378df901f7f7ab7a9ca89af4670b2bb13b8?s=96&d=mm&r=g","contentUrl":"https:\/\/secure.gravatar.com\/avatar\/2b4204681b789d34ede86a735f8b6378df901f7f7ab7a9ca89af4670b2bb13b8?s=96&d=mm&r=g","caption":"admin"},"sameAs":["http:\/\/www.one.org"],"url":"https:\/\/www.one.org\/de\/neuigkeiten\/author\/admin\/"}]}},"distributor_meta":false,"distributor_terms":false,"distributor_media":false,"distributor_original_site_name":"ONE.org Deutschland","distributor_original_site_url":"https:\/\/www.one.org\/de","push-errors":false,"_links":{"self":[{"href":"https:\/\/www.one.org\/de\/wp-json\/wp\/v2\/posts\/166944","targetHints":{"allow":["GET"]}}],"collection":[{"href":"https:\/\/www.one.org\/de\/wp-json\/wp\/v2\/posts"}],"about":[{"href":"https:\/\/www.one.org\/de\/wp-json\/wp\/v2\/types\/post"}],"author":[{"embeddable":true,"href":"https:\/\/www.one.org\/de\/wp-json\/wp\/v2\/users\/1"}],"replies":[{"embeddable":true,"href":"https:\/\/www.one.org\/de\/wp-json\/wp\/v2\/comments?post=166944"}],"version-history":[{"count":0,"href":"https:\/\/www.one.org\/de\/wp-json\/wp\/v2\/posts\/166944\/revisions"}],"wp:featuredmedia":[{"embeddable":true,"href":"https:\/\/www.one.org\/de\/wp-json\/wp\/v2\/media\/169316"}],"wp:attachment":[{"href":"https:\/\/www.one.org\/de\/wp-json\/wp\/v2\/media?parent=166944"}],"wp:term":[{"taxonomy":"category","embeddable":true,"href":"https:\/\/www.one.org\/de\/wp-json\/wp\/v2\/categories?post=166944"},{"taxonomy":"post_tag","embeddable":true,"href":"https:\/\/www.one.org\/de\/wp-json\/wp\/v2\/tags?post=166944"},{"taxonomy":"topic","embeddable":true,"href":"https:\/\/www.one.org\/de\/wp-json\/wp\/v2\/topic?post=166944"},{"taxonomy":"contributor","embeddable":true,"href":"https:\/\/www.one.org\/de\/wp-json\/wp\/v2\/contributor?post=166944"},{"taxonomy":"one_content_audience","embeddable":true,"href":"https:\/\/www.one.org\/de\/wp-json\/wp\/v2\/one_content_audience?post=166944"},{"taxonomy":"one_content_type","embeddable":true,"href":"https:\/\/www.one.org\/de\/wp-json\/wp\/v2\/one_content_type?post=166944"},{"taxonomy":"one_content_tone","embeddable":true,"href":"https:\/\/www.one.org\/de\/wp-json\/wp\/v2\/one_content_tone?post=166944"}],"curies":[{"name":"wp","href":"https:\/\/api.w.org\/{rel}","templated":true}]}}